{"id":82530,"date":"2022-03-18T09:00:07","date_gmt":"2022-03-18T13:00:07","guid":{"rendered":"https:\/\/recursing-golick.147-182-135-0.plesk.page\/?p=82530"},"modified":"2022-03-18T09:27:53","modified_gmt":"2022-03-18T13:27:53","slug":"reflects-de-lamour-de-dieu","status":"publish","type":"post","link":"https:\/\/interamerica.org\/fr\/2022\/03\/reflects-de-lamour-de-dieu\/","title":{"rendered":"Reflects de l&rsquo;amour de Dieu"},"content":{"rendered":"<p><em>Ci-dessous, une retranscription d\u2019un message adress\u00e9 \u00e0 l\u2019\u00c9glise adventiste du septi\u00e8me jour par le pr\u00e9sident de la Division Inter Am\u00e9ricaine, Elie Henry \u2013 \u00c9quipe de Presse de la DIA<\/em><\/p>\n<p>18 mars 2022 | Miami, Florida, \u00c9tats-Unis, | Elie Henry, pr\u00e9sident de l\u2019\u00c9glise Adventiste du Septi\u00e8me jour en Inter Am\u00e9rique<\/p>\n<p><span style=\"font-weight: 400;\">Bonjour, je suis heureux de vous accueillir une fois de plus, en ce samedi tr\u00e8s sp\u00e9cial o\u00f9 l&rsquo;\u00e9glise adventiste du septi\u00e8me jour du monde entier c\u00e9l\u00e8bre la Journ\u00e9e mondiale de l&rsquo;enfance et la Journ\u00e9e mondiale de la jeunesse.<\/span><\/p>\n<p><span style=\"font-weight: 400;\">Comme c&rsquo;est d\u00e9j\u00e0 la tradition, nous nous unissons aux petits et aux jeunes pour promouvoir et pratiquer le service ; dans l&rsquo;aide aux plus d\u00e9munis.<\/span><span style=\"font-weight: 400;\">\u00a0<\/span><\/p>\n<p><span style=\"font-weight: 400;\">Si nous combinons les th\u00e8mes que les minist\u00e8res des enfants et des jeunes ont choisis, nous avons un message tr\u00e8s puissant : \u00ab Aimer les oubli\u00e9s \u00bb et \u00ab Servir avec le c\u0153ur \u00bb. Ils se rendent compte? \u00c0 partir de ces sujets, nous pouvons obtenir tout un sermon, et c&rsquo;est ce que les enfants et les jeunes ont choisi : \u00eatre eux-m\u00eames le sermon qu&rsquo;ils pr\u00eacheront dans les rues, dans les orphelinats, les h\u00f4pitaux, les fronti\u00e8res, les centres de refuge et bien d&rsquo;autres endroits.<\/span><\/p>\n<p><span style=\"font-weight: 400;\">En raison des diff\u00e9rentes crises que nous traversons aujourd&rsquo;hui, le monde est dans le chaos et des millions de personnes souffrent et vivent dans l&rsquo;oubli et l&rsquo;incertitude. D&rsquo;autres pensent \u00e0 la consommation, au plaisir, aux vices et aux loisirs, des incitations apparentes qui ne les m\u00e8nent nulle part.<\/span><\/p>\n<p><span style=\"font-weight: 400;\">Mais quelle b\u00e9n\u00e9diction c&rsquo;est de voir les enfants et les jeunes de notre \u00e9glise c\u00e9l\u00e9brer leur journ\u00e9e, avec la pr\u00e9misse d&rsquo;aider, d&rsquo;\u00eatre des exemples de fid\u00e9lit\u00e9 et des reflets de l&rsquo;amour de Dieu.<\/span><span style=\"font-weight: 400;\">\u00a0<\/span><\/p>\n<p><span style=\"font-weight: 400;\">L&rsquo;ap\u00f4tre Paul, dans sa premi\u00e8re lettre \u00e0 Timoth\u00e9e, a laiss\u00e9 un conseil tr\u00e8s appropri\u00e9 :<\/span><\/p>\n<p><span style=\"font-weight: 400;\">\u00ab\u00a0Que personne ne m\u00e9prise ta jeunesse; mais sois un mod\u00e8le pour les fid\u00e8les, en parole, en conduite, en charit\u00e9, en foi, en puret\u00e9.\u00a0\u00bb (1 Timoth\u00e9e 4:12)<\/span><\/p>\n<p><span style=\"font-weight: 400;\">F\u00e9licitations les enfants et les jeunes pour votre journ\u00e9e, toute l&rsquo;\u00e9glise se rassemble pour prier et vous accompagner dans ce travail d&rsquo;aimer les oubli\u00e9s et de servir du fond du c\u0153ur.<\/span><\/p>\n<p><span style=\"font-weight: 400;\">\u00a0<\/span><\/p>\n<p><span style=\"font-weight: 400;\">Bon Sabbat<\/span><\/p>\n<p>&nbsp;<\/p>\n<p><iframe title=\"Reflets de\u00b4l Amour de Dieu \/ Pasteur Elie Henry\" width=\"500\" height=\"281\" src=\"https:\/\/www.youtube.com\/embed\/fZ_cEATU34c?feature=oembed\" frameborder=\"0\" allow=\"accelerometer; autoplay; clipboard-write; encrypted-media; gyroscope; picture-in-picture; web-share\" referrerpolicy=\"strict-origin-when-cross-origin\" allowfullscreen><\/iframe><\/p>\n","protected":false},"excerpt":{"rendered":"<p>Ci-dessous, une retranscription d\u2019un message adress\u00e9 \u00e0 l\u2019\u00c9glise adventiste du septi\u00e8me jour par le pr\u00e9sident de la Division Inter Am\u00e9ricaine, Elie Henry \u2013 \u00c9quipe de Presse de la DIA 18&#8230;<\/p>\n","protected":false},"author":3,"featured_media":82600,"comment_status":"closed","ping_status":"closed","sticky":false,"template":"","format":"standard","meta":{"_acf_changed":false,"footnotes":""},"categories":[20,19],"tags":[],"class_list":["post-82530","post","type-post","status-publish","format-standard","has-post-thumbnail","hentry","category-nouvelles-du-siege-de-la-division","category-rss-francais"],"acf":[],"yoast_head":"<!-- This site is optimized with the Yoast SEO plugin v27.3 - https:\/\/yoast.com\/product\/yoast-seo-wordpress\/ -->\n<title>Reflects de l&#039;amour de Dieu - \u00c9glise Adventiste Du Septieme Jour - Inter Am\u00e9rique Division<\/title>\n<meta name=\"robots\" content=\"index, follow, max-snippet:-1, max-image-preview:large, max-video-preview:-1\" \/>\n<link rel=\"canonical\" href=\"https:\/\/interamerica.org\/fr\/2022\/03\/reflects-de-lamour-de-dieu\/\" \/>\n<meta property=\"og:locale\" content=\"fr_FR\" \/>\n<meta property=\"og:type\" content=\"article\" \/>\n<meta property=\"og:title\" content=\"Reflects de l&#039;amour de Dieu - \u00c9glise Adventiste Du Septieme Jour - Inter Am\u00e9rique Division\" \/>\n<meta property=\"og:description\" content=\"Ci-dessous, une retranscription d\u2019un message adress\u00e9 \u00e0 l\u2019\u00c9glise adventiste du septi\u00e8me jour par le pr\u00e9sident de la Division Inter Am\u00e9ricaine, Elie Henry \u2013 \u00c9quipe de Presse de la DIA 18...\" \/>\n<meta property=\"og:url\" content=\"https:\/\/interamerica.org\/fr\/2022\/03\/reflects-de-lamour-de-dieu\/\" \/>\n<meta property=\"og:site_name\" content=\"\u00c9glise Adventiste Du Septieme Jour - Inter Am\u00e9rique Division\" \/>\n<meta property=\"article:published_time\" content=\"2022-03-18T13:00:07+00:00\" \/>\n<meta property=\"article:modified_time\" content=\"2022-03-18T13:27:53+00:00\" \/>\n<meta property=\"og:image\" content=\"https:\/\/interamerica.org\/wp-content\/uploads\/2022\/03\/elie-henry-mar18-french.png\" \/>\n\t<meta property=\"og:image:width\" content=\"1000\" \/>\n\t<meta property=\"og:image:height\" content=\"562\" \/>\n\t<meta property=\"og:image:type\" content=\"image\/png\" \/>\n<meta name=\"author\" content=\"libna\" \/>\n<meta name=\"twitter:card\" content=\"summary_large_image\" \/>\n<meta name=\"twitter:label1\" content=\"\u00c9crit par\" \/>\n\t<meta name=\"twitter:data1\" content=\"libna\" \/>\n\t<meta name=\"twitter:label2\" content=\"Dur\u00e9e de lecture estim\u00e9e\" \/>\n\t<meta name=\"twitter:data2\" content=\"2 minutes\" \/>\n<script type=\"application\/ld+json\" class=\"yoast-schema-graph\">{\"@context\":\"https:\\\/\\\/schema.org\",\"@graph\":[{\"@type\":\"Article\",\"@id\":\"https:\\\/\\\/interamerica.org\\\/fr\\\/2022\\\/03\\\/reflects-de-lamour-de-dieu\\\/#article\",\"isPartOf\":{\"@id\":\"https:\\\/\\\/interamerica.org\\\/fr\\\/2022\\\/03\\\/reflects-de-lamour-de-dieu\\\/\"},\"author\":{\"name\":\"libna\",\"@id\":\"https:\\\/\\\/interamerica.org\\\/fr\\\/#\\\/schema\\\/person\\\/29998f2bc2d8bd0d38662909289b54f1\"},\"headline\":\"Reflects de l&rsquo;amour de Dieu\",\"datePublished\":\"2022-03-18T13:00:07+00:00\",\"dateModified\":\"2022-03-18T13:27:53+00:00\",\"mainEntityOfPage\":{\"@id\":\"https:\\\/\\\/interamerica.org\\\/fr\\\/2022\\\/03\\\/reflects-de-lamour-de-dieu\\\/\"},\"wordCount\":423,\"image\":{\"@id\":\"https:\\\/\\\/interamerica.org\\\/fr\\\/2022\\\/03\\\/reflects-de-lamour-de-dieu\\\/#primaryimage\"},\"thumbnailUrl\":\"https:\\\/\\\/interamerica.org\\\/wp-content\\\/uploads\\\/2022\\\/03\\\/elie-henry-mar18-french.png\",\"articleSection\":[\"Nouvelles du si\u00e8ge de la division\",\"RSS Fran\u00e7ais\"],\"inLanguage\":\"fr-FR\"},{\"@type\":\"WebPage\",\"@id\":\"https:\\\/\\\/interamerica.org\\\/fr\\\/2022\\\/03\\\/reflects-de-lamour-de-dieu\\\/\",\"url\":\"https:\\\/\\\/interamerica.org\\\/fr\\\/2022\\\/03\\\/reflects-de-lamour-de-dieu\\\/\",\"name\":\"Reflects de l'amour de Dieu - \u00c9glise Adventiste Du Septieme Jour - Inter Am\u00e9rique Division\",\"isPartOf\":{\"@id\":\"https:\\\/\\\/interamerica.org\\\/fr\\\/#website\"},\"primaryImageOfPage\":{\"@id\":\"https:\\\/\\\/interamerica.org\\\/fr\\\/2022\\\/03\\\/reflects-de-lamour-de-dieu\\\/#primaryimage\"},\"image\":{\"@id\":\"https:\\\/\\\/interamerica.org\\\/fr\\\/2022\\\/03\\\/reflects-de-lamour-de-dieu\\\/#primaryimage\"},\"thumbnailUrl\":\"https:\\\/\\\/interamerica.org\\\/wp-content\\\/uploads\\\/2022\\\/03\\\/elie-henry-mar18-french.png\",\"datePublished\":\"2022-03-18T13:00:07+00:00\",\"dateModified\":\"2022-03-18T13:27:53+00:00\",\"author\":{\"@id\":\"https:\\\/\\\/interamerica.org\\\/fr\\\/#\\\/schema\\\/person\\\/29998f2bc2d8bd0d38662909289b54f1\"},\"breadcrumb\":{\"@id\":\"https:\\\/\\\/interamerica.org\\\/fr\\\/2022\\\/03\\\/reflects-de-lamour-de-dieu\\\/#breadcrumb\"},\"inLanguage\":\"fr-FR\",\"potentialAction\":[{\"@type\":\"ReadAction\",\"target\":[\"https:\\\/\\\/interamerica.org\\\/fr\\\/2022\\\/03\\\/reflects-de-lamour-de-dieu\\\/\"]}]},{\"@type\":\"ImageObject\",\"inLanguage\":\"fr-FR\",\"@id\":\"https:\\\/\\\/interamerica.org\\\/fr\\\/2022\\\/03\\\/reflects-de-lamour-de-dieu\\\/#primaryimage\",\"url\":\"https:\\\/\\\/interamerica.org\\\/wp-content\\\/uploads\\\/2022\\\/03\\\/elie-henry-mar18-french.png\",\"contentUrl\":\"https:\\\/\\\/interamerica.org\\\/wp-content\\\/uploads\\\/2022\\\/03\\\/elie-henry-mar18-french.png\",\"width\":1000,\"height\":562},{\"@type\":\"BreadcrumbList\",\"@id\":\"https:\\\/\\\/interamerica.org\\\/fr\\\/2022\\\/03\\\/reflects-de-lamour-de-dieu\\\/#breadcrumb\",\"itemListElement\":[{\"@type\":\"ListItem\",\"position\":1,\"name\":\"Home\",\"item\":\"https:\\\/\\\/interamerica.org\\\/fr\\\/\"},{\"@type\":\"ListItem\",\"position\":2,\"name\":\"Reflects de l&rsquo;amour de Dieu\"}]},{\"@type\":\"WebSite\",\"@id\":\"https:\\\/\\\/interamerica.org\\\/fr\\\/#website\",\"url\":\"https:\\\/\\\/interamerica.org\\\/fr\\\/\",\"name\":\"\u00c9glise Adventiste Du Septieme Jour - Inter Am\u00e9rique Division\",\"description\":\"\",\"potentialAction\":[{\"@type\":\"SearchAction\",\"target\":{\"@type\":\"EntryPoint\",\"urlTemplate\":\"https:\\\/\\\/interamerica.org\\\/fr\\\/?s={search_term_string}\"},\"query-input\":{\"@type\":\"PropertyValueSpecification\",\"valueRequired\":true,\"valueName\":\"search_term_string\"}}],\"inLanguage\":\"fr-FR\"},{\"@type\":\"Person\",\"@id\":\"https:\\\/\\\/interamerica.org\\\/fr\\\/#\\\/schema\\\/person\\\/29998f2bc2d8bd0d38662909289b54f1\",\"name\":\"libna\",\"image\":{\"@type\":\"ImageObject\",\"inLanguage\":\"fr-FR\",\"@id\":\"https:\\\/\\\/secure.gravatar.com\\\/avatar\\\/7c5bd30ae4b47a9ba3c856590957fd1d96dc588bf3ac05719d247e126840331f?s=96&d=mm&r=g\",\"url\":\"https:\\\/\\\/secure.gravatar.com\\\/avatar\\\/7c5bd30ae4b47a9ba3c856590957fd1d96dc588bf3ac05719d247e126840331f?s=96&d=mm&r=g\",\"contentUrl\":\"https:\\\/\\\/secure.gravatar.com\\\/avatar\\\/7c5bd30ae4b47a9ba3c856590957fd1d96dc588bf3ac05719d247e126840331f?s=96&d=mm&r=g\",\"caption\":\"libna\"}}]}<\/script>\n<!-- \/ Yoast SEO plugin. -->","yoast_head_json":{"title":"Reflects de l'amour de Dieu - \u00c9glise Adventiste Du Septieme Jour - Inter Am\u00e9rique Division","robots":{"index":"index","follow":"follow","max-snippet":"max-snippet:-1","max-image-preview":"max-image-preview:large","max-video-preview":"max-video-preview:-1"},"canonical":"https:\/\/interamerica.org\/fr\/2022\/03\/reflects-de-lamour-de-dieu\/","og_locale":"fr_FR","og_type":"article","og_title":"Reflects de l'amour de Dieu - \u00c9glise Adventiste Du Septieme Jour - Inter Am\u00e9rique Division","og_description":"Ci-dessous, une retranscription d\u2019un message adress\u00e9 \u00e0 l\u2019\u00c9glise adventiste du septi\u00e8me jour par le pr\u00e9sident de la Division Inter Am\u00e9ricaine, Elie Henry \u2013 \u00c9quipe de Presse de la DIA 18...","og_url":"https:\/\/interamerica.org\/fr\/2022\/03\/reflects-de-lamour-de-dieu\/","og_site_name":"\u00c9glise Adventiste Du Septieme Jour - Inter Am\u00e9rique Division","article_published_time":"2022-03-18T13:00:07+00:00","article_modified_time":"2022-03-18T13:27:53+00:00","og_image":[{"width":1000,"height":562,"url":"https:\/\/interamerica.org\/wp-content\/uploads\/2022\/03\/elie-henry-mar18-french.png","type":"image\/png"}],"author":"libna","twitter_card":"summary_large_image","twitter_misc":{"\u00c9crit par":"libna","Dur\u00e9e de lecture estim\u00e9e":"2 minutes"},"schema":{"@context":"https:\/\/schema.org","@graph":[{"@type":"Article","@id":"https:\/\/interamerica.org\/fr\/2022\/03\/reflects-de-lamour-de-dieu\/#article","isPartOf":{"@id":"https:\/\/interamerica.org\/fr\/2022\/03\/reflects-de-lamour-de-dieu\/"},"author":{"name":"libna","@id":"https:\/\/interamerica.org\/fr\/#\/schema\/person\/29998f2bc2d8bd0d38662909289b54f1"},"headline":"Reflects de l&rsquo;amour de Dieu","datePublished":"2022-03-18T13:00:07+00:00","dateModified":"2022-03-18T13:27:53+00:00","mainEntityOfPage":{"@id":"https:\/\/interamerica.org\/fr\/2022\/03\/reflects-de-lamour-de-dieu\/"},"wordCount":423,"image":{"@id":"https:\/\/interamerica.org\/fr\/2022\/03\/reflects-de-lamour-de-dieu\/#primaryimage"},"thumbnailUrl":"https:\/\/interamerica.org\/wp-content\/uploads\/2022\/03\/elie-henry-mar18-french.png","articleSection":["Nouvelles du si\u00e8ge de la division","RSS Fran\u00e7ais"],"inLanguage":"fr-FR"},{"@type":"WebPage","@id":"https:\/\/interamerica.org\/fr\/2022\/03\/reflects-de-lamour-de-dieu\/","url":"https:\/\/interamerica.org\/fr\/2022\/03\/reflects-de-lamour-de-dieu\/","name":"Reflects de l'amour de Dieu - \u00c9glise Adventiste Du Septieme Jour - Inter Am\u00e9rique Division","isPartOf":{"@id":"https:\/\/interamerica.org\/fr\/#website"},"primaryImageOfPage":{"@id":"https:\/\/interamerica.org\/fr\/2022\/03\/reflects-de-lamour-de-dieu\/#primaryimage"},"image":{"@id":"https:\/\/interamerica.org\/fr\/2022\/03\/reflects-de-lamour-de-dieu\/#primaryimage"},"thumbnailUrl":"https:\/\/interamerica.org\/wp-content\/uploads\/2022\/03\/elie-henry-mar18-french.png","datePublished":"2022-03-18T13:00:07+00:00","dateModified":"2022-03-18T13:27:53+00:00","author":{"@id":"https:\/\/interamerica.org\/fr\/#\/schema\/person\/29998f2bc2d8bd0d38662909289b54f1"},"breadcrumb":{"@id":"https:\/\/interamerica.org\/fr\/2022\/03\/reflects-de-lamour-de-dieu\/#breadcrumb"},"inLanguage":"fr-FR","potentialAction":[{"@type":"ReadAction","target":["https:\/\/interamerica.org\/fr\/2022\/03\/reflects-de-lamour-de-dieu\/"]}]},{"@type":"ImageObject","inLanguage":"fr-FR","@id":"https:\/\/interamerica.org\/fr\/2022\/03\/reflects-de-lamour-de-dieu\/#primaryimage","url":"https:\/\/interamerica.org\/wp-content\/uploads\/2022\/03\/elie-henry-mar18-french.png","contentUrl":"https:\/\/interamerica.org\/wp-content\/uploads\/2022\/03\/elie-henry-mar18-french.png","width":1000,"height":562},{"@type":"BreadcrumbList","@id":"https:\/\/interamerica.org\/fr\/2022\/03\/reflects-de-lamour-de-dieu\/#breadcrumb","itemListElement":[{"@type":"ListItem","position":1,"name":"Home","item":"https:\/\/interamerica.org\/fr\/"},{"@type":"ListItem","position":2,"name":"Reflects de l&rsquo;amour de Dieu"}]},{"@type":"WebSite","@id":"https:\/\/interamerica.org\/fr\/#website","url":"https:\/\/interamerica.org\/fr\/","name":"\u00c9glise Adventiste Du Septieme Jour - Inter Am\u00e9rique Division","description":"","potentialAction":[{"@type":"SearchAction","target":{"@type":"EntryPoint","urlTemplate":"https:\/\/interamerica.org\/fr\/?s={search_term_string}"},"query-input":{"@type":"PropertyValueSpecification","valueRequired":true,"valueName":"search_term_string"}}],"inLanguage":"fr-FR"},{"@type":"Person","@id":"https:\/\/interamerica.org\/fr\/#\/schema\/person\/29998f2bc2d8bd0d38662909289b54f1","name":"libna","image":{"@type":"ImageObject","inLanguage":"fr-FR","@id":"https:\/\/secure.gravatar.com\/avatar\/7c5bd30ae4b47a9ba3c856590957fd1d96dc588bf3ac05719d247e126840331f?s=96&d=mm&r=g","url":"https:\/\/secure.gravatar.com\/avatar\/7c5bd30ae4b47a9ba3c856590957fd1d96dc588bf3ac05719d247e126840331f?s=96&d=mm&r=g","contentUrl":"https:\/\/secure.gravatar.com\/avatar\/7c5bd30ae4b47a9ba3c856590957fd1d96dc588bf3ac05719d247e126840331f?s=96&d=mm&r=g","caption":"libna"}}]}},"_links":{"self":[{"href":"https:\/\/interamerica.org\/fr\/wp-json\/wp\/v2\/posts\/82530","targetHints":{"allow":["GET"]}}],"collection":[{"href":"https:\/\/interamerica.org\/fr\/wp-json\/wp\/v2\/posts"}],"about":[{"href":"https:\/\/interamerica.org\/fr\/wp-json\/wp\/v2\/types\/post"}],"author":[{"embeddable":true,"href":"https:\/\/interamerica.org\/fr\/wp-json\/wp\/v2\/users\/3"}],"replies":[{"embeddable":true,"href":"https:\/\/interamerica.org\/fr\/wp-json\/wp\/v2\/comments?post=82530"}],"version-history":[{"count":0,"href":"https:\/\/interamerica.org\/fr\/wp-json\/wp\/v2\/posts\/82530\/revisions"}],"wp:featuredmedia":[{"embeddable":true,"href":"https:\/\/interamerica.org\/fr\/wp-json\/wp\/v2\/media\/82600"}],"wp:attachment":[{"href":"https:\/\/interamerica.org\/fr\/wp-json\/wp\/v2\/media?parent=82530"}],"wp:term":[{"taxonomy":"category","embeddable":true,"href":"https:\/\/interamerica.org\/fr\/wp-json\/wp\/v2\/categories?post=82530"},{"taxonomy":"post_tag","embeddable":true,"href":"https:\/\/interamerica.org\/fr\/wp-json\/wp\/v2\/tags?post=82530"}],"curies":[{"name":"wp","href":"https:\/\/api.w.org\/{rel}","templated":true}]}}