{"id":82535,"date":"2022-03-15T11:24:27","date_gmt":"2022-03-15T15:24:27","guid":{"rendered":"https:\/\/recursing-golick.147-182-135-0.plesk.page\/?p=82535"},"modified":"2022-03-16T11:34:54","modified_gmt":"2022-03-16T15:34:54","slug":"lancement-virtuel-dun-programme-intentionnel-visant-a-atteindre-les-jeunes","status":"publish","type":"post","link":"https:\/\/interamerica.org\/fr\/2022\/03\/lancement-virtuel-dun-programme-intentionnel-visant-a-atteindre-les-jeunes\/","title":{"rendered":"Lancement virtuel d\u2019un programme intentionnel visant \u00e0 atteindre les jeunes"},"content":{"rendered":"<h4 id=\"headline-6-7\" class=\"ct-headline\"><span id=\"span-21-7\" class=\"ct-span\">L\u2019initiative Grandir Ensemble 2022 a r\u00e9uni pr\u00e8s de 150 dirigeants de 40 \u00e9glises.<\/span><\/h4>\n<p id=\"headline-7-7\" class=\"ct-headline\"><span id=\"span-20-7\" class=\"ct-span\">15 Mars 2022 | A. Allan Martin, pour la Division Nord-Am\u00e9ricaine, et Adventist Review<\/span><\/p>\n<p>La cohorte de Grandir Ensemble 2022 a \u00e9t\u00e9 lanc\u00e9e au d\u00e9but de l\u2019ann\u00e9e, et pr\u00e8s de 150 dirigeants de 40 \u00e9glises diff\u00e9rentes venus de toute la Division Nord-Am\u00e9ricaine (NAD) ont particip\u00e9 au sommet virtuel. L\u2019initiative est un parcours d\u2019apprentissage qui vise \u00e0 construire des \u00e9glises adventistes du septi\u00e8me jour florissantes pour toutes les g\u00e9n\u00e9rations, tout en \u00e9tablissant le contact et en responsabilisant sp\u00e9cifiquement les jeunes et les jeunes adultes. \u00ab J\u2019ai \u00e9t\u00e9 litt\u00e9ralement frapp\u00e9 par les contextes de minist\u00e8re divers et uniques qu\u2019ils repr\u00e9sentaient tous a d\u00e9clar\u00e9 Justin Yang, directeur des minist\u00e8res des jeunes adultes pour la F\u00e9d\u00e9ration du Texas. \u00ab J\u2019ai \u00e9t\u00e9 impressionn\u00e9 par leur passion, leur engagement et leur authenticit\u00e9 quand ils partagent leur histoire, leur parcours jusqu\u2019\u00e0 pr\u00e9sent. \u00bb<\/p>\n<p>Un sommet virtuel inaugural d\u00e9bute officiellement le parcours d\u2019apprentissage d\u2019un an. Les \u00e9glises participant \u00e0 la cohorte proviennent de plusieurs des unions de la NAD, et repr\u00e9sentent toutes les tailles d\u2019\u00e9glises, les principaux groupes ethniques et toutes les zones g\u00e9ographiques (rurales, urbaines, suburbaines) &#8211; toutes \u00e9tant engag\u00e9es \u00e0 #CroitreEnsemble avec J\u00e9sus au centre !<\/p>\n<p>\u00ab Il s\u2019agit \u00e0 travers l\u2019initiative Croitre Ensemble de changer la culture de nos \u00e9glises. Il s\u2019agit d\u2019aller de mani\u00e8re intentionnelle vers les jeunes et les jeunes adultes avec acceptation, gr\u00e2ce et avec l\u2019amour de J\u00e9sus, \u00bb a d\u00e9clar\u00e9 John Freedman, pr\u00e9sident de l\u2019Union de F\u00e9d\u00e9rations du Nord Pacifique (NPUC). \u00ab Alors qu\u2019ils r\u00e9pondent \u00e0 l\u2019amour de J\u00e9sus qui brille \u00e0 travers son \u00e9glise, nous devons \u00e9galement faire d\u2019eux des disciples en Christ, afin qu\u2019ils puissent eux aussi aller vers les autres. Mettre l\u2019emphase sur J\u00e9sus-Christ et son amour incomparable, sacrificiel et inconditionnel change des vies. Je suis enthousiasm\u00e9 par ceux qui sont passionn\u00e9s par l\u2019id\u00e9e de se tourner vers les jeunes et les jeunes adultes actifs et inactifs et de leur pr\u00e9senter la v\u00e9rit\u00e9 sur l\u2019amour de Dieu !<\/p>\n<p><strong>R\u00e9actions<\/strong><\/p>\n<p>\u00ab Le sommet Growing Together (Croitre Ensemble) a \u00e9t\u00e9 une exp\u00e9rience tr\u00e8s instructive qui m\u2019a permis de comprendre en quoi consiste ce programme ainsi que ce qu\u2019on attend de moi, \u00bb a d\u00e9clar\u00e9 Diana Mogeni. Diana Mogeni est une gestionnaire de compte \u00e2g\u00e9e de 29 ans, elle fait partie de l\u2019une des \u00e9quipes de l\u2019\u00e9glise locale. \u00ab C\u2019\u00e9tait vraiment bien d\u2019\u00e9valuer et d\u2019avoir un regard plus approfondi sur notre \u00e9glise \u2013 notre situation actuelle par rapport \u00e0 celle dans laquelle nous aimerions \u00eatre. C\u2019\u00e9tait extraordinaire de discuter de ce que nous pouvons faire pour changer. \u00bb<\/p>\n<p>Joan Okemwa, une \u00e9tudiante en soins infirmiers de 22 ans \u00e0 l\u2019Universit\u00e9 Rasmussen, a exprim\u00e9 le m\u00eame avis. \u00ab J\u2019ai aim\u00e9 le fait de commencer par le d\u00e9but. Consid\u00e9rer ce que nous avons maintenant et examiner la sant\u00e9 actuelle de notre \u00e9glise, \u00bb a-t-elle d\u00e9clar\u00e9. \u00ab \u00catre honn\u00eate entre nous dans le groupe est important, afin que nous sachions avec quoi nous travaillons. \u00bb<\/p>\n<p>Mark Sigue, pasteur de jeunes adultes \u00e0 l\u2019\u00e9glise adventiste du septi\u00e8me jour de Minnetonka dans le Minnesota, a ajout\u00e9 : \u00ab Je suis plus que ravi de r\u00e9aliser que mon \u00e9glise ne se contente plus de parler simplement des jeunes qui quittent notre \u00e9glise, mais qu\u2019elle fait intentionnellement quelque chose\u2026 Savoir est un chose. Faire quelque chose \u00e0 ce sujet est un \u00e9l\u00e9ment cl\u00e9. Ce n\u2019est que le premier sommet et je suis d\u00e9j\u00e0 boost\u00e9.<\/p>\n<p><strong>Aller plus en profondeur<\/strong><\/p>\n<p>La cohorte a \u00e9t\u00e9 rendue possible gr\u00e2ce \u00e0 la collaboration entre la NPUC et l\u2019Union de F\u00e9d\u00e9rations du Sud-Ouest (SWUC), qui a mis l\u2019exp\u00e9rience de formation Croitre Ensemble \u00e0 la disposition des \u00e9glises de la NAD &#8211; ainsi que d\u2019une \u00e9glise internationale en Ouganda qui participe.<\/p>\n<p>\u00ab L\u2019Union du Sud-Ouest est ravie d\u2019\u00eatre un partenaire dans Croitre Ensemble, \u00bb a d\u00e9clar\u00e9 Helvis Moody, directeur des minist\u00e8res des jeunes adultes et des jeunes pour la SWUC. \u00ab Nous sommes reconnaissants envers les \u00e9glises qui ont commenc\u00e9 ce parcours et nous esp\u00e9rons voir ce que Dieu fera car notre v\u0153u est de voir toutes nos \u00e9glises faire l\u2019exp\u00e9rience de la croissance du royaume. \u00bb<\/p>\n<p>Tout au long du parcours d\u2019une ann\u00e9e de la cohorte, les \u00e9quipes des \u00e9glises locales recevront une formation, un accompagnement et des t\u00e2ches \u00e0 accomplir pour aider leur \u00e9glise \u00e0 s\u2019adapter et \u00e0 changer la culture afin que J\u00e9sus soit au centre et que toutes les g\u00e9n\u00e9rations puissent s\u2019\u00e9panouir ensemble. En plus des sommets virtuels, des webinaires et des sessions de coaching, chaque \u00e9glise locale participera \u00e0 des \u00e9valuations et entrera dans des engagements bas\u00e9s sur la recherche qui, on le sait, contribuent \u00e0 am\u00e9liorer la vitalit\u00e9 de la vie de l\u2019\u00e9glise, en particulier chez les jeunes et les jeunes familles.<\/p>\n<p>\u00ab Lors de mes d\u00e9placements dans notre union, en personne et lors des t\u00e9l\u00e9conf\u00e9rences Zoom, je suis ravi d\u2019entendre parler d\u2019histoires positives et d\u2019appr\u00e9ciation \u00e0 propos de l\u2019emphase sur Croitre Ensemble, \u00bb a ajout\u00e9 John Freedman, expliquant comment Croitre Ensemble avait commenc\u00e9 comme une exp\u00e9rience visant \u00e0 r\u00e9pondre aux plus grandes faiblesses que les dirigeants de l\u2019\u00e9glise et les la\u00efcs avaient identifi\u00e9es il y a six ans &#8211; la perte tragique de plus de 50 de ses jeunes et jeunes adultes de nos \u00e9glises. \u00ab Croitre Ensemble est pass\u00e9 (m\u00eame pendant la pand\u00e9mie) d\u2019une exp\u00e9rience avec quelques \u00e9glises \u00e0 une strat\u00e9gie multi-f\u00e9d\u00e9rations et multi-unions visant \u00e0 r\u00e9soudre le probl\u00e8me tragique de la perte de jeunes et de jeunes adultes de nos \u00e9glises. Je suis extr\u00eamement reconnaissant envers ceux d\u2019entre vous qui ne se contentent pas de parler des pertes, mais qui deviennent partenaires avec Christ pour faire quelque chose \u00e0 ce sujet. Vous faites une diff\u00e9rence ! \u00bb<\/p>\n<p>Justin Yang a d\u00e9clar\u00e9 : \u00ab Mon c\u0153ur est \u00e0 nouveau rempli d\u2019espoir, car que j\u2019ai vu des dirigeants locaux s\u2019engager \u00e0 apprendre, \u00e0 grandir et se repositionner de mani\u00e8re interg\u00e9n\u00e9rationnelle &#8211; pour se r\u00e9concilier et collaborer \u00e0 une \u00e9poque comme celle-ci ! \u00bb<\/p>\n<p>\u00ab Faisons cela pour les citoyens du royaume ! a dit Mark Sigu\u00e9. \u00ab Merci, dirigeants et organisateurs de la cohorte Croitre Ensemble ! \u00bb<\/p>\n<p><em>La<\/em><a href=\"https:\/\/www.nadadventist.org\/news\/2022-growing-together-cohort-launches-virtually\" target=\"_blank\" rel=\"noopener\"><em>version originale<\/em><\/a><em>\u00a0de cet article a \u00e9t\u00e9 publi\u00e9e sur le\u00a0<\/em><a href=\"https:\/\/www.nadadventist.org\/news\" target=\"_blank\" rel=\"noopener\"><em>site d&rsquo;informations<\/em><\/a><em>de la Division Nord-Am\u00e9ricaine.<\/em><\/p>\n<p>&nbsp;<\/p>\n<p>Traduction: Patrick Luciathe<\/p>\n","protected":false},"excerpt":{"rendered":"<p>L\u2019initiative Grandir Ensemble 2022 a r\u00e9uni pr\u00e8s de 150 dirigeants de 40 \u00e9glises. 15 Mars 2022 | A. Allan Martin, pour la Division Nord-Am\u00e9ricaine, et Adventist Review La cohorte de&#8230;<\/p>\n","protected":false},"author":3,"featured_media":82518,"comment_status":"closed","ping_status":"closed","sticky":false,"template":"","format":"standard","meta":{"_acf_changed":false,"footnotes":""},"categories":[18,19],"tags":[],"class_list":["post-82535","post","type-post","status-publish","format-standard","has-post-thumbnail","hentry","category-nouvelles-de-leglise-mondiale","category-rss-francais"],"acf":[],"yoast_head":"<!-- This site is optimized with the Yoast SEO plugin v27.3 - https:\/\/yoast.com\/product\/yoast-seo-wordpress\/ -->\n<title>Lancement virtuel d\u2019un programme intentionnel visant \u00e0 atteindre les jeunes - \u00c9glise Adventiste Du Septieme Jour - Inter Am\u00e9rique Division<\/title>\n<meta name=\"robots\" content=\"index, follow, max-snippet:-1, max-image-preview:large, max-video-preview:-1\" \/>\n<link rel=\"canonical\" href=\"https:\/\/interamerica.org\/fr\/2022\/03\/lancement-virtuel-dun-programme-intentionnel-visant-a-atteindre-les-jeunes\/\" \/>\n<meta property=\"og:locale\" content=\"fr_FR\" \/>\n<meta property=\"og:type\" content=\"article\" \/>\n<meta property=\"og:title\" content=\"Lancement virtuel d\u2019un programme intentionnel visant \u00e0 atteindre les jeunes - \u00c9glise Adventiste Du Septieme Jour - Inter Am\u00e9rique Division\" \/>\n<meta property=\"og:description\" content=\"L\u2019initiative Grandir Ensemble 2022 a r\u00e9uni pr\u00e8s de 150 dirigeants de 40 \u00e9glises. 15 Mars 2022 | A. Allan Martin, pour la Division Nord-Am\u00e9ricaine, et Adventist Review La cohorte de...\" \/>\n<meta property=\"og:url\" content=\"https:\/\/interamerica.org\/fr\/2022\/03\/lancement-virtuel-dun-programme-intentionnel-visant-a-atteindre-les-jeunes\/\" \/>\n<meta property=\"og:site_name\" content=\"\u00c9glise Adventiste Du Septieme Jour - Inter Am\u00e9rique Division\" \/>\n<meta property=\"article:published_time\" content=\"2022-03-15T15:24:27+00:00\" \/>\n<meta property=\"article:modified_time\" content=\"2022-03-16T15:34:54+00:00\" \/>\n<meta property=\"og:image\" content=\"https:\/\/interamerica.org\/wp-content\/uploads\/2022\/03\/intentional-program-to-reach-out-to-youth-launches-virtually1.jpg\" \/>\n\t<meta property=\"og:image:width\" content=\"1000\" \/>\n\t<meta property=\"og:image:height\" content=\"563\" \/>\n\t<meta property=\"og:image:type\" content=\"image\/jpeg\" \/>\n<meta name=\"author\" content=\"libna\" \/>\n<meta name=\"twitter:card\" content=\"summary_large_image\" \/>\n<meta name=\"twitter:label1\" content=\"\u00c9crit par\" \/>\n\t<meta name=\"twitter:data1\" content=\"libna\" \/>\n\t<meta name=\"twitter:label2\" content=\"Dur\u00e9e de lecture estim\u00e9e\" \/>\n\t<meta name=\"twitter:data2\" content=\"6 minutes\" \/>\n<script type=\"application\/ld+json\" class=\"yoast-schema-graph\">{\"@context\":\"https:\\\/\\\/schema.org\",\"@graph\":[{\"@type\":\"Article\",\"@id\":\"https:\\\/\\\/interamerica.org\\\/fr\\\/2022\\\/03\\\/lancement-virtuel-dun-programme-intentionnel-visant-a-atteindre-les-jeunes\\\/#article\",\"isPartOf\":{\"@id\":\"https:\\\/\\\/interamerica.org\\\/fr\\\/2022\\\/03\\\/lancement-virtuel-dun-programme-intentionnel-visant-a-atteindre-les-jeunes\\\/\"},\"author\":{\"name\":\"libna\",\"@id\":\"https:\\\/\\\/interamerica.org\\\/fr\\\/#\\\/schema\\\/person\\\/29998f2bc2d8bd0d38662909289b54f1\"},\"headline\":\"Lancement virtuel d\u2019un programme intentionnel visant \u00e0 atteindre les jeunes\",\"datePublished\":\"2022-03-15T15:24:27+00:00\",\"dateModified\":\"2022-03-16T15:34:54+00:00\",\"mainEntityOfPage\":{\"@id\":\"https:\\\/\\\/interamerica.org\\\/fr\\\/2022\\\/03\\\/lancement-virtuel-dun-programme-intentionnel-visant-a-atteindre-les-jeunes\\\/\"},\"wordCount\":1123,\"image\":{\"@id\":\"https:\\\/\\\/interamerica.org\\\/fr\\\/2022\\\/03\\\/lancement-virtuel-dun-programme-intentionnel-visant-a-atteindre-les-jeunes\\\/#primaryimage\"},\"thumbnailUrl\":\"https:\\\/\\\/interamerica.org\\\/wp-content\\\/uploads\\\/2022\\\/03\\\/intentional-program-to-reach-out-to-youth-launches-virtually1.jpg\",\"articleSection\":[\"Nouvelles de l'\u00c9glise mondiale\",\"RSS Fran\u00e7ais\"],\"inLanguage\":\"fr-FR\"},{\"@type\":\"WebPage\",\"@id\":\"https:\\\/\\\/interamerica.org\\\/fr\\\/2022\\\/03\\\/lancement-virtuel-dun-programme-intentionnel-visant-a-atteindre-les-jeunes\\\/\",\"url\":\"https:\\\/\\\/interamerica.org\\\/fr\\\/2022\\\/03\\\/lancement-virtuel-dun-programme-intentionnel-visant-a-atteindre-les-jeunes\\\/\",\"name\":\"Lancement virtuel d\u2019un programme intentionnel visant \u00e0 atteindre les jeunes - \u00c9glise Adventiste Du Septieme Jour - Inter Am\u00e9rique Division\",\"isPartOf\":{\"@id\":\"https:\\\/\\\/interamerica.org\\\/fr\\\/#website\"},\"primaryImageOfPage\":{\"@id\":\"https:\\\/\\\/interamerica.org\\\/fr\\\/2022\\\/03\\\/lancement-virtuel-dun-programme-intentionnel-visant-a-atteindre-les-jeunes\\\/#primaryimage\"},\"image\":{\"@id\":\"https:\\\/\\\/interamerica.org\\\/fr\\\/2022\\\/03\\\/lancement-virtuel-dun-programme-intentionnel-visant-a-atteindre-les-jeunes\\\/#primaryimage\"},\"thumbnailUrl\":\"https:\\\/\\\/interamerica.org\\\/wp-content\\\/uploads\\\/2022\\\/03\\\/intentional-program-to-reach-out-to-youth-launches-virtually1.jpg\",\"datePublished\":\"2022-03-15T15:24:27+00:00\",\"dateModified\":\"2022-03-16T15:34:54+00:00\",\"author\":{\"@id\":\"https:\\\/\\\/interamerica.org\\\/fr\\\/#\\\/schema\\\/person\\\/29998f2bc2d8bd0d38662909289b54f1\"},\"breadcrumb\":{\"@id\":\"https:\\\/\\\/interamerica.org\\\/fr\\\/2022\\\/03\\\/lancement-virtuel-dun-programme-intentionnel-visant-a-atteindre-les-jeunes\\\/#breadcrumb\"},\"inLanguage\":\"fr-FR\",\"potentialAction\":[{\"@type\":\"ReadAction\",\"target\":[\"https:\\\/\\\/interamerica.org\\\/fr\\\/2022\\\/03\\\/lancement-virtuel-dun-programme-intentionnel-visant-a-atteindre-les-jeunes\\\/\"]}]},{\"@type\":\"ImageObject\",\"inLanguage\":\"fr-FR\",\"@id\":\"https:\\\/\\\/interamerica.org\\\/fr\\\/2022\\\/03\\\/lancement-virtuel-dun-programme-intentionnel-visant-a-atteindre-les-jeunes\\\/#primaryimage\",\"url\":\"https:\\\/\\\/interamerica.org\\\/wp-content\\\/uploads\\\/2022\\\/03\\\/intentional-program-to-reach-out-to-youth-launches-virtually1.jpg\",\"contentUrl\":\"https:\\\/\\\/interamerica.org\\\/wp-content\\\/uploads\\\/2022\\\/03\\\/intentional-program-to-reach-out-to-youth-launches-virtually1.jpg\",\"width\":1000,\"height\":563},{\"@type\":\"BreadcrumbList\",\"@id\":\"https:\\\/\\\/interamerica.org\\\/fr\\\/2022\\\/03\\\/lancement-virtuel-dun-programme-intentionnel-visant-a-atteindre-les-jeunes\\\/#breadcrumb\",\"itemListElement\":[{\"@type\":\"ListItem\",\"position\":1,\"name\":\"Home\",\"item\":\"https:\\\/\\\/interamerica.org\\\/fr\\\/\"},{\"@type\":\"ListItem\",\"position\":2,\"name\":\"Lancement virtuel d\u2019un programme intentionnel visant \u00e0 atteindre les jeunes\"}]},{\"@type\":\"WebSite\",\"@id\":\"https:\\\/\\\/interamerica.org\\\/fr\\\/#website\",\"url\":\"https:\\\/\\\/interamerica.org\\\/fr\\\/\",\"name\":\"\u00c9glise Adventiste Du Septieme Jour - Inter Am\u00e9rique Division\",\"description\":\"\",\"potentialAction\":[{\"@type\":\"SearchAction\",\"target\":{\"@type\":\"EntryPoint\",\"urlTemplate\":\"https:\\\/\\\/interamerica.org\\\/fr\\\/?s={search_term_string}\"},\"query-input\":{\"@type\":\"PropertyValueSpecification\",\"valueRequired\":true,\"valueName\":\"search_term_string\"}}],\"inLanguage\":\"fr-FR\"},{\"@type\":\"Person\",\"@id\":\"https:\\\/\\\/interamerica.org\\\/fr\\\/#\\\/schema\\\/person\\\/29998f2bc2d8bd0d38662909289b54f1\",\"name\":\"libna\",\"image\":{\"@type\":\"ImageObject\",\"inLanguage\":\"fr-FR\",\"@id\":\"https:\\\/\\\/secure.gravatar.com\\\/avatar\\\/7c5bd30ae4b47a9ba3c856590957fd1d96dc588bf3ac05719d247e126840331f?s=96&d=mm&r=g\",\"url\":\"https:\\\/\\\/secure.gravatar.com\\\/avatar\\\/7c5bd30ae4b47a9ba3c856590957fd1d96dc588bf3ac05719d247e126840331f?s=96&d=mm&r=g\",\"contentUrl\":\"https:\\\/\\\/secure.gravatar.com\\\/avatar\\\/7c5bd30ae4b47a9ba3c856590957fd1d96dc588bf3ac05719d247e126840331f?s=96&d=mm&r=g\",\"caption\":\"libna\"}}]}<\/script>\n<!-- \/ Yoast SEO plugin. -->","yoast_head_json":{"title":"Lancement virtuel d\u2019un programme intentionnel visant \u00e0 atteindre les jeunes - \u00c9glise Adventiste Du Septieme Jour - Inter Am\u00e9rique Division","robots":{"index":"index","follow":"follow","max-snippet":"max-snippet:-1","max-image-preview":"max-image-preview:large","max-video-preview":"max-video-preview:-1"},"canonical":"https:\/\/interamerica.org\/fr\/2022\/03\/lancement-virtuel-dun-programme-intentionnel-visant-a-atteindre-les-jeunes\/","og_locale":"fr_FR","og_type":"article","og_title":"Lancement virtuel d\u2019un programme intentionnel visant \u00e0 atteindre les jeunes - \u00c9glise Adventiste Du Septieme Jour - Inter Am\u00e9rique Division","og_description":"L\u2019initiative Grandir Ensemble 2022 a r\u00e9uni pr\u00e8s de 150 dirigeants de 40 \u00e9glises. 15 Mars 2022 | A. Allan Martin, pour la Division Nord-Am\u00e9ricaine, et Adventist Review La cohorte de...","og_url":"https:\/\/interamerica.org\/fr\/2022\/03\/lancement-virtuel-dun-programme-intentionnel-visant-a-atteindre-les-jeunes\/","og_site_name":"\u00c9glise Adventiste Du Septieme Jour - Inter Am\u00e9rique Division","article_published_time":"2022-03-15T15:24:27+00:00","article_modified_time":"2022-03-16T15:34:54+00:00","og_image":[{"width":1000,"height":563,"url":"https:\/\/interamerica.org\/wp-content\/uploads\/2022\/03\/intentional-program-to-reach-out-to-youth-launches-virtually1.jpg","type":"image\/jpeg"}],"author":"libna","twitter_card":"summary_large_image","twitter_misc":{"\u00c9crit par":"libna","Dur\u00e9e de lecture estim\u00e9e":"6 minutes"},"schema":{"@context":"https:\/\/schema.org","@graph":[{"@type":"Article","@id":"https:\/\/interamerica.org\/fr\/2022\/03\/lancement-virtuel-dun-programme-intentionnel-visant-a-atteindre-les-jeunes\/#article","isPartOf":{"@id":"https:\/\/interamerica.org\/fr\/2022\/03\/lancement-virtuel-dun-programme-intentionnel-visant-a-atteindre-les-jeunes\/"},"author":{"name":"libna","@id":"https:\/\/interamerica.org\/fr\/#\/schema\/person\/29998f2bc2d8bd0d38662909289b54f1"},"headline":"Lancement virtuel d\u2019un programme intentionnel visant \u00e0 atteindre les jeunes","datePublished":"2022-03-15T15:24:27+00:00","dateModified":"2022-03-16T15:34:54+00:00","mainEntityOfPage":{"@id":"https:\/\/interamerica.org\/fr\/2022\/03\/lancement-virtuel-dun-programme-intentionnel-visant-a-atteindre-les-jeunes\/"},"wordCount":1123,"image":{"@id":"https:\/\/interamerica.org\/fr\/2022\/03\/lancement-virtuel-dun-programme-intentionnel-visant-a-atteindre-les-jeunes\/#primaryimage"},"thumbnailUrl":"https:\/\/interamerica.org\/wp-content\/uploads\/2022\/03\/intentional-program-to-reach-out-to-youth-launches-virtually1.jpg","articleSection":["Nouvelles de l'\u00c9glise mondiale","RSS Fran\u00e7ais"],"inLanguage":"fr-FR"},{"@type":"WebPage","@id":"https:\/\/interamerica.org\/fr\/2022\/03\/lancement-virtuel-dun-programme-intentionnel-visant-a-atteindre-les-jeunes\/","url":"https:\/\/interamerica.org\/fr\/2022\/03\/lancement-virtuel-dun-programme-intentionnel-visant-a-atteindre-les-jeunes\/","name":"Lancement virtuel d\u2019un programme intentionnel visant \u00e0 atteindre les jeunes - \u00c9glise Adventiste Du Septieme Jour - Inter Am\u00e9rique Division","isPartOf":{"@id":"https:\/\/interamerica.org\/fr\/#website"},"primaryImageOfPage":{"@id":"https:\/\/interamerica.org\/fr\/2022\/03\/lancement-virtuel-dun-programme-intentionnel-visant-a-atteindre-les-jeunes\/#primaryimage"},"image":{"@id":"https:\/\/interamerica.org\/fr\/2022\/03\/lancement-virtuel-dun-programme-intentionnel-visant-a-atteindre-les-jeunes\/#primaryimage"},"thumbnailUrl":"https:\/\/interamerica.org\/wp-content\/uploads\/2022\/03\/intentional-program-to-reach-out-to-youth-launches-virtually1.jpg","datePublished":"2022-03-15T15:24:27+00:00","dateModified":"2022-03-16T15:34:54+00:00","author":{"@id":"https:\/\/interamerica.org\/fr\/#\/schema\/person\/29998f2bc2d8bd0d38662909289b54f1"},"breadcrumb":{"@id":"https:\/\/interamerica.org\/fr\/2022\/03\/lancement-virtuel-dun-programme-intentionnel-visant-a-atteindre-les-jeunes\/#breadcrumb"},"inLanguage":"fr-FR","potentialAction":[{"@type":"ReadAction","target":["https:\/\/interamerica.org\/fr\/2022\/03\/lancement-virtuel-dun-programme-intentionnel-visant-a-atteindre-les-jeunes\/"]}]},{"@type":"ImageObject","inLanguage":"fr-FR","@id":"https:\/\/interamerica.org\/fr\/2022\/03\/lancement-virtuel-dun-programme-intentionnel-visant-a-atteindre-les-jeunes\/#primaryimage","url":"https:\/\/interamerica.org\/wp-content\/uploads\/2022\/03\/intentional-program-to-reach-out-to-youth-launches-virtually1.jpg","contentUrl":"https:\/\/interamerica.org\/wp-content\/uploads\/2022\/03\/intentional-program-to-reach-out-to-youth-launches-virtually1.jpg","width":1000,"height":563},{"@type":"BreadcrumbList","@id":"https:\/\/interamerica.org\/fr\/2022\/03\/lancement-virtuel-dun-programme-intentionnel-visant-a-atteindre-les-jeunes\/#breadcrumb","itemListElement":[{"@type":"ListItem","position":1,"name":"Home","item":"https:\/\/interamerica.org\/fr\/"},{"@type":"ListItem","position":2,"name":"Lancement virtuel d\u2019un programme intentionnel visant \u00e0 atteindre les jeunes"}]},{"@type":"WebSite","@id":"https:\/\/interamerica.org\/fr\/#website","url":"https:\/\/interamerica.org\/fr\/","name":"\u00c9glise Adventiste Du Septieme Jour - Inter Am\u00e9rique Division","description":"","potentialAction":[{"@type":"SearchAction","target":{"@type":"EntryPoint","urlTemplate":"https:\/\/interamerica.org\/fr\/?s={search_term_string}"},"query-input":{"@type":"PropertyValueSpecification","valueRequired":true,"valueName":"search_term_string"}}],"inLanguage":"fr-FR"},{"@type":"Person","@id":"https:\/\/interamerica.org\/fr\/#\/schema\/person\/29998f2bc2d8bd0d38662909289b54f1","name":"libna","image":{"@type":"ImageObject","inLanguage":"fr-FR","@id":"https:\/\/secure.gravatar.com\/avatar\/7c5bd30ae4b47a9ba3c856590957fd1d96dc588bf3ac05719d247e126840331f?s=96&d=mm&r=g","url":"https:\/\/secure.gravatar.com\/avatar\/7c5bd30ae4b47a9ba3c856590957fd1d96dc588bf3ac05719d247e126840331f?s=96&d=mm&r=g","contentUrl":"https:\/\/secure.gravatar.com\/avatar\/7c5bd30ae4b47a9ba3c856590957fd1d96dc588bf3ac05719d247e126840331f?s=96&d=mm&r=g","caption":"libna"}}]}},"_links":{"self":[{"href":"https:\/\/interamerica.org\/fr\/wp-json\/wp\/v2\/posts\/82535","targetHints":{"allow":["GET"]}}],"collection":[{"href":"https:\/\/interamerica.org\/fr\/wp-json\/wp\/v2\/posts"}],"about":[{"href":"https:\/\/interamerica.org\/fr\/wp-json\/wp\/v2\/types\/post"}],"author":[{"embeddable":true,"href":"https:\/\/interamerica.org\/fr\/wp-json\/wp\/v2\/users\/3"}],"replies":[{"embeddable":true,"href":"https:\/\/interamerica.org\/fr\/wp-json\/wp\/v2\/comments?post=82535"}],"version-history":[{"count":0,"href":"https:\/\/interamerica.org\/fr\/wp-json\/wp\/v2\/posts\/82535\/revisions"}],"wp:featuredmedia":[{"embeddable":true,"href":"https:\/\/interamerica.org\/fr\/wp-json\/wp\/v2\/media\/82518"}],"wp:attachment":[{"href":"https:\/\/interamerica.org\/fr\/wp-json\/wp\/v2\/media?parent=82535"}],"wp:term":[{"taxonomy":"category","embeddable":true,"href":"https:\/\/interamerica.org\/fr\/wp-json\/wp\/v2\/categories?post=82535"},{"taxonomy":"post_tag","embeddable":true,"href":"https:\/\/interamerica.org\/fr\/wp-json\/wp\/v2\/tags?post=82535"}],"curies":[{"name":"wp","href":"https:\/\/api.w.org\/{rel}","templated":true}]}}