{"id":82537,"date":"2022-03-14T20:31:37","date_gmt":"2022-03-15T00:31:37","guid":{"rendered":"https:\/\/recursing-golick.147-182-135-0.plesk.page\/?p=82537"},"modified":"2022-03-17T22:24:04","modified_gmt":"2022-03-18T02:24:04","slug":"le-genereux-petit-ami-et-le-bon-nom-de-leglise","status":"publish","type":"post","link":"https:\/\/interamerica.org\/fr\/2022\/03\/le-genereux-petit-ami-et-le-bon-nom-de-leglise\/","title":{"rendered":"Le g\u00e9n\u00e9reux petit ami et le bon nom de l\u2019\u00c9glise"},"content":{"rendered":"<div id=\"div_block-184-7\" class=\"ct-div-block\">\n<p><strong>En Bulgarie, de petits miracles accompagnent l\u2019aide humanitaire adventiste \u00e0 l\u2019Ukraine.<\/strong><\/p>\n<p>Le 13 mars 2022 | Suisse | Andreas Mazza pour la Division intereurop\u00e9enne et <em>Adventist Review<\/em><\/p>\n<\/div>\n<p>Le conflit arm\u00e9 en Ukraine est actif depuis maintenant deux semaines et le monde s\u2019est uni pour aider des millions de r\u00e9fugi\u00e9s d\u00e9plac\u00e9s par les violences. L\u2019\u00c9glise adventiste du septi\u00e8me jour en Europe fait partie de l\u2019intervention adventiste mondiale pour soutenir les gens dans le besoin, et ce, par l\u2019entremise de l\u2019Agence de d\u00e9veloppement et de secours adventiste (ADRA).<\/p>\n<p>La Bulgarie, un petit pays adjacent \u00e0 la mer Noire et qui est en communication avec l\u2019Ukraine, participe aux efforts de secours en solidarit\u00e9 avec les r\u00e9fugi\u00e9s ukrainiens.<\/p>\n<p>Durant la deuxi\u00e8me semaine du conflit, l\u2019Union bulgare a recueilli de l\u2019argent aupr\u00e8s des employ\u00e9s de son bureau, et Petya Gotseva, une coordonnatrice d\u2019aide humanitaire, a achet\u00e9 de lourdes couvertures qu\u2019elle a d\u00e9pos\u00e9es dans une camionnette avec de la nourriture et des boissons pour les r\u00e9fugi\u00e9s qui vivent dans des tentes \u00e0 la fronti\u00e8re.<\/p>\n<p>Curieusement, lors d\u2019un r\u00e9cent samedi matin, l\u2019une des cha\u00eenes nationales de t\u00e9l\u00e9vision de la Bulgarie \u00e9tait pr\u00e9sente \u00e0 la fronti\u00e8re entre la Roumanie et l\u2019Ukraine, o\u00f9 elle a film\u00e9 des images d\u2019une vedette de cin\u00e9ma bulgare \u00e0 bord de la camionnette de ladite Union adventiste, disant combien elle \u00e9tait heureuse des activit\u00e9s d\u2019ADRA.<\/p>\n<p>Mais les citoyens ordinaires jouent \u00e9galement un r\u00f4le important. Ce qui suit est le t\u00e9moignage d\u2019une dirigeante adventiste en Bulgarie qui souligne la compassion des Bulgares \u2014 qu\u2019ils soient des membres d\u2019\u00e9glise ou non \u2014 envers les gens dans le besoin.<\/p>\n<p><div id=\"attachment_82494\" style=\"width: 673px\" class=\"wp-caption aligncenter\"><img fetchpriority=\"high\" decoding=\"async\" aria-describedby=\"caption-attachment-82494\" class=\" wp-image-82494\" src=\"https:\/\/recursing-golick.147-182-135-0.plesk.page\/wp-content\/uploads\/2022\/03\/adra-van-filled-with-food-bags.jpeg\" alt=\"\" width=\"663\" height=\"497\" srcset=\"https:\/\/interamerica.org\/wp-content\/uploads\/2022\/03\/adra-van-filled-with-food-bags.jpeg 756w, https:\/\/interamerica.org\/wp-content\/uploads\/2022\/03\/adra-van-filled-with-food-bags-300x225.jpeg 300w\" sizes=\"(max-width: 663px) 100vw, 663px\" \/><p id=\"caption-attachment-82494\" class=\"wp-caption-text\">En Bulgarie, une camionnette d\u2019ADRA s\u2019est r\u00e9cemment d\u00e9plac\u00e9e pour distribuer des dons aux r\u00e9fugi\u00e9s ukrainiens. Selon les dirigeants, d\u2019autres livraisons suivront. [Une photo d\u2019ADRA Bulgarie.]<\/p><\/div>\u00ab\u00a0Le 3\u00a0mars, je suis all\u00e9e au bureau pour une r\u00e9union sur Zoom avec l\u2019\u00e9quipe des communications de la Division intereurop\u00e9enne, a racont\u00e9 Ivalina Ilieva. Je n\u2019\u00e9tais pas cens\u00e9e travailler, car c\u2019\u00e9tait un jour f\u00e9ri\u00e9 en Bulgarie, mais j\u2019avais un sentiment de responsabilit\u00e9. Durant la rencontre, j\u2019ai re\u00e7u un appel de Petya Gotseva\u2026 qui m\u2019a demand\u00e9 pour combien de temps je serais au bureau. Une jeune femme de notre \u00e9glise locale voulait passer pour d\u00e9poser quelques articles pour les r\u00e9fugi\u00e9s. Officiellement, la [campagne] devait commencer le sabbat (samedi) avec la collecte d\u2019argent et d\u2019articles de n\u00e9cessit\u00e9 dans les \u00e9glises. Ce geste \u00e9tait donc inattendu.<\/p>\n<p>\u00ab\u00a0Lorsque la r\u00e9union sur Zoom a pris fin, j\u2019ai re\u00e7u un autre appel, a poursuivi M<sup>me<\/sup>\u00a0Ilieva. Un homme m\u2019a dit qu\u2019il \u00e9tait devant le b\u00e2timent de l\u2019Union. Je suis all\u00e9e ouvrir la porte et j\u2019ai vu une voiture avec un jeune homme \u00e0 l\u2019int\u00e9rieur.\u00a0\u00bb<\/p>\n<p>D\u2019un sourire timide, l\u2019homme lui a dit qu\u2019il apportait un don pour les r\u00e9fugi\u00e9s ukrainiens et lui a demand\u00e9 o\u00f9 il pouvait le d\u00e9poser. Plus il a commenc\u00e9 \u00e0 vider sa voiture, qui \u00e9tait remplie d\u2019articles \u2014 bo\u00eete apr\u00e8s bo\u00eete apr\u00e8s bo\u00eete, toutes pleines de croissants, de pains roul\u00e9s, de biscuits, de chocolats, de barres musli, d\u2019eau, de jus et de d\u00e9sinfectant pour les mains. Ensuite, il a dit, avec le m\u00eame sourire timide, \u00ab\u00a0C\u2019est tout ce que nous avons r\u00e9ussi \u00e0 faire en peu de temps!\u00a0\u00bb puis il est parti.<\/p>\n<p>\u00ab\u00a0J\u2019ai rencontr\u00e9 la donatrice \u00e0 l\u2019\u00e9glise et je l\u2019ai remerci\u00e9 pour sa g\u00e9n\u00e9rosit\u00e9, a dit M<sup>me<\/sup>\u00a0Ilieva. J\u2019ai ensuite entendu sa version de l\u2019histoire! Pouss\u00e9e par sa tante, elle parlait \u00e0 son copain (le jeune homme qui est venu avec les produits), disant qu\u2019ils devraient sans doute faire quelque chose pour les r\u00e9fugi\u00e9s. Il a dit, \u201cTu as raison, pr\u00e9pare-toi et allons au march\u00e9!\u201d \u201cMaintenant?\u201d a-t-elle r\u00e9pondu. \u201cPourquoi attendre?\u201d a-t-il demand\u00e9. Au magasin, elle lui a demand\u00e9 combien d\u2019argent ils pouvaient d\u00e9penser. \u201cNous avons 500\u00a0euros\u201d, a-t-il r\u00e9pondu. Les jeunes ont fouill\u00e9 dans leurs poches et y ont pris tout ce qu\u2019ils avaient, c\u2019est-\u00e0-dire 100\u00a0euros, puis 250\u00a0euros et puis encore 150\u00a0euros.\u00a0\u00bb<\/p>\n<p>\u00ab\u00a0Ce ne sont pas des adventistes, mais ils nous ont fait confiance, a conclu M<sup>me<\/sup>\u00a0Ilieva. Ils ont donn\u00e9 tout ce qu\u2019ils avaient. Ainsi, nous ne prions pas seulement pour les r\u00e9fugi\u00e9s ukrainiens, mais aussi pour tous les gens de la Bulgarie qui veulent ouvrir leur c\u0153ur et donner ce qu\u2019ils ont pour ceux dans le besoin, s\u2019appuyant sur l\u2019\u00c9glise adventiste.\u00a0\u00bb<\/p>\n<p><em>La <a href=\"https:\/\/news.eud.adventist.org\/en\/all-news\/news\/go\/2022-03-09\/a-story-of-solidarity-from-bulgaria\/\">version originale<\/a> de cet article a \u00e9t\u00e9 publi\u00e9e sur le <a href=\"https:\/\/news.eud.adventist.org\/\">site d\u2019actualit\u00e9s<\/a> de la Division intereurop\u00e9enne.<\/em><\/p>\n<p>Traduction\u00a0: Marie-Mich\u00e8le Robitaille<\/p>\n","protected":false},"excerpt":{"rendered":"<p>En Bulgarie, de petits miracles accompagnent l\u2019aide humanitaire adventiste \u00e0 l\u2019Ukraine. Le 13 mars 2022 | Suisse | Andreas Mazza pour la Division intereurop\u00e9enne et Adventist Review Le conflit arm\u00e9&#8230;<\/p>\n","protected":false},"author":3,"featured_media":82500,"comment_status":"closed","ping_status":"closed","sticky":false,"template":"","format":"standard","meta":{"_acf_changed":false,"footnotes":""},"categories":[18,19],"tags":[],"class_list":["post-82537","post","type-post","status-publish","format-standard","has-post-thumbnail","hentry","category-nouvelles-de-leglise-mondiale","category-rss-francais"],"acf":[],"yoast_head":"<!-- This site is optimized with the Yoast SEO plugin v27.3 - https:\/\/yoast.com\/product\/yoast-seo-wordpress\/ -->\n<title>Le g\u00e9n\u00e9reux petit ami et le bon nom de l\u2019\u00c9glise - \u00c9glise Adventiste Du Septieme Jour - Inter Am\u00e9rique Division<\/title>\n<meta name=\"robots\" content=\"index, follow, max-snippet:-1, max-image-preview:large, max-video-preview:-1\" \/>\n<link rel=\"canonical\" href=\"https:\/\/interamerica.org\/fr\/2022\/03\/le-genereux-petit-ami-et-le-bon-nom-de-leglise\/\" \/>\n<meta property=\"og:locale\" content=\"fr_FR\" \/>\n<meta property=\"og:type\" content=\"article\" \/>\n<meta property=\"og:title\" content=\"Le g\u00e9n\u00e9reux petit ami et le bon nom de l\u2019\u00c9glise - \u00c9glise Adventiste Du Septieme Jour - Inter Am\u00e9rique Division\" \/>\n<meta property=\"og:description\" content=\"En Bulgarie, de petits miracles accompagnent l\u2019aide humanitaire adventiste \u00e0 l\u2019Ukraine. Le 13 mars 2022 | Suisse | Andreas Mazza pour la Division intereurop\u00e9enne et Adventist Review Le conflit arm\u00e9...\" \/>\n<meta property=\"og:url\" content=\"https:\/\/interamerica.org\/fr\/2022\/03\/le-genereux-petit-ami-et-le-bon-nom-de-leglise\/\" \/>\n<meta property=\"og:site_name\" content=\"\u00c9glise Adventiste Du Septieme Jour - Inter Am\u00e9rique Division\" \/>\n<meta property=\"article:published_time\" content=\"2022-03-15T00:31:37+00:00\" \/>\n<meta property=\"article:modified_time\" content=\"2022-03-18T02:24:04+00:00\" \/>\n<meta property=\"og:image\" content=\"https:\/\/interamerica.org\/wp-content\/uploads\/2022\/03\/the-generous-boyfriend-and-the-churchs-good-name1.jpeg\" \/>\n\t<meta property=\"og:image:width\" content=\"1000\" \/>\n\t<meta property=\"og:image:height\" content=\"625\" \/>\n\t<meta property=\"og:image:type\" content=\"image\/jpeg\" \/>\n<meta name=\"author\" content=\"libna\" \/>\n<meta name=\"twitter:card\" content=\"summary_large_image\" \/>\n<meta name=\"twitter:label1\" content=\"\u00c9crit par\" \/>\n\t<meta name=\"twitter:data1\" content=\"libna\" \/>\n\t<meta name=\"twitter:label2\" content=\"Dur\u00e9e de lecture estim\u00e9e\" \/>\n\t<meta name=\"twitter:data2\" content=\"4 minutes\" \/>\n<script type=\"application\/ld+json\" class=\"yoast-schema-graph\">{\"@context\":\"https:\\\/\\\/schema.org\",\"@graph\":[{\"@type\":\"Article\",\"@id\":\"https:\\\/\\\/interamerica.org\\\/fr\\\/2022\\\/03\\\/le-genereux-petit-ami-et-le-bon-nom-de-leglise\\\/#article\",\"isPartOf\":{\"@id\":\"https:\\\/\\\/interamerica.org\\\/fr\\\/2022\\\/03\\\/le-genereux-petit-ami-et-le-bon-nom-de-leglise\\\/\"},\"author\":{\"name\":\"libna\",\"@id\":\"https:\\\/\\\/interamerica.org\\\/fr\\\/#\\\/schema\\\/person\\\/29998f2bc2d8bd0d38662909289b54f1\"},\"headline\":\"Le g\u00e9n\u00e9reux petit ami et le bon nom de l\u2019\u00c9glise\",\"datePublished\":\"2022-03-15T00:31:37+00:00\",\"dateModified\":\"2022-03-18T02:24:04+00:00\",\"mainEntityOfPage\":{\"@id\":\"https:\\\/\\\/interamerica.org\\\/fr\\\/2022\\\/03\\\/le-genereux-petit-ami-et-le-bon-nom-de-leglise\\\/\"},\"wordCount\":854,\"image\":{\"@id\":\"https:\\\/\\\/interamerica.org\\\/fr\\\/2022\\\/03\\\/le-genereux-petit-ami-et-le-bon-nom-de-leglise\\\/#primaryimage\"},\"thumbnailUrl\":\"https:\\\/\\\/interamerica.org\\\/wp-content\\\/uploads\\\/2022\\\/03\\\/the-generous-boyfriend-and-the-churchs-good-name1.jpeg\",\"articleSection\":[\"Nouvelles de l'\u00c9glise mondiale\",\"RSS Fran\u00e7ais\"],\"inLanguage\":\"fr-FR\"},{\"@type\":\"WebPage\",\"@id\":\"https:\\\/\\\/interamerica.org\\\/fr\\\/2022\\\/03\\\/le-genereux-petit-ami-et-le-bon-nom-de-leglise\\\/\",\"url\":\"https:\\\/\\\/interamerica.org\\\/fr\\\/2022\\\/03\\\/le-genereux-petit-ami-et-le-bon-nom-de-leglise\\\/\",\"name\":\"Le g\u00e9n\u00e9reux petit ami et le bon nom de l\u2019\u00c9glise - \u00c9glise Adventiste Du Septieme Jour - Inter Am\u00e9rique Division\",\"isPartOf\":{\"@id\":\"https:\\\/\\\/interamerica.org\\\/fr\\\/#website\"},\"primaryImageOfPage\":{\"@id\":\"https:\\\/\\\/interamerica.org\\\/fr\\\/2022\\\/03\\\/le-genereux-petit-ami-et-le-bon-nom-de-leglise\\\/#primaryimage\"},\"image\":{\"@id\":\"https:\\\/\\\/interamerica.org\\\/fr\\\/2022\\\/03\\\/le-genereux-petit-ami-et-le-bon-nom-de-leglise\\\/#primaryimage\"},\"thumbnailUrl\":\"https:\\\/\\\/interamerica.org\\\/wp-content\\\/uploads\\\/2022\\\/03\\\/the-generous-boyfriend-and-the-churchs-good-name1.jpeg\",\"datePublished\":\"2022-03-15T00:31:37+00:00\",\"dateModified\":\"2022-03-18T02:24:04+00:00\",\"author\":{\"@id\":\"https:\\\/\\\/interamerica.org\\\/fr\\\/#\\\/schema\\\/person\\\/29998f2bc2d8bd0d38662909289b54f1\"},\"breadcrumb\":{\"@id\":\"https:\\\/\\\/interamerica.org\\\/fr\\\/2022\\\/03\\\/le-genereux-petit-ami-et-le-bon-nom-de-leglise\\\/#breadcrumb\"},\"inLanguage\":\"fr-FR\",\"potentialAction\":[{\"@type\":\"ReadAction\",\"target\":[\"https:\\\/\\\/interamerica.org\\\/fr\\\/2022\\\/03\\\/le-genereux-petit-ami-et-le-bon-nom-de-leglise\\\/\"]}]},{\"@type\":\"ImageObject\",\"inLanguage\":\"fr-FR\",\"@id\":\"https:\\\/\\\/interamerica.org\\\/fr\\\/2022\\\/03\\\/le-genereux-petit-ami-et-le-bon-nom-de-leglise\\\/#primaryimage\",\"url\":\"https:\\\/\\\/interamerica.org\\\/wp-content\\\/uploads\\\/2022\\\/03\\\/the-generous-boyfriend-and-the-churchs-good-name1.jpeg\",\"contentUrl\":\"https:\\\/\\\/interamerica.org\\\/wp-content\\\/uploads\\\/2022\\\/03\\\/the-generous-boyfriend-and-the-churchs-good-name1.jpeg\",\"width\":1000,\"height\":625},{\"@type\":\"BreadcrumbList\",\"@id\":\"https:\\\/\\\/interamerica.org\\\/fr\\\/2022\\\/03\\\/le-genereux-petit-ami-et-le-bon-nom-de-leglise\\\/#breadcrumb\",\"itemListElement\":[{\"@type\":\"ListItem\",\"position\":1,\"name\":\"Home\",\"item\":\"https:\\\/\\\/interamerica.org\\\/fr\\\/\"},{\"@type\":\"ListItem\",\"position\":2,\"name\":\"Le g\u00e9n\u00e9reux petit ami et le bon nom de l\u2019\u00c9glise\"}]},{\"@type\":\"WebSite\",\"@id\":\"https:\\\/\\\/interamerica.org\\\/fr\\\/#website\",\"url\":\"https:\\\/\\\/interamerica.org\\\/fr\\\/\",\"name\":\"\u00c9glise Adventiste Du Septieme Jour - Inter Am\u00e9rique Division\",\"description\":\"\",\"potentialAction\":[{\"@type\":\"SearchAction\",\"target\":{\"@type\":\"EntryPoint\",\"urlTemplate\":\"https:\\\/\\\/interamerica.org\\\/fr\\\/?s={search_term_string}\"},\"query-input\":{\"@type\":\"PropertyValueSpecification\",\"valueRequired\":true,\"valueName\":\"search_term_string\"}}],\"inLanguage\":\"fr-FR\"},{\"@type\":\"Person\",\"@id\":\"https:\\\/\\\/interamerica.org\\\/fr\\\/#\\\/schema\\\/person\\\/29998f2bc2d8bd0d38662909289b54f1\",\"name\":\"libna\",\"image\":{\"@type\":\"ImageObject\",\"inLanguage\":\"fr-FR\",\"@id\":\"https:\\\/\\\/secure.gravatar.com\\\/avatar\\\/7c5bd30ae4b47a9ba3c856590957fd1d96dc588bf3ac05719d247e126840331f?s=96&d=mm&r=g\",\"url\":\"https:\\\/\\\/secure.gravatar.com\\\/avatar\\\/7c5bd30ae4b47a9ba3c856590957fd1d96dc588bf3ac05719d247e126840331f?s=96&d=mm&r=g\",\"contentUrl\":\"https:\\\/\\\/secure.gravatar.com\\\/avatar\\\/7c5bd30ae4b47a9ba3c856590957fd1d96dc588bf3ac05719d247e126840331f?s=96&d=mm&r=g\",\"caption\":\"libna\"}}]}<\/script>\n<!-- \/ Yoast SEO plugin. -->","yoast_head_json":{"title":"Le g\u00e9n\u00e9reux petit ami et le bon nom de l\u2019\u00c9glise - \u00c9glise Adventiste Du Septieme Jour - Inter Am\u00e9rique Division","robots":{"index":"index","follow":"follow","max-snippet":"max-snippet:-1","max-image-preview":"max-image-preview:large","max-video-preview":"max-video-preview:-1"},"canonical":"https:\/\/interamerica.org\/fr\/2022\/03\/le-genereux-petit-ami-et-le-bon-nom-de-leglise\/","og_locale":"fr_FR","og_type":"article","og_title":"Le g\u00e9n\u00e9reux petit ami et le bon nom de l\u2019\u00c9glise - \u00c9glise Adventiste Du Septieme Jour - Inter Am\u00e9rique Division","og_description":"En Bulgarie, de petits miracles accompagnent l\u2019aide humanitaire adventiste \u00e0 l\u2019Ukraine. Le 13 mars 2022 | Suisse | Andreas Mazza pour la Division intereurop\u00e9enne et Adventist Review Le conflit arm\u00e9...","og_url":"https:\/\/interamerica.org\/fr\/2022\/03\/le-genereux-petit-ami-et-le-bon-nom-de-leglise\/","og_site_name":"\u00c9glise Adventiste Du Septieme Jour - Inter Am\u00e9rique Division","article_published_time":"2022-03-15T00:31:37+00:00","article_modified_time":"2022-03-18T02:24:04+00:00","og_image":[{"width":1000,"height":625,"url":"https:\/\/interamerica.org\/wp-content\/uploads\/2022\/03\/the-generous-boyfriend-and-the-churchs-good-name1.jpeg","type":"image\/jpeg"}],"author":"libna","twitter_card":"summary_large_image","twitter_misc":{"\u00c9crit par":"libna","Dur\u00e9e de lecture estim\u00e9e":"4 minutes"},"schema":{"@context":"https:\/\/schema.org","@graph":[{"@type":"Article","@id":"https:\/\/interamerica.org\/fr\/2022\/03\/le-genereux-petit-ami-et-le-bon-nom-de-leglise\/#article","isPartOf":{"@id":"https:\/\/interamerica.org\/fr\/2022\/03\/le-genereux-petit-ami-et-le-bon-nom-de-leglise\/"},"author":{"name":"libna","@id":"https:\/\/interamerica.org\/fr\/#\/schema\/person\/29998f2bc2d8bd0d38662909289b54f1"},"headline":"Le g\u00e9n\u00e9reux petit ami et le bon nom de l\u2019\u00c9glise","datePublished":"2022-03-15T00:31:37+00:00","dateModified":"2022-03-18T02:24:04+00:00","mainEntityOfPage":{"@id":"https:\/\/interamerica.org\/fr\/2022\/03\/le-genereux-petit-ami-et-le-bon-nom-de-leglise\/"},"wordCount":854,"image":{"@id":"https:\/\/interamerica.org\/fr\/2022\/03\/le-genereux-petit-ami-et-le-bon-nom-de-leglise\/#primaryimage"},"thumbnailUrl":"https:\/\/interamerica.org\/wp-content\/uploads\/2022\/03\/the-generous-boyfriend-and-the-churchs-good-name1.jpeg","articleSection":["Nouvelles de l'\u00c9glise mondiale","RSS Fran\u00e7ais"],"inLanguage":"fr-FR"},{"@type":"WebPage","@id":"https:\/\/interamerica.org\/fr\/2022\/03\/le-genereux-petit-ami-et-le-bon-nom-de-leglise\/","url":"https:\/\/interamerica.org\/fr\/2022\/03\/le-genereux-petit-ami-et-le-bon-nom-de-leglise\/","name":"Le g\u00e9n\u00e9reux petit ami et le bon nom de l\u2019\u00c9glise - \u00c9glise Adventiste Du Septieme Jour - Inter Am\u00e9rique Division","isPartOf":{"@id":"https:\/\/interamerica.org\/fr\/#website"},"primaryImageOfPage":{"@id":"https:\/\/interamerica.org\/fr\/2022\/03\/le-genereux-petit-ami-et-le-bon-nom-de-leglise\/#primaryimage"},"image":{"@id":"https:\/\/interamerica.org\/fr\/2022\/03\/le-genereux-petit-ami-et-le-bon-nom-de-leglise\/#primaryimage"},"thumbnailUrl":"https:\/\/interamerica.org\/wp-content\/uploads\/2022\/03\/the-generous-boyfriend-and-the-churchs-good-name1.jpeg","datePublished":"2022-03-15T00:31:37+00:00","dateModified":"2022-03-18T02:24:04+00:00","author":{"@id":"https:\/\/interamerica.org\/fr\/#\/schema\/person\/29998f2bc2d8bd0d38662909289b54f1"},"breadcrumb":{"@id":"https:\/\/interamerica.org\/fr\/2022\/03\/le-genereux-petit-ami-et-le-bon-nom-de-leglise\/#breadcrumb"},"inLanguage":"fr-FR","potentialAction":[{"@type":"ReadAction","target":["https:\/\/interamerica.org\/fr\/2022\/03\/le-genereux-petit-ami-et-le-bon-nom-de-leglise\/"]}]},{"@type":"ImageObject","inLanguage":"fr-FR","@id":"https:\/\/interamerica.org\/fr\/2022\/03\/le-genereux-petit-ami-et-le-bon-nom-de-leglise\/#primaryimage","url":"https:\/\/interamerica.org\/wp-content\/uploads\/2022\/03\/the-generous-boyfriend-and-the-churchs-good-name1.jpeg","contentUrl":"https:\/\/interamerica.org\/wp-content\/uploads\/2022\/03\/the-generous-boyfriend-and-the-churchs-good-name1.jpeg","width":1000,"height":625},{"@type":"BreadcrumbList","@id":"https:\/\/interamerica.org\/fr\/2022\/03\/le-genereux-petit-ami-et-le-bon-nom-de-leglise\/#breadcrumb","itemListElement":[{"@type":"ListItem","position":1,"name":"Home","item":"https:\/\/interamerica.org\/fr\/"},{"@type":"ListItem","position":2,"name":"Le g\u00e9n\u00e9reux petit ami et le bon nom de l\u2019\u00c9glise"}]},{"@type":"WebSite","@id":"https:\/\/interamerica.org\/fr\/#website","url":"https:\/\/interamerica.org\/fr\/","name":"\u00c9glise Adventiste Du Septieme Jour - Inter Am\u00e9rique Division","description":"","potentialAction":[{"@type":"SearchAction","target":{"@type":"EntryPoint","urlTemplate":"https:\/\/interamerica.org\/fr\/?s={search_term_string}"},"query-input":{"@type":"PropertyValueSpecification","valueRequired":true,"valueName":"search_term_string"}}],"inLanguage":"fr-FR"},{"@type":"Person","@id":"https:\/\/interamerica.org\/fr\/#\/schema\/person\/29998f2bc2d8bd0d38662909289b54f1","name":"libna","image":{"@type":"ImageObject","inLanguage":"fr-FR","@id":"https:\/\/secure.gravatar.com\/avatar\/7c5bd30ae4b47a9ba3c856590957fd1d96dc588bf3ac05719d247e126840331f?s=96&d=mm&r=g","url":"https:\/\/secure.gravatar.com\/avatar\/7c5bd30ae4b47a9ba3c856590957fd1d96dc588bf3ac05719d247e126840331f?s=96&d=mm&r=g","contentUrl":"https:\/\/secure.gravatar.com\/avatar\/7c5bd30ae4b47a9ba3c856590957fd1d96dc588bf3ac05719d247e126840331f?s=96&d=mm&r=g","caption":"libna"}}]}},"_links":{"self":[{"href":"https:\/\/interamerica.org\/fr\/wp-json\/wp\/v2\/posts\/82537","targetHints":{"allow":["GET"]}}],"collection":[{"href":"https:\/\/interamerica.org\/fr\/wp-json\/wp\/v2\/posts"}],"about":[{"href":"https:\/\/interamerica.org\/fr\/wp-json\/wp\/v2\/types\/post"}],"author":[{"embeddable":true,"href":"https:\/\/interamerica.org\/fr\/wp-json\/wp\/v2\/users\/3"}],"replies":[{"embeddable":true,"href":"https:\/\/interamerica.org\/fr\/wp-json\/wp\/v2\/comments?post=82537"}],"version-history":[{"count":0,"href":"https:\/\/interamerica.org\/fr\/wp-json\/wp\/v2\/posts\/82537\/revisions"}],"wp:featuredmedia":[{"embeddable":true,"href":"https:\/\/interamerica.org\/fr\/wp-json\/wp\/v2\/media\/82500"}],"wp:attachment":[{"href":"https:\/\/interamerica.org\/fr\/wp-json\/wp\/v2\/media?parent=82537"}],"wp:term":[{"taxonomy":"category","embeddable":true,"href":"https:\/\/interamerica.org\/fr\/wp-json\/wp\/v2\/categories?post=82537"},{"taxonomy":"post_tag","embeddable":true,"href":"https:\/\/interamerica.org\/fr\/wp-json\/wp\/v2\/tags?post=82537"}],"curies":[{"name":"wp","href":"https:\/\/api.w.org\/{rel}","templated":true}]}}