{"id":82690,"date":"2022-03-17T20:45:17","date_gmt":"2022-03-18T00:45:17","guid":{"rendered":"https:\/\/recursing-golick.147-182-135-0.plesk.page\/?p=82690"},"modified":"2022-03-18T21:45:39","modified_gmt":"2022-03-19T01:45:39","slug":"au-mexique-plus-de-15000-jeunes-nettoient-les-rues-de-la-ville-avant-la-journee-mondiale-de-la-jeunesse","status":"publish","type":"post","link":"https:\/\/interamerica.org\/fr\/2022\/03\/au-mexique-plus-de-15000-jeunes-nettoient-les-rues-de-la-ville-avant-la-journee-mondiale-de-la-jeunesse\/","title":{"rendered":"Au Mexique, plus de 15000 jeunes nettoient les rues de la ville avant la Journ\u00e9e Mondiale de la Jeunesse"},"content":{"rendered":"<p><div id=\"attachment_82634\" style=\"width: 887px\" class=\"wp-caption aligncenter\"><img fetchpriority=\"high\" decoding=\"async\" aria-describedby=\"caption-attachment-82634\" class=\" wp-image-82634\" src=\"https:\/\/recursing-golick.147-182-135-0.plesk.page\/wp-content\/uploads\/2022\/03\/chiapas-limpia-tu-ciudad-rake-1024x681.jpg\" alt=\"\" width=\"877\" height=\"583\" srcset=\"https:\/\/interamerica.org\/wp-content\/uploads\/2022\/03\/chiapas-limpia-tu-ciudad-rake-1024x681.jpg 1024w, https:\/\/interamerica.org\/wp-content\/uploads\/2022\/03\/chiapas-limpia-tu-ciudad-rake-300x199.jpg 300w, https:\/\/interamerica.org\/wp-content\/uploads\/2022\/03\/chiapas-limpia-tu-ciudad-rake-768x511.jpg 768w, https:\/\/interamerica.org\/wp-content\/uploads\/2022\/03\/chiapas-limpia-tu-ciudad-rake.jpg 1083w\" sizes=\"(max-width: 877px) 100vw, 877px\" \/><p id=\"caption-attachment-82634\" class=\"wp-caption-text\">Des jeunes adventistes rassemblent les d\u00e9bris et embellissent les espaces publics dans la partie sud du Chiapas, au Mexique, le 13 mars 2022. Le groupe fait partie des plus de 15000 jeunes qui sont descendus dans les rues de leurs villes, dans leurs communaut\u00e9s, les parcs et les lieux publics, dans le cadre de l\u2019initiative \u00ab Nettoyez Votre Ville \u00bb mise en place une semaine avant la tenue de la Journ\u00e9e Mondiale de la Jeunesse organis\u00e9e par l\u2019\u00c9glise adventiste mondiale. [Photo : Union Mexicaine du Chiapas]<\/p><\/div>17 Mars 2022 | Tuxtla Gutierrez, Chiapas, Mexique | Uriel Castellanos et Actualit\u00e9s de la Division Inter Am\u00e9ricaine<\/p>\n<p>Une semaine avant la Journ\u00e9e Mondiale de la Jeunesse de l\u2019\u00c9glise adventiste du septi\u00e8me jour, plus de 15000 adventistes du septi\u00e8me jour dans l\u2019\u00e9tat du Chiapas, au Mexique, sont descendus dans les rues, les parcs et les espaces publics le 13 mars 2022 pour nettoyer et inspirer les autres \u00e0 se joindre \u00e0 leurs efforts.<\/p>\n<p>Tr\u00e8s t\u00f4t, de nombreux clubs de jeunes des \u00e9glises locales ont rev\u00eatu leurs foulards d\u2019aventuriers, d\u2019\u00e9claireurs, de chef-guides ou leurs t-shirts portant l\u2019inscription \u00ab Le Dernier Espoir, \u00bb et se sont mis \u00e0 balayer, nettoyer et ramasser les ordures.<\/p>\n<p><div id=\"attachment_82637\" style=\"width: 858px\" class=\"wp-caption aligncenter\"><img decoding=\"async\" aria-describedby=\"caption-attachment-82637\" class=\" wp-image-82637\" src=\"https:\/\/recursing-golick.147-182-135-0.plesk.page\/wp-content\/uploads\/2022\/03\/chiapas-limbia-tu-ciudad-garbagetruck.png\" alt=\"\" width=\"848\" height=\"633\" srcset=\"https:\/\/interamerica.org\/wp-content\/uploads\/2022\/03\/chiapas-limbia-tu-ciudad-garbagetruck.png 900w, https:\/\/interamerica.org\/wp-content\/uploads\/2022\/03\/chiapas-limbia-tu-ciudad-garbagetruck-300x224.png 300w, https:\/\/interamerica.org\/wp-content\/uploads\/2022\/03\/chiapas-limbia-tu-ciudad-garbagetruck-768x573.png 768w\" sizes=\"(max-width: 848px) 100vw, 848px\" \/><p id=\"caption-attachment-82637\" class=\"wp-caption-text\">Des jeunes \u00e0 Motozintla, dans le sud du Chiapas, chargent des sacs d\u2019ordures dans un camion mis \u00e0 disposition par les autorit\u00e9s locales. [Photo : Union Mexicaine du Chiapas]<\/p><\/div>L\u2019initiative de l\u2019\u00e9glise pour l\u2019ensemble du territoire de l\u2019\u00e9tat, baptis\u00e9e \u00ab Nettoyez Votre Ville, \u00bb a \u00e9t\u00e9 mise en place il y a trois ans par les minist\u00e8res de la jeunesse du Chiapas pour motiver les jeunes et les moins jeunes \u00e0 prendre soin de leur environnement en tant qu\u2019intendants de Dieu, a d\u00e9clar\u00e9 le pasteur Daniel Torreblanca, directeur des minist\u00e8res de la jeunesse pour l\u2019\u00c9glise adventiste dans le Chiapas.<\/p>\n<p>\u00ab A cause de la pand\u00e9mie, les jeunes n\u2019avaient pas \u00e9t\u00e9 en mesure de nettoyer librement les rues de Tuxtla Guti\u00e9rrez comme pr\u00e9vu, mais cette ann\u00e9e, nous avons pu motiver les jeunes \u00e0 aller jusqu\u2019\u00e0 nettoyer leurs villes et leurs communaut\u00e9s, \u00bb a dit pasteur Torreblanca.<\/p>\n<p>\u00ab Nous \u00e9tions vraiment heureux de voir des enfants et des jeunes se d\u00e9placer et nettoyer parce qu\u2019ils sont au clair quant \u00e0 leur r\u00f4le de bons intendants, \u00bb a expliqu\u00e9 Daniel Torreblanca. De plus, l\u2019initiative enseigne aux jeunes que prendre part \u00e0 l\u2019activit\u00e9 contribue \u00e0 envoyer un message sur la cr\u00e9ation, ce qui est un sermon silencieux et efficace, a-t-il ajout\u00e9.<\/p>\n<p><div id=\"attachment_82640\" style=\"width: 844px\" class=\"wp-caption aligncenter\"><img decoding=\"async\" aria-describedby=\"caption-attachment-82640\" class=\" wp-image-82640\" src=\"https:\/\/recursing-golick.147-182-135-0.plesk.page\/wp-content\/uploads\/2022\/03\/chiapas-limpia-tu-ciudad-park.png\" alt=\"\" width=\"834\" height=\"622\" srcset=\"https:\/\/interamerica.org\/wp-content\/uploads\/2022\/03\/chiapas-limpia-tu-ciudad-park.png 900w, https:\/\/interamerica.org\/wp-content\/uploads\/2022\/03\/chiapas-limpia-tu-ciudad-park-300x224.png 300w, https:\/\/interamerica.org\/wp-content\/uploads\/2022\/03\/chiapas-limpia-tu-ciudad-park-768x573.png 768w\" sizes=\"(max-width: 834px) 100vw, 834px\" \/><p id=\"caption-attachment-82640\" class=\"wp-caption-text\">Balai \u00e0 la main, des jeunes nettoient le parc central \u00e0 El Limar, dans le nord du Chiapas. [Photo : Union Mexicaine du Chiapas]<\/p><\/div>\u00c0 Tuxtla Guti\u00e9rrez, la ville capitale, pr\u00e8s de 1500 jeunes ont nettoy\u00e9 le lit de la rivi\u00e8re autour de la Rivi\u00e8re Sabinal, ajoutant leurs efforts \u00e0 ceux des autorit\u00e9s municipales dans leur campagne visant \u00e0 restaurer une zone de drainage qui traverse la ville et qui \u00e9tait auparavant utilis\u00e9e comme canal d\u2019\u00e9vacuation des eaux us\u00e9es.<\/p>\n<p>Le pr\u00e9sident municipal de Tuxtla Guti\u00e9rrez, Carlos Morales, a rencontr\u00e9 les jeunes b\u00e9n\u00e9voles pour les f\u00e9liciter pour leur esprit de service et a remerci\u00e9 l\u2019\u00e9glise dans sa d\u00e9marche visant \u00e0 rendre le monde meilleur.<\/p>\n<p>Dans tout le Chiapas, les dirigeants municipaux ont rendu visite aux jeunes l\u00e0 o\u00f9 ils servaient pour les f\u00e9liciter.<\/p>\n<p><div id=\"attachment_82645\" style=\"width: 853px\" class=\"wp-caption aligncenter\"><img loading=\"lazy\" decoding=\"async\" aria-describedby=\"caption-attachment-82645\" class=\" wp-image-82645\" src=\"https:\/\/recursing-golick.147-182-135-0.plesk.page\/wp-content\/uploads\/2022\/03\/chiapas-climpia-tu-ciudad.png\" alt=\"\" width=\"843\" height=\"528\" srcset=\"https:\/\/interamerica.org\/wp-content\/uploads\/2022\/03\/chiapas-climpia-tu-ciudad.png 1000w, https:\/\/interamerica.org\/wp-content\/uploads\/2022\/03\/chiapas-climpia-tu-ciudad-300x188.png 300w, https:\/\/interamerica.org\/wp-content\/uploads\/2022\/03\/chiapas-climpia-tu-ciudad-768x480.png 768w\" sizes=\"(max-width: 843px) 100vw, 843px\" \/><p id=\"caption-attachment-82645\" class=\"wp-caption-text\">Des jeunes agitent la main tout en tenant un sac d\u2019ordures qu\u2019ils ont ramass\u00e9es \u00e0 Comit\u00e1n, dans le Chiapas. [Photo : Union Mexicaine du Chiapas]<\/p><\/div>Pasteur Ignacio Navarro, pr\u00e9sident de l\u2019\u00c9glise adventiste dans l\u2019\u00e9tat du Chiapas, a exprim\u00e9 \u00e0 quel point il \u00e9tait fier de la passion et de l\u2019engagement manifest\u00e9s par tant d\u2019enfants et de jeunes lors du nettoyage. \u00ab C\u2019est tout simplement une d\u00e9monstration que l\u2019\u00e9glise se pr\u00e9occupe de l\u2019\u00e9tat de la soci\u00e9t\u00e9 et pr\u00e9sente J\u00e9sus dans nos villes et dans nos communaut\u00e9s \u00e0 travers le message pratique de l\u2019\u00e9vangile, \u00bb a d\u00e9clar\u00e9 pasteur Navarro.<\/p>\n<p>De nombreux passants se sont joints aux jeunes lors de l\u2019activit\u00e9 de nettoyage, ont d\u00e9clar\u00e9 les dirigeants de l\u2019\u00e9glise. L\u2019activit\u00e9 a \u00e9t\u00e9 couverte par la t\u00e9l\u00e9vision et la presse \u00e9crite.<\/p>\n<p>\u00ab Je suis tr\u00e8s heureuse de voir autant d\u2019enfants impliqu\u00e9s dans le nettoyage, de voir qu\u2019\u00e0 un si jeune \u00e2ge, ils ont la motivation avec l\u2019\u00c9glise adventiste, de prendre soin de l\u2019environnement, \u00bb a d\u00e9clar\u00e9 Elida Garc\u00eda, une r\u00e9sidente de Huixtla dans la partie sud de l\u2019\u00e9tat.<\/p>\n<p><div id=\"attachment_82628\" style=\"width: 852px\" class=\"wp-caption aligncenter\"><img loading=\"lazy\" decoding=\"async\" aria-describedby=\"caption-attachment-82628\" class=\" wp-image-82628\" src=\"https:\/\/recursing-golick.147-182-135-0.plesk.page\/wp-content\/uploads\/2022\/03\/chiapas-limpia-tu-ciudad-group-rio-sabinal.jpg\" alt=\"\" width=\"842\" height=\"526\" srcset=\"https:\/\/interamerica.org\/wp-content\/uploads\/2022\/03\/chiapas-limpia-tu-ciudad-group-rio-sabinal.jpg 1000w, https:\/\/interamerica.org\/wp-content\/uploads\/2022\/03\/chiapas-limpia-tu-ciudad-group-rio-sabinal-300x188.jpg 300w, https:\/\/interamerica.org\/wp-content\/uploads\/2022\/03\/chiapas-limpia-tu-ciudad-group-rio-sabinal-768x480.jpg 768w\" sizes=\"(max-width: 842px) 100vw, 842px\" \/><p id=\"caption-attachment-82628\" class=\"wp-caption-text\">Un groupe de jeunes pose pour une photo apr\u00e8s avoir nettoy\u00e9 les abords de la Rivi\u00e8re Sabinal \u00e0 Tuxtla Guti\u00e9rrez. [Photo : Union Mexicaine du Chiapas]<\/p><\/div>L\u2019initiative \u00ab Nettoyez Votre Ville \u00bb a \u00e9t\u00e9 organis\u00e9e dans le cadre de la campagne nationale d\u2019impact men\u00e9e par l\u2019\u00e9glise au Mexique. La campagne, baptis\u00e9e \u00ab Le Dernier Espoir, \u00bb pr\u00e9voit la distribution de trois millions de livres missionnaires de Clifford Goldstein intitul\u00e9s <em>Le Dernier Espoir. <\/em>\u00a0Plus de 800000 adventistes au Mexique distribueront les livres lors de la Journ\u00e9e Mondiale de la Jeunesse le 19 mars 2022.<\/p>\n<p>Pour en savoir plus sur l\u2019\u00c9glise adventiste du septi\u00e8me jour dans le Chiapas, au Mexique, l\u2019une des cinq principales r\u00e9gions eccl\u00e9siales du Mexique, visitez le site\u00a0<a href=\"https:\/\/urldefense.proofpoint.com\/v2\/url?u=http-3A__umch.org.mx_&amp;d=DwMFaQ&amp;c=tjPg1sbLxZ1bjgTYa5hhdyzvrRQ5lIm-1PubXARxg7w&amp;r=QRxhZ6zzWfakIxmZLcYU5ZN_w8zIA8rJMh2h-7AoibY&amp;m=dGJW1Pg4tG_CwbBXckgL5vgv8AcJc7XzSrwYEaNf_wQ7KYgjlLmEqFRVrsDKlhmN&amp;s=wtHvuOtvgMFBwlDlwjMU4-eUS2x6rSOZ0TB4Zb2lIbU&amp;e=\" data-saferedirecturl=\"https:\/\/www.google.com\/url?q=https:\/\/urldefense.proofpoint.com\/v2\/url?u%3Dhttp-3A__umch.org.mx_%26d%3DDwMFaQ%26c%3DtjPg1sbLxZ1bjgTYa5hhdyzvrRQ5lIm-1PubXARxg7w%26r%3DQRxhZ6zzWfakIxmZLcYU5ZN_w8zIA8rJMh2h-7AoibY%26m%3DdGJW1Pg4tG_CwbBXckgL5vgv8AcJc7XzSrwYEaNf_wQ7KYgjlLmEqFRVrsDKlhmN%26s%3DwtHvuOtvgMFBwlDlwjMU4-eUS2x6rSOZ0TB4Zb2lIbU%26e%3D&amp;source=gmail&amp;ust=1647629927887000&amp;usg=AOvVaw19-0Abbu_-HWJWtWT9t7n6\">umch.org.mx<\/a><\/p>\n<p>Traduction: Patrick Luciathe<\/p>\n","protected":false},"excerpt":{"rendered":"<p>17 Mars 2022 | Tuxtla Gutierrez, Chiapas, Mexique | Uriel Castellanos et Actualit\u00e9s de la Division Inter Am\u00e9ricaine Une semaine avant la Journ\u00e9e Mondiale de la Jeunesse de l\u2019\u00c9glise adventiste&#8230;<\/p>\n","protected":false},"author":3,"featured_media":82634,"comment_status":"closed","ping_status":"closed","sticky":false,"template":"","format":"standard","meta":{"_acf_changed":false,"footnotes":""},"categories":[21,19],"tags":[],"class_list":["post-82690","post","type-post","status-publish","format-standard","has-post-thumbnail","hentry","category-nouvelles-du-territoire","category-rss-francais"],"acf":[],"yoast_head":"<!-- This site is optimized with the Yoast SEO plugin v27.3 - https:\/\/yoast.com\/product\/yoast-seo-wordpress\/ -->\n<title>Au Mexique, plus de 15000 jeunes nettoient les rues de la ville avant la Journ\u00e9e Mondiale de la Jeunesse - \u00c9glise Adventiste Du Septieme Jour - Inter Am\u00e9rique Division<\/title>\n<meta name=\"robots\" content=\"index, follow, max-snippet:-1, max-image-preview:large, max-video-preview:-1\" \/>\n<link rel=\"canonical\" href=\"https:\/\/interamerica.org\/fr\/2022\/03\/au-mexique-plus-de-15000-jeunes-nettoient-les-rues-de-la-ville-avant-la-journee-mondiale-de-la-jeunesse\/\" \/>\n<meta property=\"og:locale\" content=\"fr_FR\" \/>\n<meta property=\"og:type\" content=\"article\" \/>\n<meta property=\"og:title\" content=\"Au Mexique, plus de 15000 jeunes nettoient les rues de la ville avant la Journ\u00e9e Mondiale de la Jeunesse - \u00c9glise Adventiste Du Septieme Jour - Inter Am\u00e9rique Division\" \/>\n<meta property=\"og:description\" content=\"17 Mars 2022 | Tuxtla Gutierrez, Chiapas, Mexique | Uriel Castellanos et Actualit\u00e9s de la Division Inter Am\u00e9ricaine Une semaine avant la Journ\u00e9e Mondiale de la Jeunesse de l\u2019\u00c9glise adventiste...\" \/>\n<meta property=\"og:url\" content=\"https:\/\/interamerica.org\/fr\/2022\/03\/au-mexique-plus-de-15000-jeunes-nettoient-les-rues-de-la-ville-avant-la-journee-mondiale-de-la-jeunesse\/\" \/>\n<meta property=\"og:site_name\" content=\"\u00c9glise Adventiste Du Septieme Jour - Inter Am\u00e9rique Division\" \/>\n<meta property=\"article:published_time\" content=\"2022-03-18T00:45:17+00:00\" \/>\n<meta property=\"article:modified_time\" content=\"2022-03-19T01:45:39+00:00\" \/>\n<meta property=\"og:image\" content=\"https:\/\/interamerica.org\/wp-content\/uploads\/2022\/03\/chiapas-limpia-tu-ciudad-rake.jpg\" \/>\n\t<meta property=\"og:image:width\" content=\"1083\" \/>\n\t<meta property=\"og:image:height\" content=\"720\" \/>\n\t<meta property=\"og:image:type\" content=\"image\/jpeg\" \/>\n<meta name=\"author\" content=\"libna\" \/>\n<meta name=\"twitter:card\" content=\"summary_large_image\" \/>\n<meta name=\"twitter:label1\" content=\"\u00c9crit par\" \/>\n\t<meta name=\"twitter:data1\" content=\"libna\" \/>\n\t<meta name=\"twitter:label2\" content=\"Dur\u00e9e de lecture estim\u00e9e\" \/>\n\t<meta name=\"twitter:data2\" content=\"5 minutes\" \/>\n<script type=\"application\/ld+json\" class=\"yoast-schema-graph\">{\"@context\":\"https:\\\/\\\/schema.org\",\"@graph\":[{\"@type\":\"Article\",\"@id\":\"https:\\\/\\\/interamerica.org\\\/fr\\\/2022\\\/03\\\/au-mexique-plus-de-15000-jeunes-nettoient-les-rues-de-la-ville-avant-la-journee-mondiale-de-la-jeunesse\\\/#article\",\"isPartOf\":{\"@id\":\"https:\\\/\\\/interamerica.org\\\/fr\\\/2022\\\/03\\\/au-mexique-plus-de-15000-jeunes-nettoient-les-rues-de-la-ville-avant-la-journee-mondiale-de-la-jeunesse\\\/\"},\"author\":{\"name\":\"libna\",\"@id\":\"https:\\\/\\\/interamerica.org\\\/fr\\\/#\\\/schema\\\/person\\\/29998f2bc2d8bd0d38662909289b54f1\"},\"headline\":\"Au Mexique, plus de 15000 jeunes nettoient les rues de la ville avant la Journ\u00e9e Mondiale de la Jeunesse\",\"datePublished\":\"2022-03-18T00:45:17+00:00\",\"dateModified\":\"2022-03-19T01:45:39+00:00\",\"mainEntityOfPage\":{\"@id\":\"https:\\\/\\\/interamerica.org\\\/fr\\\/2022\\\/03\\\/au-mexique-plus-de-15000-jeunes-nettoient-les-rues-de-la-ville-avant-la-journee-mondiale-de-la-jeunesse\\\/\"},\"wordCount\":945,\"image\":{\"@id\":\"https:\\\/\\\/interamerica.org\\\/fr\\\/2022\\\/03\\\/au-mexique-plus-de-15000-jeunes-nettoient-les-rues-de-la-ville-avant-la-journee-mondiale-de-la-jeunesse\\\/#primaryimage\"},\"thumbnailUrl\":\"https:\\\/\\\/interamerica.org\\\/wp-content\\\/uploads\\\/2022\\\/03\\\/chiapas-limpia-tu-ciudad-rake.jpg\",\"articleSection\":[\"Nouvelles du territoire\",\"RSS Fran\u00e7ais\"],\"inLanguage\":\"fr-FR\"},{\"@type\":\"WebPage\",\"@id\":\"https:\\\/\\\/interamerica.org\\\/fr\\\/2022\\\/03\\\/au-mexique-plus-de-15000-jeunes-nettoient-les-rues-de-la-ville-avant-la-journee-mondiale-de-la-jeunesse\\\/\",\"url\":\"https:\\\/\\\/interamerica.org\\\/fr\\\/2022\\\/03\\\/au-mexique-plus-de-15000-jeunes-nettoient-les-rues-de-la-ville-avant-la-journee-mondiale-de-la-jeunesse\\\/\",\"name\":\"Au Mexique, plus de 15000 jeunes nettoient les rues de la ville avant la Journ\u00e9e Mondiale de la Jeunesse - \u00c9glise Adventiste Du Septieme Jour - Inter Am\u00e9rique Division\",\"isPartOf\":{\"@id\":\"https:\\\/\\\/interamerica.org\\\/fr\\\/#website\"},\"primaryImageOfPage\":{\"@id\":\"https:\\\/\\\/interamerica.org\\\/fr\\\/2022\\\/03\\\/au-mexique-plus-de-15000-jeunes-nettoient-les-rues-de-la-ville-avant-la-journee-mondiale-de-la-jeunesse\\\/#primaryimage\"},\"image\":{\"@id\":\"https:\\\/\\\/interamerica.org\\\/fr\\\/2022\\\/03\\\/au-mexique-plus-de-15000-jeunes-nettoient-les-rues-de-la-ville-avant-la-journee-mondiale-de-la-jeunesse\\\/#primaryimage\"},\"thumbnailUrl\":\"https:\\\/\\\/interamerica.org\\\/wp-content\\\/uploads\\\/2022\\\/03\\\/chiapas-limpia-tu-ciudad-rake.jpg\",\"datePublished\":\"2022-03-18T00:45:17+00:00\",\"dateModified\":\"2022-03-19T01:45:39+00:00\",\"author\":{\"@id\":\"https:\\\/\\\/interamerica.org\\\/fr\\\/#\\\/schema\\\/person\\\/29998f2bc2d8bd0d38662909289b54f1\"},\"breadcrumb\":{\"@id\":\"https:\\\/\\\/interamerica.org\\\/fr\\\/2022\\\/03\\\/au-mexique-plus-de-15000-jeunes-nettoient-les-rues-de-la-ville-avant-la-journee-mondiale-de-la-jeunesse\\\/#breadcrumb\"},\"inLanguage\":\"fr-FR\",\"potentialAction\":[{\"@type\":\"ReadAction\",\"target\":[\"https:\\\/\\\/interamerica.org\\\/fr\\\/2022\\\/03\\\/au-mexique-plus-de-15000-jeunes-nettoient-les-rues-de-la-ville-avant-la-journee-mondiale-de-la-jeunesse\\\/\"]}]},{\"@type\":\"ImageObject\",\"inLanguage\":\"fr-FR\",\"@id\":\"https:\\\/\\\/interamerica.org\\\/fr\\\/2022\\\/03\\\/au-mexique-plus-de-15000-jeunes-nettoient-les-rues-de-la-ville-avant-la-journee-mondiale-de-la-jeunesse\\\/#primaryimage\",\"url\":\"https:\\\/\\\/interamerica.org\\\/wp-content\\\/uploads\\\/2022\\\/03\\\/chiapas-limpia-tu-ciudad-rake.jpg\",\"contentUrl\":\"https:\\\/\\\/interamerica.org\\\/wp-content\\\/uploads\\\/2022\\\/03\\\/chiapas-limpia-tu-ciudad-rake.jpg\",\"width\":1083,\"height\":720,\"caption\":\"[Photo: Union Mexicaine du Chiapas]\"},{\"@type\":\"BreadcrumbList\",\"@id\":\"https:\\\/\\\/interamerica.org\\\/fr\\\/2022\\\/03\\\/au-mexique-plus-de-15000-jeunes-nettoient-les-rues-de-la-ville-avant-la-journee-mondiale-de-la-jeunesse\\\/#breadcrumb\",\"itemListElement\":[{\"@type\":\"ListItem\",\"position\":1,\"name\":\"Home\",\"item\":\"https:\\\/\\\/interamerica.org\\\/fr\\\/\"},{\"@type\":\"ListItem\",\"position\":2,\"name\":\"Au Mexique, plus de 15000 jeunes nettoient les rues de la ville avant la Journ\u00e9e Mondiale de la Jeunesse\"}]},{\"@type\":\"WebSite\",\"@id\":\"https:\\\/\\\/interamerica.org\\\/fr\\\/#website\",\"url\":\"https:\\\/\\\/interamerica.org\\\/fr\\\/\",\"name\":\"\u00c9glise Adventiste Du Septieme Jour - Inter Am\u00e9rique Division\",\"description\":\"\",\"potentialAction\":[{\"@type\":\"SearchAction\",\"target\":{\"@type\":\"EntryPoint\",\"urlTemplate\":\"https:\\\/\\\/interamerica.org\\\/fr\\\/?s={search_term_string}\"},\"query-input\":{\"@type\":\"PropertyValueSpecification\",\"valueRequired\":true,\"valueName\":\"search_term_string\"}}],\"inLanguage\":\"fr-FR\"},{\"@type\":\"Person\",\"@id\":\"https:\\\/\\\/interamerica.org\\\/fr\\\/#\\\/schema\\\/person\\\/29998f2bc2d8bd0d38662909289b54f1\",\"name\":\"libna\",\"image\":{\"@type\":\"ImageObject\",\"inLanguage\":\"fr-FR\",\"@id\":\"https:\\\/\\\/secure.gravatar.com\\\/avatar\\\/7c5bd30ae4b47a9ba3c856590957fd1d96dc588bf3ac05719d247e126840331f?s=96&d=mm&r=g\",\"url\":\"https:\\\/\\\/secure.gravatar.com\\\/avatar\\\/7c5bd30ae4b47a9ba3c856590957fd1d96dc588bf3ac05719d247e126840331f?s=96&d=mm&r=g\",\"contentUrl\":\"https:\\\/\\\/secure.gravatar.com\\\/avatar\\\/7c5bd30ae4b47a9ba3c856590957fd1d96dc588bf3ac05719d247e126840331f?s=96&d=mm&r=g\",\"caption\":\"libna\"}}]}<\/script>\n<!-- \/ Yoast SEO plugin. -->","yoast_head_json":{"title":"Au Mexique, plus de 15000 jeunes nettoient les rues de la ville avant la Journ\u00e9e Mondiale de la Jeunesse - \u00c9glise Adventiste Du Septieme Jour - Inter Am\u00e9rique Division","robots":{"index":"index","follow":"follow","max-snippet":"max-snippet:-1","max-image-preview":"max-image-preview:large","max-video-preview":"max-video-preview:-1"},"canonical":"https:\/\/interamerica.org\/fr\/2022\/03\/au-mexique-plus-de-15000-jeunes-nettoient-les-rues-de-la-ville-avant-la-journee-mondiale-de-la-jeunesse\/","og_locale":"fr_FR","og_type":"article","og_title":"Au Mexique, plus de 15000 jeunes nettoient les rues de la ville avant la Journ\u00e9e Mondiale de la Jeunesse - \u00c9glise Adventiste Du Septieme Jour - Inter Am\u00e9rique Division","og_description":"17 Mars 2022 | Tuxtla Gutierrez, Chiapas, Mexique | Uriel Castellanos et Actualit\u00e9s de la Division Inter Am\u00e9ricaine Une semaine avant la Journ\u00e9e Mondiale de la Jeunesse de l\u2019\u00c9glise adventiste...","og_url":"https:\/\/interamerica.org\/fr\/2022\/03\/au-mexique-plus-de-15000-jeunes-nettoient-les-rues-de-la-ville-avant-la-journee-mondiale-de-la-jeunesse\/","og_site_name":"\u00c9glise Adventiste Du Septieme Jour - Inter Am\u00e9rique Division","article_published_time":"2022-03-18T00:45:17+00:00","article_modified_time":"2022-03-19T01:45:39+00:00","og_image":[{"width":1083,"height":720,"url":"https:\/\/interamerica.org\/wp-content\/uploads\/2022\/03\/chiapas-limpia-tu-ciudad-rake.jpg","type":"image\/jpeg"}],"author":"libna","twitter_card":"summary_large_image","twitter_misc":{"\u00c9crit par":"libna","Dur\u00e9e de lecture estim\u00e9e":"5 minutes"},"schema":{"@context":"https:\/\/schema.org","@graph":[{"@type":"Article","@id":"https:\/\/interamerica.org\/fr\/2022\/03\/au-mexique-plus-de-15000-jeunes-nettoient-les-rues-de-la-ville-avant-la-journee-mondiale-de-la-jeunesse\/#article","isPartOf":{"@id":"https:\/\/interamerica.org\/fr\/2022\/03\/au-mexique-plus-de-15000-jeunes-nettoient-les-rues-de-la-ville-avant-la-journee-mondiale-de-la-jeunesse\/"},"author":{"name":"libna","@id":"https:\/\/interamerica.org\/fr\/#\/schema\/person\/29998f2bc2d8bd0d38662909289b54f1"},"headline":"Au Mexique, plus de 15000 jeunes nettoient les rues de la ville avant la Journ\u00e9e Mondiale de la Jeunesse","datePublished":"2022-03-18T00:45:17+00:00","dateModified":"2022-03-19T01:45:39+00:00","mainEntityOfPage":{"@id":"https:\/\/interamerica.org\/fr\/2022\/03\/au-mexique-plus-de-15000-jeunes-nettoient-les-rues-de-la-ville-avant-la-journee-mondiale-de-la-jeunesse\/"},"wordCount":945,"image":{"@id":"https:\/\/interamerica.org\/fr\/2022\/03\/au-mexique-plus-de-15000-jeunes-nettoient-les-rues-de-la-ville-avant-la-journee-mondiale-de-la-jeunesse\/#primaryimage"},"thumbnailUrl":"https:\/\/interamerica.org\/wp-content\/uploads\/2022\/03\/chiapas-limpia-tu-ciudad-rake.jpg","articleSection":["Nouvelles du territoire","RSS Fran\u00e7ais"],"inLanguage":"fr-FR"},{"@type":"WebPage","@id":"https:\/\/interamerica.org\/fr\/2022\/03\/au-mexique-plus-de-15000-jeunes-nettoient-les-rues-de-la-ville-avant-la-journee-mondiale-de-la-jeunesse\/","url":"https:\/\/interamerica.org\/fr\/2022\/03\/au-mexique-plus-de-15000-jeunes-nettoient-les-rues-de-la-ville-avant-la-journee-mondiale-de-la-jeunesse\/","name":"Au Mexique, plus de 15000 jeunes nettoient les rues de la ville avant la Journ\u00e9e Mondiale de la Jeunesse - \u00c9glise Adventiste Du Septieme Jour - Inter Am\u00e9rique Division","isPartOf":{"@id":"https:\/\/interamerica.org\/fr\/#website"},"primaryImageOfPage":{"@id":"https:\/\/interamerica.org\/fr\/2022\/03\/au-mexique-plus-de-15000-jeunes-nettoient-les-rues-de-la-ville-avant-la-journee-mondiale-de-la-jeunesse\/#primaryimage"},"image":{"@id":"https:\/\/interamerica.org\/fr\/2022\/03\/au-mexique-plus-de-15000-jeunes-nettoient-les-rues-de-la-ville-avant-la-journee-mondiale-de-la-jeunesse\/#primaryimage"},"thumbnailUrl":"https:\/\/interamerica.org\/wp-content\/uploads\/2022\/03\/chiapas-limpia-tu-ciudad-rake.jpg","datePublished":"2022-03-18T00:45:17+00:00","dateModified":"2022-03-19T01:45:39+00:00","author":{"@id":"https:\/\/interamerica.org\/fr\/#\/schema\/person\/29998f2bc2d8bd0d38662909289b54f1"},"breadcrumb":{"@id":"https:\/\/interamerica.org\/fr\/2022\/03\/au-mexique-plus-de-15000-jeunes-nettoient-les-rues-de-la-ville-avant-la-journee-mondiale-de-la-jeunesse\/#breadcrumb"},"inLanguage":"fr-FR","potentialAction":[{"@type":"ReadAction","target":["https:\/\/interamerica.org\/fr\/2022\/03\/au-mexique-plus-de-15000-jeunes-nettoient-les-rues-de-la-ville-avant-la-journee-mondiale-de-la-jeunesse\/"]}]},{"@type":"ImageObject","inLanguage":"fr-FR","@id":"https:\/\/interamerica.org\/fr\/2022\/03\/au-mexique-plus-de-15000-jeunes-nettoient-les-rues-de-la-ville-avant-la-journee-mondiale-de-la-jeunesse\/#primaryimage","url":"https:\/\/interamerica.org\/wp-content\/uploads\/2022\/03\/chiapas-limpia-tu-ciudad-rake.jpg","contentUrl":"https:\/\/interamerica.org\/wp-content\/uploads\/2022\/03\/chiapas-limpia-tu-ciudad-rake.jpg","width":1083,"height":720,"caption":"[Photo: Union Mexicaine du Chiapas]"},{"@type":"BreadcrumbList","@id":"https:\/\/interamerica.org\/fr\/2022\/03\/au-mexique-plus-de-15000-jeunes-nettoient-les-rues-de-la-ville-avant-la-journee-mondiale-de-la-jeunesse\/#breadcrumb","itemListElement":[{"@type":"ListItem","position":1,"name":"Home","item":"https:\/\/interamerica.org\/fr\/"},{"@type":"ListItem","position":2,"name":"Au Mexique, plus de 15000 jeunes nettoient les rues de la ville avant la Journ\u00e9e Mondiale de la Jeunesse"}]},{"@type":"WebSite","@id":"https:\/\/interamerica.org\/fr\/#website","url":"https:\/\/interamerica.org\/fr\/","name":"\u00c9glise Adventiste Du Septieme Jour - Inter Am\u00e9rique Division","description":"","potentialAction":[{"@type":"SearchAction","target":{"@type":"EntryPoint","urlTemplate":"https:\/\/interamerica.org\/fr\/?s={search_term_string}"},"query-input":{"@type":"PropertyValueSpecification","valueRequired":true,"valueName":"search_term_string"}}],"inLanguage":"fr-FR"},{"@type":"Person","@id":"https:\/\/interamerica.org\/fr\/#\/schema\/person\/29998f2bc2d8bd0d38662909289b54f1","name":"libna","image":{"@type":"ImageObject","inLanguage":"fr-FR","@id":"https:\/\/secure.gravatar.com\/avatar\/7c5bd30ae4b47a9ba3c856590957fd1d96dc588bf3ac05719d247e126840331f?s=96&d=mm&r=g","url":"https:\/\/secure.gravatar.com\/avatar\/7c5bd30ae4b47a9ba3c856590957fd1d96dc588bf3ac05719d247e126840331f?s=96&d=mm&r=g","contentUrl":"https:\/\/secure.gravatar.com\/avatar\/7c5bd30ae4b47a9ba3c856590957fd1d96dc588bf3ac05719d247e126840331f?s=96&d=mm&r=g","caption":"libna"}}]}},"_links":{"self":[{"href":"https:\/\/interamerica.org\/fr\/wp-json\/wp\/v2\/posts\/82690","targetHints":{"allow":["GET"]}}],"collection":[{"href":"https:\/\/interamerica.org\/fr\/wp-json\/wp\/v2\/posts"}],"about":[{"href":"https:\/\/interamerica.org\/fr\/wp-json\/wp\/v2\/types\/post"}],"author":[{"embeddable":true,"href":"https:\/\/interamerica.org\/fr\/wp-json\/wp\/v2\/users\/3"}],"replies":[{"embeddable":true,"href":"https:\/\/interamerica.org\/fr\/wp-json\/wp\/v2\/comments?post=82690"}],"version-history":[{"count":0,"href":"https:\/\/interamerica.org\/fr\/wp-json\/wp\/v2\/posts\/82690\/revisions"}],"wp:featuredmedia":[{"embeddable":true,"href":"https:\/\/interamerica.org\/fr\/wp-json\/wp\/v2\/media\/82634"}],"wp:attachment":[{"href":"https:\/\/interamerica.org\/fr\/wp-json\/wp\/v2\/media?parent=82690"}],"wp:term":[{"taxonomy":"category","embeddable":true,"href":"https:\/\/interamerica.org\/fr\/wp-json\/wp\/v2\/categories?post=82690"},{"taxonomy":"post_tag","embeddable":true,"href":"https:\/\/interamerica.org\/fr\/wp-json\/wp\/v2\/tags?post=82690"}],"curies":[{"name":"wp","href":"https:\/\/api.w.org\/{rel}","templated":true}]}}