{"id":82691,"date":"2022-03-18T07:33:59","date_gmt":"2022-03-18T11:33:59","guid":{"rendered":"https:\/\/recursing-golick.147-182-135-0.plesk.page\/?p=82691"},"modified":"2022-03-18T21:46:06","modified_gmt":"2022-03-19T01:46:06","slug":"une-universite-adventiste-aide-a-reconstruire-la-maison-dune-famille-detruite-par-un-incendie-dans-le-nord-du-mexique","status":"publish","type":"post","link":"https:\/\/interamerica.org\/fr\/2022\/03\/une-universite-adventiste-aide-a-reconstruire-la-maison-dune-famille-detruite-par-un-incendie-dans-le-nord-du-mexique\/","title":{"rendered":"Une universit\u00e9 adventiste aide \u00e0 reconstruire la maison d\u2019une famille d\u00e9truite par un incendie dans le Nord du Mexique"},"content":{"rendered":"<p><div id=\"attachment_82667\" style=\"width: 900px\" class=\"wp-caption aligncenter\"><img fetchpriority=\"high\" decoding=\"async\" aria-describedby=\"caption-attachment-82667\" class=\" wp-image-82667\" src=\"https:\/\/recursing-golick.147-182-135-0.plesk.page\/wp-content\/uploads\/2022\/03\/um-martha-rocha-home-clean-up-after-fire-1280-1024x640.jpg\" alt=\"\" width=\"890\" height=\"556\" srcset=\"https:\/\/interamerica.org\/wp-content\/uploads\/2022\/03\/um-martha-rocha-home-clean-up-after-fire-1280-1024x640.jpg 1024w, https:\/\/interamerica.org\/wp-content\/uploads\/2022\/03\/um-martha-rocha-home-clean-up-after-fire-1280-300x188.jpg 300w, https:\/\/interamerica.org\/wp-content\/uploads\/2022\/03\/um-martha-rocha-home-clean-up-after-fire-1280-768x480.jpg 768w, https:\/\/interamerica.org\/wp-content\/uploads\/2022\/03\/um-martha-rocha-home-clean-up-after-fire-1280.jpg 1280w\" sizes=\"(max-width: 890px) 100vw, 890px\" \/><p id=\"caption-attachment-82667\" class=\"wp-caption-text\">Des \u00e9tudiants de l\u2019Universit\u00e9 de Montemorelos nettoient la maison de Martha Rocha et de ses enfants apr\u00e8s qu\u2019un court-circuit \u00e9lectrique ait d\u00e9clench\u00e9 un incendie qui a pratiquement tout br\u00fbl\u00e9 dans sa maison le 24 f\u00e9vrier 2022, dans la communaut\u00e9 de Maria Ancer. Le service de gestion communautaire et le service aux \u00e9tudiants de l\u2019universit\u00e9 coordonnent leurs efforts pour r\u00e9pondre aux besoins de base tels que la nourriture, les articles m\u00e9nagers et aideront bient\u00f4t \u00e0 la reconstruction de la maison. [Photo : Universit\u00e9 de Montemorelos]<\/p><\/div>17 Mars 2022 | Montemorelos, Nuevo Le\u00f3n, Mexique | Laura Marrero et Actualit\u00e9s de la Division Inter Am\u00e9ricaine<\/p>\n<p>Lorsqu\u2019une partie de la maison de Martha Rocha a commenc\u00e9 \u00e0 br\u00fbler apr\u00e8s qu\u2019un court-circuit \u00e9lectrique ait provoqu\u00e9 des flammes \u00e0 l\u2019int\u00e9rieur de sa maison le mois dernier, elle et ses trois enfants d\u00eenaient chez des membres de la famille. \u00c0 leur retour, la plupart de leurs biens, y compris les lits, les appareils culinaires, les meubles, les v\u00eatements et plus encore, avaient \u00e9t\u00e9 compl\u00e8tement consum\u00e9s par l\u2019incendie qu\u2019avait provoqu\u00e9 le court-circuit.<\/p>\n<p>Bien que la structure de la maison ait surv\u00e9cu, Martha Rocha \u00e9tait d\u00e9sesp\u00e9r\u00e9e. Elle, ainsi que son fr\u00e8re, ont h\u00e9rit\u00e9 de la maison de ses parents. La maison est situ\u00e9e dans la communaut\u00e9 de Maria Ancer, mieux connue sous le nom de Pancho Villa, non loin de l\u2019Universit\u00e9 adventiste de Montemorelos.<\/p>\n<p><div id=\"attachment_82658\" style=\"width: 906px\" class=\"wp-caption aligncenter\"><img decoding=\"async\" aria-describedby=\"caption-attachment-82658\" class=\" wp-image-82658\" src=\"https:\/\/recursing-golick.147-182-135-0.plesk.page\/wp-content\/uploads\/2022\/03\/um-rocha-home2.jpg\" alt=\"\" width=\"896\" height=\"597\" srcset=\"https:\/\/interamerica.org\/wp-content\/uploads\/2022\/03\/um-rocha-home2.jpg 1000w, https:\/\/interamerica.org\/wp-content\/uploads\/2022\/03\/um-rocha-home2-300x200.jpg 300w, https:\/\/interamerica.org\/wp-content\/uploads\/2022\/03\/um-rocha-home2-768x511.jpg 768w\" sizes=\"(max-width: 896px) 100vw, 896px\" \/><p id=\"caption-attachment-82658\" class=\"wp-caption-text\">Le professeur Oscar Castillo ainsi que des \u00e9tudiants de l\u2019\u00e9cole de musique visitent pour \u00e9valuer la logistique n\u00e9cessaire pour r\u00e9pondre aux besoins de base. [Photo : Universit\u00e9 de Montemorelos]<\/p><\/div>\u00ab Elle a non seulement perdu la plupart de ses biens mat\u00e9riels, mais aussi le moyen de gagner de l\u2019argent pour nourrir ses enfants, \u00bb a d\u00e9clar\u00e9 Nalda Hern\u00e1ndez de l\u2019Universit\u00e9 de Montemorelos, qui coordonne la gestion communautaire et la vision du service parmi les \u00e9tudiants d\u2019universit\u00e9 des communaut\u00e9s voisines. \u00ab Cela a caus\u00e9 beaucoup de stress \u00e0 Martha qui a d\u00e9j\u00e0 eu \u00e0 faire face \u00e0 des probl\u00e8mes de sant\u00e9 comme le diab\u00e8te, l\u2019hypertension et l\u2019ob\u00e9sit\u00e9. \u00bb<\/p>\n<p>Nalda Hern\u00e1ndez a \u00e9t\u00e9 contact\u00e9e par des dirigeants communautaires qui voulaient aider. De plus, les \u00e9tudiants de l\u2019Universit\u00e9 de Montemorelos ont imm\u00e9diatement apport\u00e9 leur aide \u00e0 Martha Rocha et \u00e0 sa famille en nettoyant la maison et ont fait en sorte d\u2019obtenir des ressources pour l\u2019aider \u00e0 reprendre l\u2019activit\u00e9 qui lui permet de gagner de l\u2019argent pour subvenir aux besoins de sa famille.<\/p>\n<p>Des \u00e9tudiants des sciences de la sant\u00e9 et de l\u2019\u00e9cole de musique ont entrepris de nettoyer la maison et de nettoyer les quelques objets que Martha Rocha et sa famille avaient pu r\u00e9cup\u00e9rer. Les professeurs et les membres du personnel ont uni leurs efforts pour travailler sur la logistique des fonds n\u00e9cessaires pour venir en aide \u00e0 la famille, a expliqu\u00e9 Nalda Hern\u00e1ndez.<\/p>\n<p><div id=\"attachment_82661\" style=\"width: 906px\" class=\"wp-caption aligncenter\"><img decoding=\"async\" aria-describedby=\"caption-attachment-82661\" class=\" wp-image-82661\" src=\"https:\/\/recursing-golick.147-182-135-0.plesk.page\/wp-content\/uploads\/2022\/03\/um-marta-rocha-outside.jpg\" alt=\"\" width=\"896\" height=\"597\" srcset=\"https:\/\/interamerica.org\/wp-content\/uploads\/2022\/03\/um-marta-rocha-outside.jpg 1000w, https:\/\/interamerica.org\/wp-content\/uploads\/2022\/03\/um-marta-rocha-outside-300x200.jpg 300w, https:\/\/interamerica.org\/wp-content\/uploads\/2022\/03\/um-marta-rocha-outside-768x511.jpg 768w\" sizes=\"(max-width: 896px) 100vw, 896px\" \/><p id=\"caption-attachment-82661\" class=\"wp-caption-text\">Des meubles, des appareils \u00e9lectrom\u00e9nagers et des articles m\u00e9nagers endommag\u00e9s plac\u00e9s \u00e0 l\u2019ext\u00e9rieur de la maison de Martha Rocha et de ses enfants. [Photo : Universit\u00e9 de Montemorelos]<\/p><\/div>\u00ab Nous avons pu rassembler des articles r\u00e9pondant aux besoins de base comme la nourriture pendant qu\u2019ils d\u00e9m\u00e9nageaient pour aller vivre chez un membre de la famille vivant \u00e0 proximit\u00e9, \u00bb a d\u00e9clar\u00e9 Hern\u00e1ndez.<\/p>\n<p>De plus, des professionnels de l\u2019\u00e9cole d\u2019architecture de Montemorelos ont commenc\u00e9 \u00e0 \u00e9valuer et \u00e0 \u00e9tudier les phases de reconstruction de la maison, en particulier le toit, ont d\u00e9clar\u00e9 les responsables de l\u2019universit\u00e9.<\/p>\n<p>Les membres de l\u2019\u00e9glise de l\u2019universit\u00e9 et de la communaut\u00e9 ont d\u00e9j\u00e0 r\u00e9cup\u00e9r\u00e9 des articles qui ont \u00e9t\u00e9 donn\u00e9s, du mat\u00e9riel et de l\u2019argent, et ont enr\u00f4l\u00e9 des b\u00e9n\u00e9voles pour aider \u00e0 la reconstruction de la maison.<\/p>\n<p><div id=\"attachment_82664\" style=\"width: 870px\" class=\"wp-caption aligncenter\"><img loading=\"lazy\" decoding=\"async\" aria-describedby=\"caption-attachment-82664\" class=\" wp-image-82664\" src=\"https:\/\/recursing-golick.147-182-135-0.plesk.page\/wp-content\/uploads\/2022\/03\/um-martha-rocha-supplies.jpg\" alt=\"\" width=\"860\" height=\"573\" srcset=\"https:\/\/interamerica.org\/wp-content\/uploads\/2022\/03\/um-martha-rocha-supplies.jpg 1000w, https:\/\/interamerica.org\/wp-content\/uploads\/2022\/03\/um-martha-rocha-supplies-300x200.jpg 300w, https:\/\/interamerica.org\/wp-content\/uploads\/2022\/03\/um-martha-rocha-supplies-768x511.jpg 768w\" sizes=\"(max-width: 860px) 100vw, 860px\" \/><p id=\"caption-attachment-82664\" class=\"wp-caption-text\">Certains des objets que la famille a pu sauver se trouvent \u00e0 l\u2019int\u00e9rieur de la structure de ce qui reste de la maison. [Photo : Universit\u00e9 de Montemorelos]<\/p><\/div>\u00ab Dans le cadre du soutien offert \u00e0 la famille Rocha, l\u2019universit\u00e9 a contact\u00e9 le Centre de Soins Familiaux du campus pour proposer un soutien psychologique et donner des outils pour surmonter la crise qu\u2019elle a travers\u00e9e, \u00bb a d\u00e9clar\u00e9 Nalda Hern\u00e1ndez. Martha Rocha a encore besoin de ressources financi\u00e8res et de soutien pour r\u00e9tablir sa maison et aller de l\u2019avant avec sa famille, a-t-elle ajout\u00e9. \u00ab C\u2019est le moment de mettre la mission en action, \u00bb a dit Nalda Hern\u00e1ndez.<\/p>\n<p>Des plans sont en cours pour offrir des lits, des matelas et une aide financi\u00e8re \u00e0 la famille. Les coordonnateurs des services communautaires esp\u00e8rent voir la maison reconstruite bient\u00f4t afin que la famille Rocha puisse retourner chez elle.<\/p>\n<p>Pour en savoir plus sur l\u2019action de proximit\u00e9 men\u00e9e par l\u2019Universit\u00e9 de Montemorelos dans les communaut\u00e9s environnantes, visitez le site <a href=\"https:\/\/www.um.edu.mx\/\">um.edu.mx<\/a><\/p>\n<p>Traduction: Patrick Luciathe<\/p>\n","protected":false},"excerpt":{"rendered":"<p>17 Mars 2022 | Montemorelos, Nuevo Le\u00f3n, Mexique | Laura Marrero et Actualit\u00e9s de la Division Inter Am\u00e9ricaine Lorsqu\u2019une partie de la maison de Martha Rocha a commenc\u00e9 \u00e0 br\u00fbler&#8230;<\/p>\n","protected":false},"author":3,"featured_media":82655,"comment_status":"closed","ping_status":"closed","sticky":false,"template":"","format":"standard","meta":{"_acf_changed":false,"footnotes":""},"categories":[20,19],"tags":[],"class_list":["post-82691","post","type-post","status-publish","format-standard","has-post-thumbnail","hentry","category-nouvelles-du-siege-de-la-division","category-rss-francais"],"acf":[],"yoast_head":"<!-- This site is optimized with the Yoast SEO plugin v27.3 - https:\/\/yoast.com\/product\/yoast-seo-wordpress\/ -->\n<title>Une universit\u00e9 adventiste aide \u00e0 reconstruire la maison d\u2019une famille d\u00e9truite par un incendie dans le Nord du Mexique - \u00c9glise Adventiste Du Septieme Jour - Inter Am\u00e9rique Division<\/title>\n<meta name=\"robots\" content=\"index, follow, max-snippet:-1, max-image-preview:large, max-video-preview:-1\" \/>\n<link rel=\"canonical\" href=\"https:\/\/interamerica.org\/fr\/2022\/03\/une-universite-adventiste-aide-a-reconstruire-la-maison-dune-famille-detruite-par-un-incendie-dans-le-nord-du-mexique\/\" \/>\n<meta property=\"og:locale\" content=\"fr_FR\" \/>\n<meta property=\"og:type\" content=\"article\" \/>\n<meta property=\"og:title\" content=\"Une universit\u00e9 adventiste aide \u00e0 reconstruire la maison d\u2019une famille d\u00e9truite par un incendie dans le Nord du Mexique - \u00c9glise Adventiste Du Septieme Jour - Inter Am\u00e9rique Division\" \/>\n<meta property=\"og:description\" content=\"17 Mars 2022 | Montemorelos, Nuevo Le\u00f3n, Mexique | Laura Marrero et Actualit\u00e9s de la Division Inter Am\u00e9ricaine Lorsqu\u2019une partie de la maison de Martha Rocha a commenc\u00e9 \u00e0 br\u00fbler...\" \/>\n<meta property=\"og:url\" content=\"https:\/\/interamerica.org\/fr\/2022\/03\/une-universite-adventiste-aide-a-reconstruire-la-maison-dune-famille-detruite-par-un-incendie-dans-le-nord-du-mexique\/\" \/>\n<meta property=\"og:site_name\" content=\"\u00c9glise Adventiste Du Septieme Jour - Inter Am\u00e9rique Division\" \/>\n<meta property=\"article:published_time\" content=\"2022-03-18T11:33:59+00:00\" \/>\n<meta property=\"article:modified_time\" content=\"2022-03-19T01:46:06+00:00\" \/>\n<meta property=\"og:image\" content=\"https:\/\/interamerica.org\/wp-content\/uploads\/2022\/03\/um-martha-rocha-home-clean-up-after-fire.jpg\" \/>\n\t<meta property=\"og:image:width\" content=\"1280\" \/>\n\t<meta property=\"og:image:height\" content=\"800\" \/>\n\t<meta property=\"og:image:type\" content=\"image\/jpeg\" \/>\n<meta name=\"author\" content=\"libna\" \/>\n<meta name=\"twitter:card\" content=\"summary_large_image\" \/>\n<meta name=\"twitter:label1\" content=\"\u00c9crit par\" \/>\n\t<meta name=\"twitter:data1\" content=\"libna\" \/>\n\t<meta name=\"twitter:label2\" content=\"Dur\u00e9e de lecture estim\u00e9e\" \/>\n\t<meta name=\"twitter:data2\" content=\"4 minutes\" \/>\n<script type=\"application\/ld+json\" class=\"yoast-schema-graph\">{\"@context\":\"https:\\\/\\\/schema.org\",\"@graph\":[{\"@type\":\"Article\",\"@id\":\"https:\\\/\\\/interamerica.org\\\/fr\\\/2022\\\/03\\\/une-universite-adventiste-aide-a-reconstruire-la-maison-dune-famille-detruite-par-un-incendie-dans-le-nord-du-mexique\\\/#article\",\"isPartOf\":{\"@id\":\"https:\\\/\\\/interamerica.org\\\/fr\\\/2022\\\/03\\\/une-universite-adventiste-aide-a-reconstruire-la-maison-dune-famille-detruite-par-un-incendie-dans-le-nord-du-mexique\\\/\"},\"author\":{\"name\":\"libna\",\"@id\":\"https:\\\/\\\/interamerica.org\\\/fr\\\/#\\\/schema\\\/person\\\/29998f2bc2d8bd0d38662909289b54f1\"},\"headline\":\"Une universit\u00e9 adventiste aide \u00e0 reconstruire la maison d\u2019une famille d\u00e9truite par un incendie dans le Nord du Mexique\",\"datePublished\":\"2022-03-18T11:33:59+00:00\",\"dateModified\":\"2022-03-19T01:46:06+00:00\",\"mainEntityOfPage\":{\"@id\":\"https:\\\/\\\/interamerica.org\\\/fr\\\/2022\\\/03\\\/une-universite-adventiste-aide-a-reconstruire-la-maison-dune-famille-detruite-par-un-incendie-dans-le-nord-du-mexique\\\/\"},\"wordCount\":880,\"image\":{\"@id\":\"https:\\\/\\\/interamerica.org\\\/fr\\\/2022\\\/03\\\/une-universite-adventiste-aide-a-reconstruire-la-maison-dune-famille-detruite-par-un-incendie-dans-le-nord-du-mexique\\\/#primaryimage\"},\"thumbnailUrl\":\"https:\\\/\\\/interamerica.org\\\/wp-content\\\/uploads\\\/2022\\\/03\\\/um-martha-rocha-home-clean-up-after-fire.jpg\",\"articleSection\":[\"Nouvelles du si\u00e8ge de la division\",\"RSS Fran\u00e7ais\"],\"inLanguage\":\"fr-FR\"},{\"@type\":\"WebPage\",\"@id\":\"https:\\\/\\\/interamerica.org\\\/fr\\\/2022\\\/03\\\/une-universite-adventiste-aide-a-reconstruire-la-maison-dune-famille-detruite-par-un-incendie-dans-le-nord-du-mexique\\\/\",\"url\":\"https:\\\/\\\/interamerica.org\\\/fr\\\/2022\\\/03\\\/une-universite-adventiste-aide-a-reconstruire-la-maison-dune-famille-detruite-par-un-incendie-dans-le-nord-du-mexique\\\/\",\"name\":\"Une universit\u00e9 adventiste aide \u00e0 reconstruire la maison d\u2019une famille d\u00e9truite par un incendie dans le Nord du Mexique - \u00c9glise Adventiste Du Septieme Jour - Inter Am\u00e9rique Division\",\"isPartOf\":{\"@id\":\"https:\\\/\\\/interamerica.org\\\/fr\\\/#website\"},\"primaryImageOfPage\":{\"@id\":\"https:\\\/\\\/interamerica.org\\\/fr\\\/2022\\\/03\\\/une-universite-adventiste-aide-a-reconstruire-la-maison-dune-famille-detruite-par-un-incendie-dans-le-nord-du-mexique\\\/#primaryimage\"},\"image\":{\"@id\":\"https:\\\/\\\/interamerica.org\\\/fr\\\/2022\\\/03\\\/une-universite-adventiste-aide-a-reconstruire-la-maison-dune-famille-detruite-par-un-incendie-dans-le-nord-du-mexique\\\/#primaryimage\"},\"thumbnailUrl\":\"https:\\\/\\\/interamerica.org\\\/wp-content\\\/uploads\\\/2022\\\/03\\\/um-martha-rocha-home-clean-up-after-fire.jpg\",\"datePublished\":\"2022-03-18T11:33:59+00:00\",\"dateModified\":\"2022-03-19T01:46:06+00:00\",\"author\":{\"@id\":\"https:\\\/\\\/interamerica.org\\\/fr\\\/#\\\/schema\\\/person\\\/29998f2bc2d8bd0d38662909289b54f1\"},\"breadcrumb\":{\"@id\":\"https:\\\/\\\/interamerica.org\\\/fr\\\/2022\\\/03\\\/une-universite-adventiste-aide-a-reconstruire-la-maison-dune-famille-detruite-par-un-incendie-dans-le-nord-du-mexique\\\/#breadcrumb\"},\"inLanguage\":\"fr-FR\",\"potentialAction\":[{\"@type\":\"ReadAction\",\"target\":[\"https:\\\/\\\/interamerica.org\\\/fr\\\/2022\\\/03\\\/une-universite-adventiste-aide-a-reconstruire-la-maison-dune-famille-detruite-par-un-incendie-dans-le-nord-du-mexique\\\/\"]}]},{\"@type\":\"ImageObject\",\"inLanguage\":\"fr-FR\",\"@id\":\"https:\\\/\\\/interamerica.org\\\/fr\\\/2022\\\/03\\\/une-universite-adventiste-aide-a-reconstruire-la-maison-dune-famille-detruite-par-un-incendie-dans-le-nord-du-mexique\\\/#primaryimage\",\"url\":\"https:\\\/\\\/interamerica.org\\\/wp-content\\\/uploads\\\/2022\\\/03\\\/um-martha-rocha-home-clean-up-after-fire.jpg\",\"contentUrl\":\"https:\\\/\\\/interamerica.org\\\/wp-content\\\/uploads\\\/2022\\\/03\\\/um-martha-rocha-home-clean-up-after-fire.jpg\",\"width\":1280,\"height\":800},{\"@type\":\"BreadcrumbList\",\"@id\":\"https:\\\/\\\/interamerica.org\\\/fr\\\/2022\\\/03\\\/une-universite-adventiste-aide-a-reconstruire-la-maison-dune-famille-detruite-par-un-incendie-dans-le-nord-du-mexique\\\/#breadcrumb\",\"itemListElement\":[{\"@type\":\"ListItem\",\"position\":1,\"name\":\"Home\",\"item\":\"https:\\\/\\\/interamerica.org\\\/fr\\\/\"},{\"@type\":\"ListItem\",\"position\":2,\"name\":\"Une universit\u00e9 adventiste aide \u00e0 reconstruire la maison d\u2019une famille d\u00e9truite par un incendie dans le Nord du Mexique\"}]},{\"@type\":\"WebSite\",\"@id\":\"https:\\\/\\\/interamerica.org\\\/fr\\\/#website\",\"url\":\"https:\\\/\\\/interamerica.org\\\/fr\\\/\",\"name\":\"\u00c9glise Adventiste Du Septieme Jour - Inter Am\u00e9rique Division\",\"description\":\"\",\"potentialAction\":[{\"@type\":\"SearchAction\",\"target\":{\"@type\":\"EntryPoint\",\"urlTemplate\":\"https:\\\/\\\/interamerica.org\\\/fr\\\/?s={search_term_string}\"},\"query-input\":{\"@type\":\"PropertyValueSpecification\",\"valueRequired\":true,\"valueName\":\"search_term_string\"}}],\"inLanguage\":\"fr-FR\"},{\"@type\":\"Person\",\"@id\":\"https:\\\/\\\/interamerica.org\\\/fr\\\/#\\\/schema\\\/person\\\/29998f2bc2d8bd0d38662909289b54f1\",\"name\":\"libna\",\"image\":{\"@type\":\"ImageObject\",\"inLanguage\":\"fr-FR\",\"@id\":\"https:\\\/\\\/secure.gravatar.com\\\/avatar\\\/7c5bd30ae4b47a9ba3c856590957fd1d96dc588bf3ac05719d247e126840331f?s=96&d=mm&r=g\",\"url\":\"https:\\\/\\\/secure.gravatar.com\\\/avatar\\\/7c5bd30ae4b47a9ba3c856590957fd1d96dc588bf3ac05719d247e126840331f?s=96&d=mm&r=g\",\"contentUrl\":\"https:\\\/\\\/secure.gravatar.com\\\/avatar\\\/7c5bd30ae4b47a9ba3c856590957fd1d96dc588bf3ac05719d247e126840331f?s=96&d=mm&r=g\",\"caption\":\"libna\"}}]}<\/script>\n<!-- \/ Yoast SEO plugin. -->","yoast_head_json":{"title":"Une universit\u00e9 adventiste aide \u00e0 reconstruire la maison d\u2019une famille d\u00e9truite par un incendie dans le Nord du Mexique - \u00c9glise Adventiste Du Septieme Jour - Inter Am\u00e9rique Division","robots":{"index":"index","follow":"follow","max-snippet":"max-snippet:-1","max-image-preview":"max-image-preview:large","max-video-preview":"max-video-preview:-1"},"canonical":"https:\/\/interamerica.org\/fr\/2022\/03\/une-universite-adventiste-aide-a-reconstruire-la-maison-dune-famille-detruite-par-un-incendie-dans-le-nord-du-mexique\/","og_locale":"fr_FR","og_type":"article","og_title":"Une universit\u00e9 adventiste aide \u00e0 reconstruire la maison d\u2019une famille d\u00e9truite par un incendie dans le Nord du Mexique - \u00c9glise Adventiste Du Septieme Jour - Inter Am\u00e9rique Division","og_description":"17 Mars 2022 | Montemorelos, Nuevo Le\u00f3n, Mexique | Laura Marrero et Actualit\u00e9s de la Division Inter Am\u00e9ricaine Lorsqu\u2019une partie de la maison de Martha Rocha a commenc\u00e9 \u00e0 br\u00fbler...","og_url":"https:\/\/interamerica.org\/fr\/2022\/03\/une-universite-adventiste-aide-a-reconstruire-la-maison-dune-famille-detruite-par-un-incendie-dans-le-nord-du-mexique\/","og_site_name":"\u00c9glise Adventiste Du Septieme Jour - Inter Am\u00e9rique Division","article_published_time":"2022-03-18T11:33:59+00:00","article_modified_time":"2022-03-19T01:46:06+00:00","og_image":[{"width":1280,"height":800,"url":"https:\/\/interamerica.org\/wp-content\/uploads\/2022\/03\/um-martha-rocha-home-clean-up-after-fire.jpg","type":"image\/jpeg"}],"author":"libna","twitter_card":"summary_large_image","twitter_misc":{"\u00c9crit par":"libna","Dur\u00e9e de lecture estim\u00e9e":"4 minutes"},"schema":{"@context":"https:\/\/schema.org","@graph":[{"@type":"Article","@id":"https:\/\/interamerica.org\/fr\/2022\/03\/une-universite-adventiste-aide-a-reconstruire-la-maison-dune-famille-detruite-par-un-incendie-dans-le-nord-du-mexique\/#article","isPartOf":{"@id":"https:\/\/interamerica.org\/fr\/2022\/03\/une-universite-adventiste-aide-a-reconstruire-la-maison-dune-famille-detruite-par-un-incendie-dans-le-nord-du-mexique\/"},"author":{"name":"libna","@id":"https:\/\/interamerica.org\/fr\/#\/schema\/person\/29998f2bc2d8bd0d38662909289b54f1"},"headline":"Une universit\u00e9 adventiste aide \u00e0 reconstruire la maison d\u2019une famille d\u00e9truite par un incendie dans le Nord du Mexique","datePublished":"2022-03-18T11:33:59+00:00","dateModified":"2022-03-19T01:46:06+00:00","mainEntityOfPage":{"@id":"https:\/\/interamerica.org\/fr\/2022\/03\/une-universite-adventiste-aide-a-reconstruire-la-maison-dune-famille-detruite-par-un-incendie-dans-le-nord-du-mexique\/"},"wordCount":880,"image":{"@id":"https:\/\/interamerica.org\/fr\/2022\/03\/une-universite-adventiste-aide-a-reconstruire-la-maison-dune-famille-detruite-par-un-incendie-dans-le-nord-du-mexique\/#primaryimage"},"thumbnailUrl":"https:\/\/interamerica.org\/wp-content\/uploads\/2022\/03\/um-martha-rocha-home-clean-up-after-fire.jpg","articleSection":["Nouvelles du si\u00e8ge de la division","RSS Fran\u00e7ais"],"inLanguage":"fr-FR"},{"@type":"WebPage","@id":"https:\/\/interamerica.org\/fr\/2022\/03\/une-universite-adventiste-aide-a-reconstruire-la-maison-dune-famille-detruite-par-un-incendie-dans-le-nord-du-mexique\/","url":"https:\/\/interamerica.org\/fr\/2022\/03\/une-universite-adventiste-aide-a-reconstruire-la-maison-dune-famille-detruite-par-un-incendie-dans-le-nord-du-mexique\/","name":"Une universit\u00e9 adventiste aide \u00e0 reconstruire la maison d\u2019une famille d\u00e9truite par un incendie dans le Nord du Mexique - \u00c9glise Adventiste Du Septieme Jour - Inter Am\u00e9rique Division","isPartOf":{"@id":"https:\/\/interamerica.org\/fr\/#website"},"primaryImageOfPage":{"@id":"https:\/\/interamerica.org\/fr\/2022\/03\/une-universite-adventiste-aide-a-reconstruire-la-maison-dune-famille-detruite-par-un-incendie-dans-le-nord-du-mexique\/#primaryimage"},"image":{"@id":"https:\/\/interamerica.org\/fr\/2022\/03\/une-universite-adventiste-aide-a-reconstruire-la-maison-dune-famille-detruite-par-un-incendie-dans-le-nord-du-mexique\/#primaryimage"},"thumbnailUrl":"https:\/\/interamerica.org\/wp-content\/uploads\/2022\/03\/um-martha-rocha-home-clean-up-after-fire.jpg","datePublished":"2022-03-18T11:33:59+00:00","dateModified":"2022-03-19T01:46:06+00:00","author":{"@id":"https:\/\/interamerica.org\/fr\/#\/schema\/person\/29998f2bc2d8bd0d38662909289b54f1"},"breadcrumb":{"@id":"https:\/\/interamerica.org\/fr\/2022\/03\/une-universite-adventiste-aide-a-reconstruire-la-maison-dune-famille-detruite-par-un-incendie-dans-le-nord-du-mexique\/#breadcrumb"},"inLanguage":"fr-FR","potentialAction":[{"@type":"ReadAction","target":["https:\/\/interamerica.org\/fr\/2022\/03\/une-universite-adventiste-aide-a-reconstruire-la-maison-dune-famille-detruite-par-un-incendie-dans-le-nord-du-mexique\/"]}]},{"@type":"ImageObject","inLanguage":"fr-FR","@id":"https:\/\/interamerica.org\/fr\/2022\/03\/une-universite-adventiste-aide-a-reconstruire-la-maison-dune-famille-detruite-par-un-incendie-dans-le-nord-du-mexique\/#primaryimage","url":"https:\/\/interamerica.org\/wp-content\/uploads\/2022\/03\/um-martha-rocha-home-clean-up-after-fire.jpg","contentUrl":"https:\/\/interamerica.org\/wp-content\/uploads\/2022\/03\/um-martha-rocha-home-clean-up-after-fire.jpg","width":1280,"height":800},{"@type":"BreadcrumbList","@id":"https:\/\/interamerica.org\/fr\/2022\/03\/une-universite-adventiste-aide-a-reconstruire-la-maison-dune-famille-detruite-par-un-incendie-dans-le-nord-du-mexique\/#breadcrumb","itemListElement":[{"@type":"ListItem","position":1,"name":"Home","item":"https:\/\/interamerica.org\/fr\/"},{"@type":"ListItem","position":2,"name":"Une universit\u00e9 adventiste aide \u00e0 reconstruire la maison d\u2019une famille d\u00e9truite par un incendie dans le Nord du Mexique"}]},{"@type":"WebSite","@id":"https:\/\/interamerica.org\/fr\/#website","url":"https:\/\/interamerica.org\/fr\/","name":"\u00c9glise Adventiste Du Septieme Jour - Inter Am\u00e9rique Division","description":"","potentialAction":[{"@type":"SearchAction","target":{"@type":"EntryPoint","urlTemplate":"https:\/\/interamerica.org\/fr\/?s={search_term_string}"},"query-input":{"@type":"PropertyValueSpecification","valueRequired":true,"valueName":"search_term_string"}}],"inLanguage":"fr-FR"},{"@type":"Person","@id":"https:\/\/interamerica.org\/fr\/#\/schema\/person\/29998f2bc2d8bd0d38662909289b54f1","name":"libna","image":{"@type":"ImageObject","inLanguage":"fr-FR","@id":"https:\/\/secure.gravatar.com\/avatar\/7c5bd30ae4b47a9ba3c856590957fd1d96dc588bf3ac05719d247e126840331f?s=96&d=mm&r=g","url":"https:\/\/secure.gravatar.com\/avatar\/7c5bd30ae4b47a9ba3c856590957fd1d96dc588bf3ac05719d247e126840331f?s=96&d=mm&r=g","contentUrl":"https:\/\/secure.gravatar.com\/avatar\/7c5bd30ae4b47a9ba3c856590957fd1d96dc588bf3ac05719d247e126840331f?s=96&d=mm&r=g","caption":"libna"}}]}},"_links":{"self":[{"href":"https:\/\/interamerica.org\/fr\/wp-json\/wp\/v2\/posts\/82691","targetHints":{"allow":["GET"]}}],"collection":[{"href":"https:\/\/interamerica.org\/fr\/wp-json\/wp\/v2\/posts"}],"about":[{"href":"https:\/\/interamerica.org\/fr\/wp-json\/wp\/v2\/types\/post"}],"author":[{"embeddable":true,"href":"https:\/\/interamerica.org\/fr\/wp-json\/wp\/v2\/users\/3"}],"replies":[{"embeddable":true,"href":"https:\/\/interamerica.org\/fr\/wp-json\/wp\/v2\/comments?post=82691"}],"version-history":[{"count":0,"href":"https:\/\/interamerica.org\/fr\/wp-json\/wp\/v2\/posts\/82691\/revisions"}],"wp:featuredmedia":[{"embeddable":true,"href":"https:\/\/interamerica.org\/fr\/wp-json\/wp\/v2\/media\/82655"}],"wp:attachment":[{"href":"https:\/\/interamerica.org\/fr\/wp-json\/wp\/v2\/media?parent=82691"}],"wp:term":[{"taxonomy":"category","embeddable":true,"href":"https:\/\/interamerica.org\/fr\/wp-json\/wp\/v2\/categories?post=82691"},{"taxonomy":"post_tag","embeddable":true,"href":"https:\/\/interamerica.org\/fr\/wp-json\/wp\/v2\/tags?post=82691"}],"curies":[{"name":"wp","href":"https:\/\/api.w.org\/{rel}","templated":true}]}}