{"id":82828,"date":"2022-03-20T17:55:00","date_gmt":"2022-03-20T21:55:00","guid":{"rendered":"https:\/\/recursing-golick.147-182-135-0.plesk.page\/?p=82828"},"modified":"2022-03-22T10:41:23","modified_gmt":"2022-03-22T14:41:23","slug":"nouvelle-division-de-transplantation-et-de-therapie-cellulaire-au-centre-de-cancerologie-de-luniversite-de-loma-linda","status":"publish","type":"post","link":"https:\/\/interamerica.org\/fr\/2022\/03\/nouvelle-division-de-transplantation-et-de-therapie-cellulaire-au-centre-de-cancerologie-de-luniversite-de-loma-linda\/","title":{"rendered":"Nouvelle division de transplantation et de th\u00e9rapie cellulaire au Centre de canc\u00e9rologie de l\u2019Universit\u00e9 de Loma Linda"},"content":{"rendered":"<p><strong>La nouvelle option offrira aux patients d\u2019oncologie de nouvelles possibilit\u00e9s de traitement.<\/strong><\/p>\n<p>Le 20 mars 2022 | Loma Linda, Californie, \u00c9tats-Unis | Lisa Aubry, Centre m\u00e9dical de l\u2019Universit\u00e9 de Loma Linda et <em>Adventist Review<\/em><\/p>\n<p>Le Centre de canc\u00e9rologie de l\u2019Universit\u00e9 de Loma Linda a ouvert une nouvelle division de transplantation et th\u00e9rapie cellulaire (TTC) pour am\u00e9liorer les transfusions de sang et les greffes de moelle ainsi que pour offrir de nouvelles possibilit\u00e9s de traitement, rendant ainsi ces options accessibles aux patients dans la r\u00e9gion.<\/p>\n<p>La division de TTC offrir ses services autant aux enfants qu\u2019aux adultes, donnant aux patients de tous les horizons un acc\u00e8s \u00e0 des traitements et des greffes pr\u00e9cises et personnalis\u00e9es, comme l\u2019effecteur immunitaire, les traitements cellulaires et g\u00e9n\u00e9tiques ainsi que les greffes.<\/p>\n<div id=\"attachment_82702\" style=\"width: 815px\" class=\"wp-caption aligncenter\"><img fetchpriority=\"high\" decoding=\"async\" aria-describedby=\"caption-attachment-82702\" class=\" wp-image-82702\" src=\"https:\/\/recursing-golick.147-182-135-0.plesk.page\/wp-content\/uploads\/2022\/03\/llu-cancer-center-launches-division-of-transplant-and-cell-therapy1.jpg\" alt=\"\" width=\"805\" height=\"453\" srcset=\"https:\/\/interamerica.org\/wp-content\/uploads\/2022\/03\/llu-cancer-center-launches-division-of-transplant-and-cell-therapy1.jpg 1000w, https:\/\/interamerica.org\/wp-content\/uploads\/2022\/03\/llu-cancer-center-launches-division-of-transplant-and-cell-therapy1-300x169.jpg 300w, https:\/\/interamerica.org\/wp-content\/uploads\/2022\/03\/llu-cancer-center-launches-division-of-transplant-and-cell-therapy1-768x432.jpg 768w\" sizes=\"(max-width: 805px) 100vw, 805px\" \/><p id=\"caption-attachment-82702\" class=\"wp-caption-text\">Le Docteur Hisham Abdel-Azim occupera le poste de directeur de la nouvelle division de transplantation et th\u00e9rapie cellulaire du Centre de canc\u00e9rologie de l\u2019Universit\u00e9 de Loma Linda.<\/p><\/div>\n<p>\u00ab\u00a0Il s\u2019agit d\u2019une excellente occasion pour assurer la continuit\u00e9 des soins aux patients, enfants et adultes, et d\u2019\u00e9largir l\u2019offre des plus r\u00e9cents traitements de pointe tels que les greffes d\u2019ing\u00e9nierie, les cellules effectrices immunitaires et la th\u00e9rapie g\u00e9n\u00e9tique\u00a0\u00bb, a dit le D<sup>r<\/sup>\u00a0Hisham Abdel-Azim, directeur de la division de transplantation et th\u00e9rapie cellulaire et professeur de p\u00e9diatrie, de m\u00e9decine et de sciences fondamentales.<\/p>\n<p>Selon lui, les greffes de moelle osseuse, y compris les greffes d\u2019ing\u00e9nierie, ainsi que les options de th\u00e9rapies cellulaire et g\u00e9n\u00e9tique aideront principalement les personnes qui ont un diagnostic de cancer. Mais les patients souffrant d\u2019un maladie g\u00e9n\u00e9tique b\u00e9nigne pourront \u00e9galement b\u00e9n\u00e9ficier des services de la division de TTC.<\/p>\n<p>\u00ab\u00a0La division combinera les services clinques et la recherche translationnelle afin de continuer d\u2019offrir un excellent service aux patients et de poursuivre le d\u00e9veloppement de nouveaux traitements cellulaires comme la th\u00e9rapie g\u00e9n\u00e9tique et la th\u00e9rapie par cellule effectrice, dont la th\u00e9rapie CAR-T pour les malignit\u00e9s avanc\u00e9es\u00a0\u00bb, a-t-il expliqu\u00e9.<\/p>\n<p><strong>La continuit\u00e9 des soins<\/strong><\/p>\n<p>Selon lui, ces services de greffes et de th\u00e9rapies cellulaires ont tendance \u00e0 n\u00e9cessiter un partage d\u2019expertise pour aborder les aspects similaires dans les soins, comme les profils d\u2019effets secondaires, la pr\u00e9paration des produits et l\u2019administration des traitements. Ainsi, le regroupement des services sous une m\u00eame division permet aux diff\u00e9rents experts de coordonner leurs efforts et d\u2019\u00e9changer facilement l\u2019information.<\/p>\n<p>\u00ab\u00a0Comme grand centre m\u00e9dical universitaire comprenant une expertise multidisciplinaire de plusieurs sp\u00e9cialit\u00e9s, le Centre m\u00e9dical de l\u2019Universit\u00e9 de Loma Linda a toute l\u2019\u00e9tendue de connaissances n\u00e9cessaire pour assurer l\u2019offre s\u00e9curitaire des services sp\u00e9cialis\u00e9s gr\u00e2ce \u00e0 la division de TTC.\u00a0\u00bb<\/p>\n<p>La consolidation de services pour adultes et pour enfants permettra \u00e0 la division d\u2019offrir des soins \u00e0 tous les groupes d\u2019\u00e2ge ainsi qu\u2019un environnement optimal pour traduire la recherche exp\u00e9rimentale en essais cliniques. Les adolescents et les jeunes adultes ainsi que les survivants \u00e0 long terme b\u00e9n\u00e9ficieront particuli\u00e8rement de cette continuit\u00e9 d\u2019expertise.<\/p>\n<p>\u00ab\u00a0Selon les circonstances d\u2019un patient, certaines choses se g\u00e8rent mieux d\u2019un point de vue adulte alors que d\u2019autres d\u2019un point de vue p\u00e9diatrique. Il n\u2019y a pas d\u2019approche universelle\u00a0\u00bb, et c\u2019est d\u2019apr\u00e8s cette philosophie que le Centre de canc\u00e9rologie a con\u00e7u la division de TTC, a dit le D<sup>r<\/sup>\u00a0Abdel-Azim.<\/p>\n<p><strong>L\u2019accessibilit\u00e9<\/strong><\/p>\n<p>Avant la cr\u00e9ation de la division de TTC, a expliqu\u00e9 le D<sup>r<\/sup>\u00a0Abdel-Azim, les r\u00e9sidents de la r\u00e9gion devaient faire de longues distances vers l\u2019est ou l\u2019ouest pour obtenir cette qualit\u00e9 et cette combinaison de services. La division de TTC du Centre de canc\u00e9rologie est le seul centre de soins entre Las Vegas et Los Angeles \u00e0 offrir des soins aussi complets de TTC aux patients.<\/p>\n<p>De plus, de nombreux patients issus des populations minoritaires de la r\u00e9gion ont beaucoup de difficult\u00e9 \u00e0 trouver un donneur compatible pour les transfusions de sang et les greffes de moelle dans le registre du programme national de donneurs de moelle osseuse.<\/p>\n<p>Pourtant, la division de TTC peut concevoir des greffes de cellules souches pour augmenter les chances des patients de trouver un donneur compatible, augmentant ainsi la disponibilit\u00e9 de tels donneurs. Par exemple, avec le bon proc\u00e9d\u00e9 de cellule souche con\u00e7u pour pr\u00e9venir la maladie du greffon contre l\u2019h\u00f4te, toujours selon le D<sup>r<\/sup>\u00a0Abdel-Azim, une personne qui est \u00e0 moiti\u00e9 compatible ou un membre de la famille peut devenir un donneur de cellules souches sans que la prise de m\u00e9dicaments immunosuppresseurs apr\u00e8s la greffe soit n\u00e9cessaire.<\/p>\n<p>\u00ab\u00a0Nos capacit\u00e9s en mati\u00e8re de proc\u00e9d\u00e9 de cellules souches au Centre m\u00e9dical de l\u2019Universit\u00e9 de Loma Linda ouvrent la porte \u00e0 une population qui aurait normalement de la difficult\u00e9 \u00e0 avoir acc\u00e8s \u00e0 ce type de service.\u00a0\u00bb<\/p>\n<p>Les experts de la division de TTC utiliseront \u00e9galement la derni\u00e8re technologie pour concevoir et g\u00e9n\u00e9rer des types uniques de m\u00e9dicaments pour th\u00e9rapie cellulaire pour les patients ayant des tumeurs pr\u00e9cises ou pour r\u00e9duire les complications possibles apr\u00e8s une greffe.<\/p>\n<p>Un laboratoire pour les transplantations et la th\u00e9rapie cellulaire certifi\u00e9 BPF (bonnes pratiques de fabrication) actuellement en construction permettra aux experts de produire et d\u2019\u00e9tudier les th\u00e9rapies cellulaires pour une vaste gamme d\u2019applications dans le contexte clinique, offrant de nouvelles possibilit\u00e9s pour ces nouvelles th\u00e9rapies dans la r\u00e9gion.<\/p>\n<p>\u00ab\u00a0Nous voyons de plus en plus de ces technologies et possibilit\u00e9s dans les grands centres de sant\u00e9, a dit le D<sup>r<\/sup>\u00a0Abdel-Azim. Il est donc normal de les obtenir au Centre m\u00e9dical de l\u2019Universit\u00e9 de Loma Linda \u00e9galement.\u00a0\u00bb<\/p>\n<p><em>La <a href=\"https:\/\/news.llu.edu\/patient-care\/llu-cancer-center-launches-new-division-of-transplant-and-cell-therapy\">version originale<\/a> de cet article a \u00e9t\u00e9 publi\u00e9e sur le <a href=\"https:\/\/news.llu.edu\/\">site d\u2019actualit\u00e9s<\/a> du Centre m\u00e9dical de l\u2019Universit\u00e9 de Loma Linda.<\/em><\/p>\n<p>Traduction\u00a0: Marie-Mich\u00e8le Robitaille<\/p>\n","protected":false},"excerpt":{"rendered":"<p>La nouvelle option offrira aux patients d\u2019oncologie de nouvelles possibilit\u00e9s de traitement. Le 20 mars 2022 | Loma Linda, Californie, \u00c9tats-Unis | Lisa Aubry, Centre m\u00e9dical de l\u2019Universit\u00e9 de Loma&#8230;<\/p>\n","protected":false},"author":3,"featured_media":82702,"comment_status":"closed","ping_status":"closed","sticky":false,"template":"","format":"standard","meta":{"_acf_changed":false,"footnotes":""},"categories":[18,19],"tags":[],"class_list":["post-82828","post","type-post","status-publish","format-standard","has-post-thumbnail","hentry","category-nouvelles-de-leglise-mondiale","category-rss-francais"],"acf":[],"yoast_head":"<!-- This site is optimized with the Yoast SEO plugin v27.3 - https:\/\/yoast.com\/product\/yoast-seo-wordpress\/ -->\n<title>Nouvelle division de transplantation et de th\u00e9rapie cellulaire au Centre de canc\u00e9rologie de l\u2019Universit\u00e9 de Loma Linda - \u00c9glise Adventiste Du Septieme Jour - Inter Am\u00e9rique Division<\/title>\n<meta name=\"robots\" content=\"index, follow, max-snippet:-1, max-image-preview:large, max-video-preview:-1\" \/>\n<link rel=\"canonical\" href=\"https:\/\/interamerica.org\/fr\/2022\/03\/nouvelle-division-de-transplantation-et-de-therapie-cellulaire-au-centre-de-cancerologie-de-luniversite-de-loma-linda\/\" \/>\n<meta property=\"og:locale\" content=\"fr_FR\" \/>\n<meta property=\"og:type\" content=\"article\" \/>\n<meta property=\"og:title\" content=\"Nouvelle division de transplantation et de th\u00e9rapie cellulaire au Centre de canc\u00e9rologie de l\u2019Universit\u00e9 de Loma Linda - \u00c9glise Adventiste Du Septieme Jour - Inter Am\u00e9rique Division\" \/>\n<meta property=\"og:description\" content=\"La nouvelle option offrira aux patients d\u2019oncologie de nouvelles possibilit\u00e9s de traitement. Le 20 mars 2022 | Loma Linda, Californie, \u00c9tats-Unis | Lisa Aubry, Centre m\u00e9dical de l\u2019Universit\u00e9 de Loma...\" \/>\n<meta property=\"og:url\" content=\"https:\/\/interamerica.org\/fr\/2022\/03\/nouvelle-division-de-transplantation-et-de-therapie-cellulaire-au-centre-de-cancerologie-de-luniversite-de-loma-linda\/\" \/>\n<meta property=\"og:site_name\" content=\"\u00c9glise Adventiste Du Septieme Jour - Inter Am\u00e9rique Division\" \/>\n<meta property=\"article:published_time\" content=\"2022-03-20T21:55:00+00:00\" \/>\n<meta property=\"article:modified_time\" content=\"2022-03-22T14:41:23+00:00\" \/>\n<meta property=\"og:image\" content=\"https:\/\/interamerica.org\/wp-content\/uploads\/2022\/03\/llu-cancer-center-launches-division-of-transplant-and-cell-therapy1.jpg\" \/>\n\t<meta property=\"og:image:width\" content=\"1000\" \/>\n\t<meta property=\"og:image:height\" content=\"563\" \/>\n\t<meta property=\"og:image:type\" content=\"image\/jpeg\" \/>\n<meta name=\"author\" content=\"libna\" \/>\n<meta name=\"twitter:card\" content=\"summary_large_image\" \/>\n<meta name=\"twitter:label1\" content=\"\u00c9crit par\" \/>\n\t<meta name=\"twitter:data1\" content=\"libna\" \/>\n\t<meta name=\"twitter:label2\" content=\"Dur\u00e9e de lecture estim\u00e9e\" \/>\n\t<meta name=\"twitter:data2\" content=\"5 minutes\" \/>\n<script type=\"application\/ld+json\" class=\"yoast-schema-graph\">{\"@context\":\"https:\\\/\\\/schema.org\",\"@graph\":[{\"@type\":\"Article\",\"@id\":\"https:\\\/\\\/interamerica.org\\\/fr\\\/2022\\\/03\\\/nouvelle-division-de-transplantation-et-de-therapie-cellulaire-au-centre-de-cancerologie-de-luniversite-de-loma-linda\\\/#article\",\"isPartOf\":{\"@id\":\"https:\\\/\\\/interamerica.org\\\/fr\\\/2022\\\/03\\\/nouvelle-division-de-transplantation-et-de-therapie-cellulaire-au-centre-de-cancerologie-de-luniversite-de-loma-linda\\\/\"},\"author\":{\"name\":\"libna\",\"@id\":\"https:\\\/\\\/interamerica.org\\\/fr\\\/#\\\/schema\\\/person\\\/29998f2bc2d8bd0d38662909289b54f1\"},\"headline\":\"Nouvelle division de transplantation et de th\u00e9rapie cellulaire au Centre de canc\u00e9rologie de l\u2019Universit\u00e9 de Loma Linda\",\"datePublished\":\"2022-03-20T21:55:00+00:00\",\"dateModified\":\"2022-03-22T14:41:23+00:00\",\"mainEntityOfPage\":{\"@id\":\"https:\\\/\\\/interamerica.org\\\/fr\\\/2022\\\/03\\\/nouvelle-division-de-transplantation-et-de-therapie-cellulaire-au-centre-de-cancerologie-de-luniversite-de-loma-linda\\\/\"},\"wordCount\":1051,\"image\":{\"@id\":\"https:\\\/\\\/interamerica.org\\\/fr\\\/2022\\\/03\\\/nouvelle-division-de-transplantation-et-de-therapie-cellulaire-au-centre-de-cancerologie-de-luniversite-de-loma-linda\\\/#primaryimage\"},\"thumbnailUrl\":\"https:\\\/\\\/interamerica.org\\\/wp-content\\\/uploads\\\/2022\\\/03\\\/llu-cancer-center-launches-division-of-transplant-and-cell-therapy1.jpg\",\"articleSection\":[\"Nouvelles de l'\u00c9glise mondiale\",\"RSS Fran\u00e7ais\"],\"inLanguage\":\"fr-FR\"},{\"@type\":\"WebPage\",\"@id\":\"https:\\\/\\\/interamerica.org\\\/fr\\\/2022\\\/03\\\/nouvelle-division-de-transplantation-et-de-therapie-cellulaire-au-centre-de-cancerologie-de-luniversite-de-loma-linda\\\/\",\"url\":\"https:\\\/\\\/interamerica.org\\\/fr\\\/2022\\\/03\\\/nouvelle-division-de-transplantation-et-de-therapie-cellulaire-au-centre-de-cancerologie-de-luniversite-de-loma-linda\\\/\",\"name\":\"Nouvelle division de transplantation et de th\u00e9rapie cellulaire au Centre de canc\u00e9rologie de l\u2019Universit\u00e9 de Loma Linda - \u00c9glise Adventiste Du Septieme Jour - Inter Am\u00e9rique Division\",\"isPartOf\":{\"@id\":\"https:\\\/\\\/interamerica.org\\\/fr\\\/#website\"},\"primaryImageOfPage\":{\"@id\":\"https:\\\/\\\/interamerica.org\\\/fr\\\/2022\\\/03\\\/nouvelle-division-de-transplantation-et-de-therapie-cellulaire-au-centre-de-cancerologie-de-luniversite-de-loma-linda\\\/#primaryimage\"},\"image\":{\"@id\":\"https:\\\/\\\/interamerica.org\\\/fr\\\/2022\\\/03\\\/nouvelle-division-de-transplantation-et-de-therapie-cellulaire-au-centre-de-cancerologie-de-luniversite-de-loma-linda\\\/#primaryimage\"},\"thumbnailUrl\":\"https:\\\/\\\/interamerica.org\\\/wp-content\\\/uploads\\\/2022\\\/03\\\/llu-cancer-center-launches-division-of-transplant-and-cell-therapy1.jpg\",\"datePublished\":\"2022-03-20T21:55:00+00:00\",\"dateModified\":\"2022-03-22T14:41:23+00:00\",\"author\":{\"@id\":\"https:\\\/\\\/interamerica.org\\\/fr\\\/#\\\/schema\\\/person\\\/29998f2bc2d8bd0d38662909289b54f1\"},\"breadcrumb\":{\"@id\":\"https:\\\/\\\/interamerica.org\\\/fr\\\/2022\\\/03\\\/nouvelle-division-de-transplantation-et-de-therapie-cellulaire-au-centre-de-cancerologie-de-luniversite-de-loma-linda\\\/#breadcrumb\"},\"inLanguage\":\"fr-FR\",\"potentialAction\":[{\"@type\":\"ReadAction\",\"target\":[\"https:\\\/\\\/interamerica.org\\\/fr\\\/2022\\\/03\\\/nouvelle-division-de-transplantation-et-de-therapie-cellulaire-au-centre-de-cancerologie-de-luniversite-de-loma-linda\\\/\"]}]},{\"@type\":\"ImageObject\",\"inLanguage\":\"fr-FR\",\"@id\":\"https:\\\/\\\/interamerica.org\\\/fr\\\/2022\\\/03\\\/nouvelle-division-de-transplantation-et-de-therapie-cellulaire-au-centre-de-cancerologie-de-luniversite-de-loma-linda\\\/#primaryimage\",\"url\":\"https:\\\/\\\/interamerica.org\\\/wp-content\\\/uploads\\\/2022\\\/03\\\/llu-cancer-center-launches-division-of-transplant-and-cell-therapy1.jpg\",\"contentUrl\":\"https:\\\/\\\/interamerica.org\\\/wp-content\\\/uploads\\\/2022\\\/03\\\/llu-cancer-center-launches-division-of-transplant-and-cell-therapy1.jpg\",\"width\":1000,\"height\":563,\"caption\":\"Le Docteur Hisham Abdel-Azim occupera le poste de directeur de la nouvelle division de transplantation et th\u00e9rapie cellulaire du Centre de canc\u00e9rologie de l\u2019Universit\u00e9 de Loma Linda.\"},{\"@type\":\"BreadcrumbList\",\"@id\":\"https:\\\/\\\/interamerica.org\\\/fr\\\/2022\\\/03\\\/nouvelle-division-de-transplantation-et-de-therapie-cellulaire-au-centre-de-cancerologie-de-luniversite-de-loma-linda\\\/#breadcrumb\",\"itemListElement\":[{\"@type\":\"ListItem\",\"position\":1,\"name\":\"Home\",\"item\":\"https:\\\/\\\/interamerica.org\\\/fr\\\/\"},{\"@type\":\"ListItem\",\"position\":2,\"name\":\"Nouvelle division de transplantation et de th\u00e9rapie cellulaire au Centre de canc\u00e9rologie de l\u2019Universit\u00e9 de Loma Linda\"}]},{\"@type\":\"WebSite\",\"@id\":\"https:\\\/\\\/interamerica.org\\\/fr\\\/#website\",\"url\":\"https:\\\/\\\/interamerica.org\\\/fr\\\/\",\"name\":\"\u00c9glise Adventiste Du Septieme Jour - Inter Am\u00e9rique Division\",\"description\":\"\",\"potentialAction\":[{\"@type\":\"SearchAction\",\"target\":{\"@type\":\"EntryPoint\",\"urlTemplate\":\"https:\\\/\\\/interamerica.org\\\/fr\\\/?s={search_term_string}\"},\"query-input\":{\"@type\":\"PropertyValueSpecification\",\"valueRequired\":true,\"valueName\":\"search_term_string\"}}],\"inLanguage\":\"fr-FR\"},{\"@type\":\"Person\",\"@id\":\"https:\\\/\\\/interamerica.org\\\/fr\\\/#\\\/schema\\\/person\\\/29998f2bc2d8bd0d38662909289b54f1\",\"name\":\"libna\",\"image\":{\"@type\":\"ImageObject\",\"inLanguage\":\"fr-FR\",\"@id\":\"https:\\\/\\\/secure.gravatar.com\\\/avatar\\\/7c5bd30ae4b47a9ba3c856590957fd1d96dc588bf3ac05719d247e126840331f?s=96&d=mm&r=g\",\"url\":\"https:\\\/\\\/secure.gravatar.com\\\/avatar\\\/7c5bd30ae4b47a9ba3c856590957fd1d96dc588bf3ac05719d247e126840331f?s=96&d=mm&r=g\",\"contentUrl\":\"https:\\\/\\\/secure.gravatar.com\\\/avatar\\\/7c5bd30ae4b47a9ba3c856590957fd1d96dc588bf3ac05719d247e126840331f?s=96&d=mm&r=g\",\"caption\":\"libna\"}}]}<\/script>\n<!-- \/ Yoast SEO plugin. -->","yoast_head_json":{"title":"Nouvelle division de transplantation et de th\u00e9rapie cellulaire au Centre de canc\u00e9rologie de l\u2019Universit\u00e9 de Loma Linda - \u00c9glise Adventiste Du Septieme Jour - Inter Am\u00e9rique Division","robots":{"index":"index","follow":"follow","max-snippet":"max-snippet:-1","max-image-preview":"max-image-preview:large","max-video-preview":"max-video-preview:-1"},"canonical":"https:\/\/interamerica.org\/fr\/2022\/03\/nouvelle-division-de-transplantation-et-de-therapie-cellulaire-au-centre-de-cancerologie-de-luniversite-de-loma-linda\/","og_locale":"fr_FR","og_type":"article","og_title":"Nouvelle division de transplantation et de th\u00e9rapie cellulaire au Centre de canc\u00e9rologie de l\u2019Universit\u00e9 de Loma Linda - \u00c9glise Adventiste Du Septieme Jour - Inter Am\u00e9rique Division","og_description":"La nouvelle option offrira aux patients d\u2019oncologie de nouvelles possibilit\u00e9s de traitement. Le 20 mars 2022 | Loma Linda, Californie, \u00c9tats-Unis | Lisa Aubry, Centre m\u00e9dical de l\u2019Universit\u00e9 de Loma...","og_url":"https:\/\/interamerica.org\/fr\/2022\/03\/nouvelle-division-de-transplantation-et-de-therapie-cellulaire-au-centre-de-cancerologie-de-luniversite-de-loma-linda\/","og_site_name":"\u00c9glise Adventiste Du Septieme Jour - Inter Am\u00e9rique Division","article_published_time":"2022-03-20T21:55:00+00:00","article_modified_time":"2022-03-22T14:41:23+00:00","og_image":[{"width":1000,"height":563,"url":"https:\/\/interamerica.org\/wp-content\/uploads\/2022\/03\/llu-cancer-center-launches-division-of-transplant-and-cell-therapy1.jpg","type":"image\/jpeg"}],"author":"libna","twitter_card":"summary_large_image","twitter_misc":{"\u00c9crit par":"libna","Dur\u00e9e de lecture estim\u00e9e":"5 minutes"},"schema":{"@context":"https:\/\/schema.org","@graph":[{"@type":"Article","@id":"https:\/\/interamerica.org\/fr\/2022\/03\/nouvelle-division-de-transplantation-et-de-therapie-cellulaire-au-centre-de-cancerologie-de-luniversite-de-loma-linda\/#article","isPartOf":{"@id":"https:\/\/interamerica.org\/fr\/2022\/03\/nouvelle-division-de-transplantation-et-de-therapie-cellulaire-au-centre-de-cancerologie-de-luniversite-de-loma-linda\/"},"author":{"name":"libna","@id":"https:\/\/interamerica.org\/fr\/#\/schema\/person\/29998f2bc2d8bd0d38662909289b54f1"},"headline":"Nouvelle division de transplantation et de th\u00e9rapie cellulaire au Centre de canc\u00e9rologie de l\u2019Universit\u00e9 de Loma Linda","datePublished":"2022-03-20T21:55:00+00:00","dateModified":"2022-03-22T14:41:23+00:00","mainEntityOfPage":{"@id":"https:\/\/interamerica.org\/fr\/2022\/03\/nouvelle-division-de-transplantation-et-de-therapie-cellulaire-au-centre-de-cancerologie-de-luniversite-de-loma-linda\/"},"wordCount":1051,"image":{"@id":"https:\/\/interamerica.org\/fr\/2022\/03\/nouvelle-division-de-transplantation-et-de-therapie-cellulaire-au-centre-de-cancerologie-de-luniversite-de-loma-linda\/#primaryimage"},"thumbnailUrl":"https:\/\/interamerica.org\/wp-content\/uploads\/2022\/03\/llu-cancer-center-launches-division-of-transplant-and-cell-therapy1.jpg","articleSection":["Nouvelles de l'\u00c9glise mondiale","RSS Fran\u00e7ais"],"inLanguage":"fr-FR"},{"@type":"WebPage","@id":"https:\/\/interamerica.org\/fr\/2022\/03\/nouvelle-division-de-transplantation-et-de-therapie-cellulaire-au-centre-de-cancerologie-de-luniversite-de-loma-linda\/","url":"https:\/\/interamerica.org\/fr\/2022\/03\/nouvelle-division-de-transplantation-et-de-therapie-cellulaire-au-centre-de-cancerologie-de-luniversite-de-loma-linda\/","name":"Nouvelle division de transplantation et de th\u00e9rapie cellulaire au Centre de canc\u00e9rologie de l\u2019Universit\u00e9 de Loma Linda - \u00c9glise Adventiste Du Septieme Jour - Inter Am\u00e9rique Division","isPartOf":{"@id":"https:\/\/interamerica.org\/fr\/#website"},"primaryImageOfPage":{"@id":"https:\/\/interamerica.org\/fr\/2022\/03\/nouvelle-division-de-transplantation-et-de-therapie-cellulaire-au-centre-de-cancerologie-de-luniversite-de-loma-linda\/#primaryimage"},"image":{"@id":"https:\/\/interamerica.org\/fr\/2022\/03\/nouvelle-division-de-transplantation-et-de-therapie-cellulaire-au-centre-de-cancerologie-de-luniversite-de-loma-linda\/#primaryimage"},"thumbnailUrl":"https:\/\/interamerica.org\/wp-content\/uploads\/2022\/03\/llu-cancer-center-launches-division-of-transplant-and-cell-therapy1.jpg","datePublished":"2022-03-20T21:55:00+00:00","dateModified":"2022-03-22T14:41:23+00:00","author":{"@id":"https:\/\/interamerica.org\/fr\/#\/schema\/person\/29998f2bc2d8bd0d38662909289b54f1"},"breadcrumb":{"@id":"https:\/\/interamerica.org\/fr\/2022\/03\/nouvelle-division-de-transplantation-et-de-therapie-cellulaire-au-centre-de-cancerologie-de-luniversite-de-loma-linda\/#breadcrumb"},"inLanguage":"fr-FR","potentialAction":[{"@type":"ReadAction","target":["https:\/\/interamerica.org\/fr\/2022\/03\/nouvelle-division-de-transplantation-et-de-therapie-cellulaire-au-centre-de-cancerologie-de-luniversite-de-loma-linda\/"]}]},{"@type":"ImageObject","inLanguage":"fr-FR","@id":"https:\/\/interamerica.org\/fr\/2022\/03\/nouvelle-division-de-transplantation-et-de-therapie-cellulaire-au-centre-de-cancerologie-de-luniversite-de-loma-linda\/#primaryimage","url":"https:\/\/interamerica.org\/wp-content\/uploads\/2022\/03\/llu-cancer-center-launches-division-of-transplant-and-cell-therapy1.jpg","contentUrl":"https:\/\/interamerica.org\/wp-content\/uploads\/2022\/03\/llu-cancer-center-launches-division-of-transplant-and-cell-therapy1.jpg","width":1000,"height":563,"caption":"Le Docteur Hisham Abdel-Azim occupera le poste de directeur de la nouvelle division de transplantation et th\u00e9rapie cellulaire du Centre de canc\u00e9rologie de l\u2019Universit\u00e9 de Loma Linda."},{"@type":"BreadcrumbList","@id":"https:\/\/interamerica.org\/fr\/2022\/03\/nouvelle-division-de-transplantation-et-de-therapie-cellulaire-au-centre-de-cancerologie-de-luniversite-de-loma-linda\/#breadcrumb","itemListElement":[{"@type":"ListItem","position":1,"name":"Home","item":"https:\/\/interamerica.org\/fr\/"},{"@type":"ListItem","position":2,"name":"Nouvelle division de transplantation et de th\u00e9rapie cellulaire au Centre de canc\u00e9rologie de l\u2019Universit\u00e9 de Loma Linda"}]},{"@type":"WebSite","@id":"https:\/\/interamerica.org\/fr\/#website","url":"https:\/\/interamerica.org\/fr\/","name":"\u00c9glise Adventiste Du Septieme Jour - Inter Am\u00e9rique Division","description":"","potentialAction":[{"@type":"SearchAction","target":{"@type":"EntryPoint","urlTemplate":"https:\/\/interamerica.org\/fr\/?s={search_term_string}"},"query-input":{"@type":"PropertyValueSpecification","valueRequired":true,"valueName":"search_term_string"}}],"inLanguage":"fr-FR"},{"@type":"Person","@id":"https:\/\/interamerica.org\/fr\/#\/schema\/person\/29998f2bc2d8bd0d38662909289b54f1","name":"libna","image":{"@type":"ImageObject","inLanguage":"fr-FR","@id":"https:\/\/secure.gravatar.com\/avatar\/7c5bd30ae4b47a9ba3c856590957fd1d96dc588bf3ac05719d247e126840331f?s=96&d=mm&r=g","url":"https:\/\/secure.gravatar.com\/avatar\/7c5bd30ae4b47a9ba3c856590957fd1d96dc588bf3ac05719d247e126840331f?s=96&d=mm&r=g","contentUrl":"https:\/\/secure.gravatar.com\/avatar\/7c5bd30ae4b47a9ba3c856590957fd1d96dc588bf3ac05719d247e126840331f?s=96&d=mm&r=g","caption":"libna"}}]}},"_links":{"self":[{"href":"https:\/\/interamerica.org\/fr\/wp-json\/wp\/v2\/posts\/82828","targetHints":{"allow":["GET"]}}],"collection":[{"href":"https:\/\/interamerica.org\/fr\/wp-json\/wp\/v2\/posts"}],"about":[{"href":"https:\/\/interamerica.org\/fr\/wp-json\/wp\/v2\/types\/post"}],"author":[{"embeddable":true,"href":"https:\/\/interamerica.org\/fr\/wp-json\/wp\/v2\/users\/3"}],"replies":[{"embeddable":true,"href":"https:\/\/interamerica.org\/fr\/wp-json\/wp\/v2\/comments?post=82828"}],"version-history":[{"count":0,"href":"https:\/\/interamerica.org\/fr\/wp-json\/wp\/v2\/posts\/82828\/revisions"}],"wp:featuredmedia":[{"embeddable":true,"href":"https:\/\/interamerica.org\/fr\/wp-json\/wp\/v2\/media\/82702"}],"wp:attachment":[{"href":"https:\/\/interamerica.org\/fr\/wp-json\/wp\/v2\/media?parent=82828"}],"wp:term":[{"taxonomy":"category","embeddable":true,"href":"https:\/\/interamerica.org\/fr\/wp-json\/wp\/v2\/categories?post=82828"},{"taxonomy":"post_tag","embeddable":true,"href":"https:\/\/interamerica.org\/fr\/wp-json\/wp\/v2\/tags?post=82828"}],"curies":[{"name":"wp","href":"https:\/\/api.w.org\/{rel}","templated":true}]}}