{"id":82838,"date":"2022-03-21T11:14:14","date_gmt":"2022-03-21T15:14:14","guid":{"rendered":"https:\/\/recursing-golick.147-182-135-0.plesk.page\/?p=82838"},"modified":"2022-03-22T20:46:55","modified_gmt":"2022-03-23T00:46:55","slug":"une-famille-ukrainienne-trouve-refuge-chez-un-homme-daffaires-adventiste","status":"publish","type":"post","link":"https:\/\/interamerica.org\/fr\/2022\/03\/une-famille-ukrainienne-trouve-refuge-chez-un-homme-daffaires-adventiste\/","title":{"rendered":"Une famille ukrainienne trouve refuge chez un homme d\u2019affaires adventiste"},"content":{"rendered":"<div class=\"u-width--100p u-spacing\">\n<p><strong>En plus de les h\u00e9berger, Carlos Dias aide une m\u00e8re et ses filles \u00e0 r\u00e9gulariser leur situation au Portugal.<\/strong><\/p>\n<p class=\"c-block__description\">Le 21 mars 2022 | Portugal | Charlise Alves<\/p>\n<\/div>\n<div class=\"c-block__meta\">\n<div class=\"c-block__category u-text-transform--upper\">\n<p>Une famille ukrainienne a trouv\u00e9 refuge dans la maison de l\u2019homme d\u2019affaires Carlos Dias, pr\u00e9sident de la <a href=\"https:\/\/www.feadventistas.org.br\/\">F\u00e9d\u00e9ration des entrepreneurs adventistes (FE)<\/a> du Portugal. Des membres portugais de la FE se sont rendus \u00e0 la fronti\u00e8re de l\u2019Ukraine pour aider les gens \u00e0 fuir la guerre et \u00e0 trouver refuge dans un autre pays. Le groupe de b\u00e9n\u00e9voles r\u00e9sout des probl\u00e8mes de transport, de l\u00e9galisation et de bureaucratie, il met les r\u00e9fugi\u00e9s en contact avec des familles h\u00f4tes et organise les inscriptions scolaires et les permis de travail des r\u00e9fugi\u00e9s.<\/p>\n<p>M. Dias, lui, a ouvert ses portes \u00e0 Alla Kozlova, 44\u00a0ans, et \u00e0 ses deux filles, Veronika et Alexandra, \u00e2g\u00e9es de 15 et 19\u00a0ans. Incidemment, la famille est, elle aussi, adventiste et, m\u00eame s\u2019il ne les avait jamais vues auparavant, il n\u2019a pas h\u00e9sit\u00e9 \u00e0 les accueillir. \u00ab\u00a0Un membre roumain de la FE du Portugal s\u2019est rendu \u00e0 la fronti\u00e8re de l\u2019Ukraine pour aider. Une famille a exprim\u00e9 un int\u00e9r\u00eat pour le Portugal. Il m\u2019a appel\u00e9 et j\u2019ai tout de suite accept\u00e9\u00a0\u00bb, a-t-il racont\u00e9. En plus d\u2019avoir ouvert sa maison, M.\u00a0Dias aide la famille \u00e0 remplir les documents l\u00e9gaux qui lui permettront de rester au pays. \u00ab\u00a0Il faut les mettre \u00e0 l\u2019aise et leur donner autant d\u2019amour que possible.\u00a0\u00bb<\/p>\n<p><div id=\"attachment_82736\" style=\"width: 810px\" class=\"wp-caption aligncenter\"><img fetchpriority=\"high\" decoding=\"async\" aria-describedby=\"caption-attachment-82736\" class=\"size-full wp-image-82736\" src=\"https:\/\/recursing-golick.147-182-135-0.plesk.page\/wp-content\/uploads\/2022\/03\/portugal-family-shelter.jpg\" alt=\"\" width=\"800\" height=\"450\" srcset=\"https:\/\/interamerica.org\/wp-content\/uploads\/2022\/03\/portugal-family-shelter.jpg 800w, https:\/\/interamerica.org\/wp-content\/uploads\/2022\/03\/portugal-family-shelter-300x169.jpg 300w, https:\/\/interamerica.org\/wp-content\/uploads\/2022\/03\/portugal-family-shelter-768x432.jpg 768w\" sizes=\"(max-width: 800px) 100vw, 800px\" \/><p id=\"caption-attachment-82736\" class=\"wp-caption-text\"><span lang=\"FR-CA\">Carlos Dias (\u00e0 droite) et sa femme (\u00e0 gauche) aident une famille ukrainienne \u00e0 s\u2019adapter aux effets de la guerre. [Une photo offerte par Carlos Dias.]<\/span><\/p><\/div>Alexandra a d\u00e9crit \u00e0 CNN Portugal comment elle a quitt\u00e9 son pays, assailli par l\u2019attaque russe. \u00ab\u00a0Quand la guerre a \u00e9clat\u00e9, nous avons fait nos valises \u00e0 1\u00a0h\u00a030 et sommes parties. Le voyage a \u00e9t\u00e9 tr\u00e8s difficile et horrible. Nous avons pass\u00e9 beaucoup de temps sur la route sans nourriture, n\u2019ayant pas envie de manger de toute fa\u00e7on \u00e9tant donn\u00e9 la situation, et sans dormir.\u00a0\u00bb Elles ont r\u00e9ussi \u00e0 quitter l\u2019Ukraine, \u00e0 traverser la Roumanie pour atteindre enfin le Portugal apr\u00e8s avoir parcouru plus de 4\u00a0000\u00a0kilom\u00e8tres au total. Elles \u00e9taient les premi\u00e8res r\u00e9fugi\u00e9es ukrainiennes \u00e0 arriver au Portugal.La famille r\u00e9sidait \u00e0 Chernihiv, ville situ\u00e9e \u00e0 proximit\u00e9 des fronti\u00e8res avec la Bi\u00e9lorussie et la Russie. Ce lieu est connu sous le nom de \u00ab\u00a0l\u2019all\u00e9e de la mort\u00a0\u00bb, par o\u00f9 les troupes d\u2019invasion sont entr\u00e9es. Le mari d\u2019Alla et p\u00e8re des filles a \u00e9chang\u00e9 avec sa famille sur les m\u00e9dias sociaux et a envoy\u00e9 une photo de leur maison; elle est compl\u00e8tement d\u00e9truite. Il demeure dans la zone de conflit, car il n\u2019a pas le droit de quitter l\u2019Ukraine, les hommes de 18 \u00e0 60\u00a0ans citoyens du pays \u00e9tant oblig\u00e9s d\u2019y rester.Selon Alexandra, le plan des prochains jours est de tenter d\u2019organiser leur vie \u00e0 Aveiro. \u00ab\u00a0Ma s\u0153ur tentera de retourner \u00e0 l\u2019\u00e9cole et [elle] et moi voulons nous trouver un emploi, parce que nous devons aider notre famille\u00a0\u00bb, a-t-elle expliqu\u00e9 en d\u00e9tail. Cependant, la jeune femme est cat\u00e9gorique\u00a0: son plus grand souhait, c\u2019est la fin de la guerre pour rentrer en Ukraine et \u00eatre avec sa famille. Mais pendant que la guerre se poursuit, M.\u00a0Dias tente de minimiser la souffrance de la famille r\u00e9fugi\u00e9e autant que possible et n\u2019a \u00e9tabli qu\u2019une seule r\u00e8gle domestique\u00a0: \u00ab\u00a0ne parler ni de guerre, ni de politique, ni de tristesse\u00a0\u00bb.<\/p>\n<p><strong>L\u2019aide offerte par ADRA<\/strong><\/p>\n<p>L\u2019\u00c9glise adventiste du septi\u00e8me jour offre son soutien dans cette crise en Ukraine par l\u2019entremise de l\u2019<a href=\"http:\/\/adra.org.br\/\">Agence de d\u00e9veloppement et de secours adventiste (ADRA)<\/a>. Elle travaille aux fronti\u00e8res du pays d\u2019Europe de l\u2019Est, distribuant de la nourriture, de l\u2019eau, des articles d\u2019hygi\u00e8ne et des abris aux r\u00e9fugi\u00e9s.<\/p>\n<p><a href=\"https:\/\/noticias.adventistas.org\/pt\/noticia\/gente\/familia-ucraniana-encontra-abrigo-em-casa-de-empresario-adventista\/\">Cet article<\/a> a d\u2019abord \u00e9t\u00e9 publi\u00e9 sur le <a href=\"https:\/\/noticias.adventistas.org\/pt\/?orderby=date&amp;order=DESC&amp;post_status=publish&amp;post_type=post&amp;seemore_title=%C3%9Altimas+Not%C3%ADcias&amp;xtt-pa-sedes=dsa\">site d\u2019actualit\u00e9s de la Division sud-am\u00e9ricaine<\/a>.<\/p>\n<p>Traduction\u00a0: Marie-Mich\u00e8le Robitaille<\/p>\n<\/div>\n<\/div>\n","protected":false},"excerpt":{"rendered":"<p>En plus de les h\u00e9berger, Carlos Dias aide une m\u00e8re et ses filles \u00e0 r\u00e9gulariser leur situation au Portugal. Le 21 mars 2022 | Portugal | Charlise Alves Une famille&#8230;<\/p>\n","protected":false},"author":3,"featured_media":82736,"comment_status":"closed","ping_status":"closed","sticky":false,"template":"","format":"standard","meta":{"_acf_changed":false,"footnotes":""},"categories":[18,19],"tags":[],"class_list":["post-82838","post","type-post","status-publish","format-standard","has-post-thumbnail","hentry","category-nouvelles-de-leglise-mondiale","category-rss-francais"],"acf":[],"yoast_head":"<!-- This site is optimized with the Yoast SEO plugin v27.3 - https:\/\/yoast.com\/product\/yoast-seo-wordpress\/ -->\n<title>Une famille ukrainienne trouve refuge chez un homme d\u2019affaires adventiste - \u00c9glise Adventiste Du Septieme Jour - Inter Am\u00e9rique Division<\/title>\n<meta name=\"robots\" content=\"index, follow, max-snippet:-1, max-image-preview:large, max-video-preview:-1\" \/>\n<link rel=\"canonical\" href=\"https:\/\/interamerica.org\/fr\/2022\/03\/une-famille-ukrainienne-trouve-refuge-chez-un-homme-daffaires-adventiste\/\" \/>\n<meta property=\"og:locale\" content=\"fr_FR\" \/>\n<meta property=\"og:type\" content=\"article\" \/>\n<meta property=\"og:title\" content=\"Une famille ukrainienne trouve refuge chez un homme d\u2019affaires adventiste - \u00c9glise Adventiste Du Septieme Jour - Inter Am\u00e9rique Division\" \/>\n<meta property=\"og:description\" content=\"En plus de les h\u00e9berger, Carlos Dias aide une m\u00e8re et ses filles \u00e0 r\u00e9gulariser leur situation au Portugal. Le 21 mars 2022 | Portugal | Charlise Alves Une famille...\" \/>\n<meta property=\"og:url\" content=\"https:\/\/interamerica.org\/fr\/2022\/03\/une-famille-ukrainienne-trouve-refuge-chez-un-homme-daffaires-adventiste\/\" \/>\n<meta property=\"og:site_name\" content=\"\u00c9glise Adventiste Du Septieme Jour - Inter Am\u00e9rique Division\" \/>\n<meta property=\"article:published_time\" content=\"2022-03-21T15:14:14+00:00\" \/>\n<meta property=\"article:modified_time\" content=\"2022-03-23T00:46:55+00:00\" \/>\n<meta property=\"og:image\" content=\"https:\/\/interamerica.org\/wp-content\/uploads\/2022\/03\/portugal-family-shelter.jpg\" \/>\n\t<meta property=\"og:image:width\" content=\"800\" \/>\n\t<meta property=\"og:image:height\" content=\"450\" \/>\n\t<meta property=\"og:image:type\" content=\"image\/jpeg\" \/>\n<meta name=\"author\" content=\"libna\" \/>\n<meta name=\"twitter:card\" content=\"summary_large_image\" \/>\n<meta name=\"twitter:label1\" content=\"\u00c9crit par\" \/>\n\t<meta name=\"twitter:data1\" content=\"libna\" \/>\n\t<meta name=\"twitter:label2\" content=\"Dur\u00e9e de lecture estim\u00e9e\" \/>\n\t<meta name=\"twitter:data2\" content=\"4 minutes\" \/>\n<script type=\"application\/ld+json\" class=\"yoast-schema-graph\">{\"@context\":\"https:\\\/\\\/schema.org\",\"@graph\":[{\"@type\":\"Article\",\"@id\":\"https:\\\/\\\/interamerica.org\\\/fr\\\/2022\\\/03\\\/une-famille-ukrainienne-trouve-refuge-chez-un-homme-daffaires-adventiste\\\/#article\",\"isPartOf\":{\"@id\":\"https:\\\/\\\/interamerica.org\\\/fr\\\/2022\\\/03\\\/une-famille-ukrainienne-trouve-refuge-chez-un-homme-daffaires-adventiste\\\/\"},\"author\":{\"name\":\"libna\",\"@id\":\"https:\\\/\\\/interamerica.org\\\/fr\\\/#\\\/schema\\\/person\\\/29998f2bc2d8bd0d38662909289b54f1\"},\"headline\":\"Une famille ukrainienne trouve refuge chez un homme d\u2019affaires adventiste\",\"datePublished\":\"2022-03-21T15:14:14+00:00\",\"dateModified\":\"2022-03-23T00:46:55+00:00\",\"mainEntityOfPage\":{\"@id\":\"https:\\\/\\\/interamerica.org\\\/fr\\\/2022\\\/03\\\/une-famille-ukrainienne-trouve-refuge-chez-un-homme-daffaires-adventiste\\\/\"},\"wordCount\":714,\"image\":{\"@id\":\"https:\\\/\\\/interamerica.org\\\/fr\\\/2022\\\/03\\\/une-famille-ukrainienne-trouve-refuge-chez-un-homme-daffaires-adventiste\\\/#primaryimage\"},\"thumbnailUrl\":\"https:\\\/\\\/interamerica.org\\\/wp-content\\\/uploads\\\/2022\\\/03\\\/portugal-family-shelter.jpg\",\"articleSection\":[\"Nouvelles de l'\u00c9glise mondiale\",\"RSS Fran\u00e7ais\"],\"inLanguage\":\"fr-FR\"},{\"@type\":\"WebPage\",\"@id\":\"https:\\\/\\\/interamerica.org\\\/fr\\\/2022\\\/03\\\/une-famille-ukrainienne-trouve-refuge-chez-un-homme-daffaires-adventiste\\\/\",\"url\":\"https:\\\/\\\/interamerica.org\\\/fr\\\/2022\\\/03\\\/une-famille-ukrainienne-trouve-refuge-chez-un-homme-daffaires-adventiste\\\/\",\"name\":\"Une famille ukrainienne trouve refuge chez un homme d\u2019affaires adventiste - \u00c9glise Adventiste Du Septieme Jour - Inter Am\u00e9rique Division\",\"isPartOf\":{\"@id\":\"https:\\\/\\\/interamerica.org\\\/fr\\\/#website\"},\"primaryImageOfPage\":{\"@id\":\"https:\\\/\\\/interamerica.org\\\/fr\\\/2022\\\/03\\\/une-famille-ukrainienne-trouve-refuge-chez-un-homme-daffaires-adventiste\\\/#primaryimage\"},\"image\":{\"@id\":\"https:\\\/\\\/interamerica.org\\\/fr\\\/2022\\\/03\\\/une-famille-ukrainienne-trouve-refuge-chez-un-homme-daffaires-adventiste\\\/#primaryimage\"},\"thumbnailUrl\":\"https:\\\/\\\/interamerica.org\\\/wp-content\\\/uploads\\\/2022\\\/03\\\/portugal-family-shelter.jpg\",\"datePublished\":\"2022-03-21T15:14:14+00:00\",\"dateModified\":\"2022-03-23T00:46:55+00:00\",\"author\":{\"@id\":\"https:\\\/\\\/interamerica.org\\\/fr\\\/#\\\/schema\\\/person\\\/29998f2bc2d8bd0d38662909289b54f1\"},\"breadcrumb\":{\"@id\":\"https:\\\/\\\/interamerica.org\\\/fr\\\/2022\\\/03\\\/une-famille-ukrainienne-trouve-refuge-chez-un-homme-daffaires-adventiste\\\/#breadcrumb\"},\"inLanguage\":\"fr-FR\",\"potentialAction\":[{\"@type\":\"ReadAction\",\"target\":[\"https:\\\/\\\/interamerica.org\\\/fr\\\/2022\\\/03\\\/une-famille-ukrainienne-trouve-refuge-chez-un-homme-daffaires-adventiste\\\/\"]}]},{\"@type\":\"ImageObject\",\"inLanguage\":\"fr-FR\",\"@id\":\"https:\\\/\\\/interamerica.org\\\/fr\\\/2022\\\/03\\\/une-famille-ukrainienne-trouve-refuge-chez-un-homme-daffaires-adventiste\\\/#primaryimage\",\"url\":\"https:\\\/\\\/interamerica.org\\\/wp-content\\\/uploads\\\/2022\\\/03\\\/portugal-family-shelter.jpg\",\"contentUrl\":\"https:\\\/\\\/interamerica.org\\\/wp-content\\\/uploads\\\/2022\\\/03\\\/portugal-family-shelter.jpg\",\"width\":800,\"height\":450,\"caption\":\"Carlos Dias (\u00e0 droite) et sa femme (\u00e0 gauche) aident une famille ukrainienne \u00e0 s\u2019adapter aux effets de la guerre. [Une photo offerte par Carlos Dias.]\"},{\"@type\":\"BreadcrumbList\",\"@id\":\"https:\\\/\\\/interamerica.org\\\/fr\\\/2022\\\/03\\\/une-famille-ukrainienne-trouve-refuge-chez-un-homme-daffaires-adventiste\\\/#breadcrumb\",\"itemListElement\":[{\"@type\":\"ListItem\",\"position\":1,\"name\":\"Home\",\"item\":\"https:\\\/\\\/interamerica.org\\\/fr\\\/\"},{\"@type\":\"ListItem\",\"position\":2,\"name\":\"Une famille ukrainienne trouve refuge chez un homme d\u2019affaires adventiste\"}]},{\"@type\":\"WebSite\",\"@id\":\"https:\\\/\\\/interamerica.org\\\/fr\\\/#website\",\"url\":\"https:\\\/\\\/interamerica.org\\\/fr\\\/\",\"name\":\"\u00c9glise Adventiste Du Septieme Jour - Inter Am\u00e9rique Division\",\"description\":\"\",\"potentialAction\":[{\"@type\":\"SearchAction\",\"target\":{\"@type\":\"EntryPoint\",\"urlTemplate\":\"https:\\\/\\\/interamerica.org\\\/fr\\\/?s={search_term_string}\"},\"query-input\":{\"@type\":\"PropertyValueSpecification\",\"valueRequired\":true,\"valueName\":\"search_term_string\"}}],\"inLanguage\":\"fr-FR\"},{\"@type\":\"Person\",\"@id\":\"https:\\\/\\\/interamerica.org\\\/fr\\\/#\\\/schema\\\/person\\\/29998f2bc2d8bd0d38662909289b54f1\",\"name\":\"libna\",\"image\":{\"@type\":\"ImageObject\",\"inLanguage\":\"fr-FR\",\"@id\":\"https:\\\/\\\/secure.gravatar.com\\\/avatar\\\/7c5bd30ae4b47a9ba3c856590957fd1d96dc588bf3ac05719d247e126840331f?s=96&d=mm&r=g\",\"url\":\"https:\\\/\\\/secure.gravatar.com\\\/avatar\\\/7c5bd30ae4b47a9ba3c856590957fd1d96dc588bf3ac05719d247e126840331f?s=96&d=mm&r=g\",\"contentUrl\":\"https:\\\/\\\/secure.gravatar.com\\\/avatar\\\/7c5bd30ae4b47a9ba3c856590957fd1d96dc588bf3ac05719d247e126840331f?s=96&d=mm&r=g\",\"caption\":\"libna\"}}]}<\/script>\n<!-- \/ Yoast SEO plugin. -->","yoast_head_json":{"title":"Une famille ukrainienne trouve refuge chez un homme d\u2019affaires adventiste - \u00c9glise Adventiste Du Septieme Jour - Inter Am\u00e9rique Division","robots":{"index":"index","follow":"follow","max-snippet":"max-snippet:-1","max-image-preview":"max-image-preview:large","max-video-preview":"max-video-preview:-1"},"canonical":"https:\/\/interamerica.org\/fr\/2022\/03\/une-famille-ukrainienne-trouve-refuge-chez-un-homme-daffaires-adventiste\/","og_locale":"fr_FR","og_type":"article","og_title":"Une famille ukrainienne trouve refuge chez un homme d\u2019affaires adventiste - \u00c9glise Adventiste Du Septieme Jour - Inter Am\u00e9rique Division","og_description":"En plus de les h\u00e9berger, Carlos Dias aide une m\u00e8re et ses filles \u00e0 r\u00e9gulariser leur situation au Portugal. Le 21 mars 2022 | Portugal | Charlise Alves Une famille...","og_url":"https:\/\/interamerica.org\/fr\/2022\/03\/une-famille-ukrainienne-trouve-refuge-chez-un-homme-daffaires-adventiste\/","og_site_name":"\u00c9glise Adventiste Du Septieme Jour - Inter Am\u00e9rique Division","article_published_time":"2022-03-21T15:14:14+00:00","article_modified_time":"2022-03-23T00:46:55+00:00","og_image":[{"width":800,"height":450,"url":"https:\/\/interamerica.org\/wp-content\/uploads\/2022\/03\/portugal-family-shelter.jpg","type":"image\/jpeg"}],"author":"libna","twitter_card":"summary_large_image","twitter_misc":{"\u00c9crit par":"libna","Dur\u00e9e de lecture estim\u00e9e":"4 minutes"},"schema":{"@context":"https:\/\/schema.org","@graph":[{"@type":"Article","@id":"https:\/\/interamerica.org\/fr\/2022\/03\/une-famille-ukrainienne-trouve-refuge-chez-un-homme-daffaires-adventiste\/#article","isPartOf":{"@id":"https:\/\/interamerica.org\/fr\/2022\/03\/une-famille-ukrainienne-trouve-refuge-chez-un-homme-daffaires-adventiste\/"},"author":{"name":"libna","@id":"https:\/\/interamerica.org\/fr\/#\/schema\/person\/29998f2bc2d8bd0d38662909289b54f1"},"headline":"Une famille ukrainienne trouve refuge chez un homme d\u2019affaires adventiste","datePublished":"2022-03-21T15:14:14+00:00","dateModified":"2022-03-23T00:46:55+00:00","mainEntityOfPage":{"@id":"https:\/\/interamerica.org\/fr\/2022\/03\/une-famille-ukrainienne-trouve-refuge-chez-un-homme-daffaires-adventiste\/"},"wordCount":714,"image":{"@id":"https:\/\/interamerica.org\/fr\/2022\/03\/une-famille-ukrainienne-trouve-refuge-chez-un-homme-daffaires-adventiste\/#primaryimage"},"thumbnailUrl":"https:\/\/interamerica.org\/wp-content\/uploads\/2022\/03\/portugal-family-shelter.jpg","articleSection":["Nouvelles de l'\u00c9glise mondiale","RSS Fran\u00e7ais"],"inLanguage":"fr-FR"},{"@type":"WebPage","@id":"https:\/\/interamerica.org\/fr\/2022\/03\/une-famille-ukrainienne-trouve-refuge-chez-un-homme-daffaires-adventiste\/","url":"https:\/\/interamerica.org\/fr\/2022\/03\/une-famille-ukrainienne-trouve-refuge-chez-un-homme-daffaires-adventiste\/","name":"Une famille ukrainienne trouve refuge chez un homme d\u2019affaires adventiste - \u00c9glise Adventiste Du Septieme Jour - Inter Am\u00e9rique Division","isPartOf":{"@id":"https:\/\/interamerica.org\/fr\/#website"},"primaryImageOfPage":{"@id":"https:\/\/interamerica.org\/fr\/2022\/03\/une-famille-ukrainienne-trouve-refuge-chez-un-homme-daffaires-adventiste\/#primaryimage"},"image":{"@id":"https:\/\/interamerica.org\/fr\/2022\/03\/une-famille-ukrainienne-trouve-refuge-chez-un-homme-daffaires-adventiste\/#primaryimage"},"thumbnailUrl":"https:\/\/interamerica.org\/wp-content\/uploads\/2022\/03\/portugal-family-shelter.jpg","datePublished":"2022-03-21T15:14:14+00:00","dateModified":"2022-03-23T00:46:55+00:00","author":{"@id":"https:\/\/interamerica.org\/fr\/#\/schema\/person\/29998f2bc2d8bd0d38662909289b54f1"},"breadcrumb":{"@id":"https:\/\/interamerica.org\/fr\/2022\/03\/une-famille-ukrainienne-trouve-refuge-chez-un-homme-daffaires-adventiste\/#breadcrumb"},"inLanguage":"fr-FR","potentialAction":[{"@type":"ReadAction","target":["https:\/\/interamerica.org\/fr\/2022\/03\/une-famille-ukrainienne-trouve-refuge-chez-un-homme-daffaires-adventiste\/"]}]},{"@type":"ImageObject","inLanguage":"fr-FR","@id":"https:\/\/interamerica.org\/fr\/2022\/03\/une-famille-ukrainienne-trouve-refuge-chez-un-homme-daffaires-adventiste\/#primaryimage","url":"https:\/\/interamerica.org\/wp-content\/uploads\/2022\/03\/portugal-family-shelter.jpg","contentUrl":"https:\/\/interamerica.org\/wp-content\/uploads\/2022\/03\/portugal-family-shelter.jpg","width":800,"height":450,"caption":"Carlos Dias (\u00e0 droite) et sa femme (\u00e0 gauche) aident une famille ukrainienne \u00e0 s\u2019adapter aux effets de la guerre. [Une photo offerte par Carlos Dias.]"},{"@type":"BreadcrumbList","@id":"https:\/\/interamerica.org\/fr\/2022\/03\/une-famille-ukrainienne-trouve-refuge-chez-un-homme-daffaires-adventiste\/#breadcrumb","itemListElement":[{"@type":"ListItem","position":1,"name":"Home","item":"https:\/\/interamerica.org\/fr\/"},{"@type":"ListItem","position":2,"name":"Une famille ukrainienne trouve refuge chez un homme d\u2019affaires adventiste"}]},{"@type":"WebSite","@id":"https:\/\/interamerica.org\/fr\/#website","url":"https:\/\/interamerica.org\/fr\/","name":"\u00c9glise Adventiste Du Septieme Jour - Inter Am\u00e9rique Division","description":"","potentialAction":[{"@type":"SearchAction","target":{"@type":"EntryPoint","urlTemplate":"https:\/\/interamerica.org\/fr\/?s={search_term_string}"},"query-input":{"@type":"PropertyValueSpecification","valueRequired":true,"valueName":"search_term_string"}}],"inLanguage":"fr-FR"},{"@type":"Person","@id":"https:\/\/interamerica.org\/fr\/#\/schema\/person\/29998f2bc2d8bd0d38662909289b54f1","name":"libna","image":{"@type":"ImageObject","inLanguage":"fr-FR","@id":"https:\/\/secure.gravatar.com\/avatar\/7c5bd30ae4b47a9ba3c856590957fd1d96dc588bf3ac05719d247e126840331f?s=96&d=mm&r=g","url":"https:\/\/secure.gravatar.com\/avatar\/7c5bd30ae4b47a9ba3c856590957fd1d96dc588bf3ac05719d247e126840331f?s=96&d=mm&r=g","contentUrl":"https:\/\/secure.gravatar.com\/avatar\/7c5bd30ae4b47a9ba3c856590957fd1d96dc588bf3ac05719d247e126840331f?s=96&d=mm&r=g","caption":"libna"}}]}},"_links":{"self":[{"href":"https:\/\/interamerica.org\/fr\/wp-json\/wp\/v2\/posts\/82838","targetHints":{"allow":["GET"]}}],"collection":[{"href":"https:\/\/interamerica.org\/fr\/wp-json\/wp\/v2\/posts"}],"about":[{"href":"https:\/\/interamerica.org\/fr\/wp-json\/wp\/v2\/types\/post"}],"author":[{"embeddable":true,"href":"https:\/\/interamerica.org\/fr\/wp-json\/wp\/v2\/users\/3"}],"replies":[{"embeddable":true,"href":"https:\/\/interamerica.org\/fr\/wp-json\/wp\/v2\/comments?post=82838"}],"version-history":[{"count":0,"href":"https:\/\/interamerica.org\/fr\/wp-json\/wp\/v2\/posts\/82838\/revisions"}],"wp:featuredmedia":[{"embeddable":true,"href":"https:\/\/interamerica.org\/fr\/wp-json\/wp\/v2\/media\/82736"}],"wp:attachment":[{"href":"https:\/\/interamerica.org\/fr\/wp-json\/wp\/v2\/media?parent=82838"}],"wp:term":[{"taxonomy":"category","embeddable":true,"href":"https:\/\/interamerica.org\/fr\/wp-json\/wp\/v2\/categories?post=82838"},{"taxonomy":"post_tag","embeddable":true,"href":"https:\/\/interamerica.org\/fr\/wp-json\/wp\/v2\/tags?post=82838"}],"curies":[{"name":"wp","href":"https:\/\/api.w.org\/{rel}","templated":true}]}}