{"id":82842,"date":"2022-03-21T20:02:42","date_gmt":"2022-03-22T00:02:42","guid":{"rendered":"https:\/\/recursing-golick.147-182-135-0.plesk.page\/?p=82842"},"modified":"2022-03-23T08:25:46","modified_gmt":"2022-03-23T12:25:46","slug":"apres-deux-ans-de-virtuel-le-festival-de-films-sonscreen-retourne-au-presentiel","status":"publish","type":"post","link":"https:\/\/interamerica.org\/fr\/2022\/03\/apres-deux-ans-de-virtuel-le-festival-de-films-sonscreen-retourne-au-presentiel\/","title":{"rendered":"Apr\u00e8s deux ans de virtuel, le festival de films Sonscreen retourne au pr\u00e9sentiel"},"content":{"rendered":"<p><strong>Le festival lancera \u00e9galement la premi\u00e8re saison de la s\u00e9rie <em>Encounters<\/em> de Hope Media Europe.<\/strong><\/p>\n<p id=\"headline-6-7\" class=\"ct-headline\">Le 21 mars 2022 | Columbia, Maryland, \u00c9tats-Unis | Rachel Scribner pour le d\u00e9partement des actualit\u00e9s de la Division nord-am\u00e9ricaine<\/p>\n<p>Du 7 au 9\u00a0avril 2022 se tiendra le premier festival de films Sonscreen en personne depuis 2019. Les \u00e9tudiants des coll\u00e8ges de la Division nord-am\u00e9ricaine se r\u00e9uniront au nouveau complexe de l\u2019\u00e9glise de l\u2019Universit\u00e9 de Loma Linda, en Californie, pour trois jours de visionnement de films, d\u2019occasions \u00e9ducatives et de connexions professionnelles.<\/p>\n<p>Le retour au festival en pr\u00e9sentiel fait suite \u00e0 deux ann\u00e9es de rassemblements en ligne ainsi qu\u2019\u00e0 un <a href=\"https:\/\/www.nadadventist.org\/news\/sonscreen-film-festival-holds-first-alumni-mixer\">\u00e9v\u00e9nement sp\u00e9cial pour les anciens \u00e9tudiants<\/a> l\u2019automne dernier.<\/p>\n<p>Le seul festival de films organis\u00e9 par l\u2019\u00c9glise adventiste du septi\u00e8me jour, <a href=\"https:\/\/sonscreen.com\/\">Sonscreen<\/a>, est un \u00e9v\u00e9nement ax\u00e9 sur les \u00e9tudiants, et seuls des films r\u00e9alis\u00e9s par des \u00e9tudiants sont admissibles pour des prix. Selon les organisateurs, cette ann\u00e9e, les \u00e9tudiants et les professionnels ont jusqu\u2019au 20\u00a0mars pour soumettre leur film.<\/p>\n<p>Lors de l\u2019\u00e9dition de 2022 de Sonscreen, la s\u00e9rie <em>Encounters<\/em> de Hope Media Europe sera \u00e9galement pr\u00e9sent\u00e9e en grande premi\u00e8re. <em>Encounters<\/em> est une s\u00e9rie de t\u00e9l\u00e9vision \u00e9crite de cinq \u00e9pisodes portant sur deux aum\u00f4niers universitaires et les \u00e9tudiants qui viennent les consulter. Le <a href=\"https:\/\/encounterstheseries.com\/\">site internet de l\u2019\u00e9mission<\/a> la d\u00e9crit comme \u00ab\u00a0une s\u00e9rie sur la vie universitaire dans sa meilleure expression. Et dans sa pire. Une \u00e9mission sur la recherche de Dieu au 21<sup>e<\/sup>\u00a0si\u00e8cle.\u00a0\u00bb<\/p>\n<p>\u00ab\u00a0Nous sommes ravis de pr\u00e9senter la premi\u00e8re mondiale de la s\u00e9rie <em>Encounters<\/em>, a dit Julio C. Mu\u00f1oz, directeur administratif de Sonscreen. C\u2019est le point culminant de six ans de d\u00e9veloppement par plusieurs partenaires m\u00e9dia, dont Sonscreen Films.\u00a0\u00bb<\/p>\n<p>Dans <em>Encounters<\/em>, des th\u00e8mes tels que la maladie en phase terminale, la foi et le doute ainsi que les diff\u00e9rentes approches de l\u2019aum\u00f4nerie et du counseling sont abord\u00e9s. Une <a href=\"https:\/\/encounterstheseries.com\/#trailer\">bande-annonce de la s\u00e9rie<\/a> est disponible pour visionnement en ligne. La s\u00e9rie est l\u2019une des quelques \u0153uvres professionnelles que les organisateurs du festival ont choisi de pr\u00e9senter cette ann\u00e9e en plus des s\u00e9lections \u00e9tudiantes.<\/p>\n<p>Pour 2022, M.\u00a0Mu\u00f1oz et Tanya Musgrave, productrice du festival, ont ajout\u00e9 un concours de propositions \u00e0 la programmation du festival. Les finalistes du concours pr\u00e9senteront leurs id\u00e9es de film \u00e0 un panel d\u2019experts et les gagnants recevront un prix en argent pour les aider \u00e0 financer leur projet.<\/p>\n<p>Selon les dires de M<sup>me<\/sup>\u00a0Musgrave, cet \u00e9v\u00e9nement est con\u00e7u pour \u00ab\u00a0donner un petit coup de coude aux artistes en herbe, les encourageant \u00e0 faire de leurs r\u00eaves \u00e9crits sur des serviettes de table des\u2026 pr\u00e9sentations tangibles et viables.\u00a0\u00bb Puis elle a ajout\u00e9 que \u00ab\u00a0la valeur \u00e9ducative a \u00e9galement un effet sur ceux qui regardent\u00a0\u00bb. Le concours de propositions est ouvert aux inscriptions jusqu\u2019au 27\u00a0mars.<\/p>\n<p><iframe title=\"Encounters | Teaser Trailer | Drama Series\" width=\"500\" height=\"281\" src=\"https:\/\/www.youtube.com\/embed\/mA66Gmdh9Vg?feature=oembed\" frameborder=\"0\" allow=\"accelerometer; autoplay; clipboard-write; encrypted-media; gyroscope; picture-in-picture; web-share\" referrerpolicy=\"strict-origin-when-cross-origin\" allowfullscreen><\/iframe><\/p>\n<p><em>La <a href=\"https:\/\/www.nadadventist.org\/news\/sonscreen-film-festival-returns-person-event-after-two-years-features-encounters-world\">version originale<\/a> de cet article a \u00e9t\u00e9 publi\u00e9e sur le <a href=\"https:\/\/www.nadadventist.org\/news\">site d\u2019actualit\u00e9s<\/a> de la Division nord-am\u00e9ricaine.<\/em><\/p>\n<p>Traduction\u00a0: Marie-Mich\u00e8le Robitaille<\/p>\n","protected":false},"excerpt":{"rendered":"<p>Le festival lancera \u00e9galement la premi\u00e8re saison de la s\u00e9rie Encounters de Hope Media Europe. Le 21 mars 2022 | Columbia, Maryland, \u00c9tats-Unis | Rachel Scribner pour le d\u00e9partement des&#8230;<\/p>\n","protected":false},"author":3,"featured_media":82755,"comment_status":"closed","ping_status":"closed","sticky":false,"template":"","format":"standard","meta":{"_acf_changed":false,"footnotes":""},"categories":[18,19],"tags":[],"class_list":["post-82842","post","type-post","status-publish","format-standard","has-post-thumbnail","hentry","category-nouvelles-de-leglise-mondiale","category-rss-francais"],"acf":[],"yoast_head":"<!-- This site is optimized with the Yoast SEO plugin v27.3 - https:\/\/yoast.com\/product\/yoast-seo-wordpress\/ -->\n<title>Apr\u00e8s deux ans de virtuel, le festival de films Sonscreen retourne au pr\u00e9sentiel - \u00c9glise Adventiste Du Septieme Jour - Inter Am\u00e9rique Division<\/title>\n<meta name=\"robots\" content=\"index, follow, max-snippet:-1, max-image-preview:large, max-video-preview:-1\" \/>\n<link rel=\"canonical\" href=\"https:\/\/interamerica.org\/fr\/2022\/03\/apres-deux-ans-de-virtuel-le-festival-de-films-sonscreen-retourne-au-presentiel\/\" \/>\n<meta property=\"og:locale\" content=\"fr_FR\" \/>\n<meta property=\"og:type\" content=\"article\" \/>\n<meta property=\"og:title\" content=\"Apr\u00e8s deux ans de virtuel, le festival de films Sonscreen retourne au pr\u00e9sentiel - \u00c9glise Adventiste Du Septieme Jour - Inter Am\u00e9rique Division\" \/>\n<meta property=\"og:description\" content=\"Le festival lancera \u00e9galement la premi\u00e8re saison de la s\u00e9rie Encounters de Hope Media Europe. Le 21 mars 2022 | Columbia, Maryland, \u00c9tats-Unis | Rachel Scribner pour le d\u00e9partement des...\" \/>\n<meta property=\"og:url\" content=\"https:\/\/interamerica.org\/fr\/2022\/03\/apres-deux-ans-de-virtuel-le-festival-de-films-sonscreen-retourne-au-presentiel\/\" \/>\n<meta property=\"og:site_name\" content=\"\u00c9glise Adventiste Du Septieme Jour - Inter Am\u00e9rique Division\" \/>\n<meta property=\"article:published_time\" content=\"2022-03-22T00:02:42+00:00\" \/>\n<meta property=\"article:modified_time\" content=\"2022-03-23T12:25:46+00:00\" \/>\n<meta property=\"og:image\" content=\"https:\/\/interamerica.org\/wp-content\/uploads\/2022\/03\/sonscreen-film-festival-returns-to-in-person-event-after-two-years1.jpeg\" \/>\n\t<meta property=\"og:image:width\" content=\"1920\" \/>\n\t<meta property=\"og:image:height\" content=\"1080\" \/>\n\t<meta property=\"og:image:type\" content=\"image\/jpeg\" \/>\n<meta name=\"author\" content=\"libna\" \/>\n<meta name=\"twitter:card\" content=\"summary_large_image\" \/>\n<meta name=\"twitter:label1\" content=\"\u00c9crit par\" \/>\n\t<meta name=\"twitter:data1\" content=\"libna\" \/>\n\t<meta name=\"twitter:label2\" content=\"Dur\u00e9e de lecture estim\u00e9e\" \/>\n\t<meta name=\"twitter:data2\" content=\"3 minutes\" \/>\n<script type=\"application\/ld+json\" class=\"yoast-schema-graph\">{\"@context\":\"https:\\\/\\\/schema.org\",\"@graph\":[{\"@type\":\"Article\",\"@id\":\"https:\\\/\\\/interamerica.org\\\/fr\\\/2022\\\/03\\\/apres-deux-ans-de-virtuel-le-festival-de-films-sonscreen-retourne-au-presentiel\\\/#article\",\"isPartOf\":{\"@id\":\"https:\\\/\\\/interamerica.org\\\/fr\\\/2022\\\/03\\\/apres-deux-ans-de-virtuel-le-festival-de-films-sonscreen-retourne-au-presentiel\\\/\"},\"author\":{\"name\":\"libna\",\"@id\":\"https:\\\/\\\/interamerica.org\\\/fr\\\/#\\\/schema\\\/person\\\/29998f2bc2d8bd0d38662909289b54f1\"},\"headline\":\"Apr\u00e8s deux ans de virtuel, le festival de films Sonscreen retourne au pr\u00e9sentiel\",\"datePublished\":\"2022-03-22T00:02:42+00:00\",\"dateModified\":\"2022-03-23T12:25:46+00:00\",\"mainEntityOfPage\":{\"@id\":\"https:\\\/\\\/interamerica.org\\\/fr\\\/2022\\\/03\\\/apres-deux-ans-de-virtuel-le-festival-de-films-sonscreen-retourne-au-presentiel\\\/\"},\"wordCount\":553,\"image\":{\"@id\":\"https:\\\/\\\/interamerica.org\\\/fr\\\/2022\\\/03\\\/apres-deux-ans-de-virtuel-le-festival-de-films-sonscreen-retourne-au-presentiel\\\/#primaryimage\"},\"thumbnailUrl\":\"https:\\\/\\\/interamerica.org\\\/wp-content\\\/uploads\\\/2022\\\/03\\\/sonscreen-film-festival-returns-to-in-person-event-after-two-years1.jpeg\",\"articleSection\":[\"Nouvelles de l'\u00c9glise mondiale\",\"RSS Fran\u00e7ais\"],\"inLanguage\":\"fr-FR\"},{\"@type\":\"WebPage\",\"@id\":\"https:\\\/\\\/interamerica.org\\\/fr\\\/2022\\\/03\\\/apres-deux-ans-de-virtuel-le-festival-de-films-sonscreen-retourne-au-presentiel\\\/\",\"url\":\"https:\\\/\\\/interamerica.org\\\/fr\\\/2022\\\/03\\\/apres-deux-ans-de-virtuel-le-festival-de-films-sonscreen-retourne-au-presentiel\\\/\",\"name\":\"Apr\u00e8s deux ans de virtuel, le festival de films Sonscreen retourne au pr\u00e9sentiel - \u00c9glise Adventiste Du Septieme Jour - Inter Am\u00e9rique Division\",\"isPartOf\":{\"@id\":\"https:\\\/\\\/interamerica.org\\\/fr\\\/#website\"},\"primaryImageOfPage\":{\"@id\":\"https:\\\/\\\/interamerica.org\\\/fr\\\/2022\\\/03\\\/apres-deux-ans-de-virtuel-le-festival-de-films-sonscreen-retourne-au-presentiel\\\/#primaryimage\"},\"image\":{\"@id\":\"https:\\\/\\\/interamerica.org\\\/fr\\\/2022\\\/03\\\/apres-deux-ans-de-virtuel-le-festival-de-films-sonscreen-retourne-au-presentiel\\\/#primaryimage\"},\"thumbnailUrl\":\"https:\\\/\\\/interamerica.org\\\/wp-content\\\/uploads\\\/2022\\\/03\\\/sonscreen-film-festival-returns-to-in-person-event-after-two-years1.jpeg\",\"datePublished\":\"2022-03-22T00:02:42+00:00\",\"dateModified\":\"2022-03-23T12:25:46+00:00\",\"author\":{\"@id\":\"https:\\\/\\\/interamerica.org\\\/fr\\\/#\\\/schema\\\/person\\\/29998f2bc2d8bd0d38662909289b54f1\"},\"breadcrumb\":{\"@id\":\"https:\\\/\\\/interamerica.org\\\/fr\\\/2022\\\/03\\\/apres-deux-ans-de-virtuel-le-festival-de-films-sonscreen-retourne-au-presentiel\\\/#breadcrumb\"},\"inLanguage\":\"fr-FR\",\"potentialAction\":[{\"@type\":\"ReadAction\",\"target\":[\"https:\\\/\\\/interamerica.org\\\/fr\\\/2022\\\/03\\\/apres-deux-ans-de-virtuel-le-festival-de-films-sonscreen-retourne-au-presentiel\\\/\"]}]},{\"@type\":\"ImageObject\",\"inLanguage\":\"fr-FR\",\"@id\":\"https:\\\/\\\/interamerica.org\\\/fr\\\/2022\\\/03\\\/apres-deux-ans-de-virtuel-le-festival-de-films-sonscreen-retourne-au-presentiel\\\/#primaryimage\",\"url\":\"https:\\\/\\\/interamerica.org\\\/wp-content\\\/uploads\\\/2022\\\/03\\\/sonscreen-film-festival-returns-to-in-person-event-after-two-years1.jpeg\",\"contentUrl\":\"https:\\\/\\\/interamerica.org\\\/wp-content\\\/uploads\\\/2022\\\/03\\\/sonscreen-film-festival-returns-to-in-person-event-after-two-years1.jpeg\",\"width\":1920,\"height\":1080},{\"@type\":\"BreadcrumbList\",\"@id\":\"https:\\\/\\\/interamerica.org\\\/fr\\\/2022\\\/03\\\/apres-deux-ans-de-virtuel-le-festival-de-films-sonscreen-retourne-au-presentiel\\\/#breadcrumb\",\"itemListElement\":[{\"@type\":\"ListItem\",\"position\":1,\"name\":\"Home\",\"item\":\"https:\\\/\\\/interamerica.org\\\/fr\\\/\"},{\"@type\":\"ListItem\",\"position\":2,\"name\":\"Apr\u00e8s deux ans de virtuel, le festival de films Sonscreen retourne au pr\u00e9sentiel\"}]},{\"@type\":\"WebSite\",\"@id\":\"https:\\\/\\\/interamerica.org\\\/fr\\\/#website\",\"url\":\"https:\\\/\\\/interamerica.org\\\/fr\\\/\",\"name\":\"\u00c9glise Adventiste Du Septieme Jour - Inter Am\u00e9rique Division\",\"description\":\"\",\"potentialAction\":[{\"@type\":\"SearchAction\",\"target\":{\"@type\":\"EntryPoint\",\"urlTemplate\":\"https:\\\/\\\/interamerica.org\\\/fr\\\/?s={search_term_string}\"},\"query-input\":{\"@type\":\"PropertyValueSpecification\",\"valueRequired\":true,\"valueName\":\"search_term_string\"}}],\"inLanguage\":\"fr-FR\"},{\"@type\":\"Person\",\"@id\":\"https:\\\/\\\/interamerica.org\\\/fr\\\/#\\\/schema\\\/person\\\/29998f2bc2d8bd0d38662909289b54f1\",\"name\":\"libna\",\"image\":{\"@type\":\"ImageObject\",\"inLanguage\":\"fr-FR\",\"@id\":\"https:\\\/\\\/secure.gravatar.com\\\/avatar\\\/7c5bd30ae4b47a9ba3c856590957fd1d96dc588bf3ac05719d247e126840331f?s=96&d=mm&r=g\",\"url\":\"https:\\\/\\\/secure.gravatar.com\\\/avatar\\\/7c5bd30ae4b47a9ba3c856590957fd1d96dc588bf3ac05719d247e126840331f?s=96&d=mm&r=g\",\"contentUrl\":\"https:\\\/\\\/secure.gravatar.com\\\/avatar\\\/7c5bd30ae4b47a9ba3c856590957fd1d96dc588bf3ac05719d247e126840331f?s=96&d=mm&r=g\",\"caption\":\"libna\"}}]}<\/script>\n<!-- \/ Yoast SEO plugin. -->","yoast_head_json":{"title":"Apr\u00e8s deux ans de virtuel, le festival de films Sonscreen retourne au pr\u00e9sentiel - \u00c9glise Adventiste Du Septieme Jour - Inter Am\u00e9rique Division","robots":{"index":"index","follow":"follow","max-snippet":"max-snippet:-1","max-image-preview":"max-image-preview:large","max-video-preview":"max-video-preview:-1"},"canonical":"https:\/\/interamerica.org\/fr\/2022\/03\/apres-deux-ans-de-virtuel-le-festival-de-films-sonscreen-retourne-au-presentiel\/","og_locale":"fr_FR","og_type":"article","og_title":"Apr\u00e8s deux ans de virtuel, le festival de films Sonscreen retourne au pr\u00e9sentiel - \u00c9glise Adventiste Du Septieme Jour - Inter Am\u00e9rique Division","og_description":"Le festival lancera \u00e9galement la premi\u00e8re saison de la s\u00e9rie Encounters de Hope Media Europe. Le 21 mars 2022 | Columbia, Maryland, \u00c9tats-Unis | Rachel Scribner pour le d\u00e9partement des...","og_url":"https:\/\/interamerica.org\/fr\/2022\/03\/apres-deux-ans-de-virtuel-le-festival-de-films-sonscreen-retourne-au-presentiel\/","og_site_name":"\u00c9glise Adventiste Du Septieme Jour - Inter Am\u00e9rique Division","article_published_time":"2022-03-22T00:02:42+00:00","article_modified_time":"2022-03-23T12:25:46+00:00","og_image":[{"width":1920,"height":1080,"url":"https:\/\/interamerica.org\/wp-content\/uploads\/2022\/03\/sonscreen-film-festival-returns-to-in-person-event-after-two-years1.jpeg","type":"image\/jpeg"}],"author":"libna","twitter_card":"summary_large_image","twitter_misc":{"\u00c9crit par":"libna","Dur\u00e9e de lecture estim\u00e9e":"3 minutes"},"schema":{"@context":"https:\/\/schema.org","@graph":[{"@type":"Article","@id":"https:\/\/interamerica.org\/fr\/2022\/03\/apres-deux-ans-de-virtuel-le-festival-de-films-sonscreen-retourne-au-presentiel\/#article","isPartOf":{"@id":"https:\/\/interamerica.org\/fr\/2022\/03\/apres-deux-ans-de-virtuel-le-festival-de-films-sonscreen-retourne-au-presentiel\/"},"author":{"name":"libna","@id":"https:\/\/interamerica.org\/fr\/#\/schema\/person\/29998f2bc2d8bd0d38662909289b54f1"},"headline":"Apr\u00e8s deux ans de virtuel, le festival de films Sonscreen retourne au pr\u00e9sentiel","datePublished":"2022-03-22T00:02:42+00:00","dateModified":"2022-03-23T12:25:46+00:00","mainEntityOfPage":{"@id":"https:\/\/interamerica.org\/fr\/2022\/03\/apres-deux-ans-de-virtuel-le-festival-de-films-sonscreen-retourne-au-presentiel\/"},"wordCount":553,"image":{"@id":"https:\/\/interamerica.org\/fr\/2022\/03\/apres-deux-ans-de-virtuel-le-festival-de-films-sonscreen-retourne-au-presentiel\/#primaryimage"},"thumbnailUrl":"https:\/\/interamerica.org\/wp-content\/uploads\/2022\/03\/sonscreen-film-festival-returns-to-in-person-event-after-two-years1.jpeg","articleSection":["Nouvelles de l'\u00c9glise mondiale","RSS Fran\u00e7ais"],"inLanguage":"fr-FR"},{"@type":"WebPage","@id":"https:\/\/interamerica.org\/fr\/2022\/03\/apres-deux-ans-de-virtuel-le-festival-de-films-sonscreen-retourne-au-presentiel\/","url":"https:\/\/interamerica.org\/fr\/2022\/03\/apres-deux-ans-de-virtuel-le-festival-de-films-sonscreen-retourne-au-presentiel\/","name":"Apr\u00e8s deux ans de virtuel, le festival de films Sonscreen retourne au pr\u00e9sentiel - \u00c9glise Adventiste Du Septieme Jour - Inter Am\u00e9rique Division","isPartOf":{"@id":"https:\/\/interamerica.org\/fr\/#website"},"primaryImageOfPage":{"@id":"https:\/\/interamerica.org\/fr\/2022\/03\/apres-deux-ans-de-virtuel-le-festival-de-films-sonscreen-retourne-au-presentiel\/#primaryimage"},"image":{"@id":"https:\/\/interamerica.org\/fr\/2022\/03\/apres-deux-ans-de-virtuel-le-festival-de-films-sonscreen-retourne-au-presentiel\/#primaryimage"},"thumbnailUrl":"https:\/\/interamerica.org\/wp-content\/uploads\/2022\/03\/sonscreen-film-festival-returns-to-in-person-event-after-two-years1.jpeg","datePublished":"2022-03-22T00:02:42+00:00","dateModified":"2022-03-23T12:25:46+00:00","author":{"@id":"https:\/\/interamerica.org\/fr\/#\/schema\/person\/29998f2bc2d8bd0d38662909289b54f1"},"breadcrumb":{"@id":"https:\/\/interamerica.org\/fr\/2022\/03\/apres-deux-ans-de-virtuel-le-festival-de-films-sonscreen-retourne-au-presentiel\/#breadcrumb"},"inLanguage":"fr-FR","potentialAction":[{"@type":"ReadAction","target":["https:\/\/interamerica.org\/fr\/2022\/03\/apres-deux-ans-de-virtuel-le-festival-de-films-sonscreen-retourne-au-presentiel\/"]}]},{"@type":"ImageObject","inLanguage":"fr-FR","@id":"https:\/\/interamerica.org\/fr\/2022\/03\/apres-deux-ans-de-virtuel-le-festival-de-films-sonscreen-retourne-au-presentiel\/#primaryimage","url":"https:\/\/interamerica.org\/wp-content\/uploads\/2022\/03\/sonscreen-film-festival-returns-to-in-person-event-after-two-years1.jpeg","contentUrl":"https:\/\/interamerica.org\/wp-content\/uploads\/2022\/03\/sonscreen-film-festival-returns-to-in-person-event-after-two-years1.jpeg","width":1920,"height":1080},{"@type":"BreadcrumbList","@id":"https:\/\/interamerica.org\/fr\/2022\/03\/apres-deux-ans-de-virtuel-le-festival-de-films-sonscreen-retourne-au-presentiel\/#breadcrumb","itemListElement":[{"@type":"ListItem","position":1,"name":"Home","item":"https:\/\/interamerica.org\/fr\/"},{"@type":"ListItem","position":2,"name":"Apr\u00e8s deux ans de virtuel, le festival de films Sonscreen retourne au pr\u00e9sentiel"}]},{"@type":"WebSite","@id":"https:\/\/interamerica.org\/fr\/#website","url":"https:\/\/interamerica.org\/fr\/","name":"\u00c9glise Adventiste Du Septieme Jour - Inter Am\u00e9rique Division","description":"","potentialAction":[{"@type":"SearchAction","target":{"@type":"EntryPoint","urlTemplate":"https:\/\/interamerica.org\/fr\/?s={search_term_string}"},"query-input":{"@type":"PropertyValueSpecification","valueRequired":true,"valueName":"search_term_string"}}],"inLanguage":"fr-FR"},{"@type":"Person","@id":"https:\/\/interamerica.org\/fr\/#\/schema\/person\/29998f2bc2d8bd0d38662909289b54f1","name":"libna","image":{"@type":"ImageObject","inLanguage":"fr-FR","@id":"https:\/\/secure.gravatar.com\/avatar\/7c5bd30ae4b47a9ba3c856590957fd1d96dc588bf3ac05719d247e126840331f?s=96&d=mm&r=g","url":"https:\/\/secure.gravatar.com\/avatar\/7c5bd30ae4b47a9ba3c856590957fd1d96dc588bf3ac05719d247e126840331f?s=96&d=mm&r=g","contentUrl":"https:\/\/secure.gravatar.com\/avatar\/7c5bd30ae4b47a9ba3c856590957fd1d96dc588bf3ac05719d247e126840331f?s=96&d=mm&r=g","caption":"libna"}}]}},"_links":{"self":[{"href":"https:\/\/interamerica.org\/fr\/wp-json\/wp\/v2\/posts\/82842","targetHints":{"allow":["GET"]}}],"collection":[{"href":"https:\/\/interamerica.org\/fr\/wp-json\/wp\/v2\/posts"}],"about":[{"href":"https:\/\/interamerica.org\/fr\/wp-json\/wp\/v2\/types\/post"}],"author":[{"embeddable":true,"href":"https:\/\/interamerica.org\/fr\/wp-json\/wp\/v2\/users\/3"}],"replies":[{"embeddable":true,"href":"https:\/\/interamerica.org\/fr\/wp-json\/wp\/v2\/comments?post=82842"}],"version-history":[{"count":0,"href":"https:\/\/interamerica.org\/fr\/wp-json\/wp\/v2\/posts\/82842\/revisions"}],"wp:featuredmedia":[{"embeddable":true,"href":"https:\/\/interamerica.org\/fr\/wp-json\/wp\/v2\/media\/82755"}],"wp:attachment":[{"href":"https:\/\/interamerica.org\/fr\/wp-json\/wp\/v2\/media?parent=82842"}],"wp:term":[{"taxonomy":"category","embeddable":true,"href":"https:\/\/interamerica.org\/fr\/wp-json\/wp\/v2\/categories?post=82842"},{"taxonomy":"post_tag","embeddable":true,"href":"https:\/\/interamerica.org\/fr\/wp-json\/wp\/v2\/tags?post=82842"}],"curies":[{"name":"wp","href":"https:\/\/api.w.org\/{rel}","templated":true}]}}