{"id":82915,"date":"2022-03-24T13:06:24","date_gmt":"2022-03-24T17:06:24","guid":{"rendered":"https:\/\/recursing-golick.147-182-135-0.plesk.page\/?p=82915"},"modified":"2022-03-25T08:57:52","modified_gmt":"2022-03-25T12:57:52","slug":"une-campagne-devangelisation-regionale-prevue-dans-toute-lamerique-centrale-et-en-republique-dominicaine","status":"publish","type":"post","link":"https:\/\/interamerica.org\/fr\/2022\/03\/une-campagne-devangelisation-regionale-prevue-dans-toute-lamerique-centrale-et-en-republique-dominicaine\/","title":{"rendered":"Une campagne d\u2019\u00e9vang\u00e9lisation r\u00e9gionale pr\u00e9vue dans toute l\u2019Am\u00e9rique Centrale et en R\u00e9publique Dominicaine"},"content":{"rendered":"<p>24 Mars 2022 | Miami, Floride, \u00c9tats-Unis | Libna Stevens, Actualit\u00e9s de la Division Inter Am\u00e9ricaine<\/p>\n<p>Des milliers de dirigeants, de pasteurs et de la\u00efcs adventistes du septi\u00e8me jour en Am\u00e9rique Centrale et en R\u00e9publique Dominicaine c\u00e9l\u00e9breront la fin d\u2019intenses efforts d\u2019\u00e9vang\u00e9lisation dans les \u00e9glises et les petits groupes ce mois-ci, accueillant des milliers de nouveaux membres.<br \/>\nLa campagne d\u2019\u00e9vang\u00e9lisation r\u00e9gionale impliquant plusieurs pays et dont le th\u00e8me est : \u00ab No Te Rindas, A\u00fan Hay Esperanza \u00bb (N\u2019abandonne Pas, il y a Encore de l\u2019Espoir), rassemblera des auditoires de grande taille et de petite taille dans des auditoriums, des \u00e9glises et de petits groupes, \u00e0 partir du 25 mars 2022, en R\u00e9publique Dominicaine. Ensuite, la campagne se poursuivra au Panama, au Costa Rica, au Nicaragua, au Honduras, au Salvador et culminera au Guatemala le 9 avril.<\/p>\n<p>Le pasteur Melchor Ferreyra, directeur des minist\u00e8res personnels pour l\u2019\u00c9glise adventiste en Inter Am\u00e9rique, sera l\u2019intervenant principal de la s\u00e9rie de conf\u00e9rences pr\u00e9sent\u00e9es le soir pendant deux semaines et diffus\u00e9es en ligne sur les comptes YouTube et Facebook de Hope Channel Inter Am\u00e9rique.<\/p>\n<p><div id=\"attachment_82862\" style=\"width: 883px\" class=\"wp-caption aligncenter\"><img fetchpriority=\"high\" decoding=\"async\" aria-describedby=\"caption-attachment-82862\" class=\" wp-image-82862\" src=\"https:\/\/recursing-golick.147-182-135-0.plesk.page\/wp-content\/uploads\/2022\/03\/ruta-esperanza-campaigns-1024x399.jpg\" alt=\"\" width=\"873\" height=\"340\" srcset=\"https:\/\/interamerica.org\/wp-content\/uploads\/2022\/03\/ruta-esperanza-campaigns-1024x399.jpg 1024w, https:\/\/interamerica.org\/wp-content\/uploads\/2022\/03\/ruta-esperanza-campaigns-300x117.jpg 300w, https:\/\/interamerica.org\/wp-content\/uploads\/2022\/03\/ruta-esperanza-campaigns-768x300.jpg 768w, https:\/\/interamerica.org\/wp-content\/uploads\/2022\/03\/ruta-esperanza-campaigns.jpg 1200w\" sizes=\"(max-width: 873px) 100vw, 873px\" \/><p id=\"caption-attachment-82862\" class=\"wp-caption-text\">[Image: Division Inter-Am\u00e9ricaine]<\/p><\/div>\u00ab Cette campagne d\u2019\u00e9vang\u00e9lisation fait suite \u00e0 des centaines d\u2019efforts men\u00e9s sur le terrain par des instructeurs bibliques, des leaders de petits groupes, des anciens d\u2019\u00e9glise et des pasteurs qui ont amen\u00e9 les nouveaux croyants \u00e0 devenir des disciples ayant accept\u00e9 J\u00e9sus comme leur Sauveur personnel, \u00bb a d\u00e9clar\u00e9 pasteur Ferreyra. \u00ab Nos dirigeants sont ravis de partager et de c\u00e9l\u00e9brer avec ceux qui choisissent de suivre J\u00e9sus dans leur vie. \u00bb<\/p>\n<p>Les messages chaque soir mettront l\u2019emphase sur les promesses de Dieu dans les probl\u00e8mes de la vie quotidienne, a dit pasteur Ferreyra.<\/p>\n<p>Au d\u00e9but de la s\u00e9rie \u00e0 Saint-Domingue, en R\u00e9publique Dominicaine, les dirigeants locaux se pr\u00e9parent \u00e0 baptiser pr\u00e8s de 1000 personnes lors du lancement de la s\u00e9rie ce week-end.<\/p>\n<p>Les dirigeants d\u2019\u00e9glise \u00e0 travers l\u2019Am\u00e9rique Centrale eux se pr\u00e9parent \u00e0 ajouter plus de 6000 nouveaux membres d\u2019ici la fin de la campagne.<\/p>\n<p>\u00ab Il y a beaucoup d\u2019\u00e9nergie investie dans les efforts d\u2019\u00e9vang\u00e9lisation de cette ann\u00e9e, surtout que nous c\u00e9l\u00e9brons le 100\u00e8me anniversaire de l\u2019organisation de la Division Inter Am\u00e9ricaine (DIA), \u00bb a d\u00e9clar\u00e9 pasteur Balvin Braham, vice-pr\u00e9sident supervisant l\u2019\u00e9vang\u00e9lisation pour l\u2019\u00c9glise adventiste en Inter-Am\u00e9rique.<\/p>\n<p><div id=\"attachment_82866\" style=\"width: 938px\" class=\"wp-caption aligncenter\"><img decoding=\"async\" aria-describedby=\"caption-attachment-82866\" class=\" wp-image-82866\" src=\"https:\/\/recursing-golick.147-182-135-0.plesk.page\/wp-content\/uploads\/2022\/03\/costarica-regional-campaign-mar2022-1280-1024x640.jpg\" alt=\"\" width=\"928\" height=\"580\" srcset=\"https:\/\/interamerica.org\/wp-content\/uploads\/2022\/03\/costarica-regional-campaign-mar2022-1280-1024x640.jpg 1024w, https:\/\/interamerica.org\/wp-content\/uploads\/2022\/03\/costarica-regional-campaign-mar2022-1280-300x188.jpg 300w, https:\/\/interamerica.org\/wp-content\/uploads\/2022\/03\/costarica-regional-campaign-mar2022-1280-768x480.jpg 768w, https:\/\/interamerica.org\/wp-content\/uploads\/2022\/03\/costarica-regional-campaign-mar2022-1280.jpg 1280w\" sizes=\"(max-width: 928px) 100vw, 928px\" \/><p id=\"caption-attachment-82866\" class=\"wp-caption-text\">[Photo: Union Centram\u00e9ricaine du Sud]<\/p><\/div>\u00ab Nous ne faisons pas cela uniquement pour baptiser des individus, nous le faisons parce que c\u2019est au c\u0153ur de la mission : apporter aux autres l\u2019\u00e9vangile. \u00bb<\/p>\n<p>Apr\u00e8s 100 ann\u00e9es pass\u00e9es \u00e0 accomplir la mission, il s\u2019agit maintenant d\u2019approfondir ce qui a \u00e9t\u00e9 fait avec succ\u00e8s sur le territoire et d\u2019inclure de nouvelles strat\u00e9gies, de nouvelles fa\u00e7ons \u00ab d\u2019avancer ensemble pour accomplir la mission qui nous est confi\u00e9e, \u00bb a expliqu\u00e9 pasteur Braham.<\/p>\n<p>La s\u00e9rie est la deuxi\u00e8me des cinq campagnes r\u00e9gionales pr\u00e9vues cette ann\u00e9e \u00e0 travers l\u2019Inter Am\u00e9rique, elle \u00ab aide \u00e0 galvaniser et \u00e0 mobiliser les dirigeants dans les unions, les champs et les \u00e9glises locales, afin de continuer \u00e0 \u00e9vang\u00e9liser, \u00e0 amener des \u00e2mes et \u00e0 les nourrir pour le royaume, \u00bb a d\u00e9clar\u00e9 Balvin Braham.\u00a0<a href=\"https:\/\/urldefense.proofpoint.com\/v2\/url?u=https-3A__www.interamerica.org_2022_03_more-2Dthan-2D4200-2Djoin-2Dthe-2Dadventist-2Dchurch-2Din-2Dinter-2Damerica-2Dduring-2Donline-2Devangelistic-2Dseries_&amp;d=DwMFaQ&amp;c=tjPg1sbLxZ1bjgTYa5hhdyzvrRQ5lIm-1PubXARxg7w&amp;r=QRxhZ6zzWfakIxmZLcYU5ZN_w8zIA8rJMh2h-7AoibY&amp;m=4HZbxrg4cLkvWJxVx9tfJelyu3dONb1A-DDdw-TZep2sp_6YpFSqhYVa7w0xGOUn&amp;s=oYuw4iQvEeBIPGYt0mEC-t2yJ_R4fTwMnFL26TRNPgg&amp;e=\">La premi\u00e8re campagne d\u2019\u00e9vang\u00e9lisation r\u00e9gionale <\/a>\u00a0a eu lieu le mois dernier pour le territoire anglophone de l\u2019Inter Am\u00e9rique et a d\u00e9bouch\u00e9 sur plus de 4200 bapt\u00eames.<\/p>\n<p>Avec le type d\u2019\u00e9lan que connait l\u2019\u00e9vang\u00e9lisation \u00e0 travers l\u2019Inter Am\u00e9rique, les dirigeants pr\u00e9voient que cette ann\u00e9e am\u00e8nera l\u2019implication d\u2019un plus grand nombre de la\u00efcs et de pasteurs dans des efforts unifi\u00e9s visant \u00e0 atteindre plus de personnes que jamais auparavant, a dit pasteur Braham.<\/p>\n<p>Pour regarder la campagne d\u2019\u00e9vang\u00e9lisation en ligne organis\u00e9e par l\u2019Inter Am\u00e9rique pour l\u2019Am\u00e9rique Centrale et la R\u00e9publique Dominicaine, \u00e0 partir du 25 mars 2022 \u00e0 20h00, heure de Miami,<\/p>\n<p>Pour Hope Channel Inter-Am\u00e9rique sur YouTube, cliquez<br \/>\n<a href=\"https:\/\/www.youtube.com\/c\/HopeChannelInterAmerica\">ICI<\/a><\/p>\n<p>Pour Hope Channel Inter-Am\u00e9rique sur Facebook, cliquez <a href=\"https:\/\/www.facebook.com\/hopechannelinteramerica\">ICI<\/a><\/p>\n<p>Traduction: Patrick Luciathe<\/p>\n","protected":false},"excerpt":{"rendered":"<p>24 Mars 2022 | Miami, Floride, \u00c9tats-Unis | Libna Stevens, Actualit\u00e9s de la Division Inter Am\u00e9ricaine Des milliers de dirigeants, de pasteurs et de la\u00efcs adventistes du septi\u00e8me jour en&#8230;<\/p>\n","protected":false},"author":3,"featured_media":82874,"comment_status":"closed","ping_status":"closed","sticky":false,"template":"","format":"standard","meta":{"_acf_changed":false,"footnotes":""},"categories":[20,19],"tags":[],"class_list":["post-82915","post","type-post","status-publish","format-standard","has-post-thumbnail","hentry","category-nouvelles-du-siege-de-la-division","category-rss-francais"],"acf":[],"yoast_head":"<!-- This site is optimized with the Yoast SEO plugin v27.3 - https:\/\/yoast.com\/product\/yoast-seo-wordpress\/ -->\n<title>Une campagne d\u2019\u00e9vang\u00e9lisation r\u00e9gionale pr\u00e9vue dans toute l\u2019Am\u00e9rique Centrale et en R\u00e9publique Dominicaine - \u00c9glise Adventiste Du Septieme Jour - Inter Am\u00e9rique Division<\/title>\n<meta name=\"robots\" content=\"index, follow, max-snippet:-1, max-image-preview:large, max-video-preview:-1\" \/>\n<link rel=\"canonical\" href=\"https:\/\/interamerica.org\/fr\/2022\/03\/une-campagne-devangelisation-regionale-prevue-dans-toute-lamerique-centrale-et-en-republique-dominicaine\/\" \/>\n<meta property=\"og:locale\" content=\"fr_FR\" \/>\n<meta property=\"og:type\" content=\"article\" \/>\n<meta property=\"og:title\" content=\"Une campagne d\u2019\u00e9vang\u00e9lisation r\u00e9gionale pr\u00e9vue dans toute l\u2019Am\u00e9rique Centrale et en R\u00e9publique Dominicaine - \u00c9glise Adventiste Du Septieme Jour - Inter Am\u00e9rique Division\" \/>\n<meta property=\"og:description\" content=\"24 Mars 2022 | Miami, Floride, \u00c9tats-Unis | Libna Stevens, Actualit\u00e9s de la Division Inter Am\u00e9ricaine Des milliers de dirigeants, de pasteurs et de la\u00efcs adventistes du septi\u00e8me jour en...\" \/>\n<meta property=\"og:url\" content=\"https:\/\/interamerica.org\/fr\/2022\/03\/une-campagne-devangelisation-regionale-prevue-dans-toute-lamerique-centrale-et-en-republique-dominicaine\/\" \/>\n<meta property=\"og:site_name\" content=\"\u00c9glise Adventiste Du Septieme Jour - Inter Am\u00e9rique Division\" \/>\n<meta property=\"article:published_time\" content=\"2022-03-24T17:06:24+00:00\" \/>\n<meta property=\"article:modified_time\" content=\"2022-03-25T12:57:52+00:00\" \/>\n<meta property=\"og:image\" content=\"https:\/\/interamerica.org\/wp-content\/uploads\/2022\/03\/domu-quisqueya-campaign.jpg\" \/>\n\t<meta property=\"og:image:width\" content=\"1280\" \/>\n\t<meta property=\"og:image:height\" content=\"800\" \/>\n\t<meta property=\"og:image:type\" content=\"image\/jpeg\" \/>\n<meta name=\"author\" content=\"libna\" \/>\n<meta name=\"twitter:card\" content=\"summary_large_image\" \/>\n<meta name=\"twitter:label1\" content=\"\u00c9crit par\" \/>\n\t<meta name=\"twitter:data1\" content=\"libna\" \/>\n\t<meta name=\"twitter:label2\" content=\"Dur\u00e9e de lecture estim\u00e9e\" \/>\n\t<meta name=\"twitter:data2\" content=\"4 minutes\" \/>\n<script type=\"application\/ld+json\" class=\"yoast-schema-graph\">{\"@context\":\"https:\\\/\\\/schema.org\",\"@graph\":[{\"@type\":\"Article\",\"@id\":\"https:\\\/\\\/interamerica.org\\\/fr\\\/2022\\\/03\\\/une-campagne-devangelisation-regionale-prevue-dans-toute-lamerique-centrale-et-en-republique-dominicaine\\\/#article\",\"isPartOf\":{\"@id\":\"https:\\\/\\\/interamerica.org\\\/fr\\\/2022\\\/03\\\/une-campagne-devangelisation-regionale-prevue-dans-toute-lamerique-centrale-et-en-republique-dominicaine\\\/\"},\"author\":{\"name\":\"libna\",\"@id\":\"https:\\\/\\\/interamerica.org\\\/fr\\\/#\\\/schema\\\/person\\\/29998f2bc2d8bd0d38662909289b54f1\"},\"headline\":\"Une campagne d\u2019\u00e9vang\u00e9lisation r\u00e9gionale pr\u00e9vue dans toute l\u2019Am\u00e9rique Centrale et en R\u00e9publique Dominicaine\",\"datePublished\":\"2022-03-24T17:06:24+00:00\",\"dateModified\":\"2022-03-25T12:57:52+00:00\",\"mainEntityOfPage\":{\"@id\":\"https:\\\/\\\/interamerica.org\\\/fr\\\/2022\\\/03\\\/une-campagne-devangelisation-regionale-prevue-dans-toute-lamerique-centrale-et-en-republique-dominicaine\\\/\"},\"wordCount\":734,\"image\":{\"@id\":\"https:\\\/\\\/interamerica.org\\\/fr\\\/2022\\\/03\\\/une-campagne-devangelisation-regionale-prevue-dans-toute-lamerique-centrale-et-en-republique-dominicaine\\\/#primaryimage\"},\"thumbnailUrl\":\"https:\\\/\\\/interamerica.org\\\/wp-content\\\/uploads\\\/2022\\\/03\\\/domu-quisqueya-campaign.jpg\",\"articleSection\":[\"Nouvelles du si\u00e8ge de la division\",\"RSS Fran\u00e7ais\"],\"inLanguage\":\"fr-FR\"},{\"@type\":\"WebPage\",\"@id\":\"https:\\\/\\\/interamerica.org\\\/fr\\\/2022\\\/03\\\/une-campagne-devangelisation-regionale-prevue-dans-toute-lamerique-centrale-et-en-republique-dominicaine\\\/\",\"url\":\"https:\\\/\\\/interamerica.org\\\/fr\\\/2022\\\/03\\\/une-campagne-devangelisation-regionale-prevue-dans-toute-lamerique-centrale-et-en-republique-dominicaine\\\/\",\"name\":\"Une campagne d\u2019\u00e9vang\u00e9lisation r\u00e9gionale pr\u00e9vue dans toute l\u2019Am\u00e9rique Centrale et en R\u00e9publique Dominicaine - \u00c9glise Adventiste Du Septieme Jour - Inter Am\u00e9rique Division\",\"isPartOf\":{\"@id\":\"https:\\\/\\\/interamerica.org\\\/fr\\\/#website\"},\"primaryImageOfPage\":{\"@id\":\"https:\\\/\\\/interamerica.org\\\/fr\\\/2022\\\/03\\\/une-campagne-devangelisation-regionale-prevue-dans-toute-lamerique-centrale-et-en-republique-dominicaine\\\/#primaryimage\"},\"image\":{\"@id\":\"https:\\\/\\\/interamerica.org\\\/fr\\\/2022\\\/03\\\/une-campagne-devangelisation-regionale-prevue-dans-toute-lamerique-centrale-et-en-republique-dominicaine\\\/#primaryimage\"},\"thumbnailUrl\":\"https:\\\/\\\/interamerica.org\\\/wp-content\\\/uploads\\\/2022\\\/03\\\/domu-quisqueya-campaign.jpg\",\"datePublished\":\"2022-03-24T17:06:24+00:00\",\"dateModified\":\"2022-03-25T12:57:52+00:00\",\"author\":{\"@id\":\"https:\\\/\\\/interamerica.org\\\/fr\\\/#\\\/schema\\\/person\\\/29998f2bc2d8bd0d38662909289b54f1\"},\"breadcrumb\":{\"@id\":\"https:\\\/\\\/interamerica.org\\\/fr\\\/2022\\\/03\\\/une-campagne-devangelisation-regionale-prevue-dans-toute-lamerique-centrale-et-en-republique-dominicaine\\\/#breadcrumb\"},\"inLanguage\":\"fr-FR\",\"potentialAction\":[{\"@type\":\"ReadAction\",\"target\":[\"https:\\\/\\\/interamerica.org\\\/fr\\\/2022\\\/03\\\/une-campagne-devangelisation-regionale-prevue-dans-toute-lamerique-centrale-et-en-republique-dominicaine\\\/\"]}]},{\"@type\":\"ImageObject\",\"inLanguage\":\"fr-FR\",\"@id\":\"https:\\\/\\\/interamerica.org\\\/fr\\\/2022\\\/03\\\/une-campagne-devangelisation-regionale-prevue-dans-toute-lamerique-centrale-et-en-republique-dominicaine\\\/#primaryimage\",\"url\":\"https:\\\/\\\/interamerica.org\\\/wp-content\\\/uploads\\\/2022\\\/03\\\/domu-quisqueya-campaign.jpg\",\"contentUrl\":\"https:\\\/\\\/interamerica.org\\\/wp-content\\\/uploads\\\/2022\\\/03\\\/domu-quisqueya-campaign.jpg\",\"width\":1280,\"height\":800,\"caption\":\"[Photo: Union Dominicaine]\"},{\"@type\":\"BreadcrumbList\",\"@id\":\"https:\\\/\\\/interamerica.org\\\/fr\\\/2022\\\/03\\\/une-campagne-devangelisation-regionale-prevue-dans-toute-lamerique-centrale-et-en-republique-dominicaine\\\/#breadcrumb\",\"itemListElement\":[{\"@type\":\"ListItem\",\"position\":1,\"name\":\"Home\",\"item\":\"https:\\\/\\\/interamerica.org\\\/fr\\\/\"},{\"@type\":\"ListItem\",\"position\":2,\"name\":\"Une campagne d\u2019\u00e9vang\u00e9lisation r\u00e9gionale pr\u00e9vue dans toute l\u2019Am\u00e9rique Centrale et en R\u00e9publique Dominicaine\"}]},{\"@type\":\"WebSite\",\"@id\":\"https:\\\/\\\/interamerica.org\\\/fr\\\/#website\",\"url\":\"https:\\\/\\\/interamerica.org\\\/fr\\\/\",\"name\":\"\u00c9glise Adventiste Du Septieme Jour - Inter Am\u00e9rique Division\",\"description\":\"\",\"potentialAction\":[{\"@type\":\"SearchAction\",\"target\":{\"@type\":\"EntryPoint\",\"urlTemplate\":\"https:\\\/\\\/interamerica.org\\\/fr\\\/?s={search_term_string}\"},\"query-input\":{\"@type\":\"PropertyValueSpecification\",\"valueRequired\":true,\"valueName\":\"search_term_string\"}}],\"inLanguage\":\"fr-FR\"},{\"@type\":\"Person\",\"@id\":\"https:\\\/\\\/interamerica.org\\\/fr\\\/#\\\/schema\\\/person\\\/29998f2bc2d8bd0d38662909289b54f1\",\"name\":\"libna\",\"image\":{\"@type\":\"ImageObject\",\"inLanguage\":\"fr-FR\",\"@id\":\"https:\\\/\\\/secure.gravatar.com\\\/avatar\\\/7c5bd30ae4b47a9ba3c856590957fd1d96dc588bf3ac05719d247e126840331f?s=96&d=mm&r=g\",\"url\":\"https:\\\/\\\/secure.gravatar.com\\\/avatar\\\/7c5bd30ae4b47a9ba3c856590957fd1d96dc588bf3ac05719d247e126840331f?s=96&d=mm&r=g\",\"contentUrl\":\"https:\\\/\\\/secure.gravatar.com\\\/avatar\\\/7c5bd30ae4b47a9ba3c856590957fd1d96dc588bf3ac05719d247e126840331f?s=96&d=mm&r=g\",\"caption\":\"libna\"}}]}<\/script>\n<!-- \/ Yoast SEO plugin. -->","yoast_head_json":{"title":"Une campagne d\u2019\u00e9vang\u00e9lisation r\u00e9gionale pr\u00e9vue dans toute l\u2019Am\u00e9rique Centrale et en R\u00e9publique Dominicaine - \u00c9glise Adventiste Du Septieme Jour - Inter Am\u00e9rique Division","robots":{"index":"index","follow":"follow","max-snippet":"max-snippet:-1","max-image-preview":"max-image-preview:large","max-video-preview":"max-video-preview:-1"},"canonical":"https:\/\/interamerica.org\/fr\/2022\/03\/une-campagne-devangelisation-regionale-prevue-dans-toute-lamerique-centrale-et-en-republique-dominicaine\/","og_locale":"fr_FR","og_type":"article","og_title":"Une campagne d\u2019\u00e9vang\u00e9lisation r\u00e9gionale pr\u00e9vue dans toute l\u2019Am\u00e9rique Centrale et en R\u00e9publique Dominicaine - \u00c9glise Adventiste Du Septieme Jour - Inter Am\u00e9rique Division","og_description":"24 Mars 2022 | Miami, Floride, \u00c9tats-Unis | Libna Stevens, Actualit\u00e9s de la Division Inter Am\u00e9ricaine Des milliers de dirigeants, de pasteurs et de la\u00efcs adventistes du septi\u00e8me jour en...","og_url":"https:\/\/interamerica.org\/fr\/2022\/03\/une-campagne-devangelisation-regionale-prevue-dans-toute-lamerique-centrale-et-en-republique-dominicaine\/","og_site_name":"\u00c9glise Adventiste Du Septieme Jour - Inter Am\u00e9rique Division","article_published_time":"2022-03-24T17:06:24+00:00","article_modified_time":"2022-03-25T12:57:52+00:00","og_image":[{"width":1280,"height":800,"url":"https:\/\/interamerica.org\/wp-content\/uploads\/2022\/03\/domu-quisqueya-campaign.jpg","type":"image\/jpeg"}],"author":"libna","twitter_card":"summary_large_image","twitter_misc":{"\u00c9crit par":"libna","Dur\u00e9e de lecture estim\u00e9e":"4 minutes"},"schema":{"@context":"https:\/\/schema.org","@graph":[{"@type":"Article","@id":"https:\/\/interamerica.org\/fr\/2022\/03\/une-campagne-devangelisation-regionale-prevue-dans-toute-lamerique-centrale-et-en-republique-dominicaine\/#article","isPartOf":{"@id":"https:\/\/interamerica.org\/fr\/2022\/03\/une-campagne-devangelisation-regionale-prevue-dans-toute-lamerique-centrale-et-en-republique-dominicaine\/"},"author":{"name":"libna","@id":"https:\/\/interamerica.org\/fr\/#\/schema\/person\/29998f2bc2d8bd0d38662909289b54f1"},"headline":"Une campagne d\u2019\u00e9vang\u00e9lisation r\u00e9gionale pr\u00e9vue dans toute l\u2019Am\u00e9rique Centrale et en R\u00e9publique Dominicaine","datePublished":"2022-03-24T17:06:24+00:00","dateModified":"2022-03-25T12:57:52+00:00","mainEntityOfPage":{"@id":"https:\/\/interamerica.org\/fr\/2022\/03\/une-campagne-devangelisation-regionale-prevue-dans-toute-lamerique-centrale-et-en-republique-dominicaine\/"},"wordCount":734,"image":{"@id":"https:\/\/interamerica.org\/fr\/2022\/03\/une-campagne-devangelisation-regionale-prevue-dans-toute-lamerique-centrale-et-en-republique-dominicaine\/#primaryimage"},"thumbnailUrl":"https:\/\/interamerica.org\/wp-content\/uploads\/2022\/03\/domu-quisqueya-campaign.jpg","articleSection":["Nouvelles du si\u00e8ge de la division","RSS Fran\u00e7ais"],"inLanguage":"fr-FR"},{"@type":"WebPage","@id":"https:\/\/interamerica.org\/fr\/2022\/03\/une-campagne-devangelisation-regionale-prevue-dans-toute-lamerique-centrale-et-en-republique-dominicaine\/","url":"https:\/\/interamerica.org\/fr\/2022\/03\/une-campagne-devangelisation-regionale-prevue-dans-toute-lamerique-centrale-et-en-republique-dominicaine\/","name":"Une campagne d\u2019\u00e9vang\u00e9lisation r\u00e9gionale pr\u00e9vue dans toute l\u2019Am\u00e9rique Centrale et en R\u00e9publique Dominicaine - \u00c9glise Adventiste Du Septieme Jour - Inter Am\u00e9rique Division","isPartOf":{"@id":"https:\/\/interamerica.org\/fr\/#website"},"primaryImageOfPage":{"@id":"https:\/\/interamerica.org\/fr\/2022\/03\/une-campagne-devangelisation-regionale-prevue-dans-toute-lamerique-centrale-et-en-republique-dominicaine\/#primaryimage"},"image":{"@id":"https:\/\/interamerica.org\/fr\/2022\/03\/une-campagne-devangelisation-regionale-prevue-dans-toute-lamerique-centrale-et-en-republique-dominicaine\/#primaryimage"},"thumbnailUrl":"https:\/\/interamerica.org\/wp-content\/uploads\/2022\/03\/domu-quisqueya-campaign.jpg","datePublished":"2022-03-24T17:06:24+00:00","dateModified":"2022-03-25T12:57:52+00:00","author":{"@id":"https:\/\/interamerica.org\/fr\/#\/schema\/person\/29998f2bc2d8bd0d38662909289b54f1"},"breadcrumb":{"@id":"https:\/\/interamerica.org\/fr\/2022\/03\/une-campagne-devangelisation-regionale-prevue-dans-toute-lamerique-centrale-et-en-republique-dominicaine\/#breadcrumb"},"inLanguage":"fr-FR","potentialAction":[{"@type":"ReadAction","target":["https:\/\/interamerica.org\/fr\/2022\/03\/une-campagne-devangelisation-regionale-prevue-dans-toute-lamerique-centrale-et-en-republique-dominicaine\/"]}]},{"@type":"ImageObject","inLanguage":"fr-FR","@id":"https:\/\/interamerica.org\/fr\/2022\/03\/une-campagne-devangelisation-regionale-prevue-dans-toute-lamerique-centrale-et-en-republique-dominicaine\/#primaryimage","url":"https:\/\/interamerica.org\/wp-content\/uploads\/2022\/03\/domu-quisqueya-campaign.jpg","contentUrl":"https:\/\/interamerica.org\/wp-content\/uploads\/2022\/03\/domu-quisqueya-campaign.jpg","width":1280,"height":800,"caption":"[Photo: Union Dominicaine]"},{"@type":"BreadcrumbList","@id":"https:\/\/interamerica.org\/fr\/2022\/03\/une-campagne-devangelisation-regionale-prevue-dans-toute-lamerique-centrale-et-en-republique-dominicaine\/#breadcrumb","itemListElement":[{"@type":"ListItem","position":1,"name":"Home","item":"https:\/\/interamerica.org\/fr\/"},{"@type":"ListItem","position":2,"name":"Une campagne d\u2019\u00e9vang\u00e9lisation r\u00e9gionale pr\u00e9vue dans toute l\u2019Am\u00e9rique Centrale et en R\u00e9publique Dominicaine"}]},{"@type":"WebSite","@id":"https:\/\/interamerica.org\/fr\/#website","url":"https:\/\/interamerica.org\/fr\/","name":"\u00c9glise Adventiste Du Septieme Jour - Inter Am\u00e9rique Division","description":"","potentialAction":[{"@type":"SearchAction","target":{"@type":"EntryPoint","urlTemplate":"https:\/\/interamerica.org\/fr\/?s={search_term_string}"},"query-input":{"@type":"PropertyValueSpecification","valueRequired":true,"valueName":"search_term_string"}}],"inLanguage":"fr-FR"},{"@type":"Person","@id":"https:\/\/interamerica.org\/fr\/#\/schema\/person\/29998f2bc2d8bd0d38662909289b54f1","name":"libna","image":{"@type":"ImageObject","inLanguage":"fr-FR","@id":"https:\/\/secure.gravatar.com\/avatar\/7c5bd30ae4b47a9ba3c856590957fd1d96dc588bf3ac05719d247e126840331f?s=96&d=mm&r=g","url":"https:\/\/secure.gravatar.com\/avatar\/7c5bd30ae4b47a9ba3c856590957fd1d96dc588bf3ac05719d247e126840331f?s=96&d=mm&r=g","contentUrl":"https:\/\/secure.gravatar.com\/avatar\/7c5bd30ae4b47a9ba3c856590957fd1d96dc588bf3ac05719d247e126840331f?s=96&d=mm&r=g","caption":"libna"}}]}},"_links":{"self":[{"href":"https:\/\/interamerica.org\/fr\/wp-json\/wp\/v2\/posts\/82915","targetHints":{"allow":["GET"]}}],"collection":[{"href":"https:\/\/interamerica.org\/fr\/wp-json\/wp\/v2\/posts"}],"about":[{"href":"https:\/\/interamerica.org\/fr\/wp-json\/wp\/v2\/types\/post"}],"author":[{"embeddable":true,"href":"https:\/\/interamerica.org\/fr\/wp-json\/wp\/v2\/users\/3"}],"replies":[{"embeddable":true,"href":"https:\/\/interamerica.org\/fr\/wp-json\/wp\/v2\/comments?post=82915"}],"version-history":[{"count":0,"href":"https:\/\/interamerica.org\/fr\/wp-json\/wp\/v2\/posts\/82915\/revisions"}],"wp:featuredmedia":[{"embeddable":true,"href":"https:\/\/interamerica.org\/fr\/wp-json\/wp\/v2\/media\/82874"}],"wp:attachment":[{"href":"https:\/\/interamerica.org\/fr\/wp-json\/wp\/v2\/media?parent=82915"}],"wp:term":[{"taxonomy":"category","embeddable":true,"href":"https:\/\/interamerica.org\/fr\/wp-json\/wp\/v2\/categories?post=82915"},{"taxonomy":"post_tag","embeddable":true,"href":"https:\/\/interamerica.org\/fr\/wp-json\/wp\/v2\/tags?post=82915"}],"curies":[{"name":"wp","href":"https:\/\/api.w.org\/{rel}","templated":true}]}}