{"id":82917,"date":"2022-03-24T12:45:11","date_gmt":"2022-03-24T16:45:11","guid":{"rendered":"https:\/\/recursing-golick.147-182-135-0.plesk.page\/?p=82917"},"modified":"2022-03-25T09:39:57","modified_gmt":"2022-03-25T13:39:57","slug":"des-refugies-ukrainiens-accueillis-a-lhopital-adventiste-de-berlin","status":"publish","type":"post","link":"https:\/\/interamerica.org\/fr\/2022\/03\/des-refugies-ukrainiens-accueillis-a-lhopital-adventiste-de-berlin\/","title":{"rendered":"Des r\u00e9fugi\u00e9s ukrainiens accueillis \u00e0 l\u2019h\u00f4pital adventiste de Berlin"},"content":{"rendered":"<p><strong>L\u2019\u00e9tablissement collecte des dons et aide les nouveaux arrivants \u00e0 s\u2019installer dans leur pays d\u2019accueil.<\/strong><\/p>\n<p>Le 24 mars 2022 | <em>Adventistische Pressedienst<\/em> et <em>Adventist Review<\/em><\/p>\n<p>Berlin est devenue l\u2019une des plus importantes destinations allemandes pour les r\u00e9fugi\u00e9s d\u2019Ukraine. Depuis le 9\u00a0mars 2022, l\u2019<a href=\"http:\/\/www.krankenhaus-waldfriede.de\/\">H\u00f4pital adventiste Waldfriede<\/a> de Berlin-Zehlendorf a accueilli des r\u00e9fugi\u00e9s ukrainiens et les aide \u00e0 faire leurs premiers pas alors qu\u2019ils tentent de s\u2019adapter \u00e0 leur nouvelle vie en Allemagne.<\/p>\n<p>L\u2019h\u00f4pital a rapport\u00e9 qu\u2019en mars, les employ\u00e9s ont amass\u00e9 des dons d\u2019articles de secours, les ont mis dans un camion et les ont livr\u00e9s \u00e0 la fronti\u00e8re ukrainienne. Les fournitures comprenaient notamment des m\u00e9dicaments, des anesth\u00e9siants, de la nourriture pour b\u00e9b\u00e9 et de l\u2019eau. Au retour, les chauffeurs qui ont livr\u00e9 les dons ont ramen\u00e9 avec eux un groupe de r\u00e9fugi\u00e9s (une famille \u00e9largie). Et, selon l\u2019\u00e9tablissement adventiste de soins de sant\u00e9, Bernd Quoss, PDG de l\u2019H\u00f4pital Waldfriede, et Maria G\u00f6ssler, infirmi\u00e8re en chef, les ont aid\u00e9s \u00e0 organiser l\u2019h\u00e9bergement des nouveaux arrivants.<\/p>\n<p>L\u2019organisme F\u00f6rderverein des Krankenhauses Waldfriede a une longue histoire de projets d\u2019aide sociale \u00e0 Berlin et autour du monde. \u00ab\u00a0Actuellement, l\u2019h\u00f4pital et l\u2019organisme travaillent ensemble pour offrir de l\u2019aide d\u2019urgence \u00e0 l\u2019Ukraine, recueillant des articles de secours et des dons pour offrir aux personnes rest\u00e9es sur place et aux r\u00e9fugi\u00e9s \u00e0 Berlin les n\u00e9cessit\u00e9s de base pour d\u00e9marrer une nouvelle vie\u00a0\u00bb, ont expliqu\u00e9 les dirigeants de l\u2019h\u00f4pital. Ils ont \u00e9galement rapport\u00e9 que, deux fois par semaine, les aum\u00f4niers de l\u2019h\u00f4pital organisent des s\u00e9ances sp\u00e9ciales de pri\u00e8re pour demander la paix et la solidarit\u00e9. Tous ceux qui d\u00e9sirent la paix sont invit\u00e9s \u00e0 s\u2019y joindre.<\/p>\n<p><strong>L\u2019H\u00f4pital Waldfriede<\/strong><\/p>\n<p>L\u2019H\u00f4pital adventiste Waldfriede de Berlin-Zehlendorf est un h\u00f4pital universitaire sans but lucratif de la Charit\u00e9-Universit\u00e4tsmedizin de Berlin. Elle est plusieurs fois certifi\u00e9e selon les normes l\u00e9gales de qualit\u00e9 et a d\u00e9j\u00e0 re\u00e7u de nombreux prix pour la qualit\u00e9 de ses m\u00e9decins et infirmi\u00e8res. Environ 15\u00a0000\u00a0patients hospitalis\u00e9s et 120\u00a0000\u00a0patients en consultation externe sont trait\u00e9s chaque ann\u00e9e dans cet \u00e9tablissement de soins de sant\u00e9.<\/p>\n<p>C\u2019est l\u2019\u00c9glise adventiste du septi\u00e8me jour qui soutient financi\u00e8rement cet h\u00f4pital, l\u2019un de ses quelque 900\u00a0\u00e9tablissements m\u00e9dicaux dans le monde. Waldfriede est un membre du Diakonisches Werk Berlin-Brandenburg-Silesian Upper Lusatia, l\u2019Association des h\u00f4pitaux \u00e9vang\u00e9liques allemands ainsi qu\u2019un partenaire collaboratif du r\u00e9seau hospitalier adventiste AdventHealth, bas\u00e9 aux \u00c9tats-Unis.<\/p>\n<p>L\u2019H\u00f4pital Waldfriede fait \u00e9galement partie du r\u00e9seau de la sant\u00e9 Waldfriede, qui comprend \u00e9galement, entre autres \u00e9tablissements, une clinique de jour, une facult\u00e9 d\u2019enseignement en sant\u00e9 et en soins infirmiers, une maison de retraite, le centre de sant\u00e9 PrimaVita, la clinique priv\u00e9e Nikolassee et le Centre Desert Flower.<\/p>\n<p><em>La version originale de cet article a \u00e9t\u00e9 publi\u00e9e sur <\/em><a href=\"https:\/\/www.apd.info\/\"><em>Adventistische Pressedienst<\/em><\/a><em>.<\/em><\/p>\n<p>Traduction\u00a0: Marie-Mich\u00e8le Robitaille<\/p>\n","protected":false},"excerpt":{"rendered":"<p>L\u2019\u00e9tablissement collecte des dons et aide les nouveaux arrivants \u00e0 s\u2019installer dans leur pays d\u2019accueil. Le 24 mars 2022 | Adventistische Pressedienst et Adventist Review Berlin est devenue l\u2019une des&#8230;<\/p>\n","protected":false},"author":3,"featured_media":82881,"comment_status":"closed","ping_status":"closed","sticky":false,"template":"","format":"standard","meta":{"_acf_changed":false,"footnotes":""},"categories":[18,19],"tags":[],"class_list":["post-82917","post","type-post","status-publish","format-standard","has-post-thumbnail","hentry","category-nouvelles-de-leglise-mondiale","category-rss-francais"],"acf":[],"yoast_head":"<!-- This site is optimized with the Yoast SEO plugin v27.3 - https:\/\/yoast.com\/product\/yoast-seo-wordpress\/ -->\n<title>Des r\u00e9fugi\u00e9s ukrainiens accueillis \u00e0 l\u2019h\u00f4pital adventiste de Berlin - \u00c9glise Adventiste Du Septieme Jour - Inter Am\u00e9rique Division<\/title>\n<meta name=\"robots\" content=\"index, follow, max-snippet:-1, max-image-preview:large, max-video-preview:-1\" \/>\n<link rel=\"canonical\" href=\"https:\/\/interamerica.org\/fr\/2022\/03\/des-refugies-ukrainiens-accueillis-a-lhopital-adventiste-de-berlin\/\" \/>\n<meta property=\"og:locale\" content=\"fr_FR\" \/>\n<meta property=\"og:type\" content=\"article\" \/>\n<meta property=\"og:title\" content=\"Des r\u00e9fugi\u00e9s ukrainiens accueillis \u00e0 l\u2019h\u00f4pital adventiste de Berlin - \u00c9glise Adventiste Du Septieme Jour - Inter Am\u00e9rique Division\" \/>\n<meta property=\"og:description\" content=\"L\u2019\u00e9tablissement collecte des dons et aide les nouveaux arrivants \u00e0 s\u2019installer dans leur pays d\u2019accueil. Le 24 mars 2022 | Adventistische Pressedienst et Adventist Review Berlin est devenue l\u2019une des...\" \/>\n<meta property=\"og:url\" content=\"https:\/\/interamerica.org\/fr\/2022\/03\/des-refugies-ukrainiens-accueillis-a-lhopital-adventiste-de-berlin\/\" \/>\n<meta property=\"og:site_name\" content=\"\u00c9glise Adventiste Du Septieme Jour - Inter Am\u00e9rique Division\" \/>\n<meta property=\"article:published_time\" content=\"2022-03-24T16:45:11+00:00\" \/>\n<meta property=\"article:modified_time\" content=\"2022-03-25T13:39:57+00:00\" \/>\n<meta property=\"og:image\" content=\"https:\/\/interamerica.org\/wp-content\/uploads\/2022\/03\/adventist-hospital-in-berlin-welcome-refugees-from-ukraine1.jpeg\" \/>\n\t<meta property=\"og:image:width\" content=\"1920\" \/>\n\t<meta property=\"og:image:height\" content=\"1080\" \/>\n\t<meta property=\"og:image:type\" content=\"image\/jpeg\" \/>\n<meta name=\"author\" content=\"libna\" \/>\n<meta name=\"twitter:card\" content=\"summary_large_image\" \/>\n<meta name=\"twitter:label1\" content=\"\u00c9crit par\" \/>\n\t<meta name=\"twitter:data1\" content=\"libna\" \/>\n\t<meta name=\"twitter:label2\" content=\"Dur\u00e9e de lecture estim\u00e9e\" \/>\n\t<meta name=\"twitter:data2\" content=\"3 minutes\" \/>\n<script type=\"application\/ld+json\" class=\"yoast-schema-graph\">{\"@context\":\"https:\\\/\\\/schema.org\",\"@graph\":[{\"@type\":\"Article\",\"@id\":\"https:\\\/\\\/interamerica.org\\\/fr\\\/2022\\\/03\\\/des-refugies-ukrainiens-accueillis-a-lhopital-adventiste-de-berlin\\\/#article\",\"isPartOf\":{\"@id\":\"https:\\\/\\\/interamerica.org\\\/fr\\\/2022\\\/03\\\/des-refugies-ukrainiens-accueillis-a-lhopital-adventiste-de-berlin\\\/\"},\"author\":{\"name\":\"libna\",\"@id\":\"https:\\\/\\\/interamerica.org\\\/fr\\\/#\\\/schema\\\/person\\\/29998f2bc2d8bd0d38662909289b54f1\"},\"headline\":\"Des r\u00e9fugi\u00e9s ukrainiens accueillis \u00e0 l\u2019h\u00f4pital adventiste de Berlin\",\"datePublished\":\"2022-03-24T16:45:11+00:00\",\"dateModified\":\"2022-03-25T13:39:57+00:00\",\"mainEntityOfPage\":{\"@id\":\"https:\\\/\\\/interamerica.org\\\/fr\\\/2022\\\/03\\\/des-refugies-ukrainiens-accueillis-a-lhopital-adventiste-de-berlin\\\/\"},\"wordCount\":536,\"image\":{\"@id\":\"https:\\\/\\\/interamerica.org\\\/fr\\\/2022\\\/03\\\/des-refugies-ukrainiens-accueillis-a-lhopital-adventiste-de-berlin\\\/#primaryimage\"},\"thumbnailUrl\":\"https:\\\/\\\/interamerica.org\\\/wp-content\\\/uploads\\\/2022\\\/03\\\/adventist-hospital-in-berlin-welcome-refugees-from-ukraine1.jpeg\",\"articleSection\":[\"Nouvelles de l'\u00c9glise mondiale\",\"RSS Fran\u00e7ais\"],\"inLanguage\":\"fr-FR\"},{\"@type\":\"WebPage\",\"@id\":\"https:\\\/\\\/interamerica.org\\\/fr\\\/2022\\\/03\\\/des-refugies-ukrainiens-accueillis-a-lhopital-adventiste-de-berlin\\\/\",\"url\":\"https:\\\/\\\/interamerica.org\\\/fr\\\/2022\\\/03\\\/des-refugies-ukrainiens-accueillis-a-lhopital-adventiste-de-berlin\\\/\",\"name\":\"Des r\u00e9fugi\u00e9s ukrainiens accueillis \u00e0 l\u2019h\u00f4pital adventiste de Berlin - \u00c9glise Adventiste Du Septieme Jour - Inter Am\u00e9rique Division\",\"isPartOf\":{\"@id\":\"https:\\\/\\\/interamerica.org\\\/fr\\\/#website\"},\"primaryImageOfPage\":{\"@id\":\"https:\\\/\\\/interamerica.org\\\/fr\\\/2022\\\/03\\\/des-refugies-ukrainiens-accueillis-a-lhopital-adventiste-de-berlin\\\/#primaryimage\"},\"image\":{\"@id\":\"https:\\\/\\\/interamerica.org\\\/fr\\\/2022\\\/03\\\/des-refugies-ukrainiens-accueillis-a-lhopital-adventiste-de-berlin\\\/#primaryimage\"},\"thumbnailUrl\":\"https:\\\/\\\/interamerica.org\\\/wp-content\\\/uploads\\\/2022\\\/03\\\/adventist-hospital-in-berlin-welcome-refugees-from-ukraine1.jpeg\",\"datePublished\":\"2022-03-24T16:45:11+00:00\",\"dateModified\":\"2022-03-25T13:39:57+00:00\",\"author\":{\"@id\":\"https:\\\/\\\/interamerica.org\\\/fr\\\/#\\\/schema\\\/person\\\/29998f2bc2d8bd0d38662909289b54f1\"},\"breadcrumb\":{\"@id\":\"https:\\\/\\\/interamerica.org\\\/fr\\\/2022\\\/03\\\/des-refugies-ukrainiens-accueillis-a-lhopital-adventiste-de-berlin\\\/#breadcrumb\"},\"inLanguage\":\"fr-FR\",\"potentialAction\":[{\"@type\":\"ReadAction\",\"target\":[\"https:\\\/\\\/interamerica.org\\\/fr\\\/2022\\\/03\\\/des-refugies-ukrainiens-accueillis-a-lhopital-adventiste-de-berlin\\\/\"]}]},{\"@type\":\"ImageObject\",\"inLanguage\":\"fr-FR\",\"@id\":\"https:\\\/\\\/interamerica.org\\\/fr\\\/2022\\\/03\\\/des-refugies-ukrainiens-accueillis-a-lhopital-adventiste-de-berlin\\\/#primaryimage\",\"url\":\"https:\\\/\\\/interamerica.org\\\/wp-content\\\/uploads\\\/2022\\\/03\\\/adventist-hospital-in-berlin-welcome-refugees-from-ukraine1.jpeg\",\"contentUrl\":\"https:\\\/\\\/interamerica.org\\\/wp-content\\\/uploads\\\/2022\\\/03\\\/adventist-hospital-in-berlin-welcome-refugees-from-ukraine1.jpeg\",\"width\":1920,\"height\":1080},{\"@type\":\"BreadcrumbList\",\"@id\":\"https:\\\/\\\/interamerica.org\\\/fr\\\/2022\\\/03\\\/des-refugies-ukrainiens-accueillis-a-lhopital-adventiste-de-berlin\\\/#breadcrumb\",\"itemListElement\":[{\"@type\":\"ListItem\",\"position\":1,\"name\":\"Home\",\"item\":\"https:\\\/\\\/interamerica.org\\\/fr\\\/\"},{\"@type\":\"ListItem\",\"position\":2,\"name\":\"Des r\u00e9fugi\u00e9s ukrainiens accueillis \u00e0 l\u2019h\u00f4pital adventiste de Berlin\"}]},{\"@type\":\"WebSite\",\"@id\":\"https:\\\/\\\/interamerica.org\\\/fr\\\/#website\",\"url\":\"https:\\\/\\\/interamerica.org\\\/fr\\\/\",\"name\":\"\u00c9glise Adventiste Du Septieme Jour - Inter Am\u00e9rique Division\",\"description\":\"\",\"potentialAction\":[{\"@type\":\"SearchAction\",\"target\":{\"@type\":\"EntryPoint\",\"urlTemplate\":\"https:\\\/\\\/interamerica.org\\\/fr\\\/?s={search_term_string}\"},\"query-input\":{\"@type\":\"PropertyValueSpecification\",\"valueRequired\":true,\"valueName\":\"search_term_string\"}}],\"inLanguage\":\"fr-FR\"},{\"@type\":\"Person\",\"@id\":\"https:\\\/\\\/interamerica.org\\\/fr\\\/#\\\/schema\\\/person\\\/29998f2bc2d8bd0d38662909289b54f1\",\"name\":\"libna\",\"image\":{\"@type\":\"ImageObject\",\"inLanguage\":\"fr-FR\",\"@id\":\"https:\\\/\\\/secure.gravatar.com\\\/avatar\\\/7c5bd30ae4b47a9ba3c856590957fd1d96dc588bf3ac05719d247e126840331f?s=96&d=mm&r=g\",\"url\":\"https:\\\/\\\/secure.gravatar.com\\\/avatar\\\/7c5bd30ae4b47a9ba3c856590957fd1d96dc588bf3ac05719d247e126840331f?s=96&d=mm&r=g\",\"contentUrl\":\"https:\\\/\\\/secure.gravatar.com\\\/avatar\\\/7c5bd30ae4b47a9ba3c856590957fd1d96dc588bf3ac05719d247e126840331f?s=96&d=mm&r=g\",\"caption\":\"libna\"}}]}<\/script>\n<!-- \/ Yoast SEO plugin. -->","yoast_head_json":{"title":"Des r\u00e9fugi\u00e9s ukrainiens accueillis \u00e0 l\u2019h\u00f4pital adventiste de Berlin - \u00c9glise Adventiste Du Septieme Jour - Inter Am\u00e9rique Division","robots":{"index":"index","follow":"follow","max-snippet":"max-snippet:-1","max-image-preview":"max-image-preview:large","max-video-preview":"max-video-preview:-1"},"canonical":"https:\/\/interamerica.org\/fr\/2022\/03\/des-refugies-ukrainiens-accueillis-a-lhopital-adventiste-de-berlin\/","og_locale":"fr_FR","og_type":"article","og_title":"Des r\u00e9fugi\u00e9s ukrainiens accueillis \u00e0 l\u2019h\u00f4pital adventiste de Berlin - \u00c9glise Adventiste Du Septieme Jour - Inter Am\u00e9rique Division","og_description":"L\u2019\u00e9tablissement collecte des dons et aide les nouveaux arrivants \u00e0 s\u2019installer dans leur pays d\u2019accueil. Le 24 mars 2022 | Adventistische Pressedienst et Adventist Review Berlin est devenue l\u2019une des...","og_url":"https:\/\/interamerica.org\/fr\/2022\/03\/des-refugies-ukrainiens-accueillis-a-lhopital-adventiste-de-berlin\/","og_site_name":"\u00c9glise Adventiste Du Septieme Jour - Inter Am\u00e9rique Division","article_published_time":"2022-03-24T16:45:11+00:00","article_modified_time":"2022-03-25T13:39:57+00:00","og_image":[{"width":1920,"height":1080,"url":"https:\/\/interamerica.org\/wp-content\/uploads\/2022\/03\/adventist-hospital-in-berlin-welcome-refugees-from-ukraine1.jpeg","type":"image\/jpeg"}],"author":"libna","twitter_card":"summary_large_image","twitter_misc":{"\u00c9crit par":"libna","Dur\u00e9e de lecture estim\u00e9e":"3 minutes"},"schema":{"@context":"https:\/\/schema.org","@graph":[{"@type":"Article","@id":"https:\/\/interamerica.org\/fr\/2022\/03\/des-refugies-ukrainiens-accueillis-a-lhopital-adventiste-de-berlin\/#article","isPartOf":{"@id":"https:\/\/interamerica.org\/fr\/2022\/03\/des-refugies-ukrainiens-accueillis-a-lhopital-adventiste-de-berlin\/"},"author":{"name":"libna","@id":"https:\/\/interamerica.org\/fr\/#\/schema\/person\/29998f2bc2d8bd0d38662909289b54f1"},"headline":"Des r\u00e9fugi\u00e9s ukrainiens accueillis \u00e0 l\u2019h\u00f4pital adventiste de Berlin","datePublished":"2022-03-24T16:45:11+00:00","dateModified":"2022-03-25T13:39:57+00:00","mainEntityOfPage":{"@id":"https:\/\/interamerica.org\/fr\/2022\/03\/des-refugies-ukrainiens-accueillis-a-lhopital-adventiste-de-berlin\/"},"wordCount":536,"image":{"@id":"https:\/\/interamerica.org\/fr\/2022\/03\/des-refugies-ukrainiens-accueillis-a-lhopital-adventiste-de-berlin\/#primaryimage"},"thumbnailUrl":"https:\/\/interamerica.org\/wp-content\/uploads\/2022\/03\/adventist-hospital-in-berlin-welcome-refugees-from-ukraine1.jpeg","articleSection":["Nouvelles de l'\u00c9glise mondiale","RSS Fran\u00e7ais"],"inLanguage":"fr-FR"},{"@type":"WebPage","@id":"https:\/\/interamerica.org\/fr\/2022\/03\/des-refugies-ukrainiens-accueillis-a-lhopital-adventiste-de-berlin\/","url":"https:\/\/interamerica.org\/fr\/2022\/03\/des-refugies-ukrainiens-accueillis-a-lhopital-adventiste-de-berlin\/","name":"Des r\u00e9fugi\u00e9s ukrainiens accueillis \u00e0 l\u2019h\u00f4pital adventiste de Berlin - \u00c9glise Adventiste Du Septieme Jour - Inter Am\u00e9rique Division","isPartOf":{"@id":"https:\/\/interamerica.org\/fr\/#website"},"primaryImageOfPage":{"@id":"https:\/\/interamerica.org\/fr\/2022\/03\/des-refugies-ukrainiens-accueillis-a-lhopital-adventiste-de-berlin\/#primaryimage"},"image":{"@id":"https:\/\/interamerica.org\/fr\/2022\/03\/des-refugies-ukrainiens-accueillis-a-lhopital-adventiste-de-berlin\/#primaryimage"},"thumbnailUrl":"https:\/\/interamerica.org\/wp-content\/uploads\/2022\/03\/adventist-hospital-in-berlin-welcome-refugees-from-ukraine1.jpeg","datePublished":"2022-03-24T16:45:11+00:00","dateModified":"2022-03-25T13:39:57+00:00","author":{"@id":"https:\/\/interamerica.org\/fr\/#\/schema\/person\/29998f2bc2d8bd0d38662909289b54f1"},"breadcrumb":{"@id":"https:\/\/interamerica.org\/fr\/2022\/03\/des-refugies-ukrainiens-accueillis-a-lhopital-adventiste-de-berlin\/#breadcrumb"},"inLanguage":"fr-FR","potentialAction":[{"@type":"ReadAction","target":["https:\/\/interamerica.org\/fr\/2022\/03\/des-refugies-ukrainiens-accueillis-a-lhopital-adventiste-de-berlin\/"]}]},{"@type":"ImageObject","inLanguage":"fr-FR","@id":"https:\/\/interamerica.org\/fr\/2022\/03\/des-refugies-ukrainiens-accueillis-a-lhopital-adventiste-de-berlin\/#primaryimage","url":"https:\/\/interamerica.org\/wp-content\/uploads\/2022\/03\/adventist-hospital-in-berlin-welcome-refugees-from-ukraine1.jpeg","contentUrl":"https:\/\/interamerica.org\/wp-content\/uploads\/2022\/03\/adventist-hospital-in-berlin-welcome-refugees-from-ukraine1.jpeg","width":1920,"height":1080},{"@type":"BreadcrumbList","@id":"https:\/\/interamerica.org\/fr\/2022\/03\/des-refugies-ukrainiens-accueillis-a-lhopital-adventiste-de-berlin\/#breadcrumb","itemListElement":[{"@type":"ListItem","position":1,"name":"Home","item":"https:\/\/interamerica.org\/fr\/"},{"@type":"ListItem","position":2,"name":"Des r\u00e9fugi\u00e9s ukrainiens accueillis \u00e0 l\u2019h\u00f4pital adventiste de Berlin"}]},{"@type":"WebSite","@id":"https:\/\/interamerica.org\/fr\/#website","url":"https:\/\/interamerica.org\/fr\/","name":"\u00c9glise Adventiste Du Septieme Jour - Inter Am\u00e9rique Division","description":"","potentialAction":[{"@type":"SearchAction","target":{"@type":"EntryPoint","urlTemplate":"https:\/\/interamerica.org\/fr\/?s={search_term_string}"},"query-input":{"@type":"PropertyValueSpecification","valueRequired":true,"valueName":"search_term_string"}}],"inLanguage":"fr-FR"},{"@type":"Person","@id":"https:\/\/interamerica.org\/fr\/#\/schema\/person\/29998f2bc2d8bd0d38662909289b54f1","name":"libna","image":{"@type":"ImageObject","inLanguage":"fr-FR","@id":"https:\/\/secure.gravatar.com\/avatar\/7c5bd30ae4b47a9ba3c856590957fd1d96dc588bf3ac05719d247e126840331f?s=96&d=mm&r=g","url":"https:\/\/secure.gravatar.com\/avatar\/7c5bd30ae4b47a9ba3c856590957fd1d96dc588bf3ac05719d247e126840331f?s=96&d=mm&r=g","contentUrl":"https:\/\/secure.gravatar.com\/avatar\/7c5bd30ae4b47a9ba3c856590957fd1d96dc588bf3ac05719d247e126840331f?s=96&d=mm&r=g","caption":"libna"}}]}},"_links":{"self":[{"href":"https:\/\/interamerica.org\/fr\/wp-json\/wp\/v2\/posts\/82917","targetHints":{"allow":["GET"]}}],"collection":[{"href":"https:\/\/interamerica.org\/fr\/wp-json\/wp\/v2\/posts"}],"about":[{"href":"https:\/\/interamerica.org\/fr\/wp-json\/wp\/v2\/types\/post"}],"author":[{"embeddable":true,"href":"https:\/\/interamerica.org\/fr\/wp-json\/wp\/v2\/users\/3"}],"replies":[{"embeddable":true,"href":"https:\/\/interamerica.org\/fr\/wp-json\/wp\/v2\/comments?post=82917"}],"version-history":[{"count":0,"href":"https:\/\/interamerica.org\/fr\/wp-json\/wp\/v2\/posts\/82917\/revisions"}],"wp:featuredmedia":[{"embeddable":true,"href":"https:\/\/interamerica.org\/fr\/wp-json\/wp\/v2\/media\/82881"}],"wp:attachment":[{"href":"https:\/\/interamerica.org\/fr\/wp-json\/wp\/v2\/media?parent=82917"}],"wp:term":[{"taxonomy":"category","embeddable":true,"href":"https:\/\/interamerica.org\/fr\/wp-json\/wp\/v2\/categories?post=82917"},{"taxonomy":"post_tag","embeddable":true,"href":"https:\/\/interamerica.org\/fr\/wp-json\/wp\/v2\/tags?post=82917"}],"curies":[{"name":"wp","href":"https:\/\/api.w.org\/{rel}","templated":true}]}}