{"id":82935,"date":"2022-03-24T19:07:53","date_gmt":"2022-03-24T23:07:53","guid":{"rendered":"https:\/\/recursing-golick.147-182-135-0.plesk.page\/?p=82935"},"modified":"2022-03-25T10:23:45","modified_gmt":"2022-03-25T14:23:45","slug":"croyance-fondamentale-no-10-le-experience-du-salut","status":"publish","type":"post","link":"https:\/\/interamerica.org\/fr\/2022\/03\/croyance-fondamentale-no-10-le-experience-du-salut\/","title":{"rendered":"Croyance Fondamentale No.10: Le exp\u00e9rience du salut"},"content":{"rendered":"<p>24 mars 2022 | Silver Spring, Maryland, \u00c9tats-Unis | Ted N.C. Wilson<\/p>\n<p><span style=\"font-weight: 400;\">Mes amis, vous \u00eates-vous d\u00e9j\u00e0 demand\u00e9 comment les personnes qui \u00e9taient autrefois mauvaises deviennent bonnes ? Comment se fait-il que ceux qui \u00e9taient autrefois pleins de haine deviennent-ils aimants et gentils ? Comment ceux qui ont \u00e9t\u00e9 asservis par la drogue, l\u2019alcool, le tabac et d\u2019autres habitudes d\u00e9bilitantes deviennent libres ? Comment cette transformation s\u2019op\u00e8re-t-elle ? Peut-on devenir \u00ab bon \u00bb simplement en faisant des efforts ?<\/span><\/p>\n<p><span style=\"font-weight: 400;\">En v\u00e9rit\u00e9, essayer d\u2019\u00eatre \u00ab bon \u00bb sans le Christ peut devenir tr\u00e8s d\u00e9courageant car nous ne pourrons jamais, par nous-m\u00eames, \u00eatre \u00ab assez bons \u00bb pour \u00eatre sauv\u00e9s du p\u00e9ch\u00e9.<\/span><\/p>\n<p><span style=\"font-weight: 400;\">L\u2019exp\u00e9rience du salut qui atteint les profondeurs de l\u2019\u00e2me ne vient que de Dieu. En parlant de cette exp\u00e9rience, le Christ a dit dans Jean 3.3-5 : \u00ab A moins de na\u00eetre de nouveau, personne ne peut voir le royaume de Dieu. [&#8230;] A moins de na\u00eetre d\u2019eau et d\u2019Esprit, on ne peut entrer dans le royaume de Dieu \u00bb.<\/span><\/p>\n<p><span style=\"font-weight: 400;\">Ce n\u2019est que par J\u00e9sus-Christ que l\u2019on peut faire l\u2019exp\u00e9rience du salut, car, comme il nous est dit dans Actes 4.12 \u00ab Il n\u2019y a sous le ciel aucun autre nom qui ait \u00e9t\u00e9 donn\u00e9 parmi les hommes, par lequel nous devions \u00eatre sauv\u00e9s \u00bb. Et J\u00e9sus lui-m\u00eame a dit : \u00ab C\u2019est moi qui suis le chemin, la v\u00e9rit\u00e9 et la vie. On ne vient au P\u00e8re qu\u2019en passant par moi \u00bb.<\/span><\/p>\n<p><span style=\"font-weight: 400;\">Or, l\u2019exp\u00e9rience de la transformation, c\u2019est-\u00e0-dire le salut, ne vient que de J\u00e9sus-Christ.<\/span><\/p>\n<p><span style=\"font-weight: 400;\">Notre dixi\u00e8me croyance fondamentale des adventistes du septi\u00e8me jour l\u2019explique ainsi :<\/span><\/p>\n<p><span style=\"font-weight: 400;\">\u00ab Le Christ, qui n\u2019a pas connu le p\u00e9ch\u00e9, Dieu, dans son amour infini et sa mis\u00e9ricorde, l\u2019a fait p\u00e9ch\u00e9 pour nous, afin que nous devenions en lui justice de Dieu. Sous l\u2019influence du Saint-Esprit, nous prenons conscience de notre besoin, nous reconnaissons notre condition de p\u00e9cheurs, nous nous repentons de nos transgressions et nous exprimons notre foi en J\u00e9sus, comme Seigneur et Sauveur, substitut et exemple. Cette foi par laquelle nous recevons le salut provient du pouvoir divin de la Parole ; c\u2019est un don de la gr\u00e2ce de Dieu. Par le Christ, nous sommes justifi\u00e9s, adopt\u00e9s comme fils et filles de Dieu, et d\u00e9livr\u00e9s de la domination du p\u00e9ch\u00e9. Par l\u2019Esprit, nous naissons de nouveau et nous sommes sanctifi\u00e9s ; l\u2019Esprit r\u00e9g\u00e9n\u00e8re nos esprits, grave la loi d\u2019amour dans nos c\u0153urs, et nous recevons la puissance n\u00e9cessaire pour vivre une vie sainte. En demeurant en lui, nous devenons participants de la nature divine, nous avons l\u2019assurance du salut, maintenant et au jour du jugement \u00bb.<\/span><\/p>\n<p><span style=\"font-weight: 400;\">J\u00e9sus offre gratuitement \u00e0 chacun de nous le don du salut total du p\u00e9ch\u00e9. Notre r\u00f4le dans l\u2019acceptation de ce don est expliqu\u00e9 dans Romains 10.9-10, qui d\u00e9clare :<\/span><\/p>\n<p><span style=\"font-weight: 400;\">\u00ab Si tu reconnais publiquement de ta bouche que J\u00e9sus est le Seigneur et si tu crois dans ton c\u0153ur que Dieu l\u2019a ressuscit\u00e9, tu seras sauv\u00e9. En effet, c\u2019est avec le c\u0153ur que l\u2019on croit et parvient \u00e0 la justice, et c\u2019est avec la bouche que l\u2019on affirme une conviction et parvient au salut \u00bb.<\/span><\/p>\n<p><span style=\"font-weight: 400;\">Une fois que nous acceptons l\u2019\u00e9tonnant don de Dieu, il pardonne nos p\u00e9ch\u00e9s pass\u00e9s et nous regarde comme si nous n\u2019avions jamais p\u00e9ch\u00e9. Puis il promet de nous aider \u00e0 vaincre le p\u00e9ch\u00e9 par son interm\u00e9diaire. Nous lisons cette belle promesse dans le livre de Jude, aux versets 24 et 25 :<\/span><\/p>\n<p><span style=\"font-weight: 400;\">\u00ab A celui qui peut vous garder de toute chute et vous faire paraitre devant sa gloire irr\u00e9prochables et dans l\u2019all\u00e9gresse, oui, \u00e0 Dieu seul [sage], qui nous a sauv\u00e9s [par J\u00e9sus-Christ notre Seigneur,] appartiennent gloire, majest\u00e9, force et puissance [avant tous les temps,] maintenant et pour l\u2019\u00e9ternit\u00e9 ! Amen ! \u00bb.<\/span><\/p>\n<p><span style=\"font-weight: 400;\">Vous voyez, mes amis, apr\u00e8s avoir accept\u00e9 J\u00e9sus, nous sommes appel\u00e9s, comme il est dit dans Romains 6.4, \u00ab afin que [\u2026] nous menions une vie nouvelle \u00bb. Le Fils de Dieu est venu \u00ab car c\u2019est lui qui sauvera son peuple de ses p\u00e9ch\u00e9s \u00bb. Dieu veut nous montrer une fa\u00e7on meilleure et plus heureuse de vivre. Dans \u00c9z\u00e9chiel 36.26, nous lisons cette belle promesse : \u00ab Je vous donnerai un c\u0153ur nouveau et je mettrai un vous un esprit nouveau \u00bb.<\/span><\/p>\n<p><span style=\"font-weight: 400;\">J\u00e9sus nous rencontre l\u00e0 o\u00f9 nous sommes et prend plaisir \u00e0 nous sauver de notre condition perdue. Il n\u2019y a pas de chemin trop sombre pour l\u2019emp\u00eacher de le parcourir pour nous sauver. Il n\u2019y a pas de vie trop p\u00e9cheresse pour que sa gr\u00e2ce et son pardon ne nous transforment pas.<\/span><\/p>\n<p><span style=\"font-weight: 400;\">En raison de son grand amour, nous lui r\u00e9pondons avec amour et gratitude. \u00ab Si vous m\u2019aimez \u00bb, dit J\u00e9sus, \u00ab respectez mes commandements \u00bb. Notre r\u00e9ponse d\u2019amour \u00e0 l\u2019incroyable sacrifice de J\u00e9sus-Christ est de le suivre et d\u2019ob\u00e9ir \u00e0 ses enseignements. Si nous professons aimer Dieu, mais refusons de suivre ses directives, notre profession de foi ne signifie pas grand-chose. Notre choix de suivre ses conseils est notre r\u00e9ponse d\u2019amour \u00e0 son incroyable sacrifice.\u00a0<\/span><\/p>\n<p><span style=\"font-weight: 400;\">Mais si nous faisons des erreurs ou si nous nous \u00e9loignons, Dieu est toujours l\u00e0 pour nous. La nuit pr\u00e9c\u00e9dant sa crucifixion, J\u00e9sus a averti ses disciples : \u00ab Restez vigilants et priez pour ne pas c\u00e9der \u00e0 la tentation. L\u2019esprit est bien dispos\u00e9, mais par nature l\u2019homme est faible \u00bb. M\u00eame si nous avons choisi J\u00e9sus, nous serons toujours tent\u00e9s de p\u00e9cher. Mais Dieu ne nous laisse pas seuls. Dans H\u00e9breux 13.5, il promet : \u00ab Je ne te d\u00e9laisserai pas et je ne t\u2019abandonnerai pas \u00bb.<\/span><\/p>\n<p><span style=\"font-weight: 400;\">En r\u00e9ponse \u00e0 l\u2019amour et \u00e0 l\u2019attention de Dieu pour nous, et par la puissance du Saint-Esprit, nous sommes capables de vivre des vies transform\u00e9es. \u00ab C\u2019est que l\u2019amour de Christ nous presse \u00bb, \u00e9crit l\u2019ap\u00f4tre Paul, \u00ab [&#8230;] afin que ceux qui vivent ne vivent plus pour eux-m\u00eames, mais pour celui qui est mort et ressuscit\u00e9 pour eux \u00bb.<\/span><\/p>\n<p><span style=\"font-weight: 400;\">Paul poursuit en disant : \u00ab Si quelqu\u2019un est en Christ, il est une nouvelle cr\u00e9ature. Les choses anciennes sont pass\u00e9es ; voici, toutes choses sont devenues nouvelles \u00bb.<\/span><\/p>\n<p><span style=\"font-weight: 400;\">Lorsque nous acceptons J\u00e9sus comme notre Sauveur et que nous remettons notre vie entre ses mains, nous pouvons \u00eatre s\u00fbrs de notre salut \u00e9ternel. Jean \u00e9crit : \u00ab Et maintenant, petits enfants, demeurez en lui. Ainsi, nous aurons de l\u2019assurance lorsqu\u2019il apparaitra, nous n\u2019aurons pas la honte d\u2019\u00eatre loin de lui lors de son retour \u00bb.\u00a0<\/span><span style=\"font-weight: 400;\">\u00a0<\/span><\/p>\n<p><span style=\"font-weight: 400;\">En conclusion, j\u2019aimerais partager avec vous cette belle description de ce que signifie r\u00e9ellement l\u2019exp\u00e9rience du salut en Christ. Elle se trouve dans un livre merveilleux, \u00ab Le meilleur chemin \u00bb, qui est disponible gratuitement sur egwwritings.org. Voici ce qu\u2019\u00e9crit l\u2019autrice inspir\u00e9e :<\/span><\/p>\n<p><span style=\"font-weight: 400;\">\u00ab La vie en Christ se caract\u00e9rise par une confiance tranquille et durable. Exempte peut-\u00eatre d\u2019extase, elle est n\u00e9anmoins remplie de paix et de s\u00e9r\u00e9nit\u00e9. Votre esp\u00e9rance ne repose pas sur vous-m\u00eame, mais sur J\u00e9sus-Christ. Votre faiblesse est unie \u00e0 sa force, votre ignorance \u00e0 sa sagesse, votre fragilit\u00e9 \u00e0 sa puissance. Ne regardez donc pas \u00e0 vous-m\u00eames ; ne contemplez pas votre personne, mais le Sauveur. Que vos pens\u00e9es s\u2019arr\u00eatent sur son amour, sur la beaut\u00e9 et la perfection de son caract\u00e8re. J\u00e9sus dans sa puret\u00e9 et sa saintet\u00e9, J\u00e9sus dans son amour incomparable : tel est le th\u00e8me qui doit faire l\u2019objet de votre m\u00e9ditation. C\u2019est en aimant le Christ, en l\u2019imitant, en vous reposant enti\u00e8rement sur lui que vous serez transform\u00e9 \u00e0 sa ressemblance \u00bb.<\/span><span style=\"font-weight: 400;\">\u00a0<\/span><\/p>\n<p><span style=\"font-weight: 400;\">Si vous n\u2019avez pas encore fait l\u2019exp\u00e9rience de cette vie de repos en Christ, je vous invite \u00e0 accepter aujourd\u2019hui cette belle exp\u00e9rience du salut. Veuillez-vous joindre \u00e0 moi dans la pri\u00e8re.\u00a0<\/span><\/p>\n<h3><b>Prayer:<\/b><\/h3>\n<p><span style=\"font-weight: 400;\">P\u00e8re c\u00e9leste, je te remercie pour la fa\u00e7on dont le Saint-Esprit agit dans nos c\u0153urs. Pour la fa\u00e7on dont le Christ transforme nos vies et nous am\u00e8ne \u00e0 une relation juste avec le P\u00e8re. Seigneur, alors que chacun de nous est confront\u00e9 aux d\u00e9fis quotidiens, aide-nous \u00e0 nous appuyer compl\u00e8tement sur le Christ et sur sa puissance pour transformer nos vies, afin que nous devenions de plus en plus semblables \u00e0 J\u00e9sus. Merci pour cette promesse, pour maintenant et pour l\u2019\u00e9ternit\u00e9, et pour la promesse du retour imminent de J\u00e9sus, lorsque nous serons compl\u00e8tement transform\u00e9s et vivrons dans un environnement parfait pour toujours. Merci de nous avoir \u00e9cout\u00e9s. Nous le demandons au nom de J\u00e9sus, amen.<\/span><\/p>\n","protected":false},"excerpt":{"rendered":"<p>24 mars 2022 | Silver Spring, Maryland, \u00c9tats-Unis | Ted N.C. Wilson Mes amis, vous \u00eates-vous d\u00e9j\u00e0 demand\u00e9 comment les personnes qui \u00e9taient autrefois mauvaises deviennent bonnes ? Comment se&#8230;<\/p>\n","protected":false},"author":3,"featured_media":82939,"comment_status":"closed","ping_status":"closed","sticky":false,"template":"","format":"standard","meta":{"_acf_changed":false,"footnotes":""},"categories":[18,19],"tags":[],"class_list":["post-82935","post","type-post","status-publish","format-standard","has-post-thumbnail","hentry","category-nouvelles-de-leglise-mondiale","category-rss-francais"],"acf":[],"yoast_head":"<!-- This site is optimized with the Yoast SEO plugin v27.3 - https:\/\/yoast.com\/product\/yoast-seo-wordpress\/ -->\n<title>Croyance Fondamentale No.10: Le exp\u00e9rience du salut - \u00c9glise Adventiste Du Septieme Jour - Inter Am\u00e9rique Division<\/title>\n<meta name=\"robots\" content=\"index, follow, max-snippet:-1, max-image-preview:large, max-video-preview:-1\" \/>\n<link rel=\"canonical\" href=\"https:\/\/interamerica.org\/fr\/2022\/03\/croyance-fondamentale-no-10-le-experience-du-salut\/\" \/>\n<meta property=\"og:locale\" content=\"fr_FR\" \/>\n<meta property=\"og:type\" content=\"article\" \/>\n<meta property=\"og:title\" content=\"Croyance Fondamentale No.10: Le exp\u00e9rience du salut - \u00c9glise Adventiste Du Septieme Jour - Inter Am\u00e9rique Division\" \/>\n<meta property=\"og:description\" content=\"24 mars 2022 | Silver Spring, Maryland, \u00c9tats-Unis | Ted N.C. Wilson Mes amis, vous \u00eates-vous d\u00e9j\u00e0 demand\u00e9 comment les personnes qui \u00e9taient autrefois mauvaises deviennent bonnes ? Comment se...\" \/>\n<meta property=\"og:url\" content=\"https:\/\/interamerica.org\/fr\/2022\/03\/croyance-fondamentale-no-10-le-experience-du-salut\/\" \/>\n<meta property=\"og:site_name\" content=\"\u00c9glise Adventiste Du Septieme Jour - Inter Am\u00e9rique Division\" \/>\n<meta property=\"article:published_time\" content=\"2022-03-24T23:07:53+00:00\" \/>\n<meta property=\"article:modified_time\" content=\"2022-03-25T14:23:45+00:00\" \/>\n<meta property=\"og:image\" content=\"https:\/\/interamerica.org\/wp-content\/uploads\/2022\/03\/wilson-mar24-french.png\" \/>\n\t<meta property=\"og:image:width\" content=\"1000\" \/>\n\t<meta property=\"og:image:height\" content=\"562\" \/>\n\t<meta property=\"og:image:type\" content=\"image\/png\" \/>\n<meta name=\"author\" content=\"libna\" \/>\n<meta name=\"twitter:card\" content=\"summary_large_image\" \/>\n<meta name=\"twitter:label1\" content=\"\u00c9crit par\" \/>\n\t<meta name=\"twitter:data1\" content=\"libna\" \/>\n\t<meta name=\"twitter:label2\" content=\"Dur\u00e9e de lecture estim\u00e9e\" \/>\n\t<meta name=\"twitter:data2\" content=\"7 minutes\" \/>\n<script type=\"application\/ld+json\" class=\"yoast-schema-graph\">{\"@context\":\"https:\\\/\\\/schema.org\",\"@graph\":[{\"@type\":\"Article\",\"@id\":\"https:\\\/\\\/interamerica.org\\\/fr\\\/2022\\\/03\\\/croyance-fondamentale-no-10-le-experience-du-salut\\\/#article\",\"isPartOf\":{\"@id\":\"https:\\\/\\\/interamerica.org\\\/fr\\\/2022\\\/03\\\/croyance-fondamentale-no-10-le-experience-du-salut\\\/\"},\"author\":{\"name\":\"libna\",\"@id\":\"https:\\\/\\\/interamerica.org\\\/fr\\\/#\\\/schema\\\/person\\\/29998f2bc2d8bd0d38662909289b54f1\"},\"headline\":\"Croyance Fondamentale No.10: Le exp\u00e9rience du salut\",\"datePublished\":\"2022-03-24T23:07:53+00:00\",\"dateModified\":\"2022-03-25T14:23:45+00:00\",\"mainEntityOfPage\":{\"@id\":\"https:\\\/\\\/interamerica.org\\\/fr\\\/2022\\\/03\\\/croyance-fondamentale-no-10-le-experience-du-salut\\\/\"},\"wordCount\":1499,\"image\":{\"@id\":\"https:\\\/\\\/interamerica.org\\\/fr\\\/2022\\\/03\\\/croyance-fondamentale-no-10-le-experience-du-salut\\\/#primaryimage\"},\"thumbnailUrl\":\"https:\\\/\\\/interamerica.org\\\/wp-content\\\/uploads\\\/2022\\\/03\\\/wilson-mar24-french.png\",\"articleSection\":[\"Nouvelles de l'\u00c9glise mondiale\",\"RSS Fran\u00e7ais\"],\"inLanguage\":\"fr-FR\"},{\"@type\":\"WebPage\",\"@id\":\"https:\\\/\\\/interamerica.org\\\/fr\\\/2022\\\/03\\\/croyance-fondamentale-no-10-le-experience-du-salut\\\/\",\"url\":\"https:\\\/\\\/interamerica.org\\\/fr\\\/2022\\\/03\\\/croyance-fondamentale-no-10-le-experience-du-salut\\\/\",\"name\":\"Croyance Fondamentale No.10: Le exp\u00e9rience du salut - \u00c9glise Adventiste Du Septieme Jour - Inter Am\u00e9rique Division\",\"isPartOf\":{\"@id\":\"https:\\\/\\\/interamerica.org\\\/fr\\\/#website\"},\"primaryImageOfPage\":{\"@id\":\"https:\\\/\\\/interamerica.org\\\/fr\\\/2022\\\/03\\\/croyance-fondamentale-no-10-le-experience-du-salut\\\/#primaryimage\"},\"image\":{\"@id\":\"https:\\\/\\\/interamerica.org\\\/fr\\\/2022\\\/03\\\/croyance-fondamentale-no-10-le-experience-du-salut\\\/#primaryimage\"},\"thumbnailUrl\":\"https:\\\/\\\/interamerica.org\\\/wp-content\\\/uploads\\\/2022\\\/03\\\/wilson-mar24-french.png\",\"datePublished\":\"2022-03-24T23:07:53+00:00\",\"dateModified\":\"2022-03-25T14:23:45+00:00\",\"author\":{\"@id\":\"https:\\\/\\\/interamerica.org\\\/fr\\\/#\\\/schema\\\/person\\\/29998f2bc2d8bd0d38662909289b54f1\"},\"breadcrumb\":{\"@id\":\"https:\\\/\\\/interamerica.org\\\/fr\\\/2022\\\/03\\\/croyance-fondamentale-no-10-le-experience-du-salut\\\/#breadcrumb\"},\"inLanguage\":\"fr-FR\",\"potentialAction\":[{\"@type\":\"ReadAction\",\"target\":[\"https:\\\/\\\/interamerica.org\\\/fr\\\/2022\\\/03\\\/croyance-fondamentale-no-10-le-experience-du-salut\\\/\"]}]},{\"@type\":\"ImageObject\",\"inLanguage\":\"fr-FR\",\"@id\":\"https:\\\/\\\/interamerica.org\\\/fr\\\/2022\\\/03\\\/croyance-fondamentale-no-10-le-experience-du-salut\\\/#primaryimage\",\"url\":\"https:\\\/\\\/interamerica.org\\\/wp-content\\\/uploads\\\/2022\\\/03\\\/wilson-mar24-french.png\",\"contentUrl\":\"https:\\\/\\\/interamerica.org\\\/wp-content\\\/uploads\\\/2022\\\/03\\\/wilson-mar24-french.png\",\"width\":1000,\"height\":562},{\"@type\":\"BreadcrumbList\",\"@id\":\"https:\\\/\\\/interamerica.org\\\/fr\\\/2022\\\/03\\\/croyance-fondamentale-no-10-le-experience-du-salut\\\/#breadcrumb\",\"itemListElement\":[{\"@type\":\"ListItem\",\"position\":1,\"name\":\"Home\",\"item\":\"https:\\\/\\\/interamerica.org\\\/fr\\\/\"},{\"@type\":\"ListItem\",\"position\":2,\"name\":\"Croyance Fondamentale No.10: Le exp\u00e9rience du salut\"}]},{\"@type\":\"WebSite\",\"@id\":\"https:\\\/\\\/interamerica.org\\\/fr\\\/#website\",\"url\":\"https:\\\/\\\/interamerica.org\\\/fr\\\/\",\"name\":\"\u00c9glise Adventiste Du Septieme Jour - Inter Am\u00e9rique Division\",\"description\":\"\",\"potentialAction\":[{\"@type\":\"SearchAction\",\"target\":{\"@type\":\"EntryPoint\",\"urlTemplate\":\"https:\\\/\\\/interamerica.org\\\/fr\\\/?s={search_term_string}\"},\"query-input\":{\"@type\":\"PropertyValueSpecification\",\"valueRequired\":true,\"valueName\":\"search_term_string\"}}],\"inLanguage\":\"fr-FR\"},{\"@type\":\"Person\",\"@id\":\"https:\\\/\\\/interamerica.org\\\/fr\\\/#\\\/schema\\\/person\\\/29998f2bc2d8bd0d38662909289b54f1\",\"name\":\"libna\",\"image\":{\"@type\":\"ImageObject\",\"inLanguage\":\"fr-FR\",\"@id\":\"https:\\\/\\\/secure.gravatar.com\\\/avatar\\\/7c5bd30ae4b47a9ba3c856590957fd1d96dc588bf3ac05719d247e126840331f?s=96&d=mm&r=g\",\"url\":\"https:\\\/\\\/secure.gravatar.com\\\/avatar\\\/7c5bd30ae4b47a9ba3c856590957fd1d96dc588bf3ac05719d247e126840331f?s=96&d=mm&r=g\",\"contentUrl\":\"https:\\\/\\\/secure.gravatar.com\\\/avatar\\\/7c5bd30ae4b47a9ba3c856590957fd1d96dc588bf3ac05719d247e126840331f?s=96&d=mm&r=g\",\"caption\":\"libna\"}}]}<\/script>\n<!-- \/ Yoast SEO plugin. -->","yoast_head_json":{"title":"Croyance Fondamentale No.10: Le exp\u00e9rience du salut - \u00c9glise Adventiste Du Septieme Jour - Inter Am\u00e9rique Division","robots":{"index":"index","follow":"follow","max-snippet":"max-snippet:-1","max-image-preview":"max-image-preview:large","max-video-preview":"max-video-preview:-1"},"canonical":"https:\/\/interamerica.org\/fr\/2022\/03\/croyance-fondamentale-no-10-le-experience-du-salut\/","og_locale":"fr_FR","og_type":"article","og_title":"Croyance Fondamentale No.10: Le exp\u00e9rience du salut - \u00c9glise Adventiste Du Septieme Jour - Inter Am\u00e9rique Division","og_description":"24 mars 2022 | Silver Spring, Maryland, \u00c9tats-Unis | Ted N.C. Wilson Mes amis, vous \u00eates-vous d\u00e9j\u00e0 demand\u00e9 comment les personnes qui \u00e9taient autrefois mauvaises deviennent bonnes ? Comment se...","og_url":"https:\/\/interamerica.org\/fr\/2022\/03\/croyance-fondamentale-no-10-le-experience-du-salut\/","og_site_name":"\u00c9glise Adventiste Du Septieme Jour - Inter Am\u00e9rique Division","article_published_time":"2022-03-24T23:07:53+00:00","article_modified_time":"2022-03-25T14:23:45+00:00","og_image":[{"width":1000,"height":562,"url":"https:\/\/interamerica.org\/wp-content\/uploads\/2022\/03\/wilson-mar24-french.png","type":"image\/png"}],"author":"libna","twitter_card":"summary_large_image","twitter_misc":{"\u00c9crit par":"libna","Dur\u00e9e de lecture estim\u00e9e":"7 minutes"},"schema":{"@context":"https:\/\/schema.org","@graph":[{"@type":"Article","@id":"https:\/\/interamerica.org\/fr\/2022\/03\/croyance-fondamentale-no-10-le-experience-du-salut\/#article","isPartOf":{"@id":"https:\/\/interamerica.org\/fr\/2022\/03\/croyance-fondamentale-no-10-le-experience-du-salut\/"},"author":{"name":"libna","@id":"https:\/\/interamerica.org\/fr\/#\/schema\/person\/29998f2bc2d8bd0d38662909289b54f1"},"headline":"Croyance Fondamentale No.10: Le exp\u00e9rience du salut","datePublished":"2022-03-24T23:07:53+00:00","dateModified":"2022-03-25T14:23:45+00:00","mainEntityOfPage":{"@id":"https:\/\/interamerica.org\/fr\/2022\/03\/croyance-fondamentale-no-10-le-experience-du-salut\/"},"wordCount":1499,"image":{"@id":"https:\/\/interamerica.org\/fr\/2022\/03\/croyance-fondamentale-no-10-le-experience-du-salut\/#primaryimage"},"thumbnailUrl":"https:\/\/interamerica.org\/wp-content\/uploads\/2022\/03\/wilson-mar24-french.png","articleSection":["Nouvelles de l'\u00c9glise mondiale","RSS Fran\u00e7ais"],"inLanguage":"fr-FR"},{"@type":"WebPage","@id":"https:\/\/interamerica.org\/fr\/2022\/03\/croyance-fondamentale-no-10-le-experience-du-salut\/","url":"https:\/\/interamerica.org\/fr\/2022\/03\/croyance-fondamentale-no-10-le-experience-du-salut\/","name":"Croyance Fondamentale No.10: Le exp\u00e9rience du salut - \u00c9glise Adventiste Du Septieme Jour - Inter Am\u00e9rique Division","isPartOf":{"@id":"https:\/\/interamerica.org\/fr\/#website"},"primaryImageOfPage":{"@id":"https:\/\/interamerica.org\/fr\/2022\/03\/croyance-fondamentale-no-10-le-experience-du-salut\/#primaryimage"},"image":{"@id":"https:\/\/interamerica.org\/fr\/2022\/03\/croyance-fondamentale-no-10-le-experience-du-salut\/#primaryimage"},"thumbnailUrl":"https:\/\/interamerica.org\/wp-content\/uploads\/2022\/03\/wilson-mar24-french.png","datePublished":"2022-03-24T23:07:53+00:00","dateModified":"2022-03-25T14:23:45+00:00","author":{"@id":"https:\/\/interamerica.org\/fr\/#\/schema\/person\/29998f2bc2d8bd0d38662909289b54f1"},"breadcrumb":{"@id":"https:\/\/interamerica.org\/fr\/2022\/03\/croyance-fondamentale-no-10-le-experience-du-salut\/#breadcrumb"},"inLanguage":"fr-FR","potentialAction":[{"@type":"ReadAction","target":["https:\/\/interamerica.org\/fr\/2022\/03\/croyance-fondamentale-no-10-le-experience-du-salut\/"]}]},{"@type":"ImageObject","inLanguage":"fr-FR","@id":"https:\/\/interamerica.org\/fr\/2022\/03\/croyance-fondamentale-no-10-le-experience-du-salut\/#primaryimage","url":"https:\/\/interamerica.org\/wp-content\/uploads\/2022\/03\/wilson-mar24-french.png","contentUrl":"https:\/\/interamerica.org\/wp-content\/uploads\/2022\/03\/wilson-mar24-french.png","width":1000,"height":562},{"@type":"BreadcrumbList","@id":"https:\/\/interamerica.org\/fr\/2022\/03\/croyance-fondamentale-no-10-le-experience-du-salut\/#breadcrumb","itemListElement":[{"@type":"ListItem","position":1,"name":"Home","item":"https:\/\/interamerica.org\/fr\/"},{"@type":"ListItem","position":2,"name":"Croyance Fondamentale No.10: Le exp\u00e9rience du salut"}]},{"@type":"WebSite","@id":"https:\/\/interamerica.org\/fr\/#website","url":"https:\/\/interamerica.org\/fr\/","name":"\u00c9glise Adventiste Du Septieme Jour - Inter Am\u00e9rique Division","description":"","potentialAction":[{"@type":"SearchAction","target":{"@type":"EntryPoint","urlTemplate":"https:\/\/interamerica.org\/fr\/?s={search_term_string}"},"query-input":{"@type":"PropertyValueSpecification","valueRequired":true,"valueName":"search_term_string"}}],"inLanguage":"fr-FR"},{"@type":"Person","@id":"https:\/\/interamerica.org\/fr\/#\/schema\/person\/29998f2bc2d8bd0d38662909289b54f1","name":"libna","image":{"@type":"ImageObject","inLanguage":"fr-FR","@id":"https:\/\/secure.gravatar.com\/avatar\/7c5bd30ae4b47a9ba3c856590957fd1d96dc588bf3ac05719d247e126840331f?s=96&d=mm&r=g","url":"https:\/\/secure.gravatar.com\/avatar\/7c5bd30ae4b47a9ba3c856590957fd1d96dc588bf3ac05719d247e126840331f?s=96&d=mm&r=g","contentUrl":"https:\/\/secure.gravatar.com\/avatar\/7c5bd30ae4b47a9ba3c856590957fd1d96dc588bf3ac05719d247e126840331f?s=96&d=mm&r=g","caption":"libna"}}]}},"_links":{"self":[{"href":"https:\/\/interamerica.org\/fr\/wp-json\/wp\/v2\/posts\/82935","targetHints":{"allow":["GET"]}}],"collection":[{"href":"https:\/\/interamerica.org\/fr\/wp-json\/wp\/v2\/posts"}],"about":[{"href":"https:\/\/interamerica.org\/fr\/wp-json\/wp\/v2\/types\/post"}],"author":[{"embeddable":true,"href":"https:\/\/interamerica.org\/fr\/wp-json\/wp\/v2\/users\/3"}],"replies":[{"embeddable":true,"href":"https:\/\/interamerica.org\/fr\/wp-json\/wp\/v2\/comments?post=82935"}],"version-history":[{"count":0,"href":"https:\/\/interamerica.org\/fr\/wp-json\/wp\/v2\/posts\/82935\/revisions"}],"wp:featuredmedia":[{"embeddable":true,"href":"https:\/\/interamerica.org\/fr\/wp-json\/wp\/v2\/media\/82939"}],"wp:attachment":[{"href":"https:\/\/interamerica.org\/fr\/wp-json\/wp\/v2\/media?parent=82935"}],"wp:term":[{"taxonomy":"category","embeddable":true,"href":"https:\/\/interamerica.org\/fr\/wp-json\/wp\/v2\/categories?post=82935"},{"taxonomy":"post_tag","embeddable":true,"href":"https:\/\/interamerica.org\/fr\/wp-json\/wp\/v2\/tags?post=82935"}],"curies":[{"name":"wp","href":"https:\/\/api.w.org\/{rel}","templated":true}]}}