{"id":82945,"date":"2022-03-25T10:26:46","date_gmt":"2022-03-25T14:26:46","guid":{"rendered":"https:\/\/recursing-golick.147-182-135-0.plesk.page\/?p=82945"},"modified":"2022-03-25T13:22:31","modified_gmt":"2022-03-25T17:22:31","slug":"james-g-fulfer-developper-la-croissance-evangelique-dans-lest-de-la-caraibe","status":"publish","type":"post","link":"https:\/\/interamerica.org\/fr\/2022\/03\/james-g-fulfer-developper-la-croissance-evangelique-dans-lest-de-la-caraibe\/","title":{"rendered":"James G. Fulfer : D\u00e9velopper la croissance \u00e9vang\u00e9lique dans l\u2019Est de la Cara\u00efbe"},"content":{"rendered":"<p>24 Mars 2022 | Silver Spring, Maryland, \u00c9tats-Unis | Par Cardie Welch<\/p>\n<p><em>Ce r\u00e9cit est tir\u00e9 de l\u2019Encyclop\u00e9die des Adventistes du septi\u00e8me jour (ESDA) qui est accessible gratuitement sur le site <a href=\"https:\/\/encyclopedia.adventist.org\/\">encyclopedia.adventist.org<\/a>.<\/em><\/p>\n<p>James G. Fulfer a \u00e9t\u00e9 l\u2019un des derniers administrateurs am\u00e9ricains de l\u2019\u00c9glise \u00e0 servir dans les territoires non hispaniques de la Division Inter Am\u00e9ricaine.<\/p>\n<p>James Fulfer a \u00e9t\u00e9 le dernier pr\u00e9sident am\u00e9ricain de la Mission Adventiste du Septi\u00e8me Jour des Iles sous le Vent, de 1958 \u00e01961 ; il a \u00e9t\u00e9 pr\u00e9sident de l\u2019Union de F\u00e9d\u00e9rations Adventistes du septi\u00e8me jour de la Cara\u00efbe, de 1961\u00e0 1966 et pr\u00e9sident de l\u2019Union Franco-Ha\u00eftienne, de 1966 \u00e0 1968.<a id=\"fnref1\" class=\"footnoteRef\" href=\"https:\/\/encyclopedia.adventist.org\/article?id=DC5U#fn1\"><sup>1<\/sup><\/a>\u00a0James Fulfer et sa famille sont arriv\u00e9s des \u00c9tats-Unis d\u2019Am\u00e9rique jusque dans l\u2019Est de la Cara\u00efbe au moment o\u00f9 la r\u00e9gion passait par l\u2019une des p\u00e9riodes les plus mouvement\u00e9es sur le plan politique dans l\u2019histoire moderne. Ces colonies principalement britanniques cherchaient \u00e0 obtenir l\u2019ind\u00e9pendance politique.<\/p>\n<p>Le nationalisme carib\u00e9en \u00e9tait promu ainsi que l\u2019id\u00e9e, largement r\u00e9pandue, selon laquelle la plupart des institutions devraient avoir des dirigeants carib\u00e9ens pour aller de l\u2019avant. Les Fulfers ont d\u00e9montr\u00e9 une compr\u00e9hension claire de cette p\u00e9riode de changements et ont fait preuve de sensibilit\u00e9 dans la gestion des questions li\u00e9es \u00e0 ce sujet. Leur volont\u00e9 d\u2019aider \u00e0 poursuivre la croissance \u00e9vang\u00e9lique et le d\u00e9veloppement de l\u2019adventisme dans l\u2019Est de la Cara\u00efbe leur a valu les \u00e9loges de tous ceux qui travaillaient avec eux. Ils ont transf\u00e9r\u00e9 ces caract\u00e9ristiques personnelles dans leur r\u00f4le de leaders dans l\u2019Union Ha\u00eftienne avant de retourner aux \u00c9tats-Unis pour continuer \u00e0 servir l\u2019\u00c9glise.<\/p>\n<div id=\"attachment_82921\" style=\"width: 417px\" class=\"wp-caption alignright\"><img fetchpriority=\"high\" decoding=\"async\" aria-describedby=\"caption-attachment-82921\" class=\" wp-image-82921\" src=\"https:\/\/recursing-golick.147-182-135-0.plesk.page\/wp-content\/uploads\/2022\/03\/james-g-fulfer.jpg\" alt=\"\" width=\"407\" height=\"742\" srcset=\"https:\/\/interamerica.org\/wp-content\/uploads\/2022\/03\/james-g-fulfer.jpg 550w, https:\/\/interamerica.org\/wp-content\/uploads\/2022\/03\/james-g-fulfer-165x300.jpg 165w\" sizes=\"(max-width: 407px) 100vw, 407px\" \/><p id=\"caption-attachment-82921\" class=\"wp-caption-text\">James G. Fulfer [Photo: De Glenn O. Philipps, Adventistes du septi\u00e8me jour \u00e0 la Barbade, Plus d\u2019un si\u00e8cle d\u2019Adventisme, 1884-1991.]<\/p><\/div>\n<h3>Premi\u00e8res ann\u00e9es et \u00e9ducation<\/h3>\n<p>James G. Fulfer est n\u00e9 le 6 d\u00e9cembre 1921 \u00e0 Akron dans l\u2019Ohio. Il a servi l\u2019\u00c9glise adventiste du septi\u00e8me jour au cours d\u2019une carri\u00e8re longue et distingu\u00e9e en tant que pasteur, responsable de d\u00e9partement et pr\u00e9sident de f\u00e9d\u00e9ration et d\u2019union. Avant d\u2019entrer dans le minist\u00e8re de l\u2019\u00c9glise adventiste du septi\u00e8me jour, il a servi son pays dans l\u2019aviation de l\u2019Arm\u00e9e des \u00c9tats Unis en tant que technicien dentaire. Il a fr\u00e9quent\u00e9 le Washington Missionary College (aujourd\u2019hui Universit\u00e9 Adventiste de Washington) et en 1950 il est dipl\u00f4m\u00e9 du Southern Missionary College, avant de commencer sa carri\u00e8re dans le minist\u00e8re pastoral. Il a par la suite re\u00e7u une ma\u00eetrise en th\u00e9ologie pastorale de l\u2019Universit\u00e9 Andrews.<a id=\"fnref2\" class=\"footnoteRef\" href=\"https:\/\/encyclopedia.adventist.org\/article?id=DC5U#fn2\"><sup>2<\/sup><\/a><\/p>\n<h3>Service dans la Division Inter-Am\u00e9ricaine<\/h3>\n<p>Avant de d\u00e9buter son service dans la Division Inter Am\u00e9ricaine, James Fulfer a \u00e9t\u00e9 secr\u00e9taire adjoint \u00e0 la publication et responsable de district pendant huit ans dans la F\u00e9d\u00e9ration de Georgia Cumberland dont le si\u00e8ge est \u00e0 Atlanta, en G\u00e9orgie<a id=\"fnref3\" class=\"footnoteRef\" href=\"https:\/\/encyclopedia.adventist.org\/article?id=DC5U#fn3\"><sup>3<\/sup><\/a>. Il vivait \u00e0 Crossville dans le Tennessee. En 1957, James Fulfer a \u00e9t\u00e9 nomm\u00e9 pr\u00e9sident de la Mission des \u00eeles sous le vent de l\u2019\u00e9poque, dont le si\u00e8ge \u00e9tait \u00e0 Barbade, dans la Cara\u00efbe. Il avait le c\u0153ur d\u2019un serviteur. Il est cit\u00e9 dans le Southern Tidings du 27 novembre 1957 comme ayant dit : \u00ab Alors que nous partons pour le service dans la mission, nous esp\u00e9rons que vous prierez afin que nous puissions faire notre part dans l\u2019ach\u00e8vement de l\u2019\u0153uvre de Dieu et que nous puissions tous rentrer ensemble \u00e0 la maison. Nos pri\u00e8res vous accompagnent alors que nous quittons l\u2019Union du Sud. \u00bb<a id=\"fnref4\" class=\"footnoteRef\" href=\"https:\/\/encyclopedia.adventist.org\/article?id=DC5U#fn4\"><sup>4<\/sup><\/a>\u00a0James G. Fulfer serait parti de Miami le 29 novembre 1957 pour Bridgetown, \u00e0 Barbade, afin de commencer son service dans la DIA. Son \u00e9pouse et ses trois enfants ont suivi le 17 d\u00e9cembre 1957. Mme Fulfer \u00e9tait enseignante \u00e0 l\u2019\u00e9cole primaire.<a id=\"fnref5\" class=\"footnoteRef\" href=\"https:\/\/encyclopedia.adventist.org\/article?id=DC5U#fn5\"><sup>5<\/sup><\/a>\u00a0Au cours de son mandat \u00e0 la Mission des \u00eeles sous le vent, le statut de mission est pass\u00e9 \u00e0 celui de f\u00e9d\u00e9ration.<a id=\"fnref6\" class=\"footnoteRef\" href=\"https:\/\/encyclopedia.adventist.org\/article?id=DC5U#fn6\"><sup>6<\/sup><\/a><\/p>\n<p>La prochaine affectation de fr\u00e8re Fulfer en 1961 fut celle de pr\u00e9sident de la l\u2019Union Mission Carib\u00e9enne des Adventistes du septi\u00e8me jour dont le si\u00e8ge \u00e9tait \u00e0 Port-of-Spain, \u00e0 Trinidad, dans la Cara\u00efbe. Sous sa direction, l\u2019H\u00f4pital de Port-of-Spain a \u00e9t\u00e9 achev\u00e9 et transform\u00e9 en une institution de soins communautaires efficace. L\u2019Union Mission Carib\u00e9enne a \u00e9galement vu son statut passer \u00e0 celui de f\u00e9d\u00e9ration sous sa direction.<a id=\"fnref7\" class=\"footnoteRef\" href=\"https:\/\/encyclopedia.adventist.org\/article?id=DC5U#fn7\"><sup>7<\/sup><\/a>\u00a0En 1966, pasteur Fulfer a \u00e9t\u00e9 appel\u00e9 \u00e0 servir \u00e0 l\u2019Union Franco-Ha\u00eftienne en tant que pr\u00e9sident, poste qu\u2019il a occup\u00e9 jusqu\u2019\u00e0 son retour permanent du service en 1969.<a id=\"fnref8\" class=\"footnoteRef\" href=\"https:\/\/encyclopedia.adventist.org\/article?id=DC5U#fn8\"><sup>8<\/sup><\/a><\/p>\n<h3>Derni\u00e8res ann\u00e9es et d\u00e9c\u00e8s<\/h3>\n<p>Apr\u00e8s le retour permanent de James G. Fulfer \u00e0 la Division Nord-Am\u00e9ricaine apr\u00e8s le service dans la mission, il a obtenu une ma\u00eetrise en th\u00e9ologie pastorale du S\u00e9minaire Th\u00e9ologique de l\u2019Universit\u00e9 Andrews, \u00e0 Berrien Springs, dans le Michigan. Il a continu\u00e9 \u00e0 servir son \u00e9glise dans divers postes administratifs, y compris celui de directeur de l\u2019Agence Adventiste de Secours en cas de Catastrophe (ADRA) pour Ha\u00efti. Pasteur Fulfer a termin\u00e9 son service dans le minist\u00e8re pastoral dans l\u2019Union du Sud. Il a v\u00e9cu \u00e0 son d\u00e9part \u00e0 la retraite avec sa femme dans une communaut\u00e9 adventiste de retrait\u00e9s en Caroline du Nord. Il est d\u00e9c\u00e9d\u00e9 le 8 f\u00e9vrier 2010 \u00e0 Hendersonville, en Caroline du Nord apr\u00e8s avoir fid\u00e8lement servi son \u00e9glise.<a id=\"fnref9\" class=\"footnoteRef\" href=\"https:\/\/encyclopedia.adventist.org\/article?id=DC5U#fn9\"><sup>9<\/sup><\/a>\u00a0Au moment de son d\u00e9c\u00e8s, il \u00e9tait membre de l\u2019\u00e9glise adventiste du septi\u00e8me jour de Fletcher en Caroline du Nord. Il laisse dans le deuil celle qui \u00e9tait son \u00e9pouse depuis 66 ans, Olive May Tyson, une s\u0153ur, Mildred Fulfer, un fils, Bob Fulfer et deux filles, Nancy Merz et Ellen Story, six petits-enfants et plusieurs ni\u00e8ces et neveux.<a id=\"fnref10\" class=\"footnoteRef\" href=\"https:\/\/encyclopedia.adventist.org\/article?id=DC5U#fn10\"><sup>10<\/sup><\/a><\/p>\n<p>Pour les sources et les notes, cliquez <a href=\"https:\/\/encyclopedia.adventist.org\/article?id=DC5U\">ICI<\/a><\/p>\n<p>Traduction: Patrick Luciathe<\/p>\n","protected":false},"excerpt":{"rendered":"<p>24 Mars 2022 | Silver Spring, Maryland, \u00c9tats-Unis | Par Cardie Welch Ce r\u00e9cit est tir\u00e9 de l\u2019Encyclop\u00e9die des Adventistes du septi\u00e8me jour (ESDA) qui est accessible gratuitement sur le&#8230;<\/p>\n","protected":false},"author":3,"featured_media":82924,"comment_status":"closed","ping_status":"closed","sticky":false,"template":"","format":"standard","meta":{"_acf_changed":false,"footnotes":""},"categories":[18,19],"tags":[],"class_list":["post-82945","post","type-post","status-publish","format-standard","has-post-thumbnail","hentry","category-nouvelles-de-leglise-mondiale","category-rss-francais"],"acf":[],"yoast_head":"<!-- This site is optimized with the Yoast SEO plugin v27.3 - https:\/\/yoast.com\/product\/yoast-seo-wordpress\/ -->\n<title>James G. Fulfer : D\u00e9velopper la croissance \u00e9vang\u00e9lique dans l\u2019Est de la Cara\u00efbe - \u00c9glise Adventiste Du Septieme Jour - Inter Am\u00e9rique Division<\/title>\n<meta name=\"robots\" content=\"index, follow, max-snippet:-1, max-image-preview:large, max-video-preview:-1\" \/>\n<link rel=\"canonical\" href=\"https:\/\/interamerica.org\/fr\/2022\/03\/james-g-fulfer-developper-la-croissance-evangelique-dans-lest-de-la-caraibe\/\" \/>\n<meta property=\"og:locale\" content=\"fr_FR\" \/>\n<meta property=\"og:type\" content=\"article\" \/>\n<meta property=\"og:title\" content=\"James G. Fulfer : D\u00e9velopper la croissance \u00e9vang\u00e9lique dans l\u2019Est de la Cara\u00efbe - \u00c9glise Adventiste Du Septieme Jour - Inter Am\u00e9rique Division\" \/>\n<meta property=\"og:description\" content=\"24 Mars 2022 | Silver Spring, Maryland, \u00c9tats-Unis | Par Cardie Welch Ce r\u00e9cit est tir\u00e9 de l\u2019Encyclop\u00e9die des Adventistes du septi\u00e8me jour (ESDA) qui est accessible gratuitement sur le...\" \/>\n<meta property=\"og:url\" content=\"https:\/\/interamerica.org\/fr\/2022\/03\/james-g-fulfer-developper-la-croissance-evangelique-dans-lest-de-la-caraibe\/\" \/>\n<meta property=\"og:site_name\" content=\"\u00c9glise Adventiste Du Septieme Jour - Inter Am\u00e9rique Division\" \/>\n<meta property=\"article:published_time\" content=\"2022-03-25T14:26:46+00:00\" \/>\n<meta property=\"article:modified_time\" content=\"2022-03-25T17:22:31+00:00\" \/>\n<meta property=\"og:image\" content=\"https:\/\/interamerica.org\/wp-content\/uploads\/2022\/03\/trinidad-maud-slaats-vecu29oj4ce-unsplash-1280.jpg\" \/>\n\t<meta property=\"og:image:width\" content=\"1280\" \/>\n\t<meta property=\"og:image:height\" content=\"800\" \/>\n\t<meta property=\"og:image:type\" content=\"image\/jpeg\" \/>\n<meta name=\"author\" content=\"libna\" \/>\n<meta name=\"twitter:card\" content=\"summary_large_image\" \/>\n<meta name=\"twitter:label1\" content=\"\u00c9crit par\" \/>\n\t<meta name=\"twitter:data1\" content=\"libna\" \/>\n\t<meta name=\"twitter:label2\" content=\"Dur\u00e9e de lecture estim\u00e9e\" \/>\n\t<meta name=\"twitter:data2\" content=\"5 minutes\" \/>\n<script type=\"application\/ld+json\" class=\"yoast-schema-graph\">{\"@context\":\"https:\\\/\\\/schema.org\",\"@graph\":[{\"@type\":\"Article\",\"@id\":\"https:\\\/\\\/interamerica.org\\\/fr\\\/2022\\\/03\\\/james-g-fulfer-developper-la-croissance-evangelique-dans-lest-de-la-caraibe\\\/#article\",\"isPartOf\":{\"@id\":\"https:\\\/\\\/interamerica.org\\\/fr\\\/2022\\\/03\\\/james-g-fulfer-developper-la-croissance-evangelique-dans-lest-de-la-caraibe\\\/\"},\"author\":{\"name\":\"libna\",\"@id\":\"https:\\\/\\\/interamerica.org\\\/fr\\\/#\\\/schema\\\/person\\\/29998f2bc2d8bd0d38662909289b54f1\"},\"headline\":\"James G. Fulfer : D\u00e9velopper la croissance \u00e9vang\u00e9lique dans l\u2019Est de la Cara\u00efbe\",\"datePublished\":\"2022-03-25T14:26:46+00:00\",\"dateModified\":\"2022-03-25T17:22:31+00:00\",\"mainEntityOfPage\":{\"@id\":\"https:\\\/\\\/interamerica.org\\\/fr\\\/2022\\\/03\\\/james-g-fulfer-developper-la-croissance-evangelique-dans-lest-de-la-caraibe\\\/\"},\"wordCount\":1028,\"image\":{\"@id\":\"https:\\\/\\\/interamerica.org\\\/fr\\\/2022\\\/03\\\/james-g-fulfer-developper-la-croissance-evangelique-dans-lest-de-la-caraibe\\\/#primaryimage\"},\"thumbnailUrl\":\"https:\\\/\\\/interamerica.org\\\/wp-content\\\/uploads\\\/2022\\\/03\\\/trinidad-maud-slaats-vecu29oj4ce-unsplash-1280.jpg\",\"articleSection\":[\"Nouvelles de l'\u00c9glise mondiale\",\"RSS Fran\u00e7ais\"],\"inLanguage\":\"fr-FR\"},{\"@type\":\"WebPage\",\"@id\":\"https:\\\/\\\/interamerica.org\\\/fr\\\/2022\\\/03\\\/james-g-fulfer-developper-la-croissance-evangelique-dans-lest-de-la-caraibe\\\/\",\"url\":\"https:\\\/\\\/interamerica.org\\\/fr\\\/2022\\\/03\\\/james-g-fulfer-developper-la-croissance-evangelique-dans-lest-de-la-caraibe\\\/\",\"name\":\"James G. Fulfer : D\u00e9velopper la croissance \u00e9vang\u00e9lique dans l\u2019Est de la Cara\u00efbe - \u00c9glise Adventiste Du Septieme Jour - Inter Am\u00e9rique Division\",\"isPartOf\":{\"@id\":\"https:\\\/\\\/interamerica.org\\\/fr\\\/#website\"},\"primaryImageOfPage\":{\"@id\":\"https:\\\/\\\/interamerica.org\\\/fr\\\/2022\\\/03\\\/james-g-fulfer-developper-la-croissance-evangelique-dans-lest-de-la-caraibe\\\/#primaryimage\"},\"image\":{\"@id\":\"https:\\\/\\\/interamerica.org\\\/fr\\\/2022\\\/03\\\/james-g-fulfer-developper-la-croissance-evangelique-dans-lest-de-la-caraibe\\\/#primaryimage\"},\"thumbnailUrl\":\"https:\\\/\\\/interamerica.org\\\/wp-content\\\/uploads\\\/2022\\\/03\\\/trinidad-maud-slaats-vecu29oj4ce-unsplash-1280.jpg\",\"datePublished\":\"2022-03-25T14:26:46+00:00\",\"dateModified\":\"2022-03-25T17:22:31+00:00\",\"author\":{\"@id\":\"https:\\\/\\\/interamerica.org\\\/fr\\\/#\\\/schema\\\/person\\\/29998f2bc2d8bd0d38662909289b54f1\"},\"breadcrumb\":{\"@id\":\"https:\\\/\\\/interamerica.org\\\/fr\\\/2022\\\/03\\\/james-g-fulfer-developper-la-croissance-evangelique-dans-lest-de-la-caraibe\\\/#breadcrumb\"},\"inLanguage\":\"fr-FR\",\"potentialAction\":[{\"@type\":\"ReadAction\",\"target\":[\"https:\\\/\\\/interamerica.org\\\/fr\\\/2022\\\/03\\\/james-g-fulfer-developper-la-croissance-evangelique-dans-lest-de-la-caraibe\\\/\"]}]},{\"@type\":\"ImageObject\",\"inLanguage\":\"fr-FR\",\"@id\":\"https:\\\/\\\/interamerica.org\\\/fr\\\/2022\\\/03\\\/james-g-fulfer-developper-la-croissance-evangelique-dans-lest-de-la-caraibe\\\/#primaryimage\",\"url\":\"https:\\\/\\\/interamerica.org\\\/wp-content\\\/uploads\\\/2022\\\/03\\\/trinidad-maud-slaats-vecu29oj4ce-unsplash-1280.jpg\",\"contentUrl\":\"https:\\\/\\\/interamerica.org\\\/wp-content\\\/uploads\\\/2022\\\/03\\\/trinidad-maud-slaats-vecu29oj4ce-unsplash-1280.jpg\",\"width\":1280,\"height\":800},{\"@type\":\"BreadcrumbList\",\"@id\":\"https:\\\/\\\/interamerica.org\\\/fr\\\/2022\\\/03\\\/james-g-fulfer-developper-la-croissance-evangelique-dans-lest-de-la-caraibe\\\/#breadcrumb\",\"itemListElement\":[{\"@type\":\"ListItem\",\"position\":1,\"name\":\"Home\",\"item\":\"https:\\\/\\\/interamerica.org\\\/fr\\\/\"},{\"@type\":\"ListItem\",\"position\":2,\"name\":\"James G. Fulfer : D\u00e9velopper la croissance \u00e9vang\u00e9lique dans l\u2019Est de la Cara\u00efbe\"}]},{\"@type\":\"WebSite\",\"@id\":\"https:\\\/\\\/interamerica.org\\\/fr\\\/#website\",\"url\":\"https:\\\/\\\/interamerica.org\\\/fr\\\/\",\"name\":\"\u00c9glise Adventiste Du Septieme Jour - Inter Am\u00e9rique Division\",\"description\":\"\",\"potentialAction\":[{\"@type\":\"SearchAction\",\"target\":{\"@type\":\"EntryPoint\",\"urlTemplate\":\"https:\\\/\\\/interamerica.org\\\/fr\\\/?s={search_term_string}\"},\"query-input\":{\"@type\":\"PropertyValueSpecification\",\"valueRequired\":true,\"valueName\":\"search_term_string\"}}],\"inLanguage\":\"fr-FR\"},{\"@type\":\"Person\",\"@id\":\"https:\\\/\\\/interamerica.org\\\/fr\\\/#\\\/schema\\\/person\\\/29998f2bc2d8bd0d38662909289b54f1\",\"name\":\"libna\",\"image\":{\"@type\":\"ImageObject\",\"inLanguage\":\"fr-FR\",\"@id\":\"https:\\\/\\\/secure.gravatar.com\\\/avatar\\\/7c5bd30ae4b47a9ba3c856590957fd1d96dc588bf3ac05719d247e126840331f?s=96&d=mm&r=g\",\"url\":\"https:\\\/\\\/secure.gravatar.com\\\/avatar\\\/7c5bd30ae4b47a9ba3c856590957fd1d96dc588bf3ac05719d247e126840331f?s=96&d=mm&r=g\",\"contentUrl\":\"https:\\\/\\\/secure.gravatar.com\\\/avatar\\\/7c5bd30ae4b47a9ba3c856590957fd1d96dc588bf3ac05719d247e126840331f?s=96&d=mm&r=g\",\"caption\":\"libna\"}}]}<\/script>\n<!-- \/ Yoast SEO plugin. -->","yoast_head_json":{"title":"James G. Fulfer : D\u00e9velopper la croissance \u00e9vang\u00e9lique dans l\u2019Est de la Cara\u00efbe - \u00c9glise Adventiste Du Septieme Jour - Inter Am\u00e9rique Division","robots":{"index":"index","follow":"follow","max-snippet":"max-snippet:-1","max-image-preview":"max-image-preview:large","max-video-preview":"max-video-preview:-1"},"canonical":"https:\/\/interamerica.org\/fr\/2022\/03\/james-g-fulfer-developper-la-croissance-evangelique-dans-lest-de-la-caraibe\/","og_locale":"fr_FR","og_type":"article","og_title":"James G. Fulfer : D\u00e9velopper la croissance \u00e9vang\u00e9lique dans l\u2019Est de la Cara\u00efbe - \u00c9glise Adventiste Du Septieme Jour - Inter Am\u00e9rique Division","og_description":"24 Mars 2022 | Silver Spring, Maryland, \u00c9tats-Unis | Par Cardie Welch Ce r\u00e9cit est tir\u00e9 de l\u2019Encyclop\u00e9die des Adventistes du septi\u00e8me jour (ESDA) qui est accessible gratuitement sur le...","og_url":"https:\/\/interamerica.org\/fr\/2022\/03\/james-g-fulfer-developper-la-croissance-evangelique-dans-lest-de-la-caraibe\/","og_site_name":"\u00c9glise Adventiste Du Septieme Jour - Inter Am\u00e9rique Division","article_published_time":"2022-03-25T14:26:46+00:00","article_modified_time":"2022-03-25T17:22:31+00:00","og_image":[{"width":1280,"height":800,"url":"https:\/\/interamerica.org\/wp-content\/uploads\/2022\/03\/trinidad-maud-slaats-vecu29oj4ce-unsplash-1280.jpg","type":"image\/jpeg"}],"author":"libna","twitter_card":"summary_large_image","twitter_misc":{"\u00c9crit par":"libna","Dur\u00e9e de lecture estim\u00e9e":"5 minutes"},"schema":{"@context":"https:\/\/schema.org","@graph":[{"@type":"Article","@id":"https:\/\/interamerica.org\/fr\/2022\/03\/james-g-fulfer-developper-la-croissance-evangelique-dans-lest-de-la-caraibe\/#article","isPartOf":{"@id":"https:\/\/interamerica.org\/fr\/2022\/03\/james-g-fulfer-developper-la-croissance-evangelique-dans-lest-de-la-caraibe\/"},"author":{"name":"libna","@id":"https:\/\/interamerica.org\/fr\/#\/schema\/person\/29998f2bc2d8bd0d38662909289b54f1"},"headline":"James G. Fulfer : D\u00e9velopper la croissance \u00e9vang\u00e9lique dans l\u2019Est de la Cara\u00efbe","datePublished":"2022-03-25T14:26:46+00:00","dateModified":"2022-03-25T17:22:31+00:00","mainEntityOfPage":{"@id":"https:\/\/interamerica.org\/fr\/2022\/03\/james-g-fulfer-developper-la-croissance-evangelique-dans-lest-de-la-caraibe\/"},"wordCount":1028,"image":{"@id":"https:\/\/interamerica.org\/fr\/2022\/03\/james-g-fulfer-developper-la-croissance-evangelique-dans-lest-de-la-caraibe\/#primaryimage"},"thumbnailUrl":"https:\/\/interamerica.org\/wp-content\/uploads\/2022\/03\/trinidad-maud-slaats-vecu29oj4ce-unsplash-1280.jpg","articleSection":["Nouvelles de l'\u00c9glise mondiale","RSS Fran\u00e7ais"],"inLanguage":"fr-FR"},{"@type":"WebPage","@id":"https:\/\/interamerica.org\/fr\/2022\/03\/james-g-fulfer-developper-la-croissance-evangelique-dans-lest-de-la-caraibe\/","url":"https:\/\/interamerica.org\/fr\/2022\/03\/james-g-fulfer-developper-la-croissance-evangelique-dans-lest-de-la-caraibe\/","name":"James G. Fulfer : D\u00e9velopper la croissance \u00e9vang\u00e9lique dans l\u2019Est de la Cara\u00efbe - \u00c9glise Adventiste Du Septieme Jour - Inter Am\u00e9rique Division","isPartOf":{"@id":"https:\/\/interamerica.org\/fr\/#website"},"primaryImageOfPage":{"@id":"https:\/\/interamerica.org\/fr\/2022\/03\/james-g-fulfer-developper-la-croissance-evangelique-dans-lest-de-la-caraibe\/#primaryimage"},"image":{"@id":"https:\/\/interamerica.org\/fr\/2022\/03\/james-g-fulfer-developper-la-croissance-evangelique-dans-lest-de-la-caraibe\/#primaryimage"},"thumbnailUrl":"https:\/\/interamerica.org\/wp-content\/uploads\/2022\/03\/trinidad-maud-slaats-vecu29oj4ce-unsplash-1280.jpg","datePublished":"2022-03-25T14:26:46+00:00","dateModified":"2022-03-25T17:22:31+00:00","author":{"@id":"https:\/\/interamerica.org\/fr\/#\/schema\/person\/29998f2bc2d8bd0d38662909289b54f1"},"breadcrumb":{"@id":"https:\/\/interamerica.org\/fr\/2022\/03\/james-g-fulfer-developper-la-croissance-evangelique-dans-lest-de-la-caraibe\/#breadcrumb"},"inLanguage":"fr-FR","potentialAction":[{"@type":"ReadAction","target":["https:\/\/interamerica.org\/fr\/2022\/03\/james-g-fulfer-developper-la-croissance-evangelique-dans-lest-de-la-caraibe\/"]}]},{"@type":"ImageObject","inLanguage":"fr-FR","@id":"https:\/\/interamerica.org\/fr\/2022\/03\/james-g-fulfer-developper-la-croissance-evangelique-dans-lest-de-la-caraibe\/#primaryimage","url":"https:\/\/interamerica.org\/wp-content\/uploads\/2022\/03\/trinidad-maud-slaats-vecu29oj4ce-unsplash-1280.jpg","contentUrl":"https:\/\/interamerica.org\/wp-content\/uploads\/2022\/03\/trinidad-maud-slaats-vecu29oj4ce-unsplash-1280.jpg","width":1280,"height":800},{"@type":"BreadcrumbList","@id":"https:\/\/interamerica.org\/fr\/2022\/03\/james-g-fulfer-developper-la-croissance-evangelique-dans-lest-de-la-caraibe\/#breadcrumb","itemListElement":[{"@type":"ListItem","position":1,"name":"Home","item":"https:\/\/interamerica.org\/fr\/"},{"@type":"ListItem","position":2,"name":"James G. Fulfer : D\u00e9velopper la croissance \u00e9vang\u00e9lique dans l\u2019Est de la Cara\u00efbe"}]},{"@type":"WebSite","@id":"https:\/\/interamerica.org\/fr\/#website","url":"https:\/\/interamerica.org\/fr\/","name":"\u00c9glise Adventiste Du Septieme Jour - Inter Am\u00e9rique Division","description":"","potentialAction":[{"@type":"SearchAction","target":{"@type":"EntryPoint","urlTemplate":"https:\/\/interamerica.org\/fr\/?s={search_term_string}"},"query-input":{"@type":"PropertyValueSpecification","valueRequired":true,"valueName":"search_term_string"}}],"inLanguage":"fr-FR"},{"@type":"Person","@id":"https:\/\/interamerica.org\/fr\/#\/schema\/person\/29998f2bc2d8bd0d38662909289b54f1","name":"libna","image":{"@type":"ImageObject","inLanguage":"fr-FR","@id":"https:\/\/secure.gravatar.com\/avatar\/7c5bd30ae4b47a9ba3c856590957fd1d96dc588bf3ac05719d247e126840331f?s=96&d=mm&r=g","url":"https:\/\/secure.gravatar.com\/avatar\/7c5bd30ae4b47a9ba3c856590957fd1d96dc588bf3ac05719d247e126840331f?s=96&d=mm&r=g","contentUrl":"https:\/\/secure.gravatar.com\/avatar\/7c5bd30ae4b47a9ba3c856590957fd1d96dc588bf3ac05719d247e126840331f?s=96&d=mm&r=g","caption":"libna"}}]}},"_links":{"self":[{"href":"https:\/\/interamerica.org\/fr\/wp-json\/wp\/v2\/posts\/82945","targetHints":{"allow":["GET"]}}],"collection":[{"href":"https:\/\/interamerica.org\/fr\/wp-json\/wp\/v2\/posts"}],"about":[{"href":"https:\/\/interamerica.org\/fr\/wp-json\/wp\/v2\/types\/post"}],"author":[{"embeddable":true,"href":"https:\/\/interamerica.org\/fr\/wp-json\/wp\/v2\/users\/3"}],"replies":[{"embeddable":true,"href":"https:\/\/interamerica.org\/fr\/wp-json\/wp\/v2\/comments?post=82945"}],"version-history":[{"count":0,"href":"https:\/\/interamerica.org\/fr\/wp-json\/wp\/v2\/posts\/82945\/revisions"}],"wp:featuredmedia":[{"embeddable":true,"href":"https:\/\/interamerica.org\/fr\/wp-json\/wp\/v2\/media\/82924"}],"wp:attachment":[{"href":"https:\/\/interamerica.org\/fr\/wp-json\/wp\/v2\/media?parent=82945"}],"wp:term":[{"taxonomy":"category","embeddable":true,"href":"https:\/\/interamerica.org\/fr\/wp-json\/wp\/v2\/categories?post=82945"},{"taxonomy":"post_tag","embeddable":true,"href":"https:\/\/interamerica.org\/fr\/wp-json\/wp\/v2\/tags?post=82945"}],"curies":[{"name":"wp","href":"https:\/\/api.w.org\/{rel}","templated":true}]}}