{"id":82954,"date":"2022-03-25T13:39:47","date_gmt":"2022-03-25T17:39:47","guid":{"rendered":"https:\/\/recursing-golick.147-182-135-0.plesk.page\/?p=82954"},"modified":"2022-05-10T12:06:03","modified_gmt":"2022-05-10T16:06:03","slug":"une-universite-adventiste-cree-un-impact-sur-les-communautes-necessiteuses-avec-son-initiative-zero-carie","status":"publish","type":"post","link":"https:\/\/interamerica.org\/fr\/2022\/03\/une-universite-adventiste-cree-un-impact-sur-les-communautes-necessiteuses-avec-son-initiative-zero-carie\/","title":{"rendered":"Une universit\u00e9 adventiste cr\u00e9e un impact sur les communaut\u00e9s n\u00e9cessiteuses avec son initiative \u00ab Z\u00e9ro Carie \u00bb"},"content":{"rendered":"<p>25 Mars 2022 | Montemorelos, Nuevo Le\u00f3n, Mexique | Laura Marrero et Actualit\u00e9s de la Division Inter Am\u00e9ricaine<\/p>\n<p>Apr\u00e8s un retard caus\u00e9 par la pand\u00e9mie qui a d\u00e9but\u00e9 il y a deux ans, les \u00e9tudiants et les professeurs de l\u2019\u00e9cole de m\u00e9decine dentaire de l\u2019Universit\u00e9 de Montemorelos, \u00e0 Montemorelos, dans l\u2019\u00e9tat du Nuevo Leon, au Mexique, ont recommenc\u00e9 \u00e0 offrir des services dentaires gratuits \u00e0 la communaut\u00e9.<\/p>\n<p>L\u2019initiative, baptis\u00e9e Z\u00e9ro Caries, fait partie d\u2019un programme sp\u00e9cial sous la direction de l\u2019unit\u00e9 Universit\u00e9s Promouvant la Sant\u00e9 (UPS) \u00e0 Montemorelos, qui sensibilise \u00e0 la sant\u00e9 dentaire, a d\u00e9clar\u00e9 le Dr Roel Cea, directeur de Universit\u00e9 Promouvant la Sant\u00e9 \u00e0 Montemorelos. \u00ab Il s\u2019agit \u00e9galement d\u2019amener l\u2019accessibilit\u00e9 aux traitements dentaires de base aux personnes qui en ont le plus besoin dans la r\u00e9gion des agrumes. \u00bb<\/p>\n<p><div id=\"attachment_82911\" style=\"width: 844px\" class=\"wp-caption aligncenter\"><img fetchpriority=\"high\" decoding=\"async\" aria-describedby=\"caption-attachment-82911\" class=\" wp-image-82911\" src=\"https:\/\/recursing-golick.147-182-135-0.plesk.page\/wp-content\/uploads\/2022\/03\/um-zero-cavities-initiative1.jpg\" alt=\"\" width=\"834\" height=\"469\" srcset=\"https:\/\/interamerica.org\/wp-content\/uploads\/2022\/03\/um-zero-cavities-initiative1.jpg 1024w, https:\/\/interamerica.org\/wp-content\/uploads\/2022\/03\/um-zero-cavities-initiative1-300x169.jpg 300w, https:\/\/interamerica.org\/wp-content\/uploads\/2022\/03\/um-zero-cavities-initiative1-768x432.jpg 768w\" sizes=\"(max-width: 834px) 100vw, 834px\" \/><p id=\"caption-attachment-82911\" class=\"wp-caption-text\">Un \u00e9tudiant en m\u00e9decine dentaire de Montemorelos s\u2019appr\u00eate \u00e0 anesth\u00e9sier la bouche d\u2019un patient pour effectuer un acte dentaire gratuit dans le cadre de l\u2019initiative \u00ab Z\u00e9ro Caries \u00bb r\u00e9alis\u00e9e au profit des familles \u00e0 faible revenu dans la ville de Montemorelos, dans le Nuevo Leon, au Mexique. [Photo : Universit\u00e9 de Montemorelos]<\/p><\/div>Z\u00e9ro Caries, qui propose des examens dentaires, des nettoyages, des services d\u2019endodontie, des extractions et des poses d\u2019amalgames en r\u00e9sine, est organis\u00e9 par la direction de l\u2019unit\u00e9 Universit\u00e9 Promouvant la Sant\u00e9 en collaboration avec l\u2019\u00c9cole de M\u00e9decine Dentaire, la Clinique Dentaire Lumi\u00e8re et Vie et le Centre Dentaire Lloyd Baum de l\u2019H\u00f4pital Adventiste de La Carlota, en collaboration avec le secr\u00e9taire \u00e0 la sant\u00e9 de l\u2019\u00e9tat du Nuevo Leon et les autorit\u00e9s municipales de Montemorelos, d\u2019Allende et de General Ter\u00e1n.<\/p>\n<p>L\u2019initiative offre des services dentaires gratuits une fois par mois.<\/p>\n<p>Une douzaine d\u2019\u00e9tudiants ayant d\u00e9j\u00e0 pass\u00e9 trois \u00e0 dix semestres \u00e0 l\u2019\u00e9cole de m\u00e9decine dentaire effectuent les interventions sous la supervision de professionnels dans la r\u00e9gion, a indiqu\u00e9 Dr Alma Calder\u00f3n, coordinatrice de programme de chirurgie dentaire \u00e0 Montemorelos.<\/p>\n<p>\u00ab Le fait que les \u00e9tudiants s\u2019impliquent dans ce type d\u2019initiative [brigade dentaire] les aide \u00e0 \u00eatre plus sensibles aux autres, les aide \u00e0 acqu\u00e9rir davantage de d\u00e9veloppement manuel, et les aide \u00e0 \u00eatre en contact avec leur choix de carri\u00e8re et avec la communaut\u00e9, \u00bb a dit Dr Calder\u00f3n. \u00ab Ils se sentent utiles \u00e0 la soci\u00e9t\u00e9 et satisfaits de pouvoir appliquer leurs connaissances en venant en aide aux autres. \u00bb<\/p>\n<p>\u00ab Z\u00e9ro Caries a entam\u00e9 une deuxi\u00e8me phase en 2019 apr\u00e8s la signature d\u2019accords de collaboration avec les nouvelles administrations d\u2019Allende, de General Ter\u00e1n et de Montemorelos, \u00bb a d\u00e9clar\u00e9 Dr Cea. \u00ab \u00c0 l\u2019\u00e9poque, l\u2019accent \u00e9tait mis presqu\u2019exclusivement sur l\u2019\u00e9cole primaire, mais aujourd\u2019hui, ces accords se sont \u00e9tendus \u00e0 l\u2019ensemble de la communaut\u00e9, \u00bb a-t-il expliqu\u00e9.<\/p>\n<p><div id=\"attachment_82908\" style=\"width: 392px\" class=\"wp-caption aligncenter\"><img decoding=\"async\" aria-describedby=\"caption-attachment-82908\" class=\" wp-image-82908\" src=\"https:\/\/recursing-golick.147-182-135-0.plesk.page\/wp-content\/uploads\/2022\/03\/um-zero-cavities-2.jpg\" alt=\"\" width=\"382\" height=\"511\" srcset=\"https:\/\/interamerica.org\/wp-content\/uploads\/2022\/03\/um-zero-cavities-2.jpg 431w, https:\/\/interamerica.org\/wp-content\/uploads\/2022\/03\/um-zero-cavities-2-224x300.jpg 224w\" sizes=\"(max-width: 382px) 100vw, 382px\" \/><p id=\"caption-attachment-82908\" class=\"wp-caption-text\">Un \u00e9tudiant en m\u00e9decine dentaire effectue un examen dentaire sur un enfant lors de la derni\u00e8re brigade de sant\u00e9 organis\u00e9e \u00e0 Montemorelos en f\u00e9vrier. L\u2019initiative Z\u00e9ro Caries aura lieu chaque mois dans les trois municipalit\u00e9s d\u2019Allende, de General Ter\u00e1n et de Montemorelos. [Photo : Universit\u00e9 de Montemorelos]<\/p><\/div>M\u00eame si les actes de m\u00e9decine dentaire r\u00e9alis\u00e9s en personne avaient \u00e9t\u00e9 interrompus pendant la pand\u00e9mie, l\u2019initiative a tout de m\u00eame propos\u00e9 des discussions virtuelles sur la sant\u00e9, des forums et des sessions de questions-r\u00e9ponses \u00e0 la communaut\u00e9 des internautes. Des professionnels de l\u2019universit\u00e9, de l\u2019Union du Nord du Mexique et d\u2019Advent Health, entre autres, ont particip\u00e9 aux programmes virtuels.<\/p>\n<p>Jusqu\u2019ici, cette ann\u00e9e, l\u2019intervention la plus r\u00e9cente de Z\u00e9ro Caries a eu lieu le mois dernier dans les trois districts municipaux, elle comprenait une semaine compl\u00e8te de services dentaires gratuits propos\u00e9s aux familles \u00e0 faible revenu, dans une d\u00e9marche visant \u00e0 cr\u00e9er des districts municipaux en meilleure sant\u00e9, ont d\u00e9clar\u00e9 les organisateurs.<\/p>\n<p>Dr Arturo King, directeur adjoint de l\u2019unit\u00e9 Universit\u00e9 Promouvant la Sant\u00e9 \u00e0 Montemorelos, a d\u00e9clar\u00e9 que l\u2019initiative apporte beaucoup de joie car il s\u2019agit avant tout de faire profiter la communaut\u00e9. \u00ab Nous sommes heureux de mettre notre grain de sable pour que les habitants de Montemorelos puissent devenir une communaut\u00e9 en meilleure sant\u00e9, \u00bb a d\u00e9clar\u00e9 Arturo King.<\/p>\n<p>Traduction: Patrick Luciathe<\/p>\n","protected":false},"excerpt":{"rendered":"<p>25 Mars 2022 | Montemorelos, Nuevo Le\u00f3n, Mexique | Laura Marrero et Actualit\u00e9s de la Division Inter Am\u00e9ricaine Apr\u00e8s un retard caus\u00e9 par la pand\u00e9mie qui a d\u00e9but\u00e9 il y&#8230;<\/p>\n","protected":false},"author":3,"featured_media":82911,"comment_status":"closed","ping_status":"closed","sticky":false,"template":"","format":"standard","meta":{"_acf_changed":false,"footnotes":""},"categories":[20,19],"tags":[],"class_list":["post-82954","post","type-post","status-publish","format-standard","has-post-thumbnail","hentry","category-nouvelles-du-siege-de-la-division","category-rss-francais"],"acf":[],"yoast_head":"<!-- This site is optimized with the Yoast SEO plugin v27.3 - https:\/\/yoast.com\/product\/yoast-seo-wordpress\/ -->\n<title>Une universit\u00e9 adventiste cr\u00e9e un impact sur les communaut\u00e9s n\u00e9cessiteuses avec son initiative \u00ab Z\u00e9ro Carie \u00bb - \u00c9glise Adventiste Du Septieme Jour - Inter Am\u00e9rique Division<\/title>\n<meta name=\"robots\" content=\"index, follow, max-snippet:-1, max-image-preview:large, max-video-preview:-1\" \/>\n<link rel=\"canonical\" href=\"https:\/\/interamerica.org\/fr\/2022\/03\/une-universite-adventiste-cree-un-impact-sur-les-communautes-necessiteuses-avec-son-initiative-zero-carie\/\" \/>\n<meta property=\"og:locale\" content=\"fr_FR\" \/>\n<meta property=\"og:type\" content=\"article\" \/>\n<meta property=\"og:title\" content=\"Une universit\u00e9 adventiste cr\u00e9e un impact sur les communaut\u00e9s n\u00e9cessiteuses avec son initiative \u00ab Z\u00e9ro Carie \u00bb - \u00c9glise Adventiste Du Septieme Jour - Inter Am\u00e9rique Division\" \/>\n<meta property=\"og:description\" content=\"25 Mars 2022 | Montemorelos, Nuevo Le\u00f3n, Mexique | Laura Marrero et Actualit\u00e9s de la Division Inter Am\u00e9ricaine Apr\u00e8s un retard caus\u00e9 par la pand\u00e9mie qui a d\u00e9but\u00e9 il y...\" \/>\n<meta property=\"og:url\" content=\"https:\/\/interamerica.org\/fr\/2022\/03\/une-universite-adventiste-cree-un-impact-sur-les-communautes-necessiteuses-avec-son-initiative-zero-carie\/\" \/>\n<meta property=\"og:site_name\" content=\"\u00c9glise Adventiste Du Septieme Jour - Inter Am\u00e9rique Division\" \/>\n<meta property=\"article:published_time\" content=\"2022-03-25T17:39:47+00:00\" \/>\n<meta property=\"article:modified_time\" content=\"2022-05-10T16:06:03+00:00\" \/>\n<meta property=\"og:image\" content=\"https:\/\/interamerica.org\/wp-content\/uploads\/2022\/03\/um-zero-cavities-initiative1.jpg\" \/>\n\t<meta property=\"og:image:width\" content=\"1024\" \/>\n\t<meta property=\"og:image:height\" content=\"576\" \/>\n\t<meta property=\"og:image:type\" content=\"image\/jpeg\" \/>\n<meta name=\"author\" content=\"libna\" \/>\n<meta name=\"twitter:card\" content=\"summary_large_image\" \/>\n<meta name=\"twitter:label1\" content=\"\u00c9crit par\" \/>\n\t<meta name=\"twitter:data1\" content=\"libna\" \/>\n\t<meta name=\"twitter:label2\" content=\"Dur\u00e9e de lecture estim\u00e9e\" \/>\n\t<meta name=\"twitter:data2\" content=\"4 minutes\" \/>\n<script type=\"application\/ld+json\" class=\"yoast-schema-graph\">{\"@context\":\"https:\\\/\\\/schema.org\",\"@graph\":[{\"@type\":\"Article\",\"@id\":\"https:\\\/\\\/interamerica.org\\\/fr\\\/2022\\\/03\\\/une-universite-adventiste-cree-un-impact-sur-les-communautes-necessiteuses-avec-son-initiative-zero-carie\\\/#article\",\"isPartOf\":{\"@id\":\"https:\\\/\\\/interamerica.org\\\/fr\\\/2022\\\/03\\\/une-universite-adventiste-cree-un-impact-sur-les-communautes-necessiteuses-avec-son-initiative-zero-carie\\\/\"},\"author\":{\"name\":\"libna\",\"@id\":\"https:\\\/\\\/interamerica.org\\\/fr\\\/#\\\/schema\\\/person\\\/29998f2bc2d8bd0d38662909289b54f1\"},\"headline\":\"Une universit\u00e9 adventiste cr\u00e9e un impact sur les communaut\u00e9s n\u00e9cessiteuses avec son initiative \u00ab Z\u00e9ro Carie \u00bb\",\"datePublished\":\"2022-03-25T17:39:47+00:00\",\"dateModified\":\"2022-05-10T16:06:03+00:00\",\"mainEntityOfPage\":{\"@id\":\"https:\\\/\\\/interamerica.org\\\/fr\\\/2022\\\/03\\\/une-universite-adventiste-cree-un-impact-sur-les-communautes-necessiteuses-avec-son-initiative-zero-carie\\\/\"},\"wordCount\":762,\"image\":{\"@id\":\"https:\\\/\\\/interamerica.org\\\/fr\\\/2022\\\/03\\\/une-universite-adventiste-cree-un-impact-sur-les-communautes-necessiteuses-avec-son-initiative-zero-carie\\\/#primaryimage\"},\"thumbnailUrl\":\"https:\\\/\\\/interamerica.org\\\/wp-content\\\/uploads\\\/2022\\\/03\\\/um-zero-cavities-initiative1.jpg\",\"articleSection\":[\"Nouvelles du si\u00e8ge de la division\",\"RSS Fran\u00e7ais\"],\"inLanguage\":\"fr-FR\"},{\"@type\":\"WebPage\",\"@id\":\"https:\\\/\\\/interamerica.org\\\/fr\\\/2022\\\/03\\\/une-universite-adventiste-cree-un-impact-sur-les-communautes-necessiteuses-avec-son-initiative-zero-carie\\\/\",\"url\":\"https:\\\/\\\/interamerica.org\\\/fr\\\/2022\\\/03\\\/une-universite-adventiste-cree-un-impact-sur-les-communautes-necessiteuses-avec-son-initiative-zero-carie\\\/\",\"name\":\"Une universit\u00e9 adventiste cr\u00e9e un impact sur les communaut\u00e9s n\u00e9cessiteuses avec son initiative \u00ab Z\u00e9ro Carie \u00bb - \u00c9glise Adventiste Du Septieme Jour - Inter Am\u00e9rique Division\",\"isPartOf\":{\"@id\":\"https:\\\/\\\/interamerica.org\\\/fr\\\/#website\"},\"primaryImageOfPage\":{\"@id\":\"https:\\\/\\\/interamerica.org\\\/fr\\\/2022\\\/03\\\/une-universite-adventiste-cree-un-impact-sur-les-communautes-necessiteuses-avec-son-initiative-zero-carie\\\/#primaryimage\"},\"image\":{\"@id\":\"https:\\\/\\\/interamerica.org\\\/fr\\\/2022\\\/03\\\/une-universite-adventiste-cree-un-impact-sur-les-communautes-necessiteuses-avec-son-initiative-zero-carie\\\/#primaryimage\"},\"thumbnailUrl\":\"https:\\\/\\\/interamerica.org\\\/wp-content\\\/uploads\\\/2022\\\/03\\\/um-zero-cavities-initiative1.jpg\",\"datePublished\":\"2022-03-25T17:39:47+00:00\",\"dateModified\":\"2022-05-10T16:06:03+00:00\",\"author\":{\"@id\":\"https:\\\/\\\/interamerica.org\\\/fr\\\/#\\\/schema\\\/person\\\/29998f2bc2d8bd0d38662909289b54f1\"},\"breadcrumb\":{\"@id\":\"https:\\\/\\\/interamerica.org\\\/fr\\\/2022\\\/03\\\/une-universite-adventiste-cree-un-impact-sur-les-communautes-necessiteuses-avec-son-initiative-zero-carie\\\/#breadcrumb\"},\"inLanguage\":\"fr-FR\",\"potentialAction\":[{\"@type\":\"ReadAction\",\"target\":[\"https:\\\/\\\/interamerica.org\\\/fr\\\/2022\\\/03\\\/une-universite-adventiste-cree-un-impact-sur-les-communautes-necessiteuses-avec-son-initiative-zero-carie\\\/\"]}]},{\"@type\":\"ImageObject\",\"inLanguage\":\"fr-FR\",\"@id\":\"https:\\\/\\\/interamerica.org\\\/fr\\\/2022\\\/03\\\/une-universite-adventiste-cree-un-impact-sur-les-communautes-necessiteuses-avec-son-initiative-zero-carie\\\/#primaryimage\",\"url\":\"https:\\\/\\\/interamerica.org\\\/wp-content\\\/uploads\\\/2022\\\/03\\\/um-zero-cavities-initiative1.jpg\",\"contentUrl\":\"https:\\\/\\\/interamerica.org\\\/wp-content\\\/uploads\\\/2022\\\/03\\\/um-zero-cavities-initiative1.jpg\",\"width\":1024,\"height\":576,\"caption\":\"Un \u00e9tudiant en m\u00e9decine dentaire de Montemorelos s\u2019appr\u00eate \u00e0 anesth\u00e9sier la bouche d\u2019un patient pour effectuer un acte dentaire gratuit dans le cadre de l\u2019initiative \u00ab Z\u00e9ro Caries \u00bb r\u00e9alis\u00e9e au profit des familles \u00e0 faible revenu dans la ville de Montemorelos, dans le Nuevo Leon, au Mexique. [Photo : Universit\u00e9 de Montemorelos]\"},{\"@type\":\"BreadcrumbList\",\"@id\":\"https:\\\/\\\/interamerica.org\\\/fr\\\/2022\\\/03\\\/une-universite-adventiste-cree-un-impact-sur-les-communautes-necessiteuses-avec-son-initiative-zero-carie\\\/#breadcrumb\",\"itemListElement\":[{\"@type\":\"ListItem\",\"position\":1,\"name\":\"Home\",\"item\":\"https:\\\/\\\/interamerica.org\\\/fr\\\/\"},{\"@type\":\"ListItem\",\"position\":2,\"name\":\"Une universit\u00e9 adventiste cr\u00e9e un impact sur les communaut\u00e9s n\u00e9cessiteuses avec son initiative \u00ab Z\u00e9ro Carie \u00bb\"}]},{\"@type\":\"WebSite\",\"@id\":\"https:\\\/\\\/interamerica.org\\\/fr\\\/#website\",\"url\":\"https:\\\/\\\/interamerica.org\\\/fr\\\/\",\"name\":\"\u00c9glise Adventiste Du Septieme Jour - Inter Am\u00e9rique Division\",\"description\":\"\",\"potentialAction\":[{\"@type\":\"SearchAction\",\"target\":{\"@type\":\"EntryPoint\",\"urlTemplate\":\"https:\\\/\\\/interamerica.org\\\/fr\\\/?s={search_term_string}\"},\"query-input\":{\"@type\":\"PropertyValueSpecification\",\"valueRequired\":true,\"valueName\":\"search_term_string\"}}],\"inLanguage\":\"fr-FR\"},{\"@type\":\"Person\",\"@id\":\"https:\\\/\\\/interamerica.org\\\/fr\\\/#\\\/schema\\\/person\\\/29998f2bc2d8bd0d38662909289b54f1\",\"name\":\"libna\",\"image\":{\"@type\":\"ImageObject\",\"inLanguage\":\"fr-FR\",\"@id\":\"https:\\\/\\\/secure.gravatar.com\\\/avatar\\\/7c5bd30ae4b47a9ba3c856590957fd1d96dc588bf3ac05719d247e126840331f?s=96&d=mm&r=g\",\"url\":\"https:\\\/\\\/secure.gravatar.com\\\/avatar\\\/7c5bd30ae4b47a9ba3c856590957fd1d96dc588bf3ac05719d247e126840331f?s=96&d=mm&r=g\",\"contentUrl\":\"https:\\\/\\\/secure.gravatar.com\\\/avatar\\\/7c5bd30ae4b47a9ba3c856590957fd1d96dc588bf3ac05719d247e126840331f?s=96&d=mm&r=g\",\"caption\":\"libna\"}}]}<\/script>\n<!-- \/ Yoast SEO plugin. -->","yoast_head_json":{"title":"Une universit\u00e9 adventiste cr\u00e9e un impact sur les communaut\u00e9s n\u00e9cessiteuses avec son initiative \u00ab Z\u00e9ro Carie \u00bb - \u00c9glise Adventiste Du Septieme Jour - Inter Am\u00e9rique Division","robots":{"index":"index","follow":"follow","max-snippet":"max-snippet:-1","max-image-preview":"max-image-preview:large","max-video-preview":"max-video-preview:-1"},"canonical":"https:\/\/interamerica.org\/fr\/2022\/03\/une-universite-adventiste-cree-un-impact-sur-les-communautes-necessiteuses-avec-son-initiative-zero-carie\/","og_locale":"fr_FR","og_type":"article","og_title":"Une universit\u00e9 adventiste cr\u00e9e un impact sur les communaut\u00e9s n\u00e9cessiteuses avec son initiative \u00ab Z\u00e9ro Carie \u00bb - \u00c9glise Adventiste Du Septieme Jour - Inter Am\u00e9rique Division","og_description":"25 Mars 2022 | Montemorelos, Nuevo Le\u00f3n, Mexique | Laura Marrero et Actualit\u00e9s de la Division Inter Am\u00e9ricaine Apr\u00e8s un retard caus\u00e9 par la pand\u00e9mie qui a d\u00e9but\u00e9 il y...","og_url":"https:\/\/interamerica.org\/fr\/2022\/03\/une-universite-adventiste-cree-un-impact-sur-les-communautes-necessiteuses-avec-son-initiative-zero-carie\/","og_site_name":"\u00c9glise Adventiste Du Septieme Jour - Inter Am\u00e9rique Division","article_published_time":"2022-03-25T17:39:47+00:00","article_modified_time":"2022-05-10T16:06:03+00:00","og_image":[{"width":1024,"height":576,"url":"https:\/\/interamerica.org\/wp-content\/uploads\/2022\/03\/um-zero-cavities-initiative1.jpg","type":"image\/jpeg"}],"author":"libna","twitter_card":"summary_large_image","twitter_misc":{"\u00c9crit par":"libna","Dur\u00e9e de lecture estim\u00e9e":"4 minutes"},"schema":{"@context":"https:\/\/schema.org","@graph":[{"@type":"Article","@id":"https:\/\/interamerica.org\/fr\/2022\/03\/une-universite-adventiste-cree-un-impact-sur-les-communautes-necessiteuses-avec-son-initiative-zero-carie\/#article","isPartOf":{"@id":"https:\/\/interamerica.org\/fr\/2022\/03\/une-universite-adventiste-cree-un-impact-sur-les-communautes-necessiteuses-avec-son-initiative-zero-carie\/"},"author":{"name":"libna","@id":"https:\/\/interamerica.org\/fr\/#\/schema\/person\/29998f2bc2d8bd0d38662909289b54f1"},"headline":"Une universit\u00e9 adventiste cr\u00e9e un impact sur les communaut\u00e9s n\u00e9cessiteuses avec son initiative \u00ab Z\u00e9ro Carie \u00bb","datePublished":"2022-03-25T17:39:47+00:00","dateModified":"2022-05-10T16:06:03+00:00","mainEntityOfPage":{"@id":"https:\/\/interamerica.org\/fr\/2022\/03\/une-universite-adventiste-cree-un-impact-sur-les-communautes-necessiteuses-avec-son-initiative-zero-carie\/"},"wordCount":762,"image":{"@id":"https:\/\/interamerica.org\/fr\/2022\/03\/une-universite-adventiste-cree-un-impact-sur-les-communautes-necessiteuses-avec-son-initiative-zero-carie\/#primaryimage"},"thumbnailUrl":"https:\/\/interamerica.org\/wp-content\/uploads\/2022\/03\/um-zero-cavities-initiative1.jpg","articleSection":["Nouvelles du si\u00e8ge de la division","RSS Fran\u00e7ais"],"inLanguage":"fr-FR"},{"@type":"WebPage","@id":"https:\/\/interamerica.org\/fr\/2022\/03\/une-universite-adventiste-cree-un-impact-sur-les-communautes-necessiteuses-avec-son-initiative-zero-carie\/","url":"https:\/\/interamerica.org\/fr\/2022\/03\/une-universite-adventiste-cree-un-impact-sur-les-communautes-necessiteuses-avec-son-initiative-zero-carie\/","name":"Une universit\u00e9 adventiste cr\u00e9e un impact sur les communaut\u00e9s n\u00e9cessiteuses avec son initiative \u00ab Z\u00e9ro Carie \u00bb - \u00c9glise Adventiste Du Septieme Jour - Inter Am\u00e9rique Division","isPartOf":{"@id":"https:\/\/interamerica.org\/fr\/#website"},"primaryImageOfPage":{"@id":"https:\/\/interamerica.org\/fr\/2022\/03\/une-universite-adventiste-cree-un-impact-sur-les-communautes-necessiteuses-avec-son-initiative-zero-carie\/#primaryimage"},"image":{"@id":"https:\/\/interamerica.org\/fr\/2022\/03\/une-universite-adventiste-cree-un-impact-sur-les-communautes-necessiteuses-avec-son-initiative-zero-carie\/#primaryimage"},"thumbnailUrl":"https:\/\/interamerica.org\/wp-content\/uploads\/2022\/03\/um-zero-cavities-initiative1.jpg","datePublished":"2022-03-25T17:39:47+00:00","dateModified":"2022-05-10T16:06:03+00:00","author":{"@id":"https:\/\/interamerica.org\/fr\/#\/schema\/person\/29998f2bc2d8bd0d38662909289b54f1"},"breadcrumb":{"@id":"https:\/\/interamerica.org\/fr\/2022\/03\/une-universite-adventiste-cree-un-impact-sur-les-communautes-necessiteuses-avec-son-initiative-zero-carie\/#breadcrumb"},"inLanguage":"fr-FR","potentialAction":[{"@type":"ReadAction","target":["https:\/\/interamerica.org\/fr\/2022\/03\/une-universite-adventiste-cree-un-impact-sur-les-communautes-necessiteuses-avec-son-initiative-zero-carie\/"]}]},{"@type":"ImageObject","inLanguage":"fr-FR","@id":"https:\/\/interamerica.org\/fr\/2022\/03\/une-universite-adventiste-cree-un-impact-sur-les-communautes-necessiteuses-avec-son-initiative-zero-carie\/#primaryimage","url":"https:\/\/interamerica.org\/wp-content\/uploads\/2022\/03\/um-zero-cavities-initiative1.jpg","contentUrl":"https:\/\/interamerica.org\/wp-content\/uploads\/2022\/03\/um-zero-cavities-initiative1.jpg","width":1024,"height":576,"caption":"Un \u00e9tudiant en m\u00e9decine dentaire de Montemorelos s\u2019appr\u00eate \u00e0 anesth\u00e9sier la bouche d\u2019un patient pour effectuer un acte dentaire gratuit dans le cadre de l\u2019initiative \u00ab Z\u00e9ro Caries \u00bb r\u00e9alis\u00e9e au profit des familles \u00e0 faible revenu dans la ville de Montemorelos, dans le Nuevo Leon, au Mexique. [Photo : Universit\u00e9 de Montemorelos]"},{"@type":"BreadcrumbList","@id":"https:\/\/interamerica.org\/fr\/2022\/03\/une-universite-adventiste-cree-un-impact-sur-les-communautes-necessiteuses-avec-son-initiative-zero-carie\/#breadcrumb","itemListElement":[{"@type":"ListItem","position":1,"name":"Home","item":"https:\/\/interamerica.org\/fr\/"},{"@type":"ListItem","position":2,"name":"Une universit\u00e9 adventiste cr\u00e9e un impact sur les communaut\u00e9s n\u00e9cessiteuses avec son initiative \u00ab Z\u00e9ro Carie \u00bb"}]},{"@type":"WebSite","@id":"https:\/\/interamerica.org\/fr\/#website","url":"https:\/\/interamerica.org\/fr\/","name":"\u00c9glise Adventiste Du Septieme Jour - Inter Am\u00e9rique Division","description":"","potentialAction":[{"@type":"SearchAction","target":{"@type":"EntryPoint","urlTemplate":"https:\/\/interamerica.org\/fr\/?s={search_term_string}"},"query-input":{"@type":"PropertyValueSpecification","valueRequired":true,"valueName":"search_term_string"}}],"inLanguage":"fr-FR"},{"@type":"Person","@id":"https:\/\/interamerica.org\/fr\/#\/schema\/person\/29998f2bc2d8bd0d38662909289b54f1","name":"libna","image":{"@type":"ImageObject","inLanguage":"fr-FR","@id":"https:\/\/secure.gravatar.com\/avatar\/7c5bd30ae4b47a9ba3c856590957fd1d96dc588bf3ac05719d247e126840331f?s=96&d=mm&r=g","url":"https:\/\/secure.gravatar.com\/avatar\/7c5bd30ae4b47a9ba3c856590957fd1d96dc588bf3ac05719d247e126840331f?s=96&d=mm&r=g","contentUrl":"https:\/\/secure.gravatar.com\/avatar\/7c5bd30ae4b47a9ba3c856590957fd1d96dc588bf3ac05719d247e126840331f?s=96&d=mm&r=g","caption":"libna"}}]}},"_links":{"self":[{"href":"https:\/\/interamerica.org\/fr\/wp-json\/wp\/v2\/posts\/82954","targetHints":{"allow":["GET"]}}],"collection":[{"href":"https:\/\/interamerica.org\/fr\/wp-json\/wp\/v2\/posts"}],"about":[{"href":"https:\/\/interamerica.org\/fr\/wp-json\/wp\/v2\/types\/post"}],"author":[{"embeddable":true,"href":"https:\/\/interamerica.org\/fr\/wp-json\/wp\/v2\/users\/3"}],"replies":[{"embeddable":true,"href":"https:\/\/interamerica.org\/fr\/wp-json\/wp\/v2\/comments?post=82954"}],"version-history":[{"count":0,"href":"https:\/\/interamerica.org\/fr\/wp-json\/wp\/v2\/posts\/82954\/revisions"}],"wp:featuredmedia":[{"embeddable":true,"href":"https:\/\/interamerica.org\/fr\/wp-json\/wp\/v2\/media\/82911"}],"wp:attachment":[{"href":"https:\/\/interamerica.org\/fr\/wp-json\/wp\/v2\/media?parent=82954"}],"wp:term":[{"taxonomy":"category","embeddable":true,"href":"https:\/\/interamerica.org\/fr\/wp-json\/wp\/v2\/categories?post=82954"},{"taxonomy":"post_tag","embeddable":true,"href":"https:\/\/interamerica.org\/fr\/wp-json\/wp\/v2\/tags?post=82954"}],"curies":[{"name":"wp","href":"https:\/\/api.w.org\/{rel}","templated":true}]}}