{"id":83050,"date":"2022-03-29T08:58:40","date_gmt":"2022-03-29T12:58:40","guid":{"rendered":"https:\/\/recursing-golick.147-182-135-0.plesk.page\/?p=83050"},"modified":"2022-03-30T11:42:52","modified_gmt":"2022-03-30T15:42:52","slug":"des-milliers-de-personnes-recouvrent-la-vue-lors-de-la-premiere-clinique-ophtalmologique-mobile-de-la-pandemie","status":"publish","type":"post","link":"https:\/\/interamerica.org\/fr\/2022\/03\/des-milliers-de-personnes-recouvrent-la-vue-lors-de-la-premiere-clinique-ophtalmologique-mobile-de-la-pandemie\/","title":{"rendered":"Des milliers de personnes recouvrent la vue lors de la premi\u00e8re clinique ophtalmologique mobile de la pand\u00e9mie"},"content":{"rendered":"<p><div id=\"attachment_82987\" style=\"width: 868px\" class=\"wp-caption aligncenter\"><img fetchpriority=\"high\" decoding=\"async\" aria-describedby=\"caption-attachment-82987\" class=\" wp-image-82987\" src=\"https:\/\/recursing-golick.147-182-135-0.plesk.page\/wp-content\/uploads\/2022\/03\/first-annual-eye-camp-after-the-pandemic-restores-sight-to-thousands1.jpeg\" alt=\"\" width=\"858\" height=\"429\" srcset=\"https:\/\/interamerica.org\/wp-content\/uploads\/2022\/03\/first-annual-eye-camp-after-the-pandemic-restores-sight-to-thousands1.jpeg 1000w, https:\/\/interamerica.org\/wp-content\/uploads\/2022\/03\/first-annual-eye-camp-after-the-pandemic-restores-sight-to-thousands1-300x150.jpeg 300w, https:\/\/interamerica.org\/wp-content\/uploads\/2022\/03\/first-annual-eye-camp-after-the-pandemic-restores-sight-to-thousands1-768x384.jpeg 768w\" sizes=\"(max-width: 858px) 100vw, 858px\" \/><p id=\"caption-attachment-82987\" class=\"wp-caption-text\"><span lang=\"FR-CA\">Le D<sup>r<\/sup>\u00a0Jacob Prabhakar examine l\u2019\u0153il d\u2019un patient. <\/span>[Une photo d\u2019It is Written.]<\/p><\/div><strong>Au nord de l\u2019Inde, l\u2019initiative de longue haleine d\u2019It Is Written offre des op\u00e9rations de cataractes gratuites.<\/strong><\/p>\n<p>Le 29 mars 2022 | Jacob Prabhakar pour It Is Written et <em>Adventist Review<\/em><\/p>\n<p>Eyes for India (\u00ab\u00a0Des yeux pour l\u2019Inde\u00a0\u00bb) est l\u2019initiative de longue haleine d\u2019It Is Written consistant \u00e0 redonner la vue aux aveugles gr\u00e2ce \u00e0 des op\u00e9rations de cataractes dans le pays sud-asiatique. Chaque ann\u00e9e, l\u2019ophtalmologiste Jacob Prabhakar et son \u00e9quipe m\u00e9dicale tiennent une clinique mobile dans un temple du nord de l\u2019Inde. Ce qui suit est un rapport du plus r\u00e9cent \u00e9v\u00e9nement qui a eu lieu en janvier 2022.<\/p>\n<p>La clinique qui s\u2019installe chaque ann\u00e9e dans le temple d\u2019un village \u00e9loign\u00e9 \u2014 Hariakol de Barabanki, dans l\u2019\u00c9tat indien le plus peupl\u00e9 et pauvre d\u2019Uttar Pradesh \u2014 est le point culminant de tous les services communautaires offerts par l\u2019H\u00f4pital Ruby Nelson Memorial. Cette importante et unique clinique ophtalmologique (de retour pour la premi\u00e8re fois depuis 2020 \u00e0 cause de la pand\u00e9mie) a un \u00e9norme impact, car des hindous qui baignent dans des croyances superstitieuses reconnaissent le minist\u00e8re m\u00e9dical de la m\u00e9thode du Christ et sont convaincus que ce type de gu\u00e9rison ph\u00e9nom\u00e9nale dont ils sont t\u00e9moins ann\u00e9e apr\u00e8s ann\u00e9e n\u2019est possible qu\u2019avec un Dieu qu\u2019ils ne connaissent pas du tout.<\/p>\n<p><div id=\"attachment_82999\" style=\"width: 310px\" class=\"wp-caption alignright\"><img decoding=\"async\" aria-describedby=\"caption-attachment-82999\" class=\"size-full wp-image-82999\" src=\"https:\/\/recursing-golick.147-182-135-0.plesk.page\/wp-content\/uploads\/2022\/03\/it-is-written-2.jpg\" alt=\"\" width=\"300\" height=\"300\" srcset=\"https:\/\/interamerica.org\/wp-content\/uploads\/2022\/03\/it-is-written-2.jpg 300w, https:\/\/interamerica.org\/wp-content\/uploads\/2022\/03\/it-is-written-2-150x150.jpg 150w\" sizes=\"(max-width: 300px) 100vw, 300px\" \/><p id=\"caption-attachment-82999\" class=\"wp-caption-text\">Le D<sup>r<\/sup> Jacob jette un coup d\u2019\u0153il \u00e0 ses patients avant leur op\u00e9ration. [Une photo d\u2019It Is Written.]<\/p><\/div>En d\u00e9pit d\u2019une nuit froide et brumeuse ainsi que d\u2019un voyage de 24\u00a0heures dans l\u2019autobus qui a \u00e9t\u00e9 donn\u00e9 \u00e0 It Is Written, d\u2019ailleurs rempli \u00e0 capacit\u00e9 de fournitures m\u00e9dicales et d\u2019\u00e9quipement et roulant parfois sans aucune visibilit\u00e9, l\u2019esprit et l\u2019enthousiasme de l\u2019\u00e9quipe m\u00e9dicale n\u2019avaient rien de maussade.<\/p>\n<p>Les patients sont eux aussi venus de loin dans le froid mordant, \u00e0 pied pour la plupart, transportant les personnes aveugles ou handicap\u00e9es sur leurs \u00e9paules ou sur des lits de fortune. D\u2019autres ont atteint le site sur deux roues, en autobus ou en train. Pour ces populations pauvres et marginalis\u00e9es de r\u00e9gions recul\u00e9es du nord de l\u2019Inde, la clinique ophtalmologique gratuite est une lueur vacillante d\u2019espoir qui fera du r\u00eave de recouvrer la vue une r\u00e9alit\u00e9. Voil\u00e0 ce qui les pousse \u00e0 braver les risques et les difficult\u00e9s d\u2019un dur voyage au travers des for\u00eats et du mauvais temps.<\/p>\n<p>Nous sommes motiv\u00e9s \u00e0 compl\u00e9ter cette mission par le taux \u00e9lev\u00e9 de r\u00e9ussite de nos op\u00e9rations de cataractes plut\u00f4t simples qui peuvent radicalement changer des vies. Ayant compris l\u2019importance de la sant\u00e9 globale, les pr\u00eatres du temple, les b\u00e9n\u00e9voles et les organisateurs de la clinique sont ouverts \u00e0 la distribution de documents spirituels et sur la sant\u00e9 ainsi qu\u2019aux pr\u00e9sentations sur l\u2019hygi\u00e8ne.<\/p>\n<p><div id=\"attachment_82996\" style=\"width: 310px\" class=\"wp-caption alignright\"><img decoding=\"async\" aria-describedby=\"caption-attachment-82996\" class=\"size-full wp-image-82996\" src=\"https:\/\/recursing-golick.147-182-135-0.plesk.page\/wp-content\/uploads\/2022\/03\/itiswriten-3.jpg\" alt=\"\" width=\"300\" height=\"300\" srcset=\"https:\/\/interamerica.org\/wp-content\/uploads\/2022\/03\/itiswriten-3.jpg 300w, https:\/\/interamerica.org\/wp-content\/uploads\/2022\/03\/itiswriten-3-150x150.jpg 150w\" sizes=\"(max-width: 300px) 100vw, 300px\" \/><p id=\"caption-attachment-82996\" class=\"wp-caption-text\"><span lang=\"FR-CA\">Le D<sup>r<\/sup> Jacob effectue une courte op\u00e9ration de cataracte sur un patient, lui redonnant la vue. <\/span><br \/>[Une photo d\u2019It is Written.]<\/p><\/div>La clinique ophtalmologique ouvrait t\u00f4t chaque matin. Nous examinions quelque 500\u00a0personnes par jour et s\u00e9lectionnions soigneusement celles qui \u00e9taient bilat\u00e9ralement aveugles pour l\u2019op\u00e9ration, c\u2019est-\u00e0-dire celles dont les cataractes \u00e9taient dures et tr\u00e8s m\u00fbres, en voie de devenir permanentes et douloureuses. Les patients choisis se soumettaient ensuite \u00e0 un bilan de sant\u00e9 pr\u00e9op\u00e9ratoire d\u00e9taill\u00e9 avant d\u2019\u00eatre op\u00e9r\u00e9s pour leurs cataractes. L\u2019op\u00e9ration consiste \u00e0 implanter des lentilles intraoculaires dans des conditions st\u00e9riles.<\/p>\n<p>La pand\u00e9mie n\u00e9cessite la mise en place de protocoles de s\u00e9curit\u00e9s suppl\u00e9mentaires, comme des tests de d\u00e9pistage rapides de COVID-19 \u00e0 l\u2019antig\u00e8ne, de la distanciation sociale et des preuves vaccinales. Des trousses d\u2019\u00e9quipements de protection individuelle (\u00c9PI) contre la COVID-19 et d\u2019autres mesures de s\u00e9curit\u00e9 \u00e9taient \u00e9galement fournies et instaur\u00e9es par It Is Written.<\/p>\n<p>Le nombre de patients rencontr\u00e9s cette ann\u00e9e \u00e9tait plus grand qu\u2019\u00e0 l\u2019habitude \u00e9tant donn\u00e9 la pand\u00e9mie, qui a maintenu \u00e0 l\u2019int\u00e9rieur ceux qui avaient besoin d\u2019aide, les emp\u00eachant de consulter rapidement un m\u00e9decin. Les op\u00e9rations ont \u00e9galement \u00e9t\u00e9 r\u00e9duites \u00e0 200 par jour \u00e0 cause de l\u2019obligation d\u2019espacer les lits. Malheureusement, pr\u00e8s de 2\u00a0000\u00a0patients inscrits pour l\u2019op\u00e9ration ont d\u00fb \u00eatre refus\u00e9s \u00e0 cause du manque de temps et de fournitures chirurgicales.<\/p>\n<p><div id=\"attachment_82993\" style=\"width: 876px\" class=\"wp-caption aligncenter\"><img loading=\"lazy\" decoding=\"async\" aria-describedby=\"caption-attachment-82993\" class=\" wp-image-82993\" src=\"https:\/\/recursing-golick.147-182-135-0.plesk.page\/wp-content\/uploads\/2022\/03\/itiswritten-4.jpg\" alt=\"\" width=\"866\" height=\"700\" srcset=\"https:\/\/interamerica.org\/wp-content\/uploads\/2022\/03\/itiswritten-4.jpg 1024w, https:\/\/interamerica.org\/wp-content\/uploads\/2022\/03\/itiswritten-4-300x243.jpg 300w, https:\/\/interamerica.org\/wp-content\/uploads\/2022\/03\/itiswritten-4-768x621.jpg 768w\" sizes=\"(max-width: 866px) 100vw, 866px\" \/><p id=\"caption-attachment-82993\" class=\"wp-caption-text\">Le D<sup>r<\/sup>\u00a0Jacob (devant \u00e0 gauche) en compagnie de son personnel m\u00e9dical. [Une photo d\u2019It is Written.]<\/p><\/div>Malgr\u00e9 ces obstacles, 2\u00a0628\u00a0personnes ont re\u00e7u le pr\u00e9cieux don de la vue. Les patients qui ont \u00e9t\u00e9 op\u00e9r\u00e9s et qui ont recouvr\u00e9 la vue d\u00e9bordaient de joie et \u00e9taient remplis de gratitude. Ils ont quitt\u00e9 la clinique en louant Dieu, sachant qu\u2019ils peuvent enfin vivre de mani\u00e8re ind\u00e9pendante et gagner leur vie.<\/p>\n<p>Dieu a fait don de sa gr\u00e2ce et de sa mis\u00e9ricorde en aidant It Is Written \u00e0 toucher des vies en redonnant la vue aux aveugles. Non seulement les b\u00e9n\u00e9ficiaires ont-ils re\u00e7u la sant\u00e9 et la vue, mais une b\u00e9n\u00e9diction encore plus grande de joie et de r\u00e9ussite a \u00e9t\u00e9 d\u00e9vers\u00e9e sur les donneurs de soins \u00e9galement.<\/p>\n<p>Ce merveilleux minist\u00e8re nous permet d\u2019atteindre ceux qui ne connaissent pas notre Dieu.<\/p>\n<p>La <a href=\"https:\/\/blog.itiswritten.com\/blog\/2022\/02\/17\/thousands-receive-sight-at-annual-it-is-written-eye-camp\/\">version originale<\/a> de cette histoire a \u00e9t\u00e9 publi\u00e9e par <a href=\"https:\/\/www.itiswritten.com\/\">It Is Written<\/a>.<\/p>\n<p>Traduction\u00a0: Marie-Mich\u00e8le Robitaille<\/p>\n","protected":false},"excerpt":{"rendered":"<p>Au nord de l\u2019Inde, l\u2019initiative de longue haleine d\u2019It Is Written offre des op\u00e9rations de cataractes gratuites. Le 29 mars 2022 | Jacob Prabhakar pour It Is Written et Adventist&#8230;<\/p>\n","protected":false},"author":3,"featured_media":82987,"comment_status":"closed","ping_status":"closed","sticky":false,"template":"","format":"standard","meta":{"_acf_changed":false,"footnotes":""},"categories":[18,19],"tags":[],"class_list":["post-83050","post","type-post","status-publish","format-standard","has-post-thumbnail","hentry","category-nouvelles-de-leglise-mondiale","category-rss-francais"],"acf":[],"yoast_head":"<!-- This site is optimized with the Yoast SEO plugin v27.3 - https:\/\/yoast.com\/product\/yoast-seo-wordpress\/ -->\n<title>Des milliers de personnes recouvrent la vue lors de la premi\u00e8re clinique ophtalmologique mobile de la pand\u00e9mie - \u00c9glise Adventiste Du Septieme Jour - Inter Am\u00e9rique Division<\/title>\n<meta name=\"robots\" content=\"index, follow, max-snippet:-1, max-image-preview:large, max-video-preview:-1\" \/>\n<link rel=\"canonical\" href=\"https:\/\/interamerica.org\/fr\/2022\/03\/des-milliers-de-personnes-recouvrent-la-vue-lors-de-la-premiere-clinique-ophtalmologique-mobile-de-la-pandemie\/\" \/>\n<meta property=\"og:locale\" content=\"fr_FR\" \/>\n<meta property=\"og:type\" content=\"article\" \/>\n<meta property=\"og:title\" content=\"Des milliers de personnes recouvrent la vue lors de la premi\u00e8re clinique ophtalmologique mobile de la pand\u00e9mie - \u00c9glise Adventiste Du Septieme Jour - Inter Am\u00e9rique Division\" \/>\n<meta property=\"og:description\" content=\"Au nord de l\u2019Inde, l\u2019initiative de longue haleine d\u2019It Is Written offre des op\u00e9rations de cataractes gratuites. Le 29 mars 2022 | Jacob Prabhakar pour It Is Written et Adventist...\" \/>\n<meta property=\"og:url\" content=\"https:\/\/interamerica.org\/fr\/2022\/03\/des-milliers-de-personnes-recouvrent-la-vue-lors-de-la-premiere-clinique-ophtalmologique-mobile-de-la-pandemie\/\" \/>\n<meta property=\"og:site_name\" content=\"\u00c9glise Adventiste Du Septieme Jour - Inter Am\u00e9rique Division\" \/>\n<meta property=\"article:published_time\" content=\"2022-03-29T12:58:40+00:00\" \/>\n<meta property=\"article:modified_time\" content=\"2022-03-30T15:42:52+00:00\" \/>\n<meta property=\"og:image\" content=\"https:\/\/interamerica.org\/wp-content\/uploads\/2022\/03\/first-annual-eye-camp-after-the-pandemic-restores-sight-to-thousands1.jpeg\" \/>\n\t<meta property=\"og:image:width\" content=\"1000\" \/>\n\t<meta property=\"og:image:height\" content=\"500\" \/>\n\t<meta property=\"og:image:type\" content=\"image\/jpeg\" \/>\n<meta name=\"author\" content=\"libna\" \/>\n<meta name=\"twitter:card\" content=\"summary_large_image\" \/>\n<meta name=\"twitter:label1\" content=\"\u00c9crit par\" \/>\n\t<meta name=\"twitter:data1\" content=\"libna\" \/>\n\t<meta name=\"twitter:label2\" content=\"Dur\u00e9e de lecture estim\u00e9e\" \/>\n\t<meta name=\"twitter:data2\" content=\"5 minutes\" \/>\n<script type=\"application\/ld+json\" class=\"yoast-schema-graph\">{\"@context\":\"https:\\\/\\\/schema.org\",\"@graph\":[{\"@type\":\"Article\",\"@id\":\"https:\\\/\\\/interamerica.org\\\/fr\\\/2022\\\/03\\\/des-milliers-de-personnes-recouvrent-la-vue-lors-de-la-premiere-clinique-ophtalmologique-mobile-de-la-pandemie\\\/#article\",\"isPartOf\":{\"@id\":\"https:\\\/\\\/interamerica.org\\\/fr\\\/2022\\\/03\\\/des-milliers-de-personnes-recouvrent-la-vue-lors-de-la-premiere-clinique-ophtalmologique-mobile-de-la-pandemie\\\/\"},\"author\":{\"name\":\"libna\",\"@id\":\"https:\\\/\\\/interamerica.org\\\/fr\\\/#\\\/schema\\\/person\\\/29998f2bc2d8bd0d38662909289b54f1\"},\"headline\":\"Des milliers de personnes recouvrent la vue lors de la premi\u00e8re clinique ophtalmologique mobile de la pand\u00e9mie\",\"datePublished\":\"2022-03-29T12:58:40+00:00\",\"dateModified\":\"2022-03-30T15:42:52+00:00\",\"mainEntityOfPage\":{\"@id\":\"https:\\\/\\\/interamerica.org\\\/fr\\\/2022\\\/03\\\/des-milliers-de-personnes-recouvrent-la-vue-lors-de-la-premiere-clinique-ophtalmologique-mobile-de-la-pandemie\\\/\"},\"wordCount\":995,\"image\":{\"@id\":\"https:\\\/\\\/interamerica.org\\\/fr\\\/2022\\\/03\\\/des-milliers-de-personnes-recouvrent-la-vue-lors-de-la-premiere-clinique-ophtalmologique-mobile-de-la-pandemie\\\/#primaryimage\"},\"thumbnailUrl\":\"https:\\\/\\\/interamerica.org\\\/wp-content\\\/uploads\\\/2022\\\/03\\\/first-annual-eye-camp-after-the-pandemic-restores-sight-to-thousands1.jpeg\",\"articleSection\":[\"Nouvelles de l'\u00c9glise mondiale\",\"RSS Fran\u00e7ais\"],\"inLanguage\":\"fr-FR\"},{\"@type\":\"WebPage\",\"@id\":\"https:\\\/\\\/interamerica.org\\\/fr\\\/2022\\\/03\\\/des-milliers-de-personnes-recouvrent-la-vue-lors-de-la-premiere-clinique-ophtalmologique-mobile-de-la-pandemie\\\/\",\"url\":\"https:\\\/\\\/interamerica.org\\\/fr\\\/2022\\\/03\\\/des-milliers-de-personnes-recouvrent-la-vue-lors-de-la-premiere-clinique-ophtalmologique-mobile-de-la-pandemie\\\/\",\"name\":\"Des milliers de personnes recouvrent la vue lors de la premi\u00e8re clinique ophtalmologique mobile de la pand\u00e9mie - \u00c9glise Adventiste Du Septieme Jour - Inter Am\u00e9rique Division\",\"isPartOf\":{\"@id\":\"https:\\\/\\\/interamerica.org\\\/fr\\\/#website\"},\"primaryImageOfPage\":{\"@id\":\"https:\\\/\\\/interamerica.org\\\/fr\\\/2022\\\/03\\\/des-milliers-de-personnes-recouvrent-la-vue-lors-de-la-premiere-clinique-ophtalmologique-mobile-de-la-pandemie\\\/#primaryimage\"},\"image\":{\"@id\":\"https:\\\/\\\/interamerica.org\\\/fr\\\/2022\\\/03\\\/des-milliers-de-personnes-recouvrent-la-vue-lors-de-la-premiere-clinique-ophtalmologique-mobile-de-la-pandemie\\\/#primaryimage\"},\"thumbnailUrl\":\"https:\\\/\\\/interamerica.org\\\/wp-content\\\/uploads\\\/2022\\\/03\\\/first-annual-eye-camp-after-the-pandemic-restores-sight-to-thousands1.jpeg\",\"datePublished\":\"2022-03-29T12:58:40+00:00\",\"dateModified\":\"2022-03-30T15:42:52+00:00\",\"author\":{\"@id\":\"https:\\\/\\\/interamerica.org\\\/fr\\\/#\\\/schema\\\/person\\\/29998f2bc2d8bd0d38662909289b54f1\"},\"breadcrumb\":{\"@id\":\"https:\\\/\\\/interamerica.org\\\/fr\\\/2022\\\/03\\\/des-milliers-de-personnes-recouvrent-la-vue-lors-de-la-premiere-clinique-ophtalmologique-mobile-de-la-pandemie\\\/#breadcrumb\"},\"inLanguage\":\"fr-FR\",\"potentialAction\":[{\"@type\":\"ReadAction\",\"target\":[\"https:\\\/\\\/interamerica.org\\\/fr\\\/2022\\\/03\\\/des-milliers-de-personnes-recouvrent-la-vue-lors-de-la-premiere-clinique-ophtalmologique-mobile-de-la-pandemie\\\/\"]}]},{\"@type\":\"ImageObject\",\"inLanguage\":\"fr-FR\",\"@id\":\"https:\\\/\\\/interamerica.org\\\/fr\\\/2022\\\/03\\\/des-milliers-de-personnes-recouvrent-la-vue-lors-de-la-premiere-clinique-ophtalmologique-mobile-de-la-pandemie\\\/#primaryimage\",\"url\":\"https:\\\/\\\/interamerica.org\\\/wp-content\\\/uploads\\\/2022\\\/03\\\/first-annual-eye-camp-after-the-pandemic-restores-sight-to-thousands1.jpeg\",\"contentUrl\":\"https:\\\/\\\/interamerica.org\\\/wp-content\\\/uploads\\\/2022\\\/03\\\/first-annual-eye-camp-after-the-pandemic-restores-sight-to-thousands1.jpeg\",\"width\":1000,\"height\":500,\"caption\":\"Le Dr Jacob Prabhakar examine l\u2019\u0153il d\u2019un patient. [Une photo d\u2019It is Written.]\"},{\"@type\":\"BreadcrumbList\",\"@id\":\"https:\\\/\\\/interamerica.org\\\/fr\\\/2022\\\/03\\\/des-milliers-de-personnes-recouvrent-la-vue-lors-de-la-premiere-clinique-ophtalmologique-mobile-de-la-pandemie\\\/#breadcrumb\",\"itemListElement\":[{\"@type\":\"ListItem\",\"position\":1,\"name\":\"Home\",\"item\":\"https:\\\/\\\/interamerica.org\\\/fr\\\/\"},{\"@type\":\"ListItem\",\"position\":2,\"name\":\"Des milliers de personnes recouvrent la vue lors de la premi\u00e8re clinique ophtalmologique mobile de la pand\u00e9mie\"}]},{\"@type\":\"WebSite\",\"@id\":\"https:\\\/\\\/interamerica.org\\\/fr\\\/#website\",\"url\":\"https:\\\/\\\/interamerica.org\\\/fr\\\/\",\"name\":\"\u00c9glise Adventiste Du Septieme Jour - Inter Am\u00e9rique Division\",\"description\":\"\",\"potentialAction\":[{\"@type\":\"SearchAction\",\"target\":{\"@type\":\"EntryPoint\",\"urlTemplate\":\"https:\\\/\\\/interamerica.org\\\/fr\\\/?s={search_term_string}\"},\"query-input\":{\"@type\":\"PropertyValueSpecification\",\"valueRequired\":true,\"valueName\":\"search_term_string\"}}],\"inLanguage\":\"fr-FR\"},{\"@type\":\"Person\",\"@id\":\"https:\\\/\\\/interamerica.org\\\/fr\\\/#\\\/schema\\\/person\\\/29998f2bc2d8bd0d38662909289b54f1\",\"name\":\"libna\",\"image\":{\"@type\":\"ImageObject\",\"inLanguage\":\"fr-FR\",\"@id\":\"https:\\\/\\\/secure.gravatar.com\\\/avatar\\\/7c5bd30ae4b47a9ba3c856590957fd1d96dc588bf3ac05719d247e126840331f?s=96&d=mm&r=g\",\"url\":\"https:\\\/\\\/secure.gravatar.com\\\/avatar\\\/7c5bd30ae4b47a9ba3c856590957fd1d96dc588bf3ac05719d247e126840331f?s=96&d=mm&r=g\",\"contentUrl\":\"https:\\\/\\\/secure.gravatar.com\\\/avatar\\\/7c5bd30ae4b47a9ba3c856590957fd1d96dc588bf3ac05719d247e126840331f?s=96&d=mm&r=g\",\"caption\":\"libna\"}}]}<\/script>\n<!-- \/ Yoast SEO plugin. -->","yoast_head_json":{"title":"Des milliers de personnes recouvrent la vue lors de la premi\u00e8re clinique ophtalmologique mobile de la pand\u00e9mie - \u00c9glise Adventiste Du Septieme Jour - Inter Am\u00e9rique Division","robots":{"index":"index","follow":"follow","max-snippet":"max-snippet:-1","max-image-preview":"max-image-preview:large","max-video-preview":"max-video-preview:-1"},"canonical":"https:\/\/interamerica.org\/fr\/2022\/03\/des-milliers-de-personnes-recouvrent-la-vue-lors-de-la-premiere-clinique-ophtalmologique-mobile-de-la-pandemie\/","og_locale":"fr_FR","og_type":"article","og_title":"Des milliers de personnes recouvrent la vue lors de la premi\u00e8re clinique ophtalmologique mobile de la pand\u00e9mie - \u00c9glise Adventiste Du Septieme Jour - Inter Am\u00e9rique Division","og_description":"Au nord de l\u2019Inde, l\u2019initiative de longue haleine d\u2019It Is Written offre des op\u00e9rations de cataractes gratuites. Le 29 mars 2022 | Jacob Prabhakar pour It Is Written et Adventist...","og_url":"https:\/\/interamerica.org\/fr\/2022\/03\/des-milliers-de-personnes-recouvrent-la-vue-lors-de-la-premiere-clinique-ophtalmologique-mobile-de-la-pandemie\/","og_site_name":"\u00c9glise Adventiste Du Septieme Jour - Inter Am\u00e9rique Division","article_published_time":"2022-03-29T12:58:40+00:00","article_modified_time":"2022-03-30T15:42:52+00:00","og_image":[{"width":1000,"height":500,"url":"https:\/\/interamerica.org\/wp-content\/uploads\/2022\/03\/first-annual-eye-camp-after-the-pandemic-restores-sight-to-thousands1.jpeg","type":"image\/jpeg"}],"author":"libna","twitter_card":"summary_large_image","twitter_misc":{"\u00c9crit par":"libna","Dur\u00e9e de lecture estim\u00e9e":"5 minutes"},"schema":{"@context":"https:\/\/schema.org","@graph":[{"@type":"Article","@id":"https:\/\/interamerica.org\/fr\/2022\/03\/des-milliers-de-personnes-recouvrent-la-vue-lors-de-la-premiere-clinique-ophtalmologique-mobile-de-la-pandemie\/#article","isPartOf":{"@id":"https:\/\/interamerica.org\/fr\/2022\/03\/des-milliers-de-personnes-recouvrent-la-vue-lors-de-la-premiere-clinique-ophtalmologique-mobile-de-la-pandemie\/"},"author":{"name":"libna","@id":"https:\/\/interamerica.org\/fr\/#\/schema\/person\/29998f2bc2d8bd0d38662909289b54f1"},"headline":"Des milliers de personnes recouvrent la vue lors de la premi\u00e8re clinique ophtalmologique mobile de la pand\u00e9mie","datePublished":"2022-03-29T12:58:40+00:00","dateModified":"2022-03-30T15:42:52+00:00","mainEntityOfPage":{"@id":"https:\/\/interamerica.org\/fr\/2022\/03\/des-milliers-de-personnes-recouvrent-la-vue-lors-de-la-premiere-clinique-ophtalmologique-mobile-de-la-pandemie\/"},"wordCount":995,"image":{"@id":"https:\/\/interamerica.org\/fr\/2022\/03\/des-milliers-de-personnes-recouvrent-la-vue-lors-de-la-premiere-clinique-ophtalmologique-mobile-de-la-pandemie\/#primaryimage"},"thumbnailUrl":"https:\/\/interamerica.org\/wp-content\/uploads\/2022\/03\/first-annual-eye-camp-after-the-pandemic-restores-sight-to-thousands1.jpeg","articleSection":["Nouvelles de l'\u00c9glise mondiale","RSS Fran\u00e7ais"],"inLanguage":"fr-FR"},{"@type":"WebPage","@id":"https:\/\/interamerica.org\/fr\/2022\/03\/des-milliers-de-personnes-recouvrent-la-vue-lors-de-la-premiere-clinique-ophtalmologique-mobile-de-la-pandemie\/","url":"https:\/\/interamerica.org\/fr\/2022\/03\/des-milliers-de-personnes-recouvrent-la-vue-lors-de-la-premiere-clinique-ophtalmologique-mobile-de-la-pandemie\/","name":"Des milliers de personnes recouvrent la vue lors de la premi\u00e8re clinique ophtalmologique mobile de la pand\u00e9mie - \u00c9glise Adventiste Du Septieme Jour - Inter Am\u00e9rique Division","isPartOf":{"@id":"https:\/\/interamerica.org\/fr\/#website"},"primaryImageOfPage":{"@id":"https:\/\/interamerica.org\/fr\/2022\/03\/des-milliers-de-personnes-recouvrent-la-vue-lors-de-la-premiere-clinique-ophtalmologique-mobile-de-la-pandemie\/#primaryimage"},"image":{"@id":"https:\/\/interamerica.org\/fr\/2022\/03\/des-milliers-de-personnes-recouvrent-la-vue-lors-de-la-premiere-clinique-ophtalmologique-mobile-de-la-pandemie\/#primaryimage"},"thumbnailUrl":"https:\/\/interamerica.org\/wp-content\/uploads\/2022\/03\/first-annual-eye-camp-after-the-pandemic-restores-sight-to-thousands1.jpeg","datePublished":"2022-03-29T12:58:40+00:00","dateModified":"2022-03-30T15:42:52+00:00","author":{"@id":"https:\/\/interamerica.org\/fr\/#\/schema\/person\/29998f2bc2d8bd0d38662909289b54f1"},"breadcrumb":{"@id":"https:\/\/interamerica.org\/fr\/2022\/03\/des-milliers-de-personnes-recouvrent-la-vue-lors-de-la-premiere-clinique-ophtalmologique-mobile-de-la-pandemie\/#breadcrumb"},"inLanguage":"fr-FR","potentialAction":[{"@type":"ReadAction","target":["https:\/\/interamerica.org\/fr\/2022\/03\/des-milliers-de-personnes-recouvrent-la-vue-lors-de-la-premiere-clinique-ophtalmologique-mobile-de-la-pandemie\/"]}]},{"@type":"ImageObject","inLanguage":"fr-FR","@id":"https:\/\/interamerica.org\/fr\/2022\/03\/des-milliers-de-personnes-recouvrent-la-vue-lors-de-la-premiere-clinique-ophtalmologique-mobile-de-la-pandemie\/#primaryimage","url":"https:\/\/interamerica.org\/wp-content\/uploads\/2022\/03\/first-annual-eye-camp-after-the-pandemic-restores-sight-to-thousands1.jpeg","contentUrl":"https:\/\/interamerica.org\/wp-content\/uploads\/2022\/03\/first-annual-eye-camp-after-the-pandemic-restores-sight-to-thousands1.jpeg","width":1000,"height":500,"caption":"Le Dr Jacob Prabhakar examine l\u2019\u0153il d\u2019un patient. [Une photo d\u2019It is Written.]"},{"@type":"BreadcrumbList","@id":"https:\/\/interamerica.org\/fr\/2022\/03\/des-milliers-de-personnes-recouvrent-la-vue-lors-de-la-premiere-clinique-ophtalmologique-mobile-de-la-pandemie\/#breadcrumb","itemListElement":[{"@type":"ListItem","position":1,"name":"Home","item":"https:\/\/interamerica.org\/fr\/"},{"@type":"ListItem","position":2,"name":"Des milliers de personnes recouvrent la vue lors de la premi\u00e8re clinique ophtalmologique mobile de la pand\u00e9mie"}]},{"@type":"WebSite","@id":"https:\/\/interamerica.org\/fr\/#website","url":"https:\/\/interamerica.org\/fr\/","name":"\u00c9glise Adventiste Du Septieme Jour - Inter Am\u00e9rique Division","description":"","potentialAction":[{"@type":"SearchAction","target":{"@type":"EntryPoint","urlTemplate":"https:\/\/interamerica.org\/fr\/?s={search_term_string}"},"query-input":{"@type":"PropertyValueSpecification","valueRequired":true,"valueName":"search_term_string"}}],"inLanguage":"fr-FR"},{"@type":"Person","@id":"https:\/\/interamerica.org\/fr\/#\/schema\/person\/29998f2bc2d8bd0d38662909289b54f1","name":"libna","image":{"@type":"ImageObject","inLanguage":"fr-FR","@id":"https:\/\/secure.gravatar.com\/avatar\/7c5bd30ae4b47a9ba3c856590957fd1d96dc588bf3ac05719d247e126840331f?s=96&d=mm&r=g","url":"https:\/\/secure.gravatar.com\/avatar\/7c5bd30ae4b47a9ba3c856590957fd1d96dc588bf3ac05719d247e126840331f?s=96&d=mm&r=g","contentUrl":"https:\/\/secure.gravatar.com\/avatar\/7c5bd30ae4b47a9ba3c856590957fd1d96dc588bf3ac05719d247e126840331f?s=96&d=mm&r=g","caption":"libna"}}]}},"_links":{"self":[{"href":"https:\/\/interamerica.org\/fr\/wp-json\/wp\/v2\/posts\/83050","targetHints":{"allow":["GET"]}}],"collection":[{"href":"https:\/\/interamerica.org\/fr\/wp-json\/wp\/v2\/posts"}],"about":[{"href":"https:\/\/interamerica.org\/fr\/wp-json\/wp\/v2\/types\/post"}],"author":[{"embeddable":true,"href":"https:\/\/interamerica.org\/fr\/wp-json\/wp\/v2\/users\/3"}],"replies":[{"embeddable":true,"href":"https:\/\/interamerica.org\/fr\/wp-json\/wp\/v2\/comments?post=83050"}],"version-history":[{"count":0,"href":"https:\/\/interamerica.org\/fr\/wp-json\/wp\/v2\/posts\/83050\/revisions"}],"wp:featuredmedia":[{"embeddable":true,"href":"https:\/\/interamerica.org\/fr\/wp-json\/wp\/v2\/media\/82987"}],"wp:attachment":[{"href":"https:\/\/interamerica.org\/fr\/wp-json\/wp\/v2\/media?parent=83050"}],"wp:term":[{"taxonomy":"category","embeddable":true,"href":"https:\/\/interamerica.org\/fr\/wp-json\/wp\/v2\/categories?post=83050"},{"taxonomy":"post_tag","embeddable":true,"href":"https:\/\/interamerica.org\/fr\/wp-json\/wp\/v2\/tags?post=83050"}],"curies":[{"name":"wp","href":"https:\/\/api.w.org\/{rel}","templated":true}]}}