{"id":83103,"date":"2022-03-30T20:02:42","date_gmt":"2022-03-31T00:02:42","guid":{"rendered":"https:\/\/recursing-golick.147-182-135-0.plesk.page\/?p=83103"},"modified":"2022-03-31T11:15:38","modified_gmt":"2022-03-31T15:15:38","slug":"linter-amerique-organisera-un-symposium-virtuel-sur-la-sante-pour-les-professionnels-de-sante","status":"publish","type":"post","link":"https:\/\/interamerica.org\/fr\/2022\/03\/linter-amerique-organisera-un-symposium-virtuel-sur-la-sante-pour-les-professionnels-de-sante\/","title":{"rendered":"L\u2019Inter Am\u00e9rique organisera un symposium virtuel sur la sant\u00e9 pour les professionnels de sant\u00e9"},"content":{"rendered":"<p>30 Mars 2022 | Miami, Floride, \u00c9tats-Unis | Libna Stevens, Actualit\u00e9s de la Division Inter Am\u00e9ricaine<\/p>\n<p>Un symposium virtuel sp\u00e9cial sur la sant\u00e9 devrait attirer des centaines de professionnels de sant\u00e9 de tous les \u00e9tablissements de sant\u00e9 et cliniques de l\u2019\u00c9glise adventiste du septi\u00e8me jour les 7 et 8 avril 2022. Le programme est le premier symposium sur la sant\u00e9 \u00e0 l\u2019\u00e9chelle du territoire destin\u00e9 aux professionnels de sant\u00e9 et aux travailleurs du domaine de la sant\u00e9 dans les 14 h\u00f4pitaux et les 21 cliniques adventistes.<\/p>\n<p>\u00ab Nous devons nous assurer que tous les professionnels de sant\u00e9 et leurs coll\u00e8gues qui sont employ\u00e9s dans nos \u00e9tablissements de sant\u00e9 adventistes comprennent la philosophie, l\u2019histoire, les r\u00e9alisations et les sp\u00e9cificit\u00e9s du minist\u00e8re de la sant\u00e9 int\u00e9grale adventiste, \u00bb a d\u00e9clar\u00e9 Dr Franck G\u00e9n\u00e9us, MD, directeur des minist\u00e8res de la sant\u00e9 pour l\u2019\u00c9glise adventiste en Inter Am\u00e9rique et principal organisateur du programme.<\/p>\n<p>Il est important de maintenir la culture de la promotion de la sant\u00e9 et du bien-\u00eatre sur une base syst\u00e9matique en tant qu\u2019\u00e9l\u00e9ment essentiel de nos croyances en tant qu\u2019adventistes du septi\u00e8me jour dans la poursuite de la mission de gu\u00e9rison et de compassion commenc\u00e9e par J\u00e9sus-Christ sur terre il y a 2 000 ans, a d\u00e9clar\u00e9 Dr G\u00e9n\u00e9us. Le programme n\u2019est pas seulement destin\u00e9 aux plus de 2500 professionnels de sant\u00e9 et aux travailleurs des h\u00f4pitaux et des cliniques, mais \u00e9galement aux professionnels de sant\u00e9 adventistes qui travaillent en dehors de l\u2019organisation de l\u2019\u00e9glise et \u00e0 leurs coll\u00e8gues.<\/p>\n<p><div id=\"attachment_83073\" style=\"width: 611px\" class=\"wp-caption aligncenter\"><img fetchpriority=\"high\" decoding=\"async\" aria-describedby=\"caption-attachment-83073\" class=\" wp-image-83073\" src=\"https:\/\/recursing-golick.147-182-135-0.plesk.page\/wp-content\/uploads\/2022\/03\/health-symposium-2022-eng.jpg\" alt=\"\" width=\"601\" height=\"850\" srcset=\"https:\/\/interamerica.org\/wp-content\/uploads\/2022\/03\/health-symposium-2022-eng.jpg 700w, https:\/\/interamerica.org\/wp-content\/uploads\/2022\/03\/health-symposium-2022-eng-212x300.jpg 212w\" sizes=\"(max-width: 601px) 100vw, 601px\" \/><p id=\"caption-attachment-83073\" class=\"wp-caption-text\">[Image: Keila Trejo\/DIA]<\/p><\/div>\u00ab En tant que professionnels de sant\u00e9, nous devons traduire notre foi en actes alors que nous offrons des services de sant\u00e9 aux personnes et aux coll\u00e8gues avec qui nous entrons en contact dans notre vie quotidienne, \u00bb a d\u00e9clar\u00e9 Dr G\u00e9n\u00e9us. \u00ab Nous devons tous comprendre le message sur la sant\u00e9, ses avantages et les preuves scientifiques qui soutiennent l\u2019approche holistique que nous mettons en pratique, c\u2019est essentiel pour nous assurer que nous sommes sur la m\u00eame longueur d\u2019onde. \u00bb<\/p>\n<p>Avec pour th\u00e8me \u00ab Accomplir la Mission de Dieu \u00e0 Travers le Minist\u00e8re de la Sant\u00e9 Int\u00e9grale, \u00bb le symposium plongera dans les d\u00e9buts du minist\u00e8re de la sant\u00e9 de l\u2019\u00e9glise, vieux de plus de 150 ans, passera en revue le r\u00e9seau des institutions adventistes en Inter Am\u00e9rique et dans le monde, se concentrera sur l\u2019accomplissement de la mission de Dieu par le biais du minist\u00e8re de la sant\u00e9, indiquera les principes directeurs et les valeurs cl\u00e9s du service de sant\u00e9 adventiste, proposera une session de questions-r\u00e9ponses, et plus encore.<\/p>\n<p>Parmi les principaux intervenants figurent Dr Peter Landless, MD, directeur des minist\u00e8res de la sant\u00e9 pour l\u2019\u00c9glise adventiste mondiale, Dr Richard Hart, MD, pr\u00e9sident de l\u2019Universit\u00e9 de Loma Linda, Lowell Cooper, ancien vice-pr\u00e9sident g\u00e9n\u00e9ral de l\u2019\u00c9glise adventiste mondiale, Dr Elie Honor\u00e9, MD, ancien pr\u00e9sident des Services de Sant\u00e9 Adventistes en Inter-Am\u00e9rique, Dr Franck G\u00e9n\u00e9us, entre autres.<\/p>\n<p>Le programme sera disponible en ligne en anglais, en espagnol et en fran\u00e7ais.<\/p>\n<p>Pour voir le Symposium Virtuel de l\u2019Inter Am\u00e9rique sur la Sant\u00e9 pour les Professionnels de Sant\u00e9, les 7 et 8 avril 2022, de 19h00 \u00e0 21h00, heure de Miami, rendez-vous sur la page <a href=\"https:\/\/www.youtube.com\/c\/InterAmericanDivision\">webcast.interamerica.org<\/a><\/p>\n<p>Traduction: Patrick Luciathe<\/p>\n","protected":false},"excerpt":{"rendered":"<p>30 Mars 2022 | Miami, Floride, \u00c9tats-Unis | Libna Stevens, Actualit\u00e9s de la Division Inter Am\u00e9ricaine Un symposium virtuel sp\u00e9cial sur la sant\u00e9 devrait attirer des centaines de professionnels de&#8230;<\/p>\n","protected":false},"author":3,"featured_media":83080,"comment_status":"closed","ping_status":"closed","sticky":false,"template":"","format":"standard","meta":{"_acf_changed":false,"footnotes":""},"categories":[20,19],"tags":[],"class_list":["post-83103","post","type-post","status-publish","format-standard","has-post-thumbnail","hentry","category-nouvelles-du-siege-de-la-division","category-rss-francais"],"acf":[],"yoast_head":"<!-- This site is optimized with the Yoast SEO plugin v27.3 - https:\/\/yoast.com\/product\/yoast-seo-wordpress\/ -->\n<title>L\u2019Inter Am\u00e9rique organisera un symposium virtuel sur la sant\u00e9 pour les professionnels de sant\u00e9 - \u00c9glise Adventiste Du Septieme Jour - Inter Am\u00e9rique Division<\/title>\n<meta name=\"robots\" content=\"index, follow, max-snippet:-1, max-image-preview:large, max-video-preview:-1\" \/>\n<link rel=\"canonical\" href=\"https:\/\/interamerica.org\/fr\/2022\/03\/linter-amerique-organisera-un-symposium-virtuel-sur-la-sante-pour-les-professionnels-de-sante\/\" \/>\n<meta property=\"og:locale\" content=\"fr_FR\" \/>\n<meta property=\"og:type\" content=\"article\" \/>\n<meta property=\"og:title\" content=\"L\u2019Inter Am\u00e9rique organisera un symposium virtuel sur la sant\u00e9 pour les professionnels de sant\u00e9 - \u00c9glise Adventiste Du Septieme Jour - Inter Am\u00e9rique Division\" \/>\n<meta property=\"og:description\" content=\"30 Mars 2022 | Miami, Floride, \u00c9tats-Unis | Libna Stevens, Actualit\u00e9s de la Division Inter Am\u00e9ricaine Un symposium virtuel sp\u00e9cial sur la sant\u00e9 devrait attirer des centaines de professionnels de...\" \/>\n<meta property=\"og:url\" content=\"https:\/\/interamerica.org\/fr\/2022\/03\/linter-amerique-organisera-un-symposium-virtuel-sur-la-sante-pour-les-professionnels-de-sante\/\" \/>\n<meta property=\"og:site_name\" content=\"\u00c9glise Adventiste Du Septieme Jour - Inter Am\u00e9rique Division\" \/>\n<meta property=\"article:published_time\" content=\"2022-03-31T00:02:42+00:00\" \/>\n<meta property=\"article:modified_time\" content=\"2022-03-31T15:15:38+00:00\" \/>\n<meta property=\"og:image\" content=\"https:\/\/interamerica.org\/wp-content\/uploads\/2022\/03\/virtual-health-symposium-for-healthcare-professionals-youtube-thumbnail-presentation-1280-1.jpg\" \/>\n\t<meta property=\"og:image:width\" content=\"1280\" \/>\n\t<meta property=\"og:image:height\" content=\"800\" \/>\n\t<meta property=\"og:image:type\" content=\"image\/jpeg\" \/>\n<meta name=\"author\" content=\"libna\" \/>\n<meta name=\"twitter:card\" content=\"summary_large_image\" \/>\n<meta name=\"twitter:label1\" content=\"\u00c9crit par\" \/>\n\t<meta name=\"twitter:data1\" content=\"libna\" \/>\n\t<meta name=\"twitter:label2\" content=\"Dur\u00e9e de lecture estim\u00e9e\" \/>\n\t<meta name=\"twitter:data2\" content=\"3 minutes\" \/>\n<script type=\"application\/ld+json\" class=\"yoast-schema-graph\">{\"@context\":\"https:\\\/\\\/schema.org\",\"@graph\":[{\"@type\":\"Article\",\"@id\":\"https:\\\/\\\/interamerica.org\\\/fr\\\/2022\\\/03\\\/linter-amerique-organisera-un-symposium-virtuel-sur-la-sante-pour-les-professionnels-de-sante\\\/#article\",\"isPartOf\":{\"@id\":\"https:\\\/\\\/interamerica.org\\\/fr\\\/2022\\\/03\\\/linter-amerique-organisera-un-symposium-virtuel-sur-la-sante-pour-les-professionnels-de-sante\\\/\"},\"author\":{\"name\":\"libna\",\"@id\":\"https:\\\/\\\/interamerica.org\\\/fr\\\/#\\\/schema\\\/person\\\/29998f2bc2d8bd0d38662909289b54f1\"},\"headline\":\"L\u2019Inter Am\u00e9rique organisera un symposium virtuel sur la sant\u00e9 pour les professionnels de sant\u00e9\",\"datePublished\":\"2022-03-31T00:02:42+00:00\",\"dateModified\":\"2022-03-31T15:15:38+00:00\",\"mainEntityOfPage\":{\"@id\":\"https:\\\/\\\/interamerica.org\\\/fr\\\/2022\\\/03\\\/linter-amerique-organisera-un-symposium-virtuel-sur-la-sante-pour-les-professionnels-de-sante\\\/\"},\"wordCount\":599,\"image\":{\"@id\":\"https:\\\/\\\/interamerica.org\\\/fr\\\/2022\\\/03\\\/linter-amerique-organisera-un-symposium-virtuel-sur-la-sante-pour-les-professionnels-de-sante\\\/#primaryimage\"},\"thumbnailUrl\":\"https:\\\/\\\/interamerica.org\\\/wp-content\\\/uploads\\\/2022\\\/03\\\/virtual-health-symposium-for-healthcare-professionals-youtube-thumbnail-presentation-1280-1.jpg\",\"articleSection\":[\"Nouvelles du si\u00e8ge de la division\",\"RSS Fran\u00e7ais\"],\"inLanguage\":\"fr-FR\"},{\"@type\":\"WebPage\",\"@id\":\"https:\\\/\\\/interamerica.org\\\/fr\\\/2022\\\/03\\\/linter-amerique-organisera-un-symposium-virtuel-sur-la-sante-pour-les-professionnels-de-sante\\\/\",\"url\":\"https:\\\/\\\/interamerica.org\\\/fr\\\/2022\\\/03\\\/linter-amerique-organisera-un-symposium-virtuel-sur-la-sante-pour-les-professionnels-de-sante\\\/\",\"name\":\"L\u2019Inter Am\u00e9rique organisera un symposium virtuel sur la sant\u00e9 pour les professionnels de sant\u00e9 - \u00c9glise Adventiste Du Septieme Jour - Inter Am\u00e9rique Division\",\"isPartOf\":{\"@id\":\"https:\\\/\\\/interamerica.org\\\/fr\\\/#website\"},\"primaryImageOfPage\":{\"@id\":\"https:\\\/\\\/interamerica.org\\\/fr\\\/2022\\\/03\\\/linter-amerique-organisera-un-symposium-virtuel-sur-la-sante-pour-les-professionnels-de-sante\\\/#primaryimage\"},\"image\":{\"@id\":\"https:\\\/\\\/interamerica.org\\\/fr\\\/2022\\\/03\\\/linter-amerique-organisera-un-symposium-virtuel-sur-la-sante-pour-les-professionnels-de-sante\\\/#primaryimage\"},\"thumbnailUrl\":\"https:\\\/\\\/interamerica.org\\\/wp-content\\\/uploads\\\/2022\\\/03\\\/virtual-health-symposium-for-healthcare-professionals-youtube-thumbnail-presentation-1280-1.jpg\",\"datePublished\":\"2022-03-31T00:02:42+00:00\",\"dateModified\":\"2022-03-31T15:15:38+00:00\",\"author\":{\"@id\":\"https:\\\/\\\/interamerica.org\\\/fr\\\/#\\\/schema\\\/person\\\/29998f2bc2d8bd0d38662909289b54f1\"},\"breadcrumb\":{\"@id\":\"https:\\\/\\\/interamerica.org\\\/fr\\\/2022\\\/03\\\/linter-amerique-organisera-un-symposium-virtuel-sur-la-sante-pour-les-professionnels-de-sante\\\/#breadcrumb\"},\"inLanguage\":\"fr-FR\",\"potentialAction\":[{\"@type\":\"ReadAction\",\"target\":[\"https:\\\/\\\/interamerica.org\\\/fr\\\/2022\\\/03\\\/linter-amerique-organisera-un-symposium-virtuel-sur-la-sante-pour-les-professionnels-de-sante\\\/\"]}]},{\"@type\":\"ImageObject\",\"inLanguage\":\"fr-FR\",\"@id\":\"https:\\\/\\\/interamerica.org\\\/fr\\\/2022\\\/03\\\/linter-amerique-organisera-un-symposium-virtuel-sur-la-sante-pour-les-professionnels-de-sante\\\/#primaryimage\",\"url\":\"https:\\\/\\\/interamerica.org\\\/wp-content\\\/uploads\\\/2022\\\/03\\\/virtual-health-symposium-for-healthcare-professionals-youtube-thumbnail-presentation-1280-1.jpg\",\"contentUrl\":\"https:\\\/\\\/interamerica.org\\\/wp-content\\\/uploads\\\/2022\\\/03\\\/virtual-health-symposium-for-healthcare-professionals-youtube-thumbnail-presentation-1280-1.jpg\",\"width\":1280,\"height\":800},{\"@type\":\"BreadcrumbList\",\"@id\":\"https:\\\/\\\/interamerica.org\\\/fr\\\/2022\\\/03\\\/linter-amerique-organisera-un-symposium-virtuel-sur-la-sante-pour-les-professionnels-de-sante\\\/#breadcrumb\",\"itemListElement\":[{\"@type\":\"ListItem\",\"position\":1,\"name\":\"Home\",\"item\":\"https:\\\/\\\/interamerica.org\\\/fr\\\/\"},{\"@type\":\"ListItem\",\"position\":2,\"name\":\"L\u2019Inter Am\u00e9rique organisera un symposium virtuel sur la sant\u00e9 pour les professionnels de sant\u00e9\"}]},{\"@type\":\"WebSite\",\"@id\":\"https:\\\/\\\/interamerica.org\\\/fr\\\/#website\",\"url\":\"https:\\\/\\\/interamerica.org\\\/fr\\\/\",\"name\":\"\u00c9glise Adventiste Du Septieme Jour - Inter Am\u00e9rique Division\",\"description\":\"\",\"potentialAction\":[{\"@type\":\"SearchAction\",\"target\":{\"@type\":\"EntryPoint\",\"urlTemplate\":\"https:\\\/\\\/interamerica.org\\\/fr\\\/?s={search_term_string}\"},\"query-input\":{\"@type\":\"PropertyValueSpecification\",\"valueRequired\":true,\"valueName\":\"search_term_string\"}}],\"inLanguage\":\"fr-FR\"},{\"@type\":\"Person\",\"@id\":\"https:\\\/\\\/interamerica.org\\\/fr\\\/#\\\/schema\\\/person\\\/29998f2bc2d8bd0d38662909289b54f1\",\"name\":\"libna\",\"image\":{\"@type\":\"ImageObject\",\"inLanguage\":\"fr-FR\",\"@id\":\"https:\\\/\\\/secure.gravatar.com\\\/avatar\\\/7c5bd30ae4b47a9ba3c856590957fd1d96dc588bf3ac05719d247e126840331f?s=96&d=mm&r=g\",\"url\":\"https:\\\/\\\/secure.gravatar.com\\\/avatar\\\/7c5bd30ae4b47a9ba3c856590957fd1d96dc588bf3ac05719d247e126840331f?s=96&d=mm&r=g\",\"contentUrl\":\"https:\\\/\\\/secure.gravatar.com\\\/avatar\\\/7c5bd30ae4b47a9ba3c856590957fd1d96dc588bf3ac05719d247e126840331f?s=96&d=mm&r=g\",\"caption\":\"libna\"}}]}<\/script>\n<!-- \/ Yoast SEO plugin. -->","yoast_head_json":{"title":"L\u2019Inter Am\u00e9rique organisera un symposium virtuel sur la sant\u00e9 pour les professionnels de sant\u00e9 - \u00c9glise Adventiste Du Septieme Jour - Inter Am\u00e9rique Division","robots":{"index":"index","follow":"follow","max-snippet":"max-snippet:-1","max-image-preview":"max-image-preview:large","max-video-preview":"max-video-preview:-1"},"canonical":"https:\/\/interamerica.org\/fr\/2022\/03\/linter-amerique-organisera-un-symposium-virtuel-sur-la-sante-pour-les-professionnels-de-sante\/","og_locale":"fr_FR","og_type":"article","og_title":"L\u2019Inter Am\u00e9rique organisera un symposium virtuel sur la sant\u00e9 pour les professionnels de sant\u00e9 - \u00c9glise Adventiste Du Septieme Jour - Inter Am\u00e9rique Division","og_description":"30 Mars 2022 | Miami, Floride, \u00c9tats-Unis | Libna Stevens, Actualit\u00e9s de la Division Inter Am\u00e9ricaine Un symposium virtuel sp\u00e9cial sur la sant\u00e9 devrait attirer des centaines de professionnels de...","og_url":"https:\/\/interamerica.org\/fr\/2022\/03\/linter-amerique-organisera-un-symposium-virtuel-sur-la-sante-pour-les-professionnels-de-sante\/","og_site_name":"\u00c9glise Adventiste Du Septieme Jour - Inter Am\u00e9rique Division","article_published_time":"2022-03-31T00:02:42+00:00","article_modified_time":"2022-03-31T15:15:38+00:00","og_image":[{"width":1280,"height":800,"url":"https:\/\/interamerica.org\/wp-content\/uploads\/2022\/03\/virtual-health-symposium-for-healthcare-professionals-youtube-thumbnail-presentation-1280-1.jpg","type":"image\/jpeg"}],"author":"libna","twitter_card":"summary_large_image","twitter_misc":{"\u00c9crit par":"libna","Dur\u00e9e de lecture estim\u00e9e":"3 minutes"},"schema":{"@context":"https:\/\/schema.org","@graph":[{"@type":"Article","@id":"https:\/\/interamerica.org\/fr\/2022\/03\/linter-amerique-organisera-un-symposium-virtuel-sur-la-sante-pour-les-professionnels-de-sante\/#article","isPartOf":{"@id":"https:\/\/interamerica.org\/fr\/2022\/03\/linter-amerique-organisera-un-symposium-virtuel-sur-la-sante-pour-les-professionnels-de-sante\/"},"author":{"name":"libna","@id":"https:\/\/interamerica.org\/fr\/#\/schema\/person\/29998f2bc2d8bd0d38662909289b54f1"},"headline":"L\u2019Inter Am\u00e9rique organisera un symposium virtuel sur la sant\u00e9 pour les professionnels de sant\u00e9","datePublished":"2022-03-31T00:02:42+00:00","dateModified":"2022-03-31T15:15:38+00:00","mainEntityOfPage":{"@id":"https:\/\/interamerica.org\/fr\/2022\/03\/linter-amerique-organisera-un-symposium-virtuel-sur-la-sante-pour-les-professionnels-de-sante\/"},"wordCount":599,"image":{"@id":"https:\/\/interamerica.org\/fr\/2022\/03\/linter-amerique-organisera-un-symposium-virtuel-sur-la-sante-pour-les-professionnels-de-sante\/#primaryimage"},"thumbnailUrl":"https:\/\/interamerica.org\/wp-content\/uploads\/2022\/03\/virtual-health-symposium-for-healthcare-professionals-youtube-thumbnail-presentation-1280-1.jpg","articleSection":["Nouvelles du si\u00e8ge de la division","RSS Fran\u00e7ais"],"inLanguage":"fr-FR"},{"@type":"WebPage","@id":"https:\/\/interamerica.org\/fr\/2022\/03\/linter-amerique-organisera-un-symposium-virtuel-sur-la-sante-pour-les-professionnels-de-sante\/","url":"https:\/\/interamerica.org\/fr\/2022\/03\/linter-amerique-organisera-un-symposium-virtuel-sur-la-sante-pour-les-professionnels-de-sante\/","name":"L\u2019Inter Am\u00e9rique organisera un symposium virtuel sur la sant\u00e9 pour les professionnels de sant\u00e9 - \u00c9glise Adventiste Du Septieme Jour - Inter Am\u00e9rique Division","isPartOf":{"@id":"https:\/\/interamerica.org\/fr\/#website"},"primaryImageOfPage":{"@id":"https:\/\/interamerica.org\/fr\/2022\/03\/linter-amerique-organisera-un-symposium-virtuel-sur-la-sante-pour-les-professionnels-de-sante\/#primaryimage"},"image":{"@id":"https:\/\/interamerica.org\/fr\/2022\/03\/linter-amerique-organisera-un-symposium-virtuel-sur-la-sante-pour-les-professionnels-de-sante\/#primaryimage"},"thumbnailUrl":"https:\/\/interamerica.org\/wp-content\/uploads\/2022\/03\/virtual-health-symposium-for-healthcare-professionals-youtube-thumbnail-presentation-1280-1.jpg","datePublished":"2022-03-31T00:02:42+00:00","dateModified":"2022-03-31T15:15:38+00:00","author":{"@id":"https:\/\/interamerica.org\/fr\/#\/schema\/person\/29998f2bc2d8bd0d38662909289b54f1"},"breadcrumb":{"@id":"https:\/\/interamerica.org\/fr\/2022\/03\/linter-amerique-organisera-un-symposium-virtuel-sur-la-sante-pour-les-professionnels-de-sante\/#breadcrumb"},"inLanguage":"fr-FR","potentialAction":[{"@type":"ReadAction","target":["https:\/\/interamerica.org\/fr\/2022\/03\/linter-amerique-organisera-un-symposium-virtuel-sur-la-sante-pour-les-professionnels-de-sante\/"]}]},{"@type":"ImageObject","inLanguage":"fr-FR","@id":"https:\/\/interamerica.org\/fr\/2022\/03\/linter-amerique-organisera-un-symposium-virtuel-sur-la-sante-pour-les-professionnels-de-sante\/#primaryimage","url":"https:\/\/interamerica.org\/wp-content\/uploads\/2022\/03\/virtual-health-symposium-for-healthcare-professionals-youtube-thumbnail-presentation-1280-1.jpg","contentUrl":"https:\/\/interamerica.org\/wp-content\/uploads\/2022\/03\/virtual-health-symposium-for-healthcare-professionals-youtube-thumbnail-presentation-1280-1.jpg","width":1280,"height":800},{"@type":"BreadcrumbList","@id":"https:\/\/interamerica.org\/fr\/2022\/03\/linter-amerique-organisera-un-symposium-virtuel-sur-la-sante-pour-les-professionnels-de-sante\/#breadcrumb","itemListElement":[{"@type":"ListItem","position":1,"name":"Home","item":"https:\/\/interamerica.org\/fr\/"},{"@type":"ListItem","position":2,"name":"L\u2019Inter Am\u00e9rique organisera un symposium virtuel sur la sant\u00e9 pour les professionnels de sant\u00e9"}]},{"@type":"WebSite","@id":"https:\/\/interamerica.org\/fr\/#website","url":"https:\/\/interamerica.org\/fr\/","name":"\u00c9glise Adventiste Du Septieme Jour - Inter Am\u00e9rique Division","description":"","potentialAction":[{"@type":"SearchAction","target":{"@type":"EntryPoint","urlTemplate":"https:\/\/interamerica.org\/fr\/?s={search_term_string}"},"query-input":{"@type":"PropertyValueSpecification","valueRequired":true,"valueName":"search_term_string"}}],"inLanguage":"fr-FR"},{"@type":"Person","@id":"https:\/\/interamerica.org\/fr\/#\/schema\/person\/29998f2bc2d8bd0d38662909289b54f1","name":"libna","image":{"@type":"ImageObject","inLanguage":"fr-FR","@id":"https:\/\/secure.gravatar.com\/avatar\/7c5bd30ae4b47a9ba3c856590957fd1d96dc588bf3ac05719d247e126840331f?s=96&d=mm&r=g","url":"https:\/\/secure.gravatar.com\/avatar\/7c5bd30ae4b47a9ba3c856590957fd1d96dc588bf3ac05719d247e126840331f?s=96&d=mm&r=g","contentUrl":"https:\/\/secure.gravatar.com\/avatar\/7c5bd30ae4b47a9ba3c856590957fd1d96dc588bf3ac05719d247e126840331f?s=96&d=mm&r=g","caption":"libna"}}]}},"_links":{"self":[{"href":"https:\/\/interamerica.org\/fr\/wp-json\/wp\/v2\/posts\/83103","targetHints":{"allow":["GET"]}}],"collection":[{"href":"https:\/\/interamerica.org\/fr\/wp-json\/wp\/v2\/posts"}],"about":[{"href":"https:\/\/interamerica.org\/fr\/wp-json\/wp\/v2\/types\/post"}],"author":[{"embeddable":true,"href":"https:\/\/interamerica.org\/fr\/wp-json\/wp\/v2\/users\/3"}],"replies":[{"embeddable":true,"href":"https:\/\/interamerica.org\/fr\/wp-json\/wp\/v2\/comments?post=83103"}],"version-history":[{"count":0,"href":"https:\/\/interamerica.org\/fr\/wp-json\/wp\/v2\/posts\/83103\/revisions"}],"wp:featuredmedia":[{"embeddable":true,"href":"https:\/\/interamerica.org\/fr\/wp-json\/wp\/v2\/media\/83080"}],"wp:attachment":[{"href":"https:\/\/interamerica.org\/fr\/wp-json\/wp\/v2\/media?parent=83103"}],"wp:term":[{"taxonomy":"category","embeddable":true,"href":"https:\/\/interamerica.org\/fr\/wp-json\/wp\/v2\/categories?post=83103"},{"taxonomy":"post_tag","embeddable":true,"href":"https:\/\/interamerica.org\/fr\/wp-json\/wp\/v2\/tags?post=83103"}],"curies":[{"name":"wp","href":"https:\/\/api.w.org\/{rel}","templated":true}]}}