{"id":83111,"date":"2022-03-30T10:38:06","date_gmt":"2022-03-30T14:38:06","guid":{"rendered":"https:\/\/recursing-golick.147-182-135-0.plesk.page\/?p=83111"},"modified":"2022-03-31T13:02:42","modified_gmt":"2022-03-31T17:02:42","slug":"quand-quelquun-dit-quil-a-mal-je-le-comprends","status":"publish","type":"post","link":"https:\/\/interamerica.org\/fr\/2022\/03\/quand-quelquun-dit-quil-a-mal-je-le-comprends\/","title":{"rendered":"\u00ab Quand quelqu\u2019un dit qu\u2019il a mal, je le comprends \u00bb"},"content":{"rendered":"<h4>AdventHealth aide une immigrante ha\u00eftienne aux \u00c9tats-Unis \u00e0 r\u00e9aliser son r\u00eave de devenir infirmi\u00e8re.<\/h4>\n<p>Le 30 mars 2022 | Floride, \u00c9tats-Unis | Actualit\u00e9s d\u2019AdventHealth<\/p>\n<p>Gladys Franck, infirmi\u00e8re chez AdventHealth Celebration, est la preuve vivante que l\u2019\u00e9ducation peut ouvrir des portes et cr\u00e9er un effet d\u2019entra\u00eenement qui peut transformer des vies.<\/p>\n<p>Apr\u00e8s avoir immigr\u00e9 aux \u00c9tats-Unis d\u2019Ha\u00efti, M<sup>me<\/sup>\u00a0Franck devait tout recommencer sur le plan professionnel et b\u00e2tir une nouvelle vie pour elle et ses deux enfants. R\u00eavant de travailler dans le domaine de la sant\u00e9, elle a entam\u00e9 une carri\u00e8re chez AdventHealth gr\u00e2ce au programme d\u2019aide financi\u00e8re aux \u00e9tudes, qui lui a permis de travailler tout en recevant une formation gratuite pour devenir une infirmi\u00e8re auxiliaire certifi\u00e9e.<\/p>\n<p><div id=\"attachment_83031\" style=\"width: 880px\" class=\"wp-caption aligncenter\"><img fetchpriority=\"high\" decoding=\"async\" aria-describedby=\"caption-attachment-83031\" class=\" wp-image-83031\" src=\"https:\/\/recursing-golick.147-182-135-0.plesk.page\/wp-content\/uploads\/2022\/03\/gladys-study-3-1024x711.jpeg\" alt=\"\" width=\"870\" height=\"604\" srcset=\"https:\/\/interamerica.org\/wp-content\/uploads\/2022\/03\/gladys-study-3-1024x711.jpeg 1024w, https:\/\/interamerica.org\/wp-content\/uploads\/2022\/03\/gladys-study-3-300x208.jpeg 300w, https:\/\/interamerica.org\/wp-content\/uploads\/2022\/03\/gladys-study-3-768x533.jpeg 768w, https:\/\/interamerica.org\/wp-content\/uploads\/2022\/03\/gladys-study-3-1536x1067.jpeg 1536w, https:\/\/interamerica.org\/wp-content\/uploads\/2022\/03\/gladys-study-3.jpeg 1600w\" sizes=\"(max-width: 870px) 100vw, 870px\" \/><p id=\"caption-attachment-83031\" class=\"wp-caption-text\">\u00ab Je veux toujours apprendre, a dit Gladys Franck. Et je veux am\u00e9liorer mon sort par tous les moyens que je peux trouver. \u00bb [Une photo des actualit\u00e9s d\u2019AdventHealth.]<\/p><\/div>Pour aider plus de personnes comme M<sup>me<\/sup>\u00a0Franck, AdventHealth est en train de bonifier son offre afin d\u2019attirer, de retenir et d\u2019embaucher de nouveaux professionnels par une aide financi\u00e8re aux \u00e9tudes qui facilite la croissance des membres de l\u2019\u00e9quipe dans leur carri\u00e8re et le perfectionnement de leurs talents.<\/p>\n<p>Comme sa soif d\u2019apprendre n\u2019\u00e9tait pas \u00e9tanch\u00e9e et qu\u2019elle r\u00eavait toujours de devenir infirmi\u00e8re, elle s\u2019est ensuite inscrite pour l\u2019obtention d\u2019un grade d\u2019associ\u00e9 en soins infirmiers et vit maintenant son r\u00eave d\u2019\u00eatre infirmi\u00e8re. Les difficult\u00e9s qu\u2019elle a d\u00fb surmonter comme immigrante ha\u00eftienne, a-t-elle expliqu\u00e9, inspirent maintenant sa mani\u00e8re de prendre soin de ses propres patients.<\/p>\n<p>\u00ab\u00a0Des difficult\u00e9s, j\u2019en ai v\u00e9cues. Je sais ce que c\u2019est. J\u2019ai souffert. Je connais la souffrance. Quand quelqu\u2019un dit qu\u2019il a mal, je le comprends, a-t-elle dit. Mon combat est ce qui m\u2019inspire \u00e0 prendre soin des autres et \u00e0 tenter de comprendre comment ils se sentent en me mettant \u00e0 leur place. Cette empathie guide la fa\u00e7on dont je dois r\u00e9pondre \u00e0 leurs besoins.\u00a0\u00bb<\/p>\n<p><div id=\"attachment_83034\" style=\"width: 842px\" class=\"wp-caption aligncenter\"><img decoding=\"async\" aria-describedby=\"caption-attachment-83034\" class=\" wp-image-83034\" src=\"https:\/\/recursing-golick.147-182-135-0.plesk.page\/wp-content\/uploads\/2022\/03\/gladys-ah-pride-2-1024x797.jpeg\" alt=\"\" width=\"832\" height=\"648\" srcset=\"https:\/\/interamerica.org\/wp-content\/uploads\/2022\/03\/gladys-ah-pride-2-1024x797.jpeg 1024w, https:\/\/interamerica.org\/wp-content\/uploads\/2022\/03\/gladys-ah-pride-2-300x233.jpeg 300w, https:\/\/interamerica.org\/wp-content\/uploads\/2022\/03\/gladys-ah-pride-2-768x598.jpeg 768w, https:\/\/interamerica.org\/wp-content\/uploads\/2022\/03\/gladys-ah-pride-2-1536x1195.jpeg 1536w, https:\/\/interamerica.org\/wp-content\/uploads\/2022\/03\/gladys-ah-pride-2.jpeg 1600w\" sizes=\"(max-width: 832px) 100vw, 832px\" \/><p id=\"caption-attachment-83034\" class=\"wp-caption-text\">\u00ab Gr\u00e2ce \u00e0 AdventHealth, je n\u2019ai aucune dette\u00a0\u00bb, a dit Gladys Franck. [Une photo des actualit\u00e9s d\u2019AdventHealth.]<\/p><\/div>Gr\u00e2ce \u00e0 l\u2019offre d\u2019aide aux \u00e9tudes d\u2019AdventHealth, tous les frais de scolarit\u00e9 de M<sup>me<\/sup>\u00a0Franck jusqu\u2019\u00e0 l\u2019obtention de son dipl\u00f4me en soins infirmiers ont \u00e9t\u00e9 pay\u00e9s par l\u2019organisation. Elle n\u2019a donc aucune dette \u00e9tudiante.<\/p>\n<p>\u00ab\u00a0Ne pas avoir le fardeau de payer pour mon \u00e9ducation est un \u00e9norme soulagement. Je connais des gens qui ont des dettes \u00e9tudiantes et qui doivent rembourser leurs pr\u00eats, mais gr\u00e2ce \u00e0 AdventHealth, je n\u2019ai aucune dette.\u00a0\u00bb<\/p>\n<p>Maintenant, apr\u00e8s plus de 14\u00a0ans avec l\u2019organisation, elle compte poursuivre son ascension professionnelle chez AdventHealth et travaille actuellement \u00e0 l\u2019obtention d\u2019un baccalaur\u00e9at en sciences infirmi\u00e8res.<\/p>\n<p>\u00ab\u00a0Je n\u2019abandonne pas. Je compte aller \u00e0 l\u2019\u00e9cole jusqu\u2019\u00e0 ce que je ne puisse plus lire. J\u2019adore \u00e9tudier et apprendre comment mieux aider les gens\u00a0\u00bb, a-t-elle dit.<\/p>\n<p><div id=\"attachment_83037\" style=\"width: 531px\" class=\"wp-caption aligncenter\"><img decoding=\"async\" aria-describedby=\"caption-attachment-83037\" class=\" wp-image-83037\" src=\"https:\/\/recursing-golick.147-182-135-0.plesk.page\/wp-content\/uploads\/2022\/03\/gladys-badge-1-1024x1024-1-1024x1024.jpeg\" alt=\"\" width=\"521\" height=\"521\" srcset=\"https:\/\/interamerica.org\/wp-content\/uploads\/2022\/03\/gladys-badge-1-1024x1024-1.jpeg 1024w, https:\/\/interamerica.org\/wp-content\/uploads\/2022\/03\/gladys-badge-1-1024x1024-1-300x300.jpeg 300w, https:\/\/interamerica.org\/wp-content\/uploads\/2022\/03\/gladys-badge-1-1024x1024-1-150x150.jpeg 150w, https:\/\/interamerica.org\/wp-content\/uploads\/2022\/03\/gladys-badge-1-1024x1024-1-768x768.jpeg 768w\" sizes=\"(max-width: 521px) 100vw, 521px\" \/><p id=\"caption-attachment-83037\" class=\"wp-caption-text\">Sur le badge de Gladys Franck, il est \u00e9crit \u00ab Vous comptez pour moi comme mes enfants Roggy et Jade. \u00bb [Une photo des actualit\u00e9s d\u2019AdventHealth.]<\/p><\/div>En plus d\u2019offrir un remboursement des frais de scolarit\u00e9 et une aide financi\u00e8re aux \u00e9tudes dans le but d\u2019\u00e9liminer les dettes, AdventHealth offre \u00e9galement aux membres de son \u00e9quipe des conseils relatifs aux pr\u00eats \u00e9tudiants, un soutien de remboursement des pr\u00eats existants et bien d\u2019autres ressources leur permettant de se d\u00e9velopper \u00e0 l\u2019int\u00e9rieur m\u00eame de l\u2019organisation.<\/p>\n<p>Les occasions d\u2019avancement professionnel chez AdventHealth ont encourag\u00e9 Gladys \u00e0 vouloir atteindre son potentiel au travail.<\/p>\n<p>\u00ab\u00a0Je veux toujours apprendre. Quand je suis arriv\u00e9e chez AdventHealth et que je travaillais comme infirmi\u00e8re auxiliaire, je me suis dit, \u201cPourquoi ne pas devenir infirmi\u00e8re?\u201d Je savais que j\u2019en \u00e9tais capable et c\u2019\u00e9tait ma motivation. Je savais que je devais \u00eatre infirmi\u00e8re, a-t-elle dit. Je veux am\u00e9liorer mon sort par tous les moyens que je peux trouver.\u00a0\u00bb<\/p>\n<p>La <a href=\"https:\/\/www.adventhealth.com\/news\/nurse-overcomes-struggles-achieves-dream-becoming-rn-adventhealths-education-assistance\">version originale<\/a> de cet article a \u00e9t\u00e9 publi\u00e9e sur le site d\u2019actualit\u00e9s d\u2019<a href=\"https:\/\/www.adventhealth.com\/\">AdventHealth<\/a>.<\/p>\n<p>Traduction\u00a0: Marie-Mich\u00e8le Robitaille<\/p>\n","protected":false},"excerpt":{"rendered":"<p>AdventHealth aide une immigrante ha\u00eftienne aux \u00c9tats-Unis \u00e0 r\u00e9aliser son r\u00eave de devenir infirmi\u00e8re. Le 30 mars 2022 | Floride, \u00c9tats-Unis | Actualit\u00e9s d\u2019AdventHealth Gladys Franck, infirmi\u00e8re chez AdventHealth Celebration,&#8230;<\/p>\n","protected":false},"author":3,"featured_media":83044,"comment_status":"closed","ping_status":"closed","sticky":false,"template":"","format":"standard","meta":{"_acf_changed":false,"footnotes":""},"categories":[18,19],"tags":[],"class_list":["post-83111","post","type-post","status-publish","format-standard","has-post-thumbnail","hentry","category-nouvelles-de-leglise-mondiale","category-rss-francais"],"acf":[],"yoast_head":"<!-- This site is optimized with the Yoast SEO plugin v27.3 - https:\/\/yoast.com\/product\/yoast-seo-wordpress\/ -->\n<title>\u00ab Quand quelqu\u2019un dit qu\u2019il a mal, je le comprends \u00bb - \u00c9glise Adventiste Du Septieme Jour - Inter Am\u00e9rique Division<\/title>\n<meta name=\"robots\" content=\"index, follow, max-snippet:-1, max-image-preview:large, max-video-preview:-1\" \/>\n<link rel=\"canonical\" href=\"https:\/\/interamerica.org\/fr\/2022\/03\/quand-quelquun-dit-quil-a-mal-je-le-comprends\/\" \/>\n<meta property=\"og:locale\" content=\"fr_FR\" \/>\n<meta property=\"og:type\" content=\"article\" \/>\n<meta property=\"og:title\" content=\"\u00ab Quand quelqu\u2019un dit qu\u2019il a mal, je le comprends \u00bb - \u00c9glise Adventiste Du Septieme Jour - Inter Am\u00e9rique Division\" \/>\n<meta property=\"og:description\" content=\"AdventHealth aide une immigrante ha\u00eftienne aux \u00c9tats-Unis \u00e0 r\u00e9aliser son r\u00eave de devenir infirmi\u00e8re. Le 30 mars 2022 | Floride, \u00c9tats-Unis | Actualit\u00e9s d\u2019AdventHealth Gladys Franck, infirmi\u00e8re chez AdventHealth Celebration,...\" \/>\n<meta property=\"og:url\" content=\"https:\/\/interamerica.org\/fr\/2022\/03\/quand-quelquun-dit-quil-a-mal-je-le-comprends\/\" \/>\n<meta property=\"og:site_name\" content=\"\u00c9glise Adventiste Du Septieme Jour - Inter Am\u00e9rique Division\" \/>\n<meta property=\"article:published_time\" content=\"2022-03-30T14:38:06+00:00\" \/>\n<meta property=\"article:modified_time\" content=\"2022-03-31T17:02:42+00:00\" \/>\n<meta property=\"og:image\" content=\"https:\/\/interamerica.org\/wp-content\/uploads\/2022\/03\/gladys-hero-1-1280.jpg\" \/>\n\t<meta property=\"og:image:width\" content=\"1280\" \/>\n\t<meta property=\"og:image:height\" content=\"800\" \/>\n\t<meta property=\"og:image:type\" content=\"image\/jpeg\" \/>\n<meta name=\"author\" content=\"libna\" \/>\n<meta name=\"twitter:card\" content=\"summary_large_image\" \/>\n<meta name=\"twitter:label1\" content=\"\u00c9crit par\" \/>\n\t<meta name=\"twitter:data1\" content=\"libna\" \/>\n\t<meta name=\"twitter:label2\" content=\"Dur\u00e9e de lecture estim\u00e9e\" \/>\n\t<meta name=\"twitter:data2\" content=\"4 minutes\" \/>\n<script type=\"application\/ld+json\" class=\"yoast-schema-graph\">{\"@context\":\"https:\\\/\\\/schema.org\",\"@graph\":[{\"@type\":\"Article\",\"@id\":\"https:\\\/\\\/interamerica.org\\\/fr\\\/2022\\\/03\\\/quand-quelquun-dit-quil-a-mal-je-le-comprends\\\/#article\",\"isPartOf\":{\"@id\":\"https:\\\/\\\/interamerica.org\\\/fr\\\/2022\\\/03\\\/quand-quelquun-dit-quil-a-mal-je-le-comprends\\\/\"},\"author\":{\"name\":\"libna\",\"@id\":\"https:\\\/\\\/interamerica.org\\\/fr\\\/#\\\/schema\\\/person\\\/29998f2bc2d8bd0d38662909289b54f1\"},\"headline\":\"\u00ab Quand quelqu\u2019un dit qu\u2019il a mal, je le comprends \u00bb\",\"datePublished\":\"2022-03-30T14:38:06+00:00\",\"dateModified\":\"2022-03-31T17:02:42+00:00\",\"mainEntityOfPage\":{\"@id\":\"https:\\\/\\\/interamerica.org\\\/fr\\\/2022\\\/03\\\/quand-quelquun-dit-quil-a-mal-je-le-comprends\\\/\"},\"wordCount\":746,\"image\":{\"@id\":\"https:\\\/\\\/interamerica.org\\\/fr\\\/2022\\\/03\\\/quand-quelquun-dit-quil-a-mal-je-le-comprends\\\/#primaryimage\"},\"thumbnailUrl\":\"https:\\\/\\\/interamerica.org\\\/wp-content\\\/uploads\\\/2022\\\/03\\\/gladys-hero-1-1280.jpg\",\"articleSection\":[\"Nouvelles de l'\u00c9glise mondiale\",\"RSS Fran\u00e7ais\"],\"inLanguage\":\"fr-FR\"},{\"@type\":\"WebPage\",\"@id\":\"https:\\\/\\\/interamerica.org\\\/fr\\\/2022\\\/03\\\/quand-quelquun-dit-quil-a-mal-je-le-comprends\\\/\",\"url\":\"https:\\\/\\\/interamerica.org\\\/fr\\\/2022\\\/03\\\/quand-quelquun-dit-quil-a-mal-je-le-comprends\\\/\",\"name\":\"\u00ab Quand quelqu\u2019un dit qu\u2019il a mal, je le comprends \u00bb - \u00c9glise Adventiste Du Septieme Jour - Inter Am\u00e9rique Division\",\"isPartOf\":{\"@id\":\"https:\\\/\\\/interamerica.org\\\/fr\\\/#website\"},\"primaryImageOfPage\":{\"@id\":\"https:\\\/\\\/interamerica.org\\\/fr\\\/2022\\\/03\\\/quand-quelquun-dit-quil-a-mal-je-le-comprends\\\/#primaryimage\"},\"image\":{\"@id\":\"https:\\\/\\\/interamerica.org\\\/fr\\\/2022\\\/03\\\/quand-quelquun-dit-quil-a-mal-je-le-comprends\\\/#primaryimage\"},\"thumbnailUrl\":\"https:\\\/\\\/interamerica.org\\\/wp-content\\\/uploads\\\/2022\\\/03\\\/gladys-hero-1-1280.jpg\",\"datePublished\":\"2022-03-30T14:38:06+00:00\",\"dateModified\":\"2022-03-31T17:02:42+00:00\",\"author\":{\"@id\":\"https:\\\/\\\/interamerica.org\\\/fr\\\/#\\\/schema\\\/person\\\/29998f2bc2d8bd0d38662909289b54f1\"},\"breadcrumb\":{\"@id\":\"https:\\\/\\\/interamerica.org\\\/fr\\\/2022\\\/03\\\/quand-quelquun-dit-quil-a-mal-je-le-comprends\\\/#breadcrumb\"},\"inLanguage\":\"fr-FR\",\"potentialAction\":[{\"@type\":\"ReadAction\",\"target\":[\"https:\\\/\\\/interamerica.org\\\/fr\\\/2022\\\/03\\\/quand-quelquun-dit-quil-a-mal-je-le-comprends\\\/\"]}]},{\"@type\":\"ImageObject\",\"inLanguage\":\"fr-FR\",\"@id\":\"https:\\\/\\\/interamerica.org\\\/fr\\\/2022\\\/03\\\/quand-quelquun-dit-quil-a-mal-je-le-comprends\\\/#primaryimage\",\"url\":\"https:\\\/\\\/interamerica.org\\\/wp-content\\\/uploads\\\/2022\\\/03\\\/gladys-hero-1-1280.jpg\",\"contentUrl\":\"https:\\\/\\\/interamerica.org\\\/wp-content\\\/uploads\\\/2022\\\/03\\\/gladys-hero-1-1280.jpg\",\"width\":1280,\"height\":800},{\"@type\":\"BreadcrumbList\",\"@id\":\"https:\\\/\\\/interamerica.org\\\/fr\\\/2022\\\/03\\\/quand-quelquun-dit-quil-a-mal-je-le-comprends\\\/#breadcrumb\",\"itemListElement\":[{\"@type\":\"ListItem\",\"position\":1,\"name\":\"Home\",\"item\":\"https:\\\/\\\/interamerica.org\\\/fr\\\/\"},{\"@type\":\"ListItem\",\"position\":2,\"name\":\"\u00ab Quand quelqu\u2019un dit qu\u2019il a mal, je le comprends \u00bb\"}]},{\"@type\":\"WebSite\",\"@id\":\"https:\\\/\\\/interamerica.org\\\/fr\\\/#website\",\"url\":\"https:\\\/\\\/interamerica.org\\\/fr\\\/\",\"name\":\"\u00c9glise Adventiste Du Septieme Jour - Inter Am\u00e9rique Division\",\"description\":\"\",\"potentialAction\":[{\"@type\":\"SearchAction\",\"target\":{\"@type\":\"EntryPoint\",\"urlTemplate\":\"https:\\\/\\\/interamerica.org\\\/fr\\\/?s={search_term_string}\"},\"query-input\":{\"@type\":\"PropertyValueSpecification\",\"valueRequired\":true,\"valueName\":\"search_term_string\"}}],\"inLanguage\":\"fr-FR\"},{\"@type\":\"Person\",\"@id\":\"https:\\\/\\\/interamerica.org\\\/fr\\\/#\\\/schema\\\/person\\\/29998f2bc2d8bd0d38662909289b54f1\",\"name\":\"libna\",\"image\":{\"@type\":\"ImageObject\",\"inLanguage\":\"fr-FR\",\"@id\":\"https:\\\/\\\/secure.gravatar.com\\\/avatar\\\/7c5bd30ae4b47a9ba3c856590957fd1d96dc588bf3ac05719d247e126840331f?s=96&d=mm&r=g\",\"url\":\"https:\\\/\\\/secure.gravatar.com\\\/avatar\\\/7c5bd30ae4b47a9ba3c856590957fd1d96dc588bf3ac05719d247e126840331f?s=96&d=mm&r=g\",\"contentUrl\":\"https:\\\/\\\/secure.gravatar.com\\\/avatar\\\/7c5bd30ae4b47a9ba3c856590957fd1d96dc588bf3ac05719d247e126840331f?s=96&d=mm&r=g\",\"caption\":\"libna\"}}]}<\/script>\n<!-- \/ Yoast SEO plugin. -->","yoast_head_json":{"title":"\u00ab Quand quelqu\u2019un dit qu\u2019il a mal, je le comprends \u00bb - \u00c9glise Adventiste Du Septieme Jour - Inter Am\u00e9rique Division","robots":{"index":"index","follow":"follow","max-snippet":"max-snippet:-1","max-image-preview":"max-image-preview:large","max-video-preview":"max-video-preview:-1"},"canonical":"https:\/\/interamerica.org\/fr\/2022\/03\/quand-quelquun-dit-quil-a-mal-je-le-comprends\/","og_locale":"fr_FR","og_type":"article","og_title":"\u00ab Quand quelqu\u2019un dit qu\u2019il a mal, je le comprends \u00bb - \u00c9glise Adventiste Du Septieme Jour - Inter Am\u00e9rique Division","og_description":"AdventHealth aide une immigrante ha\u00eftienne aux \u00c9tats-Unis \u00e0 r\u00e9aliser son r\u00eave de devenir infirmi\u00e8re. Le 30 mars 2022 | Floride, \u00c9tats-Unis | Actualit\u00e9s d\u2019AdventHealth Gladys Franck, infirmi\u00e8re chez AdventHealth Celebration,...","og_url":"https:\/\/interamerica.org\/fr\/2022\/03\/quand-quelquun-dit-quil-a-mal-je-le-comprends\/","og_site_name":"\u00c9glise Adventiste Du Septieme Jour - Inter Am\u00e9rique Division","article_published_time":"2022-03-30T14:38:06+00:00","article_modified_time":"2022-03-31T17:02:42+00:00","og_image":[{"width":1280,"height":800,"url":"https:\/\/interamerica.org\/wp-content\/uploads\/2022\/03\/gladys-hero-1-1280.jpg","type":"image\/jpeg"}],"author":"libna","twitter_card":"summary_large_image","twitter_misc":{"\u00c9crit par":"libna","Dur\u00e9e de lecture estim\u00e9e":"4 minutes"},"schema":{"@context":"https:\/\/schema.org","@graph":[{"@type":"Article","@id":"https:\/\/interamerica.org\/fr\/2022\/03\/quand-quelquun-dit-quil-a-mal-je-le-comprends\/#article","isPartOf":{"@id":"https:\/\/interamerica.org\/fr\/2022\/03\/quand-quelquun-dit-quil-a-mal-je-le-comprends\/"},"author":{"name":"libna","@id":"https:\/\/interamerica.org\/fr\/#\/schema\/person\/29998f2bc2d8bd0d38662909289b54f1"},"headline":"\u00ab Quand quelqu\u2019un dit qu\u2019il a mal, je le comprends \u00bb","datePublished":"2022-03-30T14:38:06+00:00","dateModified":"2022-03-31T17:02:42+00:00","mainEntityOfPage":{"@id":"https:\/\/interamerica.org\/fr\/2022\/03\/quand-quelquun-dit-quil-a-mal-je-le-comprends\/"},"wordCount":746,"image":{"@id":"https:\/\/interamerica.org\/fr\/2022\/03\/quand-quelquun-dit-quil-a-mal-je-le-comprends\/#primaryimage"},"thumbnailUrl":"https:\/\/interamerica.org\/wp-content\/uploads\/2022\/03\/gladys-hero-1-1280.jpg","articleSection":["Nouvelles de l'\u00c9glise mondiale","RSS Fran\u00e7ais"],"inLanguage":"fr-FR"},{"@type":"WebPage","@id":"https:\/\/interamerica.org\/fr\/2022\/03\/quand-quelquun-dit-quil-a-mal-je-le-comprends\/","url":"https:\/\/interamerica.org\/fr\/2022\/03\/quand-quelquun-dit-quil-a-mal-je-le-comprends\/","name":"\u00ab Quand quelqu\u2019un dit qu\u2019il a mal, je le comprends \u00bb - \u00c9glise Adventiste Du Septieme Jour - Inter Am\u00e9rique Division","isPartOf":{"@id":"https:\/\/interamerica.org\/fr\/#website"},"primaryImageOfPage":{"@id":"https:\/\/interamerica.org\/fr\/2022\/03\/quand-quelquun-dit-quil-a-mal-je-le-comprends\/#primaryimage"},"image":{"@id":"https:\/\/interamerica.org\/fr\/2022\/03\/quand-quelquun-dit-quil-a-mal-je-le-comprends\/#primaryimage"},"thumbnailUrl":"https:\/\/interamerica.org\/wp-content\/uploads\/2022\/03\/gladys-hero-1-1280.jpg","datePublished":"2022-03-30T14:38:06+00:00","dateModified":"2022-03-31T17:02:42+00:00","author":{"@id":"https:\/\/interamerica.org\/fr\/#\/schema\/person\/29998f2bc2d8bd0d38662909289b54f1"},"breadcrumb":{"@id":"https:\/\/interamerica.org\/fr\/2022\/03\/quand-quelquun-dit-quil-a-mal-je-le-comprends\/#breadcrumb"},"inLanguage":"fr-FR","potentialAction":[{"@type":"ReadAction","target":["https:\/\/interamerica.org\/fr\/2022\/03\/quand-quelquun-dit-quil-a-mal-je-le-comprends\/"]}]},{"@type":"ImageObject","inLanguage":"fr-FR","@id":"https:\/\/interamerica.org\/fr\/2022\/03\/quand-quelquun-dit-quil-a-mal-je-le-comprends\/#primaryimage","url":"https:\/\/interamerica.org\/wp-content\/uploads\/2022\/03\/gladys-hero-1-1280.jpg","contentUrl":"https:\/\/interamerica.org\/wp-content\/uploads\/2022\/03\/gladys-hero-1-1280.jpg","width":1280,"height":800},{"@type":"BreadcrumbList","@id":"https:\/\/interamerica.org\/fr\/2022\/03\/quand-quelquun-dit-quil-a-mal-je-le-comprends\/#breadcrumb","itemListElement":[{"@type":"ListItem","position":1,"name":"Home","item":"https:\/\/interamerica.org\/fr\/"},{"@type":"ListItem","position":2,"name":"\u00ab Quand quelqu\u2019un dit qu\u2019il a mal, je le comprends \u00bb"}]},{"@type":"WebSite","@id":"https:\/\/interamerica.org\/fr\/#website","url":"https:\/\/interamerica.org\/fr\/","name":"\u00c9glise Adventiste Du Septieme Jour - Inter Am\u00e9rique Division","description":"","potentialAction":[{"@type":"SearchAction","target":{"@type":"EntryPoint","urlTemplate":"https:\/\/interamerica.org\/fr\/?s={search_term_string}"},"query-input":{"@type":"PropertyValueSpecification","valueRequired":true,"valueName":"search_term_string"}}],"inLanguage":"fr-FR"},{"@type":"Person","@id":"https:\/\/interamerica.org\/fr\/#\/schema\/person\/29998f2bc2d8bd0d38662909289b54f1","name":"libna","image":{"@type":"ImageObject","inLanguage":"fr-FR","@id":"https:\/\/secure.gravatar.com\/avatar\/7c5bd30ae4b47a9ba3c856590957fd1d96dc588bf3ac05719d247e126840331f?s=96&d=mm&r=g","url":"https:\/\/secure.gravatar.com\/avatar\/7c5bd30ae4b47a9ba3c856590957fd1d96dc588bf3ac05719d247e126840331f?s=96&d=mm&r=g","contentUrl":"https:\/\/secure.gravatar.com\/avatar\/7c5bd30ae4b47a9ba3c856590957fd1d96dc588bf3ac05719d247e126840331f?s=96&d=mm&r=g","caption":"libna"}}]}},"_links":{"self":[{"href":"https:\/\/interamerica.org\/fr\/wp-json\/wp\/v2\/posts\/83111","targetHints":{"allow":["GET"]}}],"collection":[{"href":"https:\/\/interamerica.org\/fr\/wp-json\/wp\/v2\/posts"}],"about":[{"href":"https:\/\/interamerica.org\/fr\/wp-json\/wp\/v2\/types\/post"}],"author":[{"embeddable":true,"href":"https:\/\/interamerica.org\/fr\/wp-json\/wp\/v2\/users\/3"}],"replies":[{"embeddable":true,"href":"https:\/\/interamerica.org\/fr\/wp-json\/wp\/v2\/comments?post=83111"}],"version-history":[{"count":0,"href":"https:\/\/interamerica.org\/fr\/wp-json\/wp\/v2\/posts\/83111\/revisions"}],"wp:featuredmedia":[{"embeddable":true,"href":"https:\/\/interamerica.org\/fr\/wp-json\/wp\/v2\/media\/83044"}],"wp:attachment":[{"href":"https:\/\/interamerica.org\/fr\/wp-json\/wp\/v2\/media?parent=83111"}],"wp:term":[{"taxonomy":"category","embeddable":true,"href":"https:\/\/interamerica.org\/fr\/wp-json\/wp\/v2\/categories?post=83111"},{"taxonomy":"post_tag","embeddable":true,"href":"https:\/\/interamerica.org\/fr\/wp-json\/wp\/v2\/tags?post=83111"}],"curies":[{"name":"wp","href":"https:\/\/api.w.org\/{rel}","templated":true}]}}