{"id":83340,"date":"2022-04-03T22:32:15","date_gmt":"2022-04-04T02:32:15","guid":{"rendered":"https:\/\/recursing-golick.147-182-135-0.plesk.page\/?p=83340"},"modified":"2022-04-07T18:08:09","modified_gmt":"2022-04-07T22:08:09","slug":"la-conference-traitera-du-role-de-la-foi-dans-la-guerison-et-la-reussite","status":"publish","type":"post","link":"https:\/\/interamerica.org\/fr\/2022\/04\/la-conference-traitera-du-role-de-la-foi-dans-la-guerison-et-la-reussite\/","title":{"rendered":"La conf\u00e9rence traitera du r\u00f4le de la foi dans la gu\u00e9rison et la r\u00e9ussite"},"content":{"rendered":"<p><strong>L\u2019\u00e9v\u00e9nement de l\u2019AHSRA de 2022 se tiendra \u00e0 l\u2019Universit\u00e9 d\u2019AdventHealth.<\/strong><\/p>\n<p>Le 2 avril 2022 | Floride, \u00c9tats-Unis | Pat Spangler pour l\u2019Universit\u00e9 d\u2019AdventHealth et <em>Adventist Review<\/em><\/p>\n<p>La conf\u00e9rence annuelle\u00a02022 de l\u2019Association adventiste de recherche sur les humains (AHSRA pour <em>Adventist Human-Subject Researchers Association<\/em>) se tiendra \u00e0 l\u2019Universit\u00e9 d\u2019AdventHealth, \u00e0 Orlando, dans l\u2019\u00c9tat am\u00e9ricain de la Floride, du 18 au 21\u00a0mai. La conf\u00e9rence sera offerte en mode hybride, c\u2019est-\u00e0-dire qu\u2019il sera possible d\u2019y assister virtuellement ou en personne.<\/p>\n<p>Comme th\u00e8me g\u00e9n\u00e9ral de sa conf\u00e9rence\u00a02022, l\u2019AHSRA a choisi \u00ab\u00a0La foi et la sant\u00e9 globale\u00a0: le r\u00f4le de la foi dans la gu\u00e9rison et la r\u00e9ussite\u00a0\u00bb (traduction de l\u2019anglais). Ce th\u00e8me est vaste et vise \u00e0 couvrir une grande vari\u00e9t\u00e9 d\u2019\u00e9tudes sur des humains relatives aux comportements sanitaires et communautaires, \u00e0 l\u2019\u00e9ducation et \u00e0 la missiologie. La soumission de r\u00e9sum\u00e9s sur d\u2019autres sujets est encourag\u00e9e \u00e9galement.<\/p>\n<p>Duane McBride, pr\u00e9sident actuel de l\u2019AHSRA; directeur administratif de l\u2019Institut de pr\u00e9vention des d\u00e9pendances; directeur du Centre de recherche sur les politiques li\u00e9es aux drogues et professeur titulaire en recherche sociologique \u00e0 l\u2019Universit\u00e9 Andrews, encourage les \u00e9tudiants universitaires du premier au troisi\u00e8me cycle \u00e0 soumettre des r\u00e9sum\u00e9s jusqu\u2019au 8\u00a0avril. Quelque 5\u00a0000\u00a0t\u00e9l\u00e9chargements d\u2019expos\u00e9s et de publications de l\u2019AHSRA se sont retrouv\u00e9s sur l\u2019agora num\u00e9rique l\u2019an dernier.<\/p>\n<p>\u00ab\u00a0La bonne \u00e9rudition est une forme d\u2019\u00e9vang\u00e9lisation, a dit M.\u00a0McBride. Elle fait \u00e9tat de la qualit\u00e9 des \u00e9tudes adventistes et de la force de nos croyances, \u00e0 l\u2019effet de la religion sur la sant\u00e9 et la r\u00e9ussite. Plusieurs de nos \u00e9tudes ont \u00e9t\u00e9 r\u00e9p\u00e9t\u00e9es dans d\u2019autres communaut\u00e9s religieuses, \u00e9largissant ainsi l\u2019impact de l\u2019\u00e9tude.\u00a0\u00bb<\/p>\n<p>Les organisateurs ont soulign\u00e9 que, comme l\u2019AHSRA est une organisation de recherche scientifique, les meilleures mesures sanitaires seront suivies lors de la conf\u00e9rence. Celles-ci comprennent une preuve de vaccination compl\u00e8te ou un test r\u00e9cent d\u2019anticorps contre la COVID-19 ainsi que le port du masque \u00e0 tous les rassemblements.<\/p>\n<p>Les organisateurs ont aussi annonc\u00e9 qu\u2019il y aurait trois s\u00e9ances pl\u00e9ni\u00e8res avec des orateurs de renomm\u00e9e internationale ainsi que plusieurs pr\u00e9sentations par affiches et expos\u00e9s par des chercheurs du monde entier.<\/p>\n<p>Tyler VanderWeele sera le pr\u00e9sentateur de la premi\u00e8re s\u00e9ance pl\u00e9ni\u00e8re intitul\u00e9e \u00ab\u00a0La communaut\u00e9 religieuse et le d\u00e9veloppement humain\u00a0\u00bb. M.\u00a0VanderWeele est le professeur d\u2019\u00e9pid\u00e9miologie du d\u00e9partement d\u2019\u00e9pid\u00e9miologie et de biostatistiques John L. Loeb and Frances Lehman Loeb de la facult\u00e9 de sant\u00e9 publique Harvard T. H. Chan, le directeur du programme de d\u00e9veloppement humain et le co-directeur de l\u2019Initiative sur la sant\u00e9, la religion et la spiritualit\u00e9 de l\u2019Universit\u00e9 Harvard. Il est une figure de proue dans la recherche qui examine le r\u00f4le de la religion et de la spiritualit\u00e9 sur la r\u00e9ussite humaine. Ses d\u00e9couvertes indiquent que la spiritualit\u00e9 contribue de mani\u00e8re consid\u00e9rable \u00e0 la bonne sant\u00e9 mentale et physique.<\/p>\n<p>Daniel Ganu, professeur de sant\u00e9 publique \u00e0 l\u2019Universit\u00e9 adventiste d\u2019Afrique, sera l\u2019orateur de la pr\u00e9sentation \u00ab\u00a0La sant\u00e9 globale adventiste\u00a0: la perspective africaine\u00a0\u00bb. M.\u00a0Ganu est le chercheur principal de l\u2019\u00c9tude sur la sant\u00e9 adventiste en Afrique, le pr\u00e9sident de l\u2019AHSRA-Afrique et le r\u00e9dacteur en chef de la Revue panafricaine pour la science sanitaire et environnementale.<\/p>\n<p>Lors de la troisi\u00e8me pr\u00e9sentation principale, David Williams parlera de \u00ab\u00a0La fa\u00e7on dont le racisme affecte notre sant\u00e9\u00a0\u00bb. Il participera \u00e9galement \u00e0 une pr\u00e9sentation en soir\u00e9e intitul\u00e9e \u00ab\u00a0Le r\u00f4le des communaut\u00e9s religieuses et de l\u2019\u00e9galit\u00e9\u00a0\u00bb. M.\u00a0Williams est le professeur Florence Sprague Norman et Laura Smart Norman de sant\u00e9 publique et pr\u00e9sident du d\u00e9partement de sciences sociales et comportementales de la facult\u00e9 de sant\u00e9 publique Harvard T. H. Chan. Il est \u00e9galement professeur d\u2019\u00e9tudes africaines et afro-am\u00e9ricaines et de sociologie \u00e0 l\u2019Universit\u00e9 Harvard. Il a pr\u00e9sent\u00e9 certaines des \u00e9tudes les plus convaincantes sur le r\u00f4le de la religion et de la sant\u00e9 et sur l\u2019importance d\u2019aborder le sujet de l\u2019\u00e9galit\u00e9 en sant\u00e9. Ses recherches ont d\u00e9montr\u00e9 que la participation religieuse contribue \u00e0 la sant\u00e9 et la long\u00e9vit\u00e9, mais que les in\u00e9galit\u00e9s dans la soci\u00e9t\u00e9 minent la sant\u00e9 physique et mentale.<\/p>\n<p>L\u2019adoration du sabbat sera ax\u00e9e sur \u00ab\u00a0Le r\u00f4le des communaut\u00e9s religieuses et de la sant\u00e9 globale\u00a0\u00bb et sera suivie d\u2019une visite, en apr\u00e8s-midi, des Jardins Leu.<\/p>\n<p>L\u2019AHSRA a \u00e9t\u00e9 organis\u00e9e officiellement \u00e0 l\u2019automne\u00a02013 avec l\u2019aide du Bureau des archives, des statistiques et de la recherche de la Conf\u00e9rence g\u00e9n\u00e9rale. L\u2019association a \u00e9t\u00e9 form\u00e9e lors de deux conf\u00e9rences\u00a0: la premi\u00e8re \u00e0 l\u2019Universit\u00e9 Andrews au printemps\u00a02012 et la seconde \u00e0 la Conf\u00e9rence g\u00e9n\u00e9rale \u00e0 l\u2019automne\u00a02013.<\/p>\n<p>Lisez-en plus au <a href=\"https:\/\/adventistreview.org\/release\/conference-will-discuss-the-role-of-faith-in-healing-and-thriving\/\">https:\/\/adventistreview.org\/release\/conference-will-discuss-the-role-of-faith-in-healing-and-thriving\/<\/a>.<\/p>\n<p>Traduction\u00a0: Marie-Mich\u00e8le Robitaille<\/p>\n","protected":false},"excerpt":{"rendered":"<p>L\u2019\u00e9v\u00e9nement de l\u2019AHSRA de 2022 se tiendra \u00e0 l\u2019Universit\u00e9 d\u2019AdventHealth. Le 2 avril 2022 | Floride, \u00c9tats-Unis | Pat Spangler pour l\u2019Universit\u00e9 d\u2019AdventHealth et Adventist Review La conf\u00e9rence annuelle\u00a02022 de&#8230;<\/p>\n","protected":false},"author":3,"featured_media":83258,"comment_status":"closed","ping_status":"closed","sticky":false,"template":"","format":"standard","meta":{"_acf_changed":false,"footnotes":""},"categories":[18,19],"tags":[],"class_list":["post-83340","post","type-post","status-publish","format-standard","has-post-thumbnail","hentry","category-nouvelles-de-leglise-mondiale","category-rss-francais"],"acf":[],"yoast_head":"<!-- This site is optimized with the Yoast SEO plugin v27.3 - https:\/\/yoast.com\/product\/yoast-seo-wordpress\/ -->\n<title>La conf\u00e9rence traitera du r\u00f4le de la foi dans la gu\u00e9rison et la r\u00e9ussite - \u00c9glise Adventiste Du Septieme Jour - Inter Am\u00e9rique Division<\/title>\n<meta name=\"robots\" content=\"index, follow, max-snippet:-1, max-image-preview:large, max-video-preview:-1\" \/>\n<link rel=\"canonical\" href=\"https:\/\/interamerica.org\/fr\/2022\/04\/la-conference-traitera-du-role-de-la-foi-dans-la-guerison-et-la-reussite\/\" \/>\n<meta property=\"og:locale\" content=\"fr_FR\" \/>\n<meta property=\"og:type\" content=\"article\" \/>\n<meta property=\"og:title\" content=\"La conf\u00e9rence traitera du r\u00f4le de la foi dans la gu\u00e9rison et la r\u00e9ussite - \u00c9glise Adventiste Du Septieme Jour - Inter Am\u00e9rique Division\" \/>\n<meta property=\"og:description\" content=\"L\u2019\u00e9v\u00e9nement de l\u2019AHSRA de 2022 se tiendra \u00e0 l\u2019Universit\u00e9 d\u2019AdventHealth. Le 2 avril 2022 | Floride, \u00c9tats-Unis | Pat Spangler pour l\u2019Universit\u00e9 d\u2019AdventHealth et Adventist Review La conf\u00e9rence annuelle\u00a02022 de...\" \/>\n<meta property=\"og:url\" content=\"https:\/\/interamerica.org\/fr\/2022\/04\/la-conference-traitera-du-role-de-la-foi-dans-la-guerison-et-la-reussite\/\" \/>\n<meta property=\"og:site_name\" content=\"\u00c9glise Adventiste Du Septieme Jour - Inter Am\u00e9rique Division\" \/>\n<meta property=\"article:published_time\" content=\"2022-04-04T02:32:15+00:00\" \/>\n<meta property=\"article:modified_time\" content=\"2022-04-07T22:08:09+00:00\" \/>\n<meta property=\"og:image\" content=\"https:\/\/interamerica.org\/wp-content\/uploads\/2022\/04\/conference-will-discuss-the-role-of-faith-in-healing-and-thriving1.jpeg\" \/>\n\t<meta property=\"og:image:width\" content=\"1920\" \/>\n\t<meta property=\"og:image:height\" content=\"1080\" \/>\n\t<meta property=\"og:image:type\" content=\"image\/jpeg\" \/>\n<meta name=\"author\" content=\"libna\" \/>\n<meta name=\"twitter:card\" content=\"summary_large_image\" \/>\n<meta name=\"twitter:label1\" content=\"\u00c9crit par\" \/>\n\t<meta name=\"twitter:data1\" content=\"libna\" \/>\n\t<meta name=\"twitter:label2\" content=\"Dur\u00e9e de lecture estim\u00e9e\" \/>\n\t<meta name=\"twitter:data2\" content=\"4 minutes\" \/>\n<script type=\"application\/ld+json\" class=\"yoast-schema-graph\">{\"@context\":\"https:\\\/\\\/schema.org\",\"@graph\":[{\"@type\":\"Article\",\"@id\":\"https:\\\/\\\/interamerica.org\\\/fr\\\/2022\\\/04\\\/la-conference-traitera-du-role-de-la-foi-dans-la-guerison-et-la-reussite\\\/#article\",\"isPartOf\":{\"@id\":\"https:\\\/\\\/interamerica.org\\\/fr\\\/2022\\\/04\\\/la-conference-traitera-du-role-de-la-foi-dans-la-guerison-et-la-reussite\\\/\"},\"author\":{\"name\":\"libna\",\"@id\":\"https:\\\/\\\/interamerica.org\\\/fr\\\/#\\\/schema\\\/person\\\/29998f2bc2d8bd0d38662909289b54f1\"},\"headline\":\"La conf\u00e9rence traitera du r\u00f4le de la foi dans la gu\u00e9rison et la r\u00e9ussite\",\"datePublished\":\"2022-04-04T02:32:15+00:00\",\"dateModified\":\"2022-04-07T22:08:09+00:00\",\"mainEntityOfPage\":{\"@id\":\"https:\\\/\\\/interamerica.org\\\/fr\\\/2022\\\/04\\\/la-conference-traitera-du-role-de-la-foi-dans-la-guerison-et-la-reussite\\\/\"},\"wordCount\":877,\"image\":{\"@id\":\"https:\\\/\\\/interamerica.org\\\/fr\\\/2022\\\/04\\\/la-conference-traitera-du-role-de-la-foi-dans-la-guerison-et-la-reussite\\\/#primaryimage\"},\"thumbnailUrl\":\"https:\\\/\\\/interamerica.org\\\/wp-content\\\/uploads\\\/2022\\\/04\\\/conference-will-discuss-the-role-of-faith-in-healing-and-thriving1.jpeg\",\"articleSection\":[\"Nouvelles de l'\u00c9glise mondiale\",\"RSS Fran\u00e7ais\"],\"inLanguage\":\"fr-FR\"},{\"@type\":\"WebPage\",\"@id\":\"https:\\\/\\\/interamerica.org\\\/fr\\\/2022\\\/04\\\/la-conference-traitera-du-role-de-la-foi-dans-la-guerison-et-la-reussite\\\/\",\"url\":\"https:\\\/\\\/interamerica.org\\\/fr\\\/2022\\\/04\\\/la-conference-traitera-du-role-de-la-foi-dans-la-guerison-et-la-reussite\\\/\",\"name\":\"La conf\u00e9rence traitera du r\u00f4le de la foi dans la gu\u00e9rison et la r\u00e9ussite - \u00c9glise Adventiste Du Septieme Jour - Inter Am\u00e9rique Division\",\"isPartOf\":{\"@id\":\"https:\\\/\\\/interamerica.org\\\/fr\\\/#website\"},\"primaryImageOfPage\":{\"@id\":\"https:\\\/\\\/interamerica.org\\\/fr\\\/2022\\\/04\\\/la-conference-traitera-du-role-de-la-foi-dans-la-guerison-et-la-reussite\\\/#primaryimage\"},\"image\":{\"@id\":\"https:\\\/\\\/interamerica.org\\\/fr\\\/2022\\\/04\\\/la-conference-traitera-du-role-de-la-foi-dans-la-guerison-et-la-reussite\\\/#primaryimage\"},\"thumbnailUrl\":\"https:\\\/\\\/interamerica.org\\\/wp-content\\\/uploads\\\/2022\\\/04\\\/conference-will-discuss-the-role-of-faith-in-healing-and-thriving1.jpeg\",\"datePublished\":\"2022-04-04T02:32:15+00:00\",\"dateModified\":\"2022-04-07T22:08:09+00:00\",\"author\":{\"@id\":\"https:\\\/\\\/interamerica.org\\\/fr\\\/#\\\/schema\\\/person\\\/29998f2bc2d8bd0d38662909289b54f1\"},\"breadcrumb\":{\"@id\":\"https:\\\/\\\/interamerica.org\\\/fr\\\/2022\\\/04\\\/la-conference-traitera-du-role-de-la-foi-dans-la-guerison-et-la-reussite\\\/#breadcrumb\"},\"inLanguage\":\"fr-FR\",\"potentialAction\":[{\"@type\":\"ReadAction\",\"target\":[\"https:\\\/\\\/interamerica.org\\\/fr\\\/2022\\\/04\\\/la-conference-traitera-du-role-de-la-foi-dans-la-guerison-et-la-reussite\\\/\"]}]},{\"@type\":\"ImageObject\",\"inLanguage\":\"fr-FR\",\"@id\":\"https:\\\/\\\/interamerica.org\\\/fr\\\/2022\\\/04\\\/la-conference-traitera-du-role-de-la-foi-dans-la-guerison-et-la-reussite\\\/#primaryimage\",\"url\":\"https:\\\/\\\/interamerica.org\\\/wp-content\\\/uploads\\\/2022\\\/04\\\/conference-will-discuss-the-role-of-faith-in-healing-and-thriving1.jpeg\",\"contentUrl\":\"https:\\\/\\\/interamerica.org\\\/wp-content\\\/uploads\\\/2022\\\/04\\\/conference-will-discuss-the-role-of-faith-in-healing-and-thriving1.jpeg\",\"width\":1920,\"height\":1080},{\"@type\":\"BreadcrumbList\",\"@id\":\"https:\\\/\\\/interamerica.org\\\/fr\\\/2022\\\/04\\\/la-conference-traitera-du-role-de-la-foi-dans-la-guerison-et-la-reussite\\\/#breadcrumb\",\"itemListElement\":[{\"@type\":\"ListItem\",\"position\":1,\"name\":\"Home\",\"item\":\"https:\\\/\\\/interamerica.org\\\/fr\\\/\"},{\"@type\":\"ListItem\",\"position\":2,\"name\":\"La conf\u00e9rence traitera du r\u00f4le de la foi dans la gu\u00e9rison et la r\u00e9ussite\"}]},{\"@type\":\"WebSite\",\"@id\":\"https:\\\/\\\/interamerica.org\\\/fr\\\/#website\",\"url\":\"https:\\\/\\\/interamerica.org\\\/fr\\\/\",\"name\":\"\u00c9glise Adventiste Du Septieme Jour - Inter Am\u00e9rique Division\",\"description\":\"\",\"potentialAction\":[{\"@type\":\"SearchAction\",\"target\":{\"@type\":\"EntryPoint\",\"urlTemplate\":\"https:\\\/\\\/interamerica.org\\\/fr\\\/?s={search_term_string}\"},\"query-input\":{\"@type\":\"PropertyValueSpecification\",\"valueRequired\":true,\"valueName\":\"search_term_string\"}}],\"inLanguage\":\"fr-FR\"},{\"@type\":\"Person\",\"@id\":\"https:\\\/\\\/interamerica.org\\\/fr\\\/#\\\/schema\\\/person\\\/29998f2bc2d8bd0d38662909289b54f1\",\"name\":\"libna\",\"image\":{\"@type\":\"ImageObject\",\"inLanguage\":\"fr-FR\",\"@id\":\"https:\\\/\\\/secure.gravatar.com\\\/avatar\\\/7c5bd30ae4b47a9ba3c856590957fd1d96dc588bf3ac05719d247e126840331f?s=96&d=mm&r=g\",\"url\":\"https:\\\/\\\/secure.gravatar.com\\\/avatar\\\/7c5bd30ae4b47a9ba3c856590957fd1d96dc588bf3ac05719d247e126840331f?s=96&d=mm&r=g\",\"contentUrl\":\"https:\\\/\\\/secure.gravatar.com\\\/avatar\\\/7c5bd30ae4b47a9ba3c856590957fd1d96dc588bf3ac05719d247e126840331f?s=96&d=mm&r=g\",\"caption\":\"libna\"}}]}<\/script>\n<!-- \/ Yoast SEO plugin. -->","yoast_head_json":{"title":"La conf\u00e9rence traitera du r\u00f4le de la foi dans la gu\u00e9rison et la r\u00e9ussite - \u00c9glise Adventiste Du Septieme Jour - Inter Am\u00e9rique Division","robots":{"index":"index","follow":"follow","max-snippet":"max-snippet:-1","max-image-preview":"max-image-preview:large","max-video-preview":"max-video-preview:-1"},"canonical":"https:\/\/interamerica.org\/fr\/2022\/04\/la-conference-traitera-du-role-de-la-foi-dans-la-guerison-et-la-reussite\/","og_locale":"fr_FR","og_type":"article","og_title":"La conf\u00e9rence traitera du r\u00f4le de la foi dans la gu\u00e9rison et la r\u00e9ussite - \u00c9glise Adventiste Du Septieme Jour - Inter Am\u00e9rique Division","og_description":"L\u2019\u00e9v\u00e9nement de l\u2019AHSRA de 2022 se tiendra \u00e0 l\u2019Universit\u00e9 d\u2019AdventHealth. Le 2 avril 2022 | Floride, \u00c9tats-Unis | Pat Spangler pour l\u2019Universit\u00e9 d\u2019AdventHealth et Adventist Review La conf\u00e9rence annuelle\u00a02022 de...","og_url":"https:\/\/interamerica.org\/fr\/2022\/04\/la-conference-traitera-du-role-de-la-foi-dans-la-guerison-et-la-reussite\/","og_site_name":"\u00c9glise Adventiste Du Septieme Jour - Inter Am\u00e9rique Division","article_published_time":"2022-04-04T02:32:15+00:00","article_modified_time":"2022-04-07T22:08:09+00:00","og_image":[{"width":1920,"height":1080,"url":"https:\/\/interamerica.org\/wp-content\/uploads\/2022\/04\/conference-will-discuss-the-role-of-faith-in-healing-and-thriving1.jpeg","type":"image\/jpeg"}],"author":"libna","twitter_card":"summary_large_image","twitter_misc":{"\u00c9crit par":"libna","Dur\u00e9e de lecture estim\u00e9e":"4 minutes"},"schema":{"@context":"https:\/\/schema.org","@graph":[{"@type":"Article","@id":"https:\/\/interamerica.org\/fr\/2022\/04\/la-conference-traitera-du-role-de-la-foi-dans-la-guerison-et-la-reussite\/#article","isPartOf":{"@id":"https:\/\/interamerica.org\/fr\/2022\/04\/la-conference-traitera-du-role-de-la-foi-dans-la-guerison-et-la-reussite\/"},"author":{"name":"libna","@id":"https:\/\/interamerica.org\/fr\/#\/schema\/person\/29998f2bc2d8bd0d38662909289b54f1"},"headline":"La conf\u00e9rence traitera du r\u00f4le de la foi dans la gu\u00e9rison et la r\u00e9ussite","datePublished":"2022-04-04T02:32:15+00:00","dateModified":"2022-04-07T22:08:09+00:00","mainEntityOfPage":{"@id":"https:\/\/interamerica.org\/fr\/2022\/04\/la-conference-traitera-du-role-de-la-foi-dans-la-guerison-et-la-reussite\/"},"wordCount":877,"image":{"@id":"https:\/\/interamerica.org\/fr\/2022\/04\/la-conference-traitera-du-role-de-la-foi-dans-la-guerison-et-la-reussite\/#primaryimage"},"thumbnailUrl":"https:\/\/interamerica.org\/wp-content\/uploads\/2022\/04\/conference-will-discuss-the-role-of-faith-in-healing-and-thriving1.jpeg","articleSection":["Nouvelles de l'\u00c9glise mondiale","RSS Fran\u00e7ais"],"inLanguage":"fr-FR"},{"@type":"WebPage","@id":"https:\/\/interamerica.org\/fr\/2022\/04\/la-conference-traitera-du-role-de-la-foi-dans-la-guerison-et-la-reussite\/","url":"https:\/\/interamerica.org\/fr\/2022\/04\/la-conference-traitera-du-role-de-la-foi-dans-la-guerison-et-la-reussite\/","name":"La conf\u00e9rence traitera du r\u00f4le de la foi dans la gu\u00e9rison et la r\u00e9ussite - \u00c9glise Adventiste Du Septieme Jour - Inter Am\u00e9rique Division","isPartOf":{"@id":"https:\/\/interamerica.org\/fr\/#website"},"primaryImageOfPage":{"@id":"https:\/\/interamerica.org\/fr\/2022\/04\/la-conference-traitera-du-role-de-la-foi-dans-la-guerison-et-la-reussite\/#primaryimage"},"image":{"@id":"https:\/\/interamerica.org\/fr\/2022\/04\/la-conference-traitera-du-role-de-la-foi-dans-la-guerison-et-la-reussite\/#primaryimage"},"thumbnailUrl":"https:\/\/interamerica.org\/wp-content\/uploads\/2022\/04\/conference-will-discuss-the-role-of-faith-in-healing-and-thriving1.jpeg","datePublished":"2022-04-04T02:32:15+00:00","dateModified":"2022-04-07T22:08:09+00:00","author":{"@id":"https:\/\/interamerica.org\/fr\/#\/schema\/person\/29998f2bc2d8bd0d38662909289b54f1"},"breadcrumb":{"@id":"https:\/\/interamerica.org\/fr\/2022\/04\/la-conference-traitera-du-role-de-la-foi-dans-la-guerison-et-la-reussite\/#breadcrumb"},"inLanguage":"fr-FR","potentialAction":[{"@type":"ReadAction","target":["https:\/\/interamerica.org\/fr\/2022\/04\/la-conference-traitera-du-role-de-la-foi-dans-la-guerison-et-la-reussite\/"]}]},{"@type":"ImageObject","inLanguage":"fr-FR","@id":"https:\/\/interamerica.org\/fr\/2022\/04\/la-conference-traitera-du-role-de-la-foi-dans-la-guerison-et-la-reussite\/#primaryimage","url":"https:\/\/interamerica.org\/wp-content\/uploads\/2022\/04\/conference-will-discuss-the-role-of-faith-in-healing-and-thriving1.jpeg","contentUrl":"https:\/\/interamerica.org\/wp-content\/uploads\/2022\/04\/conference-will-discuss-the-role-of-faith-in-healing-and-thriving1.jpeg","width":1920,"height":1080},{"@type":"BreadcrumbList","@id":"https:\/\/interamerica.org\/fr\/2022\/04\/la-conference-traitera-du-role-de-la-foi-dans-la-guerison-et-la-reussite\/#breadcrumb","itemListElement":[{"@type":"ListItem","position":1,"name":"Home","item":"https:\/\/interamerica.org\/fr\/"},{"@type":"ListItem","position":2,"name":"La conf\u00e9rence traitera du r\u00f4le de la foi dans la gu\u00e9rison et la r\u00e9ussite"}]},{"@type":"WebSite","@id":"https:\/\/interamerica.org\/fr\/#website","url":"https:\/\/interamerica.org\/fr\/","name":"\u00c9glise Adventiste Du Septieme Jour - Inter Am\u00e9rique Division","description":"","potentialAction":[{"@type":"SearchAction","target":{"@type":"EntryPoint","urlTemplate":"https:\/\/interamerica.org\/fr\/?s={search_term_string}"},"query-input":{"@type":"PropertyValueSpecification","valueRequired":true,"valueName":"search_term_string"}}],"inLanguage":"fr-FR"},{"@type":"Person","@id":"https:\/\/interamerica.org\/fr\/#\/schema\/person\/29998f2bc2d8bd0d38662909289b54f1","name":"libna","image":{"@type":"ImageObject","inLanguage":"fr-FR","@id":"https:\/\/secure.gravatar.com\/avatar\/7c5bd30ae4b47a9ba3c856590957fd1d96dc588bf3ac05719d247e126840331f?s=96&d=mm&r=g","url":"https:\/\/secure.gravatar.com\/avatar\/7c5bd30ae4b47a9ba3c856590957fd1d96dc588bf3ac05719d247e126840331f?s=96&d=mm&r=g","contentUrl":"https:\/\/secure.gravatar.com\/avatar\/7c5bd30ae4b47a9ba3c856590957fd1d96dc588bf3ac05719d247e126840331f?s=96&d=mm&r=g","caption":"libna"}}]}},"_links":{"self":[{"href":"https:\/\/interamerica.org\/fr\/wp-json\/wp\/v2\/posts\/83340","targetHints":{"allow":["GET"]}}],"collection":[{"href":"https:\/\/interamerica.org\/fr\/wp-json\/wp\/v2\/posts"}],"about":[{"href":"https:\/\/interamerica.org\/fr\/wp-json\/wp\/v2\/types\/post"}],"author":[{"embeddable":true,"href":"https:\/\/interamerica.org\/fr\/wp-json\/wp\/v2\/users\/3"}],"replies":[{"embeddable":true,"href":"https:\/\/interamerica.org\/fr\/wp-json\/wp\/v2\/comments?post=83340"}],"version-history":[{"count":0,"href":"https:\/\/interamerica.org\/fr\/wp-json\/wp\/v2\/posts\/83340\/revisions"}],"wp:featuredmedia":[{"embeddable":true,"href":"https:\/\/interamerica.org\/fr\/wp-json\/wp\/v2\/media\/83258"}],"wp:attachment":[{"href":"https:\/\/interamerica.org\/fr\/wp-json\/wp\/v2\/media?parent=83340"}],"wp:term":[{"taxonomy":"category","embeddable":true,"href":"https:\/\/interamerica.org\/fr\/wp-json\/wp\/v2\/categories?post=83340"},{"taxonomy":"post_tag","embeddable":true,"href":"https:\/\/interamerica.org\/fr\/wp-json\/wp\/v2\/tags?post=83340"}],"curies":[{"name":"wp","href":"https:\/\/api.w.org\/{rel}","templated":true}]}}