{"id":83341,"date":"2022-04-04T20:53:31","date_gmt":"2022-04-05T00:53:31","guid":{"rendered":"https:\/\/recursing-golick.147-182-135-0.plesk.page\/?p=83341"},"modified":"2022-04-05T09:25:13","modified_gmt":"2022-04-05T13:25:13","slug":"lancement-de-la-premiere-de-deux-campagnes-devangelisation-pour-le-territoire-francophone-de-linter-amerique","status":"publish","type":"post","link":"https:\/\/interamerica.org\/fr\/2022\/04\/lancement-de-la-premiere-de-deux-campagnes-devangelisation-pour-le-territoire-francophone-de-linter-amerique\/","title":{"rendered":"Lancement de la premi\u00e8re de deux campagnes d\u2019\u00e9vang\u00e9lisation pour le territoire francophone de l\u2019Inter Am\u00e9rique"},"content":{"rendered":"<p><div id=\"attachment_83307\" style=\"width: 845px\" class=\"wp-caption aligncenter\"><img fetchpriority=\"high\" decoding=\"async\" aria-describedby=\"caption-attachment-83307\" class=\" wp-image-83307\" src=\"https:\/\/recursing-golick.147-182-135-0.plesk.page\/wp-content\/uploads\/2022\/04\/bethanie-church-petion-ville.jpg\" alt=\"\" width=\"835\" height=\"626\" srcset=\"https:\/\/interamerica.org\/wp-content\/uploads\/2022\/04\/bethanie-church-petion-ville.jpg 924w, https:\/\/interamerica.org\/wp-content\/uploads\/2022\/04\/bethanie-church-petion-ville-300x225.jpg 300w, https:\/\/interamerica.org\/wp-content\/uploads\/2022\/04\/bethanie-church-petion-ville-768x576.jpg 768w\" sizes=\"(max-width: 835px) 100vw, 835px\" \/><p id=\"caption-attachment-83307\" class=\"wp-caption-text\">Plus de 300 personnes \u00e9taient r\u00e9unies \u00e0 l\u2019\u00e9glise adventiste de B\u00e9thanie \u00e0 P\u00e9tion-Ville, \u00e0 Port-au-Prince, en Ha\u00efti, le 3 avril 2022, lors du lancement d\u2019une campagne d\u2019\u00e9vang\u00e9lisation en ligne de deux semaines retransmise dans le territoire francophone de la Division Inter Am\u00e9ricaine qui comprend la Guadeloupe, la Martinique et la Guyane fran\u00e7aise, du 3 au 16 avril 2022. La s\u00e9rie fait partie de deux campagnes en ligne pr\u00e9sent\u00e9es par l\u2019Union Ha\u00eftienne et l\u2019Union des Antilles et Guyane Fran\u00e7aises. [Photo : Union Ha\u00eftienne]<\/p><\/div>4 Avril 2022 | Miami, Floride, \u00c9tats-Unis | Libna Stevens, Actualit\u00e9s de la Division Inter Am\u00e9ricaine<\/p>\n<p>Des centaines d\u2019adventistes du septi\u00e8me jour se sont r\u00e9unis hier soir \u00e0 l\u2019\u00e9glise adventiste de B\u00e9thanie \u00e0 P\u00e9tion-Ville, en Ha\u00efti, pour lancer deux semaines de r\u00e9unions d\u2019\u00e9vang\u00e9lisation qui constituent le point culminant de dizaines d\u2019efforts d\u2019\u00e9vang\u00e9lisation qui ont commenc\u00e9 en janvier. Le programme intervient dans le cadre d\u2019efforts r\u00e9alis\u00e9s \u00e0 l\u2019\u00e9chelle du territoire dans les \u00e9glises des r\u00e9gions francophones de la Division Inter Am\u00e9ricaine comprenant Ha\u00efti, la Martinique, la Guadeloupe et la Guyane fran\u00e7aise, et qui devraient donner des r\u00e9sultats avec des milliers de bapt\u00eames, ont d\u00e9clar\u00e9 les dirigeants de l\u2019\u00e9glise.<\/p>\n<p>\u00ab Nous sommes tr\u00e8s heureux de pouvoir organiser cette premi\u00e8re campagne internationale avec l\u2019Union des Antilles et Guyane fran\u00e7aise, \u00bb a d\u00e9clar\u00e9 pasteur Pierre Caporal, pr\u00e9sident de l\u2019\u00c9glise adventiste en Ha\u00efti. \u00ab Nous avons travaill\u00e9 dur pour planifier, discuter, prier et prendre des d\u00e9cisions ensemble afin d\u2019accomplir la t\u00e2che que le Christ nous a confi\u00e9e et qui est de proclamer l\u2019\u00e9vangile. \u00bb<\/p>\n<p><div id=\"attachment_83313\" style=\"width: 841px\" class=\"wp-caption aligncenter\"><img decoding=\"async\" aria-describedby=\"caption-attachment-83313\" class=\" wp-image-83313\" src=\"https:\/\/recursing-golick.147-182-135-0.plesk.page\/wp-content\/uploads\/2022\/04\/vanel-louissaint-petion-ville-1024x640.png\" alt=\"\" width=\"831\" height=\"519\" srcset=\"https:\/\/interamerica.org\/wp-content\/uploads\/2022\/04\/vanel-louissaint-petion-ville-1024x640.png 1024w, https:\/\/interamerica.org\/wp-content\/uploads\/2022\/04\/vanel-louissaint-petion-ville-300x188.png 300w, https:\/\/interamerica.org\/wp-content\/uploads\/2022\/04\/vanel-louissaint-petion-ville-768x480.png 768w, https:\/\/interamerica.org\/wp-content\/uploads\/2022\/04\/vanel-louissaint-petion-ville.png 1280w\" sizes=\"(max-width: 831px) 100vw, 831px\" \/><p id=\"caption-attachment-83313\" class=\"wp-caption-text\">Pasteur Vanel Louissaint, pasteur \u00e9vang\u00e9liste et directeur des minist\u00e8res personnels de l\u2019\u00e9glise dans la F\u00e9d\u00e9ration du Centre d\u2019Ha\u00efti, pr\u00e9sente le message le 3 avril 2022, depuis l\u2019\u00e9glise adventiste de B\u00e9thanie \u00e0 P\u00e9tion-Ville, Port-au-Prince, en Ha\u00efti. [Photo : Capture d\u2019\u00e9cran de la DIA]<\/p><\/div>La campagne, qui se d\u00e9roulera jusqu\u2019au 16 avril, intervient dans le cadre de la derni\u00e8re phase d\u2019un travail d\u2019\u00e9quipe complet avec les plus de 200 pasteurs de district et des centaines de la\u00efcs qui ont fait en sorte de proclamer sans rel\u00e2che le message d\u2019esp\u00e9rance et de salut \u00e0 travers des \u00e9tudes bibliques en petits groupes et des activit\u00e9s d\u2019impact dans la communaut\u00e9 \u00e0 l\u2019occasion de l\u2019anniversaire du centenaire de l\u2019Inter Am\u00e9rique cette ann\u00e9e, a dit pasteur Caporal.<\/p>\n<p>Baptis\u00e9e \u00ab Amen, Viens, Seigneur J\u00e9sus, \u00bb la s\u00e9rie est diffus\u00e9e par Hope Media Ha\u00efti. L\u2019orateur principal est le pasteur Vanel Louissaint, pasteur \u00e9vang\u00e9liste et directeur des minist\u00e8res personnels de l\u2019\u00e9glise dans la F\u00e9d\u00e9ration du Centre d\u2019Ha\u00efti. Les r\u00e9unions auront lieu tous les soirs jusqu\u2019au 16 avril 2022, de 18h00 \u00e0 19h00, heure de Miami.<\/p>\n<p>Pasteur Louissaint a d\u00e9but\u00e9 la s\u00e9rie bas\u00e9e sur la seconde venue de J\u00e9sus et l\u2019esp\u00e9rance que chacun peut trouver en lui. \u00ab J\u00e9sus mettra fin \u00e0 de nombreux probl\u00e8mes auxquels le monde est confront\u00e9 aujourd\u2019hui, a d\u00e9clar\u00e9 pasteur Louissaint. \u00ab Il y a un manque d\u2019amour, de la solitude, de la souffrance et de nombreuses injustices dans ce monde. Il y a la mort mais nous avons J\u00e9sus et il vient nous ramener \u00e0 la maison. \u00bb<\/p>\n<p><div id=\"attachment_83301\" style=\"width: 821px\" class=\"wp-caption aligncenter\"><img decoding=\"async\" aria-describedby=\"caption-attachment-83301\" class=\" wp-image-83301\" src=\"https:\/\/recursing-golick.147-182-135-0.plesk.page\/wp-content\/uploads\/2022\/04\/south-haiti-campaign.jpg\" alt=\"\" width=\"811\" height=\"608\" srcset=\"https:\/\/interamerica.org\/wp-content\/uploads\/2022\/04\/south-haiti-campaign.jpg 800w, https:\/\/interamerica.org\/wp-content\/uploads\/2022\/04\/south-haiti-campaign-300x225.jpg 300w, https:\/\/interamerica.org\/wp-content\/uploads\/2022\/04\/south-haiti-campaign-768x576.jpg 768w\" sizes=\"(max-width: 811px) 100vw, 811px\" \/><p id=\"caption-attachment-83301\" class=\"wp-caption-text\">Une r\u00e9cente grande campagne d\u2019\u00e9vang\u00e9lisation s\u2019est tenue dans la ville de L\u00e9ogane, dans la Mission du Sud d\u2019Ha\u00efti. [Photo : Mission du Sud d\u2019Ha\u00efti]<\/p><\/div>Les dirigeants de l\u2019\u00e9glise ont d\u00e9clar\u00e9 qu\u2019il \u00e9tait important de lancer la s\u00e9rie \u00e0 l\u2019\u00e9glise adventiste de B\u00e9thanie \u00e0 P\u00e9tion-Ville, une banlieue de Port-au-Prince, la capitale d\u2019Ha\u00efti. P\u00e9tion-Ville compte des centaines d\u2019entreprises et de nombreuses communaut\u00e9s qui doivent \u00eatre cibl\u00e9es pour la proclamation de l\u2019\u00e9vangile, a d\u00e9clar\u00e9 pasteur Caporal. Des dizaines de personnes ont particip\u00e9 au programme en pr\u00e9sentiel tandis que d\u2019autres regardaient en ligne, ou \u00e9coutaient la station de radio de l\u2019\u00e9glise, la Voix de l\u2019Esp\u00e9rance, ou regardaient depuis leurs foyers dans l\u2019Union des Antilles et Guyane Fran\u00e7aises sur la cha\u00eene en ligne de l\u2019\u00e9glise, Esperance TV Inter Am\u00e9rique.<\/p>\n<p>Les dirigeants de l\u2019\u00c9glise en Ha\u00efti pr\u00e9voient d\u2019ajouter 2500 nouveaux croyants \u00e0 la fin de la s\u00e9rie. Depuis le d\u00e9but de l\u2019ann\u00e9e, plus de 6400 nouveaux croyants ont \u00e9t\u00e9 baptis\u00e9s en Ha\u00efti, a indiqu\u00e9 pasteur Caporal.<\/p>\n<p>Pasteur Max Laurent, qui a r\u00e9cemment pris sa retraite en tant que secr\u00e9taire itin\u00e9rant de l\u2019\u00e9glise en Inter Am\u00e9rique et ancien pr\u00e9sident de l\u2019Union des Antilles et de la Guyane Fran\u00e7aises, a d\u00e9clar\u00e9 que les deux unions francophones travaillent ensemble depuis l\u2019ann\u00e9e derni\u00e8re pour pr\u00e9parer cette s\u00e9rie.<\/p>\n<p><div id=\"attachment_83317\" style=\"width: 812px\" class=\"wp-caption aligncenter\"><img loading=\"lazy\" decoding=\"async\" aria-describedby=\"caption-attachment-83317\" class=\" wp-image-83317\" src=\"https:\/\/recursing-golick.147-182-135-0.plesk.page\/wp-content\/uploads\/2022\/04\/south-haiti-2022-candidates.jpg\" alt=\"\" width=\"802\" height=\"601\" srcset=\"https:\/\/interamerica.org\/wp-content\/uploads\/2022\/04\/south-haiti-2022-candidates.jpg 900w, https:\/\/interamerica.org\/wp-content\/uploads\/2022\/04\/south-haiti-2022-candidates-300x225.jpg 300w, https:\/\/interamerica.org\/wp-content\/uploads\/2022\/04\/south-haiti-2022-candidates-768x576.jpg 768w\" sizes=\"(max-width: 802px) 100vw, 802px\" \/><p id=\"caption-attachment-83317\" class=\"wp-caption-text\">Plus d\u2019une dizaine de jeunes v\u00eatus de leurs blouses posent pour une photo de groupe avec leur pasteur avant de se faire baptiser dans le Sud d\u2019Ha\u00efti. [Photo : Mission du Sud d\u2019Ha\u00efti]<\/p><\/div>\u00ab C\u2019\u00e9tait un r\u00eave pour moi de voir les dirigeants de l\u2019Union Ha\u00eftienne et de l\u2019Union des Antilles et Guyane Fran\u00e7aises travailler en \u00e9troite collaboration comme un seul corps, une seule \u00e9quipe pour atteindre davantage de personnes gr\u00e2ce \u00e0 l\u2019\u00e9vangile cette ann\u00e9e, \u00bb a d\u00e9clar\u00e9 Max Laurent. L\u2019intention initiale \u00e9tait de mener une campagne pour les deux r\u00e9gions, mais en raison des d\u00e9calages horaires et de certains probl\u00e8mes de s\u00e9curit\u00e9, la campagne en Ha\u00efti se d\u00e9roule au d\u00e9but du mois d\u2019avril et l\u2019Union des Antilles et Guyane Fran\u00e7aises tiendra sa campagne du 8 au 22 mai 2022, depuis la Martinique.<\/p>\n<p>L\u2019\u00e9vang\u00e9liste Pierre-Manuel Fleurantin, qui sert en tant que secr\u00e9taire ex\u00e9cutif de la Mission de la Guyane Fran\u00e7aise, sera le conf\u00e9rencier principal lors de la s\u00e9rie de deux semaines \u00ab Vivre au C\u0153ur de la Crise, \u00bb qui se d\u00e9roulera depuis une \u00e9glise adventiste de la Martinique.<\/p>\n<p>Les dirigeants de l\u2019Union des Antilles et de la Guyane Fran\u00e7aises ont redoubl\u00e9 leurs efforts dans l\u2019\u00e9vang\u00e9lisation et esp\u00e8rent baptiser 1000 \u00e2mes cette ann\u00e9e, ont d\u00e9clar\u00e9 les dirigeants de l\u2019\u00e9glise.<\/p>\n<p><div id=\"attachment_83304\" style=\"width: 545px\" class=\"wp-caption aligncenter\"><img loading=\"lazy\" decoding=\"async\" aria-describedby=\"caption-attachment-83304\" class=\"wp-image-83304\" src=\"https:\/\/recursing-golick.147-182-135-0.plesk.page\/wp-content\/uploads\/2022\/04\/haiti-fagu-campaigns-poster.jpg\" alt=\"\" width=\"535\" height=\"758\" srcset=\"https:\/\/interamerica.org\/wp-content\/uploads\/2022\/04\/haiti-fagu-campaigns-poster.jpg 600w, https:\/\/interamerica.org\/wp-content\/uploads\/2022\/04\/haiti-fagu-campaigns-poster-212x300.jpg 212w\" sizes=\"(max-width: 535px) 100vw, 535px\" \/><p id=\"caption-attachment-83304\" class=\"wp-caption-text\">Les campagnes r\u00e9gionales de la Division Inter Am\u00e9ricaine pour les territoires francophones se d\u00e9rouleront du 3 au 16 avril en Ha\u00efti et du 8 au 22 mai 2002 en Martinique. [Image : Division Inter Am\u00e9ricaine]<\/p><\/div>Pour regarder les deux campagnes d\u2019\u00e9vang\u00e9lisation, celle tenue en Ha\u00efti du 3 au 16 avril, de 18h00 \u00e0 19h00, heure de Miami, et celle de l\u2019Union des Antilles et Guyane Fran\u00e7aises du 8 au 22 mai, de 19h00 \u00e0 20h00, heure de Martinique, visitez :<\/p>\n<p>Hope Media Ha\u00efti <a href=\"https:\/\/www.youtube.com\/channel\/UCe8dvnv8D-gGo0yvjdaJQjw\">ICI<\/a>,<\/p>\n<p>Esp\u00e9rance TV Inter Am\u00e9rique <a href=\"https:\/\/www.youtube.com\/channel\/UCLcy5jHr0DmUoOslLM82JlQ\">ICI<\/a><\/p>\n<p><em>Auguste Richner a contribu\u00e9 \u00e0 cet article.<\/em><\/p>\n<p>Traduction: Patrick Luciathe<\/p>\n","protected":false},"excerpt":{"rendered":"<p>4 Avril 2022 | Miami, Floride, \u00c9tats-Unis | Libna Stevens, Actualit\u00e9s de la Division Inter Am\u00e9ricaine Des centaines d\u2019adventistes du septi\u00e8me jour se sont r\u00e9unis hier soir \u00e0 l\u2019\u00e9glise adventiste&#8230;<\/p>\n","protected":false},"author":3,"featured_media":83322,"comment_status":"closed","ping_status":"closed","sticky":false,"template":"","format":"standard","meta":{"_acf_changed":false,"footnotes":""},"categories":[20,19],"tags":[],"class_list":["post-83341","post","type-post","status-publish","format-standard","has-post-thumbnail","hentry","category-nouvelles-du-siege-de-la-division","category-rss-francais"],"acf":[],"yoast_head":"<!-- This site is optimized with the Yoast SEO plugin v27.3 - https:\/\/yoast.com\/product\/yoast-seo-wordpress\/ -->\n<title>Lancement de la premi\u00e8re de deux campagnes d\u2019\u00e9vang\u00e9lisation pour le territoire francophone de l\u2019Inter Am\u00e9rique - \u00c9glise Adventiste Du Septieme Jour - Inter Am\u00e9rique Division<\/title>\n<meta name=\"robots\" content=\"index, follow, max-snippet:-1, max-image-preview:large, max-video-preview:-1\" \/>\n<link rel=\"canonical\" href=\"https:\/\/interamerica.org\/fr\/2022\/04\/lancement-de-la-premiere-de-deux-campagnes-devangelisation-pour-le-territoire-francophone-de-linter-amerique\/\" \/>\n<meta property=\"og:locale\" content=\"fr_FR\" \/>\n<meta property=\"og:type\" content=\"article\" \/>\n<meta property=\"og:title\" content=\"Lancement de la premi\u00e8re de deux campagnes d\u2019\u00e9vang\u00e9lisation pour le territoire francophone de l\u2019Inter Am\u00e9rique - \u00c9glise Adventiste Du Septieme Jour - Inter Am\u00e9rique Division\" \/>\n<meta property=\"og:description\" content=\"4 Avril 2022 | Miami, Floride, \u00c9tats-Unis | Libna Stevens, Actualit\u00e9s de la Division Inter Am\u00e9ricaine Des centaines d\u2019adventistes du septi\u00e8me jour se sont r\u00e9unis hier soir \u00e0 l\u2019\u00e9glise adventiste...\" \/>\n<meta property=\"og:url\" content=\"https:\/\/interamerica.org\/fr\/2022\/04\/lancement-de-la-premiere-de-deux-campagnes-devangelisation-pour-le-territoire-francophone-de-linter-amerique\/\" \/>\n<meta property=\"og:site_name\" content=\"\u00c9glise Adventiste Du Septieme Jour - Inter Am\u00e9rique Division\" \/>\n<meta property=\"article:published_time\" content=\"2022-04-05T00:53:31+00:00\" \/>\n<meta property=\"article:modified_time\" content=\"2022-04-05T13:25:13+00:00\" \/>\n<meta property=\"og:image\" content=\"https:\/\/interamerica.org\/wp-content\/uploads\/2022\/04\/bethanie-petion-ville-haiti2-1280.jpg\" \/>\n\t<meta property=\"og:image:width\" content=\"1280\" \/>\n\t<meta property=\"og:image:height\" content=\"800\" \/>\n\t<meta property=\"og:image:type\" content=\"image\/jpeg\" \/>\n<meta name=\"author\" content=\"libna\" \/>\n<meta name=\"twitter:card\" content=\"summary_large_image\" \/>\n<meta name=\"twitter:label1\" content=\"\u00c9crit par\" \/>\n\t<meta name=\"twitter:data1\" content=\"libna\" \/>\n\t<meta name=\"twitter:label2\" content=\"Dur\u00e9e de lecture estim\u00e9e\" \/>\n\t<meta name=\"twitter:data2\" content=\"6 minutes\" \/>\n<script type=\"application\/ld+json\" class=\"yoast-schema-graph\">{\"@context\":\"https:\\\/\\\/schema.org\",\"@graph\":[{\"@type\":\"Article\",\"@id\":\"https:\\\/\\\/interamerica.org\\\/fr\\\/2022\\\/04\\\/lancement-de-la-premiere-de-deux-campagnes-devangelisation-pour-le-territoire-francophone-de-linter-amerique\\\/#article\",\"isPartOf\":{\"@id\":\"https:\\\/\\\/interamerica.org\\\/fr\\\/2022\\\/04\\\/lancement-de-la-premiere-de-deux-campagnes-devangelisation-pour-le-territoire-francophone-de-linter-amerique\\\/\"},\"author\":{\"name\":\"libna\",\"@id\":\"https:\\\/\\\/interamerica.org\\\/fr\\\/#\\\/schema\\\/person\\\/29998f2bc2d8bd0d38662909289b54f1\"},\"headline\":\"Lancement de la premi\u00e8re de deux campagnes d\u2019\u00e9vang\u00e9lisation pour le territoire francophone de l\u2019Inter Am\u00e9rique\",\"datePublished\":\"2022-04-05T00:53:31+00:00\",\"dateModified\":\"2022-04-05T13:25:13+00:00\",\"mainEntityOfPage\":{\"@id\":\"https:\\\/\\\/interamerica.org\\\/fr\\\/2022\\\/04\\\/lancement-de-la-premiere-de-deux-campagnes-devangelisation-pour-le-territoire-francophone-de-linter-amerique\\\/\"},\"wordCount\":1233,\"image\":{\"@id\":\"https:\\\/\\\/interamerica.org\\\/fr\\\/2022\\\/04\\\/lancement-de-la-premiere-de-deux-campagnes-devangelisation-pour-le-territoire-francophone-de-linter-amerique\\\/#primaryimage\"},\"thumbnailUrl\":\"https:\\\/\\\/interamerica.org\\\/wp-content\\\/uploads\\\/2022\\\/04\\\/bethanie-petion-ville-haiti2-1280.jpg\",\"articleSection\":[\"Nouvelles du si\u00e8ge de la division\",\"RSS Fran\u00e7ais\"],\"inLanguage\":\"fr-FR\"},{\"@type\":\"WebPage\",\"@id\":\"https:\\\/\\\/interamerica.org\\\/fr\\\/2022\\\/04\\\/lancement-de-la-premiere-de-deux-campagnes-devangelisation-pour-le-territoire-francophone-de-linter-amerique\\\/\",\"url\":\"https:\\\/\\\/interamerica.org\\\/fr\\\/2022\\\/04\\\/lancement-de-la-premiere-de-deux-campagnes-devangelisation-pour-le-territoire-francophone-de-linter-amerique\\\/\",\"name\":\"Lancement de la premi\u00e8re de deux campagnes d\u2019\u00e9vang\u00e9lisation pour le territoire francophone de l\u2019Inter Am\u00e9rique - \u00c9glise Adventiste Du Septieme Jour - Inter Am\u00e9rique Division\",\"isPartOf\":{\"@id\":\"https:\\\/\\\/interamerica.org\\\/fr\\\/#website\"},\"primaryImageOfPage\":{\"@id\":\"https:\\\/\\\/interamerica.org\\\/fr\\\/2022\\\/04\\\/lancement-de-la-premiere-de-deux-campagnes-devangelisation-pour-le-territoire-francophone-de-linter-amerique\\\/#primaryimage\"},\"image\":{\"@id\":\"https:\\\/\\\/interamerica.org\\\/fr\\\/2022\\\/04\\\/lancement-de-la-premiere-de-deux-campagnes-devangelisation-pour-le-territoire-francophone-de-linter-amerique\\\/#primaryimage\"},\"thumbnailUrl\":\"https:\\\/\\\/interamerica.org\\\/wp-content\\\/uploads\\\/2022\\\/04\\\/bethanie-petion-ville-haiti2-1280.jpg\",\"datePublished\":\"2022-04-05T00:53:31+00:00\",\"dateModified\":\"2022-04-05T13:25:13+00:00\",\"author\":{\"@id\":\"https:\\\/\\\/interamerica.org\\\/fr\\\/#\\\/schema\\\/person\\\/29998f2bc2d8bd0d38662909289b54f1\"},\"breadcrumb\":{\"@id\":\"https:\\\/\\\/interamerica.org\\\/fr\\\/2022\\\/04\\\/lancement-de-la-premiere-de-deux-campagnes-devangelisation-pour-le-territoire-francophone-de-linter-amerique\\\/#breadcrumb\"},\"inLanguage\":\"fr-FR\",\"potentialAction\":[{\"@type\":\"ReadAction\",\"target\":[\"https:\\\/\\\/interamerica.org\\\/fr\\\/2022\\\/04\\\/lancement-de-la-premiere-de-deux-campagnes-devangelisation-pour-le-territoire-francophone-de-linter-amerique\\\/\"]}]},{\"@type\":\"ImageObject\",\"inLanguage\":\"fr-FR\",\"@id\":\"https:\\\/\\\/interamerica.org\\\/fr\\\/2022\\\/04\\\/lancement-de-la-premiere-de-deux-campagnes-devangelisation-pour-le-territoire-francophone-de-linter-amerique\\\/#primaryimage\",\"url\":\"https:\\\/\\\/interamerica.org\\\/wp-content\\\/uploads\\\/2022\\\/04\\\/bethanie-petion-ville-haiti2-1280.jpg\",\"contentUrl\":\"https:\\\/\\\/interamerica.org\\\/wp-content\\\/uploads\\\/2022\\\/04\\\/bethanie-petion-ville-haiti2-1280.jpg\",\"width\":1280,\"height\":800,\"caption\":\"[Photo: Union Ha\u00eftienne]\"},{\"@type\":\"BreadcrumbList\",\"@id\":\"https:\\\/\\\/interamerica.org\\\/fr\\\/2022\\\/04\\\/lancement-de-la-premiere-de-deux-campagnes-devangelisation-pour-le-territoire-francophone-de-linter-amerique\\\/#breadcrumb\",\"itemListElement\":[{\"@type\":\"ListItem\",\"position\":1,\"name\":\"Home\",\"item\":\"https:\\\/\\\/interamerica.org\\\/fr\\\/\"},{\"@type\":\"ListItem\",\"position\":2,\"name\":\"Lancement de la premi\u00e8re de deux campagnes d\u2019\u00e9vang\u00e9lisation pour le territoire francophone de l\u2019Inter Am\u00e9rique\"}]},{\"@type\":\"WebSite\",\"@id\":\"https:\\\/\\\/interamerica.org\\\/fr\\\/#website\",\"url\":\"https:\\\/\\\/interamerica.org\\\/fr\\\/\",\"name\":\"\u00c9glise Adventiste Du Septieme Jour - Inter Am\u00e9rique Division\",\"description\":\"\",\"potentialAction\":[{\"@type\":\"SearchAction\",\"target\":{\"@type\":\"EntryPoint\",\"urlTemplate\":\"https:\\\/\\\/interamerica.org\\\/fr\\\/?s={search_term_string}\"},\"query-input\":{\"@type\":\"PropertyValueSpecification\",\"valueRequired\":true,\"valueName\":\"search_term_string\"}}],\"inLanguage\":\"fr-FR\"},{\"@type\":\"Person\",\"@id\":\"https:\\\/\\\/interamerica.org\\\/fr\\\/#\\\/schema\\\/person\\\/29998f2bc2d8bd0d38662909289b54f1\",\"name\":\"libna\",\"image\":{\"@type\":\"ImageObject\",\"inLanguage\":\"fr-FR\",\"@id\":\"https:\\\/\\\/secure.gravatar.com\\\/avatar\\\/7c5bd30ae4b47a9ba3c856590957fd1d96dc588bf3ac05719d247e126840331f?s=96&d=mm&r=g\",\"url\":\"https:\\\/\\\/secure.gravatar.com\\\/avatar\\\/7c5bd30ae4b47a9ba3c856590957fd1d96dc588bf3ac05719d247e126840331f?s=96&d=mm&r=g\",\"contentUrl\":\"https:\\\/\\\/secure.gravatar.com\\\/avatar\\\/7c5bd30ae4b47a9ba3c856590957fd1d96dc588bf3ac05719d247e126840331f?s=96&d=mm&r=g\",\"caption\":\"libna\"}}]}<\/script>\n<!-- \/ Yoast SEO plugin. -->","yoast_head_json":{"title":"Lancement de la premi\u00e8re de deux campagnes d\u2019\u00e9vang\u00e9lisation pour le territoire francophone de l\u2019Inter Am\u00e9rique - \u00c9glise Adventiste Du Septieme Jour - Inter Am\u00e9rique Division","robots":{"index":"index","follow":"follow","max-snippet":"max-snippet:-1","max-image-preview":"max-image-preview:large","max-video-preview":"max-video-preview:-1"},"canonical":"https:\/\/interamerica.org\/fr\/2022\/04\/lancement-de-la-premiere-de-deux-campagnes-devangelisation-pour-le-territoire-francophone-de-linter-amerique\/","og_locale":"fr_FR","og_type":"article","og_title":"Lancement de la premi\u00e8re de deux campagnes d\u2019\u00e9vang\u00e9lisation pour le territoire francophone de l\u2019Inter Am\u00e9rique - \u00c9glise Adventiste Du Septieme Jour - Inter Am\u00e9rique Division","og_description":"4 Avril 2022 | Miami, Floride, \u00c9tats-Unis | Libna Stevens, Actualit\u00e9s de la Division Inter Am\u00e9ricaine Des centaines d\u2019adventistes du septi\u00e8me jour se sont r\u00e9unis hier soir \u00e0 l\u2019\u00e9glise adventiste...","og_url":"https:\/\/interamerica.org\/fr\/2022\/04\/lancement-de-la-premiere-de-deux-campagnes-devangelisation-pour-le-territoire-francophone-de-linter-amerique\/","og_site_name":"\u00c9glise Adventiste Du Septieme Jour - Inter Am\u00e9rique Division","article_published_time":"2022-04-05T00:53:31+00:00","article_modified_time":"2022-04-05T13:25:13+00:00","og_image":[{"width":1280,"height":800,"url":"https:\/\/interamerica.org\/wp-content\/uploads\/2022\/04\/bethanie-petion-ville-haiti2-1280.jpg","type":"image\/jpeg"}],"author":"libna","twitter_card":"summary_large_image","twitter_misc":{"\u00c9crit par":"libna","Dur\u00e9e de lecture estim\u00e9e":"6 minutes"},"schema":{"@context":"https:\/\/schema.org","@graph":[{"@type":"Article","@id":"https:\/\/interamerica.org\/fr\/2022\/04\/lancement-de-la-premiere-de-deux-campagnes-devangelisation-pour-le-territoire-francophone-de-linter-amerique\/#article","isPartOf":{"@id":"https:\/\/interamerica.org\/fr\/2022\/04\/lancement-de-la-premiere-de-deux-campagnes-devangelisation-pour-le-territoire-francophone-de-linter-amerique\/"},"author":{"name":"libna","@id":"https:\/\/interamerica.org\/fr\/#\/schema\/person\/29998f2bc2d8bd0d38662909289b54f1"},"headline":"Lancement de la premi\u00e8re de deux campagnes d\u2019\u00e9vang\u00e9lisation pour le territoire francophone de l\u2019Inter Am\u00e9rique","datePublished":"2022-04-05T00:53:31+00:00","dateModified":"2022-04-05T13:25:13+00:00","mainEntityOfPage":{"@id":"https:\/\/interamerica.org\/fr\/2022\/04\/lancement-de-la-premiere-de-deux-campagnes-devangelisation-pour-le-territoire-francophone-de-linter-amerique\/"},"wordCount":1233,"image":{"@id":"https:\/\/interamerica.org\/fr\/2022\/04\/lancement-de-la-premiere-de-deux-campagnes-devangelisation-pour-le-territoire-francophone-de-linter-amerique\/#primaryimage"},"thumbnailUrl":"https:\/\/interamerica.org\/wp-content\/uploads\/2022\/04\/bethanie-petion-ville-haiti2-1280.jpg","articleSection":["Nouvelles du si\u00e8ge de la division","RSS Fran\u00e7ais"],"inLanguage":"fr-FR"},{"@type":"WebPage","@id":"https:\/\/interamerica.org\/fr\/2022\/04\/lancement-de-la-premiere-de-deux-campagnes-devangelisation-pour-le-territoire-francophone-de-linter-amerique\/","url":"https:\/\/interamerica.org\/fr\/2022\/04\/lancement-de-la-premiere-de-deux-campagnes-devangelisation-pour-le-territoire-francophone-de-linter-amerique\/","name":"Lancement de la premi\u00e8re de deux campagnes d\u2019\u00e9vang\u00e9lisation pour le territoire francophone de l\u2019Inter Am\u00e9rique - \u00c9glise Adventiste Du Septieme Jour - Inter Am\u00e9rique Division","isPartOf":{"@id":"https:\/\/interamerica.org\/fr\/#website"},"primaryImageOfPage":{"@id":"https:\/\/interamerica.org\/fr\/2022\/04\/lancement-de-la-premiere-de-deux-campagnes-devangelisation-pour-le-territoire-francophone-de-linter-amerique\/#primaryimage"},"image":{"@id":"https:\/\/interamerica.org\/fr\/2022\/04\/lancement-de-la-premiere-de-deux-campagnes-devangelisation-pour-le-territoire-francophone-de-linter-amerique\/#primaryimage"},"thumbnailUrl":"https:\/\/interamerica.org\/wp-content\/uploads\/2022\/04\/bethanie-petion-ville-haiti2-1280.jpg","datePublished":"2022-04-05T00:53:31+00:00","dateModified":"2022-04-05T13:25:13+00:00","author":{"@id":"https:\/\/interamerica.org\/fr\/#\/schema\/person\/29998f2bc2d8bd0d38662909289b54f1"},"breadcrumb":{"@id":"https:\/\/interamerica.org\/fr\/2022\/04\/lancement-de-la-premiere-de-deux-campagnes-devangelisation-pour-le-territoire-francophone-de-linter-amerique\/#breadcrumb"},"inLanguage":"fr-FR","potentialAction":[{"@type":"ReadAction","target":["https:\/\/interamerica.org\/fr\/2022\/04\/lancement-de-la-premiere-de-deux-campagnes-devangelisation-pour-le-territoire-francophone-de-linter-amerique\/"]}]},{"@type":"ImageObject","inLanguage":"fr-FR","@id":"https:\/\/interamerica.org\/fr\/2022\/04\/lancement-de-la-premiere-de-deux-campagnes-devangelisation-pour-le-territoire-francophone-de-linter-amerique\/#primaryimage","url":"https:\/\/interamerica.org\/wp-content\/uploads\/2022\/04\/bethanie-petion-ville-haiti2-1280.jpg","contentUrl":"https:\/\/interamerica.org\/wp-content\/uploads\/2022\/04\/bethanie-petion-ville-haiti2-1280.jpg","width":1280,"height":800,"caption":"[Photo: Union Ha\u00eftienne]"},{"@type":"BreadcrumbList","@id":"https:\/\/interamerica.org\/fr\/2022\/04\/lancement-de-la-premiere-de-deux-campagnes-devangelisation-pour-le-territoire-francophone-de-linter-amerique\/#breadcrumb","itemListElement":[{"@type":"ListItem","position":1,"name":"Home","item":"https:\/\/interamerica.org\/fr\/"},{"@type":"ListItem","position":2,"name":"Lancement de la premi\u00e8re de deux campagnes d\u2019\u00e9vang\u00e9lisation pour le territoire francophone de l\u2019Inter Am\u00e9rique"}]},{"@type":"WebSite","@id":"https:\/\/interamerica.org\/fr\/#website","url":"https:\/\/interamerica.org\/fr\/","name":"\u00c9glise Adventiste Du Septieme Jour - Inter Am\u00e9rique Division","description":"","potentialAction":[{"@type":"SearchAction","target":{"@type":"EntryPoint","urlTemplate":"https:\/\/interamerica.org\/fr\/?s={search_term_string}"},"query-input":{"@type":"PropertyValueSpecification","valueRequired":true,"valueName":"search_term_string"}}],"inLanguage":"fr-FR"},{"@type":"Person","@id":"https:\/\/interamerica.org\/fr\/#\/schema\/person\/29998f2bc2d8bd0d38662909289b54f1","name":"libna","image":{"@type":"ImageObject","inLanguage":"fr-FR","@id":"https:\/\/secure.gravatar.com\/avatar\/7c5bd30ae4b47a9ba3c856590957fd1d96dc588bf3ac05719d247e126840331f?s=96&d=mm&r=g","url":"https:\/\/secure.gravatar.com\/avatar\/7c5bd30ae4b47a9ba3c856590957fd1d96dc588bf3ac05719d247e126840331f?s=96&d=mm&r=g","contentUrl":"https:\/\/secure.gravatar.com\/avatar\/7c5bd30ae4b47a9ba3c856590957fd1d96dc588bf3ac05719d247e126840331f?s=96&d=mm&r=g","caption":"libna"}}]}},"_links":{"self":[{"href":"https:\/\/interamerica.org\/fr\/wp-json\/wp\/v2\/posts\/83341","targetHints":{"allow":["GET"]}}],"collection":[{"href":"https:\/\/interamerica.org\/fr\/wp-json\/wp\/v2\/posts"}],"about":[{"href":"https:\/\/interamerica.org\/fr\/wp-json\/wp\/v2\/types\/post"}],"author":[{"embeddable":true,"href":"https:\/\/interamerica.org\/fr\/wp-json\/wp\/v2\/users\/3"}],"replies":[{"embeddable":true,"href":"https:\/\/interamerica.org\/fr\/wp-json\/wp\/v2\/comments?post=83341"}],"version-history":[{"count":0,"href":"https:\/\/interamerica.org\/fr\/wp-json\/wp\/v2\/posts\/83341\/revisions"}],"wp:featuredmedia":[{"embeddable":true,"href":"https:\/\/interamerica.org\/fr\/wp-json\/wp\/v2\/media\/83322"}],"wp:attachment":[{"href":"https:\/\/interamerica.org\/fr\/wp-json\/wp\/v2\/media?parent=83341"}],"wp:term":[{"taxonomy":"category","embeddable":true,"href":"https:\/\/interamerica.org\/fr\/wp-json\/wp\/v2\/categories?post=83341"},{"taxonomy":"post_tag","embeddable":true,"href":"https:\/\/interamerica.org\/fr\/wp-json\/wp\/v2\/tags?post=83341"}],"curies":[{"name":"wp","href":"https:\/\/api.w.org\/{rel}","templated":true}]}}