{"id":83407,"date":"2022-04-06T11:33:20","date_gmt":"2022-04-06T15:33:20","guid":{"rendered":"https:\/\/recursing-golick.147-182-135-0.plesk.page\/?p=83407"},"modified":"2022-04-07T07:12:36","modified_gmt":"2022-04-07T11:12:36","slug":"maranatha-volunteers-international-organise-un-programme-en-presentiel-pour-la-premiere-fois-en-deux-ans","status":"publish","type":"post","link":"https:\/\/interamerica.org\/fr\/2022\/04\/maranatha-volunteers-international-organise-un-programme-en-presentiel-pour-la-premiere-fois-en-deux-ans\/","title":{"rendered":"Maranatha Volunteers International organise un programme en pr\u00e9sentiel pour la premi\u00e8re fois en deux ans"},"content":{"rendered":"<h4>Pr\u00e8s de 500 personnes se sont r\u00e9unies pour \u00e9couter des t\u00e9moignages, des rapports et de la musique inspirante.<\/h4>\n<p>6 Avril 2022 | Chattanooga, Tennessee, \u00c9tats-Unis | Maranatha Volunteers International et Adventist Review<\/p>\n<p>Le 26 mars 2022, apr\u00e8s une pause de deux ans dans l\u2019organisation de programmes en pr\u00e9sentiel, Maranatha Volunteers International a accueilli pr\u00e8s de 500 personnes \u00e0 Go Maranatha !, une mini-convention annuelle qui s\u2019est tenue \u00e0 Chattanooga, dans le Tennessee, aux \u00c9tats-Unis. Le programme qui s\u2019est d\u00e9roul\u00e9 le sabbat (samedi) apr\u00e8s-midi comprenait des t\u00e9moignages de b\u00e9n\u00e9voles, des rapports d\u2019informations en provenance du champ de mission et de la musique pr\u00e9sent\u00e9e par les Aeolians, la chorale prim\u00e9e de l\u2019Universit\u00e9 d\u2019Oakwood \u00e0 Huntsville, en Alabama.<\/p>\n<p>Gabriel Paulino, pr\u00e9sident de la r\u00e9gion Sud-est de l\u2019\u00c9glise adventiste du septi\u00e8me jour en R\u00e9publique Dominicaine, faisait partie des invit\u00e9s sp\u00e9ciaux qui sont intervenus. Pasteur Paulino a parl\u00e9 de l\u2019histoire de Maranatha dans son pays, lorsque des volontaires sont arriv\u00e9s pour construire 25 \u00e9glises en 1992. Adolescent \u00e0 l&rsquo;\u00e9poque, Gabriel Paulino se souvient de de l\u2019impact qu\u2019a eu le premier projet sur sa propre vie et l\u2019effet domino de ces premi\u00e8res \u00e9glises dans son pays alors qu\u2019ann\u00e9e apr\u00e8s ann\u00e9e, le nombre de membres de l\u2019\u00c9glise adventiste en R\u00e9publique Dominicaine augmentait avec la cr\u00e9ation de nouvelles congr\u00e9gations les unes apr\u00e8s les autres. Devenu maintenant dirigeant d\u2019\u00e9glise, pasteur Paulino a expliqu\u00e9 pourquoi Maranatha est invit\u00e9e \u00e0 retourner dans le pays pour la quatri\u00e8me fois.<\/p>\n<p><div id=\"attachment_83377\" style=\"width: 838px\" class=\"wp-caption aligncenter\"><img fetchpriority=\"high\" decoding=\"async\" aria-describedby=\"caption-attachment-83377\" class=\" wp-image-83377\" src=\"https:\/\/recursing-golick.147-182-135-0.plesk.page\/wp-content\/uploads\/2022\/04\/go-maranatha-2022-audience-3-1.jpeg\" alt=\"\" width=\"828\" height=\"456\" srcset=\"https:\/\/interamerica.org\/wp-content\/uploads\/2022\/04\/go-maranatha-2022-audience-3-1.jpeg 725w, https:\/\/interamerica.org\/wp-content\/uploads\/2022\/04\/go-maranatha-2022-audience-3-1-300x166.jpeg 300w\" sizes=\"(max-width: 828px) 100vw, 828px\" \/><p id=\"caption-attachment-83377\" class=\"wp-caption-text\">Les Aeolians, la chorale prim\u00e9e de l\u2019Universit\u00e9 d\u2019Oakwood \u00e0 Huntsville, en Alabama, a offert de la musique inspirante. [Photo : Maranatha Volunteers International]<\/p><\/div>\u00ab La f\u00e9d\u00e9ration que je repr\u00e9sente, la F\u00e9d\u00e9ration du Sud-Est, c\u2019est la plus grande f\u00e9d\u00e9ration de la R\u00e9publique Dominicaine. Nous avons environ 90000 membres. Et rien que dans notre f\u00e9d\u00e9ration, nous avons implant\u00e9 100 nouvelles [congr\u00e9gations], \u00bb a d\u00e9clar\u00e9 Gabriel Paulino. \u00ab Nous avons d\u00fb acheter de nombreux terrains pour la construction de nouvelles \u00e9glises. Nous avons d\u00fb embaucher environ 20 pasteurs suppl\u00e9mentaires. \u2026 Nous avons des endroits tr\u00e8s humbles, remplis, mais des lieux en piteux \u00e9tat o\u00f9 les gens se r\u00e9unissent\u2026 et nous avons besoin de Maranatha pour ramener ces miracles en R\u00e9publique Dominicaine. \u00bb<\/p>\n<p>Maranatha se pr\u00e9pare d\u00e9j\u00e0 pour qu\u2019une \u00e9quipe se mette en place en R\u00e9publique Dominicaine, les plans \u00e9tant d\u2019identifier de nouveaux projets et de mobiliser des b\u00e9n\u00e9voles plus tard cette ann\u00e9e.<\/p>\n<p>Parmi les intervenants au programme Go Maranatha! On retrouvait des repr\u00e9sentants de l\u2019Inde, du P\u00e9rou, de la Zambie, du Kenya et des \u00c9tats-Unis &#8211; pays o\u00f9 Maranatha travaille actuellement.<\/p>\n<p><div id=\"attachment_83380\" style=\"width: 823px\" class=\"wp-caption aligncenter\"><img decoding=\"async\" aria-describedby=\"caption-attachment-83380\" class=\" wp-image-83380\" src=\"https:\/\/recursing-golick.147-182-135-0.plesk.page\/wp-content\/uploads\/2022\/04\/go-maranatha-2022-audience-4-1.jpeg\" alt=\"\" width=\"813\" height=\"448\" srcset=\"https:\/\/interamerica.org\/wp-content\/uploads\/2022\/04\/go-maranatha-2022-audience-4-1.jpeg 725w, https:\/\/interamerica.org\/wp-content\/uploads\/2022\/04\/go-maranatha-2022-audience-4-1-300x166.jpeg 300w\" sizes=\"(max-width: 813px) 100vw, 813px\" \/><p id=\"caption-attachment-83380\" class=\"wp-caption-text\">Les personnes participant \u00e0 la mini-convention Go Maranatha! \u00e0 Chattanooga ont \u00e9cout\u00e9 des vid\u00e9o de t\u00e9moignages et de rapports sur certains des projets du minist\u00e8re. [Photo : Maranatha Volunteers International]<\/p><\/div>De plus, les b\u00e9n\u00e9voles ont relat\u00e9 des r\u00e9cits de leurs exp\u00e9riences personnelles avec Maranatha et comment les voyages missionnaires ont chang\u00e9 leur vie de mani\u00e8re significative. David Mack, un b\u00e9n\u00e9vole soutenant Maranatha, a racont\u00e9 son histoire de foi dans le champ missionnaire, puis a exhort\u00e9 toutes les personnes pr\u00e9sentes dans l\u2019auditorium \u00e0 s\u2019impliquer dans le plan de Dieu pour sauver le monde.<\/p>\n<p>\u00ab Ce plan, il nous veut. Il veut que vous en fassiez partie. N\u2019est-ce pas cool ? Que nous soyons invit\u00e9s \u00e0 aider ? \u00bb a dit David Mack. \u00ab Vous donnez simplement au Seigneur la permission d\u2019utiliser votre vie, vos comp\u00e9tences, vos talents\u2026 Si vous dites, prends le contr\u00f4le ; lib\u00e8re le Saint-Esprit dans ma vie, vous feriez mieux de vous attendre \u00e0 voir les choses les plus extraordinaires se produire dans votre vie. \u00bb<\/p>\n<p>La convention annuelle de Maranatha se tiendra en pr\u00e9sentiel cette ann\u00e9e, \u00e0 Sacramento, en Californie, le week-end du 17 septembre 2022. Les dirigeants ont d\u00e9clar\u00e9 que des informations \u00e0 jour seront publi\u00e9es sur le site web du minist\u00e8re dans les mois \u00e0 venir.<\/p>\n<p>La <a href=\"https:\/\/maranatha.org\/news-events\/first-in-person-event-in-two-years\/\">version originale<\/a> de cet article a \u00e9t\u00e9 publi\u00e9e par <a href=\"https:\/\/maranatha.org\/\">Maranatha Volunteers International<\/a>.<\/p>\n<p>&nbsp;<\/p>\n<p>Traduction: Patrick Luciathe<\/p>\n","protected":false},"excerpt":{"rendered":"<p>Pr\u00e8s de 500 personnes se sont r\u00e9unies pour \u00e9couter des t\u00e9moignages, des rapports et de la musique inspirante. 6 Avril 2022 | Chattanooga, Tennessee, \u00c9tats-Unis | Maranatha Volunteers International et&#8230;<\/p>\n","protected":false},"author":3,"featured_media":83373,"comment_status":"closed","ping_status":"closed","sticky":false,"template":"","format":"standard","meta":{"_acf_changed":false,"footnotes":""},"categories":[18,19],"tags":[],"class_list":["post-83407","post","type-post","status-publish","format-standard","has-post-thumbnail","hentry","category-nouvelles-de-leglise-mondiale","category-rss-francais"],"acf":[],"yoast_head":"<!-- This site is optimized with the Yoast SEO plugin v27.3 - https:\/\/yoast.com\/product\/yoast-seo-wordpress\/ -->\n<title>Maranatha Volunteers International organise un programme en pr\u00e9sentiel pour la premi\u00e8re fois en deux ans - \u00c9glise Adventiste Du Septieme Jour - Inter Am\u00e9rique Division<\/title>\n<meta name=\"robots\" content=\"index, follow, max-snippet:-1, max-image-preview:large, max-video-preview:-1\" \/>\n<link rel=\"canonical\" href=\"https:\/\/interamerica.org\/fr\/2022\/04\/maranatha-volunteers-international-organise-un-programme-en-presentiel-pour-la-premiere-fois-en-deux-ans\/\" \/>\n<meta property=\"og:locale\" content=\"fr_FR\" \/>\n<meta property=\"og:type\" content=\"article\" \/>\n<meta property=\"og:title\" content=\"Maranatha Volunteers International organise un programme en pr\u00e9sentiel pour la premi\u00e8re fois en deux ans - \u00c9glise Adventiste Du Septieme Jour - Inter Am\u00e9rique Division\" \/>\n<meta property=\"og:description\" content=\"Pr\u00e8s de 500 personnes se sont r\u00e9unies pour \u00e9couter des t\u00e9moignages, des rapports et de la musique inspirante. 6 Avril 2022 | Chattanooga, Tennessee, \u00c9tats-Unis | Maranatha Volunteers International et...\" \/>\n<meta property=\"og:url\" content=\"https:\/\/interamerica.org\/fr\/2022\/04\/maranatha-volunteers-international-organise-un-programme-en-presentiel-pour-la-premiere-fois-en-deux-ans\/\" \/>\n<meta property=\"og:site_name\" content=\"\u00c9glise Adventiste Du Septieme Jour - Inter Am\u00e9rique Division\" \/>\n<meta property=\"article:published_time\" content=\"2022-04-06T15:33:20+00:00\" \/>\n<meta property=\"article:modified_time\" content=\"2022-04-07T11:12:36+00:00\" \/>\n<meta property=\"og:image\" content=\"https:\/\/interamerica.org\/wp-content\/uploads\/2022\/04\/maranatha-volunteers-international-holds-first-in-person-event-in-two-years1.jpeg\" \/>\n\t<meta property=\"og:image:width\" content=\"1920\" \/>\n\t<meta property=\"og:image:height\" content=\"1080\" \/>\n\t<meta property=\"og:image:type\" content=\"image\/jpeg\" \/>\n<meta name=\"author\" content=\"libna\" \/>\n<meta name=\"twitter:card\" content=\"summary_large_image\" \/>\n<meta name=\"twitter:label1\" content=\"\u00c9crit par\" \/>\n\t<meta name=\"twitter:data1\" content=\"libna\" \/>\n\t<meta name=\"twitter:label2\" content=\"Dur\u00e9e de lecture estim\u00e9e\" \/>\n\t<meta name=\"twitter:data2\" content=\"4 minutes\" \/>\n<script type=\"application\/ld+json\" class=\"yoast-schema-graph\">{\"@context\":\"https:\\\/\\\/schema.org\",\"@graph\":[{\"@type\":\"Article\",\"@id\":\"https:\\\/\\\/interamerica.org\\\/fr\\\/2022\\\/04\\\/maranatha-volunteers-international-organise-un-programme-en-presentiel-pour-la-premiere-fois-en-deux-ans\\\/#article\",\"isPartOf\":{\"@id\":\"https:\\\/\\\/interamerica.org\\\/fr\\\/2022\\\/04\\\/maranatha-volunteers-international-organise-un-programme-en-presentiel-pour-la-premiere-fois-en-deux-ans\\\/\"},\"author\":{\"name\":\"libna\",\"@id\":\"https:\\\/\\\/interamerica.org\\\/fr\\\/#\\\/schema\\\/person\\\/29998f2bc2d8bd0d38662909289b54f1\"},\"headline\":\"Maranatha Volunteers International organise un programme en pr\u00e9sentiel pour la premi\u00e8re fois en deux ans\",\"datePublished\":\"2022-04-06T15:33:20+00:00\",\"dateModified\":\"2022-04-07T11:12:36+00:00\",\"mainEntityOfPage\":{\"@id\":\"https:\\\/\\\/interamerica.org\\\/fr\\\/2022\\\/04\\\/maranatha-volunteers-international-organise-un-programme-en-presentiel-pour-la-premiere-fois-en-deux-ans\\\/\"},\"wordCount\":732,\"image\":{\"@id\":\"https:\\\/\\\/interamerica.org\\\/fr\\\/2022\\\/04\\\/maranatha-volunteers-international-organise-un-programme-en-presentiel-pour-la-premiere-fois-en-deux-ans\\\/#primaryimage\"},\"thumbnailUrl\":\"https:\\\/\\\/interamerica.org\\\/wp-content\\\/uploads\\\/2022\\\/04\\\/maranatha-volunteers-international-holds-first-in-person-event-in-two-years1.jpeg\",\"articleSection\":[\"Nouvelles de l'\u00c9glise mondiale\",\"RSS Fran\u00e7ais\"],\"inLanguage\":\"fr-FR\"},{\"@type\":\"WebPage\",\"@id\":\"https:\\\/\\\/interamerica.org\\\/fr\\\/2022\\\/04\\\/maranatha-volunteers-international-organise-un-programme-en-presentiel-pour-la-premiere-fois-en-deux-ans\\\/\",\"url\":\"https:\\\/\\\/interamerica.org\\\/fr\\\/2022\\\/04\\\/maranatha-volunteers-international-organise-un-programme-en-presentiel-pour-la-premiere-fois-en-deux-ans\\\/\",\"name\":\"Maranatha Volunteers International organise un programme en pr\u00e9sentiel pour la premi\u00e8re fois en deux ans - \u00c9glise Adventiste Du Septieme Jour - Inter Am\u00e9rique Division\",\"isPartOf\":{\"@id\":\"https:\\\/\\\/interamerica.org\\\/fr\\\/#website\"},\"primaryImageOfPage\":{\"@id\":\"https:\\\/\\\/interamerica.org\\\/fr\\\/2022\\\/04\\\/maranatha-volunteers-international-organise-un-programme-en-presentiel-pour-la-premiere-fois-en-deux-ans\\\/#primaryimage\"},\"image\":{\"@id\":\"https:\\\/\\\/interamerica.org\\\/fr\\\/2022\\\/04\\\/maranatha-volunteers-international-organise-un-programme-en-presentiel-pour-la-premiere-fois-en-deux-ans\\\/#primaryimage\"},\"thumbnailUrl\":\"https:\\\/\\\/interamerica.org\\\/wp-content\\\/uploads\\\/2022\\\/04\\\/maranatha-volunteers-international-holds-first-in-person-event-in-two-years1.jpeg\",\"datePublished\":\"2022-04-06T15:33:20+00:00\",\"dateModified\":\"2022-04-07T11:12:36+00:00\",\"author\":{\"@id\":\"https:\\\/\\\/interamerica.org\\\/fr\\\/#\\\/schema\\\/person\\\/29998f2bc2d8bd0d38662909289b54f1\"},\"breadcrumb\":{\"@id\":\"https:\\\/\\\/interamerica.org\\\/fr\\\/2022\\\/04\\\/maranatha-volunteers-international-organise-un-programme-en-presentiel-pour-la-premiere-fois-en-deux-ans\\\/#breadcrumb\"},\"inLanguage\":\"fr-FR\",\"potentialAction\":[{\"@type\":\"ReadAction\",\"target\":[\"https:\\\/\\\/interamerica.org\\\/fr\\\/2022\\\/04\\\/maranatha-volunteers-international-organise-un-programme-en-presentiel-pour-la-premiere-fois-en-deux-ans\\\/\"]}]},{\"@type\":\"ImageObject\",\"inLanguage\":\"fr-FR\",\"@id\":\"https:\\\/\\\/interamerica.org\\\/fr\\\/2022\\\/04\\\/maranatha-volunteers-international-organise-un-programme-en-presentiel-pour-la-premiere-fois-en-deux-ans\\\/#primaryimage\",\"url\":\"https:\\\/\\\/interamerica.org\\\/wp-content\\\/uploads\\\/2022\\\/04\\\/maranatha-volunteers-international-holds-first-in-person-event-in-two-years1.jpeg\",\"contentUrl\":\"https:\\\/\\\/interamerica.org\\\/wp-content\\\/uploads\\\/2022\\\/04\\\/maranatha-volunteers-international-holds-first-in-person-event-in-two-years1.jpeg\",\"width\":1920,\"height\":1080},{\"@type\":\"BreadcrumbList\",\"@id\":\"https:\\\/\\\/interamerica.org\\\/fr\\\/2022\\\/04\\\/maranatha-volunteers-international-organise-un-programme-en-presentiel-pour-la-premiere-fois-en-deux-ans\\\/#breadcrumb\",\"itemListElement\":[{\"@type\":\"ListItem\",\"position\":1,\"name\":\"Home\",\"item\":\"https:\\\/\\\/interamerica.org\\\/fr\\\/\"},{\"@type\":\"ListItem\",\"position\":2,\"name\":\"Maranatha Volunteers International organise un programme en pr\u00e9sentiel pour la premi\u00e8re fois en deux ans\"}]},{\"@type\":\"WebSite\",\"@id\":\"https:\\\/\\\/interamerica.org\\\/fr\\\/#website\",\"url\":\"https:\\\/\\\/interamerica.org\\\/fr\\\/\",\"name\":\"\u00c9glise Adventiste Du Septieme Jour - Inter Am\u00e9rique Division\",\"description\":\"\",\"potentialAction\":[{\"@type\":\"SearchAction\",\"target\":{\"@type\":\"EntryPoint\",\"urlTemplate\":\"https:\\\/\\\/interamerica.org\\\/fr\\\/?s={search_term_string}\"},\"query-input\":{\"@type\":\"PropertyValueSpecification\",\"valueRequired\":true,\"valueName\":\"search_term_string\"}}],\"inLanguage\":\"fr-FR\"},{\"@type\":\"Person\",\"@id\":\"https:\\\/\\\/interamerica.org\\\/fr\\\/#\\\/schema\\\/person\\\/29998f2bc2d8bd0d38662909289b54f1\",\"name\":\"libna\",\"image\":{\"@type\":\"ImageObject\",\"inLanguage\":\"fr-FR\",\"@id\":\"https:\\\/\\\/secure.gravatar.com\\\/avatar\\\/7c5bd30ae4b47a9ba3c856590957fd1d96dc588bf3ac05719d247e126840331f?s=96&d=mm&r=g\",\"url\":\"https:\\\/\\\/secure.gravatar.com\\\/avatar\\\/7c5bd30ae4b47a9ba3c856590957fd1d96dc588bf3ac05719d247e126840331f?s=96&d=mm&r=g\",\"contentUrl\":\"https:\\\/\\\/secure.gravatar.com\\\/avatar\\\/7c5bd30ae4b47a9ba3c856590957fd1d96dc588bf3ac05719d247e126840331f?s=96&d=mm&r=g\",\"caption\":\"libna\"}}]}<\/script>\n<!-- \/ Yoast SEO plugin. -->","yoast_head_json":{"title":"Maranatha Volunteers International organise un programme en pr\u00e9sentiel pour la premi\u00e8re fois en deux ans - \u00c9glise Adventiste Du Septieme Jour - Inter Am\u00e9rique Division","robots":{"index":"index","follow":"follow","max-snippet":"max-snippet:-1","max-image-preview":"max-image-preview:large","max-video-preview":"max-video-preview:-1"},"canonical":"https:\/\/interamerica.org\/fr\/2022\/04\/maranatha-volunteers-international-organise-un-programme-en-presentiel-pour-la-premiere-fois-en-deux-ans\/","og_locale":"fr_FR","og_type":"article","og_title":"Maranatha Volunteers International organise un programme en pr\u00e9sentiel pour la premi\u00e8re fois en deux ans - \u00c9glise Adventiste Du Septieme Jour - Inter Am\u00e9rique Division","og_description":"Pr\u00e8s de 500 personnes se sont r\u00e9unies pour \u00e9couter des t\u00e9moignages, des rapports et de la musique inspirante. 6 Avril 2022 | Chattanooga, Tennessee, \u00c9tats-Unis | Maranatha Volunteers International et...","og_url":"https:\/\/interamerica.org\/fr\/2022\/04\/maranatha-volunteers-international-organise-un-programme-en-presentiel-pour-la-premiere-fois-en-deux-ans\/","og_site_name":"\u00c9glise Adventiste Du Septieme Jour - Inter Am\u00e9rique Division","article_published_time":"2022-04-06T15:33:20+00:00","article_modified_time":"2022-04-07T11:12:36+00:00","og_image":[{"width":1920,"height":1080,"url":"https:\/\/interamerica.org\/wp-content\/uploads\/2022\/04\/maranatha-volunteers-international-holds-first-in-person-event-in-two-years1.jpeg","type":"image\/jpeg"}],"author":"libna","twitter_card":"summary_large_image","twitter_misc":{"\u00c9crit par":"libna","Dur\u00e9e de lecture estim\u00e9e":"4 minutes"},"schema":{"@context":"https:\/\/schema.org","@graph":[{"@type":"Article","@id":"https:\/\/interamerica.org\/fr\/2022\/04\/maranatha-volunteers-international-organise-un-programme-en-presentiel-pour-la-premiere-fois-en-deux-ans\/#article","isPartOf":{"@id":"https:\/\/interamerica.org\/fr\/2022\/04\/maranatha-volunteers-international-organise-un-programme-en-presentiel-pour-la-premiere-fois-en-deux-ans\/"},"author":{"name":"libna","@id":"https:\/\/interamerica.org\/fr\/#\/schema\/person\/29998f2bc2d8bd0d38662909289b54f1"},"headline":"Maranatha Volunteers International organise un programme en pr\u00e9sentiel pour la premi\u00e8re fois en deux ans","datePublished":"2022-04-06T15:33:20+00:00","dateModified":"2022-04-07T11:12:36+00:00","mainEntityOfPage":{"@id":"https:\/\/interamerica.org\/fr\/2022\/04\/maranatha-volunteers-international-organise-un-programme-en-presentiel-pour-la-premiere-fois-en-deux-ans\/"},"wordCount":732,"image":{"@id":"https:\/\/interamerica.org\/fr\/2022\/04\/maranatha-volunteers-international-organise-un-programme-en-presentiel-pour-la-premiere-fois-en-deux-ans\/#primaryimage"},"thumbnailUrl":"https:\/\/interamerica.org\/wp-content\/uploads\/2022\/04\/maranatha-volunteers-international-holds-first-in-person-event-in-two-years1.jpeg","articleSection":["Nouvelles de l'\u00c9glise mondiale","RSS Fran\u00e7ais"],"inLanguage":"fr-FR"},{"@type":"WebPage","@id":"https:\/\/interamerica.org\/fr\/2022\/04\/maranatha-volunteers-international-organise-un-programme-en-presentiel-pour-la-premiere-fois-en-deux-ans\/","url":"https:\/\/interamerica.org\/fr\/2022\/04\/maranatha-volunteers-international-organise-un-programme-en-presentiel-pour-la-premiere-fois-en-deux-ans\/","name":"Maranatha Volunteers International organise un programme en pr\u00e9sentiel pour la premi\u00e8re fois en deux ans - \u00c9glise Adventiste Du Septieme Jour - Inter Am\u00e9rique Division","isPartOf":{"@id":"https:\/\/interamerica.org\/fr\/#website"},"primaryImageOfPage":{"@id":"https:\/\/interamerica.org\/fr\/2022\/04\/maranatha-volunteers-international-organise-un-programme-en-presentiel-pour-la-premiere-fois-en-deux-ans\/#primaryimage"},"image":{"@id":"https:\/\/interamerica.org\/fr\/2022\/04\/maranatha-volunteers-international-organise-un-programme-en-presentiel-pour-la-premiere-fois-en-deux-ans\/#primaryimage"},"thumbnailUrl":"https:\/\/interamerica.org\/wp-content\/uploads\/2022\/04\/maranatha-volunteers-international-holds-first-in-person-event-in-two-years1.jpeg","datePublished":"2022-04-06T15:33:20+00:00","dateModified":"2022-04-07T11:12:36+00:00","author":{"@id":"https:\/\/interamerica.org\/fr\/#\/schema\/person\/29998f2bc2d8bd0d38662909289b54f1"},"breadcrumb":{"@id":"https:\/\/interamerica.org\/fr\/2022\/04\/maranatha-volunteers-international-organise-un-programme-en-presentiel-pour-la-premiere-fois-en-deux-ans\/#breadcrumb"},"inLanguage":"fr-FR","potentialAction":[{"@type":"ReadAction","target":["https:\/\/interamerica.org\/fr\/2022\/04\/maranatha-volunteers-international-organise-un-programme-en-presentiel-pour-la-premiere-fois-en-deux-ans\/"]}]},{"@type":"ImageObject","inLanguage":"fr-FR","@id":"https:\/\/interamerica.org\/fr\/2022\/04\/maranatha-volunteers-international-organise-un-programme-en-presentiel-pour-la-premiere-fois-en-deux-ans\/#primaryimage","url":"https:\/\/interamerica.org\/wp-content\/uploads\/2022\/04\/maranatha-volunteers-international-holds-first-in-person-event-in-two-years1.jpeg","contentUrl":"https:\/\/interamerica.org\/wp-content\/uploads\/2022\/04\/maranatha-volunteers-international-holds-first-in-person-event-in-two-years1.jpeg","width":1920,"height":1080},{"@type":"BreadcrumbList","@id":"https:\/\/interamerica.org\/fr\/2022\/04\/maranatha-volunteers-international-organise-un-programme-en-presentiel-pour-la-premiere-fois-en-deux-ans\/#breadcrumb","itemListElement":[{"@type":"ListItem","position":1,"name":"Home","item":"https:\/\/interamerica.org\/fr\/"},{"@type":"ListItem","position":2,"name":"Maranatha Volunteers International organise un programme en pr\u00e9sentiel pour la premi\u00e8re fois en deux ans"}]},{"@type":"WebSite","@id":"https:\/\/interamerica.org\/fr\/#website","url":"https:\/\/interamerica.org\/fr\/","name":"\u00c9glise Adventiste Du Septieme Jour - Inter Am\u00e9rique Division","description":"","potentialAction":[{"@type":"SearchAction","target":{"@type":"EntryPoint","urlTemplate":"https:\/\/interamerica.org\/fr\/?s={search_term_string}"},"query-input":{"@type":"PropertyValueSpecification","valueRequired":true,"valueName":"search_term_string"}}],"inLanguage":"fr-FR"},{"@type":"Person","@id":"https:\/\/interamerica.org\/fr\/#\/schema\/person\/29998f2bc2d8bd0d38662909289b54f1","name":"libna","image":{"@type":"ImageObject","inLanguage":"fr-FR","@id":"https:\/\/secure.gravatar.com\/avatar\/7c5bd30ae4b47a9ba3c856590957fd1d96dc588bf3ac05719d247e126840331f?s=96&d=mm&r=g","url":"https:\/\/secure.gravatar.com\/avatar\/7c5bd30ae4b47a9ba3c856590957fd1d96dc588bf3ac05719d247e126840331f?s=96&d=mm&r=g","contentUrl":"https:\/\/secure.gravatar.com\/avatar\/7c5bd30ae4b47a9ba3c856590957fd1d96dc588bf3ac05719d247e126840331f?s=96&d=mm&r=g","caption":"libna"}}]}},"_links":{"self":[{"href":"https:\/\/interamerica.org\/fr\/wp-json\/wp\/v2\/posts\/83407","targetHints":{"allow":["GET"]}}],"collection":[{"href":"https:\/\/interamerica.org\/fr\/wp-json\/wp\/v2\/posts"}],"about":[{"href":"https:\/\/interamerica.org\/fr\/wp-json\/wp\/v2\/types\/post"}],"author":[{"embeddable":true,"href":"https:\/\/interamerica.org\/fr\/wp-json\/wp\/v2\/users\/3"}],"replies":[{"embeddable":true,"href":"https:\/\/interamerica.org\/fr\/wp-json\/wp\/v2\/comments?post=83407"}],"version-history":[{"count":0,"href":"https:\/\/interamerica.org\/fr\/wp-json\/wp\/v2\/posts\/83407\/revisions"}],"wp:featuredmedia":[{"embeddable":true,"href":"https:\/\/interamerica.org\/fr\/wp-json\/wp\/v2\/media\/83373"}],"wp:attachment":[{"href":"https:\/\/interamerica.org\/fr\/wp-json\/wp\/v2\/media?parent=83407"}],"wp:term":[{"taxonomy":"category","embeddable":true,"href":"https:\/\/interamerica.org\/fr\/wp-json\/wp\/v2\/categories?post=83407"},{"taxonomy":"post_tag","embeddable":true,"href":"https:\/\/interamerica.org\/fr\/wp-json\/wp\/v2\/tags?post=83407"}],"curies":[{"name":"wp","href":"https:\/\/api.w.org\/{rel}","templated":true}]}}