{"id":83733,"date":"2022-04-12T16:22:29","date_gmt":"2022-04-12T20:22:29","guid":{"rendered":"https:\/\/recursing-golick.147-182-135-0.plesk.page\/?p=83733"},"modified":"2022-04-15T12:59:58","modified_gmt":"2022-04-15T16:59:58","slug":"le-comite-executif-de-leglise-adventiste-decide-dannexer-temporairement-le-bureau-administratif-ukrainien-a-la-conference-generale","status":"publish","type":"post","link":"https:\/\/interamerica.org\/fr\/2022\/04\/le-comite-executif-de-leglise-adventiste-decide-dannexer-temporairement-le-bureau-administratif-ukrainien-a-la-conference-generale\/","title":{"rendered":"Le comit\u00e9 ex\u00e9cutif de l\u2019\u00c9glise adventiste d\u00e9cide d\u2019annexer temporairement le bureau administratif ukrainien \u00e0 la Conf\u00e9rence g\u00e9n\u00e9rale"},"content":{"rendered":"<div>\n<p><span lang=\"FR-CA\">La d\u00e9cision est venue avec le fait que les probl\u00e8mes g\u00e9opolitiques continuent de poser des difficult\u00e9s administratives aux dirigeants en Ukraine.<\/span><\/p>\n<\/div>\n<div><span lang=\"FR-CA\">Le 12 avril 2022 | Silver Spring, Maryland, \u00c9tats-Unis | <i>Adventist News Network<\/i> et <i>Adventist Review<\/i><\/span><\/div>\n<div>\n<p><span lang=\"FR-CA\">Le 12 avril dernier, durant sa r\u00e9union printani\u00e8re annuelle, le comit\u00e9 ex\u00e9cutif de la Conf\u00e9rence g\u00e9n\u00e9rale (CG) des adventistes du septi\u00e8me jour a accept\u00e9, par un vote unanime, d\u2019annexer l\u2019Union ukrainienne, bureau administratif responsable du territoire ukrainien, directement \u00e0 la CG, et ce, jusqu\u2019\u00e0 ce que d\u2019autres dispositions plus ad\u00e9quates puissent \u00eatre prises. La CG est le corps administratif situ\u00e9 \u00e0 Silver Spring, dans l\u2019\u00c9tat am\u00e9ricain du Maryland, qui supervise l\u2019\u00e9glise mondiale.<\/span><\/p>\n<\/div>\n<div>\n<p><span lang=\"FR-CA\">Pr\u00e9c\u00e9demment, l\u2019Union ukrainienne faisait partie de la Division eurasienne de la Conf\u00e9rence g\u00e9n\u00e9rale.<\/span><\/p>\n<\/div>\n<div>\n<p><span lang=\"FR-CA\">Selon l\u2019action vot\u00e9e par le comit\u00e9 ex\u00e9cutif de la CG, l\u2019annexion de l\u2019Union ukrainienne \u00e0 la CG entre en vigueur imm\u00e9diatement et est due aux \u00ab\u00a0probl\u00e8mes g\u00e9opolitiques actuels qui posent des difficult\u00e9s administratives et missionnaires tant pour l\u2019Union ukrainienne que pour la Division eurasienne.\u00a0\u00bb<\/span><\/p>\n<\/div>\n<div><span lang=\"FR-CA\">\u00ab\u00a0Dans le contexte de la situation actuelle, a expliqu\u00e9 Ted N. C. Wilson, pr\u00e9sident de la CG, il est devenu tr\u00e8s \u00e9vident que nous devions sortir l\u2019Union ukrainienne des adventistes du septi\u00e8me jour de la Division eurasienne et l\u2019annexer temporairement \u00e0 la Conf\u00e9rence g\u00e9n\u00e9rale des adventistes du septi\u00e8me jour. Veuillez s\u2019il vous pla\u00eet prier pour la direction de Dieu dans son \u0153uvre en Ukraine alors que l\u2019\u00c9glise suit les pas de Christ en aidant les gens sur les plans physique, mental, social et spirituel durant cette p\u00e9riode tr\u00e8s difficile.\u00a0\u00bb<\/span><\/div>\n<div>\n<p><span lang=\"FR-CA\">D\u2019apr\u00e8s l\u2019action vot\u00e9e aujourd\u2019hui par le comit\u00e9 ex\u00e9cutif de la CG, un comit\u00e9 de surveillance de l\u2019Union ukrainienne de 21\u00a0membres, pr\u00e9sid\u00e9 par Artur Stele, vice-pr\u00e9sident de la CG, guidera et supervisera les activit\u00e9s de l\u2019\u00c9glise en Ukraine. De plus, toujours selon cette action, l\u2019annexion de l\u2019Union ukrainienne \u00e0 la CG sera reconsid\u00e9r\u00e9e r\u00e9guli\u00e8rement \u00ab\u00a0pour d\u00e9terminer la meilleure fa\u00e7on de poursuivre l\u2019avancement de l\u2019organisation et de la mission.\u00a0\u00bb<\/span><\/p>\n<\/div>\n<div>\n<p><span lang=\"FR-CA\">\u00ab\u00a0La structure de l\u2019\u00c9glise doit toujours servir la mission de l\u2019\u00c9glise, a expliqu\u00e9 le pasteur Stele. Malheureusement, nous ne vivons pas dans un monde parfait. La situation tragique actuelle en Ukraine exige simplement un changement dans la structure op\u00e9rationnelle pour l\u2019accomplissement de la mission. Nous avons attentivement \u00e9cout\u00e9 nos dirigeants en Ukraine ainsi que les dirigeants de la Division eurasienne, et il est devenu \u00e9vident qu\u2019un changement \u00e9tait n\u00e9cessaire.\u00a0\u00bb<\/span><\/p>\n<\/div>\n<div>\n<p><span lang=\"FR-CA\">\u00ab\u00a0Les \u00e9v\u00e9nements traumatisants et tragiques qui se sont r\u00e9cemment produits en Ukraine ont profond\u00e9ment affect\u00e9 le monde, a ajout\u00e9 le pasteur Wilson. Nos c\u0153urs sont grandement attrist\u00e9s et charg\u00e9s par la terrible violence et la perte de vies en Ukraine. Nous prions sinc\u00e8rement pour la fin de ce carnage et pour que la paix revienne en Ukraine et en Russie. Nous sommes \u00e9galement tr\u00e8s reconnaissants pour le d\u00e9versement d\u2019amour chr\u00e9tien de la part d\u2019innombrables membres d\u2019\u00e9glise en Europe de l\u2019Est et autour du monde envers les si nombreux r\u00e9fugi\u00e9s qui fuient leur pays.\u00a0\u00bb<\/span><\/p>\n<\/div>\n<div>\n<p><span lang=\"FR-CA\">La Division eurasienne continuera de travailler et d\u2019administrer les activit\u00e9s de l\u2019\u00c9glise adventiste du septi\u00e8me jour sur le reste de son territoire.<\/span><\/p>\n<\/div>\n<div>\n<p><span lang=\"FR-CA\">\u00ab\u00a0Veuillez prier pour la b\u00e9n\u00e9diction et la direction de Dieu dans cette r\u00e9gion importante de la grande \u00c9glise mondiale de Dieu, surtout durant ces temps difficiles\u00a0\u00bb, a r\u00e9it\u00e9r\u00e9 le pasteur Wilson.<\/span><\/p>\n<\/div>\n<div><span lang=\"FR-CA\">Le pasteur Stele a fait remarquer l\u2019importance de ne pas oublier que m\u00eame en de telles circonstances, nous sommes tous les enfants de Dieu et voulons \u00eatre ensemble lorsque J\u00e9sus reviendra. \u00ab\u00a0Nous avons le m\u00eame P\u00e8re. Nous avons les yeux riv\u00e9s sur le m\u00eame royaume c\u00e9leste, a-t-il dit. Nos membres de la Division eurasienne font partie de la m\u00eame famille. Ils s\u2019aiment les uns les autres, ils se soucient les uns des autres, ils veulent le meilleur les uns pour les autres et esp\u00e8rent \u00eatre rassembl\u00e9s dans le ciel. M\u00eame avec ce changement de structure, m\u00eame durant cette horrible situation qui force notre peuple \u00e0 se s\u00e9parer, ils prient toujours les uns pour les autres en attendant le jour o\u00f9 ils seront r\u00e9unis les uns avec les autres et o\u00f9 ils adoreront ensemble notre Sauveur J\u00e9sus-Christ en personne.\u00a0\u00bb<\/span><\/div>\n<p>Traduction : Marie-Mich\u00e8le Robitaille<\/p>\n","protected":false},"excerpt":{"rendered":"<p>La d\u00e9cision est venue avec le fait que les probl\u00e8mes g\u00e9opolitiques continuent de poser des difficult\u00e9s administratives aux dirigeants en Ukraine. Le 12 avril 2022 | Silver Spring, Maryland, \u00c9tats-Unis&#8230;<\/p>\n","protected":false},"author":3,"featured_media":83657,"comment_status":"closed","ping_status":"closed","sticky":false,"template":"","format":"standard","meta":{"_acf_changed":false,"footnotes":""},"categories":[18,19],"tags":[],"class_list":["post-83733","post","type-post","status-publish","format-standard","has-post-thumbnail","hentry","category-nouvelles-de-leglise-mondiale","category-rss-francais"],"acf":[],"yoast_head":"<!-- This site is optimized with the Yoast SEO plugin v27.3 - https:\/\/yoast.com\/product\/yoast-seo-wordpress\/ -->\n<title>Le comit\u00e9 ex\u00e9cutif de l\u2019\u00c9glise adventiste d\u00e9cide d\u2019annexer temporairement le bureau administratif ukrainien \u00e0 la Conf\u00e9rence g\u00e9n\u00e9rale - \u00c9glise Adventiste Du Septieme Jour - Inter Am\u00e9rique Division<\/title>\n<meta name=\"robots\" content=\"index, follow, max-snippet:-1, max-image-preview:large, max-video-preview:-1\" \/>\n<link rel=\"canonical\" href=\"https:\/\/interamerica.org\/fr\/2022\/04\/le-comite-executif-de-leglise-adventiste-decide-dannexer-temporairement-le-bureau-administratif-ukrainien-a-la-conference-generale\/\" \/>\n<meta property=\"og:locale\" content=\"fr_FR\" \/>\n<meta property=\"og:type\" content=\"article\" \/>\n<meta property=\"og:title\" content=\"Le comit\u00e9 ex\u00e9cutif de l\u2019\u00c9glise adventiste d\u00e9cide d\u2019annexer temporairement le bureau administratif ukrainien \u00e0 la Conf\u00e9rence g\u00e9n\u00e9rale - \u00c9glise Adventiste Du Septieme Jour - Inter Am\u00e9rique Division\" \/>\n<meta property=\"og:description\" content=\"La d\u00e9cision est venue avec le fait que les probl\u00e8mes g\u00e9opolitiques continuent de poser des difficult\u00e9s administratives aux dirigeants en Ukraine. Le 12 avril 2022 | Silver Spring, Maryland, \u00c9tats-Unis...\" \/>\n<meta property=\"og:url\" content=\"https:\/\/interamerica.org\/fr\/2022\/04\/le-comite-executif-de-leglise-adventiste-decide-dannexer-temporairement-le-bureau-administratif-ukrainien-a-la-conference-generale\/\" \/>\n<meta property=\"og:site_name\" content=\"\u00c9glise Adventiste Du Septieme Jour - Inter Am\u00e9rique Division\" \/>\n<meta property=\"article:published_time\" content=\"2022-04-12T20:22:29+00:00\" \/>\n<meta property=\"article:modified_time\" content=\"2022-04-15T16:59:58+00:00\" \/>\n<meta property=\"og:image\" content=\"https:\/\/interamerica.org\/wp-content\/uploads\/2022\/04\/ukraine-max-kukurudziak-qbc3zmxw0g8-unsplash.jpg\" \/>\n\t<meta property=\"og:image:width\" content=\"1280\" \/>\n\t<meta property=\"og:image:height\" content=\"800\" \/>\n\t<meta property=\"og:image:type\" content=\"image\/jpeg\" \/>\n<meta name=\"author\" content=\"libna\" \/>\n<meta name=\"twitter:card\" content=\"summary_large_image\" \/>\n<meta name=\"twitter:label1\" content=\"\u00c9crit par\" \/>\n\t<meta name=\"twitter:data1\" content=\"libna\" \/>\n\t<meta name=\"twitter:label2\" content=\"Dur\u00e9e de lecture estim\u00e9e\" \/>\n\t<meta name=\"twitter:data2\" content=\"4 minutes\" \/>\n<script type=\"application\/ld+json\" class=\"yoast-schema-graph\">{\"@context\":\"https:\\\/\\\/schema.org\",\"@graph\":[{\"@type\":\"Article\",\"@id\":\"https:\\\/\\\/interamerica.org\\\/fr\\\/2022\\\/04\\\/le-comite-executif-de-leglise-adventiste-decide-dannexer-temporairement-le-bureau-administratif-ukrainien-a-la-conference-generale\\\/#article\",\"isPartOf\":{\"@id\":\"https:\\\/\\\/interamerica.org\\\/fr\\\/2022\\\/04\\\/le-comite-executif-de-leglise-adventiste-decide-dannexer-temporairement-le-bureau-administratif-ukrainien-a-la-conference-generale\\\/\"},\"author\":{\"name\":\"libna\",\"@id\":\"https:\\\/\\\/interamerica.org\\\/fr\\\/#\\\/schema\\\/person\\\/29998f2bc2d8bd0d38662909289b54f1\"},\"headline\":\"Le comit\u00e9 ex\u00e9cutif de l\u2019\u00c9glise adventiste d\u00e9cide d\u2019annexer temporairement le bureau administratif ukrainien \u00e0 la Conf\u00e9rence g\u00e9n\u00e9rale\",\"datePublished\":\"2022-04-12T20:22:29+00:00\",\"dateModified\":\"2022-04-15T16:59:58+00:00\",\"mainEntityOfPage\":{\"@id\":\"https:\\\/\\\/interamerica.org\\\/fr\\\/2022\\\/04\\\/le-comite-executif-de-leglise-adventiste-decide-dannexer-temporairement-le-bureau-administratif-ukrainien-a-la-conference-generale\\\/\"},\"wordCount\":808,\"image\":{\"@id\":\"https:\\\/\\\/interamerica.org\\\/fr\\\/2022\\\/04\\\/le-comite-executif-de-leglise-adventiste-decide-dannexer-temporairement-le-bureau-administratif-ukrainien-a-la-conference-generale\\\/#primaryimage\"},\"thumbnailUrl\":\"https:\\\/\\\/interamerica.org\\\/wp-content\\\/uploads\\\/2022\\\/04\\\/ukraine-max-kukurudziak-qbc3zmxw0g8-unsplash.jpg\",\"articleSection\":[\"Nouvelles de l'\u00c9glise mondiale\",\"RSS Fran\u00e7ais\"],\"inLanguage\":\"fr-FR\"},{\"@type\":\"WebPage\",\"@id\":\"https:\\\/\\\/interamerica.org\\\/fr\\\/2022\\\/04\\\/le-comite-executif-de-leglise-adventiste-decide-dannexer-temporairement-le-bureau-administratif-ukrainien-a-la-conference-generale\\\/\",\"url\":\"https:\\\/\\\/interamerica.org\\\/fr\\\/2022\\\/04\\\/le-comite-executif-de-leglise-adventiste-decide-dannexer-temporairement-le-bureau-administratif-ukrainien-a-la-conference-generale\\\/\",\"name\":\"Le comit\u00e9 ex\u00e9cutif de l\u2019\u00c9glise adventiste d\u00e9cide d\u2019annexer temporairement le bureau administratif ukrainien \u00e0 la Conf\u00e9rence g\u00e9n\u00e9rale - \u00c9glise Adventiste Du Septieme Jour - Inter Am\u00e9rique Division\",\"isPartOf\":{\"@id\":\"https:\\\/\\\/interamerica.org\\\/fr\\\/#website\"},\"primaryImageOfPage\":{\"@id\":\"https:\\\/\\\/interamerica.org\\\/fr\\\/2022\\\/04\\\/le-comite-executif-de-leglise-adventiste-decide-dannexer-temporairement-le-bureau-administratif-ukrainien-a-la-conference-generale\\\/#primaryimage\"},\"image\":{\"@id\":\"https:\\\/\\\/interamerica.org\\\/fr\\\/2022\\\/04\\\/le-comite-executif-de-leglise-adventiste-decide-dannexer-temporairement-le-bureau-administratif-ukrainien-a-la-conference-generale\\\/#primaryimage\"},\"thumbnailUrl\":\"https:\\\/\\\/interamerica.org\\\/wp-content\\\/uploads\\\/2022\\\/04\\\/ukraine-max-kukurudziak-qbc3zmxw0g8-unsplash.jpg\",\"datePublished\":\"2022-04-12T20:22:29+00:00\",\"dateModified\":\"2022-04-15T16:59:58+00:00\",\"author\":{\"@id\":\"https:\\\/\\\/interamerica.org\\\/fr\\\/#\\\/schema\\\/person\\\/29998f2bc2d8bd0d38662909289b54f1\"},\"breadcrumb\":{\"@id\":\"https:\\\/\\\/interamerica.org\\\/fr\\\/2022\\\/04\\\/le-comite-executif-de-leglise-adventiste-decide-dannexer-temporairement-le-bureau-administratif-ukrainien-a-la-conference-generale\\\/#breadcrumb\"},\"inLanguage\":\"fr-FR\",\"potentialAction\":[{\"@type\":\"ReadAction\",\"target\":[\"https:\\\/\\\/interamerica.org\\\/fr\\\/2022\\\/04\\\/le-comite-executif-de-leglise-adventiste-decide-dannexer-temporairement-le-bureau-administratif-ukrainien-a-la-conference-generale\\\/\"]}]},{\"@type\":\"ImageObject\",\"inLanguage\":\"fr-FR\",\"@id\":\"https:\\\/\\\/interamerica.org\\\/fr\\\/2022\\\/04\\\/le-comite-executif-de-leglise-adventiste-decide-dannexer-temporairement-le-bureau-administratif-ukrainien-a-la-conference-generale\\\/#primaryimage\",\"url\":\"https:\\\/\\\/interamerica.org\\\/wp-content\\\/uploads\\\/2022\\\/04\\\/ukraine-max-kukurudziak-qbc3zmxw0g8-unsplash.jpg\",\"contentUrl\":\"https:\\\/\\\/interamerica.org\\\/wp-content\\\/uploads\\\/2022\\\/04\\\/ukraine-max-kukurudziak-qbc3zmxw0g8-unsplash.jpg\",\"width\":1280,\"height\":800,\"caption\":\"[Une photo de Max Kukurdziak\\\/Unsplash.]\"},{\"@type\":\"BreadcrumbList\",\"@id\":\"https:\\\/\\\/interamerica.org\\\/fr\\\/2022\\\/04\\\/le-comite-executif-de-leglise-adventiste-decide-dannexer-temporairement-le-bureau-administratif-ukrainien-a-la-conference-generale\\\/#breadcrumb\",\"itemListElement\":[{\"@type\":\"ListItem\",\"position\":1,\"name\":\"Home\",\"item\":\"https:\\\/\\\/interamerica.org\\\/fr\\\/\"},{\"@type\":\"ListItem\",\"position\":2,\"name\":\"Le comit\u00e9 ex\u00e9cutif de l\u2019\u00c9glise adventiste d\u00e9cide d\u2019annexer temporairement le bureau administratif ukrainien \u00e0 la Conf\u00e9rence g\u00e9n\u00e9rale\"}]},{\"@type\":\"WebSite\",\"@id\":\"https:\\\/\\\/interamerica.org\\\/fr\\\/#website\",\"url\":\"https:\\\/\\\/interamerica.org\\\/fr\\\/\",\"name\":\"\u00c9glise Adventiste Du Septieme Jour - Inter Am\u00e9rique Division\",\"description\":\"\",\"potentialAction\":[{\"@type\":\"SearchAction\",\"target\":{\"@type\":\"EntryPoint\",\"urlTemplate\":\"https:\\\/\\\/interamerica.org\\\/fr\\\/?s={search_term_string}\"},\"query-input\":{\"@type\":\"PropertyValueSpecification\",\"valueRequired\":true,\"valueName\":\"search_term_string\"}}],\"inLanguage\":\"fr-FR\"},{\"@type\":\"Person\",\"@id\":\"https:\\\/\\\/interamerica.org\\\/fr\\\/#\\\/schema\\\/person\\\/29998f2bc2d8bd0d38662909289b54f1\",\"name\":\"libna\",\"image\":{\"@type\":\"ImageObject\",\"inLanguage\":\"fr-FR\",\"@id\":\"https:\\\/\\\/secure.gravatar.com\\\/avatar\\\/7c5bd30ae4b47a9ba3c856590957fd1d96dc588bf3ac05719d247e126840331f?s=96&d=mm&r=g\",\"url\":\"https:\\\/\\\/secure.gravatar.com\\\/avatar\\\/7c5bd30ae4b47a9ba3c856590957fd1d96dc588bf3ac05719d247e126840331f?s=96&d=mm&r=g\",\"contentUrl\":\"https:\\\/\\\/secure.gravatar.com\\\/avatar\\\/7c5bd30ae4b47a9ba3c856590957fd1d96dc588bf3ac05719d247e126840331f?s=96&d=mm&r=g\",\"caption\":\"libna\"}}]}<\/script>\n<!-- \/ Yoast SEO plugin. -->","yoast_head_json":{"title":"Le comit\u00e9 ex\u00e9cutif de l\u2019\u00c9glise adventiste d\u00e9cide d\u2019annexer temporairement le bureau administratif ukrainien \u00e0 la Conf\u00e9rence g\u00e9n\u00e9rale - \u00c9glise Adventiste Du Septieme Jour - Inter Am\u00e9rique Division","robots":{"index":"index","follow":"follow","max-snippet":"max-snippet:-1","max-image-preview":"max-image-preview:large","max-video-preview":"max-video-preview:-1"},"canonical":"https:\/\/interamerica.org\/fr\/2022\/04\/le-comite-executif-de-leglise-adventiste-decide-dannexer-temporairement-le-bureau-administratif-ukrainien-a-la-conference-generale\/","og_locale":"fr_FR","og_type":"article","og_title":"Le comit\u00e9 ex\u00e9cutif de l\u2019\u00c9glise adventiste d\u00e9cide d\u2019annexer temporairement le bureau administratif ukrainien \u00e0 la Conf\u00e9rence g\u00e9n\u00e9rale - \u00c9glise Adventiste Du Septieme Jour - Inter Am\u00e9rique Division","og_description":"La d\u00e9cision est venue avec le fait que les probl\u00e8mes g\u00e9opolitiques continuent de poser des difficult\u00e9s administratives aux dirigeants en Ukraine. Le 12 avril 2022 | Silver Spring, Maryland, \u00c9tats-Unis...","og_url":"https:\/\/interamerica.org\/fr\/2022\/04\/le-comite-executif-de-leglise-adventiste-decide-dannexer-temporairement-le-bureau-administratif-ukrainien-a-la-conference-generale\/","og_site_name":"\u00c9glise Adventiste Du Septieme Jour - Inter Am\u00e9rique Division","article_published_time":"2022-04-12T20:22:29+00:00","article_modified_time":"2022-04-15T16:59:58+00:00","og_image":[{"width":1280,"height":800,"url":"https:\/\/interamerica.org\/wp-content\/uploads\/2022\/04\/ukraine-max-kukurudziak-qbc3zmxw0g8-unsplash.jpg","type":"image\/jpeg"}],"author":"libna","twitter_card":"summary_large_image","twitter_misc":{"\u00c9crit par":"libna","Dur\u00e9e de lecture estim\u00e9e":"4 minutes"},"schema":{"@context":"https:\/\/schema.org","@graph":[{"@type":"Article","@id":"https:\/\/interamerica.org\/fr\/2022\/04\/le-comite-executif-de-leglise-adventiste-decide-dannexer-temporairement-le-bureau-administratif-ukrainien-a-la-conference-generale\/#article","isPartOf":{"@id":"https:\/\/interamerica.org\/fr\/2022\/04\/le-comite-executif-de-leglise-adventiste-decide-dannexer-temporairement-le-bureau-administratif-ukrainien-a-la-conference-generale\/"},"author":{"name":"libna","@id":"https:\/\/interamerica.org\/fr\/#\/schema\/person\/29998f2bc2d8bd0d38662909289b54f1"},"headline":"Le comit\u00e9 ex\u00e9cutif de l\u2019\u00c9glise adventiste d\u00e9cide d\u2019annexer temporairement le bureau administratif ukrainien \u00e0 la Conf\u00e9rence g\u00e9n\u00e9rale","datePublished":"2022-04-12T20:22:29+00:00","dateModified":"2022-04-15T16:59:58+00:00","mainEntityOfPage":{"@id":"https:\/\/interamerica.org\/fr\/2022\/04\/le-comite-executif-de-leglise-adventiste-decide-dannexer-temporairement-le-bureau-administratif-ukrainien-a-la-conference-generale\/"},"wordCount":808,"image":{"@id":"https:\/\/interamerica.org\/fr\/2022\/04\/le-comite-executif-de-leglise-adventiste-decide-dannexer-temporairement-le-bureau-administratif-ukrainien-a-la-conference-generale\/#primaryimage"},"thumbnailUrl":"https:\/\/interamerica.org\/wp-content\/uploads\/2022\/04\/ukraine-max-kukurudziak-qbc3zmxw0g8-unsplash.jpg","articleSection":["Nouvelles de l'\u00c9glise mondiale","RSS Fran\u00e7ais"],"inLanguage":"fr-FR"},{"@type":"WebPage","@id":"https:\/\/interamerica.org\/fr\/2022\/04\/le-comite-executif-de-leglise-adventiste-decide-dannexer-temporairement-le-bureau-administratif-ukrainien-a-la-conference-generale\/","url":"https:\/\/interamerica.org\/fr\/2022\/04\/le-comite-executif-de-leglise-adventiste-decide-dannexer-temporairement-le-bureau-administratif-ukrainien-a-la-conference-generale\/","name":"Le comit\u00e9 ex\u00e9cutif de l\u2019\u00c9glise adventiste d\u00e9cide d\u2019annexer temporairement le bureau administratif ukrainien \u00e0 la Conf\u00e9rence g\u00e9n\u00e9rale - \u00c9glise Adventiste Du Septieme Jour - Inter Am\u00e9rique Division","isPartOf":{"@id":"https:\/\/interamerica.org\/fr\/#website"},"primaryImageOfPage":{"@id":"https:\/\/interamerica.org\/fr\/2022\/04\/le-comite-executif-de-leglise-adventiste-decide-dannexer-temporairement-le-bureau-administratif-ukrainien-a-la-conference-generale\/#primaryimage"},"image":{"@id":"https:\/\/interamerica.org\/fr\/2022\/04\/le-comite-executif-de-leglise-adventiste-decide-dannexer-temporairement-le-bureau-administratif-ukrainien-a-la-conference-generale\/#primaryimage"},"thumbnailUrl":"https:\/\/interamerica.org\/wp-content\/uploads\/2022\/04\/ukraine-max-kukurudziak-qbc3zmxw0g8-unsplash.jpg","datePublished":"2022-04-12T20:22:29+00:00","dateModified":"2022-04-15T16:59:58+00:00","author":{"@id":"https:\/\/interamerica.org\/fr\/#\/schema\/person\/29998f2bc2d8bd0d38662909289b54f1"},"breadcrumb":{"@id":"https:\/\/interamerica.org\/fr\/2022\/04\/le-comite-executif-de-leglise-adventiste-decide-dannexer-temporairement-le-bureau-administratif-ukrainien-a-la-conference-generale\/#breadcrumb"},"inLanguage":"fr-FR","potentialAction":[{"@type":"ReadAction","target":["https:\/\/interamerica.org\/fr\/2022\/04\/le-comite-executif-de-leglise-adventiste-decide-dannexer-temporairement-le-bureau-administratif-ukrainien-a-la-conference-generale\/"]}]},{"@type":"ImageObject","inLanguage":"fr-FR","@id":"https:\/\/interamerica.org\/fr\/2022\/04\/le-comite-executif-de-leglise-adventiste-decide-dannexer-temporairement-le-bureau-administratif-ukrainien-a-la-conference-generale\/#primaryimage","url":"https:\/\/interamerica.org\/wp-content\/uploads\/2022\/04\/ukraine-max-kukurudziak-qbc3zmxw0g8-unsplash.jpg","contentUrl":"https:\/\/interamerica.org\/wp-content\/uploads\/2022\/04\/ukraine-max-kukurudziak-qbc3zmxw0g8-unsplash.jpg","width":1280,"height":800,"caption":"[Une photo de Max Kukurdziak\/Unsplash.]"},{"@type":"BreadcrumbList","@id":"https:\/\/interamerica.org\/fr\/2022\/04\/le-comite-executif-de-leglise-adventiste-decide-dannexer-temporairement-le-bureau-administratif-ukrainien-a-la-conference-generale\/#breadcrumb","itemListElement":[{"@type":"ListItem","position":1,"name":"Home","item":"https:\/\/interamerica.org\/fr\/"},{"@type":"ListItem","position":2,"name":"Le comit\u00e9 ex\u00e9cutif de l\u2019\u00c9glise adventiste d\u00e9cide d\u2019annexer temporairement le bureau administratif ukrainien \u00e0 la Conf\u00e9rence g\u00e9n\u00e9rale"}]},{"@type":"WebSite","@id":"https:\/\/interamerica.org\/fr\/#website","url":"https:\/\/interamerica.org\/fr\/","name":"\u00c9glise Adventiste Du Septieme Jour - Inter Am\u00e9rique Division","description":"","potentialAction":[{"@type":"SearchAction","target":{"@type":"EntryPoint","urlTemplate":"https:\/\/interamerica.org\/fr\/?s={search_term_string}"},"query-input":{"@type":"PropertyValueSpecification","valueRequired":true,"valueName":"search_term_string"}}],"inLanguage":"fr-FR"},{"@type":"Person","@id":"https:\/\/interamerica.org\/fr\/#\/schema\/person\/29998f2bc2d8bd0d38662909289b54f1","name":"libna","image":{"@type":"ImageObject","inLanguage":"fr-FR","@id":"https:\/\/secure.gravatar.com\/avatar\/7c5bd30ae4b47a9ba3c856590957fd1d96dc588bf3ac05719d247e126840331f?s=96&d=mm&r=g","url":"https:\/\/secure.gravatar.com\/avatar\/7c5bd30ae4b47a9ba3c856590957fd1d96dc588bf3ac05719d247e126840331f?s=96&d=mm&r=g","contentUrl":"https:\/\/secure.gravatar.com\/avatar\/7c5bd30ae4b47a9ba3c856590957fd1d96dc588bf3ac05719d247e126840331f?s=96&d=mm&r=g","caption":"libna"}}]}},"_links":{"self":[{"href":"https:\/\/interamerica.org\/fr\/wp-json\/wp\/v2\/posts\/83733","targetHints":{"allow":["GET"]}}],"collection":[{"href":"https:\/\/interamerica.org\/fr\/wp-json\/wp\/v2\/posts"}],"about":[{"href":"https:\/\/interamerica.org\/fr\/wp-json\/wp\/v2\/types\/post"}],"author":[{"embeddable":true,"href":"https:\/\/interamerica.org\/fr\/wp-json\/wp\/v2\/users\/3"}],"replies":[{"embeddable":true,"href":"https:\/\/interamerica.org\/fr\/wp-json\/wp\/v2\/comments?post=83733"}],"version-history":[{"count":0,"href":"https:\/\/interamerica.org\/fr\/wp-json\/wp\/v2\/posts\/83733\/revisions"}],"wp:featuredmedia":[{"embeddable":true,"href":"https:\/\/interamerica.org\/fr\/wp-json\/wp\/v2\/media\/83657"}],"wp:attachment":[{"href":"https:\/\/interamerica.org\/fr\/wp-json\/wp\/v2\/media?parent=83733"}],"wp:term":[{"taxonomy":"category","embeddable":true,"href":"https:\/\/interamerica.org\/fr\/wp-json\/wp\/v2\/categories?post=83733"},{"taxonomy":"post_tag","embeddable":true,"href":"https:\/\/interamerica.org\/fr\/wp-json\/wp\/v2\/tags?post=83733"}],"curies":[{"name":"wp","href":"https:\/\/api.w.org\/{rel}","templated":true}]}}