{"id":85485,"date":"2022-05-31T12:46:51","date_gmt":"2022-05-31T16:46:51","guid":{"rendered":"https:\/\/recursing-golick.147-182-135-0.plesk.page\/?p=85485"},"modified":"2022-06-02T09:31:09","modified_gmt":"2022-06-02T13:31:09","slug":"un-premier-programme-national-de-formation-pour-premiers-intervenants-offert-par-luniversite-adventiste-de-la-colombie","status":"publish","type":"post","link":"https:\/\/interamerica.org\/fr\/2022\/05\/un-premier-programme-national-de-formation-pour-premiers-intervenants-offert-par-luniversite-adventiste-de-la-colombie\/","title":{"rendered":"Un premier programme national de formation pour premiers intervenants offert par l\u2019Universit\u00e9 adventiste de la Colombie"},"content":{"rendered":"<div><span lang=\"FR-CA\">Le 31 mai 2022 | Medell\u00edn, Colombie | Daniela Arrieta pour l\u2019Universit\u00e9 adventiste de la Colombie et le d\u00e9partement des actualit\u00e9s de la Division interam\u00e9ricaine<\/span><\/div>\n<p>L\u2019Universit\u00e9 adventiste de la Colombie (UNAC) a r\u00e9cemment lanc\u00e9 son premier de plusieurs programmes de formation visant \u00e0 outiller 9\u00a0000\u00a0citoyens dans des dizaines de villes et districts municipaux \u00e0 offrir des premiers soins aux victimes d\u2019accidents de la route en Colombie. D\u2019apr\u00e8s les dirigeants de l\u2019\u00e9tablissement, les programmes de formation des premiers intervenants, appuy\u00e9s par le gouvernement national, seront offerts par l\u2019universit\u00e9 adventiste pendant dix ans.<\/p>\n<p>La ministre des Transports, \u00c1ngela Mar\u00eda Orozco, a visit\u00e9 le campus de l\u2019universit\u00e9 le mois dernier pour souligner l\u2019importance de la campagne nationale pour pr\u00e9venir les d\u00e9c\u00e8s de victimes d\u2019accidents et augmenter leurs chances de survie. Et le 26\u00a0avril 2022, elle a particip\u00e9 \u00e0 une s\u00e9ance de formation de huit heures sur le campus avec 65\u00a0autres personnes inscrites au programme et repr\u00e9sentant divers secteurs.<\/p>\n<p><div id=\"attachment_85449\" style=\"width: 853px\" class=\"wp-caption aligncenter\"><img fetchpriority=\"high\" decoding=\"async\" aria-describedby=\"caption-attachment-85449\" class=\" wp-image-85449\" src=\"https:\/\/recursing-golick.147-182-135-0.plesk.page\/wp-content\/uploads\/2022\/05\/unac-training-minister-of-transport.jpg\" alt=\"\" width=\"843\" height=\"562\" srcset=\"https:\/\/interamerica.org\/wp-content\/uploads\/2022\/05\/unac-training-minister-of-transport.jpg 1000w, https:\/\/interamerica.org\/wp-content\/uploads\/2022\/05\/unac-training-minister-of-transport-300x200.jpg 300w, https:\/\/interamerica.org\/wp-content\/uploads\/2022\/05\/unac-training-minister-of-transport-768x512.jpg 768w\" sizes=\"(max-width: 843px) 100vw, 843px\" \/><p id=\"caption-attachment-85449\" class=\"wp-caption-text\">Le 26\u00a0avril 2022, \u00c1ngela Mar\u00eda Orozco, ministre des Transports de la Colombie, a particip\u00e9 \u00e0 la premi\u00e8re s\u00e9ance de formation pour premiers intervenants lors de sa visite de l\u2019Universit\u00e9 adventiste de la Colombie, \u00e0 Medell\u00edn. La ministre a f\u00e9licit\u00e9 les dirigeants de l\u2019universit\u00e9 d\u2019avoir \u00e9t\u00e9 choisis pour former plus de 9\u00a0000\u00a0citoyens dans tout le pays, dans une vingtaine de villes et de districts municipaux ainsi que par des s\u00e9ances en ligne, et ce, durant les dix prochaines ann\u00e9es. [Une photo de Daniela Arrieta.]<\/p><\/div>D\u2019apr\u00e8s l\u2019Observatoire colombien de la s\u00e9curit\u00e9 nationale, 7\u00a0270\u00a0d\u00e9c\u00e8s ont \u00e9t\u00e9 caus\u00e9s par des accidents de la route en 2021. Ce nombre repr\u00e9sente le plus \u00e9lev\u00e9 des trois derni\u00e8res ann\u00e9es, d\u00e9passant 2020, o\u00f9 5\u00a0458\u00a0personnes avaient perdu la vie sur la route, et 2019, avec 6\u00a0633\u00a0d\u00e9c\u00e8s.<\/p>\n<p>\u00ab\u00a0L\u2019UNAC nous a accompagn\u00e9s dans le d\u00e9veloppement de cette formation \u00e0 l\u2019\u00e9chelle nationale afin que nous puissions outiller les premiers intervenants en cas d\u2019accident, a-t-elle dit. F\u00e9licitations \u00e0 ce campus et pour sa collaboration dans ce processus de formation \u00e0 la grandeur du pays.\u00a0\u00bb<\/p>\n<p>Ayant plus de 20\u00a0ans d\u2019exp\u00e9rience dans la formation d\u2019\u00e9tudiants en soins pr\u00e9hospitaliers, les dirigeants de l\u2019universit\u00e9 ont rapport\u00e9 que l\u2019\u00e9tablissement a remport\u00e9 l\u2019appel d\u2019offres contre d\u2019autres universit\u00e9s du pays.<\/p>\n<p><div id=\"attachment_85446\" style=\"width: 858px\" class=\"wp-caption aligncenter\"><img decoding=\"async\" aria-describedby=\"caption-attachment-85446\" class=\" wp-image-85446\" src=\"https:\/\/recursing-golick.147-182-135-0.plesk.page\/wp-content\/uploads\/2022\/05\/unac-fist-responder2.jpg\" alt=\"\" width=\"848\" height=\"566\" srcset=\"https:\/\/interamerica.org\/wp-content\/uploads\/2022\/05\/unac-fist-responder2.jpg 1000w, https:\/\/interamerica.org\/wp-content\/uploads\/2022\/05\/unac-fist-responder2-300x200.jpg 300w, https:\/\/interamerica.org\/wp-content\/uploads\/2022\/05\/unac-fist-responder2-768x512.jpg 768w\" sizes=\"(max-width: 848px) 100vw, 848px\" \/><p id=\"caption-attachment-85446\" class=\"wp-caption-text\"><span lang=\"FR-CA\">Le 26 avril 2022, ces personnes ont re\u00e7u une formation de groupe comme premiers intervenants sur le campus de l\u2019Universit\u00e9 adventiste de la Colombie. [Une photo de Daniela Arrieta.]<\/span><\/p><\/div>\u00ab\u00a0L\u2019UNAC a remport\u00e9 ce processus pour former plus de 9\u00a0000\u00a0Colombiens afin qu\u2019ils puissent sauver des vies sur la route gr\u00e2ce \u00e9galement au fait qu\u2019ils sont accr\u00e9dit\u00e9s en soins pr\u00e9hospitaliers, ce qui est fondamental, a dit Luis Lota, directeur de l\u2019Agence nationale de la s\u00e9curit\u00e9 routi\u00e8re. Sans l\u2019ombre d\u2019un doute, les connaissances peuvent nous permettre de sauver des vies sur les routes colombiennes, un travail tr\u00e8s important pour notre agence.\u00a0\u00bb<\/p>\n<p>La formation se poursuivra gr\u00e2ce \u00e0 des s\u00e9ances en pr\u00e9sentiel et en ligne avec une \u00e9quipe d\u2019experts qui enseigneront comment s\u2019occuper de patients aux multiples blessures par des techniques d\u2019immobilisation, de d\u00e9placement des patients, de r\u00e9animation cardiaque pour les adultes et les enfants, par l\u2019utilisation d\u2019un d\u00e9fibrillateur externe automatis\u00e9, par la gestion de l\u2019obstruction des voies respiratoires, des convulsions et des troubles de la conscience. En plus, les s\u00e9ances de formation comprendront notamment des m\u00e9thodes pour soigner les l\u00e9sions aux tissus mous ainsi que les blessures et les ecchymoses puis des techniques de gestion initiale des fractures, des br\u00fblures et des blessures oculaires.<\/p>\n<p>Des responsables d\u2019entreprises de transport, de concessionnaires de l\u2019autoroute nord-est et d\u2019autres universit\u00e9s, des dirigeants du secr\u00e9taire de la mobilit\u00e9 des municipalit\u00e9s \u00e0 proximit\u00e9 et d\u2019autres organisations de divers secteurs ont \u00e9galement particip\u00e9 au premier \u00e9v\u00e9nement de formation.<\/p>\n<div id=\"attachment_85443\" style=\"width: 854px\" class=\"wp-caption aligncenter\"><img decoding=\"async\" aria-describedby=\"caption-attachment-85443\" class=\" wp-image-85443\" src=\"https:\/\/recursing-golick.147-182-135-0.plesk.page\/wp-content\/uploads\/2022\/05\/unac-minister-transport-univ-leaders.jpg\" alt=\"\" width=\"844\" height=\"632\" srcset=\"https:\/\/interamerica.org\/wp-content\/uploads\/2022\/05\/unac-minister-transport-univ-leaders.jpg 950w, https:\/\/interamerica.org\/wp-content\/uploads\/2022\/05\/unac-minister-transport-univ-leaders-300x225.jpg 300w, https:\/\/interamerica.org\/wp-content\/uploads\/2022\/05\/unac-minister-transport-univ-leaders-768x575.jpg 768w\" sizes=\"(max-width: 844px) 100vw, 844px\" \/><p id=\"caption-attachment-85443\" class=\"wp-caption-text\"><span lang=\"FR-CA\">De g. \u00e0 d.\u00a0: Washington Ortega, directeur de la durabilit\u00e9 et de l\u2019\u00e9ducation de l\u2019UNAC; Jorge Zabala, pr\u00e9sident de l\u2019entreprise commerciale Union Temporal; \u00c1ngela Mar\u00eda Orozco, ministre des Transports; Juan Choque, recteur de l\u2019UNAC; et M\u00f3nica Casta\u00f1o Mej\u00eda, vice-rectrice de l\u2019enseignement de l\u2019UNAC. [Une photo de l\u2019Universit\u00e9 adventiste de la Colombie.]<\/span><\/p><\/div>\n<div><\/div>\n<div><span lang=\"FR-CA\">Pour Juan Choque, recteur de l\u2019UNAC, la visite de la ministre des Transports ainsi que l\u2019occasion pour l\u2019\u00e9tablissement de participer \u00e0 un programme national \u00e9l\u00e8veront le statut de l\u2019universit\u00e9 adventiste au pays. \u00ab\u00a0Cette occasion renforcera \u00e9galement notre programme de soins pr\u00e9hospitaliers en plus d\u2019augmenter nos chances de participer \u00e0 d\u2019autres projets pour aider la population et lui offrir un service plus complet.\u00a0\u00bb<\/span><\/div>\n<p>Pour en apprendre davantage sur l\u2019Universit\u00e9 adventiste de la Colombie, ses programmes et ses projets, visitez le site <a href=\"https:\/\/www.unac.edu.co\/\">unac.edu.co<\/a>.<\/p>\n<p>Traduction\u00a0: Marie-Mich\u00e8le Robitaille<\/p>\n","protected":false},"excerpt":{"rendered":"<p>Le 31 mai 2022 | Medell\u00edn, Colombie | Daniela Arrieta pour l\u2019Universit\u00e9 adventiste de la Colombie et le d\u00e9partement des actualit\u00e9s de la Division interam\u00e9ricaine L\u2019Universit\u00e9 adventiste de la Colombie&#8230;<\/p>\n","protected":false},"author":3,"featured_media":85446,"comment_status":"closed","ping_status":"closed","sticky":false,"template":"","format":"standard","meta":{"_acf_changed":false,"footnotes":""},"categories":[21,19],"tags":[],"class_list":["post-85485","post","type-post","status-publish","format-standard","has-post-thumbnail","hentry","category-nouvelles-du-territoire","category-rss-francais"],"acf":[],"yoast_head":"<!-- This site is optimized with the Yoast SEO plugin v27.3 - https:\/\/yoast.com\/product\/yoast-seo-wordpress\/ -->\n<title>Un premier programme national de formation pour premiers intervenants offert par l\u2019Universit\u00e9 adventiste de la Colombie - \u00c9glise Adventiste Du Septieme Jour - Inter Am\u00e9rique Division<\/title>\n<meta name=\"robots\" content=\"index, follow, max-snippet:-1, max-image-preview:large, max-video-preview:-1\" \/>\n<link rel=\"canonical\" href=\"https:\/\/interamerica.org\/fr\/2022\/05\/un-premier-programme-national-de-formation-pour-premiers-intervenants-offert-par-luniversite-adventiste-de-la-colombie\/\" \/>\n<meta property=\"og:locale\" content=\"fr_FR\" \/>\n<meta property=\"og:type\" content=\"article\" \/>\n<meta property=\"og:title\" content=\"Un premier programme national de formation pour premiers intervenants offert par l\u2019Universit\u00e9 adventiste de la Colombie - \u00c9glise Adventiste Du Septieme Jour - Inter Am\u00e9rique Division\" \/>\n<meta property=\"og:description\" content=\"Le 31 mai 2022 | Medell\u00edn, Colombie | Daniela Arrieta pour l\u2019Universit\u00e9 adventiste de la Colombie et le d\u00e9partement des actualit\u00e9s de la Division interam\u00e9ricaine L\u2019Universit\u00e9 adventiste de la Colombie...\" \/>\n<meta property=\"og:url\" content=\"https:\/\/interamerica.org\/fr\/2022\/05\/un-premier-programme-national-de-formation-pour-premiers-intervenants-offert-par-luniversite-adventiste-de-la-colombie\/\" \/>\n<meta property=\"og:site_name\" content=\"\u00c9glise Adventiste Du Septieme Jour - Inter Am\u00e9rique Division\" \/>\n<meta property=\"article:published_time\" content=\"2022-05-31T16:46:51+00:00\" \/>\n<meta property=\"article:modified_time\" content=\"2022-06-02T13:31:09+00:00\" \/>\n<meta property=\"og:image\" content=\"https:\/\/interamerica.org\/wp-content\/uploads\/2022\/05\/unac-fist-responder2.jpg\" \/>\n\t<meta property=\"og:image:width\" content=\"1000\" \/>\n\t<meta property=\"og:image:height\" content=\"667\" \/>\n\t<meta property=\"og:image:type\" content=\"image\/jpeg\" \/>\n<meta name=\"author\" content=\"libna\" \/>\n<meta name=\"twitter:card\" content=\"summary_large_image\" \/>\n<meta name=\"twitter:label1\" content=\"\u00c9crit par\" \/>\n\t<meta name=\"twitter:data1\" content=\"libna\" \/>\n\t<meta name=\"twitter:label2\" content=\"Dur\u00e9e de lecture estim\u00e9e\" \/>\n\t<meta name=\"twitter:data2\" content=\"4 minutes\" \/>\n<script type=\"application\/ld+json\" class=\"yoast-schema-graph\">{\"@context\":\"https:\\\/\\\/schema.org\",\"@graph\":[{\"@type\":\"Article\",\"@id\":\"https:\\\/\\\/interamerica.org\\\/fr\\\/2022\\\/05\\\/un-premier-programme-national-de-formation-pour-premiers-intervenants-offert-par-luniversite-adventiste-de-la-colombie\\\/#article\",\"isPartOf\":{\"@id\":\"https:\\\/\\\/interamerica.org\\\/fr\\\/2022\\\/05\\\/un-premier-programme-national-de-formation-pour-premiers-intervenants-offert-par-luniversite-adventiste-de-la-colombie\\\/\"},\"author\":{\"name\":\"libna\",\"@id\":\"https:\\\/\\\/interamerica.org\\\/fr\\\/#\\\/schema\\\/person\\\/29998f2bc2d8bd0d38662909289b54f1\"},\"headline\":\"Un premier programme national de formation pour premiers intervenants offert par l\u2019Universit\u00e9 adventiste de la Colombie\",\"datePublished\":\"2022-05-31T16:46:51+00:00\",\"dateModified\":\"2022-06-02T13:31:09+00:00\",\"mainEntityOfPage\":{\"@id\":\"https:\\\/\\\/interamerica.org\\\/fr\\\/2022\\\/05\\\/un-premier-programme-national-de-formation-pour-premiers-intervenants-offert-par-luniversite-adventiste-de-la-colombie\\\/\"},\"wordCount\":867,\"image\":{\"@id\":\"https:\\\/\\\/interamerica.org\\\/fr\\\/2022\\\/05\\\/un-premier-programme-national-de-formation-pour-premiers-intervenants-offert-par-luniversite-adventiste-de-la-colombie\\\/#primaryimage\"},\"thumbnailUrl\":\"https:\\\/\\\/interamerica.org\\\/wp-content\\\/uploads\\\/2022\\\/05\\\/unac-fist-responder2.jpg\",\"articleSection\":[\"Nouvelles du territoire\",\"RSS Fran\u00e7ais\"],\"inLanguage\":\"fr-FR\"},{\"@type\":\"WebPage\",\"@id\":\"https:\\\/\\\/interamerica.org\\\/fr\\\/2022\\\/05\\\/un-premier-programme-national-de-formation-pour-premiers-intervenants-offert-par-luniversite-adventiste-de-la-colombie\\\/\",\"url\":\"https:\\\/\\\/interamerica.org\\\/fr\\\/2022\\\/05\\\/un-premier-programme-national-de-formation-pour-premiers-intervenants-offert-par-luniversite-adventiste-de-la-colombie\\\/\",\"name\":\"Un premier programme national de formation pour premiers intervenants offert par l\u2019Universit\u00e9 adventiste de la Colombie - \u00c9glise Adventiste Du Septieme Jour - Inter Am\u00e9rique Division\",\"isPartOf\":{\"@id\":\"https:\\\/\\\/interamerica.org\\\/fr\\\/#website\"},\"primaryImageOfPage\":{\"@id\":\"https:\\\/\\\/interamerica.org\\\/fr\\\/2022\\\/05\\\/un-premier-programme-national-de-formation-pour-premiers-intervenants-offert-par-luniversite-adventiste-de-la-colombie\\\/#primaryimage\"},\"image\":{\"@id\":\"https:\\\/\\\/interamerica.org\\\/fr\\\/2022\\\/05\\\/un-premier-programme-national-de-formation-pour-premiers-intervenants-offert-par-luniversite-adventiste-de-la-colombie\\\/#primaryimage\"},\"thumbnailUrl\":\"https:\\\/\\\/interamerica.org\\\/wp-content\\\/uploads\\\/2022\\\/05\\\/unac-fist-responder2.jpg\",\"datePublished\":\"2022-05-31T16:46:51+00:00\",\"dateModified\":\"2022-06-02T13:31:09+00:00\",\"author\":{\"@id\":\"https:\\\/\\\/interamerica.org\\\/fr\\\/#\\\/schema\\\/person\\\/29998f2bc2d8bd0d38662909289b54f1\"},\"breadcrumb\":{\"@id\":\"https:\\\/\\\/interamerica.org\\\/fr\\\/2022\\\/05\\\/un-premier-programme-national-de-formation-pour-premiers-intervenants-offert-par-luniversite-adventiste-de-la-colombie\\\/#breadcrumb\"},\"inLanguage\":\"fr-FR\",\"potentialAction\":[{\"@type\":\"ReadAction\",\"target\":[\"https:\\\/\\\/interamerica.org\\\/fr\\\/2022\\\/05\\\/un-premier-programme-national-de-formation-pour-premiers-intervenants-offert-par-luniversite-adventiste-de-la-colombie\\\/\"]}]},{\"@type\":\"ImageObject\",\"inLanguage\":\"fr-FR\",\"@id\":\"https:\\\/\\\/interamerica.org\\\/fr\\\/2022\\\/05\\\/un-premier-programme-national-de-formation-pour-premiers-intervenants-offert-par-luniversite-adventiste-de-la-colombie\\\/#primaryimage\",\"url\":\"https:\\\/\\\/interamerica.org\\\/wp-content\\\/uploads\\\/2022\\\/05\\\/unac-fist-responder2.jpg\",\"contentUrl\":\"https:\\\/\\\/interamerica.org\\\/wp-content\\\/uploads\\\/2022\\\/05\\\/unac-fist-responder2.jpg\",\"width\":1000,\"height\":667,\"caption\":\"[Une photo de Daniela Arrieta.]\"},{\"@type\":\"BreadcrumbList\",\"@id\":\"https:\\\/\\\/interamerica.org\\\/fr\\\/2022\\\/05\\\/un-premier-programme-national-de-formation-pour-premiers-intervenants-offert-par-luniversite-adventiste-de-la-colombie\\\/#breadcrumb\",\"itemListElement\":[{\"@type\":\"ListItem\",\"position\":1,\"name\":\"Home\",\"item\":\"https:\\\/\\\/interamerica.org\\\/fr\\\/\"},{\"@type\":\"ListItem\",\"position\":2,\"name\":\"Un premier programme national de formation pour premiers intervenants offert par l\u2019Universit\u00e9 adventiste de la Colombie\"}]},{\"@type\":\"WebSite\",\"@id\":\"https:\\\/\\\/interamerica.org\\\/fr\\\/#website\",\"url\":\"https:\\\/\\\/interamerica.org\\\/fr\\\/\",\"name\":\"\u00c9glise Adventiste Du Septieme Jour - Inter Am\u00e9rique Division\",\"description\":\"\",\"potentialAction\":[{\"@type\":\"SearchAction\",\"target\":{\"@type\":\"EntryPoint\",\"urlTemplate\":\"https:\\\/\\\/interamerica.org\\\/fr\\\/?s={search_term_string}\"},\"query-input\":{\"@type\":\"PropertyValueSpecification\",\"valueRequired\":true,\"valueName\":\"search_term_string\"}}],\"inLanguage\":\"fr-FR\"},{\"@type\":\"Person\",\"@id\":\"https:\\\/\\\/interamerica.org\\\/fr\\\/#\\\/schema\\\/person\\\/29998f2bc2d8bd0d38662909289b54f1\",\"name\":\"libna\",\"image\":{\"@type\":\"ImageObject\",\"inLanguage\":\"fr-FR\",\"@id\":\"https:\\\/\\\/secure.gravatar.com\\\/avatar\\\/7c5bd30ae4b47a9ba3c856590957fd1d96dc588bf3ac05719d247e126840331f?s=96&d=mm&r=g\",\"url\":\"https:\\\/\\\/secure.gravatar.com\\\/avatar\\\/7c5bd30ae4b47a9ba3c856590957fd1d96dc588bf3ac05719d247e126840331f?s=96&d=mm&r=g\",\"contentUrl\":\"https:\\\/\\\/secure.gravatar.com\\\/avatar\\\/7c5bd30ae4b47a9ba3c856590957fd1d96dc588bf3ac05719d247e126840331f?s=96&d=mm&r=g\",\"caption\":\"libna\"}}]}<\/script>\n<!-- \/ Yoast SEO plugin. -->","yoast_head_json":{"title":"Un premier programme national de formation pour premiers intervenants offert par l\u2019Universit\u00e9 adventiste de la Colombie - \u00c9glise Adventiste Du Septieme Jour - Inter Am\u00e9rique Division","robots":{"index":"index","follow":"follow","max-snippet":"max-snippet:-1","max-image-preview":"max-image-preview:large","max-video-preview":"max-video-preview:-1"},"canonical":"https:\/\/interamerica.org\/fr\/2022\/05\/un-premier-programme-national-de-formation-pour-premiers-intervenants-offert-par-luniversite-adventiste-de-la-colombie\/","og_locale":"fr_FR","og_type":"article","og_title":"Un premier programme national de formation pour premiers intervenants offert par l\u2019Universit\u00e9 adventiste de la Colombie - \u00c9glise Adventiste Du Septieme Jour - Inter Am\u00e9rique Division","og_description":"Le 31 mai 2022 | Medell\u00edn, Colombie | Daniela Arrieta pour l\u2019Universit\u00e9 adventiste de la Colombie et le d\u00e9partement des actualit\u00e9s de la Division interam\u00e9ricaine L\u2019Universit\u00e9 adventiste de la Colombie...","og_url":"https:\/\/interamerica.org\/fr\/2022\/05\/un-premier-programme-national-de-formation-pour-premiers-intervenants-offert-par-luniversite-adventiste-de-la-colombie\/","og_site_name":"\u00c9glise Adventiste Du Septieme Jour - Inter Am\u00e9rique Division","article_published_time":"2022-05-31T16:46:51+00:00","article_modified_time":"2022-06-02T13:31:09+00:00","og_image":[{"width":1000,"height":667,"url":"https:\/\/interamerica.org\/wp-content\/uploads\/2022\/05\/unac-fist-responder2.jpg","type":"image\/jpeg"}],"author":"libna","twitter_card":"summary_large_image","twitter_misc":{"\u00c9crit par":"libna","Dur\u00e9e de lecture estim\u00e9e":"4 minutes"},"schema":{"@context":"https:\/\/schema.org","@graph":[{"@type":"Article","@id":"https:\/\/interamerica.org\/fr\/2022\/05\/un-premier-programme-national-de-formation-pour-premiers-intervenants-offert-par-luniversite-adventiste-de-la-colombie\/#article","isPartOf":{"@id":"https:\/\/interamerica.org\/fr\/2022\/05\/un-premier-programme-national-de-formation-pour-premiers-intervenants-offert-par-luniversite-adventiste-de-la-colombie\/"},"author":{"name":"libna","@id":"https:\/\/interamerica.org\/fr\/#\/schema\/person\/29998f2bc2d8bd0d38662909289b54f1"},"headline":"Un premier programme national de formation pour premiers intervenants offert par l\u2019Universit\u00e9 adventiste de la Colombie","datePublished":"2022-05-31T16:46:51+00:00","dateModified":"2022-06-02T13:31:09+00:00","mainEntityOfPage":{"@id":"https:\/\/interamerica.org\/fr\/2022\/05\/un-premier-programme-national-de-formation-pour-premiers-intervenants-offert-par-luniversite-adventiste-de-la-colombie\/"},"wordCount":867,"image":{"@id":"https:\/\/interamerica.org\/fr\/2022\/05\/un-premier-programme-national-de-formation-pour-premiers-intervenants-offert-par-luniversite-adventiste-de-la-colombie\/#primaryimage"},"thumbnailUrl":"https:\/\/interamerica.org\/wp-content\/uploads\/2022\/05\/unac-fist-responder2.jpg","articleSection":["Nouvelles du territoire","RSS Fran\u00e7ais"],"inLanguage":"fr-FR"},{"@type":"WebPage","@id":"https:\/\/interamerica.org\/fr\/2022\/05\/un-premier-programme-national-de-formation-pour-premiers-intervenants-offert-par-luniversite-adventiste-de-la-colombie\/","url":"https:\/\/interamerica.org\/fr\/2022\/05\/un-premier-programme-national-de-formation-pour-premiers-intervenants-offert-par-luniversite-adventiste-de-la-colombie\/","name":"Un premier programme national de formation pour premiers intervenants offert par l\u2019Universit\u00e9 adventiste de la Colombie - \u00c9glise Adventiste Du Septieme Jour - Inter Am\u00e9rique Division","isPartOf":{"@id":"https:\/\/interamerica.org\/fr\/#website"},"primaryImageOfPage":{"@id":"https:\/\/interamerica.org\/fr\/2022\/05\/un-premier-programme-national-de-formation-pour-premiers-intervenants-offert-par-luniversite-adventiste-de-la-colombie\/#primaryimage"},"image":{"@id":"https:\/\/interamerica.org\/fr\/2022\/05\/un-premier-programme-national-de-formation-pour-premiers-intervenants-offert-par-luniversite-adventiste-de-la-colombie\/#primaryimage"},"thumbnailUrl":"https:\/\/interamerica.org\/wp-content\/uploads\/2022\/05\/unac-fist-responder2.jpg","datePublished":"2022-05-31T16:46:51+00:00","dateModified":"2022-06-02T13:31:09+00:00","author":{"@id":"https:\/\/interamerica.org\/fr\/#\/schema\/person\/29998f2bc2d8bd0d38662909289b54f1"},"breadcrumb":{"@id":"https:\/\/interamerica.org\/fr\/2022\/05\/un-premier-programme-national-de-formation-pour-premiers-intervenants-offert-par-luniversite-adventiste-de-la-colombie\/#breadcrumb"},"inLanguage":"fr-FR","potentialAction":[{"@type":"ReadAction","target":["https:\/\/interamerica.org\/fr\/2022\/05\/un-premier-programme-national-de-formation-pour-premiers-intervenants-offert-par-luniversite-adventiste-de-la-colombie\/"]}]},{"@type":"ImageObject","inLanguage":"fr-FR","@id":"https:\/\/interamerica.org\/fr\/2022\/05\/un-premier-programme-national-de-formation-pour-premiers-intervenants-offert-par-luniversite-adventiste-de-la-colombie\/#primaryimage","url":"https:\/\/interamerica.org\/wp-content\/uploads\/2022\/05\/unac-fist-responder2.jpg","contentUrl":"https:\/\/interamerica.org\/wp-content\/uploads\/2022\/05\/unac-fist-responder2.jpg","width":1000,"height":667,"caption":"[Une photo de Daniela Arrieta.]"},{"@type":"BreadcrumbList","@id":"https:\/\/interamerica.org\/fr\/2022\/05\/un-premier-programme-national-de-formation-pour-premiers-intervenants-offert-par-luniversite-adventiste-de-la-colombie\/#breadcrumb","itemListElement":[{"@type":"ListItem","position":1,"name":"Home","item":"https:\/\/interamerica.org\/fr\/"},{"@type":"ListItem","position":2,"name":"Un premier programme national de formation pour premiers intervenants offert par l\u2019Universit\u00e9 adventiste de la Colombie"}]},{"@type":"WebSite","@id":"https:\/\/interamerica.org\/fr\/#website","url":"https:\/\/interamerica.org\/fr\/","name":"\u00c9glise Adventiste Du Septieme Jour - Inter Am\u00e9rique Division","description":"","potentialAction":[{"@type":"SearchAction","target":{"@type":"EntryPoint","urlTemplate":"https:\/\/interamerica.org\/fr\/?s={search_term_string}"},"query-input":{"@type":"PropertyValueSpecification","valueRequired":true,"valueName":"search_term_string"}}],"inLanguage":"fr-FR"},{"@type":"Person","@id":"https:\/\/interamerica.org\/fr\/#\/schema\/person\/29998f2bc2d8bd0d38662909289b54f1","name":"libna","image":{"@type":"ImageObject","inLanguage":"fr-FR","@id":"https:\/\/secure.gravatar.com\/avatar\/7c5bd30ae4b47a9ba3c856590957fd1d96dc588bf3ac05719d247e126840331f?s=96&d=mm&r=g","url":"https:\/\/secure.gravatar.com\/avatar\/7c5bd30ae4b47a9ba3c856590957fd1d96dc588bf3ac05719d247e126840331f?s=96&d=mm&r=g","contentUrl":"https:\/\/secure.gravatar.com\/avatar\/7c5bd30ae4b47a9ba3c856590957fd1d96dc588bf3ac05719d247e126840331f?s=96&d=mm&r=g","caption":"libna"}}]}},"_links":{"self":[{"href":"https:\/\/interamerica.org\/fr\/wp-json\/wp\/v2\/posts\/85485","targetHints":{"allow":["GET"]}}],"collection":[{"href":"https:\/\/interamerica.org\/fr\/wp-json\/wp\/v2\/posts"}],"about":[{"href":"https:\/\/interamerica.org\/fr\/wp-json\/wp\/v2\/types\/post"}],"author":[{"embeddable":true,"href":"https:\/\/interamerica.org\/fr\/wp-json\/wp\/v2\/users\/3"}],"replies":[{"embeddable":true,"href":"https:\/\/interamerica.org\/fr\/wp-json\/wp\/v2\/comments?post=85485"}],"version-history":[{"count":0,"href":"https:\/\/interamerica.org\/fr\/wp-json\/wp\/v2\/posts\/85485\/revisions"}],"wp:featuredmedia":[{"embeddable":true,"href":"https:\/\/interamerica.org\/fr\/wp-json\/wp\/v2\/media\/85446"}],"wp:attachment":[{"href":"https:\/\/interamerica.org\/fr\/wp-json\/wp\/v2\/media?parent=85485"}],"wp:term":[{"taxonomy":"category","embeddable":true,"href":"https:\/\/interamerica.org\/fr\/wp-json\/wp\/v2\/categories?post=85485"},{"taxonomy":"post_tag","embeddable":true,"href":"https:\/\/interamerica.org\/fr\/wp-json\/wp\/v2\/tags?post=85485"}],"curies":[{"name":"wp","href":"https:\/\/api.w.org\/{rel}","templated":true}]}}