{"id":85751,"date":"2022-06-07T06:27:16","date_gmt":"2022-06-07T10:27:16","guid":{"rendered":"https:\/\/recursing-golick.147-182-135-0.plesk.page\/?p=85751"},"modified":"2022-06-07T09:34:03","modified_gmt":"2022-06-07T13:34:03","slug":"ted-n-c-wilson-reelu-president-de-la-conference-generale","status":"publish","type":"post","link":"https:\/\/interamerica.org\/fr\/2022\/06\/ted-n-c-wilson-reelu-president-de-la-conference-generale\/","title":{"rendered":"Ted N. C. Wilson r\u00e9\u00e9lu pr\u00e9sident de la Conf\u00e9rence G\u00e9n\u00e9rale"},"content":{"rendered":"<h4>Les d\u00e9l\u00e9gu\u00e9s \u00e0 la 61\u00e8me Session de la Conf\u00e9rence G\u00e9n\u00e9rale votent d\u2019accepter la recommandation de la commission de nominations.<\/h4>\n<p>6 Juin 2022 | Saint-Louis, Missouri, \u00c9tats-Unis | Marcos Paseggi, Adventist Review<\/p>\n<p>Les d\u00e9l\u00e9gu\u00e9s \u00e0 la 61\u00e8me Session de la Conf\u00e9rence G\u00e9n\u00e9rale \u00e0 St. Louis, dans le Missouri, aux \u00c9tats-Unis, ont vot\u00e9 d\u2019accepter la recommandation de la Commission de Nominations de r\u00e9\u00e9lire Ted N. C. Wilson \u00e0 la pr\u00e9sidence de la Conf\u00e9rence G\u00e9n\u00e9rale le 6 juin 2022. Avec leur vote, les d\u00e9l\u00e9gu\u00e9s ont confirm\u00e9 Ted Wilson, qui est pr\u00e9sident de la d\u00e9nomination depuis 2010, pour la p\u00e9riode 2022-2025. Ce sera son troisi\u00e8me mandat de pr\u00e9sident.<\/p>\n<p>\u00ab Notre objectif est de rester concentr\u00e9 sur ce que Dieu a appel\u00e9 l\u2019\u00e9glise du reste \u00e0 accomplir, \u00bb a d\u00e9clar\u00e9 Ted Wilson. \u00ab Mais une personne seule ne peut le faire. Nous sommes une \u00e9quipe de pr\u00e8s de 22 millions de membres. \u00bb<\/p>\n<p>La commission de nominations compte plus de 260 membres provenant des d\u00e9l\u00e9gu\u00e9s de chaque grande r\u00e9gion eccl\u00e9siale et de la Conf\u00e9rence G\u00e9n\u00e9rale. Les membres nomm\u00e9s pour faire partie de la commission par leurs caucus r\u00e9gionaux respectifs le 5 juin ou avant, se sont r\u00e9unis dans l\u2019apr\u00e8s-midi du 6 juin pour discuter du premier point de l\u2019ordre du jour, qui a toujours \u00e9t\u00e9 la nomination du pr\u00e9sident. Ils ont pr\u00e9sent\u00e9 leur premier rapport aux d\u00e9l\u00e9gu\u00e9s \u00e0 la fin de la s\u00e9ance administrative, au cours de laquelle Ted Wilson a \u00e9t\u00e9 nomm\u00e9 au poste.<\/p>\n<p>&nbsp;<\/p>\n<p>Traduction: Patrick Luciathe<\/p>\n","protected":false},"excerpt":{"rendered":"<p>Les d\u00e9l\u00e9gu\u00e9s \u00e0 la 61\u00e8me Session de la Conf\u00e9rence G\u00e9n\u00e9rale votent d\u2019accepter la recommandation de la commission de nominations. 6 Juin 2022 | Saint-Louis, Missouri, \u00c9tats-Unis | Marcos Paseggi, Adventist&#8230;<\/p>\n","protected":false},"author":3,"featured_media":85726,"comment_status":"closed","ping_status":"closed","sticky":false,"template":"","format":"standard","meta":{"_acf_changed":false,"footnotes":""},"categories":[18,19],"tags":[],"class_list":["post-85751","post","type-post","status-publish","format-standard","has-post-thumbnail","hentry","category-nouvelles-de-leglise-mondiale","category-rss-francais"],"acf":[],"yoast_head":"<!-- This site is optimized with the Yoast SEO plugin v27.3 - https:\/\/yoast.com\/product\/yoast-seo-wordpress\/ -->\n<title>Ted N. C. Wilson r\u00e9\u00e9lu pr\u00e9sident de la Conf\u00e9rence G\u00e9n\u00e9rale - \u00c9glise Adventiste Du Septieme Jour - Inter Am\u00e9rique Division<\/title>\n<meta name=\"robots\" content=\"index, follow, max-snippet:-1, max-image-preview:large, max-video-preview:-1\" \/>\n<link rel=\"canonical\" href=\"https:\/\/interamerica.org\/fr\/2022\/06\/ted-n-c-wilson-reelu-president-de-la-conference-generale\/\" \/>\n<meta property=\"og:locale\" content=\"fr_FR\" \/>\n<meta property=\"og:type\" content=\"article\" \/>\n<meta property=\"og:title\" content=\"Ted N. C. Wilson r\u00e9\u00e9lu pr\u00e9sident de la Conf\u00e9rence G\u00e9n\u00e9rale - \u00c9glise Adventiste Du Septieme Jour - Inter Am\u00e9rique Division\" \/>\n<meta property=\"og:description\" content=\"Les d\u00e9l\u00e9gu\u00e9s \u00e0 la 61\u00e8me Session de la Conf\u00e9rence G\u00e9n\u00e9rale votent d\u2019accepter la recommandation de la commission de nominations. 6 Juin 2022 | Saint-Louis, Missouri, \u00c9tats-Unis | Marcos Paseggi, Adventist...\" \/>\n<meta property=\"og:url\" content=\"https:\/\/interamerica.org\/fr\/2022\/06\/ted-n-c-wilson-reelu-president-de-la-conference-generale\/\" \/>\n<meta property=\"og:site_name\" content=\"\u00c9glise Adventiste Du Septieme Jour - Inter Am\u00e9rique Division\" \/>\n<meta property=\"article:published_time\" content=\"2022-06-07T10:27:16+00:00\" \/>\n<meta property=\"article:modified_time\" content=\"2022-06-07T13:34:03+00:00\" \/>\n<meta property=\"og:image\" content=\"https:\/\/interamerica.org\/wp-content\/uploads\/2022\/06\/ted-wilson-nancy-gcsession2022-1280.jpg\" \/>\n\t<meta property=\"og:image:width\" content=\"1280\" \/>\n\t<meta property=\"og:image:height\" content=\"800\" \/>\n\t<meta property=\"og:image:type\" content=\"image\/jpeg\" \/>\n<meta name=\"author\" content=\"libna\" \/>\n<meta name=\"twitter:card\" content=\"summary_large_image\" \/>\n<meta name=\"twitter:label1\" content=\"\u00c9crit par\" \/>\n\t<meta name=\"twitter:data1\" content=\"libna\" \/>\n\t<meta name=\"twitter:label2\" content=\"Dur\u00e9e de lecture estim\u00e9e\" \/>\n\t<meta name=\"twitter:data2\" content=\"1 minute\" \/>\n<script type=\"application\/ld+json\" class=\"yoast-schema-graph\">{\"@context\":\"https:\\\/\\\/schema.org\",\"@graph\":[{\"@type\":\"Article\",\"@id\":\"https:\\\/\\\/interamerica.org\\\/fr\\\/2022\\\/06\\\/ted-n-c-wilson-reelu-president-de-la-conference-generale\\\/#article\",\"isPartOf\":{\"@id\":\"https:\\\/\\\/interamerica.org\\\/fr\\\/2022\\\/06\\\/ted-n-c-wilson-reelu-president-de-la-conference-generale\\\/\"},\"author\":{\"name\":\"libna\",\"@id\":\"https:\\\/\\\/interamerica.org\\\/fr\\\/#\\\/schema\\\/person\\\/29998f2bc2d8bd0d38662909289b54f1\"},\"headline\":\"Ted N. C. Wilson r\u00e9\u00e9lu pr\u00e9sident de la Conf\u00e9rence G\u00e9n\u00e9rale\",\"datePublished\":\"2022-06-07T10:27:16+00:00\",\"dateModified\":\"2022-06-07T13:34:03+00:00\",\"mainEntityOfPage\":{\"@id\":\"https:\\\/\\\/interamerica.org\\\/fr\\\/2022\\\/06\\\/ted-n-c-wilson-reelu-president-de-la-conference-generale\\\/\"},\"wordCount\":288,\"image\":{\"@id\":\"https:\\\/\\\/interamerica.org\\\/fr\\\/2022\\\/06\\\/ted-n-c-wilson-reelu-president-de-la-conference-generale\\\/#primaryimage\"},\"thumbnailUrl\":\"https:\\\/\\\/interamerica.org\\\/wp-content\\\/uploads\\\/2022\\\/06\\\/ted-wilson-nancy-gcsession2022-1280.jpg\",\"articleSection\":[\"Nouvelles de l'\u00c9glise mondiale\",\"RSS Fran\u00e7ais\"],\"inLanguage\":\"fr-FR\"},{\"@type\":\"WebPage\",\"@id\":\"https:\\\/\\\/interamerica.org\\\/fr\\\/2022\\\/06\\\/ted-n-c-wilson-reelu-president-de-la-conference-generale\\\/\",\"url\":\"https:\\\/\\\/interamerica.org\\\/fr\\\/2022\\\/06\\\/ted-n-c-wilson-reelu-president-de-la-conference-generale\\\/\",\"name\":\"Ted N. C. Wilson r\u00e9\u00e9lu pr\u00e9sident de la Conf\u00e9rence G\u00e9n\u00e9rale - \u00c9glise Adventiste Du Septieme Jour - Inter Am\u00e9rique Division\",\"isPartOf\":{\"@id\":\"https:\\\/\\\/interamerica.org\\\/fr\\\/#website\"},\"primaryImageOfPage\":{\"@id\":\"https:\\\/\\\/interamerica.org\\\/fr\\\/2022\\\/06\\\/ted-n-c-wilson-reelu-president-de-la-conference-generale\\\/#primaryimage\"},\"image\":{\"@id\":\"https:\\\/\\\/interamerica.org\\\/fr\\\/2022\\\/06\\\/ted-n-c-wilson-reelu-president-de-la-conference-generale\\\/#primaryimage\"},\"thumbnailUrl\":\"https:\\\/\\\/interamerica.org\\\/wp-content\\\/uploads\\\/2022\\\/06\\\/ted-wilson-nancy-gcsession2022-1280.jpg\",\"datePublished\":\"2022-06-07T10:27:16+00:00\",\"dateModified\":\"2022-06-07T13:34:03+00:00\",\"author\":{\"@id\":\"https:\\\/\\\/interamerica.org\\\/fr\\\/#\\\/schema\\\/person\\\/29998f2bc2d8bd0d38662909289b54f1\"},\"breadcrumb\":{\"@id\":\"https:\\\/\\\/interamerica.org\\\/fr\\\/2022\\\/06\\\/ted-n-c-wilson-reelu-president-de-la-conference-generale\\\/#breadcrumb\"},\"inLanguage\":\"fr-FR\",\"potentialAction\":[{\"@type\":\"ReadAction\",\"target\":[\"https:\\\/\\\/interamerica.org\\\/fr\\\/2022\\\/06\\\/ted-n-c-wilson-reelu-president-de-la-conference-generale\\\/\"]}]},{\"@type\":\"ImageObject\",\"inLanguage\":\"fr-FR\",\"@id\":\"https:\\\/\\\/interamerica.org\\\/fr\\\/2022\\\/06\\\/ted-n-c-wilson-reelu-president-de-la-conference-generale\\\/#primaryimage\",\"url\":\"https:\\\/\\\/interamerica.org\\\/wp-content\\\/uploads\\\/2022\\\/06\\\/ted-wilson-nancy-gcsession2022-1280.jpg\",\"contentUrl\":\"https:\\\/\\\/interamerica.org\\\/wp-content\\\/uploads\\\/2022\\\/06\\\/ted-wilson-nancy-gcsession2022-1280.jpg\",\"width\":1280,\"height\":800,\"caption\":\"[Photo: Capture d'\u00e9cran DIA]\"},{\"@type\":\"BreadcrumbList\",\"@id\":\"https:\\\/\\\/interamerica.org\\\/fr\\\/2022\\\/06\\\/ted-n-c-wilson-reelu-president-de-la-conference-generale\\\/#breadcrumb\",\"itemListElement\":[{\"@type\":\"ListItem\",\"position\":1,\"name\":\"Home\",\"item\":\"https:\\\/\\\/interamerica.org\\\/fr\\\/\"},{\"@type\":\"ListItem\",\"position\":2,\"name\":\"Ted N. C. Wilson r\u00e9\u00e9lu pr\u00e9sident de la Conf\u00e9rence G\u00e9n\u00e9rale\"}]},{\"@type\":\"WebSite\",\"@id\":\"https:\\\/\\\/interamerica.org\\\/fr\\\/#website\",\"url\":\"https:\\\/\\\/interamerica.org\\\/fr\\\/\",\"name\":\"\u00c9glise Adventiste Du Septieme Jour - Inter Am\u00e9rique Division\",\"description\":\"\",\"potentialAction\":[{\"@type\":\"SearchAction\",\"target\":{\"@type\":\"EntryPoint\",\"urlTemplate\":\"https:\\\/\\\/interamerica.org\\\/fr\\\/?s={search_term_string}\"},\"query-input\":{\"@type\":\"PropertyValueSpecification\",\"valueRequired\":true,\"valueName\":\"search_term_string\"}}],\"inLanguage\":\"fr-FR\"},{\"@type\":\"Person\",\"@id\":\"https:\\\/\\\/interamerica.org\\\/fr\\\/#\\\/schema\\\/person\\\/29998f2bc2d8bd0d38662909289b54f1\",\"name\":\"libna\",\"image\":{\"@type\":\"ImageObject\",\"inLanguage\":\"fr-FR\",\"@id\":\"https:\\\/\\\/secure.gravatar.com\\\/avatar\\\/7c5bd30ae4b47a9ba3c856590957fd1d96dc588bf3ac05719d247e126840331f?s=96&d=mm&r=g\",\"url\":\"https:\\\/\\\/secure.gravatar.com\\\/avatar\\\/7c5bd30ae4b47a9ba3c856590957fd1d96dc588bf3ac05719d247e126840331f?s=96&d=mm&r=g\",\"contentUrl\":\"https:\\\/\\\/secure.gravatar.com\\\/avatar\\\/7c5bd30ae4b47a9ba3c856590957fd1d96dc588bf3ac05719d247e126840331f?s=96&d=mm&r=g\",\"caption\":\"libna\"}}]}<\/script>\n<!-- \/ Yoast SEO plugin. -->","yoast_head_json":{"title":"Ted N. C. Wilson r\u00e9\u00e9lu pr\u00e9sident de la Conf\u00e9rence G\u00e9n\u00e9rale - \u00c9glise Adventiste Du Septieme Jour - Inter Am\u00e9rique Division","robots":{"index":"index","follow":"follow","max-snippet":"max-snippet:-1","max-image-preview":"max-image-preview:large","max-video-preview":"max-video-preview:-1"},"canonical":"https:\/\/interamerica.org\/fr\/2022\/06\/ted-n-c-wilson-reelu-president-de-la-conference-generale\/","og_locale":"fr_FR","og_type":"article","og_title":"Ted N. C. Wilson r\u00e9\u00e9lu pr\u00e9sident de la Conf\u00e9rence G\u00e9n\u00e9rale - \u00c9glise Adventiste Du Septieme Jour - Inter Am\u00e9rique Division","og_description":"Les d\u00e9l\u00e9gu\u00e9s \u00e0 la 61\u00e8me Session de la Conf\u00e9rence G\u00e9n\u00e9rale votent d\u2019accepter la recommandation de la commission de nominations. 6 Juin 2022 | Saint-Louis, Missouri, \u00c9tats-Unis | Marcos Paseggi, Adventist...","og_url":"https:\/\/interamerica.org\/fr\/2022\/06\/ted-n-c-wilson-reelu-president-de-la-conference-generale\/","og_site_name":"\u00c9glise Adventiste Du Septieme Jour - Inter Am\u00e9rique Division","article_published_time":"2022-06-07T10:27:16+00:00","article_modified_time":"2022-06-07T13:34:03+00:00","og_image":[{"width":1280,"height":800,"url":"https:\/\/interamerica.org\/wp-content\/uploads\/2022\/06\/ted-wilson-nancy-gcsession2022-1280.jpg","type":"image\/jpeg"}],"author":"libna","twitter_card":"summary_large_image","twitter_misc":{"\u00c9crit par":"libna","Dur\u00e9e de lecture estim\u00e9e":"1 minute"},"schema":{"@context":"https:\/\/schema.org","@graph":[{"@type":"Article","@id":"https:\/\/interamerica.org\/fr\/2022\/06\/ted-n-c-wilson-reelu-president-de-la-conference-generale\/#article","isPartOf":{"@id":"https:\/\/interamerica.org\/fr\/2022\/06\/ted-n-c-wilson-reelu-president-de-la-conference-generale\/"},"author":{"name":"libna","@id":"https:\/\/interamerica.org\/fr\/#\/schema\/person\/29998f2bc2d8bd0d38662909289b54f1"},"headline":"Ted N. C. Wilson r\u00e9\u00e9lu pr\u00e9sident de la Conf\u00e9rence G\u00e9n\u00e9rale","datePublished":"2022-06-07T10:27:16+00:00","dateModified":"2022-06-07T13:34:03+00:00","mainEntityOfPage":{"@id":"https:\/\/interamerica.org\/fr\/2022\/06\/ted-n-c-wilson-reelu-president-de-la-conference-generale\/"},"wordCount":288,"image":{"@id":"https:\/\/interamerica.org\/fr\/2022\/06\/ted-n-c-wilson-reelu-president-de-la-conference-generale\/#primaryimage"},"thumbnailUrl":"https:\/\/interamerica.org\/wp-content\/uploads\/2022\/06\/ted-wilson-nancy-gcsession2022-1280.jpg","articleSection":["Nouvelles de l'\u00c9glise mondiale","RSS Fran\u00e7ais"],"inLanguage":"fr-FR"},{"@type":"WebPage","@id":"https:\/\/interamerica.org\/fr\/2022\/06\/ted-n-c-wilson-reelu-president-de-la-conference-generale\/","url":"https:\/\/interamerica.org\/fr\/2022\/06\/ted-n-c-wilson-reelu-president-de-la-conference-generale\/","name":"Ted N. C. Wilson r\u00e9\u00e9lu pr\u00e9sident de la Conf\u00e9rence G\u00e9n\u00e9rale - \u00c9glise Adventiste Du Septieme Jour - Inter Am\u00e9rique Division","isPartOf":{"@id":"https:\/\/interamerica.org\/fr\/#website"},"primaryImageOfPage":{"@id":"https:\/\/interamerica.org\/fr\/2022\/06\/ted-n-c-wilson-reelu-president-de-la-conference-generale\/#primaryimage"},"image":{"@id":"https:\/\/interamerica.org\/fr\/2022\/06\/ted-n-c-wilson-reelu-president-de-la-conference-generale\/#primaryimage"},"thumbnailUrl":"https:\/\/interamerica.org\/wp-content\/uploads\/2022\/06\/ted-wilson-nancy-gcsession2022-1280.jpg","datePublished":"2022-06-07T10:27:16+00:00","dateModified":"2022-06-07T13:34:03+00:00","author":{"@id":"https:\/\/interamerica.org\/fr\/#\/schema\/person\/29998f2bc2d8bd0d38662909289b54f1"},"breadcrumb":{"@id":"https:\/\/interamerica.org\/fr\/2022\/06\/ted-n-c-wilson-reelu-president-de-la-conference-generale\/#breadcrumb"},"inLanguage":"fr-FR","potentialAction":[{"@type":"ReadAction","target":["https:\/\/interamerica.org\/fr\/2022\/06\/ted-n-c-wilson-reelu-president-de-la-conference-generale\/"]}]},{"@type":"ImageObject","inLanguage":"fr-FR","@id":"https:\/\/interamerica.org\/fr\/2022\/06\/ted-n-c-wilson-reelu-president-de-la-conference-generale\/#primaryimage","url":"https:\/\/interamerica.org\/wp-content\/uploads\/2022\/06\/ted-wilson-nancy-gcsession2022-1280.jpg","contentUrl":"https:\/\/interamerica.org\/wp-content\/uploads\/2022\/06\/ted-wilson-nancy-gcsession2022-1280.jpg","width":1280,"height":800,"caption":"[Photo: Capture d'\u00e9cran DIA]"},{"@type":"BreadcrumbList","@id":"https:\/\/interamerica.org\/fr\/2022\/06\/ted-n-c-wilson-reelu-president-de-la-conference-generale\/#breadcrumb","itemListElement":[{"@type":"ListItem","position":1,"name":"Home","item":"https:\/\/interamerica.org\/fr\/"},{"@type":"ListItem","position":2,"name":"Ted N. C. Wilson r\u00e9\u00e9lu pr\u00e9sident de la Conf\u00e9rence G\u00e9n\u00e9rale"}]},{"@type":"WebSite","@id":"https:\/\/interamerica.org\/fr\/#website","url":"https:\/\/interamerica.org\/fr\/","name":"\u00c9glise Adventiste Du Septieme Jour - Inter Am\u00e9rique Division","description":"","potentialAction":[{"@type":"SearchAction","target":{"@type":"EntryPoint","urlTemplate":"https:\/\/interamerica.org\/fr\/?s={search_term_string}"},"query-input":{"@type":"PropertyValueSpecification","valueRequired":true,"valueName":"search_term_string"}}],"inLanguage":"fr-FR"},{"@type":"Person","@id":"https:\/\/interamerica.org\/fr\/#\/schema\/person\/29998f2bc2d8bd0d38662909289b54f1","name":"libna","image":{"@type":"ImageObject","inLanguage":"fr-FR","@id":"https:\/\/secure.gravatar.com\/avatar\/7c5bd30ae4b47a9ba3c856590957fd1d96dc588bf3ac05719d247e126840331f?s=96&d=mm&r=g","url":"https:\/\/secure.gravatar.com\/avatar\/7c5bd30ae4b47a9ba3c856590957fd1d96dc588bf3ac05719d247e126840331f?s=96&d=mm&r=g","contentUrl":"https:\/\/secure.gravatar.com\/avatar\/7c5bd30ae4b47a9ba3c856590957fd1d96dc588bf3ac05719d247e126840331f?s=96&d=mm&r=g","caption":"libna"}}]}},"_links":{"self":[{"href":"https:\/\/interamerica.org\/fr\/wp-json\/wp\/v2\/posts\/85751","targetHints":{"allow":["GET"]}}],"collection":[{"href":"https:\/\/interamerica.org\/fr\/wp-json\/wp\/v2\/posts"}],"about":[{"href":"https:\/\/interamerica.org\/fr\/wp-json\/wp\/v2\/types\/post"}],"author":[{"embeddable":true,"href":"https:\/\/interamerica.org\/fr\/wp-json\/wp\/v2\/users\/3"}],"replies":[{"embeddable":true,"href":"https:\/\/interamerica.org\/fr\/wp-json\/wp\/v2\/comments?post=85751"}],"version-history":[{"count":0,"href":"https:\/\/interamerica.org\/fr\/wp-json\/wp\/v2\/posts\/85751\/revisions"}],"wp:featuredmedia":[{"embeddable":true,"href":"https:\/\/interamerica.org\/fr\/wp-json\/wp\/v2\/media\/85726"}],"wp:attachment":[{"href":"https:\/\/interamerica.org\/fr\/wp-json\/wp\/v2\/media?parent=85751"}],"wp:term":[{"taxonomy":"category","embeddable":true,"href":"https:\/\/interamerica.org\/fr\/wp-json\/wp\/v2\/categories?post=85751"},{"taxonomy":"post_tag","embeddable":true,"href":"https:\/\/interamerica.org\/fr\/wp-json\/wp\/v2\/tags?post=85751"}],"curies":[{"name":"wp","href":"https:\/\/api.w.org\/{rel}","templated":true}]}}