{"id":87436,"date":"2022-07-14T14:30:08","date_gmt":"2022-07-14T18:30:08","guid":{"rendered":"https:\/\/recursing-golick.147-182-135-0.plesk.page\/?p=87436"},"modified":"2022-07-14T21:27:26","modified_gmt":"2022-07-15T01:27:26","slug":"lee-herbert-fletcher-celui-qui-a-eleve-leducation-adventiste-dans-toute-linter-amerique","status":"publish","type":"post","link":"https:\/\/interamerica.org\/fr\/2022\/07\/lee-herbert-fletcher-celui-qui-a-eleve-leducation-adventiste-dans-toute-linter-amerique\/","title":{"rendered":"Lee Herbert Fletcher : celui qui a \u00e9lev\u00e9 l\u2019\u00e9ducation adventiste dans toute l\u2019Inter Am\u00e9rique"},"content":{"rendered":"<p>13 Juillet 2021 | Silver Spring, Maryland, \u00c9tats-Unis | Par Beltram Melbourne<\/p>\n<p><em>Cet article est tir\u00e9 de l\u2019Encyclop\u00e9die des Adventistes du septi\u00e8me jour (ESDA) qui est accessible gratuitement sur\u00a0<a href=\"https:\/\/encyclopedia.adventist.org\/\">encyclopedia.adventist.org<\/a>.<\/em><\/p>\n<p>Lee Herbert Fletcher \u00e9tait un dirigeant de jeunesse et un mentor, pr\u00e9sident d\u2019universit\u00e9, administrateur et \u00e9ducateur visionnaire ayant une exp\u00e9rience internationale. Il est connu pour avoir am\u00e9lior\u00e9 et lanc\u00e9 des programmes \u00e9ducatifs innovants ayant un impact important.<\/p>\n<h3>D\u00e9buts et \u00e9ducation<\/h3>\n<p><div id=\"attachment_87417\" style=\"width: 481px\" class=\"wp-caption alignright\"><img fetchpriority=\"high\" decoding=\"async\" aria-describedby=\"caption-attachment-87417\" class=\"wp-image-87417\" src=\"https:\/\/recursing-golick.147-182-135-0.plesk.page\/wp-content\/uploads\/2022\/07\/lh-fletcher-1987.jpg\" alt=\"\" width=\"471\" height=\"627\" srcset=\"https:\/\/interamerica.org\/wp-content\/uploads\/2022\/07\/lh-fletcher-1987.jpg 700w, https:\/\/interamerica.org\/wp-content\/uploads\/2022\/07\/lh-fletcher-1987-225x300.jpg 225w\" sizes=\"(max-width: 471px) 100vw, 471px\" \/><p id=\"caption-attachment-87417\" class=\"wp-caption-text\">Lee Herbert Fletcher [IAD File Photo}<\/p><\/div>Lee Herbert Fletcher est n\u00e9 le 3 d\u00e9cembre 1929 \u00e0 Black River dans la paroisse de St. Elizabeth, en Jama\u00efque, de Lee Herbert, Sr. et de Viola Fletcher. En 1957, il \u00e9pouse Olive Nation.<a id=\"fnref1\" class=\"footnoteRef\" href=\"https:\/\/encyclopedia.adventist.org\/article?id=4C5R#fn1\"><sup>1<\/sup><\/a>\u00a0Ils auront deux enfants, Barbara et Herbert, Jr. Il a \u00e9t\u00e9 consacr\u00e9 au minist\u00e8re pastoral en 1957.<a id=\"fnref2\" class=\"footnoteRef\" href=\"https:\/\/encyclopedia.adventist.org\/article?id=4C5R#fn2\"><sup>2<\/sup><\/a>\u00a0Il a pass\u00e9 ses premi\u00e8res ann\u00e9es dans des \u00e9coles publiques locales selon l\u2019endroit o\u00f9 ses parents vivaient \u00e0 l\u2019\u00e9poque. C\u2019est l\u00e0 qu\u2019il a r\u00e9ussi aux trois examens locaux de la Jama\u00efque. Le reste de sa carri\u00e8re universitaire s\u2019est d\u00e9roul\u00e9 dans des \u00e9coles adventistes.<\/p>\n<p>L\u2019\u00e9ducation chr\u00e9tienne de Herbert Fletcher a commenc\u00e9 au New Hope College (appel\u00e9e aujourd\u2019hui Kingsway High School).<a id=\"fnref3\" class=\"footnoteRef\" href=\"https:\/\/encyclopedia.adventist.org\/article?id=4C5R#fn3\"><sup>3<\/sup><\/a>\u00a0Au New Hope College, il a nou\u00e9 des amiti\u00e9s durables. Les souvenirs de trois coll\u00e8gues t\u00e9moignent de son impact au cours de ces premi\u00e8res ann\u00e9es. Ils se souviennent de lui comme \u00ab d\u2019un adolescent impressionnant en culotte courte. \u00bb <a id=\"fnref4\" class=\"footnoteRef\" href=\"https:\/\/encyclopedia.adventist.org\/article?id=4C5R#fn4\"><sup>4<\/sup><\/a>\u00a0C\u2019est \u00e9galement l\u00e0 qu\u2019il a r\u00e9ussi l\u2019examen du Certificat d\u2019\u00c9tudes de l\u2019Universit\u00e9 de Cambridge.<a id=\"fnref5\" class=\"footnoteRef\" href=\"https:\/\/encyclopedia.adventist.org\/article?id=4C5R#fn5\"><sup>5<\/sup><\/a>\u00a0Sa nouvelle \u00e9tape scolaire a \u00e9t\u00e9 au lyc\u00e9e, au West Indian Training College (aujourd&rsquo;hui Universit\u00e9 du Nord de la Cara\u00efbe).<\/p>\n<h3>Service<\/h3>\n<p>Apr\u00e8s avoir obtenu son dipl\u00f4me, il a commenc\u00e9 \u00e0 travailler pour l\u2019\u00c9glise adventiste du septi\u00e8me jour en tant qu\u2019enseignant-pasteur.<a id=\"fnref6\" class=\"footnoteRef\" href=\"https:\/\/encyclopedia.adventist.org\/article?id=4C5R#fn6\"><sup>6<\/sup><\/a>\u00a0Cette affectation dans la F\u00e9d\u00e9ration de l\u2019Ouest de la Jama\u00efque a marqu\u00e9 le d\u00e9but de sa carri\u00e8re dans l\u2019\u00e9ducation ; il a en effet servi en tant que directeur de l\u2019\u00e9cole maternelle adventiste du septi\u00e8me jour de Montego Bay.<a id=\"fnref7\" class=\"footnoteRef\" href=\"https:\/\/encyclopedia.adventist.org\/article?id=4C5R#fn7\"><sup>7<\/sup><\/a>\u00a0qui est plus tard devenue l\u2019\u00c9cole Secondaire Harrison Memorial. L\u2019efficacit\u00e9 de son mandat est not\u00e9e dans\u00a0<em> l&rsquo;Union Visitor<\/em>\u00a0de la Cara\u00efbe Britannique qui le f\u00e9licite pour le pourcentage \u00e9lev\u00e9 de r\u00e9ussites obtenu pour ses \u00e9tudiants aux Examens Locaux de la Jama\u00efque.<a id=\"fnref8\" class=\"footnoteRef\" href=\"https:\/\/encyclopedia.adventist.org\/article?id=4C5R#fn8\"><sup>8<\/sup><\/a>\u00a0Cette fonction a d\u00e9velopp\u00e9 en lui une passion pour l\u2019enseignement aux jeunes et l\u2019a incit\u00e9 \u00e0 consacrer le reste de sa vie au service des jeunes de l\u2019\u00e9glise, du pays et de la r\u00e9gion.<\/p>\n<p>Cet objectif a \u00e9t\u00e9 amplifi\u00e9 par sa prochaine affectation en tant que professeur de Bible et directeur adjoint de l\u2019\u00e9cole qu\u2019il avait lui-m\u00eame fr\u00e9quent\u00e9e, l\u2019\u00c9cole Secondaire Kingsway, et en tant que pasteur adjoint de l\u2019\u00e9glise adventiste du septi\u00e8me jour de Kencot. Avant de se lancer dans sa troisi\u00e8me nomination dans le domaine de l\u2019\u00e9ducation, Herbert Fletcher a pass\u00e9 quatre ans dans le pastorat.<em>L&rsquo;Union<\/em>\u00a0<em>Visitor<\/em>\u00a0de la Cara\u00efbe Britannique datant du 1er d\u00e9cembre 1955 fait remarquer son efficacit\u00e9 en tant que pasteur dans l\u2019organisation d\u2019une nouvelle \u00e9glise.<a id=\"fnref9\" class=\"footnoteRef\" href=\"https:\/\/encyclopedia.adventist.org\/article?id=4C5R#fn9\"><sup>9<\/sup><\/a>\u00a0Son travail avec les jeunes est \u00e9galement relat\u00e9.<a id=\"fnref10\" class=\"footnoteRef\" href=\"https:\/\/encyclopedia.adventist.org\/article?id=4C5R#fn10\"><sup>10<\/sup><\/a>\u00a0\u00c0 la fin de l\u2019ann\u00e9e 1956, il a \u00e9t\u00e9 affect\u00e9 aux d\u00e9partements MV et \u00c9ducation de la F\u00e9d\u00e9ration de l\u2019Est de la Jama\u00efque.<a id=\"fnref11\" class=\"footnoteRef\" href=\"https:\/\/encyclopedia.adventist.org\/article?id=4C5R#fn11\"><sup>11<\/sup><\/a>\u00a0Lui et son \u00e9pouse Olive, ont ensuite d\u00e9m\u00e9nag\u00e9 outre-mer pour se pr\u00e9parer \u00e0 servir \u00e0 d\u2019autres niveaux. Il a obtenu sa licence au Washington Missionary College (aujourd\u2019hui l\u2019Universit\u00e9 Adventiste de Washington) et sa ma\u00eetrise \u00e0 l\u2019Universit\u00e9 d\u2019Andrews.<\/p>\n<p>En 1960, il est retourn\u00e9 dans son pays o\u00f9 il a dirig\u00e9 les d\u00e9partements de la jeunesse et de l\u2019\u00e9ducation dans la F\u00e9d\u00e9ration de l\u2019Est de la Jama\u00efque. Il a occup\u00e9 ces fonctions jusqu\u2019en 1966, date \u00e0 laquelle il a \u00e9t\u00e9 \u00e9lu directeur des m\u00eames d\u00e9partements dans l\u2019Union des West Indies. De 1970 \u00e0 1973, il a \u00e9t\u00e9 tr\u00e9sorier de l\u2019Union des West Indies. Son plus grand impact sur l\u2019\u00e9ducation dans la r\u00e9gion en g\u00e9n\u00e9ral et dans son pays natal en particulier se situe entre 1973 et 1980<a id=\"fnref12\" class=\"footnoteRef\" href=\"https:\/\/encyclopedia.adventist.org\/article?id=4C5R#fn12\"><sup>12<\/sup><\/a>\u00a0lorsqu\u2019il a \u00e9t\u00e9 pr\u00e9sident du West Indies College. Sa parfaite compr\u00e9hension de l\u2019\u00e9ducation, son regard visionnaire et son engagement perspicace ont \u00e9t\u00e9 importants \u00e0 ce moment lorsqu\u2019il a permis d\u2019augmenter le nombre d\u2019inscriptions, a fait augmenter le nombre et la qualit\u00e9 du corps enseignant, a \u00e9tabli des affiliations, a d\u00e9velopp\u00e9 les industries, a construit de nouveaux b\u00e2timents, a \u00e9labor\u00e9 des plans strat\u00e9giques, a travaill\u00e9 sur l\u2019accr\u00e9ditation et a institu\u00e9 un programme d\u2019arts manuels.<\/p>\n<p>Reconsid\u00e9rant ses r\u00e9alisations, en particulier en ce qui concerne le personnel, Herbert Fletcher a d\u00e9clar\u00e9 : \u00ab Dieu m\u2019a donn\u00e9 un talent, c\u2019est la capacit\u00e9 de choisir des personnes ayant cinq talents<a id=\"fnref13\" class=\"footnoteRef\" href=\"https:\/\/encyclopedia.adventist.org\/article?id=4C5R#fn13\"><sup>13<\/sup><\/a>\u00a0Lorsqu\u2019on lui disait que lui aussi \u00e9tait un individu ayant cinq talents, sa modestie ne lui permettait pas d\u2019accepter cette reconnaissance. N\u00e9anmoins, cela met en lumi\u00e8re un autre des dons de Dr Fletcher. Il \u00e9tait un mentor\u00a0<em>par excellence<\/em>. Dans toute la Division Inter Am\u00e9ricaine et la Division Nord-Am\u00e9ricaine, on peut trouver des enseignants, des dirigeants de jeunesse, des directeurs, des responsables de d\u00e9partement et des pr\u00e9sidents pour qui ce g\u00e9ant de l\u2019\u00e9ducation a \u00e9t\u00e9 un mentor pendant ses ann\u00e9es pass\u00e9es au West Indies College et au-del\u00e0.<a id=\"fnref14\" class=\"footnoteRef\" href=\"https:\/\/encyclopedia.adventist.org\/article?id=4C5R#fn14\"><sup>14<\/sup><\/a>\u00a0L\u2019impact et les contributions \u00e0 l\u2019\u00e9chelle mondiale qu\u2019a eus Herbert Fletcher ont atteint leur point culminant lors de la Session de la Conf\u00e9rence G\u00e9n\u00e9rale de 1975 \u00e0 Vienne, en Autriche, lorsqu\u2019il a \u00e9t\u00e9 \u00e9lu secr\u00e9taire de la commission de nominations qui a choisi les dirigeants appel\u00e9s \u00e0 servir l\u2019\u00e9glise mondiale au cours du prochain quinquennat.<a id=\"fnref15\" class=\"footnoteRef\" href=\"https:\/\/encyclopedia.adventist.org\/article?id=4C5R#fn15\"><sup>15<\/sup><\/a><\/p>\n<p>En 1980, il a \u00e9t\u00e9 appel\u00e9 \u00e0 la Division Inter Am\u00e9ricaine en tant que directeur du D\u00e9partement de l\u2019\u00c9ducation, fonction qu\u2019il a occup\u00e9e jusqu\u2019en 1995.<a id=\"fnref16\" class=\"footnoteRef\" href=\"https:\/\/encyclopedia.adventist.org\/article?id=4C5R#fn16\"><sup>16<\/sup><\/a>\u00a0De 1995 \u00e0 1996, Dr Fletcher a \u00e9t\u00e9 coordinateur des Projets Sp\u00e9ciaux pour la Division Inter Am\u00e9ricaine et a fait culminer son service \u00e0 l\u2019\u00e9glise en tant que pr\u00e9sident par int\u00e9rim du Caribbean Union College en 1997.<a id=\"fnref17\" class=\"footnoteRef\" href=\"https:\/\/encyclopedia.adventist.org\/article?id=4C5R#fn17\"><sup>17<\/sup><\/a><\/p>\n<p>Herbert Fletcher a \u00e9galement eu un impact sur l\u2019\u00e9ducation adventiste du septi\u00e8me jour \u00e0 travers sa plume. Il a r\u00e9dig\u00e9 plus de 29 articles<a id=\"fnref18\" class=\"footnoteRef\" href=\"https:\/\/encyclopedia.adventist.org\/article?id=4C5R#fn18\"><sup>18<\/sup><\/a>\u00a0qui ont contribu\u00e9 \u00e0 fa\u00e7onner la perspective de la Division Inter Am\u00e9ricaine et le d\u00e9veloppement de l\u2019enseignement sup\u00e9rieur, en particulier dans les domaines universitaires de la th\u00e9ologie et de l\u2019\u00e9ducation, dans plusieurs endroits en Inter Am\u00e9rique.<\/p>\n<p>Le \u00ab service \u00e9minent \u00bb du Dr Fletcher, en particulier le fait qu\u2019il ait amen\u00e9 de l\u2019innovation et des opportunit\u00e9s d\u2019\u00e9ducation \u00ab \u00e0 l\u2019\u00c9glise adventiste du septi\u00e8me jour en Jama\u00efque \u00bb<a id=\"fnref19\" class=\"footnoteRef\" href=\"https:\/\/encyclopedia.adventist.org\/article?id=4C5R#fn19\"><sup>19<\/sup><\/a>\u00a0et \u00e0 la Division Inter Am\u00e9ricaine, a de multiples facettes. Il a cr\u00e9\u00e9 le premier programme d\u2019extension d\u2019\u00e9tudes sup\u00e9rieures en religion au West Indies College. Il a institu\u00e9 des affiliations de programmes d\u2019\u00e9tudes sup\u00e9rieures entre l\u2019Universit\u00e9 Andrews et la Division Inter Am\u00e9ricaine. Il a lanc\u00e9 des programmes d\u2019extension d\u2019\u00e9tudes sup\u00e9rieures entre l\u2019Universit\u00e9 de Loma Linda et la Division Inter Am\u00e9ricaine. Il a lanc\u00e9 trois programmes d\u2019\u00e9tudes sup\u00e9rieures \u00e0 l\u2019Universit\u00e9 de Montemorelos au Mexique. Il a jou\u00e9 un r\u00f4le d\u00e9terminant dans le changement de statut de deux institutions, l\u2019Universit\u00e9 Adventiste Dominicaine en R\u00e9publique Dominicaine<a id=\"fnref20\" class=\"footnoteRef\" href=\"https:\/\/encyclopedia.adventist.org\/article?id=4C5R#fn20\"><sup>20<\/sup><\/a>\u00a0et l\u2019Institut Universitaire Adventiste du Venezuela au Venezuela, qui sont pass\u00e9es du statut d\u2019\u00e9cole secondaire \u00e0 celui d\u2019universit\u00e9.<a id=\"fnref21\" class=\"footnoteRef\" href=\"https:\/\/encyclopedia.adventist.org\/article?id=4C5R#fn21\"><sup>21<\/sup><\/a><\/p>\n<h3>Contribution<\/h3>\n<p>Les contributions du Dr Lee Herbert Fletcher \u00e0 l\u2019\u00e9glise et \u00e0 la soci\u00e9t\u00e9 ont \u00e9t\u00e9 reconnues \u00e0 l\u2019int\u00e9rieur et \u00e0 l\u2019ext\u00e9rieur de l\u2019\u00e9glise. En 1980, le gouvernement jama\u00efcain lui a d\u00e9cern\u00e9 l\u2019Ordre de Distinction en reconnaissance de ses ann\u00e9es de service exemplaire et d\u00e9vou\u00e9 \u00e0 l\u2019\u00e9ducation de la jeunesse jama\u00efcaine. Les institutions universitaires de l\u2019\u00e9glise ont \u00e9galement not\u00e9 ses contributions et il a \u00e9t\u00e9 honor\u00e9 par l\u2019Universit\u00e9 d\u2019Andrews, le Columbia Union College (appel\u00e9e maintenant l\u2019Universit\u00e9 Adventiste de Washington) et l\u2019Universit\u00e9 du Nord de la Cara\u00efbe, entre autres. Columbia Union College l\u2019a nomm\u00e9 ancien \u00e9l\u00e8ve de l\u2019ann\u00e9e. L\u2019Universit\u00e9 d\u2019Andrews lui a d\u00e9cern\u00e9 le prix Jesse Wagner ainsi qu\u2019un doctorat honorifique en Lettres Humaines, <em>honoris causa<\/em>. L\u2019Universit\u00e9 du Nord de la Cara\u00efbe, anciennement West Indies College, l\u2019a nomm\u00e9 ancien \u00e9l\u00e8ve de l\u2019ann\u00e9e et lui a \u00e9galement d\u00e9cern\u00e9 un doctorat honorifique en Divinit\u00e9,\u00a0<em>honoris causa<\/em>.<a id=\"fnref22\" class=\"footnoteRef\" href=\"https:\/\/encyclopedia.adventist.org\/article?id=4C5R#fn22\"><sup>22<\/sup><\/a><\/p>\n<p>La reconnaissance la plus significative de la contribution du Dr Fletcher dans l\u2019\u00e9glise en g\u00e9n\u00e9ral et dans l\u2019\u00e9ducation en particulier, est venue en 2012 lorsque la Division Inter Am\u00e9ricaine a cr\u00e9\u00e9 l\u2019Universit\u00e9 Herbert Fletcher. Les portes ont \u00e9t\u00e9 ouvertes en 2012 et en 2016, le Conseil de l\u2019\u00c9ducation de Porto Rico a approuv\u00e9 son fonctionnement en tant qu\u2019universit\u00e9. L\u2019Universit\u00e9 Herbert Fletcher est un \u00e9tablissement d\u2019enseignement \u00e0 distance en ligne.<a id=\"fnref23\" class=\"footnoteRef\" href=\"https:\/\/encyclopedia.adventist.org\/article?id=4C5R#fn23\"><sup>23<\/sup><\/a><\/p>\n<p>Dr Herbert Fletcher a consacr\u00e9 plus de 44 ans de service d\u00e9vou\u00e9 \u00e0 l\u2019\u00e9glise.<a id=\"fnref24\" class=\"footnoteRef\" href=\"https:\/\/encyclopedia.adventist.org\/article?id=4C5R#fn24\"><sup>24<\/sup><\/a>\u00a0 Dr Ouida Westney r\u00e9sume sa vie et son influence dans ses r\u00e9flexions : \u00ab En consid\u00e9rant la vie et les contributions du Dr Lee Herbert Fletcher, je peux dire que Dieu lui a donn\u00e9 une personnalit\u00e9 sp\u00e9ciale et les comp\u00e9tences requises pour faire de grandes choses pour l&rsquo;avancement de l\u2019\u00e9vangile pendant le temps qui lui a \u00e9t\u00e9 accord\u00e9 sur la plan\u00e8te Terre. \u00bb<a id=\"fnref25\" class=\"footnoteRef\" href=\"https:\/\/encyclopedia.adventist.org\/article?id=4C5R#fn25\"><sup>25<\/sup><\/a><\/p>\n<p>Pour les sources et les notes, cliquez <a href=\"https:\/\/encyclopedia.adventist.org\/article?id=4C5R\">ICI<\/a><\/p>\n<p>Traduction: Patrick Luciathe<\/p>\n","protected":false},"excerpt":{"rendered":"<p>13 Juillet 2021 | Silver Spring, Maryland, \u00c9tats-Unis | Par Beltram Melbourne Cet article est tir\u00e9 de l\u2019Encyclop\u00e9die des Adventistes du septi\u00e8me jour (ESDA) qui est accessible gratuitement sur\u00a0encyclopedia.adventist.org. Lee&#8230;<\/p>\n","protected":false},"author":3,"featured_media":87421,"comment_status":"closed","ping_status":"closed","sticky":false,"template":"","format":"standard","meta":{"_acf_changed":false,"footnotes":""},"categories":[18,19],"tags":[],"class_list":["post-87436","post","type-post","status-publish","format-standard","has-post-thumbnail","hentry","category-nouvelles-de-leglise-mondiale","category-rss-francais"],"acf":[],"yoast_head":"<!-- This site is optimized with the Yoast SEO plugin v27.3 - https:\/\/yoast.com\/product\/yoast-seo-wordpress\/ -->\n<title>Lee Herbert Fletcher : celui qui a \u00e9lev\u00e9 l\u2019\u00e9ducation adventiste dans toute l\u2019Inter Am\u00e9rique - \u00c9glise Adventiste Du Septieme Jour - Inter Am\u00e9rique Division<\/title>\n<meta name=\"robots\" content=\"index, follow, max-snippet:-1, max-image-preview:large, max-video-preview:-1\" \/>\n<link rel=\"canonical\" href=\"https:\/\/interamerica.org\/fr\/2022\/07\/lee-herbert-fletcher-celui-qui-a-eleve-leducation-adventiste-dans-toute-linter-amerique\/\" \/>\n<meta property=\"og:locale\" content=\"fr_FR\" \/>\n<meta property=\"og:type\" content=\"article\" \/>\n<meta property=\"og:title\" content=\"Lee Herbert Fletcher : celui qui a \u00e9lev\u00e9 l\u2019\u00e9ducation adventiste dans toute l\u2019Inter Am\u00e9rique - \u00c9glise Adventiste Du Septieme Jour - Inter Am\u00e9rique Division\" \/>\n<meta property=\"og:description\" content=\"13 Juillet 2021 | Silver Spring, Maryland, \u00c9tats-Unis | Par Beltram Melbourne Cet article est tir\u00e9 de l\u2019Encyclop\u00e9die des Adventistes du septi\u00e8me jour (ESDA) qui est accessible gratuitement sur\u00a0encyclopedia.adventist.org. Lee...\" \/>\n<meta property=\"og:url\" content=\"https:\/\/interamerica.org\/fr\/2022\/07\/lee-herbert-fletcher-celui-qui-a-eleve-leducation-adventiste-dans-toute-linter-amerique\/\" \/>\n<meta property=\"og:site_name\" content=\"\u00c9glise Adventiste Du Septieme Jour - Inter Am\u00e9rique Division\" \/>\n<meta property=\"article:published_time\" content=\"2022-07-14T18:30:08+00:00\" \/>\n<meta property=\"article:modified_time\" content=\"2022-07-15T01:27:26+00:00\" \/>\n<meta property=\"og:image\" content=\"https:\/\/interamerica.org\/wp-content\/uploads\/2022\/07\/iad-territory-globe-keila-trejo.jpg\" \/>\n\t<meta property=\"og:image:width\" content=\"1280\" \/>\n\t<meta property=\"og:image:height\" content=\"800\" \/>\n\t<meta property=\"og:image:type\" content=\"image\/jpeg\" \/>\n<meta name=\"author\" content=\"libna\" \/>\n<meta name=\"twitter:card\" content=\"summary_large_image\" \/>\n<meta name=\"twitter:label1\" content=\"\u00c9crit par\" \/>\n\t<meta name=\"twitter:data1\" content=\"libna\" \/>\n\t<meta name=\"twitter:label2\" content=\"Dur\u00e9e de lecture estim\u00e9e\" \/>\n\t<meta name=\"twitter:data2\" content=\"7 minutes\" \/>\n<script type=\"application\/ld+json\" class=\"yoast-schema-graph\">{\"@context\":\"https:\\\/\\\/schema.org\",\"@graph\":[{\"@type\":\"Article\",\"@id\":\"https:\\\/\\\/interamerica.org\\\/fr\\\/2022\\\/07\\\/lee-herbert-fletcher-celui-qui-a-eleve-leducation-adventiste-dans-toute-linter-amerique\\\/#article\",\"isPartOf\":{\"@id\":\"https:\\\/\\\/interamerica.org\\\/fr\\\/2022\\\/07\\\/lee-herbert-fletcher-celui-qui-a-eleve-leducation-adventiste-dans-toute-linter-amerique\\\/\"},\"author\":{\"name\":\"libna\",\"@id\":\"https:\\\/\\\/interamerica.org\\\/fr\\\/#\\\/schema\\\/person\\\/29998f2bc2d8bd0d38662909289b54f1\"},\"headline\":\"Lee Herbert Fletcher : celui qui a \u00e9lev\u00e9 l\u2019\u00e9ducation adventiste dans toute l\u2019Inter Am\u00e9rique\",\"datePublished\":\"2022-07-14T18:30:08+00:00\",\"dateModified\":\"2022-07-15T01:27:26+00:00\",\"mainEntityOfPage\":{\"@id\":\"https:\\\/\\\/interamerica.org\\\/fr\\\/2022\\\/07\\\/lee-herbert-fletcher-celui-qui-a-eleve-leducation-adventiste-dans-toute-linter-amerique\\\/\"},\"wordCount\":1666,\"image\":{\"@id\":\"https:\\\/\\\/interamerica.org\\\/fr\\\/2022\\\/07\\\/lee-herbert-fletcher-celui-qui-a-eleve-leducation-adventiste-dans-toute-linter-amerique\\\/#primaryimage\"},\"thumbnailUrl\":\"https:\\\/\\\/interamerica.org\\\/wp-content\\\/uploads\\\/2022\\\/07\\\/iad-territory-globe-keila-trejo.jpg\",\"articleSection\":[\"Nouvelles de l'\u00c9glise mondiale\",\"RSS Fran\u00e7ais\"],\"inLanguage\":\"fr-FR\"},{\"@type\":\"WebPage\",\"@id\":\"https:\\\/\\\/interamerica.org\\\/fr\\\/2022\\\/07\\\/lee-herbert-fletcher-celui-qui-a-eleve-leducation-adventiste-dans-toute-linter-amerique\\\/\",\"url\":\"https:\\\/\\\/interamerica.org\\\/fr\\\/2022\\\/07\\\/lee-herbert-fletcher-celui-qui-a-eleve-leducation-adventiste-dans-toute-linter-amerique\\\/\",\"name\":\"Lee Herbert Fletcher : celui qui a \u00e9lev\u00e9 l\u2019\u00e9ducation adventiste dans toute l\u2019Inter Am\u00e9rique - \u00c9glise Adventiste Du Septieme Jour - Inter Am\u00e9rique Division\",\"isPartOf\":{\"@id\":\"https:\\\/\\\/interamerica.org\\\/fr\\\/#website\"},\"primaryImageOfPage\":{\"@id\":\"https:\\\/\\\/interamerica.org\\\/fr\\\/2022\\\/07\\\/lee-herbert-fletcher-celui-qui-a-eleve-leducation-adventiste-dans-toute-linter-amerique\\\/#primaryimage\"},\"image\":{\"@id\":\"https:\\\/\\\/interamerica.org\\\/fr\\\/2022\\\/07\\\/lee-herbert-fletcher-celui-qui-a-eleve-leducation-adventiste-dans-toute-linter-amerique\\\/#primaryimage\"},\"thumbnailUrl\":\"https:\\\/\\\/interamerica.org\\\/wp-content\\\/uploads\\\/2022\\\/07\\\/iad-territory-globe-keila-trejo.jpg\",\"datePublished\":\"2022-07-14T18:30:08+00:00\",\"dateModified\":\"2022-07-15T01:27:26+00:00\",\"author\":{\"@id\":\"https:\\\/\\\/interamerica.org\\\/fr\\\/#\\\/schema\\\/person\\\/29998f2bc2d8bd0d38662909289b54f1\"},\"breadcrumb\":{\"@id\":\"https:\\\/\\\/interamerica.org\\\/fr\\\/2022\\\/07\\\/lee-herbert-fletcher-celui-qui-a-eleve-leducation-adventiste-dans-toute-linter-amerique\\\/#breadcrumb\"},\"inLanguage\":\"fr-FR\",\"potentialAction\":[{\"@type\":\"ReadAction\",\"target\":[\"https:\\\/\\\/interamerica.org\\\/fr\\\/2022\\\/07\\\/lee-herbert-fletcher-celui-qui-a-eleve-leducation-adventiste-dans-toute-linter-amerique\\\/\"]}]},{\"@type\":\"ImageObject\",\"inLanguage\":\"fr-FR\",\"@id\":\"https:\\\/\\\/interamerica.org\\\/fr\\\/2022\\\/07\\\/lee-herbert-fletcher-celui-qui-a-eleve-leducation-adventiste-dans-toute-linter-amerique\\\/#primaryimage\",\"url\":\"https:\\\/\\\/interamerica.org\\\/wp-content\\\/uploads\\\/2022\\\/07\\\/iad-territory-globe-keila-trejo.jpg\",\"contentUrl\":\"https:\\\/\\\/interamerica.org\\\/wp-content\\\/uploads\\\/2022\\\/07\\\/iad-territory-globe-keila-trejo.jpg\",\"width\":1280,\"height\":800,\"caption\":\"[Photo: Keila Trejo\\\/HopeMedia Stock\"},{\"@type\":\"BreadcrumbList\",\"@id\":\"https:\\\/\\\/interamerica.org\\\/fr\\\/2022\\\/07\\\/lee-herbert-fletcher-celui-qui-a-eleve-leducation-adventiste-dans-toute-linter-amerique\\\/#breadcrumb\",\"itemListElement\":[{\"@type\":\"ListItem\",\"position\":1,\"name\":\"Home\",\"item\":\"https:\\\/\\\/interamerica.org\\\/fr\\\/\"},{\"@type\":\"ListItem\",\"position\":2,\"name\":\"Lee Herbert Fletcher : celui qui a \u00e9lev\u00e9 l\u2019\u00e9ducation adventiste dans toute l\u2019Inter Am\u00e9rique\"}]},{\"@type\":\"WebSite\",\"@id\":\"https:\\\/\\\/interamerica.org\\\/fr\\\/#website\",\"url\":\"https:\\\/\\\/interamerica.org\\\/fr\\\/\",\"name\":\"\u00c9glise Adventiste Du Septieme Jour - Inter Am\u00e9rique Division\",\"description\":\"\",\"potentialAction\":[{\"@type\":\"SearchAction\",\"target\":{\"@type\":\"EntryPoint\",\"urlTemplate\":\"https:\\\/\\\/interamerica.org\\\/fr\\\/?s={search_term_string}\"},\"query-input\":{\"@type\":\"PropertyValueSpecification\",\"valueRequired\":true,\"valueName\":\"search_term_string\"}}],\"inLanguage\":\"fr-FR\"},{\"@type\":\"Person\",\"@id\":\"https:\\\/\\\/interamerica.org\\\/fr\\\/#\\\/schema\\\/person\\\/29998f2bc2d8bd0d38662909289b54f1\",\"name\":\"libna\",\"image\":{\"@type\":\"ImageObject\",\"inLanguage\":\"fr-FR\",\"@id\":\"https:\\\/\\\/secure.gravatar.com\\\/avatar\\\/7c5bd30ae4b47a9ba3c856590957fd1d96dc588bf3ac05719d247e126840331f?s=96&d=mm&r=g\",\"url\":\"https:\\\/\\\/secure.gravatar.com\\\/avatar\\\/7c5bd30ae4b47a9ba3c856590957fd1d96dc588bf3ac05719d247e126840331f?s=96&d=mm&r=g\",\"contentUrl\":\"https:\\\/\\\/secure.gravatar.com\\\/avatar\\\/7c5bd30ae4b47a9ba3c856590957fd1d96dc588bf3ac05719d247e126840331f?s=96&d=mm&r=g\",\"caption\":\"libna\"}}]}<\/script>\n<!-- \/ Yoast SEO plugin. -->","yoast_head_json":{"title":"Lee Herbert Fletcher : celui qui a \u00e9lev\u00e9 l\u2019\u00e9ducation adventiste dans toute l\u2019Inter Am\u00e9rique - \u00c9glise Adventiste Du Septieme Jour - Inter Am\u00e9rique Division","robots":{"index":"index","follow":"follow","max-snippet":"max-snippet:-1","max-image-preview":"max-image-preview:large","max-video-preview":"max-video-preview:-1"},"canonical":"https:\/\/interamerica.org\/fr\/2022\/07\/lee-herbert-fletcher-celui-qui-a-eleve-leducation-adventiste-dans-toute-linter-amerique\/","og_locale":"fr_FR","og_type":"article","og_title":"Lee Herbert Fletcher : celui qui a \u00e9lev\u00e9 l\u2019\u00e9ducation adventiste dans toute l\u2019Inter Am\u00e9rique - \u00c9glise Adventiste Du Septieme Jour - Inter Am\u00e9rique Division","og_description":"13 Juillet 2021 | Silver Spring, Maryland, \u00c9tats-Unis | Par Beltram Melbourne Cet article est tir\u00e9 de l\u2019Encyclop\u00e9die des Adventistes du septi\u00e8me jour (ESDA) qui est accessible gratuitement sur\u00a0encyclopedia.adventist.org. Lee...","og_url":"https:\/\/interamerica.org\/fr\/2022\/07\/lee-herbert-fletcher-celui-qui-a-eleve-leducation-adventiste-dans-toute-linter-amerique\/","og_site_name":"\u00c9glise Adventiste Du Septieme Jour - Inter Am\u00e9rique Division","article_published_time":"2022-07-14T18:30:08+00:00","article_modified_time":"2022-07-15T01:27:26+00:00","og_image":[{"width":1280,"height":800,"url":"https:\/\/interamerica.org\/wp-content\/uploads\/2022\/07\/iad-territory-globe-keila-trejo.jpg","type":"image\/jpeg"}],"author":"libna","twitter_card":"summary_large_image","twitter_misc":{"\u00c9crit par":"libna","Dur\u00e9e de lecture estim\u00e9e":"7 minutes"},"schema":{"@context":"https:\/\/schema.org","@graph":[{"@type":"Article","@id":"https:\/\/interamerica.org\/fr\/2022\/07\/lee-herbert-fletcher-celui-qui-a-eleve-leducation-adventiste-dans-toute-linter-amerique\/#article","isPartOf":{"@id":"https:\/\/interamerica.org\/fr\/2022\/07\/lee-herbert-fletcher-celui-qui-a-eleve-leducation-adventiste-dans-toute-linter-amerique\/"},"author":{"name":"libna","@id":"https:\/\/interamerica.org\/fr\/#\/schema\/person\/29998f2bc2d8bd0d38662909289b54f1"},"headline":"Lee Herbert Fletcher : celui qui a \u00e9lev\u00e9 l\u2019\u00e9ducation adventiste dans toute l\u2019Inter Am\u00e9rique","datePublished":"2022-07-14T18:30:08+00:00","dateModified":"2022-07-15T01:27:26+00:00","mainEntityOfPage":{"@id":"https:\/\/interamerica.org\/fr\/2022\/07\/lee-herbert-fletcher-celui-qui-a-eleve-leducation-adventiste-dans-toute-linter-amerique\/"},"wordCount":1666,"image":{"@id":"https:\/\/interamerica.org\/fr\/2022\/07\/lee-herbert-fletcher-celui-qui-a-eleve-leducation-adventiste-dans-toute-linter-amerique\/#primaryimage"},"thumbnailUrl":"https:\/\/interamerica.org\/wp-content\/uploads\/2022\/07\/iad-territory-globe-keila-trejo.jpg","articleSection":["Nouvelles de l'\u00c9glise mondiale","RSS Fran\u00e7ais"],"inLanguage":"fr-FR"},{"@type":"WebPage","@id":"https:\/\/interamerica.org\/fr\/2022\/07\/lee-herbert-fletcher-celui-qui-a-eleve-leducation-adventiste-dans-toute-linter-amerique\/","url":"https:\/\/interamerica.org\/fr\/2022\/07\/lee-herbert-fletcher-celui-qui-a-eleve-leducation-adventiste-dans-toute-linter-amerique\/","name":"Lee Herbert Fletcher : celui qui a \u00e9lev\u00e9 l\u2019\u00e9ducation adventiste dans toute l\u2019Inter Am\u00e9rique - \u00c9glise Adventiste Du Septieme Jour - Inter Am\u00e9rique Division","isPartOf":{"@id":"https:\/\/interamerica.org\/fr\/#website"},"primaryImageOfPage":{"@id":"https:\/\/interamerica.org\/fr\/2022\/07\/lee-herbert-fletcher-celui-qui-a-eleve-leducation-adventiste-dans-toute-linter-amerique\/#primaryimage"},"image":{"@id":"https:\/\/interamerica.org\/fr\/2022\/07\/lee-herbert-fletcher-celui-qui-a-eleve-leducation-adventiste-dans-toute-linter-amerique\/#primaryimage"},"thumbnailUrl":"https:\/\/interamerica.org\/wp-content\/uploads\/2022\/07\/iad-territory-globe-keila-trejo.jpg","datePublished":"2022-07-14T18:30:08+00:00","dateModified":"2022-07-15T01:27:26+00:00","author":{"@id":"https:\/\/interamerica.org\/fr\/#\/schema\/person\/29998f2bc2d8bd0d38662909289b54f1"},"breadcrumb":{"@id":"https:\/\/interamerica.org\/fr\/2022\/07\/lee-herbert-fletcher-celui-qui-a-eleve-leducation-adventiste-dans-toute-linter-amerique\/#breadcrumb"},"inLanguage":"fr-FR","potentialAction":[{"@type":"ReadAction","target":["https:\/\/interamerica.org\/fr\/2022\/07\/lee-herbert-fletcher-celui-qui-a-eleve-leducation-adventiste-dans-toute-linter-amerique\/"]}]},{"@type":"ImageObject","inLanguage":"fr-FR","@id":"https:\/\/interamerica.org\/fr\/2022\/07\/lee-herbert-fletcher-celui-qui-a-eleve-leducation-adventiste-dans-toute-linter-amerique\/#primaryimage","url":"https:\/\/interamerica.org\/wp-content\/uploads\/2022\/07\/iad-territory-globe-keila-trejo.jpg","contentUrl":"https:\/\/interamerica.org\/wp-content\/uploads\/2022\/07\/iad-territory-globe-keila-trejo.jpg","width":1280,"height":800,"caption":"[Photo: Keila Trejo\/HopeMedia Stock"},{"@type":"BreadcrumbList","@id":"https:\/\/interamerica.org\/fr\/2022\/07\/lee-herbert-fletcher-celui-qui-a-eleve-leducation-adventiste-dans-toute-linter-amerique\/#breadcrumb","itemListElement":[{"@type":"ListItem","position":1,"name":"Home","item":"https:\/\/interamerica.org\/fr\/"},{"@type":"ListItem","position":2,"name":"Lee Herbert Fletcher : celui qui a \u00e9lev\u00e9 l\u2019\u00e9ducation adventiste dans toute l\u2019Inter Am\u00e9rique"}]},{"@type":"WebSite","@id":"https:\/\/interamerica.org\/fr\/#website","url":"https:\/\/interamerica.org\/fr\/","name":"\u00c9glise Adventiste Du Septieme Jour - Inter Am\u00e9rique Division","description":"","potentialAction":[{"@type":"SearchAction","target":{"@type":"EntryPoint","urlTemplate":"https:\/\/interamerica.org\/fr\/?s={search_term_string}"},"query-input":{"@type":"PropertyValueSpecification","valueRequired":true,"valueName":"search_term_string"}}],"inLanguage":"fr-FR"},{"@type":"Person","@id":"https:\/\/interamerica.org\/fr\/#\/schema\/person\/29998f2bc2d8bd0d38662909289b54f1","name":"libna","image":{"@type":"ImageObject","inLanguage":"fr-FR","@id":"https:\/\/secure.gravatar.com\/avatar\/7c5bd30ae4b47a9ba3c856590957fd1d96dc588bf3ac05719d247e126840331f?s=96&d=mm&r=g","url":"https:\/\/secure.gravatar.com\/avatar\/7c5bd30ae4b47a9ba3c856590957fd1d96dc588bf3ac05719d247e126840331f?s=96&d=mm&r=g","contentUrl":"https:\/\/secure.gravatar.com\/avatar\/7c5bd30ae4b47a9ba3c856590957fd1d96dc588bf3ac05719d247e126840331f?s=96&d=mm&r=g","caption":"libna"}}]}},"_links":{"self":[{"href":"https:\/\/interamerica.org\/fr\/wp-json\/wp\/v2\/posts\/87436","targetHints":{"allow":["GET"]}}],"collection":[{"href":"https:\/\/interamerica.org\/fr\/wp-json\/wp\/v2\/posts"}],"about":[{"href":"https:\/\/interamerica.org\/fr\/wp-json\/wp\/v2\/types\/post"}],"author":[{"embeddable":true,"href":"https:\/\/interamerica.org\/fr\/wp-json\/wp\/v2\/users\/3"}],"replies":[{"embeddable":true,"href":"https:\/\/interamerica.org\/fr\/wp-json\/wp\/v2\/comments?post=87436"}],"version-history":[{"count":0,"href":"https:\/\/interamerica.org\/fr\/wp-json\/wp\/v2\/posts\/87436\/revisions"}],"wp:featuredmedia":[{"embeddable":true,"href":"https:\/\/interamerica.org\/fr\/wp-json\/wp\/v2\/media\/87421"}],"wp:attachment":[{"href":"https:\/\/interamerica.org\/fr\/wp-json\/wp\/v2\/media?parent=87436"}],"wp:term":[{"taxonomy":"category","embeddable":true,"href":"https:\/\/interamerica.org\/fr\/wp-json\/wp\/v2\/categories?post=87436"},{"taxonomy":"post_tag","embeddable":true,"href":"https:\/\/interamerica.org\/fr\/wp-json\/wp\/v2\/tags?post=87436"}],"curies":[{"name":"wp","href":"https:\/\/api.w.org\/{rel}","templated":true}]}}