{"id":87645,"date":"2022-07-21T15:52:55","date_gmt":"2022-07-21T19:52:55","guid":{"rendered":"https:\/\/recursing-golick.147-182-135-0.plesk.page\/?p=87645"},"modified":"2022-07-21T19:46:05","modified_gmt":"2022-07-21T23:46:05","slug":"leglise-adventiste-au-venezuela-offre-des-soins-medicaux-a-plus-de-2000-membres-dans-le-besoin","status":"publish","type":"post","link":"https:\/\/interamerica.org\/fr\/2022\/07\/leglise-adventiste-au-venezuela-offre-des-soins-medicaux-a-plus-de-2000-membres-dans-le-besoin\/","title":{"rendered":"L\u2019\u00c9glise Adventiste au Venezuela offre des soins m\u00e9dicaux \u00e0 plus de 2000 membres dans le besoin"},"content":{"rendered":"<p>21 Juillet 2022 | Barquisimeto, V\u00e9n\u00e9zuela | Patrizia Medina et Actualit\u00e9s de la Division Inter Am\u00e9ricaine<\/p>\n<p>Plus de 2300 personnes dans la ville de Barquisimeto, au Venezuela, ont b\u00e9n\u00e9fici\u00e9 de services m\u00e9dicaux et de soins de sant\u00e9 gr\u00e2ce \u00e0 une initiative conjointe entre l\u2019h\u00f4pital adventiste, l\u2019Union adventiste du septi\u00e8me jour de l\u2019Ouest du Venezuela et la Fondation Sourires de J\u00e9sus (Fundaci\u00f3n Sonrisas de Jes\u00fas ou FUNDASONJE )\u2014une organisation adventiste la\u00efque dans le pays.<\/p>\n<p>Le r\u00e9cent programme de trois jours a permis d\u2019offrir des consultations m\u00e9dicales dans la r\u00e9gion \u00e0 2346 patients qui avaient besoin d\u2019aide. L\u2019initiative a permis d\u2019effectuer 104 actes de chirurgie mineurs et des traitements dans 15 sp\u00e9cialit\u00e9s m\u00e9dicales comme l\u2019ophtalmologie, les soins ambulatoires, les soins dentaires, etc.<\/p>\n<p><div id=\"attachment_87626\" style=\"width: 855px\" class=\"wp-caption aligncenter\"><img fetchpriority=\"high\" decoding=\"async\" aria-describedby=\"caption-attachment-87626\" class=\" wp-image-87626\" src=\"https:\/\/recursing-golick.147-182-135-0.plesk.page\/wp-content\/uploads\/2022\/07\/wvau-hospital-barquisimeto-members.jpg\" alt=\"\" width=\"845\" height=\"634\" srcset=\"https:\/\/interamerica.org\/wp-content\/uploads\/2022\/07\/wvau-hospital-barquisimeto-members.jpg 900w, https:\/\/interamerica.org\/wp-content\/uploads\/2022\/07\/wvau-hospital-barquisimeto-members-300x225.jpg 300w, https:\/\/interamerica.org\/wp-content\/uploads\/2022\/07\/wvau-hospital-barquisimeto-members-768x576.jpg 768w\" sizes=\"(max-width: 845px) 100vw, 845px\" \/><p id=\"caption-attachment-87626\" class=\"wp-caption-text\">Un b\u00e9n\u00e9vole \u00e0 l\u2019H\u00f4pital Adventiste du Venezuela \u00e0 Barquisimeto, appelle les membres d\u2019\u00e9glise en attente d\u2019une consultation m\u00e9dicale ou d\u2019un traitement lors de la r\u00e9cente initiative organis\u00e9e par l\u2019\u00e9glise, l\u2019h\u00f4pital et la fondation la\u00efque pour aider les membres d\u2019\u00e9glise ayant besoin de soins m\u00e9dicaux et d\u2019interventions chirurgicales mineures. L\u2019initiative a permis de traiter plus de 2346 patients et d\u2019effectuer 104 actes de chirurgie mineurs dans l\u2019Ouest du Venezuela. [Photo : H\u00f4pital Adventiste du Venezuela]<\/p><\/div>\u00ab Nous sommes tr\u00e8s reconnaissants d\u2019avoir \u00e0 nouveau collabor\u00e9 avec la Fondation Sourires de J\u00e9sus pour venir en aide \u00e0 un si grand nombre de nos membres vuln\u00e9rables et n\u00e9cessiteux, \u00bb a d\u00e9clar\u00e9 pasteur Orlando Ram\u00edrez, pr\u00e9sident de l\u2019\u00c9glise adventiste dans l\u2019Ouest du Venezuela et pr\u00e9sident du conseil d\u2019administration de l\u2019h\u00f4pital adventiste. Depuis 2017, l\u2019\u00e9glise s\u2019est associ\u00e9e \u00e0 la fondation adventiste la\u00efque pour aider les communaut\u00e9s dans le besoin \u00e0 travers l\u2019ouest du Venezuela tout en promouvant le mode de vie sain que l\u2019\u00e9glise pr\u00e9conise, a d\u00e9clar\u00e9 pasteur Ram\u00edrez.<\/p>\n<p>Luis Betancourt, coordinateur des services sociaux pour FUNDASONJE qui supervise le projet, a d\u00e9clar\u00e9 que dans le pass\u00e9, des dizaines d\u2019interventions ont \u00e9t\u00e9 men\u00e9es au profit de la population en g\u00e9n\u00e9ral, mais il y avait une r\u00e9elle opportunit\u00e9 d\u2019atteindre les membres d\u2019\u00e9glise dans la r\u00e9gion. \u00ab Nous avons \u00e9valu\u00e9 les besoins des membres d\u2019\u00e9glise qui avaient besoin d\u2019une intervention chirurgicale avant de programmer les services, \u00bb a-t-il d\u00e9clar\u00e9.<\/p>\n<p><div id=\"attachment_87623\" style=\"width: 859px\" class=\"wp-caption aligncenter\"><img decoding=\"async\" aria-describedby=\"caption-attachment-87623\" class=\" wp-image-87623\" src=\"https:\/\/recursing-golick.147-182-135-0.plesk.page\/wp-content\/uploads\/2022\/07\/wvau-hospital-registration.jpg\" alt=\"\" width=\"849\" height=\"637\" srcset=\"https:\/\/interamerica.org\/wp-content\/uploads\/2022\/07\/wvau-hospital-registration.jpg 900w, https:\/\/interamerica.org\/wp-content\/uploads\/2022\/07\/wvau-hospital-registration-300x225.jpg 300w, https:\/\/interamerica.org\/wp-content\/uploads\/2022\/07\/wvau-hospital-registration-768x576.jpg 768w\" sizes=\"(max-width: 849px) 100vw, 849px\" \/><p id=\"caption-attachment-87623\" class=\"wp-caption-text\">Un professionnel de sant\u00e9 remplit des documents avant qu\u2019un patient ne soit soign\u00e9 dans le cadre de l\u2019initiative de soins m\u00e9dicaux exclusifs pour les membres d\u2019\u00e9glise dans le besoin \u00e0 Barquisimeto, dans l\u2019ouest du Venezuela. [Photo : H\u00f4pital Adventiste du Venezuela]<\/p><\/div>\u00ab Au Venezuela, il est difficile d\u2019avoir des services m\u00e9dicaux disponibles dans les h\u00f4pitaux publics, \u00bb a expliqu\u00e9 pasteur Ramirez. \u00ab Cela prend du temps. Les listes d\u2019attente sont longues. \u00bb Les consultations m\u00e9dicales et la chirurgie r\u00e9pondent \u00e0 un r\u00e9el besoin, a-t-il ajout\u00e9.<\/p>\n<p>L\u2019initiative a \u00e9t\u00e9 l\u2019occasion pour le chirurgien de l\u2019h\u00f4pital, 30 professionnels de sant\u00e9 venus de tout le pays et des dizaines de b\u00e9n\u00e9voles, de prendre part \u00e0 l\u2019initiative de trois jours baptis\u00e9e \u00ab Vivre l\u2019Espoir \u00bb \u00e0 Barquisimeto, l\u00e0 o\u00f9 se trouve l\u2019H\u00f4pital Adventiste du Venezuela, du 20 au 22 mai 2022.<\/p>\n<p><div id=\"attachment_87635\" style=\"width: 860px\" class=\"wp-caption aligncenter\"><img decoding=\"async\" aria-describedby=\"caption-attachment-87635\" class=\" wp-image-87635\" src=\"https:\/\/recursing-golick.147-182-135-0.plesk.page\/wp-content\/uploads\/2022\/07\/wvau-hospital-member-care-1024x640.jpg\" alt=\"\" width=\"850\" height=\"531\" srcset=\"https:\/\/interamerica.org\/wp-content\/uploads\/2022\/07\/wvau-hospital-member-care-1024x640.jpg 1024w, https:\/\/interamerica.org\/wp-content\/uploads\/2022\/07\/wvau-hospital-member-care-300x188.jpg 300w, https:\/\/interamerica.org\/wp-content\/uploads\/2022\/07\/wvau-hospital-member-care-768x480.jpg 768w, https:\/\/interamerica.org\/wp-content\/uploads\/2022\/07\/wvau-hospital-member-care.jpg 1280w\" sizes=\"(max-width: 850px) 100vw, 850px\" \/><p id=\"caption-attachment-87635\" class=\"wp-caption-text\">Un membre d\u2019\u00e9glise \u00e2g\u00e9 re\u00e7oit de l\u2019aide lors d\u2019une consultation m\u00e9dicale \u00e0 l\u2019H\u00f4pital Adventiste du Venezuela dans le cadre de l\u2019initiative de soins m\u00e9dicaux organis\u00e9e en mai 2022. [Photo : H\u00f4pital Adventiste du Venezuela]<\/p><\/div>\u00ab Il s\u2019agit de la premi\u00e8re intervention d\u2019une telle ampleur mise en place par l\u2019h\u00f4pital dans sa strat\u00e9gie visant \u00e0 remplir sa mission qui est de devenir le centre de sant\u00e9 pour tous les membres, a d\u00e9clar\u00e9 Dr Eglee Alaste, M.D., chirurgien sp\u00e9cialis\u00e9 en m\u00e9decine familiale et directeur m\u00e9dical de l\u2019H\u00f4pital Adventiste du Venezuela. \u00ab Nous nous engageons \u00e0 refl\u00e9ter qui Dieu est, en servant et en offrant le meilleur \u00e0 ses enfants et aux fr\u00e8res et s\u0153urs. \u00bb<\/p>\n<p>Il \u00e9tait important de souligner aupr\u00e8s des membres d\u2019\u00e9glise que l\u2019h\u00f4pital est aussi le leur, a d\u00e9clar\u00e9 pasteur Ramirez. \u00ab La situation au Venezuela au fil du temps avait cr\u00e9\u00e9 une sorte de distanciation et une grande difficult\u00e9 \u00e0 pouvoir servir les personnes qui n\u2019avaient pas d\u2019argent, et atteindre les plus pauvres, et cela s\u2019\u00e9tait transform\u00e9 en quelque chose de tr\u00e8s complexe et difficile \u00e0 atteindre pour l\u2019h\u00f4pital. \u00bb Avec 50 pour cent des ressources apport\u00e9es par FUNDASONJE pour l\u2019initiative, \u00ab nous avons pu nous associer en tant qu\u2019\u00e9glise et accomplir une initiative vraiment belle \u00e0 Barquisimeto. \u00bb<\/p>\n<p><div id=\"attachment_87629\" style=\"width: 860px\" class=\"wp-caption aligncenter\"><img loading=\"lazy\" decoding=\"async\" aria-describedby=\"caption-attachment-87629\" class=\" wp-image-87629\" src=\"https:\/\/recursing-golick.147-182-135-0.plesk.page\/wp-content\/uploads\/2022\/07\/wevu-hospital-fundclinica.jpg\" alt=\"\" width=\"850\" height=\"531\" srcset=\"https:\/\/interamerica.org\/wp-content\/uploads\/2022\/07\/wevu-hospital-fundclinica.jpg 1000w, https:\/\/interamerica.org\/wp-content\/uploads\/2022\/07\/wevu-hospital-fundclinica-300x188.jpg 300w, https:\/\/interamerica.org\/wp-content\/uploads\/2022\/07\/wevu-hospital-fundclinica-768x480.jpg 768w\" sizes=\"(max-width: 850px) 100vw, 850px\" \/><p id=\"caption-attachment-87629\" class=\"wp-caption-text\">Entr\u00e9e de l\u2019H\u00f4pital Adventiste du Venezuela ou Fundaci\u00f3n Cl\u00ednica Adventista \u00e0 Barquisimeto, dans l\u2019Ouest du Venezuela. L\u2019h\u00f4pital a \u00e9t\u00e9 cr\u00e9\u00e9 en 1983 et compte sept lits et une salle d\u2019op\u00e9ration. [Photo : H\u00f4pital Adventiste du Venezuela]<\/p><\/div>L\u2019h\u00f4pital a assur\u00e9 un suivi avec les services postop\u00e9ratoires gratuits \u00e0 la fin de l\u2019initiative.<\/p>\n<p>L\u2019initiative commune incluait la participation de la F\u00e9d\u00e9ration du Centre-Ouest du Venezuela, le soutien de l\u2019Agence Adventiste de D\u00e9veloppement et de Secours (ADRA) au Venezuela ainsi que celui de la Division Inter Am\u00e9ricaine.<\/p>\n<p>Pour en savoir plus sur les initiatives et les activit\u00e9s organis\u00e9es par l\u2019\u00c9glise adventiste du septi\u00e8me jour dans l\u2019Ouest du Venezuela, rendez-vous sur le site<br \/>\n<a href=\"https:\/\/uvoc.com.ve\/\">uvoc.com.ve<\/a><\/p>\n<p>Traduction: Patrick Luciathe<\/p>\n","protected":false},"excerpt":{"rendered":"<p>21 Juillet 2022 | Barquisimeto, V\u00e9n\u00e9zuela | Patrizia Medina et Actualit\u00e9s de la Division Inter Am\u00e9ricaine Plus de 2300 personnes dans la ville de Barquisimeto, au Venezuela, ont b\u00e9n\u00e9fici\u00e9 de&#8230;<\/p>\n","protected":false},"author":3,"featured_media":87617,"comment_status":"closed","ping_status":"closed","sticky":false,"template":"","format":"standard","meta":{"_acf_changed":false,"footnotes":""},"categories":[21,19],"tags":[],"class_list":["post-87645","post","type-post","status-publish","format-standard","has-post-thumbnail","hentry","category-nouvelles-du-territoire","category-rss-francais"],"acf":[],"yoast_head":"<!-- This site is optimized with the Yoast SEO plugin v27.3 - https:\/\/yoast.com\/product\/yoast-seo-wordpress\/ -->\n<title>L\u2019\u00c9glise Adventiste au Venezuela offre des soins m\u00e9dicaux \u00e0 plus de 2000 membres dans le besoin - \u00c9glise Adventiste Du Septieme Jour - Inter Am\u00e9rique Division<\/title>\n<meta name=\"robots\" content=\"index, follow, max-snippet:-1, max-image-preview:large, max-video-preview:-1\" \/>\n<link rel=\"canonical\" href=\"https:\/\/interamerica.org\/fr\/2022\/07\/leglise-adventiste-au-venezuela-offre-des-soins-medicaux-a-plus-de-2000-membres-dans-le-besoin\/\" \/>\n<meta property=\"og:locale\" content=\"fr_FR\" \/>\n<meta property=\"og:type\" content=\"article\" \/>\n<meta property=\"og:title\" content=\"L\u2019\u00c9glise Adventiste au Venezuela offre des soins m\u00e9dicaux \u00e0 plus de 2000 membres dans le besoin - \u00c9glise Adventiste Du Septieme Jour - Inter Am\u00e9rique Division\" \/>\n<meta property=\"og:description\" content=\"21 Juillet 2022 | Barquisimeto, V\u00e9n\u00e9zuela | Patrizia Medina et Actualit\u00e9s de la Division Inter Am\u00e9ricaine Plus de 2300 personnes dans la ville de Barquisimeto, au Venezuela, ont b\u00e9n\u00e9fici\u00e9 de...\" \/>\n<meta property=\"og:url\" content=\"https:\/\/interamerica.org\/fr\/2022\/07\/leglise-adventiste-au-venezuela-offre-des-soins-medicaux-a-plus-de-2000-membres-dans-le-besoin\/\" \/>\n<meta property=\"og:site_name\" content=\"\u00c9glise Adventiste Du Septieme Jour - Inter Am\u00e9rique Division\" \/>\n<meta property=\"article:published_time\" content=\"2022-07-21T19:52:55+00:00\" \/>\n<meta property=\"article:modified_time\" content=\"2022-07-21T23:46:05+00:00\" \/>\n<meta property=\"og:image\" content=\"https:\/\/interamerica.org\/wp-content\/uploads\/2022\/07\/wvau-hospital-surgery1280.jpg\" \/>\n\t<meta property=\"og:image:width\" content=\"1280\" \/>\n\t<meta property=\"og:image:height\" content=\"800\" \/>\n\t<meta property=\"og:image:type\" content=\"image\/jpeg\" \/>\n<meta name=\"author\" content=\"libna\" \/>\n<meta name=\"twitter:card\" content=\"summary_large_image\" \/>\n<meta name=\"twitter:label1\" content=\"\u00c9crit par\" \/>\n\t<meta name=\"twitter:data1\" content=\"libna\" \/>\n\t<meta name=\"twitter:label2\" content=\"Dur\u00e9e de lecture estim\u00e9e\" \/>\n\t<meta name=\"twitter:data2\" content=\"5 minutes\" \/>\n<script type=\"application\/ld+json\" class=\"yoast-schema-graph\">{\"@context\":\"https:\\\/\\\/schema.org\",\"@graph\":[{\"@type\":\"Article\",\"@id\":\"https:\\\/\\\/interamerica.org\\\/fr\\\/2022\\\/07\\\/leglise-adventiste-au-venezuela-offre-des-soins-medicaux-a-plus-de-2000-membres-dans-le-besoin\\\/#article\",\"isPartOf\":{\"@id\":\"https:\\\/\\\/interamerica.org\\\/fr\\\/2022\\\/07\\\/leglise-adventiste-au-venezuela-offre-des-soins-medicaux-a-plus-de-2000-membres-dans-le-besoin\\\/\"},\"author\":{\"name\":\"libna\",\"@id\":\"https:\\\/\\\/interamerica.org\\\/fr\\\/#\\\/schema\\\/person\\\/29998f2bc2d8bd0d38662909289b54f1\"},\"headline\":\"L\u2019\u00c9glise Adventiste au Venezuela offre des soins m\u00e9dicaux \u00e0 plus de 2000 membres dans le besoin\",\"datePublished\":\"2022-07-21T19:52:55+00:00\",\"dateModified\":\"2022-07-21T23:46:05+00:00\",\"mainEntityOfPage\":{\"@id\":\"https:\\\/\\\/interamerica.org\\\/fr\\\/2022\\\/07\\\/leglise-adventiste-au-venezuela-offre-des-soins-medicaux-a-plus-de-2000-membres-dans-le-besoin\\\/\"},\"wordCount\":974,\"image\":{\"@id\":\"https:\\\/\\\/interamerica.org\\\/fr\\\/2022\\\/07\\\/leglise-adventiste-au-venezuela-offre-des-soins-medicaux-a-plus-de-2000-membres-dans-le-besoin\\\/#primaryimage\"},\"thumbnailUrl\":\"https:\\\/\\\/interamerica.org\\\/wp-content\\\/uploads\\\/2022\\\/07\\\/wvau-hospital-surgery1280.jpg\",\"articleSection\":[\"Nouvelles du territoire\",\"RSS Fran\u00e7ais\"],\"inLanguage\":\"fr-FR\"},{\"@type\":\"WebPage\",\"@id\":\"https:\\\/\\\/interamerica.org\\\/fr\\\/2022\\\/07\\\/leglise-adventiste-au-venezuela-offre-des-soins-medicaux-a-plus-de-2000-membres-dans-le-besoin\\\/\",\"url\":\"https:\\\/\\\/interamerica.org\\\/fr\\\/2022\\\/07\\\/leglise-adventiste-au-venezuela-offre-des-soins-medicaux-a-plus-de-2000-membres-dans-le-besoin\\\/\",\"name\":\"L\u2019\u00c9glise Adventiste au Venezuela offre des soins m\u00e9dicaux \u00e0 plus de 2000 membres dans le besoin - \u00c9glise Adventiste Du Septieme Jour - Inter Am\u00e9rique Division\",\"isPartOf\":{\"@id\":\"https:\\\/\\\/interamerica.org\\\/fr\\\/#website\"},\"primaryImageOfPage\":{\"@id\":\"https:\\\/\\\/interamerica.org\\\/fr\\\/2022\\\/07\\\/leglise-adventiste-au-venezuela-offre-des-soins-medicaux-a-plus-de-2000-membres-dans-le-besoin\\\/#primaryimage\"},\"image\":{\"@id\":\"https:\\\/\\\/interamerica.org\\\/fr\\\/2022\\\/07\\\/leglise-adventiste-au-venezuela-offre-des-soins-medicaux-a-plus-de-2000-membres-dans-le-besoin\\\/#primaryimage\"},\"thumbnailUrl\":\"https:\\\/\\\/interamerica.org\\\/wp-content\\\/uploads\\\/2022\\\/07\\\/wvau-hospital-surgery1280.jpg\",\"datePublished\":\"2022-07-21T19:52:55+00:00\",\"dateModified\":\"2022-07-21T23:46:05+00:00\",\"author\":{\"@id\":\"https:\\\/\\\/interamerica.org\\\/fr\\\/#\\\/schema\\\/person\\\/29998f2bc2d8bd0d38662909289b54f1\"},\"breadcrumb\":{\"@id\":\"https:\\\/\\\/interamerica.org\\\/fr\\\/2022\\\/07\\\/leglise-adventiste-au-venezuela-offre-des-soins-medicaux-a-plus-de-2000-membres-dans-le-besoin\\\/#breadcrumb\"},\"inLanguage\":\"fr-FR\",\"potentialAction\":[{\"@type\":\"ReadAction\",\"target\":[\"https:\\\/\\\/interamerica.org\\\/fr\\\/2022\\\/07\\\/leglise-adventiste-au-venezuela-offre-des-soins-medicaux-a-plus-de-2000-membres-dans-le-besoin\\\/\"]}]},{\"@type\":\"ImageObject\",\"inLanguage\":\"fr-FR\",\"@id\":\"https:\\\/\\\/interamerica.org\\\/fr\\\/2022\\\/07\\\/leglise-adventiste-au-venezuela-offre-des-soins-medicaux-a-plus-de-2000-membres-dans-le-besoin\\\/#primaryimage\",\"url\":\"https:\\\/\\\/interamerica.org\\\/wp-content\\\/uploads\\\/2022\\\/07\\\/wvau-hospital-surgery1280.jpg\",\"contentUrl\":\"https:\\\/\\\/interamerica.org\\\/wp-content\\\/uploads\\\/2022\\\/07\\\/wvau-hospital-surgery1280.jpg\",\"width\":1280,\"height\":800,\"caption\":\"[Photo : H\u00f4pital Adventiste du Venezuela]\"},{\"@type\":\"BreadcrumbList\",\"@id\":\"https:\\\/\\\/interamerica.org\\\/fr\\\/2022\\\/07\\\/leglise-adventiste-au-venezuela-offre-des-soins-medicaux-a-plus-de-2000-membres-dans-le-besoin\\\/#breadcrumb\",\"itemListElement\":[{\"@type\":\"ListItem\",\"position\":1,\"name\":\"Home\",\"item\":\"https:\\\/\\\/interamerica.org\\\/fr\\\/\"},{\"@type\":\"ListItem\",\"position\":2,\"name\":\"L\u2019\u00c9glise Adventiste au Venezuela offre des soins m\u00e9dicaux \u00e0 plus de 2000 membres dans le besoin\"}]},{\"@type\":\"WebSite\",\"@id\":\"https:\\\/\\\/interamerica.org\\\/fr\\\/#website\",\"url\":\"https:\\\/\\\/interamerica.org\\\/fr\\\/\",\"name\":\"\u00c9glise Adventiste Du Septieme Jour - Inter Am\u00e9rique Division\",\"description\":\"\",\"potentialAction\":[{\"@type\":\"SearchAction\",\"target\":{\"@type\":\"EntryPoint\",\"urlTemplate\":\"https:\\\/\\\/interamerica.org\\\/fr\\\/?s={search_term_string}\"},\"query-input\":{\"@type\":\"PropertyValueSpecification\",\"valueRequired\":true,\"valueName\":\"search_term_string\"}}],\"inLanguage\":\"fr-FR\"},{\"@type\":\"Person\",\"@id\":\"https:\\\/\\\/interamerica.org\\\/fr\\\/#\\\/schema\\\/person\\\/29998f2bc2d8bd0d38662909289b54f1\",\"name\":\"libna\",\"image\":{\"@type\":\"ImageObject\",\"inLanguage\":\"fr-FR\",\"@id\":\"https:\\\/\\\/secure.gravatar.com\\\/avatar\\\/7c5bd30ae4b47a9ba3c856590957fd1d96dc588bf3ac05719d247e126840331f?s=96&d=mm&r=g\",\"url\":\"https:\\\/\\\/secure.gravatar.com\\\/avatar\\\/7c5bd30ae4b47a9ba3c856590957fd1d96dc588bf3ac05719d247e126840331f?s=96&d=mm&r=g\",\"contentUrl\":\"https:\\\/\\\/secure.gravatar.com\\\/avatar\\\/7c5bd30ae4b47a9ba3c856590957fd1d96dc588bf3ac05719d247e126840331f?s=96&d=mm&r=g\",\"caption\":\"libna\"}}]}<\/script>\n<!-- \/ Yoast SEO plugin. -->","yoast_head_json":{"title":"L\u2019\u00c9glise Adventiste au Venezuela offre des soins m\u00e9dicaux \u00e0 plus de 2000 membres dans le besoin - \u00c9glise Adventiste Du Septieme Jour - Inter Am\u00e9rique Division","robots":{"index":"index","follow":"follow","max-snippet":"max-snippet:-1","max-image-preview":"max-image-preview:large","max-video-preview":"max-video-preview:-1"},"canonical":"https:\/\/interamerica.org\/fr\/2022\/07\/leglise-adventiste-au-venezuela-offre-des-soins-medicaux-a-plus-de-2000-membres-dans-le-besoin\/","og_locale":"fr_FR","og_type":"article","og_title":"L\u2019\u00c9glise Adventiste au Venezuela offre des soins m\u00e9dicaux \u00e0 plus de 2000 membres dans le besoin - \u00c9glise Adventiste Du Septieme Jour - Inter Am\u00e9rique Division","og_description":"21 Juillet 2022 | Barquisimeto, V\u00e9n\u00e9zuela | Patrizia Medina et Actualit\u00e9s de la Division Inter Am\u00e9ricaine Plus de 2300 personnes dans la ville de Barquisimeto, au Venezuela, ont b\u00e9n\u00e9fici\u00e9 de...","og_url":"https:\/\/interamerica.org\/fr\/2022\/07\/leglise-adventiste-au-venezuela-offre-des-soins-medicaux-a-plus-de-2000-membres-dans-le-besoin\/","og_site_name":"\u00c9glise Adventiste Du Septieme Jour - Inter Am\u00e9rique Division","article_published_time":"2022-07-21T19:52:55+00:00","article_modified_time":"2022-07-21T23:46:05+00:00","og_image":[{"width":1280,"height":800,"url":"https:\/\/interamerica.org\/wp-content\/uploads\/2022\/07\/wvau-hospital-surgery1280.jpg","type":"image\/jpeg"}],"author":"libna","twitter_card":"summary_large_image","twitter_misc":{"\u00c9crit par":"libna","Dur\u00e9e de lecture estim\u00e9e":"5 minutes"},"schema":{"@context":"https:\/\/schema.org","@graph":[{"@type":"Article","@id":"https:\/\/interamerica.org\/fr\/2022\/07\/leglise-adventiste-au-venezuela-offre-des-soins-medicaux-a-plus-de-2000-membres-dans-le-besoin\/#article","isPartOf":{"@id":"https:\/\/interamerica.org\/fr\/2022\/07\/leglise-adventiste-au-venezuela-offre-des-soins-medicaux-a-plus-de-2000-membres-dans-le-besoin\/"},"author":{"name":"libna","@id":"https:\/\/interamerica.org\/fr\/#\/schema\/person\/29998f2bc2d8bd0d38662909289b54f1"},"headline":"L\u2019\u00c9glise Adventiste au Venezuela offre des soins m\u00e9dicaux \u00e0 plus de 2000 membres dans le besoin","datePublished":"2022-07-21T19:52:55+00:00","dateModified":"2022-07-21T23:46:05+00:00","mainEntityOfPage":{"@id":"https:\/\/interamerica.org\/fr\/2022\/07\/leglise-adventiste-au-venezuela-offre-des-soins-medicaux-a-plus-de-2000-membres-dans-le-besoin\/"},"wordCount":974,"image":{"@id":"https:\/\/interamerica.org\/fr\/2022\/07\/leglise-adventiste-au-venezuela-offre-des-soins-medicaux-a-plus-de-2000-membres-dans-le-besoin\/#primaryimage"},"thumbnailUrl":"https:\/\/interamerica.org\/wp-content\/uploads\/2022\/07\/wvau-hospital-surgery1280.jpg","articleSection":["Nouvelles du territoire","RSS Fran\u00e7ais"],"inLanguage":"fr-FR"},{"@type":"WebPage","@id":"https:\/\/interamerica.org\/fr\/2022\/07\/leglise-adventiste-au-venezuela-offre-des-soins-medicaux-a-plus-de-2000-membres-dans-le-besoin\/","url":"https:\/\/interamerica.org\/fr\/2022\/07\/leglise-adventiste-au-venezuela-offre-des-soins-medicaux-a-plus-de-2000-membres-dans-le-besoin\/","name":"L\u2019\u00c9glise Adventiste au Venezuela offre des soins m\u00e9dicaux \u00e0 plus de 2000 membres dans le besoin - \u00c9glise Adventiste Du Septieme Jour - Inter Am\u00e9rique Division","isPartOf":{"@id":"https:\/\/interamerica.org\/fr\/#website"},"primaryImageOfPage":{"@id":"https:\/\/interamerica.org\/fr\/2022\/07\/leglise-adventiste-au-venezuela-offre-des-soins-medicaux-a-plus-de-2000-membres-dans-le-besoin\/#primaryimage"},"image":{"@id":"https:\/\/interamerica.org\/fr\/2022\/07\/leglise-adventiste-au-venezuela-offre-des-soins-medicaux-a-plus-de-2000-membres-dans-le-besoin\/#primaryimage"},"thumbnailUrl":"https:\/\/interamerica.org\/wp-content\/uploads\/2022\/07\/wvau-hospital-surgery1280.jpg","datePublished":"2022-07-21T19:52:55+00:00","dateModified":"2022-07-21T23:46:05+00:00","author":{"@id":"https:\/\/interamerica.org\/fr\/#\/schema\/person\/29998f2bc2d8bd0d38662909289b54f1"},"breadcrumb":{"@id":"https:\/\/interamerica.org\/fr\/2022\/07\/leglise-adventiste-au-venezuela-offre-des-soins-medicaux-a-plus-de-2000-membres-dans-le-besoin\/#breadcrumb"},"inLanguage":"fr-FR","potentialAction":[{"@type":"ReadAction","target":["https:\/\/interamerica.org\/fr\/2022\/07\/leglise-adventiste-au-venezuela-offre-des-soins-medicaux-a-plus-de-2000-membres-dans-le-besoin\/"]}]},{"@type":"ImageObject","inLanguage":"fr-FR","@id":"https:\/\/interamerica.org\/fr\/2022\/07\/leglise-adventiste-au-venezuela-offre-des-soins-medicaux-a-plus-de-2000-membres-dans-le-besoin\/#primaryimage","url":"https:\/\/interamerica.org\/wp-content\/uploads\/2022\/07\/wvau-hospital-surgery1280.jpg","contentUrl":"https:\/\/interamerica.org\/wp-content\/uploads\/2022\/07\/wvau-hospital-surgery1280.jpg","width":1280,"height":800,"caption":"[Photo : H\u00f4pital Adventiste du Venezuela]"},{"@type":"BreadcrumbList","@id":"https:\/\/interamerica.org\/fr\/2022\/07\/leglise-adventiste-au-venezuela-offre-des-soins-medicaux-a-plus-de-2000-membres-dans-le-besoin\/#breadcrumb","itemListElement":[{"@type":"ListItem","position":1,"name":"Home","item":"https:\/\/interamerica.org\/fr\/"},{"@type":"ListItem","position":2,"name":"L\u2019\u00c9glise Adventiste au Venezuela offre des soins m\u00e9dicaux \u00e0 plus de 2000 membres dans le besoin"}]},{"@type":"WebSite","@id":"https:\/\/interamerica.org\/fr\/#website","url":"https:\/\/interamerica.org\/fr\/","name":"\u00c9glise Adventiste Du Septieme Jour - Inter Am\u00e9rique Division","description":"","potentialAction":[{"@type":"SearchAction","target":{"@type":"EntryPoint","urlTemplate":"https:\/\/interamerica.org\/fr\/?s={search_term_string}"},"query-input":{"@type":"PropertyValueSpecification","valueRequired":true,"valueName":"search_term_string"}}],"inLanguage":"fr-FR"},{"@type":"Person","@id":"https:\/\/interamerica.org\/fr\/#\/schema\/person\/29998f2bc2d8bd0d38662909289b54f1","name":"libna","image":{"@type":"ImageObject","inLanguage":"fr-FR","@id":"https:\/\/secure.gravatar.com\/avatar\/7c5bd30ae4b47a9ba3c856590957fd1d96dc588bf3ac05719d247e126840331f?s=96&d=mm&r=g","url":"https:\/\/secure.gravatar.com\/avatar\/7c5bd30ae4b47a9ba3c856590957fd1d96dc588bf3ac05719d247e126840331f?s=96&d=mm&r=g","contentUrl":"https:\/\/secure.gravatar.com\/avatar\/7c5bd30ae4b47a9ba3c856590957fd1d96dc588bf3ac05719d247e126840331f?s=96&d=mm&r=g","caption":"libna"}}]}},"_links":{"self":[{"href":"https:\/\/interamerica.org\/fr\/wp-json\/wp\/v2\/posts\/87645","targetHints":{"allow":["GET"]}}],"collection":[{"href":"https:\/\/interamerica.org\/fr\/wp-json\/wp\/v2\/posts"}],"about":[{"href":"https:\/\/interamerica.org\/fr\/wp-json\/wp\/v2\/types\/post"}],"author":[{"embeddable":true,"href":"https:\/\/interamerica.org\/fr\/wp-json\/wp\/v2\/users\/3"}],"replies":[{"embeddable":true,"href":"https:\/\/interamerica.org\/fr\/wp-json\/wp\/v2\/comments?post=87645"}],"version-history":[{"count":0,"href":"https:\/\/interamerica.org\/fr\/wp-json\/wp\/v2\/posts\/87645\/revisions"}],"wp:featuredmedia":[{"embeddable":true,"href":"https:\/\/interamerica.org\/fr\/wp-json\/wp\/v2\/media\/87617"}],"wp:attachment":[{"href":"https:\/\/interamerica.org\/fr\/wp-json\/wp\/v2\/media?parent=87645"}],"wp:term":[{"taxonomy":"category","embeddable":true,"href":"https:\/\/interamerica.org\/fr\/wp-json\/wp\/v2\/categories?post=87645"},{"taxonomy":"post_tag","embeddable":true,"href":"https:\/\/interamerica.org\/fr\/wp-json\/wp\/v2\/tags?post=87645"}],"curies":[{"name":"wp","href":"https:\/\/api.w.org\/{rel}","templated":true}]}}