{"id":87697,"date":"2022-07-21T23:38:50","date_gmt":"2022-07-22T03:38:50","guid":{"rendered":"https:\/\/recursing-golick.147-182-135-0.plesk.page\/?p=87697"},"modified":"2022-07-22T18:45:38","modified_gmt":"2022-07-22T22:45:38","slug":"au-mexique-une-fresque-murale-sur-la-seconde-venue-dans-une-ville-portuaire-animee-du-mexique-fait-le-lien-avec-leglise-adventiste","status":"publish","type":"post","link":"https:\/\/interamerica.org\/fr\/2022\/07\/au-mexique-une-fresque-murale-sur-la-seconde-venue-dans-une-ville-portuaire-animee-du-mexique-fait-le-lien-avec-leglise-adventiste\/","title":{"rendered":"Au Mexique, une fresque murale sur la Seconde Venue dans une ville portuaire anim\u00e9e du Mexique fait le lien avec l\u2019\u00c9glise adventiste"},"content":{"rendered":"<p>21 Juillet 2022 | Ensenada, Basse-Californie, Mexique | Keila Urbano et Actualit\u00e9s de la Division Inter Am\u00e9ricaine<\/p>\n<p>Une peinture murale dans une rue anim\u00e9e d\u2019Ensenada, en Basse-Californie, au Mexique, indique la Seconde Venue de J\u00e9sus gr\u00e2ce \u00e0 un espace qui a \u00e9t\u00e9 donn\u00e9 et \u00e0 des \u00e9tudiants adventistes qui ont mis six jours pour terminer l\u2019ouvrage. La fresque murale, situ\u00e9e sur la Calle Diamante \u00e0 Ensenada dans la deuxi\u00e8me plus grande ville portuaire du Mexique, repr\u00e9sente J\u00e9sus venant sur les nu\u00e9es, entour\u00e9 d\u2019anges sonnant de la trompette \u00e0 travers un cimeti\u00e8re entour\u00e9 de montagnes arides. C\u2019est l\u2019\u0153uvre de deux dipl\u00f4m\u00e9s en art de l\u2019Universit\u00e9 de Montemorelos, une institution g\u00e9r\u00e9e par les adventistes du septi\u00e8me jour \u00e0 Montemorelos, au Mexique.<\/p>\n<p><div id=\"attachment_87659\" style=\"width: 1024px\" class=\"wp-caption aligncenter\"><img fetchpriority=\"high\" decoding=\"async\" aria-describedby=\"caption-attachment-87659\" class=\" wp-image-87659\" src=\"https:\/\/recursing-golick.147-182-135-0.plesk.page\/wp-content\/uploads\/2022\/07\/baja-working-mural.png\" alt=\"\" width=\"1014\" height=\"563\" srcset=\"https:\/\/interamerica.org\/wp-content\/uploads\/2022\/07\/baja-working-mural.png 1000w, https:\/\/interamerica.org\/wp-content\/uploads\/2022\/07\/baja-working-mural-300x167.png 300w, https:\/\/interamerica.org\/wp-content\/uploads\/2022\/07\/baja-working-mural-768x426.png 768w\" sizes=\"(max-width: 1014px) 100vw, 1014px\" \/><p id=\"caption-attachment-87659\" class=\"wp-caption-text\">Des artistes travaillant sur la peinture murale pendant leurs six jours de peinture \u00e0 Ensenada, en Basse-Californie, au Mexique, du 21 au 28 juin 2022. [Photo : Adventus]<\/p><\/div>\u00ab Tout l\u2019objectif [de l\u2019\u0153uvre] est d\u2019atteindre les autres avec l\u2019\u00e9vangile \u00bb, a d\u00e9clar\u00e9 pasteur Edgardo Beltr\u00e1n, pasteur de district de l\u2019\u00e9glise adventiste Ensenada 14 toute proche. \u00ab Les membres de notre \u00e9glise sont tr\u00e8s enthousiasm\u00e9s par les projets. \u00bb C\u2019est la premi\u00e8re fois que le district participe \u00e0 un tel projet, ils ont accueilli les artistes et ont apport\u00e9 leur aide au niveau logistique.<\/p>\n<p>Priscila Rivera et Pablo S\u00e1nchez, deux anciens \u00e9tudiants du programme d\u2019arts visuels de l\u2019Universit\u00e9 de Montemorelos, ont voyag\u00e9 avec leur professeur, Luis Medina, qui coordonne le d\u00e9partement d\u2019arts visuels sur le campus, pour travailler sur le projet, du 21 au 28 juin 2022.<\/p>\n<p>\u00ab J\u2019ai \u00e9t\u00e9 frapp\u00e9e par l\u2019acceptation et la curiosit\u00e9 des gens qui passaient, \u00bb a dit Priscila Rivera. \u00ab Parfois, je n\u2019\u00e9tais pas s\u00fbre de ce que je faisais, mais alors une voiture qui passait avec toute une famille s\u2019arr\u00eatait juste pour nous applaudir, ou des personnes criaient de loin en nous disant que \u00e7a avait l\u2019air bien. \u00bb C\u2019est encourageant quand les gens croient en votre travail, a-t-elle ajout\u00e9.<\/p>\n<p><div id=\"attachment_87665\" style=\"width: 886px\" class=\"wp-caption aligncenter\"><img decoding=\"async\" aria-describedby=\"caption-attachment-87665\" class=\" wp-image-87665\" src=\"https:\/\/recursing-golick.147-182-135-0.plesk.page\/wp-content\/uploads\/2022\/07\/pricila-baja-mural-1024x640.png\" alt=\"\" width=\"876\" height=\"547\" srcset=\"https:\/\/interamerica.org\/wp-content\/uploads\/2022\/07\/pricila-baja-mural-1024x640.png 1024w, https:\/\/interamerica.org\/wp-content\/uploads\/2022\/07\/pricila-baja-mural-300x188.png 300w, https:\/\/interamerica.org\/wp-content\/uploads\/2022\/07\/pricila-baja-mural-768x480.png 768w, https:\/\/interamerica.org\/wp-content\/uploads\/2022\/07\/pricila-baja-mural.png 1280w\" sizes=\"(max-width: 876px) 100vw, 876px\" \/><p id=\"caption-attachment-87665\" class=\"wp-caption-text\">Priscila Rivera, dipl\u00f4m\u00e9e en arts visuels de l\u2019Universit\u00e9 de Montemorelos, peint des ailes d\u2019ange pendant la chaude journ\u00e9e d\u2019\u00e9t\u00e9. [Photo : Adventus]<\/p><\/div>Pablo S\u00e1nchez, un ancien camarade de classe de Priscila Rivera, les deux avaient collabor\u00e9 ensemble sur d\u2019autres peintures murales, une \u00e0 l\u2019entr\u00e9e de l\u2019\u00e9glise de l\u2019Universit\u00e9 de Montemorelos et une autre sur les murs du gymnase, a d\u00e9clar\u00e9 que pour cette peinture particuli\u00e8re, les choses se sont faites de mani\u00e8re fluide. \u00ab C\u2019\u00e9tait une technique de style libre que nous n\u2019avons bas\u00e9 sur rien de particulier, sinon une tendance \u00e0 l\u2019illustration, \u00bb a dit Pablo S\u00e1nchez. Les gens ont eu une r\u00e9action positive lorsqu\u2019ils ont vu la peinture murale, a-t-il dit. \u00ab Ils se sont arr\u00eat\u00e9s pour demander de quoi il s\u2019agissait et pour voir un peu le processus, et ont dit que c\u2019\u00e9tait un message positif contrairement au type d\u2019art urbain que les gens sont habitu\u00e9s \u00e0 voir. \u00bb<\/p>\n<p>Pour une fresque murale avec un contexte religieux, cela les a surpris qu\u2019elle ait suscit\u00e9 l\u2019int\u00e9r\u00eat des gens.<\/p>\n<p>\u00ab Le th\u00e8me de la seconde venue rev\u00eat un int\u00e9r\u00eat pour les adventistes du septi\u00e8me jour et repr\u00e9sente quelque peu un myst\u00e8re, \u00bb a d\u00e9clar\u00e9 Luis Medina. \u00ab Nous imaginons plut\u00f4t ce que ce sera, ce qui va se passer, et nous essayons de l\u2019interpr\u00e9ter \u00e0 travers des couleurs et des formes. \u00bb La peinture murale comprend des couleurs pas vraiment traditionnelles, a-t-il dit, mais plut\u00f4t des couleurs influenc\u00e9es par la palette de l\u2019art pop urbain, a-t-il expliqu\u00e9. \u00ab Nous avons utilis\u00e9 une combinaison des derniers styles et des derni\u00e8res tendances. \u00bb<\/p>\n<p><div id=\"attachment_87662\" style=\"width: 1054px\" class=\"wp-caption aligncenter\"><img decoding=\"async\" aria-describedby=\"caption-attachment-87662\" class=\" wp-image-87662\" src=\"https:\/\/recursing-golick.147-182-135-0.plesk.page\/wp-content\/uploads\/2022\/07\/baja-mural-longm-1024x368.jpg\" alt=\"\" width=\"1044\" height=\"375\" srcset=\"https:\/\/interamerica.org\/wp-content\/uploads\/2022\/07\/baja-mural-longm-1024x368.jpg 1024w, https:\/\/interamerica.org\/wp-content\/uploads\/2022\/07\/baja-mural-longm-300x108.jpg 300w, https:\/\/interamerica.org\/wp-content\/uploads\/2022\/07\/baja-mural-longm-768x276.jpg 768w, https:\/\/interamerica.org\/wp-content\/uploads\/2022\/07\/baja-mural-longm.jpg 1300w\" sizes=\"(max-width: 1044px) 100vw, 1044px\" \/><p id=\"caption-attachment-87662\" class=\"wp-caption-text\">[Photo: Adventus]<\/p><\/div>L\u2019\u00e9glise adventiste d&rsquo;Ensenada 14, l\u2019une des six \u00e9glises du district, a d\u00e9sign\u00e9 une \u00e9quipe pour suivre les personnes qui appelleront ou les contacteront via les r\u00e9seaux sociaux dont les coordonn\u00e9es sont affich\u00e9es sur la peinture elle-m\u00eame, a d\u00e9clar\u00e9 le pasteur Beltr\u00e1n. Le projet a vu la collaboration de la F\u00e9d\u00e9ration de Basse Californie et de l\u2019Union du Nord du Mexique.<\/p>\n<p>Les dirigeants de l\u2019\u00e9glise ont d\u00e9clar\u00e9 que la peinture murale devrait \u00eatre expos\u00e9e pendant une ann\u00e9e.<\/p>\n<p><iframe title=\"Artistas con prop\u00f3sito | Adventus Media\" width=\"500\" height=\"281\" src=\"https:\/\/www.youtube.com\/embed\/NSl-zn3ZC9I?start=184&#038;feature=oembed\" frameborder=\"0\" allow=\"accelerometer; autoplay; clipboard-write; encrypted-media; gyroscope; picture-in-picture; web-share\" referrerpolicy=\"strict-origin-when-cross-origin\" allowfullscreen><\/iframe><\/p>\n<p>Traduction: Patrick Luciathe<\/p>\n","protected":false},"excerpt":{"rendered":"<p>21 Juillet 2022 | Ensenada, Basse-Californie, Mexique | Keila Urbano et Actualit\u00e9s de la Division Inter Am\u00e9ricaine Une peinture murale dans une rue anim\u00e9e d\u2019Ensenada, en Basse-Californie, au Mexique, indique&#8230;<\/p>\n","protected":false},"author":3,"featured_media":87656,"comment_status":"closed","ping_status":"closed","sticky":false,"template":"","format":"standard","meta":{"_acf_changed":false,"footnotes":""},"categories":[21,19],"tags":[],"class_list":["post-87697","post","type-post","status-publish","format-standard","has-post-thumbnail","hentry","category-nouvelles-du-territoire","category-rss-francais"],"acf":[],"yoast_head":"<!-- This site is optimized with the Yoast SEO plugin v27.3 - https:\/\/yoast.com\/product\/yoast-seo-wordpress\/ -->\n<title>Au Mexique, une fresque murale sur la Seconde Venue dans une ville portuaire anim\u00e9e du Mexique fait le lien avec l\u2019\u00c9glise adventiste - \u00c9glise Adventiste Du Septieme Jour - Inter Am\u00e9rique Division<\/title>\n<meta name=\"robots\" content=\"index, follow, max-snippet:-1, max-image-preview:large, max-video-preview:-1\" \/>\n<link rel=\"canonical\" href=\"https:\/\/interamerica.org\/fr\/2022\/07\/au-mexique-une-fresque-murale-sur-la-seconde-venue-dans-une-ville-portuaire-animee-du-mexique-fait-le-lien-avec-leglise-adventiste\/\" \/>\n<meta property=\"og:locale\" content=\"fr_FR\" \/>\n<meta property=\"og:type\" content=\"article\" \/>\n<meta property=\"og:title\" content=\"Au Mexique, une fresque murale sur la Seconde Venue dans une ville portuaire anim\u00e9e du Mexique fait le lien avec l\u2019\u00c9glise adventiste - \u00c9glise Adventiste Du Septieme Jour - Inter Am\u00e9rique Division\" \/>\n<meta property=\"og:description\" content=\"21 Juillet 2022 | Ensenada, Basse-Californie, Mexique | Keila Urbano et Actualit\u00e9s de la Division Inter Am\u00e9ricaine Une peinture murale dans une rue anim\u00e9e d\u2019Ensenada, en Basse-Californie, au Mexique, indique...\" \/>\n<meta property=\"og:url\" content=\"https:\/\/interamerica.org\/fr\/2022\/07\/au-mexique-une-fresque-murale-sur-la-seconde-venue-dans-une-ville-portuaire-animee-du-mexique-fait-le-lien-avec-leglise-adventiste\/\" \/>\n<meta property=\"og:site_name\" content=\"\u00c9glise Adventiste Du Septieme Jour - Inter Am\u00e9rique Division\" \/>\n<meta property=\"article:published_time\" content=\"2022-07-22T03:38:50+00:00\" \/>\n<meta property=\"article:modified_time\" content=\"2022-07-22T22:45:38+00:00\" \/>\n<meta property=\"og:image\" content=\"https:\/\/interamerica.org\/wp-content\/uploads\/2022\/07\/baja-mural-street.png\" \/>\n\t<meta property=\"og:image:width\" content=\"1000\" \/>\n\t<meta property=\"og:image:height\" content=\"562\" \/>\n\t<meta property=\"og:image:type\" content=\"image\/png\" \/>\n<meta name=\"author\" content=\"libna\" \/>\n<meta name=\"twitter:card\" content=\"summary_large_image\" \/>\n<meta name=\"twitter:label1\" content=\"\u00c9crit par\" \/>\n\t<meta name=\"twitter:data1\" content=\"libna\" \/>\n\t<meta name=\"twitter:label2\" content=\"Dur\u00e9e de lecture estim\u00e9e\" \/>\n\t<meta name=\"twitter:data2\" content=\"4 minutes\" \/>\n<script type=\"application\/ld+json\" class=\"yoast-schema-graph\">{\"@context\":\"https:\\\/\\\/schema.org\",\"@graph\":[{\"@type\":\"Article\",\"@id\":\"https:\\\/\\\/interamerica.org\\\/fr\\\/2022\\\/07\\\/au-mexique-une-fresque-murale-sur-la-seconde-venue-dans-une-ville-portuaire-animee-du-mexique-fait-le-lien-avec-leglise-adventiste\\\/#article\",\"isPartOf\":{\"@id\":\"https:\\\/\\\/interamerica.org\\\/fr\\\/2022\\\/07\\\/au-mexique-une-fresque-murale-sur-la-seconde-venue-dans-une-ville-portuaire-animee-du-mexique-fait-le-lien-avec-leglise-adventiste\\\/\"},\"author\":{\"name\":\"libna\",\"@id\":\"https:\\\/\\\/interamerica.org\\\/fr\\\/#\\\/schema\\\/person\\\/29998f2bc2d8bd0d38662909289b54f1\"},\"headline\":\"Au Mexique, une fresque murale sur la Seconde Venue dans une ville portuaire anim\u00e9e du Mexique fait le lien avec l\u2019\u00c9glise adventiste\",\"datePublished\":\"2022-07-22T03:38:50+00:00\",\"dateModified\":\"2022-07-22T22:45:38+00:00\",\"mainEntityOfPage\":{\"@id\":\"https:\\\/\\\/interamerica.org\\\/fr\\\/2022\\\/07\\\/au-mexique-une-fresque-murale-sur-la-seconde-venue-dans-une-ville-portuaire-animee-du-mexique-fait-le-lien-avec-leglise-adventiste\\\/\"},\"wordCount\":792,\"image\":{\"@id\":\"https:\\\/\\\/interamerica.org\\\/fr\\\/2022\\\/07\\\/au-mexique-une-fresque-murale-sur-la-seconde-venue-dans-une-ville-portuaire-animee-du-mexique-fait-le-lien-avec-leglise-adventiste\\\/#primaryimage\"},\"thumbnailUrl\":\"https:\\\/\\\/interamerica.org\\\/wp-content\\\/uploads\\\/2022\\\/07\\\/baja-mural-street.png\",\"articleSection\":[\"Nouvelles du territoire\",\"RSS Fran\u00e7ais\"],\"inLanguage\":\"fr-FR\"},{\"@type\":\"WebPage\",\"@id\":\"https:\\\/\\\/interamerica.org\\\/fr\\\/2022\\\/07\\\/au-mexique-une-fresque-murale-sur-la-seconde-venue-dans-une-ville-portuaire-animee-du-mexique-fait-le-lien-avec-leglise-adventiste\\\/\",\"url\":\"https:\\\/\\\/interamerica.org\\\/fr\\\/2022\\\/07\\\/au-mexique-une-fresque-murale-sur-la-seconde-venue-dans-une-ville-portuaire-animee-du-mexique-fait-le-lien-avec-leglise-adventiste\\\/\",\"name\":\"Au Mexique, une fresque murale sur la Seconde Venue dans une ville portuaire anim\u00e9e du Mexique fait le lien avec l\u2019\u00c9glise adventiste - \u00c9glise Adventiste Du Septieme Jour - Inter Am\u00e9rique Division\",\"isPartOf\":{\"@id\":\"https:\\\/\\\/interamerica.org\\\/fr\\\/#website\"},\"primaryImageOfPage\":{\"@id\":\"https:\\\/\\\/interamerica.org\\\/fr\\\/2022\\\/07\\\/au-mexique-une-fresque-murale-sur-la-seconde-venue-dans-une-ville-portuaire-animee-du-mexique-fait-le-lien-avec-leglise-adventiste\\\/#primaryimage\"},\"image\":{\"@id\":\"https:\\\/\\\/interamerica.org\\\/fr\\\/2022\\\/07\\\/au-mexique-une-fresque-murale-sur-la-seconde-venue-dans-une-ville-portuaire-animee-du-mexique-fait-le-lien-avec-leglise-adventiste\\\/#primaryimage\"},\"thumbnailUrl\":\"https:\\\/\\\/interamerica.org\\\/wp-content\\\/uploads\\\/2022\\\/07\\\/baja-mural-street.png\",\"datePublished\":\"2022-07-22T03:38:50+00:00\",\"dateModified\":\"2022-07-22T22:45:38+00:00\",\"author\":{\"@id\":\"https:\\\/\\\/interamerica.org\\\/fr\\\/#\\\/schema\\\/person\\\/29998f2bc2d8bd0d38662909289b54f1\"},\"breadcrumb\":{\"@id\":\"https:\\\/\\\/interamerica.org\\\/fr\\\/2022\\\/07\\\/au-mexique-une-fresque-murale-sur-la-seconde-venue-dans-une-ville-portuaire-animee-du-mexique-fait-le-lien-avec-leglise-adventiste\\\/#breadcrumb\"},\"inLanguage\":\"fr-FR\",\"potentialAction\":[{\"@type\":\"ReadAction\",\"target\":[\"https:\\\/\\\/interamerica.org\\\/fr\\\/2022\\\/07\\\/au-mexique-une-fresque-murale-sur-la-seconde-venue-dans-une-ville-portuaire-animee-du-mexique-fait-le-lien-avec-leglise-adventiste\\\/\"]}]},{\"@type\":\"ImageObject\",\"inLanguage\":\"fr-FR\",\"@id\":\"https:\\\/\\\/interamerica.org\\\/fr\\\/2022\\\/07\\\/au-mexique-une-fresque-murale-sur-la-seconde-venue-dans-une-ville-portuaire-animee-du-mexique-fait-le-lien-avec-leglise-adventiste\\\/#primaryimage\",\"url\":\"https:\\\/\\\/interamerica.org\\\/wp-content\\\/uploads\\\/2022\\\/07\\\/baja-mural-street.png\",\"contentUrl\":\"https:\\\/\\\/interamerica.org\\\/wp-content\\\/uploads\\\/2022\\\/07\\\/baja-mural-street.png\",\"width\":1000,\"height\":562,\"caption\":\"[Photo: Adventus]\"},{\"@type\":\"BreadcrumbList\",\"@id\":\"https:\\\/\\\/interamerica.org\\\/fr\\\/2022\\\/07\\\/au-mexique-une-fresque-murale-sur-la-seconde-venue-dans-une-ville-portuaire-animee-du-mexique-fait-le-lien-avec-leglise-adventiste\\\/#breadcrumb\",\"itemListElement\":[{\"@type\":\"ListItem\",\"position\":1,\"name\":\"Home\",\"item\":\"https:\\\/\\\/interamerica.org\\\/fr\\\/\"},{\"@type\":\"ListItem\",\"position\":2,\"name\":\"Au Mexique, une fresque murale sur la Seconde Venue dans une ville portuaire anim\u00e9e du Mexique fait le lien avec l\u2019\u00c9glise adventiste\"}]},{\"@type\":\"WebSite\",\"@id\":\"https:\\\/\\\/interamerica.org\\\/fr\\\/#website\",\"url\":\"https:\\\/\\\/interamerica.org\\\/fr\\\/\",\"name\":\"\u00c9glise Adventiste Du Septieme Jour - Inter Am\u00e9rique Division\",\"description\":\"\",\"potentialAction\":[{\"@type\":\"SearchAction\",\"target\":{\"@type\":\"EntryPoint\",\"urlTemplate\":\"https:\\\/\\\/interamerica.org\\\/fr\\\/?s={search_term_string}\"},\"query-input\":{\"@type\":\"PropertyValueSpecification\",\"valueRequired\":true,\"valueName\":\"search_term_string\"}}],\"inLanguage\":\"fr-FR\"},{\"@type\":\"Person\",\"@id\":\"https:\\\/\\\/interamerica.org\\\/fr\\\/#\\\/schema\\\/person\\\/29998f2bc2d8bd0d38662909289b54f1\",\"name\":\"libna\",\"image\":{\"@type\":\"ImageObject\",\"inLanguage\":\"fr-FR\",\"@id\":\"https:\\\/\\\/secure.gravatar.com\\\/avatar\\\/7c5bd30ae4b47a9ba3c856590957fd1d96dc588bf3ac05719d247e126840331f?s=96&d=mm&r=g\",\"url\":\"https:\\\/\\\/secure.gravatar.com\\\/avatar\\\/7c5bd30ae4b47a9ba3c856590957fd1d96dc588bf3ac05719d247e126840331f?s=96&d=mm&r=g\",\"contentUrl\":\"https:\\\/\\\/secure.gravatar.com\\\/avatar\\\/7c5bd30ae4b47a9ba3c856590957fd1d96dc588bf3ac05719d247e126840331f?s=96&d=mm&r=g\",\"caption\":\"libna\"}}]}<\/script>\n<!-- \/ Yoast SEO plugin. -->","yoast_head_json":{"title":"Au Mexique, une fresque murale sur la Seconde Venue dans une ville portuaire anim\u00e9e du Mexique fait le lien avec l\u2019\u00c9glise adventiste - \u00c9glise Adventiste Du Septieme Jour - Inter Am\u00e9rique Division","robots":{"index":"index","follow":"follow","max-snippet":"max-snippet:-1","max-image-preview":"max-image-preview:large","max-video-preview":"max-video-preview:-1"},"canonical":"https:\/\/interamerica.org\/fr\/2022\/07\/au-mexique-une-fresque-murale-sur-la-seconde-venue-dans-une-ville-portuaire-animee-du-mexique-fait-le-lien-avec-leglise-adventiste\/","og_locale":"fr_FR","og_type":"article","og_title":"Au Mexique, une fresque murale sur la Seconde Venue dans une ville portuaire anim\u00e9e du Mexique fait le lien avec l\u2019\u00c9glise adventiste - \u00c9glise Adventiste Du Septieme Jour - Inter Am\u00e9rique Division","og_description":"21 Juillet 2022 | Ensenada, Basse-Californie, Mexique | Keila Urbano et Actualit\u00e9s de la Division Inter Am\u00e9ricaine Une peinture murale dans une rue anim\u00e9e d\u2019Ensenada, en Basse-Californie, au Mexique, indique...","og_url":"https:\/\/interamerica.org\/fr\/2022\/07\/au-mexique-une-fresque-murale-sur-la-seconde-venue-dans-une-ville-portuaire-animee-du-mexique-fait-le-lien-avec-leglise-adventiste\/","og_site_name":"\u00c9glise Adventiste Du Septieme Jour - Inter Am\u00e9rique Division","article_published_time":"2022-07-22T03:38:50+00:00","article_modified_time":"2022-07-22T22:45:38+00:00","og_image":[{"width":1000,"height":562,"url":"https:\/\/interamerica.org\/wp-content\/uploads\/2022\/07\/baja-mural-street.png","type":"image\/png"}],"author":"libna","twitter_card":"summary_large_image","twitter_misc":{"\u00c9crit par":"libna","Dur\u00e9e de lecture estim\u00e9e":"4 minutes"},"schema":{"@context":"https:\/\/schema.org","@graph":[{"@type":"Article","@id":"https:\/\/interamerica.org\/fr\/2022\/07\/au-mexique-une-fresque-murale-sur-la-seconde-venue-dans-une-ville-portuaire-animee-du-mexique-fait-le-lien-avec-leglise-adventiste\/#article","isPartOf":{"@id":"https:\/\/interamerica.org\/fr\/2022\/07\/au-mexique-une-fresque-murale-sur-la-seconde-venue-dans-une-ville-portuaire-animee-du-mexique-fait-le-lien-avec-leglise-adventiste\/"},"author":{"name":"libna","@id":"https:\/\/interamerica.org\/fr\/#\/schema\/person\/29998f2bc2d8bd0d38662909289b54f1"},"headline":"Au Mexique, une fresque murale sur la Seconde Venue dans une ville portuaire anim\u00e9e du Mexique fait le lien avec l\u2019\u00c9glise adventiste","datePublished":"2022-07-22T03:38:50+00:00","dateModified":"2022-07-22T22:45:38+00:00","mainEntityOfPage":{"@id":"https:\/\/interamerica.org\/fr\/2022\/07\/au-mexique-une-fresque-murale-sur-la-seconde-venue-dans-une-ville-portuaire-animee-du-mexique-fait-le-lien-avec-leglise-adventiste\/"},"wordCount":792,"image":{"@id":"https:\/\/interamerica.org\/fr\/2022\/07\/au-mexique-une-fresque-murale-sur-la-seconde-venue-dans-une-ville-portuaire-animee-du-mexique-fait-le-lien-avec-leglise-adventiste\/#primaryimage"},"thumbnailUrl":"https:\/\/interamerica.org\/wp-content\/uploads\/2022\/07\/baja-mural-street.png","articleSection":["Nouvelles du territoire","RSS Fran\u00e7ais"],"inLanguage":"fr-FR"},{"@type":"WebPage","@id":"https:\/\/interamerica.org\/fr\/2022\/07\/au-mexique-une-fresque-murale-sur-la-seconde-venue-dans-une-ville-portuaire-animee-du-mexique-fait-le-lien-avec-leglise-adventiste\/","url":"https:\/\/interamerica.org\/fr\/2022\/07\/au-mexique-une-fresque-murale-sur-la-seconde-venue-dans-une-ville-portuaire-animee-du-mexique-fait-le-lien-avec-leglise-adventiste\/","name":"Au Mexique, une fresque murale sur la Seconde Venue dans une ville portuaire anim\u00e9e du Mexique fait le lien avec l\u2019\u00c9glise adventiste - \u00c9glise Adventiste Du Septieme Jour - Inter Am\u00e9rique Division","isPartOf":{"@id":"https:\/\/interamerica.org\/fr\/#website"},"primaryImageOfPage":{"@id":"https:\/\/interamerica.org\/fr\/2022\/07\/au-mexique-une-fresque-murale-sur-la-seconde-venue-dans-une-ville-portuaire-animee-du-mexique-fait-le-lien-avec-leglise-adventiste\/#primaryimage"},"image":{"@id":"https:\/\/interamerica.org\/fr\/2022\/07\/au-mexique-une-fresque-murale-sur-la-seconde-venue-dans-une-ville-portuaire-animee-du-mexique-fait-le-lien-avec-leglise-adventiste\/#primaryimage"},"thumbnailUrl":"https:\/\/interamerica.org\/wp-content\/uploads\/2022\/07\/baja-mural-street.png","datePublished":"2022-07-22T03:38:50+00:00","dateModified":"2022-07-22T22:45:38+00:00","author":{"@id":"https:\/\/interamerica.org\/fr\/#\/schema\/person\/29998f2bc2d8bd0d38662909289b54f1"},"breadcrumb":{"@id":"https:\/\/interamerica.org\/fr\/2022\/07\/au-mexique-une-fresque-murale-sur-la-seconde-venue-dans-une-ville-portuaire-animee-du-mexique-fait-le-lien-avec-leglise-adventiste\/#breadcrumb"},"inLanguage":"fr-FR","potentialAction":[{"@type":"ReadAction","target":["https:\/\/interamerica.org\/fr\/2022\/07\/au-mexique-une-fresque-murale-sur-la-seconde-venue-dans-une-ville-portuaire-animee-du-mexique-fait-le-lien-avec-leglise-adventiste\/"]}]},{"@type":"ImageObject","inLanguage":"fr-FR","@id":"https:\/\/interamerica.org\/fr\/2022\/07\/au-mexique-une-fresque-murale-sur-la-seconde-venue-dans-une-ville-portuaire-animee-du-mexique-fait-le-lien-avec-leglise-adventiste\/#primaryimage","url":"https:\/\/interamerica.org\/wp-content\/uploads\/2022\/07\/baja-mural-street.png","contentUrl":"https:\/\/interamerica.org\/wp-content\/uploads\/2022\/07\/baja-mural-street.png","width":1000,"height":562,"caption":"[Photo: Adventus]"},{"@type":"BreadcrumbList","@id":"https:\/\/interamerica.org\/fr\/2022\/07\/au-mexique-une-fresque-murale-sur-la-seconde-venue-dans-une-ville-portuaire-animee-du-mexique-fait-le-lien-avec-leglise-adventiste\/#breadcrumb","itemListElement":[{"@type":"ListItem","position":1,"name":"Home","item":"https:\/\/interamerica.org\/fr\/"},{"@type":"ListItem","position":2,"name":"Au Mexique, une fresque murale sur la Seconde Venue dans une ville portuaire anim\u00e9e du Mexique fait le lien avec l\u2019\u00c9glise adventiste"}]},{"@type":"WebSite","@id":"https:\/\/interamerica.org\/fr\/#website","url":"https:\/\/interamerica.org\/fr\/","name":"\u00c9glise Adventiste Du Septieme Jour - Inter Am\u00e9rique Division","description":"","potentialAction":[{"@type":"SearchAction","target":{"@type":"EntryPoint","urlTemplate":"https:\/\/interamerica.org\/fr\/?s={search_term_string}"},"query-input":{"@type":"PropertyValueSpecification","valueRequired":true,"valueName":"search_term_string"}}],"inLanguage":"fr-FR"},{"@type":"Person","@id":"https:\/\/interamerica.org\/fr\/#\/schema\/person\/29998f2bc2d8bd0d38662909289b54f1","name":"libna","image":{"@type":"ImageObject","inLanguage":"fr-FR","@id":"https:\/\/secure.gravatar.com\/avatar\/7c5bd30ae4b47a9ba3c856590957fd1d96dc588bf3ac05719d247e126840331f?s=96&d=mm&r=g","url":"https:\/\/secure.gravatar.com\/avatar\/7c5bd30ae4b47a9ba3c856590957fd1d96dc588bf3ac05719d247e126840331f?s=96&d=mm&r=g","contentUrl":"https:\/\/secure.gravatar.com\/avatar\/7c5bd30ae4b47a9ba3c856590957fd1d96dc588bf3ac05719d247e126840331f?s=96&d=mm&r=g","caption":"libna"}}]}},"_links":{"self":[{"href":"https:\/\/interamerica.org\/fr\/wp-json\/wp\/v2\/posts\/87697","targetHints":{"allow":["GET"]}}],"collection":[{"href":"https:\/\/interamerica.org\/fr\/wp-json\/wp\/v2\/posts"}],"about":[{"href":"https:\/\/interamerica.org\/fr\/wp-json\/wp\/v2\/types\/post"}],"author":[{"embeddable":true,"href":"https:\/\/interamerica.org\/fr\/wp-json\/wp\/v2\/users\/3"}],"replies":[{"embeddable":true,"href":"https:\/\/interamerica.org\/fr\/wp-json\/wp\/v2\/comments?post=87697"}],"version-history":[{"count":0,"href":"https:\/\/interamerica.org\/fr\/wp-json\/wp\/v2\/posts\/87697\/revisions"}],"wp:featuredmedia":[{"embeddable":true,"href":"https:\/\/interamerica.org\/fr\/wp-json\/wp\/v2\/media\/87656"}],"wp:attachment":[{"href":"https:\/\/interamerica.org\/fr\/wp-json\/wp\/v2\/media?parent=87697"}],"wp:term":[{"taxonomy":"category","embeddable":true,"href":"https:\/\/interamerica.org\/fr\/wp-json\/wp\/v2\/categories?post=87697"},{"taxonomy":"post_tag","embeddable":true,"href":"https:\/\/interamerica.org\/fr\/wp-json\/wp\/v2\/tags?post=87697"}],"curies":[{"name":"wp","href":"https:\/\/api.w.org\/{rel}","templated":true}]}}