{"id":88323,"date":"2022-08-09T10:08:16","date_gmt":"2022-08-09T14:08:16","guid":{"rendered":"https:\/\/interamerica.org\/?p=88323"},"modified":"2022-08-10T22:39:33","modified_gmt":"2022-08-11T02:39:33","slug":"une-conference-pour-les-adolescents-en-vue-de-former-des-dirigeants-adventistes","status":"publish","type":"post","link":"https:\/\/interamerica.org\/fr\/2022\/08\/une-conference-pour-les-adolescents-en-vue-de-former-des-dirigeants-adventistes\/","title":{"rendered":"Une conf\u00e9rence pour les adolescents en vue de former des dirigeants adventistes"},"content":{"rendered":"<p style=\"font-weight: 400;\"><strong>L\u2019\u00e9v\u00e9nement CHOSEN (\u00ab\u00a0CHOISIS\u00a0\u00bb) a attir\u00e9 des participants des neuf f\u00e9d\u00e9rations d\u2019\u00e9glises de l\u2019Australie.<\/strong><\/p>\n<p style=\"font-weight: 400;\">Le 9 ao\u00fbt 2022 | Australie | Lorraine Atchia pour <em>Adventist Record<\/em> et <em>Adventist Review<\/em><\/p>\n<p style=\"font-weight: 400;\">Du 4 au 8\u00a0juillet derniers, plus de 60 adolescents \u00e2g\u00e9s de 14 \u00e0 16 ans repr\u00e9sentant les neuf f\u00e9d\u00e9rations de l\u2019Australie ont assist\u00e9 \u00e0 la septi\u00e8me conf\u00e9rence CHOSEN \u00e0 Brisbane. Il s\u2019agit d\u2019un \u00e9v\u00e9nement national de formation en leadership pour les adolescents.<\/p>\n<p style=\"font-weight: 400;\">Les organisateurs se sont dits reconnaissants que la plupart des participants ont \u00e9t\u00e9 en mesure de s\u2019y rendre, car de nombreux vols ont \u00e9t\u00e9 perturb\u00e9s par les r\u00e9centes inondations \u00e0 Sydney. Les annulations de vols ont m\u00eame forc\u00e9 deux participants \u00e0 rentrer chez eux.<\/p>\n<h4><span style=\"font-weight: 400;\">CHOSEN encourage les pasteurs et les dirigeants d\u2019\u00e9glises locales en Australie \u00e0 choisir des adolescents avec des qualit\u00e9s potentielles en leadership dans le but de les envoyer \u00e0 la conf\u00e9rence, o\u00f9 ils sont guid\u00e9s, inspir\u00e9s et form\u00e9s pour devenir des leaders de l\u2019\u00c9glise adventiste. <\/span><\/h4>\n<div id=\"attachment_88247\" style=\"width: 815px\" class=\"wp-caption aligncenter\"><img fetchpriority=\"high\" decoding=\"async\" aria-describedby=\"caption-attachment-88247\" class=\" wp-image-88247\" src=\"https:\/\/interamerica.org\/wp-content\/uploads\/2022\/08\/chosen-australia.jpg\" alt=\"\" width=\"805\" height=\"453\" srcset=\"https:\/\/interamerica.org\/wp-content\/uploads\/2022\/08\/chosen-australia.jpg 1000w, https:\/\/interamerica.org\/wp-content\/uploads\/2022\/08\/chosen-australia-300x169.jpg 300w, https:\/\/interamerica.org\/wp-content\/uploads\/2022\/08\/chosen-australia-768x432.jpg 768w\" sizes=\"(max-width: 805px) 100vw, 805px\" \/><p id=\"caption-attachment-88247\" class=\"wp-caption-text\"><span lang=\"FR-CA\">Plus de 60 adolescents repr\u00e9sentant les neuf f\u00e9d\u00e9rations australiennes locales ont particip\u00e9 \u00e0 l\u2019\u00e9v\u00e9nement. <\/span>[Une photo d\u2019<i>Adventist Record<\/i>]<\/p><\/div>\n<p style=\"font-weight: 400;\">L\u2019\u00e9v\u00e9nement \u00ab\u00a0est une semaine tellement puissante pour tous les participants, a dit Jeff Parker, directeur de jeunesse de\u00a0<span lang=\"FR-CA\">l\u2019Union de f\u00e9d\u00e9rations australiennes<\/span>. Il n\u2019y a aucun doute dans mon esprit que l\u2019\u00c9glise [adventiste] sera b\u00e9nie lorsque ces jeunes la dirigeront, tant maintenant dans le contexte de leur \u00e9glise locale que plus tard dans le sens plus large de l\u2019\u00c9glise.\u00a0\u00bb<\/p>\n<p style=\"font-weight: 400;\">\u00ab\u00a0Observer le Saint-Esprit \u0153uvrer dans la vie de ces adolescents a \u00e9t\u00e9 une grande le\u00e7on d\u2019humilit\u00e9. Nous sommes tous partis impressionn\u00e9s. Quelle semaine puissante!\u00a0\u00bb a ajout\u00e9 le pasteur Parker.<\/p>\n<p style=\"font-weight: 400;\">Certains des sujets pr\u00e9sent\u00e9s \u00e0 l\u2019\u00e9v\u00e9nement de cette ann\u00e9e comprenaient la connexion plus profonde avec Dieu, la r\u00e9silience, la sant\u00e9 mentale, la compr\u00e9hension de l\u2019unicit\u00e9 de chacun et le d\u00e9veloppement du leadership. Dans le programme, il y avait aussi de puissants moments d\u2019adorations matinaux ainsi que des pr\u00e9dications inspirantes le soir accompagn\u00e9es de l\u2019orchestre de l\u2019\u00e9cole adventiste de Northpine.<\/p>\n<p style=\"font-weight: 400;\">Le programme \u00e9tait ax\u00e9 sur l\u2019esprit d\u2019\u00e9quipe, le r\u00e9seautage, le mentorat et le plaisir.<\/p>\n<div id=\"attachment_88241\" style=\"width: 811px\" class=\"wp-caption aligncenter\"><img decoding=\"async\" aria-describedby=\"caption-attachment-88241\" class=\" wp-image-88241\" src=\"https:\/\/interamerica.org\/wp-content\/uploads\/2022\/08\/chosen-australia-2.jpeg\" alt=\"\" width=\"801\" height=\"534\" srcset=\"https:\/\/interamerica.org\/wp-content\/uploads\/2022\/08\/chosen-australia-2.jpeg 1024w, https:\/\/interamerica.org\/wp-content\/uploads\/2022\/08\/chosen-australia-2-300x200.jpeg 300w, https:\/\/interamerica.org\/wp-content\/uploads\/2022\/08\/chosen-australia-2-768x512.jpeg 768w\" sizes=\"(max-width: 801px) 100vw, 801px\" \/><p id=\"caption-attachment-88241\" class=\"wp-caption-text\"><span lang=\"FR-CA\">CHOSEN encourage les pasteurs et les dirigeants d\u2019\u00e9glises locales en Australie \u00e0 choisir des adolescents avec des qualit\u00e9s potentielles en leadership et de les envoyer \u00e0 la conf\u00e9rence, o\u00f9 ils sont guid\u00e9s, inspir\u00e9s et form\u00e9s. [Une photo d\u2019<em>Adventist Record<\/em>]<\/span><\/p><\/div>\n<p style=\"font-weight: 400;\">\u00ab\u00a0C\u2019\u00e9tait tellement bien! Les mots me manquent pour d\u00e9crire \u00e0 quel point c\u2019\u00e9tait bien, s\u2019est exclam\u00e9e Danika Arrutchz, de l\u2019\u00e9glise adventiste d\u2019Aitkenvale, de la F\u00e9d\u00e9ration nord-australienne. J\u2019ai aim\u00e9 le fait que c\u2019\u00e9tait centr\u00e9 sur les jeunes pour faire ressortir nos caract\u00e9ristiques de leadership.\u00a0\u00bb<\/p>\n<p style=\"font-weight: 400;\">Puis elle a ajout\u00e9, \u00ab\u00a0Quand mon pasteur m\u2019a parl\u00e9 de CHOSEN pour la premi\u00e8re fois, j\u2019avais un peu peur, parce que je ne croyais pas \u00eatre une bonne candidate. Je suis reconnaissante qu\u2019il m\u2019ait choisie, parce que CHOSEN est un excellent moyen pour les adolescents de trouver leur potentiel de leader, d\u2019y travailler et d\u2019am\u00e9liorer ces qualit\u00e9s.\u00a0\u00bb<\/p>\n<p style=\"font-weight: 400;\">La premi\u00e8re \u00e9dition de CHOSEN a \u00e9t\u00e9 tenue en 2008 et a vu de nombreux adolescents des premi\u00e8res conf\u00e9rences devenir des dirigeants dans l\u2019\u00c9glise adventiste. Et deux de ceux-l\u00e0 \u00e9taient au programme de cette ann\u00e9e comme mentors. L\u2019une d\u2019entre eux, Eden Ashcroft, est la coordonnatrice des minist\u00e8res de la jeunesse de la F\u00e9d\u00e9ration du Grand Sydney. Elle avait d\u2019abord assist\u00e9 \u00e0 la conf\u00e9rence en 2012, quand elle avait 14 ans.<\/p>\n<p style=\"font-weight: 400;\">Quand on lui avait demand\u00e9, adolescente, d\u2019aller \u00e0 la conf\u00e9rence CHOSEN, elle n\u2019allait dans une \u00e9glise adventiste que depuis peu et elle \u00e9tait la seule personne de sa famille \u00e0 le faire. Elle n\u2019avait pas beaucoup d\u2019amis adventistes et ne connaissait pas grand-chose \u00e0 l\u2019\u00c9glise.<\/p>\n<p style=\"font-weight: 400;\">\u00ab\u00a0CHOSEN a \u00e9t\u00e9 une exp\u00e9rience extraordinaire. C\u2019\u00e9tait la premi\u00e8re fois que j\u2019\u00e9tais expos\u00e9e \u00e0 l\u2019\u00c9glise au sens plus large, et je me suis faite de nombreux amis, a-t-elle expliqu\u00e9. Ma vie a \u00e9t\u00e9 transform\u00e9e par les nouvelles relations et la rencontre des dirigeants de l\u2019\u00c9glise.\u00a0\u00bb<\/p>\n<p style=\"font-weight: 400;\">\u00ab\u00a0C\u2019est \u00e0 cette conf\u00e9rence que j\u2019ai ressenti, pour la premi\u00e8re fois, l\u2019appel au minist\u00e8re, a-t-elle ajout\u00e9, et que j\u2019ai su que je voulais \u00eatre pasteure. Avant CHOSEN, je n\u2019\u00e9tais jamais all\u00e9e \u00e0 un grand camp ou \u00e0 un camp de vacances; la porte a donc \u00e9t\u00e9 ouverte \u00e0 ce qui existait. En plus, il y avait d\u2019autres personnes de mon \u00e2ge qui voulaient, eux aussi, servir Dieu.\u00a0\u00bb<\/p>\n<p style=\"font-weight: 400;\">Retourner \u00e0 la conf\u00e9rence en 2022 comme mentor fut une exp\u00e9rience incroyable o\u00f9 elle a pu voir le prochain groupe de jeunes dirigeants, a dit la pasteure Ashcroft.<\/p>\n<p style=\"font-weight: 400;\">\u00ab\u00a0Beaucoup de jeunes se demandent ce qu\u2019ils font \u00e0 la conf\u00e9rence, mais chacun d\u2019entre eux a \u00e9t\u00e9 choisi pour une raison, a-t-elle expliqu\u00e9. C\u2019est g\u00e9nial de voir la transformation au cours de la semaine, au fur et \u00e0 mesure que les adolescents commencent \u00e0 comprendre qu\u2019ils sont capables d\u2019\u00eatre des leaders. Ils peuvent penser ne pas en avoir la capacit\u00e9, mais on les encourage, leur disant que, m\u00eame s\u2019ils sont jeunes, ils ont beaucoup \u00e0 offrir \u00e0 Dieu.\u00a0\u00bb<\/p>\n<p><span style=\"font-weight: 400;\">CHOSEN se tiendra \u00e0 nouveau en 2023, puis tous les deux ans par la suite, ont rapport\u00e9 les organisateurs. \u00ab\u00a0L\u2019Union de f\u00e9d\u00e9rations australiennes d\u00e9sire encourager les pasteurs \u00e0 nommer des adolescents de leur \u00e9glise afin de leur permettre de vivre cette exp\u00e9rience transformatrice\u00a0\u00bb, ont-ils dit en terminant.<\/span><\/p>\n<p style=\"font-weight: 400;\">La <a href=\"https:\/\/record.adventistchurch.com\/2022\/07\/15\/teen-conference-forms-future-church-leaders\/\">version originale<\/a> de cet article a \u00e9t\u00e9 publi\u00e9e sur le site d\u2019<a href=\"https:\/\/record.adventistchurch.com\/\">Adventist Record<\/a>.<\/p>\n<p><span style=\"font-weight: 400;\">Traduction\u00a0: Marie-Mich\u00e8le Robitaille<\/span><\/p>\n","protected":false},"excerpt":{"rendered":"<p>L\u2019\u00e9v\u00e9nement CHOSEN (\u00ab\u00a0CHOISIS\u00a0\u00bb) a attir\u00e9 des participants des neuf f\u00e9d\u00e9rations d\u2019\u00e9glises de l\u2019Australie. Le 9 ao\u00fbt 2022 | Australie | Lorraine Atchia pour Adventist Record et Adventist Review Du 4&#8230;<\/p>\n","protected":false},"author":3,"featured_media":88247,"comment_status":"closed","ping_status":"closed","sticky":false,"template":"","format":"standard","meta":{"_acf_changed":false,"footnotes":""},"categories":[18,19],"tags":[],"class_list":["post-88323","post","type-post","status-publish","format-standard","has-post-thumbnail","hentry","category-nouvelles-de-leglise-mondiale","category-rss-francais"],"acf":[],"yoast_head":"<!-- This site is optimized with the Yoast SEO plugin v27.3 - https:\/\/yoast.com\/product\/yoast-seo-wordpress\/ -->\n<title>Une conf\u00e9rence pour les adolescents en vue de former des dirigeants adventistes - \u00c9glise Adventiste Du Septieme Jour - Inter Am\u00e9rique Division<\/title>\n<meta name=\"robots\" content=\"index, follow, max-snippet:-1, max-image-preview:large, max-video-preview:-1\" \/>\n<link rel=\"canonical\" href=\"https:\/\/interamerica.org\/fr\/2022\/08\/une-conference-pour-les-adolescents-en-vue-de-former-des-dirigeants-adventistes\/\" \/>\n<meta property=\"og:locale\" content=\"fr_FR\" \/>\n<meta property=\"og:type\" content=\"article\" \/>\n<meta property=\"og:title\" content=\"Une conf\u00e9rence pour les adolescents en vue de former des dirigeants adventistes - \u00c9glise Adventiste Du Septieme Jour - Inter Am\u00e9rique Division\" \/>\n<meta property=\"og:description\" content=\"L\u2019\u00e9v\u00e9nement CHOSEN (\u00ab\u00a0CHOISIS\u00a0\u00bb) a attir\u00e9 des participants des neuf f\u00e9d\u00e9rations d\u2019\u00e9glises de l\u2019Australie. Le 9 ao\u00fbt 2022 | Australie | Lorraine Atchia pour Adventist Record et Adventist Review Du 4...\" \/>\n<meta property=\"og:url\" content=\"https:\/\/interamerica.org\/fr\/2022\/08\/une-conference-pour-les-adolescents-en-vue-de-former-des-dirigeants-adventistes\/\" \/>\n<meta property=\"og:site_name\" content=\"\u00c9glise Adventiste Du Septieme Jour - Inter Am\u00e9rique Division\" \/>\n<meta property=\"article:published_time\" content=\"2022-08-09T14:08:16+00:00\" \/>\n<meta property=\"article:modified_time\" content=\"2022-08-11T02:39:33+00:00\" \/>\n<meta property=\"og:image\" content=\"https:\/\/interamerica.org\/wp-content\/uploads\/2022\/08\/chosen-australia.jpg\" \/>\n\t<meta property=\"og:image:width\" content=\"1000\" \/>\n\t<meta property=\"og:image:height\" content=\"563\" \/>\n\t<meta property=\"og:image:type\" content=\"image\/jpeg\" \/>\n<meta name=\"author\" content=\"libna\" \/>\n<meta name=\"twitter:card\" content=\"summary_large_image\" \/>\n<meta name=\"twitter:label1\" content=\"\u00c9crit par\" \/>\n\t<meta name=\"twitter:data1\" content=\"libna\" \/>\n\t<meta name=\"twitter:label2\" content=\"Dur\u00e9e de lecture estim\u00e9e\" \/>\n\t<meta name=\"twitter:data2\" content=\"5 minutes\" \/>\n<script type=\"application\/ld+json\" class=\"yoast-schema-graph\">{\"@context\":\"https:\\\/\\\/schema.org\",\"@graph\":[{\"@type\":\"Article\",\"@id\":\"https:\\\/\\\/interamerica.org\\\/fr\\\/2022\\\/08\\\/une-conference-pour-les-adolescents-en-vue-de-former-des-dirigeants-adventistes\\\/#article\",\"isPartOf\":{\"@id\":\"https:\\\/\\\/interamerica.org\\\/fr\\\/2022\\\/08\\\/une-conference-pour-les-adolescents-en-vue-de-former-des-dirigeants-adventistes\\\/\"},\"author\":{\"name\":\"libna\",\"@id\":\"https:\\\/\\\/interamerica.org\\\/fr\\\/#\\\/schema\\\/person\\\/29998f2bc2d8bd0d38662909289b54f1\"},\"headline\":\"Une conf\u00e9rence pour les adolescents en vue de former des dirigeants adventistes\",\"datePublished\":\"2022-08-09T14:08:16+00:00\",\"dateModified\":\"2022-08-11T02:39:33+00:00\",\"mainEntityOfPage\":{\"@id\":\"https:\\\/\\\/interamerica.org\\\/fr\\\/2022\\\/08\\\/une-conference-pour-les-adolescents-en-vue-de-former-des-dirigeants-adventistes\\\/\"},\"wordCount\":1003,\"image\":{\"@id\":\"https:\\\/\\\/interamerica.org\\\/fr\\\/2022\\\/08\\\/une-conference-pour-les-adolescents-en-vue-de-former-des-dirigeants-adventistes\\\/#primaryimage\"},\"thumbnailUrl\":\"https:\\\/\\\/interamerica.org\\\/wp-content\\\/uploads\\\/2022\\\/08\\\/chosen-australia.jpg\",\"articleSection\":[\"Nouvelles de l'\u00c9glise mondiale\",\"RSS Fran\u00e7ais\"],\"inLanguage\":\"fr-FR\"},{\"@type\":\"WebPage\",\"@id\":\"https:\\\/\\\/interamerica.org\\\/fr\\\/2022\\\/08\\\/une-conference-pour-les-adolescents-en-vue-de-former-des-dirigeants-adventistes\\\/\",\"url\":\"https:\\\/\\\/interamerica.org\\\/fr\\\/2022\\\/08\\\/une-conference-pour-les-adolescents-en-vue-de-former-des-dirigeants-adventistes\\\/\",\"name\":\"Une conf\u00e9rence pour les adolescents en vue de former des dirigeants adventistes - \u00c9glise Adventiste Du Septieme Jour - Inter Am\u00e9rique Division\",\"isPartOf\":{\"@id\":\"https:\\\/\\\/interamerica.org\\\/fr\\\/#website\"},\"primaryImageOfPage\":{\"@id\":\"https:\\\/\\\/interamerica.org\\\/fr\\\/2022\\\/08\\\/une-conference-pour-les-adolescents-en-vue-de-former-des-dirigeants-adventistes\\\/#primaryimage\"},\"image\":{\"@id\":\"https:\\\/\\\/interamerica.org\\\/fr\\\/2022\\\/08\\\/une-conference-pour-les-adolescents-en-vue-de-former-des-dirigeants-adventistes\\\/#primaryimage\"},\"thumbnailUrl\":\"https:\\\/\\\/interamerica.org\\\/wp-content\\\/uploads\\\/2022\\\/08\\\/chosen-australia.jpg\",\"datePublished\":\"2022-08-09T14:08:16+00:00\",\"dateModified\":\"2022-08-11T02:39:33+00:00\",\"author\":{\"@id\":\"https:\\\/\\\/interamerica.org\\\/fr\\\/#\\\/schema\\\/person\\\/29998f2bc2d8bd0d38662909289b54f1\"},\"breadcrumb\":{\"@id\":\"https:\\\/\\\/interamerica.org\\\/fr\\\/2022\\\/08\\\/une-conference-pour-les-adolescents-en-vue-de-former-des-dirigeants-adventistes\\\/#breadcrumb\"},\"inLanguage\":\"fr-FR\",\"potentialAction\":[{\"@type\":\"ReadAction\",\"target\":[\"https:\\\/\\\/interamerica.org\\\/fr\\\/2022\\\/08\\\/une-conference-pour-les-adolescents-en-vue-de-former-des-dirigeants-adventistes\\\/\"]}]},{\"@type\":\"ImageObject\",\"inLanguage\":\"fr-FR\",\"@id\":\"https:\\\/\\\/interamerica.org\\\/fr\\\/2022\\\/08\\\/une-conference-pour-les-adolescents-en-vue-de-former-des-dirigeants-adventistes\\\/#primaryimage\",\"url\":\"https:\\\/\\\/interamerica.org\\\/wp-content\\\/uploads\\\/2022\\\/08\\\/chosen-australia.jpg\",\"contentUrl\":\"https:\\\/\\\/interamerica.org\\\/wp-content\\\/uploads\\\/2022\\\/08\\\/chosen-australia.jpg\",\"width\":1000,\"height\":563,\"caption\":\"Plus de 60 adolescents repr\u00e9sentant les neuf f\u00e9d\u00e9rations australiennes locales ont particip\u00e9 \u00e0 l\u2019\u00e9v\u00e9nement. [Une photo d\u2019Adventist Record]\"},{\"@type\":\"BreadcrumbList\",\"@id\":\"https:\\\/\\\/interamerica.org\\\/fr\\\/2022\\\/08\\\/une-conference-pour-les-adolescents-en-vue-de-former-des-dirigeants-adventistes\\\/#breadcrumb\",\"itemListElement\":[{\"@type\":\"ListItem\",\"position\":1,\"name\":\"Home\",\"item\":\"https:\\\/\\\/interamerica.org\\\/fr\\\/\"},{\"@type\":\"ListItem\",\"position\":2,\"name\":\"Une conf\u00e9rence pour les adolescents en vue de former des dirigeants adventistes\"}]},{\"@type\":\"WebSite\",\"@id\":\"https:\\\/\\\/interamerica.org\\\/fr\\\/#website\",\"url\":\"https:\\\/\\\/interamerica.org\\\/fr\\\/\",\"name\":\"\u00c9glise Adventiste Du Septieme Jour - Inter Am\u00e9rique Division\",\"description\":\"\",\"potentialAction\":[{\"@type\":\"SearchAction\",\"target\":{\"@type\":\"EntryPoint\",\"urlTemplate\":\"https:\\\/\\\/interamerica.org\\\/fr\\\/?s={search_term_string}\"},\"query-input\":{\"@type\":\"PropertyValueSpecification\",\"valueRequired\":true,\"valueName\":\"search_term_string\"}}],\"inLanguage\":\"fr-FR\"},{\"@type\":\"Person\",\"@id\":\"https:\\\/\\\/interamerica.org\\\/fr\\\/#\\\/schema\\\/person\\\/29998f2bc2d8bd0d38662909289b54f1\",\"name\":\"libna\",\"image\":{\"@type\":\"ImageObject\",\"inLanguage\":\"fr-FR\",\"@id\":\"https:\\\/\\\/secure.gravatar.com\\\/avatar\\\/7c5bd30ae4b47a9ba3c856590957fd1d96dc588bf3ac05719d247e126840331f?s=96&d=mm&r=g\",\"url\":\"https:\\\/\\\/secure.gravatar.com\\\/avatar\\\/7c5bd30ae4b47a9ba3c856590957fd1d96dc588bf3ac05719d247e126840331f?s=96&d=mm&r=g\",\"contentUrl\":\"https:\\\/\\\/secure.gravatar.com\\\/avatar\\\/7c5bd30ae4b47a9ba3c856590957fd1d96dc588bf3ac05719d247e126840331f?s=96&d=mm&r=g\",\"caption\":\"libna\"}}]}<\/script>\n<!-- \/ Yoast SEO plugin. -->","yoast_head_json":{"title":"Une conf\u00e9rence pour les adolescents en vue de former des dirigeants adventistes - \u00c9glise Adventiste Du Septieme Jour - Inter Am\u00e9rique Division","robots":{"index":"index","follow":"follow","max-snippet":"max-snippet:-1","max-image-preview":"max-image-preview:large","max-video-preview":"max-video-preview:-1"},"canonical":"https:\/\/interamerica.org\/fr\/2022\/08\/une-conference-pour-les-adolescents-en-vue-de-former-des-dirigeants-adventistes\/","og_locale":"fr_FR","og_type":"article","og_title":"Une conf\u00e9rence pour les adolescents en vue de former des dirigeants adventistes - \u00c9glise Adventiste Du Septieme Jour - Inter Am\u00e9rique Division","og_description":"L\u2019\u00e9v\u00e9nement CHOSEN (\u00ab\u00a0CHOISIS\u00a0\u00bb) a attir\u00e9 des participants des neuf f\u00e9d\u00e9rations d\u2019\u00e9glises de l\u2019Australie. Le 9 ao\u00fbt 2022 | Australie | Lorraine Atchia pour Adventist Record et Adventist Review Du 4...","og_url":"https:\/\/interamerica.org\/fr\/2022\/08\/une-conference-pour-les-adolescents-en-vue-de-former-des-dirigeants-adventistes\/","og_site_name":"\u00c9glise Adventiste Du Septieme Jour - Inter Am\u00e9rique Division","article_published_time":"2022-08-09T14:08:16+00:00","article_modified_time":"2022-08-11T02:39:33+00:00","og_image":[{"width":1000,"height":563,"url":"https:\/\/interamerica.org\/wp-content\/uploads\/2022\/08\/chosen-australia.jpg","type":"image\/jpeg"}],"author":"libna","twitter_card":"summary_large_image","twitter_misc":{"\u00c9crit par":"libna","Dur\u00e9e de lecture estim\u00e9e":"5 minutes"},"schema":{"@context":"https:\/\/schema.org","@graph":[{"@type":"Article","@id":"https:\/\/interamerica.org\/fr\/2022\/08\/une-conference-pour-les-adolescents-en-vue-de-former-des-dirigeants-adventistes\/#article","isPartOf":{"@id":"https:\/\/interamerica.org\/fr\/2022\/08\/une-conference-pour-les-adolescents-en-vue-de-former-des-dirigeants-adventistes\/"},"author":{"name":"libna","@id":"https:\/\/interamerica.org\/fr\/#\/schema\/person\/29998f2bc2d8bd0d38662909289b54f1"},"headline":"Une conf\u00e9rence pour les adolescents en vue de former des dirigeants adventistes","datePublished":"2022-08-09T14:08:16+00:00","dateModified":"2022-08-11T02:39:33+00:00","mainEntityOfPage":{"@id":"https:\/\/interamerica.org\/fr\/2022\/08\/une-conference-pour-les-adolescents-en-vue-de-former-des-dirigeants-adventistes\/"},"wordCount":1003,"image":{"@id":"https:\/\/interamerica.org\/fr\/2022\/08\/une-conference-pour-les-adolescents-en-vue-de-former-des-dirigeants-adventistes\/#primaryimage"},"thumbnailUrl":"https:\/\/interamerica.org\/wp-content\/uploads\/2022\/08\/chosen-australia.jpg","articleSection":["Nouvelles de l'\u00c9glise mondiale","RSS Fran\u00e7ais"],"inLanguage":"fr-FR"},{"@type":"WebPage","@id":"https:\/\/interamerica.org\/fr\/2022\/08\/une-conference-pour-les-adolescents-en-vue-de-former-des-dirigeants-adventistes\/","url":"https:\/\/interamerica.org\/fr\/2022\/08\/une-conference-pour-les-adolescents-en-vue-de-former-des-dirigeants-adventistes\/","name":"Une conf\u00e9rence pour les adolescents en vue de former des dirigeants adventistes - \u00c9glise Adventiste Du Septieme Jour - Inter Am\u00e9rique Division","isPartOf":{"@id":"https:\/\/interamerica.org\/fr\/#website"},"primaryImageOfPage":{"@id":"https:\/\/interamerica.org\/fr\/2022\/08\/une-conference-pour-les-adolescents-en-vue-de-former-des-dirigeants-adventistes\/#primaryimage"},"image":{"@id":"https:\/\/interamerica.org\/fr\/2022\/08\/une-conference-pour-les-adolescents-en-vue-de-former-des-dirigeants-adventistes\/#primaryimage"},"thumbnailUrl":"https:\/\/interamerica.org\/wp-content\/uploads\/2022\/08\/chosen-australia.jpg","datePublished":"2022-08-09T14:08:16+00:00","dateModified":"2022-08-11T02:39:33+00:00","author":{"@id":"https:\/\/interamerica.org\/fr\/#\/schema\/person\/29998f2bc2d8bd0d38662909289b54f1"},"breadcrumb":{"@id":"https:\/\/interamerica.org\/fr\/2022\/08\/une-conference-pour-les-adolescents-en-vue-de-former-des-dirigeants-adventistes\/#breadcrumb"},"inLanguage":"fr-FR","potentialAction":[{"@type":"ReadAction","target":["https:\/\/interamerica.org\/fr\/2022\/08\/une-conference-pour-les-adolescents-en-vue-de-former-des-dirigeants-adventistes\/"]}]},{"@type":"ImageObject","inLanguage":"fr-FR","@id":"https:\/\/interamerica.org\/fr\/2022\/08\/une-conference-pour-les-adolescents-en-vue-de-former-des-dirigeants-adventistes\/#primaryimage","url":"https:\/\/interamerica.org\/wp-content\/uploads\/2022\/08\/chosen-australia.jpg","contentUrl":"https:\/\/interamerica.org\/wp-content\/uploads\/2022\/08\/chosen-australia.jpg","width":1000,"height":563,"caption":"Plus de 60 adolescents repr\u00e9sentant les neuf f\u00e9d\u00e9rations australiennes locales ont particip\u00e9 \u00e0 l\u2019\u00e9v\u00e9nement. [Une photo d\u2019Adventist Record]"},{"@type":"BreadcrumbList","@id":"https:\/\/interamerica.org\/fr\/2022\/08\/une-conference-pour-les-adolescents-en-vue-de-former-des-dirigeants-adventistes\/#breadcrumb","itemListElement":[{"@type":"ListItem","position":1,"name":"Home","item":"https:\/\/interamerica.org\/fr\/"},{"@type":"ListItem","position":2,"name":"Une conf\u00e9rence pour les adolescents en vue de former des dirigeants adventistes"}]},{"@type":"WebSite","@id":"https:\/\/interamerica.org\/fr\/#website","url":"https:\/\/interamerica.org\/fr\/","name":"\u00c9glise Adventiste Du Septieme Jour - Inter Am\u00e9rique Division","description":"","potentialAction":[{"@type":"SearchAction","target":{"@type":"EntryPoint","urlTemplate":"https:\/\/interamerica.org\/fr\/?s={search_term_string}"},"query-input":{"@type":"PropertyValueSpecification","valueRequired":true,"valueName":"search_term_string"}}],"inLanguage":"fr-FR"},{"@type":"Person","@id":"https:\/\/interamerica.org\/fr\/#\/schema\/person\/29998f2bc2d8bd0d38662909289b54f1","name":"libna","image":{"@type":"ImageObject","inLanguage":"fr-FR","@id":"https:\/\/secure.gravatar.com\/avatar\/7c5bd30ae4b47a9ba3c856590957fd1d96dc588bf3ac05719d247e126840331f?s=96&d=mm&r=g","url":"https:\/\/secure.gravatar.com\/avatar\/7c5bd30ae4b47a9ba3c856590957fd1d96dc588bf3ac05719d247e126840331f?s=96&d=mm&r=g","contentUrl":"https:\/\/secure.gravatar.com\/avatar\/7c5bd30ae4b47a9ba3c856590957fd1d96dc588bf3ac05719d247e126840331f?s=96&d=mm&r=g","caption":"libna"}}]}},"_links":{"self":[{"href":"https:\/\/interamerica.org\/fr\/wp-json\/wp\/v2\/posts\/88323","targetHints":{"allow":["GET"]}}],"collection":[{"href":"https:\/\/interamerica.org\/fr\/wp-json\/wp\/v2\/posts"}],"about":[{"href":"https:\/\/interamerica.org\/fr\/wp-json\/wp\/v2\/types\/post"}],"author":[{"embeddable":true,"href":"https:\/\/interamerica.org\/fr\/wp-json\/wp\/v2\/users\/3"}],"replies":[{"embeddable":true,"href":"https:\/\/interamerica.org\/fr\/wp-json\/wp\/v2\/comments?post=88323"}],"version-history":[{"count":0,"href":"https:\/\/interamerica.org\/fr\/wp-json\/wp\/v2\/posts\/88323\/revisions"}],"wp:featuredmedia":[{"embeddable":true,"href":"https:\/\/interamerica.org\/fr\/wp-json\/wp\/v2\/media\/88247"}],"wp:attachment":[{"href":"https:\/\/interamerica.org\/fr\/wp-json\/wp\/v2\/media?parent=88323"}],"wp:term":[{"taxonomy":"category","embeddable":true,"href":"https:\/\/interamerica.org\/fr\/wp-json\/wp\/v2\/categories?post=88323"},{"taxonomy":"post_tag","embeddable":true,"href":"https:\/\/interamerica.org\/fr\/wp-json\/wp\/v2\/tags?post=88323"}],"curies":[{"name":"wp","href":"https:\/\/api.w.org\/{rel}","templated":true}]}}