{"id":88719,"date":"2022-08-17T19:43:50","date_gmt":"2022-08-17T23:43:50","guid":{"rendered":"https:\/\/interamerica.org\/?p=88719"},"modified":"2022-08-19T14:36:23","modified_gmt":"2022-08-19T18:36:23","slug":"adra-repond-a-la-crise-de-la-faim-dans-la-corne-de-lafrique","status":"publish","type":"post","link":"https:\/\/interamerica.org\/fr\/2022\/08\/adra-repond-a-la-crise-de-la-faim-dans-la-corne-de-lafrique\/","title":{"rendered":"ADRA r\u00e9pond \u00e0 la crise de la faim dans la Corne de l\u2019Afrique"},"content":{"rendered":"<h4>L\u2019agence humanitaire intensifie son aide pour sauver des milliers de familles qui risquent de mourir de faim.<\/h4>\n<p>17 Ao\u00fbt 2022 | Silver Spring, Maryland, \u00c9tats-Unis | ADRA International et Adventist Review<\/p>\n<p>L\u2019Agence Adventiste de D\u00e9veloppement et de Secours (ADRA) intensifie ses interventions d\u2019urgence pour fournir une aide alimentaire et de l\u2019eau aux communaut\u00e9s vuln\u00e9rables qui sont au bord de la famine dans la Corne de l\u2019Afrique, y compris certaines parties du Kenya, de la Somalie, de l\u2019\u00c9thiopie et de l\u2019Ouganda.<\/p>\n<p>La Corne de l\u2019Afrique a \u00e9t\u00e9 durement touch\u00e9e par la d\u00e9t\u00e9rioration des conditions socio-\u00e9conomiques et les interruptions des \u00e9changes caus\u00e9es par la guerre en Ukraine. L\u2019Ukraine et la Russie fournissent 90 pour cent des c\u00e9r\u00e9ales de la r\u00e9gion, et le conflit a fait grimper les prix des produits alimentaires, du carburant et des engrais tout en faisant diminuer les approvisionnements en bl\u00e9. Avant le conflit, l\u2019Ukraine fournissait environ 6 millions de tonnes de produits agricoles \u00e0 la r\u00e9gion, et actuellement, seuls 15 pour cent des produits sont export\u00e9s en raison des blocus des ports de la Mer Noire. Selon les Nations Unies, l\u2019Afrique conna\u00eet \u00e9galement l\u2019une des pires s\u00e9cheresses depuis plus de 40 ans. Les rapports indiquent que pr\u00e8s de 20 millions d\u2019africains et 49 millions de personnes dans d\u2019autres r\u00e9gions du monde souffrent d\u2019une ins\u00e9curit\u00e9 alimentaire extr\u00eame et d\u2019une malnutrition croissante.<\/p>\n<p>\u00ab Chaque jour, des millions de femmes, d\u2019enfants et d\u2019individus souffrent de la faim en Afrique et dans plus de 40 pays, \u00bb a d\u00e9clar\u00e9 le pr\u00e9sident d\u2019ADRA International, Michael Kruger. \u00ab En tant que branche humanitaire mondiale de l\u2019\u00c9glise adventiste, ADRA s\u2019engage \u00e0 d\u00e9fendre et \u00e0 soutenir des programmes visant \u00e0 r\u00e9duire la faim et \u00e0 restaurer la dignit\u00e9 des familles et des communaut\u00e9s les moins fortun\u00e9es.<\/p>\n<p><div id=\"attachment_88637\" style=\"width: 871px\" class=\"wp-caption aligncenter\"><img fetchpriority=\"high\" decoding=\"async\" aria-describedby=\"caption-attachment-88637\" class=\" wp-image-88637\" src=\"https:\/\/interamerica.org\/wp-content\/uploads\/2022\/08\/2-1024x540-1.jpeg\" alt=\"\" width=\"861\" height=\"454\" srcset=\"https:\/\/interamerica.org\/wp-content\/uploads\/2022\/08\/2-1024x540-1.jpeg 1024w, https:\/\/interamerica.org\/wp-content\/uploads\/2022\/08\/2-1024x540-1-300x158.jpeg 300w, https:\/\/interamerica.org\/wp-content\/uploads\/2022\/08\/2-1024x540-1-768x405.jpeg 768w\" sizes=\"(max-width: 861px) 100vw, 861px\" \/><p id=\"caption-attachment-88637\" class=\"wp-caption-text\">Technologie des bassins de ferme : r\u00e9colte de l\u2019eau intelligente par rapport au climat. [Photo : \u00a9 2022 ADRA | Kenya]<\/p><\/div>\u00ab Nous nous joignons \u00e0 d\u2019autres organisations \u00e0 but non lucratif ainsi qu\u2019aux institutions priv\u00e9es et publiques pour attirer l\u2019attention sur la crise de la faim qui constitue une menace pour la survie de ces populations, \u00bb a ajout\u00e9 Michael Kruger. \u00ab Nous encourageons les dirigeants mondiaux \u00e0 trouver des solutions pour d\u00e9bloquer les exportations de produits alimentaires et \u00e0 pr\u00e9venir les urgences caus\u00e9es par le climat qui provoquent l\u2019ins\u00e9curit\u00e9 alimentaire et les p\u00e9nuries d\u2019eau. \u00bb<\/p>\n<p>ADRA International travaille \u00e0 l\u2019\u00e9chelle mondiale pour aider des millions de personnes touch\u00e9es par la crise alimentaire. Elle met en place des projets de s\u00e9curit\u00e9 alimentaire en collaboration avec des partenaires et des communaut\u00e9s de confiance afin de pr\u00e9venir la famine et renforcer la r\u00e9silience, y compris avec des pratiques agricoles r\u00e9sistantes \u00e0 la s\u00e9cheresse ; des semences, des provisions et d\u2019autres ressources ; mais aussi des programmes de repas dans les \u00e9coles pour nourrir les enfants et les maintenir scolaris\u00e9s. Le projet comprend \u00e9galement des jardins familiaux et communautaires ; l\u2019investissement des agricultrices et des groupes coop\u00e9ratifs ; l\u2019\u00e9ducation nutritionnelle de la m\u00e8re et de la petite enfance ; et des \u00e9coles pratiques d\u2019agriculture pour am\u00e9liorer les m\u00e9thodes et la commercialisation.<\/p>\n<p><div id=\"attachment_88649\" style=\"width: 856px\" class=\"wp-caption aligncenter\"><img decoding=\"async\" aria-describedby=\"caption-attachment-88649\" class=\" wp-image-88649\" src=\"https:\/\/interamerica.org\/wp-content\/uploads\/2022\/08\/3.jpeg\" alt=\"\" width=\"846\" height=\"564\" srcset=\"https:\/\/interamerica.org\/wp-content\/uploads\/2022\/08\/3.jpeg 960w, https:\/\/interamerica.org\/wp-content\/uploads\/2022\/08\/3-300x200.jpeg 300w, https:\/\/interamerica.org\/wp-content\/uploads\/2022\/08\/3-768x512.jpeg 768w\" sizes=\"(max-width: 846px) 100vw, 846px\" \/><p id=\"caption-attachment-88649\" class=\"wp-caption-text\">Le projet d\u2019ADRA propose des soins m\u00e9dicaux au Kenya. [Photo : \u00a9 2022 ADRA | Kenya]<\/p><\/div>En Afrique, l\u2019agence humanitaire mondiale a lanc\u00e9 des plans de gestion des urgences pour mettre en place des stations alimentaires d\u2019urgence et des services essentiels tels que la sant\u00e9 et la nutrition, l\u2019alimentation du b\u00e9tail, les services v\u00e9t\u00e9rinaires et les services de l\u2019eau, de l\u2019assainissement et de l\u2019hygi\u00e8ne dans certaines des r\u00e9gions les plus pauvres. ADRA donne la priorit\u00e9 aux interventions dans les zones o\u00f9 le paludisme est en augmentation et o\u00f9 des centaines de milliers d\u2019enfants et de femmes qui allaitent souffrent de malnutrition aigu\u00eb et ont besoin d\u2019un traitement imm\u00e9diat, notamment le nord du Kenya, le centre de la Somalie et le Karamoja, en Ouganda.<\/p>\n<p>\u00ab Les familles prennent des mesures d\u00e9sesp\u00e9r\u00e9es pour survivre ; des milliers de personnes quittent leurs maisons \u00e0 la recherche de nourriture et d\u2019eau pour boire, cuisiner et pour les p\u00e2turages, \u00bb a d\u00e9clar\u00e9 Mario Oliveira, le directeur de la gestion des urgences d\u2019ADRA International, \u00ab et cela augmente le risque de conflit intercommunautaire et expose les femmes et les enfants \u00e0 la violence en raison de leur sexe, \u00e0 l\u2019exploitation et aux abus sexuels. Tous les bureaux d\u2019ADRA dans la r\u00e9gion s\u2019attaquent activement \u00e0 la situation critique au niveau national et au niveau local pour prot\u00e9ger les familles.<\/p>\n<p><div id=\"attachment_88646\" style=\"width: 862px\" class=\"wp-caption aligncenter\"><img decoding=\"async\" aria-describedby=\"caption-attachment-88646\" class=\" wp-image-88646\" src=\"https:\/\/interamerica.org\/wp-content\/uploads\/2022\/08\/4-1024x683-1.jpeg\" alt=\"\" width=\"852\" height=\"568\" srcset=\"https:\/\/interamerica.org\/wp-content\/uploads\/2022\/08\/4-1024x683-1.jpeg 1024w, https:\/\/interamerica.org\/wp-content\/uploads\/2022\/08\/4-1024x683-1-300x200.jpeg 300w, https:\/\/interamerica.org\/wp-content\/uploads\/2022\/08\/4-1024x683-1-768x512.jpeg 768w\" sizes=\"(max-width: 852px) 100vw, 852px\" \/><p id=\"caption-attachment-88646\" class=\"wp-caption-text\">Les puits d\u2019eau desservent les enfants et les membres de la communaut\u00e9. [Photo : \u00a9 2022 ADRA | Corne de l\u2019Afrique]<\/p><\/div>\u00ab Nous avons une pr\u00e9sence de longue date, nous desservons la r\u00e9gion depuis plus de 30 ans et avons d\u00e9j\u00e0 lanc\u00e9 plusieurs programmes de s\u00e9curit\u00e9 alimentaire, y compris une aide en esp\u00e8ces et des projets pour faire face \u00e0 la s\u00e9cheresse pour les personnes qui sont dans le besoin, \u00bb a d\u00e9clar\u00e9 Mario Oliveira.<\/p>\n<p>De nombreuses communaut\u00e9s touch\u00e9es par la s\u00e9cheresse ont \u00e9galement du mal \u00e0 faire face aux effets cumulatifs d\u2019autres perturbations, telles que les inondations, les invasions de sauterelles et l\u2019impact de la pand\u00e9mie de COVID-19 sur les moyens de subsistance et les sources de revenus. Selon le Bureau des Affaires Humanitaires des Nations Unies, la faim provoque une malnutrition aigu\u00eb chez environ 8 millions d\u2019enfants africains et limite l\u2019acc\u00e8s \u00e0 l\u2019\u00e9ducation. Plus de 2000 \u00e9coles ont ferm\u00e9 en \u00c9thiopie seulement.<\/p>\n<p><div id=\"attachment_88643\" style=\"width: 853px\" class=\"wp-caption aligncenter\"><img loading=\"lazy\" decoding=\"async\" aria-describedby=\"caption-attachment-88643\" class=\" wp-image-88643\" src=\"https:\/\/interamerica.org\/wp-content\/uploads\/2022\/08\/5-1024x683-1.jpeg\" alt=\"\" width=\"843\" height=\"562\" srcset=\"https:\/\/interamerica.org\/wp-content\/uploads\/2022\/08\/5-1024x683-1.jpeg 1024w, https:\/\/interamerica.org\/wp-content\/uploads\/2022\/08\/5-1024x683-1-300x200.jpeg 300w, https:\/\/interamerica.org\/wp-content\/uploads\/2022\/08\/5-1024x683-1-768x512.jpeg 768w\" sizes=\"(max-width: 843px) 100vw, 843px\" \/><p id=\"caption-attachment-88643\" class=\"wp-caption-text\">Une femme et un enfant parcourent des kilom\u00e8tres pour transporter de l\u2019eau. [Photo : \u00a9 2022 ADRA | Corne de l\u2019Afrique]<\/p><\/div>\u00ab Pr\u00e8s de 2 millions d\u2019enfants ne sont pas scolaris\u00e9s, dont pr\u00e8s de la moiti\u00e9 sont des filles. En cons\u00e9quence, ADRA a mis en place des programmes d\u2019alimentation dans les \u00e9coles pour r\u00e9duire les taux d\u2019abandon scolaire et am\u00e9liorer la nutrition, \u00bb a expliqu\u00e9 le directeur ex\u00e9cutif d\u2019ADRA Afrique, Peter Delhove. \u00ab Pour \u00e9viter la propagation des maladies transmises par l\u2019eau parmi les \u00e9tudiants et les familles, ADRA a mis en place des stations d\u2019eau par camions dans plusieurs villages pour aider \u00e0 l\u2019hygi\u00e8ne et \u00e0 l\u2019assainissement. \u00bb<\/p>\n<p>Peter Delhove a ajout\u00e9 qu\u2019ADRA a \u00e9galement cr\u00e9\u00e9 des programmes et des installations sanitaires pour servir les familles d\u00e9plac\u00e9es et les communaut\u00e9s touch\u00e9es, elle a lanc\u00e9 des initiatives agricoles pour accro\u00eetre l\u2019acc\u00e8s \u00e0 la nourriture et elle continue de collaborer avec des partenaires de confiance et les autorit\u00e9s locales pour trouver de nouvelles solutions au probl\u00e8me. \u00ab ADRA est reconnaissante envers ses alli\u00e9s, ses donateurs et les b\u00e9n\u00e9voles de l\u2019\u00e9glise pour leur soutien vital et continuel, qui nous permet de mener \u00e0 bien notre mission de pr\u00e9vention des p\u00e9nuries alimentaires afin de sauver des vies. \u00bb<\/p>\n<p>La version originale de cet article a \u00e9t\u00e9 publi\u00e9e par l\u2019Agence Adventiste de D\u00e9veloppement et de Secours.<\/p>\n<p>Traduction: Patrick Luciathe<\/p>\n","protected":false},"excerpt":{"rendered":"<p>L\u2019agence humanitaire intensifie son aide pour sauver des milliers de familles qui risquent de mourir de faim. 17 Ao\u00fbt 2022 | Silver Spring, Maryland, \u00c9tats-Unis | ADRA International et Adventist&#8230;<\/p>\n","protected":false},"author":3,"featured_media":88631,"comment_status":"closed","ping_status":"closed","sticky":false,"template":"","format":"standard","meta":{"_acf_changed":false,"footnotes":""},"categories":[18,19],"tags":[],"class_list":["post-88719","post","type-post","status-publish","format-standard","has-post-thumbnail","hentry","category-nouvelles-de-leglise-mondiale","category-rss-francais"],"acf":[],"yoast_head":"<!-- This site is optimized with the Yoast SEO plugin v27.3 - https:\/\/yoast.com\/product\/yoast-seo-wordpress\/ -->\n<title>ADRA r\u00e9pond \u00e0 la crise de la faim dans la Corne de l\u2019Afrique - \u00c9glise Adventiste Du Septieme Jour - Inter Am\u00e9rique Division<\/title>\n<meta name=\"robots\" content=\"index, follow, max-snippet:-1, max-image-preview:large, max-video-preview:-1\" \/>\n<link rel=\"canonical\" href=\"https:\/\/interamerica.org\/fr\/2022\/08\/adra-repond-a-la-crise-de-la-faim-dans-la-corne-de-lafrique\/\" \/>\n<meta property=\"og:locale\" content=\"fr_FR\" \/>\n<meta property=\"og:type\" content=\"article\" \/>\n<meta property=\"og:title\" content=\"ADRA r\u00e9pond \u00e0 la crise de la faim dans la Corne de l\u2019Afrique - \u00c9glise Adventiste Du Septieme Jour - Inter Am\u00e9rique Division\" \/>\n<meta property=\"og:description\" content=\"L\u2019agence humanitaire intensifie son aide pour sauver des milliers de familles qui risquent de mourir de faim. 17 Ao\u00fbt 2022 | Silver Spring, Maryland, \u00c9tats-Unis | ADRA International et Adventist...\" \/>\n<meta property=\"og:url\" content=\"https:\/\/interamerica.org\/fr\/2022\/08\/adra-repond-a-la-crise-de-la-faim-dans-la-corne-de-lafrique\/\" \/>\n<meta property=\"og:site_name\" content=\"\u00c9glise Adventiste Du Septieme Jour - Inter Am\u00e9rique Division\" \/>\n<meta property=\"article:published_time\" content=\"2022-08-17T23:43:50+00:00\" \/>\n<meta property=\"article:modified_time\" content=\"2022-08-19T18:36:23+00:00\" \/>\n<meta property=\"og:image\" content=\"https:\/\/interamerica.org\/wp-content\/uploads\/2022\/08\/adra-africa-1280.jpg\" \/>\n\t<meta property=\"og:image:width\" content=\"1280\" \/>\n\t<meta property=\"og:image:height\" content=\"800\" \/>\n\t<meta property=\"og:image:type\" content=\"image\/jpeg\" \/>\n<meta name=\"author\" content=\"libna\" \/>\n<meta name=\"twitter:card\" content=\"summary_large_image\" \/>\n<meta name=\"twitter:label1\" content=\"\u00c9crit par\" \/>\n\t<meta name=\"twitter:data1\" content=\"libna\" \/>\n\t<meta name=\"twitter:label2\" content=\"Dur\u00e9e de lecture estim\u00e9e\" \/>\n\t<meta name=\"twitter:data2\" content=\"6 minutes\" \/>\n<script type=\"application\/ld+json\" class=\"yoast-schema-graph\">{\"@context\":\"https:\\\/\\\/schema.org\",\"@graph\":[{\"@type\":\"Article\",\"@id\":\"https:\\\/\\\/interamerica.org\\\/fr\\\/2022\\\/08\\\/adra-repond-a-la-crise-de-la-faim-dans-la-corne-de-lafrique\\\/#article\",\"isPartOf\":{\"@id\":\"https:\\\/\\\/interamerica.org\\\/fr\\\/2022\\\/08\\\/adra-repond-a-la-crise-de-la-faim-dans-la-corne-de-lafrique\\\/\"},\"author\":{\"name\":\"libna\",\"@id\":\"https:\\\/\\\/interamerica.org\\\/fr\\\/#\\\/schema\\\/person\\\/29998f2bc2d8bd0d38662909289b54f1\"},\"headline\":\"ADRA r\u00e9pond \u00e0 la crise de la faim dans la Corne de l\u2019Afrique\",\"datePublished\":\"2022-08-17T23:43:50+00:00\",\"dateModified\":\"2022-08-19T18:36:23+00:00\",\"mainEntityOfPage\":{\"@id\":\"https:\\\/\\\/interamerica.org\\\/fr\\\/2022\\\/08\\\/adra-repond-a-la-crise-de-la-faim-dans-la-corne-de-lafrique\\\/\"},\"wordCount\":1236,\"image\":{\"@id\":\"https:\\\/\\\/interamerica.org\\\/fr\\\/2022\\\/08\\\/adra-repond-a-la-crise-de-la-faim-dans-la-corne-de-lafrique\\\/#primaryimage\"},\"thumbnailUrl\":\"https:\\\/\\\/interamerica.org\\\/wp-content\\\/uploads\\\/2022\\\/08\\\/adra-africa-1280.jpg\",\"articleSection\":[\"Nouvelles de l'\u00c9glise mondiale\",\"RSS Fran\u00e7ais\"],\"inLanguage\":\"fr-FR\"},{\"@type\":\"WebPage\",\"@id\":\"https:\\\/\\\/interamerica.org\\\/fr\\\/2022\\\/08\\\/adra-repond-a-la-crise-de-la-faim-dans-la-corne-de-lafrique\\\/\",\"url\":\"https:\\\/\\\/interamerica.org\\\/fr\\\/2022\\\/08\\\/adra-repond-a-la-crise-de-la-faim-dans-la-corne-de-lafrique\\\/\",\"name\":\"ADRA r\u00e9pond \u00e0 la crise de la faim dans la Corne de l\u2019Afrique - \u00c9glise Adventiste Du Septieme Jour - Inter Am\u00e9rique Division\",\"isPartOf\":{\"@id\":\"https:\\\/\\\/interamerica.org\\\/fr\\\/#website\"},\"primaryImageOfPage\":{\"@id\":\"https:\\\/\\\/interamerica.org\\\/fr\\\/2022\\\/08\\\/adra-repond-a-la-crise-de-la-faim-dans-la-corne-de-lafrique\\\/#primaryimage\"},\"image\":{\"@id\":\"https:\\\/\\\/interamerica.org\\\/fr\\\/2022\\\/08\\\/adra-repond-a-la-crise-de-la-faim-dans-la-corne-de-lafrique\\\/#primaryimage\"},\"thumbnailUrl\":\"https:\\\/\\\/interamerica.org\\\/wp-content\\\/uploads\\\/2022\\\/08\\\/adra-africa-1280.jpg\",\"datePublished\":\"2022-08-17T23:43:50+00:00\",\"dateModified\":\"2022-08-19T18:36:23+00:00\",\"author\":{\"@id\":\"https:\\\/\\\/interamerica.org\\\/fr\\\/#\\\/schema\\\/person\\\/29998f2bc2d8bd0d38662909289b54f1\"},\"breadcrumb\":{\"@id\":\"https:\\\/\\\/interamerica.org\\\/fr\\\/2022\\\/08\\\/adra-repond-a-la-crise-de-la-faim-dans-la-corne-de-lafrique\\\/#breadcrumb\"},\"inLanguage\":\"fr-FR\",\"potentialAction\":[{\"@type\":\"ReadAction\",\"target\":[\"https:\\\/\\\/interamerica.org\\\/fr\\\/2022\\\/08\\\/adra-repond-a-la-crise-de-la-faim-dans-la-corne-de-lafrique\\\/\"]}]},{\"@type\":\"ImageObject\",\"inLanguage\":\"fr-FR\",\"@id\":\"https:\\\/\\\/interamerica.org\\\/fr\\\/2022\\\/08\\\/adra-repond-a-la-crise-de-la-faim-dans-la-corne-de-lafrique\\\/#primaryimage\",\"url\":\"https:\\\/\\\/interamerica.org\\\/wp-content\\\/uploads\\\/2022\\\/08\\\/adra-africa-1280.jpg\",\"contentUrl\":\"https:\\\/\\\/interamerica.org\\\/wp-content\\\/uploads\\\/2022\\\/08\\\/adra-africa-1280.jpg\",\"width\":1280,\"height\":800},{\"@type\":\"BreadcrumbList\",\"@id\":\"https:\\\/\\\/interamerica.org\\\/fr\\\/2022\\\/08\\\/adra-repond-a-la-crise-de-la-faim-dans-la-corne-de-lafrique\\\/#breadcrumb\",\"itemListElement\":[{\"@type\":\"ListItem\",\"position\":1,\"name\":\"Home\",\"item\":\"https:\\\/\\\/interamerica.org\\\/fr\\\/\"},{\"@type\":\"ListItem\",\"position\":2,\"name\":\"ADRA r\u00e9pond \u00e0 la crise de la faim dans la Corne de l\u2019Afrique\"}]},{\"@type\":\"WebSite\",\"@id\":\"https:\\\/\\\/interamerica.org\\\/fr\\\/#website\",\"url\":\"https:\\\/\\\/interamerica.org\\\/fr\\\/\",\"name\":\"\u00c9glise Adventiste Du Septieme Jour - Inter Am\u00e9rique Division\",\"description\":\"\",\"potentialAction\":[{\"@type\":\"SearchAction\",\"target\":{\"@type\":\"EntryPoint\",\"urlTemplate\":\"https:\\\/\\\/interamerica.org\\\/fr\\\/?s={search_term_string}\"},\"query-input\":{\"@type\":\"PropertyValueSpecification\",\"valueRequired\":true,\"valueName\":\"search_term_string\"}}],\"inLanguage\":\"fr-FR\"},{\"@type\":\"Person\",\"@id\":\"https:\\\/\\\/interamerica.org\\\/fr\\\/#\\\/schema\\\/person\\\/29998f2bc2d8bd0d38662909289b54f1\",\"name\":\"libna\",\"image\":{\"@type\":\"ImageObject\",\"inLanguage\":\"fr-FR\",\"@id\":\"https:\\\/\\\/secure.gravatar.com\\\/avatar\\\/7c5bd30ae4b47a9ba3c856590957fd1d96dc588bf3ac05719d247e126840331f?s=96&d=mm&r=g\",\"url\":\"https:\\\/\\\/secure.gravatar.com\\\/avatar\\\/7c5bd30ae4b47a9ba3c856590957fd1d96dc588bf3ac05719d247e126840331f?s=96&d=mm&r=g\",\"contentUrl\":\"https:\\\/\\\/secure.gravatar.com\\\/avatar\\\/7c5bd30ae4b47a9ba3c856590957fd1d96dc588bf3ac05719d247e126840331f?s=96&d=mm&r=g\",\"caption\":\"libna\"}}]}<\/script>\n<!-- \/ Yoast SEO plugin. -->","yoast_head_json":{"title":"ADRA r\u00e9pond \u00e0 la crise de la faim dans la Corne de l\u2019Afrique - \u00c9glise Adventiste Du Septieme Jour - Inter Am\u00e9rique Division","robots":{"index":"index","follow":"follow","max-snippet":"max-snippet:-1","max-image-preview":"max-image-preview:large","max-video-preview":"max-video-preview:-1"},"canonical":"https:\/\/interamerica.org\/fr\/2022\/08\/adra-repond-a-la-crise-de-la-faim-dans-la-corne-de-lafrique\/","og_locale":"fr_FR","og_type":"article","og_title":"ADRA r\u00e9pond \u00e0 la crise de la faim dans la Corne de l\u2019Afrique - \u00c9glise Adventiste Du Septieme Jour - Inter Am\u00e9rique Division","og_description":"L\u2019agence humanitaire intensifie son aide pour sauver des milliers de familles qui risquent de mourir de faim. 17 Ao\u00fbt 2022 | Silver Spring, Maryland, \u00c9tats-Unis | ADRA International et Adventist...","og_url":"https:\/\/interamerica.org\/fr\/2022\/08\/adra-repond-a-la-crise-de-la-faim-dans-la-corne-de-lafrique\/","og_site_name":"\u00c9glise Adventiste Du Septieme Jour - Inter Am\u00e9rique Division","article_published_time":"2022-08-17T23:43:50+00:00","article_modified_time":"2022-08-19T18:36:23+00:00","og_image":[{"width":1280,"height":800,"url":"https:\/\/interamerica.org\/wp-content\/uploads\/2022\/08\/adra-africa-1280.jpg","type":"image\/jpeg"}],"author":"libna","twitter_card":"summary_large_image","twitter_misc":{"\u00c9crit par":"libna","Dur\u00e9e de lecture estim\u00e9e":"6 minutes"},"schema":{"@context":"https:\/\/schema.org","@graph":[{"@type":"Article","@id":"https:\/\/interamerica.org\/fr\/2022\/08\/adra-repond-a-la-crise-de-la-faim-dans-la-corne-de-lafrique\/#article","isPartOf":{"@id":"https:\/\/interamerica.org\/fr\/2022\/08\/adra-repond-a-la-crise-de-la-faim-dans-la-corne-de-lafrique\/"},"author":{"name":"libna","@id":"https:\/\/interamerica.org\/fr\/#\/schema\/person\/29998f2bc2d8bd0d38662909289b54f1"},"headline":"ADRA r\u00e9pond \u00e0 la crise de la faim dans la Corne de l\u2019Afrique","datePublished":"2022-08-17T23:43:50+00:00","dateModified":"2022-08-19T18:36:23+00:00","mainEntityOfPage":{"@id":"https:\/\/interamerica.org\/fr\/2022\/08\/adra-repond-a-la-crise-de-la-faim-dans-la-corne-de-lafrique\/"},"wordCount":1236,"image":{"@id":"https:\/\/interamerica.org\/fr\/2022\/08\/adra-repond-a-la-crise-de-la-faim-dans-la-corne-de-lafrique\/#primaryimage"},"thumbnailUrl":"https:\/\/interamerica.org\/wp-content\/uploads\/2022\/08\/adra-africa-1280.jpg","articleSection":["Nouvelles de l'\u00c9glise mondiale","RSS Fran\u00e7ais"],"inLanguage":"fr-FR"},{"@type":"WebPage","@id":"https:\/\/interamerica.org\/fr\/2022\/08\/adra-repond-a-la-crise-de-la-faim-dans-la-corne-de-lafrique\/","url":"https:\/\/interamerica.org\/fr\/2022\/08\/adra-repond-a-la-crise-de-la-faim-dans-la-corne-de-lafrique\/","name":"ADRA r\u00e9pond \u00e0 la crise de la faim dans la Corne de l\u2019Afrique - \u00c9glise Adventiste Du Septieme Jour - Inter Am\u00e9rique Division","isPartOf":{"@id":"https:\/\/interamerica.org\/fr\/#website"},"primaryImageOfPage":{"@id":"https:\/\/interamerica.org\/fr\/2022\/08\/adra-repond-a-la-crise-de-la-faim-dans-la-corne-de-lafrique\/#primaryimage"},"image":{"@id":"https:\/\/interamerica.org\/fr\/2022\/08\/adra-repond-a-la-crise-de-la-faim-dans-la-corne-de-lafrique\/#primaryimage"},"thumbnailUrl":"https:\/\/interamerica.org\/wp-content\/uploads\/2022\/08\/adra-africa-1280.jpg","datePublished":"2022-08-17T23:43:50+00:00","dateModified":"2022-08-19T18:36:23+00:00","author":{"@id":"https:\/\/interamerica.org\/fr\/#\/schema\/person\/29998f2bc2d8bd0d38662909289b54f1"},"breadcrumb":{"@id":"https:\/\/interamerica.org\/fr\/2022\/08\/adra-repond-a-la-crise-de-la-faim-dans-la-corne-de-lafrique\/#breadcrumb"},"inLanguage":"fr-FR","potentialAction":[{"@type":"ReadAction","target":["https:\/\/interamerica.org\/fr\/2022\/08\/adra-repond-a-la-crise-de-la-faim-dans-la-corne-de-lafrique\/"]}]},{"@type":"ImageObject","inLanguage":"fr-FR","@id":"https:\/\/interamerica.org\/fr\/2022\/08\/adra-repond-a-la-crise-de-la-faim-dans-la-corne-de-lafrique\/#primaryimage","url":"https:\/\/interamerica.org\/wp-content\/uploads\/2022\/08\/adra-africa-1280.jpg","contentUrl":"https:\/\/interamerica.org\/wp-content\/uploads\/2022\/08\/adra-africa-1280.jpg","width":1280,"height":800},{"@type":"BreadcrumbList","@id":"https:\/\/interamerica.org\/fr\/2022\/08\/adra-repond-a-la-crise-de-la-faim-dans-la-corne-de-lafrique\/#breadcrumb","itemListElement":[{"@type":"ListItem","position":1,"name":"Home","item":"https:\/\/interamerica.org\/fr\/"},{"@type":"ListItem","position":2,"name":"ADRA r\u00e9pond \u00e0 la crise de la faim dans la Corne de l\u2019Afrique"}]},{"@type":"WebSite","@id":"https:\/\/interamerica.org\/fr\/#website","url":"https:\/\/interamerica.org\/fr\/","name":"\u00c9glise Adventiste Du Septieme Jour - Inter Am\u00e9rique Division","description":"","potentialAction":[{"@type":"SearchAction","target":{"@type":"EntryPoint","urlTemplate":"https:\/\/interamerica.org\/fr\/?s={search_term_string}"},"query-input":{"@type":"PropertyValueSpecification","valueRequired":true,"valueName":"search_term_string"}}],"inLanguage":"fr-FR"},{"@type":"Person","@id":"https:\/\/interamerica.org\/fr\/#\/schema\/person\/29998f2bc2d8bd0d38662909289b54f1","name":"libna","image":{"@type":"ImageObject","inLanguage":"fr-FR","@id":"https:\/\/secure.gravatar.com\/avatar\/7c5bd30ae4b47a9ba3c856590957fd1d96dc588bf3ac05719d247e126840331f?s=96&d=mm&r=g","url":"https:\/\/secure.gravatar.com\/avatar\/7c5bd30ae4b47a9ba3c856590957fd1d96dc588bf3ac05719d247e126840331f?s=96&d=mm&r=g","contentUrl":"https:\/\/secure.gravatar.com\/avatar\/7c5bd30ae4b47a9ba3c856590957fd1d96dc588bf3ac05719d247e126840331f?s=96&d=mm&r=g","caption":"libna"}}]}},"_links":{"self":[{"href":"https:\/\/interamerica.org\/fr\/wp-json\/wp\/v2\/posts\/88719","targetHints":{"allow":["GET"]}}],"collection":[{"href":"https:\/\/interamerica.org\/fr\/wp-json\/wp\/v2\/posts"}],"about":[{"href":"https:\/\/interamerica.org\/fr\/wp-json\/wp\/v2\/types\/post"}],"author":[{"embeddable":true,"href":"https:\/\/interamerica.org\/fr\/wp-json\/wp\/v2\/users\/3"}],"replies":[{"embeddable":true,"href":"https:\/\/interamerica.org\/fr\/wp-json\/wp\/v2\/comments?post=88719"}],"version-history":[{"count":0,"href":"https:\/\/interamerica.org\/fr\/wp-json\/wp\/v2\/posts\/88719\/revisions"}],"wp:featuredmedia":[{"embeddable":true,"href":"https:\/\/interamerica.org\/fr\/wp-json\/wp\/v2\/media\/88631"}],"wp:attachment":[{"href":"https:\/\/interamerica.org\/fr\/wp-json\/wp\/v2\/media?parent=88719"}],"wp:term":[{"taxonomy":"category","embeddable":true,"href":"https:\/\/interamerica.org\/fr\/wp-json\/wp\/v2\/categories?post=88719"},{"taxonomy":"post_tag","embeddable":true,"href":"https:\/\/interamerica.org\/fr\/wp-json\/wp\/v2\/tags?post=88719"}],"curies":[{"name":"wp","href":"https:\/\/api.w.org\/{rel}","templated":true}]}}