{"id":88758,"date":"2022-08-18T15:24:41","date_gmt":"2022-08-18T19:24:41","guid":{"rendered":"https:\/\/interamerica.org\/?p=88758"},"modified":"2022-08-19T14:35:43","modified_gmt":"2022-08-19T18:35:43","slug":"les-adventistes-touchent-des-dizaines-de-communautes-dans-tout-le-venezuela-lors-dune-initiative-annuelle","status":"publish","type":"post","link":"https:\/\/interamerica.org\/fr\/2022\/08\/les-adventistes-touchent-des-dizaines-de-communautes-dans-tout-le-venezuela-lors-dune-initiative-annuelle\/","title":{"rendered":"Les adventistes touchent des dizaines de communaut\u00e9s dans tout le Venezuela lors d\u2019une initiative annuelle"},"content":{"rendered":"<p>18 Ao\u00fbt 2022 | Caracas, V\u00e9n\u00e9zuela | Steven\u2019s Rosado, Mois\u00e9s Buena\u00f1o et Actualit\u00e9s de la Division Inter Am\u00e9ricaine<\/p>\n<p>Plus de 20000 adventistes du septi\u00e8me jour au Venezuela ont r\u00e9cemment r\u00e9pandu de la joie et de l\u2019espoir \u00e0 travers des dizaines d\u2019activit\u00e9s d\u2019impact missionnaire dans deux douzaines d\u2019\u00e9tats du pays. Baptis\u00e9e \u00ab Proche de Toi Venezuela, \u00bb cette \u00e9dition est la 6\u00e8me d\u2019un programme annuel qui a vu les jeunes et les moins jeunes participer au partage de la joie avec ceux qui sont touch\u00e9s par de nombreuses difficult\u00e9s.<\/p>\n<p><strong>Union de l&rsquo;Est du Venezuela<\/strong><\/p>\n<p>Dans la r\u00e9gion de l\u2019Est du Venezuela, les membres ont nettoy\u00e9 le site d\u2019un h\u00f4pital public, des \u00e9coles et des places, ils ont pri\u00e9 pour les gens, distribu\u00e9 de la nourriture et des v\u00eatements, ont offert des coupes de cheveux et des bilans de sant\u00e9 gratuits, ils ont aussi pris part \u00e0 la distribution de livres missionnaires, de ballons et ont partag\u00e9 des messages d\u2019espoir aux arr\u00eats des feux de circulation avec leur slogan \u00ab Souriez, Dieu Croit en Vous. \u00bb<\/p>\n<p><div id=\"attachment_88674\" style=\"width: 858px\" class=\"wp-caption aligncenter\"><img fetchpriority=\"high\" decoding=\"async\" aria-describedby=\"caption-attachment-88674\" class=\" wp-image-88674\" src=\"https:\/\/interamerica.org\/wp-content\/uploads\/2022\/08\/evau-close-to-you-hospital.jpg\" alt=\"\" width=\"848\" height=\"529\" srcset=\"https:\/\/interamerica.org\/wp-content\/uploads\/2022\/08\/evau-close-to-you-hospital.jpg 781w, https:\/\/interamerica.org\/wp-content\/uploads\/2022\/08\/evau-close-to-you-hospital-300x187.jpg 300w, https:\/\/interamerica.org\/wp-content\/uploads\/2022\/08\/evau-close-to-you-hospital-768x479.jpg 768w\" sizes=\"(max-width: 848px) 100vw, 848px\" \/><p id=\"caption-attachment-88674\" class=\"wp-caption-text\">Les adventistes prient pour un patient dans un h\u00f4pital public de l\u2019Est du Venezuela lors de l\u2019initiative annuelle \u00ab Proche de Toi \u00bb qui se d\u00e9roule en juillet, et au cours de laquelle des milliers de dirigeants et de membres d\u2019\u00e9glise se portent volontaires pour apporter un sourire, de la joie et combler un besoin pour de nombreuses personnes en difficult\u00e9 \u00e0 travers le pays. [Photo : Union de l\u2019Est du Venezuela]<\/p><\/div>\u00ab Nous avons eu de nombreuses et diverses activit\u00e9s avec plus de 8000 membres et 1500 de leurs amis qui se sont joints cette ann\u00e9e \u00e0 cette initiative sp\u00e9ciale dans les rues, les villes et les communaut\u00e9s, \u00bb a d\u00e9clar\u00e9 pasteur Jes\u00fas David Chac\u00f3n, directeur des minist\u00e8res de la jeunesse de l\u2019Union de l\u2019Est du Venezuela, bas\u00e9e \u00e0 Caracas. L\u2019initiative annuelle a eu lieu du 7 au 16 juillet 2022.<\/p>\n<p>D\u2019autre part, plus de 1500 \u00e9vang\u00e9listes num\u00e9riques ont travaill\u00e9 via des plateformes de r\u00e9seaux sociaux pour aider 461 \u00e9glises qui avaient organis\u00e9 des campagnes d\u2019\u00e9vang\u00e9lisation des jeunes au cours de la semaine, ce qui a permis d\u2019atteindre 100 nouvelles communaut\u00e9s et de baptiser plus de 100 personnes, ont d\u00e9clar\u00e9 les dirigeants de l\u2019\u00e9glise.<\/p>\n<p>\u00ab Ce qui se passe ici, c\u2019est que nous montrons l\u2019amour du Christ par l\u2019action, \u00bb a d\u00e9clar\u00e9 le pasteur Janiel Puerta, pr\u00e9sident de la Mission du centre de Llanos dans l\u2019\u00e9tat de Gu\u00e1rico. \u00ab Notre intention est d\u2019\u00e9tablir une nouvelle congr\u00e9gation ici \u00e0 las Americas, \u00bb a-t-il ajout\u00e9.<\/p>\n<p><div id=\"attachment_88677\" style=\"width: 858px\" class=\"wp-caption aligncenter\"><img decoding=\"async\" aria-describedby=\"caption-attachment-88677\" class=\" wp-image-88677\" src=\"https:\/\/interamerica.org\/wp-content\/uploads\/2022\/08\/evau-closetoyou-person-1024x768.jpg\" alt=\"\" width=\"848\" height=\"636\" srcset=\"https:\/\/interamerica.org\/wp-content\/uploads\/2022\/08\/evau-closetoyou-person-1024x768.jpg 1024w, https:\/\/interamerica.org\/wp-content\/uploads\/2022\/08\/evau-closetoyou-person-300x225.jpg 300w, https:\/\/interamerica.org\/wp-content\/uploads\/2022\/08\/evau-closetoyou-person-768x576.jpg 768w, https:\/\/interamerica.org\/wp-content\/uploads\/2022\/08\/evau-closetoyou-person.jpg 1040w\" sizes=\"(max-width: 848px) 100vw, 848px\" \/><p id=\"caption-attachment-88677\" class=\"wp-caption-text\">Des jeunes sourient avec une femme apr\u00e8s avoir remis une carte sur laquelle on pouvait lire \u00ab Souriez, Dieu Croit en Vous \u00bb et pos\u00e9 pour une photo. [Photo : Union de l\u2019Est du Venezuela]<\/p><\/div>\u00ab Nous amenons des sourires dans chaque communaut\u00e9 pour la gloire de Dieu, \u00bb a d\u00e9clar\u00e9 le pasteur Antonio Pe\u00f1a, pr\u00e9sident de la F\u00e9d\u00e9ration du Centre-Sud \u00e0 Maracay, \u00e0 Aragua.<\/p>\n<p>Les membres d\u2019\u00e9glise ont \u00e9galement pr\u00e9sent\u00e9 les huit rem\u00e8des naturels sur les places et dans les centres \u00e0 des milliers de spectateurs, et ont aussi distribu\u00e9 des fleurs, ont pr\u00e9sent\u00e9 des num\u00e9ros de mime positifs, et plus encore.<\/p>\n<p>\u00ab Lorsque vous offrez une fleur ou un fruit, cela touche le c\u0153ur des gens, a dit Joksan Flores, un jeune participant \u00e0 l\u2019initiative de la semaine. \u00ab J\u2019ai aussi vu comment les gens ont \u00e9t\u00e9 touch\u00e9s par les campagnes d\u2019\u00e9vang\u00e9lisation. \u00bb<\/p>\n<p><div id=\"attachment_88671\" style=\"width: 860px\" class=\"wp-caption aligncenter\"><img decoding=\"async\" aria-describedby=\"caption-attachment-88671\" class=\" wp-image-88671\" src=\"https:\/\/interamerica.org\/wp-content\/uploads\/2022\/08\/evau-close-to-you-shot.jpg\" alt=\"\" width=\"850\" height=\"602\" srcset=\"https:\/\/interamerica.org\/wp-content\/uploads\/2022\/08\/evau-close-to-you-shot.jpg 1020w, https:\/\/interamerica.org\/wp-content\/uploads\/2022\/08\/evau-close-to-you-shot-300x212.jpg 300w, https:\/\/interamerica.org\/wp-content\/uploads\/2022\/08\/evau-close-to-you-shot-768x544.jpg 768w\" sizes=\"(max-width: 850px) 100vw, 850px\" \/><p id=\"caption-attachment-88671\" class=\"wp-caption-text\">Un groupe de jeunes de l\u2019Union de l\u2019Est du Venezuela sourit pour une photo avant de partir distribuer des livres missionnaires aux arr\u00eats des feux de circulation, dans les parcs et dans les rues de la ville. [Photo : Union de l\u2019Est du Venezuela]<\/p><\/div>Leicy Gonz\u00e1lez et Victoria Rodr\u00edguez, deux adolescentes, faisaient partie d\u2019un groupe qui a visit\u00e9 la clinique de Maracay o\u00f9 les m\u00e9decins et les infirmi\u00e8res les ont accueillis avec de larges sourires. \u00ab Ce qui remplit vraiment les gens de joie, c\u2019est qu\u2019ils ont ressenti la pr\u00e9sence de Dieu, \u00bb a d\u00e9clar\u00e9 Victoria Rodr\u00edguez.<\/p>\n<p>Des centaines d\u2019exemplaires du livre missionnaire \u00ab Esp\u00e9rance au Milieu du Chaos \u00bb de Mark Finley ont \u00e9t\u00e9 distribu\u00e9s, ainsi que d\u2019autres publications adventistes.<\/p>\n<p>Les enseignants et les \u00e9l\u00e8ves des \u00e9coles adventistes ont \u00e9galement ouvert leurs portes \u00e0 la communaut\u00e9 pour des contr\u00f4les de tension art\u00e9rielle, de poids et de glyc\u00e9mie.<\/p>\n<p><div id=\"attachment_88680\" style=\"width: 861px\" class=\"wp-caption aligncenter\"><img loading=\"lazy\" decoding=\"async\" aria-describedby=\"caption-attachment-88680\" class=\"wp-image-88680 \" src=\"https:\/\/interamerica.org\/wp-content\/uploads\/2022\/08\/evau-cleaning-park.jpg\" alt=\"\" width=\"851\" height=\"641\" srcset=\"https:\/\/interamerica.org\/wp-content\/uploads\/2022\/08\/evau-cleaning-park.jpg 1020w, https:\/\/interamerica.org\/wp-content\/uploads\/2022\/08\/evau-cleaning-park-300x226.jpg 300w, https:\/\/interamerica.org\/wp-content\/uploads\/2022\/08\/evau-cleaning-park-768x578.jpg 768w\" sizes=\"(max-width: 851px) 100vw, 851px\" \/><p id=\"caption-attachment-88680\" class=\"wp-caption-text\">Des jeunes nettoient des lieux publics dans l\u2019Est du Venezuela lors de l\u2019initiative missionnaire du 7 au 16 juillet 2022. [Photo : Union de l\u2019Est du Venezuela]<\/p><\/div>\u00c0 Caracas, des centaines de jeunes ont organis\u00e9 des activit\u00e9s sportives, des repr\u00e9sentations de sc\u00e8nes, et bien plus.<\/p>\n<p><strong>Ouest du Venezuela<\/strong><\/p>\n<p>Plus de 15000 membres d\u2019\u00e9glise sur tout le territoire de l\u2019Union de l\u2019Ouest du Venezuela ont distribu\u00e9 30000 arepas dans les h\u00f4pitaux, les maisons de retraite, les orphelinats, les foyers pour enfants et les postes de police.<\/p>\n<p>En outre, plus de 23000 livres missionnaires ont \u00e9t\u00e9 distribu\u00e9s par des centaines de membres d\u2019\u00e9glise dans leurs communaut\u00e9s et sur leurs lieux de travail. Plus de 50 \u00e9tudiants repr\u00e9sentants \u00e9vang\u00e9listes de l\u2019Universit\u00e9 Adventiste du Venezuela se sont rendus dans les communaut\u00e9s de l\u2019\u00e9tat de Lara avec des publications et des livres adventistes.<\/p>\n<p><div id=\"attachment_88665\" style=\"width: 859px\" class=\"wp-caption aligncenter\"><img loading=\"lazy\" decoding=\"async\" aria-describedby=\"caption-attachment-88665\" class=\" wp-image-88665\" src=\"https:\/\/interamerica.org\/wp-content\/uploads\/2022\/08\/wvau-cerca-de-ti11-1024x473.jpeg\" alt=\"\" width=\"849\" height=\"392\" srcset=\"https:\/\/interamerica.org\/wp-content\/uploads\/2022\/08\/wvau-cerca-de-ti11-1024x473.jpeg 1024w, https:\/\/interamerica.org\/wp-content\/uploads\/2022\/08\/wvau-cerca-de-ti11-300x138.jpeg 300w, https:\/\/interamerica.org\/wp-content\/uploads\/2022\/08\/wvau-cerca-de-ti11-768x354.jpeg 768w, https:\/\/interamerica.org\/wp-content\/uploads\/2022\/08\/wvau-cerca-de-ti11.jpeg 1040w\" sizes=\"(max-width: 849px) 100vw, 849px\" \/><p id=\"caption-attachment-88665\" class=\"wp-caption-text\">Des membres d\u2019\u00e9glise commencent \u00e0 mettre en place des bo\u00eetes contenant les livres missionnaires qui seront distribu\u00e9s \u00e0 plus de 23000 personnes dans tout l\u2019Ouest du Venezuela. [Photo : Union de l\u2019Ouest du Venezuela]<\/p><\/div>\u00ab L\u2019ange de J\u00e9hovah les a accompagn\u00e9s \u00e0 chaque \u00e9tape du chemin, \u00bb a d\u00e9clar\u00e9 Abimael Gonz\u00e1lez, vice-pr\u00e9sident du conseil des \u00e9tudiants repr\u00e9sentants \u00e9vang\u00e9listes \u00e0 l\u2019Universit\u00e9 Adventiste du Venezuela.<\/p>\n<p>Alexandra Mulano \u00e9tait l\u2019une des 54 \u00e9tudiants repr\u00e9sentants \u00e9vang\u00e9listes qui sont all\u00e9s jour apr\u00e8s jour parler aux gens dans les maisons et dans la rue. \u00ab J\u2019ai vu que Dieu b\u00e9nissait les gens et nous ouvrait des portes, \u00bb a-t-elle d\u00e9clar\u00e9.<\/p>\n<p>\u00c0 Acarigua, dans l\u2019\u00e9tat de Portuguesa, des groupes de jeunes ont peint dans des espaces publics, 12 fresques murales contenant des messages d\u2019espoir.<\/p>\n<p><div id=\"attachment_88668\" style=\"width: 860px\" class=\"wp-caption aligncenter\"><img loading=\"lazy\" decoding=\"async\" aria-describedby=\"caption-attachment-88668\" class=\" wp-image-88668\" src=\"https:\/\/interamerica.org\/wp-content\/uploads\/2022\/08\/wevu-planting-tree-close-to-you-1024x682.jpg\" alt=\"\" width=\"850\" height=\"566\" srcset=\"https:\/\/interamerica.org\/wp-content\/uploads\/2022\/08\/wevu-planting-tree-close-to-you-1024x682.jpg 1024w, https:\/\/interamerica.org\/wp-content\/uploads\/2022\/08\/wevu-planting-tree-close-to-you-300x200.jpg 300w, https:\/\/interamerica.org\/wp-content\/uploads\/2022\/08\/wevu-planting-tree-close-to-you-768x512.jpg 768w, https:\/\/interamerica.org\/wp-content\/uploads\/2022\/08\/wevu-planting-tree-close-to-you.jpg 1280w\" sizes=\"(max-width: 850px) 100vw, 850px\" \/><p id=\"caption-attachment-88668\" class=\"wp-caption-text\">Des dizaines d\u2019arbres ont \u00e9t\u00e9 plant\u00e9s lors de l\u2019initiative annuelle le mois dernier. [Photo : Union de l\u2019Ouest du Venezuela]<\/p><\/div>Plus de 4000 personnes ont re\u00e7u une assistance m\u00e9dicale et des m\u00e9dicaments \u00e0 l\u2019H\u00f4pital Adventiste du Venezuela \u00e0 Barquisimeto pendant la semaine. Les membres d\u2019\u00e9glise ont organis\u00e9 des sessions d\u2019\u00e9cole biblique de vacances tout au long de la semaine, ils ont plant\u00e9 des dizaines d\u2019arbres, distribu\u00e9 des kits de nutrition, des v\u00eatements et de la nourriture \u00e0 tous ceux qui \u00e9taient dans le besoin. Des centaines de jeunes ont particip\u00e9 \u00e0 des activit\u00e9s sportives telles que des marathons, des marches, des courses, des tournois de football et de basket-ball sur des places, des terrains et dans des centres sportifs.<\/p>\n<p>Lors de la cl\u00f4ture de l\u2019initiative, des centaines de dirigeants et de membres d\u2019\u00e9glise se sont r\u00e9unis pour une grande c\u00e9l\u00e9bration du centenaire. Le programme a \u00e9galement comm\u00e9mor\u00e9 le centenaire de la Division Inter Am\u00e9ricaine qui a \u00e9t\u00e9 organis\u00e9e en 1922, a dit le pasteur Orlando Ram\u00edrez, pr\u00e9sident de l\u2019\u00c9glise adventiste dans l\u2019Union de l\u2019Ouest du Venezuela.<\/p>\n<p><div id=\"attachment_88662\" style=\"width: 859px\" class=\"wp-caption aligncenter\"><img loading=\"lazy\" decoding=\"async\" aria-describedby=\"caption-attachment-88662\" class=\" wp-image-88662\" src=\"https:\/\/interamerica.org\/wp-content\/uploads\/2022\/08\/wevu-cercadeti-health-1024x683.jpeg\" alt=\"\" width=\"849\" height=\"566\" srcset=\"https:\/\/interamerica.org\/wp-content\/uploads\/2022\/08\/wevu-cercadeti-health-1024x683.jpeg 1024w, https:\/\/interamerica.org\/wp-content\/uploads\/2022\/08\/wevu-cercadeti-health-300x200.jpeg 300w, https:\/\/interamerica.org\/wp-content\/uploads\/2022\/08\/wevu-cercadeti-health-768x512.jpeg 768w, https:\/\/interamerica.org\/wp-content\/uploads\/2022\/08\/wevu-cercadeti-health.jpeg 1280w\" sizes=\"(max-width: 849px) 100vw, 849px\" \/><p id=\"caption-attachment-88662\" class=\"wp-caption-text\">Un homme \u00e2g\u00e9 consulte un professionnel de sant\u00e9 lors de l\u2019initiative missionnaire annuelle. Des milliers de personnes venant de la communaut\u00e9 ont b\u00e9n\u00e9fici\u00e9 de contr\u00f4les m\u00e9dicaux et ont re\u00e7u des m\u00e9dicaments lors du programme du 23 au 31 juillet 2022. [Photo : F\u00e9d\u00e9ration de l\u2019Ouest du Venezuela]<\/p><\/div>\u00ab Il est temps pour le peuple de Dieu d\u2019\u00e9lever la voix avec une plus grande intention de dire au monde que J\u00e9sus revient bient\u00f4t, \u00bb a dit pasteur Ram\u00edrez. \u00ab Nous devons \u00eatre davantage impliqu\u00e9s lorsque le monde se brise en morceaux. \u00bb Plus de 500 personnes ont \u00e9t\u00e9 baptis\u00e9es \u00e0 la fin de l\u2019initiative missionnaire qui a \u00e9galement conclu les efforts d\u2019\u00e9vang\u00e9lisation lanc\u00e9s par les membres d\u2019\u00e9glise des mois auparavant.<\/p>\n<p>Pour en savoir plus sur l\u2019initiative annuelle \u00ab Proche de Toi Venezuela, \u00bb rendez-vous sur <a href=\"https:\/\/www.facebook.com\/UVOriental\/\">facebook.com\/UVOriental\/<\/a> et <a href=\"https:\/\/uvoc.com.ve\/\">uvoc.com.ve<\/a><\/p>\n<p>Traduction: Patrick Luciathe<\/p>\n","protected":false},"excerpt":{"rendered":"<p>18 Ao\u00fbt 2022 | Caracas, V\u00e9n\u00e9zuela | Steven\u2019s Rosado, Mois\u00e9s Buena\u00f1o et Actualit\u00e9s de la Division Inter Am\u00e9ricaine Plus de 20000 adventistes du septi\u00e8me jour au Venezuela ont r\u00e9cemment r\u00e9pandu&#8230;<\/p>\n","protected":false},"author":3,"featured_media":88677,"comment_status":"closed","ping_status":"closed","sticky":false,"template":"","format":"standard","meta":{"_acf_changed":false,"footnotes":""},"categories":[21,19],"tags":[],"class_list":["post-88758","post","type-post","status-publish","format-standard","has-post-thumbnail","hentry","category-nouvelles-du-territoire","category-rss-francais"],"acf":[],"yoast_head":"<!-- This site is optimized with the Yoast SEO plugin v27.3 - https:\/\/yoast.com\/product\/yoast-seo-wordpress\/ -->\n<title>Les adventistes touchent des dizaines de communaut\u00e9s dans tout le Venezuela lors d\u2019une initiative annuelle - \u00c9glise Adventiste Du Septieme Jour - Inter Am\u00e9rique Division<\/title>\n<meta name=\"robots\" content=\"index, follow, max-snippet:-1, max-image-preview:large, max-video-preview:-1\" \/>\n<link rel=\"canonical\" href=\"https:\/\/interamerica.org\/fr\/2022\/08\/les-adventistes-touchent-des-dizaines-de-communautes-dans-tout-le-venezuela-lors-dune-initiative-annuelle\/\" \/>\n<meta property=\"og:locale\" content=\"fr_FR\" \/>\n<meta property=\"og:type\" content=\"article\" \/>\n<meta property=\"og:title\" content=\"Les adventistes touchent des dizaines de communaut\u00e9s dans tout le Venezuela lors d\u2019une initiative annuelle - \u00c9glise Adventiste Du Septieme Jour - Inter Am\u00e9rique Division\" \/>\n<meta property=\"og:description\" content=\"18 Ao\u00fbt 2022 | Caracas, V\u00e9n\u00e9zuela | Steven\u2019s Rosado, Mois\u00e9s Buena\u00f1o et Actualit\u00e9s de la Division Inter Am\u00e9ricaine Plus de 20000 adventistes du septi\u00e8me jour au Venezuela ont r\u00e9cemment r\u00e9pandu...\" \/>\n<meta property=\"og:url\" content=\"https:\/\/interamerica.org\/fr\/2022\/08\/les-adventistes-touchent-des-dizaines-de-communautes-dans-tout-le-venezuela-lors-dune-initiative-annuelle\/\" \/>\n<meta property=\"og:site_name\" content=\"\u00c9glise Adventiste Du Septieme Jour - Inter Am\u00e9rique Division\" \/>\n<meta property=\"article:published_time\" content=\"2022-08-18T19:24:41+00:00\" \/>\n<meta property=\"article:modified_time\" content=\"2022-08-19T18:35:43+00:00\" \/>\n<meta property=\"og:image\" content=\"https:\/\/interamerica.org\/wp-content\/uploads\/2022\/08\/evau-closetoyou-person.jpg\" \/>\n\t<meta property=\"og:image:width\" content=\"1040\" \/>\n\t<meta property=\"og:image:height\" content=\"780\" \/>\n\t<meta property=\"og:image:type\" content=\"image\/jpeg\" \/>\n<meta name=\"author\" content=\"libna\" \/>\n<meta name=\"twitter:card\" content=\"summary_large_image\" \/>\n<meta name=\"twitter:label1\" content=\"\u00c9crit par\" \/>\n\t<meta name=\"twitter:data1\" content=\"libna\" \/>\n\t<meta name=\"twitter:label2\" content=\"Dur\u00e9e de lecture estim\u00e9e\" \/>\n\t<meta name=\"twitter:data2\" content=\"8 minutes\" \/>\n<script type=\"application\/ld+json\" class=\"yoast-schema-graph\">{\"@context\":\"https:\\\/\\\/schema.org\",\"@graph\":[{\"@type\":\"Article\",\"@id\":\"https:\\\/\\\/interamerica.org\\\/fr\\\/2022\\\/08\\\/les-adventistes-touchent-des-dizaines-de-communautes-dans-tout-le-venezuela-lors-dune-initiative-annuelle\\\/#article\",\"isPartOf\":{\"@id\":\"https:\\\/\\\/interamerica.org\\\/fr\\\/2022\\\/08\\\/les-adventistes-touchent-des-dizaines-de-communautes-dans-tout-le-venezuela-lors-dune-initiative-annuelle\\\/\"},\"author\":{\"name\":\"libna\",\"@id\":\"https:\\\/\\\/interamerica.org\\\/fr\\\/#\\\/schema\\\/person\\\/29998f2bc2d8bd0d38662909289b54f1\"},\"headline\":\"Les adventistes touchent des dizaines de communaut\u00e9s dans tout le Venezuela lors d\u2019une initiative annuelle\",\"datePublished\":\"2022-08-18T19:24:41+00:00\",\"dateModified\":\"2022-08-19T18:35:43+00:00\",\"mainEntityOfPage\":{\"@id\":\"https:\\\/\\\/interamerica.org\\\/fr\\\/2022\\\/08\\\/les-adventistes-touchent-des-dizaines-de-communautes-dans-tout-le-venezuela-lors-dune-initiative-annuelle\\\/\"},\"wordCount\":1467,\"image\":{\"@id\":\"https:\\\/\\\/interamerica.org\\\/fr\\\/2022\\\/08\\\/les-adventistes-touchent-des-dizaines-de-communautes-dans-tout-le-venezuela-lors-dune-initiative-annuelle\\\/#primaryimage\"},\"thumbnailUrl\":\"https:\\\/\\\/interamerica.org\\\/wp-content\\\/uploads\\\/2022\\\/08\\\/evau-closetoyou-person.jpg\",\"articleSection\":[\"Nouvelles du territoire\",\"RSS Fran\u00e7ais\"],\"inLanguage\":\"fr-FR\"},{\"@type\":\"WebPage\",\"@id\":\"https:\\\/\\\/interamerica.org\\\/fr\\\/2022\\\/08\\\/les-adventistes-touchent-des-dizaines-de-communautes-dans-tout-le-venezuela-lors-dune-initiative-annuelle\\\/\",\"url\":\"https:\\\/\\\/interamerica.org\\\/fr\\\/2022\\\/08\\\/les-adventistes-touchent-des-dizaines-de-communautes-dans-tout-le-venezuela-lors-dune-initiative-annuelle\\\/\",\"name\":\"Les adventistes touchent des dizaines de communaut\u00e9s dans tout le Venezuela lors d\u2019une initiative annuelle - \u00c9glise Adventiste Du Septieme Jour - Inter Am\u00e9rique Division\",\"isPartOf\":{\"@id\":\"https:\\\/\\\/interamerica.org\\\/fr\\\/#website\"},\"primaryImageOfPage\":{\"@id\":\"https:\\\/\\\/interamerica.org\\\/fr\\\/2022\\\/08\\\/les-adventistes-touchent-des-dizaines-de-communautes-dans-tout-le-venezuela-lors-dune-initiative-annuelle\\\/#primaryimage\"},\"image\":{\"@id\":\"https:\\\/\\\/interamerica.org\\\/fr\\\/2022\\\/08\\\/les-adventistes-touchent-des-dizaines-de-communautes-dans-tout-le-venezuela-lors-dune-initiative-annuelle\\\/#primaryimage\"},\"thumbnailUrl\":\"https:\\\/\\\/interamerica.org\\\/wp-content\\\/uploads\\\/2022\\\/08\\\/evau-closetoyou-person.jpg\",\"datePublished\":\"2022-08-18T19:24:41+00:00\",\"dateModified\":\"2022-08-19T18:35:43+00:00\",\"author\":{\"@id\":\"https:\\\/\\\/interamerica.org\\\/fr\\\/#\\\/schema\\\/person\\\/29998f2bc2d8bd0d38662909289b54f1\"},\"breadcrumb\":{\"@id\":\"https:\\\/\\\/interamerica.org\\\/fr\\\/2022\\\/08\\\/les-adventistes-touchent-des-dizaines-de-communautes-dans-tout-le-venezuela-lors-dune-initiative-annuelle\\\/#breadcrumb\"},\"inLanguage\":\"fr-FR\",\"potentialAction\":[{\"@type\":\"ReadAction\",\"target\":[\"https:\\\/\\\/interamerica.org\\\/fr\\\/2022\\\/08\\\/les-adventistes-touchent-des-dizaines-de-communautes-dans-tout-le-venezuela-lors-dune-initiative-annuelle\\\/\"]}]},{\"@type\":\"ImageObject\",\"inLanguage\":\"fr-FR\",\"@id\":\"https:\\\/\\\/interamerica.org\\\/fr\\\/2022\\\/08\\\/les-adventistes-touchent-des-dizaines-de-communautes-dans-tout-le-venezuela-lors-dune-initiative-annuelle\\\/#primaryimage\",\"url\":\"https:\\\/\\\/interamerica.org\\\/wp-content\\\/uploads\\\/2022\\\/08\\\/evau-closetoyou-person.jpg\",\"contentUrl\":\"https:\\\/\\\/interamerica.org\\\/wp-content\\\/uploads\\\/2022\\\/08\\\/evau-closetoyou-person.jpg\",\"width\":1040,\"height\":780,\"caption\":\"[Photo : Union de l\u2019Est du Venezuela]\"},{\"@type\":\"BreadcrumbList\",\"@id\":\"https:\\\/\\\/interamerica.org\\\/fr\\\/2022\\\/08\\\/les-adventistes-touchent-des-dizaines-de-communautes-dans-tout-le-venezuela-lors-dune-initiative-annuelle\\\/#breadcrumb\",\"itemListElement\":[{\"@type\":\"ListItem\",\"position\":1,\"name\":\"Home\",\"item\":\"https:\\\/\\\/interamerica.org\\\/fr\\\/\"},{\"@type\":\"ListItem\",\"position\":2,\"name\":\"Les adventistes touchent des dizaines de communaut\u00e9s dans tout le Venezuela lors d\u2019une initiative annuelle\"}]},{\"@type\":\"WebSite\",\"@id\":\"https:\\\/\\\/interamerica.org\\\/fr\\\/#website\",\"url\":\"https:\\\/\\\/interamerica.org\\\/fr\\\/\",\"name\":\"\u00c9glise Adventiste Du Septieme Jour - Inter Am\u00e9rique Division\",\"description\":\"\",\"potentialAction\":[{\"@type\":\"SearchAction\",\"target\":{\"@type\":\"EntryPoint\",\"urlTemplate\":\"https:\\\/\\\/interamerica.org\\\/fr\\\/?s={search_term_string}\"},\"query-input\":{\"@type\":\"PropertyValueSpecification\",\"valueRequired\":true,\"valueName\":\"search_term_string\"}}],\"inLanguage\":\"fr-FR\"},{\"@type\":\"Person\",\"@id\":\"https:\\\/\\\/interamerica.org\\\/fr\\\/#\\\/schema\\\/person\\\/29998f2bc2d8bd0d38662909289b54f1\",\"name\":\"libna\",\"image\":{\"@type\":\"ImageObject\",\"inLanguage\":\"fr-FR\",\"@id\":\"https:\\\/\\\/secure.gravatar.com\\\/avatar\\\/7c5bd30ae4b47a9ba3c856590957fd1d96dc588bf3ac05719d247e126840331f?s=96&d=mm&r=g\",\"url\":\"https:\\\/\\\/secure.gravatar.com\\\/avatar\\\/7c5bd30ae4b47a9ba3c856590957fd1d96dc588bf3ac05719d247e126840331f?s=96&d=mm&r=g\",\"contentUrl\":\"https:\\\/\\\/secure.gravatar.com\\\/avatar\\\/7c5bd30ae4b47a9ba3c856590957fd1d96dc588bf3ac05719d247e126840331f?s=96&d=mm&r=g\",\"caption\":\"libna\"}}]}<\/script>\n<!-- \/ Yoast SEO plugin. -->","yoast_head_json":{"title":"Les adventistes touchent des dizaines de communaut\u00e9s dans tout le Venezuela lors d\u2019une initiative annuelle - \u00c9glise Adventiste Du Septieme Jour - Inter Am\u00e9rique Division","robots":{"index":"index","follow":"follow","max-snippet":"max-snippet:-1","max-image-preview":"max-image-preview:large","max-video-preview":"max-video-preview:-1"},"canonical":"https:\/\/interamerica.org\/fr\/2022\/08\/les-adventistes-touchent-des-dizaines-de-communautes-dans-tout-le-venezuela-lors-dune-initiative-annuelle\/","og_locale":"fr_FR","og_type":"article","og_title":"Les adventistes touchent des dizaines de communaut\u00e9s dans tout le Venezuela lors d\u2019une initiative annuelle - \u00c9glise Adventiste Du Septieme Jour - Inter Am\u00e9rique Division","og_description":"18 Ao\u00fbt 2022 | Caracas, V\u00e9n\u00e9zuela | Steven\u2019s Rosado, Mois\u00e9s Buena\u00f1o et Actualit\u00e9s de la Division Inter Am\u00e9ricaine Plus de 20000 adventistes du septi\u00e8me jour au Venezuela ont r\u00e9cemment r\u00e9pandu...","og_url":"https:\/\/interamerica.org\/fr\/2022\/08\/les-adventistes-touchent-des-dizaines-de-communautes-dans-tout-le-venezuela-lors-dune-initiative-annuelle\/","og_site_name":"\u00c9glise Adventiste Du Septieme Jour - Inter Am\u00e9rique Division","article_published_time":"2022-08-18T19:24:41+00:00","article_modified_time":"2022-08-19T18:35:43+00:00","og_image":[{"width":1040,"height":780,"url":"https:\/\/interamerica.org\/wp-content\/uploads\/2022\/08\/evau-closetoyou-person.jpg","type":"image\/jpeg"}],"author":"libna","twitter_card":"summary_large_image","twitter_misc":{"\u00c9crit par":"libna","Dur\u00e9e de lecture estim\u00e9e":"8 minutes"},"schema":{"@context":"https:\/\/schema.org","@graph":[{"@type":"Article","@id":"https:\/\/interamerica.org\/fr\/2022\/08\/les-adventistes-touchent-des-dizaines-de-communautes-dans-tout-le-venezuela-lors-dune-initiative-annuelle\/#article","isPartOf":{"@id":"https:\/\/interamerica.org\/fr\/2022\/08\/les-adventistes-touchent-des-dizaines-de-communautes-dans-tout-le-venezuela-lors-dune-initiative-annuelle\/"},"author":{"name":"libna","@id":"https:\/\/interamerica.org\/fr\/#\/schema\/person\/29998f2bc2d8bd0d38662909289b54f1"},"headline":"Les adventistes touchent des dizaines de communaut\u00e9s dans tout le Venezuela lors d\u2019une initiative annuelle","datePublished":"2022-08-18T19:24:41+00:00","dateModified":"2022-08-19T18:35:43+00:00","mainEntityOfPage":{"@id":"https:\/\/interamerica.org\/fr\/2022\/08\/les-adventistes-touchent-des-dizaines-de-communautes-dans-tout-le-venezuela-lors-dune-initiative-annuelle\/"},"wordCount":1467,"image":{"@id":"https:\/\/interamerica.org\/fr\/2022\/08\/les-adventistes-touchent-des-dizaines-de-communautes-dans-tout-le-venezuela-lors-dune-initiative-annuelle\/#primaryimage"},"thumbnailUrl":"https:\/\/interamerica.org\/wp-content\/uploads\/2022\/08\/evau-closetoyou-person.jpg","articleSection":["Nouvelles du territoire","RSS Fran\u00e7ais"],"inLanguage":"fr-FR"},{"@type":"WebPage","@id":"https:\/\/interamerica.org\/fr\/2022\/08\/les-adventistes-touchent-des-dizaines-de-communautes-dans-tout-le-venezuela-lors-dune-initiative-annuelle\/","url":"https:\/\/interamerica.org\/fr\/2022\/08\/les-adventistes-touchent-des-dizaines-de-communautes-dans-tout-le-venezuela-lors-dune-initiative-annuelle\/","name":"Les adventistes touchent des dizaines de communaut\u00e9s dans tout le Venezuela lors d\u2019une initiative annuelle - \u00c9glise Adventiste Du Septieme Jour - Inter Am\u00e9rique Division","isPartOf":{"@id":"https:\/\/interamerica.org\/fr\/#website"},"primaryImageOfPage":{"@id":"https:\/\/interamerica.org\/fr\/2022\/08\/les-adventistes-touchent-des-dizaines-de-communautes-dans-tout-le-venezuela-lors-dune-initiative-annuelle\/#primaryimage"},"image":{"@id":"https:\/\/interamerica.org\/fr\/2022\/08\/les-adventistes-touchent-des-dizaines-de-communautes-dans-tout-le-venezuela-lors-dune-initiative-annuelle\/#primaryimage"},"thumbnailUrl":"https:\/\/interamerica.org\/wp-content\/uploads\/2022\/08\/evau-closetoyou-person.jpg","datePublished":"2022-08-18T19:24:41+00:00","dateModified":"2022-08-19T18:35:43+00:00","author":{"@id":"https:\/\/interamerica.org\/fr\/#\/schema\/person\/29998f2bc2d8bd0d38662909289b54f1"},"breadcrumb":{"@id":"https:\/\/interamerica.org\/fr\/2022\/08\/les-adventistes-touchent-des-dizaines-de-communautes-dans-tout-le-venezuela-lors-dune-initiative-annuelle\/#breadcrumb"},"inLanguage":"fr-FR","potentialAction":[{"@type":"ReadAction","target":["https:\/\/interamerica.org\/fr\/2022\/08\/les-adventistes-touchent-des-dizaines-de-communautes-dans-tout-le-venezuela-lors-dune-initiative-annuelle\/"]}]},{"@type":"ImageObject","inLanguage":"fr-FR","@id":"https:\/\/interamerica.org\/fr\/2022\/08\/les-adventistes-touchent-des-dizaines-de-communautes-dans-tout-le-venezuela-lors-dune-initiative-annuelle\/#primaryimage","url":"https:\/\/interamerica.org\/wp-content\/uploads\/2022\/08\/evau-closetoyou-person.jpg","contentUrl":"https:\/\/interamerica.org\/wp-content\/uploads\/2022\/08\/evau-closetoyou-person.jpg","width":1040,"height":780,"caption":"[Photo : Union de l\u2019Est du Venezuela]"},{"@type":"BreadcrumbList","@id":"https:\/\/interamerica.org\/fr\/2022\/08\/les-adventistes-touchent-des-dizaines-de-communautes-dans-tout-le-venezuela-lors-dune-initiative-annuelle\/#breadcrumb","itemListElement":[{"@type":"ListItem","position":1,"name":"Home","item":"https:\/\/interamerica.org\/fr\/"},{"@type":"ListItem","position":2,"name":"Les adventistes touchent des dizaines de communaut\u00e9s dans tout le Venezuela lors d\u2019une initiative annuelle"}]},{"@type":"WebSite","@id":"https:\/\/interamerica.org\/fr\/#website","url":"https:\/\/interamerica.org\/fr\/","name":"\u00c9glise Adventiste Du Septieme Jour - Inter Am\u00e9rique Division","description":"","potentialAction":[{"@type":"SearchAction","target":{"@type":"EntryPoint","urlTemplate":"https:\/\/interamerica.org\/fr\/?s={search_term_string}"},"query-input":{"@type":"PropertyValueSpecification","valueRequired":true,"valueName":"search_term_string"}}],"inLanguage":"fr-FR"},{"@type":"Person","@id":"https:\/\/interamerica.org\/fr\/#\/schema\/person\/29998f2bc2d8bd0d38662909289b54f1","name":"libna","image":{"@type":"ImageObject","inLanguage":"fr-FR","@id":"https:\/\/secure.gravatar.com\/avatar\/7c5bd30ae4b47a9ba3c856590957fd1d96dc588bf3ac05719d247e126840331f?s=96&d=mm&r=g","url":"https:\/\/secure.gravatar.com\/avatar\/7c5bd30ae4b47a9ba3c856590957fd1d96dc588bf3ac05719d247e126840331f?s=96&d=mm&r=g","contentUrl":"https:\/\/secure.gravatar.com\/avatar\/7c5bd30ae4b47a9ba3c856590957fd1d96dc588bf3ac05719d247e126840331f?s=96&d=mm&r=g","caption":"libna"}}]}},"_links":{"self":[{"href":"https:\/\/interamerica.org\/fr\/wp-json\/wp\/v2\/posts\/88758","targetHints":{"allow":["GET"]}}],"collection":[{"href":"https:\/\/interamerica.org\/fr\/wp-json\/wp\/v2\/posts"}],"about":[{"href":"https:\/\/interamerica.org\/fr\/wp-json\/wp\/v2\/types\/post"}],"author":[{"embeddable":true,"href":"https:\/\/interamerica.org\/fr\/wp-json\/wp\/v2\/users\/3"}],"replies":[{"embeddable":true,"href":"https:\/\/interamerica.org\/fr\/wp-json\/wp\/v2\/comments?post=88758"}],"version-history":[{"count":0,"href":"https:\/\/interamerica.org\/fr\/wp-json\/wp\/v2\/posts\/88758\/revisions"}],"wp:featuredmedia":[{"embeddable":true,"href":"https:\/\/interamerica.org\/fr\/wp-json\/wp\/v2\/media\/88677"}],"wp:attachment":[{"href":"https:\/\/interamerica.org\/fr\/wp-json\/wp\/v2\/media?parent=88758"}],"wp:term":[{"taxonomy":"category","embeddable":true,"href":"https:\/\/interamerica.org\/fr\/wp-json\/wp\/v2\/categories?post=88758"},{"taxonomy":"post_tag","embeddable":true,"href":"https:\/\/interamerica.org\/fr\/wp-json\/wp\/v2\/tags?post=88758"}],"curies":[{"name":"wp","href":"https:\/\/api.w.org\/{rel}","templated":true}]}}