{"id":88768,"date":"2022-08-19T10:33:55","date_gmt":"2022-08-19T14:33:55","guid":{"rendered":"https:\/\/interamerica.org\/?p=88768"},"modified":"2022-08-19T18:55:30","modified_gmt":"2022-08-19T22:55:30","slug":"sergio-moctezuma-honore-pour-des-decennies-passees-a-mener-la-croissance-de-leglise-en-inter-amerique","status":"publish","type":"post","link":"https:\/\/interamerica.org\/fr\/2022\/08\/sergio-moctezuma-honore-pour-des-decennies-passees-a-mener-la-croissance-de-leglise-en-inter-amerique\/","title":{"rendered":"Sergio Moctezuma honor\u00e9 pour des d\u00e9cennies pass\u00e9es \u00e0 mener la croissance de l\u2019\u00c9glise en Inter Am\u00e9rique"},"content":{"rendered":"<p><div id=\"attachment_88750\" style=\"width: 840px\" class=\"wp-caption aligncenter\"><img fetchpriority=\"high\" decoding=\"async\" aria-describedby=\"caption-attachment-88750\" class=\"wp-image-88750 \" src=\"https:\/\/interamerica.org\/wp-content\/uploads\/2022\/08\/iad-leaders-sergio-moctezuma2022-1024x640.jpg\" alt=\"\" width=\"830\" height=\"519\" srcset=\"https:\/\/interamerica.org\/wp-content\/uploads\/2022\/08\/iad-leaders-sergio-moctezuma2022-1024x640.jpg 1024w, https:\/\/interamerica.org\/wp-content\/uploads\/2022\/08\/iad-leaders-sergio-moctezuma2022-300x188.jpg 300w, https:\/\/interamerica.org\/wp-content\/uploads\/2022\/08\/iad-leaders-sergio-moctezuma2022-768x480.jpg 768w, https:\/\/interamerica.org\/wp-content\/uploads\/2022\/08\/iad-leaders-sergio-moctezuma2022.jpg 1280w\" sizes=\"(max-width: 830px) 100vw, 830px\" \/><p id=\"caption-attachment-88750\" class=\"wp-caption-text\">De gauche \u00e0 droite : les administrateurs de l\u2019\u00c9glise \u00e0 la DIA, les pasteurs Filiberto Verduzco, tr\u00e9sorier, Elie Henry, pr\u00e9sident et Leonard Johnson, secr\u00e9taire ex\u00e9cutif, et Melchor Ferreyra, directeur des minist\u00e8res personnels, prennent part \u00e0 une c\u00e9r\u00e9monie sp\u00e9ciale le 18 juillet 2022 \u00e0 Miami, en Floride, pour honorer Sergio Moctezuma (au centre) avant le Festival des La\u00efcs qui s\u2019est tenu au Panama pour l\u2019ensemble de la division, du 4 au 6 ao\u00fbt 2022. Sergio Moctezuma a \u00e9t\u00e9 le cr\u00e9ateur de ce qui est connu aujourd\u2019hui sous le nom de Festival des La\u00efcs en Inter Am\u00e9rique et a jou\u00e9 un r\u00f4le d\u00e9terminant dans la croissance de l\u2019\u00e9glise dans la DIA depuis qu\u2019il a d\u00e9but\u00e9 son service en 1952. [Photo : Libna Stevens\/DIA]<\/p><\/div>19 Ao\u00fbt 2022 | Miami, Floride, \u00c9tats-Unis | Libna Stevens, Actualit\u00e9s de la Division Inter Am\u00e9ricaine<\/p>\n<p>Les dirigeants de l\u2019\u00c9glise adventiste du septi\u00e8me jour dans la Division Inter Am\u00e9ricaine ont r\u00e9cemment honor\u00e9 le pasteur Sergio Moctezuma pour son extraordinaire contribution \u00e0 la croissance de l\u2019\u00e9glise sur l\u2019ensemble du territoire depuis qu\u2019il a commenc\u00e9 son service dans l\u2019\u00e9glise dans les ann\u00e9es 1960. Le programme sp\u00e9cial de reconnaissance a r\u00e9uni les principaux dirigeants de l\u2019\u00e9glise ainsi que des membres du personnel du si\u00e8ge de la DIA \u00e0 Miami, en Floride, aux \u00c9tats-Unis, en amont du Festival des La\u00efcs, qui s\u2019est tenu dans la ville de Panama, au Panama, au d\u00e9but du mois.<\/p>\n<p>\u00ab Nous sommes ravis de vous honorer pour avoir aid\u00e9 l\u2019\u00e9glise \u00e0 se d\u00e9velopper et \u00e0 devenir aussi forte qu\u2019elle l\u2019est aujourd\u2019hui, \u00bb a d\u00e9clar\u00e9 le pasteur Elie Henry, pr\u00e9sident de la DIA. \u00ab Ce serait un moment \u00e0 partager avec les la\u00efcs de tout le territoire mais en raison des circonstances, nous vous honorerons en personne ici, \u00bb a-t-il d\u00e9clar\u00e9.<\/p>\n<p><div id=\"attachment_88494\" style=\"width: 863px\" class=\"wp-caption aligncenter\"><img decoding=\"async\" aria-describedby=\"caption-attachment-88494\" class=\" wp-image-88494\" src=\"https:\/\/interamerica.org\/wp-content\/uploads\/2022\/08\/sergio-moctezuma-jul-18-2022-1024x640.jpg\" alt=\"\" width=\"853\" height=\"533\" srcset=\"https:\/\/interamerica.org\/wp-content\/uploads\/2022\/08\/sergio-moctezuma-jul-18-2022-1024x640.jpg 1024w, https:\/\/interamerica.org\/wp-content\/uploads\/2022\/08\/sergio-moctezuma-jul-18-2022-300x188.jpg 300w, https:\/\/interamerica.org\/wp-content\/uploads\/2022\/08\/sergio-moctezuma-jul-18-2022-768x480.jpg 768w, https:\/\/interamerica.org\/wp-content\/uploads\/2022\/08\/sergio-moctezuma-jul-18-2022.jpg 1280w\" sizes=\"(max-width: 853px) 100vw, 853px\" \/><p id=\"caption-attachment-88494\" class=\"wp-caption-text\">Pasteur Sergio Moctezuma, originaire du Mexique, a d\u00e9but\u00e9 son service dans l\u2019\u00e9glise dans son pays d\u2019origine en 1952. Il a pris sa retraite d\u00e9finitive du si\u00e8ge de la DIA en 2005. [Photo : Abel M\u00e1rquez\/DIA]<\/p><\/div>Sergio Moctezuma a re\u00e7u deux m\u00e9dailles et une plaque sp\u00e9ciale des mains des administrateurs de la DIA en signe de reconnaissance pour son extraordinaire contribution \u00e0 la croissance de l\u2019\u00e9glise. Au cours de son mandat, le nombre de membres sur le territoire de la DIA est pass\u00e9 \u00e0 plus de deux millions.<\/p>\n<p><strong>Une influence bas\u00e9e sur la mission <\/strong><\/p>\n<p>\u00ab Nous vous honorons pour la capacit\u00e9 indiscutable et l\u2019influence missionnaire dont vous avez fait preuve dans votre service fid\u00e8le dans la mobilisation des la\u00efcs de notre territoire pendant tant d\u2019ann\u00e9es, \u00bb a d\u00e9clar\u00e9 pasteur Henry.<\/p>\n<p>Connu pour son \u00e9nergie, sa cr\u00e9ativit\u00e9 et son leadership bas\u00e9 sur la mission, le pasteur Moctezuma a commenc\u00e9 son service dans l\u2019\u00e9glise dans son pays d\u2019origine, le Mexique, dans l\u2019Union Mexicaine dans les ann\u00e9es 1950 et plus tard \u00e0 la fin des ann\u00e9es 1960, il a \u00e9t\u00e9 appel\u00e9 \u00e0 servir dans l\u2019Union du Sud du Br\u00e9sil et sur le territoire de la Division de l\u2019Am\u00e9rique du Sud ; il a plus tard \u00e9t\u00e9 appel\u00e9 en 1975 \u00e0 servir \u00e0 la DIA \u00e0 Miami, en tant que directeur des minist\u00e8res personnels, anciennement connus sous le nom de d\u00e9partement des activit\u00e9s la\u00efques, et aussi au d\u00e9partement de l\u2019\u00e9cole du sabbat. Il a occup\u00e9 ce poste jusqu\u2019en l\u2019an 2000, ann\u00e9e o\u00f9 il a pris sa retraite, mais a tout de m\u00eame continu\u00e9 en servant comme assistant du pr\u00e9sident de la DIA de l\u2019\u00e9poque, Israel Leito, jusqu\u2019en 2005.<\/p>\n<p><div id=\"attachment_88727\" style=\"width: 859px\" class=\"wp-caption aligncenter\"><img decoding=\"async\" aria-describedby=\"caption-attachment-88727\" class=\" wp-image-88727\" src=\"https:\/\/interamerica.org\/wp-content\/uploads\/2022\/08\/festival-laity-guatemala-1979.jpg\" alt=\"\" width=\"849\" height=\"621\" srcset=\"https:\/\/interamerica.org\/wp-content\/uploads\/2022\/08\/festival-laity-guatemala-1979.jpg 900w, https:\/\/interamerica.org\/wp-content\/uploads\/2022\/08\/festival-laity-guatemala-1979-300x219.jpg 300w, https:\/\/interamerica.org\/wp-content\/uploads\/2022\/08\/festival-laity-guatemala-1979-768x561.jpg 768w\" sizes=\"(max-width: 849px) 100vw, 849px\" \/><p id=\"caption-attachment-88727\" class=\"wp-caption-text\">Des dirigeants adventistes lors du Festival des La\u00efcs qui s\u2019est tenu dans la ville de Guatemala au Guatemala, du 15 au 19 ao\u00fbt 1979. C\u2019est l\u2019un des quatre festivals r\u00e9gionaux des la\u00efcs organis\u00e9s sur le territoire de la division. [Photo : Archives de la DIA]<\/p><\/div>\u00ab Il est connu comme le p\u00e8re des festivals des la\u00efcs en Inter Am\u00e9rique et dans le monde entier, les premiers ayant eu lieu en 1969, \u00bb a indiqu\u00e9 pasteur Melchor Ferreyra, directeur des minist\u00e8res personnels de la DIA. En 1979, il y a eu quatre Festivals r\u00e9gionaux des La\u00efcs au Guatemala, en Colombie, \u00e0 la Barbade et en Ha\u00efti pour couvrir les pays de chaque r\u00e9gion et les territoires anglophone, hispanophones et francophone de la DIA.<\/p>\n<p><strong>Festivals des la\u00efcs: une c\u00e9l\u00e9bration<\/strong><\/p>\n<p>\u00ab Les festivals des la\u00efcs avaient pour objectif de c\u00e9l\u00e9brer et d\u2019honorer les la\u00efcs pour avoir gagn\u00e9 les autres \u00e0 l\u2019\u00e9vangile ; ils \u00e9taient une source d\u2019inspiration, de motivation et une occasion de recevoir une formation permettant d\u2019atteindre davantage de personnes pour le Christ, \u00bb a ajout\u00e9 Melchor Ferreyra.<\/p>\n<p><div id=\"attachment_88733\" style=\"width: 542px\" class=\"wp-caption aligncenter\"><img loading=\"lazy\" decoding=\"async\" aria-describedby=\"caption-attachment-88733\" class=\" wp-image-88733\" src=\"https:\/\/interamerica.org\/wp-content\/uploads\/2022\/08\/sergio-moctezuma1979-festival-of-laity.jpg\" alt=\"\" width=\"532\" height=\"648\" srcset=\"https:\/\/interamerica.org\/wp-content\/uploads\/2022\/08\/sergio-moctezuma1979-festival-of-laity.jpg 650w, https:\/\/interamerica.org\/wp-content\/uploads\/2022\/08\/sergio-moctezuma1979-festival-of-laity-246x300.jpg 246w\" sizes=\"(max-width: 532px) 100vw, 532px\" \/><p id=\"caption-attachment-88733\" class=\"wp-caption-text\">Le pasteur Sergio Moctezuma dirigeant lors d\u2019un festival r\u00e9gional des la\u00efcs en 1979. [Photo : Archives de la DIA]<\/p><\/div>Sous la direction de Sergio Moctezuma, un nouveau concept de ce que signifie \u00eatre un la\u00efc a \u00e9merg\u00e9 : quelqu\u2019un qui pourrait \u00eatre form\u00e9 comme pr\u00e9dicateur la\u00efc, instructeur biblique, \u00e9vang\u00e9liste la\u00efc, a d\u00e9clar\u00e9 pasteur Ferreyra. \u00ab Il [Moctezuma] a pouss\u00e9 l\u2019id\u00e9e selon laquelle chaque \u00e9glise locale devrait \u00eatre une \u00e9cole de formation de membres la\u00efcs pour que les membres la\u00efcs dirigent \u00e0 l\u2019\u00e9cole du sabbat et dans ce que nous connaissons aujourd\u2019hui comme les petits groupes, \u00bb a ajout\u00e9 pasteur Ferreyra.<\/p>\n<p>Peu de temps apr\u00e8s, des \u00e9coles de formation la\u00efques ont vu le jour sous la direction de la DIA, puis celle de la Conf\u00e9rence G\u00e9n\u00e9rale et l\u2019Institut National des Minist\u00e8res Chr\u00e9tiens. En plus des instituts de formation, Sergio Moctezuma a plaid\u00e9 en faveur de la production de mat\u00e9riel de l\u2019\u00e9cole du sabbat pour les enfants et pour le d\u00e9veloppement de nombreuses ressources pour l\u2019\u00e9glise.<\/p>\n<p><div id=\"attachment_88730\" style=\"width: 857px\" class=\"wp-caption aligncenter\"><img loading=\"lazy\" decoding=\"async\" aria-describedby=\"caption-attachment-88730\" class=\" wp-image-88730\" src=\"https:\/\/interamerica.org\/wp-content\/uploads\/2022\/08\/sergio-moctezuma-festival-in-north-mexico.png\" alt=\"\" width=\"847\" height=\"511\" srcset=\"https:\/\/interamerica.org\/wp-content\/uploads\/2022\/08\/sergio-moctezuma-festival-in-north-mexico.png 1000w, https:\/\/interamerica.org\/wp-content\/uploads\/2022\/08\/sergio-moctezuma-festival-in-north-mexico-300x181.png 300w, https:\/\/interamerica.org\/wp-content\/uploads\/2022\/08\/sergio-moctezuma-festival-in-north-mexico-768x463.png 768w\" sizes=\"(max-width: 847px) 100vw, 847px\" \/><p id=\"caption-attachment-88730\" class=\"wp-caption-text\">Pasteur Sergio Moctezuma explique le r\u00f4le du d\u00e9partement des minist\u00e8res de l\u2019\u00e9glise lors d\u2019un festival des la\u00efcs qui a eu lieu dans la F\u00e9d\u00e9ration du Nord du Mexique en 1988. [Photo : Archives de la DIA]<\/p><\/div>Tr\u00e8s jeune, Sergio Moctezuma a compris que les membres d\u2019\u00e9glise pouvaient faire leur part pour soutenir la mission, et pas simplement compter sur le travail du pasteur local comme s\u2019il s\u2019agissait d\u2019un minist\u00e8re s\u00e9par\u00e9, et que ce ne sont pas tous les membres d\u2019\u00e9glise qui doivent \u00eatre des \u00e9vang\u00e9listes la\u00efcs. \u00ab Il valait mieux utiliser les membres d\u2019\u00e9glise pour t\u00e9moigner, enseigner aux jeunes \u00e0 pr\u00eacher et ensuite je pourrais intervenir dans le cadre du travail du pasteur. Mon id\u00e9e tournait toujours autour du r\u00f4le cl\u00e9 que jouent les la\u00efcs, \u00bb a d\u00e9clar\u00e9 pasteur Moctezuma.<\/p>\n<p>Pendant son service dans la Division Sud-Am\u00e9ricaine, alors que les \u00e9coles du sabbat annexes devenaient un cadre plus petit pour t\u00e9moigner et gagner les autres, Sergio Moctezuma a d\u00e9clar\u00e9 qu\u2019il \u00e9tait \u00e9tonn\u00e9 de voir le potentiel pour une plus grande croissance de l\u2019\u00e9glise. \u00ab J\u2019ai commenc\u00e9 \u00e0 lire et \u00e0 \u00e9tudier le livre Service Chr\u00e9tien d\u2019Ellen G. White, j\u2019ai \u00e9tudi\u00e9 ma Bible et les choses sont devenues claires et ont constitu\u00e9 un tournant dans la d\u00e9marche consistant \u00e0 faire en sorte que le pasteur forme les membres dans chaque \u00e9glise afin qu\u2019ils prennent part aux opportunit\u00e9s de t\u00e9moignage qui correspondent le mieux aux dons de chaque membre, \u00bb a dit Sergio Moctezuma.<\/p>\n<p><div id=\"attachment_88736\" style=\"width: 854px\" class=\"wp-caption aligncenter\"><img loading=\"lazy\" decoding=\"async\" aria-describedby=\"caption-attachment-88736\" class=\" wp-image-88736\" src=\"https:\/\/interamerica.org\/wp-content\/uploads\/2022\/08\/jorge-salazar-ecuador-branchss.jpg\" alt=\"\" width=\"844\" height=\"628\" srcset=\"https:\/\/interamerica.org\/wp-content\/uploads\/2022\/08\/jorge-salazar-ecuador-branchss.jpg 1000w, https:\/\/interamerica.org\/wp-content\/uploads\/2022\/08\/jorge-salazar-ecuador-branchss-300x223.jpg 300w, https:\/\/interamerica.org\/wp-content\/uploads\/2022\/08\/jorge-salazar-ecuador-branchss-768x571.jpg 768w\" sizes=\"(max-width: 844px) 100vw, 844px\" \/><p id=\"caption-attachment-88736\" class=\"wp-caption-text\">Jorge Salazar (deuxi\u00e8me \u00e0 partir de la droite) en compagnie de membres de son \u00e9cole du sabbat annexe \u00e0 Quito, en \u00c9quateur ; il indique le nombre de personnes qu\u2019ils ont amen\u00e9es \u00e0 J\u00e9sus apr\u00e8s quatre mois de t\u00e9moignage aupr\u00e8s des autres. C\u2019est apr\u00e8s cette r\u00e9union \u00e0 la fin des ann\u00e9es 1960 que le pasteur Sergio Moctezuma a \u00e9tudi\u00e9 le livre Service Chr\u00e9tien d\u2019Ellen G. White et la Bible pour mettre en lumi\u00e8re le travail des \u00e9coles du sabbat annexes qui contribuent \u00e0 la croissance de l\u2019\u00e9glise avec ce que nous appelons maintenant les petits groupes. [Photo : Sergio Moctezuma]<\/p><\/div><strong>Nouveau mouvement la\u00efc<\/strong><\/p>\n<p>De retour \u00e0 la Division Inter Am\u00e9ricaine quelques ann\u00e9es plus tard, l\u2019opportunit\u00e9 s\u2019est pr\u00e9sent\u00e9e de faire partie d\u2019un nouveau mouvement pour former et mettre en lumi\u00e8re l\u2019important travail des la\u00efcs en partenariat avec le pasteur de l\u2019\u00e9glise, \u00e9tablissant des objectifs d\u2019\u00e9vang\u00e9lisation et avan\u00e7ant ensemble, a d\u00e9clar\u00e9 pasteur Moctezuma. \u00ab Les pasteurs et les la\u00efcs unis pour terminer l\u2019\u0153uvre afin de h\u00e2ter la venue de notre Seigneur. \u00bb<\/p>\n<p>Lorsque le nom du pasteur Moctezuma est venu \u00e0 la fin du <a href=\"https:\/\/interamerica.org\/2022\/08\/adventist-church-encourages-lay-members-to-shine-the-light-of-the-gospel-everywhere-in-inter-america\/\">Festival des La\u00efcs de la DIA<\/a>, qui s\u2019est tenu au Panama, du 4 au 6 ao\u00fbt 2022, les plus de 650 la\u00efcs et dirigeants d\u2019\u00e9glise de l\u2019ensemble du territoire de la division r\u00e9unis pour l\u2019occasion, l\u2019ont applaudi pour son travail de pionnier en faveur des la\u00efcs et pour l\u2019h\u00e9ritage qui continue d\u2019avancer \u00e0 travers le territoire.<\/p>\n<p><div id=\"attachment_88739\" style=\"width: 798px\" class=\"wp-caption aligncenter\"><img loading=\"lazy\" decoding=\"async\" aria-describedby=\"caption-attachment-88739\" class=\" wp-image-88739\" src=\"https:\/\/interamerica.org\/wp-content\/uploads\/2022\/08\/sergio-raquel-moctezuma-2013.jpg\" alt=\"\" width=\"788\" height=\"524\" srcset=\"https:\/\/interamerica.org\/wp-content\/uploads\/2022\/08\/sergio-raquel-moctezuma-2013.jpg 809w, https:\/\/interamerica.org\/wp-content\/uploads\/2022\/08\/sergio-raquel-moctezuma-2013-300x200.jpg 300w, https:\/\/interamerica.org\/wp-content\/uploads\/2022\/08\/sergio-raquel-moctezuma-2013-768x511.jpg 768w\" sizes=\"(max-width: 788px) 100vw, 788px\" \/><p id=\"caption-attachment-88739\" class=\"wp-caption-text\">Pasteur Sergio Moctezuma et sa femme Raquel lors d\u2019un programme organis\u00e9 au si\u00e8ge de la DIA en l\u2019honneur des la\u00efcs champions en 2013. [Photo d\u2019archives : Libna Stevens\/DIA]<\/p><\/div>\u00ab Je loue le Seigneur pour l\u2019opportunit\u00e9 qu\u2019il m\u2019a donn\u00e9e \u00e0 moi et aussi \u00e0 ma femme Raquel, de le servir et de voir \u2018les forces vives de l\u2019\u00e9glise\u2019 inspir\u00e9es par le Saint-Esprit dans l\u2019accomplissement de la mission qui nous a \u00e9t\u00e9 confi\u00e9e, \u00bb a d\u00e9clar\u00e9 pasteur Moctezuma.<\/p>\n<p>Traduction: Patrick Luciathe<\/p>\n","protected":false},"excerpt":{"rendered":"<p>19 Ao\u00fbt 2022 | Miami, Floride, \u00c9tats-Unis | Libna Stevens, Actualit\u00e9s de la Division Inter Am\u00e9ricaine Les dirigeants de l\u2019\u00c9glise adventiste du septi\u00e8me jour dans la Division Inter Am\u00e9ricaine ont&#8230;<\/p>\n","protected":false},"author":3,"featured_media":88750,"comment_status":"closed","ping_status":"closed","sticky":false,"template":"","format":"standard","meta":{"_acf_changed":false,"footnotes":""},"categories":[20,19],"tags":[],"class_list":["post-88768","post","type-post","status-publish","format-standard","has-post-thumbnail","hentry","category-nouvelles-du-siege-de-la-division","category-rss-francais"],"acf":[],"yoast_head":"<!-- This site is optimized with the Yoast SEO plugin v27.3 - https:\/\/yoast.com\/product\/yoast-seo-wordpress\/ -->\n<title>Sergio Moctezuma honor\u00e9 pour des d\u00e9cennies pass\u00e9es \u00e0 mener la croissance de l\u2019\u00c9glise en Inter Am\u00e9rique - \u00c9glise Adventiste Du Septieme Jour - Inter Am\u00e9rique Division<\/title>\n<meta name=\"robots\" content=\"index, follow, max-snippet:-1, max-image-preview:large, max-video-preview:-1\" \/>\n<link rel=\"canonical\" href=\"https:\/\/interamerica.org\/fr\/2022\/08\/sergio-moctezuma-honore-pour-des-decennies-passees-a-mener-la-croissance-de-leglise-en-inter-amerique\/\" \/>\n<meta property=\"og:locale\" content=\"fr_FR\" \/>\n<meta property=\"og:type\" content=\"article\" \/>\n<meta property=\"og:title\" content=\"Sergio Moctezuma honor\u00e9 pour des d\u00e9cennies pass\u00e9es \u00e0 mener la croissance de l\u2019\u00c9glise en Inter Am\u00e9rique - \u00c9glise Adventiste Du Septieme Jour - Inter Am\u00e9rique Division\" \/>\n<meta property=\"og:description\" content=\"19 Ao\u00fbt 2022 | Miami, Floride, \u00c9tats-Unis | Libna Stevens, Actualit\u00e9s de la Division Inter Am\u00e9ricaine Les dirigeants de l\u2019\u00c9glise adventiste du septi\u00e8me jour dans la Division Inter Am\u00e9ricaine ont...\" \/>\n<meta property=\"og:url\" content=\"https:\/\/interamerica.org\/fr\/2022\/08\/sergio-moctezuma-honore-pour-des-decennies-passees-a-mener-la-croissance-de-leglise-en-inter-amerique\/\" \/>\n<meta property=\"og:site_name\" content=\"\u00c9glise Adventiste Du Septieme Jour - Inter Am\u00e9rique Division\" \/>\n<meta property=\"article:published_time\" content=\"2022-08-19T14:33:55+00:00\" \/>\n<meta property=\"article:modified_time\" content=\"2022-08-19T22:55:30+00:00\" \/>\n<meta property=\"og:image\" content=\"https:\/\/interamerica.org\/wp-content\/uploads\/2022\/08\/iad-leaders-sergio-moctezuma2022.jpg\" \/>\n\t<meta property=\"og:image:width\" content=\"1280\" \/>\n\t<meta property=\"og:image:height\" content=\"800\" \/>\n\t<meta property=\"og:image:type\" content=\"image\/jpeg\" \/>\n<meta name=\"author\" content=\"libna\" \/>\n<meta name=\"twitter:card\" content=\"summary_large_image\" \/>\n<meta name=\"twitter:label1\" content=\"\u00c9crit par\" \/>\n\t<meta name=\"twitter:data1\" content=\"libna\" \/>\n\t<meta name=\"twitter:label2\" content=\"Dur\u00e9e de lecture estim\u00e9e\" \/>\n\t<meta name=\"twitter:data2\" content=\"8 minutes\" \/>\n<script type=\"application\/ld+json\" class=\"yoast-schema-graph\">{\"@context\":\"https:\\\/\\\/schema.org\",\"@graph\":[{\"@type\":\"Article\",\"@id\":\"https:\\\/\\\/interamerica.org\\\/fr\\\/2022\\\/08\\\/sergio-moctezuma-honore-pour-des-decennies-passees-a-mener-la-croissance-de-leglise-en-inter-amerique\\\/#article\",\"isPartOf\":{\"@id\":\"https:\\\/\\\/interamerica.org\\\/fr\\\/2022\\\/08\\\/sergio-moctezuma-honore-pour-des-decennies-passees-a-mener-la-croissance-de-leglise-en-inter-amerique\\\/\"},\"author\":{\"name\":\"libna\",\"@id\":\"https:\\\/\\\/interamerica.org\\\/fr\\\/#\\\/schema\\\/person\\\/29998f2bc2d8bd0d38662909289b54f1\"},\"headline\":\"Sergio Moctezuma honor\u00e9 pour des d\u00e9cennies pass\u00e9es \u00e0 mener la croissance de l\u2019\u00c9glise en Inter Am\u00e9rique\",\"datePublished\":\"2022-08-19T14:33:55+00:00\",\"dateModified\":\"2022-08-19T22:55:30+00:00\",\"mainEntityOfPage\":{\"@id\":\"https:\\\/\\\/interamerica.org\\\/fr\\\/2022\\\/08\\\/sergio-moctezuma-honore-pour-des-decennies-passees-a-mener-la-croissance-de-leglise-en-inter-amerique\\\/\"},\"wordCount\":1683,\"image\":{\"@id\":\"https:\\\/\\\/interamerica.org\\\/fr\\\/2022\\\/08\\\/sergio-moctezuma-honore-pour-des-decennies-passees-a-mener-la-croissance-de-leglise-en-inter-amerique\\\/#primaryimage\"},\"thumbnailUrl\":\"https:\\\/\\\/interamerica.org\\\/wp-content\\\/uploads\\\/2022\\\/08\\\/iad-leaders-sergio-moctezuma2022.jpg\",\"articleSection\":[\"Nouvelles du si\u00e8ge de la division\",\"RSS Fran\u00e7ais\"],\"inLanguage\":\"fr-FR\"},{\"@type\":\"WebPage\",\"@id\":\"https:\\\/\\\/interamerica.org\\\/fr\\\/2022\\\/08\\\/sergio-moctezuma-honore-pour-des-decennies-passees-a-mener-la-croissance-de-leglise-en-inter-amerique\\\/\",\"url\":\"https:\\\/\\\/interamerica.org\\\/fr\\\/2022\\\/08\\\/sergio-moctezuma-honore-pour-des-decennies-passees-a-mener-la-croissance-de-leglise-en-inter-amerique\\\/\",\"name\":\"Sergio Moctezuma honor\u00e9 pour des d\u00e9cennies pass\u00e9es \u00e0 mener la croissance de l\u2019\u00c9glise en Inter Am\u00e9rique - \u00c9glise Adventiste Du Septieme Jour - Inter Am\u00e9rique Division\",\"isPartOf\":{\"@id\":\"https:\\\/\\\/interamerica.org\\\/fr\\\/#website\"},\"primaryImageOfPage\":{\"@id\":\"https:\\\/\\\/interamerica.org\\\/fr\\\/2022\\\/08\\\/sergio-moctezuma-honore-pour-des-decennies-passees-a-mener-la-croissance-de-leglise-en-inter-amerique\\\/#primaryimage\"},\"image\":{\"@id\":\"https:\\\/\\\/interamerica.org\\\/fr\\\/2022\\\/08\\\/sergio-moctezuma-honore-pour-des-decennies-passees-a-mener-la-croissance-de-leglise-en-inter-amerique\\\/#primaryimage\"},\"thumbnailUrl\":\"https:\\\/\\\/interamerica.org\\\/wp-content\\\/uploads\\\/2022\\\/08\\\/iad-leaders-sergio-moctezuma2022.jpg\",\"datePublished\":\"2022-08-19T14:33:55+00:00\",\"dateModified\":\"2022-08-19T22:55:30+00:00\",\"author\":{\"@id\":\"https:\\\/\\\/interamerica.org\\\/fr\\\/#\\\/schema\\\/person\\\/29998f2bc2d8bd0d38662909289b54f1\"},\"breadcrumb\":{\"@id\":\"https:\\\/\\\/interamerica.org\\\/fr\\\/2022\\\/08\\\/sergio-moctezuma-honore-pour-des-decennies-passees-a-mener-la-croissance-de-leglise-en-inter-amerique\\\/#breadcrumb\"},\"inLanguage\":\"fr-FR\",\"potentialAction\":[{\"@type\":\"ReadAction\",\"target\":[\"https:\\\/\\\/interamerica.org\\\/fr\\\/2022\\\/08\\\/sergio-moctezuma-honore-pour-des-decennies-passees-a-mener-la-croissance-de-leglise-en-inter-amerique\\\/\"]}]},{\"@type\":\"ImageObject\",\"inLanguage\":\"fr-FR\",\"@id\":\"https:\\\/\\\/interamerica.org\\\/fr\\\/2022\\\/08\\\/sergio-moctezuma-honore-pour-des-decennies-passees-a-mener-la-croissance-de-leglise-en-inter-amerique\\\/#primaryimage\",\"url\":\"https:\\\/\\\/interamerica.org\\\/wp-content\\\/uploads\\\/2022\\\/08\\\/iad-leaders-sergio-moctezuma2022.jpg\",\"contentUrl\":\"https:\\\/\\\/interamerica.org\\\/wp-content\\\/uploads\\\/2022\\\/08\\\/iad-leaders-sergio-moctezuma2022.jpg\",\"width\":1280,\"height\":800},{\"@type\":\"BreadcrumbList\",\"@id\":\"https:\\\/\\\/interamerica.org\\\/fr\\\/2022\\\/08\\\/sergio-moctezuma-honore-pour-des-decennies-passees-a-mener-la-croissance-de-leglise-en-inter-amerique\\\/#breadcrumb\",\"itemListElement\":[{\"@type\":\"ListItem\",\"position\":1,\"name\":\"Home\",\"item\":\"https:\\\/\\\/interamerica.org\\\/fr\\\/\"},{\"@type\":\"ListItem\",\"position\":2,\"name\":\"Sergio Moctezuma honor\u00e9 pour des d\u00e9cennies pass\u00e9es \u00e0 mener la croissance de l\u2019\u00c9glise en Inter Am\u00e9rique\"}]},{\"@type\":\"WebSite\",\"@id\":\"https:\\\/\\\/interamerica.org\\\/fr\\\/#website\",\"url\":\"https:\\\/\\\/interamerica.org\\\/fr\\\/\",\"name\":\"\u00c9glise Adventiste Du Septieme Jour - Inter Am\u00e9rique Division\",\"description\":\"\",\"potentialAction\":[{\"@type\":\"SearchAction\",\"target\":{\"@type\":\"EntryPoint\",\"urlTemplate\":\"https:\\\/\\\/interamerica.org\\\/fr\\\/?s={search_term_string}\"},\"query-input\":{\"@type\":\"PropertyValueSpecification\",\"valueRequired\":true,\"valueName\":\"search_term_string\"}}],\"inLanguage\":\"fr-FR\"},{\"@type\":\"Person\",\"@id\":\"https:\\\/\\\/interamerica.org\\\/fr\\\/#\\\/schema\\\/person\\\/29998f2bc2d8bd0d38662909289b54f1\",\"name\":\"libna\",\"image\":{\"@type\":\"ImageObject\",\"inLanguage\":\"fr-FR\",\"@id\":\"https:\\\/\\\/secure.gravatar.com\\\/avatar\\\/7c5bd30ae4b47a9ba3c856590957fd1d96dc588bf3ac05719d247e126840331f?s=96&d=mm&r=g\",\"url\":\"https:\\\/\\\/secure.gravatar.com\\\/avatar\\\/7c5bd30ae4b47a9ba3c856590957fd1d96dc588bf3ac05719d247e126840331f?s=96&d=mm&r=g\",\"contentUrl\":\"https:\\\/\\\/secure.gravatar.com\\\/avatar\\\/7c5bd30ae4b47a9ba3c856590957fd1d96dc588bf3ac05719d247e126840331f?s=96&d=mm&r=g\",\"caption\":\"libna\"}}]}<\/script>\n<!-- \/ Yoast SEO plugin. -->","yoast_head_json":{"title":"Sergio Moctezuma honor\u00e9 pour des d\u00e9cennies pass\u00e9es \u00e0 mener la croissance de l\u2019\u00c9glise en Inter Am\u00e9rique - \u00c9glise Adventiste Du Septieme Jour - Inter Am\u00e9rique Division","robots":{"index":"index","follow":"follow","max-snippet":"max-snippet:-1","max-image-preview":"max-image-preview:large","max-video-preview":"max-video-preview:-1"},"canonical":"https:\/\/interamerica.org\/fr\/2022\/08\/sergio-moctezuma-honore-pour-des-decennies-passees-a-mener-la-croissance-de-leglise-en-inter-amerique\/","og_locale":"fr_FR","og_type":"article","og_title":"Sergio Moctezuma honor\u00e9 pour des d\u00e9cennies pass\u00e9es \u00e0 mener la croissance de l\u2019\u00c9glise en Inter Am\u00e9rique - \u00c9glise Adventiste Du Septieme Jour - Inter Am\u00e9rique Division","og_description":"19 Ao\u00fbt 2022 | Miami, Floride, \u00c9tats-Unis | Libna Stevens, Actualit\u00e9s de la Division Inter Am\u00e9ricaine Les dirigeants de l\u2019\u00c9glise adventiste du septi\u00e8me jour dans la Division Inter Am\u00e9ricaine ont...","og_url":"https:\/\/interamerica.org\/fr\/2022\/08\/sergio-moctezuma-honore-pour-des-decennies-passees-a-mener-la-croissance-de-leglise-en-inter-amerique\/","og_site_name":"\u00c9glise Adventiste Du Septieme Jour - Inter Am\u00e9rique Division","article_published_time":"2022-08-19T14:33:55+00:00","article_modified_time":"2022-08-19T22:55:30+00:00","og_image":[{"width":1280,"height":800,"url":"https:\/\/interamerica.org\/wp-content\/uploads\/2022\/08\/iad-leaders-sergio-moctezuma2022.jpg","type":"image\/jpeg"}],"author":"libna","twitter_card":"summary_large_image","twitter_misc":{"\u00c9crit par":"libna","Dur\u00e9e de lecture estim\u00e9e":"8 minutes"},"schema":{"@context":"https:\/\/schema.org","@graph":[{"@type":"Article","@id":"https:\/\/interamerica.org\/fr\/2022\/08\/sergio-moctezuma-honore-pour-des-decennies-passees-a-mener-la-croissance-de-leglise-en-inter-amerique\/#article","isPartOf":{"@id":"https:\/\/interamerica.org\/fr\/2022\/08\/sergio-moctezuma-honore-pour-des-decennies-passees-a-mener-la-croissance-de-leglise-en-inter-amerique\/"},"author":{"name":"libna","@id":"https:\/\/interamerica.org\/fr\/#\/schema\/person\/29998f2bc2d8bd0d38662909289b54f1"},"headline":"Sergio Moctezuma honor\u00e9 pour des d\u00e9cennies pass\u00e9es \u00e0 mener la croissance de l\u2019\u00c9glise en Inter Am\u00e9rique","datePublished":"2022-08-19T14:33:55+00:00","dateModified":"2022-08-19T22:55:30+00:00","mainEntityOfPage":{"@id":"https:\/\/interamerica.org\/fr\/2022\/08\/sergio-moctezuma-honore-pour-des-decennies-passees-a-mener-la-croissance-de-leglise-en-inter-amerique\/"},"wordCount":1683,"image":{"@id":"https:\/\/interamerica.org\/fr\/2022\/08\/sergio-moctezuma-honore-pour-des-decennies-passees-a-mener-la-croissance-de-leglise-en-inter-amerique\/#primaryimage"},"thumbnailUrl":"https:\/\/interamerica.org\/wp-content\/uploads\/2022\/08\/iad-leaders-sergio-moctezuma2022.jpg","articleSection":["Nouvelles du si\u00e8ge de la division","RSS Fran\u00e7ais"],"inLanguage":"fr-FR"},{"@type":"WebPage","@id":"https:\/\/interamerica.org\/fr\/2022\/08\/sergio-moctezuma-honore-pour-des-decennies-passees-a-mener-la-croissance-de-leglise-en-inter-amerique\/","url":"https:\/\/interamerica.org\/fr\/2022\/08\/sergio-moctezuma-honore-pour-des-decennies-passees-a-mener-la-croissance-de-leglise-en-inter-amerique\/","name":"Sergio Moctezuma honor\u00e9 pour des d\u00e9cennies pass\u00e9es \u00e0 mener la croissance de l\u2019\u00c9glise en Inter Am\u00e9rique - \u00c9glise Adventiste Du Septieme Jour - Inter Am\u00e9rique Division","isPartOf":{"@id":"https:\/\/interamerica.org\/fr\/#website"},"primaryImageOfPage":{"@id":"https:\/\/interamerica.org\/fr\/2022\/08\/sergio-moctezuma-honore-pour-des-decennies-passees-a-mener-la-croissance-de-leglise-en-inter-amerique\/#primaryimage"},"image":{"@id":"https:\/\/interamerica.org\/fr\/2022\/08\/sergio-moctezuma-honore-pour-des-decennies-passees-a-mener-la-croissance-de-leglise-en-inter-amerique\/#primaryimage"},"thumbnailUrl":"https:\/\/interamerica.org\/wp-content\/uploads\/2022\/08\/iad-leaders-sergio-moctezuma2022.jpg","datePublished":"2022-08-19T14:33:55+00:00","dateModified":"2022-08-19T22:55:30+00:00","author":{"@id":"https:\/\/interamerica.org\/fr\/#\/schema\/person\/29998f2bc2d8bd0d38662909289b54f1"},"breadcrumb":{"@id":"https:\/\/interamerica.org\/fr\/2022\/08\/sergio-moctezuma-honore-pour-des-decennies-passees-a-mener-la-croissance-de-leglise-en-inter-amerique\/#breadcrumb"},"inLanguage":"fr-FR","potentialAction":[{"@type":"ReadAction","target":["https:\/\/interamerica.org\/fr\/2022\/08\/sergio-moctezuma-honore-pour-des-decennies-passees-a-mener-la-croissance-de-leglise-en-inter-amerique\/"]}]},{"@type":"ImageObject","inLanguage":"fr-FR","@id":"https:\/\/interamerica.org\/fr\/2022\/08\/sergio-moctezuma-honore-pour-des-decennies-passees-a-mener-la-croissance-de-leglise-en-inter-amerique\/#primaryimage","url":"https:\/\/interamerica.org\/wp-content\/uploads\/2022\/08\/iad-leaders-sergio-moctezuma2022.jpg","contentUrl":"https:\/\/interamerica.org\/wp-content\/uploads\/2022\/08\/iad-leaders-sergio-moctezuma2022.jpg","width":1280,"height":800},{"@type":"BreadcrumbList","@id":"https:\/\/interamerica.org\/fr\/2022\/08\/sergio-moctezuma-honore-pour-des-decennies-passees-a-mener-la-croissance-de-leglise-en-inter-amerique\/#breadcrumb","itemListElement":[{"@type":"ListItem","position":1,"name":"Home","item":"https:\/\/interamerica.org\/fr\/"},{"@type":"ListItem","position":2,"name":"Sergio Moctezuma honor\u00e9 pour des d\u00e9cennies pass\u00e9es \u00e0 mener la croissance de l\u2019\u00c9glise en Inter Am\u00e9rique"}]},{"@type":"WebSite","@id":"https:\/\/interamerica.org\/fr\/#website","url":"https:\/\/interamerica.org\/fr\/","name":"\u00c9glise Adventiste Du Septieme Jour - Inter Am\u00e9rique Division","description":"","potentialAction":[{"@type":"SearchAction","target":{"@type":"EntryPoint","urlTemplate":"https:\/\/interamerica.org\/fr\/?s={search_term_string}"},"query-input":{"@type":"PropertyValueSpecification","valueRequired":true,"valueName":"search_term_string"}}],"inLanguage":"fr-FR"},{"@type":"Person","@id":"https:\/\/interamerica.org\/fr\/#\/schema\/person\/29998f2bc2d8bd0d38662909289b54f1","name":"libna","image":{"@type":"ImageObject","inLanguage":"fr-FR","@id":"https:\/\/secure.gravatar.com\/avatar\/7c5bd30ae4b47a9ba3c856590957fd1d96dc588bf3ac05719d247e126840331f?s=96&d=mm&r=g","url":"https:\/\/secure.gravatar.com\/avatar\/7c5bd30ae4b47a9ba3c856590957fd1d96dc588bf3ac05719d247e126840331f?s=96&d=mm&r=g","contentUrl":"https:\/\/secure.gravatar.com\/avatar\/7c5bd30ae4b47a9ba3c856590957fd1d96dc588bf3ac05719d247e126840331f?s=96&d=mm&r=g","caption":"libna"}}]}},"_links":{"self":[{"href":"https:\/\/interamerica.org\/fr\/wp-json\/wp\/v2\/posts\/88768","targetHints":{"allow":["GET"]}}],"collection":[{"href":"https:\/\/interamerica.org\/fr\/wp-json\/wp\/v2\/posts"}],"about":[{"href":"https:\/\/interamerica.org\/fr\/wp-json\/wp\/v2\/types\/post"}],"author":[{"embeddable":true,"href":"https:\/\/interamerica.org\/fr\/wp-json\/wp\/v2\/users\/3"}],"replies":[{"embeddable":true,"href":"https:\/\/interamerica.org\/fr\/wp-json\/wp\/v2\/comments?post=88768"}],"version-history":[{"count":0,"href":"https:\/\/interamerica.org\/fr\/wp-json\/wp\/v2\/posts\/88768\/revisions"}],"wp:featuredmedia":[{"embeddable":true,"href":"https:\/\/interamerica.org\/fr\/wp-json\/wp\/v2\/media\/88750"}],"wp:attachment":[{"href":"https:\/\/interamerica.org\/fr\/wp-json\/wp\/v2\/media?parent=88768"}],"wp:term":[{"taxonomy":"category","embeddable":true,"href":"https:\/\/interamerica.org\/fr\/wp-json\/wp\/v2\/categories?post=88768"},{"taxonomy":"post_tag","embeddable":true,"href":"https:\/\/interamerica.org\/fr\/wp-json\/wp\/v2\/tags?post=88768"}],"curies":[{"name":"wp","href":"https:\/\/api.w.org\/{rel}","templated":true}]}}