{"id":89399,"date":"2022-09-07T10:26:21","date_gmt":"2022-09-07T14:26:21","guid":{"rendered":"https:\/\/interamerica.org\/?p=89399"},"modified":"2022-09-08T23:51:43","modified_gmt":"2022-09-09T03:51:43","slug":"une-mega-chorale-de-24-000-personnes-pour-magnifier-une-celebration-adventiste","status":"publish","type":"post","link":"https:\/\/interamerica.org\/fr\/2022\/09\/une-mega-chorale-de-24-000-personnes-pour-magnifier-une-celebration-adventiste\/","title":{"rendered":"Une m\u00e9ga-chorale de 24 000 personnes pour magnifier une c\u00e9l\u00e9bration adventiste"},"content":{"rendered":"<p style=\"font-weight: 400;\"><strong>Des membres et des dirigeants louent Dieu pour le centi\u00e8me anniversaire de l\u2019\u00c9glise \u00e0 S\u00e3o Paulo, au Br\u00e9sil.<\/strong><\/p>\n<h4><span style=\"font-weight: 400;\">Le 7 septembre 2022 | S\u00e3o Paulo, Br\u00e9sil | L\u00f3ren Vidal pour la Division sud-am\u00e9ricaine et <em>Adventist Review<\/em><\/span><\/h4>\n<p style=\"font-weight: 400;\">La F\u00e9d\u00e9ration de S\u00e3o Paulo des adventistes du septi\u00e8me jour, l\u2019une des r\u00e9gions administratives de l\u2019\u00c9glise dans l\u2019\u00c9tat de S\u00e3o Paulo, au Br\u00e9sil, a r\u00e9cemment c\u00e9l\u00e9br\u00e9 100\u00a0ans d\u2019histoire et d\u2019accomplissements. Pour souligner le grand \u00e9v\u00e9nement, cette r\u00e9gion s\u2019est jointe \u00e0 d\u2019autres r\u00e9gions, organisations et \u00e9tablissements de l\u2019\u00c9glise pour former la m\u00e9ga-chorale de 24\u00a0000\u00a0chanteurs, les Adoradores (\u00ab\u00a0Adorateurs\u00a0\u00bb).<\/p>\n<h4><span style=\"font-weight: 400;\">L\u2019\u00e9v\u00e9nement de c\u00e9l\u00e9bration et de performance s\u2019est tenu le 13\u00a0ao\u00fbt 2022 au stade Barueri, \u00e0 32\u00a0kilom\u00e8tres de la ville tr\u00e8s peupl\u00e9e de S\u00e3o Paulo. Selon les dirigeants de l\u2019\u00c9glise r\u00e9gionale, la m\u00e9ga-chorale des Adoradores cherche \u00e9galement \u00e0 battre le record mondial pr\u00e9c\u00e9dent de la plus grande chorale chr\u00e9tienne du monde, qui comptait exactement 21\u00a0262\u00a0membres.<\/span><\/h4>\n<div id=\"attachment_89298\" style=\"width: 873px\" class=\"wp-caption aligncenter\"><img fetchpriority=\"high\" decoding=\"async\" aria-describedby=\"caption-attachment-89298\" class=\" wp-image-89298\" src=\"https:\/\/interamerica.org\/wp-content\/uploads\/2022\/09\/igreja-adventista-celebra-100-anos-1024x560.jpeg\" alt=\"\" width=\"863\" height=\"472\" srcset=\"https:\/\/interamerica.org\/wp-content\/uploads\/2022\/09\/igreja-adventista-celebra-100-anos-1024x560.jpeg 1024w, https:\/\/interamerica.org\/wp-content\/uploads\/2022\/09\/igreja-adventista-celebra-100-anos-300x164.jpeg 300w, https:\/\/interamerica.org\/wp-content\/uploads\/2022\/09\/igreja-adventista-celebra-100-anos-768x420.jpeg 768w, https:\/\/interamerica.org\/wp-content\/uploads\/2022\/09\/igreja-adventista-celebra-100-anos.jpeg 1280w\" sizes=\"(max-width: 863px) 100vw, 863px\" \/><p id=\"caption-attachment-89298\" class=\"wp-caption-text\"><span lang=\"FR-CA\">Les participants se sont pr\u00e9par\u00e9s des mois \u00e0 l\u2019avance pour cette rencontre en personne. [Une photo du d\u00e9partement des actualit\u00e9s de la Division sud-am\u00e9ricaine]<\/span><\/p><\/div>\n<p style=\"font-weight: 400;\">Pour le producteur musical \u00c1lisson Melo, le principal d\u00e9fi consistait \u00e0 faire chanter ensemble des milliers de personnes qui doivent aussi \u00eatre sur la m\u00eame longueur d\u2019onde en mati\u00e8re d\u2019\u00e9motion, d\u2019harmonie et d\u2019intentionnalit\u00e9. \u00ab\u00a0Nous avons pr\u00e9par\u00e9 des \u00e9chantillons de voix et organis\u00e9 des r\u00e9p\u00e9titions en ligne que chaque groupe d\u2019\u00e9glise inscrit pouvait utiliser durant les mois qui ont pr\u00e9c\u00e9d\u00e9 le rassemblement\u00a0\u00bb, a-t-il expliqu\u00e9.<\/p>\n<p style=\"font-weight: 400;\">Durant les heures pr\u00e9c\u00e9dant l\u2019\u00e9v\u00e9nement, on pouvait voir des milliers de personnes arriver au stade en uniforme pour la c\u00e9l\u00e9bration qui devait commencer \u00e0 17\u00a0h. La chorale de 24\u00a0100\u00a0membres \u00e9tait accompagn\u00e9e de plusieurs invit\u00e9s et groupes musicaux adventistes de partout au Br\u00e9sil.<\/p>\n<p><span style=\"font-weight: 400;\">C\u00e2ndido Gomes, directeur des minist\u00e8res des jeunes adventistes pour tout l\u2019\u00c9tat de S\u00e3o Paulo, \u00e9tait l\u2019orateur principal du programme. \u00ab\u00a0Notre message d\u2019aujourd\u2019hui porte sur la plus grande promesse trouv\u00e9e dans la parole de Dieu, c\u2019est-\u00e0-dire le retour de notre Seigneur J\u00e9sus, a dit le pasteur Gomes. Chaque fois que nous nous rassemblons ainsi, nous go\u00fbtons un peu au ciel.\u00a0\u00bb<\/span><\/p>\n<div id=\"attachment_89304\" style=\"width: 863px\" class=\"wp-caption aligncenter\"><img decoding=\"async\" aria-describedby=\"caption-attachment-89304\" class=\" wp-image-89304\" src=\"https:\/\/interamerica.org\/wp-content\/uploads\/2022\/09\/megacoral-noticia-01-1-1024x576.jpeg\" alt=\"\" width=\"853\" height=\"480\" srcset=\"https:\/\/interamerica.org\/wp-content\/uploads\/2022\/09\/megacoral-noticia-01-1-1024x576.jpeg 1024w, https:\/\/interamerica.org\/wp-content\/uploads\/2022\/09\/megacoral-noticia-01-1-300x169.jpeg 300w, https:\/\/interamerica.org\/wp-content\/uploads\/2022\/09\/megacoral-noticia-01-1-768x432.jpeg 768w, https:\/\/interamerica.org\/wp-content\/uploads\/2022\/09\/megacoral-noticia-01-1.jpeg 1200w\" sizes=\"(max-width: 853px) 100vw, 853px\" \/><p id=\"caption-attachment-89304\" class=\"wp-caption-text\">Une vue d\u2019ensemble de la m\u00e9ga-chorale de 24 000 personnes qui a chant\u00e9 lors des c\u00e9l\u00e9brations du centi\u00e8me anniversaire de l\u2019\u00c9glise adventiste du septi\u00e8me jour sur le territoire de la F\u00e9d\u00e9ration de S\u00e3o Paulo, au Br\u00e9sil. [Une photo du d\u00e9partement des actualit\u00e9s de la Division sud-am\u00e9ricaine]<\/p><\/div>\n<p style=\"font-weight: 400;\"><strong>Des milliers de voix, un seul Dieu<\/strong><\/p>\n<p style=\"font-weight: 400;\">Sur la sc\u00e8ne, Fernando Iglesias a dirig\u00e9 les moments de louanges. Des chanteurs connus et la chorale de mille chanteurs de l\u2019Universit\u00e9 br\u00e9silienne adventiste se sont joints aux chants de l\u2019assembl\u00e9e. Pendant environ une heure, plus de 24\u00a0000\u00a0voix ont chant\u00e9 ensemble des hymnes du nouveau livre d\u2019hymnes et louanges r\u00e9cemment lanc\u00e9 tout en c\u00e9l\u00e9brant l\u2019h\u00e9ritage de l\u2019\u00c9glise et en annon\u00e7ant le proche retour de J\u00e9sus.<\/p>\n<p style=\"font-weight: 400;\">\u00ab\u00a0En vous accueillant ici aujourd\u2019hui, j\u2019esp\u00e8re d\u2019abord que le nom de Dieu sera glorifi\u00e9, a dit Romualdo Larroca, pr\u00e9sident de la F\u00e9d\u00e9ration de S\u00e3o Paulo. Que la foi de chacun d\u2019entre nous soit raviv\u00e9e et que le Saint-Esprit soit d\u00e9vers\u00e9 dans nos vies. Louons Dieu pour tout ce qu\u2019il a fait pour son \u00c9glise et, par-dessus tout, dans nos vies.\u00a0\u00bb<\/p>\n<p style=\"font-weight: 400;\"><strong>D\u2019humbles d\u00e9buts<\/strong><\/p>\n<p style=\"font-weight: 400;\">La F\u00e9d\u00e9ration de S\u00e3o Paulo a \u00e9t\u00e9 organis\u00e9e en \u00c9glise administrative en 1922, des ann\u00e9es apr\u00e8s l\u2019arriv\u00e9e du message adventiste gr\u00e2ce au travail de deux \u00e9vang\u00e9listes litt\u00e9raires du sud du Br\u00e9sil. Ils avaient visit\u00e9 leur famille dans la r\u00e9gion et sem\u00e9 une graine qui s\u2019est rapidement r\u00e9pandue.<\/p>\n<p style=\"font-weight: 400;\">La Mission de S\u00e3o Paulo a ensuite \u00e9t\u00e9 mise sur pied dans la ville de Rio Claro en 1906. Puis, en 1909, la Maison d\u2019\u00e9dition br\u00e9silienne a ouvert ses portes dans la ville qui s\u2019appelle maintenant Santo Andr\u00e9. En 1922, avec 750\u00a0membres et cinq \u00e9glises, la Mission est devenue la F\u00e9d\u00e9ration de S\u00e3o Paulo puis a d\u00e9m\u00e9nag\u00e9 dans la capitale de l\u2019\u00c9tat.<\/p>\n<p style=\"font-weight: 400;\"><strong>Des changements au fil du temps<\/strong><\/p>\n<p style=\"font-weight: 400;\">Au fil des ans, les bureaux adventistes r\u00e9gionaux se sont plusieurs fois transform\u00e9s, \u00e9tant donn\u00e9 la croissance constante du nombre de membres et d\u2019\u00e9glises. La grande r\u00e9gion administrative originale de l\u2019\u00c9glise s\u2019est, \u00e0 un moment donn\u00e9, divis\u00e9e en plusieurs r\u00e9gions plus petites de la ville et de l\u2019\u00c9tat tr\u00e8s peupl\u00e9s.<\/p>\n<p style=\"font-weight: 400;\">Actuellement, l\u2019\u00c9tat de S\u00e3o Paulo compte la F\u00e9d\u00e9ration de S\u00e3o Paulo ainsi que sept autres f\u00e9d\u00e9rations. Ensemble, elles composent l\u2019Union de f\u00e9d\u00e9rations centre-br\u00e9siliennes, qui compte pr\u00e8s de 290\u00a0000\u00a0membres et 1\u00a0300\u00a0assembl\u00e9es adventistes.<\/p>\n<p style=\"font-weight: 400;\">La version originale de cet article a \u00e9t\u00e9 publi\u00e9e sur le site d\u2019actualit\u00e9 en portugais de la Division sud-am\u00e9ricaine.<\/p>\n<p><span style=\"font-weight: 400;\">Traduction\u00a0: Marie-Mich\u00e8le Robitaille<\/span><\/p>\n<p><iframe title=\"Mega Coral Adoradores\" width=\"500\" height=\"281\" src=\"https:\/\/www.youtube.com\/embed\/4Q9Lv7c4Qzw?feature=oembed\" frameborder=\"0\" allow=\"accelerometer; autoplay; clipboard-write; encrypted-media; gyroscope; picture-in-picture; web-share\" referrerpolicy=\"strict-origin-when-cross-origin\" allowfullscreen><\/iframe><\/p>\n","protected":false},"excerpt":{"rendered":"<p>Des membres et des dirigeants louent Dieu pour le centi\u00e8me anniversaire de l\u2019\u00c9glise \u00e0 S\u00e3o Paulo, au Br\u00e9sil. Le 7 septembre 2022 | S\u00e3o Paulo, Br\u00e9sil | L\u00f3ren Vidal pour&#8230;<\/p>\n","protected":false},"author":3,"featured_media":89298,"comment_status":"closed","ping_status":"closed","sticky":false,"template":"","format":"standard","meta":{"_acf_changed":false,"footnotes":""},"categories":[18,19],"tags":[],"class_list":["post-89399","post","type-post","status-publish","format-standard","has-post-thumbnail","hentry","category-nouvelles-de-leglise-mondiale","category-rss-francais"],"acf":[],"yoast_head":"<!-- This site is optimized with the Yoast SEO plugin v27.3 - https:\/\/yoast.com\/product\/yoast-seo-wordpress\/ -->\n<title>Une m\u00e9ga-chorale de 24 000 personnes pour magnifier une c\u00e9l\u00e9bration adventiste - \u00c9glise Adventiste Du Septieme Jour - Inter Am\u00e9rique Division<\/title>\n<meta name=\"robots\" content=\"index, follow, max-snippet:-1, max-image-preview:large, max-video-preview:-1\" \/>\n<link rel=\"canonical\" href=\"https:\/\/interamerica.org\/fr\/2022\/09\/une-mega-chorale-de-24-000-personnes-pour-magnifier-une-celebration-adventiste\/\" \/>\n<meta property=\"og:locale\" content=\"fr_FR\" \/>\n<meta property=\"og:type\" content=\"article\" \/>\n<meta property=\"og:title\" content=\"Une m\u00e9ga-chorale de 24 000 personnes pour magnifier une c\u00e9l\u00e9bration adventiste - \u00c9glise Adventiste Du Septieme Jour - Inter Am\u00e9rique Division\" \/>\n<meta property=\"og:description\" content=\"Des membres et des dirigeants louent Dieu pour le centi\u00e8me anniversaire de l\u2019\u00c9glise \u00e0 S\u00e3o Paulo, au Br\u00e9sil. Le 7 septembre 2022 | S\u00e3o Paulo, Br\u00e9sil | L\u00f3ren Vidal pour...\" \/>\n<meta property=\"og:url\" content=\"https:\/\/interamerica.org\/fr\/2022\/09\/une-mega-chorale-de-24-000-personnes-pour-magnifier-une-celebration-adventiste\/\" \/>\n<meta property=\"og:site_name\" content=\"\u00c9glise Adventiste Du Septieme Jour - Inter Am\u00e9rique Division\" \/>\n<meta property=\"article:published_time\" content=\"2022-09-07T14:26:21+00:00\" \/>\n<meta property=\"article:modified_time\" content=\"2022-09-09T03:51:43+00:00\" \/>\n<meta property=\"og:image\" content=\"https:\/\/interamerica.org\/wp-content\/uploads\/2022\/09\/igreja-adventista-celebra-100-anos.jpeg\" \/>\n\t<meta property=\"og:image:width\" content=\"1280\" \/>\n\t<meta property=\"og:image:height\" content=\"700\" \/>\n\t<meta property=\"og:image:type\" content=\"image\/jpeg\" \/>\n<meta name=\"author\" content=\"libna\" \/>\n<meta name=\"twitter:card\" content=\"summary_large_image\" \/>\n<meta name=\"twitter:label1\" content=\"\u00c9crit par\" \/>\n\t<meta name=\"twitter:data1\" content=\"libna\" \/>\n\t<meta name=\"twitter:label2\" content=\"Dur\u00e9e de lecture estim\u00e9e\" \/>\n\t<meta name=\"twitter:data2\" content=\"4 minutes\" \/>\n<script type=\"application\/ld+json\" class=\"yoast-schema-graph\">{\"@context\":\"https:\\\/\\\/schema.org\",\"@graph\":[{\"@type\":\"Article\",\"@id\":\"https:\\\/\\\/interamerica.org\\\/fr\\\/2022\\\/09\\\/une-mega-chorale-de-24-000-personnes-pour-magnifier-une-celebration-adventiste\\\/#article\",\"isPartOf\":{\"@id\":\"https:\\\/\\\/interamerica.org\\\/fr\\\/2022\\\/09\\\/une-mega-chorale-de-24-000-personnes-pour-magnifier-une-celebration-adventiste\\\/\"},\"author\":{\"name\":\"libna\",\"@id\":\"https:\\\/\\\/interamerica.org\\\/fr\\\/#\\\/schema\\\/person\\\/29998f2bc2d8bd0d38662909289b54f1\"},\"headline\":\"Une m\u00e9ga-chorale de 24 000 personnes pour magnifier une c\u00e9l\u00e9bration adventiste\",\"datePublished\":\"2022-09-07T14:26:21+00:00\",\"dateModified\":\"2022-09-09T03:51:43+00:00\",\"mainEntityOfPage\":{\"@id\":\"https:\\\/\\\/interamerica.org\\\/fr\\\/2022\\\/09\\\/une-mega-chorale-de-24-000-personnes-pour-magnifier-une-celebration-adventiste\\\/\"},\"wordCount\":930,\"image\":{\"@id\":\"https:\\\/\\\/interamerica.org\\\/fr\\\/2022\\\/09\\\/une-mega-chorale-de-24-000-personnes-pour-magnifier-une-celebration-adventiste\\\/#primaryimage\"},\"thumbnailUrl\":\"https:\\\/\\\/interamerica.org\\\/wp-content\\\/uploads\\\/2022\\\/09\\\/igreja-adventista-celebra-100-anos.jpeg\",\"articleSection\":[\"Nouvelles de l'\u00c9glise mondiale\",\"RSS Fran\u00e7ais\"],\"inLanguage\":\"fr-FR\"},{\"@type\":\"WebPage\",\"@id\":\"https:\\\/\\\/interamerica.org\\\/fr\\\/2022\\\/09\\\/une-mega-chorale-de-24-000-personnes-pour-magnifier-une-celebration-adventiste\\\/\",\"url\":\"https:\\\/\\\/interamerica.org\\\/fr\\\/2022\\\/09\\\/une-mega-chorale-de-24-000-personnes-pour-magnifier-une-celebration-adventiste\\\/\",\"name\":\"Une m\u00e9ga-chorale de 24 000 personnes pour magnifier une c\u00e9l\u00e9bration adventiste - \u00c9glise Adventiste Du Septieme Jour - Inter Am\u00e9rique Division\",\"isPartOf\":{\"@id\":\"https:\\\/\\\/interamerica.org\\\/fr\\\/#website\"},\"primaryImageOfPage\":{\"@id\":\"https:\\\/\\\/interamerica.org\\\/fr\\\/2022\\\/09\\\/une-mega-chorale-de-24-000-personnes-pour-magnifier-une-celebration-adventiste\\\/#primaryimage\"},\"image\":{\"@id\":\"https:\\\/\\\/interamerica.org\\\/fr\\\/2022\\\/09\\\/une-mega-chorale-de-24-000-personnes-pour-magnifier-une-celebration-adventiste\\\/#primaryimage\"},\"thumbnailUrl\":\"https:\\\/\\\/interamerica.org\\\/wp-content\\\/uploads\\\/2022\\\/09\\\/igreja-adventista-celebra-100-anos.jpeg\",\"datePublished\":\"2022-09-07T14:26:21+00:00\",\"dateModified\":\"2022-09-09T03:51:43+00:00\",\"author\":{\"@id\":\"https:\\\/\\\/interamerica.org\\\/fr\\\/#\\\/schema\\\/person\\\/29998f2bc2d8bd0d38662909289b54f1\"},\"breadcrumb\":{\"@id\":\"https:\\\/\\\/interamerica.org\\\/fr\\\/2022\\\/09\\\/une-mega-chorale-de-24-000-personnes-pour-magnifier-une-celebration-adventiste\\\/#breadcrumb\"},\"inLanguage\":\"fr-FR\",\"potentialAction\":[{\"@type\":\"ReadAction\",\"target\":[\"https:\\\/\\\/interamerica.org\\\/fr\\\/2022\\\/09\\\/une-mega-chorale-de-24-000-personnes-pour-magnifier-une-celebration-adventiste\\\/\"]}]},{\"@type\":\"ImageObject\",\"inLanguage\":\"fr-FR\",\"@id\":\"https:\\\/\\\/interamerica.org\\\/fr\\\/2022\\\/09\\\/une-mega-chorale-de-24-000-personnes-pour-magnifier-une-celebration-adventiste\\\/#primaryimage\",\"url\":\"https:\\\/\\\/interamerica.org\\\/wp-content\\\/uploads\\\/2022\\\/09\\\/igreja-adventista-celebra-100-anos.jpeg\",\"contentUrl\":\"https:\\\/\\\/interamerica.org\\\/wp-content\\\/uploads\\\/2022\\\/09\\\/igreja-adventista-celebra-100-anos.jpeg\",\"width\":1280,\"height\":700,\"caption\":\"[Une photo du d\u00e9partement des actualit\u00e9s de la Division sud-am\u00e9ricaine]\"},{\"@type\":\"BreadcrumbList\",\"@id\":\"https:\\\/\\\/interamerica.org\\\/fr\\\/2022\\\/09\\\/une-mega-chorale-de-24-000-personnes-pour-magnifier-une-celebration-adventiste\\\/#breadcrumb\",\"itemListElement\":[{\"@type\":\"ListItem\",\"position\":1,\"name\":\"Home\",\"item\":\"https:\\\/\\\/interamerica.org\\\/fr\\\/\"},{\"@type\":\"ListItem\",\"position\":2,\"name\":\"Une m\u00e9ga-chorale de 24 000 personnes pour magnifier une c\u00e9l\u00e9bration adventiste\"}]},{\"@type\":\"WebSite\",\"@id\":\"https:\\\/\\\/interamerica.org\\\/fr\\\/#website\",\"url\":\"https:\\\/\\\/interamerica.org\\\/fr\\\/\",\"name\":\"\u00c9glise Adventiste Du Septieme Jour - Inter Am\u00e9rique Division\",\"description\":\"\",\"potentialAction\":[{\"@type\":\"SearchAction\",\"target\":{\"@type\":\"EntryPoint\",\"urlTemplate\":\"https:\\\/\\\/interamerica.org\\\/fr\\\/?s={search_term_string}\"},\"query-input\":{\"@type\":\"PropertyValueSpecification\",\"valueRequired\":true,\"valueName\":\"search_term_string\"}}],\"inLanguage\":\"fr-FR\"},{\"@type\":\"Person\",\"@id\":\"https:\\\/\\\/interamerica.org\\\/fr\\\/#\\\/schema\\\/person\\\/29998f2bc2d8bd0d38662909289b54f1\",\"name\":\"libna\",\"image\":{\"@type\":\"ImageObject\",\"inLanguage\":\"fr-FR\",\"@id\":\"https:\\\/\\\/secure.gravatar.com\\\/avatar\\\/7c5bd30ae4b47a9ba3c856590957fd1d96dc588bf3ac05719d247e126840331f?s=96&d=mm&r=g\",\"url\":\"https:\\\/\\\/secure.gravatar.com\\\/avatar\\\/7c5bd30ae4b47a9ba3c856590957fd1d96dc588bf3ac05719d247e126840331f?s=96&d=mm&r=g\",\"contentUrl\":\"https:\\\/\\\/secure.gravatar.com\\\/avatar\\\/7c5bd30ae4b47a9ba3c856590957fd1d96dc588bf3ac05719d247e126840331f?s=96&d=mm&r=g\",\"caption\":\"libna\"}}]}<\/script>\n<!-- \/ Yoast SEO plugin. -->","yoast_head_json":{"title":"Une m\u00e9ga-chorale de 24 000 personnes pour magnifier une c\u00e9l\u00e9bration adventiste - \u00c9glise Adventiste Du Septieme Jour - Inter Am\u00e9rique Division","robots":{"index":"index","follow":"follow","max-snippet":"max-snippet:-1","max-image-preview":"max-image-preview:large","max-video-preview":"max-video-preview:-1"},"canonical":"https:\/\/interamerica.org\/fr\/2022\/09\/une-mega-chorale-de-24-000-personnes-pour-magnifier-une-celebration-adventiste\/","og_locale":"fr_FR","og_type":"article","og_title":"Une m\u00e9ga-chorale de 24 000 personnes pour magnifier une c\u00e9l\u00e9bration adventiste - \u00c9glise Adventiste Du Septieme Jour - Inter Am\u00e9rique Division","og_description":"Des membres et des dirigeants louent Dieu pour le centi\u00e8me anniversaire de l\u2019\u00c9glise \u00e0 S\u00e3o Paulo, au Br\u00e9sil. Le 7 septembre 2022 | S\u00e3o Paulo, Br\u00e9sil | L\u00f3ren Vidal pour...","og_url":"https:\/\/interamerica.org\/fr\/2022\/09\/une-mega-chorale-de-24-000-personnes-pour-magnifier-une-celebration-adventiste\/","og_site_name":"\u00c9glise Adventiste Du Septieme Jour - Inter Am\u00e9rique Division","article_published_time":"2022-09-07T14:26:21+00:00","article_modified_time":"2022-09-09T03:51:43+00:00","og_image":[{"width":1280,"height":700,"url":"https:\/\/interamerica.org\/wp-content\/uploads\/2022\/09\/igreja-adventista-celebra-100-anos.jpeg","type":"image\/jpeg"}],"author":"libna","twitter_card":"summary_large_image","twitter_misc":{"\u00c9crit par":"libna","Dur\u00e9e de lecture estim\u00e9e":"4 minutes"},"schema":{"@context":"https:\/\/schema.org","@graph":[{"@type":"Article","@id":"https:\/\/interamerica.org\/fr\/2022\/09\/une-mega-chorale-de-24-000-personnes-pour-magnifier-une-celebration-adventiste\/#article","isPartOf":{"@id":"https:\/\/interamerica.org\/fr\/2022\/09\/une-mega-chorale-de-24-000-personnes-pour-magnifier-une-celebration-adventiste\/"},"author":{"name":"libna","@id":"https:\/\/interamerica.org\/fr\/#\/schema\/person\/29998f2bc2d8bd0d38662909289b54f1"},"headline":"Une m\u00e9ga-chorale de 24 000 personnes pour magnifier une c\u00e9l\u00e9bration adventiste","datePublished":"2022-09-07T14:26:21+00:00","dateModified":"2022-09-09T03:51:43+00:00","mainEntityOfPage":{"@id":"https:\/\/interamerica.org\/fr\/2022\/09\/une-mega-chorale-de-24-000-personnes-pour-magnifier-une-celebration-adventiste\/"},"wordCount":930,"image":{"@id":"https:\/\/interamerica.org\/fr\/2022\/09\/une-mega-chorale-de-24-000-personnes-pour-magnifier-une-celebration-adventiste\/#primaryimage"},"thumbnailUrl":"https:\/\/interamerica.org\/wp-content\/uploads\/2022\/09\/igreja-adventista-celebra-100-anos.jpeg","articleSection":["Nouvelles de l'\u00c9glise mondiale","RSS Fran\u00e7ais"],"inLanguage":"fr-FR"},{"@type":"WebPage","@id":"https:\/\/interamerica.org\/fr\/2022\/09\/une-mega-chorale-de-24-000-personnes-pour-magnifier-une-celebration-adventiste\/","url":"https:\/\/interamerica.org\/fr\/2022\/09\/une-mega-chorale-de-24-000-personnes-pour-magnifier-une-celebration-adventiste\/","name":"Une m\u00e9ga-chorale de 24 000 personnes pour magnifier une c\u00e9l\u00e9bration adventiste - \u00c9glise Adventiste Du Septieme Jour - Inter Am\u00e9rique Division","isPartOf":{"@id":"https:\/\/interamerica.org\/fr\/#website"},"primaryImageOfPage":{"@id":"https:\/\/interamerica.org\/fr\/2022\/09\/une-mega-chorale-de-24-000-personnes-pour-magnifier-une-celebration-adventiste\/#primaryimage"},"image":{"@id":"https:\/\/interamerica.org\/fr\/2022\/09\/une-mega-chorale-de-24-000-personnes-pour-magnifier-une-celebration-adventiste\/#primaryimage"},"thumbnailUrl":"https:\/\/interamerica.org\/wp-content\/uploads\/2022\/09\/igreja-adventista-celebra-100-anos.jpeg","datePublished":"2022-09-07T14:26:21+00:00","dateModified":"2022-09-09T03:51:43+00:00","author":{"@id":"https:\/\/interamerica.org\/fr\/#\/schema\/person\/29998f2bc2d8bd0d38662909289b54f1"},"breadcrumb":{"@id":"https:\/\/interamerica.org\/fr\/2022\/09\/une-mega-chorale-de-24-000-personnes-pour-magnifier-une-celebration-adventiste\/#breadcrumb"},"inLanguage":"fr-FR","potentialAction":[{"@type":"ReadAction","target":["https:\/\/interamerica.org\/fr\/2022\/09\/une-mega-chorale-de-24-000-personnes-pour-magnifier-une-celebration-adventiste\/"]}]},{"@type":"ImageObject","inLanguage":"fr-FR","@id":"https:\/\/interamerica.org\/fr\/2022\/09\/une-mega-chorale-de-24-000-personnes-pour-magnifier-une-celebration-adventiste\/#primaryimage","url":"https:\/\/interamerica.org\/wp-content\/uploads\/2022\/09\/igreja-adventista-celebra-100-anos.jpeg","contentUrl":"https:\/\/interamerica.org\/wp-content\/uploads\/2022\/09\/igreja-adventista-celebra-100-anos.jpeg","width":1280,"height":700,"caption":"[Une photo du d\u00e9partement des actualit\u00e9s de la Division sud-am\u00e9ricaine]"},{"@type":"BreadcrumbList","@id":"https:\/\/interamerica.org\/fr\/2022\/09\/une-mega-chorale-de-24-000-personnes-pour-magnifier-une-celebration-adventiste\/#breadcrumb","itemListElement":[{"@type":"ListItem","position":1,"name":"Home","item":"https:\/\/interamerica.org\/fr\/"},{"@type":"ListItem","position":2,"name":"Une m\u00e9ga-chorale de 24 000 personnes pour magnifier une c\u00e9l\u00e9bration adventiste"}]},{"@type":"WebSite","@id":"https:\/\/interamerica.org\/fr\/#website","url":"https:\/\/interamerica.org\/fr\/","name":"\u00c9glise Adventiste Du Septieme Jour - Inter Am\u00e9rique Division","description":"","potentialAction":[{"@type":"SearchAction","target":{"@type":"EntryPoint","urlTemplate":"https:\/\/interamerica.org\/fr\/?s={search_term_string}"},"query-input":{"@type":"PropertyValueSpecification","valueRequired":true,"valueName":"search_term_string"}}],"inLanguage":"fr-FR"},{"@type":"Person","@id":"https:\/\/interamerica.org\/fr\/#\/schema\/person\/29998f2bc2d8bd0d38662909289b54f1","name":"libna","image":{"@type":"ImageObject","inLanguage":"fr-FR","@id":"https:\/\/secure.gravatar.com\/avatar\/7c5bd30ae4b47a9ba3c856590957fd1d96dc588bf3ac05719d247e126840331f?s=96&d=mm&r=g","url":"https:\/\/secure.gravatar.com\/avatar\/7c5bd30ae4b47a9ba3c856590957fd1d96dc588bf3ac05719d247e126840331f?s=96&d=mm&r=g","contentUrl":"https:\/\/secure.gravatar.com\/avatar\/7c5bd30ae4b47a9ba3c856590957fd1d96dc588bf3ac05719d247e126840331f?s=96&d=mm&r=g","caption":"libna"}}]}},"_links":{"self":[{"href":"https:\/\/interamerica.org\/fr\/wp-json\/wp\/v2\/posts\/89399","targetHints":{"allow":["GET"]}}],"collection":[{"href":"https:\/\/interamerica.org\/fr\/wp-json\/wp\/v2\/posts"}],"about":[{"href":"https:\/\/interamerica.org\/fr\/wp-json\/wp\/v2\/types\/post"}],"author":[{"embeddable":true,"href":"https:\/\/interamerica.org\/fr\/wp-json\/wp\/v2\/users\/3"}],"replies":[{"embeddable":true,"href":"https:\/\/interamerica.org\/fr\/wp-json\/wp\/v2\/comments?post=89399"}],"version-history":[{"count":0,"href":"https:\/\/interamerica.org\/fr\/wp-json\/wp\/v2\/posts\/89399\/revisions"}],"wp:featuredmedia":[{"embeddable":true,"href":"https:\/\/interamerica.org\/fr\/wp-json\/wp\/v2\/media\/89298"}],"wp:attachment":[{"href":"https:\/\/interamerica.org\/fr\/wp-json\/wp\/v2\/media?parent=89399"}],"wp:term":[{"taxonomy":"category","embeddable":true,"href":"https:\/\/interamerica.org\/fr\/wp-json\/wp\/v2\/categories?post=89399"},{"taxonomy":"post_tag","embeddable":true,"href":"https:\/\/interamerica.org\/fr\/wp-json\/wp\/v2\/tags?post=89399"}],"curies":[{"name":"wp","href":"https:\/\/api.w.org\/{rel}","templated":true}]}}