{"id":89478,"date":"2022-09-08T16:11:14","date_gmt":"2022-09-08T20:11:14","guid":{"rendered":"https:\/\/interamerica.org\/?p=89478"},"modified":"2022-09-09T21:37:41","modified_gmt":"2022-09-10T01:37:41","slug":"les-adventistes-disent-non-a-la-violence-a-travers-linter-amerique","status":"publish","type":"post","link":"https:\/\/interamerica.org\/fr\/2022\/09\/les-adventistes-disent-non-a-la-violence-a-travers-linter-amerique\/","title":{"rendered":"Les adventistes disent \u00ab Non \u00e0 la Violence \u00bb \u00e0 travers l\u2019Inter Am\u00e9rique"},"content":{"rendered":"<p><div id=\"attachment_89369\" style=\"width: 859px\" class=\"wp-caption aligncenter\"><img fetchpriority=\"high\" decoding=\"async\" aria-describedby=\"caption-attachment-89369\" class=\" wp-image-89369\" src=\"https:\/\/interamerica.org\/wp-content\/uploads\/2022\/09\/enditnow-guatemala-southmission.jpg\" alt=\"\" width=\"849\" height=\"637\" srcset=\"https:\/\/interamerica.org\/wp-content\/uploads\/2022\/09\/enditnow-guatemala-southmission.jpg 900w, https:\/\/interamerica.org\/wp-content\/uploads\/2022\/09\/enditnow-guatemala-southmission-300x225.jpg 300w, https:\/\/interamerica.org\/wp-content\/uploads\/2022\/09\/enditnow-guatemala-southmission-768x576.jpg 768w\" sizes=\"(max-width: 849px) 100vw, 849px\" \/><p id=\"caption-attachment-89369\" class=\"wp-caption-text\">Des centaines de personnes d\u00e9filent avec des pancartes et des affiches contenant des messages contre la violence dans le district de Palmar \u00e0 San Francisco Vela dans le sud du Guatemala dans le cadre de la campagne annuelle mondiale Enditnow le 27 ao\u00fbt 2022. Des milliers de personnes \u00e0 travers le territoire de la Division Inter Am\u00e9ricaine sont descendues dans les rues pour plaider contre la violence fr\u00e9quente contre les femmes et les enfants dans leurs communaut\u00e9s. [Photo : Union du Guatemala]<\/p><\/div>8 Septembre 2022 | Miami, Floride, \u00c9tats-Unis | Libna Stevens, Actualit\u00e9s de la Division Inter Am\u00e9ricaine<\/p>\n<p>Les adventistes du septi\u00e8me jour dans toute la Division Inter Am\u00e9ricaine (DIA) ont appel\u00e9 \u00e0 la fin de la violence lors de la campagne \u00ab Enditnow \u00bb qui a eu lieu r\u00e9cemment. <strong><a href=\"https:\/\/women.adventist.org\/enditnow-day\">Enditnow<\/a><\/strong>\u00a0est une initiative mondiale annuelle visant \u00e0 sensibiliser et \u00e0 plaider pour la fin de la violence. Son objectif est de mobiliser les adventistes du septi\u00e8me jour du monde entier et d\u2019inviter d\u2019autres groupes communautaires \u00e0 se joindre \u00e0 eux pour r\u00e9soudre ce probl\u00e8me mondial.<\/p>\n<p>Des milliers de personnes ont d\u00e9fil\u00e9 dans les rues le 27 ao\u00fbt au Mexique, en Am\u00e9rique Centrale, dans la Cara\u00efbe et au Venezuela pour prendre position contre la violence faite aux femmes et aux enfants.<\/p>\n<p><div id=\"attachment_89360\" style=\"width: 814px\" class=\"wp-caption aligncenter\"><img decoding=\"async\" aria-describedby=\"caption-attachment-89360\" class=\"wp-image-89360\" src=\"https:\/\/interamerica.org\/wp-content\/uploads\/2022\/09\/enditnow-guatemala-west.jpg\" alt=\"\" width=\"804\" height=\"564\" srcset=\"https:\/\/interamerica.org\/wp-content\/uploads\/2022\/09\/enditnow-guatemala-west.jpg 900w, https:\/\/interamerica.org\/wp-content\/uploads\/2022\/09\/enditnow-guatemala-west-300x210.jpg 300w, https:\/\/interamerica.org\/wp-content\/uploads\/2022\/09\/enditnow-guatemala-west-768x538.jpg 768w\" sizes=\"(max-width: 804px) 100vw, 804px\" \/><p id=\"caption-attachment-89360\" class=\"wp-caption-text\">Des jeunes filles et des femmes de toute la partie ouest du Guatemala d\u00e9filent avec des messages de l\u2019initiative Enditnow organis\u00e9e par l\u2019\u00c9glise adventiste. [Photo : Union du Guatemala]<\/p><\/div>Depuis plus d\u2019une d\u00e9cennie, la DIA favorise la prise de conscience et engage les membres d\u2019\u00e9glise dans la r\u00e9solution de ce probl\u00e8me r\u00e9pandu de la violence qui infiltre la soci\u00e9t\u00e9 aujourd\u2019hui, non seulement dans les communaut\u00e9s mais aussi dans l\u2019\u00e9glise, a d\u00e9clar\u00e9 Edith Ruiz de Espinoza, directrice des minist\u00e8res de la femme pour l\u2019\u00c9glise adventiste en Inter Am\u00e9rique.<\/p>\n<p>Cette ann\u00e9e, les responsables du minist\u00e8re de la femme se sont concentr\u00e9es sur la mise en lumi\u00e8re de \u00ab l\u2019abus de pouvoir \u00bb qui peut \u00eatre difficile \u00e0 traiter et dont on ne parle g\u00e9n\u00e9ralement pas \u00e0 l\u2019\u00e9glise, a dit Edith Espinoza. \u00ab L\u2019utilisation excessive ou inappropri\u00e9e de l\u2019autorit\u00e9, qui peut inclure le manque d\u2019empathie, la coercition, le fait de n\u00e9gliger les autres et la manipulation des besoins de quelqu\u2019un, d\u00e9finit l\u2019abus de pouvoir, \u00bb a-t-elle d\u00e9clar\u00e9. \u00ab D\u00e9tecter un abus de pouvoir peut \u00eatre observ\u00e9 lorsque les autres ne respectent pas vos limites ou vos croyances, lorsqu\u2019il y a humiliation, extorsion ou intimidation. \u00bb En tant que chr\u00e9tiens, il est important de dire quelque chose ou de parler \u00e0 quelqu\u2019un lorsque des abus sont constat\u00e9s ou ressentis, a-t-elle d\u00e9clar\u00e9.<\/p>\n<p><div id=\"attachment_89350\" style=\"width: 827px\" class=\"wp-caption aligncenter\"><img decoding=\"async\" aria-describedby=\"caption-attachment-89350\" class=\" wp-image-89350\" src=\"https:\/\/interamerica.org\/wp-content\/uploads\/2022\/09\/enditnow-eastvenez-outdoorgroup.jpg\" alt=\"\" width=\"817\" height=\"468\" srcset=\"https:\/\/interamerica.org\/wp-content\/uploads\/2022\/09\/enditnow-eastvenez-outdoorgroup.jpg 930w, https:\/\/interamerica.org\/wp-content\/uploads\/2022\/09\/enditnow-eastvenez-outdoorgroup-300x172.jpg 300w, https:\/\/interamerica.org\/wp-content\/uploads\/2022\/09\/enditnow-eastvenez-outdoorgroup-768x440.jpg 768w\" sizes=\"(max-width: 817px) 100vw, 817px\" \/><p id=\"caption-attachment-89350\" class=\"wp-caption-text\">Un petit groupe dans l\u2019Est du Venezuela rassemble des voisins pour consid\u00e9rer comment pr\u00e9venir et aider ceux qui pourraient \u00eatre victimes de violence pendant une semaine de campagne de sensibilisation Enditnow du 20 au 27 ao\u00fbt 2022. [Photo : Union de l\u2019Est du Venezuela]<\/p><\/div><strong>Dans les \u00e9glises adventistes<\/strong><\/p>\n<p>Des milliers de personnes se sont r\u00e9unies dans des centaines d\u2019\u00e9glises de l\u2019Union de l\u2019Est du Venezuela pour une semaine de r\u00e9unions, de s\u00e9minaires et d\u2019activit\u00e9s d\u2019impact communautaire autour de Enditnow du 20 au 27 ao\u00fbt 2022. \u00ab Nous avons parl\u00e9 de messages pertinents comme la fa\u00e7on de reconna\u00eetre et de pr\u00e9venir la maltraitance des enfants et la violence dans le mariage, \u00bb a d\u00e9clar\u00e9 Raquel Medina de Paredes, directrice du minist\u00e8re de la femme pour l\u2019Union de l\u2019Est du Venezuela. \u00ab Nous avons voulu nous concentrer sur l\u2019organisation de marches et sur la sensibilisation en tant que groupe collectif et de mani\u00e8re personnelle dans les communaut\u00e9s les plus vuln\u00e9rables, \u00bb a-t-elle dit.<\/p>\n<p>La semaine comprenait des programmes radiophoniques sur l\u2019identification et la pr\u00e9vention des abus de pouvoir ainsi que la distribution de publications sur les abus, et la mise en lumi\u00e8re de pr\u00e9sentations et de messages via les plateformes des r\u00e9seaux sociaux.<\/p>\n<p><div id=\"attachment_89347\" style=\"width: 823px\" class=\"wp-caption aligncenter\"><img loading=\"lazy\" decoding=\"async\" aria-describedby=\"caption-attachment-89347\" class=\" wp-image-89347\" src=\"https:\/\/interamerica.org\/wp-content\/uploads\/2022\/09\/enditnow-eastvenez-church.jpg\" alt=\"\" width=\"813\" height=\"476\" srcset=\"https:\/\/interamerica.org\/wp-content\/uploads\/2022\/09\/enditnow-eastvenez-church.jpg 900w, https:\/\/interamerica.org\/wp-content\/uploads\/2022\/09\/enditnow-eastvenez-church-300x176.jpg 300w, https:\/\/interamerica.org\/wp-content\/uploads\/2022\/09\/enditnow-eastvenez-church-768x450.jpg 768w\" sizes=\"(max-width: 813px) 100vw, 813px\" \/><p id=\"caption-attachment-89347\" class=\"wp-caption-text\">Les membres d\u2019\u00e9glise affichent leurs posters Enditnow avant d\u2019aller d\u00e9filer dans leur communaut\u00e9 le 27 ao\u00fbt 2022. [Photo : Union de l\u2019Est du Venezuela]<\/p><\/div>\u00ab Nous vivons dans un monde plein de peur et de maltraitance et nous voulons qu\u2019il y ait de la paix dans les foyers, dans nos \u00e9glises et, surtout, dans nos vies, \u00bb a d\u00e9clar\u00e9 Reina Longart, directrice des minist\u00e8res de la femme pour la F\u00e9d\u00e9ration du Sud-Est du Venezuela. Les programmes radio qui ont \u00e9t\u00e9 diffus\u00e9s expliquant la maltraitance existante, qu\u2019elle soit physique, psychologique et \u00e9motionnelle, ont connu un grand succ\u00e8s, a-t-elle ajout\u00e9. \u00ab C\u2019est le moment d\u2019aimer davantage, de comprendre que nos foyers devraient \u00eatre un petit coin de paradis sur terre. \u00bb<\/p>\n<p><strong>Dans les rues<\/strong><\/p>\n<p>Dans le Chiapas, au Mexique, des centaines de femmes sont descendues dans la rue non seulement avec des pancartes et des affiches invitant \u00e0 la fin de la violence, mais aussi avec des sacs de nourriture et de publications \u00e0 distribuer dans la communaut\u00e9. Les femmes ont visit\u00e9 les malades dans les h\u00f4pitaux, ont apport\u00e9 des cadeaux, ont chant\u00e9 et pri\u00e9 avec eux. L\u2019impact de la journ\u00e9e autour du th\u00e8me Enditnow a vu les adventistes du septi\u00e8me jour distribuer \u00e9galement de l\u2019eau, des repas et des v\u00eatements. Ils ont \u00e9galement pri\u00e9 avec les passants et ont propos\u00e9 des examens m\u00e9dicaux gratuits aux familles \u00e0 faible revenu dans des dizaines de communaut\u00e9s.<\/p>\n<p><div id=\"attachment_89357\" style=\"width: 827px\" class=\"wp-caption aligncenter\"><img loading=\"lazy\" decoding=\"async\" aria-describedby=\"caption-attachment-89357\" class=\" wp-image-89357\" src=\"https:\/\/interamerica.org\/wp-content\/uploads\/2022\/09\/enditnow-chiapas.jpg\" alt=\"\" width=\"817\" height=\"613\" srcset=\"https:\/\/interamerica.org\/wp-content\/uploads\/2022\/09\/enditnow-chiapas.jpg 960w, https:\/\/interamerica.org\/wp-content\/uploads\/2022\/09\/enditnow-chiapas-300x225.jpg 300w, https:\/\/interamerica.org\/wp-content\/uploads\/2022\/09\/enditnow-chiapas-768x576.jpg 768w\" sizes=\"(max-width: 817px) 100vw, 817px\" \/><p id=\"caption-attachment-89357\" class=\"wp-caption-text\">Des femmes dans l\u2019\u00e9tat du Chiapas d\u00e9filent dans les rues de leur communaut\u00e9, distribuent des publications aux passants et visitent les foyers, le 27 ao\u00fbt 2022. [Photo : Union Mexicaine du Chiapas]<\/p><\/div>\u00ab C\u2019est une grande joie de voir autant de nos membres impliqu\u00e9s dans cette importante initiative pour atteindre un grand nombre de femmes et d\u2019enfants qui ont besoin d\u2019aide pour faire face \u00e0 la maltraitance et pour les encourager dans la d\u00e9marche d\u2019arr\u00eat de la violence, \u00bb a d\u00e9clar\u00e9 Laura Minelly Ruiz, directrice du minist\u00e8re de la femme pour l\u2019Union Mexicaine du Chiapas.<\/p>\n<p>Le Guatemala a \u00e9galement vu des centaines de membres jeunes et moins jeunes diffuser le message Enditnow dans chacune des huit f\u00e9d\u00e9rations et missions g\u00e9r\u00e9es par l\u2019\u00c9glise adventiste.<\/p>\n<p>\u00ab Chaque ann\u00e9e, les statistiques sur la violence contre les femmes et les enfants sont tr\u00e8s alarmantes, \u00bb a indiqu\u00e9 Lety Mart\u00ednez, directrice des minist\u00e8res de la femme pour l\u2019Union du Guatemala. \u00ab Il y a en moyenne 27 homicides pour 100000 habitants au Guatemala, selon un r\u00e9cent rapport national. \u00bb Sur les 363 homicides signal\u00e9s en janvier, 54 victimes \u00e9taient des femmes, a-t-elle d\u00e9clar\u00e9. \u00ab C\u2019est une chose alarmante que le Guatemala ait enregistr\u00e9 un total de 652 f\u00e9minicides, soit 28 pour cent de plus qu\u2019en 2020. Il \u00e9tait important de continuer \u00e0 sensibiliser en tant qu\u2019\u00c9glise dans tout notre pays. \u00bb<\/p>\n<p><div id=\"attachment_89354\" style=\"width: 841px\" class=\"wp-caption aligncenter\"><img loading=\"lazy\" decoding=\"async\" aria-describedby=\"caption-attachment-89354\" class=\" wp-image-89354\" src=\"https:\/\/interamerica.org\/wp-content\/uploads\/2022\/09\/enditnow-chiapas-clothes.jpg\" alt=\"\" width=\"831\" height=\"623\" srcset=\"https:\/\/interamerica.org\/wp-content\/uploads\/2022\/09\/enditnow-chiapas-clothes.jpg 900w, https:\/\/interamerica.org\/wp-content\/uploads\/2022\/09\/enditnow-chiapas-clothes-300x225.jpg 300w, https:\/\/interamerica.org\/wp-content\/uploads\/2022\/09\/enditnow-chiapas-clothes-768x576.jpg 768w\" sizes=\"(max-width: 831px) 100vw, 831px\" \/><p id=\"caption-attachment-89354\" class=\"wp-caption-text\">Les dirigeantes du minist\u00e8re de la femme dans le Chiapas, au Mexique, trient les v\u00eatements pour les distribuer dans une communaut\u00e9 n\u00e9cessiteuse dans le cadre des marches Enditnow organis\u00e9es dans tout l\u2019\u00e9tat le 27 ao\u00fbt 2022. [Photo : Union Mexicaine du Chiapas]<\/p><\/div>Les \u00e9glises adventistes ont organis\u00e9 des s\u00e9minaires et des programmes sp\u00e9ciaux sur la fa\u00e7on d\u2019identifier et de pr\u00e9venir les abus, et sur la mani\u00e8re de rechercher de l\u2019aide et du soutien.<\/p>\n<p>Les stations de radio g\u00e9r\u00e9es par l\u2019\u00c9glise adventiste au Costa Rica et au Nicaragua ont diffus\u00e9 des programmes sur la fin de la violence.<\/p>\n<p><strong>Dans les communaut\u00e9s<\/strong><\/p>\n<p>Les membres d\u2019\u00e9glise dans les \u00eeles de la Cara\u00efbe ont d\u00e9fil\u00e9 dans les rues contre la violence domestique et les abus sous toutes leurs formes. Les membres d\u2019\u00e9glise \u00e0 Saint-Vincent-et-les Grenadines ont d\u00e9fil\u00e9 et organis\u00e9 un rassemblement. Ils ont parl\u00e9 de l\u2019engagement de l\u2019\u00e9glise dans la d\u00e9marche visant mettre un terme \u00e0 la violence contre les femmes et les enfants &#8211; et pas seulement lors de la campagne annuelle Enditnow.<\/p>\n<p>A Antigue, Les \u00c9claireurs ont d\u00e9fil\u00e9 dans les principales rues pour dire non \u00e0 la violence sous toutes ses formes en portant des pancartes et des affiches.<\/p>\n<p><div id=\"attachment_89363\" style=\"width: 793px\" class=\"wp-caption aligncenter\"><img loading=\"lazy\" decoding=\"async\" aria-describedby=\"caption-attachment-89363\" class=\" wp-image-89363\" src=\"https:\/\/interamerica.org\/wp-content\/uploads\/2022\/09\/enditnow-antigua.jpg\" alt=\"\" width=\"783\" height=\"441\" srcset=\"https:\/\/interamerica.org\/wp-content\/uploads\/2022\/09\/enditnow-antigua.jpg 1000w, https:\/\/interamerica.org\/wp-content\/uploads\/2022\/09\/enditnow-antigua-300x169.jpg 300w, https:\/\/interamerica.org\/wp-content\/uploads\/2022\/09\/enditnow-antigua-768x432.jpg 768w\" sizes=\"(max-width: 783px) 100vw, 783px\" \/><p id=\"caption-attachment-89363\" class=\"wp-caption-text\">Des \u00e9claireurs sur l\u2019\u00eele d\u2019Antigue d\u00e9filent dans les rues principales contre la violence sous toutes ses formes. [Photo : F\u00e9d\u00e9ration des Iles sous le vent]<\/p><\/div><a href=\"https:\/\/interamerica.org\/2022\/09\/adventists-march-for-enditnow-across-the-bahamas-cayman-turks-and-caicos-islands\/\" data-saferedirecturl=\"https:\/\/www.google.com\/url?q=https:\/\/interamerica.org\/2022\/09\/adventists-march-for-enditnow-across-the-bahamas-cayman-turks-and-caicos-islands\/&amp;source=gmail&amp;ust=1662749116645000&amp;usg=AOvVaw0bCg-GbYmfxsx1X_EL226S\">Des centaines de personnes \u00e0 travers les Bahamas, les \u00eeles Ca\u00efmans et les \u00eeles Turks et Caicos sont descendues dans la rue et se sont rassembl\u00e9es lors de rallyes pr\u00f4nant la fin de la violence. <\/a>.<\/p>\n<p>En Jama\u00efque on a vu des centaines de chefs-guides et de dirigeants de jeunesse dans les rues pour sensibiliser et ainsi soutenir Enditnow.<\/p>\n<p>Les membres d\u2019\u00e9glise ont rejoint le groupe en uniforme \u00e0 Mandeville, \u00e0 Manchester, pour d\u00e9filer depuis l\u2019\u00e9glise adventiste du septi\u00e8me jour de Mandeville jusqu\u2019au centre-ville, distribuant des publications aux automobilistes et \u00e0 ceux qu\u2019ils croisaient en cours de route.<\/p>\n<p><div id=\"attachment_89343\" style=\"width: 811px\" class=\"wp-caption aligncenter\"><img loading=\"lazy\" decoding=\"async\" aria-describedby=\"caption-attachment-89343\" class=\" wp-image-89343\" src=\"https:\/\/interamerica.org\/wp-content\/uploads\/2022\/09\/enditnow-jamaica-masterguides.jpg\" alt=\"\" width=\"801\" height=\"601\" srcset=\"https:\/\/interamerica.org\/wp-content\/uploads\/2022\/09\/enditnow-jamaica-masterguides.jpg 900w, https:\/\/interamerica.org\/wp-content\/uploads\/2022\/09\/enditnow-jamaica-masterguides-300x225.jpg 300w, https:\/\/interamerica.org\/wp-content\/uploads\/2022\/09\/enditnow-jamaica-masterguides-768x576.jpg 768w\" sizes=\"(max-width: 801px) 100vw, 801px\" \/><p id=\"caption-attachment-89343\" class=\"wp-caption-text\">Des chefs-guides et des dirigeants de jeunesse en Jama\u00efque participent \u00e0 une marche Enditnow dans les rues de Mandeville, le 27 octobre 2022. [Photo : Union de la Jama\u00efque]<\/p><\/div>\u00ab Nous sommes ici pour dire non aux abus sous toutes leurs formes \u00e0 travers l\u2019initiative Enditnow, \u00bb a d\u00e9clar\u00e9 le pasteur Dane Fletcher, directeur des minist\u00e8res de la jeunesse pour l\u2019Union de la Jama\u00efque. Il est temps de mettre fin aux abus de pouvoir, \u00e0 la violence conjugale, \u00e0 la maltraitance des femmes et des enfants, a-t-il d\u00e9clar\u00e9. \u00ab Gr\u00e2ce \u00e0 vos efforts pour mettre fin \u00e0 la violence, ensemble, nous cr\u00e9erons une soci\u00e9t\u00e9 plus pacifique, unissons-nous et finissons-en maintenant. \u00bb<\/p>\n<p><em>Steven\u2019s Rosado, Yosainy Osaya, Gustavo Menendez et Ruth Ann Brown ont contribu\u00e9 \u00e0 cet article.<\/em><\/p>\n<p>Traduction: Patrick Luciathe<\/p>\n","protected":false},"excerpt":{"rendered":"<p>8 Septembre 2022 | Miami, Floride, \u00c9tats-Unis | Libna Stevens, Actualit\u00e9s de la Division Inter Am\u00e9ricaine Les adventistes du septi\u00e8me jour dans toute la Division Inter Am\u00e9ricaine (DIA) ont appel\u00e9&#8230;<\/p>\n","protected":false},"author":3,"featured_media":89369,"comment_status":"closed","ping_status":"closed","sticky":false,"template":"","format":"standard","meta":{"_acf_changed":false,"footnotes":""},"categories":[20,19],"tags":[],"class_list":["post-89478","post","type-post","status-publish","format-standard","has-post-thumbnail","hentry","category-nouvelles-du-siege-de-la-division","category-rss-francais"],"acf":[],"yoast_head":"<!-- This site is optimized with the Yoast SEO plugin v27.3 - https:\/\/yoast.com\/product\/yoast-seo-wordpress\/ -->\n<title>Les adventistes disent \u00ab Non \u00e0 la Violence \u00bb \u00e0 travers l\u2019Inter Am\u00e9rique - \u00c9glise Adventiste Du Septieme Jour - Inter Am\u00e9rique Division<\/title>\n<meta name=\"robots\" content=\"index, follow, max-snippet:-1, max-image-preview:large, max-video-preview:-1\" \/>\n<link rel=\"canonical\" href=\"https:\/\/interamerica.org\/fr\/2022\/09\/les-adventistes-disent-non-a-la-violence-a-travers-linter-amerique\/\" \/>\n<meta property=\"og:locale\" content=\"fr_FR\" \/>\n<meta property=\"og:type\" content=\"article\" \/>\n<meta property=\"og:title\" content=\"Les adventistes disent \u00ab Non \u00e0 la Violence \u00bb \u00e0 travers l\u2019Inter Am\u00e9rique - \u00c9glise Adventiste Du Septieme Jour - Inter Am\u00e9rique Division\" \/>\n<meta property=\"og:description\" content=\"8 Septembre 2022 | Miami, Floride, \u00c9tats-Unis | Libna Stevens, Actualit\u00e9s de la Division Inter Am\u00e9ricaine Les adventistes du septi\u00e8me jour dans toute la Division Inter Am\u00e9ricaine (DIA) ont appel\u00e9...\" \/>\n<meta property=\"og:url\" content=\"https:\/\/interamerica.org\/fr\/2022\/09\/les-adventistes-disent-non-a-la-violence-a-travers-linter-amerique\/\" \/>\n<meta property=\"og:site_name\" content=\"\u00c9glise Adventiste Du Septieme Jour - Inter Am\u00e9rique Division\" \/>\n<meta property=\"article:published_time\" content=\"2022-09-08T20:11:14+00:00\" \/>\n<meta property=\"article:modified_time\" content=\"2022-09-10T01:37:41+00:00\" \/>\n<meta property=\"og:image\" content=\"https:\/\/interamerica.org\/wp-content\/uploads\/2022\/09\/enditnow-guatemala-southmission.jpg\" \/>\n\t<meta property=\"og:image:width\" content=\"900\" \/>\n\t<meta property=\"og:image:height\" content=\"675\" \/>\n\t<meta property=\"og:image:type\" content=\"image\/jpeg\" \/>\n<meta name=\"author\" content=\"libna\" \/>\n<meta name=\"twitter:card\" content=\"summary_large_image\" \/>\n<meta name=\"twitter:label1\" content=\"\u00c9crit par\" \/>\n\t<meta name=\"twitter:data1\" content=\"libna\" \/>\n\t<meta name=\"twitter:label2\" content=\"Dur\u00e9e de lecture estim\u00e9e\" \/>\n\t<meta name=\"twitter:data2\" content=\"9 minutes\" \/>\n<script type=\"application\/ld+json\" class=\"yoast-schema-graph\">{\"@context\":\"https:\\\/\\\/schema.org\",\"@graph\":[{\"@type\":\"Article\",\"@id\":\"https:\\\/\\\/interamerica.org\\\/fr\\\/2022\\\/09\\\/les-adventistes-disent-non-a-la-violence-a-travers-linter-amerique\\\/#article\",\"isPartOf\":{\"@id\":\"https:\\\/\\\/interamerica.org\\\/fr\\\/2022\\\/09\\\/les-adventistes-disent-non-a-la-violence-a-travers-linter-amerique\\\/\"},\"author\":{\"name\":\"libna\",\"@id\":\"https:\\\/\\\/interamerica.org\\\/fr\\\/#\\\/schema\\\/person\\\/29998f2bc2d8bd0d38662909289b54f1\"},\"headline\":\"Les adventistes disent \u00ab Non \u00e0 la Violence \u00bb \u00e0 travers l\u2019Inter Am\u00e9rique\",\"datePublished\":\"2022-09-08T20:11:14+00:00\",\"dateModified\":\"2022-09-10T01:37:41+00:00\",\"mainEntityOfPage\":{\"@id\":\"https:\\\/\\\/interamerica.org\\\/fr\\\/2022\\\/09\\\/les-adventistes-disent-non-a-la-violence-a-travers-linter-amerique\\\/\"},\"wordCount\":1708,\"image\":{\"@id\":\"https:\\\/\\\/interamerica.org\\\/fr\\\/2022\\\/09\\\/les-adventistes-disent-non-a-la-violence-a-travers-linter-amerique\\\/#primaryimage\"},\"thumbnailUrl\":\"https:\\\/\\\/interamerica.org\\\/wp-content\\\/uploads\\\/2022\\\/09\\\/enditnow-guatemala-southmission.jpg\",\"articleSection\":[\"Nouvelles du si\u00e8ge de la division\",\"RSS Fran\u00e7ais\"],\"inLanguage\":\"fr-FR\"},{\"@type\":\"WebPage\",\"@id\":\"https:\\\/\\\/interamerica.org\\\/fr\\\/2022\\\/09\\\/les-adventistes-disent-non-a-la-violence-a-travers-linter-amerique\\\/\",\"url\":\"https:\\\/\\\/interamerica.org\\\/fr\\\/2022\\\/09\\\/les-adventistes-disent-non-a-la-violence-a-travers-linter-amerique\\\/\",\"name\":\"Les adventistes disent \u00ab Non \u00e0 la Violence \u00bb \u00e0 travers l\u2019Inter Am\u00e9rique - \u00c9glise Adventiste Du Septieme Jour - Inter Am\u00e9rique Division\",\"isPartOf\":{\"@id\":\"https:\\\/\\\/interamerica.org\\\/fr\\\/#website\"},\"primaryImageOfPage\":{\"@id\":\"https:\\\/\\\/interamerica.org\\\/fr\\\/2022\\\/09\\\/les-adventistes-disent-non-a-la-violence-a-travers-linter-amerique\\\/#primaryimage\"},\"image\":{\"@id\":\"https:\\\/\\\/interamerica.org\\\/fr\\\/2022\\\/09\\\/les-adventistes-disent-non-a-la-violence-a-travers-linter-amerique\\\/#primaryimage\"},\"thumbnailUrl\":\"https:\\\/\\\/interamerica.org\\\/wp-content\\\/uploads\\\/2022\\\/09\\\/enditnow-guatemala-southmission.jpg\",\"datePublished\":\"2022-09-08T20:11:14+00:00\",\"dateModified\":\"2022-09-10T01:37:41+00:00\",\"author\":{\"@id\":\"https:\\\/\\\/interamerica.org\\\/fr\\\/#\\\/schema\\\/person\\\/29998f2bc2d8bd0d38662909289b54f1\"},\"breadcrumb\":{\"@id\":\"https:\\\/\\\/interamerica.org\\\/fr\\\/2022\\\/09\\\/les-adventistes-disent-non-a-la-violence-a-travers-linter-amerique\\\/#breadcrumb\"},\"inLanguage\":\"fr-FR\",\"potentialAction\":[{\"@type\":\"ReadAction\",\"target\":[\"https:\\\/\\\/interamerica.org\\\/fr\\\/2022\\\/09\\\/les-adventistes-disent-non-a-la-violence-a-travers-linter-amerique\\\/\"]}]},{\"@type\":\"ImageObject\",\"inLanguage\":\"fr-FR\",\"@id\":\"https:\\\/\\\/interamerica.org\\\/fr\\\/2022\\\/09\\\/les-adventistes-disent-non-a-la-violence-a-travers-linter-amerique\\\/#primaryimage\",\"url\":\"https:\\\/\\\/interamerica.org\\\/wp-content\\\/uploads\\\/2022\\\/09\\\/enditnow-guatemala-southmission.jpg\",\"contentUrl\":\"https:\\\/\\\/interamerica.org\\\/wp-content\\\/uploads\\\/2022\\\/09\\\/enditnow-guatemala-southmission.jpg\",\"width\":900,\"height\":675,\"caption\":\"[Photo: Union du Guatemala]\"},{\"@type\":\"BreadcrumbList\",\"@id\":\"https:\\\/\\\/interamerica.org\\\/fr\\\/2022\\\/09\\\/les-adventistes-disent-non-a-la-violence-a-travers-linter-amerique\\\/#breadcrumb\",\"itemListElement\":[{\"@type\":\"ListItem\",\"position\":1,\"name\":\"Home\",\"item\":\"https:\\\/\\\/interamerica.org\\\/fr\\\/\"},{\"@type\":\"ListItem\",\"position\":2,\"name\":\"Les adventistes disent \u00ab Non \u00e0 la Violence \u00bb \u00e0 travers l\u2019Inter Am\u00e9rique\"}]},{\"@type\":\"WebSite\",\"@id\":\"https:\\\/\\\/interamerica.org\\\/fr\\\/#website\",\"url\":\"https:\\\/\\\/interamerica.org\\\/fr\\\/\",\"name\":\"\u00c9glise Adventiste Du Septieme Jour - Inter Am\u00e9rique Division\",\"description\":\"\",\"potentialAction\":[{\"@type\":\"SearchAction\",\"target\":{\"@type\":\"EntryPoint\",\"urlTemplate\":\"https:\\\/\\\/interamerica.org\\\/fr\\\/?s={search_term_string}\"},\"query-input\":{\"@type\":\"PropertyValueSpecification\",\"valueRequired\":true,\"valueName\":\"search_term_string\"}}],\"inLanguage\":\"fr-FR\"},{\"@type\":\"Person\",\"@id\":\"https:\\\/\\\/interamerica.org\\\/fr\\\/#\\\/schema\\\/person\\\/29998f2bc2d8bd0d38662909289b54f1\",\"name\":\"libna\",\"image\":{\"@type\":\"ImageObject\",\"inLanguage\":\"fr-FR\",\"@id\":\"https:\\\/\\\/secure.gravatar.com\\\/avatar\\\/7c5bd30ae4b47a9ba3c856590957fd1d96dc588bf3ac05719d247e126840331f?s=96&d=mm&r=g\",\"url\":\"https:\\\/\\\/secure.gravatar.com\\\/avatar\\\/7c5bd30ae4b47a9ba3c856590957fd1d96dc588bf3ac05719d247e126840331f?s=96&d=mm&r=g\",\"contentUrl\":\"https:\\\/\\\/secure.gravatar.com\\\/avatar\\\/7c5bd30ae4b47a9ba3c856590957fd1d96dc588bf3ac05719d247e126840331f?s=96&d=mm&r=g\",\"caption\":\"libna\"}}]}<\/script>\n<!-- \/ Yoast SEO plugin. -->","yoast_head_json":{"title":"Les adventistes disent \u00ab Non \u00e0 la Violence \u00bb \u00e0 travers l\u2019Inter Am\u00e9rique - \u00c9glise Adventiste Du Septieme Jour - Inter Am\u00e9rique Division","robots":{"index":"index","follow":"follow","max-snippet":"max-snippet:-1","max-image-preview":"max-image-preview:large","max-video-preview":"max-video-preview:-1"},"canonical":"https:\/\/interamerica.org\/fr\/2022\/09\/les-adventistes-disent-non-a-la-violence-a-travers-linter-amerique\/","og_locale":"fr_FR","og_type":"article","og_title":"Les adventistes disent \u00ab Non \u00e0 la Violence \u00bb \u00e0 travers l\u2019Inter Am\u00e9rique - \u00c9glise Adventiste Du Septieme Jour - Inter Am\u00e9rique Division","og_description":"8 Septembre 2022 | Miami, Floride, \u00c9tats-Unis | Libna Stevens, Actualit\u00e9s de la Division Inter Am\u00e9ricaine Les adventistes du septi\u00e8me jour dans toute la Division Inter Am\u00e9ricaine (DIA) ont appel\u00e9...","og_url":"https:\/\/interamerica.org\/fr\/2022\/09\/les-adventistes-disent-non-a-la-violence-a-travers-linter-amerique\/","og_site_name":"\u00c9glise Adventiste Du Septieme Jour - Inter Am\u00e9rique Division","article_published_time":"2022-09-08T20:11:14+00:00","article_modified_time":"2022-09-10T01:37:41+00:00","og_image":[{"width":900,"height":675,"url":"https:\/\/interamerica.org\/wp-content\/uploads\/2022\/09\/enditnow-guatemala-southmission.jpg","type":"image\/jpeg"}],"author":"libna","twitter_card":"summary_large_image","twitter_misc":{"\u00c9crit par":"libna","Dur\u00e9e de lecture estim\u00e9e":"9 minutes"},"schema":{"@context":"https:\/\/schema.org","@graph":[{"@type":"Article","@id":"https:\/\/interamerica.org\/fr\/2022\/09\/les-adventistes-disent-non-a-la-violence-a-travers-linter-amerique\/#article","isPartOf":{"@id":"https:\/\/interamerica.org\/fr\/2022\/09\/les-adventistes-disent-non-a-la-violence-a-travers-linter-amerique\/"},"author":{"name":"libna","@id":"https:\/\/interamerica.org\/fr\/#\/schema\/person\/29998f2bc2d8bd0d38662909289b54f1"},"headline":"Les adventistes disent \u00ab Non \u00e0 la Violence \u00bb \u00e0 travers l\u2019Inter Am\u00e9rique","datePublished":"2022-09-08T20:11:14+00:00","dateModified":"2022-09-10T01:37:41+00:00","mainEntityOfPage":{"@id":"https:\/\/interamerica.org\/fr\/2022\/09\/les-adventistes-disent-non-a-la-violence-a-travers-linter-amerique\/"},"wordCount":1708,"image":{"@id":"https:\/\/interamerica.org\/fr\/2022\/09\/les-adventistes-disent-non-a-la-violence-a-travers-linter-amerique\/#primaryimage"},"thumbnailUrl":"https:\/\/interamerica.org\/wp-content\/uploads\/2022\/09\/enditnow-guatemala-southmission.jpg","articleSection":["Nouvelles du si\u00e8ge de la division","RSS Fran\u00e7ais"],"inLanguage":"fr-FR"},{"@type":"WebPage","@id":"https:\/\/interamerica.org\/fr\/2022\/09\/les-adventistes-disent-non-a-la-violence-a-travers-linter-amerique\/","url":"https:\/\/interamerica.org\/fr\/2022\/09\/les-adventistes-disent-non-a-la-violence-a-travers-linter-amerique\/","name":"Les adventistes disent \u00ab Non \u00e0 la Violence \u00bb \u00e0 travers l\u2019Inter Am\u00e9rique - \u00c9glise Adventiste Du Septieme Jour - Inter Am\u00e9rique Division","isPartOf":{"@id":"https:\/\/interamerica.org\/fr\/#website"},"primaryImageOfPage":{"@id":"https:\/\/interamerica.org\/fr\/2022\/09\/les-adventistes-disent-non-a-la-violence-a-travers-linter-amerique\/#primaryimage"},"image":{"@id":"https:\/\/interamerica.org\/fr\/2022\/09\/les-adventistes-disent-non-a-la-violence-a-travers-linter-amerique\/#primaryimage"},"thumbnailUrl":"https:\/\/interamerica.org\/wp-content\/uploads\/2022\/09\/enditnow-guatemala-southmission.jpg","datePublished":"2022-09-08T20:11:14+00:00","dateModified":"2022-09-10T01:37:41+00:00","author":{"@id":"https:\/\/interamerica.org\/fr\/#\/schema\/person\/29998f2bc2d8bd0d38662909289b54f1"},"breadcrumb":{"@id":"https:\/\/interamerica.org\/fr\/2022\/09\/les-adventistes-disent-non-a-la-violence-a-travers-linter-amerique\/#breadcrumb"},"inLanguage":"fr-FR","potentialAction":[{"@type":"ReadAction","target":["https:\/\/interamerica.org\/fr\/2022\/09\/les-adventistes-disent-non-a-la-violence-a-travers-linter-amerique\/"]}]},{"@type":"ImageObject","inLanguage":"fr-FR","@id":"https:\/\/interamerica.org\/fr\/2022\/09\/les-adventistes-disent-non-a-la-violence-a-travers-linter-amerique\/#primaryimage","url":"https:\/\/interamerica.org\/wp-content\/uploads\/2022\/09\/enditnow-guatemala-southmission.jpg","contentUrl":"https:\/\/interamerica.org\/wp-content\/uploads\/2022\/09\/enditnow-guatemala-southmission.jpg","width":900,"height":675,"caption":"[Photo: Union du Guatemala]"},{"@type":"BreadcrumbList","@id":"https:\/\/interamerica.org\/fr\/2022\/09\/les-adventistes-disent-non-a-la-violence-a-travers-linter-amerique\/#breadcrumb","itemListElement":[{"@type":"ListItem","position":1,"name":"Home","item":"https:\/\/interamerica.org\/fr\/"},{"@type":"ListItem","position":2,"name":"Les adventistes disent \u00ab Non \u00e0 la Violence \u00bb \u00e0 travers l\u2019Inter Am\u00e9rique"}]},{"@type":"WebSite","@id":"https:\/\/interamerica.org\/fr\/#website","url":"https:\/\/interamerica.org\/fr\/","name":"\u00c9glise Adventiste Du Septieme Jour - Inter Am\u00e9rique Division","description":"","potentialAction":[{"@type":"SearchAction","target":{"@type":"EntryPoint","urlTemplate":"https:\/\/interamerica.org\/fr\/?s={search_term_string}"},"query-input":{"@type":"PropertyValueSpecification","valueRequired":true,"valueName":"search_term_string"}}],"inLanguage":"fr-FR"},{"@type":"Person","@id":"https:\/\/interamerica.org\/fr\/#\/schema\/person\/29998f2bc2d8bd0d38662909289b54f1","name":"libna","image":{"@type":"ImageObject","inLanguage":"fr-FR","@id":"https:\/\/secure.gravatar.com\/avatar\/7c5bd30ae4b47a9ba3c856590957fd1d96dc588bf3ac05719d247e126840331f?s=96&d=mm&r=g","url":"https:\/\/secure.gravatar.com\/avatar\/7c5bd30ae4b47a9ba3c856590957fd1d96dc588bf3ac05719d247e126840331f?s=96&d=mm&r=g","contentUrl":"https:\/\/secure.gravatar.com\/avatar\/7c5bd30ae4b47a9ba3c856590957fd1d96dc588bf3ac05719d247e126840331f?s=96&d=mm&r=g","caption":"libna"}}]}},"_links":{"self":[{"href":"https:\/\/interamerica.org\/fr\/wp-json\/wp\/v2\/posts\/89478","targetHints":{"allow":["GET"]}}],"collection":[{"href":"https:\/\/interamerica.org\/fr\/wp-json\/wp\/v2\/posts"}],"about":[{"href":"https:\/\/interamerica.org\/fr\/wp-json\/wp\/v2\/types\/post"}],"author":[{"embeddable":true,"href":"https:\/\/interamerica.org\/fr\/wp-json\/wp\/v2\/users\/3"}],"replies":[{"embeddable":true,"href":"https:\/\/interamerica.org\/fr\/wp-json\/wp\/v2\/comments?post=89478"}],"version-history":[{"count":0,"href":"https:\/\/interamerica.org\/fr\/wp-json\/wp\/v2\/posts\/89478\/revisions"}],"wp:featuredmedia":[{"embeddable":true,"href":"https:\/\/interamerica.org\/fr\/wp-json\/wp\/v2\/media\/89369"}],"wp:attachment":[{"href":"https:\/\/interamerica.org\/fr\/wp-json\/wp\/v2\/media?parent=89478"}],"wp:term":[{"taxonomy":"category","embeddable":true,"href":"https:\/\/interamerica.org\/fr\/wp-json\/wp\/v2\/categories?post=89478"},{"taxonomy":"post_tag","embeddable":true,"href":"https:\/\/interamerica.org\/fr\/wp-json\/wp\/v2\/tags?post=89478"}],"curies":[{"name":"wp","href":"https:\/\/api.w.org\/{rel}","templated":true}]}}