{"id":89952,"date":"2022-09-28T10:37:38","date_gmt":"2022-09-28T14:37:38","guid":{"rendered":"https:\/\/interamerica.org\/?p=89952"},"modified":"2022-09-30T10:37:44","modified_gmt":"2022-09-30T14:37:44","slug":"rouler-pour-jesus","status":"publish","type":"post","link":"https:\/\/interamerica.org\/fr\/2022\/09\/rouler-pour-jesus\/","title":{"rendered":"Rouler pour J\u00e9sus"},"content":{"rendered":"<p style=\"font-weight: 400;\"><strong>Un festival de motocyclistes organis\u00e9e par le \u00ab\u00a0Minist\u00e8re de moto adventiste\u00a0\u00bb prend la Serbie d\u2019assaut.<\/strong><\/p>\n<h4><span style=\"font-weight: 400;\">Le 28 septembre 2022 | Serbie | Vanesa Pizzuto pour le d\u00e9partement des actualit\u00e9s de la Division transeurop\u00e9enne<\/span><\/h4>\n<p style=\"font-weight: 400;\">Quand plus de 300\u00a0motocyclistes ont fait gronder leur engin dans le village serbe de Gospodinci pour le Motofest\u00a02022, ce fut l\u2019occasion pour eux non seulement de c\u00e9l\u00e9brer leur passion, mais aussi de manger de la d\u00e9licieuse nourriture et d\u2019en apprendre sur J\u00e9sus.<\/p>\n<p><span style=\"font-weight: 400;\">L\u2019\u00e9v\u00e9nement \u00e9tait organis\u00e9 par la section serbe du \u00ab\u00a0Minist\u00e8re de moto adventiste\u00a0\u00bb (AMM pour Adventist Motorcycle Ministry). Dejan Lukic, pr\u00e9sident de la section serbe de l\u2019AMM, d\u00e9bordait de joie en constatant le nombre de participants. \u00ab\u00a0Nous ne nous attendions pas \u00e0 autant de gens. C\u2019\u00e9tait g\u00e9nial! Plus de 300\u00a0motocyclistes sont venus, nous avons distribu\u00e9 400\u00a0livres\u2026 et avons accueilli des repr\u00e9sentants de 46\u00a0clubs de moto. L\u2019\u00c9glise en Europe n\u2019a jamais v\u00e9cu un tel \u00e9v\u00e9nement auparavant.\u00a0\u00bb<\/span><\/p>\n<div id=\"attachment_89890\" style=\"width: 852px\" class=\"wp-caption aligncenter\"><img fetchpriority=\"high\" decoding=\"async\" aria-describedby=\"caption-attachment-89890\" class=\" wp-image-89890\" src=\"https:\/\/interamerica.org\/wp-content\/uploads\/2022\/09\/ridingforjesus-1024x473.jpeg\" alt=\"\" width=\"842\" height=\"389\" srcset=\"https:\/\/interamerica.org\/wp-content\/uploads\/2022\/09\/ridingforjesus-1024x473.jpeg 1024w, https:\/\/interamerica.org\/wp-content\/uploads\/2022\/09\/ridingforjesus-300x138.jpeg 300w, https:\/\/interamerica.org\/wp-content\/uploads\/2022\/09\/ridingforjesus-768x354.jpeg 768w, https:\/\/interamerica.org\/wp-content\/uploads\/2022\/09\/ridingforjesus-1536x709.jpeg 1536w, https:\/\/interamerica.org\/wp-content\/uploads\/2022\/09\/ridingforjesus.jpeg 2000w\" sizes=\"(max-width: 842px) 100vw, 842px\" \/><p id=\"caption-attachment-89890\" class=\"wp-caption-text\">[Photos: courtesy of Dejan Lukic]<\/p><\/div>\n<p style=\"font-weight: 400;\">Le festival avait tous les sceaux d\u2019un bon \u00e9v\u00e9nement sur deux roues \u2014 un tour de moto dans la magnifique campagne, de l\u2019excellente nourriture, de la musique et m\u00eame des acrobaties de motocyclistes \u2014 mais bien plus encore, car les organisateurs l\u2019ont cr\u00e9\u00e9 comme une occasion de servir la communaut\u00e9 et de partager naturellement leur foi.<\/p>\n<p><span style=\"font-weight: 400;\">D\u2019apr\u00e8s M.\u00a0Lukic, \u00ab\u00a0Tout \u00e9tait gratuit\u00a0: la nourriture, les livres, les examens m\u00e9dicaux\u2026 les gens \u00e9taient bouche b\u00e9e! Nous avions invit\u00e9 quatre pasteurs et leur avons donn\u00e9 l\u2019occasion de pr\u00eacher durant l\u2019\u00e9v\u00e9nement. Ils ont parl\u00e9 du retour de J\u00e9sus et du souhait de ce dernier que nous prenions soin de notre corps et de notre esprit.\u00a0\u00bb<\/span><\/p>\n<p><div id=\"attachment_89887\" style=\"width: 860px\" class=\"wp-caption aligncenter\"><img decoding=\"async\" aria-describedby=\"caption-attachment-89887\" class=\" wp-image-89887\" src=\"https:\/\/interamerica.org\/wp-content\/uploads\/2022\/09\/amm-serbia-630-1024x935.jpeg\" alt=\"\" width=\"850\" height=\"776\" srcset=\"https:\/\/interamerica.org\/wp-content\/uploads\/2022\/09\/amm-serbia-630-1024x935.jpeg 1024w, https:\/\/interamerica.org\/wp-content\/uploads\/2022\/09\/amm-serbia-630-300x274.jpeg 300w, https:\/\/interamerica.org\/wp-content\/uploads\/2022\/09\/amm-serbia-630-768x701.jpeg 768w, https:\/\/interamerica.org\/wp-content\/uploads\/2022\/09\/amm-serbia-630.jpeg 1080w\" sizes=\"(max-width: 850px) 100vw, 850px\" \/><p id=\"caption-attachment-89887\" class=\"wp-caption-text\">[Une photo offerte par Dejan Lukic]<\/p><\/div>M. Lukic a ajout\u00e9 qu\u2019aucun alcool n\u2019a \u00e9t\u00e9 servi et que de la musique chr\u00e9tienne a \u00e9t\u00e9 jou\u00e9e durant tout l\u2019\u00e9v\u00e9nement. \u00ab\u00a0En plus, des professionnels de la sant\u00e9 ont effectu\u00e9 une cinquantaine d\u2019examens \u00e9chographiques, et nous avions un kiosque de don de sang. \u00c0 la fin de l\u2019\u00e9v\u00e9nement, tout le monde voulait notre maillot avec le logo de l\u2019AMM. L\u2019influence de l\u2019AMM est en pleine croissance. Maintenant, tout le monde nous conna\u00eet et parle de nous.\u00a0\u00bb<\/p>\n<p><span style=\"font-weight: 400;\">En r\u00eavant \u00e0 l\u2019avenir de l\u2019AMM en Serbie, M.\u00a0Lukic a parl\u00e9 de certains projets. \u00ab\u00a0Nous avons discut\u00e9 avec nos amis de l\u2019Agence de d\u00e9veloppement et de secours adventiste [ADRA] afin de leur emprunter leur v\u00e9hicule de soins de sant\u00e9 mobiles. Nous allons utiliser ce camion lors des \u00e9v\u00e9nements auxquels nous assisterons afin de continuer d\u2019offrir des examens m\u00e9dicaux gratuits. J\u2019ai tellement h\u00e2te de voir ce que Dieu fera. Je sais qu\u2019il a un plan et une mission pour chaque motocycliste europ\u00e9en.\u00a0\u00bb<\/span><\/p>\n<p style=\"font-weight: 400;\">La version originale de cet article a \u00e9t\u00e9 publi\u00e9e sur le site des actualit\u00e9s de la Division transeurop\u00e9enne.<\/p>\n<p style=\"font-weight: 400;\">Traduction\u00a0: Marie-Mich\u00e8le Robitaille<\/p>\n","protected":false},"excerpt":{"rendered":"<p>Un festival de motocyclistes organis\u00e9e par le \u00ab\u00a0Minist\u00e8re de moto adventiste\u00a0\u00bb prend la Serbie d\u2019assaut. Le 28 septembre 2022 | Serbie | Vanesa Pizzuto pour le d\u00e9partement des actualit\u00e9s de&#8230;<\/p>\n","protected":false},"author":3,"featured_media":89890,"comment_status":"closed","ping_status":"closed","sticky":false,"template":"","format":"standard","meta":{"_acf_changed":false,"footnotes":""},"categories":[18,19],"tags":[],"class_list":["post-89952","post","type-post","status-publish","format-standard","has-post-thumbnail","hentry","category-nouvelles-de-leglise-mondiale","category-rss-francais"],"acf":[],"yoast_head":"<!-- This site is optimized with the Yoast SEO plugin v27.3 - https:\/\/yoast.com\/product\/yoast-seo-wordpress\/ -->\n<title>Rouler pour J\u00e9sus - \u00c9glise Adventiste Du Septieme Jour - Inter Am\u00e9rique Division<\/title>\n<meta name=\"robots\" content=\"index, follow, max-snippet:-1, max-image-preview:large, max-video-preview:-1\" \/>\n<link rel=\"canonical\" href=\"https:\/\/interamerica.org\/fr\/2022\/09\/rouler-pour-jesus\/\" \/>\n<meta property=\"og:locale\" content=\"fr_FR\" \/>\n<meta property=\"og:type\" content=\"article\" \/>\n<meta property=\"og:title\" content=\"Rouler pour J\u00e9sus - \u00c9glise Adventiste Du Septieme Jour - Inter Am\u00e9rique Division\" \/>\n<meta property=\"og:description\" content=\"Un festival de motocyclistes organis\u00e9e par le \u00ab\u00a0Minist\u00e8re de moto adventiste\u00a0\u00bb prend la Serbie d\u2019assaut. Le 28 septembre 2022 | Serbie | Vanesa Pizzuto pour le d\u00e9partement des actualit\u00e9s de...\" \/>\n<meta property=\"og:url\" content=\"https:\/\/interamerica.org\/fr\/2022\/09\/rouler-pour-jesus\/\" \/>\n<meta property=\"og:site_name\" content=\"\u00c9glise Adventiste Du Septieme Jour - Inter Am\u00e9rique Division\" \/>\n<meta property=\"article:published_time\" content=\"2022-09-28T14:37:38+00:00\" \/>\n<meta property=\"article:modified_time\" content=\"2022-09-30T14:37:44+00:00\" \/>\n<meta property=\"og:image\" content=\"https:\/\/interamerica.org\/wp-content\/uploads\/2022\/09\/ridingforjesus.jpeg\" \/>\n\t<meta property=\"og:image:width\" content=\"2000\" \/>\n\t<meta property=\"og:image:height\" content=\"923\" \/>\n\t<meta property=\"og:image:type\" content=\"image\/jpeg\" \/>\n<meta name=\"author\" content=\"libna\" \/>\n<meta name=\"twitter:card\" content=\"summary_large_image\" \/>\n<meta name=\"twitter:label1\" content=\"\u00c9crit par\" \/>\n\t<meta name=\"twitter:data1\" content=\"libna\" \/>\n\t<meta name=\"twitter:label2\" content=\"Dur\u00e9e de lecture estim\u00e9e\" \/>\n\t<meta name=\"twitter:data2\" content=\"3 minutes\" \/>\n<script type=\"application\/ld+json\" class=\"yoast-schema-graph\">{\"@context\":\"https:\\\/\\\/schema.org\",\"@graph\":[{\"@type\":\"Article\",\"@id\":\"https:\\\/\\\/interamerica.org\\\/fr\\\/2022\\\/09\\\/rouler-pour-jesus\\\/#article\",\"isPartOf\":{\"@id\":\"https:\\\/\\\/interamerica.org\\\/fr\\\/2022\\\/09\\\/rouler-pour-jesus\\\/\"},\"author\":{\"name\":\"libna\",\"@id\":\"https:\\\/\\\/interamerica.org\\\/fr\\\/#\\\/schema\\\/person\\\/29998f2bc2d8bd0d38662909289b54f1\"},\"headline\":\"Rouler pour J\u00e9sus\",\"datePublished\":\"2022-09-28T14:37:38+00:00\",\"dateModified\":\"2022-09-30T14:37:44+00:00\",\"mainEntityOfPage\":{\"@id\":\"https:\\\/\\\/interamerica.org\\\/fr\\\/2022\\\/09\\\/rouler-pour-jesus\\\/\"},\"wordCount\":529,\"image\":{\"@id\":\"https:\\\/\\\/interamerica.org\\\/fr\\\/2022\\\/09\\\/rouler-pour-jesus\\\/#primaryimage\"},\"thumbnailUrl\":\"https:\\\/\\\/interamerica.org\\\/wp-content\\\/uploads\\\/2022\\\/09\\\/ridingforjesus.jpeg\",\"articleSection\":[\"Nouvelles de l'\u00c9glise mondiale\",\"RSS Fran\u00e7ais\"],\"inLanguage\":\"fr-FR\"},{\"@type\":\"WebPage\",\"@id\":\"https:\\\/\\\/interamerica.org\\\/fr\\\/2022\\\/09\\\/rouler-pour-jesus\\\/\",\"url\":\"https:\\\/\\\/interamerica.org\\\/fr\\\/2022\\\/09\\\/rouler-pour-jesus\\\/\",\"name\":\"Rouler pour J\u00e9sus - \u00c9glise Adventiste Du Septieme Jour - Inter Am\u00e9rique Division\",\"isPartOf\":{\"@id\":\"https:\\\/\\\/interamerica.org\\\/fr\\\/#website\"},\"primaryImageOfPage\":{\"@id\":\"https:\\\/\\\/interamerica.org\\\/fr\\\/2022\\\/09\\\/rouler-pour-jesus\\\/#primaryimage\"},\"image\":{\"@id\":\"https:\\\/\\\/interamerica.org\\\/fr\\\/2022\\\/09\\\/rouler-pour-jesus\\\/#primaryimage\"},\"thumbnailUrl\":\"https:\\\/\\\/interamerica.org\\\/wp-content\\\/uploads\\\/2022\\\/09\\\/ridingforjesus.jpeg\",\"datePublished\":\"2022-09-28T14:37:38+00:00\",\"dateModified\":\"2022-09-30T14:37:44+00:00\",\"author\":{\"@id\":\"https:\\\/\\\/interamerica.org\\\/fr\\\/#\\\/schema\\\/person\\\/29998f2bc2d8bd0d38662909289b54f1\"},\"breadcrumb\":{\"@id\":\"https:\\\/\\\/interamerica.org\\\/fr\\\/2022\\\/09\\\/rouler-pour-jesus\\\/#breadcrumb\"},\"inLanguage\":\"fr-FR\",\"potentialAction\":[{\"@type\":\"ReadAction\",\"target\":[\"https:\\\/\\\/interamerica.org\\\/fr\\\/2022\\\/09\\\/rouler-pour-jesus\\\/\"]}]},{\"@type\":\"ImageObject\",\"inLanguage\":\"fr-FR\",\"@id\":\"https:\\\/\\\/interamerica.org\\\/fr\\\/2022\\\/09\\\/rouler-pour-jesus\\\/#primaryimage\",\"url\":\"https:\\\/\\\/interamerica.org\\\/wp-content\\\/uploads\\\/2022\\\/09\\\/ridingforjesus.jpeg\",\"contentUrl\":\"https:\\\/\\\/interamerica.org\\\/wp-content\\\/uploads\\\/2022\\\/09\\\/ridingforjesus.jpeg\",\"width\":2000,\"height\":923,\"caption\":\"Du 2 au 4 septembre 2022, plus de 300 motocyclistes ont fait gronder leur engin dans le village serbe de Gospoinci lors du Motofest 2022. Le festival, organis\u00e9 par la section serbe du \u00ab Minist\u00e8re de moto adventiste \u00bb, fut l\u2019occasion pour les motocyclistes de c\u00e9l\u00e9brer leur passion tout en d\u00e9gustant de l\u2019excellente nourriture et en d\u00e9couvrant J\u00e9sus. [Une photo offerte par Dejan Lukic]\"},{\"@type\":\"BreadcrumbList\",\"@id\":\"https:\\\/\\\/interamerica.org\\\/fr\\\/2022\\\/09\\\/rouler-pour-jesus\\\/#breadcrumb\",\"itemListElement\":[{\"@type\":\"ListItem\",\"position\":1,\"name\":\"Home\",\"item\":\"https:\\\/\\\/interamerica.org\\\/fr\\\/\"},{\"@type\":\"ListItem\",\"position\":2,\"name\":\"Rouler pour J\u00e9sus\"}]},{\"@type\":\"WebSite\",\"@id\":\"https:\\\/\\\/interamerica.org\\\/fr\\\/#website\",\"url\":\"https:\\\/\\\/interamerica.org\\\/fr\\\/\",\"name\":\"\u00c9glise Adventiste Du Septieme Jour - Inter Am\u00e9rique Division\",\"description\":\"\",\"potentialAction\":[{\"@type\":\"SearchAction\",\"target\":{\"@type\":\"EntryPoint\",\"urlTemplate\":\"https:\\\/\\\/interamerica.org\\\/fr\\\/?s={search_term_string}\"},\"query-input\":{\"@type\":\"PropertyValueSpecification\",\"valueRequired\":true,\"valueName\":\"search_term_string\"}}],\"inLanguage\":\"fr-FR\"},{\"@type\":\"Person\",\"@id\":\"https:\\\/\\\/interamerica.org\\\/fr\\\/#\\\/schema\\\/person\\\/29998f2bc2d8bd0d38662909289b54f1\",\"name\":\"libna\",\"image\":{\"@type\":\"ImageObject\",\"inLanguage\":\"fr-FR\",\"@id\":\"https:\\\/\\\/secure.gravatar.com\\\/avatar\\\/7c5bd30ae4b47a9ba3c856590957fd1d96dc588bf3ac05719d247e126840331f?s=96&d=mm&r=g\",\"url\":\"https:\\\/\\\/secure.gravatar.com\\\/avatar\\\/7c5bd30ae4b47a9ba3c856590957fd1d96dc588bf3ac05719d247e126840331f?s=96&d=mm&r=g\",\"contentUrl\":\"https:\\\/\\\/secure.gravatar.com\\\/avatar\\\/7c5bd30ae4b47a9ba3c856590957fd1d96dc588bf3ac05719d247e126840331f?s=96&d=mm&r=g\",\"caption\":\"libna\"}}]}<\/script>\n<!-- \/ Yoast SEO plugin. -->","yoast_head_json":{"title":"Rouler pour J\u00e9sus - \u00c9glise Adventiste Du Septieme Jour - Inter Am\u00e9rique Division","robots":{"index":"index","follow":"follow","max-snippet":"max-snippet:-1","max-image-preview":"max-image-preview:large","max-video-preview":"max-video-preview:-1"},"canonical":"https:\/\/interamerica.org\/fr\/2022\/09\/rouler-pour-jesus\/","og_locale":"fr_FR","og_type":"article","og_title":"Rouler pour J\u00e9sus - \u00c9glise Adventiste Du Septieme Jour - Inter Am\u00e9rique Division","og_description":"Un festival de motocyclistes organis\u00e9e par le \u00ab\u00a0Minist\u00e8re de moto adventiste\u00a0\u00bb prend la Serbie d\u2019assaut. Le 28 septembre 2022 | Serbie | Vanesa Pizzuto pour le d\u00e9partement des actualit\u00e9s de...","og_url":"https:\/\/interamerica.org\/fr\/2022\/09\/rouler-pour-jesus\/","og_site_name":"\u00c9glise Adventiste Du Septieme Jour - Inter Am\u00e9rique Division","article_published_time":"2022-09-28T14:37:38+00:00","article_modified_time":"2022-09-30T14:37:44+00:00","og_image":[{"width":2000,"height":923,"url":"https:\/\/interamerica.org\/wp-content\/uploads\/2022\/09\/ridingforjesus.jpeg","type":"image\/jpeg"}],"author":"libna","twitter_card":"summary_large_image","twitter_misc":{"\u00c9crit par":"libna","Dur\u00e9e de lecture estim\u00e9e":"3 minutes"},"schema":{"@context":"https:\/\/schema.org","@graph":[{"@type":"Article","@id":"https:\/\/interamerica.org\/fr\/2022\/09\/rouler-pour-jesus\/#article","isPartOf":{"@id":"https:\/\/interamerica.org\/fr\/2022\/09\/rouler-pour-jesus\/"},"author":{"name":"libna","@id":"https:\/\/interamerica.org\/fr\/#\/schema\/person\/29998f2bc2d8bd0d38662909289b54f1"},"headline":"Rouler pour J\u00e9sus","datePublished":"2022-09-28T14:37:38+00:00","dateModified":"2022-09-30T14:37:44+00:00","mainEntityOfPage":{"@id":"https:\/\/interamerica.org\/fr\/2022\/09\/rouler-pour-jesus\/"},"wordCount":529,"image":{"@id":"https:\/\/interamerica.org\/fr\/2022\/09\/rouler-pour-jesus\/#primaryimage"},"thumbnailUrl":"https:\/\/interamerica.org\/wp-content\/uploads\/2022\/09\/ridingforjesus.jpeg","articleSection":["Nouvelles de l'\u00c9glise mondiale","RSS Fran\u00e7ais"],"inLanguage":"fr-FR"},{"@type":"WebPage","@id":"https:\/\/interamerica.org\/fr\/2022\/09\/rouler-pour-jesus\/","url":"https:\/\/interamerica.org\/fr\/2022\/09\/rouler-pour-jesus\/","name":"Rouler pour J\u00e9sus - \u00c9glise Adventiste Du Septieme Jour - Inter Am\u00e9rique Division","isPartOf":{"@id":"https:\/\/interamerica.org\/fr\/#website"},"primaryImageOfPage":{"@id":"https:\/\/interamerica.org\/fr\/2022\/09\/rouler-pour-jesus\/#primaryimage"},"image":{"@id":"https:\/\/interamerica.org\/fr\/2022\/09\/rouler-pour-jesus\/#primaryimage"},"thumbnailUrl":"https:\/\/interamerica.org\/wp-content\/uploads\/2022\/09\/ridingforjesus.jpeg","datePublished":"2022-09-28T14:37:38+00:00","dateModified":"2022-09-30T14:37:44+00:00","author":{"@id":"https:\/\/interamerica.org\/fr\/#\/schema\/person\/29998f2bc2d8bd0d38662909289b54f1"},"breadcrumb":{"@id":"https:\/\/interamerica.org\/fr\/2022\/09\/rouler-pour-jesus\/#breadcrumb"},"inLanguage":"fr-FR","potentialAction":[{"@type":"ReadAction","target":["https:\/\/interamerica.org\/fr\/2022\/09\/rouler-pour-jesus\/"]}]},{"@type":"ImageObject","inLanguage":"fr-FR","@id":"https:\/\/interamerica.org\/fr\/2022\/09\/rouler-pour-jesus\/#primaryimage","url":"https:\/\/interamerica.org\/wp-content\/uploads\/2022\/09\/ridingforjesus.jpeg","contentUrl":"https:\/\/interamerica.org\/wp-content\/uploads\/2022\/09\/ridingforjesus.jpeg","width":2000,"height":923,"caption":"Du 2 au 4 septembre 2022, plus de 300 motocyclistes ont fait gronder leur engin dans le village serbe de Gospoinci lors du Motofest 2022. Le festival, organis\u00e9 par la section serbe du \u00ab Minist\u00e8re de moto adventiste \u00bb, fut l\u2019occasion pour les motocyclistes de c\u00e9l\u00e9brer leur passion tout en d\u00e9gustant de l\u2019excellente nourriture et en d\u00e9couvrant J\u00e9sus. [Une photo offerte par Dejan Lukic]"},{"@type":"BreadcrumbList","@id":"https:\/\/interamerica.org\/fr\/2022\/09\/rouler-pour-jesus\/#breadcrumb","itemListElement":[{"@type":"ListItem","position":1,"name":"Home","item":"https:\/\/interamerica.org\/fr\/"},{"@type":"ListItem","position":2,"name":"Rouler pour J\u00e9sus"}]},{"@type":"WebSite","@id":"https:\/\/interamerica.org\/fr\/#website","url":"https:\/\/interamerica.org\/fr\/","name":"\u00c9glise Adventiste Du Septieme Jour - Inter Am\u00e9rique Division","description":"","potentialAction":[{"@type":"SearchAction","target":{"@type":"EntryPoint","urlTemplate":"https:\/\/interamerica.org\/fr\/?s={search_term_string}"},"query-input":{"@type":"PropertyValueSpecification","valueRequired":true,"valueName":"search_term_string"}}],"inLanguage":"fr-FR"},{"@type":"Person","@id":"https:\/\/interamerica.org\/fr\/#\/schema\/person\/29998f2bc2d8bd0d38662909289b54f1","name":"libna","image":{"@type":"ImageObject","inLanguage":"fr-FR","@id":"https:\/\/secure.gravatar.com\/avatar\/7c5bd30ae4b47a9ba3c856590957fd1d96dc588bf3ac05719d247e126840331f?s=96&d=mm&r=g","url":"https:\/\/secure.gravatar.com\/avatar\/7c5bd30ae4b47a9ba3c856590957fd1d96dc588bf3ac05719d247e126840331f?s=96&d=mm&r=g","contentUrl":"https:\/\/secure.gravatar.com\/avatar\/7c5bd30ae4b47a9ba3c856590957fd1d96dc588bf3ac05719d247e126840331f?s=96&d=mm&r=g","caption":"libna"}}]}},"_links":{"self":[{"href":"https:\/\/interamerica.org\/fr\/wp-json\/wp\/v2\/posts\/89952","targetHints":{"allow":["GET"]}}],"collection":[{"href":"https:\/\/interamerica.org\/fr\/wp-json\/wp\/v2\/posts"}],"about":[{"href":"https:\/\/interamerica.org\/fr\/wp-json\/wp\/v2\/types\/post"}],"author":[{"embeddable":true,"href":"https:\/\/interamerica.org\/fr\/wp-json\/wp\/v2\/users\/3"}],"replies":[{"embeddable":true,"href":"https:\/\/interamerica.org\/fr\/wp-json\/wp\/v2\/comments?post=89952"}],"version-history":[{"count":0,"href":"https:\/\/interamerica.org\/fr\/wp-json\/wp\/v2\/posts\/89952\/revisions"}],"wp:featuredmedia":[{"embeddable":true,"href":"https:\/\/interamerica.org\/fr\/wp-json\/wp\/v2\/media\/89890"}],"wp:attachment":[{"href":"https:\/\/interamerica.org\/fr\/wp-json\/wp\/v2\/media?parent=89952"}],"wp:term":[{"taxonomy":"category","embeddable":true,"href":"https:\/\/interamerica.org\/fr\/wp-json\/wp\/v2\/categories?post=89952"},{"taxonomy":"post_tag","embeddable":true,"href":"https:\/\/interamerica.org\/fr\/wp-json\/wp\/v2\/tags?post=89952"}],"curies":[{"name":"wp","href":"https:\/\/api.w.org\/{rel}","templated":true}]}}