{"id":89990,"date":"2022-09-28T15:49:09","date_gmt":"2022-09-28T19:49:09","guid":{"rendered":"https:\/\/interamerica.org\/?p=89990"},"modified":"2022-09-29T23:32:20","modified_gmt":"2022-09-30T03:32:20","slug":"une-subvention-de-5-millions-de-dollars-us-soutiendra-le-changement-communautaire-a-andrews","status":"publish","type":"post","link":"https:\/\/interamerica.org\/fr\/2022\/09\/une-subvention-de-5-millions-de-dollars-us-soutiendra-le-changement-communautaire-a-andrews\/","title":{"rendered":"Une subvention de 5 millions de dollars US soutiendra le changement communautaire \u00e0 Andrews"},"content":{"rendered":"<p>28 Septembre 2022 | Berrien Springs, Michigan, \u00c9tats-Unis | Par :<em>Bureau de la Communication de l\u2019Universit\u00e9 d\u2019Andrews <\/em><\/p>\n<p>L\u2019Universit\u00e9 d\u2019Andrews a re\u00e7u une subvention de 5000000 de dollars US de Lilly Endowment Inc. destin\u00e9s \u00e0 aider le S\u00e9minaire Th\u00e9ologique Adventiste du septi\u00e8me jour \u00e0 \u00e9tablir le Centre Andrews pour le Changement Communautaire.<\/p>\n<p>Le centre est financ\u00e9 dans le cadre de la troisi\u00e8me et derni\u00e8re phase de l\u2019initiative Pathways for Tomorrow (Voies Pour Demain) de Lilly Endowment. L\u2019initiative est con\u00e7ue pour aider les \u00e9coles de th\u00e9ologie des \u00c9tats-Unis et du Canada alors qu\u2019elles \u00e9tablissent des priorit\u00e9s et r\u00e9agissent aux d\u00e9fis les plus urgents auxquels elles sont confront\u00e9es alors qu\u2019elles pr\u00e9parent des dirigeants pastoraux pour les congr\u00e9gations chr\u00e9tiennes pour aujourd\u2019hui et pour l\u2019avenir.<\/p>\n<p>Le S\u00e9minaire Th\u00e9ologique Adventiste du septi\u00e8me jour soutient l\u2019\u00c9glise adventiste du septi\u00e8me jour \u00e0 travers la formation, l\u2019\u00e9ducation et la certification des pasteurs depuis 1937. Le s\u00e9minaire a identifi\u00e9 un besoin de collaborer avec les \u00e9glises, les prestataires de soins de sant\u00e9 et d\u2019autres organismes confessionnels, pour \u00e9laborer et d\u00e9velopper de nouvelles strat\u00e9gies pour la formation des pasteurs et des dirigeants la\u00efcs afin qu\u2019ils puissent mieux impliquer leurs \u00e9glises dans leurs communaut\u00e9s.<\/p>\n<p>Le projet li\u00e9 \u00e0 la subvention \u00e9tablira le Centre d\u2019Andrews pour le Changement Communautaire sur le campus de l\u2019Universit\u00e9 d\u2019Andrews et proposera un mentorat et des conseils personnalis\u00e9s aux pasteurs et aux dirigeants la\u00efcs afin de cr\u00e9er des solutions innovantes contextualis\u00e9es qui r\u00e9pondent aux besoins ressentis dans la communaut\u00e9 et \u00e0 leurs causes profondes. Le centre travaillera avec des partenaires collaborateurs pour proposer des formations, un mentorat, un soutien technique et, l\u00e0 o\u00f9 c\u2019est indiqu\u00e9, un financement pour piloter des projets communautaires.<\/p>\n<p>La formation et le mentorat soutiendront les pasteurs tout au long des processus d\u2019innovation sociale pour les aider \u00e0 entreprendre des \u00e9valuations bas\u00e9es sur les besoins de la communaut\u00e9, la conception et l\u2019\u00e9valuation de programmes, la r\u00e9daction de subventions, la gestion de projets et la publication des r\u00e9sultats. Le centre accordera la priorit\u00e9 \u00e0 un maximum de 60 pasteurs et\/ou responsables la\u00efcs chaque ann\u00e9e, avec un soutien apport\u00e9 aux participants pendant une p\u00e9riode pouvant aller jusqu\u2019\u00e0 trois ans. Des mentors seront employ\u00e9s pour apporter un soutien personnalis\u00e9 aux pasteurs et aux responsables la\u00efcs qui ont des parcours \u00e9ducatifs vari\u00e9s.<\/p>\n<p>Le Centre d\u2019Andrews pour le Changement Communautaire cherchera \u00e0 profiter de la relation unique entre le S\u00e9minaire Th\u00e9ologique Adventiste du septi\u00e8me jour, le vaste r\u00e9seau de soins de sant\u00e9 adventiste nord-am\u00e9ricain et les communaut\u00e9s religieuses locales \u00e0 travers l\u2019Am\u00e9rique du Nord pour \u00e9largir l\u2019acc\u00e8s \u00e0 la formation, \u00e0 l\u2019apprentissage bas\u00e9 sur des projets, et au mentorat pour les pasteurs adventistes et les pasteurs d\u2019autres confessions. Ce projet collaboratif est entrepris en partenariat avec Adventist Health, Kettering Health, les Services Communautaires Adventistes de la Division Nord Am\u00e9ricaine, le Centre InMinistry, Versacare et le R\u00e9seau du Minist\u00e8re Urbain. Le centre travaillera avec des partenaires pour \u00e9tablir une dotation qui contribuera \u00e0 la durabilit\u00e9 \u00e0 long terme du projet.<\/p>\n<p>Andrea Luxton, pr\u00e9sidente de l\u2019Universit\u00e9 d\u2019Andrews, a d\u00e9clar\u00e9 : \u00ab En tant qu\u2019universit\u00e9, nous sommes tr\u00e8s enthousiastes et reconnaissants d\u2019\u00eatre parmi les r\u00e9cipiendaires de cette subvention. Cela nous permettra d\u2019approfondir davantage notre engagement envers notre \u00e9glise mais aussi la communaut\u00e9 au sens large en d\u00e9veloppant la capacit\u00e9 de leadership pastoral local afin d\u2019apporter l\u2019esp\u00e9rance, la gu\u00e9rison et un changement positif. Nous sommes impatients de travailler avec nos partenaires pour voir le d\u00e9veloppement de nombreux projets communautaires qui apportent une transformation. \u00bb<\/p>\n<p>Jiri Moskala, doyen du S\u00e9minaire Th\u00e9ologique Adventiste du septi\u00e8me jour, a remerci\u00e9 Lilly Endowment pour son soutien : \u00ab Cette prestigieuse subvention de Lilly Endowment que nous avons re\u00e7ue permettra au s\u00e9minaire de consolider notre emphase sur le minist\u00e8re urbain et nous permettra d\u2019\u00e9tendre le soutien apport\u00e9 \u00e0 nos pasteurs et aux \u00e9glises en Am\u00e9rique du Nord gr\u00e2ce \u00e0 la cr\u00e9ation du Centre d\u2019Andrews pour le Changement Communautaire. Nous louons le Seigneur pour cette \u00e9norme opportunit\u00e9 d\u2019approfondir notre utilit\u00e9, en particulier pour les communaut\u00e9s ayant des besoins sp\u00e9cifiques. Je suis s\u00fbr que la combinaison du travail spirituel et physique s\u2019av\u00e9rera \u00eatre une b\u00e9n\u00e9diction pour plusieurs. L\u2019universit\u00e9 et le s\u00e9minaire remercient Cedric Vine et Carlisle Sutton pour leur leadership dans l\u2019\u00e9laboration de la proposition de projet et pour leur engagement \u00e0 ex\u00e9cuter ce projet.<\/p>\n<p>Le S\u00e9minaire Th\u00e9ologique Adventiste du septi\u00e8me jour est l\u2019une des 16 \u00e9coles de th\u00e9ologie \u00e0 avoir re\u00e7u des subventions pour financer des programmes \u00e0 grande \u00e9chelle et hautement collaboratifs dans le cadre de l\u2019initiative Pathways. Lilly Endowment croit que ces programmes ont le potentiel de devenir des mod\u00e8les pour d\u2019autres \u00e9coles alors qu\u2019elles cherchent \u00e0 consolider la fa\u00e7on dont elles \u00e9duquent les pasteurs et autres responsables de congr\u00e9gation.<\/p>\n<p>\u00ab Les \u00e9coles de th\u00e9ologie jouent un r\u00f4le essentiel pour garantir que les congr\u00e9gations chr\u00e9tiennes disposent d\u2019un flux constant de dirigeants bien pr\u00e9par\u00e9s pour diriger leurs minist\u00e8res, \u00bb a d\u00e9clar\u00e9 Christopher L. Coble, vice-pr\u00e9sident de la Fondation pour la religion. \u00ab De nombreuses \u00e9coles de th\u00e9ologie pensent que leur voie vers l\u2019avenir d\u00e9pend de leur capacit\u00e9 \u00e0 former des partenariats strat\u00e9giques avec d\u2019autres \u00e9coles et des entit\u00e9s en lien avec les \u00e9glises. Ces subventions aideront les s\u00e9minaires \u00e0 d\u00e9velopper des approches novatrices et collaboratives de l\u2019enseignement th\u00e9ologique qui, nous le croyons, consolideront leurs efforts visant \u00e0 pr\u00e9parer et \u00e0 soutenir d\u2019excellents leaders pour les communaut\u00e9s chr\u00e9tiennes dans l\u2019avenir.<\/p>\n<p>Lilly Endowment a lanc\u00e9 l\u2019initiative Pathways en janvier 2021 en raison de sa volont\u00e9 de longue date de soutenir les efforts visant \u00e0 d\u00e9velopper et \u00e0 maintenir la vitalit\u00e9 des congr\u00e9gations chr\u00e9tiennes en renfor\u00e7ant les capacit\u00e9s de leadership des pasteurs et des dirigeants la\u00efcs des congr\u00e9gations.<\/p>\n<p>Fond\u00e9e en 1874, l\u2019Universit\u00e9 d\u2019Andrews propose plus de 160 fili\u00e8res d\u2019\u00e9tudes, y compris des dipl\u00f4mes de niveau sup\u00e9rieur. Son campus principal se trouve \u00e0 Berrien Springs, dans le Michigan, aux \u00c9tats-Unis, mais l\u2019universit\u00e9 dispense \u00e9galement des cours dans des universit\u00e9s dans plus de 25 pays \u00e0 travers le monde.<\/p>\n<p>\u00c0 propos de Lilly Endowment Inc.<\/p>\n<p>Lilly Endowment Inc. est une fondation philanthropique priv\u00e9e cr\u00e9\u00e9e en 1937 par J.K. Lilly Sr. et ses fils Eli et J.K. Jr. gr\u00e2ce \u00e0 des dons d\u2019actions dans leur entreprise pharmaceutique, Eli Lilly and Company. Bien que ces dons demeurent le fondement financier du fond de dotation, ce dernier est une entit\u00e9 distincte de l\u2019entreprise, avec un conseil d\u2019administration, un personnel et un site distincts.<\/p>\n<p>Conform\u00e9ment aux souhaits des fondateurs, le Fond de Dotation soutient les causes li\u00e9es au d\u00e9veloppement communautaire, \u00e0 l\u2019\u00e9ducation et \u00e0 la religion, et maintient un engagement particulier envers sa ville d\u2019origine, Indianapolis, et son \u00e9tat d\u2019origine, l\u2019Indiana. Le principal objectif de l\u2019octroi de subventions religieuses par le fond de dotation est d\u2019approfondir et d\u2019enrichir la vie des chr\u00e9tiens am\u00e9ricains, principalement en recherchant et en soutenant les efforts visant \u00e0 am\u00e9liorer la vitalit\u00e9 des congr\u00e9gations et \u00e0 consolider le leadership pastoral et la\u00efc des communaut\u00e9s chr\u00e9tiennes. Le fond de dotation cherche \u00e9galement \u00e0 am\u00e9liorer la compr\u00e9hension publique des diverses traditions religieuses en soutenant des repr\u00e9sentations justes et pr\u00e9cises du r\u00f4le que joue la religion aux \u00c9tats-Unis et dans le monde.<\/p>\n<p>La <a href=\"https:\/\/www.lakeunionherald.org\/archive\/articles\/andrews-university-receives-5-million-grant-from-lilly-endowment\">version originale<\/a> de cet article a \u00e9t\u00e9 publi\u00e9e sur <a href=\"https:\/\/www.lakeunionherald.org\/\">Lake Union Herald<\/a>.<\/p>\n<p>&nbsp;<\/p>\n<p>Traduction: Patrick Luciathe<\/p>\n","protected":false},"excerpt":{"rendered":"<p>28 Septembre 2022 | Berrien Springs, Michigan, \u00c9tats-Unis | Par :Bureau de la Communication de l\u2019Universit\u00e9 d\u2019Andrews L\u2019Universit\u00e9 d\u2019Andrews a re\u00e7u une subvention de 5000000 de dollars US de Lilly&#8230;<\/p>\n","protected":false},"author":3,"featured_media":89900,"comment_status":"closed","ping_status":"closed","sticky":false,"template":"","format":"standard","meta":{"_acf_changed":false,"footnotes":""},"categories":[18,19],"tags":[],"class_list":["post-89990","post","type-post","status-publish","format-standard","has-post-thumbnail","hentry","category-nouvelles-de-leglise-mondiale","category-rss-francais"],"acf":[],"yoast_head":"<!-- This site is optimized with the Yoast SEO plugin v27.3 - https:\/\/yoast.com\/product\/yoast-seo-wordpress\/ -->\n<title>Une subvention de 5 millions de dollars US soutiendra le changement communautaire \u00e0 Andrews - \u00c9glise Adventiste Du Septieme Jour - Inter Am\u00e9rique Division<\/title>\n<meta name=\"robots\" content=\"index, follow, max-snippet:-1, max-image-preview:large, max-video-preview:-1\" \/>\n<link rel=\"canonical\" href=\"https:\/\/interamerica.org\/fr\/2022\/09\/une-subvention-de-5-millions-de-dollars-us-soutiendra-le-changement-communautaire-a-andrews\/\" \/>\n<meta property=\"og:locale\" content=\"fr_FR\" \/>\n<meta property=\"og:type\" content=\"article\" \/>\n<meta property=\"og:title\" content=\"Une subvention de 5 millions de dollars US soutiendra le changement communautaire \u00e0 Andrews - \u00c9glise Adventiste Du Septieme Jour - Inter Am\u00e9rique Division\" \/>\n<meta property=\"og:description\" content=\"28 Septembre 2022 | Berrien Springs, Michigan, \u00c9tats-Unis | Par :Bureau de la Communication de l\u2019Universit\u00e9 d\u2019Andrews L\u2019Universit\u00e9 d\u2019Andrews a re\u00e7u une subvention de 5000000 de dollars US de Lilly...\" \/>\n<meta property=\"og:url\" content=\"https:\/\/interamerica.org\/fr\/2022\/09\/une-subvention-de-5-millions-de-dollars-us-soutiendra-le-changement-communautaire-a-andrews\/\" \/>\n<meta property=\"og:site_name\" content=\"\u00c9glise Adventiste Du Septieme Jour - Inter Am\u00e9rique Division\" \/>\n<meta property=\"article:published_time\" content=\"2022-09-28T19:49:09+00:00\" \/>\n<meta property=\"article:modified_time\" content=\"2022-09-30T03:32:20+00:00\" \/>\n<meta property=\"og:image\" content=\"https:\/\/interamerica.org\/wp-content\/uploads\/2022\/09\/andrews-univ.jpeg\" \/>\n\t<meta property=\"og:image:width\" content=\"1800\" \/>\n\t<meta property=\"og:image:height\" content=\"900\" \/>\n\t<meta property=\"og:image:type\" content=\"image\/jpeg\" \/>\n<meta name=\"author\" content=\"libna\" \/>\n<meta name=\"twitter:card\" content=\"summary_large_image\" \/>\n<meta name=\"twitter:label1\" content=\"\u00c9crit par\" \/>\n\t<meta name=\"twitter:data1\" content=\"libna\" \/>\n\t<meta name=\"twitter:label2\" content=\"Dur\u00e9e de lecture estim\u00e9e\" \/>\n\t<meta name=\"twitter:data2\" content=\"6 minutes\" \/>\n<script type=\"application\/ld+json\" class=\"yoast-schema-graph\">{\"@context\":\"https:\\\/\\\/schema.org\",\"@graph\":[{\"@type\":\"Article\",\"@id\":\"https:\\\/\\\/interamerica.org\\\/fr\\\/2022\\\/09\\\/une-subvention-de-5-millions-de-dollars-us-soutiendra-le-changement-communautaire-a-andrews\\\/#article\",\"isPartOf\":{\"@id\":\"https:\\\/\\\/interamerica.org\\\/fr\\\/2022\\\/09\\\/une-subvention-de-5-millions-de-dollars-us-soutiendra-le-changement-communautaire-a-andrews\\\/\"},\"author\":{\"name\":\"libna\",\"@id\":\"https:\\\/\\\/interamerica.org\\\/fr\\\/#\\\/schema\\\/person\\\/29998f2bc2d8bd0d38662909289b54f1\"},\"headline\":\"Une subvention de 5 millions de dollars US soutiendra le changement communautaire \u00e0 Andrews\",\"datePublished\":\"2022-09-28T19:49:09+00:00\",\"dateModified\":\"2022-09-30T03:32:20+00:00\",\"mainEntityOfPage\":{\"@id\":\"https:\\\/\\\/interamerica.org\\\/fr\\\/2022\\\/09\\\/une-subvention-de-5-millions-de-dollars-us-soutiendra-le-changement-communautaire-a-andrews\\\/\"},\"wordCount\":1337,\"image\":{\"@id\":\"https:\\\/\\\/interamerica.org\\\/fr\\\/2022\\\/09\\\/une-subvention-de-5-millions-de-dollars-us-soutiendra-le-changement-communautaire-a-andrews\\\/#primaryimage\"},\"thumbnailUrl\":\"https:\\\/\\\/interamerica.org\\\/wp-content\\\/uploads\\\/2022\\\/09\\\/andrews-univ.jpeg\",\"articleSection\":[\"Nouvelles de l'\u00c9glise mondiale\",\"RSS Fran\u00e7ais\"],\"inLanguage\":\"fr-FR\"},{\"@type\":\"WebPage\",\"@id\":\"https:\\\/\\\/interamerica.org\\\/fr\\\/2022\\\/09\\\/une-subvention-de-5-millions-de-dollars-us-soutiendra-le-changement-communautaire-a-andrews\\\/\",\"url\":\"https:\\\/\\\/interamerica.org\\\/fr\\\/2022\\\/09\\\/une-subvention-de-5-millions-de-dollars-us-soutiendra-le-changement-communautaire-a-andrews\\\/\",\"name\":\"Une subvention de 5 millions de dollars US soutiendra le changement communautaire \u00e0 Andrews - \u00c9glise Adventiste Du Septieme Jour - Inter Am\u00e9rique Division\",\"isPartOf\":{\"@id\":\"https:\\\/\\\/interamerica.org\\\/fr\\\/#website\"},\"primaryImageOfPage\":{\"@id\":\"https:\\\/\\\/interamerica.org\\\/fr\\\/2022\\\/09\\\/une-subvention-de-5-millions-de-dollars-us-soutiendra-le-changement-communautaire-a-andrews\\\/#primaryimage\"},\"image\":{\"@id\":\"https:\\\/\\\/interamerica.org\\\/fr\\\/2022\\\/09\\\/une-subvention-de-5-millions-de-dollars-us-soutiendra-le-changement-communautaire-a-andrews\\\/#primaryimage\"},\"thumbnailUrl\":\"https:\\\/\\\/interamerica.org\\\/wp-content\\\/uploads\\\/2022\\\/09\\\/andrews-univ.jpeg\",\"datePublished\":\"2022-09-28T19:49:09+00:00\",\"dateModified\":\"2022-09-30T03:32:20+00:00\",\"author\":{\"@id\":\"https:\\\/\\\/interamerica.org\\\/fr\\\/#\\\/schema\\\/person\\\/29998f2bc2d8bd0d38662909289b54f1\"},\"breadcrumb\":{\"@id\":\"https:\\\/\\\/interamerica.org\\\/fr\\\/2022\\\/09\\\/une-subvention-de-5-millions-de-dollars-us-soutiendra-le-changement-communautaire-a-andrews\\\/#breadcrumb\"},\"inLanguage\":\"fr-FR\",\"potentialAction\":[{\"@type\":\"ReadAction\",\"target\":[\"https:\\\/\\\/interamerica.org\\\/fr\\\/2022\\\/09\\\/une-subvention-de-5-millions-de-dollars-us-soutiendra-le-changement-communautaire-a-andrews\\\/\"]}]},{\"@type\":\"ImageObject\",\"inLanguage\":\"fr-FR\",\"@id\":\"https:\\\/\\\/interamerica.org\\\/fr\\\/2022\\\/09\\\/une-subvention-de-5-millions-de-dollars-us-soutiendra-le-changement-communautaire-a-andrews\\\/#primaryimage\",\"url\":\"https:\\\/\\\/interamerica.org\\\/wp-content\\\/uploads\\\/2022\\\/09\\\/andrews-univ.jpeg\",\"contentUrl\":\"https:\\\/\\\/interamerica.org\\\/wp-content\\\/uploads\\\/2022\\\/09\\\/andrews-univ.jpeg\",\"width\":1800,\"height\":900,\"caption\":\"[Photo: Universit\u00e9 d'Andrews]\"},{\"@type\":\"BreadcrumbList\",\"@id\":\"https:\\\/\\\/interamerica.org\\\/fr\\\/2022\\\/09\\\/une-subvention-de-5-millions-de-dollars-us-soutiendra-le-changement-communautaire-a-andrews\\\/#breadcrumb\",\"itemListElement\":[{\"@type\":\"ListItem\",\"position\":1,\"name\":\"Home\",\"item\":\"https:\\\/\\\/interamerica.org\\\/fr\\\/\"},{\"@type\":\"ListItem\",\"position\":2,\"name\":\"Une subvention de 5 millions de dollars US soutiendra le changement communautaire \u00e0 Andrews\"}]},{\"@type\":\"WebSite\",\"@id\":\"https:\\\/\\\/interamerica.org\\\/fr\\\/#website\",\"url\":\"https:\\\/\\\/interamerica.org\\\/fr\\\/\",\"name\":\"\u00c9glise Adventiste Du Septieme Jour - Inter Am\u00e9rique Division\",\"description\":\"\",\"potentialAction\":[{\"@type\":\"SearchAction\",\"target\":{\"@type\":\"EntryPoint\",\"urlTemplate\":\"https:\\\/\\\/interamerica.org\\\/fr\\\/?s={search_term_string}\"},\"query-input\":{\"@type\":\"PropertyValueSpecification\",\"valueRequired\":true,\"valueName\":\"search_term_string\"}}],\"inLanguage\":\"fr-FR\"},{\"@type\":\"Person\",\"@id\":\"https:\\\/\\\/interamerica.org\\\/fr\\\/#\\\/schema\\\/person\\\/29998f2bc2d8bd0d38662909289b54f1\",\"name\":\"libna\",\"image\":{\"@type\":\"ImageObject\",\"inLanguage\":\"fr-FR\",\"@id\":\"https:\\\/\\\/secure.gravatar.com\\\/avatar\\\/7c5bd30ae4b47a9ba3c856590957fd1d96dc588bf3ac05719d247e126840331f?s=96&d=mm&r=g\",\"url\":\"https:\\\/\\\/secure.gravatar.com\\\/avatar\\\/7c5bd30ae4b47a9ba3c856590957fd1d96dc588bf3ac05719d247e126840331f?s=96&d=mm&r=g\",\"contentUrl\":\"https:\\\/\\\/secure.gravatar.com\\\/avatar\\\/7c5bd30ae4b47a9ba3c856590957fd1d96dc588bf3ac05719d247e126840331f?s=96&d=mm&r=g\",\"caption\":\"libna\"}}]}<\/script>\n<!-- \/ Yoast SEO plugin. -->","yoast_head_json":{"title":"Une subvention de 5 millions de dollars US soutiendra le changement communautaire \u00e0 Andrews - \u00c9glise Adventiste Du Septieme Jour - Inter Am\u00e9rique Division","robots":{"index":"index","follow":"follow","max-snippet":"max-snippet:-1","max-image-preview":"max-image-preview:large","max-video-preview":"max-video-preview:-1"},"canonical":"https:\/\/interamerica.org\/fr\/2022\/09\/une-subvention-de-5-millions-de-dollars-us-soutiendra-le-changement-communautaire-a-andrews\/","og_locale":"fr_FR","og_type":"article","og_title":"Une subvention de 5 millions de dollars US soutiendra le changement communautaire \u00e0 Andrews - \u00c9glise Adventiste Du Septieme Jour - Inter Am\u00e9rique Division","og_description":"28 Septembre 2022 | Berrien Springs, Michigan, \u00c9tats-Unis | Par :Bureau de la Communication de l\u2019Universit\u00e9 d\u2019Andrews L\u2019Universit\u00e9 d\u2019Andrews a re\u00e7u une subvention de 5000000 de dollars US de Lilly...","og_url":"https:\/\/interamerica.org\/fr\/2022\/09\/une-subvention-de-5-millions-de-dollars-us-soutiendra-le-changement-communautaire-a-andrews\/","og_site_name":"\u00c9glise Adventiste Du Septieme Jour - Inter Am\u00e9rique Division","article_published_time":"2022-09-28T19:49:09+00:00","article_modified_time":"2022-09-30T03:32:20+00:00","og_image":[{"width":1800,"height":900,"url":"https:\/\/interamerica.org\/wp-content\/uploads\/2022\/09\/andrews-univ.jpeg","type":"image\/jpeg"}],"author":"libna","twitter_card":"summary_large_image","twitter_misc":{"\u00c9crit par":"libna","Dur\u00e9e de lecture estim\u00e9e":"6 minutes"},"schema":{"@context":"https:\/\/schema.org","@graph":[{"@type":"Article","@id":"https:\/\/interamerica.org\/fr\/2022\/09\/une-subvention-de-5-millions-de-dollars-us-soutiendra-le-changement-communautaire-a-andrews\/#article","isPartOf":{"@id":"https:\/\/interamerica.org\/fr\/2022\/09\/une-subvention-de-5-millions-de-dollars-us-soutiendra-le-changement-communautaire-a-andrews\/"},"author":{"name":"libna","@id":"https:\/\/interamerica.org\/fr\/#\/schema\/person\/29998f2bc2d8bd0d38662909289b54f1"},"headline":"Une subvention de 5 millions de dollars US soutiendra le changement communautaire \u00e0 Andrews","datePublished":"2022-09-28T19:49:09+00:00","dateModified":"2022-09-30T03:32:20+00:00","mainEntityOfPage":{"@id":"https:\/\/interamerica.org\/fr\/2022\/09\/une-subvention-de-5-millions-de-dollars-us-soutiendra-le-changement-communautaire-a-andrews\/"},"wordCount":1337,"image":{"@id":"https:\/\/interamerica.org\/fr\/2022\/09\/une-subvention-de-5-millions-de-dollars-us-soutiendra-le-changement-communautaire-a-andrews\/#primaryimage"},"thumbnailUrl":"https:\/\/interamerica.org\/wp-content\/uploads\/2022\/09\/andrews-univ.jpeg","articleSection":["Nouvelles de l'\u00c9glise mondiale","RSS Fran\u00e7ais"],"inLanguage":"fr-FR"},{"@type":"WebPage","@id":"https:\/\/interamerica.org\/fr\/2022\/09\/une-subvention-de-5-millions-de-dollars-us-soutiendra-le-changement-communautaire-a-andrews\/","url":"https:\/\/interamerica.org\/fr\/2022\/09\/une-subvention-de-5-millions-de-dollars-us-soutiendra-le-changement-communautaire-a-andrews\/","name":"Une subvention de 5 millions de dollars US soutiendra le changement communautaire \u00e0 Andrews - \u00c9glise Adventiste Du Septieme Jour - Inter Am\u00e9rique Division","isPartOf":{"@id":"https:\/\/interamerica.org\/fr\/#website"},"primaryImageOfPage":{"@id":"https:\/\/interamerica.org\/fr\/2022\/09\/une-subvention-de-5-millions-de-dollars-us-soutiendra-le-changement-communautaire-a-andrews\/#primaryimage"},"image":{"@id":"https:\/\/interamerica.org\/fr\/2022\/09\/une-subvention-de-5-millions-de-dollars-us-soutiendra-le-changement-communautaire-a-andrews\/#primaryimage"},"thumbnailUrl":"https:\/\/interamerica.org\/wp-content\/uploads\/2022\/09\/andrews-univ.jpeg","datePublished":"2022-09-28T19:49:09+00:00","dateModified":"2022-09-30T03:32:20+00:00","author":{"@id":"https:\/\/interamerica.org\/fr\/#\/schema\/person\/29998f2bc2d8bd0d38662909289b54f1"},"breadcrumb":{"@id":"https:\/\/interamerica.org\/fr\/2022\/09\/une-subvention-de-5-millions-de-dollars-us-soutiendra-le-changement-communautaire-a-andrews\/#breadcrumb"},"inLanguage":"fr-FR","potentialAction":[{"@type":"ReadAction","target":["https:\/\/interamerica.org\/fr\/2022\/09\/une-subvention-de-5-millions-de-dollars-us-soutiendra-le-changement-communautaire-a-andrews\/"]}]},{"@type":"ImageObject","inLanguage":"fr-FR","@id":"https:\/\/interamerica.org\/fr\/2022\/09\/une-subvention-de-5-millions-de-dollars-us-soutiendra-le-changement-communautaire-a-andrews\/#primaryimage","url":"https:\/\/interamerica.org\/wp-content\/uploads\/2022\/09\/andrews-univ.jpeg","contentUrl":"https:\/\/interamerica.org\/wp-content\/uploads\/2022\/09\/andrews-univ.jpeg","width":1800,"height":900,"caption":"[Photo: Universit\u00e9 d'Andrews]"},{"@type":"BreadcrumbList","@id":"https:\/\/interamerica.org\/fr\/2022\/09\/une-subvention-de-5-millions-de-dollars-us-soutiendra-le-changement-communautaire-a-andrews\/#breadcrumb","itemListElement":[{"@type":"ListItem","position":1,"name":"Home","item":"https:\/\/interamerica.org\/fr\/"},{"@type":"ListItem","position":2,"name":"Une subvention de 5 millions de dollars US soutiendra le changement communautaire \u00e0 Andrews"}]},{"@type":"WebSite","@id":"https:\/\/interamerica.org\/fr\/#website","url":"https:\/\/interamerica.org\/fr\/","name":"\u00c9glise Adventiste Du Septieme Jour - Inter Am\u00e9rique Division","description":"","potentialAction":[{"@type":"SearchAction","target":{"@type":"EntryPoint","urlTemplate":"https:\/\/interamerica.org\/fr\/?s={search_term_string}"},"query-input":{"@type":"PropertyValueSpecification","valueRequired":true,"valueName":"search_term_string"}}],"inLanguage":"fr-FR"},{"@type":"Person","@id":"https:\/\/interamerica.org\/fr\/#\/schema\/person\/29998f2bc2d8bd0d38662909289b54f1","name":"libna","image":{"@type":"ImageObject","inLanguage":"fr-FR","@id":"https:\/\/secure.gravatar.com\/avatar\/7c5bd30ae4b47a9ba3c856590957fd1d96dc588bf3ac05719d247e126840331f?s=96&d=mm&r=g","url":"https:\/\/secure.gravatar.com\/avatar\/7c5bd30ae4b47a9ba3c856590957fd1d96dc588bf3ac05719d247e126840331f?s=96&d=mm&r=g","contentUrl":"https:\/\/secure.gravatar.com\/avatar\/7c5bd30ae4b47a9ba3c856590957fd1d96dc588bf3ac05719d247e126840331f?s=96&d=mm&r=g","caption":"libna"}}]}},"_links":{"self":[{"href":"https:\/\/interamerica.org\/fr\/wp-json\/wp\/v2\/posts\/89990","targetHints":{"allow":["GET"]}}],"collection":[{"href":"https:\/\/interamerica.org\/fr\/wp-json\/wp\/v2\/posts"}],"about":[{"href":"https:\/\/interamerica.org\/fr\/wp-json\/wp\/v2\/types\/post"}],"author":[{"embeddable":true,"href":"https:\/\/interamerica.org\/fr\/wp-json\/wp\/v2\/users\/3"}],"replies":[{"embeddable":true,"href":"https:\/\/interamerica.org\/fr\/wp-json\/wp\/v2\/comments?post=89990"}],"version-history":[{"count":0,"href":"https:\/\/interamerica.org\/fr\/wp-json\/wp\/v2\/posts\/89990\/revisions"}],"wp:featuredmedia":[{"embeddable":true,"href":"https:\/\/interamerica.org\/fr\/wp-json\/wp\/v2\/media\/89900"}],"wp:attachment":[{"href":"https:\/\/interamerica.org\/fr\/wp-json\/wp\/v2\/media?parent=89990"}],"wp:term":[{"taxonomy":"category","embeddable":true,"href":"https:\/\/interamerica.org\/fr\/wp-json\/wp\/v2\/categories?post=89990"},{"taxonomy":"post_tag","embeddable":true,"href":"https:\/\/interamerica.org\/fr\/wp-json\/wp\/v2\/tags?post=89990"}],"curies":[{"name":"wp","href":"https:\/\/api.w.org\/{rel}","templated":true}]}}