{"id":89992,"date":"2022-09-29T16:16:39","date_gmt":"2022-09-29T20:16:39","guid":{"rendered":"https:\/\/interamerica.org\/?p=89992"},"modified":"2022-09-29T23:34:25","modified_gmt":"2022-09-30T03:34:25","slug":"benjamin-yip-representant-evangeliste-pionnier-parmi-les-communautes-chinoises-dans-la-caraibe","status":"publish","type":"post","link":"https:\/\/interamerica.org\/fr\/2022\/09\/benjamin-yip-representant-evangeliste-pionnier-parmi-les-communautes-chinoises-dans-la-caraibe\/","title":{"rendered":"Benjamin Yip : Repr\u00e9sentant \u00e9vang\u00e9liste pionnier parmi les communaut\u00e9s chinoises dans la Cara\u00efbe"},"content":{"rendered":"<p>29 Septembre 2022 | Port of Spain, Trinidad | Par Glenn O. Phillips<\/p>\n<p><em>Ce r\u00e9cit est tir\u00e9 de l\u2019Encyclop\u00e9die des Adventistes du septi\u00e8me jour (ESDA) qui est accessible gratuitement sur le site <a href=\"https:\/\/encyclopedia.adventist.org\/\">encyclopedia.adventist.org<\/a>.<\/em><\/p>\n<p>Benjamin Yip \u00e9tait l\u2019un des premiers pasteurs adventistes pionnier dans la Cara\u00efbe et administrateur d\u2019\u00e9glise d\u2019origine chinoise. \u00c0 la fin des ann\u00e9es 1920, il a \u00e9t\u00e9 consacr\u00e9 pasteur adventiste apr\u00e8s de nombreuses ann\u00e9es de travail tr\u00e8s fructueux en tant que colporteur, \u00e9vang\u00e9liste et secr\u00e9taire-tr\u00e9sorier de la F\u00e9d\u00e9ration du Sud de la Cara\u00efbe \u00e0 Trinidad. Il a \u00e9t\u00e9 parmi les premiers dirigeants n\u00e9s dans la Cara\u00efbe \u00e0 occuper un poste administratif dans l\u2019\u00c9glise adventiste du septi\u00e8me jour. Il a travaill\u00e9 dans la F\u00e9d\u00e9ration du Sud de la Cara\u00efbe de 1917 jusqu\u2019\u00e0 sa mort en 1939.<a id=\"fnref1\" class=\"footnoteRef\" href=\"https:\/\/encyclopedia.adventist.org\/article?id=9ICP#fn1\"><sup>1<\/sup><\/a>\u00a0La rubrique n\u00e9crologique le concernant et publi\u00e9e dans\u00a0<em>Field Gleanings<\/em>\u00a0fait la description de son travail d\u00e9vou\u00e9 \u00e0 une \u00e9poque o\u00f9 il y avait une grande hostilit\u00e9 dans la communaut\u00e9 envers les nouveaux croyants adventistes. A son sujet, il est dit dans l\u2019article n\u00e9crologique que,<\/p>\n<blockquote><p>Ses services sont rapidement devenus inestimables et presque indispensables, en quelques br\u00e8ves ann\u00e9es sous l\u2019administration de fr\u00e8re H. J. Edmed, il a atteint le grand honneur et la responsabilit\u00e9 d\u2019\u00eatre le secr\u00e9taire-tr\u00e9sorier de la F\u00e9d\u00e9ration du Sud de la Cara\u00efbe, poste qu\u2019il a occup\u00e9 beaucoup plus longtemps que n\u2019importe quel autre administrateur l\u2019ayant pr\u00e9c\u00e9d\u00e9 ou lui ayant succ\u00e9d\u00e9.<a id=\"fnref2\" class=\"footnoteRef\" href=\"https:\/\/encyclopedia.adventist.org\/article?id=9ICP#fn2\"><sup>2<\/sup><\/a><\/p><\/blockquote>\n<div id=\"attachment_89968\" style=\"width: 496px\" class=\"wp-caption alignright\"><img fetchpriority=\"high\" decoding=\"async\" aria-describedby=\"caption-attachment-89968\" class=\" wp-image-89968\" src=\"https:\/\/interamerica.org\/wp-content\/uploads\/2022\/09\/benjamin-yip-896x1024.jpeg\" alt=\"\" width=\"486\" height=\"556\" srcset=\"https:\/\/interamerica.org\/wp-content\/uploads\/2022\/09\/benjamin-yip-896x1024.jpeg 896w, https:\/\/interamerica.org\/wp-content\/uploads\/2022\/09\/benjamin-yip-263x300.jpeg 263w, https:\/\/interamerica.org\/wp-content\/uploads\/2022\/09\/benjamin-yip-768x878.jpeg 768w, https:\/\/interamerica.org\/wp-content\/uploads\/2022\/09\/benjamin-yip.jpeg 1050w\" sizes=\"(max-width: 486px) 100vw, 486px\" \/><p id=\"caption-attachment-89968\" class=\"wp-caption-text\">Pasteurr Benjamin Yip<br \/>De Eric J. Murray, A History of Seventh-day Adventist in Trinidad and Tobago,1891-1981, (Maracas Valley, Trinidad: College Press, 1981), p. 96.<\/p><\/div>\n<h3>Premi\u00e8res ann\u00e9es<\/h3>\n<p>Benjamin Yip est n\u00e9 le 26 mars 1894, deuxi\u00e8me des quatre enfants de John et Elizabeth Yip de Georgetown, Guyane Britannique (Guyana). Il \u00e9tait d\u2019origine chinoise, l\u2019une des communaut\u00e9s minoritaires de la colonie, comptant plus de quatorze mille personnes qui ont commenc\u00e9 \u00e0 arriver au milieu des ann\u00e9es 1850, principalement de Hong Kong. Au moment de sa naissance, la plupart des Sino-Guyanais \u00e9taient chr\u00e9tiens et membres des congr\u00e9gations locales de la British Church Missionary Society (Soci\u00e9t\u00e9 Missionnaire de l\u2019\u00c9glise Britannique). Benjamin Yip a d\u00e9but\u00e9 sa scolarit\u00e9 \u00e0 Georgetown et pr\u00e9voyait de devenir un homme d\u2019affaires prospectant de l\u2019or dans le commerce \u00e9mergent d\u2019exportation d\u2019or du pays qui a connu un grand succ\u00e8s apr\u00e8s de r\u00e9centes d\u00e9couvertes mini\u00e8res dans le vaste int\u00e9rieur de la colonie. Cependant, apr\u00e8s avoir rencontr\u00e9 la foi adventiste du septi\u00e8me jour par l\u2019interm\u00e9diaire d\u2019un ami et gr\u00e2ce \u00e0 sa lecture approfondie des publications adventistes, il a particip\u00e9 \u00e0 une campagne d\u2019\u00e9vang\u00e9lisation \u00e0 Georgetown et a \u00e9t\u00e9 baptis\u00e9 en 1914.<\/p>\n<h3>Carri\u00e8re et famille<\/h3>\n<p>Benjamin Yip a imm\u00e9diatement ressenti qu\u2019il avait besoin de partager sa foi et est devenu un colporteur qui a eu beaucoup de succ\u00e8s et a vendu des centaines de livres et de magazines adventistes \u00e0 Georgetown, la plus grande ville de la colonie ainsi que dans d\u2019autres villes et villages. En cons\u00e9quence, il est devenu bien connu et tr\u00e8s appr\u00e9ci\u00e9 pour son travail dans l\u2019\u0153uvre de distribution de publications parmi les adventistes dont le nombre allait croissant. Il a \u00e9t\u00e9 \u00e9lu responsable de la British Guyana Tract Society.<a id=\"fnref3\" class=\"footnoteRef\" href=\"https:\/\/encyclopedia.adventist.org\/article?id=9ICP#fn3\"><sup>3<\/sup><\/a><\/p>\n<p>Cependant, quelques ann\u00e9es plus tard, il a \u00e9t\u00e9 encourag\u00e9 \u00e0 se rendre \u00e0 Trinidad pour y poursuivre son travail de colporteur, y compris dans la communaut\u00e9 chinoise croissante dans la colonie. Peu de temps apr\u00e8s, en 1917, il a commenc\u00e9 \u00e0 travailler au si\u00e8ge de la F\u00e9d\u00e9ration du Sud de la Cara\u00efbe \u00e0 Port of Spain. Il a \u00e9galement commenc\u00e9 \u00e0 tenir des r\u00e9unions d\u2019\u00e9vang\u00e9lisation et a \u00e9t\u00e9 consacr\u00e9 au minist\u00e8re pastoral en 1926. Benjamin Yip a \u00e9pous\u00e9 Ethel Woonsam qui, avec sa s\u0153ur, Mathilda, avait assist\u00e9 \u00e0 l\u2019une de ses campagnes d\u2019\u00e9vang\u00e9lisation. Le couple a eu quatre enfants, deux gar\u00e7ons et deux filles : Enid, Robert, Yvonne et Celian.<a id=\"fnref4\" class=\"footnoteRef\" href=\"https:\/\/encyclopedia.adventist.org\/article?id=9ICP#fn4\"><sup>4<\/sup><\/a>\u00a0Benjamin Yip a \u00e9t\u00e9 pasteur \u00e0 la Grenade ; cependant, sa principale fonction a \u00e9t\u00e9 celle de secr\u00e9taire-tr\u00e9sorier de la F\u00e9d\u00e9ration du Sud de la Cara\u00efbe pendant treize ans.<a id=\"fnref5\" class=\"footnoteRef\" href=\"https:\/\/encyclopedia.adventist.org\/article?id=9ICP#fn5\"><sup>5<\/sup><\/a><\/p>\n<p>En 1936, la sant\u00e9 de Benjamin Yip a commenc\u00e9 \u00e0 d\u00e9cliner et il s\u2019est rendu \u00e0 la Barbade o\u00f9 il a suivi un traitement pendant quelques mois au sanatorium du Dr Charles Cave avant de reprendre son travail \u00e0 Trinidad.<a id=\"fnref6\" class=\"footnoteRef\" href=\"https:\/\/encyclopedia.adventist.org\/article?id=9ICP#fn6\"><sup>6<\/sup><\/a>\u00a0Cependant, les affections respiratoires de Benjamin Yip ont continu\u00e9 \u00e0 persister et ont conduit \u00e0 sa mort le 31 d\u00e9cembre 1939. Ses fun\u00e9railles ont eu lieu \u00e0 l\u2019\u00e9glise adventiste du septi\u00e8me jour de Port-of-Spain \u00e0 Trinidad, o\u00f9 des centaines de personnes se sont rassembl\u00e9es, y compris les professeurs et les \u00e9tudiants du Caribbean Training College, pour exprimer leur sinc\u00e8re gratitude \u00e0 la famille pour son d\u00e9vouement \u00e0 l\u2019oeuvre.<a id=\"fnref7\" class=\"footnoteRef\" href=\"https:\/\/encyclopedia.adventist.org\/article?id=9ICP#fn7\"><sup>7<\/sup><\/a><\/p>\n<p>Pour les sources et les notes, cliquez <a href=\"https:\/\/encyclopedia.adventist.org\/article?id=9ICP\">ICI<\/a><\/p>\n<p>Traduction: Patrick Luciathe<\/p>\n","protected":false},"excerpt":{"rendered":"<p>29 Septembre 2022 | Port of Spain, Trinidad | Par Glenn O. Phillips Ce r\u00e9cit est tir\u00e9 de l\u2019Encyclop\u00e9die des Adventistes du septi\u00e8me jour (ESDA) qui est accessible gratuitement sur&#8230;<\/p>\n","protected":false},"author":3,"featured_media":89974,"comment_status":"closed","ping_status":"closed","sticky":false,"template":"","format":"standard","meta":{"_acf_changed":false,"footnotes":""},"categories":[18,19],"tags":[],"class_list":["post-89992","post","type-post","status-publish","format-standard","has-post-thumbnail","hentry","category-nouvelles-de-leglise-mondiale","category-rss-francais"],"acf":[],"yoast_head":"<!-- This site is optimized with the Yoast SEO plugin v27.3 - https:\/\/yoast.com\/product\/yoast-seo-wordpress\/ -->\n<title>Benjamin Yip : Repr\u00e9sentant \u00e9vang\u00e9liste pionnier parmi les communaut\u00e9s chinoises dans la Cara\u00efbe - \u00c9glise Adventiste Du Septieme Jour - Inter Am\u00e9rique Division<\/title>\n<meta name=\"robots\" content=\"index, follow, max-snippet:-1, max-image-preview:large, max-video-preview:-1\" \/>\n<link rel=\"canonical\" href=\"https:\/\/interamerica.org\/fr\/2022\/09\/benjamin-yip-representant-evangeliste-pionnier-parmi-les-communautes-chinoises-dans-la-caraibe\/\" \/>\n<meta property=\"og:locale\" content=\"fr_FR\" \/>\n<meta property=\"og:type\" content=\"article\" \/>\n<meta property=\"og:title\" content=\"Benjamin Yip : Repr\u00e9sentant \u00e9vang\u00e9liste pionnier parmi les communaut\u00e9s chinoises dans la Cara\u00efbe - \u00c9glise Adventiste Du Septieme Jour - Inter Am\u00e9rique Division\" \/>\n<meta property=\"og:description\" content=\"29 Septembre 2022 | Port of Spain, Trinidad | Par Glenn O. Phillips Ce r\u00e9cit est tir\u00e9 de l\u2019Encyclop\u00e9die des Adventistes du septi\u00e8me jour (ESDA) qui est accessible gratuitement sur...\" \/>\n<meta property=\"og:url\" content=\"https:\/\/interamerica.org\/fr\/2022\/09\/benjamin-yip-representant-evangeliste-pionnier-parmi-les-communautes-chinoises-dans-la-caraibe\/\" \/>\n<meta property=\"og:site_name\" content=\"\u00c9glise Adventiste Du Septieme Jour - Inter Am\u00e9rique Division\" \/>\n<meta property=\"article:published_time\" content=\"2022-09-29T20:16:39+00:00\" \/>\n<meta property=\"article:modified_time\" content=\"2022-09-30T03:34:25+00:00\" \/>\n<meta property=\"og:image\" content=\"https:\/\/interamerica.org\/wp-content\/uploads\/2022\/09\/kenrick-baksh-omesusih8r0-unsplash-1280.jpg\" \/>\n\t<meta property=\"og:image:width\" content=\"1280\" \/>\n\t<meta property=\"og:image:height\" content=\"800\" \/>\n\t<meta property=\"og:image:type\" content=\"image\/jpeg\" \/>\n<meta name=\"author\" content=\"libna\" \/>\n<meta name=\"twitter:card\" content=\"summary_large_image\" \/>\n<meta name=\"twitter:label1\" content=\"\u00c9crit par\" \/>\n\t<meta name=\"twitter:data1\" content=\"libna\" \/>\n\t<meta name=\"twitter:label2\" content=\"Dur\u00e9e de lecture estim\u00e9e\" \/>\n\t<meta name=\"twitter:data2\" content=\"4 minutes\" \/>\n<script type=\"application\/ld+json\" class=\"yoast-schema-graph\">{\"@context\":\"https:\\\/\\\/schema.org\",\"@graph\":[{\"@type\":\"Article\",\"@id\":\"https:\\\/\\\/interamerica.org\\\/fr\\\/2022\\\/09\\\/benjamin-yip-representant-evangeliste-pionnier-parmi-les-communautes-chinoises-dans-la-caraibe\\\/#article\",\"isPartOf\":{\"@id\":\"https:\\\/\\\/interamerica.org\\\/fr\\\/2022\\\/09\\\/benjamin-yip-representant-evangeliste-pionnier-parmi-les-communautes-chinoises-dans-la-caraibe\\\/\"},\"author\":{\"name\":\"libna\",\"@id\":\"https:\\\/\\\/interamerica.org\\\/fr\\\/#\\\/schema\\\/person\\\/29998f2bc2d8bd0d38662909289b54f1\"},\"headline\":\"Benjamin Yip : Repr\u00e9sentant \u00e9vang\u00e9liste pionnier parmi les communaut\u00e9s chinoises dans la Cara\u00efbe\",\"datePublished\":\"2022-09-29T20:16:39+00:00\",\"dateModified\":\"2022-09-30T03:34:25+00:00\",\"mainEntityOfPage\":{\"@id\":\"https:\\\/\\\/interamerica.org\\\/fr\\\/2022\\\/09\\\/benjamin-yip-representant-evangeliste-pionnier-parmi-les-communautes-chinoises-dans-la-caraibe\\\/\"},\"wordCount\":862,\"image\":{\"@id\":\"https:\\\/\\\/interamerica.org\\\/fr\\\/2022\\\/09\\\/benjamin-yip-representant-evangeliste-pionnier-parmi-les-communautes-chinoises-dans-la-caraibe\\\/#primaryimage\"},\"thumbnailUrl\":\"https:\\\/\\\/interamerica.org\\\/wp-content\\\/uploads\\\/2022\\\/09\\\/kenrick-baksh-omesusih8r0-unsplash-1280.jpg\",\"articleSection\":[\"Nouvelles de l'\u00c9glise mondiale\",\"RSS Fran\u00e7ais\"],\"inLanguage\":\"fr-FR\"},{\"@type\":\"WebPage\",\"@id\":\"https:\\\/\\\/interamerica.org\\\/fr\\\/2022\\\/09\\\/benjamin-yip-representant-evangeliste-pionnier-parmi-les-communautes-chinoises-dans-la-caraibe\\\/\",\"url\":\"https:\\\/\\\/interamerica.org\\\/fr\\\/2022\\\/09\\\/benjamin-yip-representant-evangeliste-pionnier-parmi-les-communautes-chinoises-dans-la-caraibe\\\/\",\"name\":\"Benjamin Yip : Repr\u00e9sentant \u00e9vang\u00e9liste pionnier parmi les communaut\u00e9s chinoises dans la Cara\u00efbe - \u00c9glise Adventiste Du Septieme Jour - Inter Am\u00e9rique Division\",\"isPartOf\":{\"@id\":\"https:\\\/\\\/interamerica.org\\\/fr\\\/#website\"},\"primaryImageOfPage\":{\"@id\":\"https:\\\/\\\/interamerica.org\\\/fr\\\/2022\\\/09\\\/benjamin-yip-representant-evangeliste-pionnier-parmi-les-communautes-chinoises-dans-la-caraibe\\\/#primaryimage\"},\"image\":{\"@id\":\"https:\\\/\\\/interamerica.org\\\/fr\\\/2022\\\/09\\\/benjamin-yip-representant-evangeliste-pionnier-parmi-les-communautes-chinoises-dans-la-caraibe\\\/#primaryimage\"},\"thumbnailUrl\":\"https:\\\/\\\/interamerica.org\\\/wp-content\\\/uploads\\\/2022\\\/09\\\/kenrick-baksh-omesusih8r0-unsplash-1280.jpg\",\"datePublished\":\"2022-09-29T20:16:39+00:00\",\"dateModified\":\"2022-09-30T03:34:25+00:00\",\"author\":{\"@id\":\"https:\\\/\\\/interamerica.org\\\/fr\\\/#\\\/schema\\\/person\\\/29998f2bc2d8bd0d38662909289b54f1\"},\"breadcrumb\":{\"@id\":\"https:\\\/\\\/interamerica.org\\\/fr\\\/2022\\\/09\\\/benjamin-yip-representant-evangeliste-pionnier-parmi-les-communautes-chinoises-dans-la-caraibe\\\/#breadcrumb\"},\"inLanguage\":\"fr-FR\",\"potentialAction\":[{\"@type\":\"ReadAction\",\"target\":[\"https:\\\/\\\/interamerica.org\\\/fr\\\/2022\\\/09\\\/benjamin-yip-representant-evangeliste-pionnier-parmi-les-communautes-chinoises-dans-la-caraibe\\\/\"]}]},{\"@type\":\"ImageObject\",\"inLanguage\":\"fr-FR\",\"@id\":\"https:\\\/\\\/interamerica.org\\\/fr\\\/2022\\\/09\\\/benjamin-yip-representant-evangeliste-pionnier-parmi-les-communautes-chinoises-dans-la-caraibe\\\/#primaryimage\",\"url\":\"https:\\\/\\\/interamerica.org\\\/wp-content\\\/uploads\\\/2022\\\/09\\\/kenrick-baksh-omesusih8r0-unsplash-1280.jpg\",\"contentUrl\":\"https:\\\/\\\/interamerica.org\\\/wp-content\\\/uploads\\\/2022\\\/09\\\/kenrick-baksh-omesusih8r0-unsplash-1280.jpg\",\"width\":1280,\"height\":800,\"caption\":\"[Photo: Kenrick Baksh\\\/Unsplash]\"},{\"@type\":\"BreadcrumbList\",\"@id\":\"https:\\\/\\\/interamerica.org\\\/fr\\\/2022\\\/09\\\/benjamin-yip-representant-evangeliste-pionnier-parmi-les-communautes-chinoises-dans-la-caraibe\\\/#breadcrumb\",\"itemListElement\":[{\"@type\":\"ListItem\",\"position\":1,\"name\":\"Home\",\"item\":\"https:\\\/\\\/interamerica.org\\\/fr\\\/\"},{\"@type\":\"ListItem\",\"position\":2,\"name\":\"Benjamin Yip : Repr\u00e9sentant \u00e9vang\u00e9liste pionnier parmi les communaut\u00e9s chinoises dans la Cara\u00efbe\"}]},{\"@type\":\"WebSite\",\"@id\":\"https:\\\/\\\/interamerica.org\\\/fr\\\/#website\",\"url\":\"https:\\\/\\\/interamerica.org\\\/fr\\\/\",\"name\":\"\u00c9glise Adventiste Du Septieme Jour - Inter Am\u00e9rique Division\",\"description\":\"\",\"potentialAction\":[{\"@type\":\"SearchAction\",\"target\":{\"@type\":\"EntryPoint\",\"urlTemplate\":\"https:\\\/\\\/interamerica.org\\\/fr\\\/?s={search_term_string}\"},\"query-input\":{\"@type\":\"PropertyValueSpecification\",\"valueRequired\":true,\"valueName\":\"search_term_string\"}}],\"inLanguage\":\"fr-FR\"},{\"@type\":\"Person\",\"@id\":\"https:\\\/\\\/interamerica.org\\\/fr\\\/#\\\/schema\\\/person\\\/29998f2bc2d8bd0d38662909289b54f1\",\"name\":\"libna\",\"image\":{\"@type\":\"ImageObject\",\"inLanguage\":\"fr-FR\",\"@id\":\"https:\\\/\\\/secure.gravatar.com\\\/avatar\\\/7c5bd30ae4b47a9ba3c856590957fd1d96dc588bf3ac05719d247e126840331f?s=96&d=mm&r=g\",\"url\":\"https:\\\/\\\/secure.gravatar.com\\\/avatar\\\/7c5bd30ae4b47a9ba3c856590957fd1d96dc588bf3ac05719d247e126840331f?s=96&d=mm&r=g\",\"contentUrl\":\"https:\\\/\\\/secure.gravatar.com\\\/avatar\\\/7c5bd30ae4b47a9ba3c856590957fd1d96dc588bf3ac05719d247e126840331f?s=96&d=mm&r=g\",\"caption\":\"libna\"}}]}<\/script>\n<!-- \/ Yoast SEO plugin. -->","yoast_head_json":{"title":"Benjamin Yip : Repr\u00e9sentant \u00e9vang\u00e9liste pionnier parmi les communaut\u00e9s chinoises dans la Cara\u00efbe - \u00c9glise Adventiste Du Septieme Jour - Inter Am\u00e9rique Division","robots":{"index":"index","follow":"follow","max-snippet":"max-snippet:-1","max-image-preview":"max-image-preview:large","max-video-preview":"max-video-preview:-1"},"canonical":"https:\/\/interamerica.org\/fr\/2022\/09\/benjamin-yip-representant-evangeliste-pionnier-parmi-les-communautes-chinoises-dans-la-caraibe\/","og_locale":"fr_FR","og_type":"article","og_title":"Benjamin Yip : Repr\u00e9sentant \u00e9vang\u00e9liste pionnier parmi les communaut\u00e9s chinoises dans la Cara\u00efbe - \u00c9glise Adventiste Du Septieme Jour - Inter Am\u00e9rique Division","og_description":"29 Septembre 2022 | Port of Spain, Trinidad | Par Glenn O. Phillips Ce r\u00e9cit est tir\u00e9 de l\u2019Encyclop\u00e9die des Adventistes du septi\u00e8me jour (ESDA) qui est accessible gratuitement sur...","og_url":"https:\/\/interamerica.org\/fr\/2022\/09\/benjamin-yip-representant-evangeliste-pionnier-parmi-les-communautes-chinoises-dans-la-caraibe\/","og_site_name":"\u00c9glise Adventiste Du Septieme Jour - Inter Am\u00e9rique Division","article_published_time":"2022-09-29T20:16:39+00:00","article_modified_time":"2022-09-30T03:34:25+00:00","og_image":[{"width":1280,"height":800,"url":"https:\/\/interamerica.org\/wp-content\/uploads\/2022\/09\/kenrick-baksh-omesusih8r0-unsplash-1280.jpg","type":"image\/jpeg"}],"author":"libna","twitter_card":"summary_large_image","twitter_misc":{"\u00c9crit par":"libna","Dur\u00e9e de lecture estim\u00e9e":"4 minutes"},"schema":{"@context":"https:\/\/schema.org","@graph":[{"@type":"Article","@id":"https:\/\/interamerica.org\/fr\/2022\/09\/benjamin-yip-representant-evangeliste-pionnier-parmi-les-communautes-chinoises-dans-la-caraibe\/#article","isPartOf":{"@id":"https:\/\/interamerica.org\/fr\/2022\/09\/benjamin-yip-representant-evangeliste-pionnier-parmi-les-communautes-chinoises-dans-la-caraibe\/"},"author":{"name":"libna","@id":"https:\/\/interamerica.org\/fr\/#\/schema\/person\/29998f2bc2d8bd0d38662909289b54f1"},"headline":"Benjamin Yip : Repr\u00e9sentant \u00e9vang\u00e9liste pionnier parmi les communaut\u00e9s chinoises dans la Cara\u00efbe","datePublished":"2022-09-29T20:16:39+00:00","dateModified":"2022-09-30T03:34:25+00:00","mainEntityOfPage":{"@id":"https:\/\/interamerica.org\/fr\/2022\/09\/benjamin-yip-representant-evangeliste-pionnier-parmi-les-communautes-chinoises-dans-la-caraibe\/"},"wordCount":862,"image":{"@id":"https:\/\/interamerica.org\/fr\/2022\/09\/benjamin-yip-representant-evangeliste-pionnier-parmi-les-communautes-chinoises-dans-la-caraibe\/#primaryimage"},"thumbnailUrl":"https:\/\/interamerica.org\/wp-content\/uploads\/2022\/09\/kenrick-baksh-omesusih8r0-unsplash-1280.jpg","articleSection":["Nouvelles de l'\u00c9glise mondiale","RSS Fran\u00e7ais"],"inLanguage":"fr-FR"},{"@type":"WebPage","@id":"https:\/\/interamerica.org\/fr\/2022\/09\/benjamin-yip-representant-evangeliste-pionnier-parmi-les-communautes-chinoises-dans-la-caraibe\/","url":"https:\/\/interamerica.org\/fr\/2022\/09\/benjamin-yip-representant-evangeliste-pionnier-parmi-les-communautes-chinoises-dans-la-caraibe\/","name":"Benjamin Yip : Repr\u00e9sentant \u00e9vang\u00e9liste pionnier parmi les communaut\u00e9s chinoises dans la Cara\u00efbe - \u00c9glise Adventiste Du Septieme Jour - Inter Am\u00e9rique Division","isPartOf":{"@id":"https:\/\/interamerica.org\/fr\/#website"},"primaryImageOfPage":{"@id":"https:\/\/interamerica.org\/fr\/2022\/09\/benjamin-yip-representant-evangeliste-pionnier-parmi-les-communautes-chinoises-dans-la-caraibe\/#primaryimage"},"image":{"@id":"https:\/\/interamerica.org\/fr\/2022\/09\/benjamin-yip-representant-evangeliste-pionnier-parmi-les-communautes-chinoises-dans-la-caraibe\/#primaryimage"},"thumbnailUrl":"https:\/\/interamerica.org\/wp-content\/uploads\/2022\/09\/kenrick-baksh-omesusih8r0-unsplash-1280.jpg","datePublished":"2022-09-29T20:16:39+00:00","dateModified":"2022-09-30T03:34:25+00:00","author":{"@id":"https:\/\/interamerica.org\/fr\/#\/schema\/person\/29998f2bc2d8bd0d38662909289b54f1"},"breadcrumb":{"@id":"https:\/\/interamerica.org\/fr\/2022\/09\/benjamin-yip-representant-evangeliste-pionnier-parmi-les-communautes-chinoises-dans-la-caraibe\/#breadcrumb"},"inLanguage":"fr-FR","potentialAction":[{"@type":"ReadAction","target":["https:\/\/interamerica.org\/fr\/2022\/09\/benjamin-yip-representant-evangeliste-pionnier-parmi-les-communautes-chinoises-dans-la-caraibe\/"]}]},{"@type":"ImageObject","inLanguage":"fr-FR","@id":"https:\/\/interamerica.org\/fr\/2022\/09\/benjamin-yip-representant-evangeliste-pionnier-parmi-les-communautes-chinoises-dans-la-caraibe\/#primaryimage","url":"https:\/\/interamerica.org\/wp-content\/uploads\/2022\/09\/kenrick-baksh-omesusih8r0-unsplash-1280.jpg","contentUrl":"https:\/\/interamerica.org\/wp-content\/uploads\/2022\/09\/kenrick-baksh-omesusih8r0-unsplash-1280.jpg","width":1280,"height":800,"caption":"[Photo: Kenrick Baksh\/Unsplash]"},{"@type":"BreadcrumbList","@id":"https:\/\/interamerica.org\/fr\/2022\/09\/benjamin-yip-representant-evangeliste-pionnier-parmi-les-communautes-chinoises-dans-la-caraibe\/#breadcrumb","itemListElement":[{"@type":"ListItem","position":1,"name":"Home","item":"https:\/\/interamerica.org\/fr\/"},{"@type":"ListItem","position":2,"name":"Benjamin Yip : Repr\u00e9sentant \u00e9vang\u00e9liste pionnier parmi les communaut\u00e9s chinoises dans la Cara\u00efbe"}]},{"@type":"WebSite","@id":"https:\/\/interamerica.org\/fr\/#website","url":"https:\/\/interamerica.org\/fr\/","name":"\u00c9glise Adventiste Du Septieme Jour - Inter Am\u00e9rique Division","description":"","potentialAction":[{"@type":"SearchAction","target":{"@type":"EntryPoint","urlTemplate":"https:\/\/interamerica.org\/fr\/?s={search_term_string}"},"query-input":{"@type":"PropertyValueSpecification","valueRequired":true,"valueName":"search_term_string"}}],"inLanguage":"fr-FR"},{"@type":"Person","@id":"https:\/\/interamerica.org\/fr\/#\/schema\/person\/29998f2bc2d8bd0d38662909289b54f1","name":"libna","image":{"@type":"ImageObject","inLanguage":"fr-FR","@id":"https:\/\/secure.gravatar.com\/avatar\/7c5bd30ae4b47a9ba3c856590957fd1d96dc588bf3ac05719d247e126840331f?s=96&d=mm&r=g","url":"https:\/\/secure.gravatar.com\/avatar\/7c5bd30ae4b47a9ba3c856590957fd1d96dc588bf3ac05719d247e126840331f?s=96&d=mm&r=g","contentUrl":"https:\/\/secure.gravatar.com\/avatar\/7c5bd30ae4b47a9ba3c856590957fd1d96dc588bf3ac05719d247e126840331f?s=96&d=mm&r=g","caption":"libna"}}]}},"_links":{"self":[{"href":"https:\/\/interamerica.org\/fr\/wp-json\/wp\/v2\/posts\/89992","targetHints":{"allow":["GET"]}}],"collection":[{"href":"https:\/\/interamerica.org\/fr\/wp-json\/wp\/v2\/posts"}],"about":[{"href":"https:\/\/interamerica.org\/fr\/wp-json\/wp\/v2\/types\/post"}],"author":[{"embeddable":true,"href":"https:\/\/interamerica.org\/fr\/wp-json\/wp\/v2\/users\/3"}],"replies":[{"embeddable":true,"href":"https:\/\/interamerica.org\/fr\/wp-json\/wp\/v2\/comments?post=89992"}],"version-history":[{"count":0,"href":"https:\/\/interamerica.org\/fr\/wp-json\/wp\/v2\/posts\/89992\/revisions"}],"wp:featuredmedia":[{"embeddable":true,"href":"https:\/\/interamerica.org\/fr\/wp-json\/wp\/v2\/media\/89974"}],"wp:attachment":[{"href":"https:\/\/interamerica.org\/fr\/wp-json\/wp\/v2\/media?parent=89992"}],"wp:term":[{"taxonomy":"category","embeddable":true,"href":"https:\/\/interamerica.org\/fr\/wp-json\/wp\/v2\/categories?post=89992"},{"taxonomy":"post_tag","embeddable":true,"href":"https:\/\/interamerica.org\/fr\/wp-json\/wp\/v2\/tags?post=89992"}],"curies":[{"name":"wp","href":"https:\/\/api.w.org\/{rel}","templated":true}]}}