{"id":90273,"date":"2022-10-07T16:02:44","date_gmt":"2022-10-07T20:02:44","guid":{"rendered":"https:\/\/interamerica.org\/?p=90273"},"modified":"2022-10-07T20:34:18","modified_gmt":"2022-10-08T00:34:18","slug":"nouvelle-emphase-sur-la-mission-aller-au-dela-de-nos-horizons","status":"publish","type":"post","link":"https:\/\/interamerica.org\/fr\/2022\/10\/nouvelle-emphase-sur-la-mission-aller-au-dela-de-nos-horizons\/","title":{"rendered":"Nouvelle emphase sur la mission\u2014Aller au-del\u00e0 de nos horizons"},"content":{"rendered":"<h4>La conf\u00e9rence sur le leadership ouvre le Concile Annuel 2022 de l\u2019\u00c9glise adventiste du septi\u00e8me jour.<\/h4>\n<p>7 Octobre 2022 | Silver Spring, Maryland, \u00c9tats-Unis | Anais Anderson, pour Adventist News Network et <em>Adventist Review<\/em><\/p>\n<p>\u00ab Chers d\u00e9l\u00e9gu\u00e9s, notre objectif principal est de vous inspirer, de vous former et de vous inviter \u00e0 travailler de mani\u00e8re int\u00e9gr\u00e9e pour atteindre le monde entier avec les messages des trois anges. \u00bb La Conf\u00e9rence 2022 sur le Leadership, l\u2019\u00c9ducation et le D\u00e9veloppement (LEAD) s\u2019est ouverte sur un puissant appel d\u2019Erton K\u00f6hler, secr\u00e9taire ex\u00e9cutif de la Conf\u00e9rence G\u00e9n\u00e9rale, lanc\u00e9 aux dirigeants d\u2019\u00e9glises du monde entier pour qu\u2019ils agissent et red\u00e9finissent les priorit\u00e9s pour leurs ressources, r\u00e9orientent leur emphase et s\u2019engagent \u00e0 travailler dans des r\u00e9gions et au sein de groupes de populations qui n\u2019ont pas encore entendu le message de l\u2019\u00e9vangile du salut.<\/p>\n<p>Les pr\u00e9sentations du matin le 6 octobre au si\u00e8ge de l\u2019\u00c9glise adventiste du septi\u00e8me jour \u00e0 Silver Spring, dans le Maryland, aux \u00c9tats-Unis, ont marqu\u00e9 le d\u00e9but du Concile Annuel, la rencontre administrative annuelle du Comit\u00e9 Ex\u00e9cutif de la Conf\u00e9rence G\u00e9n\u00e9rale. Plus de 340 d\u00e9l\u00e9gu\u00e9s se r\u00e9unissent en personne pendant une semaine pour \u00e9couter des rapports, discuter de plans et voter des nominations et des initiatives. Le Concile Annuel est la rencontre administrative la plus importante de l\u2019\u00c9glise adventiste, apr\u00e8s la session quinquennale de la Conf\u00e9rence G\u00e9n\u00e9rale.<\/p>\n<p><div id=\"attachment_90238\" style=\"width: 860px\" class=\"wp-caption aligncenter\"><img fetchpriority=\"high\" decoding=\"async\" aria-describedby=\"caption-attachment-90238\" class=\" wp-image-90237\" src=\"https:\/\/interamerica.org\/wp-content\/uploads\/2022\/10\/annual-council-etm-12.jpg\" alt=\"\" width=\"850\" height=\"567\" srcset=\"https:\/\/interamerica.org\/wp-content\/uploads\/2022\/10\/annual-council-etm-12.jpg 1000w, https:\/\/interamerica.org\/wp-content\/uploads\/2022\/10\/annual-council-etm-12-300x200.jpg 300w, https:\/\/interamerica.org\/wp-content\/uploads\/2022\/10\/annual-council-etm-12-768x512.jpg 768w\" sizes=\"(max-width: 850px) 100vw, 850px\" \/><p id=\"caption-attachment-90238\" class=\"wp-caption-text\">Rick McEdward, pr\u00e9sident de l\u2019Union du Moyen-Orient et de l\u2019Afrique du Nord. Dans son message de d\u00e9votion du matin, il a invit\u00e9 les dirigeants de l\u2019\u00c9glise adventiste mondiale \u00e0 r\u00e9examiner leur engagement \u00e0 \u00e9tablir un partenariat avec Dieu pour atteindre \u00ab toutes les nations, les tribus, les langues et les peuples. \u00bb [Photo : Enno Mueller, Adventist Review]<\/p><\/div><strong>Atteindre les personnes non encore atteintes <\/strong><\/p>\n<p>Les deux tiers de la population mondiale, repr\u00e9sentant 69 nations, 5,3 milliards de personnes, 8868 groupes de populations et 3343 langues, sont \u00e0 95 pour cent pas encore atteints. Ces statistiques stup\u00e9fiantes ont servi de base \u00e0 une pr\u00e9sentation faite par Rick McEdward, pr\u00e9sident de l\u2019Union du Moyen-Orient et de l\u2019Afrique du Nord (MENA). Dans son message de d\u00e9votion du matin, Rick McEdward a invit\u00e9 les dirigeants de l\u2019\u00c9glise adventiste mondiale \u00e0 r\u00e9examiner leur engagement \u00e0 \u00eatre partenaires avec Dieu pour atteindre \u00ab toute nation, toute tribu, toute langue et tout peuple \u00bb (Apoc. 14: 6).<\/p>\n<p>Dans son message intitul\u00e9 \u00ab Le Grand Revirement, \u00bb Rick McEdward a soulign\u00e9 le d\u00e9sir de Dieu de voir ceux de son peuple \u00eatre ses t\u00e9moins et \u00ab proclamer sa gloire parmi les nations \u00bb (1 Chron. 16:24) alors qu\u2019ils appellent les gens o\u00f9 qu\u2019ils soient \u00e0 r\u00e9pondre au grand amour de Dieu. Rick McEdward a suppli\u00e9 les dirigeants, au cours de cette derni\u00e8re p\u00e9riode de l\u2019histoire de la Terre, de \u00ab concentrer notre mission l\u00e0 o\u00f9 la mission n\u2019est pas encore. \u00bb Il a cit\u00e9 la cofondatrice de l\u2019\u00c9glise adventiste, Ellen G. White, qui en 1900 a \u00e9crit : \u00ab J\u2019en appelle \u00e0 tous ceux qui croient en la v\u00e9rit\u00e9, \u00e0 tous ceux qui peuvent nous aider dans n\u2019importe quel domaine. Accordez-nous votre aide pour faire avancer l\u2019\u0153uvre maintenant\u2026 Vous savez quelque chose \u00e0 propos de ce qui a d\u00e9j\u00e0 \u00e9t\u00e9 accompli dans les diff\u00e9rents aspects de notre \u0153uvre. Nous sommes all\u00e9s par la foi et nous avons r\u00e9alis\u00e9 de grands progr\u00e8s, parce que nous avons vu ce qui devait \u00eatre fait, ce que Dieu nous appelait \u00e0 faire, et nous n\u2019avons pas os\u00e9 h\u00e9siter. Mais nous n\u2019avons pas fait la moiti\u00e9 de ce qui devrait \u00eatre fait. Nous ne sommes pas encore en position avantageuse. Il y a une grande \u0153uvre \u00e0 r\u00e9aliser devant nous. Tout autour de nous, il y a des \u00e2mes qui aspirent \u00e0 la lumi\u00e8re et \u00e0 la v\u00e9rit\u00e9, et comment les atteindre ? \u00bb(<em>Australasian Union Conference Record<\/em>, 1er Janvier 1900).<\/p>\n<p><div id=\"attachment_90241\" style=\"width: 859px\" class=\"wp-caption aligncenter\"><img decoding=\"async\" aria-describedby=\"caption-attachment-90241\" class=\" wp-image-90240\" src=\"https:\/\/interamerica.org\/wp-content\/uploads\/2022\/10\/annual-council-etm-08-audience.jpg\" alt=\"\" width=\"849\" height=\"566\" srcset=\"https:\/\/interamerica.org\/wp-content\/uploads\/2022\/10\/annual-council-etm-08-audience.jpg 1000w, https:\/\/interamerica.org\/wp-content\/uploads\/2022\/10\/annual-council-etm-08-audience-300x200.jpg 300w, https:\/\/interamerica.org\/wp-content\/uploads\/2022\/10\/annual-council-etm-08-audience-768x512.jpg 768w\" sizes=\"(max-width: 849px) 100vw, 849px\" \/><p id=\"caption-attachment-90241\" class=\"wp-caption-text\">Des centaines de membres du comit\u00e9 ex\u00e9cutif de l\u2019\u00c9glise adventiste mondiale se r\u00e9unissent pour la premi\u00e8re journ\u00e9e de la conf\u00e9rence LEAD organis\u00e9e par l\u2019\u00e9glise, en amont des rencontres du Concile Annuel le 6 octobre 2022. [Photo : Enno Mueller, Adventist Review]<\/p><\/div><strong>D\u00e9fis et opportunit\u00e9s <\/strong><\/p>\n<p>Alors que les membres du Comit\u00e9 Ex\u00e9cutif s\u2019engagent \u00e0 nouveau \u00e0 atteindre les personnes non encore atteintes, les d\u00e9fis li\u00e9s \u00e0 la d\u00e9marche visant \u00e0 atteindre des personnes de cultures, de croyances et de contextes diff\u00e9rents doivent \u00eatre soigneusement examin\u00e9s, ont d\u00e9clar\u00e9 les dirigeants adventistes. Deux des principaux d\u00e9fis auxquels l\u2019\u00c9glise est confront\u00e9e aujourd\u2019hui sont la s\u00e9cularisation et le post-christianisme. Ces deux id\u00e9ologies r\u00e9volutionnent notre soci\u00e9t\u00e9 et le monde dans lequel nous vivons.<\/p>\n<p>Kleber D. Gon\u00e7alves, directeur du Centre Missionnaire Mondial pour la Mission S\u00e9culi\u00e8re et Post-Chr\u00e9tienne de la Conf\u00e9rence G\u00e9n\u00e9rale, a d\u00e9clar\u00e9 que 1,1 milliard de personnes, soit une personne sur sept dans le monde, se consid\u00e8rent comme ath\u00e9es, postmodernes ou post-chr\u00e9tiennes, et ils constituent actuellement le troisi\u00e8me plus grand groupe \u00ab religieux. \u00bb Il a \u00e9galement d\u00e9clar\u00e9 qu\u2019au cours des 15 derni\u00e8res ann\u00e9es, le christianisme a augment\u00e9 de 1 pour cent par an et que le groupe de ceux qui s\u2019identifient comme non religieux a augment\u00e9 \u00e0 un rythme similaire. \u00ab La jeune g\u00e9n\u00e9ration, celle \u00e2g\u00e9e de 16 \u00e0 25 ans, est la moins religieuse de toutes, \u00bb a d\u00e9clar\u00e9 Kleber Gon\u00e7alves, qui a ajout\u00e9 : \u00ab Dans la majeure partie du monde occidental, plus de 50 pour cent des jeunes d\u00e9clarent ne pas croire en la religion. \u00bb<\/p>\n<p>Cette augmentation du post-christianisme, du postmodernisme et de la s\u00e9cularisation a conduit \u00e0 une m\u00e9fiance accrue \u00e0 l\u2019\u00e9gard des institutions religieuses, \u00e0 une croyance dans le relativisme et \u00e0 l\u2019\u00e9l\u00e9vation de l\u2019importance du choix personnel, a d\u00e9clar\u00e9 Kleber Gon\u00e7alves.<\/p>\n<p><div id=\"attachment_90246\" style=\"width: 859px\" class=\"wp-caption aligncenter\"><img decoding=\"async\" aria-describedby=\"caption-attachment-90246\" class=\" wp-image-90245\" src=\"https:\/\/interamerica.org\/wp-content\/uploads\/2022\/10\/annual-council-gonsalves-etm-28.jpg\" alt=\"\" width=\"849\" height=\"566\" srcset=\"https:\/\/interamerica.org\/wp-content\/uploads\/2022\/10\/annual-council-gonsalves-etm-28.jpg 1000w, https:\/\/interamerica.org\/wp-content\/uploads\/2022\/10\/annual-council-gonsalves-etm-28-300x200.jpg 300w, https:\/\/interamerica.org\/wp-content\/uploads\/2022\/10\/annual-council-gonsalves-etm-28-768x512.jpg 768w\" sizes=\"(max-width: 849px) 100vw, 849px\" \/><p id=\"caption-attachment-90246\" class=\"wp-caption-text\">Kleber D. Gon\u00e7alves, directeur du Centre Missionnaire Mondial pour la Mission S\u00e9culi\u00e8re et Post-Chr\u00e9tienne de la Conf\u00e9rence G\u00e9n\u00e9rale, a d\u00e9clar\u00e9 qu\u2019une augmentation du post-christianisme, du postmodernisme et de la s\u00e9cularisation a conduit \u00e0 une m\u00e9fiance accrue envers les institutions religieuses. Il y a des d\u00e9fis, a-t-il dit, mais aussi de nombreuses opportunit\u00e9s. [Photo : Enno Mueller, Adventist Review]<\/p><\/div>Mais m\u00eame s\u2019il y a des d\u00e9fis, a-t-il dit, \u00ab tout n\u2019est pas perdu et les opportunit\u00e9s abondent. En tant qu\u2019adventistes du septi\u00e8me jour, nous avons le privil\u00e8ge d\u2019atteindre les gens par le biais de notre message sur la sant\u00e9. Dans le monde d\u2019aujourd\u2019hui, o\u00f9 la maladie pr\u00e9vaut, partout les gens cherchent des moyens d\u2019am\u00e9liorer leur sant\u00e9 et nous avons l\u2019unique opportunit\u00e9 de partager le message sur la sant\u00e9 que Dieu nous a donn\u00e9. Notre message sp\u00e9cial sur le sabbat est \u00e9galement une invitation bienvenue dans la soci\u00e9t\u00e9 mouvement\u00e9e d\u2019aujourd\u2019hui : se reposer et se concentrer plut\u00f4t sur les valeurs familiales, la communaut\u00e9, et Dieu, \u00bb a-t-il d\u00e9clar\u00e9.<\/p>\n<p>Kleber Gon\u00e7alves a conclu sa pr\u00e9sentation en encourageant les participants \u00e0 s\u2019engager \u00e0 \u00eatre ceux que Dieu utilisera pour proclamer l\u2019esp\u00e9rance qu\u2019il a promise, non seulement pour l\u2019avenir mais aussi pour le pr\u00e9sent.<\/p>\n<p><strong>Un message, plusieurs approches <\/strong><\/p>\n<p>En vue d\u2019atteindre les personnes non encore touch\u00e9es et ceux qui se trouvent en dehors de notre propre contexte culturel, la coach, consultante et \u00e9crivaine Jaimie Eckert a pris la parole pour souligner l\u2019importance de personnaliser nos efforts d\u2019\u00e9vang\u00e9lisation pour atteindre des personnes de cultures et de croyances diff\u00e9rentes. Cependant, elle a mis en garde contre le fait d\u2019oublier de rencontrer les gens au stade o\u00f9 ils sont ou d\u2019\u00e9viter de partager le message adventiste dans son int\u00e9gralit\u00e9. Jaimie Eckert a d\u00e9taill\u00e9 un plan pratique \u00ab d\u2019\u00e9chafaudage missionnaire \u00bb compos\u00e9 de trois \u00e9tapes pour l\u2019optimisation missionnaire.<\/p>\n<p><div id=\"attachment_90249\" style=\"width: 859px\" class=\"wp-caption aligncenter\"><img loading=\"lazy\" decoding=\"async\" aria-describedby=\"caption-attachment-90249\" class=\" wp-image-90248\" src=\"https:\/\/interamerica.org\/wp-content\/uploads\/2022\/10\/annual-council-coach-etm-16.jpg\" alt=\"\" width=\"849\" height=\"566\" srcset=\"https:\/\/interamerica.org\/wp-content\/uploads\/2022\/10\/annual-council-coach-etm-16.jpg 1000w, https:\/\/interamerica.org\/wp-content\/uploads\/2022\/10\/annual-council-coach-etm-16-300x200.jpg 300w, https:\/\/interamerica.org\/wp-content\/uploads\/2022\/10\/annual-council-coach-etm-16-768x512.jpg 768w\" sizes=\"(max-width: 849px) 100vw, 849px\" \/><p id=\"caption-attachment-90249\" class=\"wp-caption-text\">La coach, consultante et \u00e9crivaine Jaimie Eckert a pris la parole pour souligner l\u2019importance de personnaliser nos efforts d\u2019\u00e9vang\u00e9lisation pour atteindre des personnes de cultures et de croyances diff\u00e9rentes. [Photo : Enno Mueller, Adventist Review]<\/p><\/div>La premi\u00e8re \u00e9tape, a-t-elle dit, consiste \u00e0 \u00ab identifier le groupe que vous essayez d\u2019atteindre sur le territoire et de croire que vous pouvez l\u2019atteindre \u00bb. La seconde consiste \u00e0 \u00ab \u00e9tudier dans un esprit de pri\u00e8re leurs croyances et leurs objections au christianisme. \u00bb Et la troisi\u00e8me consiste \u00e0 \u00ab commencer \u00e0 construire une approche en \u00e9chafaudage qui englobe l\u2019int\u00e9gralit\u00e9 du message de l\u2019\u00e9vangile, \u00bb a-t-elle d\u00e9clar\u00e9.<\/p>\n<p>Jaimie Eckert a assur\u00e9 aux dirigeants de l\u2019\u00e9glise qu\u2019ils suivraient alors les traces de J\u00e9sus, qui lui-m\u00eame rencontrait les gens l\u00e0 o\u00f9 ils \u00e9taient et \u00e9tait sensible \u00e0 leurs diff\u00e9rentes croyances alors qu\u2019il cherchait \u00e0 briser les barri\u00e8res qui les emp\u00eachaient de recevoir son message.<\/p>\n<p><strong>Avancer<\/strong><\/p>\n<p>L\u2019\u0153uvre qui est devant nous est grande, ont d\u00e9clar\u00e9 les dirigeants adventistes, mais alors que les dirigeants et les membres d\u2019\u00e9glise s\u2019unissent au Saint-Esprit, nous pouvons avancer dans l\u2019accomplissement du mandat \u00e9vang\u00e9lique qui nous a \u00e9t\u00e9 confi\u00e9 par Dieu lui-m\u00eame.<\/p>\n<p><div id=\"attachment_90252\" style=\"width: 861px\" class=\"wp-caption aligncenter\"><img loading=\"lazy\" decoding=\"async\" aria-describedby=\"caption-attachment-90252\" class=\" wp-image-90251\" src=\"https:\/\/interamerica.org\/wp-content\/uploads\/2022\/10\/ertonkohler-ac2022fvy1665145749710.jpeg\" alt=\"\" width=\"851\" height=\"567\" srcset=\"https:\/\/interamerica.org\/wp-content\/uploads\/2022\/10\/ertonkohler-ac2022fvy1665145749710.jpeg 900w, https:\/\/interamerica.org\/wp-content\/uploads\/2022\/10\/ertonkohler-ac2022fvy1665145749710-300x200.jpeg 300w, https:\/\/interamerica.org\/wp-content\/uploads\/2022\/10\/ertonkohler-ac2022fvy1665145749710-768x512.jpeg 768w\" sizes=\"(max-width: 851px) 100vw, 851px\" \/><p id=\"caption-attachment-90252\" class=\"wp-caption-text\">Erton K\u00f6hler, secr\u00e9taire ex\u00e9cutif de la Conf\u00e9rence G\u00e9n\u00e9rale, a appel\u00e9 les participants \u00e0 investir dans les habitants d\u2019un pays non encore atteint par le biais de la pri\u00e8re, l\u2019action ou les finances. [Photo : Enno Mueller, Adventist Review]<\/p><\/div>Cela a \u00e9t\u00e9 prouv\u00e9 \u00e0 maintes reprises tout au long de la premi\u00e8re rencontre de la Conf\u00e9rence LEAD du Concile Annuel de cette ann\u00e9e, lorsque de nombreuses divisions ont partag\u00e9 comment elles vont de l\u2019avant par la foi, mettent en place des plans innovants et touchent les personnes non encore atteintes. De plus, les participants ont dit qu\u2019ils avaient \u00e9t\u00e9 inspir\u00e9s par les r\u00e9cits missionnaires au sujet des premiers pionniers qui ont fait d\u2019immenses sacrifices et ont r\u00e9ellement engag\u00e9 leur vie dans la d\u00e9marche consistant \u00e0 apporter le message de l\u2019\u00e9vangile jusqu\u2019aux \u00ab confins de la terre. \u00bb<\/p>\n<p>Apr\u00e8s les pr\u00e9sentations du matin, Hensley Moorooven, sous-secr\u00e9taire de la Conf\u00e9rence G\u00e9n\u00e9rale, a demand\u00e9 aux administrateurs de se r\u00e9unir avec leurs repr\u00e9sentants de division respectifs et de prendre le temps de r\u00e9fl\u00e9chir, de planifier et de proposer des strat\u00e9gies et des id\u00e9es concr\u00e8tes pour d\u00e9terminer comment ils peuvent utiliser leurs \u00ab genoux, leurs mains, et leurs poches \u00bb pour soutenir leurs \u00e9glises locales. Il leur a lanc\u00e9 un puissant appel en disant : \u00ab Ce n\u2019est pas le moment de reprendre la routine habituelle, mais le moment de faire la mission inhabituelle. \u00bb<\/p>\n<p>\u00c0 la fin du programme du matin, Erton K\u00f6hler a appel\u00e9 les participants \u00e0 investir dans les habitants d\u2019un pays non encore atteint par le biais de la pri\u00e8re, l\u2019action ou les finances. Les dirigeants adventistes ont \u00e9t\u00e9 appel\u00e9s \u00e0 s\u2019engager et \u00e0 tout donner pour la mission, \u00e0 devenir des contributeurs et pas seulement des r\u00e9cepteurs, \u00e0 \u00eatre audacieux et \u00e0 s\u2019associer \u00e0 Dieu dans la conduite de sa mission de la fin des temps, et \u00e0 r\u00e9clamer la puissance du Saint-Esprit alors qu\u2019ils vont de l\u2019avant par la foi et disent : \u00ab J\u2019Irai. \u00bb<\/p>\n<p>Traduction: Patrick Luciathe<\/p>\n","protected":false},"excerpt":{"rendered":"<p>La conf\u00e9rence sur le leadership ouvre le Concile Annuel 2022 de l\u2019\u00c9glise adventiste du septi\u00e8me jour. 7 Octobre 2022 | Silver Spring, Maryland, \u00c9tats-Unis | Anais Anderson, pour Adventist News&#8230;<\/p>\n","protected":false},"author":3,"featured_media":90258,"comment_status":"closed","ping_status":"closed","sticky":false,"template":"","format":"standard","meta":{"_acf_changed":false,"footnotes":""},"categories":[18,19],"tags":[],"class_list":["post-90273","post","type-post","status-publish","format-standard","has-post-thumbnail","hentry","category-nouvelles-de-leglise-mondiale","category-rss-francais"],"acf":[],"yoast_head":"<!-- This site is optimized with the Yoast SEO plugin v27.3 - https:\/\/yoast.com\/product\/yoast-seo-wordpress\/ -->\n<title>Nouvelle emphase sur la mission\u2014Aller au-del\u00e0 de nos horizons - \u00c9glise Adventiste Du Septieme Jour - Inter Am\u00e9rique Division<\/title>\n<meta name=\"robots\" content=\"index, follow, max-snippet:-1, max-image-preview:large, max-video-preview:-1\" \/>\n<link rel=\"canonical\" href=\"https:\/\/interamerica.org\/fr\/2022\/10\/nouvelle-emphase-sur-la-mission-aller-au-dela-de-nos-horizons\/\" \/>\n<meta property=\"og:locale\" content=\"fr_FR\" \/>\n<meta property=\"og:type\" content=\"article\" \/>\n<meta property=\"og:title\" content=\"Nouvelle emphase sur la mission\u2014Aller au-del\u00e0 de nos horizons - \u00c9glise Adventiste Du Septieme Jour - Inter Am\u00e9rique Division\" \/>\n<meta property=\"og:description\" content=\"La conf\u00e9rence sur le leadership ouvre le Concile Annuel 2022 de l\u2019\u00c9glise adventiste du septi\u00e8me jour. 7 Octobre 2022 | Silver Spring, Maryland, \u00c9tats-Unis | Anais Anderson, pour Adventist News...\" \/>\n<meta property=\"og:url\" content=\"https:\/\/interamerica.org\/fr\/2022\/10\/nouvelle-emphase-sur-la-mission-aller-au-dela-de-nos-horizons\/\" \/>\n<meta property=\"og:site_name\" content=\"\u00c9glise Adventiste Du Septieme Jour - Inter Am\u00e9rique Division\" \/>\n<meta property=\"article:published_time\" content=\"2022-10-07T20:02:44+00:00\" \/>\n<meta property=\"article:modified_time\" content=\"2022-10-08T00:34:18+00:00\" \/>\n<meta property=\"og:image\" content=\"https:\/\/interamerica.org\/wp-content\/uploads\/2022\/10\/onh1665145206396-1280.jpg\" \/>\n\t<meta property=\"og:image:width\" content=\"1280\" \/>\n\t<meta property=\"og:image:height\" content=\"800\" \/>\n\t<meta property=\"og:image:type\" content=\"image\/jpeg\" \/>\n<meta name=\"author\" content=\"libna\" \/>\n<meta name=\"twitter:card\" content=\"summary_large_image\" \/>\n<meta name=\"twitter:label1\" content=\"\u00c9crit par\" \/>\n\t<meta name=\"twitter:data1\" content=\"libna\" \/>\n\t<meta name=\"twitter:label2\" content=\"Dur\u00e9e de lecture estim\u00e9e\" \/>\n\t<meta name=\"twitter:data2\" content=\"9 minutes\" \/>\n<script type=\"application\/ld+json\" class=\"yoast-schema-graph\">{\"@context\":\"https:\\\/\\\/schema.org\",\"@graph\":[{\"@type\":\"Article\",\"@id\":\"https:\\\/\\\/interamerica.org\\\/fr\\\/2022\\\/10\\\/nouvelle-emphase-sur-la-mission-aller-au-dela-de-nos-horizons\\\/#article\",\"isPartOf\":{\"@id\":\"https:\\\/\\\/interamerica.org\\\/fr\\\/2022\\\/10\\\/nouvelle-emphase-sur-la-mission-aller-au-dela-de-nos-horizons\\\/\"},\"author\":{\"name\":\"libna\",\"@id\":\"https:\\\/\\\/interamerica.org\\\/fr\\\/#\\\/schema\\\/person\\\/29998f2bc2d8bd0d38662909289b54f1\"},\"headline\":\"Nouvelle emphase sur la mission\u2014Aller au-del\u00e0 de nos horizons\",\"datePublished\":\"2022-10-07T20:02:44+00:00\",\"dateModified\":\"2022-10-08T00:34:18+00:00\",\"mainEntityOfPage\":{\"@id\":\"https:\\\/\\\/interamerica.org\\\/fr\\\/2022\\\/10\\\/nouvelle-emphase-sur-la-mission-aller-au-dela-de-nos-horizons\\\/\"},\"wordCount\":1940,\"image\":{\"@id\":\"https:\\\/\\\/interamerica.org\\\/fr\\\/2022\\\/10\\\/nouvelle-emphase-sur-la-mission-aller-au-dela-de-nos-horizons\\\/#primaryimage\"},\"thumbnailUrl\":\"https:\\\/\\\/interamerica.org\\\/wp-content\\\/uploads\\\/2022\\\/10\\\/onh1665145206396-1280.jpg\",\"articleSection\":[\"Nouvelles de l'\u00c9glise mondiale\",\"RSS Fran\u00e7ais\"],\"inLanguage\":\"fr-FR\"},{\"@type\":\"WebPage\",\"@id\":\"https:\\\/\\\/interamerica.org\\\/fr\\\/2022\\\/10\\\/nouvelle-emphase-sur-la-mission-aller-au-dela-de-nos-horizons\\\/\",\"url\":\"https:\\\/\\\/interamerica.org\\\/fr\\\/2022\\\/10\\\/nouvelle-emphase-sur-la-mission-aller-au-dela-de-nos-horizons\\\/\",\"name\":\"Nouvelle emphase sur la mission\u2014Aller au-del\u00e0 de nos horizons - \u00c9glise Adventiste Du Septieme Jour - Inter Am\u00e9rique Division\",\"isPartOf\":{\"@id\":\"https:\\\/\\\/interamerica.org\\\/fr\\\/#website\"},\"primaryImageOfPage\":{\"@id\":\"https:\\\/\\\/interamerica.org\\\/fr\\\/2022\\\/10\\\/nouvelle-emphase-sur-la-mission-aller-au-dela-de-nos-horizons\\\/#primaryimage\"},\"image\":{\"@id\":\"https:\\\/\\\/interamerica.org\\\/fr\\\/2022\\\/10\\\/nouvelle-emphase-sur-la-mission-aller-au-dela-de-nos-horizons\\\/#primaryimage\"},\"thumbnailUrl\":\"https:\\\/\\\/interamerica.org\\\/wp-content\\\/uploads\\\/2022\\\/10\\\/onh1665145206396-1280.jpg\",\"datePublished\":\"2022-10-07T20:02:44+00:00\",\"dateModified\":\"2022-10-08T00:34:18+00:00\",\"author\":{\"@id\":\"https:\\\/\\\/interamerica.org\\\/fr\\\/#\\\/schema\\\/person\\\/29998f2bc2d8bd0d38662909289b54f1\"},\"breadcrumb\":{\"@id\":\"https:\\\/\\\/interamerica.org\\\/fr\\\/2022\\\/10\\\/nouvelle-emphase-sur-la-mission-aller-au-dela-de-nos-horizons\\\/#breadcrumb\"},\"inLanguage\":\"fr-FR\",\"potentialAction\":[{\"@type\":\"ReadAction\",\"target\":[\"https:\\\/\\\/interamerica.org\\\/fr\\\/2022\\\/10\\\/nouvelle-emphase-sur-la-mission-aller-au-dela-de-nos-horizons\\\/\"]}]},{\"@type\":\"ImageObject\",\"inLanguage\":\"fr-FR\",\"@id\":\"https:\\\/\\\/interamerica.org\\\/fr\\\/2022\\\/10\\\/nouvelle-emphase-sur-la-mission-aller-au-dela-de-nos-horizons\\\/#primaryimage\",\"url\":\"https:\\\/\\\/interamerica.org\\\/wp-content\\\/uploads\\\/2022\\\/10\\\/onh1665145206396-1280.jpg\",\"contentUrl\":\"https:\\\/\\\/interamerica.org\\\/wp-content\\\/uploads\\\/2022\\\/10\\\/onh1665145206396-1280.jpg\",\"width\":1280,\"height\":800},{\"@type\":\"BreadcrumbList\",\"@id\":\"https:\\\/\\\/interamerica.org\\\/fr\\\/2022\\\/10\\\/nouvelle-emphase-sur-la-mission-aller-au-dela-de-nos-horizons\\\/#breadcrumb\",\"itemListElement\":[{\"@type\":\"ListItem\",\"position\":1,\"name\":\"Home\",\"item\":\"https:\\\/\\\/interamerica.org\\\/fr\\\/\"},{\"@type\":\"ListItem\",\"position\":2,\"name\":\"Nouvelle emphase sur la mission\u2014Aller au-del\u00e0 de nos horizons\"}]},{\"@type\":\"WebSite\",\"@id\":\"https:\\\/\\\/interamerica.org\\\/fr\\\/#website\",\"url\":\"https:\\\/\\\/interamerica.org\\\/fr\\\/\",\"name\":\"\u00c9glise Adventiste Du Septieme Jour - Inter Am\u00e9rique Division\",\"description\":\"\",\"potentialAction\":[{\"@type\":\"SearchAction\",\"target\":{\"@type\":\"EntryPoint\",\"urlTemplate\":\"https:\\\/\\\/interamerica.org\\\/fr\\\/?s={search_term_string}\"},\"query-input\":{\"@type\":\"PropertyValueSpecification\",\"valueRequired\":true,\"valueName\":\"search_term_string\"}}],\"inLanguage\":\"fr-FR\"},{\"@type\":\"Person\",\"@id\":\"https:\\\/\\\/interamerica.org\\\/fr\\\/#\\\/schema\\\/person\\\/29998f2bc2d8bd0d38662909289b54f1\",\"name\":\"libna\",\"image\":{\"@type\":\"ImageObject\",\"inLanguage\":\"fr-FR\",\"@id\":\"https:\\\/\\\/secure.gravatar.com\\\/avatar\\\/7c5bd30ae4b47a9ba3c856590957fd1d96dc588bf3ac05719d247e126840331f?s=96&d=mm&r=g\",\"url\":\"https:\\\/\\\/secure.gravatar.com\\\/avatar\\\/7c5bd30ae4b47a9ba3c856590957fd1d96dc588bf3ac05719d247e126840331f?s=96&d=mm&r=g\",\"contentUrl\":\"https:\\\/\\\/secure.gravatar.com\\\/avatar\\\/7c5bd30ae4b47a9ba3c856590957fd1d96dc588bf3ac05719d247e126840331f?s=96&d=mm&r=g\",\"caption\":\"libna\"}}]}<\/script>\n<!-- \/ Yoast SEO plugin. -->","yoast_head_json":{"title":"Nouvelle emphase sur la mission\u2014Aller au-del\u00e0 de nos horizons - \u00c9glise Adventiste Du Septieme Jour - Inter Am\u00e9rique Division","robots":{"index":"index","follow":"follow","max-snippet":"max-snippet:-1","max-image-preview":"max-image-preview:large","max-video-preview":"max-video-preview:-1"},"canonical":"https:\/\/interamerica.org\/fr\/2022\/10\/nouvelle-emphase-sur-la-mission-aller-au-dela-de-nos-horizons\/","og_locale":"fr_FR","og_type":"article","og_title":"Nouvelle emphase sur la mission\u2014Aller au-del\u00e0 de nos horizons - \u00c9glise Adventiste Du Septieme Jour - Inter Am\u00e9rique Division","og_description":"La conf\u00e9rence sur le leadership ouvre le Concile Annuel 2022 de l\u2019\u00c9glise adventiste du septi\u00e8me jour. 7 Octobre 2022 | Silver Spring, Maryland, \u00c9tats-Unis | Anais Anderson, pour Adventist News...","og_url":"https:\/\/interamerica.org\/fr\/2022\/10\/nouvelle-emphase-sur-la-mission-aller-au-dela-de-nos-horizons\/","og_site_name":"\u00c9glise Adventiste Du Septieme Jour - Inter Am\u00e9rique Division","article_published_time":"2022-10-07T20:02:44+00:00","article_modified_time":"2022-10-08T00:34:18+00:00","og_image":[{"width":1280,"height":800,"url":"https:\/\/interamerica.org\/wp-content\/uploads\/2022\/10\/onh1665145206396-1280.jpg","type":"image\/jpeg"}],"author":"libna","twitter_card":"summary_large_image","twitter_misc":{"\u00c9crit par":"libna","Dur\u00e9e de lecture estim\u00e9e":"9 minutes"},"schema":{"@context":"https:\/\/schema.org","@graph":[{"@type":"Article","@id":"https:\/\/interamerica.org\/fr\/2022\/10\/nouvelle-emphase-sur-la-mission-aller-au-dela-de-nos-horizons\/#article","isPartOf":{"@id":"https:\/\/interamerica.org\/fr\/2022\/10\/nouvelle-emphase-sur-la-mission-aller-au-dela-de-nos-horizons\/"},"author":{"name":"libna","@id":"https:\/\/interamerica.org\/fr\/#\/schema\/person\/29998f2bc2d8bd0d38662909289b54f1"},"headline":"Nouvelle emphase sur la mission\u2014Aller au-del\u00e0 de nos horizons","datePublished":"2022-10-07T20:02:44+00:00","dateModified":"2022-10-08T00:34:18+00:00","mainEntityOfPage":{"@id":"https:\/\/interamerica.org\/fr\/2022\/10\/nouvelle-emphase-sur-la-mission-aller-au-dela-de-nos-horizons\/"},"wordCount":1940,"image":{"@id":"https:\/\/interamerica.org\/fr\/2022\/10\/nouvelle-emphase-sur-la-mission-aller-au-dela-de-nos-horizons\/#primaryimage"},"thumbnailUrl":"https:\/\/interamerica.org\/wp-content\/uploads\/2022\/10\/onh1665145206396-1280.jpg","articleSection":["Nouvelles de l'\u00c9glise mondiale","RSS Fran\u00e7ais"],"inLanguage":"fr-FR"},{"@type":"WebPage","@id":"https:\/\/interamerica.org\/fr\/2022\/10\/nouvelle-emphase-sur-la-mission-aller-au-dela-de-nos-horizons\/","url":"https:\/\/interamerica.org\/fr\/2022\/10\/nouvelle-emphase-sur-la-mission-aller-au-dela-de-nos-horizons\/","name":"Nouvelle emphase sur la mission\u2014Aller au-del\u00e0 de nos horizons - \u00c9glise Adventiste Du Septieme Jour - Inter Am\u00e9rique Division","isPartOf":{"@id":"https:\/\/interamerica.org\/fr\/#website"},"primaryImageOfPage":{"@id":"https:\/\/interamerica.org\/fr\/2022\/10\/nouvelle-emphase-sur-la-mission-aller-au-dela-de-nos-horizons\/#primaryimage"},"image":{"@id":"https:\/\/interamerica.org\/fr\/2022\/10\/nouvelle-emphase-sur-la-mission-aller-au-dela-de-nos-horizons\/#primaryimage"},"thumbnailUrl":"https:\/\/interamerica.org\/wp-content\/uploads\/2022\/10\/onh1665145206396-1280.jpg","datePublished":"2022-10-07T20:02:44+00:00","dateModified":"2022-10-08T00:34:18+00:00","author":{"@id":"https:\/\/interamerica.org\/fr\/#\/schema\/person\/29998f2bc2d8bd0d38662909289b54f1"},"breadcrumb":{"@id":"https:\/\/interamerica.org\/fr\/2022\/10\/nouvelle-emphase-sur-la-mission-aller-au-dela-de-nos-horizons\/#breadcrumb"},"inLanguage":"fr-FR","potentialAction":[{"@type":"ReadAction","target":["https:\/\/interamerica.org\/fr\/2022\/10\/nouvelle-emphase-sur-la-mission-aller-au-dela-de-nos-horizons\/"]}]},{"@type":"ImageObject","inLanguage":"fr-FR","@id":"https:\/\/interamerica.org\/fr\/2022\/10\/nouvelle-emphase-sur-la-mission-aller-au-dela-de-nos-horizons\/#primaryimage","url":"https:\/\/interamerica.org\/wp-content\/uploads\/2022\/10\/onh1665145206396-1280.jpg","contentUrl":"https:\/\/interamerica.org\/wp-content\/uploads\/2022\/10\/onh1665145206396-1280.jpg","width":1280,"height":800},{"@type":"BreadcrumbList","@id":"https:\/\/interamerica.org\/fr\/2022\/10\/nouvelle-emphase-sur-la-mission-aller-au-dela-de-nos-horizons\/#breadcrumb","itemListElement":[{"@type":"ListItem","position":1,"name":"Home","item":"https:\/\/interamerica.org\/fr\/"},{"@type":"ListItem","position":2,"name":"Nouvelle emphase sur la mission\u2014Aller au-del\u00e0 de nos horizons"}]},{"@type":"WebSite","@id":"https:\/\/interamerica.org\/fr\/#website","url":"https:\/\/interamerica.org\/fr\/","name":"\u00c9glise Adventiste Du Septieme Jour - Inter Am\u00e9rique Division","description":"","potentialAction":[{"@type":"SearchAction","target":{"@type":"EntryPoint","urlTemplate":"https:\/\/interamerica.org\/fr\/?s={search_term_string}"},"query-input":{"@type":"PropertyValueSpecification","valueRequired":true,"valueName":"search_term_string"}}],"inLanguage":"fr-FR"},{"@type":"Person","@id":"https:\/\/interamerica.org\/fr\/#\/schema\/person\/29998f2bc2d8bd0d38662909289b54f1","name":"libna","image":{"@type":"ImageObject","inLanguage":"fr-FR","@id":"https:\/\/secure.gravatar.com\/avatar\/7c5bd30ae4b47a9ba3c856590957fd1d96dc588bf3ac05719d247e126840331f?s=96&d=mm&r=g","url":"https:\/\/secure.gravatar.com\/avatar\/7c5bd30ae4b47a9ba3c856590957fd1d96dc588bf3ac05719d247e126840331f?s=96&d=mm&r=g","contentUrl":"https:\/\/secure.gravatar.com\/avatar\/7c5bd30ae4b47a9ba3c856590957fd1d96dc588bf3ac05719d247e126840331f?s=96&d=mm&r=g","caption":"libna"}}]}},"_links":{"self":[{"href":"https:\/\/interamerica.org\/fr\/wp-json\/wp\/v2\/posts\/90273","targetHints":{"allow":["GET"]}}],"collection":[{"href":"https:\/\/interamerica.org\/fr\/wp-json\/wp\/v2\/posts"}],"about":[{"href":"https:\/\/interamerica.org\/fr\/wp-json\/wp\/v2\/types\/post"}],"author":[{"embeddable":true,"href":"https:\/\/interamerica.org\/fr\/wp-json\/wp\/v2\/users\/3"}],"replies":[{"embeddable":true,"href":"https:\/\/interamerica.org\/fr\/wp-json\/wp\/v2\/comments?post=90273"}],"version-history":[{"count":0,"href":"https:\/\/interamerica.org\/fr\/wp-json\/wp\/v2\/posts\/90273\/revisions"}],"wp:featuredmedia":[{"embeddable":true,"href":"https:\/\/interamerica.org\/fr\/wp-json\/wp\/v2\/media\/90258"}],"wp:attachment":[{"href":"https:\/\/interamerica.org\/fr\/wp-json\/wp\/v2\/media?parent=90273"}],"wp:term":[{"taxonomy":"category","embeddable":true,"href":"https:\/\/interamerica.org\/fr\/wp-json\/wp\/v2\/categories?post=90273"},{"taxonomy":"post_tag","embeddable":true,"href":"https:\/\/interamerica.org\/fr\/wp-json\/wp\/v2\/tags?post=90273"}],"curies":[{"name":"wp","href":"https:\/\/api.w.org\/{rel}","templated":true}]}}