{"id":90651,"date":"2022-10-18T10:40:54","date_gmt":"2022-10-18T14:40:54","guid":{"rendered":"https:\/\/interamerica.org\/?p=90651"},"modified":"2022-10-19T18:17:13","modified_gmt":"2022-10-19T22:17:13","slug":"dieu-vous-a-appeles-a-etre-la-bible-pour-les-non-chretiens","status":"publish","type":"post","link":"https:\/\/interamerica.org\/fr\/2022\/10\/dieu-vous-a-appeles-a-etre-la-bible-pour-les-non-chretiens\/","title":{"rendered":"\u2018Dieu vous a appel\u00e9s \u00e0 \u00eatre la Bible pour les non-chr\u00e9tiens\u2019"},"content":{"rendered":"<h4>GAiN Europe 2022 s\u2019ouvre sur une invitation \u00e0 accomplir la mission dans une soci\u00e9t\u00e9 post-chr\u00e9tienne.<\/h4>\n<p>18 Octobre 2022 | Bucarest, Roumanie | Marcos Paseggi, Adventist Review<\/p>\n<p>Plus de 180 acteurs de la communication dans l\u2019\u00c9glise adventiste du septi\u00e8me jour se sont r\u00e9unis \u00e0 Bucarest, en Roumanie, \u00e0 l\u2019occasion de la rencontre du R\u00e9seau Mondial Adventiste d\u2019Internet 2022 (GAiN) pour l\u2019Europe du 14 au 18 octobre 2022. Le programme intitul\u00e9 \u00ab En Avant : Continuez d\u2019Avancer \u00bb a r\u00e9uni des responsables et des experts de la communication venus de 35 pays qui travaillent dans le journalisme, la radio, la t\u00e9l\u00e9vision et les r\u00e9seaux sociaux adventistes.<\/p>\n<p>La plupart des responsables de la communication qui se sont inscrits \u00e0 GAiN Europe servent dans les r\u00e9gions de la Division Inter Europ\u00e9enne (EUD) et de la Division Trans Europ\u00e9enne (TED) de l\u2019\u00c9glise adventiste. Certains participants, cependant, venaient d\u2019aussi loin que la Polyn\u00e9sie fran\u00e7aise, la Mongolie et le Mexique, ont indiqu\u00e9 les dirigeants. Un groupe de responsables de la communication adventistes originaires d\u2019Ukraine a fait le trajet en camionnette pendant des heures pour y assister<\/p>\n<p><strong>Premier programme en pr\u00e9sentiel<\/strong><\/p>\n<p><div id=\"attachment_90591\" style=\"width: 487px\" class=\"wp-caption aligncenter\"><img fetchpriority=\"high\" decoding=\"async\" aria-describedby=\"caption-attachment-90591\" class=\" wp-image-90590\" src=\"https:\/\/interamerica.org\/wp-content\/uploads\/2022\/10\/4rz-hm-gain-plakat-2022-a3-724x1024-1.png\" alt=\"\" width=\"477\" height=\"674\" srcset=\"https:\/\/interamerica.org\/wp-content\/uploads\/2022\/10\/4rz-hm-gain-plakat-2022-a3-724x1024-1.png 724w, https:\/\/interamerica.org\/wp-content\/uploads\/2022\/10\/4rz-hm-gain-plakat-2022-a3-724x1024-1-212x300.png 212w\" sizes=\"(max-width: 477px) 100vw, 477px\" \/><p id=\"caption-attachment-90591\" class=\"wp-caption-text\">[Image: R\u00e9seau Mondial Adventiste d&rsquo;Internet]<\/p><\/div>Le programme \u00e9tait initialement pr\u00e9vu pour 2020, mais il a d\u00fb \u00eatre report\u00e9 \u00e0 cause de la pand\u00e9mie. \u00ab Nous sommes heureux de pouvoir le faire deux ans plus tard, avec plus de monde, \u00bb a d\u00e9clar\u00e9 l\u2019ancien directeur de la communication de l\u2019EUD, Corrado Cozzi, lors de son discours de bienvenue le 14 octobre. \u00ab Entre-temps, nous avons organis\u00e9 deux programmes en ligne, mais ce n\u2019\u00e9tait pas la m\u00eame chose, \u00bb a-t-il dit.<\/p>\n<p>Le directeur de la communication de la TED, David Neal, a \u00e9galement accueilli les participants au programme en pr\u00e9sentiel. \u00ab Zoom est fantastique, mais les relations vont plus loin que Zoom, \u00bb a-t-il d\u00e9clar\u00e9. \u00ab Et c\u2019est une occasion d\u2019apprendre, de se mettre en r\u00e9seau, de partager, de s\u2019encourager mutuellement et d\u2019\u00e9tablir des relations, \u00bb a-t-il d\u00e9clar\u00e9.<\/p>\n<p>Le producteur de Hope Media Europe, Adrian Dure, qui a co-anim\u00e9 le programme d\u2019ouverture avec la directrice adjointe de la communication pour la TED, Vanessa Pizzuto, \u00e9tait du m\u00eame avis. \u00ab Les pr\u00e9sentations sont importantes, \u00bb a dit Adrian Dure aux participants. \u00ab Mais bien plus important pour ce programme est le fait que vous soyez ici. \u00bb<\/p>\n<p>Les dirigeants de GAiN Europe 2022 ont parl\u00e9 de l\u2019histoire du r\u00e9seau et de ce qu\u2019il offre d\u00e9sormais aux responsables de la communication. Le programme comprenait des discussions sur la vision de GAiN Europe et proposait des pr\u00e9sentations cibl\u00e9es faites par des experts, ainsi que des ateliers et des \u00e9tudes de cas. Mais surtout, comme l\u2019a soulign\u00e9 le directeur de la communication de l\u2019EUD, Paulo Macedo, lors de la soir\u00e9e d\u2019ouverture, GAiN Europe est un programme spirituel. \u00ab La chose la plus importante est que nous recherchions la pr\u00e9sence du Seigneur, \u00bb a-t-il dit.<\/p>\n<p><div id=\"attachment_90613\" style=\"width: 855px\" class=\"wp-caption aligncenter\"><img decoding=\"async\" aria-describedby=\"caption-attachment-90613\" class=\" wp-image-90612\" src=\"https:\/\/interamerica.org\/wp-content\/uploads\/2022\/10\/ame-100114961-20221014-tor5678-mpr-2-1024x683-1.jpg\" alt=\"\" width=\"845\" height=\"563\" srcset=\"https:\/\/interamerica.org\/wp-content\/uploads\/2022\/10\/ame-100114961-20221014-tor5678-mpr-2-1024x683-1.jpg 1024w, https:\/\/interamerica.org\/wp-content\/uploads\/2022\/10\/ame-100114961-20221014-tor5678-mpr-2-1024x683-1-300x200.jpg 300w, https:\/\/interamerica.org\/wp-content\/uploads\/2022\/10\/ame-100114961-20221014-tor5678-mpr-2-1024x683-1-768x512.jpg 768w\" sizes=\"(max-width: 845px) 100vw, 845px\" \/><p id=\"caption-attachment-90613\" class=\"wp-caption-text\">Jonathan Contero, directeur adjoint du Centre pour la Mission S\u00e9culi\u00e8re et Post-Chr\u00e9tienne, des Centres de la Mission Globale (Conf\u00e9rence G\u00e9n\u00e9rale) pr\u00e9sentant son allocution \u00e0 GAiN Europe 2022, \u00e0 l\u2019H\u00f4tel Sheraton Bucarest \u00e0 Bucarest en Roumanie, lors du programme du 14 au 18 octobre 2022. [Photo: Tor Tjeransen \/ Adventist Media Exchange (CC BY 4.0)<\/p><\/div><strong>Partager la foi dans un contexte post-chr\u00e9tien<\/strong><\/p>\n<p>L\u2019intervenant principal lors du programme d\u2019ouverture \u00e9tait Jonathan Contero, directeur adjoint du Centre de la Mission Globale de l\u2019\u00c9glise adventiste pour la Mission S\u00e9culi\u00e8re et Post-Chr\u00e9tienne. Jonathan Contero, qui a fond\u00e9 il y a quelques ann\u00e9es une congr\u00e9gation adventiste \u00e0 Madrid, en Espagne, dans le but d\u2019\u00e9tablir le contact avec des personnes s\u00e9culi\u00e8res et post-chr\u00e9tiennes, a discut\u00e9 des moyens d\u2019atteindre ce segment croissant de la population.<\/p>\n<p>Jonathan Contero a expliqu\u00e9 que les personnes s\u00e9culi\u00e8res et post-chr\u00e9tiennes sont si difficiles \u00e0 atteindre que nous pourrions les abandonner. Et les obstacles sont r\u00e9els, a-t-il dit. \u00ab Vous ne pouvez pas leur parler de la proph\u00e9tie ou du sabbat parce qu\u2019ils ne croient m\u00eame pas en Dieu ou en la Bible. Ils vous diraient : \u2018\u00e7a m\u2019est \u00e9gal.\u2019 \u00bb<\/p>\n<p><strong>S\u2019adapter pour rencontrer les gens l\u00e0 o\u00f9 sont<\/strong><\/p>\n<p>Il a expliqu\u00e9 que m\u00eame si nous utilisons les m\u00eames symboles que les personnes s\u00e9culi\u00e8res et post-chr\u00e9tiennes, nous leur attribuons des significations diff\u00e9rentes, ce qui rend notre communication inintelligible. \u00ab Parfois, nous parlons trop aux adventistes, \u00e0 nous-m\u00eames. Mais nous devons nous adapter aux personnes que nous voulons atteindre, \u00bb a d\u00e9clar\u00e9 Jonathan Contero.<\/p>\n<p><div id=\"attachment_90600\" style=\"width: 838px\" class=\"wp-caption aligncenter\"><img decoding=\"async\" aria-describedby=\"caption-attachment-90600\" class=\" wp-image-90599\" src=\"https:\/\/interamerica.org\/wp-content\/uploads\/2022\/10\/ame-100114964-20221014-tor5649-mpr-1-1024x683-1.jpg\" alt=\"\" width=\"828\" height=\"552\" srcset=\"https:\/\/interamerica.org\/wp-content\/uploads\/2022\/10\/ame-100114964-20221014-tor5649-mpr-1-1024x683-1.jpg 1024w, https:\/\/interamerica.org\/wp-content\/uploads\/2022\/10\/ame-100114964-20221014-tor5649-mpr-1-1024x683-1-300x200.jpg 300w, https:\/\/interamerica.org\/wp-content\/uploads\/2022\/10\/ame-100114964-20221014-tor5649-mpr-1-1024x683-1-768x512.jpg 768w\" sizes=\"(max-width: 828px) 100vw, 828px\" \/><p id=\"caption-attachment-90600\" class=\"wp-caption-text\">Le directeur de la communication de la Division Inter Europ\u00e9enne, Paulo Macedo, accueille plus de 180 participants \u00e0 la convention 2022 du R\u00e9seau Mondial Adventiste d\u2019Internet pour l\u2019Europe \u00e0 Bucarest, en Roumanie, le 14 octobre. [Photo: Tor Tjeransen \/ Adventist Media Exchange (CC BY 4.0)<\/p><\/div>L\u2019adaptation est exactement ce que la cofondatrice de l\u2019\u00c9glise adventiste, Ellen G. White, a recommand\u00e9, a dit Jonathan Contero. Dans son livre Testimonies to Ministers and Gospel Workers, elle \u00e9crit : \u00ab Les habitants de chaque pays ont leurs caract\u00e9ristiques particuli\u00e8res et distinctes et il faut que les hommes fassent preuve de sagesse afin de savoir comment s\u2019adapter aux id\u00e9es particuli\u00e8res des gens et ainsi pr\u00e9senter la v\u00e9rit\u00e9 de telle mani\u00e8re qu\u2019elle puisse leur faire du bien. Ils doivent \u00eatre capables de comprendre leurs besoins et d\u2019y r\u00e9pondre. \u00bb (p. 213).<\/p>\n<p>Par-dessus tout, a dit Jonathan Contero, il s\u2019agit de suivre l\u2019exemple de J\u00e9sus, qui a amen\u00e9 l\u2019humanit\u00e9 \u00ab en contact avec la puissance transformatrice de la v\u00e9rit\u00e9 en les rencontrant l\u00e0 o\u00f9 ils [\u00e9taient], \u00bb a-t-il lu \u00e0 nouveau dans le livre d\u2019Ellen White (\u00c9vang\u00e9liser, p. 133).<\/p>\n<p><strong>Servir et parler leur langage <\/strong><\/p>\n<p>Citant l\u2019exemple missionnaire de l\u2019ap\u00f4tre Paul, Jonathan Contero a expliqu\u00e9 que l\u2019une des fa\u00e7ons d\u2019entrer en contact avec les personnes s\u00e9culi\u00e8res est de se mettre \u00e0 leur service. \u00ab Combien de fois \u00eates-vous devenus serviteurs de non-chr\u00e9tiens ? \u00bb a-t-il demand\u00e9.<\/p>\n<p>Entrer en contact implique \u00e9galement de parler avec un langage qu\u2019ils peuvent comprendre, a dit Jonathan Contero. Il a expliqu\u00e9 comment dans Actes 2, l\u2019ap\u00f4tre Pierre a prononc\u00e9 un discours puissant en \u00e9tablissant une relation et un terrain d\u2019entente avec ses auditeurs. Ce n\u2019est qu\u2019\u00e0 ce moment-l\u00e0 que Pierre a pu discuter du sujet qu\u2019il voulait pr\u00e9senter depuis le d\u00e9but.<\/p>\n<p>L\u2019exemple de Pierre est aussi un appel pour nous, a d\u00e9clar\u00e9 Jonathan Contero. Tout le monde devrait se demander : \u00ab Combien de fois [est-ce que] je pr\u00eache, pense ou parle avec des non-chr\u00e9tiens \u00e0 l\u2019esprit ? \u00bb<\/p>\n<p>Globalement, a reconnu Jonathan Contero, \u00e9tablir le contact avec des personnes s\u00e9culi\u00e8res et non chr\u00e9tiennes est une entreprise difficile. \u00ab Parfois, on peut avoir l\u2019impression que cela ne porte pas de fruits, mais nous sommes appel\u00e9s \u00e0 le faire. Dieu vous a appel\u00e9s \u00e0 \u00eatre la Bible pour les non-chr\u00e9tiens, \u00bb a-t-il d\u00e9clar\u00e9. \u00ab Avec votre approche, avec vos paroles et avec votre comportement, vous devenez la premi\u00e8re Bible qu\u2019ils liront. \u00bb<\/p>\n<p>Traduction: Patrick Luciathe<\/p>\n","protected":false},"excerpt":{"rendered":"<p>GAiN Europe 2022 s\u2019ouvre sur une invitation \u00e0 accomplir la mission dans une soci\u00e9t\u00e9 post-chr\u00e9tienne. 18 Octobre 2022 | Bucarest, Roumanie | Marcos Paseggi, Adventist Review Plus de 180 acteurs&#8230;<\/p>\n","protected":false},"author":3,"featured_media":90606,"comment_status":"closed","ping_status":"closed","sticky":false,"template":"","format":"standard","meta":{"_acf_changed":false,"footnotes":""},"categories":[18,19],"tags":[],"class_list":["post-90651","post","type-post","status-publish","format-standard","has-post-thumbnail","hentry","category-nouvelles-de-leglise-mondiale","category-rss-francais"],"acf":[],"yoast_head":"<!-- This site is optimized with the Yoast SEO plugin v27.3 - https:\/\/yoast.com\/product\/yoast-seo-wordpress\/ -->\n<title>\u2018Dieu vous a appel\u00e9s \u00e0 \u00eatre la Bible pour les non-chr\u00e9tiens\u2019 - \u00c9glise Adventiste Du Septieme Jour - Inter Am\u00e9rique Division<\/title>\n<meta name=\"robots\" content=\"index, follow, max-snippet:-1, max-image-preview:large, max-video-preview:-1\" \/>\n<link rel=\"canonical\" href=\"https:\/\/interamerica.org\/fr\/2022\/10\/dieu-vous-a-appeles-a-etre-la-bible-pour-les-non-chretiens\/\" \/>\n<meta property=\"og:locale\" content=\"fr_FR\" \/>\n<meta property=\"og:type\" content=\"article\" \/>\n<meta property=\"og:title\" content=\"\u2018Dieu vous a appel\u00e9s \u00e0 \u00eatre la Bible pour les non-chr\u00e9tiens\u2019 - \u00c9glise Adventiste Du Septieme Jour - Inter Am\u00e9rique Division\" \/>\n<meta property=\"og:description\" content=\"GAiN Europe 2022 s\u2019ouvre sur une invitation \u00e0 accomplir la mission dans une soci\u00e9t\u00e9 post-chr\u00e9tienne. 18 Octobre 2022 | Bucarest, Roumanie | Marcos Paseggi, Adventist Review Plus de 180 acteurs...\" \/>\n<meta property=\"og:url\" content=\"https:\/\/interamerica.org\/fr\/2022\/10\/dieu-vous-a-appeles-a-etre-la-bible-pour-les-non-chretiens\/\" \/>\n<meta property=\"og:site_name\" content=\"\u00c9glise Adventiste Du Septieme Jour - Inter Am\u00e9rique Division\" \/>\n<meta property=\"article:published_time\" content=\"2022-10-18T14:40:54+00:00\" \/>\n<meta property=\"article:modified_time\" content=\"2022-10-19T22:17:13+00:00\" \/>\n<meta property=\"og:image\" content=\"https:\/\/interamerica.org\/wp-content\/uploads\/2022\/10\/gain-europe1-ame-100114962-20221014-tor5651-mpr-scaled-1.jpeg\" \/>\n\t<meta property=\"og:image:width\" content=\"2560\" \/>\n\t<meta property=\"og:image:height\" content=\"1707\" \/>\n\t<meta property=\"og:image:type\" content=\"image\/jpeg\" \/>\n<meta name=\"author\" content=\"libna\" \/>\n<meta name=\"twitter:card\" content=\"summary_large_image\" \/>\n<meta name=\"twitter:label1\" content=\"\u00c9crit par\" \/>\n\t<meta name=\"twitter:data1\" content=\"libna\" \/>\n\t<meta name=\"twitter:label2\" content=\"Dur\u00e9e de lecture estim\u00e9e\" \/>\n\t<meta name=\"twitter:data2\" content=\"6 minutes\" \/>\n<script type=\"application\/ld+json\" class=\"yoast-schema-graph\">{\"@context\":\"https:\\\/\\\/schema.org\",\"@graph\":[{\"@type\":\"Article\",\"@id\":\"https:\\\/\\\/interamerica.org\\\/fr\\\/2022\\\/10\\\/dieu-vous-a-appeles-a-etre-la-bible-pour-les-non-chretiens\\\/#article\",\"isPartOf\":{\"@id\":\"https:\\\/\\\/interamerica.org\\\/fr\\\/2022\\\/10\\\/dieu-vous-a-appeles-a-etre-la-bible-pour-les-non-chretiens\\\/\"},\"author\":{\"name\":\"libna\",\"@id\":\"https:\\\/\\\/interamerica.org\\\/fr\\\/#\\\/schema\\\/person\\\/29998f2bc2d8bd0d38662909289b54f1\"},\"headline\":\"\u2018Dieu vous a appel\u00e9s \u00e0 \u00eatre la Bible pour les non-chr\u00e9tiens\u2019\",\"datePublished\":\"2022-10-18T14:40:54+00:00\",\"dateModified\":\"2022-10-19T22:17:13+00:00\",\"mainEntityOfPage\":{\"@id\":\"https:\\\/\\\/interamerica.org\\\/fr\\\/2022\\\/10\\\/dieu-vous-a-appeles-a-etre-la-bible-pour-les-non-chretiens\\\/\"},\"wordCount\":1222,\"image\":{\"@id\":\"https:\\\/\\\/interamerica.org\\\/fr\\\/2022\\\/10\\\/dieu-vous-a-appeles-a-etre-la-bible-pour-les-non-chretiens\\\/#primaryimage\"},\"thumbnailUrl\":\"https:\\\/\\\/interamerica.org\\\/wp-content\\\/uploads\\\/2022\\\/10\\\/gain-europe1-ame-100114962-20221014-tor5651-mpr-scaled-1.jpeg\",\"articleSection\":[\"Nouvelles de l'\u00c9glise mondiale\",\"RSS Fran\u00e7ais\"],\"inLanguage\":\"fr-FR\"},{\"@type\":\"WebPage\",\"@id\":\"https:\\\/\\\/interamerica.org\\\/fr\\\/2022\\\/10\\\/dieu-vous-a-appeles-a-etre-la-bible-pour-les-non-chretiens\\\/\",\"url\":\"https:\\\/\\\/interamerica.org\\\/fr\\\/2022\\\/10\\\/dieu-vous-a-appeles-a-etre-la-bible-pour-les-non-chretiens\\\/\",\"name\":\"\u2018Dieu vous a appel\u00e9s \u00e0 \u00eatre la Bible pour les non-chr\u00e9tiens\u2019 - \u00c9glise Adventiste Du Septieme Jour - Inter Am\u00e9rique Division\",\"isPartOf\":{\"@id\":\"https:\\\/\\\/interamerica.org\\\/fr\\\/#website\"},\"primaryImageOfPage\":{\"@id\":\"https:\\\/\\\/interamerica.org\\\/fr\\\/2022\\\/10\\\/dieu-vous-a-appeles-a-etre-la-bible-pour-les-non-chretiens\\\/#primaryimage\"},\"image\":{\"@id\":\"https:\\\/\\\/interamerica.org\\\/fr\\\/2022\\\/10\\\/dieu-vous-a-appeles-a-etre-la-bible-pour-les-non-chretiens\\\/#primaryimage\"},\"thumbnailUrl\":\"https:\\\/\\\/interamerica.org\\\/wp-content\\\/uploads\\\/2022\\\/10\\\/gain-europe1-ame-100114962-20221014-tor5651-mpr-scaled-1.jpeg\",\"datePublished\":\"2022-10-18T14:40:54+00:00\",\"dateModified\":\"2022-10-19T22:17:13+00:00\",\"author\":{\"@id\":\"https:\\\/\\\/interamerica.org\\\/fr\\\/#\\\/schema\\\/person\\\/29998f2bc2d8bd0d38662909289b54f1\"},\"breadcrumb\":{\"@id\":\"https:\\\/\\\/interamerica.org\\\/fr\\\/2022\\\/10\\\/dieu-vous-a-appeles-a-etre-la-bible-pour-les-non-chretiens\\\/#breadcrumb\"},\"inLanguage\":\"fr-FR\",\"potentialAction\":[{\"@type\":\"ReadAction\",\"target\":[\"https:\\\/\\\/interamerica.org\\\/fr\\\/2022\\\/10\\\/dieu-vous-a-appeles-a-etre-la-bible-pour-les-non-chretiens\\\/\"]}]},{\"@type\":\"ImageObject\",\"inLanguage\":\"fr-FR\",\"@id\":\"https:\\\/\\\/interamerica.org\\\/fr\\\/2022\\\/10\\\/dieu-vous-a-appeles-a-etre-la-bible-pour-les-non-chretiens\\\/#primaryimage\",\"url\":\"https:\\\/\\\/interamerica.org\\\/wp-content\\\/uploads\\\/2022\\\/10\\\/gain-europe1-ame-100114962-20221014-tor5651-mpr-scaled-1.jpeg\",\"contentUrl\":\"https:\\\/\\\/interamerica.org\\\/wp-content\\\/uploads\\\/2022\\\/10\\\/gain-europe1-ame-100114962-20221014-tor5651-mpr-scaled-1.jpeg\",\"width\":2560,\"height\":1707,\"caption\":\"GAiN Europe 2022, Sheraton Bucharest Hotel, Bucharest, Romania, October 14-18, 2022. Cameradate: Friday, October 14, 2022 20:29.\"},{\"@type\":\"BreadcrumbList\",\"@id\":\"https:\\\/\\\/interamerica.org\\\/fr\\\/2022\\\/10\\\/dieu-vous-a-appeles-a-etre-la-bible-pour-les-non-chretiens\\\/#breadcrumb\",\"itemListElement\":[{\"@type\":\"ListItem\",\"position\":1,\"name\":\"Home\",\"item\":\"https:\\\/\\\/interamerica.org\\\/fr\\\/\"},{\"@type\":\"ListItem\",\"position\":2,\"name\":\"\u2018Dieu vous a appel\u00e9s \u00e0 \u00eatre la Bible pour les non-chr\u00e9tiens\u2019\"}]},{\"@type\":\"WebSite\",\"@id\":\"https:\\\/\\\/interamerica.org\\\/fr\\\/#website\",\"url\":\"https:\\\/\\\/interamerica.org\\\/fr\\\/\",\"name\":\"\u00c9glise Adventiste Du Septieme Jour - Inter Am\u00e9rique Division\",\"description\":\"\",\"potentialAction\":[{\"@type\":\"SearchAction\",\"target\":{\"@type\":\"EntryPoint\",\"urlTemplate\":\"https:\\\/\\\/interamerica.org\\\/fr\\\/?s={search_term_string}\"},\"query-input\":{\"@type\":\"PropertyValueSpecification\",\"valueRequired\":true,\"valueName\":\"search_term_string\"}}],\"inLanguage\":\"fr-FR\"},{\"@type\":\"Person\",\"@id\":\"https:\\\/\\\/interamerica.org\\\/fr\\\/#\\\/schema\\\/person\\\/29998f2bc2d8bd0d38662909289b54f1\",\"name\":\"libna\",\"image\":{\"@type\":\"ImageObject\",\"inLanguage\":\"fr-FR\",\"@id\":\"https:\\\/\\\/secure.gravatar.com\\\/avatar\\\/7c5bd30ae4b47a9ba3c856590957fd1d96dc588bf3ac05719d247e126840331f?s=96&d=mm&r=g\",\"url\":\"https:\\\/\\\/secure.gravatar.com\\\/avatar\\\/7c5bd30ae4b47a9ba3c856590957fd1d96dc588bf3ac05719d247e126840331f?s=96&d=mm&r=g\",\"contentUrl\":\"https:\\\/\\\/secure.gravatar.com\\\/avatar\\\/7c5bd30ae4b47a9ba3c856590957fd1d96dc588bf3ac05719d247e126840331f?s=96&d=mm&r=g\",\"caption\":\"libna\"}}]}<\/script>\n<!-- \/ Yoast SEO plugin. -->","yoast_head_json":{"title":"\u2018Dieu vous a appel\u00e9s \u00e0 \u00eatre la Bible pour les non-chr\u00e9tiens\u2019 - \u00c9glise Adventiste Du Septieme Jour - Inter Am\u00e9rique Division","robots":{"index":"index","follow":"follow","max-snippet":"max-snippet:-1","max-image-preview":"max-image-preview:large","max-video-preview":"max-video-preview:-1"},"canonical":"https:\/\/interamerica.org\/fr\/2022\/10\/dieu-vous-a-appeles-a-etre-la-bible-pour-les-non-chretiens\/","og_locale":"fr_FR","og_type":"article","og_title":"\u2018Dieu vous a appel\u00e9s \u00e0 \u00eatre la Bible pour les non-chr\u00e9tiens\u2019 - \u00c9glise Adventiste Du Septieme Jour - Inter Am\u00e9rique Division","og_description":"GAiN Europe 2022 s\u2019ouvre sur une invitation \u00e0 accomplir la mission dans une soci\u00e9t\u00e9 post-chr\u00e9tienne. 18 Octobre 2022 | Bucarest, Roumanie | Marcos Paseggi, Adventist Review Plus de 180 acteurs...","og_url":"https:\/\/interamerica.org\/fr\/2022\/10\/dieu-vous-a-appeles-a-etre-la-bible-pour-les-non-chretiens\/","og_site_name":"\u00c9glise Adventiste Du Septieme Jour - Inter Am\u00e9rique Division","article_published_time":"2022-10-18T14:40:54+00:00","article_modified_time":"2022-10-19T22:17:13+00:00","og_image":[{"width":2560,"height":1707,"url":"https:\/\/interamerica.org\/wp-content\/uploads\/2022\/10\/gain-europe1-ame-100114962-20221014-tor5651-mpr-scaled-1.jpeg","type":"image\/jpeg"}],"author":"libna","twitter_card":"summary_large_image","twitter_misc":{"\u00c9crit par":"libna","Dur\u00e9e de lecture estim\u00e9e":"6 minutes"},"schema":{"@context":"https:\/\/schema.org","@graph":[{"@type":"Article","@id":"https:\/\/interamerica.org\/fr\/2022\/10\/dieu-vous-a-appeles-a-etre-la-bible-pour-les-non-chretiens\/#article","isPartOf":{"@id":"https:\/\/interamerica.org\/fr\/2022\/10\/dieu-vous-a-appeles-a-etre-la-bible-pour-les-non-chretiens\/"},"author":{"name":"libna","@id":"https:\/\/interamerica.org\/fr\/#\/schema\/person\/29998f2bc2d8bd0d38662909289b54f1"},"headline":"\u2018Dieu vous a appel\u00e9s \u00e0 \u00eatre la Bible pour les non-chr\u00e9tiens\u2019","datePublished":"2022-10-18T14:40:54+00:00","dateModified":"2022-10-19T22:17:13+00:00","mainEntityOfPage":{"@id":"https:\/\/interamerica.org\/fr\/2022\/10\/dieu-vous-a-appeles-a-etre-la-bible-pour-les-non-chretiens\/"},"wordCount":1222,"image":{"@id":"https:\/\/interamerica.org\/fr\/2022\/10\/dieu-vous-a-appeles-a-etre-la-bible-pour-les-non-chretiens\/#primaryimage"},"thumbnailUrl":"https:\/\/interamerica.org\/wp-content\/uploads\/2022\/10\/gain-europe1-ame-100114962-20221014-tor5651-mpr-scaled-1.jpeg","articleSection":["Nouvelles de l'\u00c9glise mondiale","RSS Fran\u00e7ais"],"inLanguage":"fr-FR"},{"@type":"WebPage","@id":"https:\/\/interamerica.org\/fr\/2022\/10\/dieu-vous-a-appeles-a-etre-la-bible-pour-les-non-chretiens\/","url":"https:\/\/interamerica.org\/fr\/2022\/10\/dieu-vous-a-appeles-a-etre-la-bible-pour-les-non-chretiens\/","name":"\u2018Dieu vous a appel\u00e9s \u00e0 \u00eatre la Bible pour les non-chr\u00e9tiens\u2019 - \u00c9glise Adventiste Du Septieme Jour - Inter Am\u00e9rique Division","isPartOf":{"@id":"https:\/\/interamerica.org\/fr\/#website"},"primaryImageOfPage":{"@id":"https:\/\/interamerica.org\/fr\/2022\/10\/dieu-vous-a-appeles-a-etre-la-bible-pour-les-non-chretiens\/#primaryimage"},"image":{"@id":"https:\/\/interamerica.org\/fr\/2022\/10\/dieu-vous-a-appeles-a-etre-la-bible-pour-les-non-chretiens\/#primaryimage"},"thumbnailUrl":"https:\/\/interamerica.org\/wp-content\/uploads\/2022\/10\/gain-europe1-ame-100114962-20221014-tor5651-mpr-scaled-1.jpeg","datePublished":"2022-10-18T14:40:54+00:00","dateModified":"2022-10-19T22:17:13+00:00","author":{"@id":"https:\/\/interamerica.org\/fr\/#\/schema\/person\/29998f2bc2d8bd0d38662909289b54f1"},"breadcrumb":{"@id":"https:\/\/interamerica.org\/fr\/2022\/10\/dieu-vous-a-appeles-a-etre-la-bible-pour-les-non-chretiens\/#breadcrumb"},"inLanguage":"fr-FR","potentialAction":[{"@type":"ReadAction","target":["https:\/\/interamerica.org\/fr\/2022\/10\/dieu-vous-a-appeles-a-etre-la-bible-pour-les-non-chretiens\/"]}]},{"@type":"ImageObject","inLanguage":"fr-FR","@id":"https:\/\/interamerica.org\/fr\/2022\/10\/dieu-vous-a-appeles-a-etre-la-bible-pour-les-non-chretiens\/#primaryimage","url":"https:\/\/interamerica.org\/wp-content\/uploads\/2022\/10\/gain-europe1-ame-100114962-20221014-tor5651-mpr-scaled-1.jpeg","contentUrl":"https:\/\/interamerica.org\/wp-content\/uploads\/2022\/10\/gain-europe1-ame-100114962-20221014-tor5651-mpr-scaled-1.jpeg","width":2560,"height":1707,"caption":"GAiN Europe 2022, Sheraton Bucharest Hotel, Bucharest, Romania, October 14-18, 2022. Cameradate: Friday, October 14, 2022 20:29."},{"@type":"BreadcrumbList","@id":"https:\/\/interamerica.org\/fr\/2022\/10\/dieu-vous-a-appeles-a-etre-la-bible-pour-les-non-chretiens\/#breadcrumb","itemListElement":[{"@type":"ListItem","position":1,"name":"Home","item":"https:\/\/interamerica.org\/fr\/"},{"@type":"ListItem","position":2,"name":"\u2018Dieu vous a appel\u00e9s \u00e0 \u00eatre la Bible pour les non-chr\u00e9tiens\u2019"}]},{"@type":"WebSite","@id":"https:\/\/interamerica.org\/fr\/#website","url":"https:\/\/interamerica.org\/fr\/","name":"\u00c9glise Adventiste Du Septieme Jour - Inter Am\u00e9rique Division","description":"","potentialAction":[{"@type":"SearchAction","target":{"@type":"EntryPoint","urlTemplate":"https:\/\/interamerica.org\/fr\/?s={search_term_string}"},"query-input":{"@type":"PropertyValueSpecification","valueRequired":true,"valueName":"search_term_string"}}],"inLanguage":"fr-FR"},{"@type":"Person","@id":"https:\/\/interamerica.org\/fr\/#\/schema\/person\/29998f2bc2d8bd0d38662909289b54f1","name":"libna","image":{"@type":"ImageObject","inLanguage":"fr-FR","@id":"https:\/\/secure.gravatar.com\/avatar\/7c5bd30ae4b47a9ba3c856590957fd1d96dc588bf3ac05719d247e126840331f?s=96&d=mm&r=g","url":"https:\/\/secure.gravatar.com\/avatar\/7c5bd30ae4b47a9ba3c856590957fd1d96dc588bf3ac05719d247e126840331f?s=96&d=mm&r=g","contentUrl":"https:\/\/secure.gravatar.com\/avatar\/7c5bd30ae4b47a9ba3c856590957fd1d96dc588bf3ac05719d247e126840331f?s=96&d=mm&r=g","caption":"libna"}}]}},"_links":{"self":[{"href":"https:\/\/interamerica.org\/fr\/wp-json\/wp\/v2\/posts\/90651","targetHints":{"allow":["GET"]}}],"collection":[{"href":"https:\/\/interamerica.org\/fr\/wp-json\/wp\/v2\/posts"}],"about":[{"href":"https:\/\/interamerica.org\/fr\/wp-json\/wp\/v2\/types\/post"}],"author":[{"embeddable":true,"href":"https:\/\/interamerica.org\/fr\/wp-json\/wp\/v2\/users\/3"}],"replies":[{"embeddable":true,"href":"https:\/\/interamerica.org\/fr\/wp-json\/wp\/v2\/comments?post=90651"}],"version-history":[{"count":0,"href":"https:\/\/interamerica.org\/fr\/wp-json\/wp\/v2\/posts\/90651\/revisions"}],"wp:featuredmedia":[{"embeddable":true,"href":"https:\/\/interamerica.org\/fr\/wp-json\/wp\/v2\/media\/90606"}],"wp:attachment":[{"href":"https:\/\/interamerica.org\/fr\/wp-json\/wp\/v2\/media?parent=90651"}],"wp:term":[{"taxonomy":"category","embeddable":true,"href":"https:\/\/interamerica.org\/fr\/wp-json\/wp\/v2\/categories?post=90651"},{"taxonomy":"post_tag","embeddable":true,"href":"https:\/\/interamerica.org\/fr\/wp-json\/wp\/v2\/tags?post=90651"}],"curies":[{"name":"wp","href":"https:\/\/api.w.org\/{rel}","templated":true}]}}