{"id":91490,"date":"2022-11-10T12:56:15","date_gmt":"2022-11-10T17:56:15","guid":{"rendered":"https:\/\/interamerica.org\/?p=91490"},"modified":"2022-11-10T14:26:19","modified_gmt":"2022-11-10T19:26:19","slug":"le-projet-la-radio-se-deplace-commence-son-periple-a-travers-lukraine","status":"publish","type":"post","link":"https:\/\/interamerica.org\/fr\/2022\/11\/le-projet-la-radio-se-deplace-commence-son-periple-a-travers-lukraine\/","title":{"rendered":"Le projet \u00ab La Radio se D\u00e9place \u00bb commence son p\u00e9riple \u00e0 travers l\u2019Ukraine"},"content":{"rendered":"<div class=\"u-width--100p u-spacing\">\n<p class=\"c-block__title u-color--white u-font--primary--l u-font-weight--bold u-theme--color--lighter\"><span style=\"font-size: 16px;\">10 Novembre 2022 | Ukraine | Valentyn Zahreba<\/span><\/p>\n<p>La Radio Adventiste Mondiale (AWR) a lanc\u00e9 un projet pour aider l\u2019Ukraine.<\/p>\n<p>A l\u2019initiative des dirigeants d\u2019AWR, Duane McKey, pr\u00e9sident d\u2019AWR, et Vasily Makarchuk, directeur r\u00e9gional europ\u00e9en, une semi-remorque a \u00e9t\u00e9 pr\u00e9par\u00e9 sp\u00e9cialement pour l\u2019Ukraine, il sillonnera notre pays. L\u2019objectif du voyage est d\u2019aider les habitants des diff\u00e9rentes r\u00e9gions, en particulier les territoires souffrant des cons\u00e9quences de la guerre, o\u00f9 vivent de nombreuses personnes d\u00e9plac\u00e9es.<\/p>\n<p>Lors de la rencontre annuelle de l\u2019\u00c9glise adventiste en Ukraine du 28 au 30 octobre, ce projet a \u00e9t\u00e9 pr\u00e9sent\u00e9 aux participants.<\/p>\n<p>La rencontre de l\u2019Union de F\u00e9d\u00e9rations de l\u2019Ukraine se tenait pour la premi\u00e8re fois, apr\u00e8s que l\u2019Union Ukrainienne soit devenue un champ rattach\u00e9 \u00e0 la Conf\u00e9rence G\u00e9n\u00e9rale en avril 2022. Artur Stele, vice-pr\u00e9sident de la Conf\u00e9rence G\u00e9n\u00e9rale, a pr\u00e9sid\u00e9 cette r\u00e9union.<\/p>\n<p>Maksym Krupskyi, directeur du groupe Hope Media, a pr\u00e9sent\u00e9 aux participants \u00e0 la r\u00e9union la mise en place de \u00ab La Radio se D\u00e9place, \u00bb un projet dont le groupe Hope Media est partenaire.<\/p>\n<p>Andrii Skoryna, le chef de projet, a parl\u00e9 via Zoom de l\u2019\u00e9quipe impliqu\u00e9e dans la pr\u00e9paration des d\u00e9placements du camion \u00e0 travers l\u2019Ukraine. La semi-remorque contient du mat\u00e9riel m\u00e9dical permettant de recevoir et de soigner les patients. Des sp\u00e9cialistes dans divers domaines, tels que des m\u00e9decins et des psychologues qui apporteront l\u2019assistance n\u00e9cessaire &#8211; psychologique, m\u00e9dicale et spirituelle \u2013 feront partie du voyage avec Andrii Skoryna. De plus, l\u2019\u00c9cole Biblique, qui fait partie du minist\u00e8re du groupe audiovisuel, fournira \u00e9galement du mat\u00e9riel et participera activement au projet. Serhii Vershylo, directeur de l\u2019\u00c9cole Biblique, a fait beaucoup d\u2019efforts pour que le projet dispose du mat\u00e9riel n\u00e9cessaire et puisse \u00e9tablir une coop\u00e9ration avec des partenaires.<\/p>\n<p>Kent Sharpe \u00e9tait un invit\u00e9 sp\u00e9cial de la rencontre ; il est chef de projet et vice-pr\u00e9sident d\u2019AWR et est venu en Ukraine pour soutenir le lancement de \u00ab La Radio se D\u00e9place. \u00bb<\/p>\n<p>Kent Sharpe a parl\u00e9 des \u00e9tapes de pr\u00e9paration du projet et des opportunit\u00e9s qu\u2019offre cette initiative. Il a attir\u00e9 l\u2019attention sur le fait que malgr\u00e9 les moments difficiles que vivent les ukrainiens, il y a toujours des rayons de lumi\u00e8re qui traversent les nuages.<\/p>\n<p>Kent Sharpe a demand\u00e9 au Seigneur avec les personnes pr\u00e9sentes lors de la pri\u00e8re de d\u00e9dicace : que les futures rencontres avec \u00ab La Radio se D\u00e9place \u00bb dans diff\u00e9rentes r\u00e9gions puissent aider le peuple ukrainien \u00e0 recevoir de l\u2019aide et de l\u2019espoir en ces temps difficiles.<\/p>\n<p>Le premier d\u00e9part du camion \u00ab La Radio se D\u00e9place \u00bb est pr\u00e9vu pour la ville de Moukatchevo et se fera en novembre 2022.<\/p>\n<p><em>L&rsquo;article<\/em><a href=\"https:\/\/adventist.ua\/news\/ukraine\/Proiekt-Radio-v-rusi-pochynaie-podorozh-Ukrainoiu\/\" target=\"_blank\" rel=\"noopener noreferrer\"><em>original<\/em><\/a><em>\u00a0a \u00e9t\u00e9 publi\u00e9 en ukrainien sur le\u00a0<\/em><a href=\"https:\/\/adventist.ua\/news\/\" target=\"_blank\" rel=\"noopener noreferrer\"><em>site web<\/em><\/a>de l\u2019Union de F\u00e9d\u00e9rations de l\u2019Ukraine.<\/p>\n<\/div>\n<p>Traduction: Patrick Luciathe<\/p>\n","protected":false},"excerpt":{"rendered":"<p>10 Novembre 2022 | Ukraine | Valentyn Zahreba La Radio Adventiste Mondiale (AWR) a lanc\u00e9 un projet pour aider l\u2019Ukraine. A l\u2019initiative des dirigeants d\u2019AWR, Duane McKey, pr\u00e9sident d\u2019AWR, et&#8230;<\/p>\n","protected":false},"author":3,"featured_media":91484,"comment_status":"closed","ping_status":"closed","sticky":false,"template":"","format":"standard","meta":{"_acf_changed":false,"footnotes":""},"categories":[18,19],"tags":[],"class_list":["post-91490","post","type-post","status-publish","format-standard","has-post-thumbnail","hentry","category-nouvelles-de-leglise-mondiale","category-rss-francais"],"acf":[],"yoast_head":"<!-- This site is optimized with the Yoast SEO plugin v27.3 - https:\/\/yoast.com\/product\/yoast-seo-wordpress\/ -->\n<title>Le projet \u00ab La Radio se D\u00e9place \u00bb commence son p\u00e9riple \u00e0 travers l\u2019Ukraine - \u00c9glise Adventiste Du Septieme Jour - Inter Am\u00e9rique Division<\/title>\n<meta name=\"robots\" content=\"index, follow, max-snippet:-1, max-image-preview:large, max-video-preview:-1\" \/>\n<link rel=\"canonical\" href=\"https:\/\/interamerica.org\/fr\/2022\/11\/le-projet-la-radio-se-deplace-commence-son-periple-a-travers-lukraine\/\" \/>\n<meta property=\"og:locale\" content=\"fr_FR\" \/>\n<meta property=\"og:type\" content=\"article\" \/>\n<meta property=\"og:title\" content=\"Le projet \u00ab La Radio se D\u00e9place \u00bb commence son p\u00e9riple \u00e0 travers l\u2019Ukraine - \u00c9glise Adventiste Du Septieme Jour - Inter Am\u00e9rique Division\" \/>\n<meta property=\"og:description\" content=\"10 Novembre 2022 | Ukraine | Valentyn Zahreba La Radio Adventiste Mondiale (AWR) a lanc\u00e9 un projet pour aider l\u2019Ukraine. A l\u2019initiative des dirigeants d\u2019AWR, Duane McKey, pr\u00e9sident d\u2019AWR, et...\" \/>\n<meta property=\"og:url\" content=\"https:\/\/interamerica.org\/fr\/2022\/11\/le-projet-la-radio-se-deplace-commence-son-periple-a-travers-lukraine\/\" \/>\n<meta property=\"og:site_name\" content=\"\u00c9glise Adventiste Du Septieme Jour - Inter Am\u00e9rique Division\" \/>\n<meta property=\"article:published_time\" content=\"2022-11-10T17:56:15+00:00\" \/>\n<meta property=\"article:modified_time\" content=\"2022-11-10T19:26:19+00:00\" \/>\n<meta property=\"og:image\" content=\"https:\/\/interamerica.org\/wp-content\/uploads\/2022\/11\/radio-on-the-move-ukraine.jpg\" \/>\n\t<meta property=\"og:image:width\" content=\"1000\" \/>\n\t<meta property=\"og:image:height\" content=\"563\" \/>\n\t<meta property=\"og:image:type\" content=\"image\/jpeg\" \/>\n<meta name=\"author\" content=\"libna\" \/>\n<meta name=\"twitter:card\" content=\"summary_large_image\" \/>\n<meta name=\"twitter:label1\" content=\"\u00c9crit par\" \/>\n\t<meta name=\"twitter:data1\" content=\"libna\" \/>\n\t<meta name=\"twitter:label2\" content=\"Dur\u00e9e de lecture estim\u00e9e\" \/>\n\t<meta name=\"twitter:data2\" content=\"2 minutes\" \/>\n<script type=\"application\/ld+json\" class=\"yoast-schema-graph\">{\"@context\":\"https:\\\/\\\/schema.org\",\"@graph\":[{\"@type\":\"Article\",\"@id\":\"https:\\\/\\\/interamerica.org\\\/fr\\\/2022\\\/11\\\/le-projet-la-radio-se-deplace-commence-son-periple-a-travers-lukraine\\\/#article\",\"isPartOf\":{\"@id\":\"https:\\\/\\\/interamerica.org\\\/fr\\\/2022\\\/11\\\/le-projet-la-radio-se-deplace-commence-son-periple-a-travers-lukraine\\\/\"},\"author\":{\"name\":\"libna\",\"@id\":\"https:\\\/\\\/interamerica.org\\\/fr\\\/#\\\/schema\\\/person\\\/29998f2bc2d8bd0d38662909289b54f1\"},\"headline\":\"Le projet \u00ab La Radio se D\u00e9place \u00bb commence son p\u00e9riple \u00e0 travers l\u2019Ukraine\",\"datePublished\":\"2022-11-10T17:56:15+00:00\",\"dateModified\":\"2022-11-10T19:26:19+00:00\",\"mainEntityOfPage\":{\"@id\":\"https:\\\/\\\/interamerica.org\\\/fr\\\/2022\\\/11\\\/le-projet-la-radio-se-deplace-commence-son-periple-a-travers-lukraine\\\/\"},\"wordCount\":526,\"image\":{\"@id\":\"https:\\\/\\\/interamerica.org\\\/fr\\\/2022\\\/11\\\/le-projet-la-radio-se-deplace-commence-son-periple-a-travers-lukraine\\\/#primaryimage\"},\"thumbnailUrl\":\"https:\\\/\\\/interamerica.org\\\/wp-content\\\/uploads\\\/2022\\\/11\\\/radio-on-the-move-ukraine.jpg\",\"articleSection\":[\"Nouvelles de l'\u00c9glise mondiale\",\"RSS Fran\u00e7ais\"],\"inLanguage\":\"fr-FR\"},{\"@type\":\"WebPage\",\"@id\":\"https:\\\/\\\/interamerica.org\\\/fr\\\/2022\\\/11\\\/le-projet-la-radio-se-deplace-commence-son-periple-a-travers-lukraine\\\/\",\"url\":\"https:\\\/\\\/interamerica.org\\\/fr\\\/2022\\\/11\\\/le-projet-la-radio-se-deplace-commence-son-periple-a-travers-lukraine\\\/\",\"name\":\"Le projet \u00ab La Radio se D\u00e9place \u00bb commence son p\u00e9riple \u00e0 travers l\u2019Ukraine - \u00c9glise Adventiste Du Septieme Jour - Inter Am\u00e9rique Division\",\"isPartOf\":{\"@id\":\"https:\\\/\\\/interamerica.org\\\/fr\\\/#website\"},\"primaryImageOfPage\":{\"@id\":\"https:\\\/\\\/interamerica.org\\\/fr\\\/2022\\\/11\\\/le-projet-la-radio-se-deplace-commence-son-periple-a-travers-lukraine\\\/#primaryimage\"},\"image\":{\"@id\":\"https:\\\/\\\/interamerica.org\\\/fr\\\/2022\\\/11\\\/le-projet-la-radio-se-deplace-commence-son-periple-a-travers-lukraine\\\/#primaryimage\"},\"thumbnailUrl\":\"https:\\\/\\\/interamerica.org\\\/wp-content\\\/uploads\\\/2022\\\/11\\\/radio-on-the-move-ukraine.jpg\",\"datePublished\":\"2022-11-10T17:56:15+00:00\",\"dateModified\":\"2022-11-10T19:26:19+00:00\",\"author\":{\"@id\":\"https:\\\/\\\/interamerica.org\\\/fr\\\/#\\\/schema\\\/person\\\/29998f2bc2d8bd0d38662909289b54f1\"},\"breadcrumb\":{\"@id\":\"https:\\\/\\\/interamerica.org\\\/fr\\\/2022\\\/11\\\/le-projet-la-radio-se-deplace-commence-son-periple-a-travers-lukraine\\\/#breadcrumb\"},\"inLanguage\":\"fr-FR\",\"potentialAction\":[{\"@type\":\"ReadAction\",\"target\":[\"https:\\\/\\\/interamerica.org\\\/fr\\\/2022\\\/11\\\/le-projet-la-radio-se-deplace-commence-son-periple-a-travers-lukraine\\\/\"]}]},{\"@type\":\"ImageObject\",\"inLanguage\":\"fr-FR\",\"@id\":\"https:\\\/\\\/interamerica.org\\\/fr\\\/2022\\\/11\\\/le-projet-la-radio-se-deplace-commence-son-periple-a-travers-lukraine\\\/#primaryimage\",\"url\":\"https:\\\/\\\/interamerica.org\\\/wp-content\\\/uploads\\\/2022\\\/11\\\/radio-on-the-move-ukraine.jpg\",\"contentUrl\":\"https:\\\/\\\/interamerica.org\\\/wp-content\\\/uploads\\\/2022\\\/11\\\/radio-on-the-move-ukraine.jpg\",\"width\":1000,\"height\":563},{\"@type\":\"BreadcrumbList\",\"@id\":\"https:\\\/\\\/interamerica.org\\\/fr\\\/2022\\\/11\\\/le-projet-la-radio-se-deplace-commence-son-periple-a-travers-lukraine\\\/#breadcrumb\",\"itemListElement\":[{\"@type\":\"ListItem\",\"position\":1,\"name\":\"Home\",\"item\":\"https:\\\/\\\/interamerica.org\\\/fr\\\/\"},{\"@type\":\"ListItem\",\"position\":2,\"name\":\"Le projet \u00ab La Radio se D\u00e9place \u00bb commence son p\u00e9riple \u00e0 travers l\u2019Ukraine\"}]},{\"@type\":\"WebSite\",\"@id\":\"https:\\\/\\\/interamerica.org\\\/fr\\\/#website\",\"url\":\"https:\\\/\\\/interamerica.org\\\/fr\\\/\",\"name\":\"\u00c9glise Adventiste Du Septieme Jour - Inter Am\u00e9rique Division\",\"description\":\"\",\"potentialAction\":[{\"@type\":\"SearchAction\",\"target\":{\"@type\":\"EntryPoint\",\"urlTemplate\":\"https:\\\/\\\/interamerica.org\\\/fr\\\/?s={search_term_string}\"},\"query-input\":{\"@type\":\"PropertyValueSpecification\",\"valueRequired\":true,\"valueName\":\"search_term_string\"}}],\"inLanguage\":\"fr-FR\"},{\"@type\":\"Person\",\"@id\":\"https:\\\/\\\/interamerica.org\\\/fr\\\/#\\\/schema\\\/person\\\/29998f2bc2d8bd0d38662909289b54f1\",\"name\":\"libna\",\"image\":{\"@type\":\"ImageObject\",\"inLanguage\":\"fr-FR\",\"@id\":\"https:\\\/\\\/secure.gravatar.com\\\/avatar\\\/7c5bd30ae4b47a9ba3c856590957fd1d96dc588bf3ac05719d247e126840331f?s=96&d=mm&r=g\",\"url\":\"https:\\\/\\\/secure.gravatar.com\\\/avatar\\\/7c5bd30ae4b47a9ba3c856590957fd1d96dc588bf3ac05719d247e126840331f?s=96&d=mm&r=g\",\"contentUrl\":\"https:\\\/\\\/secure.gravatar.com\\\/avatar\\\/7c5bd30ae4b47a9ba3c856590957fd1d96dc588bf3ac05719d247e126840331f?s=96&d=mm&r=g\",\"caption\":\"libna\"}}]}<\/script>\n<!-- \/ Yoast SEO plugin. -->","yoast_head_json":{"title":"Le projet \u00ab La Radio se D\u00e9place \u00bb commence son p\u00e9riple \u00e0 travers l\u2019Ukraine - \u00c9glise Adventiste Du Septieme Jour - Inter Am\u00e9rique Division","robots":{"index":"index","follow":"follow","max-snippet":"max-snippet:-1","max-image-preview":"max-image-preview:large","max-video-preview":"max-video-preview:-1"},"canonical":"https:\/\/interamerica.org\/fr\/2022\/11\/le-projet-la-radio-se-deplace-commence-son-periple-a-travers-lukraine\/","og_locale":"fr_FR","og_type":"article","og_title":"Le projet \u00ab La Radio se D\u00e9place \u00bb commence son p\u00e9riple \u00e0 travers l\u2019Ukraine - \u00c9glise Adventiste Du Septieme Jour - Inter Am\u00e9rique Division","og_description":"10 Novembre 2022 | Ukraine | Valentyn Zahreba La Radio Adventiste Mondiale (AWR) a lanc\u00e9 un projet pour aider l\u2019Ukraine. A l\u2019initiative des dirigeants d\u2019AWR, Duane McKey, pr\u00e9sident d\u2019AWR, et...","og_url":"https:\/\/interamerica.org\/fr\/2022\/11\/le-projet-la-radio-se-deplace-commence-son-periple-a-travers-lukraine\/","og_site_name":"\u00c9glise Adventiste Du Septieme Jour - Inter Am\u00e9rique Division","article_published_time":"2022-11-10T17:56:15+00:00","article_modified_time":"2022-11-10T19:26:19+00:00","og_image":[{"width":1000,"height":563,"url":"https:\/\/interamerica.org\/wp-content\/uploads\/2022\/11\/radio-on-the-move-ukraine.jpg","type":"image\/jpeg"}],"author":"libna","twitter_card":"summary_large_image","twitter_misc":{"\u00c9crit par":"libna","Dur\u00e9e de lecture estim\u00e9e":"2 minutes"},"schema":{"@context":"https:\/\/schema.org","@graph":[{"@type":"Article","@id":"https:\/\/interamerica.org\/fr\/2022\/11\/le-projet-la-radio-se-deplace-commence-son-periple-a-travers-lukraine\/#article","isPartOf":{"@id":"https:\/\/interamerica.org\/fr\/2022\/11\/le-projet-la-radio-se-deplace-commence-son-periple-a-travers-lukraine\/"},"author":{"name":"libna","@id":"https:\/\/interamerica.org\/fr\/#\/schema\/person\/29998f2bc2d8bd0d38662909289b54f1"},"headline":"Le projet \u00ab La Radio se D\u00e9place \u00bb commence son p\u00e9riple \u00e0 travers l\u2019Ukraine","datePublished":"2022-11-10T17:56:15+00:00","dateModified":"2022-11-10T19:26:19+00:00","mainEntityOfPage":{"@id":"https:\/\/interamerica.org\/fr\/2022\/11\/le-projet-la-radio-se-deplace-commence-son-periple-a-travers-lukraine\/"},"wordCount":526,"image":{"@id":"https:\/\/interamerica.org\/fr\/2022\/11\/le-projet-la-radio-se-deplace-commence-son-periple-a-travers-lukraine\/#primaryimage"},"thumbnailUrl":"https:\/\/interamerica.org\/wp-content\/uploads\/2022\/11\/radio-on-the-move-ukraine.jpg","articleSection":["Nouvelles de l'\u00c9glise mondiale","RSS Fran\u00e7ais"],"inLanguage":"fr-FR"},{"@type":"WebPage","@id":"https:\/\/interamerica.org\/fr\/2022\/11\/le-projet-la-radio-se-deplace-commence-son-periple-a-travers-lukraine\/","url":"https:\/\/interamerica.org\/fr\/2022\/11\/le-projet-la-radio-se-deplace-commence-son-periple-a-travers-lukraine\/","name":"Le projet \u00ab La Radio se D\u00e9place \u00bb commence son p\u00e9riple \u00e0 travers l\u2019Ukraine - \u00c9glise Adventiste Du Septieme Jour - Inter Am\u00e9rique Division","isPartOf":{"@id":"https:\/\/interamerica.org\/fr\/#website"},"primaryImageOfPage":{"@id":"https:\/\/interamerica.org\/fr\/2022\/11\/le-projet-la-radio-se-deplace-commence-son-periple-a-travers-lukraine\/#primaryimage"},"image":{"@id":"https:\/\/interamerica.org\/fr\/2022\/11\/le-projet-la-radio-se-deplace-commence-son-periple-a-travers-lukraine\/#primaryimage"},"thumbnailUrl":"https:\/\/interamerica.org\/wp-content\/uploads\/2022\/11\/radio-on-the-move-ukraine.jpg","datePublished":"2022-11-10T17:56:15+00:00","dateModified":"2022-11-10T19:26:19+00:00","author":{"@id":"https:\/\/interamerica.org\/fr\/#\/schema\/person\/29998f2bc2d8bd0d38662909289b54f1"},"breadcrumb":{"@id":"https:\/\/interamerica.org\/fr\/2022\/11\/le-projet-la-radio-se-deplace-commence-son-periple-a-travers-lukraine\/#breadcrumb"},"inLanguage":"fr-FR","potentialAction":[{"@type":"ReadAction","target":["https:\/\/interamerica.org\/fr\/2022\/11\/le-projet-la-radio-se-deplace-commence-son-periple-a-travers-lukraine\/"]}]},{"@type":"ImageObject","inLanguage":"fr-FR","@id":"https:\/\/interamerica.org\/fr\/2022\/11\/le-projet-la-radio-se-deplace-commence-son-periple-a-travers-lukraine\/#primaryimage","url":"https:\/\/interamerica.org\/wp-content\/uploads\/2022\/11\/radio-on-the-move-ukraine.jpg","contentUrl":"https:\/\/interamerica.org\/wp-content\/uploads\/2022\/11\/radio-on-the-move-ukraine.jpg","width":1000,"height":563},{"@type":"BreadcrumbList","@id":"https:\/\/interamerica.org\/fr\/2022\/11\/le-projet-la-radio-se-deplace-commence-son-periple-a-travers-lukraine\/#breadcrumb","itemListElement":[{"@type":"ListItem","position":1,"name":"Home","item":"https:\/\/interamerica.org\/fr\/"},{"@type":"ListItem","position":2,"name":"Le projet \u00ab La Radio se D\u00e9place \u00bb commence son p\u00e9riple \u00e0 travers l\u2019Ukraine"}]},{"@type":"WebSite","@id":"https:\/\/interamerica.org\/fr\/#website","url":"https:\/\/interamerica.org\/fr\/","name":"\u00c9glise Adventiste Du Septieme Jour - Inter Am\u00e9rique Division","description":"","potentialAction":[{"@type":"SearchAction","target":{"@type":"EntryPoint","urlTemplate":"https:\/\/interamerica.org\/fr\/?s={search_term_string}"},"query-input":{"@type":"PropertyValueSpecification","valueRequired":true,"valueName":"search_term_string"}}],"inLanguage":"fr-FR"},{"@type":"Person","@id":"https:\/\/interamerica.org\/fr\/#\/schema\/person\/29998f2bc2d8bd0d38662909289b54f1","name":"libna","image":{"@type":"ImageObject","inLanguage":"fr-FR","@id":"https:\/\/secure.gravatar.com\/avatar\/7c5bd30ae4b47a9ba3c856590957fd1d96dc588bf3ac05719d247e126840331f?s=96&d=mm&r=g","url":"https:\/\/secure.gravatar.com\/avatar\/7c5bd30ae4b47a9ba3c856590957fd1d96dc588bf3ac05719d247e126840331f?s=96&d=mm&r=g","contentUrl":"https:\/\/secure.gravatar.com\/avatar\/7c5bd30ae4b47a9ba3c856590957fd1d96dc588bf3ac05719d247e126840331f?s=96&d=mm&r=g","caption":"libna"}}]}},"_links":{"self":[{"href":"https:\/\/interamerica.org\/fr\/wp-json\/wp\/v2\/posts\/91490","targetHints":{"allow":["GET"]}}],"collection":[{"href":"https:\/\/interamerica.org\/fr\/wp-json\/wp\/v2\/posts"}],"about":[{"href":"https:\/\/interamerica.org\/fr\/wp-json\/wp\/v2\/types\/post"}],"author":[{"embeddable":true,"href":"https:\/\/interamerica.org\/fr\/wp-json\/wp\/v2\/users\/3"}],"replies":[{"embeddable":true,"href":"https:\/\/interamerica.org\/fr\/wp-json\/wp\/v2\/comments?post=91490"}],"version-history":[{"count":0,"href":"https:\/\/interamerica.org\/fr\/wp-json\/wp\/v2\/posts\/91490\/revisions"}],"wp:featuredmedia":[{"embeddable":true,"href":"https:\/\/interamerica.org\/fr\/wp-json\/wp\/v2\/media\/91484"}],"wp:attachment":[{"href":"https:\/\/interamerica.org\/fr\/wp-json\/wp\/v2\/media?parent=91490"}],"wp:term":[{"taxonomy":"category","embeddable":true,"href":"https:\/\/interamerica.org\/fr\/wp-json\/wp\/v2\/categories?post=91490"},{"taxonomy":"post_tag","embeddable":true,"href":"https:\/\/interamerica.org\/fr\/wp-json\/wp\/v2\/tags?post=91490"}],"curies":[{"name":"wp","href":"https:\/\/api.w.org\/{rel}","templated":true}]}}