{"id":91567,"date":"2022-11-14T10:20:52","date_gmt":"2022-11-14T15:20:52","guid":{"rendered":"https:\/\/interamerica.org\/?p=91567"},"modified":"2022-11-15T20:55:13","modified_gmt":"2022-11-16T01:55:13","slug":"adra-roumanie-vient-en-aide-a-plus-de-400-enfants-de-famille-vulnerable","status":"publish","type":"post","link":"https:\/\/interamerica.org\/fr\/2022\/11\/adra-roumanie-vient-en-aide-a-plus-de-400-enfants-de-famille-vulnerable\/","title":{"rendered":"ADRA Roumanie vient en aide \u00e0 plus de 400 enfants de famille vuln\u00e9rable"},"content":{"rendered":"<div class=\"u-width--100p u-spacing\">\n<p style=\"font-weight: 400;\"><strong>Le projet \u00ab\u00a0Je veux aller \u00e0 l\u2019\u00e9cole!\u00a0\u00bb aide des centaines d\u2019enfants en Roumanie.<\/strong><\/p>\n<p style=\"font-weight: 400;\">Le 14 novembre 2022 | Roumanie | ADRA Roumanie et les Actualit\u00e9s de la Division intereurop\u00e9enne<\/p>\n<\/div>\n<div>\n<p style=\"font-weight: 400;\">Le projet d\u2019ADRA \u00ab\u00a0Je veux aller \u00e0 l\u2019\u00e9cole!\u00a0\u00bb cherche \u00e0 aider les enfants travaillants et assidus \u00e0 l\u2019\u00e9cole qui sont aim\u00e9s des responsables locaux et qui obtiennent de bons r\u00e9sultats scolaires, m\u00eame s\u2019ils proviennent d\u2019une famille vuln\u00e9rable et sont constamment menac\u00e9s par un risque d\u2019abandon scolaire.<\/p>\n<p style=\"font-weight: 400;\">Jusqu\u2019\u00e0 maintenant, 436\u00a0enfants de famille vuln\u00e9rable ont re\u00e7u de l\u2019assistance.<\/p>\n<p style=\"font-weight: 400;\">\u00ab\u00a0Je suis reconnaissante envers Dieu, parce que cette ann\u00e9e, au d\u00e9but de l\u2019ann\u00e9e scolaire, ADRA a d\u00e9marr\u00e9 une nouvelle \u00e9dition du projet \u201cJe veux aller \u00e0 l\u2019\u00e9cole!\u201d, a expliqu\u00e9 Gabriela Istrate, gestionnaire de projet d\u2019ADRA Roumanie. Nous nous battons pour l\u2019\u00e9ducation, parce que nous savons qu\u2019il s\u2019agit de la cl\u00e9 pour changer la direction d\u2019un enfant d\u00e9savantag\u00e9 et lui ouvrir les yeux \u00e0 de nouvelles perspectives dans la vie.\u00a0\u00bb<\/p>\n<p style=\"font-weight: 400;\">\u00ab\u00a0Dans le projet \u201cJe veux aller \u00e0 l\u2019\u00e9cole!\u201d, a conclu M<sup>me<\/sup>\u00a0Istrate, nous nous battons pour la r\u00e9alisation des r\u00eaves, pour l\u2019implantation de l\u2019espoir dans les esprits et pour la joie dans les yeux des enfants, et tout cela est possible gr\u00e2ce \u00e0 nos donateurs, b\u00e9n\u00e9voles locaux et collaborateurs.\u00a0\u00bb<\/p>\n<p style=\"font-weight: 400;\"><strong>ADRA Roumanie<\/strong><\/p>\n<p style=\"font-weight: 400;\">Depuis 1990, l\u2019Agence de d\u00e9veloppement et de secours adventiste en Roumanie (ADRA Roumanie) est particuli\u00e8rement impliqu\u00e9e dans des projets de d\u00e9veloppement qui profitent \u00e0 la population enti\u00e8re. Menant des projets entrepris sous la devise \u00ab\u00a0Justice. Compassion. Amour.\u00a0\u00bb, ADRA Roumanie met de la joie et de l\u2019espoir dans la vie des b\u00e9n\u00e9ficiaires en faisant la promotion d\u2019un avenir meilleur, de valeurs et de dignit\u00e9 humaine.<\/p>\n<p style=\"font-weight: 400;\">\u00c9tant un fournisseur de services sociaux reconnu, ADRA Roumanie fait partie du <a href=\"https:\/\/adra.org\/\">r\u00e9seau d\u2019ADRA International<\/a>, l\u2019organisation humanitaire mondiale de l\u2019\u00c9glise adventiste du septi\u00e8me jour, l\u2019une des organisations non gouvernementales les plus \u00e9tendues dans le monde. ADRA International est active dans plus de 118\u00a0pays et guid\u00e9e par une philosophie qui allie compassion et esprit pratique, ciblant les gens dans le besoin sans distinctions raciales, ethniques, politiques ou religieuses et visant \u00e0 servir l\u2019humanit\u00e9 afin que tous puissent vivre conform\u00e9ment aux intentions de Dieu.<\/p>\n<p style=\"font-weight: 400;\"><em>La \u00a0<\/em><a href=\"https:\/\/adra.ro\/stiri\/425-de-copii-ce-provin-din-familii-vulnerabile-dar-care-au-rezultate-scolare-exceptionale-sunt-sustinuti-de-adra-romania-prin-proiectul-vreau-la-scoala-in-anul-scolar-2022-2023.html\"><em>version originale<\/em><\/a><em>\u00a0de cet article a \u00e9t\u00e9 publi\u00e9e sur le <a href=\"https:\/\/adra.ro\/stiri-2\">site<\/a> en roumain d\u2019ADRA Roumanie.<\/em><\/p>\n<p><span style=\"font-weight: 400;\">Traduction\u00a0: Marie-Mich\u00e8le Robitaille<\/span><\/p>\n<\/div>\n","protected":false},"excerpt":{"rendered":"<p>Le projet \u00ab\u00a0Je veux aller \u00e0 l\u2019\u00e9cole!\u00a0\u00bb aide des centaines d\u2019enfants en Roumanie. Le 14 novembre 2022 | Roumanie | ADRA Roumanie et les Actualit\u00e9s de la Division intereurop\u00e9enne Le&#8230;<\/p>\n","protected":false},"author":3,"featured_media":91554,"comment_status":"closed","ping_status":"closed","sticky":false,"template":"","format":"standard","meta":{"_acf_changed":false,"footnotes":""},"categories":[18,19],"tags":[],"class_list":["post-91567","post","type-post","status-publish","format-standard","has-post-thumbnail","hentry","category-nouvelles-de-leglise-mondiale","category-rss-francais"],"acf":[],"yoast_head":"<!-- This site is optimized with the Yoast SEO plugin v27.3 - https:\/\/yoast.com\/product\/yoast-seo-wordpress\/ -->\n<title>ADRA Roumanie vient en aide \u00e0 plus de 400 enfants de famille vuln\u00e9rable - \u00c9glise Adventiste Du Septieme Jour - Inter Am\u00e9rique Division<\/title>\n<meta name=\"robots\" content=\"index, follow, max-snippet:-1, max-image-preview:large, max-video-preview:-1\" \/>\n<link rel=\"canonical\" href=\"https:\/\/interamerica.org\/fr\/2022\/11\/adra-roumanie-vient-en-aide-a-plus-de-400-enfants-de-famille-vulnerable\/\" \/>\n<meta property=\"og:locale\" content=\"fr_FR\" \/>\n<meta property=\"og:type\" content=\"article\" \/>\n<meta property=\"og:title\" content=\"ADRA Roumanie vient en aide \u00e0 plus de 400 enfants de famille vuln\u00e9rable - \u00c9glise Adventiste Du Septieme Jour - Inter Am\u00e9rique Division\" \/>\n<meta property=\"og:description\" content=\"Le projet \u00ab\u00a0Je veux aller \u00e0 l\u2019\u00e9cole!\u00a0\u00bb aide des centaines d\u2019enfants en Roumanie. Le 14 novembre 2022 | Roumanie | ADRA Roumanie et les Actualit\u00e9s de la Division intereurop\u00e9enne Le...\" \/>\n<meta property=\"og:url\" content=\"https:\/\/interamerica.org\/fr\/2022\/11\/adra-roumanie-vient-en-aide-a-plus-de-400-enfants-de-famille-vulnerable\/\" \/>\n<meta property=\"og:site_name\" content=\"\u00c9glise Adventiste Du Septieme Jour - Inter Am\u00e9rique Division\" \/>\n<meta property=\"article:published_time\" content=\"2022-11-14T15:20:52+00:00\" \/>\n<meta property=\"article:modified_time\" content=\"2022-11-16T01:55:13+00:00\" \/>\n<meta property=\"og:image\" content=\"https:\/\/interamerica.org\/wp-content\/uploads\/2022\/11\/adra-romania-children-project.jpg\" \/>\n\t<meta property=\"og:image:width\" content=\"622\" \/>\n\t<meta property=\"og:image:height\" content=\"350\" \/>\n\t<meta property=\"og:image:type\" content=\"image\/jpeg\" \/>\n<meta name=\"author\" content=\"libna\" \/>\n<meta name=\"twitter:card\" content=\"summary_large_image\" \/>\n<meta name=\"twitter:label1\" content=\"\u00c9crit par\" \/>\n\t<meta name=\"twitter:data1\" content=\"libna\" \/>\n\t<meta name=\"twitter:label2\" content=\"Dur\u00e9e de lecture estim\u00e9e\" \/>\n\t<meta name=\"twitter:data2\" content=\"2 minutes\" \/>\n<script type=\"application\/ld+json\" class=\"yoast-schema-graph\">{\"@context\":\"https:\\\/\\\/schema.org\",\"@graph\":[{\"@type\":\"Article\",\"@id\":\"https:\\\/\\\/interamerica.org\\\/fr\\\/2022\\\/11\\\/adra-roumanie-vient-en-aide-a-plus-de-400-enfants-de-famille-vulnerable\\\/#article\",\"isPartOf\":{\"@id\":\"https:\\\/\\\/interamerica.org\\\/fr\\\/2022\\\/11\\\/adra-roumanie-vient-en-aide-a-plus-de-400-enfants-de-famille-vulnerable\\\/\"},\"author\":{\"name\":\"libna\",\"@id\":\"https:\\\/\\\/interamerica.org\\\/fr\\\/#\\\/schema\\\/person\\\/29998f2bc2d8bd0d38662909289b54f1\"},\"headline\":\"ADRA Roumanie vient en aide \u00e0 plus de 400 enfants de famille vuln\u00e9rable\",\"datePublished\":\"2022-11-14T15:20:52+00:00\",\"dateModified\":\"2022-11-16T01:55:13+00:00\",\"mainEntityOfPage\":{\"@id\":\"https:\\\/\\\/interamerica.org\\\/fr\\\/2022\\\/11\\\/adra-roumanie-vient-en-aide-a-plus-de-400-enfants-de-famille-vulnerable\\\/\"},\"wordCount\":427,\"image\":{\"@id\":\"https:\\\/\\\/interamerica.org\\\/fr\\\/2022\\\/11\\\/adra-roumanie-vient-en-aide-a-plus-de-400-enfants-de-famille-vulnerable\\\/#primaryimage\"},\"thumbnailUrl\":\"https:\\\/\\\/interamerica.org\\\/wp-content\\\/uploads\\\/2022\\\/11\\\/adra-romania-children-project.jpg\",\"articleSection\":[\"Nouvelles de l'\u00c9glise mondiale\",\"RSS Fran\u00e7ais\"],\"inLanguage\":\"fr-FR\"},{\"@type\":\"WebPage\",\"@id\":\"https:\\\/\\\/interamerica.org\\\/fr\\\/2022\\\/11\\\/adra-roumanie-vient-en-aide-a-plus-de-400-enfants-de-famille-vulnerable\\\/\",\"url\":\"https:\\\/\\\/interamerica.org\\\/fr\\\/2022\\\/11\\\/adra-roumanie-vient-en-aide-a-plus-de-400-enfants-de-famille-vulnerable\\\/\",\"name\":\"ADRA Roumanie vient en aide \u00e0 plus de 400 enfants de famille vuln\u00e9rable - \u00c9glise Adventiste Du Septieme Jour - Inter Am\u00e9rique Division\",\"isPartOf\":{\"@id\":\"https:\\\/\\\/interamerica.org\\\/fr\\\/#website\"},\"primaryImageOfPage\":{\"@id\":\"https:\\\/\\\/interamerica.org\\\/fr\\\/2022\\\/11\\\/adra-roumanie-vient-en-aide-a-plus-de-400-enfants-de-famille-vulnerable\\\/#primaryimage\"},\"image\":{\"@id\":\"https:\\\/\\\/interamerica.org\\\/fr\\\/2022\\\/11\\\/adra-roumanie-vient-en-aide-a-plus-de-400-enfants-de-famille-vulnerable\\\/#primaryimage\"},\"thumbnailUrl\":\"https:\\\/\\\/interamerica.org\\\/wp-content\\\/uploads\\\/2022\\\/11\\\/adra-romania-children-project.jpg\",\"datePublished\":\"2022-11-14T15:20:52+00:00\",\"dateModified\":\"2022-11-16T01:55:13+00:00\",\"author\":{\"@id\":\"https:\\\/\\\/interamerica.org\\\/fr\\\/#\\\/schema\\\/person\\\/29998f2bc2d8bd0d38662909289b54f1\"},\"breadcrumb\":{\"@id\":\"https:\\\/\\\/interamerica.org\\\/fr\\\/2022\\\/11\\\/adra-roumanie-vient-en-aide-a-plus-de-400-enfants-de-famille-vulnerable\\\/#breadcrumb\"},\"inLanguage\":\"fr-FR\",\"potentialAction\":[{\"@type\":\"ReadAction\",\"target\":[\"https:\\\/\\\/interamerica.org\\\/fr\\\/2022\\\/11\\\/adra-roumanie-vient-en-aide-a-plus-de-400-enfants-de-famille-vulnerable\\\/\"]}]},{\"@type\":\"ImageObject\",\"inLanguage\":\"fr-FR\",\"@id\":\"https:\\\/\\\/interamerica.org\\\/fr\\\/2022\\\/11\\\/adra-roumanie-vient-en-aide-a-plus-de-400-enfants-de-famille-vulnerable\\\/#primaryimage\",\"url\":\"https:\\\/\\\/interamerica.org\\\/wp-content\\\/uploads\\\/2022\\\/11\\\/adra-romania-children-project.jpg\",\"contentUrl\":\"https:\\\/\\\/interamerica.org\\\/wp-content\\\/uploads\\\/2022\\\/11\\\/adra-romania-children-project.jpg\",\"width\":622,\"height\":350},{\"@type\":\"BreadcrumbList\",\"@id\":\"https:\\\/\\\/interamerica.org\\\/fr\\\/2022\\\/11\\\/adra-roumanie-vient-en-aide-a-plus-de-400-enfants-de-famille-vulnerable\\\/#breadcrumb\",\"itemListElement\":[{\"@type\":\"ListItem\",\"position\":1,\"name\":\"Home\",\"item\":\"https:\\\/\\\/interamerica.org\\\/fr\\\/\"},{\"@type\":\"ListItem\",\"position\":2,\"name\":\"ADRA Roumanie vient en aide \u00e0 plus de 400 enfants de famille vuln\u00e9rable\"}]},{\"@type\":\"WebSite\",\"@id\":\"https:\\\/\\\/interamerica.org\\\/fr\\\/#website\",\"url\":\"https:\\\/\\\/interamerica.org\\\/fr\\\/\",\"name\":\"\u00c9glise Adventiste Du Septieme Jour - Inter Am\u00e9rique Division\",\"description\":\"\",\"potentialAction\":[{\"@type\":\"SearchAction\",\"target\":{\"@type\":\"EntryPoint\",\"urlTemplate\":\"https:\\\/\\\/interamerica.org\\\/fr\\\/?s={search_term_string}\"},\"query-input\":{\"@type\":\"PropertyValueSpecification\",\"valueRequired\":true,\"valueName\":\"search_term_string\"}}],\"inLanguage\":\"fr-FR\"},{\"@type\":\"Person\",\"@id\":\"https:\\\/\\\/interamerica.org\\\/fr\\\/#\\\/schema\\\/person\\\/29998f2bc2d8bd0d38662909289b54f1\",\"name\":\"libna\",\"image\":{\"@type\":\"ImageObject\",\"inLanguage\":\"fr-FR\",\"@id\":\"https:\\\/\\\/secure.gravatar.com\\\/avatar\\\/7c5bd30ae4b47a9ba3c856590957fd1d96dc588bf3ac05719d247e126840331f?s=96&d=mm&r=g\",\"url\":\"https:\\\/\\\/secure.gravatar.com\\\/avatar\\\/7c5bd30ae4b47a9ba3c856590957fd1d96dc588bf3ac05719d247e126840331f?s=96&d=mm&r=g\",\"contentUrl\":\"https:\\\/\\\/secure.gravatar.com\\\/avatar\\\/7c5bd30ae4b47a9ba3c856590957fd1d96dc588bf3ac05719d247e126840331f?s=96&d=mm&r=g\",\"caption\":\"libna\"}}]}<\/script>\n<!-- \/ Yoast SEO plugin. -->","yoast_head_json":{"title":"ADRA Roumanie vient en aide \u00e0 plus de 400 enfants de famille vuln\u00e9rable - \u00c9glise Adventiste Du Septieme Jour - Inter Am\u00e9rique Division","robots":{"index":"index","follow":"follow","max-snippet":"max-snippet:-1","max-image-preview":"max-image-preview:large","max-video-preview":"max-video-preview:-1"},"canonical":"https:\/\/interamerica.org\/fr\/2022\/11\/adra-roumanie-vient-en-aide-a-plus-de-400-enfants-de-famille-vulnerable\/","og_locale":"fr_FR","og_type":"article","og_title":"ADRA Roumanie vient en aide \u00e0 plus de 400 enfants de famille vuln\u00e9rable - \u00c9glise Adventiste Du Septieme Jour - Inter Am\u00e9rique Division","og_description":"Le projet \u00ab\u00a0Je veux aller \u00e0 l\u2019\u00e9cole!\u00a0\u00bb aide des centaines d\u2019enfants en Roumanie. Le 14 novembre 2022 | Roumanie | ADRA Roumanie et les Actualit\u00e9s de la Division intereurop\u00e9enne Le...","og_url":"https:\/\/interamerica.org\/fr\/2022\/11\/adra-roumanie-vient-en-aide-a-plus-de-400-enfants-de-famille-vulnerable\/","og_site_name":"\u00c9glise Adventiste Du Septieme Jour - Inter Am\u00e9rique Division","article_published_time":"2022-11-14T15:20:52+00:00","article_modified_time":"2022-11-16T01:55:13+00:00","og_image":[{"width":622,"height":350,"url":"https:\/\/interamerica.org\/wp-content\/uploads\/2022\/11\/adra-romania-children-project.jpg","type":"image\/jpeg"}],"author":"libna","twitter_card":"summary_large_image","twitter_misc":{"\u00c9crit par":"libna","Dur\u00e9e de lecture estim\u00e9e":"2 minutes"},"schema":{"@context":"https:\/\/schema.org","@graph":[{"@type":"Article","@id":"https:\/\/interamerica.org\/fr\/2022\/11\/adra-roumanie-vient-en-aide-a-plus-de-400-enfants-de-famille-vulnerable\/#article","isPartOf":{"@id":"https:\/\/interamerica.org\/fr\/2022\/11\/adra-roumanie-vient-en-aide-a-plus-de-400-enfants-de-famille-vulnerable\/"},"author":{"name":"libna","@id":"https:\/\/interamerica.org\/fr\/#\/schema\/person\/29998f2bc2d8bd0d38662909289b54f1"},"headline":"ADRA Roumanie vient en aide \u00e0 plus de 400 enfants de famille vuln\u00e9rable","datePublished":"2022-11-14T15:20:52+00:00","dateModified":"2022-11-16T01:55:13+00:00","mainEntityOfPage":{"@id":"https:\/\/interamerica.org\/fr\/2022\/11\/adra-roumanie-vient-en-aide-a-plus-de-400-enfants-de-famille-vulnerable\/"},"wordCount":427,"image":{"@id":"https:\/\/interamerica.org\/fr\/2022\/11\/adra-roumanie-vient-en-aide-a-plus-de-400-enfants-de-famille-vulnerable\/#primaryimage"},"thumbnailUrl":"https:\/\/interamerica.org\/wp-content\/uploads\/2022\/11\/adra-romania-children-project.jpg","articleSection":["Nouvelles de l'\u00c9glise mondiale","RSS Fran\u00e7ais"],"inLanguage":"fr-FR"},{"@type":"WebPage","@id":"https:\/\/interamerica.org\/fr\/2022\/11\/adra-roumanie-vient-en-aide-a-plus-de-400-enfants-de-famille-vulnerable\/","url":"https:\/\/interamerica.org\/fr\/2022\/11\/adra-roumanie-vient-en-aide-a-plus-de-400-enfants-de-famille-vulnerable\/","name":"ADRA Roumanie vient en aide \u00e0 plus de 400 enfants de famille vuln\u00e9rable - \u00c9glise Adventiste Du Septieme Jour - Inter Am\u00e9rique Division","isPartOf":{"@id":"https:\/\/interamerica.org\/fr\/#website"},"primaryImageOfPage":{"@id":"https:\/\/interamerica.org\/fr\/2022\/11\/adra-roumanie-vient-en-aide-a-plus-de-400-enfants-de-famille-vulnerable\/#primaryimage"},"image":{"@id":"https:\/\/interamerica.org\/fr\/2022\/11\/adra-roumanie-vient-en-aide-a-plus-de-400-enfants-de-famille-vulnerable\/#primaryimage"},"thumbnailUrl":"https:\/\/interamerica.org\/wp-content\/uploads\/2022\/11\/adra-romania-children-project.jpg","datePublished":"2022-11-14T15:20:52+00:00","dateModified":"2022-11-16T01:55:13+00:00","author":{"@id":"https:\/\/interamerica.org\/fr\/#\/schema\/person\/29998f2bc2d8bd0d38662909289b54f1"},"breadcrumb":{"@id":"https:\/\/interamerica.org\/fr\/2022\/11\/adra-roumanie-vient-en-aide-a-plus-de-400-enfants-de-famille-vulnerable\/#breadcrumb"},"inLanguage":"fr-FR","potentialAction":[{"@type":"ReadAction","target":["https:\/\/interamerica.org\/fr\/2022\/11\/adra-roumanie-vient-en-aide-a-plus-de-400-enfants-de-famille-vulnerable\/"]}]},{"@type":"ImageObject","inLanguage":"fr-FR","@id":"https:\/\/interamerica.org\/fr\/2022\/11\/adra-roumanie-vient-en-aide-a-plus-de-400-enfants-de-famille-vulnerable\/#primaryimage","url":"https:\/\/interamerica.org\/wp-content\/uploads\/2022\/11\/adra-romania-children-project.jpg","contentUrl":"https:\/\/interamerica.org\/wp-content\/uploads\/2022\/11\/adra-romania-children-project.jpg","width":622,"height":350},{"@type":"BreadcrumbList","@id":"https:\/\/interamerica.org\/fr\/2022\/11\/adra-roumanie-vient-en-aide-a-plus-de-400-enfants-de-famille-vulnerable\/#breadcrumb","itemListElement":[{"@type":"ListItem","position":1,"name":"Home","item":"https:\/\/interamerica.org\/fr\/"},{"@type":"ListItem","position":2,"name":"ADRA Roumanie vient en aide \u00e0 plus de 400 enfants de famille vuln\u00e9rable"}]},{"@type":"WebSite","@id":"https:\/\/interamerica.org\/fr\/#website","url":"https:\/\/interamerica.org\/fr\/","name":"\u00c9glise Adventiste Du Septieme Jour - Inter Am\u00e9rique Division","description":"","potentialAction":[{"@type":"SearchAction","target":{"@type":"EntryPoint","urlTemplate":"https:\/\/interamerica.org\/fr\/?s={search_term_string}"},"query-input":{"@type":"PropertyValueSpecification","valueRequired":true,"valueName":"search_term_string"}}],"inLanguage":"fr-FR"},{"@type":"Person","@id":"https:\/\/interamerica.org\/fr\/#\/schema\/person\/29998f2bc2d8bd0d38662909289b54f1","name":"libna","image":{"@type":"ImageObject","inLanguage":"fr-FR","@id":"https:\/\/secure.gravatar.com\/avatar\/7c5bd30ae4b47a9ba3c856590957fd1d96dc588bf3ac05719d247e126840331f?s=96&d=mm&r=g","url":"https:\/\/secure.gravatar.com\/avatar\/7c5bd30ae4b47a9ba3c856590957fd1d96dc588bf3ac05719d247e126840331f?s=96&d=mm&r=g","contentUrl":"https:\/\/secure.gravatar.com\/avatar\/7c5bd30ae4b47a9ba3c856590957fd1d96dc588bf3ac05719d247e126840331f?s=96&d=mm&r=g","caption":"libna"}}]}},"_links":{"self":[{"href":"https:\/\/interamerica.org\/fr\/wp-json\/wp\/v2\/posts\/91567","targetHints":{"allow":["GET"]}}],"collection":[{"href":"https:\/\/interamerica.org\/fr\/wp-json\/wp\/v2\/posts"}],"about":[{"href":"https:\/\/interamerica.org\/fr\/wp-json\/wp\/v2\/types\/post"}],"author":[{"embeddable":true,"href":"https:\/\/interamerica.org\/fr\/wp-json\/wp\/v2\/users\/3"}],"replies":[{"embeddable":true,"href":"https:\/\/interamerica.org\/fr\/wp-json\/wp\/v2\/comments?post=91567"}],"version-history":[{"count":0,"href":"https:\/\/interamerica.org\/fr\/wp-json\/wp\/v2\/posts\/91567\/revisions"}],"wp:featuredmedia":[{"embeddable":true,"href":"https:\/\/interamerica.org\/fr\/wp-json\/wp\/v2\/media\/91554"}],"wp:attachment":[{"href":"https:\/\/interamerica.org\/fr\/wp-json\/wp\/v2\/media?parent=91567"}],"wp:term":[{"taxonomy":"category","embeddable":true,"href":"https:\/\/interamerica.org\/fr\/wp-json\/wp\/v2\/categories?post=91567"},{"taxonomy":"post_tag","embeddable":true,"href":"https:\/\/interamerica.org\/fr\/wp-json\/wp\/v2\/tags?post=91567"}],"curies":[{"name":"wp","href":"https:\/\/api.w.org\/{rel}","templated":true}]}}