{"id":93291,"date":"2023-01-04T20:37:04","date_gmt":"2023-01-05T01:37:04","guid":{"rendered":"https:\/\/interamerica.org\/?p=93291"},"modified":"2023-01-05T12:20:44","modified_gmt":"2023-01-05T17:20:44","slug":"une-ecole-quil-a-valu-la-peine-dattendre","status":"publish","type":"post","link":"https:\/\/interamerica.org\/fr\/2023\/01\/une-ecole-quil-a-valu-la-peine-dattendre\/","title":{"rendered":"Une \u00e9cole qu\u2019il a valu la peine d\u2019attendre"},"content":{"rendered":"<p style=\"font-weight: 400;\"><strong>Maranatha et les dirigeants d\u2019\u00e9glise inaugurent cette \u00e9cole adventiste tant attendue au P\u00e9rou.<\/strong><\/p>\n<p style=\"font-weight: 400;\">Le 4 janvier 2023 | P\u00e9rou | Actualit\u00e9s de Maranatha Volunteers International<\/p>\n<h4><span style=\"font-weight: 400;\">Le 11 d\u00e9cembre 2022, les dirigeants de Maranatha Volunteers International ont particip\u00e9 \u00e0 la cons\u00e9cration de la toute nouvelle \u00e9cole adventiste La Tingui\u00f1a dans la ville d\u2019Ica, au P\u00e9rou. Maranatha a construit une structure de huit salles de classe appel\u00e9e \u00ab\u00a0Centre d\u2019\u00e9ducation et d\u2019\u00e9vang\u00e9lisation\u00a0\u00bb, qui comprend \u00e9galement des bureaux administratifs ainsi qu\u2019un espace central pour les rassemblements.<\/span><\/h4>\n<div id=\"attachment_93260\" style=\"width: 838px\" class=\"wp-caption aligncenter\"><img fetchpriority=\"high\" decoding=\"async\" aria-describedby=\"caption-attachment-93260\" class=\" wp-image-93259\" src=\"https:\/\/interamerica.org\/wp-content\/uploads\/2023\/01\/ica-school-2.jpeg\" alt=\"\" width=\"828\" height=\"457\" srcset=\"https:\/\/interamerica.org\/wp-content\/uploads\/2023\/01\/ica-school-2.jpeg 725w, https:\/\/interamerica.org\/wp-content\/uploads\/2023\/01\/ica-school-2-300x166.jpeg 300w\" sizes=\"(max-width: 828px) 100vw, 828px\" \/><p id=\"caption-attachment-93260\" class=\"wp-caption-text\"><span lang=\"FR-CA\">Le 11 d\u00e9cembre 2022, les dirigeants et les membres lors de l\u2019inauguration de l\u2019\u00e9cole adventiste du septi\u00e8me jour La Tingui\u00f1a \u00e0 Ica, au P\u00e9rou. <\/span>[Une photo de Maranatha Volunteers International]<\/p><\/div>\n<p style=\"font-weight: 400;\">L\u2019arriv\u00e9e de ce beau jour fut un exercice de patience pour toutes les personnes impliqu\u00e9es, de la congr\u00e9gation locale, qui attendait depuis des d\u00e9cennies de voir son r\u00eave se r\u00e9aliser, \u00e0 l\u2019\u00e9quipe de Maranatha, qui a \u00e9t\u00e9 forc\u00e9e de suspendre les travaux, impuissante, d\u00e8s de 2020, alors que le chantier est demeur\u00e9 intouch\u00e9 pendant des mois durant les stricts confinements impos\u00e9s par la COVID-19.<\/p>\n<p style=\"font-weight: 400;\">Lorsque les restrictions se sont all\u00e9g\u00e9es, l\u2019\u00e9quipe de Maranatha a repris ses travaux, puis des groupes de b\u00e9n\u00e9voles ont aussi pu se rendre \u00e0 Ica pour la construction des murs de brique de la structure. Apr\u00e8s le cl\u00f4turage du campus d\u2019un mur p\u00e9riph\u00e9rique et d\u2019un portail ainsi que l\u2019am\u00e9nagement paysager, La Tingui\u00f1a \u00e9tait pr\u00eate pour la cons\u00e9cration.<\/p>\n<p><span style=\"font-weight: 400;\">\u00ab\u00a0Cette \u00e9cole t\u00e9moigne de la d\u00e9termination des membres de l\u2019\u00e9glise locale, qui ont pri\u00e9 pour ce jour des ann\u00e9es durant, a dit Kyle Fiess, vice-pr\u00e9sident de Maranatha. Et elle est particuli\u00e8rement gratifiante pour notre \u00e9quipe du P\u00e9rou, qui a endur\u00e9 de longues p\u00e9riodes d\u2019attente durant la COVID. Le fait d\u2019\u00eatre enfin en mesure de la remettre \u00e0 cette communaut\u00e9 rend ce jour vraiment sp\u00e9cial.\u00a0\u00bb<\/span><\/p>\n<div id=\"attachment_93267\" style=\"width: 804px\" class=\"wp-caption aligncenter\"><img decoding=\"async\" aria-describedby=\"caption-attachment-93267\" class=\" wp-image-93266\" src=\"https:\/\/interamerica.org\/wp-content\/uploads\/2023\/01\/ica-school-1.jpg\" alt=\"\" width=\"794\" height=\"438\" srcset=\"https:\/\/interamerica.org\/wp-content\/uploads\/2023\/01\/ica-school-1.jpg 725w, https:\/\/interamerica.org\/wp-content\/uploads\/2023\/01\/ica-school-1-300x166.jpg 300w\" sizes=\"(max-width: 794px) 100vw, 794px\" \/><p id=\"caption-attachment-93267\" class=\"wp-caption-text\"><span lang=\"FR-CA\">Vue de drone de la nouvelle \u00e9cole adventiste du septi\u00e8me jour La Tingui\u00f1a \u00e0 Ica, au P\u00e9rou. <\/span><br \/>[Une photo de Maranatha Volunteers International]<\/p><\/div>\n<p style=\"font-weight: 400;\">La c\u00e9r\u00e9monie de cons\u00e9cration a \u00e9t\u00e9 caract\u00e9ris\u00e9e par la participation de dirigeants adventistes du septi\u00e8me jour du P\u00e9rou ainsi que par quatre bapt\u00eames. Le nouveau campus \u00e9tant achev\u00e9, l\u2019\u00c9glise adventiste au P\u00e9rou est impatiente de voir les relations qui s\u2019\u00e9tabliront entre l\u2019\u00e9cole et la communaut\u00e9. Les cours d\u00e9buteront en mars 2023 et, d\u2019apr\u00e8s les responsables de l\u2019\u00e9cole, les inscriptions ont presque atteint leur capacit\u00e9 maximale.<\/p>\n<p style=\"font-weight: 400;\">De 2004 \u00e0 2006, plus de 3\u00a0000\u00a0b\u00e9n\u00e9voles de Maranatha ont atterri au P\u00e9rou pour construire pr\u00e8s de 100\u00a0\u00e9glises et \u00e9coles. En 2019, Maranatha est retourn\u00e9 au P\u00e9rou \u00e0 la demande de l\u2019\u00c9glise adventiste en Am\u00e9rique du Sud. Et apr\u00e8s le passage de plusieurs groupes de b\u00e9n\u00e9voles au d\u00e9but de 2020, le travail s\u2019est arr\u00eat\u00e9 quand, en mars de cette ann\u00e9e-l\u00e0, la pand\u00e9mie de COVID-19 a mis le pays en confinement. L\u2019\u00e9quipe locale et les b\u00e9n\u00e9voles de Maranatha ont depuis repris le travail avec l\u2019am\u00e9lioration des conditions.<\/p>\n<div id=\"attachment_93270\" style=\"width: 803px\" class=\"wp-caption aligncenter\"><img decoding=\"async\" aria-describedby=\"caption-attachment-93270\" class=\" wp-image-93269\" src=\"https:\/\/interamerica.org\/wp-content\/uploads\/2023\/01\/ica-school-3.jpg\" alt=\"\" width=\"793\" height=\"437\" srcset=\"https:\/\/interamerica.org\/wp-content\/uploads\/2023\/01\/ica-school-3.jpg 725w, https:\/\/interamerica.org\/wp-content\/uploads\/2023\/01\/ica-school-3-300x166.jpg 300w\" sizes=\"(max-width: 793px) 100vw, 793px\" \/><p id=\"caption-attachment-93270\" class=\"wp-caption-text\">Le 11 d\u00e9cembre 2022, Maranatha et les dirigeants d\u2019\u00e9glise assistent \u00e0 la c\u00e9r\u00e9monie de l\u2019inauguration officielle de l\u2019\u00e9cole adventiste du septi\u00e8me jour La Tingui\u00f1a. [Une photo de Maranatha Volunteers International]<\/p><\/div>\n<p style=\"font-weight: 400;\">Maranatha travaille actuellement dans une douzaine de pays du monde entier. Les efforts du minist\u00e8re sont concentr\u00e9s sur la construction d\u2019\u00e9coles et d\u2019\u00e9glises ainsi que sur le forage de puits d\u2019eau. Une partie des projets est compl\u00e9t\u00e9e par les b\u00e9n\u00e9voles qui participent \u00e0 de courts voyages missionnaires organis\u00e9s par Maranatha.<\/p>\n<p style=\"font-weight: 400;\">La\u00a0<a href=\"https:\/\/maranatha.org\/news-events\/a-school-worth-the-wait\/\">version originale<\/a>\u00a0de cet article a \u00e9t\u00e9 publi\u00e9e par <a href=\"https:\/\/maranatha.org\/\">Maranatha Volunteers International<\/a>.<\/p>\n<p><span style=\"font-weight: 400;\">Traduction\u00a0: Marie-Mich\u00e8le Robitaille<\/span><\/p>\n","protected":false},"excerpt":{"rendered":"<p>Maranatha et les dirigeants d\u2019\u00e9glise inaugurent cette \u00e9cole adventiste tant attendue au P\u00e9rou. Le 4 janvier 2023 | P\u00e9rou | Actualit\u00e9s de Maranatha Volunteers International Le 11 d\u00e9cembre 2022, les&#8230;<\/p>\n","protected":false},"author":3,"featured_media":93260,"comment_status":"closed","ping_status":"closed","sticky":false,"template":"","format":"standard","meta":{"_acf_changed":false,"footnotes":""},"categories":[18,19],"tags":[],"class_list":["post-93291","post","type-post","status-publish","format-standard","has-post-thumbnail","hentry","category-nouvelles-de-leglise-mondiale","category-rss-francais"],"acf":[],"yoast_head":"<!-- This site is optimized with the Yoast SEO plugin v27.3 - https:\/\/yoast.com\/product\/yoast-seo-wordpress\/ -->\n<title>Une \u00e9cole qu\u2019il a valu la peine d\u2019attendre - \u00c9glise Adventiste Du Septieme Jour - Inter Am\u00e9rique Division<\/title>\n<meta name=\"robots\" content=\"index, follow, max-snippet:-1, max-image-preview:large, max-video-preview:-1\" \/>\n<link rel=\"canonical\" href=\"https:\/\/interamerica.org\/fr\/2023\/01\/une-ecole-quil-a-valu-la-peine-dattendre\/\" \/>\n<meta property=\"og:locale\" content=\"fr_FR\" \/>\n<meta property=\"og:type\" content=\"article\" \/>\n<meta property=\"og:title\" content=\"Une \u00e9cole qu\u2019il a valu la peine d\u2019attendre - \u00c9glise Adventiste Du Septieme Jour - Inter Am\u00e9rique Division\" \/>\n<meta property=\"og:description\" content=\"Maranatha et les dirigeants d\u2019\u00e9glise inaugurent cette \u00e9cole adventiste tant attendue au P\u00e9rou. Le 4 janvier 2023 | P\u00e9rou | Actualit\u00e9s de Maranatha Volunteers International Le 11 d\u00e9cembre 2022, les...\" \/>\n<meta property=\"og:url\" content=\"https:\/\/interamerica.org\/fr\/2023\/01\/une-ecole-quil-a-valu-la-peine-dattendre\/\" \/>\n<meta property=\"og:site_name\" content=\"\u00c9glise Adventiste Du Septieme Jour - Inter Am\u00e9rique Division\" \/>\n<meta property=\"article:published_time\" content=\"2023-01-05T01:37:04+00:00\" \/>\n<meta property=\"article:modified_time\" content=\"2023-01-05T17:20:44+00:00\" \/>\n<meta property=\"og:image\" content=\"https:\/\/interamerica.org\/wp-content\/uploads\/2023\/01\/ica-school-2.jpeg\" \/>\n\t<meta property=\"og:image:width\" content=\"725\" \/>\n\t<meta property=\"og:image:height\" content=\"400\" \/>\n\t<meta property=\"og:image:type\" content=\"image\/jpeg\" \/>\n<meta name=\"author\" content=\"libna\" \/>\n<meta name=\"twitter:card\" content=\"summary_large_image\" \/>\n<meta name=\"twitter:label1\" content=\"\u00c9crit par\" \/>\n\t<meta name=\"twitter:data1\" content=\"libna\" \/>\n\t<meta name=\"twitter:label2\" content=\"Dur\u00e9e de lecture estim\u00e9e\" \/>\n\t<meta name=\"twitter:data2\" content=\"4 minutes\" \/>\n<script type=\"application\/ld+json\" class=\"yoast-schema-graph\">{\"@context\":\"https:\\\/\\\/schema.org\",\"@graph\":[{\"@type\":\"Article\",\"@id\":\"https:\\\/\\\/interamerica.org\\\/fr\\\/2023\\\/01\\\/une-ecole-quil-a-valu-la-peine-dattendre\\\/#article\",\"isPartOf\":{\"@id\":\"https:\\\/\\\/interamerica.org\\\/fr\\\/2023\\\/01\\\/une-ecole-quil-a-valu-la-peine-dattendre\\\/\"},\"author\":{\"name\":\"libna\",\"@id\":\"https:\\\/\\\/interamerica.org\\\/fr\\\/#\\\/schema\\\/person\\\/29998f2bc2d8bd0d38662909289b54f1\"},\"headline\":\"Une \u00e9cole qu\u2019il a valu la peine d\u2019attendre\",\"datePublished\":\"2023-01-05T01:37:04+00:00\",\"dateModified\":\"2023-01-05T17:20:44+00:00\",\"mainEntityOfPage\":{\"@id\":\"https:\\\/\\\/interamerica.org\\\/fr\\\/2023\\\/01\\\/une-ecole-quil-a-valu-la-peine-dattendre\\\/\"},\"wordCount\":689,\"image\":{\"@id\":\"https:\\\/\\\/interamerica.org\\\/fr\\\/2023\\\/01\\\/une-ecole-quil-a-valu-la-peine-dattendre\\\/#primaryimage\"},\"thumbnailUrl\":\"https:\\\/\\\/interamerica.org\\\/wp-content\\\/uploads\\\/2023\\\/01\\\/ica-school-2.jpeg\",\"articleSection\":[\"Nouvelles de l'\u00c9glise mondiale\",\"RSS Fran\u00e7ais\"],\"inLanguage\":\"fr-FR\"},{\"@type\":\"WebPage\",\"@id\":\"https:\\\/\\\/interamerica.org\\\/fr\\\/2023\\\/01\\\/une-ecole-quil-a-valu-la-peine-dattendre\\\/\",\"url\":\"https:\\\/\\\/interamerica.org\\\/fr\\\/2023\\\/01\\\/une-ecole-quil-a-valu-la-peine-dattendre\\\/\",\"name\":\"Une \u00e9cole qu\u2019il a valu la peine d\u2019attendre - \u00c9glise Adventiste Du Septieme Jour - Inter Am\u00e9rique Division\",\"isPartOf\":{\"@id\":\"https:\\\/\\\/interamerica.org\\\/fr\\\/#website\"},\"primaryImageOfPage\":{\"@id\":\"https:\\\/\\\/interamerica.org\\\/fr\\\/2023\\\/01\\\/une-ecole-quil-a-valu-la-peine-dattendre\\\/#primaryimage\"},\"image\":{\"@id\":\"https:\\\/\\\/interamerica.org\\\/fr\\\/2023\\\/01\\\/une-ecole-quil-a-valu-la-peine-dattendre\\\/#primaryimage\"},\"thumbnailUrl\":\"https:\\\/\\\/interamerica.org\\\/wp-content\\\/uploads\\\/2023\\\/01\\\/ica-school-2.jpeg\",\"datePublished\":\"2023-01-05T01:37:04+00:00\",\"dateModified\":\"2023-01-05T17:20:44+00:00\",\"author\":{\"@id\":\"https:\\\/\\\/interamerica.org\\\/fr\\\/#\\\/schema\\\/person\\\/29998f2bc2d8bd0d38662909289b54f1\"},\"breadcrumb\":{\"@id\":\"https:\\\/\\\/interamerica.org\\\/fr\\\/2023\\\/01\\\/une-ecole-quil-a-valu-la-peine-dattendre\\\/#breadcrumb\"},\"inLanguage\":\"fr-FR\",\"potentialAction\":[{\"@type\":\"ReadAction\",\"target\":[\"https:\\\/\\\/interamerica.org\\\/fr\\\/2023\\\/01\\\/une-ecole-quil-a-valu-la-peine-dattendre\\\/\"]}]},{\"@type\":\"ImageObject\",\"inLanguage\":\"fr-FR\",\"@id\":\"https:\\\/\\\/interamerica.org\\\/fr\\\/2023\\\/01\\\/une-ecole-quil-a-valu-la-peine-dattendre\\\/#primaryimage\",\"url\":\"https:\\\/\\\/interamerica.org\\\/wp-content\\\/uploads\\\/2023\\\/01\\\/ica-school-2.jpeg\",\"contentUrl\":\"https:\\\/\\\/interamerica.org\\\/wp-content\\\/uploads\\\/2023\\\/01\\\/ica-school-2.jpeg\",\"width\":725,\"height\":400,\"caption\":\"Leaders and members pose for a group photo during the La Tingui\u00f1a Seventh-day Adventist School inauguration on December 11, 2022, in Ica, Peru. [Photo: Maranatha Volunteers International]\"},{\"@type\":\"BreadcrumbList\",\"@id\":\"https:\\\/\\\/interamerica.org\\\/fr\\\/2023\\\/01\\\/une-ecole-quil-a-valu-la-peine-dattendre\\\/#breadcrumb\",\"itemListElement\":[{\"@type\":\"ListItem\",\"position\":1,\"name\":\"Home\",\"item\":\"https:\\\/\\\/interamerica.org\\\/fr\\\/\"},{\"@type\":\"ListItem\",\"position\":2,\"name\":\"Une \u00e9cole qu\u2019il a valu la peine d\u2019attendre\"}]},{\"@type\":\"WebSite\",\"@id\":\"https:\\\/\\\/interamerica.org\\\/fr\\\/#website\",\"url\":\"https:\\\/\\\/interamerica.org\\\/fr\\\/\",\"name\":\"\u00c9glise Adventiste Du Septieme Jour - Inter Am\u00e9rique Division\",\"description\":\"\",\"potentialAction\":[{\"@type\":\"SearchAction\",\"target\":{\"@type\":\"EntryPoint\",\"urlTemplate\":\"https:\\\/\\\/interamerica.org\\\/fr\\\/?s={search_term_string}\"},\"query-input\":{\"@type\":\"PropertyValueSpecification\",\"valueRequired\":true,\"valueName\":\"search_term_string\"}}],\"inLanguage\":\"fr-FR\"},{\"@type\":\"Person\",\"@id\":\"https:\\\/\\\/interamerica.org\\\/fr\\\/#\\\/schema\\\/person\\\/29998f2bc2d8bd0d38662909289b54f1\",\"name\":\"libna\",\"image\":{\"@type\":\"ImageObject\",\"inLanguage\":\"fr-FR\",\"@id\":\"https:\\\/\\\/secure.gravatar.com\\\/avatar\\\/7c5bd30ae4b47a9ba3c856590957fd1d96dc588bf3ac05719d247e126840331f?s=96&d=mm&r=g\",\"url\":\"https:\\\/\\\/secure.gravatar.com\\\/avatar\\\/7c5bd30ae4b47a9ba3c856590957fd1d96dc588bf3ac05719d247e126840331f?s=96&d=mm&r=g\",\"contentUrl\":\"https:\\\/\\\/secure.gravatar.com\\\/avatar\\\/7c5bd30ae4b47a9ba3c856590957fd1d96dc588bf3ac05719d247e126840331f?s=96&d=mm&r=g\",\"caption\":\"libna\"}}]}<\/script>\n<!-- \/ Yoast SEO plugin. -->","yoast_head_json":{"title":"Une \u00e9cole qu\u2019il a valu la peine d\u2019attendre - \u00c9glise Adventiste Du Septieme Jour - Inter Am\u00e9rique Division","robots":{"index":"index","follow":"follow","max-snippet":"max-snippet:-1","max-image-preview":"max-image-preview:large","max-video-preview":"max-video-preview:-1"},"canonical":"https:\/\/interamerica.org\/fr\/2023\/01\/une-ecole-quil-a-valu-la-peine-dattendre\/","og_locale":"fr_FR","og_type":"article","og_title":"Une \u00e9cole qu\u2019il a valu la peine d\u2019attendre - \u00c9glise Adventiste Du Septieme Jour - Inter Am\u00e9rique Division","og_description":"Maranatha et les dirigeants d\u2019\u00e9glise inaugurent cette \u00e9cole adventiste tant attendue au P\u00e9rou. Le 4 janvier 2023 | P\u00e9rou | Actualit\u00e9s de Maranatha Volunteers International Le 11 d\u00e9cembre 2022, les...","og_url":"https:\/\/interamerica.org\/fr\/2023\/01\/une-ecole-quil-a-valu-la-peine-dattendre\/","og_site_name":"\u00c9glise Adventiste Du Septieme Jour - Inter Am\u00e9rique Division","article_published_time":"2023-01-05T01:37:04+00:00","article_modified_time":"2023-01-05T17:20:44+00:00","og_image":[{"width":725,"height":400,"url":"https:\/\/interamerica.org\/wp-content\/uploads\/2023\/01\/ica-school-2.jpeg","type":"image\/jpeg"}],"author":"libna","twitter_card":"summary_large_image","twitter_misc":{"\u00c9crit par":"libna","Dur\u00e9e de lecture estim\u00e9e":"4 minutes"},"schema":{"@context":"https:\/\/schema.org","@graph":[{"@type":"Article","@id":"https:\/\/interamerica.org\/fr\/2023\/01\/une-ecole-quil-a-valu-la-peine-dattendre\/#article","isPartOf":{"@id":"https:\/\/interamerica.org\/fr\/2023\/01\/une-ecole-quil-a-valu-la-peine-dattendre\/"},"author":{"name":"libna","@id":"https:\/\/interamerica.org\/fr\/#\/schema\/person\/29998f2bc2d8bd0d38662909289b54f1"},"headline":"Une \u00e9cole qu\u2019il a valu la peine d\u2019attendre","datePublished":"2023-01-05T01:37:04+00:00","dateModified":"2023-01-05T17:20:44+00:00","mainEntityOfPage":{"@id":"https:\/\/interamerica.org\/fr\/2023\/01\/une-ecole-quil-a-valu-la-peine-dattendre\/"},"wordCount":689,"image":{"@id":"https:\/\/interamerica.org\/fr\/2023\/01\/une-ecole-quil-a-valu-la-peine-dattendre\/#primaryimage"},"thumbnailUrl":"https:\/\/interamerica.org\/wp-content\/uploads\/2023\/01\/ica-school-2.jpeg","articleSection":["Nouvelles de l'\u00c9glise mondiale","RSS Fran\u00e7ais"],"inLanguage":"fr-FR"},{"@type":"WebPage","@id":"https:\/\/interamerica.org\/fr\/2023\/01\/une-ecole-quil-a-valu-la-peine-dattendre\/","url":"https:\/\/interamerica.org\/fr\/2023\/01\/une-ecole-quil-a-valu-la-peine-dattendre\/","name":"Une \u00e9cole qu\u2019il a valu la peine d\u2019attendre - \u00c9glise Adventiste Du Septieme Jour - Inter Am\u00e9rique Division","isPartOf":{"@id":"https:\/\/interamerica.org\/fr\/#website"},"primaryImageOfPage":{"@id":"https:\/\/interamerica.org\/fr\/2023\/01\/une-ecole-quil-a-valu-la-peine-dattendre\/#primaryimage"},"image":{"@id":"https:\/\/interamerica.org\/fr\/2023\/01\/une-ecole-quil-a-valu-la-peine-dattendre\/#primaryimage"},"thumbnailUrl":"https:\/\/interamerica.org\/wp-content\/uploads\/2023\/01\/ica-school-2.jpeg","datePublished":"2023-01-05T01:37:04+00:00","dateModified":"2023-01-05T17:20:44+00:00","author":{"@id":"https:\/\/interamerica.org\/fr\/#\/schema\/person\/29998f2bc2d8bd0d38662909289b54f1"},"breadcrumb":{"@id":"https:\/\/interamerica.org\/fr\/2023\/01\/une-ecole-quil-a-valu-la-peine-dattendre\/#breadcrumb"},"inLanguage":"fr-FR","potentialAction":[{"@type":"ReadAction","target":["https:\/\/interamerica.org\/fr\/2023\/01\/une-ecole-quil-a-valu-la-peine-dattendre\/"]}]},{"@type":"ImageObject","inLanguage":"fr-FR","@id":"https:\/\/interamerica.org\/fr\/2023\/01\/une-ecole-quil-a-valu-la-peine-dattendre\/#primaryimage","url":"https:\/\/interamerica.org\/wp-content\/uploads\/2023\/01\/ica-school-2.jpeg","contentUrl":"https:\/\/interamerica.org\/wp-content\/uploads\/2023\/01\/ica-school-2.jpeg","width":725,"height":400,"caption":"Leaders and members pose for a group photo during the La Tingui\u00f1a Seventh-day Adventist School inauguration on December 11, 2022, in Ica, Peru. [Photo: Maranatha Volunteers International]"},{"@type":"BreadcrumbList","@id":"https:\/\/interamerica.org\/fr\/2023\/01\/une-ecole-quil-a-valu-la-peine-dattendre\/#breadcrumb","itemListElement":[{"@type":"ListItem","position":1,"name":"Home","item":"https:\/\/interamerica.org\/fr\/"},{"@type":"ListItem","position":2,"name":"Une \u00e9cole qu\u2019il a valu la peine d\u2019attendre"}]},{"@type":"WebSite","@id":"https:\/\/interamerica.org\/fr\/#website","url":"https:\/\/interamerica.org\/fr\/","name":"\u00c9glise Adventiste Du Septieme Jour - Inter Am\u00e9rique Division","description":"","potentialAction":[{"@type":"SearchAction","target":{"@type":"EntryPoint","urlTemplate":"https:\/\/interamerica.org\/fr\/?s={search_term_string}"},"query-input":{"@type":"PropertyValueSpecification","valueRequired":true,"valueName":"search_term_string"}}],"inLanguage":"fr-FR"},{"@type":"Person","@id":"https:\/\/interamerica.org\/fr\/#\/schema\/person\/29998f2bc2d8bd0d38662909289b54f1","name":"libna","image":{"@type":"ImageObject","inLanguage":"fr-FR","@id":"https:\/\/secure.gravatar.com\/avatar\/7c5bd30ae4b47a9ba3c856590957fd1d96dc588bf3ac05719d247e126840331f?s=96&d=mm&r=g","url":"https:\/\/secure.gravatar.com\/avatar\/7c5bd30ae4b47a9ba3c856590957fd1d96dc588bf3ac05719d247e126840331f?s=96&d=mm&r=g","contentUrl":"https:\/\/secure.gravatar.com\/avatar\/7c5bd30ae4b47a9ba3c856590957fd1d96dc588bf3ac05719d247e126840331f?s=96&d=mm&r=g","caption":"libna"}}]}},"_links":{"self":[{"href":"https:\/\/interamerica.org\/fr\/wp-json\/wp\/v2\/posts\/93291","targetHints":{"allow":["GET"]}}],"collection":[{"href":"https:\/\/interamerica.org\/fr\/wp-json\/wp\/v2\/posts"}],"about":[{"href":"https:\/\/interamerica.org\/fr\/wp-json\/wp\/v2\/types\/post"}],"author":[{"embeddable":true,"href":"https:\/\/interamerica.org\/fr\/wp-json\/wp\/v2\/users\/3"}],"replies":[{"embeddable":true,"href":"https:\/\/interamerica.org\/fr\/wp-json\/wp\/v2\/comments?post=93291"}],"version-history":[{"count":0,"href":"https:\/\/interamerica.org\/fr\/wp-json\/wp\/v2\/posts\/93291\/revisions"}],"wp:featuredmedia":[{"embeddable":true,"href":"https:\/\/interamerica.org\/fr\/wp-json\/wp\/v2\/media\/93260"}],"wp:attachment":[{"href":"https:\/\/interamerica.org\/fr\/wp-json\/wp\/v2\/media?parent=93291"}],"wp:term":[{"taxonomy":"category","embeddable":true,"href":"https:\/\/interamerica.org\/fr\/wp-json\/wp\/v2\/categories?post=93291"},{"taxonomy":"post_tag","embeddable":true,"href":"https:\/\/interamerica.org\/fr\/wp-json\/wp\/v2\/tags?post=93291"}],"curies":[{"name":"wp","href":"https:\/\/api.w.org\/{rel}","templated":true}]}}