{"id":93349,"date":"2023-01-06T11:26:01","date_gmt":"2023-01-06T16:26:01","guid":{"rendered":"https:\/\/interamerica.org\/?p=93349"},"modified":"2023-01-06T22:17:37","modified_gmt":"2023-01-07T03:17:37","slug":"les-benevoles-de-maranatha-aident-a-construire-une-eglise-en-republique-dominicaine","status":"publish","type":"post","link":"https:\/\/interamerica.org\/fr\/2023\/01\/les-benevoles-de-maranatha-aident-a-construire-une-eglise-en-republique-dominicaine\/","title":{"rendered":"Les b\u00e9n\u00e9voles de Maranatha aident \u00e0 construire une \u00e9glise en R\u00e9publique Dominicaine"},"content":{"rendered":"<p><div id=\"attachment_93324\" style=\"width: 849px\" class=\"wp-caption aligncenter\"><img fetchpriority=\"high\" decoding=\"async\" aria-describedby=\"caption-attachment-93324\" class=\" wp-image-93323\" src=\"https:\/\/interamerica.org\/wp-content\/uploads\/2023\/01\/mvi-dr-family-project-1.jpeg\" alt=\"\" width=\"839\" height=\"463\" srcset=\"https:\/\/interamerica.org\/wp-content\/uploads\/2023\/01\/mvi-dr-family-project-1.jpeg 725w, https:\/\/interamerica.org\/wp-content\/uploads\/2023\/01\/mvi-dr-family-project-1-300x166.jpeg 300w\" sizes=\"(max-width: 839px) 100vw, 839px\" \/><p id=\"caption-attachment-93324\" class=\"wp-caption-text\">Les b\u00e9n\u00e9voles de Maranatha posent pour une photo de groupe devant la nouvelle \u00e9glise qu\u2019ils aident \u00e0 construire \u00e0 Saint-Domingue, en R\u00e9publique Dominicaine, en d\u00e9cembre 2022. [Photo : Maranatha Volunteers International]<\/p><\/div>6 Janvier 2022 | Roseville, Californie, \u00c9tats-Unis | Maranatha Volunteers International<\/p>\n<p>Pendant les vacances de No\u00ebl, 36 personnes se sont port\u00e9es volontaires en R\u00e9publique Dominicaine dans le cadre de l\u2019un des projets familiaux annuels de <a href=\"https:\/\/maranatha.org\/\">Maranatha\u2019s Volunteers International<\/a>. Ce sont les premiers volontaires \u00e0 servir dans le pays lors des toutes r\u00e9centes interventions de Maranatha l\u00e0-bas. Des familles de tous horizons se sont retrouv\u00e9es pr\u00e8s de la capitale, Saint-Domingue, pour vivre un No\u00ebl diff\u00e9rent de celui qu\u2019elles auraient normalement eu chez elles.<\/p>\n<p>L\u2019objectif principal du groupe \u00e9tait de construire les murs de l\u2019\u00e9glise adventiste du septi\u00e8me jour de Caleta 5, o\u00f9 des b\u00e9n\u00e9voles de tous \u00e2ges ont aid\u00e9, y compris des enfants. Les enfants ont \u00e9galement particip\u00e9 \u00e0 un camp sp\u00e9cial en journ\u00e9e pour d\u00e9couvrir la culture locale.<\/p>\n<p><div id=\"attachment_93330\" style=\"width: 860px\" class=\"wp-caption aligncenter\"><img decoding=\"async\" aria-describedby=\"caption-attachment-93330\" class=\" wp-image-93329\" src=\"https:\/\/interamerica.org\/wp-content\/uploads\/2023\/01\/mvi-dr-family-project-3.jpeg\" alt=\"\" width=\"850\" height=\"469\" srcset=\"https:\/\/interamerica.org\/wp-content\/uploads\/2023\/01\/mvi-dr-family-project-3.jpeg 725w, https:\/\/interamerica.org\/wp-content\/uploads\/2023\/01\/mvi-dr-family-project-3-300x166.jpeg 300w\" sizes=\"(max-width: 850px) 100vw, 850px\" \/><p id=\"caption-attachment-93330\" class=\"wp-caption-text\">Des dizaines d\u2019enfants de la communaut\u00e9 locale ont particip\u00e9 chaque jour au programme d\u2019action missionnaire de Maranatha dans le nouveau b\u00e2timent de l\u2019\u00e9glise. [Photo : Maranatha Volunteers International]<\/p><\/div>Outre la construction, les b\u00e9n\u00e9voles ont \u00e9galement men\u00e9 des activit\u00e9s missionnaires dans la communaut\u00e9, comme des programmes pour les enfants. Soixante \u00e0 cent dix enfants \u00e9taient pr\u00e9sents chaque jour, et \u00e0 la fin de la semaine, ils ont particip\u00e9 \u00e0 une c\u00e9r\u00e9monie de remise de dipl\u00f4mes avec un g\u00e2teau et une collation. Les b\u00e9n\u00e9voles ont \u00e9galement collect\u00e9 des fonds pour acheter des paniers-cadeaux pour les voisins autour de l\u2019\u00e9glise ; ils ont distribu\u00e9 60 paniers aux maisons avoisinantes.<\/p>\n<p>\u00c0 la cl\u00f4ture du projet, les b\u00e9n\u00e9voles ont ador\u00e9 avec la congr\u00e9gation locale dans leur nouveau b\u00e2timent. \u00ab Nous sommes tr\u00e8s joyeux parce qu\u2019aujourd\u2019hui nous c\u00e9l\u00e9brons notre premi\u00e8re \u00e9glise [construite par des b\u00e9n\u00e9voles] ici en R\u00e9publique Dominicaine en cette p\u00e9riode particuli\u00e8re, \u00bb a d\u00e9clar\u00e9 le directeur national de Maranatha en R\u00e9publique Dominicaine, Gilberto Araujo. \u00ab Nous voulons remercier ceux qui ont \u00e9t\u00e9 suffisamment braves pour \u00eatre ici pour cette premi\u00e8re \u00e9glise et nous prions Dieu que nous puissions construire de nombreuses autres \u00e9glises comme celle-ci \u00e0 l\u2019avenir. \u00bb<\/p>\n<p><div id=\"attachment_93333\" style=\"width: 855px\" class=\"wp-caption aligncenter\"><img decoding=\"async\" aria-describedby=\"caption-attachment-93333\" class=\" wp-image-93332\" src=\"https:\/\/interamerica.org\/wp-content\/uploads\/2023\/01\/mvi-dr-family-project-4.jpeg\" alt=\"\" width=\"845\" height=\"466\" srcset=\"https:\/\/interamerica.org\/wp-content\/uploads\/2023\/01\/mvi-dr-family-project-4.jpeg 725w, https:\/\/interamerica.org\/wp-content\/uploads\/2023\/01\/mvi-dr-family-project-4-300x166.jpeg 300w\" sizes=\"(max-width: 845px) 100vw, 845px\" \/><p id=\"caption-attachment-93333\" class=\"wp-caption-text\">L\u2019\u00e9glise a ouvert ses portes pour le culte du sabbat ; les membres ont rempli l\u2019\u00e9glise et d\u2019autres se sont assis \u00e0 l\u2019ext\u00e9rieur pour assister depuis les fen\u00eatres. [Photo : Maranatha Volunteers International]<\/p><\/div>Maranatha travaille depuis longtemps en R\u00e9publique Dominicaine. En 1980, apr\u00e8s la destruction caus\u00e9e par l\u2019Ouragan David, Maranatha y a construit 160 maisons. En 1992, la R\u00e9publique Dominicaine a \u00e9t\u00e9 le site d\u2019un moment historique de croissance pour Maranatha, lorsque l\u2019organisation a coordonn\u00e9 la construction de 25 \u00e9glises en 70 jours.<\/p>\n<p>Baptis\u00e9 \u00ab Santo Domingo &rsquo;92, \u00bb c\u2019\u00e9tait la premi\u00e8re fois que Maranatha se concentrait sur un seul endroit pour plusieurs projets b\u00e9n\u00e9voles. Des interventions ult\u00e9rieures ont eu lieu en 2003 ainsi qu\u2019en 2013, et en 2022, Maranatha est revenue encore une fois.<\/p>\n<p>Traduction: Patrick Luciathe<\/p>\n","protected":false},"excerpt":{"rendered":"<p>6 Janvier 2022 | Roseville, Californie, \u00c9tats-Unis | Maranatha Volunteers International Pendant les vacances de No\u00ebl, 36 personnes se sont port\u00e9es volontaires en R\u00e9publique Dominicaine dans le cadre de l\u2019un&#8230;<\/p>\n","protected":false},"author":3,"featured_media":93324,"comment_status":"closed","ping_status":"closed","sticky":false,"template":"","format":"standard","meta":{"_acf_changed":false,"footnotes":""},"categories":[18,19],"tags":[],"class_list":["post-93349","post","type-post","status-publish","format-standard","has-post-thumbnail","hentry","category-nouvelles-de-leglise-mondiale","category-rss-francais"],"acf":[],"yoast_head":"<!-- This site is optimized with the Yoast SEO plugin v27.3 - https:\/\/yoast.com\/product\/yoast-seo-wordpress\/ -->\n<title>Les b\u00e9n\u00e9voles de Maranatha aident \u00e0 construire une \u00e9glise en R\u00e9publique Dominicaine - \u00c9glise Adventiste Du Septieme Jour - Inter Am\u00e9rique Division<\/title>\n<meta name=\"robots\" content=\"index, follow, max-snippet:-1, max-image-preview:large, max-video-preview:-1\" \/>\n<link rel=\"canonical\" href=\"https:\/\/interamerica.org\/fr\/2023\/01\/les-benevoles-de-maranatha-aident-a-construire-une-eglise-en-republique-dominicaine\/\" \/>\n<meta property=\"og:locale\" content=\"fr_FR\" \/>\n<meta property=\"og:type\" content=\"article\" \/>\n<meta property=\"og:title\" content=\"Les b\u00e9n\u00e9voles de Maranatha aident \u00e0 construire une \u00e9glise en R\u00e9publique Dominicaine - \u00c9glise Adventiste Du Septieme Jour - Inter Am\u00e9rique Division\" \/>\n<meta property=\"og:description\" content=\"6 Janvier 2022 | Roseville, Californie, \u00c9tats-Unis | Maranatha Volunteers International Pendant les vacances de No\u00ebl, 36 personnes se sont port\u00e9es volontaires en R\u00e9publique Dominicaine dans le cadre de l\u2019un...\" \/>\n<meta property=\"og:url\" content=\"https:\/\/interamerica.org\/fr\/2023\/01\/les-benevoles-de-maranatha-aident-a-construire-une-eglise-en-republique-dominicaine\/\" \/>\n<meta property=\"og:site_name\" content=\"\u00c9glise Adventiste Du Septieme Jour - Inter Am\u00e9rique Division\" \/>\n<meta property=\"article:published_time\" content=\"2023-01-06T16:26:01+00:00\" \/>\n<meta property=\"article:modified_time\" content=\"2023-01-07T03:17:37+00:00\" \/>\n<meta property=\"og:image\" content=\"https:\/\/interamerica.org\/wp-content\/uploads\/2023\/01\/mvi-dr-family-project-1.jpeg\" \/>\n\t<meta property=\"og:image:width\" content=\"725\" \/>\n\t<meta property=\"og:image:height\" content=\"400\" \/>\n\t<meta property=\"og:image:type\" content=\"image\/jpeg\" \/>\n<meta name=\"author\" content=\"libna\" \/>\n<meta name=\"twitter:card\" content=\"summary_large_image\" \/>\n<meta name=\"twitter:label1\" content=\"\u00c9crit par\" \/>\n\t<meta name=\"twitter:data1\" content=\"libna\" \/>\n\t<meta name=\"twitter:label2\" content=\"Dur\u00e9e de lecture estim\u00e9e\" \/>\n\t<meta name=\"twitter:data2\" content=\"3 minutes\" \/>\n<script type=\"application\/ld+json\" class=\"yoast-schema-graph\">{\"@context\":\"https:\\\/\\\/schema.org\",\"@graph\":[{\"@type\":\"Article\",\"@id\":\"https:\\\/\\\/interamerica.org\\\/fr\\\/2023\\\/01\\\/les-benevoles-de-maranatha-aident-a-construire-une-eglise-en-republique-dominicaine\\\/#article\",\"isPartOf\":{\"@id\":\"https:\\\/\\\/interamerica.org\\\/fr\\\/2023\\\/01\\\/les-benevoles-de-maranatha-aident-a-construire-une-eglise-en-republique-dominicaine\\\/\"},\"author\":{\"name\":\"libna\",\"@id\":\"https:\\\/\\\/interamerica.org\\\/fr\\\/#\\\/schema\\\/person\\\/29998f2bc2d8bd0d38662909289b54f1\"},\"headline\":\"Les b\u00e9n\u00e9voles de Maranatha aident \u00e0 construire une \u00e9glise en R\u00e9publique Dominicaine\",\"datePublished\":\"2023-01-06T16:26:01+00:00\",\"dateModified\":\"2023-01-07T03:17:37+00:00\",\"mainEntityOfPage\":{\"@id\":\"https:\\\/\\\/interamerica.org\\\/fr\\\/2023\\\/01\\\/les-benevoles-de-maranatha-aident-a-construire-une-eglise-en-republique-dominicaine\\\/\"},\"wordCount\":557,\"image\":{\"@id\":\"https:\\\/\\\/interamerica.org\\\/fr\\\/2023\\\/01\\\/les-benevoles-de-maranatha-aident-a-construire-une-eglise-en-republique-dominicaine\\\/#primaryimage\"},\"thumbnailUrl\":\"https:\\\/\\\/interamerica.org\\\/wp-content\\\/uploads\\\/2023\\\/01\\\/mvi-dr-family-project-1.jpeg\",\"articleSection\":[\"Nouvelles de l'\u00c9glise mondiale\",\"RSS Fran\u00e7ais\"],\"inLanguage\":\"fr-FR\"},{\"@type\":\"WebPage\",\"@id\":\"https:\\\/\\\/interamerica.org\\\/fr\\\/2023\\\/01\\\/les-benevoles-de-maranatha-aident-a-construire-une-eglise-en-republique-dominicaine\\\/\",\"url\":\"https:\\\/\\\/interamerica.org\\\/fr\\\/2023\\\/01\\\/les-benevoles-de-maranatha-aident-a-construire-une-eglise-en-republique-dominicaine\\\/\",\"name\":\"Les b\u00e9n\u00e9voles de Maranatha aident \u00e0 construire une \u00e9glise en R\u00e9publique Dominicaine - \u00c9glise Adventiste Du Septieme Jour - Inter Am\u00e9rique Division\",\"isPartOf\":{\"@id\":\"https:\\\/\\\/interamerica.org\\\/fr\\\/#website\"},\"primaryImageOfPage\":{\"@id\":\"https:\\\/\\\/interamerica.org\\\/fr\\\/2023\\\/01\\\/les-benevoles-de-maranatha-aident-a-construire-une-eglise-en-republique-dominicaine\\\/#primaryimage\"},\"image\":{\"@id\":\"https:\\\/\\\/interamerica.org\\\/fr\\\/2023\\\/01\\\/les-benevoles-de-maranatha-aident-a-construire-une-eglise-en-republique-dominicaine\\\/#primaryimage\"},\"thumbnailUrl\":\"https:\\\/\\\/interamerica.org\\\/wp-content\\\/uploads\\\/2023\\\/01\\\/mvi-dr-family-project-1.jpeg\",\"datePublished\":\"2023-01-06T16:26:01+00:00\",\"dateModified\":\"2023-01-07T03:17:37+00:00\",\"author\":{\"@id\":\"https:\\\/\\\/interamerica.org\\\/fr\\\/#\\\/schema\\\/person\\\/29998f2bc2d8bd0d38662909289b54f1\"},\"breadcrumb\":{\"@id\":\"https:\\\/\\\/interamerica.org\\\/fr\\\/2023\\\/01\\\/les-benevoles-de-maranatha-aident-a-construire-une-eglise-en-republique-dominicaine\\\/#breadcrumb\"},\"inLanguage\":\"fr-FR\",\"potentialAction\":[{\"@type\":\"ReadAction\",\"target\":[\"https:\\\/\\\/interamerica.org\\\/fr\\\/2023\\\/01\\\/les-benevoles-de-maranatha-aident-a-construire-une-eglise-en-republique-dominicaine\\\/\"]}]},{\"@type\":\"ImageObject\",\"inLanguage\":\"fr-FR\",\"@id\":\"https:\\\/\\\/interamerica.org\\\/fr\\\/2023\\\/01\\\/les-benevoles-de-maranatha-aident-a-construire-une-eglise-en-republique-dominicaine\\\/#primaryimage\",\"url\":\"https:\\\/\\\/interamerica.org\\\/wp-content\\\/uploads\\\/2023\\\/01\\\/mvi-dr-family-project-1.jpeg\",\"contentUrl\":\"https:\\\/\\\/interamerica.org\\\/wp-content\\\/uploads\\\/2023\\\/01\\\/mvi-dr-family-project-1.jpeg\",\"width\":725,\"height\":400,\"caption\":\"[Photo: Maranatha Volunteers International]\"},{\"@type\":\"BreadcrumbList\",\"@id\":\"https:\\\/\\\/interamerica.org\\\/fr\\\/2023\\\/01\\\/les-benevoles-de-maranatha-aident-a-construire-une-eglise-en-republique-dominicaine\\\/#breadcrumb\",\"itemListElement\":[{\"@type\":\"ListItem\",\"position\":1,\"name\":\"Home\",\"item\":\"https:\\\/\\\/interamerica.org\\\/fr\\\/\"},{\"@type\":\"ListItem\",\"position\":2,\"name\":\"Les b\u00e9n\u00e9voles de Maranatha aident \u00e0 construire une \u00e9glise en R\u00e9publique Dominicaine\"}]},{\"@type\":\"WebSite\",\"@id\":\"https:\\\/\\\/interamerica.org\\\/fr\\\/#website\",\"url\":\"https:\\\/\\\/interamerica.org\\\/fr\\\/\",\"name\":\"\u00c9glise Adventiste Du Septieme Jour - Inter Am\u00e9rique Division\",\"description\":\"\",\"potentialAction\":[{\"@type\":\"SearchAction\",\"target\":{\"@type\":\"EntryPoint\",\"urlTemplate\":\"https:\\\/\\\/interamerica.org\\\/fr\\\/?s={search_term_string}\"},\"query-input\":{\"@type\":\"PropertyValueSpecification\",\"valueRequired\":true,\"valueName\":\"search_term_string\"}}],\"inLanguage\":\"fr-FR\"},{\"@type\":\"Person\",\"@id\":\"https:\\\/\\\/interamerica.org\\\/fr\\\/#\\\/schema\\\/person\\\/29998f2bc2d8bd0d38662909289b54f1\",\"name\":\"libna\",\"image\":{\"@type\":\"ImageObject\",\"inLanguage\":\"fr-FR\",\"@id\":\"https:\\\/\\\/secure.gravatar.com\\\/avatar\\\/7c5bd30ae4b47a9ba3c856590957fd1d96dc588bf3ac05719d247e126840331f?s=96&d=mm&r=g\",\"url\":\"https:\\\/\\\/secure.gravatar.com\\\/avatar\\\/7c5bd30ae4b47a9ba3c856590957fd1d96dc588bf3ac05719d247e126840331f?s=96&d=mm&r=g\",\"contentUrl\":\"https:\\\/\\\/secure.gravatar.com\\\/avatar\\\/7c5bd30ae4b47a9ba3c856590957fd1d96dc588bf3ac05719d247e126840331f?s=96&d=mm&r=g\",\"caption\":\"libna\"}}]}<\/script>\n<!-- \/ Yoast SEO plugin. -->","yoast_head_json":{"title":"Les b\u00e9n\u00e9voles de Maranatha aident \u00e0 construire une \u00e9glise en R\u00e9publique Dominicaine - \u00c9glise Adventiste Du Septieme Jour - Inter Am\u00e9rique Division","robots":{"index":"index","follow":"follow","max-snippet":"max-snippet:-1","max-image-preview":"max-image-preview:large","max-video-preview":"max-video-preview:-1"},"canonical":"https:\/\/interamerica.org\/fr\/2023\/01\/les-benevoles-de-maranatha-aident-a-construire-une-eglise-en-republique-dominicaine\/","og_locale":"fr_FR","og_type":"article","og_title":"Les b\u00e9n\u00e9voles de Maranatha aident \u00e0 construire une \u00e9glise en R\u00e9publique Dominicaine - \u00c9glise Adventiste Du Septieme Jour - Inter Am\u00e9rique Division","og_description":"6 Janvier 2022 | Roseville, Californie, \u00c9tats-Unis | Maranatha Volunteers International Pendant les vacances de No\u00ebl, 36 personnes se sont port\u00e9es volontaires en R\u00e9publique Dominicaine dans le cadre de l\u2019un...","og_url":"https:\/\/interamerica.org\/fr\/2023\/01\/les-benevoles-de-maranatha-aident-a-construire-une-eglise-en-republique-dominicaine\/","og_site_name":"\u00c9glise Adventiste Du Septieme Jour - Inter Am\u00e9rique Division","article_published_time":"2023-01-06T16:26:01+00:00","article_modified_time":"2023-01-07T03:17:37+00:00","og_image":[{"width":725,"height":400,"url":"https:\/\/interamerica.org\/wp-content\/uploads\/2023\/01\/mvi-dr-family-project-1.jpeg","type":"image\/jpeg"}],"author":"libna","twitter_card":"summary_large_image","twitter_misc":{"\u00c9crit par":"libna","Dur\u00e9e de lecture estim\u00e9e":"3 minutes"},"schema":{"@context":"https:\/\/schema.org","@graph":[{"@type":"Article","@id":"https:\/\/interamerica.org\/fr\/2023\/01\/les-benevoles-de-maranatha-aident-a-construire-une-eglise-en-republique-dominicaine\/#article","isPartOf":{"@id":"https:\/\/interamerica.org\/fr\/2023\/01\/les-benevoles-de-maranatha-aident-a-construire-une-eglise-en-republique-dominicaine\/"},"author":{"name":"libna","@id":"https:\/\/interamerica.org\/fr\/#\/schema\/person\/29998f2bc2d8bd0d38662909289b54f1"},"headline":"Les b\u00e9n\u00e9voles de Maranatha aident \u00e0 construire une \u00e9glise en R\u00e9publique Dominicaine","datePublished":"2023-01-06T16:26:01+00:00","dateModified":"2023-01-07T03:17:37+00:00","mainEntityOfPage":{"@id":"https:\/\/interamerica.org\/fr\/2023\/01\/les-benevoles-de-maranatha-aident-a-construire-une-eglise-en-republique-dominicaine\/"},"wordCount":557,"image":{"@id":"https:\/\/interamerica.org\/fr\/2023\/01\/les-benevoles-de-maranatha-aident-a-construire-une-eglise-en-republique-dominicaine\/#primaryimage"},"thumbnailUrl":"https:\/\/interamerica.org\/wp-content\/uploads\/2023\/01\/mvi-dr-family-project-1.jpeg","articleSection":["Nouvelles de l'\u00c9glise mondiale","RSS Fran\u00e7ais"],"inLanguage":"fr-FR"},{"@type":"WebPage","@id":"https:\/\/interamerica.org\/fr\/2023\/01\/les-benevoles-de-maranatha-aident-a-construire-une-eglise-en-republique-dominicaine\/","url":"https:\/\/interamerica.org\/fr\/2023\/01\/les-benevoles-de-maranatha-aident-a-construire-une-eglise-en-republique-dominicaine\/","name":"Les b\u00e9n\u00e9voles de Maranatha aident \u00e0 construire une \u00e9glise en R\u00e9publique Dominicaine - \u00c9glise Adventiste Du Septieme Jour - Inter Am\u00e9rique Division","isPartOf":{"@id":"https:\/\/interamerica.org\/fr\/#website"},"primaryImageOfPage":{"@id":"https:\/\/interamerica.org\/fr\/2023\/01\/les-benevoles-de-maranatha-aident-a-construire-une-eglise-en-republique-dominicaine\/#primaryimage"},"image":{"@id":"https:\/\/interamerica.org\/fr\/2023\/01\/les-benevoles-de-maranatha-aident-a-construire-une-eglise-en-republique-dominicaine\/#primaryimage"},"thumbnailUrl":"https:\/\/interamerica.org\/wp-content\/uploads\/2023\/01\/mvi-dr-family-project-1.jpeg","datePublished":"2023-01-06T16:26:01+00:00","dateModified":"2023-01-07T03:17:37+00:00","author":{"@id":"https:\/\/interamerica.org\/fr\/#\/schema\/person\/29998f2bc2d8bd0d38662909289b54f1"},"breadcrumb":{"@id":"https:\/\/interamerica.org\/fr\/2023\/01\/les-benevoles-de-maranatha-aident-a-construire-une-eglise-en-republique-dominicaine\/#breadcrumb"},"inLanguage":"fr-FR","potentialAction":[{"@type":"ReadAction","target":["https:\/\/interamerica.org\/fr\/2023\/01\/les-benevoles-de-maranatha-aident-a-construire-une-eglise-en-republique-dominicaine\/"]}]},{"@type":"ImageObject","inLanguage":"fr-FR","@id":"https:\/\/interamerica.org\/fr\/2023\/01\/les-benevoles-de-maranatha-aident-a-construire-une-eglise-en-republique-dominicaine\/#primaryimage","url":"https:\/\/interamerica.org\/wp-content\/uploads\/2023\/01\/mvi-dr-family-project-1.jpeg","contentUrl":"https:\/\/interamerica.org\/wp-content\/uploads\/2023\/01\/mvi-dr-family-project-1.jpeg","width":725,"height":400,"caption":"[Photo: Maranatha Volunteers International]"},{"@type":"BreadcrumbList","@id":"https:\/\/interamerica.org\/fr\/2023\/01\/les-benevoles-de-maranatha-aident-a-construire-une-eglise-en-republique-dominicaine\/#breadcrumb","itemListElement":[{"@type":"ListItem","position":1,"name":"Home","item":"https:\/\/interamerica.org\/fr\/"},{"@type":"ListItem","position":2,"name":"Les b\u00e9n\u00e9voles de Maranatha aident \u00e0 construire une \u00e9glise en R\u00e9publique Dominicaine"}]},{"@type":"WebSite","@id":"https:\/\/interamerica.org\/fr\/#website","url":"https:\/\/interamerica.org\/fr\/","name":"\u00c9glise Adventiste Du Septieme Jour - Inter Am\u00e9rique Division","description":"","potentialAction":[{"@type":"SearchAction","target":{"@type":"EntryPoint","urlTemplate":"https:\/\/interamerica.org\/fr\/?s={search_term_string}"},"query-input":{"@type":"PropertyValueSpecification","valueRequired":true,"valueName":"search_term_string"}}],"inLanguage":"fr-FR"},{"@type":"Person","@id":"https:\/\/interamerica.org\/fr\/#\/schema\/person\/29998f2bc2d8bd0d38662909289b54f1","name":"libna","image":{"@type":"ImageObject","inLanguage":"fr-FR","@id":"https:\/\/secure.gravatar.com\/avatar\/7c5bd30ae4b47a9ba3c856590957fd1d96dc588bf3ac05719d247e126840331f?s=96&d=mm&r=g","url":"https:\/\/secure.gravatar.com\/avatar\/7c5bd30ae4b47a9ba3c856590957fd1d96dc588bf3ac05719d247e126840331f?s=96&d=mm&r=g","contentUrl":"https:\/\/secure.gravatar.com\/avatar\/7c5bd30ae4b47a9ba3c856590957fd1d96dc588bf3ac05719d247e126840331f?s=96&d=mm&r=g","caption":"libna"}}]}},"_links":{"self":[{"href":"https:\/\/interamerica.org\/fr\/wp-json\/wp\/v2\/posts\/93349","targetHints":{"allow":["GET"]}}],"collection":[{"href":"https:\/\/interamerica.org\/fr\/wp-json\/wp\/v2\/posts"}],"about":[{"href":"https:\/\/interamerica.org\/fr\/wp-json\/wp\/v2\/types\/post"}],"author":[{"embeddable":true,"href":"https:\/\/interamerica.org\/fr\/wp-json\/wp\/v2\/users\/3"}],"replies":[{"embeddable":true,"href":"https:\/\/interamerica.org\/fr\/wp-json\/wp\/v2\/comments?post=93349"}],"version-history":[{"count":0,"href":"https:\/\/interamerica.org\/fr\/wp-json\/wp\/v2\/posts\/93349\/revisions"}],"wp:featuredmedia":[{"embeddable":true,"href":"https:\/\/interamerica.org\/fr\/wp-json\/wp\/v2\/media\/93324"}],"wp:attachment":[{"href":"https:\/\/interamerica.org\/fr\/wp-json\/wp\/v2\/media?parent=93349"}],"wp:term":[{"taxonomy":"category","embeddable":true,"href":"https:\/\/interamerica.org\/fr\/wp-json\/wp\/v2\/categories?post=93349"},{"taxonomy":"post_tag","embeddable":true,"href":"https:\/\/interamerica.org\/fr\/wp-json\/wp\/v2\/tags?post=93349"}],"curies":[{"name":"wp","href":"https:\/\/api.w.org\/{rel}","templated":true}]}}