{"id":93473,"date":"2023-01-09T15:25:07","date_gmt":"2023-01-09T20:25:07","guid":{"rendered":"https:\/\/interamerica.org\/?p=93473"},"modified":"2023-01-11T09:09:21","modified_gmt":"2023-01-11T14:09:21","slug":"les-dirigeants-adventistes-examinent-et-consolident-les-initiatives-pour-levangelisation-en-2023","status":"publish","type":"post","link":"https:\/\/interamerica.org\/fr\/2023\/01\/les-dirigeants-adventistes-examinent-et-consolident-les-initiatives-pour-levangelisation-en-2023\/","title":{"rendered":"Les dirigeants adventistes examinent et consolident les initiatives pour l\u2019\u00e9vang\u00e9lisation en 2023"},"content":{"rendered":"<p><div id=\"attachment_93414\" style=\"width: 860px\" class=\"wp-caption aligncenter\"><img fetchpriority=\"high\" decoding=\"async\" aria-describedby=\"caption-attachment-93414\" class=\" wp-image-93413\" src=\"https:\/\/interamerica.org\/wp-content\/uploads\/2023\/01\/dept-leadership-header.jpg\" alt=\"\" width=\"850\" height=\"566\" srcset=\"https:\/\/interamerica.org\/wp-content\/uploads\/2023\/01\/dept-leadership-header.jpg 1000w, https:\/\/interamerica.org\/wp-content\/uploads\/2023\/01\/dept-leadership-header-300x200.jpg 300w, https:\/\/interamerica.org\/wp-content\/uploads\/2023\/01\/dept-leadership-header-768x511.jpg 768w\" sizes=\"(max-width: 850px) 100vw, 850px\" \/><p id=\"caption-attachment-93414\" class=\"wp-caption-text\">Pasteur Balvin Braham, vice-pr\u00e9sident de la Division Inter Am\u00e9ricaine, qui supervise le plan strat\u00e9gique de l\u2019\u00c9glise jusqu\u2019en 2025, passe en revue les 4 et 5 janvier 2023, les diff\u00e9rentes initiatives lors des rencontres de direction des d\u00e9partements au cours desquelles les responsables de d\u00e9partement se sont pench\u00e9s sur les initiatives pr\u00e9vues pour 2023. [Photo : Libna Stevens\/ DIA]<\/p><\/div>9 Janvier 2023 | Miami, Floride, \u00c9tats-Unis | Libna Stevens, Actualit\u00e9s de la Division Inter Am\u00e9ricaine<\/p>\n<p>Les administrateurs et les responsables de d\u00e9partement de l\u2019\u00c9glise adventiste du septi\u00e8me jour dans la Division Inter Am\u00e9ricaine (DIA) ont pris deux jours pour prier et passer en revue les initiatives en cours, les nouveaux plans et les activit\u00e9s visant \u00e0 mobiliser les membres d\u2019\u00e9glise pour la proclamation de l\u2019\u00e9vangile sur tout le territoire cette ann\u00e9e. Les rencontres qui se sont tenues les 4 et 5 janvier 2023 ont \u00e9t\u00e9 l\u2019occasion pour les dirigeants de l\u2019\u00e9glise de consolider les activit\u00e9s d\u2019\u00e9vang\u00e9lisation avec de plus grands efforts de collaboration entre les d\u00e9partements et les minist\u00e8res avec l\u2019objectif d\u2019accomplir la mission, ont d\u00e9clar\u00e9 les dirigeants de l\u2019\u00e9glise.<\/p>\n<p>\u00ab Nous devons continuer \u00e0 \u00eatre une \u00e9quipe plus forte, d\u00e9vou\u00e9e \u00e0 l\u2019\u00e9coute les uns des autres, et travailler plus \u00e9troitement ensemble alors que nous faisons face \u00e0 l\u2019immensit\u00e9 de 2023, \u00bb a d\u00e9clar\u00e9 pasteur Elie Henry, pr\u00e9sident de l\u2019\u00c9glise adventiste dans la DIA. Il s\u2019agit de s\u2019assurer que les initiatives et les activit\u00e9s d\u00e9j\u00e0 en cours et celles pr\u00e9vues pour cette ann\u00e9e soient davantage int\u00e9gr\u00e9es, a-t-il d\u00e9clar\u00e9.<\/p>\n<p><div id=\"attachment_93408\" style=\"width: 860px\" class=\"wp-caption aligncenter\"><img decoding=\"async\" aria-describedby=\"caption-attachment-93408\" class=\" wp-image-93407\" src=\"https:\/\/interamerica.org\/wp-content\/uploads\/2023\/01\/elie-henry-dept-leadership.jpg\" alt=\"\" width=\"850\" height=\"567\" srcset=\"https:\/\/interamerica.org\/wp-content\/uploads\/2023\/01\/elie-henry-dept-leadership.jpg 1000w, https:\/\/interamerica.org\/wp-content\/uploads\/2023\/01\/elie-henry-dept-leadership-300x200.jpg 300w, https:\/\/interamerica.org\/wp-content\/uploads\/2023\/01\/elie-henry-dept-leadership-768x512.jpg 768w\" sizes=\"(max-width: 850px) 100vw, 850px\" \/><p id=\"caption-attachment-93408\" class=\"wp-caption-text\">Pasteur Elie Henry, pr\u00e9sident de l\u2019\u00c9glise adventiste dans la Division Inter Am\u00e9ricaine, dirige les r\u00e9unions des dirigeants de d\u00e9partement qui ont eu lieu les 4 et 5 janvier 2023. [Photo : Libna Stevens\/DIA]<\/p><\/div>\u00ab Savoir ce que chaque d\u00e9partement et minist\u00e8re fait et comment mieux impliquer les membres d\u2019\u00e9glise aura finalement un impact encore plus grand sur les communaut\u00e9s, \u00bb a d\u00e9clar\u00e9 pasteur Henry.<\/p>\n<p>Les rencontres pour les responsables de d\u00e9partement \u00e9taient cruciales pour que les dirigeants prennent le temps de prier en groupe, de consid\u00e9rer les b\u00e9n\u00e9dictions que Dieu a d\u00e9vers\u00e9es sur l\u2019\u00c9glise dans la DIA en 2022 et de r\u00e9clamer la direction de Dieu pour avancer, a d\u00e9clar\u00e9 le pasteur Henry. Les dirigeants ont r\u00e9affirm\u00e9 les valeurs bibliques et les initiatives d\u2019implication totale des membres dans le cadre de ses initiatives missionnaires\u00a0<em><a href=\"https:\/\/interamerica.org\/project\/i-will-go-strategic-plan-2020-2025\/\" data-saferedirecturl=\"https:\/\/www.google.com\/url?q=https:\/\/interamerica.org\/project\/i-will-go-strategic-plan-2020-2025\/&amp;source=gmail&amp;ust=1673377275880000&amp;usg=AOvVaw2jP_xO5dIqAY71BYO8nxON\">I Will Go<\/a><\/em>\u00a0(J\u2019Irai) qui cibleront les grandes villes avec l\u2019\u00e9vang\u00e9lisation urbaine, en plus de la formation de disciples et de la fid\u00e9lisation des membres. Tout ceci pendant que des dizaines d\u2019initiatives mettent l\u2019accent sur l\u2019enseignement ou l\u2019\u00e9ducation dans l\u2019\u00e9glise et la communaut\u00e9, mais aussi que l\u2019on continue d\u2019aller vers les communaut\u00e9s et de servir.<\/p>\n<p><div id=\"attachment_93417\" style=\"width: 853px\" class=\"wp-caption aligncenter\"><img decoding=\"async\" aria-describedby=\"caption-attachment-93417\" class=\" wp-image-93416\" src=\"https:\/\/interamerica.org\/wp-content\/uploads\/2023\/01\/dept-leadership-prayer.jpg\" alt=\"\" width=\"843\" height=\"562\" srcset=\"https:\/\/interamerica.org\/wp-content\/uploads\/2023\/01\/dept-leadership-prayer.jpg 1000w, https:\/\/interamerica.org\/wp-content\/uploads\/2023\/01\/dept-leadership-prayer-300x200.jpg 300w, https:\/\/interamerica.org\/wp-content\/uploads\/2023\/01\/dept-leadership-prayer-768x512.jpg 768w\" sizes=\"(max-width: 843px) 100vw, 843px\" \/><p id=\"caption-attachment-93417\" class=\"wp-caption-text\">Abel M\u00e1rquez, directeur de la communication de la DIA et directeur ex\u00e9cutif de Hope Channel Inter Am\u00e9rique, participe \u00e0 l\u2019une des nombreuses s\u00e9ances de pri\u00e8re aux c\u00f4t\u00e9s de son \u00e9pouse Magda qui fait partie du personnel du bureau. [Photo : Libna Stevens\/DIA]<\/p><\/div>Baptis\u00e9e \u00ab Ann\u00e9e de la Fid\u00e9lisation et du Gain des \u00c2mes \u00bb de l\u2019Inter Am\u00e9rique, l\u2019ann\u00e9e sera l\u2019occasion pour les pasteurs et les dirigeants de redoubler d\u2019efforts pour faire en sorte que les enfants, les jeunes, les adultes et les personnes \u00e2g\u00e9es deviennent des disciples et aient une implication active dans la vie de l\u2019\u00e9glise.<\/p>\n<p>Parmi les \u00e9v\u00e9nements majeurs qui auront lieu cette ann\u00e9e, il y a la distribution massive en mars de\u00a0<em>La Trag\u00e9die des Si\u00e8cles,\u00a0<\/em>un livre \u00e9crit par la co-fondatrice de l\u2019\u00c9glise adventiste, Ellen G. White. Le plan est que les membres distribuent 6 millions d\u2019exemplaires papier de la version compl\u00e8te du livre sur tout le territoire de la DIA en une journ\u00e9e. Quarante millions de copies num\u00e9riques du livre en anglais, en espagnol et en fran\u00e7ais devraient \u00eatre distribu\u00e9es du 19 mars au 15 avril.<\/p>\n<p>D\u2019importants efforts d\u2019\u00e9vang\u00e9lisation urbaine par des dizaines d\u2019\u00e9vang\u00e9listes et de la\u00efcs sont pr\u00e9vus \u00e0 Mexico et \u00e0 Guadalajara, au Mexique, \u00e0 Bogota, en Colombie, et \u00e0 Kingston, en Jama\u00efque, du 26 mars au 1er avril 2023<\/p>\n<p><div id=\"attachment_93424\" style=\"width: 865px\" class=\"wp-caption aligncenter\"><img loading=\"lazy\" decoding=\"async\" aria-describedby=\"caption-attachment-93424\" class=\" wp-image-93423\" src=\"https:\/\/interamerica.org\/wp-content\/uploads\/2023\/01\/dept-leadership-group.jpg\" alt=\"\" width=\"855\" height=\"570\" srcset=\"https:\/\/interamerica.org\/wp-content\/uploads\/2023\/01\/dept-leadership-group.jpg 1000w, https:\/\/interamerica.org\/wp-content\/uploads\/2023\/01\/dept-leadership-group-300x200.jpg 300w, https:\/\/interamerica.org\/wp-content\/uploads\/2023\/01\/dept-leadership-group-768x512.jpg 768w\" sizes=\"(max-width: 855px) 100vw, 855px\" \/><p id=\"caption-attachment-93424\" class=\"wp-caption-text\">Le 5 janvier 2023, les dirigeants de l\u2019\u00c9glise passent en revue les initiatives strat\u00e9giques pour 2023. [Photo : Libna Stevens\/DIA]<\/p><\/div>Les directeurs de d\u00e9partement ont parl\u00e9 des \u00e9v\u00e9nements et des activit\u00e9s qui se d\u00e9rouleront cette ann\u00e9e et ont re\u00e7u des informations sur la situation de l\u2019effectif de membres et de la croissance financi\u00e8re sur le territoire de la DIA ainsi que sur les d\u00e9fis actuels et les plans en place pour continuer \u00e0 faire avancer la mission de l\u2019\u00e9glise.<\/p>\n<p>En outre, les dirigeants de l\u2019\u00e9glise se sont pench\u00e9s sur la logistique et les programmes du prochain <a href=\"https:\/\/camporee.interamerica.org\/\">Campor\u00e9e des \u00c9claireurs<\/a> organis\u00e9 \u00e0 l\u2019\u00e9chelle du territoire et qui devrait accueillir plus de 10000 campeurs du 4 au 8 avril 2023 \u00e0 Montego Bay, en Jama\u00efque.<\/p>\n<p>Dans les prochains jours, les dirigeants de la DIA \u00e9tudieront les indicateurs cl\u00e9s de performance des initiatives strat\u00e9giques mises en place depuis 2020, et passeront en revue les initiatives et programmes \u00e0 venir pour 2023-2025, avec des dizaines d\u2019administrateurs d\u2019union et de f\u00e9d\u00e9rations\/missions le mois prochain.<\/p>\n<p><div id=\"attachment_93405\" style=\"width: 889px\" class=\"wp-caption aligncenter\"><img loading=\"lazy\" decoding=\"async\" aria-describedby=\"caption-attachment-93405\" class=\" wp-image-93404\" src=\"https:\/\/interamerica.org\/wp-content\/uploads\/2023\/01\/hiram-ruiz-dept-leadership.jpg\" alt=\"\" width=\"879\" height=\"550\" srcset=\"https:\/\/interamerica.org\/wp-content\/uploads\/2023\/01\/hiram-ruiz-dept-leadership.jpg 903w, https:\/\/interamerica.org\/wp-content\/uploads\/2023\/01\/hiram-ruiz-dept-leadership-300x188.jpg 300w, https:\/\/interamerica.org\/wp-content\/uploads\/2023\/01\/hiram-ruiz-dept-leadership-768x481.jpg 768w\" sizes=\"(max-width: 879px) 100vw, 879px\" \/><p id=\"caption-attachment-93405\" class=\"wp-caption-text\">Le pasteur Hiram Ruiz, directeur des minist\u00e8res des campus publics de la DIA, propose de collaborer davantage avec le directeur des minist\u00e8res de la jeunesse sur le 5\u00e8me Campor\u00e9e des \u00c9claireurs de l\u2019Inter Am\u00e9rique qui se tiendra \u00e0 Kingston, en Jama\u00efque, du 4 au 8 avril 2023. [Photo : Libna Stevens\/DIA]<\/p><\/div>Pour en savoir plus sur les initiatives, les programmes, les activit\u00e9s et les ressources de la Division Inter Am\u00e9ricaine, visitez-nous sur le site <a href=\"https:\/\/interamerica.org\/\">interamerica.org<\/a><\/p>\n<p>Traduction: Patrick Luciathe<\/p>\n","protected":false},"excerpt":{"rendered":"<p>9 Janvier 2023 | Miami, Floride, \u00c9tats-Unis | Libna Stevens, Actualit\u00e9s de la Division Inter Am\u00e9ricaine Les administrateurs et les responsables de d\u00e9partement de l\u2019\u00c9glise adventiste du septi\u00e8me jour dans&#8230;<\/p>\n","protected":false},"author":3,"featured_media":93414,"comment_status":"closed","ping_status":"closed","sticky":false,"template":"","format":"standard","meta":{"_acf_changed":false,"footnotes":""},"categories":[20,19],"tags":[],"class_list":["post-93473","post","type-post","status-publish","format-standard","has-post-thumbnail","hentry","category-nouvelles-du-siege-de-la-division","category-rss-francais"],"acf":[],"yoast_head":"<!-- This site is optimized with the Yoast SEO plugin v27.3 - https:\/\/yoast.com\/product\/yoast-seo-wordpress\/ -->\n<title>Les dirigeants adventistes examinent et consolident les initiatives pour l\u2019\u00e9vang\u00e9lisation en 2023 - \u00c9glise Adventiste Du Septieme Jour - Inter Am\u00e9rique Division<\/title>\n<meta name=\"robots\" content=\"index, follow, max-snippet:-1, max-image-preview:large, max-video-preview:-1\" \/>\n<link rel=\"canonical\" href=\"https:\/\/interamerica.org\/fr\/2023\/01\/les-dirigeants-adventistes-examinent-et-consolident-les-initiatives-pour-levangelisation-en-2023\/\" \/>\n<meta property=\"og:locale\" content=\"fr_FR\" \/>\n<meta property=\"og:type\" content=\"article\" \/>\n<meta property=\"og:title\" content=\"Les dirigeants adventistes examinent et consolident les initiatives pour l\u2019\u00e9vang\u00e9lisation en 2023 - \u00c9glise Adventiste Du Septieme Jour - Inter Am\u00e9rique Division\" \/>\n<meta property=\"og:description\" content=\"9 Janvier 2023 | Miami, Floride, \u00c9tats-Unis | Libna Stevens, Actualit\u00e9s de la Division Inter Am\u00e9ricaine Les administrateurs et les responsables de d\u00e9partement de l\u2019\u00c9glise adventiste du septi\u00e8me jour dans...\" \/>\n<meta property=\"og:url\" content=\"https:\/\/interamerica.org\/fr\/2023\/01\/les-dirigeants-adventistes-examinent-et-consolident-les-initiatives-pour-levangelisation-en-2023\/\" \/>\n<meta property=\"og:site_name\" content=\"\u00c9glise Adventiste Du Septieme Jour - Inter Am\u00e9rique Division\" \/>\n<meta property=\"article:published_time\" content=\"2023-01-09T20:25:07+00:00\" \/>\n<meta property=\"article:modified_time\" content=\"2023-01-11T14:09:21+00:00\" \/>\n<meta property=\"og:image\" content=\"https:\/\/interamerica.org\/wp-content\/uploads\/2023\/01\/dept-leadership-header.jpg\" \/>\n\t<meta property=\"og:image:width\" content=\"1000\" \/>\n\t<meta property=\"og:image:height\" content=\"666\" \/>\n\t<meta property=\"og:image:type\" content=\"image\/jpeg\" \/>\n<meta name=\"author\" content=\"libna\" \/>\n<meta name=\"twitter:card\" content=\"summary_large_image\" \/>\n<meta name=\"twitter:label1\" content=\"\u00c9crit par\" \/>\n\t<meta name=\"twitter:data1\" content=\"libna\" \/>\n\t<meta name=\"twitter:label2\" content=\"Dur\u00e9e de lecture estim\u00e9e\" \/>\n\t<meta name=\"twitter:data2\" content=\"5 minutes\" \/>\n<script type=\"application\/ld+json\" class=\"yoast-schema-graph\">{\"@context\":\"https:\\\/\\\/schema.org\",\"@graph\":[{\"@type\":\"Article\",\"@id\":\"https:\\\/\\\/interamerica.org\\\/fr\\\/2023\\\/01\\\/les-dirigeants-adventistes-examinent-et-consolident-les-initiatives-pour-levangelisation-en-2023\\\/#article\",\"isPartOf\":{\"@id\":\"https:\\\/\\\/interamerica.org\\\/fr\\\/2023\\\/01\\\/les-dirigeants-adventistes-examinent-et-consolident-les-initiatives-pour-levangelisation-en-2023\\\/\"},\"author\":{\"name\":\"libna\",\"@id\":\"https:\\\/\\\/interamerica.org\\\/fr\\\/#\\\/schema\\\/person\\\/29998f2bc2d8bd0d38662909289b54f1\"},\"headline\":\"Les dirigeants adventistes examinent et consolident les initiatives pour l\u2019\u00e9vang\u00e9lisation en 2023\",\"datePublished\":\"2023-01-09T20:25:07+00:00\",\"dateModified\":\"2023-01-11T14:09:21+00:00\",\"mainEntityOfPage\":{\"@id\":\"https:\\\/\\\/interamerica.org\\\/fr\\\/2023\\\/01\\\/les-dirigeants-adventistes-examinent-et-consolident-les-initiatives-pour-levangelisation-en-2023\\\/\"},\"wordCount\":1045,\"image\":{\"@id\":\"https:\\\/\\\/interamerica.org\\\/fr\\\/2023\\\/01\\\/les-dirigeants-adventistes-examinent-et-consolident-les-initiatives-pour-levangelisation-en-2023\\\/#primaryimage\"},\"thumbnailUrl\":\"https:\\\/\\\/interamerica.org\\\/wp-content\\\/uploads\\\/2023\\\/01\\\/dept-leadership-header.jpg\",\"articleSection\":[\"Nouvelles du si\u00e8ge de la division\",\"RSS Fran\u00e7ais\"],\"inLanguage\":\"fr-FR\"},{\"@type\":\"WebPage\",\"@id\":\"https:\\\/\\\/interamerica.org\\\/fr\\\/2023\\\/01\\\/les-dirigeants-adventistes-examinent-et-consolident-les-initiatives-pour-levangelisation-en-2023\\\/\",\"url\":\"https:\\\/\\\/interamerica.org\\\/fr\\\/2023\\\/01\\\/les-dirigeants-adventistes-examinent-et-consolident-les-initiatives-pour-levangelisation-en-2023\\\/\",\"name\":\"Les dirigeants adventistes examinent et consolident les initiatives pour l\u2019\u00e9vang\u00e9lisation en 2023 - \u00c9glise Adventiste Du Septieme Jour - Inter Am\u00e9rique Division\",\"isPartOf\":{\"@id\":\"https:\\\/\\\/interamerica.org\\\/fr\\\/#website\"},\"primaryImageOfPage\":{\"@id\":\"https:\\\/\\\/interamerica.org\\\/fr\\\/2023\\\/01\\\/les-dirigeants-adventistes-examinent-et-consolident-les-initiatives-pour-levangelisation-en-2023\\\/#primaryimage\"},\"image\":{\"@id\":\"https:\\\/\\\/interamerica.org\\\/fr\\\/2023\\\/01\\\/les-dirigeants-adventistes-examinent-et-consolident-les-initiatives-pour-levangelisation-en-2023\\\/#primaryimage\"},\"thumbnailUrl\":\"https:\\\/\\\/interamerica.org\\\/wp-content\\\/uploads\\\/2023\\\/01\\\/dept-leadership-header.jpg\",\"datePublished\":\"2023-01-09T20:25:07+00:00\",\"dateModified\":\"2023-01-11T14:09:21+00:00\",\"author\":{\"@id\":\"https:\\\/\\\/interamerica.org\\\/fr\\\/#\\\/schema\\\/person\\\/29998f2bc2d8bd0d38662909289b54f1\"},\"breadcrumb\":{\"@id\":\"https:\\\/\\\/interamerica.org\\\/fr\\\/2023\\\/01\\\/les-dirigeants-adventistes-examinent-et-consolident-les-initiatives-pour-levangelisation-en-2023\\\/#breadcrumb\"},\"inLanguage\":\"fr-FR\",\"potentialAction\":[{\"@type\":\"ReadAction\",\"target\":[\"https:\\\/\\\/interamerica.org\\\/fr\\\/2023\\\/01\\\/les-dirigeants-adventistes-examinent-et-consolident-les-initiatives-pour-levangelisation-en-2023\\\/\"]}]},{\"@type\":\"ImageObject\",\"inLanguage\":\"fr-FR\",\"@id\":\"https:\\\/\\\/interamerica.org\\\/fr\\\/2023\\\/01\\\/les-dirigeants-adventistes-examinent-et-consolident-les-initiatives-pour-levangelisation-en-2023\\\/#primaryimage\",\"url\":\"https:\\\/\\\/interamerica.org\\\/wp-content\\\/uploads\\\/2023\\\/01\\\/dept-leadership-header.jpg\",\"contentUrl\":\"https:\\\/\\\/interamerica.org\\\/wp-content\\\/uploads\\\/2023\\\/01\\\/dept-leadership-header.jpg\",\"width\":1000,\"height\":666,\"caption\":\"[Photo: Libna Stevens\\\/IAD]\"},{\"@type\":\"BreadcrumbList\",\"@id\":\"https:\\\/\\\/interamerica.org\\\/fr\\\/2023\\\/01\\\/les-dirigeants-adventistes-examinent-et-consolident-les-initiatives-pour-levangelisation-en-2023\\\/#breadcrumb\",\"itemListElement\":[{\"@type\":\"ListItem\",\"position\":1,\"name\":\"Home\",\"item\":\"https:\\\/\\\/interamerica.org\\\/fr\\\/\"},{\"@type\":\"ListItem\",\"position\":2,\"name\":\"Les dirigeants adventistes examinent et consolident les initiatives pour l\u2019\u00e9vang\u00e9lisation en 2023\"}]},{\"@type\":\"WebSite\",\"@id\":\"https:\\\/\\\/interamerica.org\\\/fr\\\/#website\",\"url\":\"https:\\\/\\\/interamerica.org\\\/fr\\\/\",\"name\":\"\u00c9glise Adventiste Du Septieme Jour - Inter Am\u00e9rique Division\",\"description\":\"\",\"potentialAction\":[{\"@type\":\"SearchAction\",\"target\":{\"@type\":\"EntryPoint\",\"urlTemplate\":\"https:\\\/\\\/interamerica.org\\\/fr\\\/?s={search_term_string}\"},\"query-input\":{\"@type\":\"PropertyValueSpecification\",\"valueRequired\":true,\"valueName\":\"search_term_string\"}}],\"inLanguage\":\"fr-FR\"},{\"@type\":\"Person\",\"@id\":\"https:\\\/\\\/interamerica.org\\\/fr\\\/#\\\/schema\\\/person\\\/29998f2bc2d8bd0d38662909289b54f1\",\"name\":\"libna\",\"image\":{\"@type\":\"ImageObject\",\"inLanguage\":\"fr-FR\",\"@id\":\"https:\\\/\\\/secure.gravatar.com\\\/avatar\\\/7c5bd30ae4b47a9ba3c856590957fd1d96dc588bf3ac05719d247e126840331f?s=96&d=mm&r=g\",\"url\":\"https:\\\/\\\/secure.gravatar.com\\\/avatar\\\/7c5bd30ae4b47a9ba3c856590957fd1d96dc588bf3ac05719d247e126840331f?s=96&d=mm&r=g\",\"contentUrl\":\"https:\\\/\\\/secure.gravatar.com\\\/avatar\\\/7c5bd30ae4b47a9ba3c856590957fd1d96dc588bf3ac05719d247e126840331f?s=96&d=mm&r=g\",\"caption\":\"libna\"}}]}<\/script>\n<!-- \/ Yoast SEO plugin. -->","yoast_head_json":{"title":"Les dirigeants adventistes examinent et consolident les initiatives pour l\u2019\u00e9vang\u00e9lisation en 2023 - \u00c9glise Adventiste Du Septieme Jour - Inter Am\u00e9rique Division","robots":{"index":"index","follow":"follow","max-snippet":"max-snippet:-1","max-image-preview":"max-image-preview:large","max-video-preview":"max-video-preview:-1"},"canonical":"https:\/\/interamerica.org\/fr\/2023\/01\/les-dirigeants-adventistes-examinent-et-consolident-les-initiatives-pour-levangelisation-en-2023\/","og_locale":"fr_FR","og_type":"article","og_title":"Les dirigeants adventistes examinent et consolident les initiatives pour l\u2019\u00e9vang\u00e9lisation en 2023 - \u00c9glise Adventiste Du Septieme Jour - Inter Am\u00e9rique Division","og_description":"9 Janvier 2023 | Miami, Floride, \u00c9tats-Unis | Libna Stevens, Actualit\u00e9s de la Division Inter Am\u00e9ricaine Les administrateurs et les responsables de d\u00e9partement de l\u2019\u00c9glise adventiste du septi\u00e8me jour dans...","og_url":"https:\/\/interamerica.org\/fr\/2023\/01\/les-dirigeants-adventistes-examinent-et-consolident-les-initiatives-pour-levangelisation-en-2023\/","og_site_name":"\u00c9glise Adventiste Du Septieme Jour - Inter Am\u00e9rique Division","article_published_time":"2023-01-09T20:25:07+00:00","article_modified_time":"2023-01-11T14:09:21+00:00","og_image":[{"width":1000,"height":666,"url":"https:\/\/interamerica.org\/wp-content\/uploads\/2023\/01\/dept-leadership-header.jpg","type":"image\/jpeg"}],"author":"libna","twitter_card":"summary_large_image","twitter_misc":{"\u00c9crit par":"libna","Dur\u00e9e de lecture estim\u00e9e":"5 minutes"},"schema":{"@context":"https:\/\/schema.org","@graph":[{"@type":"Article","@id":"https:\/\/interamerica.org\/fr\/2023\/01\/les-dirigeants-adventistes-examinent-et-consolident-les-initiatives-pour-levangelisation-en-2023\/#article","isPartOf":{"@id":"https:\/\/interamerica.org\/fr\/2023\/01\/les-dirigeants-adventistes-examinent-et-consolident-les-initiatives-pour-levangelisation-en-2023\/"},"author":{"name":"libna","@id":"https:\/\/interamerica.org\/fr\/#\/schema\/person\/29998f2bc2d8bd0d38662909289b54f1"},"headline":"Les dirigeants adventistes examinent et consolident les initiatives pour l\u2019\u00e9vang\u00e9lisation en 2023","datePublished":"2023-01-09T20:25:07+00:00","dateModified":"2023-01-11T14:09:21+00:00","mainEntityOfPage":{"@id":"https:\/\/interamerica.org\/fr\/2023\/01\/les-dirigeants-adventistes-examinent-et-consolident-les-initiatives-pour-levangelisation-en-2023\/"},"wordCount":1045,"image":{"@id":"https:\/\/interamerica.org\/fr\/2023\/01\/les-dirigeants-adventistes-examinent-et-consolident-les-initiatives-pour-levangelisation-en-2023\/#primaryimage"},"thumbnailUrl":"https:\/\/interamerica.org\/wp-content\/uploads\/2023\/01\/dept-leadership-header.jpg","articleSection":["Nouvelles du si\u00e8ge de la division","RSS Fran\u00e7ais"],"inLanguage":"fr-FR"},{"@type":"WebPage","@id":"https:\/\/interamerica.org\/fr\/2023\/01\/les-dirigeants-adventistes-examinent-et-consolident-les-initiatives-pour-levangelisation-en-2023\/","url":"https:\/\/interamerica.org\/fr\/2023\/01\/les-dirigeants-adventistes-examinent-et-consolident-les-initiatives-pour-levangelisation-en-2023\/","name":"Les dirigeants adventistes examinent et consolident les initiatives pour l\u2019\u00e9vang\u00e9lisation en 2023 - \u00c9glise Adventiste Du Septieme Jour - Inter Am\u00e9rique Division","isPartOf":{"@id":"https:\/\/interamerica.org\/fr\/#website"},"primaryImageOfPage":{"@id":"https:\/\/interamerica.org\/fr\/2023\/01\/les-dirigeants-adventistes-examinent-et-consolident-les-initiatives-pour-levangelisation-en-2023\/#primaryimage"},"image":{"@id":"https:\/\/interamerica.org\/fr\/2023\/01\/les-dirigeants-adventistes-examinent-et-consolident-les-initiatives-pour-levangelisation-en-2023\/#primaryimage"},"thumbnailUrl":"https:\/\/interamerica.org\/wp-content\/uploads\/2023\/01\/dept-leadership-header.jpg","datePublished":"2023-01-09T20:25:07+00:00","dateModified":"2023-01-11T14:09:21+00:00","author":{"@id":"https:\/\/interamerica.org\/fr\/#\/schema\/person\/29998f2bc2d8bd0d38662909289b54f1"},"breadcrumb":{"@id":"https:\/\/interamerica.org\/fr\/2023\/01\/les-dirigeants-adventistes-examinent-et-consolident-les-initiatives-pour-levangelisation-en-2023\/#breadcrumb"},"inLanguage":"fr-FR","potentialAction":[{"@type":"ReadAction","target":["https:\/\/interamerica.org\/fr\/2023\/01\/les-dirigeants-adventistes-examinent-et-consolident-les-initiatives-pour-levangelisation-en-2023\/"]}]},{"@type":"ImageObject","inLanguage":"fr-FR","@id":"https:\/\/interamerica.org\/fr\/2023\/01\/les-dirigeants-adventistes-examinent-et-consolident-les-initiatives-pour-levangelisation-en-2023\/#primaryimage","url":"https:\/\/interamerica.org\/wp-content\/uploads\/2023\/01\/dept-leadership-header.jpg","contentUrl":"https:\/\/interamerica.org\/wp-content\/uploads\/2023\/01\/dept-leadership-header.jpg","width":1000,"height":666,"caption":"[Photo: Libna Stevens\/IAD]"},{"@type":"BreadcrumbList","@id":"https:\/\/interamerica.org\/fr\/2023\/01\/les-dirigeants-adventistes-examinent-et-consolident-les-initiatives-pour-levangelisation-en-2023\/#breadcrumb","itemListElement":[{"@type":"ListItem","position":1,"name":"Home","item":"https:\/\/interamerica.org\/fr\/"},{"@type":"ListItem","position":2,"name":"Les dirigeants adventistes examinent et consolident les initiatives pour l\u2019\u00e9vang\u00e9lisation en 2023"}]},{"@type":"WebSite","@id":"https:\/\/interamerica.org\/fr\/#website","url":"https:\/\/interamerica.org\/fr\/","name":"\u00c9glise Adventiste Du Septieme Jour - Inter Am\u00e9rique Division","description":"","potentialAction":[{"@type":"SearchAction","target":{"@type":"EntryPoint","urlTemplate":"https:\/\/interamerica.org\/fr\/?s={search_term_string}"},"query-input":{"@type":"PropertyValueSpecification","valueRequired":true,"valueName":"search_term_string"}}],"inLanguage":"fr-FR"},{"@type":"Person","@id":"https:\/\/interamerica.org\/fr\/#\/schema\/person\/29998f2bc2d8bd0d38662909289b54f1","name":"libna","image":{"@type":"ImageObject","inLanguage":"fr-FR","@id":"https:\/\/secure.gravatar.com\/avatar\/7c5bd30ae4b47a9ba3c856590957fd1d96dc588bf3ac05719d247e126840331f?s=96&d=mm&r=g","url":"https:\/\/secure.gravatar.com\/avatar\/7c5bd30ae4b47a9ba3c856590957fd1d96dc588bf3ac05719d247e126840331f?s=96&d=mm&r=g","contentUrl":"https:\/\/secure.gravatar.com\/avatar\/7c5bd30ae4b47a9ba3c856590957fd1d96dc588bf3ac05719d247e126840331f?s=96&d=mm&r=g","caption":"libna"}}]}},"_links":{"self":[{"href":"https:\/\/interamerica.org\/fr\/wp-json\/wp\/v2\/posts\/93473","targetHints":{"allow":["GET"]}}],"collection":[{"href":"https:\/\/interamerica.org\/fr\/wp-json\/wp\/v2\/posts"}],"about":[{"href":"https:\/\/interamerica.org\/fr\/wp-json\/wp\/v2\/types\/post"}],"author":[{"embeddable":true,"href":"https:\/\/interamerica.org\/fr\/wp-json\/wp\/v2\/users\/3"}],"replies":[{"embeddable":true,"href":"https:\/\/interamerica.org\/fr\/wp-json\/wp\/v2\/comments?post=93473"}],"version-history":[{"count":0,"href":"https:\/\/interamerica.org\/fr\/wp-json\/wp\/v2\/posts\/93473\/revisions"}],"wp:featuredmedia":[{"embeddable":true,"href":"https:\/\/interamerica.org\/fr\/wp-json\/wp\/v2\/media\/93414"}],"wp:attachment":[{"href":"https:\/\/interamerica.org\/fr\/wp-json\/wp\/v2\/media?parent=93473"}],"wp:term":[{"taxonomy":"category","embeddable":true,"href":"https:\/\/interamerica.org\/fr\/wp-json\/wp\/v2\/categories?post=93473"},{"taxonomy":"post_tag","embeddable":true,"href":"https:\/\/interamerica.org\/fr\/wp-json\/wp\/v2\/tags?post=93473"}],"curies":[{"name":"wp","href":"https:\/\/api.w.org\/{rel}","templated":true}]}}