{"id":93702,"date":"2023-01-19T14:19:38","date_gmt":"2023-01-19T19:19:38","guid":{"rendered":"https:\/\/interamerica.org\/?p=93702"},"modified":"2023-01-23T20:52:44","modified_gmt":"2023-01-24T01:52:44","slug":"une-universite-adventiste-au-premier-plan-avec-un-programme-de-soins-respiratoires-agree-a-porto-rico","status":"publish","type":"post","link":"https:\/\/interamerica.org\/fr\/2023\/01\/une-universite-adventiste-au-premier-plan-avec-un-programme-de-soins-respiratoires-agree-a-porto-rico\/","title":{"rendered":"Une universit\u00e9 adventiste au premier plan avec un programme de soins respiratoires agr\u00e9\u00e9 \u00e0 Porto Rico"},"content":{"rendered":"<p><em>L\u2019\u00e9tablissement demeure la seule institution accr\u00e9dit\u00e9e par la Commission d\u2019Accr\u00e9ditation des Soins Respiratoires (CoARC) sur l\u2019\u00eele.<\/em><\/p>\n<p>19 Janvier 2023 | Mayag\u00fcez, Porto Rico | Lorell Varela et Actualit\u00e9s de la Division Inter Am\u00e9ricaine<\/p>\n<p>L\u2019Universit\u00e9 Adventiste des Antilles (AAU), une institution de l\u2019\u00c9glise adventiste du septi\u00e8me jour \u00e0 Porto Rico, a r\u00e9cemment obtenu une accr\u00e9ditation de la Commission d\u2019Accr\u00e9ditation des Soins Respiratoires (CoARC) pour son programme de licence en sciences cardiopulmonaires. L\u2019AAU est la seule institution de Porto Rico \u00e0 proposer le programme accr\u00e9dit\u00e9 par le CoARC.<\/p>\n<p>L\u2019\u00e9quipe d\u2019\u00e9valuation de la CoARC a f\u00e9licit\u00e9 AAU pour le programme et son engagement \u00e0 respecter les normes nationales requises pour le programme et pour le fait qu\u2019elle demeure la principale institution \u00e0 avoir une telle accr\u00e9ditation sur l\u2019\u00eele.<\/p>\n<p><div id=\"attachment_93649\" style=\"width: 862px\" class=\"wp-caption aligncenter\"><img fetchpriority=\"high\" decoding=\"async\" aria-describedby=\"caption-attachment-93649\" class=\" wp-image-93648\" src=\"https:\/\/interamerica.org\/wp-content\/uploads\/2023\/01\/aau-respiratory-program-coarc-1000x630-1.jpeg\" alt=\"\" width=\"852\" height=\"537\" srcset=\"https:\/\/interamerica.org\/wp-content\/uploads\/2023\/01\/aau-respiratory-program-coarc-1000x630-1.jpeg 1000w, https:\/\/interamerica.org\/wp-content\/uploads\/2023\/01\/aau-respiratory-program-coarc-1000x630-1-300x189.jpeg 300w, https:\/\/interamerica.org\/wp-content\/uploads\/2023\/01\/aau-respiratory-program-coarc-1000x630-1-768x484.jpeg 768w\" sizes=\"(max-width: 852px) 100vw, 852px\" \/><p id=\"caption-attachment-93649\" class=\"wp-caption-text\">Des \u00e9tudiants inscrits dans le programme de science cardio-pulmonaire \u00e0 l\u2019Universit\u00e9 Adventiste des Antilles \u00e0 Mayag\u00fcez \u00e0 Porto Rico, pratiquent dans le centre de simulation. [Photo : Comunicaciones Antillean]<\/p><\/div>\u00ab Nous avons \u00e9t\u00e9 vraiment ravis de recevoir un rapport aussi positif de l\u2019\u00e9quipe de la Commission d\u2019\u00e9valuation apr\u00e8s sa visite et d\u2019obtenir \u00e0 nouveau l\u2019accr\u00e9ditation pour ce programme, \u00bb a d\u00e9clar\u00e9 Dr Amarilys Irizarry, doyen de la Facult\u00e9 de la Sant\u00e9 et des Sciences de l\u2019AAU.<\/p>\n<p>Parmi les points forts mis en avant dans le rapport de la CoARC figurent : \u00ab la qualit\u00e9 de notre offre \u00e9ducative, notre centre de simulation avanc\u00e9e et ses ressources, l\u2019\u00e9valuation de la formation des \u00e9tudiants sur le campus et l\u2019engagement du doyen et de son \u00e9quipe de professeurs, \u00bb a indiqu\u00e9 Dr Irizarry.<\/p>\n<p>Le programme de sciences cardiopulmonaires de lAAU est en place depuis 32 ans et n\u2019a cess\u00e9 de cro\u00eetre depuis avec une moyenne de 30 \u00e0 40 \u00e9tudiants inscrits dans le programme chaque ann\u00e9e. Actuellement, 15 \u00e9tudiants devraient obtenir en mai leur dipl\u00f4me du programme de quatre ans.<\/p>\n<p><div id=\"attachment_93682\" style=\"width: 864px\" class=\"wp-caption aligncenter\"><img decoding=\"async\" aria-describedby=\"caption-attachment-93682\" class=\" wp-image-93681\" src=\"https:\/\/interamerica.org\/wp-content\/uploads\/2023\/01\/aau-accrediting-visit-1.jpg\" alt=\"\" width=\"854\" height=\"534\" srcset=\"https:\/\/interamerica.org\/wp-content\/uploads\/2023\/01\/aau-accrediting-visit-1.jpg 1000w, https:\/\/interamerica.org\/wp-content\/uploads\/2023\/01\/aau-accrediting-visit-1-300x188.jpg 300w, https:\/\/interamerica.org\/wp-content\/uploads\/2023\/01\/aau-accrediting-visit-1-768x480.jpg 768w\" sizes=\"(max-width: 854px) 100vw, 854px\" \/><p id=\"caption-attachment-93682\" class=\"wp-caption-text\">Une partie de l\u2019\u00e9quipe d\u2019\u00e9valuation de la Commission d\u2019Accr\u00e9ditation des Soins Respiratoires (CoARC) pose pour une photo de groupe avec les dirigeants de l\u2019Universit\u00e9 Adventiste des Antilles sur le campus en novembre 2022. [Photo : Comunicaciones Antillean]<\/p><\/div>Le programme est \u00e9galement reconnu par le Comit\u00e9 National des Soins Respiratoires (NBRC) et les dipl\u00f4m\u00e9s sont \u00e9ligibles pour passer des examens de dipl\u00f4mes nationaux pour devenir Th\u00e9rapeute Respiratoire agr\u00e9\u00e9 et Th\u00e9rapeute Respiratoire dipl\u00f4m\u00e9 d\u2019\u00e9tat, ainsi que des dipl\u00f4mes sp\u00e9cialis\u00e9s dans le domaine des soins n\u00e9onatals, des soins intensifs et de la fonction pulmonaire, a expliqu\u00e9 Dr Irizarry. Les dipl\u00f4m\u00e9s peuvent \u00e9galement obtenir une certification en tant qu\u2019\u00e9ducateurs dans le domaine de l\u2019asthme apr\u00e8s avoir termin\u00e9 les quatre ans pour l\u2019obtention du dipl\u00f4me en cardio-pneumologie.<\/p>\n<p>\u00ab Nous sommes reconnaissants du fait que les \u00e9tudiants qui terminent ce programme \u00e0 l\u2019Universit\u00e9 Adventiste des Antilles soient consid\u00e9r\u00e9s comme des professionnels de sant\u00e9 de niveau avanc\u00e9, ce qui \u00e9largit les opportunit\u00e9s professionnelles dans les institutions de haut calibre \u00e0 Porto Rico ainsi qu\u2019aux \u00c9tats-Unis, \u00bb a dit Dr Irizarry.<\/p>\n<p>Pour en savoir plus sur l\u2019Universit\u00e9 Adventiste des Antilles et ses programmes, visitez le site <a href=\"https:\/\/www.uaa.edu\/\">uaa.edu<\/a><\/p>\n<p>Traduction: Patrick Luciathe<\/p>\n","protected":false},"excerpt":{"rendered":"<p>L\u2019\u00e9tablissement demeure la seule institution accr\u00e9dit\u00e9e par la Commission d\u2019Accr\u00e9ditation des Soins Respiratoires (CoARC) sur l\u2019\u00eele. 19 Janvier 2023 | Mayag\u00fcez, Porto Rico | Lorell Varela et Actualit\u00e9s de la&#8230;<\/p>\n","protected":false},"author":3,"featured_media":93649,"comment_status":"closed","ping_status":"closed","sticky":false,"template":"","format":"standard","meta":{"_acf_changed":false,"footnotes":""},"categories":[21,19],"tags":[],"class_list":["post-93702","post","type-post","status-publish","format-standard","has-post-thumbnail","hentry","category-nouvelles-du-territoire","category-rss-francais"],"acf":[],"yoast_head":"<!-- This site is optimized with the Yoast SEO plugin v27.3 - https:\/\/yoast.com\/product\/yoast-seo-wordpress\/ -->\n<title>Une universit\u00e9 adventiste au premier plan avec un programme de soins respiratoires agr\u00e9\u00e9 \u00e0 Porto Rico - \u00c9glise Adventiste Du Septieme Jour - Inter Am\u00e9rique Division<\/title>\n<meta name=\"robots\" content=\"index, follow, max-snippet:-1, max-image-preview:large, max-video-preview:-1\" \/>\n<link rel=\"canonical\" href=\"https:\/\/interamerica.org\/fr\/2023\/01\/une-universite-adventiste-au-premier-plan-avec-un-programme-de-soins-respiratoires-agree-a-porto-rico\/\" \/>\n<meta property=\"og:locale\" content=\"fr_FR\" \/>\n<meta property=\"og:type\" content=\"article\" \/>\n<meta property=\"og:title\" content=\"Une universit\u00e9 adventiste au premier plan avec un programme de soins respiratoires agr\u00e9\u00e9 \u00e0 Porto Rico - \u00c9glise Adventiste Du Septieme Jour - Inter Am\u00e9rique Division\" \/>\n<meta property=\"og:description\" content=\"L\u2019\u00e9tablissement demeure la seule institution accr\u00e9dit\u00e9e par la Commission d\u2019Accr\u00e9ditation des Soins Respiratoires (CoARC) sur l\u2019\u00eele. 19 Janvier 2023 | Mayag\u00fcez, Porto Rico | Lorell Varela et Actualit\u00e9s de la...\" \/>\n<meta property=\"og:url\" content=\"https:\/\/interamerica.org\/fr\/2023\/01\/une-universite-adventiste-au-premier-plan-avec-un-programme-de-soins-respiratoires-agree-a-porto-rico\/\" \/>\n<meta property=\"og:site_name\" content=\"\u00c9glise Adventiste Du Septieme Jour - Inter Am\u00e9rique Division\" \/>\n<meta property=\"article:published_time\" content=\"2023-01-19T19:19:38+00:00\" \/>\n<meta property=\"article:modified_time\" content=\"2023-01-24T01:52:44+00:00\" \/>\n<meta property=\"og:image\" content=\"https:\/\/interamerica.org\/wp-content\/uploads\/2023\/01\/aau-respiratory-program-coarc-1000x630-1.jpeg\" \/>\n\t<meta property=\"og:image:width\" content=\"1000\" \/>\n\t<meta property=\"og:image:height\" content=\"630\" \/>\n\t<meta property=\"og:image:type\" content=\"image\/jpeg\" \/>\n<meta name=\"author\" content=\"libna\" \/>\n<meta name=\"twitter:card\" content=\"summary_large_image\" \/>\n<meta name=\"twitter:label1\" content=\"\u00c9crit par\" \/>\n\t<meta name=\"twitter:data1\" content=\"libna\" \/>\n\t<meta name=\"twitter:label2\" content=\"Dur\u00e9e de lecture estim\u00e9e\" \/>\n\t<meta name=\"twitter:data2\" content=\"3 minutes\" \/>\n<script type=\"application\/ld+json\" class=\"yoast-schema-graph\">{\"@context\":\"https:\\\/\\\/schema.org\",\"@graph\":[{\"@type\":\"Article\",\"@id\":\"https:\\\/\\\/interamerica.org\\\/fr\\\/2023\\\/01\\\/une-universite-adventiste-au-premier-plan-avec-un-programme-de-soins-respiratoires-agree-a-porto-rico\\\/#article\",\"isPartOf\":{\"@id\":\"https:\\\/\\\/interamerica.org\\\/fr\\\/2023\\\/01\\\/une-universite-adventiste-au-premier-plan-avec-un-programme-de-soins-respiratoires-agree-a-porto-rico\\\/\"},\"author\":{\"name\":\"libna\",\"@id\":\"https:\\\/\\\/interamerica.org\\\/fr\\\/#\\\/schema\\\/person\\\/29998f2bc2d8bd0d38662909289b54f1\"},\"headline\":\"Une universit\u00e9 adventiste au premier plan avec un programme de soins respiratoires agr\u00e9\u00e9 \u00e0 Porto Rico\",\"datePublished\":\"2023-01-19T19:19:38+00:00\",\"dateModified\":\"2023-01-24T01:52:44+00:00\",\"mainEntityOfPage\":{\"@id\":\"https:\\\/\\\/interamerica.org\\\/fr\\\/2023\\\/01\\\/une-universite-adventiste-au-premier-plan-avec-un-programme-de-soins-respiratoires-agree-a-porto-rico\\\/\"},\"wordCount\":565,\"image\":{\"@id\":\"https:\\\/\\\/interamerica.org\\\/fr\\\/2023\\\/01\\\/une-universite-adventiste-au-premier-plan-avec-un-programme-de-soins-respiratoires-agree-a-porto-rico\\\/#primaryimage\"},\"thumbnailUrl\":\"https:\\\/\\\/interamerica.org\\\/wp-content\\\/uploads\\\/2023\\\/01\\\/aau-respiratory-program-coarc-1000x630-1.jpeg\",\"articleSection\":[\"Nouvelles du territoire\",\"RSS Fran\u00e7ais\"],\"inLanguage\":\"fr-FR\"},{\"@type\":\"WebPage\",\"@id\":\"https:\\\/\\\/interamerica.org\\\/fr\\\/2023\\\/01\\\/une-universite-adventiste-au-premier-plan-avec-un-programme-de-soins-respiratoires-agree-a-porto-rico\\\/\",\"url\":\"https:\\\/\\\/interamerica.org\\\/fr\\\/2023\\\/01\\\/une-universite-adventiste-au-premier-plan-avec-un-programme-de-soins-respiratoires-agree-a-porto-rico\\\/\",\"name\":\"Une universit\u00e9 adventiste au premier plan avec un programme de soins respiratoires agr\u00e9\u00e9 \u00e0 Porto Rico - \u00c9glise Adventiste Du Septieme Jour - Inter Am\u00e9rique Division\",\"isPartOf\":{\"@id\":\"https:\\\/\\\/interamerica.org\\\/fr\\\/#website\"},\"primaryImageOfPage\":{\"@id\":\"https:\\\/\\\/interamerica.org\\\/fr\\\/2023\\\/01\\\/une-universite-adventiste-au-premier-plan-avec-un-programme-de-soins-respiratoires-agree-a-porto-rico\\\/#primaryimage\"},\"image\":{\"@id\":\"https:\\\/\\\/interamerica.org\\\/fr\\\/2023\\\/01\\\/une-universite-adventiste-au-premier-plan-avec-un-programme-de-soins-respiratoires-agree-a-porto-rico\\\/#primaryimage\"},\"thumbnailUrl\":\"https:\\\/\\\/interamerica.org\\\/wp-content\\\/uploads\\\/2023\\\/01\\\/aau-respiratory-program-coarc-1000x630-1.jpeg\",\"datePublished\":\"2023-01-19T19:19:38+00:00\",\"dateModified\":\"2023-01-24T01:52:44+00:00\",\"author\":{\"@id\":\"https:\\\/\\\/interamerica.org\\\/fr\\\/#\\\/schema\\\/person\\\/29998f2bc2d8bd0d38662909289b54f1\"},\"breadcrumb\":{\"@id\":\"https:\\\/\\\/interamerica.org\\\/fr\\\/2023\\\/01\\\/une-universite-adventiste-au-premier-plan-avec-un-programme-de-soins-respiratoires-agree-a-porto-rico\\\/#breadcrumb\"},\"inLanguage\":\"fr-FR\",\"potentialAction\":[{\"@type\":\"ReadAction\",\"target\":[\"https:\\\/\\\/interamerica.org\\\/fr\\\/2023\\\/01\\\/une-universite-adventiste-au-premier-plan-avec-un-programme-de-soins-respiratoires-agree-a-porto-rico\\\/\"]}]},{\"@type\":\"ImageObject\",\"inLanguage\":\"fr-FR\",\"@id\":\"https:\\\/\\\/interamerica.org\\\/fr\\\/2023\\\/01\\\/une-universite-adventiste-au-premier-plan-avec-un-programme-de-soins-respiratoires-agree-a-porto-rico\\\/#primaryimage\",\"url\":\"https:\\\/\\\/interamerica.org\\\/wp-content\\\/uploads\\\/2023\\\/01\\\/aau-respiratory-program-coarc-1000x630-1.jpeg\",\"contentUrl\":\"https:\\\/\\\/interamerica.org\\\/wp-content\\\/uploads\\\/2023\\\/01\\\/aau-respiratory-program-coarc-1000x630-1.jpeg\",\"width\":1000,\"height\":630,\"caption\":\"[Photo: Antillean Communication]\"},{\"@type\":\"BreadcrumbList\",\"@id\":\"https:\\\/\\\/interamerica.org\\\/fr\\\/2023\\\/01\\\/une-universite-adventiste-au-premier-plan-avec-un-programme-de-soins-respiratoires-agree-a-porto-rico\\\/#breadcrumb\",\"itemListElement\":[{\"@type\":\"ListItem\",\"position\":1,\"name\":\"Home\",\"item\":\"https:\\\/\\\/interamerica.org\\\/fr\\\/\"},{\"@type\":\"ListItem\",\"position\":2,\"name\":\"Une universit\u00e9 adventiste au premier plan avec un programme de soins respiratoires agr\u00e9\u00e9 \u00e0 Porto Rico\"}]},{\"@type\":\"WebSite\",\"@id\":\"https:\\\/\\\/interamerica.org\\\/fr\\\/#website\",\"url\":\"https:\\\/\\\/interamerica.org\\\/fr\\\/\",\"name\":\"\u00c9glise Adventiste Du Septieme Jour - Inter Am\u00e9rique Division\",\"description\":\"\",\"potentialAction\":[{\"@type\":\"SearchAction\",\"target\":{\"@type\":\"EntryPoint\",\"urlTemplate\":\"https:\\\/\\\/interamerica.org\\\/fr\\\/?s={search_term_string}\"},\"query-input\":{\"@type\":\"PropertyValueSpecification\",\"valueRequired\":true,\"valueName\":\"search_term_string\"}}],\"inLanguage\":\"fr-FR\"},{\"@type\":\"Person\",\"@id\":\"https:\\\/\\\/interamerica.org\\\/fr\\\/#\\\/schema\\\/person\\\/29998f2bc2d8bd0d38662909289b54f1\",\"name\":\"libna\",\"image\":{\"@type\":\"ImageObject\",\"inLanguage\":\"fr-FR\",\"@id\":\"https:\\\/\\\/secure.gravatar.com\\\/avatar\\\/7c5bd30ae4b47a9ba3c856590957fd1d96dc588bf3ac05719d247e126840331f?s=96&d=mm&r=g\",\"url\":\"https:\\\/\\\/secure.gravatar.com\\\/avatar\\\/7c5bd30ae4b47a9ba3c856590957fd1d96dc588bf3ac05719d247e126840331f?s=96&d=mm&r=g\",\"contentUrl\":\"https:\\\/\\\/secure.gravatar.com\\\/avatar\\\/7c5bd30ae4b47a9ba3c856590957fd1d96dc588bf3ac05719d247e126840331f?s=96&d=mm&r=g\",\"caption\":\"libna\"}}]}<\/script>\n<!-- \/ Yoast SEO plugin. -->","yoast_head_json":{"title":"Une universit\u00e9 adventiste au premier plan avec un programme de soins respiratoires agr\u00e9\u00e9 \u00e0 Porto Rico - \u00c9glise Adventiste Du Septieme Jour - Inter Am\u00e9rique Division","robots":{"index":"index","follow":"follow","max-snippet":"max-snippet:-1","max-image-preview":"max-image-preview:large","max-video-preview":"max-video-preview:-1"},"canonical":"https:\/\/interamerica.org\/fr\/2023\/01\/une-universite-adventiste-au-premier-plan-avec-un-programme-de-soins-respiratoires-agree-a-porto-rico\/","og_locale":"fr_FR","og_type":"article","og_title":"Une universit\u00e9 adventiste au premier plan avec un programme de soins respiratoires agr\u00e9\u00e9 \u00e0 Porto Rico - \u00c9glise Adventiste Du Septieme Jour - Inter Am\u00e9rique Division","og_description":"L\u2019\u00e9tablissement demeure la seule institution accr\u00e9dit\u00e9e par la Commission d\u2019Accr\u00e9ditation des Soins Respiratoires (CoARC) sur l\u2019\u00eele. 19 Janvier 2023 | Mayag\u00fcez, Porto Rico | Lorell Varela et Actualit\u00e9s de la...","og_url":"https:\/\/interamerica.org\/fr\/2023\/01\/une-universite-adventiste-au-premier-plan-avec-un-programme-de-soins-respiratoires-agree-a-porto-rico\/","og_site_name":"\u00c9glise Adventiste Du Septieme Jour - Inter Am\u00e9rique Division","article_published_time":"2023-01-19T19:19:38+00:00","article_modified_time":"2023-01-24T01:52:44+00:00","og_image":[{"width":1000,"height":630,"url":"https:\/\/interamerica.org\/wp-content\/uploads\/2023\/01\/aau-respiratory-program-coarc-1000x630-1.jpeg","type":"image\/jpeg"}],"author":"libna","twitter_card":"summary_large_image","twitter_misc":{"\u00c9crit par":"libna","Dur\u00e9e de lecture estim\u00e9e":"3 minutes"},"schema":{"@context":"https:\/\/schema.org","@graph":[{"@type":"Article","@id":"https:\/\/interamerica.org\/fr\/2023\/01\/une-universite-adventiste-au-premier-plan-avec-un-programme-de-soins-respiratoires-agree-a-porto-rico\/#article","isPartOf":{"@id":"https:\/\/interamerica.org\/fr\/2023\/01\/une-universite-adventiste-au-premier-plan-avec-un-programme-de-soins-respiratoires-agree-a-porto-rico\/"},"author":{"name":"libna","@id":"https:\/\/interamerica.org\/fr\/#\/schema\/person\/29998f2bc2d8bd0d38662909289b54f1"},"headline":"Une universit\u00e9 adventiste au premier plan avec un programme de soins respiratoires agr\u00e9\u00e9 \u00e0 Porto Rico","datePublished":"2023-01-19T19:19:38+00:00","dateModified":"2023-01-24T01:52:44+00:00","mainEntityOfPage":{"@id":"https:\/\/interamerica.org\/fr\/2023\/01\/une-universite-adventiste-au-premier-plan-avec-un-programme-de-soins-respiratoires-agree-a-porto-rico\/"},"wordCount":565,"image":{"@id":"https:\/\/interamerica.org\/fr\/2023\/01\/une-universite-adventiste-au-premier-plan-avec-un-programme-de-soins-respiratoires-agree-a-porto-rico\/#primaryimage"},"thumbnailUrl":"https:\/\/interamerica.org\/wp-content\/uploads\/2023\/01\/aau-respiratory-program-coarc-1000x630-1.jpeg","articleSection":["Nouvelles du territoire","RSS Fran\u00e7ais"],"inLanguage":"fr-FR"},{"@type":"WebPage","@id":"https:\/\/interamerica.org\/fr\/2023\/01\/une-universite-adventiste-au-premier-plan-avec-un-programme-de-soins-respiratoires-agree-a-porto-rico\/","url":"https:\/\/interamerica.org\/fr\/2023\/01\/une-universite-adventiste-au-premier-plan-avec-un-programme-de-soins-respiratoires-agree-a-porto-rico\/","name":"Une universit\u00e9 adventiste au premier plan avec un programme de soins respiratoires agr\u00e9\u00e9 \u00e0 Porto Rico - \u00c9glise Adventiste Du Septieme Jour - Inter Am\u00e9rique Division","isPartOf":{"@id":"https:\/\/interamerica.org\/fr\/#website"},"primaryImageOfPage":{"@id":"https:\/\/interamerica.org\/fr\/2023\/01\/une-universite-adventiste-au-premier-plan-avec-un-programme-de-soins-respiratoires-agree-a-porto-rico\/#primaryimage"},"image":{"@id":"https:\/\/interamerica.org\/fr\/2023\/01\/une-universite-adventiste-au-premier-plan-avec-un-programme-de-soins-respiratoires-agree-a-porto-rico\/#primaryimage"},"thumbnailUrl":"https:\/\/interamerica.org\/wp-content\/uploads\/2023\/01\/aau-respiratory-program-coarc-1000x630-1.jpeg","datePublished":"2023-01-19T19:19:38+00:00","dateModified":"2023-01-24T01:52:44+00:00","author":{"@id":"https:\/\/interamerica.org\/fr\/#\/schema\/person\/29998f2bc2d8bd0d38662909289b54f1"},"breadcrumb":{"@id":"https:\/\/interamerica.org\/fr\/2023\/01\/une-universite-adventiste-au-premier-plan-avec-un-programme-de-soins-respiratoires-agree-a-porto-rico\/#breadcrumb"},"inLanguage":"fr-FR","potentialAction":[{"@type":"ReadAction","target":["https:\/\/interamerica.org\/fr\/2023\/01\/une-universite-adventiste-au-premier-plan-avec-un-programme-de-soins-respiratoires-agree-a-porto-rico\/"]}]},{"@type":"ImageObject","inLanguage":"fr-FR","@id":"https:\/\/interamerica.org\/fr\/2023\/01\/une-universite-adventiste-au-premier-plan-avec-un-programme-de-soins-respiratoires-agree-a-porto-rico\/#primaryimage","url":"https:\/\/interamerica.org\/wp-content\/uploads\/2023\/01\/aau-respiratory-program-coarc-1000x630-1.jpeg","contentUrl":"https:\/\/interamerica.org\/wp-content\/uploads\/2023\/01\/aau-respiratory-program-coarc-1000x630-1.jpeg","width":1000,"height":630,"caption":"[Photo: Antillean Communication]"},{"@type":"BreadcrumbList","@id":"https:\/\/interamerica.org\/fr\/2023\/01\/une-universite-adventiste-au-premier-plan-avec-un-programme-de-soins-respiratoires-agree-a-porto-rico\/#breadcrumb","itemListElement":[{"@type":"ListItem","position":1,"name":"Home","item":"https:\/\/interamerica.org\/fr\/"},{"@type":"ListItem","position":2,"name":"Une universit\u00e9 adventiste au premier plan avec un programme de soins respiratoires agr\u00e9\u00e9 \u00e0 Porto Rico"}]},{"@type":"WebSite","@id":"https:\/\/interamerica.org\/fr\/#website","url":"https:\/\/interamerica.org\/fr\/","name":"\u00c9glise Adventiste Du Septieme Jour - Inter Am\u00e9rique Division","description":"","potentialAction":[{"@type":"SearchAction","target":{"@type":"EntryPoint","urlTemplate":"https:\/\/interamerica.org\/fr\/?s={search_term_string}"},"query-input":{"@type":"PropertyValueSpecification","valueRequired":true,"valueName":"search_term_string"}}],"inLanguage":"fr-FR"},{"@type":"Person","@id":"https:\/\/interamerica.org\/fr\/#\/schema\/person\/29998f2bc2d8bd0d38662909289b54f1","name":"libna","image":{"@type":"ImageObject","inLanguage":"fr-FR","@id":"https:\/\/secure.gravatar.com\/avatar\/7c5bd30ae4b47a9ba3c856590957fd1d96dc588bf3ac05719d247e126840331f?s=96&d=mm&r=g","url":"https:\/\/secure.gravatar.com\/avatar\/7c5bd30ae4b47a9ba3c856590957fd1d96dc588bf3ac05719d247e126840331f?s=96&d=mm&r=g","contentUrl":"https:\/\/secure.gravatar.com\/avatar\/7c5bd30ae4b47a9ba3c856590957fd1d96dc588bf3ac05719d247e126840331f?s=96&d=mm&r=g","caption":"libna"}}]}},"_links":{"self":[{"href":"https:\/\/interamerica.org\/fr\/wp-json\/wp\/v2\/posts\/93702","targetHints":{"allow":["GET"]}}],"collection":[{"href":"https:\/\/interamerica.org\/fr\/wp-json\/wp\/v2\/posts"}],"about":[{"href":"https:\/\/interamerica.org\/fr\/wp-json\/wp\/v2\/types\/post"}],"author":[{"embeddable":true,"href":"https:\/\/interamerica.org\/fr\/wp-json\/wp\/v2\/users\/3"}],"replies":[{"embeddable":true,"href":"https:\/\/interamerica.org\/fr\/wp-json\/wp\/v2\/comments?post=93702"}],"version-history":[{"count":0,"href":"https:\/\/interamerica.org\/fr\/wp-json\/wp\/v2\/posts\/93702\/revisions"}],"wp:featuredmedia":[{"embeddable":true,"href":"https:\/\/interamerica.org\/fr\/wp-json\/wp\/v2\/media\/93649"}],"wp:attachment":[{"href":"https:\/\/interamerica.org\/fr\/wp-json\/wp\/v2\/media?parent=93702"}],"wp:term":[{"taxonomy":"category","embeddable":true,"href":"https:\/\/interamerica.org\/fr\/wp-json\/wp\/v2\/categories?post=93702"},{"taxonomy":"post_tag","embeddable":true,"href":"https:\/\/interamerica.org\/fr\/wp-json\/wp\/v2\/tags?post=93702"}],"curies":[{"name":"wp","href":"https:\/\/api.w.org\/{rel}","templated":true}]}}