{"id":95037,"date":"2023-02-23T22:33:39","date_gmt":"2023-02-24T03:33:39","guid":{"rendered":"https:\/\/interamerica.org\/?p=95037"},"modified":"2023-02-24T09:48:03","modified_gmt":"2023-02-24T14:48:03","slug":"en-thailande-les-adventistes-se-preparent-pour-une-campagne-devangelisation-nationale","status":"publish","type":"post","link":"https:\/\/interamerica.org\/fr\/2023\/02\/en-thailande-les-adventistes-se-preparent-pour-une-campagne-devangelisation-nationale\/","title":{"rendered":"En Tha\u00eflande, les adventistes se pr\u00e9parent pour une campagne d\u2019\u00e9vang\u00e9lisation nationale"},"content":{"rendered":"<h4>Les r\u00e9unions du soir auront lieu sur plus de 30 sites \u00e0 travers le pays.<\/h4>\n<p>23 F\u00e9vrier 2023 | Tha\u00eflande | Edward Rodriguez, Division Asie-Pacifique Sud<\/p>\n<p>Alors que le monde continue de se d\u00e9velopper, sa population augmente \u00e9galement, atteignant un jalon historique de huit milliards d\u2019habitants en novembre 2022. C\u2019est quelque chose qui repr\u00e9sente un d\u00e9fi pour l\u2019\u00c9glise adventiste mondiale qui a pour objectif d\u2019atteindre le monde et de proclamer le retour imminent de J\u00e9sus.<\/p>\n<p>Reconnaissant ce d\u00e9fi, l\u2019\u00c9glise adventiste du septi\u00e8me jour en Tha\u00eflande lance une campagne d\u2019\u00e9vang\u00e9lisation dans tout le pays afin d\u2019offrir l\u2019esp\u00e9rance et la gu\u00e9rison dans une r\u00e9gion ayant une grande diversit\u00e9 culturelle, ont d\u00e9clar\u00e9 les dirigeants. \u00c0 partir du 1er mars 2023, la s\u00e9rie \u00ab Christ pour la Tha\u00eflande \u00bb r\u00e9unira des auditoires petits et grands dans des auditoriums, des \u00e9glises et des petits groupes. Les r\u00e9unions quotidiennes auront lieu sur plus de 30 sites \u00e0 travers le pays et s\u2019ach\u00e8veront le 11 mars.<\/p>\n<p>\u00ab Il y a 38 sites organis\u00e9s pour la campagne d\u2019\u00e9vang\u00e9lisation du mois de mars dans toute la Tha\u00eflande, \u00bb a d\u00e9clar\u00e9 le secr\u00e9taire ex\u00e9cutif de la Mission de la Tha\u00eflande, Cris Tawmanggood. \u00ab Il y a trois sites \u00e0 Bangkok et d\u2019autres sites dans la r\u00e9gion centrale, \u00bb a-t-il indiqu\u00e9.<\/p>\n<p>Le projet est une initiative qui le fruit d\u2019une coop\u00e9ration entre la Division Asie-Pacifique Sud (SSD), l\u2019Union Mission de l\u2019Asie du Sud-Est et la Mission de la Tha\u00eflande. Arnel Gabin, qui est vice-pr\u00e9sident de la SSD et coordinateur d\u2019IEL, a indiqu\u00e9 les pr\u00e9paratifs que font les membres d\u2019\u00e9glise et les dirigeants pour la campagne, qui, a-t-il dit, cherche \u00e0 atteindre les gens, et en particulier les familles, dans toute la Tha\u00eflande.<\/p>\n<p>\u00ab C\u2019est un grand d\u00e9fi, mais nous le rel\u00e8verons ensemble, et nous croyons que le Seigneur nous guidera dans la pr\u00e9dication de l\u2019\u00e9vangile d\u2019esp\u00e9rance dans cette r\u00e9gion unique, \u00bb a-t-il d\u00e9clar\u00e9.<\/p>\n<p>La Tha\u00eflande est un pays d\u2019environ 70 millions d\u2019habitants. Les membres baptis\u00e9s de l\u2019\u00c9glise adventiste du septi\u00e8me jour ne sont que 15000 au total. Malgr\u00e9 les difficult\u00e9s, l\u2019\u00c9glise adventiste en Tha\u00eflande demeure tenace dans ses efforts visant \u00e0 progressivement proclamer l\u2019\u00e9vangile, ont d\u00e9clar\u00e9 les dirigeants.<\/p>\n<p>\u00ab C\u2019est une premi\u00e8re pour la Tha\u00eflande. Proclamer l\u2019\u00e9vangile dans cette r\u00e9gion est un grand pas, \u00bb a d\u00e9clar\u00e9 Niratisai Aipan, pr\u00e9sident de la Mission de la Tha\u00eflande. \u00ab Les difficult\u00e9s sont \u00e9normes, mais notre Dieu est bien plus grand que n\u2019importe quelle difficult\u00e9 que ce monde peut placer sur notre chemin. \u00bb<\/p>\n<p>Niratisai Aipan a expliqu\u00e9 le th\u00e8me choisi. \u00ab Dans les diff\u00e9rents lieux de rencontre, les messages tourneront autour de la recherche d\u2019esp\u00e9rance dans une g\u00e9n\u00e9ration en proie \u00e0 des probl\u00e8mes et \u00e0 des d\u00e9fis, \u00bb a-t-il d\u00e9clar\u00e9.<\/p>\n<p>Des centaines de personnes devraient assister \u00e0 la campagne, qui impliquera des dirigeants d\u2019\u00e9glise, des la\u00efcs et des membres d\u2019\u00e9glise &#8211; hommes et femmes, jeunes et vieux \u2013 qui travailleront ensemble pour toucher plus de personnes que jamais auparavant.<\/p>\n<p>La version originale de cet article a \u00e9t\u00e9 publi\u00e9e sur le site d\u2019informations de la Division Asie-Pacifique Sud.<\/p>\n<p>Traduction: Patrick Luciathe<\/p>\n","protected":false},"excerpt":{"rendered":"<p>Les r\u00e9unions du soir auront lieu sur plus de 30 sites \u00e0 travers le pays. 23 F\u00e9vrier 2023 | Tha\u00eflande | Edward Rodriguez, Division Asie-Pacifique Sud Alors que le monde&#8230;<\/p>\n","protected":false},"author":3,"featured_media":95034,"comment_status":"closed","ping_status":"closed","sticky":false,"template":"","format":"standard","meta":{"_acf_changed":false,"footnotes":""},"categories":[18,19],"tags":[],"class_list":["post-95037","post","type-post","status-publish","format-standard","has-post-thumbnail","hentry","category-nouvelles-de-leglise-mondiale","category-rss-francais"],"acf":[],"yoast_head":"<!-- This site is optimized with the Yoast SEO plugin v27.3 - https:\/\/yoast.com\/product\/yoast-seo-wordpress\/ -->\n<title>En Tha\u00eflande, les adventistes se pr\u00e9parent pour une campagne d\u2019\u00e9vang\u00e9lisation nationale - \u00c9glise Adventiste Du Septieme Jour - Inter Am\u00e9rique Division<\/title>\n<meta name=\"robots\" content=\"index, follow, max-snippet:-1, max-image-preview:large, max-video-preview:-1\" \/>\n<link rel=\"canonical\" href=\"https:\/\/interamerica.org\/fr\/2023\/02\/en-thailande-les-adventistes-se-preparent-pour-une-campagne-devangelisation-nationale\/\" \/>\n<meta property=\"og:locale\" content=\"fr_FR\" \/>\n<meta property=\"og:type\" content=\"article\" \/>\n<meta property=\"og:title\" content=\"En Tha\u00eflande, les adventistes se pr\u00e9parent pour une campagne d\u2019\u00e9vang\u00e9lisation nationale - \u00c9glise Adventiste Du Septieme Jour - Inter Am\u00e9rique Division\" \/>\n<meta property=\"og:description\" content=\"Les r\u00e9unions du soir auront lieu sur plus de 30 sites \u00e0 travers le pays. 23 F\u00e9vrier 2023 | Tha\u00eflande | Edward Rodriguez, Division Asie-Pacifique Sud Alors que le monde...\" \/>\n<meta property=\"og:url\" content=\"https:\/\/interamerica.org\/fr\/2023\/02\/en-thailande-les-adventistes-se-preparent-pour-une-campagne-devangelisation-nationale\/\" \/>\n<meta property=\"og:site_name\" content=\"\u00c9glise Adventiste Du Septieme Jour - Inter Am\u00e9rique Division\" \/>\n<meta property=\"article:published_time\" content=\"2023-02-24T03:33:39+00:00\" \/>\n<meta property=\"article:modified_time\" content=\"2023-02-24T14:48:03+00:00\" \/>\n<meta property=\"og:image\" content=\"https:\/\/interamerica.org\/wp-content\/uploads\/2023\/02\/thailand-evan-krause-8asaeuphg-o-unsplash.jpg\" \/>\n\t<meta property=\"og:image:width\" content=\"1280\" \/>\n\t<meta property=\"og:image:height\" content=\"800\" \/>\n\t<meta property=\"og:image:type\" content=\"image\/jpeg\" \/>\n<meta name=\"author\" content=\"libna\" \/>\n<meta name=\"twitter:card\" content=\"summary_large_image\" \/>\n<meta name=\"twitter:label1\" content=\"\u00c9crit par\" \/>\n\t<meta name=\"twitter:data1\" content=\"libna\" \/>\n\t<meta name=\"twitter:label2\" content=\"Dur\u00e9e de lecture estim\u00e9e\" \/>\n\t<meta name=\"twitter:data2\" content=\"3 minutes\" \/>\n<script type=\"application\/ld+json\" class=\"yoast-schema-graph\">{\"@context\":\"https:\\\/\\\/schema.org\",\"@graph\":[{\"@type\":\"Article\",\"@id\":\"https:\\\/\\\/interamerica.org\\\/fr\\\/2023\\\/02\\\/en-thailande-les-adventistes-se-preparent-pour-une-campagne-devangelisation-nationale\\\/#article\",\"isPartOf\":{\"@id\":\"https:\\\/\\\/interamerica.org\\\/fr\\\/2023\\\/02\\\/en-thailande-les-adventistes-se-preparent-pour-une-campagne-devangelisation-nationale\\\/\"},\"author\":{\"name\":\"libna\",\"@id\":\"https:\\\/\\\/interamerica.org\\\/fr\\\/#\\\/schema\\\/person\\\/29998f2bc2d8bd0d38662909289b54f1\"},\"headline\":\"En Tha\u00eflande, les adventistes se pr\u00e9parent pour une campagne d\u2019\u00e9vang\u00e9lisation nationale\",\"datePublished\":\"2023-02-24T03:33:39+00:00\",\"dateModified\":\"2023-02-24T14:48:03+00:00\",\"mainEntityOfPage\":{\"@id\":\"https:\\\/\\\/interamerica.org\\\/fr\\\/2023\\\/02\\\/en-thailande-les-adventistes-se-preparent-pour-une-campagne-devangelisation-nationale\\\/\"},\"wordCount\":579,\"image\":{\"@id\":\"https:\\\/\\\/interamerica.org\\\/fr\\\/2023\\\/02\\\/en-thailande-les-adventistes-se-preparent-pour-une-campagne-devangelisation-nationale\\\/#primaryimage\"},\"thumbnailUrl\":\"https:\\\/\\\/interamerica.org\\\/wp-content\\\/uploads\\\/2023\\\/02\\\/thailand-evan-krause-8asaeuphg-o-unsplash.jpg\",\"articleSection\":[\"Nouvelles de l'\u00c9glise mondiale\",\"RSS Fran\u00e7ais\"],\"inLanguage\":\"fr-FR\"},{\"@type\":\"WebPage\",\"@id\":\"https:\\\/\\\/interamerica.org\\\/fr\\\/2023\\\/02\\\/en-thailande-les-adventistes-se-preparent-pour-une-campagne-devangelisation-nationale\\\/\",\"url\":\"https:\\\/\\\/interamerica.org\\\/fr\\\/2023\\\/02\\\/en-thailande-les-adventistes-se-preparent-pour-une-campagne-devangelisation-nationale\\\/\",\"name\":\"En Tha\u00eflande, les adventistes se pr\u00e9parent pour une campagne d\u2019\u00e9vang\u00e9lisation nationale - \u00c9glise Adventiste Du Septieme Jour - Inter Am\u00e9rique Division\",\"isPartOf\":{\"@id\":\"https:\\\/\\\/interamerica.org\\\/fr\\\/#website\"},\"primaryImageOfPage\":{\"@id\":\"https:\\\/\\\/interamerica.org\\\/fr\\\/2023\\\/02\\\/en-thailande-les-adventistes-se-preparent-pour-une-campagne-devangelisation-nationale\\\/#primaryimage\"},\"image\":{\"@id\":\"https:\\\/\\\/interamerica.org\\\/fr\\\/2023\\\/02\\\/en-thailande-les-adventistes-se-preparent-pour-une-campagne-devangelisation-nationale\\\/#primaryimage\"},\"thumbnailUrl\":\"https:\\\/\\\/interamerica.org\\\/wp-content\\\/uploads\\\/2023\\\/02\\\/thailand-evan-krause-8asaeuphg-o-unsplash.jpg\",\"datePublished\":\"2023-02-24T03:33:39+00:00\",\"dateModified\":\"2023-02-24T14:48:03+00:00\",\"author\":{\"@id\":\"https:\\\/\\\/interamerica.org\\\/fr\\\/#\\\/schema\\\/person\\\/29998f2bc2d8bd0d38662909289b54f1\"},\"breadcrumb\":{\"@id\":\"https:\\\/\\\/interamerica.org\\\/fr\\\/2023\\\/02\\\/en-thailande-les-adventistes-se-preparent-pour-une-campagne-devangelisation-nationale\\\/#breadcrumb\"},\"inLanguage\":\"fr-FR\",\"potentialAction\":[{\"@type\":\"ReadAction\",\"target\":[\"https:\\\/\\\/interamerica.org\\\/fr\\\/2023\\\/02\\\/en-thailande-les-adventistes-se-preparent-pour-une-campagne-devangelisation-nationale\\\/\"]}]},{\"@type\":\"ImageObject\",\"inLanguage\":\"fr-FR\",\"@id\":\"https:\\\/\\\/interamerica.org\\\/fr\\\/2023\\\/02\\\/en-thailande-les-adventistes-se-preparent-pour-une-campagne-devangelisation-nationale\\\/#primaryimage\",\"url\":\"https:\\\/\\\/interamerica.org\\\/wp-content\\\/uploads\\\/2023\\\/02\\\/thailand-evan-krause-8asaeuphg-o-unsplash.jpg\",\"contentUrl\":\"https:\\\/\\\/interamerica.org\\\/wp-content\\\/uploads\\\/2023\\\/02\\\/thailand-evan-krause-8asaeuphg-o-unsplash.jpg\",\"width\":1280,\"height\":800,\"caption\":\"[Photo: Evan Krause \\\/ Unsplash]\"},{\"@type\":\"BreadcrumbList\",\"@id\":\"https:\\\/\\\/interamerica.org\\\/fr\\\/2023\\\/02\\\/en-thailande-les-adventistes-se-preparent-pour-une-campagne-devangelisation-nationale\\\/#breadcrumb\",\"itemListElement\":[{\"@type\":\"ListItem\",\"position\":1,\"name\":\"Home\",\"item\":\"https:\\\/\\\/interamerica.org\\\/fr\\\/\"},{\"@type\":\"ListItem\",\"position\":2,\"name\":\"En Tha\u00eflande, les adventistes se pr\u00e9parent pour une campagne d\u2019\u00e9vang\u00e9lisation nationale\"}]},{\"@type\":\"WebSite\",\"@id\":\"https:\\\/\\\/interamerica.org\\\/fr\\\/#website\",\"url\":\"https:\\\/\\\/interamerica.org\\\/fr\\\/\",\"name\":\"\u00c9glise Adventiste Du Septieme Jour - Inter Am\u00e9rique Division\",\"description\":\"\",\"potentialAction\":[{\"@type\":\"SearchAction\",\"target\":{\"@type\":\"EntryPoint\",\"urlTemplate\":\"https:\\\/\\\/interamerica.org\\\/fr\\\/?s={search_term_string}\"},\"query-input\":{\"@type\":\"PropertyValueSpecification\",\"valueRequired\":true,\"valueName\":\"search_term_string\"}}],\"inLanguage\":\"fr-FR\"},{\"@type\":\"Person\",\"@id\":\"https:\\\/\\\/interamerica.org\\\/fr\\\/#\\\/schema\\\/person\\\/29998f2bc2d8bd0d38662909289b54f1\",\"name\":\"libna\",\"image\":{\"@type\":\"ImageObject\",\"inLanguage\":\"fr-FR\",\"@id\":\"https:\\\/\\\/secure.gravatar.com\\\/avatar\\\/7c5bd30ae4b47a9ba3c856590957fd1d96dc588bf3ac05719d247e126840331f?s=96&d=mm&r=g\",\"url\":\"https:\\\/\\\/secure.gravatar.com\\\/avatar\\\/7c5bd30ae4b47a9ba3c856590957fd1d96dc588bf3ac05719d247e126840331f?s=96&d=mm&r=g\",\"contentUrl\":\"https:\\\/\\\/secure.gravatar.com\\\/avatar\\\/7c5bd30ae4b47a9ba3c856590957fd1d96dc588bf3ac05719d247e126840331f?s=96&d=mm&r=g\",\"caption\":\"libna\"}}]}<\/script>\n<!-- \/ Yoast SEO plugin. -->","yoast_head_json":{"title":"En Tha\u00eflande, les adventistes se pr\u00e9parent pour une campagne d\u2019\u00e9vang\u00e9lisation nationale - \u00c9glise Adventiste Du Septieme Jour - Inter Am\u00e9rique Division","robots":{"index":"index","follow":"follow","max-snippet":"max-snippet:-1","max-image-preview":"max-image-preview:large","max-video-preview":"max-video-preview:-1"},"canonical":"https:\/\/interamerica.org\/fr\/2023\/02\/en-thailande-les-adventistes-se-preparent-pour-une-campagne-devangelisation-nationale\/","og_locale":"fr_FR","og_type":"article","og_title":"En Tha\u00eflande, les adventistes se pr\u00e9parent pour une campagne d\u2019\u00e9vang\u00e9lisation nationale - \u00c9glise Adventiste Du Septieme Jour - Inter Am\u00e9rique Division","og_description":"Les r\u00e9unions du soir auront lieu sur plus de 30 sites \u00e0 travers le pays. 23 F\u00e9vrier 2023 | Tha\u00eflande | Edward Rodriguez, Division Asie-Pacifique Sud Alors que le monde...","og_url":"https:\/\/interamerica.org\/fr\/2023\/02\/en-thailande-les-adventistes-se-preparent-pour-une-campagne-devangelisation-nationale\/","og_site_name":"\u00c9glise Adventiste Du Septieme Jour - Inter Am\u00e9rique Division","article_published_time":"2023-02-24T03:33:39+00:00","article_modified_time":"2023-02-24T14:48:03+00:00","og_image":[{"width":1280,"height":800,"url":"https:\/\/interamerica.org\/wp-content\/uploads\/2023\/02\/thailand-evan-krause-8asaeuphg-o-unsplash.jpg","type":"image\/jpeg"}],"author":"libna","twitter_card":"summary_large_image","twitter_misc":{"\u00c9crit par":"libna","Dur\u00e9e de lecture estim\u00e9e":"3 minutes"},"schema":{"@context":"https:\/\/schema.org","@graph":[{"@type":"Article","@id":"https:\/\/interamerica.org\/fr\/2023\/02\/en-thailande-les-adventistes-se-preparent-pour-une-campagne-devangelisation-nationale\/#article","isPartOf":{"@id":"https:\/\/interamerica.org\/fr\/2023\/02\/en-thailande-les-adventistes-se-preparent-pour-une-campagne-devangelisation-nationale\/"},"author":{"name":"libna","@id":"https:\/\/interamerica.org\/fr\/#\/schema\/person\/29998f2bc2d8bd0d38662909289b54f1"},"headline":"En Tha\u00eflande, les adventistes se pr\u00e9parent pour une campagne d\u2019\u00e9vang\u00e9lisation nationale","datePublished":"2023-02-24T03:33:39+00:00","dateModified":"2023-02-24T14:48:03+00:00","mainEntityOfPage":{"@id":"https:\/\/interamerica.org\/fr\/2023\/02\/en-thailande-les-adventistes-se-preparent-pour-une-campagne-devangelisation-nationale\/"},"wordCount":579,"image":{"@id":"https:\/\/interamerica.org\/fr\/2023\/02\/en-thailande-les-adventistes-se-preparent-pour-une-campagne-devangelisation-nationale\/#primaryimage"},"thumbnailUrl":"https:\/\/interamerica.org\/wp-content\/uploads\/2023\/02\/thailand-evan-krause-8asaeuphg-o-unsplash.jpg","articleSection":["Nouvelles de l'\u00c9glise mondiale","RSS Fran\u00e7ais"],"inLanguage":"fr-FR"},{"@type":"WebPage","@id":"https:\/\/interamerica.org\/fr\/2023\/02\/en-thailande-les-adventistes-se-preparent-pour-une-campagne-devangelisation-nationale\/","url":"https:\/\/interamerica.org\/fr\/2023\/02\/en-thailande-les-adventistes-se-preparent-pour-une-campagne-devangelisation-nationale\/","name":"En Tha\u00eflande, les adventistes se pr\u00e9parent pour une campagne d\u2019\u00e9vang\u00e9lisation nationale - \u00c9glise Adventiste Du Septieme Jour - Inter Am\u00e9rique Division","isPartOf":{"@id":"https:\/\/interamerica.org\/fr\/#website"},"primaryImageOfPage":{"@id":"https:\/\/interamerica.org\/fr\/2023\/02\/en-thailande-les-adventistes-se-preparent-pour-une-campagne-devangelisation-nationale\/#primaryimage"},"image":{"@id":"https:\/\/interamerica.org\/fr\/2023\/02\/en-thailande-les-adventistes-se-preparent-pour-une-campagne-devangelisation-nationale\/#primaryimage"},"thumbnailUrl":"https:\/\/interamerica.org\/wp-content\/uploads\/2023\/02\/thailand-evan-krause-8asaeuphg-o-unsplash.jpg","datePublished":"2023-02-24T03:33:39+00:00","dateModified":"2023-02-24T14:48:03+00:00","author":{"@id":"https:\/\/interamerica.org\/fr\/#\/schema\/person\/29998f2bc2d8bd0d38662909289b54f1"},"breadcrumb":{"@id":"https:\/\/interamerica.org\/fr\/2023\/02\/en-thailande-les-adventistes-se-preparent-pour-une-campagne-devangelisation-nationale\/#breadcrumb"},"inLanguage":"fr-FR","potentialAction":[{"@type":"ReadAction","target":["https:\/\/interamerica.org\/fr\/2023\/02\/en-thailande-les-adventistes-se-preparent-pour-une-campagne-devangelisation-nationale\/"]}]},{"@type":"ImageObject","inLanguage":"fr-FR","@id":"https:\/\/interamerica.org\/fr\/2023\/02\/en-thailande-les-adventistes-se-preparent-pour-une-campagne-devangelisation-nationale\/#primaryimage","url":"https:\/\/interamerica.org\/wp-content\/uploads\/2023\/02\/thailand-evan-krause-8asaeuphg-o-unsplash.jpg","contentUrl":"https:\/\/interamerica.org\/wp-content\/uploads\/2023\/02\/thailand-evan-krause-8asaeuphg-o-unsplash.jpg","width":1280,"height":800,"caption":"[Photo: Evan Krause \/ Unsplash]"},{"@type":"BreadcrumbList","@id":"https:\/\/interamerica.org\/fr\/2023\/02\/en-thailande-les-adventistes-se-preparent-pour-une-campagne-devangelisation-nationale\/#breadcrumb","itemListElement":[{"@type":"ListItem","position":1,"name":"Home","item":"https:\/\/interamerica.org\/fr\/"},{"@type":"ListItem","position":2,"name":"En Tha\u00eflande, les adventistes se pr\u00e9parent pour une campagne d\u2019\u00e9vang\u00e9lisation nationale"}]},{"@type":"WebSite","@id":"https:\/\/interamerica.org\/fr\/#website","url":"https:\/\/interamerica.org\/fr\/","name":"\u00c9glise Adventiste Du Septieme Jour - Inter Am\u00e9rique Division","description":"","potentialAction":[{"@type":"SearchAction","target":{"@type":"EntryPoint","urlTemplate":"https:\/\/interamerica.org\/fr\/?s={search_term_string}"},"query-input":{"@type":"PropertyValueSpecification","valueRequired":true,"valueName":"search_term_string"}}],"inLanguage":"fr-FR"},{"@type":"Person","@id":"https:\/\/interamerica.org\/fr\/#\/schema\/person\/29998f2bc2d8bd0d38662909289b54f1","name":"libna","image":{"@type":"ImageObject","inLanguage":"fr-FR","@id":"https:\/\/secure.gravatar.com\/avatar\/7c5bd30ae4b47a9ba3c856590957fd1d96dc588bf3ac05719d247e126840331f?s=96&d=mm&r=g","url":"https:\/\/secure.gravatar.com\/avatar\/7c5bd30ae4b47a9ba3c856590957fd1d96dc588bf3ac05719d247e126840331f?s=96&d=mm&r=g","contentUrl":"https:\/\/secure.gravatar.com\/avatar\/7c5bd30ae4b47a9ba3c856590957fd1d96dc588bf3ac05719d247e126840331f?s=96&d=mm&r=g","caption":"libna"}}]}},"_links":{"self":[{"href":"https:\/\/interamerica.org\/fr\/wp-json\/wp\/v2\/posts\/95037","targetHints":{"allow":["GET"]}}],"collection":[{"href":"https:\/\/interamerica.org\/fr\/wp-json\/wp\/v2\/posts"}],"about":[{"href":"https:\/\/interamerica.org\/fr\/wp-json\/wp\/v2\/types\/post"}],"author":[{"embeddable":true,"href":"https:\/\/interamerica.org\/fr\/wp-json\/wp\/v2\/users\/3"}],"replies":[{"embeddable":true,"href":"https:\/\/interamerica.org\/fr\/wp-json\/wp\/v2\/comments?post=95037"}],"version-history":[{"count":0,"href":"https:\/\/interamerica.org\/fr\/wp-json\/wp\/v2\/posts\/95037\/revisions"}],"wp:featuredmedia":[{"embeddable":true,"href":"https:\/\/interamerica.org\/fr\/wp-json\/wp\/v2\/media\/95034"}],"wp:attachment":[{"href":"https:\/\/interamerica.org\/fr\/wp-json\/wp\/v2\/media?parent=95037"}],"wp:term":[{"taxonomy":"category","embeddable":true,"href":"https:\/\/interamerica.org\/fr\/wp-json\/wp\/v2\/categories?post=95037"},{"taxonomy":"post_tag","embeddable":true,"href":"https:\/\/interamerica.org\/fr\/wp-json\/wp\/v2\/tags?post=95037"}],"curies":[{"name":"wp","href":"https:\/\/api.w.org\/{rel}","templated":true}]}}