{"id":95280,"date":"2023-03-01T11:07:38","date_gmt":"2023-03-01T16:07:38","guid":{"rendered":"https:\/\/interamerica.org\/?p=95280"},"modified":"2023-03-02T11:51:04","modified_gmt":"2023-03-02T16:51:04","slug":"les-dirigeants-de-leglise-accueillent-lambassadrice-de-jordanie-aux-etats-unis","status":"publish","type":"post","link":"https:\/\/interamerica.org\/fr\/2023\/03\/les-dirigeants-de-leglise-accueillent-lambassadrice-de-jordanie-aux-etats-unis\/","title":{"rendered":"Les dirigeants de l\u2019\u00c9glise accueillent l\u2019ambassadrice de Jordanie aux \u00c9tats Unis"},"content":{"rendered":"<h4>La visite au si\u00e8ge de l\u2019\u00e9glise permet de mettre en lumi\u00e8re la libert\u00e9 religieuse en Jordanie.<\/h4>\n<p>1er Mars 2023 | Silver Spring, Maryland, \u00c9tats-Unis | Alyssa Truman, Adventist News Network et Adventist Review<\/p>\n<p>Son Excellence Dina Kawar, ambassadrice du Royaume Hach\u00e9mite de Jordanie aux \u00c9tats-Unis, a visit\u00e9 le si\u00e8ge de l\u2019\u00c9glise adventiste du septi\u00e8me jour \u00e0 Silver Spring, dans le Maryland, le 24 f\u00e9vrier. Le pr\u00e9sident de la Conf\u00e9rence G\u00e9n\u00e9rale, Ted N.C. Wilson, a accueilli Dina Kawar et le deuxi\u00e8me secr\u00e9taire Raad Elfawair \u00e0 l\u2019occasion d\u2019une une visite de courtoisie au cours de laquelle la libert\u00e9 religieuse et la collaboration continue entre l\u2019\u00c9glise adventiste et cette nation du Moyen-Orient ont \u00e9t\u00e9 mises en avant.<\/p>\n<p>Ted Wilson et d\u2019autres dirigeants d\u2019\u00e9glise ont remerci\u00e9 le Royaume de Jordanie par l\u2019interm\u00e9diaire de l\u2019ambassadrice Dina Kawar pour la libert\u00e9 religieuse dont jouissent les r\u00e9sidents dans ce pays ; il a \u00e9galement parl\u00e9 du minist\u00e8re \u00e0 multiples facettes de l\u2019\u00c9glise adventiste \u00e0 travers le monde. \u00ab Merci d\u2019offrir la libert\u00e9 religieuse aux adventistes du septi\u00e8me jour et aux autres communaut\u00e9s religieuses, a d\u00e9clar\u00e9 pasteur Wilson \u00e0 Dina Kawar et \u00e0 Raad Elfawair.<\/p>\n<p><div id=\"attachment_95228\" style=\"width: 843px\" class=\"wp-caption aligncenter\"><img fetchpriority=\"high\" decoding=\"async\" aria-describedby=\"caption-attachment-95228\" class=\" wp-image-95227\" src=\"https:\/\/interamerica.org\/wp-content\/uploads\/2023\/03\/rl-gc-1-1024x714.jpeg\" alt=\"\" width=\"833\" height=\"581\" srcset=\"https:\/\/interamerica.org\/wp-content\/uploads\/2023\/03\/rl-gc-1-1024x714.jpeg 1024w, https:\/\/interamerica.org\/wp-content\/uploads\/2023\/03\/rl-gc-1-300x209.jpeg 300w, https:\/\/interamerica.org\/wp-content\/uploads\/2023\/03\/rl-gc-1-768x535.jpeg 768w, https:\/\/interamerica.org\/wp-content\/uploads\/2023\/03\/rl-gc-1.jpeg 1280w\" sizes=\"(max-width: 833px) 100vw, 833px\" \/><p id=\"caption-attachment-95228\" class=\"wp-caption-text\">Son Excellence Dina Kawar, ambassadrice du Royaume Hach\u00e9mite de Jordanie (quatri\u00e8me \u00e0 partir de la gauche), a visit\u00e9 le si\u00e8ge de l\u2019\u00c9glise adventiste du septi\u00e8me jour \u00e0 Silver Spring, dans le Maryland, aux \u00c9tats-Unis, le 24 f\u00e9vrier. [Photo : Bureau du pr\u00e9sident de la Conf\u00e9rence G\u00e9n\u00e9rale]<\/p><\/div>Le directeur du d\u00e9partement des Affaires Publiques et de la Libert\u00e9 Religieuse (PARL), Ganoune Diop, a dit \u00e0 Dina Kawar que \u00ab le Royaume Hach\u00e9mite de Jordanie est un exemple de coexistence pacifique, une politique d\u00e9lib\u00e9r\u00e9e du royaume pour permettre la libert\u00e9 de religion ou de croyance. C\u2019est en effet un royaume qui a fait preuve d\u2019hospitalit\u00e9 envers un nombre incalculable de r\u00e9fugi\u00e9s et de demandeurs d\u2019asile, \u00bb a dit Ganoune Diop.<\/p>\n<p>Anees Abdelnour, citoyen jordanien et membre de l\u2019\u00c9glise adventiste travaillant \u00e0 la Conf\u00e9rence G\u00e9n\u00e9rale, a exprim\u00e9 sa gratitude envers son pays d\u2019origine. Anees Abdelnour est gestionnaire du portefeuille hypoth\u00e9caire de l\u2019\u00c9glise adventiste. \u00ab J\u2019ai grandi en Jordanie, o\u00f9 les chr\u00e9tiens sont trait\u00e9s avec beaucoup de respect, \u00bb a dit Anees Abdelnour. \u00ab Ma m\u00e8re est devenue adventiste plusieurs ann\u00e9es apr\u00e8s son mariage en Jordanie. J\u2019ai suivi ses traces car elle \u00e9tait une femme chr\u00e9tienne d\u00e9vou\u00e9e qui mettait l\u2019accent sur l\u2019aide aux personnes et \u00e0 l\u2019humanit\u00e9, \u00bb a-t-il d\u00e9clar\u00e9.<\/p>\n<p>Ted Wilson a donn\u00e9 des d\u00e9tails sur le minist\u00e8re de l\u2019\u00e9glise en Jordanie ; il comprend une action sanitaire pour les \u00e9coles sous la forme d\u2019une clinique ophtalmologique.<\/p>\n<p><div id=\"attachment_95234\" style=\"width: 787px\" class=\"wp-caption aligncenter\"><img decoding=\"async\" aria-describedby=\"caption-attachment-95234\" class=\" wp-image-95233\" src=\"https:\/\/interamerica.org\/wp-content\/uploads\/2023\/03\/797316-n-1024x812-1.jpg\" alt=\"\" width=\"777\" height=\"616\" srcset=\"https:\/\/interamerica.org\/wp-content\/uploads\/2023\/03\/797316-n-1024x812-1.jpg 1024w, https:\/\/interamerica.org\/wp-content\/uploads\/2023\/03\/797316-n-1024x812-1-300x238.jpg 300w, https:\/\/interamerica.org\/wp-content\/uploads\/2023\/03\/797316-n-1024x812-1-768x609.jpg 768w\" sizes=\"(max-width: 777px) 100vw, 777px\" \/><p id=\"caption-attachment-95234\" class=\"wp-caption-text\">L\u2019ambassadrice Dina Kawar (\u00e0 gauche) discute avec le pr\u00e9sident de la Conf\u00e9rence G\u00e9n\u00e9rale, Ted N. C. Wilson lors de la visite de courtoisie de l\u2019ambassadrice au si\u00e8ge de l\u2019\u00e9glise le 24 f\u00e9vrier. [Photo : Bureau du pr\u00e9sident de la Conf\u00e9rence G\u00e9n\u00e9rale]<\/p><\/div>Selon le directeur adjoint du PARL, Bill Knott, \u00ab Trente pour cent de la population jordanienne sont des r\u00e9fugi\u00e9s venus de pays voisins en conflit. \u00bb Ainsi, au-del\u00e0 des discussions sur la libert\u00e9 religieuse, le groupe a pu parler de la fa\u00e7on dont l\u2019\u00c9glise adventiste en Jordanie travaille dans les communaut\u00e9s pour r\u00e9pondre aux besoins essentiels.<\/p>\n<p>\u00ab La visite br\u00e8ve mais substantielle de l\u2019ambassadrice Dina Kawar au si\u00e8ge de l\u2019\u00c9glise adventiste a \u00e9t\u00e9 un rappel utile indiquant que l\u2019une des meilleures fa\u00e7ons d\u2019\u00eatre compris par les nations et les autres groupes religieux c\u2019est \u00e0 travers l\u2019aide pratique que nous pouvons apporter \u00e0 leurs communaut\u00e9s en mati\u00e8re d\u2019\u00e9ducation, de d\u00e9veloppement sanitaire et de soutien aux groupes de populations en difficult\u00e9, \u00bb a d\u00e9clar\u00e9 Bill Knott. \u00ab Il y a d\u2019\u00e9normes besoins humanitaires que les Adventistes peuvent aider \u00e0 satisfaire. \u00bb<\/p>\n<p>Les dirigeants de l\u2019\u00c9glise adventiste pr\u00e9sents lors de la visite du 24 f\u00e9vrier ont pris le temps d\u2019expliquer aux repr\u00e9sentants jordaniens les moyens pratiques \u00e0 travers lesquels l\u2019\u00e9glise locale r\u00e9pond \u00e0 ces besoins et ont soulign\u00e9 le d\u00e9sir de l\u2019\u00e9glise de continuer \u00e0 aider la communaut\u00e9 sur les plans physique, mental, social et spirituel, comme le faisait J\u00e9sus.<\/p>\n<p><div id=\"attachment_95237\" style=\"width: 791px\" class=\"wp-caption aligncenter\"><img decoding=\"async\" aria-describedby=\"caption-attachment-95237\" class=\" wp-image-95236\" src=\"https:\/\/interamerica.org\/wp-content\/uploads\/2023\/03\/23803.jpg\" alt=\"\" width=\"781\" height=\"499\" srcset=\"https:\/\/interamerica.org\/wp-content\/uploads\/2023\/03\/23803.jpg 900w, https:\/\/interamerica.org\/wp-content\/uploads\/2023\/03\/23803-300x192.jpg 300w, https:\/\/interamerica.org\/wp-content\/uploads\/2023\/03\/23803-768x491.jpg 768w\" sizes=\"(max-width: 781px) 100vw, 781px\" \/><p id=\"caption-attachment-95237\" class=\"wp-caption-text\">L\u2019\u00c9cole Nationale Adventiste \u00e0 Amman fonctionne depuis plus de 75 ans et offre une \u00e9ducation de haute qualit\u00e9 aux \u00e9l\u00e8ves de la maternelle \u00e0 la terminale. [Photo : Bureau du pr\u00e9sident de la Conf\u00e9rence G\u00e9n\u00e9rale]<\/p><\/div>Ted Wilson a d\u2019autre part exprim\u00e9 son appr\u00e9ciation pour la coop\u00e9ration entre l\u2019\u00c9glise adventiste et le gouvernement jordanien. \u00ab J\u2019esp\u00e8re que [nous pourrons maintenir] une implication continue en faveur de la population jordanienne, \u00bb a d\u00e9clar\u00e9 pasteur Wilson.<\/p>\n<p><strong>Les Adventistes du septi\u00e8me jour en Jordanie<\/strong><\/p>\n<p>Le Royaume Hach\u00e9mite de Jordanie fait partie de la r\u00e9gion de l\u2019Est de la M\u00e9diterran\u00e9e dans l\u2019Union Mission de l\u2019\u00c9glise adventiste au Moyen-Orient et en Afrique du Nord. Cette r\u00e9gion comprend quatre pays, six \u00e9glises et 611 membres.<\/p>\n<p>Bien que seul un petit nombre de congr\u00e9gations adventistes soient situ\u00e9es dans diverses r\u00e9gions du pays, leurs programmes d\u2019actions missionnaires apportent un soutien \u00e0 de nombreuses personnes dans leurs communaut\u00e9s.<\/p>\n<p>En Jordanie, l\u2019\u00c9cole Nationale Adventiste \u00e0 Amman fonctionne depuis plus de 75 ans et offre une \u00e9ducation de haute qualit\u00e9 aux \u00e9l\u00e8ves de la maternelle \u00e0 la terminale. R\u00e9cemment, l\u2019\u00e9cole a subi une importante r\u00e9novation qui a multipli\u00e9 par deux l\u2019espace disponible, permettant une augmentation des inscriptions et un certain nombre de programmes parascolaires visant \u00e0 am\u00e9liorer la sant\u00e9.<\/p>\n<p>En plus de l\u2019\u00e9cole, l\u2019\u00c9glise adventiste en Jordanie g\u00e8re une clinique ophtalmologique pour fournir des soins oculaires \u00e0 ceux qui sont dans le besoin.<\/p>\n<p>La version originale de cet article a \u00e9t\u00e9 publi\u00e9e par <a href=\"https:\/\/adventist.news\/news\">Adventist News Network<\/a>.<\/p>\n<p>Traduction: Patrick Luciathe<\/p>\n","protected":false},"excerpt":{"rendered":"<p>La visite au si\u00e8ge de l\u2019\u00e9glise permet de mettre en lumi\u00e8re la libert\u00e9 religieuse en Jordanie. 1er Mars 2023 | Silver Spring, Maryland, \u00c9tats-Unis | Alyssa Truman, Adventist News Network&#8230;<\/p>\n","protected":false},"author":3,"featured_media":95228,"comment_status":"closed","ping_status":"closed","sticky":false,"template":"","format":"standard","meta":{"_acf_changed":false,"footnotes":""},"categories":[18,19],"tags":[],"class_list":["post-95280","post","type-post","status-publish","format-standard","has-post-thumbnail","hentry","category-nouvelles-de-leglise-mondiale","category-rss-francais"],"acf":[],"yoast_head":"<!-- This site is optimized with the Yoast SEO plugin v27.3 - https:\/\/yoast.com\/product\/yoast-seo-wordpress\/ -->\n<title>Les dirigeants de l\u2019\u00c9glise accueillent l\u2019ambassadrice de Jordanie aux \u00c9tats Unis - \u00c9glise Adventiste Du Septieme Jour - Inter Am\u00e9rique Division<\/title>\n<meta name=\"robots\" content=\"index, follow, max-snippet:-1, max-image-preview:large, max-video-preview:-1\" \/>\n<link rel=\"canonical\" href=\"https:\/\/interamerica.org\/fr\/2023\/03\/les-dirigeants-de-leglise-accueillent-lambassadrice-de-jordanie-aux-etats-unis\/\" \/>\n<meta property=\"og:locale\" content=\"fr_FR\" \/>\n<meta property=\"og:type\" content=\"article\" \/>\n<meta property=\"og:title\" content=\"Les dirigeants de l\u2019\u00c9glise accueillent l\u2019ambassadrice de Jordanie aux \u00c9tats Unis - \u00c9glise Adventiste Du Septieme Jour - Inter Am\u00e9rique Division\" \/>\n<meta property=\"og:description\" content=\"La visite au si\u00e8ge de l\u2019\u00e9glise permet de mettre en lumi\u00e8re la libert\u00e9 religieuse en Jordanie. 1er Mars 2023 | Silver Spring, Maryland, \u00c9tats-Unis | Alyssa Truman, Adventist News Network...\" \/>\n<meta property=\"og:url\" content=\"https:\/\/interamerica.org\/fr\/2023\/03\/les-dirigeants-de-leglise-accueillent-lambassadrice-de-jordanie-aux-etats-unis\/\" \/>\n<meta property=\"og:site_name\" content=\"\u00c9glise Adventiste Du Septieme Jour - Inter Am\u00e9rique Division\" \/>\n<meta property=\"article:published_time\" content=\"2023-03-01T16:07:38+00:00\" \/>\n<meta property=\"article:modified_time\" content=\"2023-03-02T16:51:04+00:00\" \/>\n<meta property=\"og:image\" content=\"https:\/\/interamerica.org\/wp-content\/uploads\/2023\/03\/rl-gc-1.jpeg\" \/>\n\t<meta property=\"og:image:width\" content=\"1280\" \/>\n\t<meta property=\"og:image:height\" content=\"892\" \/>\n\t<meta property=\"og:image:type\" content=\"image\/jpeg\" \/>\n<meta name=\"author\" content=\"libna\" \/>\n<meta name=\"twitter:card\" content=\"summary_large_image\" \/>\n<meta name=\"twitter:label1\" content=\"\u00c9crit par\" \/>\n\t<meta name=\"twitter:data1\" content=\"libna\" \/>\n\t<meta name=\"twitter:label2\" content=\"Dur\u00e9e de lecture estim\u00e9e\" \/>\n\t<meta name=\"twitter:data2\" content=\"5 minutes\" \/>\n<script type=\"application\/ld+json\" class=\"yoast-schema-graph\">{\"@context\":\"https:\\\/\\\/schema.org\",\"@graph\":[{\"@type\":\"Article\",\"@id\":\"https:\\\/\\\/interamerica.org\\\/fr\\\/2023\\\/03\\\/les-dirigeants-de-leglise-accueillent-lambassadrice-de-jordanie-aux-etats-unis\\\/#article\",\"isPartOf\":{\"@id\":\"https:\\\/\\\/interamerica.org\\\/fr\\\/2023\\\/03\\\/les-dirigeants-de-leglise-accueillent-lambassadrice-de-jordanie-aux-etats-unis\\\/\"},\"author\":{\"name\":\"libna\",\"@id\":\"https:\\\/\\\/interamerica.org\\\/fr\\\/#\\\/schema\\\/person\\\/29998f2bc2d8bd0d38662909289b54f1\"},\"headline\":\"Les dirigeants de l\u2019\u00c9glise accueillent l\u2019ambassadrice de Jordanie aux \u00c9tats Unis\",\"datePublished\":\"2023-03-01T16:07:38+00:00\",\"dateModified\":\"2023-03-02T16:51:04+00:00\",\"mainEntityOfPage\":{\"@id\":\"https:\\\/\\\/interamerica.org\\\/fr\\\/2023\\\/03\\\/les-dirigeants-de-leglise-accueillent-lambassadrice-de-jordanie-aux-etats-unis\\\/\"},\"wordCount\":1042,\"image\":{\"@id\":\"https:\\\/\\\/interamerica.org\\\/fr\\\/2023\\\/03\\\/les-dirigeants-de-leglise-accueillent-lambassadrice-de-jordanie-aux-etats-unis\\\/#primaryimage\"},\"thumbnailUrl\":\"https:\\\/\\\/interamerica.org\\\/wp-content\\\/uploads\\\/2023\\\/03\\\/rl-gc-1.jpeg\",\"articleSection\":[\"Nouvelles de l'\u00c9glise mondiale\",\"RSS Fran\u00e7ais\"],\"inLanguage\":\"fr-FR\"},{\"@type\":\"WebPage\",\"@id\":\"https:\\\/\\\/interamerica.org\\\/fr\\\/2023\\\/03\\\/les-dirigeants-de-leglise-accueillent-lambassadrice-de-jordanie-aux-etats-unis\\\/\",\"url\":\"https:\\\/\\\/interamerica.org\\\/fr\\\/2023\\\/03\\\/les-dirigeants-de-leglise-accueillent-lambassadrice-de-jordanie-aux-etats-unis\\\/\",\"name\":\"Les dirigeants de l\u2019\u00c9glise accueillent l\u2019ambassadrice de Jordanie aux \u00c9tats Unis - \u00c9glise Adventiste Du Septieme Jour - Inter Am\u00e9rique Division\",\"isPartOf\":{\"@id\":\"https:\\\/\\\/interamerica.org\\\/fr\\\/#website\"},\"primaryImageOfPage\":{\"@id\":\"https:\\\/\\\/interamerica.org\\\/fr\\\/2023\\\/03\\\/les-dirigeants-de-leglise-accueillent-lambassadrice-de-jordanie-aux-etats-unis\\\/#primaryimage\"},\"image\":{\"@id\":\"https:\\\/\\\/interamerica.org\\\/fr\\\/2023\\\/03\\\/les-dirigeants-de-leglise-accueillent-lambassadrice-de-jordanie-aux-etats-unis\\\/#primaryimage\"},\"thumbnailUrl\":\"https:\\\/\\\/interamerica.org\\\/wp-content\\\/uploads\\\/2023\\\/03\\\/rl-gc-1.jpeg\",\"datePublished\":\"2023-03-01T16:07:38+00:00\",\"dateModified\":\"2023-03-02T16:51:04+00:00\",\"author\":{\"@id\":\"https:\\\/\\\/interamerica.org\\\/fr\\\/#\\\/schema\\\/person\\\/29998f2bc2d8bd0d38662909289b54f1\"},\"breadcrumb\":{\"@id\":\"https:\\\/\\\/interamerica.org\\\/fr\\\/2023\\\/03\\\/les-dirigeants-de-leglise-accueillent-lambassadrice-de-jordanie-aux-etats-unis\\\/#breadcrumb\"},\"inLanguage\":\"fr-FR\",\"potentialAction\":[{\"@type\":\"ReadAction\",\"target\":[\"https:\\\/\\\/interamerica.org\\\/fr\\\/2023\\\/03\\\/les-dirigeants-de-leglise-accueillent-lambassadrice-de-jordanie-aux-etats-unis\\\/\"]}]},{\"@type\":\"ImageObject\",\"inLanguage\":\"fr-FR\",\"@id\":\"https:\\\/\\\/interamerica.org\\\/fr\\\/2023\\\/03\\\/les-dirigeants-de-leglise-accueillent-lambassadrice-de-jordanie-aux-etats-unis\\\/#primaryimage\",\"url\":\"https:\\\/\\\/interamerica.org\\\/wp-content\\\/uploads\\\/2023\\\/03\\\/rl-gc-1.jpeg\",\"contentUrl\":\"https:\\\/\\\/interamerica.org\\\/wp-content\\\/uploads\\\/2023\\\/03\\\/rl-gc-1.jpeg\",\"width\":1280,\"height\":892,\"caption\":\"Her Excellency Dina Kawar, Ambassador of the Hashemite Kingdom of Jordan (fourth from the left), visited the Seventh-day Adventist Church headquarters in Silver Spring, Maryland, United States, on February 24. [Photo: General Conference President\u2019s Office]\"},{\"@type\":\"BreadcrumbList\",\"@id\":\"https:\\\/\\\/interamerica.org\\\/fr\\\/2023\\\/03\\\/les-dirigeants-de-leglise-accueillent-lambassadrice-de-jordanie-aux-etats-unis\\\/#breadcrumb\",\"itemListElement\":[{\"@type\":\"ListItem\",\"position\":1,\"name\":\"Home\",\"item\":\"https:\\\/\\\/interamerica.org\\\/fr\\\/\"},{\"@type\":\"ListItem\",\"position\":2,\"name\":\"Les dirigeants de l\u2019\u00c9glise accueillent l\u2019ambassadrice de Jordanie aux \u00c9tats Unis\"}]},{\"@type\":\"WebSite\",\"@id\":\"https:\\\/\\\/interamerica.org\\\/fr\\\/#website\",\"url\":\"https:\\\/\\\/interamerica.org\\\/fr\\\/\",\"name\":\"\u00c9glise Adventiste Du Septieme Jour - Inter Am\u00e9rique Division\",\"description\":\"\",\"potentialAction\":[{\"@type\":\"SearchAction\",\"target\":{\"@type\":\"EntryPoint\",\"urlTemplate\":\"https:\\\/\\\/interamerica.org\\\/fr\\\/?s={search_term_string}\"},\"query-input\":{\"@type\":\"PropertyValueSpecification\",\"valueRequired\":true,\"valueName\":\"search_term_string\"}}],\"inLanguage\":\"fr-FR\"},{\"@type\":\"Person\",\"@id\":\"https:\\\/\\\/interamerica.org\\\/fr\\\/#\\\/schema\\\/person\\\/29998f2bc2d8bd0d38662909289b54f1\",\"name\":\"libna\",\"image\":{\"@type\":\"ImageObject\",\"inLanguage\":\"fr-FR\",\"@id\":\"https:\\\/\\\/secure.gravatar.com\\\/avatar\\\/7c5bd30ae4b47a9ba3c856590957fd1d96dc588bf3ac05719d247e126840331f?s=96&d=mm&r=g\",\"url\":\"https:\\\/\\\/secure.gravatar.com\\\/avatar\\\/7c5bd30ae4b47a9ba3c856590957fd1d96dc588bf3ac05719d247e126840331f?s=96&d=mm&r=g\",\"contentUrl\":\"https:\\\/\\\/secure.gravatar.com\\\/avatar\\\/7c5bd30ae4b47a9ba3c856590957fd1d96dc588bf3ac05719d247e126840331f?s=96&d=mm&r=g\",\"caption\":\"libna\"}}]}<\/script>\n<!-- \/ Yoast SEO plugin. -->","yoast_head_json":{"title":"Les dirigeants de l\u2019\u00c9glise accueillent l\u2019ambassadrice de Jordanie aux \u00c9tats Unis - \u00c9glise Adventiste Du Septieme Jour - Inter Am\u00e9rique Division","robots":{"index":"index","follow":"follow","max-snippet":"max-snippet:-1","max-image-preview":"max-image-preview:large","max-video-preview":"max-video-preview:-1"},"canonical":"https:\/\/interamerica.org\/fr\/2023\/03\/les-dirigeants-de-leglise-accueillent-lambassadrice-de-jordanie-aux-etats-unis\/","og_locale":"fr_FR","og_type":"article","og_title":"Les dirigeants de l\u2019\u00c9glise accueillent l\u2019ambassadrice de Jordanie aux \u00c9tats Unis - \u00c9glise Adventiste Du Septieme Jour - Inter Am\u00e9rique Division","og_description":"La visite au si\u00e8ge de l\u2019\u00e9glise permet de mettre en lumi\u00e8re la libert\u00e9 religieuse en Jordanie. 1er Mars 2023 | Silver Spring, Maryland, \u00c9tats-Unis | Alyssa Truman, Adventist News Network...","og_url":"https:\/\/interamerica.org\/fr\/2023\/03\/les-dirigeants-de-leglise-accueillent-lambassadrice-de-jordanie-aux-etats-unis\/","og_site_name":"\u00c9glise Adventiste Du Septieme Jour - Inter Am\u00e9rique Division","article_published_time":"2023-03-01T16:07:38+00:00","article_modified_time":"2023-03-02T16:51:04+00:00","og_image":[{"width":1280,"height":892,"url":"https:\/\/interamerica.org\/wp-content\/uploads\/2023\/03\/rl-gc-1.jpeg","type":"image\/jpeg"}],"author":"libna","twitter_card":"summary_large_image","twitter_misc":{"\u00c9crit par":"libna","Dur\u00e9e de lecture estim\u00e9e":"5 minutes"},"schema":{"@context":"https:\/\/schema.org","@graph":[{"@type":"Article","@id":"https:\/\/interamerica.org\/fr\/2023\/03\/les-dirigeants-de-leglise-accueillent-lambassadrice-de-jordanie-aux-etats-unis\/#article","isPartOf":{"@id":"https:\/\/interamerica.org\/fr\/2023\/03\/les-dirigeants-de-leglise-accueillent-lambassadrice-de-jordanie-aux-etats-unis\/"},"author":{"name":"libna","@id":"https:\/\/interamerica.org\/fr\/#\/schema\/person\/29998f2bc2d8bd0d38662909289b54f1"},"headline":"Les dirigeants de l\u2019\u00c9glise accueillent l\u2019ambassadrice de Jordanie aux \u00c9tats Unis","datePublished":"2023-03-01T16:07:38+00:00","dateModified":"2023-03-02T16:51:04+00:00","mainEntityOfPage":{"@id":"https:\/\/interamerica.org\/fr\/2023\/03\/les-dirigeants-de-leglise-accueillent-lambassadrice-de-jordanie-aux-etats-unis\/"},"wordCount":1042,"image":{"@id":"https:\/\/interamerica.org\/fr\/2023\/03\/les-dirigeants-de-leglise-accueillent-lambassadrice-de-jordanie-aux-etats-unis\/#primaryimage"},"thumbnailUrl":"https:\/\/interamerica.org\/wp-content\/uploads\/2023\/03\/rl-gc-1.jpeg","articleSection":["Nouvelles de l'\u00c9glise mondiale","RSS Fran\u00e7ais"],"inLanguage":"fr-FR"},{"@type":"WebPage","@id":"https:\/\/interamerica.org\/fr\/2023\/03\/les-dirigeants-de-leglise-accueillent-lambassadrice-de-jordanie-aux-etats-unis\/","url":"https:\/\/interamerica.org\/fr\/2023\/03\/les-dirigeants-de-leglise-accueillent-lambassadrice-de-jordanie-aux-etats-unis\/","name":"Les dirigeants de l\u2019\u00c9glise accueillent l\u2019ambassadrice de Jordanie aux \u00c9tats Unis - \u00c9glise Adventiste Du Septieme Jour - Inter Am\u00e9rique Division","isPartOf":{"@id":"https:\/\/interamerica.org\/fr\/#website"},"primaryImageOfPage":{"@id":"https:\/\/interamerica.org\/fr\/2023\/03\/les-dirigeants-de-leglise-accueillent-lambassadrice-de-jordanie-aux-etats-unis\/#primaryimage"},"image":{"@id":"https:\/\/interamerica.org\/fr\/2023\/03\/les-dirigeants-de-leglise-accueillent-lambassadrice-de-jordanie-aux-etats-unis\/#primaryimage"},"thumbnailUrl":"https:\/\/interamerica.org\/wp-content\/uploads\/2023\/03\/rl-gc-1.jpeg","datePublished":"2023-03-01T16:07:38+00:00","dateModified":"2023-03-02T16:51:04+00:00","author":{"@id":"https:\/\/interamerica.org\/fr\/#\/schema\/person\/29998f2bc2d8bd0d38662909289b54f1"},"breadcrumb":{"@id":"https:\/\/interamerica.org\/fr\/2023\/03\/les-dirigeants-de-leglise-accueillent-lambassadrice-de-jordanie-aux-etats-unis\/#breadcrumb"},"inLanguage":"fr-FR","potentialAction":[{"@type":"ReadAction","target":["https:\/\/interamerica.org\/fr\/2023\/03\/les-dirigeants-de-leglise-accueillent-lambassadrice-de-jordanie-aux-etats-unis\/"]}]},{"@type":"ImageObject","inLanguage":"fr-FR","@id":"https:\/\/interamerica.org\/fr\/2023\/03\/les-dirigeants-de-leglise-accueillent-lambassadrice-de-jordanie-aux-etats-unis\/#primaryimage","url":"https:\/\/interamerica.org\/wp-content\/uploads\/2023\/03\/rl-gc-1.jpeg","contentUrl":"https:\/\/interamerica.org\/wp-content\/uploads\/2023\/03\/rl-gc-1.jpeg","width":1280,"height":892,"caption":"Her Excellency Dina Kawar, Ambassador of the Hashemite Kingdom of Jordan (fourth from the left), visited the Seventh-day Adventist Church headquarters in Silver Spring, Maryland, United States, on February 24. [Photo: General Conference President\u2019s Office]"},{"@type":"BreadcrumbList","@id":"https:\/\/interamerica.org\/fr\/2023\/03\/les-dirigeants-de-leglise-accueillent-lambassadrice-de-jordanie-aux-etats-unis\/#breadcrumb","itemListElement":[{"@type":"ListItem","position":1,"name":"Home","item":"https:\/\/interamerica.org\/fr\/"},{"@type":"ListItem","position":2,"name":"Les dirigeants de l\u2019\u00c9glise accueillent l\u2019ambassadrice de Jordanie aux \u00c9tats Unis"}]},{"@type":"WebSite","@id":"https:\/\/interamerica.org\/fr\/#website","url":"https:\/\/interamerica.org\/fr\/","name":"\u00c9glise Adventiste Du Septieme Jour - Inter Am\u00e9rique Division","description":"","potentialAction":[{"@type":"SearchAction","target":{"@type":"EntryPoint","urlTemplate":"https:\/\/interamerica.org\/fr\/?s={search_term_string}"},"query-input":{"@type":"PropertyValueSpecification","valueRequired":true,"valueName":"search_term_string"}}],"inLanguage":"fr-FR"},{"@type":"Person","@id":"https:\/\/interamerica.org\/fr\/#\/schema\/person\/29998f2bc2d8bd0d38662909289b54f1","name":"libna","image":{"@type":"ImageObject","inLanguage":"fr-FR","@id":"https:\/\/secure.gravatar.com\/avatar\/7c5bd30ae4b47a9ba3c856590957fd1d96dc588bf3ac05719d247e126840331f?s=96&d=mm&r=g","url":"https:\/\/secure.gravatar.com\/avatar\/7c5bd30ae4b47a9ba3c856590957fd1d96dc588bf3ac05719d247e126840331f?s=96&d=mm&r=g","contentUrl":"https:\/\/secure.gravatar.com\/avatar\/7c5bd30ae4b47a9ba3c856590957fd1d96dc588bf3ac05719d247e126840331f?s=96&d=mm&r=g","caption":"libna"}}]}},"_links":{"self":[{"href":"https:\/\/interamerica.org\/fr\/wp-json\/wp\/v2\/posts\/95280","targetHints":{"allow":["GET"]}}],"collection":[{"href":"https:\/\/interamerica.org\/fr\/wp-json\/wp\/v2\/posts"}],"about":[{"href":"https:\/\/interamerica.org\/fr\/wp-json\/wp\/v2\/types\/post"}],"author":[{"embeddable":true,"href":"https:\/\/interamerica.org\/fr\/wp-json\/wp\/v2\/users\/3"}],"replies":[{"embeddable":true,"href":"https:\/\/interamerica.org\/fr\/wp-json\/wp\/v2\/comments?post=95280"}],"version-history":[{"count":0,"href":"https:\/\/interamerica.org\/fr\/wp-json\/wp\/v2\/posts\/95280\/revisions"}],"wp:featuredmedia":[{"embeddable":true,"href":"https:\/\/interamerica.org\/fr\/wp-json\/wp\/v2\/media\/95228"}],"wp:attachment":[{"href":"https:\/\/interamerica.org\/fr\/wp-json\/wp\/v2\/media?parent=95280"}],"wp:term":[{"taxonomy":"category","embeddable":true,"href":"https:\/\/interamerica.org\/fr\/wp-json\/wp\/v2\/categories?post=95280"},{"taxonomy":"post_tag","embeddable":true,"href":"https:\/\/interamerica.org\/fr\/wp-json\/wp\/v2\/tags?post=95280"}],"curies":[{"name":"wp","href":"https:\/\/api.w.org\/{rel}","templated":true}]}}