{"id":95471,"date":"2023-03-04T16:00:41","date_gmt":"2023-03-04T21:00:41","guid":{"rendered":"https:\/\/interamerica.org\/?p=95471"},"modified":"2023-03-06T10:58:29","modified_gmt":"2023-03-06T15:58:29","slug":"disparition-dun-helicoptere-medical-adventiste-aux-philippines","status":"publish","type":"post","link":"https:\/\/interamerica.org\/fr\/2023\/03\/disparition-dun-helicoptere-medical-adventiste-aux-philippines\/","title":{"rendered":"Disparition d\u2019un h\u00e9licopt\u00e8re m\u00e9dical adventiste aux Philippines"},"content":{"rendered":"<p style=\"font-weight: 400;\"><strong>Les pri\u00e8res et le soutien abondent alors que les \u00e9quipes de recherche et de sauvetage sont en cours.<\/strong><\/p>\n<h4><span style=\"font-weight: 400;\">Le 4 mars 2023 | Edward Rodriguez, Division du sud de l\u2019Asie et du Pacifique et <em>Adventist Review<\/em><\/span><\/h4>\n<p><span style=\"font-weight: 400;\">L\u2019autorit\u00e9 d\u2019aviation civile des Philippines a rapport\u00e9, le 1<\/span><span style=\"font-weight: 400;\">er<\/span><span style=\"font-weight: 400;\"> mars dernier, qu\u2019un h\u00e9licopt\u00e8re des Services adventistes d\u2019aviation m\u00e9dicale des Philippines (PAMAS pour <\/span><i><span style=\"font-weight: 400;\">Philippine Adventist Medical Aviation Services<\/span><\/i><span style=\"font-weight: 400;\">) transportant cinq personnes est disparu alors qu\u2019il se rendait \u00e0 un h\u00f4pital de la province de Palawan.<\/span><\/p>\n<p><span style=\"font-weight: 400;\">L\u2019h\u00e9licopt\u00e8re, enregistr\u00e9 sous le num\u00e9ro N45VX, transportait le capitaine Daniel Lui, un pilote volontaire am\u00e9ricain; Janelle Alder, une infirmi\u00e8re volontaire am\u00e9ricaine; un patient et deux passagers des \u00eeles Mangsee, situ\u00e9es dans la partie sud-ouest de la municipalit\u00e9 de Balabac. Ils rentraient \u00e0 Brooke\u2019s Point quand le dispositif de rep\u00e9rage GPS de l\u2019h\u00e9licopt\u00e8re a cess\u00e9, vers 9\u00a0h, d\u2019envoyer des signaux.<\/span><\/p>\n<p><div id=\"attachment_95346\" style=\"width: 876px\" class=\"wp-caption aligncenter\"><img fetchpriority=\"high\" decoding=\"async\" aria-describedby=\"caption-attachment-95346\" class=\" wp-image-95345\" src=\"https:\/\/interamerica.org\/wp-content\/uploads\/2023\/03\/helicopter-phillippines-1024x683.jpeg\" alt=\"\" width=\"866\" height=\"578\" srcset=\"https:\/\/interamerica.org\/wp-content\/uploads\/2023\/03\/helicopter-phillippines-1024x683.jpeg 1024w, https:\/\/interamerica.org\/wp-content\/uploads\/2023\/03\/helicopter-phillippines-300x200.jpeg 300w, https:\/\/interamerica.org\/wp-content\/uploads\/2023\/03\/helicopter-phillippines-768x512.jpeg 768w, https:\/\/interamerica.org\/wp-content\/uploads\/2023\/03\/helicopter-phillippines.jpeg 1440w\" sizes=\"(max-width: 866px) 100vw, 866px\" \/><p id=\"caption-attachment-95346\" class=\"wp-caption-text\"><span lang=\"FR-CA\">L\u2019h\u00e9licopt\u00e8re des Services adventistes d\u2019aviation m\u00e9dicale des Philippines qui a disparu au-dessus de la mer de Sulu le 1<sup>er<\/sup> mars en transportant une personne malade vers un h\u00f4pital de Palawan. [Une photo prise sur le compte Facebook des PAMAS]<\/span><\/p><\/div><span style=\"font-weight: 400;\">Les efforts de recherche et de sauvetage sont en cours depuis le milieu de la journ\u00e9e du 1<\/span><span style=\"font-weight: 400;\">er<\/span><span style=\"font-weight: 400;\"> mars. Le personnel des PAMAS a entam\u00e9 une op\u00e9ration de recherche a\u00e9rienne dans les environs des derniers signaux GPS et dans les zones entourant la mer de Sulu. Des agences gouvernementales, dont la Garde c\u00f4ti\u00e8re philippine et la Marine philippine, ainsi que d\u2019autres amis poss\u00e9dant un avion se sont joints aux six pilotes des PAMAS et \u00e0 d\u2019autres \u00e9quipes de recherche, tant a\u00e9riennes qu\u2019aquatiques.<\/span><\/p>\n<p><span style=\"font-weight: 400;\">Les recherches a\u00e9riennes du 2 mars ont r\u00e9v\u00e9l\u00e9 un site possible d\u2019amerrissage forc\u00e9 \u00e0 environ 8\u00a0km des coordonn\u00e9es des derniers signaux GPS, comme le montrent une nappe de p\u00e9trole et des d\u00e9bris. Les Forces arm\u00e9es philippines sont en train d\u2019examiner la zone plus en d\u00e9tail, et d\u2019autres objets que l\u2019on croit appartenir aux passagers ont \u00e9t\u00e9 recueillis hier.<\/span><\/p>\n<p><div id=\"attachment_95349\" style=\"width: 849px\" class=\"wp-caption aligncenter\"><img decoding=\"async\" aria-describedby=\"caption-attachment-95349\" class=\" wp-image-95348\" src=\"https:\/\/interamerica.org\/wp-content\/uploads\/2023\/03\/heli-phil-2.jpg\" alt=\"\" width=\"839\" height=\"559\" srcset=\"https:\/\/interamerica.org\/wp-content\/uploads\/2023\/03\/heli-phil-2.jpg 600w, https:\/\/interamerica.org\/wp-content\/uploads\/2023\/03\/heli-phil-2-300x200.jpg 300w\" sizes=\"(max-width: 839px) 100vw, 839px\" \/><p id=\"caption-attachment-95349\" class=\"wp-caption-text\"><span lang=\"FR-CA\">Le hangar des Services adventistes d\u2019aviation m\u00e9dicale des Philippines (PAMAS) sur l\u2019\u00eele de Palawan. L\u2019organisation est bas\u00e9e \u00e0 Valencia, dans la province du Negros oriental, aux Philippines. [Une photo prise sur le compte Facebook des PAMAS]<\/span><\/p><\/div><span style=\"font-weight: 400;\">Sur les m\u00e9dias sociaux, les PAMAS ont publi\u00e9 une d\u00e9claration officielle pour remercier tous ceux qui ont particip\u00e9 aux recherches. \u00ab\u00a0Nous voulons exprimer notre plus profonde gratitude envers Dieu pour avoir soutenu les \u00e9quipes jusqu\u2019\u00e0 maintenant et envers tous ceux qui se sont joints \u00e0 nous en pri\u00e8re, qui ont envoy\u00e9 des messages d\u2019encouragement, qui nous ont aid\u00e9s dans nos recherches ou sur le plan financier afin de nous permettre d\u2019obtenir le carburant n\u00e9cessaire aux recherches.\u00a0\u00bb<\/span><\/p>\n<p><span style=\"font-weight: 400;\">Sean Knapp, directeur des PAMAS de Palawan, est \u00e0 la recherche de dons de carburant pour les op\u00e9rations de recherche et de sauvetage. Dans une d\u00e9claration, il a dit\u00a0: \u00ab\u00a0Vous \u00eates nombreux \u00e0 demander comment vous pourriez contribuer \u00e0 nos op\u00e9rations de recherche et de sauvetage. Cinq avions nous aideront aujourd\u2019hui [2 mars], mais nous aurons besoin de plus de carburant que ce que nous avons actuellement en stock\u2026 Merci pour vos pri\u00e8res. Dieu agit d\u00e9j\u00e0 d\u2019une mani\u00e8re ou d\u2019une autre, mais l\u2019h\u00e9licopt\u00e8re et les cinq personnes \u00e0 bord manquent toujours \u00e0 l\u2019appel.\u00a0\u00bb<\/span><\/p>\n<p><span style=\"font-weight: 400;\">Les communaut\u00e9s adventistes du monde entier ont d\u00e9vers\u00e9 leurs pri\u00e8res et paroles d\u2019encouragement sur les r\u00e9seaux sociaux pour t\u00e9moigner leur soutien aux op\u00e9rations de recherche en cours.<\/span><\/p>\n<p><div id=\"attachment_95394\" style=\"width: 853px\" class=\"wp-caption aligncenter\"><img decoding=\"async\" aria-describedby=\"caption-attachment-95394\" class=\" wp-image-95393\" src=\"https:\/\/interamerica.org\/wp-content\/uploads\/2023\/03\/97060-n.jpg\" alt=\"\" width=\"843\" height=\"632\" srcset=\"https:\/\/interamerica.org\/wp-content\/uploads\/2023\/03\/97060-n.jpg 1000w, https:\/\/interamerica.org\/wp-content\/uploads\/2023\/03\/97060-n-300x225.jpg 300w, https:\/\/interamerica.org\/wp-content\/uploads\/2023\/03\/97060-n-768x576.jpg 768w\" sizes=\"(max-width: 843px) 100vw, 843px\" \/><p id=\"caption-attachment-95394\" class=\"wp-caption-text\"><span lang=\"FR-CA\">Une intervention pr\u00e9c\u00e9dente de l\u2019h\u00e9licopt\u00e8re des PAMAS actuellement disparu. [Une photo prise sur le compte Facebook des PAMAS]<\/span><\/p><\/div><span style=\"font-weight: 400;\">Les efforts de recherche se poursuivant toujours vers la fin de la semaine, le porte-parole a sollicit\u00e9 les pri\u00e8res et l\u2019aide continue du public.<\/span><\/p>\n<p><b>\u00c0 propos des PAMAS<\/b><\/p>\n<p><span style=\"font-weight: 400;\">Les Services adventistes d\u2019aviation m\u00e9dicale des Philippines inc. (PAMAS) sont un organisme sans but lucratif enregistr\u00e9 aupr\u00e8s de l\u2019Autorit\u00e9 de l\u2019aviation civile des Philippines qui offrent des services d\u2019aviation m\u00e9dicale aux groupes vuln\u00e9rables des r\u00e9gions g\u00e9ographiquement isol\u00e9es et d\u00e9favoris\u00e9es. Les PAMAS existent depuis 2007 et ont pour mission d\u2019offrir de l\u2019aide m\u00e9dicale aux gens dans le besoin, quelles que soient leurs capacit\u00e9s financi\u00e8res, leur religion et leur ethnicit\u00e9.<\/span><\/p>\n<p><span style=\"font-weight: 400;\">Les PAMAS ne fonctionnent que par la foi, gr\u00e2ce aux dons, et tous les membres du personnel sont des b\u00e9n\u00e9voles qui partagent la m\u00eame passion d\u2019aider les autres. L\u2019organisation est unique \u00e0 plusieurs \u00e9gards, offrant notamment des services \u00e0 toutes les classes de la soci\u00e9t\u00e9, ind\u00e9pendamment de leurs capacit\u00e9s financi\u00e8res.<\/span><\/p>\n<p><div id=\"attachment_95391\" style=\"width: 858px\" class=\"wp-caption aligncenter\"><img loading=\"lazy\" decoding=\"async\" aria-describedby=\"caption-attachment-95391\" class=\" wp-image-95390\" src=\"https:\/\/interamerica.org\/wp-content\/uploads\/2023\/03\/10968-n-1024x768-1.jpg\" alt=\"\" width=\"848\" height=\"636\" srcset=\"https:\/\/interamerica.org\/wp-content\/uploads\/2023\/03\/10968-n-1024x768-1.jpg 1024w, https:\/\/interamerica.org\/wp-content\/uploads\/2023\/03\/10968-n-1024x768-1-300x225.jpg 300w, https:\/\/interamerica.org\/wp-content\/uploads\/2023\/03\/10968-n-1024x768-1-768x576.jpg 768w\" sizes=\"(max-width: 848px) 100vw, 848px\" \/><p id=\"caption-attachment-95391\" class=\"wp-caption-text\"><span lang=\"FR-CA\">Des f\u00fbts de carburant ont \u00e9t\u00e9 offerts, le 2 mars, par des supporters des PAMAS pour contribuer aux op\u00e9rations de recherche et de sauvetage de l\u2019h\u00e9licopt\u00e8re disparu. [Une photo prise sur le compte Facebook des PAMAS]<\/span><\/p><\/div><span style=\"font-weight: 400;\">L\u2019organisation offre une gamme de services allant de l\u2019\u00e9vacuation sanitaire aux services m\u00e9dicaux et dentaires en passant par des cours d\u2019alphab\u00e9tisation en montagne. De plus, les PAMAS offrent du secours en temps de crises et de catastrophes naturelles, distribuant, dans les r\u00e9gions affect\u00e9es, des articles de secours et des fournitures en plus de transporter des \u00e9quipes m\u00e9dicales.<\/span><\/p>\n<p><span style=\"font-weight: 400;\">Le personnel des PAMAS est d\u00e9vou\u00e9 \u00e0 l\u2019am\u00e9lioration de l\u2019acc\u00e8s aux soins m\u00e9dicaux de ceux qui en ont le plus besoin, et ce, ind\u00e9pendamment de leur situation.<\/span><\/p>\n<p style=\"font-weight: 400;\">La\u00a0<a href=\"https:\/\/adventist.asia\/news\/in-the-philippines-prayers-and-support-pour-out-as-adventist-medical-helicopter-goes-missing-search-and-rescue-operations\/\">version originale<\/a>\u00a0de cet article a \u00e9t\u00e9 publi\u00e9e sur le <a href=\"https:\/\/adventist.asia\/news\/\">site d\u2019actualit\u00e9s<\/a> de la Division du sud de l\u2019Asie et du Pacifique.<\/p>\n<p><span style=\"font-weight: 400;\">Traduction\u00a0: Marie-Mich\u00e8le Robitaille<\/span><\/p>\n","protected":false},"excerpt":{"rendered":"<p>Les pri\u00e8res et le soutien abondent alors que les \u00e9quipes de recherche et de sauvetage sont en cours. Le 4 mars 2023 | Edward Rodriguez, Division du sud de l\u2019Asie&#8230;<\/p>\n","protected":false},"author":3,"featured_media":95346,"comment_status":"closed","ping_status":"closed","sticky":false,"template":"","format":"standard","meta":{"_acf_changed":false,"footnotes":""},"categories":[18,19],"tags":[],"class_list":["post-95471","post","type-post","status-publish","format-standard","has-post-thumbnail","hentry","category-nouvelles-de-leglise-mondiale","category-rss-francais"],"acf":[],"yoast_head":"<!-- This site is optimized with the Yoast SEO plugin v27.3 - https:\/\/yoast.com\/product\/yoast-seo-wordpress\/ -->\n<title>Disparition d\u2019un h\u00e9licopt\u00e8re m\u00e9dical adventiste aux Philippines - \u00c9glise Adventiste Du Septieme Jour - Inter Am\u00e9rique Division<\/title>\n<meta name=\"robots\" content=\"index, follow, max-snippet:-1, max-image-preview:large, max-video-preview:-1\" \/>\n<link rel=\"canonical\" href=\"https:\/\/interamerica.org\/fr\/2023\/03\/disparition-dun-helicoptere-medical-adventiste-aux-philippines\/\" \/>\n<meta property=\"og:locale\" content=\"fr_FR\" \/>\n<meta property=\"og:type\" content=\"article\" \/>\n<meta property=\"og:title\" content=\"Disparition d\u2019un h\u00e9licopt\u00e8re m\u00e9dical adventiste aux Philippines - \u00c9glise Adventiste Du Septieme Jour - Inter Am\u00e9rique Division\" \/>\n<meta property=\"og:description\" content=\"Les pri\u00e8res et le soutien abondent alors que les \u00e9quipes de recherche et de sauvetage sont en cours. Le 4 mars 2023 | Edward Rodriguez, Division du sud de l\u2019Asie...\" \/>\n<meta property=\"og:url\" content=\"https:\/\/interamerica.org\/fr\/2023\/03\/disparition-dun-helicoptere-medical-adventiste-aux-philippines\/\" \/>\n<meta property=\"og:site_name\" content=\"\u00c9glise Adventiste Du Septieme Jour - Inter Am\u00e9rique Division\" \/>\n<meta property=\"article:published_time\" content=\"2023-03-04T21:00:41+00:00\" \/>\n<meta property=\"article:modified_time\" content=\"2023-03-06T15:58:29+00:00\" \/>\n<meta property=\"og:image\" content=\"https:\/\/interamerica.org\/wp-content\/uploads\/2023\/03\/helicopter-phillippines.jpeg\" \/>\n\t<meta property=\"og:image:width\" content=\"1440\" \/>\n\t<meta property=\"og:image:height\" content=\"960\" \/>\n\t<meta property=\"og:image:type\" content=\"image\/jpeg\" \/>\n<meta name=\"author\" content=\"libna\" \/>\n<meta name=\"twitter:card\" content=\"summary_large_image\" \/>\n<meta name=\"twitter:label1\" content=\"\u00c9crit par\" \/>\n\t<meta name=\"twitter:data1\" content=\"libna\" \/>\n\t<meta name=\"twitter:label2\" content=\"Dur\u00e9e de lecture estim\u00e9e\" \/>\n\t<meta name=\"twitter:data2\" content=\"5 minutes\" \/>\n<script type=\"application\/ld+json\" class=\"yoast-schema-graph\">{\"@context\":\"https:\\\/\\\/schema.org\",\"@graph\":[{\"@type\":\"Article\",\"@id\":\"https:\\\/\\\/interamerica.org\\\/fr\\\/2023\\\/03\\\/disparition-dun-helicoptere-medical-adventiste-aux-philippines\\\/#article\",\"isPartOf\":{\"@id\":\"https:\\\/\\\/interamerica.org\\\/fr\\\/2023\\\/03\\\/disparition-dun-helicoptere-medical-adventiste-aux-philippines\\\/\"},\"author\":{\"name\":\"libna\",\"@id\":\"https:\\\/\\\/interamerica.org\\\/fr\\\/#\\\/schema\\\/person\\\/29998f2bc2d8bd0d38662909289b54f1\"},\"headline\":\"Disparition d\u2019un h\u00e9licopt\u00e8re m\u00e9dical adventiste aux Philippines\",\"datePublished\":\"2023-03-04T21:00:41+00:00\",\"dateModified\":\"2023-03-06T15:58:29+00:00\",\"mainEntityOfPage\":{\"@id\":\"https:\\\/\\\/interamerica.org\\\/fr\\\/2023\\\/03\\\/disparition-dun-helicoptere-medical-adventiste-aux-philippines\\\/\"},\"wordCount\":1023,\"image\":{\"@id\":\"https:\\\/\\\/interamerica.org\\\/fr\\\/2023\\\/03\\\/disparition-dun-helicoptere-medical-adventiste-aux-philippines\\\/#primaryimage\"},\"thumbnailUrl\":\"https:\\\/\\\/interamerica.org\\\/wp-content\\\/uploads\\\/2023\\\/03\\\/helicopter-phillippines.jpeg\",\"articleSection\":[\"Nouvelles de l'\u00c9glise mondiale\",\"RSS Fran\u00e7ais\"],\"inLanguage\":\"fr-FR\"},{\"@type\":\"WebPage\",\"@id\":\"https:\\\/\\\/interamerica.org\\\/fr\\\/2023\\\/03\\\/disparition-dun-helicoptere-medical-adventiste-aux-philippines\\\/\",\"url\":\"https:\\\/\\\/interamerica.org\\\/fr\\\/2023\\\/03\\\/disparition-dun-helicoptere-medical-adventiste-aux-philippines\\\/\",\"name\":\"Disparition d\u2019un h\u00e9licopt\u00e8re m\u00e9dical adventiste aux Philippines - \u00c9glise Adventiste Du Septieme Jour - Inter Am\u00e9rique Division\",\"isPartOf\":{\"@id\":\"https:\\\/\\\/interamerica.org\\\/fr\\\/#website\"},\"primaryImageOfPage\":{\"@id\":\"https:\\\/\\\/interamerica.org\\\/fr\\\/2023\\\/03\\\/disparition-dun-helicoptere-medical-adventiste-aux-philippines\\\/#primaryimage\"},\"image\":{\"@id\":\"https:\\\/\\\/interamerica.org\\\/fr\\\/2023\\\/03\\\/disparition-dun-helicoptere-medical-adventiste-aux-philippines\\\/#primaryimage\"},\"thumbnailUrl\":\"https:\\\/\\\/interamerica.org\\\/wp-content\\\/uploads\\\/2023\\\/03\\\/helicopter-phillippines.jpeg\",\"datePublished\":\"2023-03-04T21:00:41+00:00\",\"dateModified\":\"2023-03-06T15:58:29+00:00\",\"author\":{\"@id\":\"https:\\\/\\\/interamerica.org\\\/fr\\\/#\\\/schema\\\/person\\\/29998f2bc2d8bd0d38662909289b54f1\"},\"breadcrumb\":{\"@id\":\"https:\\\/\\\/interamerica.org\\\/fr\\\/2023\\\/03\\\/disparition-dun-helicoptere-medical-adventiste-aux-philippines\\\/#breadcrumb\"},\"inLanguage\":\"fr-FR\",\"potentialAction\":[{\"@type\":\"ReadAction\",\"target\":[\"https:\\\/\\\/interamerica.org\\\/fr\\\/2023\\\/03\\\/disparition-dun-helicoptere-medical-adventiste-aux-philippines\\\/\"]}]},{\"@type\":\"ImageObject\",\"inLanguage\":\"fr-FR\",\"@id\":\"https:\\\/\\\/interamerica.org\\\/fr\\\/2023\\\/03\\\/disparition-dun-helicoptere-medical-adventiste-aux-philippines\\\/#primaryimage\",\"url\":\"https:\\\/\\\/interamerica.org\\\/wp-content\\\/uploads\\\/2023\\\/03\\\/helicopter-phillippines.jpeg\",\"contentUrl\":\"https:\\\/\\\/interamerica.org\\\/wp-content\\\/uploads\\\/2023\\\/03\\\/helicopter-phillippines.jpeg\",\"width\":1440,\"height\":960,\"caption\":\"The Philippine Adventist Medical Aviation Services helicopter that went missing over the Sulu Sea on March 1 as it carried a sick person to a hospital in Palawan. [Photo: courtesy of the PAMAS Facebook account]\"},{\"@type\":\"BreadcrumbList\",\"@id\":\"https:\\\/\\\/interamerica.org\\\/fr\\\/2023\\\/03\\\/disparition-dun-helicoptere-medical-adventiste-aux-philippines\\\/#breadcrumb\",\"itemListElement\":[{\"@type\":\"ListItem\",\"position\":1,\"name\":\"Home\",\"item\":\"https:\\\/\\\/interamerica.org\\\/fr\\\/\"},{\"@type\":\"ListItem\",\"position\":2,\"name\":\"Disparition d\u2019un h\u00e9licopt\u00e8re m\u00e9dical adventiste aux Philippines\"}]},{\"@type\":\"WebSite\",\"@id\":\"https:\\\/\\\/interamerica.org\\\/fr\\\/#website\",\"url\":\"https:\\\/\\\/interamerica.org\\\/fr\\\/\",\"name\":\"\u00c9glise Adventiste Du Septieme Jour - Inter Am\u00e9rique Division\",\"description\":\"\",\"potentialAction\":[{\"@type\":\"SearchAction\",\"target\":{\"@type\":\"EntryPoint\",\"urlTemplate\":\"https:\\\/\\\/interamerica.org\\\/fr\\\/?s={search_term_string}\"},\"query-input\":{\"@type\":\"PropertyValueSpecification\",\"valueRequired\":true,\"valueName\":\"search_term_string\"}}],\"inLanguage\":\"fr-FR\"},{\"@type\":\"Person\",\"@id\":\"https:\\\/\\\/interamerica.org\\\/fr\\\/#\\\/schema\\\/person\\\/29998f2bc2d8bd0d38662909289b54f1\",\"name\":\"libna\",\"image\":{\"@type\":\"ImageObject\",\"inLanguage\":\"fr-FR\",\"@id\":\"https:\\\/\\\/secure.gravatar.com\\\/avatar\\\/7c5bd30ae4b47a9ba3c856590957fd1d96dc588bf3ac05719d247e126840331f?s=96&d=mm&r=g\",\"url\":\"https:\\\/\\\/secure.gravatar.com\\\/avatar\\\/7c5bd30ae4b47a9ba3c856590957fd1d96dc588bf3ac05719d247e126840331f?s=96&d=mm&r=g\",\"contentUrl\":\"https:\\\/\\\/secure.gravatar.com\\\/avatar\\\/7c5bd30ae4b47a9ba3c856590957fd1d96dc588bf3ac05719d247e126840331f?s=96&d=mm&r=g\",\"caption\":\"libna\"}}]}<\/script>\n<!-- \/ Yoast SEO plugin. -->","yoast_head_json":{"title":"Disparition d\u2019un h\u00e9licopt\u00e8re m\u00e9dical adventiste aux Philippines - \u00c9glise Adventiste Du Septieme Jour - Inter Am\u00e9rique Division","robots":{"index":"index","follow":"follow","max-snippet":"max-snippet:-1","max-image-preview":"max-image-preview:large","max-video-preview":"max-video-preview:-1"},"canonical":"https:\/\/interamerica.org\/fr\/2023\/03\/disparition-dun-helicoptere-medical-adventiste-aux-philippines\/","og_locale":"fr_FR","og_type":"article","og_title":"Disparition d\u2019un h\u00e9licopt\u00e8re m\u00e9dical adventiste aux Philippines - \u00c9glise Adventiste Du Septieme Jour - Inter Am\u00e9rique Division","og_description":"Les pri\u00e8res et le soutien abondent alors que les \u00e9quipes de recherche et de sauvetage sont en cours. Le 4 mars 2023 | Edward Rodriguez, Division du sud de l\u2019Asie...","og_url":"https:\/\/interamerica.org\/fr\/2023\/03\/disparition-dun-helicoptere-medical-adventiste-aux-philippines\/","og_site_name":"\u00c9glise Adventiste Du Septieme Jour - Inter Am\u00e9rique Division","article_published_time":"2023-03-04T21:00:41+00:00","article_modified_time":"2023-03-06T15:58:29+00:00","og_image":[{"width":1440,"height":960,"url":"https:\/\/interamerica.org\/wp-content\/uploads\/2023\/03\/helicopter-phillippines.jpeg","type":"image\/jpeg"}],"author":"libna","twitter_card":"summary_large_image","twitter_misc":{"\u00c9crit par":"libna","Dur\u00e9e de lecture estim\u00e9e":"5 minutes"},"schema":{"@context":"https:\/\/schema.org","@graph":[{"@type":"Article","@id":"https:\/\/interamerica.org\/fr\/2023\/03\/disparition-dun-helicoptere-medical-adventiste-aux-philippines\/#article","isPartOf":{"@id":"https:\/\/interamerica.org\/fr\/2023\/03\/disparition-dun-helicoptere-medical-adventiste-aux-philippines\/"},"author":{"name":"libna","@id":"https:\/\/interamerica.org\/fr\/#\/schema\/person\/29998f2bc2d8bd0d38662909289b54f1"},"headline":"Disparition d\u2019un h\u00e9licopt\u00e8re m\u00e9dical adventiste aux Philippines","datePublished":"2023-03-04T21:00:41+00:00","dateModified":"2023-03-06T15:58:29+00:00","mainEntityOfPage":{"@id":"https:\/\/interamerica.org\/fr\/2023\/03\/disparition-dun-helicoptere-medical-adventiste-aux-philippines\/"},"wordCount":1023,"image":{"@id":"https:\/\/interamerica.org\/fr\/2023\/03\/disparition-dun-helicoptere-medical-adventiste-aux-philippines\/#primaryimage"},"thumbnailUrl":"https:\/\/interamerica.org\/wp-content\/uploads\/2023\/03\/helicopter-phillippines.jpeg","articleSection":["Nouvelles de l'\u00c9glise mondiale","RSS Fran\u00e7ais"],"inLanguage":"fr-FR"},{"@type":"WebPage","@id":"https:\/\/interamerica.org\/fr\/2023\/03\/disparition-dun-helicoptere-medical-adventiste-aux-philippines\/","url":"https:\/\/interamerica.org\/fr\/2023\/03\/disparition-dun-helicoptere-medical-adventiste-aux-philippines\/","name":"Disparition d\u2019un h\u00e9licopt\u00e8re m\u00e9dical adventiste aux Philippines - \u00c9glise Adventiste Du Septieme Jour - Inter Am\u00e9rique Division","isPartOf":{"@id":"https:\/\/interamerica.org\/fr\/#website"},"primaryImageOfPage":{"@id":"https:\/\/interamerica.org\/fr\/2023\/03\/disparition-dun-helicoptere-medical-adventiste-aux-philippines\/#primaryimage"},"image":{"@id":"https:\/\/interamerica.org\/fr\/2023\/03\/disparition-dun-helicoptere-medical-adventiste-aux-philippines\/#primaryimage"},"thumbnailUrl":"https:\/\/interamerica.org\/wp-content\/uploads\/2023\/03\/helicopter-phillippines.jpeg","datePublished":"2023-03-04T21:00:41+00:00","dateModified":"2023-03-06T15:58:29+00:00","author":{"@id":"https:\/\/interamerica.org\/fr\/#\/schema\/person\/29998f2bc2d8bd0d38662909289b54f1"},"breadcrumb":{"@id":"https:\/\/interamerica.org\/fr\/2023\/03\/disparition-dun-helicoptere-medical-adventiste-aux-philippines\/#breadcrumb"},"inLanguage":"fr-FR","potentialAction":[{"@type":"ReadAction","target":["https:\/\/interamerica.org\/fr\/2023\/03\/disparition-dun-helicoptere-medical-adventiste-aux-philippines\/"]}]},{"@type":"ImageObject","inLanguage":"fr-FR","@id":"https:\/\/interamerica.org\/fr\/2023\/03\/disparition-dun-helicoptere-medical-adventiste-aux-philippines\/#primaryimage","url":"https:\/\/interamerica.org\/wp-content\/uploads\/2023\/03\/helicopter-phillippines.jpeg","contentUrl":"https:\/\/interamerica.org\/wp-content\/uploads\/2023\/03\/helicopter-phillippines.jpeg","width":1440,"height":960,"caption":"The Philippine Adventist Medical Aviation Services helicopter that went missing over the Sulu Sea on March 1 as it carried a sick person to a hospital in Palawan. [Photo: courtesy of the PAMAS Facebook account]"},{"@type":"BreadcrumbList","@id":"https:\/\/interamerica.org\/fr\/2023\/03\/disparition-dun-helicoptere-medical-adventiste-aux-philippines\/#breadcrumb","itemListElement":[{"@type":"ListItem","position":1,"name":"Home","item":"https:\/\/interamerica.org\/fr\/"},{"@type":"ListItem","position":2,"name":"Disparition d\u2019un h\u00e9licopt\u00e8re m\u00e9dical adventiste aux Philippines"}]},{"@type":"WebSite","@id":"https:\/\/interamerica.org\/fr\/#website","url":"https:\/\/interamerica.org\/fr\/","name":"\u00c9glise Adventiste Du Septieme Jour - Inter Am\u00e9rique Division","description":"","potentialAction":[{"@type":"SearchAction","target":{"@type":"EntryPoint","urlTemplate":"https:\/\/interamerica.org\/fr\/?s={search_term_string}"},"query-input":{"@type":"PropertyValueSpecification","valueRequired":true,"valueName":"search_term_string"}}],"inLanguage":"fr-FR"},{"@type":"Person","@id":"https:\/\/interamerica.org\/fr\/#\/schema\/person\/29998f2bc2d8bd0d38662909289b54f1","name":"libna","image":{"@type":"ImageObject","inLanguage":"fr-FR","@id":"https:\/\/secure.gravatar.com\/avatar\/7c5bd30ae4b47a9ba3c856590957fd1d96dc588bf3ac05719d247e126840331f?s=96&d=mm&r=g","url":"https:\/\/secure.gravatar.com\/avatar\/7c5bd30ae4b47a9ba3c856590957fd1d96dc588bf3ac05719d247e126840331f?s=96&d=mm&r=g","contentUrl":"https:\/\/secure.gravatar.com\/avatar\/7c5bd30ae4b47a9ba3c856590957fd1d96dc588bf3ac05719d247e126840331f?s=96&d=mm&r=g","caption":"libna"}}]}},"_links":{"self":[{"href":"https:\/\/interamerica.org\/fr\/wp-json\/wp\/v2\/posts\/95471","targetHints":{"allow":["GET"]}}],"collection":[{"href":"https:\/\/interamerica.org\/fr\/wp-json\/wp\/v2\/posts"}],"about":[{"href":"https:\/\/interamerica.org\/fr\/wp-json\/wp\/v2\/types\/post"}],"author":[{"embeddable":true,"href":"https:\/\/interamerica.org\/fr\/wp-json\/wp\/v2\/users\/3"}],"replies":[{"embeddable":true,"href":"https:\/\/interamerica.org\/fr\/wp-json\/wp\/v2\/comments?post=95471"}],"version-history":[{"count":0,"href":"https:\/\/interamerica.org\/fr\/wp-json\/wp\/v2\/posts\/95471\/revisions"}],"wp:featuredmedia":[{"embeddable":true,"href":"https:\/\/interamerica.org\/fr\/wp-json\/wp\/v2\/media\/95346"}],"wp:attachment":[{"href":"https:\/\/interamerica.org\/fr\/wp-json\/wp\/v2\/media?parent=95471"}],"wp:term":[{"taxonomy":"category","embeddable":true,"href":"https:\/\/interamerica.org\/fr\/wp-json\/wp\/v2\/categories?post=95471"},{"taxonomy":"post_tag","embeddable":true,"href":"https:\/\/interamerica.org\/fr\/wp-json\/wp\/v2\/tags?post=95471"}],"curies":[{"name":"wp","href":"https:\/\/api.w.org\/{rel}","templated":true}]}}