{"id":95473,"date":"2023-03-05T11:16:58","date_gmt":"2023-03-05T16:16:58","guid":{"rendered":"https:\/\/interamerica.org\/?p=95473"},"modified":"2023-03-06T15:23:44","modified_gmt":"2023-03-06T20:23:44","slug":"luniversite-adventiste-en-argentine-ouvre-un-nouveau-centre-sur-la-creation","status":"publish","type":"post","link":"https:\/\/interamerica.org\/fr\/2023\/03\/luniversite-adventiste-en-argentine-ouvre-un-nouveau-centre-sur-la-creation\/","title":{"rendered":"L\u2019universit\u00e9 adventiste en Argentine ouvre un nouveau centre sur la cr\u00e9ation"},"content":{"rendered":"<div id=\"attachment_95408\" style=\"width: 871px\" class=\"wp-caption aligncenter\"><img fetchpriority=\"high\" decoding=\"async\" aria-describedby=\"caption-attachment-95408\" class=\" wp-image-95407\" src=\"https:\/\/interamerica.org\/wp-content\/uploads\/2023\/03\/creation-argentina-1024x683.jpeg\" alt=\"\" width=\"861\" height=\"574\" srcset=\"https:\/\/interamerica.org\/wp-content\/uploads\/2023\/03\/creation-argentina-1024x683.jpeg 1024w, https:\/\/interamerica.org\/wp-content\/uploads\/2023\/03\/creation-argentina-300x200.jpeg 300w, https:\/\/interamerica.org\/wp-content\/uploads\/2023\/03\/creation-argentina-768x512.jpeg 768w, https:\/\/interamerica.org\/wp-content\/uploads\/2023\/03\/creation-argentina-1536x1024.jpeg 1536w, https:\/\/interamerica.org\/wp-content\/uploads\/2023\/03\/creation-argentina.jpeg 2048w\" sizes=\"(max-width: 861px) 100vw, 861px\" \/><p id=\"caption-attachment-95408\" class=\"wp-caption-text\">Vue nocturne partielle \u00e0 l\u2019ext\u00e9rieur de l\u2019entr\u00e9e du nouveau Centre de Recherche sur la Cr\u00e9ation \u00e0 l\u2019Universit\u00e9 Adventiste de River Plate \u00e0 Entre Rios, en Argentine. [Photo : Universit\u00e9 Adventiste de River Plate]<\/p><\/div>\n<h4>La structure comprend un mus\u00e9e ainsi qu\u2019un laboratoire et une salle de classe pour la recherche en g\u00e9oscience.<\/h4>\n<p>5 Mars 2023 | Argentine | Marcos Paseggi, Adventist Review<\/p>\n<p>Un nouveau centre de ressources ouvrira officiellement ses portes sur le campus de l\u2019Universit\u00e9 Adventiste de River Plate (RPAU) en Argentine en mars 2023. La nouvelle structure h\u00e9bergera un mus\u00e9e, un laboratoire et une salle de recherche en g\u00e9osciences.<\/p>\n<p>Les dirigeants de l\u2019Institut de Recherche en G\u00e9osciences et les responsables de l\u2019\u00e9cole ont organis\u00e9 une c\u00e9r\u00e9monie et une visite pr\u00e9liminaire du b\u00e2timent \u00e0 la fin de l\u2019ann\u00e9e 2022. Au cours du programme, les dirigeants ont pr\u00e9sent\u00e9 un bref aper\u00e7u du projet, y compris les objectifs vis\u00e9s et les caract\u00e9ristiques physiques de la structure.<\/p>\n<p>Parmi les invit\u00e9s sp\u00e9ciaux \u00e0 la c\u00e9r\u00e9monie figuraient Ronald Nalin, directeur de l\u2019Institut de Recherche en G\u00e9osciences de la Conf\u00e9rence G\u00e9n\u00e9rale (GRI), Marcos Natal, directeur du GRI pour la Division Sud-Am\u00e9ricaine, et Roberto Biaggi, pal\u00e9ontologue et ancien directeur du GRI \u00e0 la RPAU. Les dirigeants de la RPAU ont \u00e9galement assist\u00e9 \u00e0 la c\u00e9r\u00e9monie.<\/p>\n<p><div id=\"attachment_95431\" style=\"width: 859px\" class=\"wp-caption aligncenter\"><img decoding=\"async\" aria-describedby=\"caption-attachment-95431\" class=\" wp-image-95430\" src=\"https:\/\/interamerica.org\/wp-content\/uploads\/2023\/03\/52533013344-aa52973212-k-1024x683-1.jpg\" alt=\"\" width=\"849\" height=\"566\" srcset=\"https:\/\/interamerica.org\/wp-content\/uploads\/2023\/03\/52533013344-aa52973212-k-1024x683-1.jpg 1024w, https:\/\/interamerica.org\/wp-content\/uploads\/2023\/03\/52533013344-aa52973212-k-1024x683-1-300x200.jpg 300w, https:\/\/interamerica.org\/wp-content\/uploads\/2023\/03\/52533013344-aa52973212-k-1024x683-1-768x512.jpg 768w\" sizes=\"(max-width: 849px) 100vw, 849px\" \/><p id=\"caption-attachment-95431\" class=\"wp-caption-text\">Les dirigeants et les invit\u00e9s ont assist\u00e9 en fin d\u2019apr\u00e8s-midi \u00e0 la c\u00e9r\u00e9monie d\u2019ouverture du nouveau Centre de Ressources sur la Cr\u00e9ation \u00e0 l\u2019Universit\u00e9 Adventiste de River Plate. [Photo : Universit\u00e9 Adventiste de River Plate]<\/p><\/div>\u00ab Je remercie Dieu et les dirigeants du GRI pour leur soutien et leur participation active \u00e0 la cr\u00e9ation de ce centre, \u00bb a d\u00e9clar\u00e9 le pr\u00e9sident de la RPAU, Horacio Rizzo. \u00ab Ce centre exercera une influence puissante dans notre r\u00e9gion et au-del\u00e0 pour promouvoir une vision du monde bas\u00e9e sur la cr\u00e9ation. \u00bb<\/p>\n<p>Marcos Natal \u00e9tait du m\u00eame avis. \u00ab Je remercie le Seigneur de me permettre d\u2019\u00eatre t\u00e9moin de ce moment. Ce type de projet est extr\u00eamement important pour la mission de l\u2019\u00c9glise adventiste et l\u2019identit\u00e9 de ses membres en tant que peuple de Dieu, \u00bb a-t-il d\u00e9clar\u00e9.<\/p>\n<p>Ronald Nalin a \u00e9galement partag\u00e9 sa joie de participer \u00e0 la c\u00e9r\u00e9monie et a soulign\u00e9 son importance. \u00ab C\u2019est un autre exemple d\u2019\u00e9ducation r\u00e9alis\u00e9e dans le cadre des liens existant entre la science et la foi, \u00bb a-t-il dit. Le nouveau directeur du GRI pour la RPAU est Samuel Abdala, qui travaillait auparavant sur des projets au si\u00e8ge du GRI \u00e0 Loma Linda, en Californie, aux \u00c9tats-Unis.<\/p>\n<p><div id=\"attachment_95425\" style=\"width: 877px\" class=\"wp-caption aligncenter\"><img decoding=\"async\" aria-describedby=\"caption-attachment-95425\" class=\"wp-image-95424\" src=\"https:\/\/interamerica.org\/wp-content\/uploads\/2023\/03\/52533200065-694e5efe6e-k-1024x683-1.jpg\" alt=\"\" width=\"867\" height=\"578\" srcset=\"https:\/\/interamerica.org\/wp-content\/uploads\/2023\/03\/52533200065-694e5efe6e-k-1024x683-1.jpg 1024w, https:\/\/interamerica.org\/wp-content\/uploads\/2023\/03\/52533200065-694e5efe6e-k-1024x683-1-300x200.jpg 300w, https:\/\/interamerica.org\/wp-content\/uploads\/2023\/03\/52533200065-694e5efe6e-k-1024x683-1-768x512.jpg 768w\" sizes=\"(max-width: 867px) 100vw, 867px\" \/><p id=\"caption-attachment-95425\" class=\"wp-caption-text\">Les dirigeants de l\u2019\u00e9glise et les responsables de l\u2019\u00e9cole participent \u00e0 la c\u00e9r\u00e9monie d\u2019inauguration du nouveau centre. [Photo : Universit\u00e9 Adventiste de River Plate]<\/p><\/div>Apr\u00e8s la traditionnelle c\u00e9r\u00e9monie o\u00f9 le ruban a \u00e9t\u00e9 coup\u00e9, les dirigeants et les invit\u00e9s ont visit\u00e9 le site et ont examin\u00e9 les ressources d\u00e9j\u00e0 expos\u00e9es.<\/p>\n<p>\u00ab Ce centre cible deux groupes de personnes en particulier, \u00bb a d\u00e9clar\u00e9 Ronald Nalin dans une interview en marge de la c\u00e9r\u00e9monie. \u00ab Premi\u00e8rement, les \u00e9tudiants, qui arrivent souvent dans cet \u00e9tablissement d\u2019enseignement sup\u00e9rieur sans en savoir suffisamment sur les origines de la terre. Cet endroit leur apportera les connaissances, les outils didactiques et p\u00e9dagogiques qui les aideront \u00e0 trouver des r\u00e9ponses pr\u00e9cieuses \u00e0 leurs questions, \u00bb a-t-il d\u00e9clar\u00e9.<\/p>\n<p>Le deuxi\u00e8me groupe, a soulign\u00e9 Ronald Nalin, est le grand public. \u00ab Il ne fait pas de doute que ce centre g\u00e9n\u00e9rera un r\u00e9seau de connexions avec d\u2019autres institutions \u00e9ducatives de la r\u00e9gion qui visiteront le centre, \u00bb a-t-il dit. \u00ab Il attirera \u00e9galement des chercheurs ayant des connaissances en g\u00e9ologie ou en pal\u00e9ontologie, qui pourront contribuer aux discussions. De telles interactions sont g\u00e9n\u00e9ralement tr\u00e8s productives. \u00bb<\/p>\n<p><div id=\"attachment_95416\" style=\"width: 848px\" class=\"wp-caption aligncenter\"><img loading=\"lazy\" decoding=\"async\" aria-describedby=\"caption-attachment-95416\" class=\" wp-image-95415\" src=\"https:\/\/interamerica.org\/wp-content\/uploads\/2023\/03\/52533196955-72e757757a-k-1024x683-1.jpg\" alt=\"\" width=\"838\" height=\"559\" srcset=\"https:\/\/interamerica.org\/wp-content\/uploads\/2023\/03\/52533196955-72e757757a-k-1024x683-1.jpg 1024w, https:\/\/interamerica.org\/wp-content\/uploads\/2023\/03\/52533196955-72e757757a-k-1024x683-1-300x200.jpg 300w, https:\/\/interamerica.org\/wp-content\/uploads\/2023\/03\/52533196955-72e757757a-k-1024x683-1-768x512.jpg 768w\" sizes=\"(max-width: 838px) 100vw, 838px\" \/><p id=\"caption-attachment-95416\" class=\"wp-caption-text\">Des invit\u00e9s de tous \u00e2ges ont pu profiter de la visite exclusive en avant-premi\u00e8re du Centre de Ressources sur la Cr\u00e9ation en Argentine \u00e0 la fin de l\u2019ann\u00e9e 2022. Le site ouvrira officiellement en mars 2023. [Photo : Universit\u00e9 Adventiste de River Plate]<\/p><\/div>Horacio Rizzo partage cette vision. \u00ab Ce centre est plus qu\u2019un mus\u00e9e. C\u2019est un gardien des ressources locales, avec pour objectif d\u2019obtenir davantage d\u2019arguments, d\u2019un point de vue scientifique, qui soutiennent une vision du monde cr\u00e9ationniste, \u00bb a-t-il dit. \u00ab C\u2019est un espace qui accueillera les r\u00e9sidents de la r\u00e9gion et leur permettra d\u2019explorer des ressources qui ne sont g\u00e9n\u00e9ralement pas si faciles \u00e0 voir. Un exemple de ces ressources sont les restes fossiles qui doivent \u00eatre expos\u00e9s. \u00bb<\/p>\n<p>Au-del\u00e0 de l\u2019approche scientifique du centre, a soulign\u00e9 Horacio Rizzo, \u00ab l\u2019un des objectifs d\u00e9clar\u00e9s du nouveau centre est de reconna\u00eetre la main cr\u00e9atrice de Dieu en tout et d\u2019admirer les preuves abondantes que l\u2019on trouve dans notre r\u00e9gion. \u00bb<\/p>\n<p>Le nouveau centre comprendra le Mus\u00e9e David Rhys et le Laboratoire et Salle de Classe de Recherche G\u00e9oscientifique, et il servira d\u2019antenne de l\u2019Institut de Recherche G\u00e9oscientifique \u00e0 la RPAU.<\/p>\n<p><div id=\"attachment_95422\" style=\"width: 859px\" class=\"wp-caption aligncenter\"><img loading=\"lazy\" decoding=\"async\" aria-describedby=\"caption-attachment-95422\" class=\"wp-image-95421\" src=\"https:\/\/interamerica.org\/wp-content\/uploads\/2023\/03\/52533196255-67e5c02527-k-1024x683-1.jpg\" alt=\"\" width=\"849\" height=\"566\" srcset=\"https:\/\/interamerica.org\/wp-content\/uploads\/2023\/03\/52533196255-67e5c02527-k-1024x683-1.jpg 1024w, https:\/\/interamerica.org\/wp-content\/uploads\/2023\/03\/52533196255-67e5c02527-k-1024x683-1-300x200.jpg 300w, https:\/\/interamerica.org\/wp-content\/uploads\/2023\/03\/52533196255-67e5c02527-k-1024x683-1-768x512.jpg 768w\" sizes=\"(max-width: 849px) 100vw, 849px\" \/><p id=\"caption-attachment-95422\" class=\"wp-caption-text\">Les visiteurs parcourent pour la premi\u00e8re fois les expositions du mus\u00e9e du Centre de Ressources sur la Cr\u00e9ation de l\u2019Universit\u00e9 Adventiste de River Plate. [Photo : Universit\u00e9 Adventiste de River Plate]<\/p><\/div>Le Mus\u00e9e David Rhys encouragera la conservation et la protection du patrimoine pal\u00e9ontologique, g\u00e9ologique et de la biodiversit\u00e9 locale. \u00ab Le mus\u00e9e comportera cinq zones qui repr\u00e9sentent l\u2019origine de la vie selon la Bible, \u00bb a d\u00e9clar\u00e9 Evelyn Montes, biologiste et coordinatrice des activit\u00e9s du GRI \u00e0 la RPAU. Ces zones comprennent la Cr\u00e9ation en Sept Jours, la Conception Intelligente, l\u2019Univers Magnifique, les Roches et les Min\u00e9raux et les Fossiles d\u2019Animaux et de Plantes. L\u2019objectif, a-t-elle ajout\u00e9, est que les personnes qui viennent visiter le mus\u00e9e \u00ab puissent en apprendre davantage sur la Bible, la science et la foi, et d\u00e9couvrir qu\u2019il ne s\u2019agit pas de domaines s\u00e9par\u00e9s mais compatibles. \u00bb<\/p>\n<p>Le Laboratoire et Salle de Classe pour la Recherche G\u00e9oscientifique, d\u2019autre part, aidera les \u00e9tudiants \u00e0 en apprendre davantage sur des sujets li\u00e9s \u00e0 la biodiversit\u00e9 et aux sciences de la terre. Il pr\u00e9voit de promouvoir l\u2019\u00e9tude d\u2019esp\u00e8ces de reptiles, d\u2019amphibiens, d\u2019oiseaux et de mammif\u00e8res pr\u00e9serv\u00e9s, d\u2019invert\u00e9br\u00e9s, de vert\u00e9br\u00e9s et de fossiles, ainsi que de roches et de min\u00e9raux provenant de la zone locale et d\u2019autres r\u00e9gions d\u2019Argentine, du Br\u00e9sil et d\u2019Uruguay.<\/p>\n<p>Le nouveau Centre de Ressources sur la Cr\u00e9ation fait partie d\u2019un r\u00e9seau de centres universitaires du syst\u00e8me \u00e9ducatif adventiste. Le GRI a \u00e9t\u00e9 cr\u00e9\u00e9 avec pour mission de d\u00e9couvrir et de partager une compr\u00e9hension de la nature et de sa relation avec la r\u00e9v\u00e9lation biblique de Dieu en tant que Cr\u00e9ateur.<\/p>\n<p><div id=\"attachment_95419\" style=\"width: 885px\" class=\"wp-caption aligncenter\"><img loading=\"lazy\" decoding=\"async\" aria-describedby=\"caption-attachment-95419\" class=\" wp-image-95418\" src=\"https:\/\/interamerica.org\/wp-content\/uploads\/2023\/03\/52532254457-bb7e469ebd-k-1024x683-1.jpg\" alt=\"\" width=\"875\" height=\"583\" srcset=\"https:\/\/interamerica.org\/wp-content\/uploads\/2023\/03\/52532254457-bb7e469ebd-k-1024x683-1.jpg 1024w, https:\/\/interamerica.org\/wp-content\/uploads\/2023\/03\/52532254457-bb7e469ebd-k-1024x683-1-300x200.jpg 300w, https:\/\/interamerica.org\/wp-content\/uploads\/2023\/03\/52532254457-bb7e469ebd-k-1024x683-1-768x512.jpg 768w\" sizes=\"(max-width: 875px) 100vw, 875px\" \/><p id=\"caption-attachment-95419\" class=\"wp-caption-text\">Les expositions du mus\u00e9e comprennent des ressources adapt\u00e9es aux enfants. [Photo : Universit\u00e9 Adventiste de River Plate]<\/p><\/div>L\u2019Universit\u00e9 Adventiste de River Plate et l\u2019Institut de Recherche G\u00e9oscientifique de la Conf\u00e9rence G\u00e9n\u00e9rale ont contribu\u00e9 \u00e0 la r\u00e9daction de cet article.<\/p>\n<p>Traduction: Patrick Luciathe<\/p>\n","protected":false},"excerpt":{"rendered":"<p>La structure comprend un mus\u00e9e ainsi qu\u2019un laboratoire et une salle de classe pour la recherche en g\u00e9oscience. 5 Mars 2023 | Argentine | Marcos Paseggi, Adventist Review Un nouveau&#8230;<\/p>\n","protected":false},"author":3,"featured_media":95408,"comment_status":"closed","ping_status":"closed","sticky":false,"template":"","format":"standard","meta":{"_acf_changed":false,"footnotes":""},"categories":[18,19],"tags":[],"class_list":["post-95473","post","type-post","status-publish","format-standard","has-post-thumbnail","hentry","category-nouvelles-de-leglise-mondiale","category-rss-francais"],"acf":[],"yoast_head":"<!-- This site is optimized with the Yoast SEO plugin v27.3 - https:\/\/yoast.com\/product\/yoast-seo-wordpress\/ -->\n<title>L\u2019universit\u00e9 adventiste en Argentine ouvre un nouveau centre sur la cr\u00e9ation - \u00c9glise Adventiste Du Septieme Jour - Inter Am\u00e9rique Division<\/title>\n<meta name=\"robots\" content=\"index, follow, max-snippet:-1, max-image-preview:large, max-video-preview:-1\" \/>\n<link rel=\"canonical\" href=\"https:\/\/interamerica.org\/fr\/2023\/03\/luniversite-adventiste-en-argentine-ouvre-un-nouveau-centre-sur-la-creation\/\" \/>\n<meta property=\"og:locale\" content=\"fr_FR\" \/>\n<meta property=\"og:type\" content=\"article\" \/>\n<meta property=\"og:title\" content=\"L\u2019universit\u00e9 adventiste en Argentine ouvre un nouveau centre sur la cr\u00e9ation - \u00c9glise Adventiste Du Septieme Jour - Inter Am\u00e9rique Division\" \/>\n<meta property=\"og:description\" content=\"La structure comprend un mus\u00e9e ainsi qu\u2019un laboratoire et une salle de classe pour la recherche en g\u00e9oscience. 5 Mars 2023 | Argentine | Marcos Paseggi, Adventist Review Un nouveau...\" \/>\n<meta property=\"og:url\" content=\"https:\/\/interamerica.org\/fr\/2023\/03\/luniversite-adventiste-en-argentine-ouvre-un-nouveau-centre-sur-la-creation\/\" \/>\n<meta property=\"og:site_name\" content=\"\u00c9glise Adventiste Du Septieme Jour - Inter Am\u00e9rique Division\" \/>\n<meta property=\"article:published_time\" content=\"2023-03-05T16:16:58+00:00\" \/>\n<meta property=\"article:modified_time\" content=\"2023-03-06T20:23:44+00:00\" \/>\n<meta property=\"og:image\" content=\"https:\/\/interamerica.org\/wp-content\/uploads\/2023\/03\/creation-argentina.jpeg\" \/>\n\t<meta property=\"og:image:width\" content=\"2048\" \/>\n\t<meta property=\"og:image:height\" content=\"1365\" \/>\n\t<meta property=\"og:image:type\" content=\"image\/jpeg\" \/>\n<meta name=\"author\" content=\"libna\" \/>\n<meta name=\"twitter:card\" content=\"summary_large_image\" \/>\n<meta name=\"twitter:label1\" content=\"\u00c9crit par\" \/>\n\t<meta name=\"twitter:data1\" content=\"libna\" \/>\n\t<meta name=\"twitter:label2\" content=\"Dur\u00e9e de lecture estim\u00e9e\" \/>\n\t<meta name=\"twitter:data2\" content=\"6 minutes\" \/>\n<script type=\"application\/ld+json\" class=\"yoast-schema-graph\">{\"@context\":\"https:\\\/\\\/schema.org\",\"@graph\":[{\"@type\":\"Article\",\"@id\":\"https:\\\/\\\/interamerica.org\\\/fr\\\/2023\\\/03\\\/luniversite-adventiste-en-argentine-ouvre-un-nouveau-centre-sur-la-creation\\\/#article\",\"isPartOf\":{\"@id\":\"https:\\\/\\\/interamerica.org\\\/fr\\\/2023\\\/03\\\/luniversite-adventiste-en-argentine-ouvre-un-nouveau-centre-sur-la-creation\\\/\"},\"author\":{\"name\":\"libna\",\"@id\":\"https:\\\/\\\/interamerica.org\\\/fr\\\/#\\\/schema\\\/person\\\/29998f2bc2d8bd0d38662909289b54f1\"},\"headline\":\"L\u2019universit\u00e9 adventiste en Argentine ouvre un nouveau centre sur la cr\u00e9ation\",\"datePublished\":\"2023-03-05T16:16:58+00:00\",\"dateModified\":\"2023-03-06T20:23:44+00:00\",\"mainEntityOfPage\":{\"@id\":\"https:\\\/\\\/interamerica.org\\\/fr\\\/2023\\\/03\\\/luniversite-adventiste-en-argentine-ouvre-un-nouveau-centre-sur-la-creation\\\/\"},\"wordCount\":1286,\"image\":{\"@id\":\"https:\\\/\\\/interamerica.org\\\/fr\\\/2023\\\/03\\\/luniversite-adventiste-en-argentine-ouvre-un-nouveau-centre-sur-la-creation\\\/#primaryimage\"},\"thumbnailUrl\":\"https:\\\/\\\/interamerica.org\\\/wp-content\\\/uploads\\\/2023\\\/03\\\/creation-argentina.jpeg\",\"articleSection\":[\"Nouvelles de l'\u00c9glise mondiale\",\"RSS Fran\u00e7ais\"],\"inLanguage\":\"fr-FR\"},{\"@type\":\"WebPage\",\"@id\":\"https:\\\/\\\/interamerica.org\\\/fr\\\/2023\\\/03\\\/luniversite-adventiste-en-argentine-ouvre-un-nouveau-centre-sur-la-creation\\\/\",\"url\":\"https:\\\/\\\/interamerica.org\\\/fr\\\/2023\\\/03\\\/luniversite-adventiste-en-argentine-ouvre-un-nouveau-centre-sur-la-creation\\\/\",\"name\":\"L\u2019universit\u00e9 adventiste en Argentine ouvre un nouveau centre sur la cr\u00e9ation - \u00c9glise Adventiste Du Septieme Jour - Inter Am\u00e9rique Division\",\"isPartOf\":{\"@id\":\"https:\\\/\\\/interamerica.org\\\/fr\\\/#website\"},\"primaryImageOfPage\":{\"@id\":\"https:\\\/\\\/interamerica.org\\\/fr\\\/2023\\\/03\\\/luniversite-adventiste-en-argentine-ouvre-un-nouveau-centre-sur-la-creation\\\/#primaryimage\"},\"image\":{\"@id\":\"https:\\\/\\\/interamerica.org\\\/fr\\\/2023\\\/03\\\/luniversite-adventiste-en-argentine-ouvre-un-nouveau-centre-sur-la-creation\\\/#primaryimage\"},\"thumbnailUrl\":\"https:\\\/\\\/interamerica.org\\\/wp-content\\\/uploads\\\/2023\\\/03\\\/creation-argentina.jpeg\",\"datePublished\":\"2023-03-05T16:16:58+00:00\",\"dateModified\":\"2023-03-06T20:23:44+00:00\",\"author\":{\"@id\":\"https:\\\/\\\/interamerica.org\\\/fr\\\/#\\\/schema\\\/person\\\/29998f2bc2d8bd0d38662909289b54f1\"},\"breadcrumb\":{\"@id\":\"https:\\\/\\\/interamerica.org\\\/fr\\\/2023\\\/03\\\/luniversite-adventiste-en-argentine-ouvre-un-nouveau-centre-sur-la-creation\\\/#breadcrumb\"},\"inLanguage\":\"fr-FR\",\"potentialAction\":[{\"@type\":\"ReadAction\",\"target\":[\"https:\\\/\\\/interamerica.org\\\/fr\\\/2023\\\/03\\\/luniversite-adventiste-en-argentine-ouvre-un-nouveau-centre-sur-la-creation\\\/\"]}]},{\"@type\":\"ImageObject\",\"inLanguage\":\"fr-FR\",\"@id\":\"https:\\\/\\\/interamerica.org\\\/fr\\\/2023\\\/03\\\/luniversite-adventiste-en-argentine-ouvre-un-nouveau-centre-sur-la-creation\\\/#primaryimage\",\"url\":\"https:\\\/\\\/interamerica.org\\\/wp-content\\\/uploads\\\/2023\\\/03\\\/creation-argentina.jpeg\",\"contentUrl\":\"https:\\\/\\\/interamerica.org\\\/wp-content\\\/uploads\\\/2023\\\/03\\\/creation-argentina.jpeg\",\"width\":2048,\"height\":1365,\"caption\":\"Partial night view outside the entrance of the new Creation Research Center at River Plate Adventist University in Entre Rios, Argentina. [Photo: River Plate Adventist University]\"},{\"@type\":\"BreadcrumbList\",\"@id\":\"https:\\\/\\\/interamerica.org\\\/fr\\\/2023\\\/03\\\/luniversite-adventiste-en-argentine-ouvre-un-nouveau-centre-sur-la-creation\\\/#breadcrumb\",\"itemListElement\":[{\"@type\":\"ListItem\",\"position\":1,\"name\":\"Home\",\"item\":\"https:\\\/\\\/interamerica.org\\\/fr\\\/\"},{\"@type\":\"ListItem\",\"position\":2,\"name\":\"L\u2019universit\u00e9 adventiste en Argentine ouvre un nouveau centre sur la cr\u00e9ation\"}]},{\"@type\":\"WebSite\",\"@id\":\"https:\\\/\\\/interamerica.org\\\/fr\\\/#website\",\"url\":\"https:\\\/\\\/interamerica.org\\\/fr\\\/\",\"name\":\"\u00c9glise Adventiste Du Septieme Jour - Inter Am\u00e9rique Division\",\"description\":\"\",\"potentialAction\":[{\"@type\":\"SearchAction\",\"target\":{\"@type\":\"EntryPoint\",\"urlTemplate\":\"https:\\\/\\\/interamerica.org\\\/fr\\\/?s={search_term_string}\"},\"query-input\":{\"@type\":\"PropertyValueSpecification\",\"valueRequired\":true,\"valueName\":\"search_term_string\"}}],\"inLanguage\":\"fr-FR\"},{\"@type\":\"Person\",\"@id\":\"https:\\\/\\\/interamerica.org\\\/fr\\\/#\\\/schema\\\/person\\\/29998f2bc2d8bd0d38662909289b54f1\",\"name\":\"libna\",\"image\":{\"@type\":\"ImageObject\",\"inLanguage\":\"fr-FR\",\"@id\":\"https:\\\/\\\/secure.gravatar.com\\\/avatar\\\/7c5bd30ae4b47a9ba3c856590957fd1d96dc588bf3ac05719d247e126840331f?s=96&d=mm&r=g\",\"url\":\"https:\\\/\\\/secure.gravatar.com\\\/avatar\\\/7c5bd30ae4b47a9ba3c856590957fd1d96dc588bf3ac05719d247e126840331f?s=96&d=mm&r=g\",\"contentUrl\":\"https:\\\/\\\/secure.gravatar.com\\\/avatar\\\/7c5bd30ae4b47a9ba3c856590957fd1d96dc588bf3ac05719d247e126840331f?s=96&d=mm&r=g\",\"caption\":\"libna\"}}]}<\/script>\n<!-- \/ Yoast SEO plugin. -->","yoast_head_json":{"title":"L\u2019universit\u00e9 adventiste en Argentine ouvre un nouveau centre sur la cr\u00e9ation - \u00c9glise Adventiste Du Septieme Jour - Inter Am\u00e9rique Division","robots":{"index":"index","follow":"follow","max-snippet":"max-snippet:-1","max-image-preview":"max-image-preview:large","max-video-preview":"max-video-preview:-1"},"canonical":"https:\/\/interamerica.org\/fr\/2023\/03\/luniversite-adventiste-en-argentine-ouvre-un-nouveau-centre-sur-la-creation\/","og_locale":"fr_FR","og_type":"article","og_title":"L\u2019universit\u00e9 adventiste en Argentine ouvre un nouveau centre sur la cr\u00e9ation - \u00c9glise Adventiste Du Septieme Jour - Inter Am\u00e9rique Division","og_description":"La structure comprend un mus\u00e9e ainsi qu\u2019un laboratoire et une salle de classe pour la recherche en g\u00e9oscience. 5 Mars 2023 | Argentine | Marcos Paseggi, Adventist Review Un nouveau...","og_url":"https:\/\/interamerica.org\/fr\/2023\/03\/luniversite-adventiste-en-argentine-ouvre-un-nouveau-centre-sur-la-creation\/","og_site_name":"\u00c9glise Adventiste Du Septieme Jour - Inter Am\u00e9rique Division","article_published_time":"2023-03-05T16:16:58+00:00","article_modified_time":"2023-03-06T20:23:44+00:00","og_image":[{"width":2048,"height":1365,"url":"https:\/\/interamerica.org\/wp-content\/uploads\/2023\/03\/creation-argentina.jpeg","type":"image\/jpeg"}],"author":"libna","twitter_card":"summary_large_image","twitter_misc":{"\u00c9crit par":"libna","Dur\u00e9e de lecture estim\u00e9e":"6 minutes"},"schema":{"@context":"https:\/\/schema.org","@graph":[{"@type":"Article","@id":"https:\/\/interamerica.org\/fr\/2023\/03\/luniversite-adventiste-en-argentine-ouvre-un-nouveau-centre-sur-la-creation\/#article","isPartOf":{"@id":"https:\/\/interamerica.org\/fr\/2023\/03\/luniversite-adventiste-en-argentine-ouvre-un-nouveau-centre-sur-la-creation\/"},"author":{"name":"libna","@id":"https:\/\/interamerica.org\/fr\/#\/schema\/person\/29998f2bc2d8bd0d38662909289b54f1"},"headline":"L\u2019universit\u00e9 adventiste en Argentine ouvre un nouveau centre sur la cr\u00e9ation","datePublished":"2023-03-05T16:16:58+00:00","dateModified":"2023-03-06T20:23:44+00:00","mainEntityOfPage":{"@id":"https:\/\/interamerica.org\/fr\/2023\/03\/luniversite-adventiste-en-argentine-ouvre-un-nouveau-centre-sur-la-creation\/"},"wordCount":1286,"image":{"@id":"https:\/\/interamerica.org\/fr\/2023\/03\/luniversite-adventiste-en-argentine-ouvre-un-nouveau-centre-sur-la-creation\/#primaryimage"},"thumbnailUrl":"https:\/\/interamerica.org\/wp-content\/uploads\/2023\/03\/creation-argentina.jpeg","articleSection":["Nouvelles de l'\u00c9glise mondiale","RSS Fran\u00e7ais"],"inLanguage":"fr-FR"},{"@type":"WebPage","@id":"https:\/\/interamerica.org\/fr\/2023\/03\/luniversite-adventiste-en-argentine-ouvre-un-nouveau-centre-sur-la-creation\/","url":"https:\/\/interamerica.org\/fr\/2023\/03\/luniversite-adventiste-en-argentine-ouvre-un-nouveau-centre-sur-la-creation\/","name":"L\u2019universit\u00e9 adventiste en Argentine ouvre un nouveau centre sur la cr\u00e9ation - \u00c9glise Adventiste Du Septieme Jour - Inter Am\u00e9rique Division","isPartOf":{"@id":"https:\/\/interamerica.org\/fr\/#website"},"primaryImageOfPage":{"@id":"https:\/\/interamerica.org\/fr\/2023\/03\/luniversite-adventiste-en-argentine-ouvre-un-nouveau-centre-sur-la-creation\/#primaryimage"},"image":{"@id":"https:\/\/interamerica.org\/fr\/2023\/03\/luniversite-adventiste-en-argentine-ouvre-un-nouveau-centre-sur-la-creation\/#primaryimage"},"thumbnailUrl":"https:\/\/interamerica.org\/wp-content\/uploads\/2023\/03\/creation-argentina.jpeg","datePublished":"2023-03-05T16:16:58+00:00","dateModified":"2023-03-06T20:23:44+00:00","author":{"@id":"https:\/\/interamerica.org\/fr\/#\/schema\/person\/29998f2bc2d8bd0d38662909289b54f1"},"breadcrumb":{"@id":"https:\/\/interamerica.org\/fr\/2023\/03\/luniversite-adventiste-en-argentine-ouvre-un-nouveau-centre-sur-la-creation\/#breadcrumb"},"inLanguage":"fr-FR","potentialAction":[{"@type":"ReadAction","target":["https:\/\/interamerica.org\/fr\/2023\/03\/luniversite-adventiste-en-argentine-ouvre-un-nouveau-centre-sur-la-creation\/"]}]},{"@type":"ImageObject","inLanguage":"fr-FR","@id":"https:\/\/interamerica.org\/fr\/2023\/03\/luniversite-adventiste-en-argentine-ouvre-un-nouveau-centre-sur-la-creation\/#primaryimage","url":"https:\/\/interamerica.org\/wp-content\/uploads\/2023\/03\/creation-argentina.jpeg","contentUrl":"https:\/\/interamerica.org\/wp-content\/uploads\/2023\/03\/creation-argentina.jpeg","width":2048,"height":1365,"caption":"Partial night view outside the entrance of the new Creation Research Center at River Plate Adventist University in Entre Rios, Argentina. [Photo: River Plate Adventist University]"},{"@type":"BreadcrumbList","@id":"https:\/\/interamerica.org\/fr\/2023\/03\/luniversite-adventiste-en-argentine-ouvre-un-nouveau-centre-sur-la-creation\/#breadcrumb","itemListElement":[{"@type":"ListItem","position":1,"name":"Home","item":"https:\/\/interamerica.org\/fr\/"},{"@type":"ListItem","position":2,"name":"L\u2019universit\u00e9 adventiste en Argentine ouvre un nouveau centre sur la cr\u00e9ation"}]},{"@type":"WebSite","@id":"https:\/\/interamerica.org\/fr\/#website","url":"https:\/\/interamerica.org\/fr\/","name":"\u00c9glise Adventiste Du Septieme Jour - Inter Am\u00e9rique Division","description":"","potentialAction":[{"@type":"SearchAction","target":{"@type":"EntryPoint","urlTemplate":"https:\/\/interamerica.org\/fr\/?s={search_term_string}"},"query-input":{"@type":"PropertyValueSpecification","valueRequired":true,"valueName":"search_term_string"}}],"inLanguage":"fr-FR"},{"@type":"Person","@id":"https:\/\/interamerica.org\/fr\/#\/schema\/person\/29998f2bc2d8bd0d38662909289b54f1","name":"libna","image":{"@type":"ImageObject","inLanguage":"fr-FR","@id":"https:\/\/secure.gravatar.com\/avatar\/7c5bd30ae4b47a9ba3c856590957fd1d96dc588bf3ac05719d247e126840331f?s=96&d=mm&r=g","url":"https:\/\/secure.gravatar.com\/avatar\/7c5bd30ae4b47a9ba3c856590957fd1d96dc588bf3ac05719d247e126840331f?s=96&d=mm&r=g","contentUrl":"https:\/\/secure.gravatar.com\/avatar\/7c5bd30ae4b47a9ba3c856590957fd1d96dc588bf3ac05719d247e126840331f?s=96&d=mm&r=g","caption":"libna"}}]}},"_links":{"self":[{"href":"https:\/\/interamerica.org\/fr\/wp-json\/wp\/v2\/posts\/95473","targetHints":{"allow":["GET"]}}],"collection":[{"href":"https:\/\/interamerica.org\/fr\/wp-json\/wp\/v2\/posts"}],"about":[{"href":"https:\/\/interamerica.org\/fr\/wp-json\/wp\/v2\/types\/post"}],"author":[{"embeddable":true,"href":"https:\/\/interamerica.org\/fr\/wp-json\/wp\/v2\/users\/3"}],"replies":[{"embeddable":true,"href":"https:\/\/interamerica.org\/fr\/wp-json\/wp\/v2\/comments?post=95473"}],"version-history":[{"count":0,"href":"https:\/\/interamerica.org\/fr\/wp-json\/wp\/v2\/posts\/95473\/revisions"}],"wp:featuredmedia":[{"embeddable":true,"href":"https:\/\/interamerica.org\/fr\/wp-json\/wp\/v2\/media\/95408"}],"wp:attachment":[{"href":"https:\/\/interamerica.org\/fr\/wp-json\/wp\/v2\/media?parent=95473"}],"wp:term":[{"taxonomy":"category","embeddable":true,"href":"https:\/\/interamerica.org\/fr\/wp-json\/wp\/v2\/categories?post=95473"},{"taxonomy":"post_tag","embeddable":true,"href":"https:\/\/interamerica.org\/fr\/wp-json\/wp\/v2\/tags?post=95473"}],"curies":[{"name":"wp","href":"https:\/\/api.w.org\/{rel}","templated":true}]}}