{"id":96742,"date":"2023-03-31T09:27:17","date_gmt":"2023-03-31T13:27:17","guid":{"rendered":"https:\/\/interamerica.org\/?p=96742"},"modified":"2023-03-31T20:55:11","modified_gmt":"2023-04-01T00:55:11","slug":"les-clubs-de-cyclisme-adventistes-mettant-laccent-sur-un-mode-de-vie-sain-comptent-desormais-pres-de-500-membres-en-colombie","status":"publish","type":"post","link":"https:\/\/interamerica.org\/fr\/2023\/03\/les-clubs-de-cyclisme-adventistes-mettant-laccent-sur-un-mode-de-vie-sain-comptent-desormais-pres-de-500-membres-en-colombie\/","title":{"rendered":"Les clubs de cyclisme adventistes mettant l\u2019accent sur un mode de vie sain comptent d\u00e9sormais pr\u00e8s de 500 membres en Colombie"},"content":{"rendered":"<p><div id=\"attachment_96681\" style=\"width: 1124px\" class=\"wp-caption aligncenter\"><img fetchpriority=\"high\" decoding=\"async\" aria-describedby=\"caption-attachment-96681\" class=\" wp-image-96680\" src=\"https:\/\/interamerica.org\/wp-content\/uploads\/2023\/03\/hope-onwheels-mar20-1280-1024x640.jpg\" alt=\"\" width=\"1114\" height=\"696\" srcset=\"https:\/\/interamerica.org\/wp-content\/uploads\/2023\/03\/hope-onwheels-mar20-1280-1024x640.jpg 1024w, https:\/\/interamerica.org\/wp-content\/uploads\/2023\/03\/hope-onwheels-mar20-1280-300x188.jpg 300w, https:\/\/interamerica.org\/wp-content\/uploads\/2023\/03\/hope-onwheels-mar20-1280-768x480.jpg 768w, https:\/\/interamerica.org\/wp-content\/uploads\/2023\/03\/hope-onwheels-mar20-1280.jpg 1280w\" sizes=\"(max-width: 1114px) 100vw, 1114px\" \/><p id=\"caption-attachment-96681\" class=\"wp-caption-text\">Un club de cyclisme \u00ab Je Veux Vivre en Bonne Sant\u00e9 \u00bb \u00e0 La Garita, dans le nord de la Colombie, fait une pause sur un pont pendant son parcours le 19 mars 2023. L\u2019initiative, baptis\u00e9e \u00ab Esp\u00e9rance sur Roues \u00bb fait partie d\u2019une s\u00e9rie d\u2019activit\u00e9s cyclistes mises en place par l\u2019\u00c9glise adventiste du septi\u00e8me jour dans les unions du Nord et du Sud de la Colombie ; elle a attir\u00e9 480 personnes pr\u00eates \u00e0 p\u00e9daler dans leurs r\u00e9gions respectives afin de promouvoir un mode de vie sain les 19 et 20 mars 2023. [Photo : Union du Nord de la Colombie]<\/p><\/div>31 Mars 2023 | Bogota, Colombie | Laura Acosta, Daniela Arrieta et Division Inter Am\u00e9ricaine<\/p>\n<p>Les clubs cyclistes adventistes du septi\u00e8me jour en Colombie comptent d\u00e9sormais pr\u00e8s de 500 membres gr\u00e2ce \u00e0 une initiative nationale visant \u00e0 promouvoir un mode de vie sain. Baptis\u00e9s \u00ab Je Veux Vivre en Bonne Sant\u00e9, \u00bb les clubs de cyclisme ont amen\u00e9 non seulement les membres d\u2019\u00e9glise \u00e0 devenir actifs dans le sport, mais aussi leurs amis. Lors d\u2019une r\u00e9cente activit\u00e9 organis\u00e9e \u00e0 l\u2019\u00e9chelle nationale, 480 cyclistes ont emprunt\u00e9 les routes de leurs r\u00e9gions respectives les 19 et 20 mars 2023.<\/p>\n<p>Les cyclistes ont enregistr\u00e9 leurs kilom\u00e8tres via le groupe QVS Colombie sur l\u2019application Strava et ont pu promouvoir l\u2019activit\u00e9 de vie saine en tant que communaut\u00e9 adventiste, ont indiqu\u00e9 les organisateurs. L\u2019\u00e9glise dans les r\u00e9gions du sud et du nord a travaill\u00e9 \u00e0 la promotion de l\u2019initiative, motivant les membres \u00e0 organiser des clubs de cyclisme et \u00e0 inclure des joggeurs et des patineurs \u00e0 roulettes pour qu\u2019ils s\u2019unissent afin de promouvoir \u00e9galement une vie active.<\/p>\n<p><div id=\"attachment_96675\" style=\"width: 1085px\" class=\"wp-caption aligncenter\"><img decoding=\"async\" aria-describedby=\"caption-attachment-96675\" class=\" wp-image-96674\" src=\"https:\/\/interamerica.org\/wp-content\/uploads\/2023\/03\/socu-hope-on-wheels-mar19.jpg\" alt=\"\" width=\"1075\" height=\"741\" srcset=\"https:\/\/interamerica.org\/wp-content\/uploads\/2023\/03\/socu-hope-on-wheels-mar19.jpg 1000w, https:\/\/interamerica.org\/wp-content\/uploads\/2023\/03\/socu-hope-on-wheels-mar19-300x207.jpg 300w, https:\/\/interamerica.org\/wp-content\/uploads\/2023\/03\/socu-hope-on-wheels-mar19-768x529.jpg 768w\" sizes=\"(max-width: 1075px) 100vw, 1075px\" \/><p id=\"caption-attachment-96675\" class=\"wp-caption-text\">Un groupe de cyclistes s\u2019arr\u00eate sur un pont pr\u00e8s de la c\u00f4te sud de la Colombie, le 20 mars 2023. [Photo : Union du Sud de la Colombie]<\/p><\/div>\u00ab Le cyclisme est devenu l\u2019un des sports les plus populaires et connaissant le plus de succ\u00e8s en Colombie, non seulement au niveau professionnel mais aussi dans le domaine r\u00e9cr\u00e9atif et amateur, \u00bb a d\u00e9clar\u00e9 pasteur Leonel Preciado, le directeur des minist\u00e8res de la sant\u00e9 pour l\u2019Union du Sud de la Colombie, qui est lui-m\u00eame cycliste. L\u2019une des raisons pour lesquelles le sport a \u00e9t\u00e9 largement adopt\u00e9 est li\u00e9e aux caract\u00e9ristiques g\u00e9ographiques du pays qui compte des montagnes et des paysages qui offrent un d\u00e9fi id\u00e9al aux cyclistes, mais aussi \u00e0 la passion et au d\u00e9vouement des colombiens pour ce sport, a-t-il expliqu\u00e9.<\/p>\n<p><strong>\u00ab Esp\u00e9rance sur Roues \u00bb<\/strong><\/p>\n<p>\u00ab Nous avons motiv\u00e9 nos membres d\u2019\u00e9glise \u00e0 rejoindre le club de cyclisme \u2018Je Veux Vivre en Bonne Sant\u00e9\u2019 en tant que club officiel ayant des statuts et une assurance pour ses cyclistes, \u00bb a dit Leonel Preciado. L\u2019ann\u00e9e derni\u00e8re, il y a eu des itin\u00e9raires cyclistes o\u00f9 l\u2019attention a \u00e9t\u00e9 attir\u00e9e sur le th\u00e8me \u00ab Esp\u00e9rance sur Roues, \u00bb a-t-il d\u00e9clar\u00e9. \u00ab Les 19 et 20 mars, nous avons atteint un objectif tr\u00e8s important ; nous avions une strat\u00e9gie visant \u00e0 motiver les personnes \u00e0 atteindre 20000 kilom\u00e8tres, et nous avons pu atteindre cet objectif dans les villes et les districts municipaux, et dans les communaut\u00e9s o\u00f9 des dizaines sont sortis avec leurs clubs, tout seuls ou en famille pour relever le d\u00e9fi. \u00bb<\/p>\n<p><div id=\"attachment_96672\" style=\"width: 1086px\" class=\"wp-caption aligncenter\"><img decoding=\"async\" aria-describedby=\"caption-attachment-96672\" class=\" wp-image-96671\" src=\"https:\/\/interamerica.org\/wp-content\/uploads\/2023\/03\/socu-qvs-cilicsmo-mar20-2023.jpg\" alt=\"\" width=\"1076\" height=\"807\" srcset=\"https:\/\/interamerica.org\/wp-content\/uploads\/2023\/03\/socu-qvs-cilicsmo-mar20-2023.jpg 900w, https:\/\/interamerica.org\/wp-content\/uploads\/2023\/03\/socu-qvs-cilicsmo-mar20-2023-300x225.jpg 300w, https:\/\/interamerica.org\/wp-content\/uploads\/2023\/03\/socu-qvs-cilicsmo-mar20-2023-768x576.jpg 768w\" sizes=\"(max-width: 1076px) 100vw, 1076px\" \/><p id=\"caption-attachment-96672\" class=\"wp-caption-text\">Un groupe de cyclistes p\u00e9dalent ensemble \u00e0 travers la campagne dans la r\u00e9gion sud de la Colombie le 20 mars 2023. [Photo : Union du Sud de la Colombie]<\/p><\/div>\u00ab Les 20000 kilom\u00e8tres atteints en deux jours constituaient une d\u00e9monstration que nous pouvons nous unir pour faire de grandes choses afin de t\u00e9moigner que nous avons une \u00e9glise en bonne sant\u00e9 qui a des habitudes et des modes de vie sains, \u00bb a d\u00e9clar\u00e9 pasteur Preciado.<\/p>\n<p>L\u2019initiative est l\u2019id\u00e9e d\u2019un groupe de cyclistes professionnels et est soutenue par les deux unions de l\u2019\u00e9glise en Colombie.<\/p>\n<p>Pasteur Mauricio Buitrago, directeur des minist\u00e8res de la sant\u00e9 pour l\u2019Union du Nord de la Colombie, qui pratique r\u00e9guli\u00e8rement le cyclisme \u00e0 Medellin et dans d&rsquo;autres parties de la r\u00e9gion du nord, a d\u00e9clar\u00e9 : \u00ab Sans aucun doute, ce d\u00e9fi visant \u00e0 atteindre 20000 kilom\u00e8tres en deux jours est une opportunit\u00e9 de d\u00e9montrer la passion pour le cyclisme et de contribuer \u00e0 promouvoir un mode de vie actif et plus sain. J\u2019esp\u00e8re que cette initiative incitera plus de personnes \u00e0 se joindre \u00e0 cette grande aventure sur roues. \u00bb<\/p>\n<p><div id=\"attachment_96678\" style=\"width: 1034px\" class=\"wp-caption aligncenter\"><img loading=\"lazy\" decoding=\"async\" aria-describedby=\"caption-attachment-96678\" class=\" wp-image-96677\" src=\"https:\/\/interamerica.org\/wp-content\/uploads\/2023\/03\/socu-qvs-cycling-club.jpg\" alt=\"\" width=\"1024\" height=\"768\" srcset=\"https:\/\/interamerica.org\/wp-content\/uploads\/2023\/03\/socu-qvs-cycling-club.jpg 900w, https:\/\/interamerica.org\/wp-content\/uploads\/2023\/03\/socu-qvs-cycling-club-300x225.jpg 300w, https:\/\/interamerica.org\/wp-content\/uploads\/2023\/03\/socu-qvs-cycling-club-768x576.jpg 768w\" sizes=\"(max-width: 1024px) 100vw, 1024px\" \/><p id=\"caption-attachment-96678\" class=\"wp-caption-text\">Un groupe de cyclistes adventistes arbore un grand sourire apr\u00e8s avoir parcouru un long itin\u00e9raire \u00e0 travers une ville du sud de la Colombie. [Photo : Union du Sud de la Colombie]<\/p><\/div><strong>D\u00e9veloppement dans tout le pays<\/strong><\/p>\n<p>Au niveau national, il y a eu une grande participation des cyclistes \u00e0 Valledupar dans le nord de la Colombie avec plus de 100 cyclistes qui ont termin\u00e9 leur parcours. Un groupe de cyclistes a vu le jour en 2019 et \u00e0 la fin de la pand\u00e9mie, le groupe est pass\u00e9 \u00e0 120 \u00e0 Bogota et \u00e0 150 \u00e0 Los Llanos. Plusieurs dizaines d\u2019autres les ont rejoints dans de nombreuses petites r\u00e9gions, et l\u2019initiative se d\u00e9veloppe de plus en plus dans la r\u00e9gion du nord, ont indiqu\u00e9 les dirigeants de l\u2019\u00e9glise.<\/p>\n<p>\u00ab Nos \u00e9glises \u00e0 travers l\u2019Union du Sud de la Colombie sont all\u00e9es dans chaque district municipal, dans chaque village et dans chaque ville pour amener davantage d\u2019enfants, de jeunes et de familles \u00e0 participer \u00e0 une activit\u00e9 sportive, \u00bb a d\u00e9clar\u00e9 pasteur Preciado. \u00ab Ces types de clubs sportifs peuvent nous rassembler, nous aider \u00e0 mieux nous organiser avec une assurance appropri\u00e9e, et ainsi maintenir un mode de vie sain qui permet de t\u00e9moigner davantage. \u00bb<\/p>\n<p>La r\u00e9cente activit\u00e9 est une de plus pr\u00e9vue cette ann\u00e9e en attendant un tour cycliste de quelque 400 kilom\u00e8tres depuis Bogota dans la partie sud jusqu\u2019\u00e0 la ville de Bucaramanga dans le nord, a dit pasteur Preciado. \u00ab Nous attendons la participation de centaines de cyclistes dans cette longue aventure avec nous. Nous voulons continuer \u00e0 motiver nos membres d\u2019\u00e9glise, nos amis, nos jeunes et nos dirigeants \u00e0 pratiquer chaque jour une activit\u00e9 sportive car nous savons que cela contribuera \u00e0 am\u00e9liorer leur sant\u00e9, \u00e0 encourager des habitudes saines et \u00e0 d\u00e9velopper les clubs afin de proclamer J\u00e9sus et grandir personnellement, spirituellement et socialement. \u00bb<\/p>\n<p>Traduction: Patrick Luciathe<\/p>\n","protected":false},"excerpt":{"rendered":"<p>31 Mars 2023 | Bogota, Colombie | Laura Acosta, Daniela Arrieta et Division Inter Am\u00e9ricaine Les clubs cyclistes adventistes du septi\u00e8me jour en Colombie comptent d\u00e9sormais pr\u00e8s de 500 membres&#8230;<\/p>\n","protected":false},"author":3,"featured_media":96669,"comment_status":"closed","ping_status":"closed","sticky":false,"template":"","format":"standard","meta":{"_acf_changed":false,"footnotes":""},"categories":[21,19],"tags":[],"class_list":["post-96742","post","type-post","status-publish","format-standard","has-post-thumbnail","hentry","category-nouvelles-du-territoire","category-rss-francais"],"acf":[],"yoast_head":"<!-- This site is optimized with the Yoast SEO plugin v27.3 - https:\/\/yoast.com\/product\/yoast-seo-wordpress\/ -->\n<title>Les clubs de cyclisme adventistes mettant l\u2019accent sur un mode de vie sain comptent d\u00e9sormais pr\u00e8s de 500 membres en Colombie - \u00c9glise Adventiste Du Septieme Jour - Inter Am\u00e9rique Division<\/title>\n<meta name=\"robots\" content=\"index, follow, max-snippet:-1, max-image-preview:large, max-video-preview:-1\" \/>\n<link rel=\"canonical\" href=\"https:\/\/interamerica.org\/fr\/2023\/03\/les-clubs-de-cyclisme-adventistes-mettant-laccent-sur-un-mode-de-vie-sain-comptent-desormais-pres-de-500-membres-en-colombie\/\" \/>\n<meta property=\"og:locale\" content=\"fr_FR\" \/>\n<meta property=\"og:type\" content=\"article\" \/>\n<meta property=\"og:title\" content=\"Les clubs de cyclisme adventistes mettant l\u2019accent sur un mode de vie sain comptent d\u00e9sormais pr\u00e8s de 500 membres en Colombie - \u00c9glise Adventiste Du Septieme Jour - Inter Am\u00e9rique Division\" \/>\n<meta property=\"og:description\" content=\"31 Mars 2023 | Bogota, Colombie | Laura Acosta, Daniela Arrieta et Division Inter Am\u00e9ricaine Les clubs cyclistes adventistes du septi\u00e8me jour en Colombie comptent d\u00e9sormais pr\u00e8s de 500 membres...\" \/>\n<meta property=\"og:url\" content=\"https:\/\/interamerica.org\/fr\/2023\/03\/les-clubs-de-cyclisme-adventistes-mettant-laccent-sur-un-mode-de-vie-sain-comptent-desormais-pres-de-500-membres-en-colombie\/\" \/>\n<meta property=\"og:site_name\" content=\"\u00c9glise Adventiste Du Septieme Jour - Inter Am\u00e9rique Division\" \/>\n<meta property=\"article:published_time\" content=\"2023-03-31T13:27:17+00:00\" \/>\n<meta property=\"article:modified_time\" content=\"2023-04-01T00:55:11+00:00\" \/>\n<meta property=\"og:image\" content=\"https:\/\/interamerica.org\/wp-content\/uploads\/2023\/03\/hope-onwheels-mar20.jpg\" \/>\n\t<meta property=\"og:image:width\" content=\"1280\" \/>\n\t<meta property=\"og:image:height\" content=\"800\" \/>\n\t<meta property=\"og:image:type\" content=\"image\/jpeg\" \/>\n<meta name=\"author\" content=\"libna\" \/>\n<meta name=\"twitter:card\" content=\"summary_large_image\" \/>\n<meta name=\"twitter:label1\" content=\"\u00c9crit par\" \/>\n\t<meta name=\"twitter:data1\" content=\"libna\" \/>\n\t<meta name=\"twitter:label2\" content=\"Dur\u00e9e de lecture estim\u00e9e\" \/>\n\t<meta name=\"twitter:data2\" content=\"6 minutes\" \/>\n<script type=\"application\/ld+json\" class=\"yoast-schema-graph\">{\"@context\":\"https:\\\/\\\/schema.org\",\"@graph\":[{\"@type\":\"Article\",\"@id\":\"https:\\\/\\\/interamerica.org\\\/fr\\\/2023\\\/03\\\/les-clubs-de-cyclisme-adventistes-mettant-laccent-sur-un-mode-de-vie-sain-comptent-desormais-pres-de-500-membres-en-colombie\\\/#article\",\"isPartOf\":{\"@id\":\"https:\\\/\\\/interamerica.org\\\/fr\\\/2023\\\/03\\\/les-clubs-de-cyclisme-adventistes-mettant-laccent-sur-un-mode-de-vie-sain-comptent-desormais-pres-de-500-membres-en-colombie\\\/\"},\"author\":{\"name\":\"libna\",\"@id\":\"https:\\\/\\\/interamerica.org\\\/fr\\\/#\\\/schema\\\/person\\\/29998f2bc2d8bd0d38662909289b54f1\"},\"headline\":\"Les clubs de cyclisme adventistes mettant l\u2019accent sur un mode de vie sain comptent d\u00e9sormais pr\u00e8s de 500 membres en Colombie\",\"datePublished\":\"2023-03-31T13:27:17+00:00\",\"dateModified\":\"2023-04-01T00:55:11+00:00\",\"mainEntityOfPage\":{\"@id\":\"https:\\\/\\\/interamerica.org\\\/fr\\\/2023\\\/03\\\/les-clubs-de-cyclisme-adventistes-mettant-laccent-sur-un-mode-de-vie-sain-comptent-desormais-pres-de-500-membres-en-colombie\\\/\"},\"wordCount\":1101,\"image\":{\"@id\":\"https:\\\/\\\/interamerica.org\\\/fr\\\/2023\\\/03\\\/les-clubs-de-cyclisme-adventistes-mettant-laccent-sur-un-mode-de-vie-sain-comptent-desormais-pres-de-500-membres-en-colombie\\\/#primaryimage\"},\"thumbnailUrl\":\"https:\\\/\\\/interamerica.org\\\/wp-content\\\/uploads\\\/2023\\\/03\\\/hope-onwheels-mar20.jpg\",\"articleSection\":[\"Nouvelles du territoire\",\"RSS Fran\u00e7ais\"],\"inLanguage\":\"fr-FR\"},{\"@type\":\"WebPage\",\"@id\":\"https:\\\/\\\/interamerica.org\\\/fr\\\/2023\\\/03\\\/les-clubs-de-cyclisme-adventistes-mettant-laccent-sur-un-mode-de-vie-sain-comptent-desormais-pres-de-500-membres-en-colombie\\\/\",\"url\":\"https:\\\/\\\/interamerica.org\\\/fr\\\/2023\\\/03\\\/les-clubs-de-cyclisme-adventistes-mettant-laccent-sur-un-mode-de-vie-sain-comptent-desormais-pres-de-500-membres-en-colombie\\\/\",\"name\":\"Les clubs de cyclisme adventistes mettant l\u2019accent sur un mode de vie sain comptent d\u00e9sormais pr\u00e8s de 500 membres en Colombie - \u00c9glise Adventiste Du Septieme Jour - Inter Am\u00e9rique Division\",\"isPartOf\":{\"@id\":\"https:\\\/\\\/interamerica.org\\\/fr\\\/#website\"},\"primaryImageOfPage\":{\"@id\":\"https:\\\/\\\/interamerica.org\\\/fr\\\/2023\\\/03\\\/les-clubs-de-cyclisme-adventistes-mettant-laccent-sur-un-mode-de-vie-sain-comptent-desormais-pres-de-500-membres-en-colombie\\\/#primaryimage\"},\"image\":{\"@id\":\"https:\\\/\\\/interamerica.org\\\/fr\\\/2023\\\/03\\\/les-clubs-de-cyclisme-adventistes-mettant-laccent-sur-un-mode-de-vie-sain-comptent-desormais-pres-de-500-membres-en-colombie\\\/#primaryimage\"},\"thumbnailUrl\":\"https:\\\/\\\/interamerica.org\\\/wp-content\\\/uploads\\\/2023\\\/03\\\/hope-onwheels-mar20.jpg\",\"datePublished\":\"2023-03-31T13:27:17+00:00\",\"dateModified\":\"2023-04-01T00:55:11+00:00\",\"author\":{\"@id\":\"https:\\\/\\\/interamerica.org\\\/fr\\\/#\\\/schema\\\/person\\\/29998f2bc2d8bd0d38662909289b54f1\"},\"breadcrumb\":{\"@id\":\"https:\\\/\\\/interamerica.org\\\/fr\\\/2023\\\/03\\\/les-clubs-de-cyclisme-adventistes-mettant-laccent-sur-un-mode-de-vie-sain-comptent-desormais-pres-de-500-membres-en-colombie\\\/#breadcrumb\"},\"inLanguage\":\"fr-FR\",\"potentialAction\":[{\"@type\":\"ReadAction\",\"target\":[\"https:\\\/\\\/interamerica.org\\\/fr\\\/2023\\\/03\\\/les-clubs-de-cyclisme-adventistes-mettant-laccent-sur-un-mode-de-vie-sain-comptent-desormais-pres-de-500-membres-en-colombie\\\/\"]}]},{\"@type\":\"ImageObject\",\"inLanguage\":\"fr-FR\",\"@id\":\"https:\\\/\\\/interamerica.org\\\/fr\\\/2023\\\/03\\\/les-clubs-de-cyclisme-adventistes-mettant-laccent-sur-un-mode-de-vie-sain-comptent-desormais-pres-de-500-membres-en-colombie\\\/#primaryimage\",\"url\":\"https:\\\/\\\/interamerica.org\\\/wp-content\\\/uploads\\\/2023\\\/03\\\/hope-onwheels-mar20.jpg\",\"contentUrl\":\"https:\\\/\\\/interamerica.org\\\/wp-content\\\/uploads\\\/2023\\\/03\\\/hope-onwheels-mar20.jpg\",\"width\":1280,\"height\":800,\"caption\":\"[Photo: South Colombia Union]\"},{\"@type\":\"BreadcrumbList\",\"@id\":\"https:\\\/\\\/interamerica.org\\\/fr\\\/2023\\\/03\\\/les-clubs-de-cyclisme-adventistes-mettant-laccent-sur-un-mode-de-vie-sain-comptent-desormais-pres-de-500-membres-en-colombie\\\/#breadcrumb\",\"itemListElement\":[{\"@type\":\"ListItem\",\"position\":1,\"name\":\"Home\",\"item\":\"https:\\\/\\\/interamerica.org\\\/fr\\\/\"},{\"@type\":\"ListItem\",\"position\":2,\"name\":\"Les clubs de cyclisme adventistes mettant l\u2019accent sur un mode de vie sain comptent d\u00e9sormais pr\u00e8s de 500 membres en Colombie\"}]},{\"@type\":\"WebSite\",\"@id\":\"https:\\\/\\\/interamerica.org\\\/fr\\\/#website\",\"url\":\"https:\\\/\\\/interamerica.org\\\/fr\\\/\",\"name\":\"\u00c9glise Adventiste Du Septieme Jour - Inter Am\u00e9rique Division\",\"description\":\"\",\"potentialAction\":[{\"@type\":\"SearchAction\",\"target\":{\"@type\":\"EntryPoint\",\"urlTemplate\":\"https:\\\/\\\/interamerica.org\\\/fr\\\/?s={search_term_string}\"},\"query-input\":{\"@type\":\"PropertyValueSpecification\",\"valueRequired\":true,\"valueName\":\"search_term_string\"}}],\"inLanguage\":\"fr-FR\"},{\"@type\":\"Person\",\"@id\":\"https:\\\/\\\/interamerica.org\\\/fr\\\/#\\\/schema\\\/person\\\/29998f2bc2d8bd0d38662909289b54f1\",\"name\":\"libna\",\"image\":{\"@type\":\"ImageObject\",\"inLanguage\":\"fr-FR\",\"@id\":\"https:\\\/\\\/secure.gravatar.com\\\/avatar\\\/7c5bd30ae4b47a9ba3c856590957fd1d96dc588bf3ac05719d247e126840331f?s=96&d=mm&r=g\",\"url\":\"https:\\\/\\\/secure.gravatar.com\\\/avatar\\\/7c5bd30ae4b47a9ba3c856590957fd1d96dc588bf3ac05719d247e126840331f?s=96&d=mm&r=g\",\"contentUrl\":\"https:\\\/\\\/secure.gravatar.com\\\/avatar\\\/7c5bd30ae4b47a9ba3c856590957fd1d96dc588bf3ac05719d247e126840331f?s=96&d=mm&r=g\",\"caption\":\"libna\"}}]}<\/script>\n<!-- \/ Yoast SEO plugin. -->","yoast_head_json":{"title":"Les clubs de cyclisme adventistes mettant l\u2019accent sur un mode de vie sain comptent d\u00e9sormais pr\u00e8s de 500 membres en Colombie - \u00c9glise Adventiste Du Septieme Jour - Inter Am\u00e9rique Division","robots":{"index":"index","follow":"follow","max-snippet":"max-snippet:-1","max-image-preview":"max-image-preview:large","max-video-preview":"max-video-preview:-1"},"canonical":"https:\/\/interamerica.org\/fr\/2023\/03\/les-clubs-de-cyclisme-adventistes-mettant-laccent-sur-un-mode-de-vie-sain-comptent-desormais-pres-de-500-membres-en-colombie\/","og_locale":"fr_FR","og_type":"article","og_title":"Les clubs de cyclisme adventistes mettant l\u2019accent sur un mode de vie sain comptent d\u00e9sormais pr\u00e8s de 500 membres en Colombie - \u00c9glise Adventiste Du Septieme Jour - Inter Am\u00e9rique Division","og_description":"31 Mars 2023 | Bogota, Colombie | Laura Acosta, Daniela Arrieta et Division Inter Am\u00e9ricaine Les clubs cyclistes adventistes du septi\u00e8me jour en Colombie comptent d\u00e9sormais pr\u00e8s de 500 membres...","og_url":"https:\/\/interamerica.org\/fr\/2023\/03\/les-clubs-de-cyclisme-adventistes-mettant-laccent-sur-un-mode-de-vie-sain-comptent-desormais-pres-de-500-membres-en-colombie\/","og_site_name":"\u00c9glise Adventiste Du Septieme Jour - Inter Am\u00e9rique Division","article_published_time":"2023-03-31T13:27:17+00:00","article_modified_time":"2023-04-01T00:55:11+00:00","og_image":[{"width":1280,"height":800,"url":"https:\/\/interamerica.org\/wp-content\/uploads\/2023\/03\/hope-onwheels-mar20.jpg","type":"image\/jpeg"}],"author":"libna","twitter_card":"summary_large_image","twitter_misc":{"\u00c9crit par":"libna","Dur\u00e9e de lecture estim\u00e9e":"6 minutes"},"schema":{"@context":"https:\/\/schema.org","@graph":[{"@type":"Article","@id":"https:\/\/interamerica.org\/fr\/2023\/03\/les-clubs-de-cyclisme-adventistes-mettant-laccent-sur-un-mode-de-vie-sain-comptent-desormais-pres-de-500-membres-en-colombie\/#article","isPartOf":{"@id":"https:\/\/interamerica.org\/fr\/2023\/03\/les-clubs-de-cyclisme-adventistes-mettant-laccent-sur-un-mode-de-vie-sain-comptent-desormais-pres-de-500-membres-en-colombie\/"},"author":{"name":"libna","@id":"https:\/\/interamerica.org\/fr\/#\/schema\/person\/29998f2bc2d8bd0d38662909289b54f1"},"headline":"Les clubs de cyclisme adventistes mettant l\u2019accent sur un mode de vie sain comptent d\u00e9sormais pr\u00e8s de 500 membres en Colombie","datePublished":"2023-03-31T13:27:17+00:00","dateModified":"2023-04-01T00:55:11+00:00","mainEntityOfPage":{"@id":"https:\/\/interamerica.org\/fr\/2023\/03\/les-clubs-de-cyclisme-adventistes-mettant-laccent-sur-un-mode-de-vie-sain-comptent-desormais-pres-de-500-membres-en-colombie\/"},"wordCount":1101,"image":{"@id":"https:\/\/interamerica.org\/fr\/2023\/03\/les-clubs-de-cyclisme-adventistes-mettant-laccent-sur-un-mode-de-vie-sain-comptent-desormais-pres-de-500-membres-en-colombie\/#primaryimage"},"thumbnailUrl":"https:\/\/interamerica.org\/wp-content\/uploads\/2023\/03\/hope-onwheels-mar20.jpg","articleSection":["Nouvelles du territoire","RSS Fran\u00e7ais"],"inLanguage":"fr-FR"},{"@type":"WebPage","@id":"https:\/\/interamerica.org\/fr\/2023\/03\/les-clubs-de-cyclisme-adventistes-mettant-laccent-sur-un-mode-de-vie-sain-comptent-desormais-pres-de-500-membres-en-colombie\/","url":"https:\/\/interamerica.org\/fr\/2023\/03\/les-clubs-de-cyclisme-adventistes-mettant-laccent-sur-un-mode-de-vie-sain-comptent-desormais-pres-de-500-membres-en-colombie\/","name":"Les clubs de cyclisme adventistes mettant l\u2019accent sur un mode de vie sain comptent d\u00e9sormais pr\u00e8s de 500 membres en Colombie - \u00c9glise Adventiste Du Septieme Jour - Inter Am\u00e9rique Division","isPartOf":{"@id":"https:\/\/interamerica.org\/fr\/#website"},"primaryImageOfPage":{"@id":"https:\/\/interamerica.org\/fr\/2023\/03\/les-clubs-de-cyclisme-adventistes-mettant-laccent-sur-un-mode-de-vie-sain-comptent-desormais-pres-de-500-membres-en-colombie\/#primaryimage"},"image":{"@id":"https:\/\/interamerica.org\/fr\/2023\/03\/les-clubs-de-cyclisme-adventistes-mettant-laccent-sur-un-mode-de-vie-sain-comptent-desormais-pres-de-500-membres-en-colombie\/#primaryimage"},"thumbnailUrl":"https:\/\/interamerica.org\/wp-content\/uploads\/2023\/03\/hope-onwheels-mar20.jpg","datePublished":"2023-03-31T13:27:17+00:00","dateModified":"2023-04-01T00:55:11+00:00","author":{"@id":"https:\/\/interamerica.org\/fr\/#\/schema\/person\/29998f2bc2d8bd0d38662909289b54f1"},"breadcrumb":{"@id":"https:\/\/interamerica.org\/fr\/2023\/03\/les-clubs-de-cyclisme-adventistes-mettant-laccent-sur-un-mode-de-vie-sain-comptent-desormais-pres-de-500-membres-en-colombie\/#breadcrumb"},"inLanguage":"fr-FR","potentialAction":[{"@type":"ReadAction","target":["https:\/\/interamerica.org\/fr\/2023\/03\/les-clubs-de-cyclisme-adventistes-mettant-laccent-sur-un-mode-de-vie-sain-comptent-desormais-pres-de-500-membres-en-colombie\/"]}]},{"@type":"ImageObject","inLanguage":"fr-FR","@id":"https:\/\/interamerica.org\/fr\/2023\/03\/les-clubs-de-cyclisme-adventistes-mettant-laccent-sur-un-mode-de-vie-sain-comptent-desormais-pres-de-500-membres-en-colombie\/#primaryimage","url":"https:\/\/interamerica.org\/wp-content\/uploads\/2023\/03\/hope-onwheels-mar20.jpg","contentUrl":"https:\/\/interamerica.org\/wp-content\/uploads\/2023\/03\/hope-onwheels-mar20.jpg","width":1280,"height":800,"caption":"[Photo: South Colombia Union]"},{"@type":"BreadcrumbList","@id":"https:\/\/interamerica.org\/fr\/2023\/03\/les-clubs-de-cyclisme-adventistes-mettant-laccent-sur-un-mode-de-vie-sain-comptent-desormais-pres-de-500-membres-en-colombie\/#breadcrumb","itemListElement":[{"@type":"ListItem","position":1,"name":"Home","item":"https:\/\/interamerica.org\/fr\/"},{"@type":"ListItem","position":2,"name":"Les clubs de cyclisme adventistes mettant l\u2019accent sur un mode de vie sain comptent d\u00e9sormais pr\u00e8s de 500 membres en Colombie"}]},{"@type":"WebSite","@id":"https:\/\/interamerica.org\/fr\/#website","url":"https:\/\/interamerica.org\/fr\/","name":"\u00c9glise Adventiste Du Septieme Jour - Inter Am\u00e9rique Division","description":"","potentialAction":[{"@type":"SearchAction","target":{"@type":"EntryPoint","urlTemplate":"https:\/\/interamerica.org\/fr\/?s={search_term_string}"},"query-input":{"@type":"PropertyValueSpecification","valueRequired":true,"valueName":"search_term_string"}}],"inLanguage":"fr-FR"},{"@type":"Person","@id":"https:\/\/interamerica.org\/fr\/#\/schema\/person\/29998f2bc2d8bd0d38662909289b54f1","name":"libna","image":{"@type":"ImageObject","inLanguage":"fr-FR","@id":"https:\/\/secure.gravatar.com\/avatar\/7c5bd30ae4b47a9ba3c856590957fd1d96dc588bf3ac05719d247e126840331f?s=96&d=mm&r=g","url":"https:\/\/secure.gravatar.com\/avatar\/7c5bd30ae4b47a9ba3c856590957fd1d96dc588bf3ac05719d247e126840331f?s=96&d=mm&r=g","contentUrl":"https:\/\/secure.gravatar.com\/avatar\/7c5bd30ae4b47a9ba3c856590957fd1d96dc588bf3ac05719d247e126840331f?s=96&d=mm&r=g","caption":"libna"}}]}},"_links":{"self":[{"href":"https:\/\/interamerica.org\/fr\/wp-json\/wp\/v2\/posts\/96742","targetHints":{"allow":["GET"]}}],"collection":[{"href":"https:\/\/interamerica.org\/fr\/wp-json\/wp\/v2\/posts"}],"about":[{"href":"https:\/\/interamerica.org\/fr\/wp-json\/wp\/v2\/types\/post"}],"author":[{"embeddable":true,"href":"https:\/\/interamerica.org\/fr\/wp-json\/wp\/v2\/users\/3"}],"replies":[{"embeddable":true,"href":"https:\/\/interamerica.org\/fr\/wp-json\/wp\/v2\/comments?post=96742"}],"version-history":[{"count":0,"href":"https:\/\/interamerica.org\/fr\/wp-json\/wp\/v2\/posts\/96742\/revisions"}],"wp:featuredmedia":[{"embeddable":true,"href":"https:\/\/interamerica.org\/fr\/wp-json\/wp\/v2\/media\/96669"}],"wp:attachment":[{"href":"https:\/\/interamerica.org\/fr\/wp-json\/wp\/v2\/media?parent=96742"}],"wp:term":[{"taxonomy":"category","embeddable":true,"href":"https:\/\/interamerica.org\/fr\/wp-json\/wp\/v2\/categories?post=96742"},{"taxonomy":"post_tag","embeddable":true,"href":"https:\/\/interamerica.org\/fr\/wp-json\/wp\/v2\/tags?post=96742"}],"curies":[{"name":"wp","href":"https:\/\/api.w.org\/{rel}","templated":true}]}}