{"id":96889,"date":"2023-04-04T14:47:22","date_gmt":"2023-04-04T18:47:22","guid":{"rendered":"https:\/\/interamerica.org\/?p=96889"},"modified":"2023-04-05T01:25:41","modified_gmt":"2023-04-05T05:25:41","slug":"sur-le-site-de-camp-les-eclaireurs-sont-en-mission","status":"publish","type":"post","link":"https:\/\/interamerica.org\/fr\/2023\/04\/sur-le-site-de-camp-les-eclaireurs-sont-en-mission\/","title":{"rendered":"Sur le site de camp, les \u00e9claireurs sont en mission"},"content":{"rendered":"<p>4 Avril 2023 | Trelawny, Jama\u00efque | Libna Stevens, Actualit\u00e9s de la Division Inter Am\u00e9ricaine<\/p>\n<p>Avec des milliers d\u2019\u00e9claireurs qui s\u2019installent dans la vie de camp \u00e0 Trelawny, en Jama\u00efque, avant le d\u00e9but officiel du 5<sup>\u00e8me<\/sup>\u00a0Campor\u00e9e des \u00c9claireurs de l\u2019Inter Am\u00e9rique, beaucoup sont en mission pour accomplir quelque chose.<\/p>\n<p>L\u2019extraverti autoproclam\u00e9 Daktari Doman, 15 ans, de Kingston, en Jama\u00efque, n\u2019a pas de temps \u00e0 perdre. Il repr\u00e9sente plus de 5200 jama\u00efcains qui se sont inscrits au campor\u00e9e. Depuis deux jours, il fait le tour du camp avec plusieurs objectifs. \u00ab Je veux rencontrer une personne de chacun des pays repr\u00e9sent\u00e9s ici, \u00bb a-t-il dit. Pour y parvenir, il a pratiqu\u00e9 son espagnol et affin\u00e9 son fran\u00e7ais. Il a beaucoup de choses \u00e0 voir, dit-il. Ses yeux s\u2019\u00e9carquillent quand on lui dit que 51 pays sont repr\u00e9sent\u00e9s au campor\u00e9e. Il s\u2019identifie parfaitement au nom de son club \u00ab \u00c9claireurs Astronautes. \u00bb<\/p>\n<p>Daktari Doman s\u2019impr\u00e8gne de chaque rencontre comme s\u2019il \u00e9tait au ralenti dans l\u2019espace. Il a une mission : celle d\u2019enrichir sa collection de pin\u2019s de diff\u00e9rents pays. Il a un sac plein de diff\u00e9rents souvenirs tels que des casquettes de baseball et des bracelets qu\u2019il \u00e9change contre des pin\u2019s, a-t-il dit.<\/p>\n<p><div id=\"attachment_96812\" style=\"width: 945px\" class=\"wp-caption aligncenter\"><img fetchpriority=\"high\" decoding=\"async\" aria-describedby=\"caption-attachment-96812\" class=\" wp-image-96811\" src=\"https:\/\/interamerica.org\/wp-content\/uploads\/2023\/04\/iadcamp-ejc-pathfinders.jpg\" alt=\"\" width=\"935\" height=\"702\" srcset=\"https:\/\/interamerica.org\/wp-content\/uploads\/2023\/04\/iadcamp-ejc-pathfinders.jpg 950w, https:\/\/interamerica.org\/wp-content\/uploads\/2023\/04\/iadcamp-ejc-pathfinders-300x225.jpg 300w, https:\/\/interamerica.org\/wp-content\/uploads\/2023\/04\/iadcamp-ejc-pathfinders-768x576.jpg 768w\" sizes=\"(max-width: 935px) 100vw, 935px\" \/><p id=\"caption-attachment-96812\" class=\"wp-caption-text\">Daktari Doman (\u00e0 droite), 15 ans, de la F\u00e9d\u00e9ration de l\u2019Est de la Jama\u00efque, se tient \u00e0 c\u00f4t\u00e9 de son ami de club Kijani Evering, 12 ans (\u00e0 gauche), alors qu\u2019ils explorent le site de camp au Stade Polyvalent de Trelawny \u00e0 Trelawny en Jama\u00efque le 3 avril 2023. [Photo : Libna Stevens\/DIA]<\/p><\/div>Daktari n\u2019a pas de temps \u00e0 perdre lorsqu\u2019il s\u2019approche de quelqu\u2019un du camp de l\u2019Union du Nord du Mexique et entame une conversation en espagnol. Il veut \u00e9changer sa casquette contre des pin\u2019s. Il n\u00e9gocie un accord \u2013 sa casquette contre quatre pin\u2019s. Daktari et son ami Kijani Evering continuent et demandent \u00e0 tous ceux qu\u2019ils rencontrent ce qu\u2019ils peuvent \u00e9changer contre un bracelet portant l\u2019inscription \u2018Jama\u00efque\u2019. \u00ab Ce n\u2019est pas du tout quelque chose de trop lourd pour moi, j\u2019adore rencontrer des gens et parce que c\u2019est une exp\u00e9rience amusante pour moi, \u00bb a dit Daktari Doman.<\/p>\n<p>Cette semaine sera, l\u2019occasion pour Daktari de plonger dans plusieurs distinctions qu\u2019il voudrait d\u00e9crocher : diversit\u00e9 culturelle, s\u00e9maphore, respiration, travaux manuels avec feutre et autres, a-t-il dit. \u00ab Je ne suis pas tr\u00e8s bon en sport, mais je mettrai l\u2019accent sur les exercices et les marches, \u00bb a dit Daktari Doman. Les exercices de marche libre, c\u2019est ce qui l\u2019int\u00e9resse vraiment. Non pas les exercices de marche formelle, mais les exercices de marche libre pendant lesquels vous vous d\u00e9placez au rythme des tambours, et vous marchez en changeant de direction de mani\u00e8re chor\u00e9graphi\u00e9e et avec de l\u00e9gers balancements \u00e0 chaque pas de mani\u00e8re synchronis\u00e9e, a-t-il expliqu\u00e9. Avant que vous ne vous en rendiez compte, il est d\u00e9j\u00e0 reparti pour rencontrer une autre personne.<\/p>\n<p><div id=\"attachment_96834\" style=\"width: 941px\" class=\"wp-caption aligncenter\"><img decoding=\"async\" aria-describedby=\"caption-attachment-96834\" class=\" wp-image-96833\" src=\"https:\/\/interamerica.org\/wp-content\/uploads\/2023\/04\/iadcamp-ejc-daktari.jpg\" alt=\"\" width=\"931\" height=\"621\" srcset=\"https:\/\/interamerica.org\/wp-content\/uploads\/2023\/04\/iadcamp-ejc-daktari.jpg 800w, https:\/\/interamerica.org\/wp-content\/uploads\/2023\/04\/iadcamp-ejc-daktari-300x200.jpg 300w, https:\/\/interamerica.org\/wp-content\/uploads\/2023\/04\/iadcamp-ejc-daktari-768x513.jpg 768w\" sizes=\"(max-width: 931px) 100vw, 931px\" \/><p id=\"caption-attachment-96834\" class=\"wp-caption-text\">Daktari Doman de l\u2019Est de la Jama\u00efque examine la s\u00e9lection de pin\u2019s que Maria de los Angeles de l\u2019Union du Nord du Mexique lui montre avant d\u2019\u00e9changer son chapeau jama\u00efcain contre quatre pin\u2019s. [Photo : Daniel Gallardo\/DIA]<\/p><\/div>Magdalina Dorlis, 15 ans, de Saint-Martin, poursuit ses propres int\u00e9r\u00eats sp\u00e9cifiques au cours de son exp\u00e9rience d\u2019\u00e9claireur. Elle veut se faire le plus d\u2019amis possible. Il s\u2019agit pour elle de d\u00e9couvrir diff\u00e9rentes perspectives d\u2019autres \u00e9claireurs venant de l\u2019ext\u00e9rieur de l\u2019archipel d\u2019\u00eeles qui l\u2019entourent lorsqu\u2019elle est dans son pays. \u00ab J\u2019aime \u00e9couter des sermons, en regarder certains en ligne et apprendre \u00e0 \u00eatre un orateur efficace, \u00bb d\u00e9clare Magdalina, qui pr\u00eache en chaire depuis qu\u2019elle est exploratrice dans son club. Elle a particip\u00e9 \u00e0 des concours de pr\u00e9sentation de discours et a r\u00e9cemment remport\u00e9 un tournoi au cours duquel elle a affront\u00e9 d\u2019autres laur\u00e9ats de district du secteur public. Son discours gagnant portait sur la fin des temps et sur la fa\u00e7on dont la soci\u00e9t\u00e9 consid\u00e8re que les mauvaises actions sont bonnes et que les bonnes choses sont mauvaises, a-t-elle dit.<\/p>\n<p>Magdalina a h\u00e2te de s\u2019impr\u00e9gner de tous les messages spirituels qu\u2019elle recevra lors du programme du campor\u00e9e, a-t-elle dit. Elle fait partie d\u2019une d\u00e9l\u00e9gation de 400 personnes repr\u00e9sentant la F\u00e9d\u00e9ration du Nord de la Cara\u00efbe, qui fait elle-m\u00eame partie de la d\u00e9l\u00e9gation de 1200 membres de l\u2019Union Carib\u00e9enne. Elle et ses compagnons de camp ont appris pour la premi\u00e8re fois \u00e0 monter une tente. Elle veut continuer \u00e0 apprendre les techniques de survie. \u00ab Tout est si bien ici, \u00bb a dit Magdalena. \u00ab J\u2019ai un sentiment d\u2019appartenance et je sais que je n&rsquo;aurais pas autant d\u2019amis et que je n\u2019apprendrais pas autant sur J\u00e9sus si je ne faisais pas partie de mon club [d\u2019\u00e9claireurs]. \u00bb<\/p>\n<p><div id=\"attachment_96837\" style=\"width: 945px\" class=\"wp-caption aligncenter\"><img decoding=\"async\" aria-describedby=\"caption-attachment-96837\" class=\" wp-image-96836\" src=\"https:\/\/interamerica.org\/wp-content\/uploads\/2023\/04\/ncc-magdalena-dorlis-stmaarten.jpg\" alt=\"\" width=\"935\" height=\"702\" srcset=\"https:\/\/interamerica.org\/wp-content\/uploads\/2023\/04\/ncc-magdalena-dorlis-stmaarten.jpg 950w, https:\/\/interamerica.org\/wp-content\/uploads\/2023\/04\/ncc-magdalena-dorlis-stmaarten-300x225.jpg 300w, https:\/\/interamerica.org\/wp-content\/uploads\/2023\/04\/ncc-magdalena-dorlis-stmaarten-768x576.jpg 768w\" sizes=\"(max-width: 935px) 100vw, 935px\" \/><p id=\"caption-attachment-96837\" class=\"wp-caption-text\">Magdalina Dorlis, 15 ans, de St. Maarten, montre son stylo offert par un ami qu\u2019elle s\u2019est fait des \u00eeles Turks et Ca\u00efcos, le 3 avril 2023. [Photo : Libna Stevens\/DIA]<\/p><\/div>Le sentiment d\u2019appartenance est tr\u00e8s r\u00e9confortant pour Shekhinah Mathias, 15 ans, originaire de Guadeloupe. Elle et 89 autres \u00e9claireurs de sa d\u00e9l\u00e9gation de 156 personnes se sentent comme \u00e0 la maison et participent \u00e0 des jeux ensemble, pratiquent certaines distinctions ou alors se relaxent simplement autour du site de camp. Elle a fait partie des diff\u00e9rents clubs de l\u2019\u00e9glise depuis son plus jeune \u00e2ge. Cela n\u2019a \u00e9t\u00e9 que du plaisir et lui a permis de nouer des relations plus \u00e9troites avec ses amis et d\u2019en rencontrer de nouveaux, a-t-elle dit. La plupart de ses amis sont des camarades de classe ainsi que des \u00e9claireurs de son club dans son pays.<\/p>\n<p>\u00ab Faire partie des \u00c9claireurs est toujours lib\u00e9rateur pour moi, car nous pouvons \u00eatre plus nous-m\u00eames sans que nos parents nous disent \u2018ne fais pas ci et ne fais pas \u00e7a,\u2019 \u00bb a-t-elle dit en riant d\u2019elle-m\u00eame. L\u2019une des choses qu\u2019elle aime faire avec ses amis est de distribuer des publications et de prendre part \u00e0 des initiatives de service communautaire comme la distribution de nourriture et de v\u00eatements dans les communaut\u00e9s n\u00e9cessiteuses.<\/p>\n<p><div id=\"attachment_96806\" style=\"width: 946px\" class=\"wp-caption aligncenter\"><img loading=\"lazy\" decoding=\"async\" aria-describedby=\"caption-attachment-96806\" class=\" wp-image-96805\" src=\"https:\/\/interamerica.org\/wp-content\/uploads\/2023\/04\/iad-camp-guade-shekhinah-mathias.jpg\" alt=\"\" width=\"936\" height=\"702\" srcset=\"https:\/\/interamerica.org\/wp-content\/uploads\/2023\/04\/iad-camp-guade-shekhinah-mathias.jpg 900w, https:\/\/interamerica.org\/wp-content\/uploads\/2023\/04\/iad-camp-guade-shekhinah-mathias-300x225.jpg 300w, https:\/\/interamerica.org\/wp-content\/uploads\/2023\/04\/iad-camp-guade-shekhinah-mathias-768x576.jpg 768w\" sizes=\"(max-width: 936px) 100vw, 936px\" \/><p id=\"caption-attachment-96806\" class=\"wp-caption-text\">Shekinah Mathias, 15 ans, se tient devant la tente principale de l\u2019Union des Antilles et Guyane Fran\u00e7aises o\u00f9 sa d\u00e9l\u00e9gation de la Guadeloupe se d\u00e9tend le 3 avril 2023. [Photo : Libna Stevens\/ DIA]<\/p><\/div>Shekhinah Matthias est impatiente de prendre part \u00e0 des actions d\u2019impact communautaire pendant son s\u00e9jour en Jama\u00efque et de participer aux techniques de survie de la chasse au tr\u00e9sor, et de passer les distinctions sur la s\u00e9curit\u00e9, l\u2019\u00e9cologie, le recyclage et la pri\u00e8re pendant la semaine. Elle invite ses voisins et amis \u00e0 faire partie de son club. \u00ab Je leur explique que ce n\u2019est pas seulement pour les adventistes, mais pour tous ceux qui souhaitent acqu\u00e9rir de nouvelles comp\u00e9tences, faire le bien et participer \u00e0 des activit\u00e9s amusantes, \u00bb a-t-elle dit.<\/p>\n<p>S\u2019impliquer et t\u00e9moigner aupr\u00e8s des autres, c\u2019est la raison d\u2019\u00eatre des clubs d\u2019\u00c9claireurs, explique Nahomie Daub, aum\u00f4ni\u00e8re des \u00c9claireurs en Guadeloupe. \u00ab Nous voulons d\u00e9velopper les clubs tout en proclamant l\u2019amour de J\u00e9sus. \u00bb<\/p>\n<p><div id=\"attachment_96803\" style=\"width: 985px\" class=\"wp-caption aligncenter\"><img loading=\"lazy\" decoding=\"async\" aria-describedby=\"caption-attachment-96803\" class=\" wp-image-96802\" src=\"https:\/\/interamerica.org\/wp-content\/uploads\/2023\/04\/iadcamp-guadeloupe-leaders-1024x768.jpg\" alt=\"\" width=\"975\" height=\"731\" srcset=\"https:\/\/interamerica.org\/wp-content\/uploads\/2023\/04\/iadcamp-guadeloupe-leaders-1024x768.jpg 1024w, https:\/\/interamerica.org\/wp-content\/uploads\/2023\/04\/iadcamp-guadeloupe-leaders-300x225.jpg 300w, https:\/\/interamerica.org\/wp-content\/uploads\/2023\/04\/iadcamp-guadeloupe-leaders-768x576.jpg 768w, https:\/\/interamerica.org\/wp-content\/uploads\/2023\/04\/iadcamp-guadeloupe-leaders-1536x1152.jpg 1536w, https:\/\/interamerica.org\/wp-content\/uploads\/2023\/04\/iadcamp-guadeloupe-leaders-2048x1536.jpg 2048w\" sizes=\"(max-width: 975px) 100vw, 975px\" \/><p id=\"caption-attachment-96803\" class=\"wp-caption-text\">Nahomie Daub (\u00e0 gauche), aum\u00f4ni\u00e8re de la d\u00e9l\u00e9gation de la Guadeloupe se tient \u00e0 c\u00f4t\u00e9 de Lucson Bernard (\u00e0 droite), directeur des minist\u00e8res de la jeunesse de la F\u00e9d\u00e9ration de la Guadeloupe, pr\u00e8s du campement de la d\u00e9l\u00e9gation. [Photo : Libna Stevens\/DIA]<\/p><\/div>Pour regarder la c\u00e9r\u00e9monie d\u2019ouverture du 5\u00e8me Campor\u00e9e des \u00c9claireurs de la Division Inter Am\u00e9ricaine, le 4 avril 2023, \u00e0 18h30, heure de la Jama\u00efque ou 19h30, heure de Miami, visitez la page <a href=\"https:\/\/www.youtube.com\/watch?v=ALisscbH0jw\">webcast.interamerica.org<\/a><\/p>\n<p>Traduction: Patrick Luciathe<\/p>\n","protected":false},"excerpt":{"rendered":"<p>4 Avril 2023 | Trelawny, Jama\u00efque | Libna Stevens, Actualit\u00e9s de la Division Inter Am\u00e9ricaine Avec des milliers d\u2019\u00e9claireurs qui s\u2019installent dans la vie de camp \u00e0 Trelawny, en Jama\u00efque,&#8230;<\/p>\n","protected":false},"author":3,"featured_media":96812,"comment_status":"closed","ping_status":"closed","sticky":false,"template":"","format":"standard","meta":{"_acf_changed":false,"footnotes":""},"categories":[20,19],"tags":[],"class_list":["post-96889","post","type-post","status-publish","format-standard","has-post-thumbnail","hentry","category-nouvelles-du-siege-de-la-division","category-rss-francais"],"acf":[],"yoast_head":"<!-- This site is optimized with the Yoast SEO plugin v27.3 - https:\/\/yoast.com\/product\/yoast-seo-wordpress\/ -->\n<title>Sur le site de camp, les \u00e9claireurs sont en mission - \u00c9glise Adventiste Du Septieme Jour - Inter Am\u00e9rique Division<\/title>\n<meta name=\"robots\" content=\"index, follow, max-snippet:-1, max-image-preview:large, max-video-preview:-1\" \/>\n<link rel=\"canonical\" href=\"https:\/\/interamerica.org\/fr\/2023\/04\/sur-le-site-de-camp-les-eclaireurs-sont-en-mission\/\" \/>\n<meta property=\"og:locale\" content=\"fr_FR\" \/>\n<meta property=\"og:type\" content=\"article\" \/>\n<meta property=\"og:title\" content=\"Sur le site de camp, les \u00e9claireurs sont en mission - \u00c9glise Adventiste Du Septieme Jour - Inter Am\u00e9rique Division\" \/>\n<meta property=\"og:description\" content=\"4 Avril 2023 | Trelawny, Jama\u00efque | Libna Stevens, Actualit\u00e9s de la Division Inter Am\u00e9ricaine Avec des milliers d\u2019\u00e9claireurs qui s\u2019installent dans la vie de camp \u00e0 Trelawny, en Jama\u00efque,...\" \/>\n<meta property=\"og:url\" content=\"https:\/\/interamerica.org\/fr\/2023\/04\/sur-le-site-de-camp-les-eclaireurs-sont-en-mission\/\" \/>\n<meta property=\"og:site_name\" content=\"\u00c9glise Adventiste Du Septieme Jour - Inter Am\u00e9rique Division\" \/>\n<meta property=\"article:published_time\" content=\"2023-04-04T18:47:22+00:00\" \/>\n<meta property=\"article:modified_time\" content=\"2023-04-05T05:25:41+00:00\" \/>\n<meta property=\"og:image\" content=\"https:\/\/interamerica.org\/wp-content\/uploads\/2023\/04\/iadcamp-ejc-pathfinders.jpg\" \/>\n\t<meta property=\"og:image:width\" content=\"950\" \/>\n\t<meta property=\"og:image:height\" content=\"713\" \/>\n\t<meta property=\"og:image:type\" content=\"image\/jpeg\" \/>\n<meta name=\"author\" content=\"libna\" \/>\n<meta name=\"twitter:card\" content=\"summary_large_image\" \/>\n<meta name=\"twitter:label1\" content=\"\u00c9crit par\" \/>\n\t<meta name=\"twitter:data1\" content=\"libna\" \/>\n\t<meta name=\"twitter:label2\" content=\"Dur\u00e9e de lecture estim\u00e9e\" \/>\n\t<meta name=\"twitter:data2\" content=\"7 minutes\" \/>\n<script type=\"application\/ld+json\" class=\"yoast-schema-graph\">{\"@context\":\"https:\\\/\\\/schema.org\",\"@graph\":[{\"@type\":\"Article\",\"@id\":\"https:\\\/\\\/interamerica.org\\\/fr\\\/2023\\\/04\\\/sur-le-site-de-camp-les-eclaireurs-sont-en-mission\\\/#article\",\"isPartOf\":{\"@id\":\"https:\\\/\\\/interamerica.org\\\/fr\\\/2023\\\/04\\\/sur-le-site-de-camp-les-eclaireurs-sont-en-mission\\\/\"},\"author\":{\"name\":\"libna\",\"@id\":\"https:\\\/\\\/interamerica.org\\\/fr\\\/#\\\/schema\\\/person\\\/29998f2bc2d8bd0d38662909289b54f1\"},\"headline\":\"Sur le site de camp, les \u00e9claireurs sont en mission\",\"datePublished\":\"2023-04-04T18:47:22+00:00\",\"dateModified\":\"2023-04-05T05:25:41+00:00\",\"mainEntityOfPage\":{\"@id\":\"https:\\\/\\\/interamerica.org\\\/fr\\\/2023\\\/04\\\/sur-le-site-de-camp-les-eclaireurs-sont-en-mission\\\/\"},\"wordCount\":1394,\"image\":{\"@id\":\"https:\\\/\\\/interamerica.org\\\/fr\\\/2023\\\/04\\\/sur-le-site-de-camp-les-eclaireurs-sont-en-mission\\\/#primaryimage\"},\"thumbnailUrl\":\"https:\\\/\\\/interamerica.org\\\/wp-content\\\/uploads\\\/2023\\\/04\\\/iadcamp-ejc-pathfinders.jpg\",\"articleSection\":[\"Nouvelles du si\u00e8ge de la division\",\"RSS Fran\u00e7ais\"],\"inLanguage\":\"fr-FR\"},{\"@type\":\"WebPage\",\"@id\":\"https:\\\/\\\/interamerica.org\\\/fr\\\/2023\\\/04\\\/sur-le-site-de-camp-les-eclaireurs-sont-en-mission\\\/\",\"url\":\"https:\\\/\\\/interamerica.org\\\/fr\\\/2023\\\/04\\\/sur-le-site-de-camp-les-eclaireurs-sont-en-mission\\\/\",\"name\":\"Sur le site de camp, les \u00e9claireurs sont en mission - \u00c9glise Adventiste Du Septieme Jour - Inter Am\u00e9rique Division\",\"isPartOf\":{\"@id\":\"https:\\\/\\\/interamerica.org\\\/fr\\\/#website\"},\"primaryImageOfPage\":{\"@id\":\"https:\\\/\\\/interamerica.org\\\/fr\\\/2023\\\/04\\\/sur-le-site-de-camp-les-eclaireurs-sont-en-mission\\\/#primaryimage\"},\"image\":{\"@id\":\"https:\\\/\\\/interamerica.org\\\/fr\\\/2023\\\/04\\\/sur-le-site-de-camp-les-eclaireurs-sont-en-mission\\\/#primaryimage\"},\"thumbnailUrl\":\"https:\\\/\\\/interamerica.org\\\/wp-content\\\/uploads\\\/2023\\\/04\\\/iadcamp-ejc-pathfinders.jpg\",\"datePublished\":\"2023-04-04T18:47:22+00:00\",\"dateModified\":\"2023-04-05T05:25:41+00:00\",\"author\":{\"@id\":\"https:\\\/\\\/interamerica.org\\\/fr\\\/#\\\/schema\\\/person\\\/29998f2bc2d8bd0d38662909289b54f1\"},\"breadcrumb\":{\"@id\":\"https:\\\/\\\/interamerica.org\\\/fr\\\/2023\\\/04\\\/sur-le-site-de-camp-les-eclaireurs-sont-en-mission\\\/#breadcrumb\"},\"inLanguage\":\"fr-FR\",\"potentialAction\":[{\"@type\":\"ReadAction\",\"target\":[\"https:\\\/\\\/interamerica.org\\\/fr\\\/2023\\\/04\\\/sur-le-site-de-camp-les-eclaireurs-sont-en-mission\\\/\"]}]},{\"@type\":\"ImageObject\",\"inLanguage\":\"fr-FR\",\"@id\":\"https:\\\/\\\/interamerica.org\\\/fr\\\/2023\\\/04\\\/sur-le-site-de-camp-les-eclaireurs-sont-en-mission\\\/#primaryimage\",\"url\":\"https:\\\/\\\/interamerica.org\\\/wp-content\\\/uploads\\\/2023\\\/04\\\/iadcamp-ejc-pathfinders.jpg\",\"contentUrl\":\"https:\\\/\\\/interamerica.org\\\/wp-content\\\/uploads\\\/2023\\\/04\\\/iadcamp-ejc-pathfinders.jpg\",\"width\":950,\"height\":713,\"caption\":\"[Photo: Libna Stevens\\\/IAD]\"},{\"@type\":\"BreadcrumbList\",\"@id\":\"https:\\\/\\\/interamerica.org\\\/fr\\\/2023\\\/04\\\/sur-le-site-de-camp-les-eclaireurs-sont-en-mission\\\/#breadcrumb\",\"itemListElement\":[{\"@type\":\"ListItem\",\"position\":1,\"name\":\"Home\",\"item\":\"https:\\\/\\\/interamerica.org\\\/fr\\\/\"},{\"@type\":\"ListItem\",\"position\":2,\"name\":\"Sur le site de camp, les \u00e9claireurs sont en mission\"}]},{\"@type\":\"WebSite\",\"@id\":\"https:\\\/\\\/interamerica.org\\\/fr\\\/#website\",\"url\":\"https:\\\/\\\/interamerica.org\\\/fr\\\/\",\"name\":\"\u00c9glise Adventiste Du Septieme Jour - Inter Am\u00e9rique Division\",\"description\":\"\",\"potentialAction\":[{\"@type\":\"SearchAction\",\"target\":{\"@type\":\"EntryPoint\",\"urlTemplate\":\"https:\\\/\\\/interamerica.org\\\/fr\\\/?s={search_term_string}\"},\"query-input\":{\"@type\":\"PropertyValueSpecification\",\"valueRequired\":true,\"valueName\":\"search_term_string\"}}],\"inLanguage\":\"fr-FR\"},{\"@type\":\"Person\",\"@id\":\"https:\\\/\\\/interamerica.org\\\/fr\\\/#\\\/schema\\\/person\\\/29998f2bc2d8bd0d38662909289b54f1\",\"name\":\"libna\",\"image\":{\"@type\":\"ImageObject\",\"inLanguage\":\"fr-FR\",\"@id\":\"https:\\\/\\\/secure.gravatar.com\\\/avatar\\\/7c5bd30ae4b47a9ba3c856590957fd1d96dc588bf3ac05719d247e126840331f?s=96&d=mm&r=g\",\"url\":\"https:\\\/\\\/secure.gravatar.com\\\/avatar\\\/7c5bd30ae4b47a9ba3c856590957fd1d96dc588bf3ac05719d247e126840331f?s=96&d=mm&r=g\",\"contentUrl\":\"https:\\\/\\\/secure.gravatar.com\\\/avatar\\\/7c5bd30ae4b47a9ba3c856590957fd1d96dc588bf3ac05719d247e126840331f?s=96&d=mm&r=g\",\"caption\":\"libna\"}}]}<\/script>\n<!-- \/ Yoast SEO plugin. -->","yoast_head_json":{"title":"Sur le site de camp, les \u00e9claireurs sont en mission - \u00c9glise Adventiste Du Septieme Jour - Inter Am\u00e9rique Division","robots":{"index":"index","follow":"follow","max-snippet":"max-snippet:-1","max-image-preview":"max-image-preview:large","max-video-preview":"max-video-preview:-1"},"canonical":"https:\/\/interamerica.org\/fr\/2023\/04\/sur-le-site-de-camp-les-eclaireurs-sont-en-mission\/","og_locale":"fr_FR","og_type":"article","og_title":"Sur le site de camp, les \u00e9claireurs sont en mission - \u00c9glise Adventiste Du Septieme Jour - Inter Am\u00e9rique Division","og_description":"4 Avril 2023 | Trelawny, Jama\u00efque | Libna Stevens, Actualit\u00e9s de la Division Inter Am\u00e9ricaine Avec des milliers d\u2019\u00e9claireurs qui s\u2019installent dans la vie de camp \u00e0 Trelawny, en Jama\u00efque,...","og_url":"https:\/\/interamerica.org\/fr\/2023\/04\/sur-le-site-de-camp-les-eclaireurs-sont-en-mission\/","og_site_name":"\u00c9glise Adventiste Du Septieme Jour - Inter Am\u00e9rique Division","article_published_time":"2023-04-04T18:47:22+00:00","article_modified_time":"2023-04-05T05:25:41+00:00","og_image":[{"width":950,"height":713,"url":"https:\/\/interamerica.org\/wp-content\/uploads\/2023\/04\/iadcamp-ejc-pathfinders.jpg","type":"image\/jpeg"}],"author":"libna","twitter_card":"summary_large_image","twitter_misc":{"\u00c9crit par":"libna","Dur\u00e9e de lecture estim\u00e9e":"7 minutes"},"schema":{"@context":"https:\/\/schema.org","@graph":[{"@type":"Article","@id":"https:\/\/interamerica.org\/fr\/2023\/04\/sur-le-site-de-camp-les-eclaireurs-sont-en-mission\/#article","isPartOf":{"@id":"https:\/\/interamerica.org\/fr\/2023\/04\/sur-le-site-de-camp-les-eclaireurs-sont-en-mission\/"},"author":{"name":"libna","@id":"https:\/\/interamerica.org\/fr\/#\/schema\/person\/29998f2bc2d8bd0d38662909289b54f1"},"headline":"Sur le site de camp, les \u00e9claireurs sont en mission","datePublished":"2023-04-04T18:47:22+00:00","dateModified":"2023-04-05T05:25:41+00:00","mainEntityOfPage":{"@id":"https:\/\/interamerica.org\/fr\/2023\/04\/sur-le-site-de-camp-les-eclaireurs-sont-en-mission\/"},"wordCount":1394,"image":{"@id":"https:\/\/interamerica.org\/fr\/2023\/04\/sur-le-site-de-camp-les-eclaireurs-sont-en-mission\/#primaryimage"},"thumbnailUrl":"https:\/\/interamerica.org\/wp-content\/uploads\/2023\/04\/iadcamp-ejc-pathfinders.jpg","articleSection":["Nouvelles du si\u00e8ge de la division","RSS Fran\u00e7ais"],"inLanguage":"fr-FR"},{"@type":"WebPage","@id":"https:\/\/interamerica.org\/fr\/2023\/04\/sur-le-site-de-camp-les-eclaireurs-sont-en-mission\/","url":"https:\/\/interamerica.org\/fr\/2023\/04\/sur-le-site-de-camp-les-eclaireurs-sont-en-mission\/","name":"Sur le site de camp, les \u00e9claireurs sont en mission - \u00c9glise Adventiste Du Septieme Jour - Inter Am\u00e9rique Division","isPartOf":{"@id":"https:\/\/interamerica.org\/fr\/#website"},"primaryImageOfPage":{"@id":"https:\/\/interamerica.org\/fr\/2023\/04\/sur-le-site-de-camp-les-eclaireurs-sont-en-mission\/#primaryimage"},"image":{"@id":"https:\/\/interamerica.org\/fr\/2023\/04\/sur-le-site-de-camp-les-eclaireurs-sont-en-mission\/#primaryimage"},"thumbnailUrl":"https:\/\/interamerica.org\/wp-content\/uploads\/2023\/04\/iadcamp-ejc-pathfinders.jpg","datePublished":"2023-04-04T18:47:22+00:00","dateModified":"2023-04-05T05:25:41+00:00","author":{"@id":"https:\/\/interamerica.org\/fr\/#\/schema\/person\/29998f2bc2d8bd0d38662909289b54f1"},"breadcrumb":{"@id":"https:\/\/interamerica.org\/fr\/2023\/04\/sur-le-site-de-camp-les-eclaireurs-sont-en-mission\/#breadcrumb"},"inLanguage":"fr-FR","potentialAction":[{"@type":"ReadAction","target":["https:\/\/interamerica.org\/fr\/2023\/04\/sur-le-site-de-camp-les-eclaireurs-sont-en-mission\/"]}]},{"@type":"ImageObject","inLanguage":"fr-FR","@id":"https:\/\/interamerica.org\/fr\/2023\/04\/sur-le-site-de-camp-les-eclaireurs-sont-en-mission\/#primaryimage","url":"https:\/\/interamerica.org\/wp-content\/uploads\/2023\/04\/iadcamp-ejc-pathfinders.jpg","contentUrl":"https:\/\/interamerica.org\/wp-content\/uploads\/2023\/04\/iadcamp-ejc-pathfinders.jpg","width":950,"height":713,"caption":"[Photo: Libna Stevens\/IAD]"},{"@type":"BreadcrumbList","@id":"https:\/\/interamerica.org\/fr\/2023\/04\/sur-le-site-de-camp-les-eclaireurs-sont-en-mission\/#breadcrumb","itemListElement":[{"@type":"ListItem","position":1,"name":"Home","item":"https:\/\/interamerica.org\/fr\/"},{"@type":"ListItem","position":2,"name":"Sur le site de camp, les \u00e9claireurs sont en mission"}]},{"@type":"WebSite","@id":"https:\/\/interamerica.org\/fr\/#website","url":"https:\/\/interamerica.org\/fr\/","name":"\u00c9glise Adventiste Du Septieme Jour - Inter Am\u00e9rique Division","description":"","potentialAction":[{"@type":"SearchAction","target":{"@type":"EntryPoint","urlTemplate":"https:\/\/interamerica.org\/fr\/?s={search_term_string}"},"query-input":{"@type":"PropertyValueSpecification","valueRequired":true,"valueName":"search_term_string"}}],"inLanguage":"fr-FR"},{"@type":"Person","@id":"https:\/\/interamerica.org\/fr\/#\/schema\/person\/29998f2bc2d8bd0d38662909289b54f1","name":"libna","image":{"@type":"ImageObject","inLanguage":"fr-FR","@id":"https:\/\/secure.gravatar.com\/avatar\/7c5bd30ae4b47a9ba3c856590957fd1d96dc588bf3ac05719d247e126840331f?s=96&d=mm&r=g","url":"https:\/\/secure.gravatar.com\/avatar\/7c5bd30ae4b47a9ba3c856590957fd1d96dc588bf3ac05719d247e126840331f?s=96&d=mm&r=g","contentUrl":"https:\/\/secure.gravatar.com\/avatar\/7c5bd30ae4b47a9ba3c856590957fd1d96dc588bf3ac05719d247e126840331f?s=96&d=mm&r=g","caption":"libna"}}]}},"_links":{"self":[{"href":"https:\/\/interamerica.org\/fr\/wp-json\/wp\/v2\/posts\/96889","targetHints":{"allow":["GET"]}}],"collection":[{"href":"https:\/\/interamerica.org\/fr\/wp-json\/wp\/v2\/posts"}],"about":[{"href":"https:\/\/interamerica.org\/fr\/wp-json\/wp\/v2\/types\/post"}],"author":[{"embeddable":true,"href":"https:\/\/interamerica.org\/fr\/wp-json\/wp\/v2\/users\/3"}],"replies":[{"embeddable":true,"href":"https:\/\/interamerica.org\/fr\/wp-json\/wp\/v2\/comments?post=96889"}],"version-history":[{"count":0,"href":"https:\/\/interamerica.org\/fr\/wp-json\/wp\/v2\/posts\/96889\/revisions"}],"wp:featuredmedia":[{"embeddable":true,"href":"https:\/\/interamerica.org\/fr\/wp-json\/wp\/v2\/media\/96812"}],"wp:attachment":[{"href":"https:\/\/interamerica.org\/fr\/wp-json\/wp\/v2\/media?parent=96889"}],"wp:term":[{"taxonomy":"category","embeddable":true,"href":"https:\/\/interamerica.org\/fr\/wp-json\/wp\/v2\/categories?post=96889"},{"taxonomy":"post_tag","embeddable":true,"href":"https:\/\/interamerica.org\/fr\/wp-json\/wp\/v2\/tags?post=96889"}],"curies":[{"name":"wp","href":"https:\/\/api.w.org\/{rel}","templated":true}]}}