{"id":97094,"date":"2023-04-06T13:10:43","date_gmt":"2023-04-06T17:10:43","guid":{"rendered":"https:\/\/interamerica.org\/?p=97094"},"modified":"2023-04-06T19:59:24","modified_gmt":"2023-04-06T23:59:24","slug":"usain-bolt-illumine-le-camporee-des-eclaireurs","status":"publish","type":"post","link":"https:\/\/interamerica.org\/fr\/2023\/04\/usain-bolt-illumine-le-camporee-des-eclaireurs\/","title":{"rendered":"Usain Bolt illumine le Camporee des \u00c9claireurs"},"content":{"rendered":"<p><div id=\"attachment_97008\" style=\"width: 984px\" class=\"wp-caption aligncenter\"><img fetchpriority=\"high\" decoding=\"async\" aria-describedby=\"caption-attachment-97008\" class=\" wp-image-97007\" src=\"https:\/\/interamerica.org\/wp-content\/uploads\/2023\/04\/usain-bold-1000.jpg\" alt=\"\" width=\"974\" height=\"645\" srcset=\"https:\/\/interamerica.org\/wp-content\/uploads\/2023\/04\/usain-bold-1000.jpg 1000w, https:\/\/interamerica.org\/wp-content\/uploads\/2023\/04\/usain-bold-1000-300x199.jpg 300w, https:\/\/interamerica.org\/wp-content\/uploads\/2023\/04\/usain-bold-1000-768x508.jpg 768w\" sizes=\"(max-width: 974px) 100vw, 974px\" \/><p id=\"caption-attachment-97008\" class=\"wp-caption-text\">Usain Bolt (au centre), huit fois champion olympique, sourit \u00e0 l\u2019un des nombreux \u00e9claireurs qui couraient un 100 m\u00e8tres sur le terrain du Stade Polyvalent de Trelawny \u00e0 Trelawny, en Jama\u00efque, lors du 5\u00e8me Camporee des \u00c9claireurs de l\u2019Inter Am\u00e9rique, le 5 avril 2023. [Photo : Maicodox Alcantara Mota\/DIA]<\/p><\/div>6 Avril 2023 | Trelawny, Jama\u00efque | Nigel Coke et Actualit\u00e9s de la Division Inter Am\u00e9ricaine<\/p>\n<p>Le ph\u00e9nom\u00e8ne du sprint et d\u00e9tenteur du record du monde, Usain Bolt, \u00e9tait la principale attraction de la deuxi\u00e8me journ\u00e9e du 5<sup>\u00e8me<\/sup> Campor\u00e9e des \u00c9claireurs de la Division Inter Am\u00e9ricaine le 5 avril 2023.<\/p>\n<p>\u00c0 la minute o\u00f9 l\u2019homme le plus rapide du monde est entr\u00e9 dans le Stade Polyvalent de Trelawny, toute l\u2019attention et le centre d\u2019int\u00e9r\u00eat ont chang\u00e9.<\/p>\n<p>\u00ab Usain Bolt est un mod\u00e8le pour les jeunes et les adultes du monde entier, \u00bb a d\u00e9clar\u00e9 le pasteur Balvin Braham, vice-pr\u00e9sident de la Division Inter Am\u00e9ricaine (DIA). \u00ab Il est renomm\u00e9 dans les 42 pays de la Division Inter Am\u00e9ricaine, et il y a une fascination pour cette ic\u00f4ne du sport, \u00bb a-t-il ajout\u00e9. \u00ab Nous le voulions \u00e0 notre Campor\u00e9e pour d\u00e9montrer aux jeunes qu\u2019il est possible d\u2019atteindre son objectif selon son potentiel donn\u00e9 par Dieu. \u00bb<\/p>\n<p><div id=\"attachment_97002\" style=\"width: 950px\" class=\"wp-caption aligncenter\"><img decoding=\"async\" aria-describedby=\"caption-attachment-97002\" class=\" wp-image-97001\" src=\"https:\/\/interamerica.org\/wp-content\/uploads\/2023\/04\/bolt-medal-apr05-2023.jpg\" alt=\"\" width=\"940\" height=\"657\" srcset=\"https:\/\/interamerica.org\/wp-content\/uploads\/2023\/04\/bolt-medal-apr05-2023.jpg 975w, https:\/\/interamerica.org\/wp-content\/uploads\/2023\/04\/bolt-medal-apr05-2023-300x210.jpg 300w, https:\/\/interamerica.org\/wp-content\/uploads\/2023\/04\/bolt-medal-apr05-2023-768x537.jpg 768w\" sizes=\"(max-width: 940px) 100vw, 940px\" \/><p id=\"caption-attachment-97002\" class=\"wp-caption-text\">Pasteur Al Powell, directeur des minist\u00e8res de la jeunesse de la Division Inter Am\u00e9ricaine, f\u00e9licite Usain Bolt alors que le pasteur Balvin Braham (\u00e0 gauche), vice-pr\u00e9sident de la DIA, observe apr\u00e8s lui avoir d\u00e9cern\u00e9 la m\u00e9daille d\u2019or pr\u00e9sidentielle de la DIA sur la plateforme le 5 avril 2023. [Photo : Nigel Coke\/DIA]<\/p><\/div>Annique Carrington, \u00e2g\u00e9e de quatorze ans et originaire de Saint-Vincent a d\u00e9clar\u00e9 que c\u2019\u00e9tait un r\u00eave devenu r\u00e9alit\u00e9 de rencontrer sa star de l\u2019athl\u00e9tisme, qui l\u2019inspire \u00e0 \u00eatre excellente sur la piste pour les 100 et 200 m\u00e8tres dans son \u00e9cole secondaire dans son pays. \u00ab Cela a \u00e9t\u00e9 un moment extraordinaire pour moi, un r\u00eave devenu r\u00e9alit\u00e9&#8230; ce Campor\u00e9e a r\u00e9alis\u00e9 ce r\u00eave. \u00bb<\/p>\n<p>Le champion olympique \u00e0 huit reprises, dont la m\u00e8re et le p\u00e8re sont des membres de l\u2019\u00e9glise adventiste du septi\u00e8me jour de Sherwood Content \u00e0 Trelawny, a \u00e9t\u00e9 \u00e9lev\u00e9 dans l\u2019\u00e9glise et conna\u00eet bien le Club des \u00c9claireurs, mais a arr\u00eat\u00e9 de fr\u00e9quenter l\u2019\u00e9glise le sabbat \u00e0 cause de son amour pour le sport, en particulier l\u2019athl\u00e9tisme. Sa m\u00e8re Jennifer Bolt \u00e9tait \u00e9galement pr\u00e9sente au Camporee lors de sa visite.<\/p>\n<p>Usain Bolt a re\u00e7u la m\u00e9daille pr\u00e9sidentielle de la DIA lors de sa visite. En faisant cette annonce, le directeur des minist\u00e8res de la jeunesse de la DIA, le pasteur Al Powell, a d\u00e9clar\u00e9 : \u00ab L\u2019Honorable Usain Bolt est une figure importante en Jama\u00efque et dans le monde et nous voulons lui remettre la m\u00e9daille d\u2019or pr\u00e9sidentielle de la Division Inter Am\u00e9ricaine. Maintenant, Usain Bolt a l\u2019habitude d\u2019obtenir des m\u00e9dailles d\u2019or et nous voulons juste lui montrer notre appr\u00e9ciation pour son engagement envers la jeunesse, non seulement en Jama\u00efque, mais dans le monde entier. \u00bb<\/p>\n<p><div id=\"attachment_97015\" style=\"width: 1010px\" class=\"wp-caption aligncenter\"><img decoding=\"async\" aria-describedby=\"caption-attachment-97015\" class=\" wp-image-97014\" src=\"https:\/\/interamerica.org\/wp-content\/uploads\/2023\/04\/bolt-stage-iadcamp1000-1024x542.png\" alt=\"\" width=\"1000\" height=\"529\" srcset=\"https:\/\/interamerica.org\/wp-content\/uploads\/2023\/04\/bolt-stage-iadcamp1000-1024x542.png 1024w, https:\/\/interamerica.org\/wp-content\/uploads\/2023\/04\/bolt-stage-iadcamp1000-300x159.png 300w, https:\/\/interamerica.org\/wp-content\/uploads\/2023\/04\/bolt-stage-iadcamp1000-768x406.png 768w, https:\/\/interamerica.org\/wp-content\/uploads\/2023\/04\/bolt-stage-iadcamp1000.png 1100w\" sizes=\"(max-width: 1000px) 100vw, 1000px\" \/><p id=\"caption-attachment-97015\" class=\"wp-caption-text\">Usain Bolt prend sa pose de victoire qui est sa marque de fabrique \u00ab To Di World \u00bb devant l\u2019important public apr\u00e8s son message aux \u00e9claireurs sur l\u2019estrade. [Photo : Nigel Coke\/DIA]<\/p><\/div>Dans sa r\u00e9ponse, le coureur d\u2019un m\u00e8tre quatre-vingt-seize a encourag\u00e9 les milliers de jeunes pr\u00e9sents au campor\u00e9e \u00e0 travailler dur et \u00e0 ne jamais abandonner leurs r\u00eaves.<\/p>\n<p>\u00ab C\u2019est un plaisir d\u2019\u00eatre ici aujourd\u2019hui, \u00bb a d\u00e9clar\u00e9 Bolt sous de vifs applaudissements. \u00ab Je suis ravi d\u2019\u00eatre ici devant vous tous les jeunes. Vous \u00eates ici pour une bonne cause organis\u00e9e par l\u2019\u00e9glise. \u00bb Il les a encourag\u00e9s \u00e0 \u00ab toujours travailler dur et \u00e0 ne jamais abandonner. Croyez en vous et croyez en vos r\u00eaves parce que je viens de la campagne et je n\u2019ai jamais r\u00eav\u00e9 d\u2019\u00eatre aussi grand, mais je continue \u00e0 travailler dur et \u00e0 faire de gros efforts, Dieu m\u2019a donn\u00e9 un talent et je l\u2019ai utilis\u00e9 du mieux possible. Continuez \u00e0 travailler dur. Profitez du Campor\u00e9e. Que Dieu vous b\u00e9nisse. \u00bb<\/p>\n<p>Au milieu de cette grande assembl\u00e9e d\u2019\u00e9claireurs et de dirigeants d\u2019\u00e9glise, Usain Bolt a pris le temps de courir un 100 m\u00e8tres avec deux \u00e9claireurs qui lui ont lanc\u00e9 un d\u00e9fi, disant qu\u2019ils pouvaient courir plus vite que lui. Plusieurs jeunes les ont suivis en appr\u00e9ciant ce moment historique.<\/p>\n<p><div id=\"attachment_97020\" style=\"width: 860px\" class=\"wp-caption aligncenter\"><img loading=\"lazy\" decoding=\"async\" aria-describedby=\"caption-attachment-97020\" class=\" wp-image-97019\" src=\"https:\/\/interamerica.org\/wp-content\/uploads\/2023\/04\/usain-bolt-mom-bb.jpg\" alt=\"\" width=\"850\" height=\"715\" srcset=\"https:\/\/interamerica.org\/wp-content\/uploads\/2023\/04\/usain-bolt-mom-bb.jpg 900w, https:\/\/interamerica.org\/wp-content\/uploads\/2023\/04\/usain-bolt-mom-bb-300x252.jpg 300w, https:\/\/interamerica.org\/wp-content\/uploads\/2023\/04\/usain-bolt-mom-bb-768x646.jpg 768w\" sizes=\"(max-width: 850px) 100vw, 850px\" \/><p id=\"caption-attachment-97020\" class=\"wp-caption-text\">La m\u00e8re d\u2019Usain Bolt, Jennifer Bolt, salue la foule depuis la plateforme apr\u00e8s avoir \u00e9t\u00e9 pr\u00e9sent\u00e9e par le pasteur Balvin Braham, vice-pr\u00e9sident de la DIA. [Photo : Nigel Coke\/DIA]<\/p><\/div>Emmanuel Deher, quinze ans, originaire de la Guadeloupe, ne pouvait s\u2019emp\u00eacher d\u2019\u00eatre sous le choc en voyant Usain Bolt en personne. Il s\u2019est simplement senti oblig\u00e9 de courir derri\u00e8re lui. \u00ab En fait, j\u2019ai pu courir derri\u00e8re l\u2019homme le plus rapide du monde que j\u2019admire en raison de sa d\u00e9termination \u00e0 gagner \u00e0 chaque fois qu\u2019il court, \u00bb a-t-il d\u00e9clar\u00e9.<\/p>\n<p>Usain Bolt a \u00e9galement pris le temps de prendre des photos de groupe avec chaque d\u00e9l\u00e9gation d\u2019union avant de quitter le stade.<\/p>\n<p>Pr\u00e8s de 10000 \u00e9claireurs et dirigeants continueront de camper dans l\u2019enceinte du Stade de Trelawny jusqu\u2019au 9 avril 2023.<\/p>\n<p><div id=\"attachment_96999\" style=\"width: 967px\" class=\"wp-caption aligncenter\"><img loading=\"lazy\" decoding=\"async\" aria-describedby=\"caption-attachment-96999\" class=\" wp-image-96998\" src=\"https:\/\/interamerica.org\/wp-content\/uploads\/2023\/04\/usain-b-guate.jpg\" alt=\"\" width=\"957\" height=\"638\" srcset=\"https:\/\/interamerica.org\/wp-content\/uploads\/2023\/04\/usain-b-guate.jpg 1000w, https:\/\/interamerica.org\/wp-content\/uploads\/2023\/04\/usain-b-guate-300x200.jpg 300w, https:\/\/interamerica.org\/wp-content\/uploads\/2023\/04\/usain-b-guate-768x512.jpg 768w\" sizes=\"(max-width: 957px) 100vw, 957px\" \/><p id=\"caption-attachment-96999\" class=\"wp-caption-text\">Des membres de la d\u00e9l\u00e9gation de l\u2019Union du Guatemala montrent Usain Bolt lors d\u2019une photo de groupe. [Photo : Daniel Gallardo\/DIA]<\/p><\/div><em>Dyhann Buddoo-Fletcher a contribu\u00e9 \u00e0 cet article.<\/em><\/p>\n<p>Vous pouvez voir des photos de la visite d\u2019Usain Bolt au 5\u00e8me Camporee des \u00c9claireurs de l\u2019Inter Am\u00e9rique, <a href=\"https:\/\/flickr.com\/photos\/interamerica\/albums\/72177720307265768\">ICI<\/a><\/p>\n<p>Pour les derni\u00e8res informations sur les activit\u00e9s de la semaine, visitez-nous \u00e0 l\u2019adresse <a href=\"https:\/\/interamerica.org\/news\/\">interamerica.org<\/a><\/p>\n<p>Traduction: Patrick Luciathe<\/p>\n","protected":false},"excerpt":{"rendered":"<p>6 Avril 2023 | Trelawny, Jama\u00efque | Nigel Coke et Actualit\u00e9s de la Division Inter Am\u00e9ricaine Le ph\u00e9nom\u00e8ne du sprint et d\u00e9tenteur du record du monde, Usain Bolt, \u00e9tait la&#8230;<\/p>\n","protected":false},"author":3,"featured_media":97008,"comment_status":"closed","ping_status":"closed","sticky":false,"template":"","format":"standard","meta":{"_acf_changed":false,"footnotes":""},"categories":[20,19],"tags":[],"class_list":["post-97094","post","type-post","status-publish","format-standard","has-post-thumbnail","hentry","category-nouvelles-du-siege-de-la-division","category-rss-francais"],"acf":[],"yoast_head":"<!-- This site is optimized with the Yoast SEO plugin v27.3 - https:\/\/yoast.com\/product\/yoast-seo-wordpress\/ -->\n<title>Usain Bolt illumine le Camporee des \u00c9claireurs - \u00c9glise Adventiste Du Septieme Jour - Inter Am\u00e9rique Division<\/title>\n<meta name=\"robots\" content=\"index, follow, max-snippet:-1, max-image-preview:large, max-video-preview:-1\" \/>\n<link rel=\"canonical\" href=\"https:\/\/interamerica.org\/fr\/2023\/04\/usain-bolt-illumine-le-camporee-des-eclaireurs\/\" \/>\n<meta property=\"og:locale\" content=\"fr_FR\" \/>\n<meta property=\"og:type\" content=\"article\" \/>\n<meta property=\"og:title\" content=\"Usain Bolt illumine le Camporee des \u00c9claireurs - \u00c9glise Adventiste Du Septieme Jour - Inter Am\u00e9rique Division\" \/>\n<meta property=\"og:description\" content=\"6 Avril 2023 | Trelawny, Jama\u00efque | Nigel Coke et Actualit\u00e9s de la Division Inter Am\u00e9ricaine Le ph\u00e9nom\u00e8ne du sprint et d\u00e9tenteur du record du monde, Usain Bolt, \u00e9tait la...\" \/>\n<meta property=\"og:url\" content=\"https:\/\/interamerica.org\/fr\/2023\/04\/usain-bolt-illumine-le-camporee-des-eclaireurs\/\" \/>\n<meta property=\"og:site_name\" content=\"\u00c9glise Adventiste Du Septieme Jour - Inter Am\u00e9rique Division\" \/>\n<meta property=\"article:published_time\" content=\"2023-04-06T17:10:43+00:00\" \/>\n<meta property=\"article:modified_time\" content=\"2023-04-06T23:59:24+00:00\" \/>\n<meta property=\"og:image\" content=\"https:\/\/interamerica.org\/wp-content\/uploads\/2023\/04\/usain-bold-1000.jpg\" \/>\n\t<meta property=\"og:image:width\" content=\"1000\" \/>\n\t<meta property=\"og:image:height\" content=\"662\" \/>\n\t<meta property=\"og:image:type\" content=\"image\/jpeg\" \/>\n<meta name=\"author\" content=\"libna\" \/>\n<meta name=\"twitter:card\" content=\"summary_large_image\" \/>\n<meta name=\"twitter:label1\" content=\"\u00c9crit par\" \/>\n\t<meta name=\"twitter:data1\" content=\"libna\" \/>\n\t<meta name=\"twitter:label2\" content=\"Dur\u00e9e de lecture estim\u00e9e\" \/>\n\t<meta name=\"twitter:data2\" content=\"5 minutes\" \/>\n<script type=\"application\/ld+json\" class=\"yoast-schema-graph\">{\"@context\":\"https:\\\/\\\/schema.org\",\"@graph\":[{\"@type\":\"Article\",\"@id\":\"https:\\\/\\\/interamerica.org\\\/fr\\\/2023\\\/04\\\/usain-bolt-illumine-le-camporee-des-eclaireurs\\\/#article\",\"isPartOf\":{\"@id\":\"https:\\\/\\\/interamerica.org\\\/fr\\\/2023\\\/04\\\/usain-bolt-illumine-le-camporee-des-eclaireurs\\\/\"},\"author\":{\"name\":\"libna\",\"@id\":\"https:\\\/\\\/interamerica.org\\\/fr\\\/#\\\/schema\\\/person\\\/29998f2bc2d8bd0d38662909289b54f1\"},\"headline\":\"Usain Bolt illumine le Camporee des \u00c9claireurs\",\"datePublished\":\"2023-04-06T17:10:43+00:00\",\"dateModified\":\"2023-04-06T23:59:24+00:00\",\"mainEntityOfPage\":{\"@id\":\"https:\\\/\\\/interamerica.org\\\/fr\\\/2023\\\/04\\\/usain-bolt-illumine-le-camporee-des-eclaireurs\\\/\"},\"wordCount\":1033,\"image\":{\"@id\":\"https:\\\/\\\/interamerica.org\\\/fr\\\/2023\\\/04\\\/usain-bolt-illumine-le-camporee-des-eclaireurs\\\/#primaryimage\"},\"thumbnailUrl\":\"https:\\\/\\\/interamerica.org\\\/wp-content\\\/uploads\\\/2023\\\/04\\\/usain-bold-1000.jpg\",\"articleSection\":[\"Nouvelles du si\u00e8ge de la division\",\"RSS Fran\u00e7ais\"],\"inLanguage\":\"fr-FR\"},{\"@type\":\"WebPage\",\"@id\":\"https:\\\/\\\/interamerica.org\\\/fr\\\/2023\\\/04\\\/usain-bolt-illumine-le-camporee-des-eclaireurs\\\/\",\"url\":\"https:\\\/\\\/interamerica.org\\\/fr\\\/2023\\\/04\\\/usain-bolt-illumine-le-camporee-des-eclaireurs\\\/\",\"name\":\"Usain Bolt illumine le Camporee des \u00c9claireurs - \u00c9glise Adventiste Du Septieme Jour - Inter Am\u00e9rique Division\",\"isPartOf\":{\"@id\":\"https:\\\/\\\/interamerica.org\\\/fr\\\/#website\"},\"primaryImageOfPage\":{\"@id\":\"https:\\\/\\\/interamerica.org\\\/fr\\\/2023\\\/04\\\/usain-bolt-illumine-le-camporee-des-eclaireurs\\\/#primaryimage\"},\"image\":{\"@id\":\"https:\\\/\\\/interamerica.org\\\/fr\\\/2023\\\/04\\\/usain-bolt-illumine-le-camporee-des-eclaireurs\\\/#primaryimage\"},\"thumbnailUrl\":\"https:\\\/\\\/interamerica.org\\\/wp-content\\\/uploads\\\/2023\\\/04\\\/usain-bold-1000.jpg\",\"datePublished\":\"2023-04-06T17:10:43+00:00\",\"dateModified\":\"2023-04-06T23:59:24+00:00\",\"author\":{\"@id\":\"https:\\\/\\\/interamerica.org\\\/fr\\\/#\\\/schema\\\/person\\\/29998f2bc2d8bd0d38662909289b54f1\"},\"breadcrumb\":{\"@id\":\"https:\\\/\\\/interamerica.org\\\/fr\\\/2023\\\/04\\\/usain-bolt-illumine-le-camporee-des-eclaireurs\\\/#breadcrumb\"},\"inLanguage\":\"fr-FR\",\"potentialAction\":[{\"@type\":\"ReadAction\",\"target\":[\"https:\\\/\\\/interamerica.org\\\/fr\\\/2023\\\/04\\\/usain-bolt-illumine-le-camporee-des-eclaireurs\\\/\"]}]},{\"@type\":\"ImageObject\",\"inLanguage\":\"fr-FR\",\"@id\":\"https:\\\/\\\/interamerica.org\\\/fr\\\/2023\\\/04\\\/usain-bolt-illumine-le-camporee-des-eclaireurs\\\/#primaryimage\",\"url\":\"https:\\\/\\\/interamerica.org\\\/wp-content\\\/uploads\\\/2023\\\/04\\\/usain-bold-1000.jpg\",\"contentUrl\":\"https:\\\/\\\/interamerica.org\\\/wp-content\\\/uploads\\\/2023\\\/04\\\/usain-bold-1000.jpg\",\"width\":1000,\"height\":662,\"caption\":\"[Photo: Maicodox Alcantara Mota\\\/IAD]\"},{\"@type\":\"BreadcrumbList\",\"@id\":\"https:\\\/\\\/interamerica.org\\\/fr\\\/2023\\\/04\\\/usain-bolt-illumine-le-camporee-des-eclaireurs\\\/#breadcrumb\",\"itemListElement\":[{\"@type\":\"ListItem\",\"position\":1,\"name\":\"Home\",\"item\":\"https:\\\/\\\/interamerica.org\\\/fr\\\/\"},{\"@type\":\"ListItem\",\"position\":2,\"name\":\"Usain Bolt illumine le Camporee des \u00c9claireurs\"}]},{\"@type\":\"WebSite\",\"@id\":\"https:\\\/\\\/interamerica.org\\\/fr\\\/#website\",\"url\":\"https:\\\/\\\/interamerica.org\\\/fr\\\/\",\"name\":\"\u00c9glise Adventiste Du Septieme Jour - Inter Am\u00e9rique Division\",\"description\":\"\",\"potentialAction\":[{\"@type\":\"SearchAction\",\"target\":{\"@type\":\"EntryPoint\",\"urlTemplate\":\"https:\\\/\\\/interamerica.org\\\/fr\\\/?s={search_term_string}\"},\"query-input\":{\"@type\":\"PropertyValueSpecification\",\"valueRequired\":true,\"valueName\":\"search_term_string\"}}],\"inLanguage\":\"fr-FR\"},{\"@type\":\"Person\",\"@id\":\"https:\\\/\\\/interamerica.org\\\/fr\\\/#\\\/schema\\\/person\\\/29998f2bc2d8bd0d38662909289b54f1\",\"name\":\"libna\",\"image\":{\"@type\":\"ImageObject\",\"inLanguage\":\"fr-FR\",\"@id\":\"https:\\\/\\\/secure.gravatar.com\\\/avatar\\\/7c5bd30ae4b47a9ba3c856590957fd1d96dc588bf3ac05719d247e126840331f?s=96&d=mm&r=g\",\"url\":\"https:\\\/\\\/secure.gravatar.com\\\/avatar\\\/7c5bd30ae4b47a9ba3c856590957fd1d96dc588bf3ac05719d247e126840331f?s=96&d=mm&r=g\",\"contentUrl\":\"https:\\\/\\\/secure.gravatar.com\\\/avatar\\\/7c5bd30ae4b47a9ba3c856590957fd1d96dc588bf3ac05719d247e126840331f?s=96&d=mm&r=g\",\"caption\":\"libna\"}}]}<\/script>\n<!-- \/ Yoast SEO plugin. -->","yoast_head_json":{"title":"Usain Bolt illumine le Camporee des \u00c9claireurs - \u00c9glise Adventiste Du Septieme Jour - Inter Am\u00e9rique Division","robots":{"index":"index","follow":"follow","max-snippet":"max-snippet:-1","max-image-preview":"max-image-preview:large","max-video-preview":"max-video-preview:-1"},"canonical":"https:\/\/interamerica.org\/fr\/2023\/04\/usain-bolt-illumine-le-camporee-des-eclaireurs\/","og_locale":"fr_FR","og_type":"article","og_title":"Usain Bolt illumine le Camporee des \u00c9claireurs - \u00c9glise Adventiste Du Septieme Jour - Inter Am\u00e9rique Division","og_description":"6 Avril 2023 | Trelawny, Jama\u00efque | Nigel Coke et Actualit\u00e9s de la Division Inter Am\u00e9ricaine Le ph\u00e9nom\u00e8ne du sprint et d\u00e9tenteur du record du monde, Usain Bolt, \u00e9tait la...","og_url":"https:\/\/interamerica.org\/fr\/2023\/04\/usain-bolt-illumine-le-camporee-des-eclaireurs\/","og_site_name":"\u00c9glise Adventiste Du Septieme Jour - Inter Am\u00e9rique Division","article_published_time":"2023-04-06T17:10:43+00:00","article_modified_time":"2023-04-06T23:59:24+00:00","og_image":[{"width":1000,"height":662,"url":"https:\/\/interamerica.org\/wp-content\/uploads\/2023\/04\/usain-bold-1000.jpg","type":"image\/jpeg"}],"author":"libna","twitter_card":"summary_large_image","twitter_misc":{"\u00c9crit par":"libna","Dur\u00e9e de lecture estim\u00e9e":"5 minutes"},"schema":{"@context":"https:\/\/schema.org","@graph":[{"@type":"Article","@id":"https:\/\/interamerica.org\/fr\/2023\/04\/usain-bolt-illumine-le-camporee-des-eclaireurs\/#article","isPartOf":{"@id":"https:\/\/interamerica.org\/fr\/2023\/04\/usain-bolt-illumine-le-camporee-des-eclaireurs\/"},"author":{"name":"libna","@id":"https:\/\/interamerica.org\/fr\/#\/schema\/person\/29998f2bc2d8bd0d38662909289b54f1"},"headline":"Usain Bolt illumine le Camporee des \u00c9claireurs","datePublished":"2023-04-06T17:10:43+00:00","dateModified":"2023-04-06T23:59:24+00:00","mainEntityOfPage":{"@id":"https:\/\/interamerica.org\/fr\/2023\/04\/usain-bolt-illumine-le-camporee-des-eclaireurs\/"},"wordCount":1033,"image":{"@id":"https:\/\/interamerica.org\/fr\/2023\/04\/usain-bolt-illumine-le-camporee-des-eclaireurs\/#primaryimage"},"thumbnailUrl":"https:\/\/interamerica.org\/wp-content\/uploads\/2023\/04\/usain-bold-1000.jpg","articleSection":["Nouvelles du si\u00e8ge de la division","RSS Fran\u00e7ais"],"inLanguage":"fr-FR"},{"@type":"WebPage","@id":"https:\/\/interamerica.org\/fr\/2023\/04\/usain-bolt-illumine-le-camporee-des-eclaireurs\/","url":"https:\/\/interamerica.org\/fr\/2023\/04\/usain-bolt-illumine-le-camporee-des-eclaireurs\/","name":"Usain Bolt illumine le Camporee des \u00c9claireurs - \u00c9glise Adventiste Du Septieme Jour - Inter Am\u00e9rique Division","isPartOf":{"@id":"https:\/\/interamerica.org\/fr\/#website"},"primaryImageOfPage":{"@id":"https:\/\/interamerica.org\/fr\/2023\/04\/usain-bolt-illumine-le-camporee-des-eclaireurs\/#primaryimage"},"image":{"@id":"https:\/\/interamerica.org\/fr\/2023\/04\/usain-bolt-illumine-le-camporee-des-eclaireurs\/#primaryimage"},"thumbnailUrl":"https:\/\/interamerica.org\/wp-content\/uploads\/2023\/04\/usain-bold-1000.jpg","datePublished":"2023-04-06T17:10:43+00:00","dateModified":"2023-04-06T23:59:24+00:00","author":{"@id":"https:\/\/interamerica.org\/fr\/#\/schema\/person\/29998f2bc2d8bd0d38662909289b54f1"},"breadcrumb":{"@id":"https:\/\/interamerica.org\/fr\/2023\/04\/usain-bolt-illumine-le-camporee-des-eclaireurs\/#breadcrumb"},"inLanguage":"fr-FR","potentialAction":[{"@type":"ReadAction","target":["https:\/\/interamerica.org\/fr\/2023\/04\/usain-bolt-illumine-le-camporee-des-eclaireurs\/"]}]},{"@type":"ImageObject","inLanguage":"fr-FR","@id":"https:\/\/interamerica.org\/fr\/2023\/04\/usain-bolt-illumine-le-camporee-des-eclaireurs\/#primaryimage","url":"https:\/\/interamerica.org\/wp-content\/uploads\/2023\/04\/usain-bold-1000.jpg","contentUrl":"https:\/\/interamerica.org\/wp-content\/uploads\/2023\/04\/usain-bold-1000.jpg","width":1000,"height":662,"caption":"[Photo: Maicodox Alcantara Mota\/IAD]"},{"@type":"BreadcrumbList","@id":"https:\/\/interamerica.org\/fr\/2023\/04\/usain-bolt-illumine-le-camporee-des-eclaireurs\/#breadcrumb","itemListElement":[{"@type":"ListItem","position":1,"name":"Home","item":"https:\/\/interamerica.org\/fr\/"},{"@type":"ListItem","position":2,"name":"Usain Bolt illumine le Camporee des \u00c9claireurs"}]},{"@type":"WebSite","@id":"https:\/\/interamerica.org\/fr\/#website","url":"https:\/\/interamerica.org\/fr\/","name":"\u00c9glise Adventiste Du Septieme Jour - Inter Am\u00e9rique Division","description":"","potentialAction":[{"@type":"SearchAction","target":{"@type":"EntryPoint","urlTemplate":"https:\/\/interamerica.org\/fr\/?s={search_term_string}"},"query-input":{"@type":"PropertyValueSpecification","valueRequired":true,"valueName":"search_term_string"}}],"inLanguage":"fr-FR"},{"@type":"Person","@id":"https:\/\/interamerica.org\/fr\/#\/schema\/person\/29998f2bc2d8bd0d38662909289b54f1","name":"libna","image":{"@type":"ImageObject","inLanguage":"fr-FR","@id":"https:\/\/secure.gravatar.com\/avatar\/7c5bd30ae4b47a9ba3c856590957fd1d96dc588bf3ac05719d247e126840331f?s=96&d=mm&r=g","url":"https:\/\/secure.gravatar.com\/avatar\/7c5bd30ae4b47a9ba3c856590957fd1d96dc588bf3ac05719d247e126840331f?s=96&d=mm&r=g","contentUrl":"https:\/\/secure.gravatar.com\/avatar\/7c5bd30ae4b47a9ba3c856590957fd1d96dc588bf3ac05719d247e126840331f?s=96&d=mm&r=g","caption":"libna"}}]}},"_links":{"self":[{"href":"https:\/\/interamerica.org\/fr\/wp-json\/wp\/v2\/posts\/97094","targetHints":{"allow":["GET"]}}],"collection":[{"href":"https:\/\/interamerica.org\/fr\/wp-json\/wp\/v2\/posts"}],"about":[{"href":"https:\/\/interamerica.org\/fr\/wp-json\/wp\/v2\/types\/post"}],"author":[{"embeddable":true,"href":"https:\/\/interamerica.org\/fr\/wp-json\/wp\/v2\/users\/3"}],"replies":[{"embeddable":true,"href":"https:\/\/interamerica.org\/fr\/wp-json\/wp\/v2\/comments?post=97094"}],"version-history":[{"count":0,"href":"https:\/\/interamerica.org\/fr\/wp-json\/wp\/v2\/posts\/97094\/revisions"}],"wp:featuredmedia":[{"embeddable":true,"href":"https:\/\/interamerica.org\/fr\/wp-json\/wp\/v2\/media\/97008"}],"wp:attachment":[{"href":"https:\/\/interamerica.org\/fr\/wp-json\/wp\/v2\/media?parent=97094"}],"wp:term":[{"taxonomy":"category","embeddable":true,"href":"https:\/\/interamerica.org\/fr\/wp-json\/wp\/v2\/categories?post=97094"},{"taxonomy":"post_tag","embeddable":true,"href":"https:\/\/interamerica.org\/fr\/wp-json\/wp\/v2\/tags?post=97094"}],"curies":[{"name":"wp","href":"https:\/\/api.w.org\/{rel}","templated":true}]}}