{"id":97324,"date":"2023-04-11T15:15:46","date_gmt":"2023-04-11T19:15:46","guid":{"rendered":"https:\/\/interamerica.org\/?p=97324"},"modified":"2023-04-12T14:19:10","modified_gmt":"2023-04-12T18:19:10","slug":"mobiliser-des-ressources-pour-la-mission","status":"publish","type":"post","link":"https:\/\/interamerica.org\/fr\/2023\/04\/mobiliser-des-ressources-pour-la-mission\/","title":{"rendered":"Mobiliser des ressources pour la mission"},"content":{"rendered":"<h4>Le rapport du tr\u00e9sorier lors de la Rencontre de Printemps de la Conf\u00e9rence G\u00e9n\u00e9rale met l\u2019accent sur le recentrage sur la mission.<\/h4>\n<p>11 Avril 2023 | Silvers Spring, Maryland, \u00c9tats-Unis | Anais Anderson, R\u00e9seau d\u2019Information Adventiste<\/p>\n<p>\u00ab Dans des temps que nous pouvons consid\u00e9rer comme agit\u00e9s, dans des temps que nous pouvons consid\u00e9rer comme troublants, Dieu est aux commandes et il nous accordera tout ce dont nous avons besoin pour accomplir ce qu\u2019il nous a appel\u00e9s \u00e0 faire, \u00bb a d\u00e9clar\u00e9 Paul H. Douglas, tr\u00e9sorier de la Conf\u00e9rence G\u00e9n\u00e9rale des adventistes du septi\u00e8me jour, en d\u00e9butant la pr\u00e9sentation de son rapport lors de la Rencontre de Printemps 2023 ; il a soulign\u00e9 la solide situation financi\u00e8re de la Conf\u00e9rence G\u00e9n\u00e9rale au 31 d\u00e9cembre 2022.<\/p>\n<p>Paul Douglas a poursuivi son rapport en soulignant comment, malgr\u00e9 les conditions \u00e9conomiques n\u00e9gatives qui pr\u00e9valent dans le monde, Dieu continue de soutenir financi\u00e8rement son \u00e9glise pour la mission.<\/p>\n<p><div id=\"attachment_97282\" style=\"width: 1034px\" class=\"wp-caption aligncenter\"><img fetchpriority=\"high\" decoding=\"async\" aria-describedby=\"caption-attachment-97282\" class=\"size-large wp-image-97281\" src=\"https:\/\/interamerica.org\/wp-content\/uploads\/2023\/04\/paul-douglas-mobilizing-resources-for-mission-1024x577.jpeg\" alt=\"\" width=\"1024\" height=\"577\" srcset=\"https:\/\/interamerica.org\/wp-content\/uploads\/2023\/04\/paul-douglas-mobilizing-resources-for-mission-1024x577.jpeg 1024w, https:\/\/interamerica.org\/wp-content\/uploads\/2023\/04\/paul-douglas-mobilizing-resources-for-mission-300x169.jpeg 300w, https:\/\/interamerica.org\/wp-content\/uploads\/2023\/04\/paul-douglas-mobilizing-resources-for-mission-768x432.jpeg 768w, https:\/\/interamerica.org\/wp-content\/uploads\/2023\/04\/paul-douglas-mobilizing-resources-for-mission-1536x865.jpeg 1536w, https:\/\/interamerica.org\/wp-content\/uploads\/2023\/04\/paul-douglas-mobilizing-resources-for-mission.jpeg 2000w\" sizes=\"(max-width: 1024px) 100vw, 1024px\" \/><p id=\"caption-attachment-97282\" class=\"wp-caption-text\">Paul H. Douglas, tr\u00e9sorier de la Conf\u00e9rence G\u00e9n\u00e9rale de l\u2019\u00c9glise adventiste du septi\u00e8me jour, pr\u00e9sente le rapport du tr\u00e9sorier lors de la Rencontre de Printemps 2023 le 10 avril. [Photo : Enno M\u00fcller]<\/p><\/div><strong>Mobiliser des ressources pour la mission<\/strong><\/p>\n<p>En utilisant l\u2019ann\u00e9e pr\u00e9-COVID de 2019 comme point de r\u00e9f\u00e9rence pour le dernier exercice financier \u00ab normal \u00bb, les revenus g\u00e9n\u00e9r\u00e9s par la d\u00eeme au cours des trois derni\u00e8res ann\u00e9es ont constamment d\u00e9pass\u00e9 les attentes du budget, a d\u00e9clar\u00e9 Paul Douglas, \u00e0 l\u2019exception de l\u2019ann\u00e9e 2020 au cours de laquelle l\u2019impact financier caus\u00e9 par la pand\u00e9mie a \u00e9t\u00e9 le plus grand. N\u00e9anmoins, l\u2019ann\u00e9e 2021 a connu un rebond imm\u00e9diat, les revenus de la d\u00eeme ayant d\u00e9pass\u00e9 de 1 million de dollars am\u00e9ricains les revenus per\u00e7us au cours de l\u2019ann\u00e9e de r\u00e9f\u00e9rence 2019.<\/p>\n<p>Les offrandes ont \u00e9galement continu\u00e9 \u00e0 d\u00e9passer les attentes du budget et, en 2022, les offrandes \u00e9taient de 11 millions de dollars sup\u00e9rieures \u00e0 celles de 2019, l\u2019ann\u00e9e de r\u00e9f\u00e9rence, ce qui est le r\u00e9sultat direct du soutien accru des membres d\u2019\u00e9glise partout dans le monde. Sans aucun doute, cette augmentation permet \u00e0 l\u2019\u00e9glise d\u2019allouer des fonds pour permettre de mettre encore plus l\u2019accent sur la d\u00e9marche visant \u00e0 proclamer \u00e0 \u00ab toute nation, toute tribu, toute langue et tout peuple \u00bb l\u2019\u00e9vangile \u00e9ternel (Apocalypse 14 : 6), a dit Paul Douglas.<\/p>\n<p>Paul Douglas a soulign\u00e9 la r\u00e9alisation du mod\u00e8le pr\u00e9vu de financement de la Conf\u00e9rence G\u00e9n\u00e9rale et de ses activit\u00e9s \u00e0 partir de la d\u00eeme (50 pour cent) et des offrandes missionnaires mondiales (50 pour cent) qui est maintenant \u00e9vidente gr\u00e2ce \u00ab en grande partie \u00e0 la g\u00e9n\u00e9rosit\u00e9 de nos membres pour soutenir notre mission mondiale et pas simplement la mission locale qui est administr\u00e9e par les \u00e9glises o\u00f9 ils se r\u00e9unissent. \u00bb<\/p>\n<p><strong>Engag\u00e9s \u00e0 investir dans la mission <\/strong><\/p>\n<p>Alors que Paul Douglas rappelait aux membres du Comit\u00e9 Ex\u00e9cutif de la Conf\u00e9rence G\u00e9n\u00e9rale l\u2019engagement de l\u2019\u00e9glise \u00e0 investir dans la mission, il a r\u00e9capitul\u00e9 les changements dans la pr\u00e9sentation des rapports financiers annonc\u00e9s dans le rapport du tr\u00e9sorier lors du Concile Annuel de 2022. \u00ab Dans le cadre de notre engagement \u00e0 investir dans la mission, les nouvelles descriptions [sur les relev\u00e9s de situation financi\u00e8re et sur les rapports] fournissent de meilleures informations sur la mani\u00e8re dont nous concentrons l\u2019utilisation des ressources sur la mission. \u00bb<\/p>\n<img decoding=\"async\" class=\"aligncenter wp-image-97298\" src=\"https:\/\/interamerica.org\/wp-content\/uploads\/2023\/04\/captura-de-pantalla-2023-04-11-a-las-94250-am-1024x642.png\" alt=\"\" width=\"905\" height=\"567\" srcset=\"https:\/\/interamerica.org\/wp-content\/uploads\/2023\/04\/captura-de-pantalla-2023-04-11-a-las-94250-am-1024x642.png 1024w, https:\/\/interamerica.org\/wp-content\/uploads\/2023\/04\/captura-de-pantalla-2023-04-11-a-las-94250-am-300x188.png 300w, https:\/\/interamerica.org\/wp-content\/uploads\/2023\/04\/captura-de-pantalla-2023-04-11-a-las-94250-am-768x481.png 768w, https:\/\/interamerica.org\/wp-content\/uploads\/2023\/04\/captura-de-pantalla-2023-04-11-a-las-94250-am.png 1222w\" sizes=\"(max-width: 905px) 100vw, 905px\" \/>\n<p>En tenant compte de ces nouvelles descriptions, l\u2019ann\u00e9e 2022 a vu la majorit\u00e9 des d\u00e9penses de programmes (43 pour cent) consacr\u00e9e \u00e0 la strat\u00e9gie et au soutien de la mission, ce qui traduit clairement l\u2019accent mis par l\u2019\u00e9glise sur le soutien \u00e0 la mission et sur le fait qu\u2019elle aligne de mani\u00e8re intentionnelle ses ressources financi\u00e8res afin que nous puissions nous concentrer sur notre appel en tant qu\u2019adventistes du septi\u00e8me jour \u00e0 proclamer \u00ab la bonne nouvelle du royaume [au]\u2026 monde entier pour servir de t\u00e9moignage \u00e0 toutes les nations \u00bb (Matthieu 24:14, LSG).<\/p>\n<p>Paul Douglas a poursuivi en discutant de la situation positive actuelle du fonds de roulement disponible et des liquidit\u00e9s, de la strat\u00e9gie d\u2019investissement de l\u2019\u00e9glise centr\u00e9e sur la Bible et du reste des allocations provenant du fonds de d\u00eeme extraordinaire, avant de se tourner vers Ray Wahlen, sous-tr\u00e9sorier, pour pr\u00e9senter un rapport sur le plafond des d\u00e9penses de fonctionnement.<\/p>\n<p>\u00ab Ce rapport est un t\u00e9moignage de la puissance de Dieu et de la fid\u00e9lit\u00e9 des intendants chr\u00e9tiens dans le monde entier, \u00bb a d\u00e9clar\u00e9 Ray Wahlen alors qu\u2019il intervenait pour s\u2019adresser aux membres du Comit\u00e9 Ex\u00e9cutif de la Conf\u00e9rence G\u00e9n\u00e9rale afin de souligner l\u2019engagement continu de la Conf\u00e9rence G\u00e9n\u00e9rale \u00e0 fonctionner en dessous du plafond des d\u00e9penses de fonctionnement. En raison d\u2019une augmentation des revenus de la d\u00eeme de plus de 400 millions de dollars par rapport au montant budg\u00e9t\u00e9, des postes vacants ont \u00e9t\u00e9 pourvus et des augmentations ont \u00e9t\u00e9 mises en place pour le personnel existant pour faire face au co\u00fbt de la vie.<\/p>\n<img decoding=\"async\" class=\"aligncenter wp-image-97294\" src=\"https:\/\/interamerica.org\/wp-content\/uploads\/2023\/04\/captura-de-pantalla-2023-04-11-a-las-94300-am-1024x599.png\" alt=\"\" width=\"899\" height=\"526\" srcset=\"https:\/\/interamerica.org\/wp-content\/uploads\/2023\/04\/captura-de-pantalla-2023-04-11-a-las-94300-am-1024x599.png 1024w, https:\/\/interamerica.org\/wp-content\/uploads\/2023\/04\/captura-de-pantalla-2023-04-11-a-las-94300-am-300x176.png 300w, https:\/\/interamerica.org\/wp-content\/uploads\/2023\/04\/captura-de-pantalla-2023-04-11-a-las-94300-am-768x449.png 768w, https:\/\/interamerica.org\/wp-content\/uploads\/2023\/04\/captura-de-pantalla-2023-04-11-a-las-94300-am.png 1432w\" sizes=\"(max-width: 899px) 100vw, 899px\" \/>\n<p><strong>Avancer avec confiance <\/strong><\/p>\n<p>Alors que chaque division de l\u2019\u00c9glise adventiste mondiale a signal\u00e9 des augmentations au niveau de la d\u00eeme et des offrandes dans les devises locales, et la plupart ont signal\u00e9 des augmentations d\u00e9passant les niveaux de 2019, nous pouvons \u00eatre certains que Dieu est au contr\u00f4le, a d\u00e9clar\u00e9 Ray Wahlen. Pourtant, bien que Dieu continue de soutenir son \u00e9glise alors qu\u2019elle s\u2019engage \u00e0 accomplir le mandat \u00e9vang\u00e9lique, cette derni\u00e8re n\u2019est pas \u00e0 l\u2019abri des turbulences \u00e9conomiques auxquelles le monde qui l\u2019entoure est confront\u00e9. Paul Douglas a rappel\u00e9 aux dirigeants de l\u2019\u00e9glise cinq d\u00e9fis auxquels l\u2019\u00e9glise est confront\u00e9e et auxquels elle continuera de faire face \u00e0 l\u2019approche de la seconde venue de J\u00e9sus :<\/p>\n<ul>\n<li>L\u2019\u00e9quilibre entre la croissance et la stabilit\u00e9<\/li>\n<li>Assurer un fonds de roulement et des liquidit\u00e9s suffisants<\/li>\n<li>Aller vers des niveaux plus \u00e9lev\u00e9s d\u2019autosuffisance<\/li>\n<li>Faire face aux incertitudes dues aux conflits g\u00e9opolitiques, \u00e0 l\u2019instabilit\u00e9 des devises et aux changements dans le contexte des r\u00e9gulations<\/li>\n<li>Comprendre les changements de paradigmes provoqu\u00e9s par les situations de crise, les nouvelles technologies et les changements dans la mani\u00e8re de penser des diff\u00e9rentes g\u00e9n\u00e9rations<\/li>\n<\/ul>\n<p>Citant le livre Vous Recevrez Une Puissance, p. 246, Paul Douglas a soulign\u00e9 que, alors que l\u2019\u00e9glise avance en mettant l\u2019accent sur la mission, elle doit reconna\u00eetre que \u00ab Le Seigneur d\u00e9sire voir l&rsquo;\u0153uvre de proclamation du message du troisi\u00e8me ange se d\u00e9velopper avec une efficacit\u00e9 croissante. Comme il a agi \u00e0 toutes les \u00e9poques de l&rsquo;histoire afin d&rsquo;accorder des victoires \u00e0 son peuple, de m\u00eame, en ce temps, il aspire \u00e0 mener \u00e0 un accomplissement triomphant ses projets pour son Eglise. Il invite les croyants \u00e0 avancer dans l&rsquo;unit\u00e9, de plus en plus forts, d&rsquo;une foi faite d&rsquo;assurance et de confiance croissantes dans la v\u00e9rit\u00e9 et la justice de sa cause. \u00bb<\/p>\n<img loading=\"lazy\" decoding=\"async\" class=\"aligncenter wp-image-97288\" src=\"https:\/\/interamerica.org\/wp-content\/uploads\/2023\/04\/captura-de-pantalla-2023-04-11-a-las-94310-am-1024x618.png\" alt=\"\" width=\"895\" height=\"540\" srcset=\"https:\/\/interamerica.org\/wp-content\/uploads\/2023\/04\/captura-de-pantalla-2023-04-11-a-las-94310-am-1024x618.png 1024w, https:\/\/interamerica.org\/wp-content\/uploads\/2023\/04\/captura-de-pantalla-2023-04-11-a-las-94310-am-300x181.png 300w, https:\/\/interamerica.org\/wp-content\/uploads\/2023\/04\/captura-de-pantalla-2023-04-11-a-las-94310-am-768x464.png 768w, https:\/\/interamerica.org\/wp-content\/uploads\/2023\/04\/captura-de-pantalla-2023-04-11-a-las-94310-am.png 1458w\" sizes=\"(max-width: 895px) 100vw, 895px\" \/>\n<p><strong>Recentrage sur la mission<\/strong><\/p>\n<p>Alors qu\u2019il concluait, Paul Douglas a pris le temps de motiver et d\u2019encourager les dirigeants d\u2019\u00e9glise du monde entier \u00e0 rester concentr\u00e9s sur la mission que Dieu a donn\u00e9e pour cette \u00e9poque alors qu\u2019ils continuent d\u2019avancer en pla\u00e7ant chaque composante du minist\u00e8re dans le cadre d\u2019une v\u00e9ritable emphase sur le \u00ab Recentrage sur la Mission. \u00bb<\/p>\n<p>Le Recentrage sur la Mission comprend l\u2019affectation de personnel missionnaire en premi\u00e8re ligne du l\u2019oeuvre missionnaire ; soutenir l\u2019entr\u00e9e des organisations de l\u2019\u00e9glise dans des endroits non encore p\u00e9n\u00e9tr\u00e9s ou comptant une faible pr\u00e9sence adventiste dans le monde ; aligner les ressources financi\u00e8res sur les actions d\u2019impact missionnaire ; et \u00e9tablir et appliquer une strat\u00e9gie num\u00e9rique qui \u00ab facilite l\u2019utilisation efficace de la technologie pour la mission. \u00bb<\/p>\n<p>\u00ab Le Recentrage sur la Mission n\u2019est pas un slogan, \u00bb a d\u00e9clar\u00e9 Paul Douglas. \u00ab Le Recentrage sur la Mission est une question d\u2019analyse, et c\u2019est une question d\u2019action. Le recentrage sur la mission n\u2019est pas simplement un ensemble de crit\u00e8res, mais une culture de pens\u00e9e pour s\u2019assurer que tout et que tout le monde soit align\u00e9 sur la mission urgente de la fin des temps pour laquelle Dieu a appel\u00e9 son \u00e9glise. \u00bb<\/p>\n<p>Paul Douglas a invit\u00e9 les dirigeants \u00e0 s\u2019engager dans la r\u00e9flexion critique n\u00e9cessaire pour que tout tourne autour de la mission. En plus de simplement analyser, il les a appel\u00e9s \u00e0 agir avec l\u2019assurance que : \u00ab Alors que nous accomplissons cette \u0153uvre, Dieu est de notre c\u00f4t\u00e9 ! Soyons positifs, soyons d\u00e9termin\u00e9s et soyons prudents ! \u00bb<\/p>\n<p>Consultez l\u2019int\u00e9gralit\u00e9 du rapport du tr\u00e9sorier, y compris le rapport du v\u00e9rificateur, sur le <a href=\"https:\/\/executivecommittee.adventist.org\/blog\/2023\/04\/04\/2023-spring-meeting-presentations\/\">site d\u2019informations du Comit\u00e9 Ex\u00e9cutif<\/a>de la Conf\u00e9rence G\u00e9n\u00e9rale.<\/p>\n<p>Traduction: Patrick Luciathe<\/p>\n","protected":false},"excerpt":{"rendered":"<p>Le rapport du tr\u00e9sorier lors de la Rencontre de Printemps de la Conf\u00e9rence G\u00e9n\u00e9rale met l\u2019accent sur le recentrage sur la mission. 11 Avril 2023 | Silvers Spring, Maryland, \u00c9tats-Unis&#8230;<\/p>\n","protected":false},"author":3,"featured_media":97282,"comment_status":"closed","ping_status":"closed","sticky":false,"template":"","format":"standard","meta":{"_acf_changed":false,"footnotes":""},"categories":[18,19],"tags":[],"class_list":["post-97324","post","type-post","status-publish","format-standard","has-post-thumbnail","hentry","category-nouvelles-de-leglise-mondiale","category-rss-francais"],"acf":[],"yoast_head":"<!-- This site is optimized with the Yoast SEO plugin v27.3 - https:\/\/yoast.com\/product\/yoast-seo-wordpress\/ -->\n<title>Mobiliser des ressources pour la mission - \u00c9glise Adventiste Du Septieme Jour - Inter Am\u00e9rique Division<\/title>\n<meta name=\"robots\" content=\"index, follow, max-snippet:-1, max-image-preview:large, max-video-preview:-1\" \/>\n<link rel=\"canonical\" href=\"https:\/\/interamerica.org\/fr\/2023\/04\/mobiliser-des-ressources-pour-la-mission\/\" \/>\n<meta property=\"og:locale\" content=\"fr_FR\" \/>\n<meta property=\"og:type\" content=\"article\" \/>\n<meta property=\"og:title\" content=\"Mobiliser des ressources pour la mission - \u00c9glise Adventiste Du Septieme Jour - Inter Am\u00e9rique Division\" \/>\n<meta property=\"og:description\" content=\"Le rapport du tr\u00e9sorier lors de la Rencontre de Printemps de la Conf\u00e9rence G\u00e9n\u00e9rale met l\u2019accent sur le recentrage sur la mission. 11 Avril 2023 | Silvers Spring, Maryland, \u00c9tats-Unis...\" \/>\n<meta property=\"og:url\" content=\"https:\/\/interamerica.org\/fr\/2023\/04\/mobiliser-des-ressources-pour-la-mission\/\" \/>\n<meta property=\"og:site_name\" content=\"\u00c9glise Adventiste Du Septieme Jour - Inter Am\u00e9rique Division\" \/>\n<meta property=\"article:published_time\" content=\"2023-04-11T19:15:46+00:00\" \/>\n<meta property=\"article:modified_time\" content=\"2023-04-12T18:19:10+00:00\" \/>\n<meta property=\"og:image\" content=\"https:\/\/interamerica.org\/wp-content\/uploads\/2023\/04\/paul-douglas-mobilizing-resources-for-mission.jpeg\" \/>\n\t<meta property=\"og:image:width\" content=\"2000\" \/>\n\t<meta property=\"og:image:height\" content=\"1126\" \/>\n\t<meta property=\"og:image:type\" content=\"image\/jpeg\" \/>\n<meta name=\"author\" content=\"libna\" \/>\n<meta name=\"twitter:card\" content=\"summary_large_image\" \/>\n<meta name=\"twitter:label1\" content=\"\u00c9crit par\" \/>\n\t<meta name=\"twitter:data1\" content=\"libna\" \/>\n\t<meta name=\"twitter:label2\" content=\"Dur\u00e9e de lecture estim\u00e9e\" \/>\n\t<meta name=\"twitter:data2\" content=\"7 minutes\" \/>\n<script type=\"application\/ld+json\" class=\"yoast-schema-graph\">{\"@context\":\"https:\\\/\\\/schema.org\",\"@graph\":[{\"@type\":\"Article\",\"@id\":\"https:\\\/\\\/interamerica.org\\\/fr\\\/2023\\\/04\\\/mobiliser-des-ressources-pour-la-mission\\\/#article\",\"isPartOf\":{\"@id\":\"https:\\\/\\\/interamerica.org\\\/fr\\\/2023\\\/04\\\/mobiliser-des-ressources-pour-la-mission\\\/\"},\"author\":{\"name\":\"libna\",\"@id\":\"https:\\\/\\\/interamerica.org\\\/fr\\\/#\\\/schema\\\/person\\\/29998f2bc2d8bd0d38662909289b54f1\"},\"headline\":\"Mobiliser des ressources pour la mission\",\"datePublished\":\"2023-04-11T19:15:46+00:00\",\"dateModified\":\"2023-04-12T18:19:10+00:00\",\"mainEntityOfPage\":{\"@id\":\"https:\\\/\\\/interamerica.org\\\/fr\\\/2023\\\/04\\\/mobiliser-des-ressources-pour-la-mission\\\/\"},\"wordCount\":1548,\"image\":{\"@id\":\"https:\\\/\\\/interamerica.org\\\/fr\\\/2023\\\/04\\\/mobiliser-des-ressources-pour-la-mission\\\/#primaryimage\"},\"thumbnailUrl\":\"https:\\\/\\\/interamerica.org\\\/wp-content\\\/uploads\\\/2023\\\/04\\\/paul-douglas-mobilizing-resources-for-mission.jpeg\",\"articleSection\":[\"Nouvelles de l'\u00c9glise mondiale\",\"RSS Fran\u00e7ais\"],\"inLanguage\":\"fr-FR\"},{\"@type\":\"WebPage\",\"@id\":\"https:\\\/\\\/interamerica.org\\\/fr\\\/2023\\\/04\\\/mobiliser-des-ressources-pour-la-mission\\\/\",\"url\":\"https:\\\/\\\/interamerica.org\\\/fr\\\/2023\\\/04\\\/mobiliser-des-ressources-pour-la-mission\\\/\",\"name\":\"Mobiliser des ressources pour la mission - \u00c9glise Adventiste Du Septieme Jour - Inter Am\u00e9rique Division\",\"isPartOf\":{\"@id\":\"https:\\\/\\\/interamerica.org\\\/fr\\\/#website\"},\"primaryImageOfPage\":{\"@id\":\"https:\\\/\\\/interamerica.org\\\/fr\\\/2023\\\/04\\\/mobiliser-des-ressources-pour-la-mission\\\/#primaryimage\"},\"image\":{\"@id\":\"https:\\\/\\\/interamerica.org\\\/fr\\\/2023\\\/04\\\/mobiliser-des-ressources-pour-la-mission\\\/#primaryimage\"},\"thumbnailUrl\":\"https:\\\/\\\/interamerica.org\\\/wp-content\\\/uploads\\\/2023\\\/04\\\/paul-douglas-mobilizing-resources-for-mission.jpeg\",\"datePublished\":\"2023-04-11T19:15:46+00:00\",\"dateModified\":\"2023-04-12T18:19:10+00:00\",\"author\":{\"@id\":\"https:\\\/\\\/interamerica.org\\\/fr\\\/#\\\/schema\\\/person\\\/29998f2bc2d8bd0d38662909289b54f1\"},\"breadcrumb\":{\"@id\":\"https:\\\/\\\/interamerica.org\\\/fr\\\/2023\\\/04\\\/mobiliser-des-ressources-pour-la-mission\\\/#breadcrumb\"},\"inLanguage\":\"fr-FR\",\"potentialAction\":[{\"@type\":\"ReadAction\",\"target\":[\"https:\\\/\\\/interamerica.org\\\/fr\\\/2023\\\/04\\\/mobiliser-des-ressources-pour-la-mission\\\/\"]}]},{\"@type\":\"ImageObject\",\"inLanguage\":\"fr-FR\",\"@id\":\"https:\\\/\\\/interamerica.org\\\/fr\\\/2023\\\/04\\\/mobiliser-des-ressources-pour-la-mission\\\/#primaryimage\",\"url\":\"https:\\\/\\\/interamerica.org\\\/wp-content\\\/uploads\\\/2023\\\/04\\\/paul-douglas-mobilizing-resources-for-mission.jpeg\",\"contentUrl\":\"https:\\\/\\\/interamerica.org\\\/wp-content\\\/uploads\\\/2023\\\/04\\\/paul-douglas-mobilizing-resources-for-mission.jpeg\",\"width\":2000,\"height\":1126,\"caption\":\"Paul H. Douglas, treasurer of the General Conference of the Seventh-day Adventist Church, shares the treasurer\u2019s report during the 2023 Spring Meeting on April 10. [Photo: Enno M\u00fcller]\"},{\"@type\":\"BreadcrumbList\",\"@id\":\"https:\\\/\\\/interamerica.org\\\/fr\\\/2023\\\/04\\\/mobiliser-des-ressources-pour-la-mission\\\/#breadcrumb\",\"itemListElement\":[{\"@type\":\"ListItem\",\"position\":1,\"name\":\"Home\",\"item\":\"https:\\\/\\\/interamerica.org\\\/fr\\\/\"},{\"@type\":\"ListItem\",\"position\":2,\"name\":\"Mobiliser des ressources pour la mission\"}]},{\"@type\":\"WebSite\",\"@id\":\"https:\\\/\\\/interamerica.org\\\/fr\\\/#website\",\"url\":\"https:\\\/\\\/interamerica.org\\\/fr\\\/\",\"name\":\"\u00c9glise Adventiste Du Septieme Jour - Inter Am\u00e9rique Division\",\"description\":\"\",\"potentialAction\":[{\"@type\":\"SearchAction\",\"target\":{\"@type\":\"EntryPoint\",\"urlTemplate\":\"https:\\\/\\\/interamerica.org\\\/fr\\\/?s={search_term_string}\"},\"query-input\":{\"@type\":\"PropertyValueSpecification\",\"valueRequired\":true,\"valueName\":\"search_term_string\"}}],\"inLanguage\":\"fr-FR\"},{\"@type\":\"Person\",\"@id\":\"https:\\\/\\\/interamerica.org\\\/fr\\\/#\\\/schema\\\/person\\\/29998f2bc2d8bd0d38662909289b54f1\",\"name\":\"libna\",\"image\":{\"@type\":\"ImageObject\",\"inLanguage\":\"fr-FR\",\"@id\":\"https:\\\/\\\/secure.gravatar.com\\\/avatar\\\/7c5bd30ae4b47a9ba3c856590957fd1d96dc588bf3ac05719d247e126840331f?s=96&d=mm&r=g\",\"url\":\"https:\\\/\\\/secure.gravatar.com\\\/avatar\\\/7c5bd30ae4b47a9ba3c856590957fd1d96dc588bf3ac05719d247e126840331f?s=96&d=mm&r=g\",\"contentUrl\":\"https:\\\/\\\/secure.gravatar.com\\\/avatar\\\/7c5bd30ae4b47a9ba3c856590957fd1d96dc588bf3ac05719d247e126840331f?s=96&d=mm&r=g\",\"caption\":\"libna\"}}]}<\/script>\n<!-- \/ Yoast SEO plugin. -->","yoast_head_json":{"title":"Mobiliser des ressources pour la mission - \u00c9glise Adventiste Du Septieme Jour - Inter Am\u00e9rique Division","robots":{"index":"index","follow":"follow","max-snippet":"max-snippet:-1","max-image-preview":"max-image-preview:large","max-video-preview":"max-video-preview:-1"},"canonical":"https:\/\/interamerica.org\/fr\/2023\/04\/mobiliser-des-ressources-pour-la-mission\/","og_locale":"fr_FR","og_type":"article","og_title":"Mobiliser des ressources pour la mission - \u00c9glise Adventiste Du Septieme Jour - Inter Am\u00e9rique Division","og_description":"Le rapport du tr\u00e9sorier lors de la Rencontre de Printemps de la Conf\u00e9rence G\u00e9n\u00e9rale met l\u2019accent sur le recentrage sur la mission. 11 Avril 2023 | Silvers Spring, Maryland, \u00c9tats-Unis...","og_url":"https:\/\/interamerica.org\/fr\/2023\/04\/mobiliser-des-ressources-pour-la-mission\/","og_site_name":"\u00c9glise Adventiste Du Septieme Jour - Inter Am\u00e9rique Division","article_published_time":"2023-04-11T19:15:46+00:00","article_modified_time":"2023-04-12T18:19:10+00:00","og_image":[{"width":2000,"height":1126,"url":"https:\/\/interamerica.org\/wp-content\/uploads\/2023\/04\/paul-douglas-mobilizing-resources-for-mission.jpeg","type":"image\/jpeg"}],"author":"libna","twitter_card":"summary_large_image","twitter_misc":{"\u00c9crit par":"libna","Dur\u00e9e de lecture estim\u00e9e":"7 minutes"},"schema":{"@context":"https:\/\/schema.org","@graph":[{"@type":"Article","@id":"https:\/\/interamerica.org\/fr\/2023\/04\/mobiliser-des-ressources-pour-la-mission\/#article","isPartOf":{"@id":"https:\/\/interamerica.org\/fr\/2023\/04\/mobiliser-des-ressources-pour-la-mission\/"},"author":{"name":"libna","@id":"https:\/\/interamerica.org\/fr\/#\/schema\/person\/29998f2bc2d8bd0d38662909289b54f1"},"headline":"Mobiliser des ressources pour la mission","datePublished":"2023-04-11T19:15:46+00:00","dateModified":"2023-04-12T18:19:10+00:00","mainEntityOfPage":{"@id":"https:\/\/interamerica.org\/fr\/2023\/04\/mobiliser-des-ressources-pour-la-mission\/"},"wordCount":1548,"image":{"@id":"https:\/\/interamerica.org\/fr\/2023\/04\/mobiliser-des-ressources-pour-la-mission\/#primaryimage"},"thumbnailUrl":"https:\/\/interamerica.org\/wp-content\/uploads\/2023\/04\/paul-douglas-mobilizing-resources-for-mission.jpeg","articleSection":["Nouvelles de l'\u00c9glise mondiale","RSS Fran\u00e7ais"],"inLanguage":"fr-FR"},{"@type":"WebPage","@id":"https:\/\/interamerica.org\/fr\/2023\/04\/mobiliser-des-ressources-pour-la-mission\/","url":"https:\/\/interamerica.org\/fr\/2023\/04\/mobiliser-des-ressources-pour-la-mission\/","name":"Mobiliser des ressources pour la mission - \u00c9glise Adventiste Du Septieme Jour - Inter Am\u00e9rique Division","isPartOf":{"@id":"https:\/\/interamerica.org\/fr\/#website"},"primaryImageOfPage":{"@id":"https:\/\/interamerica.org\/fr\/2023\/04\/mobiliser-des-ressources-pour-la-mission\/#primaryimage"},"image":{"@id":"https:\/\/interamerica.org\/fr\/2023\/04\/mobiliser-des-ressources-pour-la-mission\/#primaryimage"},"thumbnailUrl":"https:\/\/interamerica.org\/wp-content\/uploads\/2023\/04\/paul-douglas-mobilizing-resources-for-mission.jpeg","datePublished":"2023-04-11T19:15:46+00:00","dateModified":"2023-04-12T18:19:10+00:00","author":{"@id":"https:\/\/interamerica.org\/fr\/#\/schema\/person\/29998f2bc2d8bd0d38662909289b54f1"},"breadcrumb":{"@id":"https:\/\/interamerica.org\/fr\/2023\/04\/mobiliser-des-ressources-pour-la-mission\/#breadcrumb"},"inLanguage":"fr-FR","potentialAction":[{"@type":"ReadAction","target":["https:\/\/interamerica.org\/fr\/2023\/04\/mobiliser-des-ressources-pour-la-mission\/"]}]},{"@type":"ImageObject","inLanguage":"fr-FR","@id":"https:\/\/interamerica.org\/fr\/2023\/04\/mobiliser-des-ressources-pour-la-mission\/#primaryimage","url":"https:\/\/interamerica.org\/wp-content\/uploads\/2023\/04\/paul-douglas-mobilizing-resources-for-mission.jpeg","contentUrl":"https:\/\/interamerica.org\/wp-content\/uploads\/2023\/04\/paul-douglas-mobilizing-resources-for-mission.jpeg","width":2000,"height":1126,"caption":"Paul H. Douglas, treasurer of the General Conference of the Seventh-day Adventist Church, shares the treasurer\u2019s report during the 2023 Spring Meeting on April 10. [Photo: Enno M\u00fcller]"},{"@type":"BreadcrumbList","@id":"https:\/\/interamerica.org\/fr\/2023\/04\/mobiliser-des-ressources-pour-la-mission\/#breadcrumb","itemListElement":[{"@type":"ListItem","position":1,"name":"Home","item":"https:\/\/interamerica.org\/fr\/"},{"@type":"ListItem","position":2,"name":"Mobiliser des ressources pour la mission"}]},{"@type":"WebSite","@id":"https:\/\/interamerica.org\/fr\/#website","url":"https:\/\/interamerica.org\/fr\/","name":"\u00c9glise Adventiste Du Septieme Jour - Inter Am\u00e9rique Division","description":"","potentialAction":[{"@type":"SearchAction","target":{"@type":"EntryPoint","urlTemplate":"https:\/\/interamerica.org\/fr\/?s={search_term_string}"},"query-input":{"@type":"PropertyValueSpecification","valueRequired":true,"valueName":"search_term_string"}}],"inLanguage":"fr-FR"},{"@type":"Person","@id":"https:\/\/interamerica.org\/fr\/#\/schema\/person\/29998f2bc2d8bd0d38662909289b54f1","name":"libna","image":{"@type":"ImageObject","inLanguage":"fr-FR","@id":"https:\/\/secure.gravatar.com\/avatar\/7c5bd30ae4b47a9ba3c856590957fd1d96dc588bf3ac05719d247e126840331f?s=96&d=mm&r=g","url":"https:\/\/secure.gravatar.com\/avatar\/7c5bd30ae4b47a9ba3c856590957fd1d96dc588bf3ac05719d247e126840331f?s=96&d=mm&r=g","contentUrl":"https:\/\/secure.gravatar.com\/avatar\/7c5bd30ae4b47a9ba3c856590957fd1d96dc588bf3ac05719d247e126840331f?s=96&d=mm&r=g","caption":"libna"}}]}},"_links":{"self":[{"href":"https:\/\/interamerica.org\/fr\/wp-json\/wp\/v2\/posts\/97324","targetHints":{"allow":["GET"]}}],"collection":[{"href":"https:\/\/interamerica.org\/fr\/wp-json\/wp\/v2\/posts"}],"about":[{"href":"https:\/\/interamerica.org\/fr\/wp-json\/wp\/v2\/types\/post"}],"author":[{"embeddable":true,"href":"https:\/\/interamerica.org\/fr\/wp-json\/wp\/v2\/users\/3"}],"replies":[{"embeddable":true,"href":"https:\/\/interamerica.org\/fr\/wp-json\/wp\/v2\/comments?post=97324"}],"version-history":[{"count":0,"href":"https:\/\/interamerica.org\/fr\/wp-json\/wp\/v2\/posts\/97324\/revisions"}],"wp:featuredmedia":[{"embeddable":true,"href":"https:\/\/interamerica.org\/fr\/wp-json\/wp\/v2\/media\/97282"}],"wp:attachment":[{"href":"https:\/\/interamerica.org\/fr\/wp-json\/wp\/v2\/media?parent=97324"}],"wp:term":[{"taxonomy":"category","embeddable":true,"href":"https:\/\/interamerica.org\/fr\/wp-json\/wp\/v2\/categories?post=97324"},{"taxonomy":"post_tag","embeddable":true,"href":"https:\/\/interamerica.org\/fr\/wp-json\/wp\/v2\/tags?post=97324"}],"curies":[{"name":"wp","href":"https:\/\/api.w.org\/{rel}","templated":true}]}}